{"id":6844,"date":"2011-10-09T15:48:07","date_gmt":"2011-10-09T12:48:07","guid":{"rendered":"http:\/\/localhost\/wordpress\/2011\/10\/09\/honore-de-balzaca-ait-aforizmalar\/"},"modified":"2011-10-09T15:48:07","modified_gmt":"2011-10-09T12:48:07","slug":"honore-de-balzaca-ait-aforizmalar","status":"publish","type":"post","link":"https:\/\/narteks.net\/index.php\/2011\/10\/09\/honore-de-balzaca-ait-aforizmalar\/","title":{"rendered":"Honor\u00e9 de Balzac&#8217;a ait Aforizmalar"},"content":{"rendered":"<p><img loading=\"lazy\" decoding=\"async\" src=\"http:\/\/4.bp.blogspot.com\/-t_7wEVXGusQ\/TfcVZYlCZqI\/AAAAAAAAAk0\/9D1ltRQ9O7E\/s1600\/balzac.jpg\" border=\"0\" width=\"155\" height=\"205\" \/><\/p>\n<p>*\u00a0\u00a0\u00a0 Alt\u0131ndan zincirler en a\u011f\u0131r olan zincirlerdir.<br \/>*\u00a0\u00a0\u00a0 Ancak en son katedralin en son tu\u011flas\u0131 en son papaz\u0131n kafas\u0131na d\u00fc\u015f\u00fcp ezdi\u011fi zaman insanl\u0131k ger\u00e7ekten \u00f6zg\u00fcr olabilecektir.<br \/>*\u00a0\u00a0\u00a0 Ayakkab\u0131lar\u0131m olmad\u0131\u011f\u0131 i\u00e7in \u00fcz\u00fcl\u00fcrd\u00fcm. Ta ki sokakta ayaklar\u0131 olmayan adam\u0131 g\u00f6rene kadar.<br \/>*\u00a0\u00a0\u00a0 Bilginin efendisi olmak i\u00e7in \u00e7al\u0131\u015fman\u0131n k\u00f6lesi olmak gerekir.<br \/>*\u00a0\u00a0\u00a0 Bir kad\u0131n sevdi\u011fi adam\u0131n y\u00fcz\u00fcn\u00fc ,bir denizcinin a\u00e7\u0131k denizi bildi\u011fi kadar iyi bilir.<br \/>*\u00a0\u00a0\u00a0 Bir kelimenin insan\u0131n hayat\u0131n\u0131 de\u011fi\u015ftirdi\u011fi \u00e7ok g\u00f6r\u00fclm\u00fc\u015ft\u00fcr.<br \/>*\u00a0\u00a0\u00a0 Beklemesini bilenin her \u015fey aya\u011f\u0131na gelir.<br \/>*\u00a0\u00a0\u00a0 D\u00fcnyada bir kad\u0131n i\u00e7in, herhangi bir erke\u011fi etkisi alt\u0131na ald\u0131\u011f\u0131n\u0131 bilmesi kadar zevkli bir \u015fey yoktur.<br \/>*\u00a0\u00a0\u00a0 D\u00fcnya zevkleri ac\u0131dan ba\u015fka bir \u015fey do\u011furmaz.<br \/>*\u00a0\u00a0\u00a0 D\u00fcr\u00fcstl\u00fck pahal\u0131 bir m\u00fclkt\u00fcr, ucuz insanlarda bulunmaz.<br \/>*\u00a0\u00a0\u00a0 Evlili\u011fin, her \u015feyi kemiren bir canavarla b\u0131k\u0131p usanmadan bo\u011fu\u015fmas\u0131 gerekir: Al\u0131\u015fkanl\u0131k.<br \/>*\u00a0\u00a0\u00a0 Felaketin iyili\u011fi varsa, hakiki dostlar\u0131m\u0131z\u0131 tan\u0131tmas\u0131d\u0131r.<br \/>*\u00a0\u00a0\u00a0 Gen\u00e7lik adaletsizli\u011fe do\u011fru y\u00f6neldi\u011fi zaman, bilincin aynas\u0131na bakmay\u0131 g\u00f6ze alamaz. Oysa olgunluk \u00e7a\u011f\u0131 kendini bu aynada g\u00f6r\u00fcr. Ya\u015fam\u0131n bu iki evresindeki t\u00fcm ayr\u0131m buradad\u0131r.<br \/>*\u00a0\u00a0\u00a0 G\u00f6zle g\u00f6r\u00fcl\u00fcr bir nedeni bulunmayan servetlerin gizi, temiz yap\u0131ld\u0131\u011f\u0131 i\u00e7in unutulmu\u015f birer cinayettir.<br \/>*\u00a0\u00a0\u00a0 Her servetin arkas\u0131nda bir su\u00e7 vard\u0131r.<br \/>*\u00a0\u00a0\u00a0 Ist\u0131raplar\u0131n en gizlileri dayan\u0131lmas\u0131 en g\u00fc\u00e7 olanlard\u0131r.<br \/>*\u00a0\u00a0\u00a0 \u0130nsan ya ac\u0131lar\u0131n\u0131 unutmas\u0131n\u0131, ya da kendi mezar\u0131n\u0131 kazmas\u0131n\u0131 bilmeli.<br \/>*\u00a0\u00a0\u00a0 \u0130nsan\u0131n en zor katland\u0131\u011f\u0131 duygu ac\u0131mad\u0131r, hele hak edince.<br \/>*\u00a0\u00a0\u00a0 \u0130nsanlara, onlar\u0131 size nank\u00f6rl\u00fck yapmaya mecbur b\u0131rakacak kadar b\u00fcy\u00fck iyiliklerde bulunma!<br \/>*\u00a0\u00a0\u00a0 \u0130yi dostluklar temiz hesaplarla kurulur.<br \/>*\u00a0\u00a0\u00a0 \u0130yili\u011finize inan\u0131lmas\u0131n\u0131 istiyorsan\u0131z, ondan hi\u00e7 bahsetmeyiniz.<br \/>*\u00a0\u00a0\u00a0 Kad\u0131nlara hangi erkekleri arad\u0131klar\u0131n\u0131 sorun, &#8220;H\u0131rsl\u0131lar\u0131&#8221; derler. \u00d6teki erkeklere g\u00f6re, h\u0131rsl\u0131lar\u0131n belleri daha g\u00fc\u00e7l\u00fc, y\u00fcrekleri daha s\u0131cakt\u0131r, kanlar\u0131nda daha \u00e7ok demir vard\u0131r. Kad\u0131n da g\u00fc\u00e7l\u00fc oldu\u011fu s\u0131ralarda kendini \u00f6yle mutlu, \u00f6yle g\u00fczel bulur ki, par\u00e7alanmak tehlikesi alt\u0131nda da olsa, \u00fcst\u00fcn bir g\u00fcc\u00fc olan\u0131, b\u00fct\u00fcn erkeklere ye\u011f tutar.<br \/>*\u00a0\u00a0\u00a0 Kendisi art\u0131k mutlu olamayacaklar i\u00e7in sevdi\u011finin mutlulu\u011fu sevin\u00e7 olur&#8230;<br \/>*\u00a0\u00a0\u00a0 Mektup bir ruhtur. Konu\u015fan sesin \u00e7ok sad\u0131k bir yank\u0131s\u0131d\u0131r. Bu nedenle ince d\u00fc\u015f\u00fcnceli ki\u015filer onu a\u015fk\u0131n en zengin g\u00f6m\u00fcleri aras\u0131nda sayarlar.<br \/>*\u00a0\u00a0\u00a0 Sanat\u0131n vazifesi, tabiat\u0131 kopya etmek de\u011fil, tabiat\u0131 ifade etmektir.<br \/>*\u00a0\u00a0\u00a0 Sevilen kad\u0131n b\u00fct\u00fcn kad\u0131nlar\u0131n en g\u00fczeli de\u011fil midir?<br \/>*\u00a0\u00a0\u00a0 S\u0131k\u0131nt\u0131n\u0131z\u0131n s\u0131rr\u0131 sizin elinizde de\u011fil, ba\u015fkalar\u0131n\u0131n elindedir.<br \/>*\u00a0\u00a0\u00a0 \u015e\u00f6hret, uzaktan g\u00fcne\u015f gibi parlak ve \u0131s\u0131t\u0131c\u0131; yakla\u015ft\u0131n\u0131z zaman, bir da\u011f tepesi gibi so\u011fuktur<br \/>*\u00a0\u00a0\u00a0 \u015e\u00f6hret, ancak k\u00fc\u00e7\u00fcc\u00fck dozlarla al\u0131nd\u0131\u011f\u0131nda faydal\u0131 bir zehirdir.<br \/>*\u00a0\u00a0\u00a0 Topra\u011fa ekilen tohumlar i\u00e7inde en \u00e7abuk mahsul veren fedailerin d\u00f6kt\u00fckleri kand\u0131r.<br \/>*\u00a0\u00a0\u00a0 Zeka d\u00fcnyay\u0131 yerinden oynatmaya yarayan manivelad\u0131r.<br \/>*\u00a0\u00a0\u00a0 Umutsuz sevmek de bir mutluluktur&#8230;<br \/>*\u00a0\u00a0\u00a0 Uykunun yenemedi\u011fi hi\u00e7bir ac\u0131 yoktur.<br \/>*\u00a0\u00a0\u00a0 Vicdan\u0131m\u0131z yan\u0131lmaz bir yarg\u0131\u00e7t\u0131r, biz onu \u00f6ld\u00fcrmedik\u00e7e.<\/p>\n","protected":false},"excerpt":{"rendered":"<p>*\u00a0\u00a0\u00a0 Alt\u0131ndan zincirler en a\u011f\u0131r olan zincirlerdir.*\u00a0\u00a0\u00a0 Ancak en son katedralin en son tu\u011flas\u0131 en son papaz\u0131n kafas\u0131na d\u00fc\u015f\u00fcp ezdi\u011fi zaman insanl\u0131k ger\u00e7ekten \u00f6zg\u00fcr olabilecektir.*\u00a0\u00a0\u00a0 Ayakkab\u0131lar\u0131m olmad\u0131\u011f\u0131 i\u00e7in \u00fcz\u00fcl\u00fcrd\u00fcm. Ta ki sokakta ayaklar\u0131 olmayan adam\u0131 g\u00f6rene kadar.*\u00a0\u00a0\u00a0 Bilginin efendisi olmak i\u00e7in \u00e7al\u0131\u015fman\u0131n k\u00f6lesi olmak gerekir.*\u00a0\u00a0\u00a0 Bir kad\u0131n sevdi\u011fi adam\u0131n y\u00fcz\u00fcn\u00fc ,bir denizcinin a\u00e7\u0131k denizi bildi\u011fi [&hellip;]<\/p>\n","protected":false},"author":1,"featured_media":0,"comment_status":"open","ping_status":"open","sticky":false,"template":"","format":"standard","meta":{"footnotes":""},"categories":[194],"tags":[],"class_list":["post-6844","post","type-post","status-publish","format-standard","category-aforizmalar"],"yoast_head":"<!-- This site is optimized with the Yoast SEO Premium plugin v24.9 (Yoast SEO v24.9) - https:\/\/yoast.com\/wordpress\/plugins\/seo\/ -->\n<title>Honor\u00e9 de Balzac&#039;a ait Aforizmalar - narteks.net<\/title>\n<meta name=\"robots\" content=\"index, follow, max-snippet:-1, max-image-preview:large, max-video-preview:-1\" \/>\n<link rel=\"canonical\" href=\"https:\/\/narteks.net\/index.php\/2011\/10\/09\/honore-de-balzaca-ait-aforizmalar\/\" \/>\n<meta property=\"og:locale\" content=\"tr_TR\" \/>\n<meta property=\"og:type\" content=\"article\" \/>\n<meta property=\"og:title\" content=\"Honor\u00e9 de Balzac&#039;a ait Aforizmalar\" \/>\n<meta property=\"og:description\" content=\"*\u00a0\u00a0\u00a0 Alt\u0131ndan zincirler en a\u011f\u0131r olan zincirlerdir.*\u00a0\u00a0\u00a0 Ancak en son katedralin en son tu\u011flas\u0131 en son papaz\u0131n kafas\u0131na d\u00fc\u015f\u00fcp ezdi\u011fi zaman insanl\u0131k ger\u00e7ekten \u00f6zg\u00fcr olabilecektir.*\u00a0\u00a0\u00a0 Ayakkab\u0131lar\u0131m olmad\u0131\u011f\u0131 i\u00e7in \u00fcz\u00fcl\u00fcrd\u00fcm. Ta ki sokakta ayaklar\u0131 olmayan adam\u0131 g\u00f6rene kadar.*\u00a0\u00a0\u00a0 Bilginin efendisi olmak i\u00e7in \u00e7al\u0131\u015fman\u0131n k\u00f6lesi olmak gerekir.*\u00a0\u00a0\u00a0 Bir kad\u0131n sevdi\u011fi adam\u0131n y\u00fcz\u00fcn\u00fc ,bir denizcinin a\u00e7\u0131k denizi bildi\u011fi [&hellip;]\" \/>\n<meta property=\"og:url\" content=\"https:\/\/narteks.net\/index.php\/2011\/10\/09\/honore-de-balzaca-ait-aforizmalar\/\" \/>\n<meta property=\"og:site_name\" content=\"narteks.net\" \/>\n<meta property=\"article:published_time\" content=\"2011-10-09T12:48:07+00:00\" \/>\n<meta property=\"og:image\" content=\"http:\/\/4.bp.blogspot.com\/-t_7wEVXGusQ\/TfcVZYlCZqI\/AAAAAAAAAk0\/9D1ltRQ9O7E\/s1600\/balzac.jpg\" \/>\n<meta name=\"author\" content=\"Tar\u0131k\" \/>\n<meta name=\"twitter:card\" content=\"summary_large_image\" \/>\n<meta name=\"twitter:creator\" content=\"@narteks\" \/>\n<meta name=\"twitter:site\" content=\"@narteks\" \/>\n<meta name=\"twitter:label1\" content=\"Yazan:\" \/>\n\t<meta name=\"twitter:data1\" content=\"Tar\u0131k\" \/>\n\t<meta name=\"twitter:label2\" content=\"Tahmini okuma s\u00fcresi\" \/>\n\t<meta name=\"twitter:data2\" content=\"3 dakika\" \/>\n<script type=\"application\/ld+json\" class=\"yoast-schema-graph\">{\"@context\":\"https:\/\/schema.org\",\"@graph\":[{\"@type\":\"Article\",\"@id\":\"https:\/\/narteks.net\/index.php\/2011\/10\/09\/honore-de-balzaca-ait-aforizmalar\/#article\",\"isPartOf\":{\"@id\":\"https:\/\/narteks.net\/index.php\/2011\/10\/09\/honore-de-balzaca-ait-aforizmalar\/\"},\"author\":{\"name\":\"Tar\u0131k\",\"@id\":\"https:\/\/narteks.net\/#\/schema\/person\/61f37d9834294b72d31d274e7ed79bca\"},\"headline\":\"Honor\u00e9 de Balzac&#8217;a ait Aforizmalar\",\"datePublished\":\"2011-10-09T12:48:07+00:00\",\"mainEntityOfPage\":{\"@id\":\"https:\/\/narteks.net\/index.php\/2011\/10\/09\/honore-de-balzaca-ait-aforizmalar\/\"},\"wordCount\":567,\"commentCount\":0,\"publisher\":{\"@id\":\"https:\/\/narteks.net\/#organization\"},\"image\":{\"@id\":\"https:\/\/narteks.net\/index.php\/2011\/10\/09\/honore-de-balzaca-ait-aforizmalar\/#primaryimage\"},\"thumbnailUrl\":\"http:\/\/4.bp.blogspot.com\/-t_7wEVXGusQ\/TfcVZYlCZqI\/AAAAAAAAAk0\/9D1ltRQ9O7E\/s1600\/balzac.jpg\",\"articleSection\":[\"Aforizmalar\"],\"inLanguage\":\"tr\",\"potentialAction\":[{\"@type\":\"CommentAction\",\"name\":\"Comment\",\"target\":[\"https:\/\/narteks.net\/index.php\/2011\/10\/09\/honore-de-balzaca-ait-aforizmalar\/#respond\"]}]},{\"@type\":\"WebPage\",\"@id\":\"https:\/\/narteks.net\/index.php\/2011\/10\/09\/honore-de-balzaca-ait-aforizmalar\/\",\"url\":\"https:\/\/narteks.net\/index.php\/2011\/10\/09\/honore-de-balzaca-ait-aforizmalar\/\",\"name\":\"Honor\u00e9 de Balzac'a ait Aforizmalar - narteks.net\",\"isPartOf\":{\"@id\":\"https:\/\/narteks.net\/#website\"},\"primaryImageOfPage\":{\"@id\":\"https:\/\/narteks.net\/index.php\/2011\/10\/09\/honore-de-balzaca-ait-aforizmalar\/#primaryimage\"},\"image\":{\"@id\":\"https:\/\/narteks.net\/index.php\/2011\/10\/09\/honore-de-balzaca-ait-aforizmalar\/#primaryimage\"},\"thumbnailUrl\":\"http:\/\/4.bp.blogspot.com\/-t_7wEVXGusQ\/TfcVZYlCZqI\/AAAAAAAAAk0\/9D1ltRQ9O7E\/s1600\/balzac.jpg\",\"datePublished\":\"2011-10-09T12:48:07+00:00\",\"breadcrumb\":{\"@id\":\"https:\/\/narteks.net\/index.php\/2011\/10\/09\/honore-de-balzaca-ait-aforizmalar\/#breadcrumb\"},\"inLanguage\":\"tr\",\"potentialAction\":[{\"@type\":\"ReadAction\",\"target\":[\"https:\/\/narteks.net\/index.php\/2011\/10\/09\/honore-de-balzaca-ait-aforizmalar\/\"]}]},{\"@type\":\"ImageObject\",\"inLanguage\":\"tr\",\"@id\":\"https:\/\/narteks.net\/index.php\/2011\/10\/09\/honore-de-balzaca-ait-aforizmalar\/#primaryimage\",\"url\":\"http:\/\/4.bp.blogspot.com\/-t_7wEVXGusQ\/TfcVZYlCZqI\/AAAAAAAAAk0\/9D1ltRQ9O7E\/s1600\/balzac.jpg\",\"contentUrl\":\"http:\/\/4.bp.blogspot.com\/-t_7wEVXGusQ\/TfcVZYlCZqI\/AAAAAAAAAk0\/9D1ltRQ9O7E\/s1600\/balzac.jpg\"},{\"@type\":\"BreadcrumbList\",\"@id\":\"https:\/\/narteks.net\/index.php\/2011\/10\/09\/honore-de-balzaca-ait-aforizmalar\/#breadcrumb\",\"itemListElement\":[{\"@type\":\"ListItem\",\"position\":1,\"name\":\"Anasayfa\",\"item\":\"https:\/\/narteks.net\/\"},{\"@type\":\"ListItem\",\"position\":2,\"name\":\"Honor\u00e9 de Balzac&#8217;a ait Aforizmalar\"}]},{\"@type\":\"WebSite\",\"@id\":\"https:\/\/narteks.net\/#website\",\"url\":\"https:\/\/narteks.net\/\",\"name\":\"narteks.net\",\"description\":\"K\u00fclt\u00fcr Sanat Edebiyat Felsefe\",\"publisher\":{\"@id\":\"https:\/\/narteks.net\/#organization\"},\"alternateName\":\"K\u00fclt\u00fcr Sanat Edebiyat Felsefe\",\"potentialAction\":[{\"@type\":\"SearchAction\",\"target\":{\"@type\":\"EntryPoint\",\"urlTemplate\":\"https:\/\/narteks.net\/?s={search_term_string}\"},\"query-input\":{\"@type\":\"PropertyValueSpecification\",\"valueRequired\":true,\"valueName\":\"search_term_string\"}}],\"inLanguage\":\"tr\"},{\"@type\":\"Organization\",\"@id\":\"https:\/\/narteks.net\/#organization\",\"name\":\"narteks.net\",\"url\":\"https:\/\/narteks.net\/\",\"logo\":{\"@type\":\"ImageObject\",\"inLanguage\":\"tr\",\"@id\":\"https:\/\/narteks.net\/#\/schema\/logo\/image\/\",\"url\":\"https:\/\/narteks.net\/wp-content\/uploads\/narteks.png\",\"contentUrl\":\"https:\/\/narteks.net\/wp-content\/uploads\/narteks.png\",\"width\":300,\"height\":90,\"caption\":\"narteks.net\"},\"image\":{\"@id\":\"https:\/\/narteks.net\/#\/schema\/logo\/image\/\"},\"sameAs\":[\"https:\/\/x.com\/narteks\",\"https:\/\/instagram.com\/narteksnet\"]},{\"@type\":\"Person\",\"@id\":\"https:\/\/narteks.net\/#\/schema\/person\/61f37d9834294b72d31d274e7ed79bca\",\"name\":\"Tar\u0131k\",\"image\":{\"@type\":\"ImageObject\",\"inLanguage\":\"tr\",\"@id\":\"https:\/\/narteks.net\/#\/schema\/person\/image\/\",\"url\":\"https:\/\/secure.gravatar.com\/avatar\/50865afb55632c4ae467e0af0930f6510aa2297d8014be502a55b14f3b7550cf?s=96&d=mm&r=g\",\"contentUrl\":\"https:\/\/secure.gravatar.com\/avatar\/50865afb55632c4ae467e0af0930f6510aa2297d8014be502a55b14f3b7550cf?s=96&d=mm&r=g\",\"caption\":\"Tar\u0131k\"},\"sameAs\":[\"http:\/\/narteks.net\"],\"url\":\"https:\/\/narteks.net\/index.php\/author\/narbak\/\"}]}<\/script>\n<!-- \/ Yoast SEO Premium plugin. -->","yoast_head_json":{"title":"Honor\u00e9 de Balzac'a ait Aforizmalar - narteks.net","robots":{"index":"index","follow":"follow","max-snippet":"max-snippet:-1","max-image-preview":"max-image-preview:large","max-video-preview":"max-video-preview:-1"},"canonical":"https:\/\/narteks.net\/index.php\/2011\/10\/09\/honore-de-balzaca-ait-aforizmalar\/","og_locale":"tr_TR","og_type":"article","og_title":"Honor\u00e9 de Balzac'a ait Aforizmalar","og_description":"*\u00a0\u00a0\u00a0 Alt\u0131ndan zincirler en a\u011f\u0131r olan zincirlerdir.*\u00a0\u00a0\u00a0 Ancak en son katedralin en son tu\u011flas\u0131 en son papaz\u0131n kafas\u0131na d\u00fc\u015f\u00fcp ezdi\u011fi zaman insanl\u0131k ger\u00e7ekten \u00f6zg\u00fcr olabilecektir.*\u00a0\u00a0\u00a0 Ayakkab\u0131lar\u0131m olmad\u0131\u011f\u0131 i\u00e7in \u00fcz\u00fcl\u00fcrd\u00fcm. Ta ki sokakta ayaklar\u0131 olmayan adam\u0131 g\u00f6rene kadar.*\u00a0\u00a0\u00a0 Bilginin efendisi olmak i\u00e7in \u00e7al\u0131\u015fman\u0131n k\u00f6lesi olmak gerekir.*\u00a0\u00a0\u00a0 Bir kad\u0131n sevdi\u011fi adam\u0131n y\u00fcz\u00fcn\u00fc ,bir denizcinin a\u00e7\u0131k denizi bildi\u011fi [&hellip;]","og_url":"https:\/\/narteks.net\/index.php\/2011\/10\/09\/honore-de-balzaca-ait-aforizmalar\/","og_site_name":"narteks.net","article_published_time":"2011-10-09T12:48:07+00:00","og_image":[{"url":"http:\/\/4.bp.blogspot.com\/-t_7wEVXGusQ\/TfcVZYlCZqI\/AAAAAAAAAk0\/9D1ltRQ9O7E\/s1600\/balzac.jpg","type":"","width":"","height":""}],"author":"Tar\u0131k","twitter_card":"summary_large_image","twitter_creator":"@narteks","twitter_site":"@narteks","twitter_misc":{"Yazan:":"Tar\u0131k","Tahmini okuma s\u00fcresi":"3 dakika"},"schema":{"@context":"https:\/\/schema.org","@graph":[{"@type":"Article","@id":"https:\/\/narteks.net\/index.php\/2011\/10\/09\/honore-de-balzaca-ait-aforizmalar\/#article","isPartOf":{"@id":"https:\/\/narteks.net\/index.php\/2011\/10\/09\/honore-de-balzaca-ait-aforizmalar\/"},"author":{"name":"Tar\u0131k","@id":"https:\/\/narteks.net\/#\/schema\/person\/61f37d9834294b72d31d274e7ed79bca"},"headline":"Honor\u00e9 de Balzac&#8217;a ait Aforizmalar","datePublished":"2011-10-09T12:48:07+00:00","mainEntityOfPage":{"@id":"https:\/\/narteks.net\/index.php\/2011\/10\/09\/honore-de-balzaca-ait-aforizmalar\/"},"wordCount":567,"commentCount":0,"publisher":{"@id":"https:\/\/narteks.net\/#organization"},"image":{"@id":"https:\/\/narteks.net\/index.php\/2011\/10\/09\/honore-de-balzaca-ait-aforizmalar\/#primaryimage"},"thumbnailUrl":"http:\/\/4.bp.blogspot.com\/-t_7wEVXGusQ\/TfcVZYlCZqI\/AAAAAAAAAk0\/9D1ltRQ9O7E\/s1600\/balzac.jpg","articleSection":["Aforizmalar"],"inLanguage":"tr","potentialAction":[{"@type":"CommentAction","name":"Comment","target":["https:\/\/narteks.net\/index.php\/2011\/10\/09\/honore-de-balzaca-ait-aforizmalar\/#respond"]}]},{"@type":"WebPage","@id":"https:\/\/narteks.net\/index.php\/2011\/10\/09\/honore-de-balzaca-ait-aforizmalar\/","url":"https:\/\/narteks.net\/index.php\/2011\/10\/09\/honore-de-balzaca-ait-aforizmalar\/","name":"Honor\u00e9 de Balzac'a ait Aforizmalar - narteks.net","isPartOf":{"@id":"https:\/\/narteks.net\/#website"},"primaryImageOfPage":{"@id":"https:\/\/narteks.net\/index.php\/2011\/10\/09\/honore-de-balzaca-ait-aforizmalar\/#primaryimage"},"image":{"@id":"https:\/\/narteks.net\/index.php\/2011\/10\/09\/honore-de-balzaca-ait-aforizmalar\/#primaryimage"},"thumbnailUrl":"http:\/\/4.bp.blogspot.com\/-t_7wEVXGusQ\/TfcVZYlCZqI\/AAAAAAAAAk0\/9D1ltRQ9O7E\/s1600\/balzac.jpg","datePublished":"2011-10-09T12:48:07+00:00","breadcrumb":{"@id":"https:\/\/narteks.net\/index.php\/2011\/10\/09\/honore-de-balzaca-ait-aforizmalar\/#breadcrumb"},"inLanguage":"tr","potentialAction":[{"@type":"ReadAction","target":["https:\/\/narteks.net\/index.php\/2011\/10\/09\/honore-de-balzaca-ait-aforizmalar\/"]}]},{"@type":"ImageObject","inLanguage":"tr","@id":"https:\/\/narteks.net\/index.php\/2011\/10\/09\/honore-de-balzaca-ait-aforizmalar\/#primaryimage","url":"http:\/\/4.bp.blogspot.com\/-t_7wEVXGusQ\/TfcVZYlCZqI\/AAAAAAAAAk0\/9D1ltRQ9O7E\/s1600\/balzac.jpg","contentUrl":"http:\/\/4.bp.blogspot.com\/-t_7wEVXGusQ\/TfcVZYlCZqI\/AAAAAAAAAk0\/9D1ltRQ9O7E\/s1600\/balzac.jpg"},{"@type":"BreadcrumbList","@id":"https:\/\/narteks.net\/index.php\/2011\/10\/09\/honore-de-balzaca-ait-aforizmalar\/#breadcrumb","itemListElement":[{"@type":"ListItem","position":1,"name":"Anasayfa","item":"https:\/\/narteks.net\/"},{"@type":"ListItem","position":2,"name":"Honor\u00e9 de Balzac&#8217;a ait Aforizmalar"}]},{"@type":"WebSite","@id":"https:\/\/narteks.net\/#website","url":"https:\/\/narteks.net\/","name":"narteks.net","description":"K\u00fclt\u00fcr Sanat Edebiyat Felsefe","publisher":{"@id":"https:\/\/narteks.net\/#organization"},"alternateName":"K\u00fclt\u00fcr Sanat Edebiyat Felsefe","potentialAction":[{"@type":"SearchAction","target":{"@type":"EntryPoint","urlTemplate":"https:\/\/narteks.net\/?s={search_term_string}"},"query-input":{"@type":"PropertyValueSpecification","valueRequired":true,"valueName":"search_term_string"}}],"inLanguage":"tr"},{"@type":"Organization","@id":"https:\/\/narteks.net\/#organization","name":"narteks.net","url":"https:\/\/narteks.net\/","logo":{"@type":"ImageObject","inLanguage":"tr","@id":"https:\/\/narteks.net\/#\/schema\/logo\/image\/","url":"https:\/\/narteks.net\/wp-content\/uploads\/narteks.png","contentUrl":"https:\/\/narteks.net\/wp-content\/uploads\/narteks.png","width":300,"height":90,"caption":"narteks.net"},"image":{"@id":"https:\/\/narteks.net\/#\/schema\/logo\/image\/"},"sameAs":["https:\/\/x.com\/narteks","https:\/\/instagram.com\/narteksnet"]},{"@type":"Person","@id":"https:\/\/narteks.net\/#\/schema\/person\/61f37d9834294b72d31d274e7ed79bca","name":"Tar\u0131k","image":{"@type":"ImageObject","inLanguage":"tr","@id":"https:\/\/narteks.net\/#\/schema\/person\/image\/","url":"https:\/\/secure.gravatar.com\/avatar\/50865afb55632c4ae467e0af0930f6510aa2297d8014be502a55b14f3b7550cf?s=96&d=mm&r=g","contentUrl":"https:\/\/secure.gravatar.com\/avatar\/50865afb55632c4ae467e0af0930f6510aa2297d8014be502a55b14f3b7550cf?s=96&d=mm&r=g","caption":"Tar\u0131k"},"sameAs":["http:\/\/narteks.net"],"url":"https:\/\/narteks.net\/index.php\/author\/narbak\/"}]}},"_links":{"self":[{"href":"https:\/\/narteks.net\/index.php\/wp-json\/wp\/v2\/posts\/6844","targetHints":{"allow":["GET"]}}],"collection":[{"href":"https:\/\/narteks.net\/index.php\/wp-json\/wp\/v2\/posts"}],"about":[{"href":"https:\/\/narteks.net\/index.php\/wp-json\/wp\/v2\/types\/post"}],"author":[{"embeddable":true,"href":"https:\/\/narteks.net\/index.php\/wp-json\/wp\/v2\/users\/1"}],"replies":[{"embeddable":true,"href":"https:\/\/narteks.net\/index.php\/wp-json\/wp\/v2\/comments?post=6844"}],"version-history":[{"count":0,"href":"https:\/\/narteks.net\/index.php\/wp-json\/wp\/v2\/posts\/6844\/revisions"}],"wp:attachment":[{"href":"https:\/\/narteks.net\/index.php\/wp-json\/wp\/v2\/media?parent=6844"}],"wp:term":[{"taxonomy":"category","embeddable":true,"href":"https:\/\/narteks.net\/index.php\/wp-json\/wp\/v2\/categories?post=6844"},{"taxonomy":"post_tag","embeddable":true,"href":"https:\/\/narteks.net\/index.php\/wp-json\/wp\/v2\/tags?post=6844"}],"curies":[{"name":"wp","href":"https:\/\/api.w.org\/{rel}","templated":true}]}}