{"id":6847,"date":"2011-10-09T16:03:34","date_gmt":"2011-10-09T13:03:34","guid":{"rendered":"http:\/\/localhost\/wordpress\/2011\/10\/09\/che-guevaraya-ait-aforizmalar\/"},"modified":"2011-10-09T16:03:34","modified_gmt":"2011-10-09T13:03:34","slug":"che-guevaraya-ait-aforizmalar","status":"publish","type":"post","link":"https:\/\/narteks.net\/index.php\/2011\/10\/09\/che-guevaraya-ait-aforizmalar\/","title":{"rendered":"Che Guevara&#8217;ya ait Aforizmalar"},"content":{"rendered":"<p><img loading=\"lazy\" decoding=\"async\" src=\"http:\/\/www.turk-che.org\/Album\/images\/cheguevara15.jpg\" border=\"0\" width=\"155\" height=\"205\" \/><\/p>\n<p>*\u00a0\u00a0\u00a0 Ne kadar farkl\u0131 olursa olsun; sana ait olmayana tenezz\u00fcl etme, Ve ne kadar basit olursa olsun senin olandan Asla vazge\u00e7me.<br \/>*\u00a0\u00a0\u00a0 Ayakkab\u0131lar\u0131m\u0131n alt\u0131 delikti ; ama \u00fcst\u00fc her zaman boyal\u0131yd\u0131.<br \/>*\u00a0\u00a0\u00a0 A\u00e7 insanlar\u0131n karn\u0131n\u0131 doyurdu\u011fum zaman bana kahraman diyorlar. Bunlar\u0131n neden a\u00e7 oldu\u011funu sordu\u011fum zaman ise; bana kom\u00fcnist diyorlar.<br \/>*\u00a0\u00a0\u00a0 Vur, korkak herif, sonu\u00e7ta sadece bir adam \u00f6ld\u00fcreceksin. (\u00d6lmeden \u00f6nce, katiline)<br \/>*\u00a0\u00a0\u00a0 Belki Hi\u00e7 Bir\u015fey Yolunda Gitmedi Ama Hi\u00e7bir \u015eey De Beni Yolumdan Etmedi!&#8221;<br \/>*\u00a0\u00a0\u00a0 Hayatta \u00d6yle Se\u00e7imler Yap Ki; Kazand\u0131\u011f\u0131n \u015eeyler, Kaybettiklerine De\u011fsin&#8230;<br \/>*\u00a0\u00a0\u00a0 Hayatta Daima Ger\u00e7ekleri Savun! Takdir Eden Olmasa Bile, Vicdan\u0131na Hesap Vermekten Kurtulursun.<br \/>*\u00a0\u00a0\u00a0 Kaybetmekten Korkma; Bir\u015feyi Kazanman I\u00e7in Baz\u0131 \u015eeyleri Kaybetmelisin. Ve Unutma; Kaybetti\u011finde De\u011fil, Vazge\u00e7ti\u011finde Yenilirsin.<br \/>*\u00a0\u00a0\u00a0 Bir\u015feyi Yapmak I\u00e7in, Onu \u00c7ok Sevmelisiniz. Bir\u015feyi Sevmek I\u00e7in, Ona Delicesine Inanmal\u0131s\u0131n\u0131z.<br \/>*\u00a0\u00a0\u00a0 Kaybetti\u011fin Tek Sava\u015f, U\u011frunda Sava\u015fmaktan Vazge\u00e7ti\u011findir.<br \/>*\u00a0\u00a0\u00a0 \u00d6l\u00fcm seni yan\u0131ltmas\u0131n.. d\u00fc\u015f\u00fcn ya\u015fayanlar\u0131 aln\u0131n\u0131 korkusuzca kald\u0131r kimin yan\u0131ndas\u0131n yerin neresi, ve senin en \u00e7aresiz an\u0131nda tek silah\u0131n nedir?<br \/>*\u00a0\u00a0\u00a0 Ben Ernesto&#8217;ydum sadece Ernesto, sizde sadece bir\u015fey olarak var olursunuz.Che olmay\u0131 kendim istedim, sizde inan\u0131rsan\u0131z olursunuz, inan\u0131rsan\u0131z.<br \/>*\u00a0\u00a0\u00a0 \u00d6l\u00fcm nereden ve nas\u0131l gelirse gelsin&#8230; Sava\u015f sloganlar\u0131m\u0131z kulaktan kula\u011fa yay\u0131lacaksa ve silahlar\u0131m\u0131z elden ele ge\u00e7ecekse ve ba\u015fkalar\u0131 mitraly\u00f6z sesleriyle, sava\u015f ve zafer naralar\u0131yla cenazelerimize a\u011f\u0131t yakacaklarsa \u00f6l\u00fcm ho\u015f geldi, safa geldi&#8230;<br \/>*\u00a0\u00a0\u00a0 Devrimcinin g\u00f6revi devrim yapmakt\u0131r.<br \/>*\u00a0\u00a0\u00a0 Ger\u00e7ek\u00e7i olal\u0131m, imkans\u0131z\u0131 isteyelim. <br \/>*\u00a0\u00a0\u00a0 Devrimden ba\u015fka bir hayat yoktur.<br \/>*\u00a0\u00a0\u00a0 Bir yalan, hangi ama\u00e7 i\u00e7in s\u00f6ylenmi\u015f olursa olsun, her zaman, en k\u00f6t\u00fc ger\u00e7ekten daha k\u00f6t\u00fcd\u00fcr.<br \/>*\u00a0\u00a0\u00a0 \u015eans\u0131n yok, bunu kullan!<br \/>*\u00a0\u00a0\u00a0 Bir, iki, birden \u00e7ok Vietnam yaratal\u0131m.<br \/>*\u00a0\u00a0\u00a0 Bir\u015feyi yapmak i\u00e7in, onu \u00e7ok sevmelisiniz. Bir\u015feyi sevmek i\u00e7in, ona delicesine inanmal\u0131s\u0131n\u0131z.<br \/>*\u00a0\u00a0\u00a0 Sava\u015fan, kaybedebilir. Sava\u015fmayan, \u00e7oktan kaybetmi\u015ftir.<br \/>*\u00a0\u00a0\u00a0 En \u00f6nemlisi,d\u00fcnyan\u0131n neresinde olursa olsun her haks\u0131zl\u0131\u011f\u0131 kendinize kar\u015f\u0131 yap\u0131lm\u0131\u015f gibi hissetme kaabiliyetinizi koruyabilmenizdir. Bu bir devrimcinin en \u00f6nemli \u00f6zelli\u011fidir.<br \/>*\u00a0\u00a0\u00a0 Dizlerimin \u00fczerinde ya\u015famaktansa,ayaklar\u0131m\u0131n \u00fczerinde \u00f6lmeyi tercih ederim.<br \/>*\u00a0\u00a0\u00a0 Bir devrimci ba\u015fkas\u0131na at\u0131lan tokad\u0131 kendi y\u00fcz\u00fcnde hissedendir..<br \/>*\u00a0\u00a0\u00a0 Bir \u00e7i\u00e7e\u011fi katledebilirsiniz ama bahar\u0131 asla!<br \/>*\u00a0\u00a0\u00a0 Bizim gibi ka\u015fifler burjuvalara otel paras\u0131 \u00f6demektense \u00f6lmeyi tercih ederler.<br \/>*\u00a0\u00a0\u00a0 Ya\u011fmur kom\u00fcnisttir; \u00e7\u00fcnk\u00fc herkese e\u015fit ya\u011far. R\u00fczgar ise kapitalisttir zay\u0131f olan\u0131 y\u0131kar.<br \/>*\u00a0\u00a0\u00a0 D\u00fc\u015fman\u0131n Yoksa, Hayatta Hi\u00e7 Ba\u015far\u0131l\u0131 Olamad\u0131n Demektir.<br \/>*\u00a0\u00a0\u00a0 Yoksula G\u00fclmedim, Zenginli\u011fe \u00d6zenmedim, Fa\u015fistleri Sevmedim, Ezilenleri D\u00f6vmedim, Ben Devrimci Do\u011fdum, Devrimci \u00d6lece\u011fim.<\/p>\n","protected":false},"excerpt":{"rendered":"<p>*\u00a0\u00a0\u00a0 Ne kadar farkl\u0131 olursa olsun; sana ait olmayana tenezz\u00fcl etme, Ve ne kadar basit olursa olsun senin olandan Asla vazge\u00e7me.*\u00a0\u00a0\u00a0 Ayakkab\u0131lar\u0131m\u0131n alt\u0131 delikti ; ama \u00fcst\u00fc her zaman boyal\u0131yd\u0131.*\u00a0\u00a0\u00a0 A\u00e7 insanlar\u0131n karn\u0131n\u0131 doyurdu\u011fum zaman bana kahraman diyorlar. Bunlar\u0131n neden a\u00e7 oldu\u011funu sordu\u011fum zaman ise; bana kom\u00fcnist diyorlar.*\u00a0\u00a0\u00a0 Vur, korkak herif, sonu\u00e7ta sadece bir adam [&hellip;]<\/p>\n","protected":false},"author":1,"featured_media":0,"comment_status":"open","ping_status":"open","sticky":false,"template":"","format":"standard","meta":{"footnotes":""},"categories":[194],"tags":[],"class_list":["post-6847","post","type-post","status-publish","format-standard","category-aforizmalar"],"yoast_head":"<!-- This site is optimized with the Yoast SEO Premium plugin v24.9 (Yoast SEO v24.9) - https:\/\/yoast.com\/wordpress\/plugins\/seo\/ -->\n<title>Che Guevara&#039;ya ait Aforizmalar - narteks.net<\/title>\n<meta name=\"robots\" content=\"index, follow, max-snippet:-1, max-image-preview:large, max-video-preview:-1\" \/>\n<link rel=\"canonical\" href=\"https:\/\/narteks.net\/index.php\/2011\/10\/09\/che-guevaraya-ait-aforizmalar\/\" \/>\n<meta property=\"og:locale\" content=\"tr_TR\" \/>\n<meta property=\"og:type\" content=\"article\" \/>\n<meta property=\"og:title\" content=\"Che Guevara&#039;ya ait Aforizmalar\" \/>\n<meta property=\"og:description\" content=\"*\u00a0\u00a0\u00a0 Ne kadar farkl\u0131 olursa olsun; sana ait olmayana tenezz\u00fcl etme, Ve ne kadar basit olursa olsun senin olandan Asla vazge\u00e7me.*\u00a0\u00a0\u00a0 Ayakkab\u0131lar\u0131m\u0131n alt\u0131 delikti ; ama \u00fcst\u00fc her zaman boyal\u0131yd\u0131.*\u00a0\u00a0\u00a0 A\u00e7 insanlar\u0131n karn\u0131n\u0131 doyurdu\u011fum zaman bana kahraman diyorlar. Bunlar\u0131n neden a\u00e7 oldu\u011funu sordu\u011fum zaman ise; bana kom\u00fcnist diyorlar.*\u00a0\u00a0\u00a0 Vur, korkak herif, sonu\u00e7ta sadece bir adam [&hellip;]\" \/>\n<meta property=\"og:url\" content=\"https:\/\/narteks.net\/index.php\/2011\/10\/09\/che-guevaraya-ait-aforizmalar\/\" \/>\n<meta property=\"og:site_name\" content=\"narteks.net\" \/>\n<meta property=\"article:published_time\" content=\"2011-10-09T13:03:34+00:00\" \/>\n<meta property=\"og:image\" content=\"http:\/\/www.turk-che.org\/Album\/images\/cheguevara15.jpg\" \/>\n<meta name=\"author\" content=\"Tar\u0131k\" \/>\n<meta name=\"twitter:card\" content=\"summary_large_image\" \/>\n<meta name=\"twitter:creator\" content=\"@narteks\" \/>\n<meta name=\"twitter:site\" content=\"@narteks\" \/>\n<meta name=\"twitter:label1\" content=\"Yazan:\" \/>\n\t<meta name=\"twitter:data1\" content=\"Tar\u0131k\" \/>\n\t<meta name=\"twitter:label2\" content=\"Tahmini okuma s\u00fcresi\" \/>\n\t<meta name=\"twitter:data2\" content=\"2 dakika\" \/>\n<script type=\"application\/ld+json\" class=\"yoast-schema-graph\">{\"@context\":\"https:\/\/schema.org\",\"@graph\":[{\"@type\":\"Article\",\"@id\":\"https:\/\/narteks.net\/index.php\/2011\/10\/09\/che-guevaraya-ait-aforizmalar\/#article\",\"isPartOf\":{\"@id\":\"https:\/\/narteks.net\/index.php\/2011\/10\/09\/che-guevaraya-ait-aforizmalar\/\"},\"author\":{\"name\":\"Tar\u0131k\",\"@id\":\"https:\/\/narteks.net\/#\/schema\/person\/61f37d9834294b72d31d274e7ed79bca\"},\"headline\":\"Che Guevara&#8217;ya ait Aforizmalar\",\"datePublished\":\"2011-10-09T13:03:34+00:00\",\"mainEntityOfPage\":{\"@id\":\"https:\/\/narteks.net\/index.php\/2011\/10\/09\/che-guevaraya-ait-aforizmalar\/\"},\"wordCount\":466,\"commentCount\":0,\"publisher\":{\"@id\":\"https:\/\/narteks.net\/#organization\"},\"image\":{\"@id\":\"https:\/\/narteks.net\/index.php\/2011\/10\/09\/che-guevaraya-ait-aforizmalar\/#primaryimage\"},\"thumbnailUrl\":\"http:\/\/www.turk-che.org\/Album\/images\/cheguevara15.jpg\",\"articleSection\":[\"Aforizmalar\"],\"inLanguage\":\"tr\",\"potentialAction\":[{\"@type\":\"CommentAction\",\"name\":\"Comment\",\"target\":[\"https:\/\/narteks.net\/index.php\/2011\/10\/09\/che-guevaraya-ait-aforizmalar\/#respond\"]}]},{\"@type\":\"WebPage\",\"@id\":\"https:\/\/narteks.net\/index.php\/2011\/10\/09\/che-guevaraya-ait-aforizmalar\/\",\"url\":\"https:\/\/narteks.net\/index.php\/2011\/10\/09\/che-guevaraya-ait-aforizmalar\/\",\"name\":\"Che Guevara'ya ait Aforizmalar - narteks.net\",\"isPartOf\":{\"@id\":\"https:\/\/narteks.net\/#website\"},\"primaryImageOfPage\":{\"@id\":\"https:\/\/narteks.net\/index.php\/2011\/10\/09\/che-guevaraya-ait-aforizmalar\/#primaryimage\"},\"image\":{\"@id\":\"https:\/\/narteks.net\/index.php\/2011\/10\/09\/che-guevaraya-ait-aforizmalar\/#primaryimage\"},\"thumbnailUrl\":\"http:\/\/www.turk-che.org\/Album\/images\/cheguevara15.jpg\",\"datePublished\":\"2011-10-09T13:03:34+00:00\",\"breadcrumb\":{\"@id\":\"https:\/\/narteks.net\/index.php\/2011\/10\/09\/che-guevaraya-ait-aforizmalar\/#breadcrumb\"},\"inLanguage\":\"tr\",\"potentialAction\":[{\"@type\":\"ReadAction\",\"target\":[\"https:\/\/narteks.net\/index.php\/2011\/10\/09\/che-guevaraya-ait-aforizmalar\/\"]}]},{\"@type\":\"ImageObject\",\"inLanguage\":\"tr\",\"@id\":\"https:\/\/narteks.net\/index.php\/2011\/10\/09\/che-guevaraya-ait-aforizmalar\/#primaryimage\",\"url\":\"http:\/\/www.turk-che.org\/Album\/images\/cheguevara15.jpg\",\"contentUrl\":\"http:\/\/www.turk-che.org\/Album\/images\/cheguevara15.jpg\"},{\"@type\":\"BreadcrumbList\",\"@id\":\"https:\/\/narteks.net\/index.php\/2011\/10\/09\/che-guevaraya-ait-aforizmalar\/#breadcrumb\",\"itemListElement\":[{\"@type\":\"ListItem\",\"position\":1,\"name\":\"Anasayfa\",\"item\":\"https:\/\/narteks.net\/\"},{\"@type\":\"ListItem\",\"position\":2,\"name\":\"Che Guevara&#8217;ya ait Aforizmalar\"}]},{\"@type\":\"WebSite\",\"@id\":\"https:\/\/narteks.net\/#website\",\"url\":\"https:\/\/narteks.net\/\",\"name\":\"narteks.net\",\"description\":\"K\u00fclt\u00fcr Sanat Edebiyat Felsefe\",\"publisher\":{\"@id\":\"https:\/\/narteks.net\/#organization\"},\"alternateName\":\"K\u00fclt\u00fcr Sanat Edebiyat Felsefe\",\"potentialAction\":[{\"@type\":\"SearchAction\",\"target\":{\"@type\":\"EntryPoint\",\"urlTemplate\":\"https:\/\/narteks.net\/?s={search_term_string}\"},\"query-input\":{\"@type\":\"PropertyValueSpecification\",\"valueRequired\":true,\"valueName\":\"search_term_string\"}}],\"inLanguage\":\"tr\"},{\"@type\":\"Organization\",\"@id\":\"https:\/\/narteks.net\/#organization\",\"name\":\"narteks.net\",\"url\":\"https:\/\/narteks.net\/\",\"logo\":{\"@type\":\"ImageObject\",\"inLanguage\":\"tr\",\"@id\":\"https:\/\/narteks.net\/#\/schema\/logo\/image\/\",\"url\":\"https:\/\/narteks.net\/wp-content\/uploads\/narteks.png\",\"contentUrl\":\"https:\/\/narteks.net\/wp-content\/uploads\/narteks.png\",\"width\":300,\"height\":90,\"caption\":\"narteks.net\"},\"image\":{\"@id\":\"https:\/\/narteks.net\/#\/schema\/logo\/image\/\"},\"sameAs\":[\"https:\/\/x.com\/narteks\",\"https:\/\/instagram.com\/narteksnet\"]},{\"@type\":\"Person\",\"@id\":\"https:\/\/narteks.net\/#\/schema\/person\/61f37d9834294b72d31d274e7ed79bca\",\"name\":\"Tar\u0131k\",\"image\":{\"@type\":\"ImageObject\",\"inLanguage\":\"tr\",\"@id\":\"https:\/\/narteks.net\/#\/schema\/person\/image\/\",\"url\":\"https:\/\/secure.gravatar.com\/avatar\/50865afb55632c4ae467e0af0930f6510aa2297d8014be502a55b14f3b7550cf?s=96&d=mm&r=g\",\"contentUrl\":\"https:\/\/secure.gravatar.com\/avatar\/50865afb55632c4ae467e0af0930f6510aa2297d8014be502a55b14f3b7550cf?s=96&d=mm&r=g\",\"caption\":\"Tar\u0131k\"},\"sameAs\":[\"http:\/\/narteks.net\"],\"url\":\"https:\/\/narteks.net\/index.php\/author\/narbak\/\"}]}<\/script>\n<!-- \/ Yoast SEO Premium plugin. -->","yoast_head_json":{"title":"Che Guevara'ya ait Aforizmalar - narteks.net","robots":{"index":"index","follow":"follow","max-snippet":"max-snippet:-1","max-image-preview":"max-image-preview:large","max-video-preview":"max-video-preview:-1"},"canonical":"https:\/\/narteks.net\/index.php\/2011\/10\/09\/che-guevaraya-ait-aforizmalar\/","og_locale":"tr_TR","og_type":"article","og_title":"Che Guevara'ya ait Aforizmalar","og_description":"*\u00a0\u00a0\u00a0 Ne kadar farkl\u0131 olursa olsun; sana ait olmayana tenezz\u00fcl etme, Ve ne kadar basit olursa olsun senin olandan Asla vazge\u00e7me.*\u00a0\u00a0\u00a0 Ayakkab\u0131lar\u0131m\u0131n alt\u0131 delikti ; ama \u00fcst\u00fc her zaman boyal\u0131yd\u0131.*\u00a0\u00a0\u00a0 A\u00e7 insanlar\u0131n karn\u0131n\u0131 doyurdu\u011fum zaman bana kahraman diyorlar. Bunlar\u0131n neden a\u00e7 oldu\u011funu sordu\u011fum zaman ise; bana kom\u00fcnist diyorlar.*\u00a0\u00a0\u00a0 Vur, korkak herif, sonu\u00e7ta sadece bir adam [&hellip;]","og_url":"https:\/\/narteks.net\/index.php\/2011\/10\/09\/che-guevaraya-ait-aforizmalar\/","og_site_name":"narteks.net","article_published_time":"2011-10-09T13:03:34+00:00","og_image":[{"url":"http:\/\/www.turk-che.org\/Album\/images\/cheguevara15.jpg","type":"","width":"","height":""}],"author":"Tar\u0131k","twitter_card":"summary_large_image","twitter_creator":"@narteks","twitter_site":"@narteks","twitter_misc":{"Yazan:":"Tar\u0131k","Tahmini okuma s\u00fcresi":"2 dakika"},"schema":{"@context":"https:\/\/schema.org","@graph":[{"@type":"Article","@id":"https:\/\/narteks.net\/index.php\/2011\/10\/09\/che-guevaraya-ait-aforizmalar\/#article","isPartOf":{"@id":"https:\/\/narteks.net\/index.php\/2011\/10\/09\/che-guevaraya-ait-aforizmalar\/"},"author":{"name":"Tar\u0131k","@id":"https:\/\/narteks.net\/#\/schema\/person\/61f37d9834294b72d31d274e7ed79bca"},"headline":"Che Guevara&#8217;ya ait Aforizmalar","datePublished":"2011-10-09T13:03:34+00:00","mainEntityOfPage":{"@id":"https:\/\/narteks.net\/index.php\/2011\/10\/09\/che-guevaraya-ait-aforizmalar\/"},"wordCount":466,"commentCount":0,"publisher":{"@id":"https:\/\/narteks.net\/#organization"},"image":{"@id":"https:\/\/narteks.net\/index.php\/2011\/10\/09\/che-guevaraya-ait-aforizmalar\/#primaryimage"},"thumbnailUrl":"http:\/\/www.turk-che.org\/Album\/images\/cheguevara15.jpg","articleSection":["Aforizmalar"],"inLanguage":"tr","potentialAction":[{"@type":"CommentAction","name":"Comment","target":["https:\/\/narteks.net\/index.php\/2011\/10\/09\/che-guevaraya-ait-aforizmalar\/#respond"]}]},{"@type":"WebPage","@id":"https:\/\/narteks.net\/index.php\/2011\/10\/09\/che-guevaraya-ait-aforizmalar\/","url":"https:\/\/narteks.net\/index.php\/2011\/10\/09\/che-guevaraya-ait-aforizmalar\/","name":"Che Guevara'ya ait Aforizmalar - narteks.net","isPartOf":{"@id":"https:\/\/narteks.net\/#website"},"primaryImageOfPage":{"@id":"https:\/\/narteks.net\/index.php\/2011\/10\/09\/che-guevaraya-ait-aforizmalar\/#primaryimage"},"image":{"@id":"https:\/\/narteks.net\/index.php\/2011\/10\/09\/che-guevaraya-ait-aforizmalar\/#primaryimage"},"thumbnailUrl":"http:\/\/www.turk-che.org\/Album\/images\/cheguevara15.jpg","datePublished":"2011-10-09T13:03:34+00:00","breadcrumb":{"@id":"https:\/\/narteks.net\/index.php\/2011\/10\/09\/che-guevaraya-ait-aforizmalar\/#breadcrumb"},"inLanguage":"tr","potentialAction":[{"@type":"ReadAction","target":["https:\/\/narteks.net\/index.php\/2011\/10\/09\/che-guevaraya-ait-aforizmalar\/"]}]},{"@type":"ImageObject","inLanguage":"tr","@id":"https:\/\/narteks.net\/index.php\/2011\/10\/09\/che-guevaraya-ait-aforizmalar\/#primaryimage","url":"http:\/\/www.turk-che.org\/Album\/images\/cheguevara15.jpg","contentUrl":"http:\/\/www.turk-che.org\/Album\/images\/cheguevara15.jpg"},{"@type":"BreadcrumbList","@id":"https:\/\/narteks.net\/index.php\/2011\/10\/09\/che-guevaraya-ait-aforizmalar\/#breadcrumb","itemListElement":[{"@type":"ListItem","position":1,"name":"Anasayfa","item":"https:\/\/narteks.net\/"},{"@type":"ListItem","position":2,"name":"Che Guevara&#8217;ya ait Aforizmalar"}]},{"@type":"WebSite","@id":"https:\/\/narteks.net\/#website","url":"https:\/\/narteks.net\/","name":"narteks.net","description":"K\u00fclt\u00fcr Sanat Edebiyat Felsefe","publisher":{"@id":"https:\/\/narteks.net\/#organization"},"alternateName":"K\u00fclt\u00fcr Sanat Edebiyat Felsefe","potentialAction":[{"@type":"SearchAction","target":{"@type":"EntryPoint","urlTemplate":"https:\/\/narteks.net\/?s={search_term_string}"},"query-input":{"@type":"PropertyValueSpecification","valueRequired":true,"valueName":"search_term_string"}}],"inLanguage":"tr"},{"@type":"Organization","@id":"https:\/\/narteks.net\/#organization","name":"narteks.net","url":"https:\/\/narteks.net\/","logo":{"@type":"ImageObject","inLanguage":"tr","@id":"https:\/\/narteks.net\/#\/schema\/logo\/image\/","url":"https:\/\/narteks.net\/wp-content\/uploads\/narteks.png","contentUrl":"https:\/\/narteks.net\/wp-content\/uploads\/narteks.png","width":300,"height":90,"caption":"narteks.net"},"image":{"@id":"https:\/\/narteks.net\/#\/schema\/logo\/image\/"},"sameAs":["https:\/\/x.com\/narteks","https:\/\/instagram.com\/narteksnet"]},{"@type":"Person","@id":"https:\/\/narteks.net\/#\/schema\/person\/61f37d9834294b72d31d274e7ed79bca","name":"Tar\u0131k","image":{"@type":"ImageObject","inLanguage":"tr","@id":"https:\/\/narteks.net\/#\/schema\/person\/image\/","url":"https:\/\/secure.gravatar.com\/avatar\/50865afb55632c4ae467e0af0930f6510aa2297d8014be502a55b14f3b7550cf?s=96&d=mm&r=g","contentUrl":"https:\/\/secure.gravatar.com\/avatar\/50865afb55632c4ae467e0af0930f6510aa2297d8014be502a55b14f3b7550cf?s=96&d=mm&r=g","caption":"Tar\u0131k"},"sameAs":["http:\/\/narteks.net"],"url":"https:\/\/narteks.net\/index.php\/author\/narbak\/"}]}},"_links":{"self":[{"href":"https:\/\/narteks.net\/index.php\/wp-json\/wp\/v2\/posts\/6847","targetHints":{"allow":["GET"]}}],"collection":[{"href":"https:\/\/narteks.net\/index.php\/wp-json\/wp\/v2\/posts"}],"about":[{"href":"https:\/\/narteks.net\/index.php\/wp-json\/wp\/v2\/types\/post"}],"author":[{"embeddable":true,"href":"https:\/\/narteks.net\/index.php\/wp-json\/wp\/v2\/users\/1"}],"replies":[{"embeddable":true,"href":"https:\/\/narteks.net\/index.php\/wp-json\/wp\/v2\/comments?post=6847"}],"version-history":[{"count":0,"href":"https:\/\/narteks.net\/index.php\/wp-json\/wp\/v2\/posts\/6847\/revisions"}],"wp:attachment":[{"href":"https:\/\/narteks.net\/index.php\/wp-json\/wp\/v2\/media?parent=6847"}],"wp:term":[{"taxonomy":"category","embeddable":true,"href":"https:\/\/narteks.net\/index.php\/wp-json\/wp\/v2\/categories?post=6847"},{"taxonomy":"post_tag","embeddable":true,"href":"https:\/\/narteks.net\/index.php\/wp-json\/wp\/v2\/tags?post=6847"}],"curies":[{"name":"wp","href":"https:\/\/api.w.org\/{rel}","templated":true}]}}