{"id":685,"date":"2009-04-17T10:06:28","date_gmt":"2009-04-17T07:06:28","guid":{"rendered":"http:\/\/localhost\/wordpress\/2009\/04\/17\/nevzat-celik-biyografisi\/"},"modified":"2009-04-17T10:06:28","modified_gmt":"2009-04-17T07:06:28","slug":"nevzat-celik-biyografisi","status":"publish","type":"post","link":"https:\/\/narteks.net\/index.php\/2009\/04\/17\/nevzat-celik-biyografisi\/","title":{"rendered":"Nevzat \u00c7EL\u0130K Biyografisi"},"content":{"rendered":"<p><img loading=\"lazy\" decoding=\"async\" src=\"http:\/\/www.google.com.tr\/images?q=tbn:dap8J7Oblw8sGM::www.cayelilisesi.com\/edebiyat\/sair\/nevzat_celik.jpg\" border=\"0\" alt=\"nevzatcelik\" width=\"155\" height=\"205\" \/><\/p>\n<p style=\"text-align: justify;\">1960&#8217;da Sinop Boyabat&#8217;ta do\u011fan Nevzat \u00c7elik, 1965&#8217;de ailesiyle birlikte \u0130stanbul&#8217;a geldi. 1980 Mart&#8217;\u0131nda Devlet G\u00fczel Sanatlar Akademisi (DGSA) Uygulamal\u0131 End\u00fcstri Sanatlar\u0131 Y\u00fcksek Okulu (UESYO) Grafik b\u00f6l\u00fcm\u00fc birinci s\u0131n\u0131fta okurken tutukland\u0131. Dev-Sol davas\u0131ndan idam istemiyle yarg\u0131land\u0131.<\/p>\n<p>1984&#8217;ta \u015eafak T\u00fcrk\u00fcs\u00fc adl\u0131 \u015fiir dosyas\u0131 Akademi Kitabevi \u015eiir \u00d6d\u00fcl\u00fc birincilik \u00f6d\u00fcl\u00fcn\u00fc alarak kitapla\u015ft\u0131. 1985 y\u0131l\u0131nda \u0130T\u00dc \u0130\u015fletme Fak\u00fcltesi \u00d6\u011frenci Derne\u011fi taraf\u0131ndan \u00fclke \u00e7ap\u0131nda yap\u0131lan \u015fiir yar\u0131\u015fmas\u0131na bir \u015fiiri ile kat\u0131ld\u0131 ve bu yar\u0131\u015fma 1986 y\u0131l\u0131nda sonu\u00e7land\u0131, \u00c7elik&#8217;in \u015fiiri yar\u0131\u015fmaya kat\u0131lan 1350 kadar \u015fiir aras\u0131ndan ilk ona girdi ama birinci olamad\u0131. 1987&#8217;de M\u00fcebbet T\u00fcrk\u00fcs\u00fc adl\u0131 \u015fiir kitab\u0131 Poetry International ve Hasan H\u00fcseyin \u015eiir \u00d6d\u00fcl\u00fcn\u00fc ald\u0131. Daha sonra hi\u00e7bir yar\u0131\u015fmaya kat\u0131lmad\u0131.<\/p>\n<p>1987 Aral\u0131k ay\u0131nda tahliye oldu. 1990&#8217;da iki \u015fiir kitab\u0131 daha \u00e7\u0131kard\u0131; Suda Seken Hayat ve Ya\u011fmur Ya\u011fmasayd\u0131. 1998 Ekim ay\u0131nda Sevgili Yolda\u015f Kurba\u011falar adl\u0131 \u015fiir kitab\u0131, 2005 Nisan&#8217;\u0131nda ise ilk roman\u0131 Ba\u011f\u0131\u015flanm\u0131\u015f H\u00fcz\u00fcn yay\u0131mland\u0131.<\/p>\n<p>\u015eiiri<\/p>\n<p>\u015eafak T\u00fcrk\u00fcs\u00fc&#8217;ndeki en g\u00fczel \u015fiirlerinden birini (&#8220;Elma&#8221;) Hasan H\u00fcseyin Korkmazgil&#8217;e adam\u0131\u015f olmas\u0131na ra\u011fmen, ilk iki kitab\u0131yla daha \u00e7ok Ahmed Arif ve Naz\u0131m Hikmet \u015fiirinin etki alanlar\u0131nda g\u00f6r\u00fcn\u00fcn\u00fcyor, zekice bulu\u015flar\u0131 ve uyak bulmadaki \u00f6zg\u00fcn becerisiyle dikkat \u00e7ekiyor, ku\u015fa\u011f\u0131ndan en \u00e7ok Ahmet Erhan&#8217;la ortak tema ve s\u00f6yleyi\u015f alanlar\u0131n\u0131 payla\u015f\u0131yordu. Bu ilk kitab\u0131n\u0131n ola\u011fan\u00fcst\u00fc ba\u015far\u0131s\u0131na kar\u015f\u0131n uzunca bir s\u00fcre yeni \u00fcr\u00fcn vermedi ya da \u00e7al\u0131\u015fmalar\u0131n\u0131 yay\u0131nlamad\u0131.<\/p>\n<p>1990 ba\u015flar\u0131nda yay\u0131nlad\u0131\u011f\u0131 kitaplar\u0131yla, kendisini yinelemedi\u011fi, yeni \u015fiir alanlar\u0131na a\u00e7\u0131ld\u0131\u011f\u0131, \u015fiirini ses ve tema \u00f6zellikleri bak\u0131m\u0131ndan geni\u015fletip zenginle\u015ftirdi\u011fi g\u00f6r\u00fcld\u00fc. Bu d\u00f6nem \u015fiirlerinde Attil\u00e2 \u0130lhan etkileri g\u00f6r\u00fcl\u00fcyordu.<\/p>\n<p>Sevgili Yolda\u015f Kurba\u011falar ise \u015fiirini her anlamda yenileyip geli\u015ftirmeyi ba\u015farm\u0131\u015f bir \u015fairin olgunluk d\u00f6nemi \u00fcr\u00fcnleri say\u0131labilir. Bu kitab\u0131ndaki \u015fiirlerin \u0130kinci Yeni \u015fiirinin olumlu \u00f6zelliklerini de \u00f6z\u00fcmsedi\u011fi g\u00f6r\u00fcl\u00fcyor. Bu \u00f6zellikleriyle Nevzat \u00c7elik sadece kendi ku\u015fa\u011f\u0131n\u0131n de\u011fil g\u00fcn\u00fcm\u00fcz T\u00fcrk \u015fiiri&#8217;nin en dikkate de\u011fer \u015fairleri aras\u0131ndad\u0131r.<\/p>\n<p>Eserleri<\/p>\n<p> * \u015eafak T\u00fcrk\u00fcs\u00fc, 1984.<br \/> * M\u00fcebbet T\u00fcrk\u00fcs\u00fc, 1987.<br \/> * Suda Seken Hayat, 1990.<br \/> * Ya\u011fmur Ya\u011fmasayd\u0131, 1990.<br \/> * Sevgili yolda\u015f Kurba\u011falar, 1998.<br \/> *<br \/> Ba\u011f\u0131\u015flanm\u0131\u015f H\u00fcz\u00fcn, 2005.<\/p>\n","protected":false},"excerpt":{"rendered":"<p>1960&#8217;da Sinop Boyabat&#8217;ta do\u011fan Nevzat \u00c7elik, 1965&#8217;de ailesiyle birlikte \u0130stanbul&#8217;a geldi. 1980 Mart&#8217;\u0131nda Devlet G\u00fczel Sanatlar Akademisi (DGSA) Uygulamal\u0131 End\u00fcstri Sanatlar\u0131 Y\u00fcksek Okulu (UESYO) Grafik b\u00f6l\u00fcm\u00fc birinci s\u0131n\u0131fta okurken tutukland\u0131. Dev-Sol davas\u0131ndan idam istemiyle yarg\u0131land\u0131. 1984&#8217;ta \u015eafak T\u00fcrk\u00fcs\u00fc adl\u0131 \u015fiir dosyas\u0131 Akademi Kitabevi \u015eiir \u00d6d\u00fcl\u00fc birincilik \u00f6d\u00fcl\u00fcn\u00fc alarak kitapla\u015ft\u0131. 1985 y\u0131l\u0131nda \u0130T\u00dc \u0130\u015fletme Fak\u00fcltesi \u00d6\u011frenci [&hellip;]<\/p>\n","protected":false},"author":1,"featured_media":0,"comment_status":"open","ping_status":"open","sticky":false,"template":"","format":"standard","meta":{"footnotes":""},"categories":[25],"tags":[],"class_list":{"0":"post-685","1":"post","2":"type-post","3":"status-publish","4":"format-standard","6":"category-nevzat-celik"},"yoast_head":"<!-- This site is optimized with the Yoast SEO Premium plugin v24.9 (Yoast SEO v24.9) - https:\/\/yoast.com\/wordpress\/plugins\/seo\/ -->\n<title>Nevzat \u00c7EL\u0130K Biyografisi - narteks.net<\/title>\n<meta name=\"robots\" content=\"index, follow, max-snippet:-1, max-image-preview:large, max-video-preview:-1\" \/>\n<link rel=\"canonical\" href=\"https:\/\/narteks.net\/index.php\/2009\/04\/17\/nevzat-celik-biyografisi\/\" \/>\n<meta property=\"og:locale\" content=\"tr_TR\" \/>\n<meta property=\"og:type\" content=\"article\" \/>\n<meta property=\"og:title\" content=\"Nevzat \u00c7EL\u0130K Biyografisi\" \/>\n<meta property=\"og:description\" content=\"1960&#8217;da Sinop Boyabat&#8217;ta do\u011fan Nevzat \u00c7elik, 1965&#8217;de ailesiyle birlikte \u0130stanbul&#8217;a geldi. 1980 Mart&#8217;\u0131nda Devlet G\u00fczel Sanatlar Akademisi (DGSA) Uygulamal\u0131 End\u00fcstri Sanatlar\u0131 Y\u00fcksek Okulu (UESYO) Grafik b\u00f6l\u00fcm\u00fc birinci s\u0131n\u0131fta okurken tutukland\u0131. Dev-Sol davas\u0131ndan idam istemiyle yarg\u0131land\u0131. 1984&#8217;ta \u015eafak T\u00fcrk\u00fcs\u00fc adl\u0131 \u015fiir dosyas\u0131 Akademi Kitabevi \u015eiir \u00d6d\u00fcl\u00fc birincilik \u00f6d\u00fcl\u00fcn\u00fc alarak kitapla\u015ft\u0131. 1985 y\u0131l\u0131nda \u0130T\u00dc \u0130\u015fletme Fak\u00fcltesi \u00d6\u011frenci [&hellip;]\" \/>\n<meta property=\"og:url\" content=\"https:\/\/narteks.net\/index.php\/2009\/04\/17\/nevzat-celik-biyografisi\/\" \/>\n<meta property=\"og:site_name\" content=\"narteks.net\" \/>\n<meta property=\"article:published_time\" content=\"2009-04-17T07:06:28+00:00\" \/>\n<meta property=\"og:image\" content=\"http:\/\/www.google.com.tr\/images?q=tbn:dap8J7Oblw8sGM::www.cayelilisesi.com\/edebiyat\/sair\/nevzat_celik.jpg\" \/>\n<meta name=\"author\" content=\"Tar\u0131k\" \/>\n<meta name=\"twitter:card\" content=\"summary_large_image\" \/>\n<meta name=\"twitter:creator\" content=\"@narteks\" \/>\n<meta name=\"twitter:site\" content=\"@narteks\" \/>\n<meta name=\"twitter:label1\" content=\"Yazan:\" \/>\n\t<meta name=\"twitter:data1\" content=\"Tar\u0131k\" \/>\n\t<meta name=\"twitter:label2\" content=\"Tahmini okuma s\u00fcresi\" \/>\n\t<meta name=\"twitter:data2\" content=\"2 dakika\" \/>\n<script type=\"application\/ld+json\" class=\"yoast-schema-graph\">{\"@context\":\"https:\/\/schema.org\",\"@graph\":[{\"@type\":\"Article\",\"@id\":\"https:\/\/narteks.net\/index.php\/2009\/04\/17\/nevzat-celik-biyografisi\/#article\",\"isPartOf\":{\"@id\":\"https:\/\/narteks.net\/index.php\/2009\/04\/17\/nevzat-celik-biyografisi\/\"},\"author\":{\"name\":\"Tar\u0131k\",\"@id\":\"https:\/\/narteks.net\/#\/schema\/person\/61f37d9834294b72d31d274e7ed79bca\"},\"headline\":\"Nevzat \u00c7EL\u0130K Biyografisi\",\"datePublished\":\"2009-04-17T07:06:28+00:00\",\"mainEntityOfPage\":{\"@id\":\"https:\/\/narteks.net\/index.php\/2009\/04\/17\/nevzat-celik-biyografisi\/\"},\"wordCount\":423,\"commentCount\":0,\"publisher\":{\"@id\":\"https:\/\/narteks.net\/#organization\"},\"image\":{\"@id\":\"https:\/\/narteks.net\/index.php\/2009\/04\/17\/nevzat-celik-biyografisi\/#primaryimage\"},\"thumbnailUrl\":\"http:\/\/www.google.com.tr\/images?q=tbn:dap8J7Oblw8sGM::www.cayelilisesi.com\/edebiyat\/sair\/nevzat_celik.jpg\",\"articleSection\":[\"Nevzat \u00c7ELIK\"],\"inLanguage\":\"tr\",\"potentialAction\":[{\"@type\":\"CommentAction\",\"name\":\"Comment\",\"target\":[\"https:\/\/narteks.net\/index.php\/2009\/04\/17\/nevzat-celik-biyografisi\/#respond\"]}]},{\"@type\":\"WebPage\",\"@id\":\"https:\/\/narteks.net\/index.php\/2009\/04\/17\/nevzat-celik-biyografisi\/\",\"url\":\"https:\/\/narteks.net\/index.php\/2009\/04\/17\/nevzat-celik-biyografisi\/\",\"name\":\"Nevzat \u00c7EL\u0130K Biyografisi - narteks.net\",\"isPartOf\":{\"@id\":\"https:\/\/narteks.net\/#website\"},\"primaryImageOfPage\":{\"@id\":\"https:\/\/narteks.net\/index.php\/2009\/04\/17\/nevzat-celik-biyografisi\/#primaryimage\"},\"image\":{\"@id\":\"https:\/\/narteks.net\/index.php\/2009\/04\/17\/nevzat-celik-biyografisi\/#primaryimage\"},\"thumbnailUrl\":\"http:\/\/www.google.com.tr\/images?q=tbn:dap8J7Oblw8sGM::www.cayelilisesi.com\/edebiyat\/sair\/nevzat_celik.jpg\",\"datePublished\":\"2009-04-17T07:06:28+00:00\",\"breadcrumb\":{\"@id\":\"https:\/\/narteks.net\/index.php\/2009\/04\/17\/nevzat-celik-biyografisi\/#breadcrumb\"},\"inLanguage\":\"tr\",\"potentialAction\":[{\"@type\":\"ReadAction\",\"target\":[\"https:\/\/narteks.net\/index.php\/2009\/04\/17\/nevzat-celik-biyografisi\/\"]}]},{\"@type\":\"ImageObject\",\"inLanguage\":\"tr\",\"@id\":\"https:\/\/narteks.net\/index.php\/2009\/04\/17\/nevzat-celik-biyografisi\/#primaryimage\",\"url\":\"http:\/\/www.google.com.tr\/images?q=tbn:dap8J7Oblw8sGM::www.cayelilisesi.com\/edebiyat\/sair\/nevzat_celik.jpg\",\"contentUrl\":\"http:\/\/www.google.com.tr\/images?q=tbn:dap8J7Oblw8sGM::www.cayelilisesi.com\/edebiyat\/sair\/nevzat_celik.jpg\"},{\"@type\":\"BreadcrumbList\",\"@id\":\"https:\/\/narteks.net\/index.php\/2009\/04\/17\/nevzat-celik-biyografisi\/#breadcrumb\",\"itemListElement\":[{\"@type\":\"ListItem\",\"position\":1,\"name\":\"Anasayfa\",\"item\":\"https:\/\/narteks.net\/\"},{\"@type\":\"ListItem\",\"position\":2,\"name\":\"Nevzat \u00c7EL\u0130K Biyografisi\"}]},{\"@type\":\"WebSite\",\"@id\":\"https:\/\/narteks.net\/#website\",\"url\":\"https:\/\/narteks.net\/\",\"name\":\"narteks.net\",\"description\":\"K\u00fclt\u00fcr Sanat Edebiyat Felsefe\",\"publisher\":{\"@id\":\"https:\/\/narteks.net\/#organization\"},\"alternateName\":\"K\u00fclt\u00fcr Sanat Edebiyat Felsefe\",\"potentialAction\":[{\"@type\":\"SearchAction\",\"target\":{\"@type\":\"EntryPoint\",\"urlTemplate\":\"https:\/\/narteks.net\/?s={search_term_string}\"},\"query-input\":{\"@type\":\"PropertyValueSpecification\",\"valueRequired\":true,\"valueName\":\"search_term_string\"}}],\"inLanguage\":\"tr\"},{\"@type\":\"Organization\",\"@id\":\"https:\/\/narteks.net\/#organization\",\"name\":\"narteks.net\",\"url\":\"https:\/\/narteks.net\/\",\"logo\":{\"@type\":\"ImageObject\",\"inLanguage\":\"tr\",\"@id\":\"https:\/\/narteks.net\/#\/schema\/logo\/image\/\",\"url\":\"https:\/\/narteks.net\/wp-content\/uploads\/narteks.png\",\"contentUrl\":\"https:\/\/narteks.net\/wp-content\/uploads\/narteks.png\",\"width\":300,\"height\":90,\"caption\":\"narteks.net\"},\"image\":{\"@id\":\"https:\/\/narteks.net\/#\/schema\/logo\/image\/\"},\"sameAs\":[\"https:\/\/x.com\/narteks\",\"https:\/\/instagram.com\/narteksnet\"]},{\"@type\":\"Person\",\"@id\":\"https:\/\/narteks.net\/#\/schema\/person\/61f37d9834294b72d31d274e7ed79bca\",\"name\":\"Tar\u0131k\",\"image\":{\"@type\":\"ImageObject\",\"inLanguage\":\"tr\",\"@id\":\"https:\/\/narteks.net\/#\/schema\/person\/image\/\",\"url\":\"https:\/\/secure.gravatar.com\/avatar\/50865afb55632c4ae467e0af0930f6510aa2297d8014be502a55b14f3b7550cf?s=96&d=mm&r=g\",\"contentUrl\":\"https:\/\/secure.gravatar.com\/avatar\/50865afb55632c4ae467e0af0930f6510aa2297d8014be502a55b14f3b7550cf?s=96&d=mm&r=g\",\"caption\":\"Tar\u0131k\"},\"sameAs\":[\"http:\/\/narteks.net\"],\"url\":\"https:\/\/narteks.net\/index.php\/author\/narbak\/\"}]}<\/script>\n<!-- \/ Yoast SEO Premium plugin. -->","yoast_head_json":{"title":"Nevzat \u00c7EL\u0130K Biyografisi - narteks.net","robots":{"index":"index","follow":"follow","max-snippet":"max-snippet:-1","max-image-preview":"max-image-preview:large","max-video-preview":"max-video-preview:-1"},"canonical":"https:\/\/narteks.net\/index.php\/2009\/04\/17\/nevzat-celik-biyografisi\/","og_locale":"tr_TR","og_type":"article","og_title":"Nevzat \u00c7EL\u0130K Biyografisi","og_description":"1960&#8217;da Sinop Boyabat&#8217;ta do\u011fan Nevzat \u00c7elik, 1965&#8217;de ailesiyle birlikte \u0130stanbul&#8217;a geldi. 1980 Mart&#8217;\u0131nda Devlet G\u00fczel Sanatlar Akademisi (DGSA) Uygulamal\u0131 End\u00fcstri Sanatlar\u0131 Y\u00fcksek Okulu (UESYO) Grafik b\u00f6l\u00fcm\u00fc birinci s\u0131n\u0131fta okurken tutukland\u0131. Dev-Sol davas\u0131ndan idam istemiyle yarg\u0131land\u0131. 1984&#8217;ta \u015eafak T\u00fcrk\u00fcs\u00fc adl\u0131 \u015fiir dosyas\u0131 Akademi Kitabevi \u015eiir \u00d6d\u00fcl\u00fc birincilik \u00f6d\u00fcl\u00fcn\u00fc alarak kitapla\u015ft\u0131. 1985 y\u0131l\u0131nda \u0130T\u00dc \u0130\u015fletme Fak\u00fcltesi \u00d6\u011frenci [&hellip;]","og_url":"https:\/\/narteks.net\/index.php\/2009\/04\/17\/nevzat-celik-biyografisi\/","og_site_name":"narteks.net","article_published_time":"2009-04-17T07:06:28+00:00","og_image":[{"url":"http:\/\/www.google.com.tr\/images?q=tbn:dap8J7Oblw8sGM::www.cayelilisesi.com\/edebiyat\/sair\/nevzat_celik.jpg","type":"","width":"","height":""}],"author":"Tar\u0131k","twitter_card":"summary_large_image","twitter_creator":"@narteks","twitter_site":"@narteks","twitter_misc":{"Yazan:":"Tar\u0131k","Tahmini okuma s\u00fcresi":"2 dakika"},"schema":{"@context":"https:\/\/schema.org","@graph":[{"@type":"Article","@id":"https:\/\/narteks.net\/index.php\/2009\/04\/17\/nevzat-celik-biyografisi\/#article","isPartOf":{"@id":"https:\/\/narteks.net\/index.php\/2009\/04\/17\/nevzat-celik-biyografisi\/"},"author":{"name":"Tar\u0131k","@id":"https:\/\/narteks.net\/#\/schema\/person\/61f37d9834294b72d31d274e7ed79bca"},"headline":"Nevzat \u00c7EL\u0130K Biyografisi","datePublished":"2009-04-17T07:06:28+00:00","mainEntityOfPage":{"@id":"https:\/\/narteks.net\/index.php\/2009\/04\/17\/nevzat-celik-biyografisi\/"},"wordCount":423,"commentCount":0,"publisher":{"@id":"https:\/\/narteks.net\/#organization"},"image":{"@id":"https:\/\/narteks.net\/index.php\/2009\/04\/17\/nevzat-celik-biyografisi\/#primaryimage"},"thumbnailUrl":"http:\/\/www.google.com.tr\/images?q=tbn:dap8J7Oblw8sGM::www.cayelilisesi.com\/edebiyat\/sair\/nevzat_celik.jpg","articleSection":["Nevzat \u00c7ELIK"],"inLanguage":"tr","potentialAction":[{"@type":"CommentAction","name":"Comment","target":["https:\/\/narteks.net\/index.php\/2009\/04\/17\/nevzat-celik-biyografisi\/#respond"]}]},{"@type":"WebPage","@id":"https:\/\/narteks.net\/index.php\/2009\/04\/17\/nevzat-celik-biyografisi\/","url":"https:\/\/narteks.net\/index.php\/2009\/04\/17\/nevzat-celik-biyografisi\/","name":"Nevzat \u00c7EL\u0130K Biyografisi - narteks.net","isPartOf":{"@id":"https:\/\/narteks.net\/#website"},"primaryImageOfPage":{"@id":"https:\/\/narteks.net\/index.php\/2009\/04\/17\/nevzat-celik-biyografisi\/#primaryimage"},"image":{"@id":"https:\/\/narteks.net\/index.php\/2009\/04\/17\/nevzat-celik-biyografisi\/#primaryimage"},"thumbnailUrl":"http:\/\/www.google.com.tr\/images?q=tbn:dap8J7Oblw8sGM::www.cayelilisesi.com\/edebiyat\/sair\/nevzat_celik.jpg","datePublished":"2009-04-17T07:06:28+00:00","breadcrumb":{"@id":"https:\/\/narteks.net\/index.php\/2009\/04\/17\/nevzat-celik-biyografisi\/#breadcrumb"},"inLanguage":"tr","potentialAction":[{"@type":"ReadAction","target":["https:\/\/narteks.net\/index.php\/2009\/04\/17\/nevzat-celik-biyografisi\/"]}]},{"@type":"ImageObject","inLanguage":"tr","@id":"https:\/\/narteks.net\/index.php\/2009\/04\/17\/nevzat-celik-biyografisi\/#primaryimage","url":"http:\/\/www.google.com.tr\/images?q=tbn:dap8J7Oblw8sGM::www.cayelilisesi.com\/edebiyat\/sair\/nevzat_celik.jpg","contentUrl":"http:\/\/www.google.com.tr\/images?q=tbn:dap8J7Oblw8sGM::www.cayelilisesi.com\/edebiyat\/sair\/nevzat_celik.jpg"},{"@type":"BreadcrumbList","@id":"https:\/\/narteks.net\/index.php\/2009\/04\/17\/nevzat-celik-biyografisi\/#breadcrumb","itemListElement":[{"@type":"ListItem","position":1,"name":"Anasayfa","item":"https:\/\/narteks.net\/"},{"@type":"ListItem","position":2,"name":"Nevzat \u00c7EL\u0130K Biyografisi"}]},{"@type":"WebSite","@id":"https:\/\/narteks.net\/#website","url":"https:\/\/narteks.net\/","name":"narteks.net","description":"K\u00fclt\u00fcr Sanat Edebiyat Felsefe","publisher":{"@id":"https:\/\/narteks.net\/#organization"},"alternateName":"K\u00fclt\u00fcr Sanat Edebiyat Felsefe","potentialAction":[{"@type":"SearchAction","target":{"@type":"EntryPoint","urlTemplate":"https:\/\/narteks.net\/?s={search_term_string}"},"query-input":{"@type":"PropertyValueSpecification","valueRequired":true,"valueName":"search_term_string"}}],"inLanguage":"tr"},{"@type":"Organization","@id":"https:\/\/narteks.net\/#organization","name":"narteks.net","url":"https:\/\/narteks.net\/","logo":{"@type":"ImageObject","inLanguage":"tr","@id":"https:\/\/narteks.net\/#\/schema\/logo\/image\/","url":"https:\/\/narteks.net\/wp-content\/uploads\/narteks.png","contentUrl":"https:\/\/narteks.net\/wp-content\/uploads\/narteks.png","width":300,"height":90,"caption":"narteks.net"},"image":{"@id":"https:\/\/narteks.net\/#\/schema\/logo\/image\/"},"sameAs":["https:\/\/x.com\/narteks","https:\/\/instagram.com\/narteksnet"]},{"@type":"Person","@id":"https:\/\/narteks.net\/#\/schema\/person\/61f37d9834294b72d31d274e7ed79bca","name":"Tar\u0131k","image":{"@type":"ImageObject","inLanguage":"tr","@id":"https:\/\/narteks.net\/#\/schema\/person\/image\/","url":"https:\/\/secure.gravatar.com\/avatar\/50865afb55632c4ae467e0af0930f6510aa2297d8014be502a55b14f3b7550cf?s=96&d=mm&r=g","contentUrl":"https:\/\/secure.gravatar.com\/avatar\/50865afb55632c4ae467e0af0930f6510aa2297d8014be502a55b14f3b7550cf?s=96&d=mm&r=g","caption":"Tar\u0131k"},"sameAs":["http:\/\/narteks.net"],"url":"https:\/\/narteks.net\/index.php\/author\/narbak\/"}]}},"_links":{"self":[{"href":"https:\/\/narteks.net\/index.php\/wp-json\/wp\/v2\/posts\/685","targetHints":{"allow":["GET"]}}],"collection":[{"href":"https:\/\/narteks.net\/index.php\/wp-json\/wp\/v2\/posts"}],"about":[{"href":"https:\/\/narteks.net\/index.php\/wp-json\/wp\/v2\/types\/post"}],"author":[{"embeddable":true,"href":"https:\/\/narteks.net\/index.php\/wp-json\/wp\/v2\/users\/1"}],"replies":[{"embeddable":true,"href":"https:\/\/narteks.net\/index.php\/wp-json\/wp\/v2\/comments?post=685"}],"version-history":[{"count":0,"href":"https:\/\/narteks.net\/index.php\/wp-json\/wp\/v2\/posts\/685\/revisions"}],"wp:attachment":[{"href":"https:\/\/narteks.net\/index.php\/wp-json\/wp\/v2\/media?parent=685"}],"wp:term":[{"taxonomy":"category","embeddable":true,"href":"https:\/\/narteks.net\/index.php\/wp-json\/wp\/v2\/categories?post=685"},{"taxonomy":"post_tag","embeddable":true,"href":"https:\/\/narteks.net\/index.php\/wp-json\/wp\/v2\/tags?post=685"}],"curies":[{"name":"wp","href":"https:\/\/api.w.org\/{rel}","templated":true}]}}