{"id":6852,"date":"2011-10-09T16:32:13","date_gmt":"2011-10-09T13:32:13","guid":{"rendered":"http:\/\/localhost\/wordpress\/2011\/10\/09\/immanuel-kanta-ait-aforizmalar\/"},"modified":"2011-10-09T16:32:13","modified_gmt":"2011-10-09T13:32:13","slug":"immanuel-kanta-ait-aforizmalar","status":"publish","type":"post","link":"https:\/\/narteks.net\/index.php\/2011\/10\/09\/immanuel-kanta-ait-aforizmalar\/","title":{"rendered":"Immanuel Kant&#8217;a ait Aforizmalar"},"content":{"rendered":"<p><img loading=\"lazy\" decoding=\"async\" src=\"http:\/\/upload.wikimedia.org\/wikipedia\/en\/3\/3f\/Immanuel_Kant_3.jpg\" border=\"0\" width=\"155\" height=\"205\" \/><\/p>\n<p>*\u00a0\u00a0\u00a0 Akl\u0131mda merak, \u015f\u00fcphe ve sayg\u0131 uyand\u0131ran iki \u015fey vard\u0131r: \u00dczerimde y\u0131ld\u0131z gibi parlayan cennet ve i\u00e7imdeki ahlak yasas\u0131.<br \/>*\u00a0\u00a0\u00a0 Ayd\u0131nlanma; ki\u015finin kendi akl\u0131n\u0131 kullanmaya c\u00fcret etmesidir.<br \/>*\u00a0\u00a0\u00a0 Ba\u015fkalar\u0131n\u0131 kendi ama\u00e7lar\u0131n\u0131 ger\u00e7ekle\u015ftirmek i\u00e7in ara\u00e7 olarak g\u00f6rme.<br \/>*\u00a0\u00a0\u00a0 Bilgi deneyle ba\u015flar ama deneyden do\u011fmaz.<br \/>*\u00a0\u00a0\u00a0 Bizler s\u0131rlarla dolu bir evrende bir r\u00fcyan\u0131n r\u00fcyas\u0131n\u0131 g\u00f6rmekteyiz. Ger\u00e7ekte bildi\u011fimiz hi\u00e7bir \u015fey yoktur. Bildi\u011fimizi sand\u0131\u011f\u0131m\u0131z \u015fey sadece olaylard\u0131r. O olaylar ki, bilmedi\u011fimiz bir objeyle asla bilemeyece\u011fimiz bir s\u00fcjenin birbirlerine olan ilgisinden do\u011fmu\u015ftur.<br \/>*\u00a0\u00a0\u00a0 B\u00f6cek olmay\u0131 kabul edenler, ayaklar alt\u0131nda kal\u0131p ezilmekten yak\u0131nmamal\u0131d\u0131r.<br \/>*\u00a0\u00a0\u00a0 B\u00fct\u00fcn sahip oldu\u011fumuz bilginin tecr\u00fcbe ile ba\u015flad\u0131\u011f\u0131na \u015f\u00fcphe yoktur.<br \/>*\u00a0\u00a0\u00a0 Dogmalar ve kurallar, insan\u0131n do\u011fal yetilerinin akla uygun kullan\u0131l\u0131\u015f\u0131n\u0131n ya da daha do\u011fru bir deyi\u015fle k\u00f6t\u00fcye kullan\u0131lmas\u0131n\u0131n bu mekanik ara\u00e7lar\u0131, erginle\u015fme ve olgunla\u015fma i\u00e7in s\u00fcrekli bir ayakba\u011f\u0131 olurlar.<br \/>*\u00a0\u00a0\u00a0 Her ne kadar inanmasam da bir tanr\u0131n\u0131n varl\u0131\u011f\u0131n\u0131 kabul etmek gerekir.<br \/>*\u00a0\u00a0\u00a0 \u0130ki \u015fey var ki, ruhumu hep yeni, hep artan bir hayranl\u0131k ve m\u00fcthi\u015f bir sayg\u0131yla dolduruyor: \u00dczerimdeki y\u0131ld\u0131zl\u0131 g\u00f6ky\u00fcz\u00fc ve vicdan\u0131mdaki ahlak yasas\u0131.<br \/>*\u00a0\u00a0\u00a0 \u0130nanca yer a\u00e7mak i\u00e7in bilgiyi bir kenara b\u0131rakt\u0131m.<br \/>*\u00a0\u00a0\u00a0 \u0130nsan\u0131n yarat\u0131ld\u0131\u011f\u0131 b\u00f6yle yamuk odundan d\u00fczg\u00fcn hi\u00e7bir \u015fey yap\u0131lamaz.<br \/>*\u00a0\u00a0\u00a0 \u0130nsanlar \u0131\u015f\u0131\u011f\u0131 g\u00f6rmez, \u0131\u015f\u0131kla g\u00f6r\u00fcr.<br \/>*\u00a0\u00a0\u00a0 \u0130yilik bir g\u00f6revdir.<br \/>*\u00a0\u00a0\u00a0 Ne var ki her yandan \u00abd\u00fc\u015f\u00fcnmeyin! akl\u0131n\u0131z\u0131 kullanmay\u0131n! \u00bb diye ba\u011f\u0131r\u0131ld\u0131\u011f\u0131n\u0131 i\u015fitiyorum. Subay, \u00abD\u00fc\u015f\u00fcnme, e\u011fitimini yap! \u00bb, maliyeci \u00abd\u00fc\u015f\u00fcnme, vergini \u00f6de! \u00bb, din adam\u0131 \u00abd\u00fc\u015f\u00fcnme, inan! \u00bb diyorlar.<br \/>*\u00a0\u00a0\u00a0 U\u00e7arken havay\u0131 kesen ve onun direncini hisseden ku\u015f, bunu havas\u0131z (vakum) yerde daha iyi yapabilece\u011fi kan\u0131s\u0131na kap\u0131labilir. <br \/>*\u00a0\u00a0\u00a0 Zaman,sessiz bir testeredir.<br \/>*\u00a0\u00a0\u00a0 Kavramlar duyusuz bo\u015ftur duyular kavrams\u0131z k\u00f6rd\u00fcr.<\/p>\n","protected":false},"excerpt":{"rendered":"<p>*\u00a0\u00a0\u00a0 Akl\u0131mda merak, \u015f\u00fcphe ve sayg\u0131 uyand\u0131ran iki \u015fey vard\u0131r: \u00dczerimde y\u0131ld\u0131z gibi parlayan cennet ve i\u00e7imdeki ahlak yasas\u0131.*\u00a0\u00a0\u00a0 Ayd\u0131nlanma; ki\u015finin kendi akl\u0131n\u0131 kullanmaya c\u00fcret etmesidir.*\u00a0\u00a0\u00a0 Ba\u015fkalar\u0131n\u0131 kendi ama\u00e7lar\u0131n\u0131 ger\u00e7ekle\u015ftirmek i\u00e7in ara\u00e7 olarak g\u00f6rme.*\u00a0\u00a0\u00a0 Bilgi deneyle ba\u015flar ama deneyden do\u011fmaz.*\u00a0\u00a0\u00a0 Bizler s\u0131rlarla dolu bir evrende bir r\u00fcyan\u0131n r\u00fcyas\u0131n\u0131 g\u00f6rmekteyiz. Ger\u00e7ekte bildi\u011fimiz hi\u00e7bir \u015fey yoktur. Bildi\u011fimizi [&hellip;]<\/p>\n","protected":false},"author":1,"featured_media":0,"comment_status":"open","ping_status":"open","sticky":false,"template":"","format":"standard","meta":{"footnotes":""},"categories":[194],"tags":[],"class_list":["post-6852","post","type-post","status-publish","format-standard","category-aforizmalar"],"yoast_head":"<!-- This site is optimized with the Yoast SEO Premium plugin v24.9 (Yoast SEO v24.9) - https:\/\/yoast.com\/wordpress\/plugins\/seo\/ -->\n<title>Immanuel Kant&#039;a ait Aforizmalar - narteks.net<\/title>\n<meta name=\"robots\" content=\"index, follow, max-snippet:-1, max-image-preview:large, max-video-preview:-1\" \/>\n<link rel=\"canonical\" href=\"https:\/\/narteks.net\/index.php\/2011\/10\/09\/immanuel-kanta-ait-aforizmalar\/\" \/>\n<meta property=\"og:locale\" content=\"tr_TR\" \/>\n<meta property=\"og:type\" content=\"article\" \/>\n<meta property=\"og:title\" content=\"Immanuel Kant&#039;a ait Aforizmalar\" \/>\n<meta property=\"og:description\" content=\"*\u00a0\u00a0\u00a0 Akl\u0131mda merak, \u015f\u00fcphe ve sayg\u0131 uyand\u0131ran iki \u015fey vard\u0131r: \u00dczerimde y\u0131ld\u0131z gibi parlayan cennet ve i\u00e7imdeki ahlak yasas\u0131.*\u00a0\u00a0\u00a0 Ayd\u0131nlanma; ki\u015finin kendi akl\u0131n\u0131 kullanmaya c\u00fcret etmesidir.*\u00a0\u00a0\u00a0 Ba\u015fkalar\u0131n\u0131 kendi ama\u00e7lar\u0131n\u0131 ger\u00e7ekle\u015ftirmek i\u00e7in ara\u00e7 olarak g\u00f6rme.*\u00a0\u00a0\u00a0 Bilgi deneyle ba\u015flar ama deneyden do\u011fmaz.*\u00a0\u00a0\u00a0 Bizler s\u0131rlarla dolu bir evrende bir r\u00fcyan\u0131n r\u00fcyas\u0131n\u0131 g\u00f6rmekteyiz. Ger\u00e7ekte bildi\u011fimiz hi\u00e7bir \u015fey yoktur. Bildi\u011fimizi [&hellip;]\" \/>\n<meta property=\"og:url\" content=\"https:\/\/narteks.net\/index.php\/2011\/10\/09\/immanuel-kanta-ait-aforizmalar\/\" \/>\n<meta property=\"og:site_name\" content=\"narteks.net\" \/>\n<meta property=\"article:published_time\" content=\"2011-10-09T13:32:13+00:00\" \/>\n<meta property=\"og:image\" content=\"http:\/\/upload.wikimedia.org\/wikipedia\/en\/3\/3f\/Immanuel_Kant_3.jpg\" \/>\n<meta name=\"author\" content=\"Tar\u0131k\" \/>\n<meta name=\"twitter:card\" content=\"summary_large_image\" \/>\n<meta name=\"twitter:creator\" content=\"@narteks\" \/>\n<meta name=\"twitter:site\" content=\"@narteks\" \/>\n<meta name=\"twitter:label1\" content=\"Yazan:\" \/>\n\t<meta name=\"twitter:data1\" content=\"Tar\u0131k\" \/>\n\t<meta name=\"twitter:label2\" content=\"Tahmini okuma s\u00fcresi\" \/>\n\t<meta name=\"twitter:data2\" content=\"2 dakika\" \/>\n<script type=\"application\/ld+json\" class=\"yoast-schema-graph\">{\"@context\":\"https:\/\/schema.org\",\"@graph\":[{\"@type\":\"Article\",\"@id\":\"https:\/\/narteks.net\/index.php\/2011\/10\/09\/immanuel-kanta-ait-aforizmalar\/#article\",\"isPartOf\":{\"@id\":\"https:\/\/narteks.net\/index.php\/2011\/10\/09\/immanuel-kanta-ait-aforizmalar\/\"},\"author\":{\"name\":\"Tar\u0131k\",\"@id\":\"https:\/\/narteks.net\/#\/schema\/person\/61f37d9834294b72d31d274e7ed79bca\"},\"headline\":\"Immanuel Kant&#8217;a ait Aforizmalar\",\"datePublished\":\"2011-10-09T13:32:13+00:00\",\"mainEntityOfPage\":{\"@id\":\"https:\/\/narteks.net\/index.php\/2011\/10\/09\/immanuel-kanta-ait-aforizmalar\/\"},\"wordCount\":346,\"commentCount\":0,\"publisher\":{\"@id\":\"https:\/\/narteks.net\/#organization\"},\"image\":{\"@id\":\"https:\/\/narteks.net\/index.php\/2011\/10\/09\/immanuel-kanta-ait-aforizmalar\/#primaryimage\"},\"thumbnailUrl\":\"http:\/\/upload.wikimedia.org\/wikipedia\/en\/3\/3f\/Immanuel_Kant_3.jpg\",\"articleSection\":[\"Aforizmalar\"],\"inLanguage\":\"tr\",\"potentialAction\":[{\"@type\":\"CommentAction\",\"name\":\"Comment\",\"target\":[\"https:\/\/narteks.net\/index.php\/2011\/10\/09\/immanuel-kanta-ait-aforizmalar\/#respond\"]}]},{\"@type\":\"WebPage\",\"@id\":\"https:\/\/narteks.net\/index.php\/2011\/10\/09\/immanuel-kanta-ait-aforizmalar\/\",\"url\":\"https:\/\/narteks.net\/index.php\/2011\/10\/09\/immanuel-kanta-ait-aforizmalar\/\",\"name\":\"Immanuel Kant'a ait Aforizmalar - narteks.net\",\"isPartOf\":{\"@id\":\"https:\/\/narteks.net\/#website\"},\"primaryImageOfPage\":{\"@id\":\"https:\/\/narteks.net\/index.php\/2011\/10\/09\/immanuel-kanta-ait-aforizmalar\/#primaryimage\"},\"image\":{\"@id\":\"https:\/\/narteks.net\/index.php\/2011\/10\/09\/immanuel-kanta-ait-aforizmalar\/#primaryimage\"},\"thumbnailUrl\":\"http:\/\/upload.wikimedia.org\/wikipedia\/en\/3\/3f\/Immanuel_Kant_3.jpg\",\"datePublished\":\"2011-10-09T13:32:13+00:00\",\"breadcrumb\":{\"@id\":\"https:\/\/narteks.net\/index.php\/2011\/10\/09\/immanuel-kanta-ait-aforizmalar\/#breadcrumb\"},\"inLanguage\":\"tr\",\"potentialAction\":[{\"@type\":\"ReadAction\",\"target\":[\"https:\/\/narteks.net\/index.php\/2011\/10\/09\/immanuel-kanta-ait-aforizmalar\/\"]}]},{\"@type\":\"ImageObject\",\"inLanguage\":\"tr\",\"@id\":\"https:\/\/narteks.net\/index.php\/2011\/10\/09\/immanuel-kanta-ait-aforizmalar\/#primaryimage\",\"url\":\"http:\/\/upload.wikimedia.org\/wikipedia\/en\/3\/3f\/Immanuel_Kant_3.jpg\",\"contentUrl\":\"http:\/\/upload.wikimedia.org\/wikipedia\/en\/3\/3f\/Immanuel_Kant_3.jpg\"},{\"@type\":\"BreadcrumbList\",\"@id\":\"https:\/\/narteks.net\/index.php\/2011\/10\/09\/immanuel-kanta-ait-aforizmalar\/#breadcrumb\",\"itemListElement\":[{\"@type\":\"ListItem\",\"position\":1,\"name\":\"Anasayfa\",\"item\":\"https:\/\/narteks.net\/\"},{\"@type\":\"ListItem\",\"position\":2,\"name\":\"Immanuel Kant&#8217;a ait Aforizmalar\"}]},{\"@type\":\"WebSite\",\"@id\":\"https:\/\/narteks.net\/#website\",\"url\":\"https:\/\/narteks.net\/\",\"name\":\"narteks.net\",\"description\":\"K\u00fclt\u00fcr Sanat Edebiyat Felsefe\",\"publisher\":{\"@id\":\"https:\/\/narteks.net\/#organization\"},\"alternateName\":\"K\u00fclt\u00fcr Sanat Edebiyat Felsefe\",\"potentialAction\":[{\"@type\":\"SearchAction\",\"target\":{\"@type\":\"EntryPoint\",\"urlTemplate\":\"https:\/\/narteks.net\/?s={search_term_string}\"},\"query-input\":{\"@type\":\"PropertyValueSpecification\",\"valueRequired\":true,\"valueName\":\"search_term_string\"}}],\"inLanguage\":\"tr\"},{\"@type\":\"Organization\",\"@id\":\"https:\/\/narteks.net\/#organization\",\"name\":\"narteks.net\",\"url\":\"https:\/\/narteks.net\/\",\"logo\":{\"@type\":\"ImageObject\",\"inLanguage\":\"tr\",\"@id\":\"https:\/\/narteks.net\/#\/schema\/logo\/image\/\",\"url\":\"https:\/\/narteks.net\/wp-content\/uploads\/narteks.png\",\"contentUrl\":\"https:\/\/narteks.net\/wp-content\/uploads\/narteks.png\",\"width\":300,\"height\":90,\"caption\":\"narteks.net\"},\"image\":{\"@id\":\"https:\/\/narteks.net\/#\/schema\/logo\/image\/\"},\"sameAs\":[\"https:\/\/x.com\/narteks\",\"https:\/\/instagram.com\/narteksnet\"]},{\"@type\":\"Person\",\"@id\":\"https:\/\/narteks.net\/#\/schema\/person\/61f37d9834294b72d31d274e7ed79bca\",\"name\":\"Tar\u0131k\",\"image\":{\"@type\":\"ImageObject\",\"inLanguage\":\"tr\",\"@id\":\"https:\/\/narteks.net\/#\/schema\/person\/image\/\",\"url\":\"https:\/\/secure.gravatar.com\/avatar\/50865afb55632c4ae467e0af0930f6510aa2297d8014be502a55b14f3b7550cf?s=96&d=mm&r=g\",\"contentUrl\":\"https:\/\/secure.gravatar.com\/avatar\/50865afb55632c4ae467e0af0930f6510aa2297d8014be502a55b14f3b7550cf?s=96&d=mm&r=g\",\"caption\":\"Tar\u0131k\"},\"sameAs\":[\"http:\/\/narteks.net\"],\"url\":\"https:\/\/narteks.net\/index.php\/author\/narbak\/\"}]}<\/script>\n<!-- \/ Yoast SEO Premium plugin. -->","yoast_head_json":{"title":"Immanuel Kant'a ait Aforizmalar - narteks.net","robots":{"index":"index","follow":"follow","max-snippet":"max-snippet:-1","max-image-preview":"max-image-preview:large","max-video-preview":"max-video-preview:-1"},"canonical":"https:\/\/narteks.net\/index.php\/2011\/10\/09\/immanuel-kanta-ait-aforizmalar\/","og_locale":"tr_TR","og_type":"article","og_title":"Immanuel Kant'a ait Aforizmalar","og_description":"*\u00a0\u00a0\u00a0 Akl\u0131mda merak, \u015f\u00fcphe ve sayg\u0131 uyand\u0131ran iki \u015fey vard\u0131r: \u00dczerimde y\u0131ld\u0131z gibi parlayan cennet ve i\u00e7imdeki ahlak yasas\u0131.*\u00a0\u00a0\u00a0 Ayd\u0131nlanma; ki\u015finin kendi akl\u0131n\u0131 kullanmaya c\u00fcret etmesidir.*\u00a0\u00a0\u00a0 Ba\u015fkalar\u0131n\u0131 kendi ama\u00e7lar\u0131n\u0131 ger\u00e7ekle\u015ftirmek i\u00e7in ara\u00e7 olarak g\u00f6rme.*\u00a0\u00a0\u00a0 Bilgi deneyle ba\u015flar ama deneyden do\u011fmaz.*\u00a0\u00a0\u00a0 Bizler s\u0131rlarla dolu bir evrende bir r\u00fcyan\u0131n r\u00fcyas\u0131n\u0131 g\u00f6rmekteyiz. Ger\u00e7ekte bildi\u011fimiz hi\u00e7bir \u015fey yoktur. Bildi\u011fimizi [&hellip;]","og_url":"https:\/\/narteks.net\/index.php\/2011\/10\/09\/immanuel-kanta-ait-aforizmalar\/","og_site_name":"narteks.net","article_published_time":"2011-10-09T13:32:13+00:00","og_image":[{"url":"http:\/\/upload.wikimedia.org\/wikipedia\/en\/3\/3f\/Immanuel_Kant_3.jpg","type":"","width":"","height":""}],"author":"Tar\u0131k","twitter_card":"summary_large_image","twitter_creator":"@narteks","twitter_site":"@narteks","twitter_misc":{"Yazan:":"Tar\u0131k","Tahmini okuma s\u00fcresi":"2 dakika"},"schema":{"@context":"https:\/\/schema.org","@graph":[{"@type":"Article","@id":"https:\/\/narteks.net\/index.php\/2011\/10\/09\/immanuel-kanta-ait-aforizmalar\/#article","isPartOf":{"@id":"https:\/\/narteks.net\/index.php\/2011\/10\/09\/immanuel-kanta-ait-aforizmalar\/"},"author":{"name":"Tar\u0131k","@id":"https:\/\/narteks.net\/#\/schema\/person\/61f37d9834294b72d31d274e7ed79bca"},"headline":"Immanuel Kant&#8217;a ait Aforizmalar","datePublished":"2011-10-09T13:32:13+00:00","mainEntityOfPage":{"@id":"https:\/\/narteks.net\/index.php\/2011\/10\/09\/immanuel-kanta-ait-aforizmalar\/"},"wordCount":346,"commentCount":0,"publisher":{"@id":"https:\/\/narteks.net\/#organization"},"image":{"@id":"https:\/\/narteks.net\/index.php\/2011\/10\/09\/immanuel-kanta-ait-aforizmalar\/#primaryimage"},"thumbnailUrl":"http:\/\/upload.wikimedia.org\/wikipedia\/en\/3\/3f\/Immanuel_Kant_3.jpg","articleSection":["Aforizmalar"],"inLanguage":"tr","potentialAction":[{"@type":"CommentAction","name":"Comment","target":["https:\/\/narteks.net\/index.php\/2011\/10\/09\/immanuel-kanta-ait-aforizmalar\/#respond"]}]},{"@type":"WebPage","@id":"https:\/\/narteks.net\/index.php\/2011\/10\/09\/immanuel-kanta-ait-aforizmalar\/","url":"https:\/\/narteks.net\/index.php\/2011\/10\/09\/immanuel-kanta-ait-aforizmalar\/","name":"Immanuel Kant'a ait Aforizmalar - narteks.net","isPartOf":{"@id":"https:\/\/narteks.net\/#website"},"primaryImageOfPage":{"@id":"https:\/\/narteks.net\/index.php\/2011\/10\/09\/immanuel-kanta-ait-aforizmalar\/#primaryimage"},"image":{"@id":"https:\/\/narteks.net\/index.php\/2011\/10\/09\/immanuel-kanta-ait-aforizmalar\/#primaryimage"},"thumbnailUrl":"http:\/\/upload.wikimedia.org\/wikipedia\/en\/3\/3f\/Immanuel_Kant_3.jpg","datePublished":"2011-10-09T13:32:13+00:00","breadcrumb":{"@id":"https:\/\/narteks.net\/index.php\/2011\/10\/09\/immanuel-kanta-ait-aforizmalar\/#breadcrumb"},"inLanguage":"tr","potentialAction":[{"@type":"ReadAction","target":["https:\/\/narteks.net\/index.php\/2011\/10\/09\/immanuel-kanta-ait-aforizmalar\/"]}]},{"@type":"ImageObject","inLanguage":"tr","@id":"https:\/\/narteks.net\/index.php\/2011\/10\/09\/immanuel-kanta-ait-aforizmalar\/#primaryimage","url":"http:\/\/upload.wikimedia.org\/wikipedia\/en\/3\/3f\/Immanuel_Kant_3.jpg","contentUrl":"http:\/\/upload.wikimedia.org\/wikipedia\/en\/3\/3f\/Immanuel_Kant_3.jpg"},{"@type":"BreadcrumbList","@id":"https:\/\/narteks.net\/index.php\/2011\/10\/09\/immanuel-kanta-ait-aforizmalar\/#breadcrumb","itemListElement":[{"@type":"ListItem","position":1,"name":"Anasayfa","item":"https:\/\/narteks.net\/"},{"@type":"ListItem","position":2,"name":"Immanuel Kant&#8217;a ait Aforizmalar"}]},{"@type":"WebSite","@id":"https:\/\/narteks.net\/#website","url":"https:\/\/narteks.net\/","name":"narteks.net","description":"K\u00fclt\u00fcr Sanat Edebiyat Felsefe","publisher":{"@id":"https:\/\/narteks.net\/#organization"},"alternateName":"K\u00fclt\u00fcr Sanat Edebiyat Felsefe","potentialAction":[{"@type":"SearchAction","target":{"@type":"EntryPoint","urlTemplate":"https:\/\/narteks.net\/?s={search_term_string}"},"query-input":{"@type":"PropertyValueSpecification","valueRequired":true,"valueName":"search_term_string"}}],"inLanguage":"tr"},{"@type":"Organization","@id":"https:\/\/narteks.net\/#organization","name":"narteks.net","url":"https:\/\/narteks.net\/","logo":{"@type":"ImageObject","inLanguage":"tr","@id":"https:\/\/narteks.net\/#\/schema\/logo\/image\/","url":"https:\/\/narteks.net\/wp-content\/uploads\/narteks.png","contentUrl":"https:\/\/narteks.net\/wp-content\/uploads\/narteks.png","width":300,"height":90,"caption":"narteks.net"},"image":{"@id":"https:\/\/narteks.net\/#\/schema\/logo\/image\/"},"sameAs":["https:\/\/x.com\/narteks","https:\/\/instagram.com\/narteksnet"]},{"@type":"Person","@id":"https:\/\/narteks.net\/#\/schema\/person\/61f37d9834294b72d31d274e7ed79bca","name":"Tar\u0131k","image":{"@type":"ImageObject","inLanguage":"tr","@id":"https:\/\/narteks.net\/#\/schema\/person\/image\/","url":"https:\/\/secure.gravatar.com\/avatar\/50865afb55632c4ae467e0af0930f6510aa2297d8014be502a55b14f3b7550cf?s=96&d=mm&r=g","contentUrl":"https:\/\/secure.gravatar.com\/avatar\/50865afb55632c4ae467e0af0930f6510aa2297d8014be502a55b14f3b7550cf?s=96&d=mm&r=g","caption":"Tar\u0131k"},"sameAs":["http:\/\/narteks.net"],"url":"https:\/\/narteks.net\/index.php\/author\/narbak\/"}]}},"_links":{"self":[{"href":"https:\/\/narteks.net\/index.php\/wp-json\/wp\/v2\/posts\/6852","targetHints":{"allow":["GET"]}}],"collection":[{"href":"https:\/\/narteks.net\/index.php\/wp-json\/wp\/v2\/posts"}],"about":[{"href":"https:\/\/narteks.net\/index.php\/wp-json\/wp\/v2\/types\/post"}],"author":[{"embeddable":true,"href":"https:\/\/narteks.net\/index.php\/wp-json\/wp\/v2\/users\/1"}],"replies":[{"embeddable":true,"href":"https:\/\/narteks.net\/index.php\/wp-json\/wp\/v2\/comments?post=6852"}],"version-history":[{"count":0,"href":"https:\/\/narteks.net\/index.php\/wp-json\/wp\/v2\/posts\/6852\/revisions"}],"wp:attachment":[{"href":"https:\/\/narteks.net\/index.php\/wp-json\/wp\/v2\/media?parent=6852"}],"wp:term":[{"taxonomy":"category","embeddable":true,"href":"https:\/\/narteks.net\/index.php\/wp-json\/wp\/v2\/categories?post=6852"},{"taxonomy":"post_tag","embeddable":true,"href":"https:\/\/narteks.net\/index.php\/wp-json\/wp\/v2\/tags?post=6852"}],"curies":[{"name":"wp","href":"https:\/\/api.w.org\/{rel}","templated":true}]}}