{"id":6854,"date":"2011-10-10T14:56:08","date_gmt":"2011-10-10T11:56:08","guid":{"rendered":"http:\/\/localhost\/wordpress\/2011\/10\/10\/insanlari-titreten-haydut-en-sonunda-kapana-kisildi-zengonun-hikayesi-aziz-nesin\/"},"modified":"2011-10-10T14:56:08","modified_gmt":"2011-10-10T11:56:08","slug":"insanlari-titreten-haydut-en-sonunda-kapana-kisildi-zengonun-hikayesi-aziz-nesin","status":"publish","type":"post","link":"https:\/\/narteks.net\/index.php\/2011\/10\/10\/insanlari-titreten-haydut-en-sonunda-kapana-kisildi-zengonun-hikayesi-aziz-nesin\/","title":{"rendered":"\u0130nsanlar\u0131 titreten haydut, en sonunda kapana k\u0131s\u0131ld\u0131 | Zengo&#8217;nun Hikayesi &#8211; Aziz Nesin"},"content":{"rendered":"<p style=\"text-align: justify;\"><img decoding=\"async\" src=\"images\/stories\/aziz_nesin.jpg\" border=\"0\" style=\"float: left;\" \/>&#8220;Petir Canavar\u0131 Zengo yakaland\u0131. Be\u015f vilayet s\u0131n\u0131r\u0131 i\u00e7inde sindirip s\u0131nd\u0131rmad\u0131\u011f\u0131 kimse kalmam\u0131\u015ft\u0131. \u0130nsanlar\u0131 titreten haydut, en sonunda kapana k\u0131s\u0131ld\u0131.&#8221;<\/p>\n<p>H\u00fck\u00fcmet kona\u011f\u0131 \u00f6n\u00fcndeki caddeden ge\u00e7erken b\u00fct\u00fcn yol boyu, onu g\u00f6rmek i\u00e7in gelenlerle dolmu\u015ftu. \u0130ki eli bir zincire vurulmu\u015ftu. Sarkan zincirin ucu yerde s\u00fcr\u00fcn\u00fcp \u015fak\u0131rd\u0131yordu. Sa\u011f\u0131nda iki jandarma, solunda iki jandarma, arkas\u0131nda be\u015f jandarma vard\u0131. Jandarma komutan\u0131 astsubay da en \u00f6nde gidiyordu.<\/p>\n<p>Herkes onu merak ediyor, g\u00f6rmek istiyordu da, yine de kimse yak\u0131n\u0131na sokulam\u0131yordu. Arkadaki merakl\u0131lar, Petir canavar\u0131n\u0131 g\u00f6rmek i\u00e7in \u00f6ndekileri ittik\u00e7e, \u00f6ndekiler geri direniyor, canavara sokulmaktan \u00fcrk\u00fcyorlard\u0131. Jandarmalar\u0131n aras\u0131ndaki Zengo ilerledik\u00e7e, kalabal\u0131\u011f\u0131 b\u0131\u00e7ak gibi yar\u0131yor, \u00f6n\u00fc a\u00e7\u0131l\u0131p bo\u015fal\u0131yordu. Ama ka\u00e7\u0131\u015fan halk, uzaktan da olsa, Zengo&#8217;ya bir t\u00fck\u00fcr\u00fck atmaktan geri durmuyordu. Zengo&#8217;ya ta\u015f atanlar bile vard\u0131. Ya\u015fl\u0131 kad\u0131nlar yumruklar\u0131n\u0131 s\u0131k\u0131yorlard\u0131.<\/p>\n<p>&#8220;Kahrol Zengooooo!&#8221;<\/p>\n<p>&#8220;Geber Zengo!&#8221;<\/p>\n<p>Her e\u015fkiyan\u0131n az \u00e7ok, bir iki seveni bulunur. Hi\u00e7 de\u011filse yak\u0131n h\u0131s\u0131mlar\u0131 sever. Zengo&#8217;yu bir tek ki\u015fi, \u00f6z karde\u015fi bile sevmiyordu. Onun i\u00e7in, bir an \u00f6nce as\u0131lmas\u0131n\u0131 en isteyenler, kendi k\u00f6yl\u00fcleri, yak\u0131n h\u0131s\u0131mlar\u0131yd\u0131.<\/p>\n<p style=\"text-align: justify;\">En azg\u0131n, ez az\u0131l\u0131 e\u015fkiyan\u0131n bile, uydurma da olsa bir ka\u00e7 iyili\u011fi anlat\u0131l\u0131r, e\u015fkiyan\u0131n en canavar\u0131 bile masalla\u015ft\u0131r\u0131l\u0131r. &#8220;Zengini soyar, yoksula verir&#8221; derler.\u00a0 &#8220;\u00d6ks\u00fcz k\u0131zlara d\u00fc\u011f\u00fcn dernek yapar,&#8221; derler. Ne de olas\u0131 bir iyili\u011fini s\u00f6ylerler. Zengo i\u00e7in hi\u00e7 kimse iyi bir \u015fey s\u00f6ylemiyordu. Bu Zengo \u00e7ocuklu\u011fundan beri canavard\u0131. Adam \u00f6ld\u00fcrmekten, ama hi\u00e7 bir sebep yokken cana k\u0131ymaktan zevk al\u0131yordu. \u00d6ld\u00fcrece\u011fi adam\u0131n zeki ya da yoksul, kad\u0131n ya da erkek, ya\u015fl\u0131 ya da gen\u00e7 olmas\u0131 onun i\u00e7in \u00f6nemli de\u011fildi. Y\u0131llarca da\u011flarda bir ba\u015f\u0131na gezmi\u015fti. Yan\u0131na kimse sokulamazd\u0131 ki onunla arkada\u015f olsun.<\/p>\n<p>Yakaland\u0131\u011f\u0131 zaman \u00fcst\u00fcnde iki milyon liraya yak\u0131n bozuk para \u00e7\u0131km\u0131\u015ft\u0131. Oysa her \u00f6ld\u00fcrd\u00fc\u011f\u00fc adamdan be\u015f milyon alm\u0131\u015f olsayd\u0131, ceplerinin alt\u0131nla dolmas\u0131 gerekirdi. Paras\u0131 yoktu. \u00c7\u00fcnk\u00fc para i\u00e7in adam \u00f6ld\u00fcrm\u00fcyordu. Belki de b\u00fct\u00fcn insanlar\u0131 \u00f6ld\u00fcr\u00fcp, bu koca yery\u00fcz\u00fcnde bir ba\u015f\u0131na rahat\u00e7a ya\u015famak istiyordu. Daha do\u011frusu ni\u00e7in adam \u00f6ld\u00fcrd\u00fc\u011f\u00fc belli de\u011fildi, bunu belki kendisi de bilmiyordu.<\/p>\n<p>\u00c7ocuklu\u011funda yakalad\u0131\u011f\u0131 tavuklar\u0131n ba\u015f\u0131n\u0131 di\u015fleriyle kopar\u0131rm\u0131\u015f. Sonra kedilerin g\u00f6zlerini oymaya, k\u00f6peklerin karn\u0131n\u0131 de\u015fmeye ba\u015flam\u0131\u015f.<\/p>\n<p>Da\u011fa ilk \u00e7\u0131k\u0131\u015f\u0131, evlili\u011finin ilk gecesi olmu\u015f. Zengo, k\u00f6y\u00fcn\u00fcn en zengini. Yaln\u0131z\u00a0 kendi k\u00f6y\u00fcn\u00fcn de\u011fil, b\u00fct\u00fcn \u00e7evre k\u00f6ylerin en zengini. B\u00f6yle oldu\u011fu i\u00e7in de \u00e7ok g\u00fczel bir k\u0131zla evlendi. K\u0131z\u0131n babas\u0131na y\u00fcz koyunluk bir s\u00fcr\u00fcyle \u00fc\u00e7 y\u00fcz de alt\u0131n verdi. K\u0131z\u0131 ald\u0131. K\u0131z, evlilik gecelerine kadar Zengo&#8217;nun y\u00fcz\u00fcn\u00fc hi\u00e7 g\u00f6rmemi\u015fti. \u0130lk o gece g\u00f6rd\u00fc. G\u00f6rmesiyle de bir \u00e7\u0131\u011fl\u0131k at\u0131p, iki elini y\u00fcz\u00fcne kapayarak ka\u00e7mas\u0131 bir oldu. Ama ka\u00e7acak yer yoktu. Zengo kap\u0131y\u0131 tutmu\u015ftu. K\u0131z iki avucu y\u00fcz\u00fcne kapal\u0131, \u00e7\u0131\u011fl\u0131k \u00e7\u0131\u011fl\u0131\u011fa duvara s\u0131rt\u0131n\u0131 verip k\u00f6\u015feye b\u00fcz\u00fcld\u00fc. Parmaklar\u0131n\u0131n aras\u0131ndan Zengo&#8217;ya bak\u0131p \u00e7\u0131\u011fl\u0131\u011f\u0131 bas\u0131yordu.<\/p>\n<p>Zengo&#8217;yu g\u00f6r\u00fcp de korkmamak olanaks\u0131zd\u0131. Boyu iki metreyi a\u015fk\u0131nd\u0131. Elleri k\u00fcrek kadar iriydi. Ya hele y\u00fcz\u00fc&#8230; Do\u011fdu\u011fu zaman, kat\u0131r ba\u015fl\u0131 bir \u00e7ocuk do\u011fdu diye b\u00fct\u00fcn k\u00f6yl\u00fc \u015fa\u015f\u0131rm\u0131\u015ft\u0131. Bu ba\u015f yaln\u0131z kat\u0131r ba\u015f\u0131na da benzemiyordu. Biraz kat\u0131r, biraz domuz, biraz manda&#8230; \u015ea\u015f\u0131las\u0131 bir ba\u015f. B\u00fct\u00fcn hayvanlara benziyor, yaln\u0131z insana benzemiyordu.<\/p>\n<p>Anas\u0131n\u0131n bu \u00e7ocu\u011fa, bir ay\u0131dan hamile kald\u0131\u011f\u0131n\u0131 s\u00f6yleyenler bile vard\u0131. Zengo b\u00fcy\u00fcd\u00fck\u00e7e daha korkun\u00e7la\u015ft\u0131. Tepeg\u00f6zl\u00fc, fincan irili\u011findeki iki g\u00f6z\u00fcn\u00fcn biri aln\u0131nda, biri de yan a\u015fa\u011f\u0131dayd\u0131. \u0130ri burnu, surat\u0131na saplanm\u0131\u015f bir b\u0131\u00e7a\u011f\u0131n sap\u0131 gibi duruyordu. Yanpiri, kocaman a\u011fz\u0131 vard\u0131. \u00c7i\u011f pirzola gibi alt duda\u011f\u0131 sark\u0131k, iri di\u015fleri de g\u00f6r\u00fcn\u00fcrd\u00fc. B\u00fct\u00fcn y\u00fcz\u00fc k\u0131llarla kapl\u0131yd\u0131.<\/p>\n<p>G\u00fczel gelin, Zengo&#8217;yu b\u00f6yle g\u00f6r\u00fcnce korkudan titreyerek k\u00f6\u015feye b\u00fcz\u00fcld\u00fc. \u0130ki eliyle y\u00fcz\u00fcn\u00fc\u00a0 kapad\u0131. Parmaklar\u0131n\u0131n aras\u0131ndan\u00a0 Zengo&#8217;ya bakt\u0131k\u00e7a \u00e7\u0131\u011fl\u0131\u011f\u0131 bas\u0131yordu. Zengo g\u00fcl\u00fcmsemeye \u00e7al\u0131\u015ft\u0131. Ama beceremedi. \u00c7\u00fcnk\u00fc nas\u0131l g\u00fcl\u00fcnd\u00fc\u011f\u00fcn\u00fc hi\u00e7 bilmiyordu. Geline do\u011fru, ellerini a\u00e7arak y\u00fcr\u00fcd\u00fc. Maksad\u0131 geline g\u00fcl\u00fcmsemek, &#8220;Korkma, korkma benden&#8221;\u00a0 diye ona yalvarmakt\u0131.<\/p>\n<p>Ona yalvaracak, insan oldu\u011funu s\u00f6yleyecek, &#8220;Ba\u011f\u0131rma, istersen vazge\u00e7elim.\u00a0 Yar\u0131n sabah baban\u0131n evine git!..&#8221; diyecekti.\u00a0\u00a0\u00a0\u00a0\u00a0\u00a0\u00a0\u00a0 Ama gelin, bunu anlayamad\u0131. Zengo&#8217;nun ellerini a\u00e7\u0131p \u00fczerine y\u00fcr\u00fcd\u00fc\u011f\u00fcn\u00fc g\u00f6r\u00fcnce bay\u0131ld\u0131, bo\u015f bir \u00e7uval gibi orac\u0131\u011fa y\u0131\u011f\u0131l\u0131p kald\u0131.<\/p>\n<p>Zengo, hi\u00e7 so\u011fukkanl\u0131l\u0131\u011f\u0131n\u0131 yitirmeden gelini ok\u015faya ok\u015faya bo\u011fdu. Sonra onu koynuna al\u0131p sabaha kadar beraber yatt\u0131. G\u00fcn \u0131\u015f\u0131madan da ba\u015f\u0131n\u0131 al\u0131p da\u011fa \u00e7\u0131kt\u0131. Aradan bir hafta ge\u00e7meden Zengo, k\u0131z\u0131n babas\u0131n\u0131 \u00f6ld\u00fcrd\u00fc. Ama bu, ba\u015fka cinayetlere benzemiyordu. Adam\u0131 lokma lokma do\u011fram\u0131\u015f, her lokmas\u0131n\u0131 k\u00f6y yoluna serpmi\u015fti. Ertesi sabah yollarda parmaklar, kulaklar, burun g\u00f6rd\u00fcler.<\/p>\n<p>Zengo, daha sonra, kendi iki karde\u015fini \u00f6ld\u00fcrd\u00fc. Karde\u015fleri, kendisi gibi korkun\u00e7 de\u011fillerdi. K\u0131z karde\u015fini, ba\u015f\u0131ndan a\u015fa\u011f\u0131 gaz d\u00f6kerek geceleyin tutu\u015fturmu\u015ftu. K\u0131z, gecenin karanl\u0131\u011f\u0131nda alevler i\u00e7inde tutu\u015fa tutu\u015fa da\u011flara do\u011fru ko\u015farak yand\u0131, k\u00fcl oldu.<\/p>\n<p>Abisini de bir gece baltayla\u00a0 par\u00e7alay\u0131p ba\u015f\u0131n\u0131, kollar\u0131n\u0131, g\u00f6vdesini, ayaklar\u0131n\u0131 ayr\u0131 ayr\u0131 a\u011fa\u00e7lara ast\u0131.<\/p>\n<p>Bundan sonra Zengo&#8217;nun cinayetlerinin ard\u0131 arkas\u0131 kesilmedi. \u00d6nce kendi h\u0131s\u0131mlar\u0131n\u0131 \u00f6ld\u00fcrd\u00fc. \u00c7ocuk demiyor, kad\u0131n demiyor, ya\u015fl\u0131 demiyor \u00f6ld\u00fcr\u00fcyordu. \u00d6ld\u00fcrmekle de h\u0131rs\u0131n\u0131 alamazsa, cesedi yak\u0131yordu.<\/p>\n<p>Da\u011fda ya\u015f\u0131yordu. Pek s\u0131k\u0131\u015f\u0131r da yakalanaca\u011f\u0131n\u0131 anlarsa, s\u0131n\u0131rdan ka\u00e7\u0131yordu.<\/p>\n<p>Bir kez yakalanm\u0131\u015f, hapishane duvar\u0131n\u0131\u00a0 delerek ka\u00e7m\u0131\u015ft\u0131. Jandarmalar\u0131n aras\u0131nda caddeden ge\u00e7en Petir canavar\u0131n\u0131 halk ta\u015fl\u0131yor, surat\u0131na t\u00fck\u00fcr\u00fcyordu. Ama ona yakla\u015fmaya da korkuyorlard\u0131.<\/p>\n<p>G\u00f6\u011fs\u00fcnde \u00e7aprazlama fi\u015feklik vard\u0131. Bir dev gibi y\u00fcr\u00fcyor, koskocaman ayaklar\u0131, deve taban\u0131 gibi yere l\u00f6p l\u00f6p bas\u0131yordu.<\/p>\n<p>Silah\u0131, fi\u015fekleri al\u0131nan Zengo, hapishanenin bodrumundaki h\u00fccreye at\u0131ld\u0131. Mahkemesi ba\u015flad\u0131. Zengo avukat tutacakt\u0131. Ama paras\u0131 yoktu. K\u00f6y\u00fcndeki geni\u015f topraklar\u0131n\u0131, b\u00fct\u00fcn mallar\u0131n\u0131, ineklerini, evini satt\u0131. Eline \u00e7ok b\u00fcy\u00fck para ge\u00e7ti. Bu kez de kendisini savunacak avukat bulamad\u0131. Zengo&#8217;dan herkes nefret etti\u011fi i\u00e7in, hi\u00e7bir avukat onun davas\u0131n\u0131 almak istemiyordu. Alsalar neye yarard\u0131! Hi\u00e7 bir avukat, Zengo&#8217;yu idamdan kurtaramayaca\u011f\u0131n\u0131 biliyordu. Onun i\u00e7in de davas\u0131n\u0131 alm\u0131yorlard\u0131. Ama en sonunda Zengo bir avukat buldu. Avukata \u00e7ok para verdi.<\/p>\n<p>Herkes,\u00a0 &#8220;\u0130damdan kurtaramazsa, Zengo avukat\u0131 \u00f6ld\u00fcr\u00fcr,&#8221;\u00a0 diyordu. \u0130dama gitmeden hapisten ka\u00e7ar, belki de mahkeme salonunda avukat\u0131 \u00f6ld\u00fcr\u00fcrd\u00fc. O, bir ki\u015fiyi \u00f6ld\u00fcrmeyi kafas\u0131na koymu\u015fsa \u00f6ld\u00fcr\u00fcr. On, on be\u015f ki\u015fi, bu dev azman\u0131yla ba\u015f edemezdi.<\/p>\n<p>Zengo, avukat\u0131n\u0131n kendisini yaln\u0131z idamdan de\u011fil, hapisten bile kurtaraca\u011f\u0131na inan\u0131yordu. O kadar \u00e7ok para vermi\u015fti ki avukata, Zengo&#8217;yu kurtarmal\u0131yd\u0131 o.<\/p>\n<p>Mahkeme uzun s\u00fcrd\u00fc. Sonunda s\u0131ra avukat\u0131n\u00a0 Zengo&#8217;yu savunmas\u0131na geldi. Ne olacaksa i\u015fte bu oturumda olacakt\u0131.<\/p>\n<p>On s\u00fcng\u00fcl\u00fc jandarman\u0131n aras\u0131nda mahkemeye gelen elleri kelep\u00e7eli Zengo&#8217;ya kalabal\u0131ktan \u00e7ok ki\u015fi ba\u011f\u0131r\u0131yordu.<\/p>\n<p>&#8220;Geber Zengo!..&#8221;<\/p>\n<p>&#8220;\u0130pe ipe Zengo!..&#8221;<\/p>\n<p>Mahkeme salonuna girerken, Zengo&#8217;nun bileklerindeki kelep\u00e7eyi \u00e7\u00f6zd\u00fcler. Zengo, iki jandarman\u0131n mahkeme salonuna girdi.<\/p>\n<p>S\u00f6z savunman\u0131n. Avukat aya\u011fa kalkt\u0131, \u00f6ks\u00fcrd\u00fc. Titrek, korkulu bir \u00f6ks\u00fcr\u00fckt\u00fc bu. Zengo&#8217;nun savunulacak bir yan\u0131 yoktu. B\u00fct\u00fcn su\u00e7lar\u0131, tan\u0131klar\u0131yla, kan\u0131tlar\u0131yla ortadayd\u0131. Yaln\u0131z bilineni yirmi cana k\u0131ym\u0131\u015ft\u0131. Daha bilinmeyeni kimbilir ne kadard\u0131? Avukat, bir kurtulu\u015f umudu olarak Zengo&#8217;nun deli oldu\u011funu ileri s\u00fcrm\u00fc\u015f, ama t\u0131bbi g\u00f6zlem alt\u0131na al\u0131nan Zengo&#8217;nun deli olmad\u0131\u011f\u0131 doktor raporuyla anla\u015f\u0131lm\u0131\u015ft\u0131. Avukat\u0131n, Zengo&#8217;yu savunacak ger\u00e7ekten bir s\u00f6z\u00fc yoktu. C\u00fcppe kolunun bol yeni i\u00e7inde kaybolan elini \u00f6nce yarg\u0131ca, sonra Zengo&#8217;ya \u00e7evirdi. S\u00f6ze ba\u015flad\u0131.<\/p>\n<p>&#8220;Pek muhterem hakim bey ve pek muhterem y\u00fcksek mahkeme heyeti.. M\u00fcvekkilim masumdur. O&#8217;nun masumiyetini anlamak i\u00e7in temiz y\u00fcz\u00fcne, \u015fefkatle bakan g\u00f6zlerine sadece bir kere bakmak yeterlidir san\u0131r\u0131m. Y\u00fcksek mahmekemenizden rica ederim. San\u0131k sandalyesinde bulunan m\u00fcvekkilime dikkatle bak\u0131n\u0131z. Kendisine y\u00fcklenen bunca su\u00e7, bu masum, bu temiz, bu a\u00e7\u0131k \u00e7ehreden beklenir mi? Hay\u0131r. Beklenemez!&#8221;<\/p>\n<p>Avukat heyecanla konu\u015fuyordu. Bu konu\u015fmas\u0131 bir saat s\u00fcrd\u00fc. Konu\u015furken sesini bir al\u00e7alt\u0131p bir y\u00fckselterek harp telleri gibi titretiyor, bir h\u0131zlan\u0131p bir yava\u015fl\u0131yordu. Ama b\u00fct\u00fcn \u00e7abas\u0131 bo\u015fa gitmi\u015fti. S\u00f6zlerinin hi\u00e7biri, ne yarg\u0131\u00e7larda, ne dinleyicilerde olumlu bir etki yapt\u0131. Nas\u0131l olsa Zengo&#8217;yu kurtaramayaca\u011f\u0131n\u0131 bilen avukat, hi\u00e7 olmazsa san\u0131ktan ald\u0131\u011f\u0131 paray\u0131 hak etmek\u00a0 i\u00e7in konu\u015fmu\u015ftu. Yaln\u0131z bir ki\u015fi, avukat\u0131n s\u00f6zlerinden b\u00fcy\u00fck bir \u00fcz\u00fcnt\u00fc duymu\u015ftu. A\u011fl\u0131yordu. Bu adam, Zengo&#8217;ydu. Aln\u0131ndaki fincan irili\u011findeki g\u00f6z\u00fc ya\u015farm\u0131\u015ft\u0131. Avukat\u0131na bakarken g\u00fcl\u00fcmsemeye \u00e7al\u0131\u015f\u0131yordu. Mahkeme karar i\u00e7in bir ay ileriye at\u0131ld\u0131.<\/p>\n<p>Zengo, salondan \u00e7\u0131k\u0131nca avukat\u0131n elini \u00f6pt\u00fc. B\u00fct\u00fcn hayat\u0131nda, kendisine &#8220;iyi&#8221; diyen bir ki\u015fi bu avukatt\u0131. Hapishaneden avukat\u0131na iki milyar lira daha g\u00f6nderdi. Daha \u00f6nce de \u00e7ok para vermi\u015fti.<\/p>\n<p>&#8220;Helal olsun, b\u00f6yle avukata helal olsun&#8230;&#8221; diyordu.<\/p>\n<p>Yarg\u0131\u00e7 karar\u0131n\u0131 bildirdi. \u0130dam! Zengo, avukat\u0131na g\u00fcl\u00fcms\u00fcyordu. Hapishaneden avukat\u0131na ikinci kez iki milyar lira daha g\u00f6nderdi.\u00a0\u00a0\u00a0\u00a0\u00a0\u00a0\u00a0\u00a0\u00a0\u00a0\u00a0\u00a0\u00a0\u00a0\u00a0\u00a0\u00a0\u00a0\u00a0\u00a0\u00a0\u00a0\u00a0\u00a0\u00a0\u00a0\u00a0\u00a0\u00a0\u00a0\u00a0 <\/p>\n<p>Karar Yarg\u0131tay&#8217;dan geldi:\u00a0 \u0130dam onaylanm\u0131\u015ft\u0131.<\/p>\n<p>&#8220;Helal olsun, b\u00f6yle avukata, helal olsun&#8230;&#8221; diyordu Zengo.<\/p>\n<p>\u0130dam karar\u0131 Meclis&#8217;ta onayland\u0131. Zengo, g\u00fcl\u00fcyordu, sevin\u00e7liydi. Zengo, b\u00fct\u00fcn paras\u0131n\u0131 avukat\u0131na b\u0131rakt\u0131.<\/p>\n<p>\u0130dam sehpas\u0131na do\u011fru g\u00f6t\u00fcr\u00fclmek i\u00e7in h\u00fccresinden al\u0131n\u0131rken Zengo:<\/p>\n<p>&#8220;Helal olsun, b\u00f6yle avukata, helal olsun&#8230;&#8221;diye s\u00f6yleniyor, g\u00fcl\u00fcms\u00fcyordu&#8230;<\/p>\n","protected":false},"excerpt":{"rendered":"<p>&#8220;Petir Canavar\u0131 Zengo yakaland\u0131. Be\u015f vilayet s\u0131n\u0131r\u0131 i\u00e7inde sindirip s\u0131nd\u0131rmad\u0131\u011f\u0131 kimse kalmam\u0131\u015ft\u0131. \u0130nsanlar\u0131 titreten haydut, en sonunda kapana k\u0131s\u0131ld\u0131.&#8221; H\u00fck\u00fcmet kona\u011f\u0131 \u00f6n\u00fcndeki caddeden ge\u00e7erken b\u00fct\u00fcn yol boyu, onu g\u00f6rmek i\u00e7in gelenlerle dolmu\u015ftu. \u0130ki eli bir zincire vurulmu\u015ftu. Sarkan zincirin ucu yerde s\u00fcr\u00fcn\u00fcp \u015fak\u0131rd\u0131yordu. Sa\u011f\u0131nda iki jandarma, solunda iki jandarma, arkas\u0131nda be\u015f jandarma vard\u0131. Jandarma komutan\u0131 [&hellip;]<\/p>\n","protected":false},"author":1,"featured_media":0,"comment_status":"open","ping_status":"open","sticky":false,"template":"","format":"standard","meta":{"footnotes":""},"categories":[114],"tags":[],"class_list":["post-6854","post","type-post","status-publish","format-standard","category-turkiye-den-oykuler"],"yoast_head":"<!-- This site is optimized with the Yoast SEO Premium plugin v24.9 (Yoast SEO v24.9) - https:\/\/yoast.com\/wordpress\/plugins\/seo\/ -->\n<title>\u0130nsanlar\u0131 titreten haydut, en sonunda kapana k\u0131s\u0131ld\u0131 | Zengo&#039;nun Hikayesi - Aziz Nesin - narteks.net<\/title>\n<meta name=\"robots\" content=\"index, follow, max-snippet:-1, max-image-preview:large, max-video-preview:-1\" \/>\n<link rel=\"canonical\" href=\"https:\/\/narteks.net\/index.php\/2011\/10\/10\/insanlari-titreten-haydut-en-sonunda-kapana-kisildi-zengonun-hikayesi-aziz-nesin\/\" \/>\n<meta property=\"og:locale\" content=\"tr_TR\" \/>\n<meta property=\"og:type\" content=\"article\" \/>\n<meta property=\"og:title\" content=\"\u0130nsanlar\u0131 titreten haydut, en sonunda kapana k\u0131s\u0131ld\u0131 | Zengo&#039;nun Hikayesi - Aziz Nesin\" \/>\n<meta property=\"og:description\" content=\"&#8220;Petir Canavar\u0131 Zengo yakaland\u0131. Be\u015f vilayet s\u0131n\u0131r\u0131 i\u00e7inde sindirip s\u0131nd\u0131rmad\u0131\u011f\u0131 kimse kalmam\u0131\u015ft\u0131. \u0130nsanlar\u0131 titreten haydut, en sonunda kapana k\u0131s\u0131ld\u0131.&#8221; H\u00fck\u00fcmet kona\u011f\u0131 \u00f6n\u00fcndeki caddeden ge\u00e7erken b\u00fct\u00fcn yol boyu, onu g\u00f6rmek i\u00e7in gelenlerle dolmu\u015ftu. \u0130ki eli bir zincire vurulmu\u015ftu. Sarkan zincirin ucu yerde s\u00fcr\u00fcn\u00fcp \u015fak\u0131rd\u0131yordu. Sa\u011f\u0131nda iki jandarma, solunda iki jandarma, arkas\u0131nda be\u015f jandarma vard\u0131. Jandarma komutan\u0131 [&hellip;]\" \/>\n<meta property=\"og:url\" content=\"https:\/\/narteks.net\/index.php\/2011\/10\/10\/insanlari-titreten-haydut-en-sonunda-kapana-kisildi-zengonun-hikayesi-aziz-nesin\/\" \/>\n<meta property=\"og:site_name\" content=\"narteks.net\" \/>\n<meta property=\"article:published_time\" content=\"2011-10-10T11:56:08+00:00\" \/>\n<meta property=\"og:image\" content=\"https:\/\/narteks.net\/wp-content\/uploads\/narteks.png\" \/>\n\t<meta property=\"og:image:width\" content=\"300\" \/>\n\t<meta property=\"og:image:height\" content=\"90\" \/>\n\t<meta property=\"og:image:type\" content=\"image\/png\" \/>\n<meta name=\"author\" content=\"Tar\u0131k\" \/>\n<meta name=\"twitter:card\" content=\"summary_large_image\" \/>\n<meta name=\"twitter:creator\" content=\"@narteks\" \/>\n<meta name=\"twitter:site\" content=\"@narteks\" \/>\n<meta name=\"twitter:label1\" content=\"Yazan:\" \/>\n\t<meta name=\"twitter:data1\" content=\"Tar\u0131k\" \/>\n\t<meta name=\"twitter:label2\" content=\"Tahmini okuma s\u00fcresi\" \/>\n\t<meta name=\"twitter:data2\" content=\"9 dakika\" \/>\n<script type=\"application\/ld+json\" class=\"yoast-schema-graph\">{\"@context\":\"https:\/\/schema.org\",\"@graph\":[{\"@type\":\"Article\",\"@id\":\"https:\/\/narteks.net\/index.php\/2011\/10\/10\/insanlari-titreten-haydut-en-sonunda-kapana-kisildi-zengonun-hikayesi-aziz-nesin\/#article\",\"isPartOf\":{\"@id\":\"https:\/\/narteks.net\/index.php\/2011\/10\/10\/insanlari-titreten-haydut-en-sonunda-kapana-kisildi-zengonun-hikayesi-aziz-nesin\/\"},\"author\":{\"name\":\"Tar\u0131k\",\"@id\":\"https:\/\/narteks.net\/#\/schema\/person\/61f37d9834294b72d31d274e7ed79bca\"},\"headline\":\"\u0130nsanlar\u0131 titreten haydut, en sonunda kapana k\u0131s\u0131ld\u0131 | Zengo&#8217;nun Hikayesi &#8211; Aziz Nesin\",\"datePublished\":\"2011-10-10T11:56:08+00:00\",\"mainEntityOfPage\":{\"@id\":\"https:\/\/narteks.net\/index.php\/2011\/10\/10\/insanlari-titreten-haydut-en-sonunda-kapana-kisildi-zengonun-hikayesi-aziz-nesin\/\"},\"wordCount\":1820,\"commentCount\":0,\"publisher\":{\"@id\":\"https:\/\/narteks.net\/#organization\"},\"articleSection\":[\"T\u00fcrkiye'den \u00d6yk\u00fcler\"],\"inLanguage\":\"tr\",\"potentialAction\":[{\"@type\":\"CommentAction\",\"name\":\"Comment\",\"target\":[\"https:\/\/narteks.net\/index.php\/2011\/10\/10\/insanlari-titreten-haydut-en-sonunda-kapana-kisildi-zengonun-hikayesi-aziz-nesin\/#respond\"]}]},{\"@type\":\"WebPage\",\"@id\":\"https:\/\/narteks.net\/index.php\/2011\/10\/10\/insanlari-titreten-haydut-en-sonunda-kapana-kisildi-zengonun-hikayesi-aziz-nesin\/\",\"url\":\"https:\/\/narteks.net\/index.php\/2011\/10\/10\/insanlari-titreten-haydut-en-sonunda-kapana-kisildi-zengonun-hikayesi-aziz-nesin\/\",\"name\":\"\u0130nsanlar\u0131 titreten haydut, en sonunda kapana k\u0131s\u0131ld\u0131 | Zengo'nun Hikayesi - Aziz Nesin - narteks.net\",\"isPartOf\":{\"@id\":\"https:\/\/narteks.net\/#website\"},\"datePublished\":\"2011-10-10T11:56:08+00:00\",\"breadcrumb\":{\"@id\":\"https:\/\/narteks.net\/index.php\/2011\/10\/10\/insanlari-titreten-haydut-en-sonunda-kapana-kisildi-zengonun-hikayesi-aziz-nesin\/#breadcrumb\"},\"inLanguage\":\"tr\",\"potentialAction\":[{\"@type\":\"ReadAction\",\"target\":[\"https:\/\/narteks.net\/index.php\/2011\/10\/10\/insanlari-titreten-haydut-en-sonunda-kapana-kisildi-zengonun-hikayesi-aziz-nesin\/\"]}]},{\"@type\":\"BreadcrumbList\",\"@id\":\"https:\/\/narteks.net\/index.php\/2011\/10\/10\/insanlari-titreten-haydut-en-sonunda-kapana-kisildi-zengonun-hikayesi-aziz-nesin\/#breadcrumb\",\"itemListElement\":[{\"@type\":\"ListItem\",\"position\":1,\"name\":\"Anasayfa\",\"item\":\"https:\/\/narteks.net\/\"},{\"@type\":\"ListItem\",\"position\":2,\"name\":\"\u0130nsanlar\u0131 titreten haydut, en sonunda kapana k\u0131s\u0131ld\u0131 | Zengo&#8217;nun Hikayesi &#8211; Aziz Nesin\"}]},{\"@type\":\"WebSite\",\"@id\":\"https:\/\/narteks.net\/#website\",\"url\":\"https:\/\/narteks.net\/\",\"name\":\"narteks.net\",\"description\":\"K\u00fclt\u00fcr Sanat Edebiyat Felsefe\",\"publisher\":{\"@id\":\"https:\/\/narteks.net\/#organization\"},\"alternateName\":\"K\u00fclt\u00fcr Sanat Edebiyat Felsefe\",\"potentialAction\":[{\"@type\":\"SearchAction\",\"target\":{\"@type\":\"EntryPoint\",\"urlTemplate\":\"https:\/\/narteks.net\/?s={search_term_string}\"},\"query-input\":{\"@type\":\"PropertyValueSpecification\",\"valueRequired\":true,\"valueName\":\"search_term_string\"}}],\"inLanguage\":\"tr\"},{\"@type\":\"Organization\",\"@id\":\"https:\/\/narteks.net\/#organization\",\"name\":\"narteks.net\",\"url\":\"https:\/\/narteks.net\/\",\"logo\":{\"@type\":\"ImageObject\",\"inLanguage\":\"tr\",\"@id\":\"https:\/\/narteks.net\/#\/schema\/logo\/image\/\",\"url\":\"https:\/\/narteks.net\/wp-content\/uploads\/narteks.png\",\"contentUrl\":\"https:\/\/narteks.net\/wp-content\/uploads\/narteks.png\",\"width\":300,\"height\":90,\"caption\":\"narteks.net\"},\"image\":{\"@id\":\"https:\/\/narteks.net\/#\/schema\/logo\/image\/\"},\"sameAs\":[\"https:\/\/x.com\/narteks\",\"https:\/\/instagram.com\/narteksnet\"]},{\"@type\":\"Person\",\"@id\":\"https:\/\/narteks.net\/#\/schema\/person\/61f37d9834294b72d31d274e7ed79bca\",\"name\":\"Tar\u0131k\",\"image\":{\"@type\":\"ImageObject\",\"inLanguage\":\"tr\",\"@id\":\"https:\/\/narteks.net\/#\/schema\/person\/image\/\",\"url\":\"https:\/\/secure.gravatar.com\/avatar\/50865afb55632c4ae467e0af0930f6510aa2297d8014be502a55b14f3b7550cf?s=96&d=mm&r=g\",\"contentUrl\":\"https:\/\/secure.gravatar.com\/avatar\/50865afb55632c4ae467e0af0930f6510aa2297d8014be502a55b14f3b7550cf?s=96&d=mm&r=g\",\"caption\":\"Tar\u0131k\"},\"sameAs\":[\"http:\/\/narteks.net\"],\"url\":\"https:\/\/narteks.net\/index.php\/author\/narbak\/\"}]}<\/script>\n<!-- \/ Yoast SEO Premium plugin. -->","yoast_head_json":{"title":"\u0130nsanlar\u0131 titreten haydut, en sonunda kapana k\u0131s\u0131ld\u0131 | Zengo'nun Hikayesi - Aziz Nesin - narteks.net","robots":{"index":"index","follow":"follow","max-snippet":"max-snippet:-1","max-image-preview":"max-image-preview:large","max-video-preview":"max-video-preview:-1"},"canonical":"https:\/\/narteks.net\/index.php\/2011\/10\/10\/insanlari-titreten-haydut-en-sonunda-kapana-kisildi-zengonun-hikayesi-aziz-nesin\/","og_locale":"tr_TR","og_type":"article","og_title":"\u0130nsanlar\u0131 titreten haydut, en sonunda kapana k\u0131s\u0131ld\u0131 | Zengo'nun Hikayesi - Aziz Nesin","og_description":"&#8220;Petir Canavar\u0131 Zengo yakaland\u0131. Be\u015f vilayet s\u0131n\u0131r\u0131 i\u00e7inde sindirip s\u0131nd\u0131rmad\u0131\u011f\u0131 kimse kalmam\u0131\u015ft\u0131. \u0130nsanlar\u0131 titreten haydut, en sonunda kapana k\u0131s\u0131ld\u0131.&#8221; H\u00fck\u00fcmet kona\u011f\u0131 \u00f6n\u00fcndeki caddeden ge\u00e7erken b\u00fct\u00fcn yol boyu, onu g\u00f6rmek i\u00e7in gelenlerle dolmu\u015ftu. \u0130ki eli bir zincire vurulmu\u015ftu. Sarkan zincirin ucu yerde s\u00fcr\u00fcn\u00fcp \u015fak\u0131rd\u0131yordu. Sa\u011f\u0131nda iki jandarma, solunda iki jandarma, arkas\u0131nda be\u015f jandarma vard\u0131. Jandarma komutan\u0131 [&hellip;]","og_url":"https:\/\/narteks.net\/index.php\/2011\/10\/10\/insanlari-titreten-haydut-en-sonunda-kapana-kisildi-zengonun-hikayesi-aziz-nesin\/","og_site_name":"narteks.net","article_published_time":"2011-10-10T11:56:08+00:00","og_image":[{"width":300,"height":90,"url":"https:\/\/narteks.net\/wp-content\/uploads\/narteks.png","type":"image\/png"}],"author":"Tar\u0131k","twitter_card":"summary_large_image","twitter_creator":"@narteks","twitter_site":"@narteks","twitter_misc":{"Yazan:":"Tar\u0131k","Tahmini okuma s\u00fcresi":"9 dakika"},"schema":{"@context":"https:\/\/schema.org","@graph":[{"@type":"Article","@id":"https:\/\/narteks.net\/index.php\/2011\/10\/10\/insanlari-titreten-haydut-en-sonunda-kapana-kisildi-zengonun-hikayesi-aziz-nesin\/#article","isPartOf":{"@id":"https:\/\/narteks.net\/index.php\/2011\/10\/10\/insanlari-titreten-haydut-en-sonunda-kapana-kisildi-zengonun-hikayesi-aziz-nesin\/"},"author":{"name":"Tar\u0131k","@id":"https:\/\/narteks.net\/#\/schema\/person\/61f37d9834294b72d31d274e7ed79bca"},"headline":"\u0130nsanlar\u0131 titreten haydut, en sonunda kapana k\u0131s\u0131ld\u0131 | Zengo&#8217;nun Hikayesi &#8211; Aziz Nesin","datePublished":"2011-10-10T11:56:08+00:00","mainEntityOfPage":{"@id":"https:\/\/narteks.net\/index.php\/2011\/10\/10\/insanlari-titreten-haydut-en-sonunda-kapana-kisildi-zengonun-hikayesi-aziz-nesin\/"},"wordCount":1820,"commentCount":0,"publisher":{"@id":"https:\/\/narteks.net\/#organization"},"articleSection":["T\u00fcrkiye'den \u00d6yk\u00fcler"],"inLanguage":"tr","potentialAction":[{"@type":"CommentAction","name":"Comment","target":["https:\/\/narteks.net\/index.php\/2011\/10\/10\/insanlari-titreten-haydut-en-sonunda-kapana-kisildi-zengonun-hikayesi-aziz-nesin\/#respond"]}]},{"@type":"WebPage","@id":"https:\/\/narteks.net\/index.php\/2011\/10\/10\/insanlari-titreten-haydut-en-sonunda-kapana-kisildi-zengonun-hikayesi-aziz-nesin\/","url":"https:\/\/narteks.net\/index.php\/2011\/10\/10\/insanlari-titreten-haydut-en-sonunda-kapana-kisildi-zengonun-hikayesi-aziz-nesin\/","name":"\u0130nsanlar\u0131 titreten haydut, en sonunda kapana k\u0131s\u0131ld\u0131 | Zengo'nun Hikayesi - Aziz Nesin - narteks.net","isPartOf":{"@id":"https:\/\/narteks.net\/#website"},"datePublished":"2011-10-10T11:56:08+00:00","breadcrumb":{"@id":"https:\/\/narteks.net\/index.php\/2011\/10\/10\/insanlari-titreten-haydut-en-sonunda-kapana-kisildi-zengonun-hikayesi-aziz-nesin\/#breadcrumb"},"inLanguage":"tr","potentialAction":[{"@type":"ReadAction","target":["https:\/\/narteks.net\/index.php\/2011\/10\/10\/insanlari-titreten-haydut-en-sonunda-kapana-kisildi-zengonun-hikayesi-aziz-nesin\/"]}]},{"@type":"BreadcrumbList","@id":"https:\/\/narteks.net\/index.php\/2011\/10\/10\/insanlari-titreten-haydut-en-sonunda-kapana-kisildi-zengonun-hikayesi-aziz-nesin\/#breadcrumb","itemListElement":[{"@type":"ListItem","position":1,"name":"Anasayfa","item":"https:\/\/narteks.net\/"},{"@type":"ListItem","position":2,"name":"\u0130nsanlar\u0131 titreten haydut, en sonunda kapana k\u0131s\u0131ld\u0131 | Zengo&#8217;nun Hikayesi &#8211; Aziz Nesin"}]},{"@type":"WebSite","@id":"https:\/\/narteks.net\/#website","url":"https:\/\/narteks.net\/","name":"narteks.net","description":"K\u00fclt\u00fcr Sanat Edebiyat Felsefe","publisher":{"@id":"https:\/\/narteks.net\/#organization"},"alternateName":"K\u00fclt\u00fcr Sanat Edebiyat Felsefe","potentialAction":[{"@type":"SearchAction","target":{"@type":"EntryPoint","urlTemplate":"https:\/\/narteks.net\/?s={search_term_string}"},"query-input":{"@type":"PropertyValueSpecification","valueRequired":true,"valueName":"search_term_string"}}],"inLanguage":"tr"},{"@type":"Organization","@id":"https:\/\/narteks.net\/#organization","name":"narteks.net","url":"https:\/\/narteks.net\/","logo":{"@type":"ImageObject","inLanguage":"tr","@id":"https:\/\/narteks.net\/#\/schema\/logo\/image\/","url":"https:\/\/narteks.net\/wp-content\/uploads\/narteks.png","contentUrl":"https:\/\/narteks.net\/wp-content\/uploads\/narteks.png","width":300,"height":90,"caption":"narteks.net"},"image":{"@id":"https:\/\/narteks.net\/#\/schema\/logo\/image\/"},"sameAs":["https:\/\/x.com\/narteks","https:\/\/instagram.com\/narteksnet"]},{"@type":"Person","@id":"https:\/\/narteks.net\/#\/schema\/person\/61f37d9834294b72d31d274e7ed79bca","name":"Tar\u0131k","image":{"@type":"ImageObject","inLanguage":"tr","@id":"https:\/\/narteks.net\/#\/schema\/person\/image\/","url":"https:\/\/secure.gravatar.com\/avatar\/50865afb55632c4ae467e0af0930f6510aa2297d8014be502a55b14f3b7550cf?s=96&d=mm&r=g","contentUrl":"https:\/\/secure.gravatar.com\/avatar\/50865afb55632c4ae467e0af0930f6510aa2297d8014be502a55b14f3b7550cf?s=96&d=mm&r=g","caption":"Tar\u0131k"},"sameAs":["http:\/\/narteks.net"],"url":"https:\/\/narteks.net\/index.php\/author\/narbak\/"}]}},"_links":{"self":[{"href":"https:\/\/narteks.net\/index.php\/wp-json\/wp\/v2\/posts\/6854","targetHints":{"allow":["GET"]}}],"collection":[{"href":"https:\/\/narteks.net\/index.php\/wp-json\/wp\/v2\/posts"}],"about":[{"href":"https:\/\/narteks.net\/index.php\/wp-json\/wp\/v2\/types\/post"}],"author":[{"embeddable":true,"href":"https:\/\/narteks.net\/index.php\/wp-json\/wp\/v2\/users\/1"}],"replies":[{"embeddable":true,"href":"https:\/\/narteks.net\/index.php\/wp-json\/wp\/v2\/comments?post=6854"}],"version-history":[{"count":0,"href":"https:\/\/narteks.net\/index.php\/wp-json\/wp\/v2\/posts\/6854\/revisions"}],"wp:attachment":[{"href":"https:\/\/narteks.net\/index.php\/wp-json\/wp\/v2\/media?parent=6854"}],"wp:term":[{"taxonomy":"category","embeddable":true,"href":"https:\/\/narteks.net\/index.php\/wp-json\/wp\/v2\/categories?post=6854"},{"taxonomy":"post_tag","embeddable":true,"href":"https:\/\/narteks.net\/index.php\/wp-json\/wp\/v2\/tags?post=6854"}],"curies":[{"name":"wp","href":"https:\/\/api.w.org\/{rel}","templated":true}]}}