{"id":6856,"date":"2011-10-12T11:39:15","date_gmt":"2011-10-12T08:39:15","guid":{"rendered":"http:\/\/localhost\/wordpress\/2011\/10\/12\/deniz-gezmis-anlatiyor-erdal-oz\/"},"modified":"2011-10-12T11:39:15","modified_gmt":"2011-10-12T08:39:15","slug":"deniz-gezmis-anlatiyor-erdal-oz","status":"publish","type":"post","link":"https:\/\/narteks.net\/index.php\/2011\/10\/12\/deniz-gezmis-anlatiyor-erdal-oz\/","title":{"rendered":"Deniz Gezmi\u015f Anlat\u0131yor | Erdal \u00d6z"},"content":{"rendered":"<p style=\"text-align: justify;\"><img loading=\"lazy\" decoding=\"async\" style=\"float: left;\" src=\"images\/stories\/erdal-z.jpg\" width=\"155\" height=\"205\" \/>Yaln\u0131zs\u0131n. Gemerek\u2019in d\u0131\u015f\u0131nda bir benzin istasyonunun arkas\u0131. Yerler \u0131slak. \u00c7amur. Zifiri bir karanl\u0131k. Bir yama\u00e7tas\u0131n orada. Yaln\u0131zca jandarmalar\u0131n att\u0131klar\u0131 mermilerin alevlerini g\u00f6r\u00fcyorsun. Ate\u015f etsen yerin belli olacak; ate\u015f edemiyorsun.<\/p>\n<p>O anda bombay\u0131 atmak akl\u0131ma geldi. Kafan \u00e7al\u0131\u015f\u0131yor. Mant\u0131\u011f\u0131n t\u0131k\u0131r t\u0131k\u0131r i\u015fliyor. So\u011fukkanl\u0131s\u0131n. Pimini \u00e7ekip bombay\u0131 elinde tutuyorsun bir iki saniye. Pimi \u00e7ektikten d\u00f6rt saniye sonra bomban\u0131n patlamas\u0131 gerek. Vakit ge\u00e7irmemek gerek. Bomba elinde patlayabilir; bunun korkusu var i\u00e7inde; elinde patlarsa diye.<\/p>\n<p>F\u0131rlat\u0131yorsun bombay\u0131. Sinip bekliyorsun. O andaki bekleme m\u00fcthi\u015f i\u015fte. M\u00fcthi\u015f uzun geliyor o s\u00fcre; zaman bir t\u00fcrl\u00fc ge\u00e7miyor; saniyeler dolmuyor bir t\u00fcrl\u00fc. Bomba, savunma bombas\u0131. Patlay\u0131nca baya\u011f\u0131 etkili patlar. Havada birtak\u0131m kollar bacaklar g\u00f6rece\u011fini san\u0131p bekliyorsun.<\/p>\n<p>Daha \u00f6nce de kulland\u0131m bu bombadan. E\u011fitim at\u0131\u015flar\u0131 yapt\u0131m. Ama buradaki, e\u011fitim at\u0131\u015flar\u0131ndan \u00e7ok de\u011fi\u015fik. Patlay\u0131ncaya kadar, ilk akla gelen, bir t\u00fcrl\u00fc ak\u0131ldan \u00e7\u0131kmayan \u015fey, bomban\u0131n patlamama olas\u0131l\u0131\u011f\u0131. Bomba bozuk \u00e7\u0131kabilir. Ve bomba patlay\u0131nca isabet almak olas\u0131l\u0131\u011f\u0131na kar\u015f\u0131 tam siper, y\u00fcz\u00fc koyun yere at\u0131yorsun kendini. \u00c7ok gariptir, bir i\u00e7g\u00fcd\u00fcyle ellerini ensende kenetliyorsun. Hi\u00e7 tan\u0131mad\u0131\u011f\u0131n, bilmedi\u011fin, hi\u00e7 g\u00f6rmedi\u011fin birtak\u0131m insanlar\u0131n \u00f6lece\u011fini d\u00fc\u015f\u00fcn\u00fcyorsun birden; \u00fcz\u00fcl\u00fcyorsun.<\/p>\n<p>Patl\u0131yor bomba. Kan kokusu duydu\u011funu, feryatlar, \u00e7\u0131\u011fl\u0131klar, ba\u011f\u0131r\u0131\u015flar duydu\u011funu san\u0131yorsun ilk anda. Sonra derin b\u00eer sessizlik oluyor. Sonra da ka\u00e7\u0131\u015fan birtak\u0131m insanlar\u0131n ayak sesleri. Yani, \u00f6nce bir \u015fok etkisi oluyor kar\u015f\u0131dakilerde, bir \u015fa\u015fk\u0131nl\u0131k. Sonra da panik ve ka\u00e7\u0131\u015fma.<\/p>\n<p>Ya\u011fmur ve \u00e7amur. Sigaran bitmi\u015f. Yok. Tek sigaran yok. Anlat\u0131lmaz bir sigara \u00f6zlemi. Dayan\u0131lmaz bir istek. Yan\u0131nda da bir bardak s\u0131cak \u00e7ay istiyorsun, iyi mi. Sonra birden anlat\u0131lmas\u0131 g\u00fc\u00e7 bir susuzluk. Yerden kar falan al\u0131p yiyorsun; susuzlu\u011funu biraz olsun gideriyor.<\/p>\n<p>***<\/p>\n<p>\u00c7at\u0131\u015fma s\u00fcr\u00fcp giderken, silahl\u0131 \u00e7at\u0131\u015fma, \u00f6l\u00fcm korkusu yok; hi\u00e7 yok. Ancak, pusuya falan d\u00fc\u015f\u00fcp de d\u00fc\u015f\u00fcnme f\u0131rsat\u0131 bulunca, yani beklerken geliyor \u00f6l\u00fcm insan\u0131n akl\u0131na. Ate\u015f ederken, \u00e7at\u0131\u015f\u0131rken bu korku gelmiyor akl\u0131na. Taktik falan d\u00fc\u015f\u00fcn\u00fcyorsun daha \u00e7ok. Tepeyi a\u015ft\u0131m, Gemerek\u2019e girdim. Saat 23 falan. Hani b\u0131rak\u0131lm\u0131\u015f kentler olur. Bombo\u015f sokaklar. \u0130nsans\u0131z, \u00f6yleydi Gemerek. Herkes uykudayd\u0131, herkes evlerine \u00e7ekilmi\u015fti.<\/p>\n<p>Bir yap\u0131 var, bah\u00e7e i\u00e7inde. Sulu sepken, karla kar\u0131\u015f\u0131k bir ya\u011fmur. D\u00f6n\u00fcp yap\u0131n\u0131n \u00fczerindeki tabelada yaz\u0131l\u0131 yaz\u0131y\u0131 okuyorum: Ortaokul. Hemen yan\u0131ndaki yap\u0131n\u0131n yaz\u0131s\u0131 da: Lise.<\/p>\n<p>Dola\u015ft\u0131m yap\u0131n\u0131n \u00e7evresinde. Ho\u015fuma gitti.<\/p>\n<p>Yar\u0131n sabah \u00e7ocuklar gelecekler \u00f6nl\u00fckleriyle, \u00e7antalar\u0131yla; kalem, silgi kokular\u0131yla, duyacaklar olanlar\u0131, \u00f6\u011frenecekler. \u201cHepsi uykular\u0131ndad\u0131r \u015fimdi,\u201d diye d\u00fc\u015f\u00fcnd\u00fcm.<\/p>\n<p>Sa\u011fa do\u011fru \u00e7\u0131kt\u0131m. Yama\u00e7ta, \u2018Jandarma Karakolu\u2019. Tek ba\u015f\u0131na bir yap\u0131. Yak\u0131n\u0131nda ba\u015fka yap\u0131 yok. I\u015f\u0131klar\u0131 yan\u0131yor.<\/p>\n<p>Yakla\u015f\u0131yorum.<\/p>\n<p>\u0130\u00e7eride jandarmalar var, konu\u015fuyorlar, g\u00fcl\u00fc\u015f\u00fcyorlar. \u0130yice sokuluyorum. Heyecanl\u0131 olduklar\u0131 belli. Orada 15-20 dakika durup onlar\u0131 dinledim, onlar\u0131 g\u00f6zledim.<\/p>\n<p>Karakolun \u00f6n\u00fcnde bir Jeep duruyor. Jeep\u2019i almak gerek. Dokundum teti\u011fe, karakola ate\u015f a\u00e7t\u0131m, duvarlar\u0131na. \u0130\u00e7eride birden bir panik, bir ka\u00e7\u0131\u015fma. Atlad\u0131m Jeep\u2019e, \u00e7al\u0131\u015ft\u0131rd\u0131m. Be\u015f metre \u00f6tede kara sapland\u0131 Jeep. Atlad\u0131m arabadan. Bir t\u00fcmse\u011fin arkas\u0131na att\u0131m kendimi, yatt\u0131m.<\/p>\n<p>Jandarmalar tepeye ka\u00e7\u0131p s\u0131\u011f\u0131nm\u0131\u015flar. Tepeden Jeep\u2019e ate\u015f etmeye ba\u015flad\u0131lar. Beni Jeep\u2019in i\u00e7inde san\u0131yorlar. Durup orada yatt\u0131\u011f\u0131m yerden onlar\u0131 g\u00f6zl\u00fcyorum.<\/p>\n<p>Mermilerin kara saplan\u0131\u015f\u0131n\u0131n ayr\u0131 bir g\u00fczelli\u011fi var. Kara saplan\u0131rken de\u011fi\u015fik bir ses \u00e7\u0131kar\u0131yor mermiler.<\/p>\n<p>Jandarmalar Jeep\u2019i delik de\u015fik ediyor.<\/p>\n<p>Yatt\u0131\u011f\u0131m yerden f\u0131rlay\u0131p ka\u00e7maya ba\u015fl\u0131yorum. G\u00f6r\u00fcyorlar beni. Ard\u0131ma d\u00fc\u015f\u00fcyorlar.<\/p>\n<p>***<\/p>\n<p>Gemerek\u2019te evler hep bah\u00e7e i\u00e7inde. Bah\u00e7eler, bir metrelik ta\u015f y\u0131\u011f\u0131nlar\u0131yla yap\u0131lm\u0131\u015f k\u00fc\u00e7\u00fck duvarlarla \u00e7evrili.<\/p>\n<p>Ben \u00f6nde, jandarmalar arkada ko\u015fuyoruz bah\u00e7eden bah\u00e7eye. Bir duvar\u0131 a\u015f\u0131p yere yat\u0131yorum. Ya ayaklar\u0131n\u0131n dibine ate\u015f ediyorum, ya da ba\u015flar\u0131n\u0131n bir kar\u0131\u015f yukar\u0131s\u0131na. Ben ate\u015fe ba\u015flay\u0131nca onlar yere yat\u0131yor. O zaman kalk\u0131p ko\u015fuyorum. Bir ba\u015fka duvar\u0131 a\u015f\u0131p yine yat\u0131yorum. Yine ate\u015fe ba\u015fl\u0131yorum. B\u00f6ylece biraz dinlenmi\u015f de oluyorum. B\u00f6yle iki \u00fc\u00e7 tur at\u0131yoruz, d\u00f6n\u00fcp duruyoruz Gemerek\u2019in i\u00e7inde. Herkes sokaklarda. Herkes durmu\u015f beni seyrediyor. Yanlar\u0131ndan ge\u00e7ip atl\u0131yorum. Halkta bana kar\u015f\u0131 hi\u00e7bir hareket yok.<\/p>\n<p>Bir kad\u0131n, evinin kap\u0131s\u0131ndan, az \u00f6tede beni seyreden kocas\u0131na sesleniyor:<\/p>\n<p>\u201cHerif! Gel \u00e7orban\u0131 i\u00e7, yine gider seyredersin!\u201d<\/p>\n<p>\u00c7ocuklar\u0131n bir k\u0131sm\u0131, ben ate\u015f ettik\u00e7e alk\u0131\u015fl\u0131yor. Baz\u0131lar\u0131n\u0131n elinde ay\u00e7i\u00e7ekleri; hem beni seyrediyorlar, hem ay\u00e7i\u00e7e\u011fi yiyorlar.<\/p>\n<p>Bir bu\u00e7uk saat kadar s\u00fcr\u00fcyor bu kovalamaca.<\/p>\n<p>O ara \u00fcst\u00fcne hoparl\u00f6r ba\u011flanm\u0131\u015f bir taksi \u00e7\u0131k\u0131yor ortaya. Hoparl\u00f6rden bir ses \u015funlar\u0131 s\u00f6yl\u00fcyor halka:<\/p>\n<p>\u201cBen Belediye Ba\u015fkan\u0131. Kom\u00fcnist Deniz Gezmi\u015f Gemerek\u2019e gelmi\u015f. Silah\u0131 olan silah\u0131n\u0131 als\u0131n, av t\u00fcfe\u011fi olan av t\u00fcfe\u011fini als\u0131n. Olmayan da ta\u015fla sopayla sald\u0131racak. Herkes haz\u0131rlans\u0131n. Yakalayaca\u011f\u0131z onu.\u201d<\/p>\n<p>Ve gidiyor.<\/p>\n<p>Halkta, bu uyar\u0131ya kar\u015f\u0131 hi\u00e7 bir k\u0131p\u0131rt\u0131 olmuyor.<\/p>\n<p>Ka\u00e7\u0131p izimi kaybediyorum. Art\u0131k jandarmalar yok ard\u0131mda.<\/p>\n<p>Dola\u015f\u0131yorum.<\/p>\n<p>Bir elimde otomatik; kay\u0131\u015fla omzumdan asm\u0131\u015f\u0131m. Rahat\u00e7a kullanabilece\u011fim. Bir elim bo\u015fta. Gerekli olabilir bu elim.<\/p>\n<p>On sekiz on dokuz ya\u015flar\u0131nda bir \u00e7ocu\u011fa yakla\u015f\u0131yorum.<\/p>\n<p>\u201cBana Belediye Ba\u015fkan\u0131n\u0131n evini g\u00f6ster,\u201d diyorum.<\/p>\n<p>\u201cPeki Deniz A\u011fabey, g\u00f6stereyim,\u201d diyor.<\/p>\n<p>\u00c7ok rahat. \u00c7ok sakin. Kendisine soru sordu\u011fum i\u00e7in de sevin\u00e7li. Hani bir yabanc\u0131ya yol g\u00f6sterirler ya rahat\u00e7a, yard\u0131m etmi\u015f olman\u0131n sevinciyle; bu da ayn\u0131 rahatl\u0131k i\u00e7inde davran\u0131yor. D\u00fc\u015f\u00fcyor \u00f6n\u00fcme. Y\u00fcr\u00fcyoruz.<\/p>\n<p>Bir evin \u00f6n\u00fcne geliyoruz.<\/p>\n<p>\u201cBuras\u0131 a\u011fabey,\u201d diyor.<\/p>\n<p>Gemerek Belediye Ba\u015fkan\u0131\u2019n\u0131n evi. Az \u00f6nce beni lin\u00e7 ettirmek i\u00e7in halka \u00e7a\u011fr\u0131da bulunan adam\u0131n evi. Tan\u0131\u015faca\u011f\u0131z.<\/p>\n<p>Bir omuz at\u0131p k\u0131r\u0131yorum kap\u0131y\u0131. \u0130\u00e7eri dal\u0131yorum. Belediye Ba\u015fkan\u0131, evinde; sofada, masan\u0131n ba\u015f\u0131nda bir \u015feyler at\u0131\u015ft\u0131rmakta. Beni \u00f6yle birden evinin i\u00e7inde, kar\u015f\u0131s\u0131nda g\u00f6r\u00fcnce yere at\u0131yor kendini, ayaklar\u0131ma kapan\u0131yor utanmadan.<\/p>\n<p>\u201cBen bir \u015fey etmedim. Ben bir \u015fey etmedim,\u201d diye yalvar\u0131p duruyor.<\/p>\n<p>Bir odadan kar\u0131s\u0131 iki k\u00fc\u00e7\u00fck \u00e7ocukla \u00e7\u0131k\u0131yor sofaya. Kad\u0131n \u015fa\u015fk\u0131n. Bir yanda da o yalvarmaya ba\u015fl\u0131yor:<\/p>\n<p>\u201cBunlara ac\u0131, bu yavrulara ac\u0131.\u201d<\/p>\n<p>\u201cAllah belan\u0131z\u0131 versin,\u201d deyip at\u0131yorum kendimi d\u0131\u015far\u0131. Karl\u0131 yollara d\u00fc\u015f\u00fcyorum yine. Gemerek\u2019in d\u0131\u015f\u0131na \u00e7\u0131k\u0131yorum.<\/p>\n<p>Ondan sonra i\u015fte o tren yolu hik\u00e2yesi oldu, \u00e7ukur hik\u00e2yesi. Tarlalardan ge\u00e7erek gittim oraya.<\/p>\n<p>***<\/p>\n<p>Yakaland\u0131n. Adamlar sana vurur, olmad\u0131k hakaretlerde bulunurlar. Buna kar\u015f\u0131 devrimci taktik \u015fu:<\/p>\n<p>Sen de s\u00f6veceksin. Elin bo\u015ftaysa vuracaks\u0131n. Ellerin ba\u011fl\u0131ysa t\u00fck\u00fcreceksin y\u00fczlerine. Hi\u00e7 a\u015fa\u011f\u0131dan al\u0131p sinmek yok.<\/p>\n<p>Falakaya falan yat\u0131racaklar. Direneceksin. G\u00fc\u00e7l\u00fckle yat\u0131racaklar. Boyun e\u011fmek yok.<\/p>\n<p>Ve onlardan hi\u00e7 bir istekte bulunmayacaks\u0131n. Hi\u00e7 bir \u015fey istemeyeceksin onlardan.<\/p>\n<p>B\u00f6yle yapt\u0131n m\u0131 herifler i\u015fkenceden sonra sana b\u00fcy\u00fck sayg\u0131 duyuyorlar. Eziliyorlar kar\u015f\u0131nda. \u0130\u015fkence edenler onlar, ama sonu\u00e7ta ezen sen oluyorsun.<\/p>\n<p>\u0130\u015fkenceye senin bunca dayanman ve oradaki b\u00fct\u00fcn devrimci tavr\u0131n, heriflerde b\u00f6yle bir etki b\u0131rak\u0131yor.<\/p>\n<p>***<\/p>\n<p>Yakalan\u0131\u015f\u0131m m\u0131?<\/p>\n<p>O da bir garip hik\u00e2yedir.<\/p>\n<p>Pusu. Son d\u00fc\u015ft\u00fc\u011f\u00fcm pusu. Yakaland\u0131\u011f\u0131m.<\/p>\n<p>Tarlan\u0131n i\u00e7inde. \u00c7ukurda.<\/p>\n<p>Tarla. V\u0131c\u0131k v\u0131c\u0131k \u00e7amur. Her yan \u00e7amur. Bir yandan da aral\u0131ks\u0131z ya\u011fmur ya\u011f\u0131yor, sulusepken.<\/p>\n<p>Parkam\u0131n ba\u015fl\u0131\u011f\u0131n\u0131 ba\u015f\u0131ma ge\u00e7iriyorum.<\/p>\n<p>Ellerim \u00fc\u015f\u00fcyor. Eldivenlerimi, silah\u0131 daha rahat kullanay\u0131m diye daha \u00f6nce bir yerlerde f\u0131rlat\u0131p atm\u0131\u015ft\u0131m. Eldiven de yok.<\/p>\n<p>Hava buz gibi.<\/p>\n<p>Bir \u00e7ukurun i\u00e7indeyim.<\/p>\n<p>\u00c7epe\u00e7evre sarm\u0131\u015flar.<\/p>\n<p>B\u00fct\u00fcn arabalar\u0131n farlar\u0131 \u00fczerimde.<\/p>\n<p>\u0130\u00e7ine girdi\u011fim \u00e7ukur, i\u015fte bu h\u00fccre kadar bir yer.<\/p>\n<p>Jeep\u2019lerin \u00fczerlerine A-4\u2019leri kurmu\u015flar. Sa\u011f\u0131ma soluma ya\u011fmur gibi mermi ya\u011f\u0131yor. Mermiler, d\u00fc\u015ft\u00fc\u011f\u00fc yerden \u00e7amurlar\u0131 savuruyorlar havaya. Farlar\u0131n ayd\u0131nl\u0131\u011f\u0131nda, ya\u011fan sulusepkeni renklendiriyor havaya s\u0131\u00e7rayan \u00e7amurlar. Ben \u00e7ukurun dibine, \u00e7ukurun bi\u00e7imine uyarak (U) harfi gibi uzanm\u0131\u015f\u0131m. Aya\u011fa kalkarsam, ba\u015f\u0131m d\u0131\u015far\u0131 \u00e7\u0131k\u0131yor. At\u0131lan mermilerden korunmak i\u00e7in ya \u00e7\u00f6melmek zorunday\u0131m, ya da b\u00f6yle \u00e7ukurun dibine uzanmak zorunday\u0131m.<\/p>\n<p>\u00c7ukurun dibinde kar var. Alt\u0131m kar, \u00fcst\u00fcm sulusepken ya\u011fmur ve mermiler. Yatt\u0131\u011f\u0131m yerden yukar\u0131y\u0131 g\u00f6zl\u00fcyorum, \u00e7ukurun \u00fcst\u00fcn\u00fc.<\/p>\n<p>Sanki donanma fi\u015fekleri at\u0131l\u0131yor \u00fcst\u00fcmde. Korkun\u00e7 g\u00fczel bir renk c\u00fcmb\u00fc\u015f\u00fc tepemde.<\/p>\n<p>\u2018C\u0131w\u2019 diye giriyor \u00e7ukurun yan\u0131ndaki \u00e7amurlara mermiler, \u00e7amuru savuruyorlar tepeden inen farlar\u0131n ayd\u0131nlatt\u0131\u011f\u0131 sulusepkenin i\u00e7ine, \u00fcst\u00fcme renk renk koca bir d\u00fcnya ya\u011f\u0131yor. Korkun\u00e7 g\u00fczel, anlat\u0131lmaz bir g\u00f6r\u00fcn\u00fc\u015f.<\/p>\n<p>Yar\u0131m saat, bir saat s\u00fcr\u00fcyor bu.<\/p>\n<p>Mermi \u00e7ok az kalm\u0131\u015f yan\u0131mda. Bir s\u00fcre sonra bitecek.<\/p>\n<p>Ara s\u0131ra do\u011frulup, ba\u015f\u0131m\u0131 \u00e7ukurdan yava\u015f\u00e7a \u00e7\u0131kar\u0131yorum, bir el ate\u015f ediyorum bo\u015flu\u011fa, \u00f6ld\u00fcrmeye atm\u0131yorum ama. G\u00f6remiyorum ki. Rasgele yak\u0131yorum mermiyi. Akl\u0131ma ilk gelen, Mayakovski\u2019nin \u015fu dizeleri oluyor:<\/p>\n<p>Susun art\u0131k konu\u015fmac\u0131lar,<\/p>\n<p>savd\u0131n\u0131z s\u0131ran\u0131z\u0131.<\/p>\n<p>S\u00f6z \u015fimdi mavzer arkada\u015fta,<\/p>\n<p>\u015fimdi o konu\u015facak.<\/p>\n<p>Bu dizeleri akl\u0131mdan ge\u00e7iriyorum ve kalk\u0131p bir mermi daha yak\u0131yorum. Sonra yine sinip bekliyorum \u00e7ukurun dibinde.<\/p>\n<p>\u0130\u015fte orada \u00f6l\u00fcm\u00fc d\u00fc\u015f\u00fcnd\u00fcm bak.<\/p>\n<p>\u00d6l\u00fcm \u00fcrk\u00fct\u00fcc\u00fc gelmiyor insana. Ama insan \u00f6l\u00fcm\u00fc kabul edemiyor. Kesin bir ger\u00e7ek bu.<\/p>\n<p>Bilimi d\u00fc\u015f\u00fcn\u00fcyorsun orada. \u0130ki y\u00fcz y\u0131l, \u00fc\u00e7 y\u00fcz y\u0131l sonras\u0131n\u0131 d\u00fc\u015f\u00fcn\u00fcyorsun. Ve bilimin insanl\u0131\u011fa getireceklerini. Ve birden i\u00e7inde bulundu\u011fun o durum anlams\u0131z geliyor sana. Ionesco\u2019nun oyunlar\u0131 gibi bir \u015fey. Sa\u00e7ma geliyor kimi \u015feyler sana o anda. Ya\u015faman gerekti\u011fini kavr\u0131yorsun. Bilim alm\u0131\u015f ba\u015f\u0131n\u0131 y\u00fcr\u00fcrken, kar\u015f\u0131ndaki bir s\u00fcr\u00fc insan\u0131n ne kadar k\u00fc\u00e7\u00fck \u015feylerle u\u011fra\u015ft\u0131klar\u0131n\u0131 d\u00fc\u015f\u00fcn\u00fcp ac\u0131n\u0131yorsun. \u0130\u00e7erliyorsun. \u201cL\u00e2netli adamlar\u201d diye ge\u00e7iriyorsun kafandan.<\/p>\n<p>\u0130nsanl\u0131\u011f\u0131n gelece\u011fini; ve senin o g\u00fcnleri g\u00f6remeyece\u011fini d\u00fc\u015f\u00fcn\u00fcyorsun; insan\u0131 h\u00fcz\u00fcnlendiriyor bu. Bir yanda g\u00fczel, e\u015fsiz bir gelecek, bir yanda o g\u00fczelim g\u00fcnleri g\u00f6remeyece\u011fin duygusu. \u201cNas\u0131lsa \u00f6lece\u011fim\u201d diye d\u00fc\u015f\u00fcnmeye ba\u015fl\u0131yorsun.<\/p>\n<p>Mermi vard\u0131 oysa yan\u0131mda.<\/p>\n<p>Birazdan bir bomba sallayacaklar \u00fczerime diyordum, \u00f6l\u00fcp gideceksin.<\/p>\n<p>\u0130lk anda \u00f6lmemeyi d\u00fc\u015f\u00fcn\u00fcyordum; yaralanmay\u0131, yaral\u0131 ve rahat bir \u00f6l\u00fcm\u00fc. Ama bir s\u00fcre sonra, d\u00fcnyan\u0131n d\u00f6rt bir yan\u0131nda \u00f6len bir s\u00fcr\u00fc devrimciyi d\u00fc\u015f\u00fcn\u00fcyorsun ve bir an nas\u0131lsa rahat bir \u00f6l\u00fcm\u00fc d\u00fc\u015f\u00fcnm\u00fc\u015f oldu\u011fun i\u00e7in korkun\u00e7 bir utan\u00e7 duyuyorsun kendi kendine.<\/p>\n<p>Bir devrimci nas\u0131l \u00f6lmesi gerekiyorsa \u00f6yle \u00f6lmeli.<\/p>\n<p>Ve daha \u00f6nce hi\u00e7 akl\u0131ma gelmeyen birtak\u0131m an\u0131lar ge\u00e7iyor g\u00f6z\u00fcm\u00fcn \u00f6n\u00fcnden.<\/p>\n<p>Bir film gibi ve \u00e7ok h\u0131zl\u0131 ge\u00e7iyor bunlar.<\/p>\n<p>\u00d6rne\u011fin \u00e7ocukluk g\u00fcnlerim gelip ge\u00e7ti g\u00f6z\u00fcm\u00fcn \u00f6n\u00fcnden nedense.<\/p>\n<p>\u00c7ocuklu\u011fum:<\/p>\n<p>Bah\u00e7eli bir evimiz vard\u0131. \u00c7i\u00e7ekler doluydu bah\u00e7emizde. Onlar\u0131n, o \u00e7i\u00e7eklerin aras\u0131nda ko\u015fup oynay\u0131\u015f\u0131m.<\/p>\n<p>Sonra g\u00f6z\u00fcm\u00fcn \u00f6n\u00fcnden gelip ge\u00e7en \u015feyler aras\u0131nda ans\u0131z\u0131n, bir sevgili. \u00c7ok buruk bir duygu bu. K\u0131z\u0131n g\u00fcl\u00fc\u015f\u00fc, oturu\u015fu, d\u00fc\u015f\u00fcn\u00fc\u015f\u00fc.<\/p>\n<p>Kesin ve \u00e7ok net g\u00f6r\u00fcnt\u00fcler bunlar. De\u011fi\u015fik durumlarda ve \u00f6ylesine canl\u0131 ki. Dipdiri. Kar\u015f\u0131mda sanki. Renkli bir film gibi. Sen o durumdayken, o anda, onun evinde olu\u015fu, s\u0131cac\u0131k bir odada olu\u015fu, belki de ne\u015feli olu\u015fu, g\u00fcl\u00fcyor olu\u015fu&#8230;<\/p>\n<p>B\u00fct\u00fcn bu an\u0131msanan \u015feylere, ki\u015filere kar\u015f\u0131, b\u00fct\u00fcn ya\u015fayanlara kar\u015f\u0131 o anda i\u00e7inde k\u00fc\u00e7\u00fcc\u00fck bir k\u0131skan\u00e7l\u0131k duygusu.<\/p>\n<p>Ve birden, ans\u0131z\u0131n \u00e7ok g\u00fcl\u00fcn\u00e7, matrak bir \u015fey de geliveriyor akl\u0131ma, g\u00fcl\u00fcyorum.<\/p>\n<p>Daha bir s\u00fcr\u00fc g\u00f6r\u00fcnt\u00fc.<\/p>\n<p>\u00dcniversite g\u00fcnleri.<\/p>\n<p>Beyaz\u0131t alan\u0131.<\/p>\n<p>Beyaz\u0131t\u2019\u0131n ara sokaklar\u0131.<\/p>\n<p>Polisle \u00e7at\u0131\u015fmalar.<\/p>\n<p>\u00d6b\u00fcr arkada\u015flar.<\/p>\n<p>Hani gazetelerde sosyete haberleri, dedikodular\u0131 \u00e7\u0131kar ya, onlar geliyor akl\u0131ma, o dedikodulardaki ki\u015filer.<\/p>\n<p>\u0130\u015fte o zaman \u00f6lmemek, ya\u015famak ve sava\u015fmak iste\u011fi. M\u00fccadele etmek iste\u011fi. Bunlar yeniden kabar\u0131yor, b\u00fcy\u00fcyor i\u00e7imde. Sava\u015fmak, m\u00fccadele etmek iste\u011fi.<\/p>\n<p>Sonra, \u00f6len arkada\u015flar\u0131m geliyor akl\u0131ma. Daha \u00e7ok Taylan\u2019\u0131 an\u0131msad\u0131m orada.<\/p>\n<p>Sonra Filistin\u2019deki \u00e7ocuklar\u0131.<\/p>\n<p>Ve -bak- en \u00f6nemlisi, \u00fcniversite kantinlerinde, \u00f6zellikle Siyasal Bilgiler Fak\u00fcltesi kantininde filan \u201chalk sava\u015f\u0131\u201d \u00fczerine tart\u0131\u015fmalar\u0131, s\u0131cac\u0131k \u00e7aylar\u0131n\u0131 yudumlayarak tart\u0131\u015fanlar\u0131 ge\u00e7irdim kafamdan.<\/p>\n<p>G\u00fcl\u00fcn\u00e7 geliyor b\u00fct\u00fcn bunlar sana ve alabildi\u011fine h\u00fcz\u00fcnleniyorsun.<\/p>\n<p>Can\u0131n s\u0131k\u0131l\u0131yor.<\/p>\n<p>***<\/p>\n<p>Elli altm\u0131\u015f metre \u00f6tedeler. Tam bir \u00e7emberin ortas\u0131ndas\u0131n. Arada silah sesleri kesiliyor ve,<\/p>\n<p>\u201cTeslim ol,\u201d sesi duyuluyor.<\/p>\n<p>Ba\u015f\u0131m\u0131 yava\u015f\u00e7a \u00e7ukurdan \u00e7\u0131kar\u0131p sesin geldi\u011fi yere, birazc\u0131k havaya do\u011fru bir kur\u015fun s\u0131k\u0131yorum. Yine siniyorum \u00e7ukurun dibine. Bu h\u00fccre b\u00fcy\u00fckl\u00fc\u011f\u00fcnde bir \u00e7ukur. Aya\u011fa kalk\u0131nca y\u00fcksekli\u011fi g\u00f6\u011fs\u00fcme geliyor. S\u0131rt\u0131m\u0131 \u00e7ukurun duvar\u0131na vermi\u015fim, arka \u00fcst\u00fc yat\u0131yorum \u00e7ukurda. Dipte, alt\u0131mda kar var. Daha erimemi\u015f. \u00c7ukurun yanlar\u0131nda \u00e7al\u0131lar.<\/p>\n<p>Bir iki mermi kalm\u0131\u015f. Son mermiyi kendine saklamak istiyorsun. Gerekirse vuracaks\u0131n kendini, kar\u015f\u0131 devrimin eline d\u00fc\u015fmemek i\u00e7in. Bunu d\u00fc\u015f\u00fcn\u00fcrken \u00f6l\u00fcm korkusu yok. En k\u00fc\u00e7\u00fck bir \u00e7ekinme yok. Namluyu \u015faka\u011f\u0131na dayayacaks\u0131n. Basacaks\u0131n teti\u011fe; tamam. \u00c7ok rahat.<\/p>\n<p>Kur\u015funu y\u00fcre\u011fine s\u0131kmaya i\u00e7in elvermiyor, k\u0131yam\u0131yorsun y\u00fcre\u011fine. Y\u00fcrek garip bir de\u011fer kazan\u0131yor orada.<\/p>\n<p>Kendi kendime, orada namluyu \u015faka\u011f\u0131ma dayay\u0131p \u00f6lece\u011fimi, ac\u0131 duymayaca\u011f\u0131m\u0131, kurtulaca\u011f\u0131m\u0131 falan da d\u00fc\u015f\u00fcn\u00fcyordum. Ama bir de bunun, i\u015fin kolay\u0131na ka\u00e7mak oldu\u011fu geliyor insan\u0131n akl\u0131na. Vazge\u00e7iyorsun.<\/p>\n<p>\u0130ki mermim kalm\u0131\u015ft\u0131. Mermiler t\u00fckenince \u00e7ukurdan \u00e7\u0131kmay\u0131 d\u00fc\u015f\u00fcnd\u00fcm. Ba\u015f\u0131m dik \u00e7\u0131kaca\u011f\u0131m. Vururlarsa vuracaklar. Ba\u015f\u0131m dik gidece\u011fim \u00f6l\u00fcme.<\/p>\n<p>Ya vurmazlarsa?<\/p>\n<p>O zaman yakalay\u0131p i\u015fkence edecekler.<\/p>\n<p>\u0130\u015fkence kolay. Bir g\u00fcn boyunca da s\u00fcrse i\u015fkence, dayan\u0131l\u0131r, onun ac\u0131s\u0131 nas\u0131l olsa ge\u00e7er. Zaman nas\u0131l olsa ak\u0131p ge\u00e7ecek ve i\u015fkencenin ac\u0131s\u0131 da bir s\u00fcre sonra nas\u0131l olsa kalmayacak diye d\u00fc\u015f\u00fcn\u00fcyorsun. On be\u015f g\u00fcn \u00f6nce i\u015fkence g\u00f6rseydim \u015fimdiye \u00e7oktan etkileri ge\u00e7mi\u015f olacakt\u0131, unutmu\u015f olacakt\u0131m. B\u00f6yle d\u00fc\u015f\u00fcnd\u00fcm orada.<\/p>\n<p>Kararl\u0131y\u0131m. Dayanaca\u011f\u0131m i\u015fkenceye. Konu\u015fturamayacaklar. \u00c7\u00f6z\u00fclmeyece\u011fim. Kesin kararl\u0131y\u0131m.<\/p>\n<p>Silah\u0131m\u0131 att\u0131m birden. Bir ara ate\u015f de kesilmi\u015fti.<\/p>\n<p>\u201c\u00c7\u0131k\u0131yorum!\u201d diye ba\u011f\u0131rd\u0131m.<\/p>\n<p>\u00c7\u0131kt\u0131m.<\/p>\n<p>Bekledim, ama ate\u015f eden olmad\u0131.<\/p>\n<p>Parkam\u0131n ba\u015fl\u0131\u011f\u0131n\u0131 geriye att\u0131m. Ba\u015f\u0131m dik. Bir elim cebimde, bo\u015f tabancamda. Gerekli olabilir. Bo\u015f ama, olsun. Umursamaz bir hava tak\u0131nd\u0131m. Her an bir mermi bekliyorum. Her an bir mermi bir yerime saplanacak. Ha geldi ha gelecek.<\/p>\n<p>\u201cDur!\u201d falan diyorlar.<\/p>\n<p>Bir y\u0131\u011f\u0131n \u015fey s\u00f6yl\u00fcyorlar.<\/p>\n<p>Art\u0131k s\u00f6ylenenleri duymuyorum. S\u00f6ylenen s\u00f6zlerin bir tekini bile anlam\u0131yorum.<\/p>\n<p>Biliyorum, g\u00f6r\u00fcyorum: b\u00fct\u00fcn namlular \u00fczerime \u00e7evrili.<\/p>\n<p>Her namlunun ucunda ben var\u0131m.<\/p>\n<p>\u00c7evrede kum gibi asker kayn\u0131yor.<\/p>\n<p>Yola \u00e7\u0131k\u0131yorum. Gemerek\u2019e giden yol bu. Ve Gemerek y\u00f6n\u00fcnde y\u00fcr\u00fcmeye ba\u015fl\u0131yorum. Ama hep, her an bir kur\u015fun bekliyorum. Etimle kemi\u011fimle bunu bekliyorum.<\/p>\n<p>\u201cKayseri Emniyet Amiriyim. Seni teslim al\u0131yorum,\u201d diyor bir ses.<\/p>\n<p>Tepkim b\u00fcy\u00fck oluyor, \u00f6nceden hi\u00e7 tasarlamad\u0131\u011f\u0131m bir tepki bu, hi\u00e7 d\u00fc\u015f\u00fcnmedi\u011fim bir \u015fey. Beklenmedik, ola\u011fan\u00fcst\u00fc bir tepki oluyor bende:<\/p>\n<p>\u201cSiktir be. Sen kimsin ulan beni teslim alacak!\u201d diyorum.<\/p>\n<p>Elimi cebimden \u00e7\u0131kar\u0131r gibi yap\u0131yorum. Uzakla\u015f\u0131veriyor.<\/p>\n<p>Yine y\u00fcr\u00fcyorum.<\/p>\n<p>Bir albay \u00e7\u0131k\u0131yor yolumun \u00fcst\u00fcne.<\/p>\n<p>Ve bir arabaya binip gidiyoruz.<\/p>\n<p>***<\/p>\n<p>Yakaland\u0131\u011f\u0131mda saat gecenin 02.30\u2019u faland\u0131.<\/p>\n<p>Beni al\u0131p do\u011fruca Kayseri\u2019ye g\u00f6t\u00fcrd\u00fcler.<\/p>\n<p>Ellerim kelep\u00e7eliydi. \u0130ki yan\u0131mdan iki iri adama kelep\u00e7elemi\u015flerdi.<\/p>\n<p>Yolda durmadan soruyorlar. Ara vermeden soruyorlar. Hi\u00e7 konu\u015fmuyorum.<\/p>\n<p>Kayseri\u2019ye var\u0131yoruz. Vakit gecenin yar\u0131s\u0131.<\/p>\n<p>Vali\u2019nin kar\u015f\u0131s\u0131na \u00e7\u0131kar\u0131l\u0131yorum.<\/p>\n<p>Vali,<\/p>\n<p>\u201cYakaland\u0131n m\u0131 sonunda?\u201d dedi k\u00fc\u00e7\u00fcmsemeye \u00e7al\u0131\u015farak.<\/p>\n<p>\u201cSen bir k\u00f6peksin. K\u00f6pek kalacaks\u0131n,\u201d dedim. Hi\u00e7 ummuyordu b\u00f6yle bir \u015fey s\u00f6yleyece\u011fimi. Ap\u0131\u015f\u0131p kald\u0131 kar\u015f\u0131mda. S\u00f6z\u00fcm\u00fcn alt\u0131ndan kalkamad\u0131. Bast\u0131 gitti.<\/p>\n<p>Oturdum.<\/p>\n<p>\u00c7ay getirdiler.<\/p>\n<p>Polisler d\u00f6n\u00fcp duruyor \u00e7evremde. Hi\u00e7 bir kaba s\u00f6z, kaba davran\u0131\u015f yok.<\/p>\n<p>\u201cA\u011fabey, ne istersin?\u201d<\/p>\n<p>\u201cBir istedi\u011fin var m\u0131 Deniz a\u011fabey?\u201d<\/p>\n<p>***<\/p>\n<p>Bir de \u015funu g\u00f6rd\u00fcm: \u00c7ok duygulan\u0131yorlar.<\/p>\n<p>Hele yakaland\u0131\u011f\u0131mda, Kayseri\u2019ye g\u00f6t\u00fcr\u00fcl\u00fcrken, iki koluma kelep\u00e7eyle ba\u011fl\u0131 o iki iri polis vard\u0131 ya, ben Ankara\u2019ya getirilirken, ikisi yine beni getirdikleri arabadayd\u0131. Yolda a\u011flad\u0131lar. \u0130steyerek yapmad\u0131klar\u0131n\u0131 s\u00f6ylediler, \u00fcz\u00fcnt\u00fclerini belirttiler.<\/p>\n<p>***<\/p>\n<p>Ankara\u2019ya jandarma pikab\u0131yla ve uzun bir konvoy halinde girdik. Saat sabah\u0131n 8\u2019i faland\u0131. Yollar t\u0131kl\u0131m t\u0131kl\u0131m insanla doluydu. Ankara, yeni bir g\u00fcne ba\u015fl\u0131yordu.<\/p>\n<p>\u0130\u015flerine giden memurlar. Okullar\u0131na giden \u00f6\u011frenciler.<\/p>\n<p>Ya\u011fmur ya\u011f\u0131yor.<\/p>\n<p>Islak bir Ankara sabah\u0131. Sevdi\u011fim sabahlardan biri.<\/p>\n<p>\u0130\u00e7i\u015fleri Bakanl\u0131\u011f\u0131\u2019n\u0131n \u00f6n\u00fcne geliyoruz. \u0130ndiriyorlar. Tam \u0130\u00e7i\u015fleri Bakanl\u0131\u011f\u0131\u2019na girerken kalabal\u0131ktan biri,<\/p>\n<p>\u201cYuh!\u201d diye ba\u011f\u0131r\u0131yor.<\/p>\n<p>Y\u00fcr\u00fcyorum \u00fczerine, iki \u00fc\u00e7 ad\u0131m at\u0131yorum. Polisler o kadar\u0131na izin veriyorlar. Ka\u00e7\u0131yor \u201cyuh\u201d \u00e7eken. Giriyoruz i\u00e7eri.<\/p>\n<p>\u0130\u00e7i\u015fleri Bakan\u0131\u2019n\u0131n kar\u015f\u0131s\u0131na \u00e7\u0131kar\u0131l\u0131yorum.<\/p>\n<p>\u00c7ok keyifliydi. Ayaktayd\u0131. Odas\u0131, sabah\u0131n sekizinde gazetecilerle dolu.<\/p>\n<p>Ben hep ba\u015f\u0131m\u0131 dik tutmaya, canl\u0131, dipdiri g\u00f6r\u00fcnmeye \u00e7al\u0131\u015f\u0131yorum. Nas\u0131l bitkinim oysa, ayaklar\u0131m\u0131 zor s\u00fcr\u00fcyorum. Ayakta duracak g\u00fcc\u00fcm kalmam\u0131\u015f. Ama belli etmiyorum.<\/p>\n<p>\u201cGe\u00e7mi\u015f olsun,\u201d dedi g\u00fclerek \u0130\u00e7i\u015fleri Bakan\u0131.<\/p>\n<p>Surat\u0131na bakt\u0131m pis pis. Hi\u00e7 bir kar\u015f\u0131l\u0131k vermedim.<\/p>\n<p>Gazetecilere d\u00f6nd\u00fc:<\/p>\n<p>\u201c\u015eu pejm\u00fcrde k\u0131l\u0131kl\u0131 adam, Halk Kurtulu\u015f Ordusu\u2019nun kahraman\u0131ym\u0131\u015f.\u201d<\/p>\n<p>\u201cBe\u011fenemedin mi? Tabii kahraman\u0131y\u0131m, T\u00fcrkiye Halk Kurtulu\u015f Ordusu\u2019nun sava\u015f\u00e7\u0131s\u0131y\u0131m.\u201d<\/p>\n<p>\u201cNereye gidiyordun?\u201d<\/p>\n<p>\u201cDevrime.\u201d<\/p>\n<p>Haritay\u0131 g\u00f6steriyor duvarda, Sivas\u2019\u0131 g\u00f6steriyor:<\/p>\n<p>\u201cBuradan m\u0131 gidilir devrime?\u201d<\/p>\n<p>\u201cSenin kafan almaz b\u00f6yle \u015feyleri.\u201d<\/p>\n<p>\u201cT\u00fcrkiye\u2019de bir tek ordu vard\u0131r, o da T\u00fcrkiye Cumhuriyeti\u2019nin ordusudur.\u201d<\/p>\n<p>\u201cOnun i\u00e7in Demirel ve senin gibiler hemen istifay\u0131 bast\u0131n\u0131z.\u201d<\/p>\n<p>Sinirlendi.<\/p>\n<p>\u00dczerine bir ad\u0131m att\u0131m.<\/p>\n<p>Geriledi. \u015ea\u015f\u0131rd\u0131. Deh\u015fetli bir panik havas\u0131 i\u00e7inde, elini sallayarak ve kekeleyerek:<\/p>\n<p>\u201cG\u00f6-g\u00f6-g\u00f6t\u00fcr\u00fcn bunu\u201d dedi.<\/p>\n<p>S\u00fcr\u00fckleyerek \u00e7\u0131kard\u0131lar beni odadan.<\/p>\n<p>\u201cG\u00f6sterece\u011fiz sana da, senin gibilere de, Amerikan\u0131n g\u00fcvenilir k\u00f6pekleri!\u201d diye ba\u011f\u0131rd\u0131m kap\u0131dan \u00e7\u0131kar\u0131l\u0131rken.<\/p>\n<p>Gazetecilerin y\u00fcz\u00fcnde b\u00fcy\u00fck bir \u015fa\u015fk\u0131nl\u0131k vard\u0131.<\/p>\n<p>***<\/p>\n<p>Odadan \u00e7\u0131kar\u0131p beni Emniyet Genel M\u00fcd\u00fcr\u00fc\u2019n\u00fcn odas\u0131na soktular.<\/p>\n<p>Emniyet Genel M\u00fcd\u00fcr\u00fc, boyuna:<\/p>\n<p>\u201cBakan\u0131m\u0131za-, bakan\u0131m\u0131za-, bakan\u0131m\u0131za hakaret etti,\u201d diyordu sinirle.<\/p>\n<p>\u201cSen de k\u00f6peksin,\u201d dedim ona. B\u00f6yle bir davran\u0131\u015f beklemedikleri i\u00e7in; hepsi \u015fa\u015fk\u0131nd\u0131, herkeste tam bir panik havas\u0131 vard\u0131. Bir ben bu pani\u011fin d\u0131\u015f\u0131nday\u0131m. Gazeteciler de pani\u011fe kap\u0131lm\u0131\u015f durumda.<\/p>\n<p>\u201cBen k\u00f6pek de\u011filim,\u201d diyor Emniyet Genel M\u00fcd\u00fcr\u00fc.<\/p>\n<p>\u201cK\u00f6peksin,\u201d diyorum, \u201ck\u00f6pek olmasan bug\u00fcn burada i\u015fin ne.\u201d<\/p>\n<p>***<\/p>\n<p>Al\u0131p Emniyet\u2019e g\u00f6t\u00fcrd\u00fcler.<\/p>\n<p>Orada da davran\u0131\u015flar\u0131m ayn\u0131. Komiserlere, polislere, Emniyet M\u00fcd\u00fcr\u00fc\u2019ne falan, herkese b\u00f6yle s\u00f6zler s\u00f6yl\u00fcyorum, hakaretler ya\u011fd\u0131r\u0131yorum.<\/p>\n<p>Ak\u015fam olacak, saat 17\u2019de herkes \u00e7ekilip gidecek, i\u015fkence ba\u015flayacak, diye d\u00fc\u015f\u00fcn\u00fcyorum.<\/p>\n<p>D\u00f6rd\u00fcnc\u00fc g\u00fcne girmi\u015fim; a\u00e7l\u0131k, yorgunluk, uykusuzluk bitirmi\u015f beni. Bitkinim. Kalan son g\u00fcc\u00fcn\u00fc kullan\u0131yorum, direniyorum.<\/p>\n<p>Saat 17 oldu ve i\u015fkence ba\u015flamad\u0131.<\/p>\n<p>\u0130radeyi s\u0131f\u0131ra indiren bir il\u00e2\u00e7 verdiler.<\/p>\n<p>\u0130\u011fne yapacaklard\u0131, yapt\u0131rmad\u0131m. Zorla yapmak istediler, direndim; ba\u015faramad\u0131lar. Hap\u0131 tercih ettim. Ald\u0131m hap\u0131. \u2018Biraz a\u011fz\u0131mda tutar\u0131m\u2019 diye d\u00fc\u015f\u00fcn\u00fcyorum. \u0130kinci \u015eube M\u00fcd\u00fcr\u00fc\u2019yle bir komisere de birer hap i\u00e7irdim. \u201c\u00d6nce siz i\u00e7in, ondan sonra ben i\u00e7eyim, \u0130\u00e7mem yoksa,\u201d dedim.<\/p>\n<p>Birer hap yutmak zorunda kald\u0131lar.<\/p>\n<p>\u015eartland\u0131r\u0131yorum kendimi ve boyuna bask\u0131 yap\u0131yorum kendime:<\/p>\n<p>\u201cS\u00f6ylemeyece\u011fim, s\u00f6ylemeyece\u011fim.\u201d<\/p>\n<p>B\u00f6yle yaparsan, hap da olsa, s\u00f6ylemek istemedi\u011fin \u015feyleri s\u00f6ylemiyorsun.<\/p>\n<p>\u0130la\u00e7 gev\u015fetiyor. Ama kendini \u015fartlam\u0131\u015f olman \u00f6nemli.<\/p>\n<p>Orada da sayg\u0131 duymaktan alamad\u0131lar kendilerini polisler.<\/p>\n<p>Direnirsen sonu\u00e7 hep b\u00f6yle oluyor.<\/p>\n<p>Birka\u00e7 tanesi bozuluyor tabii bana; birka\u00e7 t\u00fcy\u00fc bozuk, m\u00fcthi\u015f sinir oluyor yapt\u0131klar\u0131ma. Ama oradakilerin b\u00fcy\u00fck \u00e7o\u011funlu\u011fu sayg\u0131l\u0131 oldular bana.<\/p>\n<p>Fizik i\u015fkence hi\u00e7 \u00f6nemli de\u011fil. \u0130nsan\u0131 pek etkilemiyor. Dayan\u0131yorsun, \u00f6nemli olan psikolojik hik\u00e2ye.<\/p>\n<p>\u0130stanbul\u2019da, bir keresinde on \u00fc\u00e7 ki\u015fi faland\u0131k. Bizi \u015f\u00f6yle s\u0131ralam\u0131\u015flard\u0131 kar\u015f\u0131lar\u0131na. Makineli at\u0131\u015f\u0131 gibi \u00fcst \u00fcste, aral\u0131ks\u0131z sorular soruyorlard\u0131 k\u0131sa k\u0131sa. Cevap vermemek olanaks\u0131zla\u015f\u0131yor. Ben, orada, soru sorulunca, hi\u00e7 d\u00fc\u015f\u00fcnmeden s\u00f6v\u00fcyordum. \u00c7ok iyi oluyor. Biraz d\u00fc\u015f\u00fcnmek, biraz duraksamak bile, y\u00fcze vuran ifadeyle ipucu verebiliyor polise, \u00f6zellikle M\u0130T uyguluyor bu y\u00f6ntemi.<\/p>\n<p>***<\/p>\n<p>Bir de ara s\u0131ra gelip alay ederler. Y\u00fcz\u00fcn\u00fc falan eller biri, alay ederek.<\/p>\n<p>\u201c\u015euna da bak,\u201d falan der.<\/p>\n<p>M\u00fcthi\u015f sinir bir \u015fey. Yani ki\u015fili\u011fini yok etmek isterler o anda. Kesinlikle duracaks\u0131n, sinirlenmeyeceksin. \u00c7ok \u00f6nemli.<\/p>\n<p>***<\/p>\n<p>Arabas\u0131n\u0131 alarak ka\u00e7\u0131rd\u0131\u011f\u0131m pijamal\u0131 adam astsubayd\u0131. Hele ate\u015f alt\u0131na girip \u00e7\u0131kt\u0131ktan sonra g\u00f6recektin. Bir yandan da tam bir otomat haline gelmi\u015fti yan\u0131mda. Yani, adam\u0131n beyni, senin beynine ge\u00e7mi\u015f o anda; sen ne dersen onu yap\u0131yor. \u015eaka de\u011fil, senin elinde silah\u0131n var, silahl\u0131s\u0131n; otomatik silah var elinde. Yan\u0131nda boyuna ate\u015f etmi\u015fsin sa\u011fa sola. Yani elindeki silah\u0131 ate\u015flerken g\u00f6rm\u00fc\u015f seni bir kere.<\/p>\n<p>***<\/p>\n<p>Ve ben, \u00e7at\u0131\u015fma s\u0131ras\u0131nda de\u011fil, ama \u00e7at\u0131\u015fma d\u0131\u015f\u0131 kal\u0131nca, boyuna kad\u0131n\u0131, astsubay\u0131n kar\u0131s\u0131n\u0131 d\u00fc\u015f\u00fcn\u00fcyordum arabadayken. \u0130stemeyerek yaralam\u0131\u015ft\u0131m kad\u0131nca\u011f\u0131z\u0131.<\/p>\n<p>Bir de, o \u00e7at\u0131\u015fmalarda \u201cacaba ka\u00e7 ki\u015fi \u00f6ld\u00fc?\u201d diye d\u00fc\u015f\u00fcnmekten kendimi alam\u0131yordum.<\/p>\n<p>***<\/p>\n<p>Devrimci, yakalan\u0131nca, kar\u015f\u0131 devrimin eline d\u00fc\u015f\u00fcnce, tamam m\u0131, korkun\u00e7, \u00e7ok boktan bir durum oluyor. Adamlar\u0131n y\u00fczlerindeki o keyifli, a\u015fa\u011f\u0131l\u0131k durum, illet eder insan\u0131. Sanki b\u00fcy\u00fck bir \u015fey ba\u015farm\u0131\u015f gibidirler. \u0130\u015fte orada, o durumda, yakaland\u0131\u011f\u0131na m\u00fcthi\u015f pi\u015fman oluyorsun.<\/p>\n<p>***<\/p>\n<p>Normal, silahl\u0131 bir \u00e7at\u0131\u015fmada s\u0131k s\u0131k vuruldu\u011funu san\u0131yorsun. Yaran\u0131n s\u0131cakl\u0131\u011f\u0131yla, vuruldu\u011funu daha pek anlamad\u0131\u011f\u0131n\u0131 san\u0131yorsun. Arada bir yokluyorsun kendini, yaraland\u0131m m\u0131 diye.<\/p>\n<p>Ama, \u00e7at\u0131\u015fma s\u0131ras\u0131nda yaralanm\u0131\u015f olman\u0131n kesinlikle hi\u00e7 \u00f6nemi yok.<\/p>\n<p>\u00c7at\u0131\u015f\u0131rken ve yakalan\u0131nca, \u00f6l\u00e7\u00fc olarak, \u00f6b\u00fcr b\u00fcy\u00fck devrimcileri d\u00fc\u015f\u00fcn\u00fcyorsun. Bir devrimci nas\u0131l davran\u0131r? O b\u00fcy\u00fck devrimciler nas\u0131l davranm\u0131\u015ft\u0131? Che Guevara nas\u0131l davranm\u0131\u015ft\u0131? Bak, sen inceledin, yazd\u0131n bu konuyu. Ernesto adl\u0131 hik\u00e2yende Guevara\u2019n\u0131n nas\u0131l yakaland\u0131\u011f\u0131n\u0131, yakalan\u0131nca nas\u0131l davrand\u0131\u011f\u0131n\u0131 yazd\u0131n, bilirsin. \u0130\u015fte onlar\u0131 d\u00fc\u015f\u00fcn\u00fcyorsun o anda. Onlar\u0131n davrand\u0131\u011f\u0131 gibi, onlar gibi davranmak istiyorsun.<\/p>\n<p>Hep bunlar\u0131 d\u00fc\u015f\u00fcn\u00fcyorsun; \u00e7at\u0131\u015f\u0131rken ve yakalan\u0131nca.<\/p>\n<p>Onlar gibi davranmay\u0131 d\u00fc\u015f\u00fcn\u00fcyorum.<\/p>\n<p>Onlar gibi \u00f6lmeyi.<\/p>\n<p>***<\/p>\n<p>Bug\u00fcnk\u00fc ku\u015fak bizlerden olduk\u00e7a de\u011fi\u015fik. Ayr\u0131 \u00f6zellikler tad\u0131yor bu ku\u015fak. Bir bak\u0131yorsun, silah\u0131n\u0131 al\u0131p eyleme giriveriyor. Bu yeni arkada\u015flar\u0131 s\u00f6yl\u00fcyorum.<\/p>\n<p>Bizim ku\u015fak ba\u015fka t\u00fcrl\u00fcyd\u00fc.<\/p>\n<p>Biz edebiyattan falan geldik buraya. Yenikap\u0131\u2019dan. Beni al i\u015fte: 1966\u2019da \u00fcniversiteye girdim, \u0130stanbul Hukuk Fak\u00fcltesi\u2019ne. 1964\u2019te partiye girmi\u015ftim, T\u00fcrkiye \u0130\u015f\u00e7i Partisi\u2019ne.<\/p>\n<p>Bu yeni ku\u015fak, bizler gibi de\u011fil, \u00f6yle uzun boylu d\u00fc\u015f\u00fcnce tart\u0131\u015fmalar\u0131 falan da yapmaya f\u0131rsat bulamad\u0131 bu ku\u015fak. \u00dcniversite \u00f6zg\u00fcrl\u00fcklerini ya\u015faman\u0131n ne oldu\u011funu bile anlayamadan kendilerini eylemin i\u00e7inde buluverdi \u00e7ocuklar.<\/p>\n<p>\u00d6rne\u011fin, Beethoven\u2019i doyas\u0131ya dinleyemediler.<\/p>\n<p>Eisenstein\u2019\u0131n filmlerini, Pudovki\u2019nin filmlerini bile \u015f\u00f6yle rahat\u00e7a, zevkle seyredemediler.<\/p>\n<p>D\u00fc\u015f\u00fcnsene, bir resim sergisini bile \u015f\u00f6yle i\u00e7lerine sindire sindire gezip g\u00f6rme olana\u011f\u0131 bulamad\u0131lar.<\/p>\n<p>Bu eksikliklerin onlara \u00e7ok zarar\u0131 oldu.<\/p>\n<p>Marksizm-Leninizm, nas\u0131l insanl\u0131\u011f\u0131n bir \u00fcr\u00fcn\u00fcyse, bunlar da, bu s\u00f6ylediklerim de, insanl\u0131\u011f\u0131n uzun y\u00fczy\u0131llar sonunda yaratt\u0131klar\u0131d\u0131r, \u00fcr\u00fcnleridir.<\/p>\n<p>Bu yeni gelen ku\u015fak, insan olarak, bunlar\u0131n, b\u00fct\u00fcn bu insanl\u0131k \u00fcr\u00fcnlerinin \u00e7o\u011fundan yoksun kald\u0131. Hi\u00e7 de i\u00e7 a\u00e7\u0131c\u0131 bir durum de\u011fil bu.<\/p>\n<p>\u00f6nemli de\u011filmi\u015f gibi g\u00f6r\u00fcn\u00fcr ama, yahu bu \u00e7ocuklar do\u011fru d\u00fcr\u00fcst \u00e2\u015f\u0131k bile olamad\u0131lar.<\/p>\n<p>Burjuvalar bilmez bu hik\u00e2yeyi.<\/p>\n<p>\u0130nsanl\u0131\u011f\u0131n b\u00fcy\u00fck k\u00fclt\u00fcr miras\u0131n\u0131 yine en iyi, devrimciler anlar, devrimciler de\u011ferlendirir. Marksist-Leninist olan\u0131n, \u00f6tekilere \u00fcst\u00fcnl\u00fc\u011f\u00fcd\u00fcr bu.<\/p>\n<p>Bir burjuva, inan ki, Beethoven\u2019in Yedinci Senfonisi\u2019ni, bir devrimci kadar anlayamaz bence.<\/p>\n<p>Bir burjuva, Lorca\u2019n\u0131n \u015fiirinin tad\u0131na, bir Marksist-Leninist gibi varamaz.<\/p>\n<p>\u0130spanya \u0130\u00e7 Sava\u015f\u0131\u2019n\u0131 ya\u015fayan biri Rodrigo\u2019yu nas\u0131l bizlerden daha iyi anlarsa, bu da \u00f6yledir. Bilmem yan\u0131l\u0131yor muyum? Hi\u00e7 sanmam.<\/p>\n<p>***<\/p>\n<p>Eylem s\u0131ras\u0131nda neler duydu\u011fum mu? Evet, \u00f6nemli. Anlatmaya \u00e7al\u0131\u015fay\u0131m.<\/p>\n<p>\u015e\u00f6yle ba\u015flayal\u0131m:<\/p>\n<p>\u0130stersen banka soygunu hikayesiyle ba\u015flayal\u0131m.<\/p>\n<p>Bir kere, heyecanlanmamak olanaks\u0131z. Ama bu i\u015fin korkuyla hi\u00e7 bir ilgisi yok. Hani \u00e7ok h\u0131zl\u0131 giden bir arabada duyulan heyecan vard\u0131r ya, onun gibi bir \u015fey i\u015fte. Bir gerilim. Yani, bilinmedik bir olayda duyulan heyecan gibi.<\/p>\n<p>Bankaya girince, orada \u00e7al\u0131\u015fan insanlar\u0131n y\u00fcz\u00fc \u00e7ok ilgin\u00e7. \u00d6zellikle y\u00fczleri. Y\u00fczleri hi\u00e7 k\u0131p\u0131rdam\u0131yor. Hani, g\u00fcl\u00fcyorken, g\u00fcl\u00fcyor olarak kal\u0131yor insan\u0131n y\u00fcz\u00fc. Hem de sonuna kadar. Y\u00fcz \u00f6ylece donup kal\u0131yor. Bankaya ilk girdi\u011fin anda duydu\u011fu, ge\u00e7irdi\u011fi \u015fok s\u0131ras\u0131nda y\u00fcz\u00fcn ald\u0131\u011f\u0131 bi\u00e7im ne idiyse, \u00f6ylece donup kal\u0131yor y\u00fczleri. Hani filmlerde olur, ak\u0131p giden hareket, bir foto\u011fraf halinde dondurulur ya bazen, t\u0131pk\u0131 \u00f6yle.<\/p>\n<p>Orada duyulan duygu, \u00f6\u011frenci eylemlerine kat\u0131l\u0131rkenki duygu gibi de\u011fil. Kitle duygusuna hi\u00e7 benzemiyor. \u00c7ok de\u011fi\u015fik. Benim g\u00fclece\u011fim geldi, adamlar\u0131n o garip hallerini g\u00f6r\u00fcnce.<\/p>\n<p>***<\/p>\n<p>Sonra izlenme duygusu var. \u015eehir i\u00e7i olaylar\u0131nda, arabayla boyuna yer de\u011fi\u015ftirirken, arkana tak\u0131lan her arabadan ku\u015fkulan\u0131yorsun. Bu kesin. Her arabaya polis arabas\u0131 g\u00f6z\u00fcyle bak\u0131yorsun. Ka\u00e7\u0131n\u0131lmaz bir duygu bu.<\/p>\n<p>***<\/p>\n<p>E\u011flenceli yanlar\u0131 da var bu i\u015fin.<\/p>\n<p>Amerikal\u0131 zenci \u015fof\u00f6r Finley\u2019i ka\u00e7\u0131rd\u0131\u011f\u0131m\u0131z g\u00fcn, biz Finley\u2019i arabadan indirdikten sonra, Yusuf arabay\u0131 g\u00f6t\u00fcr\u00fcp Eski\u015fehir yolu \u00fczerinde bir \u015farampole yuvarlad\u0131. Sonra bizim oraya yirmi otuz araba dolusu polis geldi.<\/p>\n<p>***<\/p>\n<p>Vakit gece.<\/p>\n<p>B\u00fct\u00fcn polis arabalar\u0131n\u0131n farlar\u0131 yan\u0131yor. Polis arabalar\u0131n\u0131n tepelerindeki renkli f\u0131rf\u0131rlar durmadan d\u00f6n\u00fcyor. Sirk gibi. Lunapark gibi. E\u011flence yerinde bir g\u00f6steriyi izliyor gibisin.<\/p>\n<p>Heyecanla izliyorsun olup bitenleri.<\/p>\n<p>Refleksler, silahl\u0131 olaylar s\u0131ras\u0131nda, silahl\u0131 \u00e7at\u0131\u015fmalarda \u00e7ok iyi \u00e7al\u0131\u015f\u0131yor. Arabalar\u0131n \u00f6n farlar\u0131 durmadan tar\u0131yor bizi.<\/p>\n<p>S\u00fcrekli yer de\u011fi\u015ftiriyorsun, hedef olmamak i\u00e7in.<\/p>\n<p>Yerler \u0131slak. \u00c7amur.<\/p>\n<p>Yorgunsun.<\/p>\n<p>\u0130\u00e7inden, oturdu\u011fun yerden hi\u00e7 kalkmamak, orada uzan\u0131p kalmak gibi istekler ge\u00e7iyor. Uykuyu \u00f6zl\u00fcyorsun. Nas\u0131l b\u00fcy\u00fck bir istek bu. Ama uykuya yenilmemen gerekiyor. Bu da b\u00f6yle garip bir durum i\u015fte.<\/p>\n<p>***<\/p>\n<p>Yapt\u0131\u011f\u0131n hareketin kesin do\u011fru oldu\u011funa inan\u0131yorsun. Tam bir devrimci gibi davranmaya \u00e7al\u0131\u015f\u0131yorsun. \u015eunu a\u00e7\u0131k\u00e7a s\u00f6yleyeyim: Yapt\u0131\u011f\u0131n eylemlerden kesin hi\u00e7 bir pi\u015fmanl\u0131k duymuyorsun. Pi\u015fmanl\u0131k yok.<\/p>\n<p>\u00c7at\u0131\u015fmalar s\u0131ras\u0131nda hi\u00e7 bir \u015fa\u015fk\u0131nl\u0131\u011fa u\u011fram\u0131yorsun. E\u011fitimin, daha \u00f6nce bu yolda yapt\u0131\u011f\u0131n e\u011fitimin \u00e7ok yarar\u0131 var bunda, \u00f6zellikle Filistin\u2019deki e\u011fitimin b\u00fcy\u00fck yarar\u0131 var. Ne yap\u0131yorsan bilerek yap\u0131yorsun.<\/p>\n<p>\u00c7at\u0131\u015fmalar s\u0131ras\u0131nda, \u00f6zellikle de pusuda beklerken, u\u011frunda bu b\u00fcy\u00fck kavgaya girdi\u011fin insanlara amans\u0131z bir sevgi duyuyordum. U\u011frunda m\u00fccadele verdi\u011fim k\u00f6yl\u00fclere, i\u015f\u00e7ilere, \u00f6zellikle de \u00e7ocuklara. \u00c7ocuklar\u0131 d\u00fc\u015f\u00fcn\u00fcyordum s\u0131k s\u0131k. Anlat\u0131lmaz bir sevgi, anlat\u0131lmaz bir \u00f6zlem duyuyordum onlara; \u00e7ocuklara.<\/p>\n<p>Bir de b\u00fct\u00fcn bu olaylar\u0131, b\u00fct\u00fcn bu ac\u0131lar\u0131, gelecek ku\u015faklar\u0131n hat\u0131rlamayaca\u011f\u0131n\u0131 d\u00fc\u015f\u00fcn\u00fcyorsun. Ya hat\u0131rlamazlarsa diye ge\u00e7iriyorsun. B\u00fct\u00fcn bu ac\u0131lar\u0131, bu s\u0131k\u0131nt\u0131lar\u0131 onlar i\u00e7in \u00e7ekti\u011fini \u00e7ok iyi biliyorsun oysa.<\/p>\n<p>Bir ki\u015fi oldu\u011funu, i\u00e7ine girdi\u011fin bu \u00e7at\u0131\u015fman\u0131n, asl\u0131nda o anda bir ki\u015finin \u00e7at\u0131\u015fmas\u0131 oldu\u011funu, ve bunun, bu b\u00fcy\u00fck kavgan\u0131n i\u00e7inde \u00f6nemsiz oldu\u011funu, kocaman okyanusta bir damla oldu\u011funu d\u00fc\u015f\u00fcn\u00fcyorsun.<\/p>\n<p>\u0130\u015fte Vietnam. Bir y\u0131\u011f\u0131n insan \u00f6lm\u00fc\u015f orada. Vuru\u015fan, \u00f6len her yurtsever Vietnaml\u0131, bir y\u0131\u011f\u0131n ac\u0131, bir y\u0131\u011f\u0131n s\u0131k\u0131nt\u0131 \u00e7ekmi\u015f ve vuru\u015fa vuru\u015fa \u00f6lm\u00fc\u015f, \u00f6len y\u0131\u011f\u0131nla devrimci var orada. Ve gelecek ku\u015faklar, ne diyecek?<\/p>\n<p>\u201cBe\u015f y\u00fcz bin ki\u015fi \u00f6ld\u00fc, falan,\u201d diyecek.<\/p>\n<p>B\u00f6yle diyecek gelecek ku\u015faklar.<\/p>\n<p>Ve sen ge\u00e7ip gideceksin.<\/p>\n<p>\u00c7ekti\u011fin bunca ac\u0131n\u0131n, ac\u0131lar\u0131n, gelecek ku\u015faklarca da bilinmesini istiyorsun. Bu duyguyu anl\u0131yor musun?<\/p>\n<p>***<\/p>\n<p>Sonra, s\u00fcrekli olarak izleniyorsun. Hep bir av alan\u0131nda gibisin. Hi\u00e7 avc\u0131 de\u011filsin. Hep avs\u0131n. Bir av hayvan\u0131 gibi duyuyorsun kendini. S\u00fcrekli kovalan\u0131yorsun.<\/p>\n<p>\u00d6l\u00fcm m\u00fc?<\/p>\n<p>\u00d6l\u00fcm gelip kap\u0131na dayand\u0131\u011f\u0131 zaman, b\u00f6ylesi bir m\u00fccadeleyi s\u00fcrd\u00fcrd\u00fc\u011f\u00fcn i\u00e7in, bir bak\u0131ma, ortaya koyabilece\u011fin her \u015feyi ortaya koymu\u015fsun, yapabilece\u011fin her \u015feyi yapm\u0131\u015fs\u0131n gibi geliyor sana. Biliyor musun, mutluluk veriyor bu insana.<\/p>\n<p>Biz bu i\u015fe girdik bir kez. Girmi\u015ftik. Sonuna kadar g\u00f6t\u00fcrecektik.<\/p>\n<p>Yapt\u0131\u011f\u0131m\u0131z eylemlerden herhangi bir pi\u015fmanl\u0131k duyup duymad\u0131\u011f\u0131m\u0131 soruyorsun. Kesinlikle hay\u0131r. Hi\u00e7 bir pi\u015fmanl\u0131k duymad\u0131m. Ne ben, ne de arkada\u015flar\u0131m. Hi\u00e7 bir zaman.<\/p>\n<p>Ankara\u2019dan \u00e7\u0131karken, T\u00fcrkiye d\u0131\u015f\u0131na falan gitmeyi, s\u0131n\u0131r d\u0131\u015f\u0131na \u00e7\u0131kmay\u0131, akl\u0131m\u0131za bile getirmedik. Yok b\u00f6yle \u015fey. Kararl\u0131yd\u0131k. Kesin kararl\u0131yd\u0131k. Ankara\u2019dan \u00e7\u0131k\u0131p, bir k\u0131r gerillas\u0131 kararg\u00e2h\u0131 kuracakt\u0131k.<\/p>\n<p>***<\/p>\n<p>\u00d6l\u00fcm, hi\u00e7 de \u00fcrk\u00fct\u00fcc\u00fc de\u011fil.<\/p>\n<p>\u00d6l\u00fcmle burun buruna gelmedik\u00e7e, yani \u00f6l\u00fcm, kar\u015f\u0131nda somutla\u015fmad\u0131k\u00e7a, \u00f6l\u00fcme pek ald\u0131rm\u0131yorsun. Hem de hi\u00e7 ald\u0131rm\u0131yorsun. Takm\u0131yorsun \u00f6l\u00fcm\u00fc.<\/p>\n<p>Ama \u00f6l\u00fcmle kar\u015f\u0131 kar\u015f\u0131ya kal\u0131nca, o zaman. \u0130\u015fte o zaman, garip bir h\u00fcz\u00fcn ba\u015fl\u0131yor. B\u00f6yle bir duyguyla ilk ne zaman kar\u015f\u0131la\u015ft\u0131m, biliyor musun? Garip, h\u00fcz\u00fcn y\u00fckl\u00fc bir korkuydu. Yusuf vurulunca ya\u015fad\u0131m bu karma\u015f\u0131k duyguyu. Ger\u00e7i daha \u00f6nce de buna benzer bir duyguya kap\u0131lm\u0131\u015ft\u0131m. Ama daha de\u011fi\u015fikti o. \u0130lk kez \u00f6l\u00fcm korkusunu, 1966 y\u0131l\u0131nda \u00f6l\u00fcmle kar\u015f\u0131 kar\u015f\u0131ya kald\u0131\u011f\u0131mda ya\u015fam\u0131\u015ft\u0131m.<\/p>\n<p>***<\/p>\n<p>\u0130yi sordun.<\/p>\n<p>Evet, idama gidiyor bu i\u015fin sonu. Bunu biliyorsun. Yakaland\u0131\u011f\u0131n andan sonra bunu hep biliyorsun. Sonu idama gidiyor bu i\u015fin. Hele h\u00fccreye kapat\u0131l\u0131p da, d\u00fc\u015f\u00fcnme rahatl\u0131\u011f\u0131na erince. Bildi\u011fin tek \u015fey var: \u0130dam, \u00f6l\u00fcm.<\/p>\n<p>Ama biliyor musun, pek de korkun\u00e7 gelmiyor bu sana.<\/p>\n<p>Umut mu? Umut her zaman var. Umutsuzluk diye bir \u015fey yok. En az\u0131ndan \u201cKa\u00e7abilirim, kurtulabilirim belki\u201d diye d\u00fc\u015f\u00fcn\u00fcyorsun.<\/p>\n<p>Ama bir \u015fey s\u00f6yleyim mi, \u00e7\u0131kar\u0131lacak bir aff\u0131 d\u00fc\u015f\u00fcnm\u00fcyorsun. O yok i\u015fte.<\/p>\n<p>Ve bir devrimcinin, idama nas\u0131l gidece\u011fini, bir mitinge, bir eyleme gider gibi gidece\u011fini kar\u015f\u0131 devrimcilere ve herkese g\u00f6stermek gerekti\u011fini d\u00fc\u015f\u00fcn\u00fcyorsun. \u0130nan, bunda hi\u00e7 bir \u00e7ekincem yok.<\/p>\n<p>O sahneyi \u00e7ok iyi somutlad\u0131m.<\/p>\n<p>As\u0131lma g\u00fcn\u00fc gelip \u00e7at\u0131nca, o sevdi\u011fim giysilerimi giyece\u011fim. Postallar\u0131m\u0131, parkam\u0131.<\/p>\n<p>Beyaz \u00f6l\u00fcm g\u00f6mle\u011fini giydirmek isteyecekler, giymeyece\u011fim. Kesin direnece\u011fim ve giymeyece\u011fim.<\/p>\n<p>\u00d6yle her zamanki gibi, eyleme gidi\u015f tavr\u0131mla gidece\u011fim dara\u011fac\u0131na.<\/p>\n<p>Yok, t\u0131ra\u015f falan da olmayaca\u011f\u0131m.<\/p>\n<p>\u00d6nce gidip orada oturacak, bir sigara yakaca\u011f\u0131m.<\/p>\n<p>Sonra demli g\u00fczel bir \u00e7ay i\u00e7ece\u011fim.<\/p>\n<p>Ha, bak, Rodrigo\u2019nun o \u00fcnl\u00fc gitar kon\u00e7ertosunu dinlemek isterim orada. Bak bunu \u00e7ok isterim. San\u0131r\u0131m, as\u0131lacak bir insan\u0131n son isteklerini geri \u00e7evirmezler. Bunlar\u0131 isteyece\u011fim.<\/p>\n<p>Bir de avukatlar\u0131m\u0131n as\u0131lma s\u0131ras\u0131nda orada bulunma haklar\u0131 var. Onlar\u0131n orada olmalar\u0131n\u0131 isteyece\u011fim. Bunu kesin isteyece\u011fim. Gelecekler. Gelmeleri gerek. Orada bulunmalar\u0131 gerek. Olaya tan\u0131kl\u0131k etmeleri i\u00e7in bu ka\u00e7\u0131n\u0131lmaz bir \u015fey. Bu i\u015fler olup biterken, bizim \u00f6l\u00fcm\u00fcm\u00fcze tan\u0131klar gerek. \u00c7\u00fcnk\u00fc bizden sonrakilere umut verecek bu sahne. As\u0131l\u0131\u015f\u0131m\u0131z g\u00fcr\u00fclt\u00fcye gelmemeli. \u0130pe nas\u0131l gitti\u011fimizi gelecek ku\u015faklara anlatacak do\u011fru d\u00fcr\u00fcst, g\u00fcvenilir g\u00f6rg\u00fc tan\u0131klar\u0131 bulunmal\u0131 orada.<\/p>\n<p>Bir devrimcinin \u00f6l\u00fcm\u00fc bile, g\u00fcndelik ola\u011fan eyleminden, ola\u011fan m\u00fccadelesinden soyutlanamaz.<\/p>\n<p>Bir de kendim \u00e7\u0131k\u0131p urgan\u0131 kendim ge\u00e7irece\u011fim boynuma. Bunu \u00e7ok istiyorum. Cellat falan sokmayaca\u011f\u0131m yan\u0131ma. \u0130\u011fren\u00e7 bir \u015fey.<\/p>\n<p>Ve d\u00f6n\u00fcp orada beni asan heriflere, as\u0131lmam\u0131 seyreden heriflere, diyece\u011fim ki:<\/p>\n<p>\u201cBurada \u00f6len yaln\u0131zca bedenimdir; ki zaten \u00f6l\u00fcml\u00fcyd\u00fc, \u00f6lecekti. Ama d\u00fc\u015f\u00fcncemi \u00f6l-d\u00fcremeyeceksiniz. D\u00fc\u015f\u00fcncem ya\u015fayacak,\u201d diyece\u011fim.<\/p>\n<p>Sonra avukatlar\u0131ma d\u00f6nece\u011fim.<\/p>\n<p>\u201cSizler de, bizler i\u00e7in gelecek ku\u015faklara tan\u0131kl\u0131k edin,\u201d diyece\u011fim. \u201cBir devrimci \u00f6l\u00fcme b\u00f6yle gider i\u015fte. Bayram yerine gider gibi.\u201d<\/p>\n<p>Ve \u015funu da s\u00f6yleyece\u011fim:<\/p>\n<p>\u201cHerhangi bir trafik kazas\u0131nda \u00f6lmekten falan da g\u00fczeldir bu bizim \u00f6l\u00fcm\u00fcm\u00fcz. Hele b\u00f6yle olursa.\u201d<\/p>\n<p>Bak sana bir \u015fey s\u00f6yleyeyim, \u015fimdi \u015furada g\u00f6rd\u00fc\u011f\u00fcn \u015fu arkada\u015flar\u0131n hi\u00e7 birisinde, inan ki, benim sana anlatt\u0131\u011f\u0131m d\u00fc\u015f\u00fcncelerden farkl\u0131 bir d\u00fc\u015f\u00fcnce yoktur. Biliyorum, hepsi de benim gibi gidecekler \u00f6l\u00fcme. Bunu \u00e7ok iyi biliyorum. \u0130\u015fte en iyi \u00f6rnek, Yusuf. Vurulup da kendine ilk geldi\u011fi anda s\u00f6ylediklerini bilirsin:<\/p>\n<p>\u201cKahrolsun Amerikan emperyalizmi. Biz, Amerikan emperyalizmine kar\u015f\u0131 d\u00f6v\u00fc\u015ft\u00fck. Ya\u015fas\u0131n ba\u011f\u0131ms\u0131zl\u0131k sava\u015f\u0131. Yapt\u0131klar\u0131mdan da \u00e7ok memnunum.\u201d<\/p>\n<p>B\u00f6yle demi\u015fti Yusuf.<\/p>\n<p>Bu b\u00f6yle olmal\u0131d\u0131r.<\/p>\n<p>Ve soracaklar bana. O zaman vasiyetim \u015fu olacak:<\/p>\n<p>\u201cCesedim yak\u0131ls\u0131n,\u201d diyece\u011fim.<\/p>\n<p>Cesedim yak\u0131ls\u0131n, k\u00fcllerim de belirsiz bir yere savrulsun.<\/p>\n<p>B\u00f6ylece hem benim iste\u011fimin d\u0131\u015f\u0131nda imam, mezar, dua gibi \u015feyler olmayacak, hem de as\u0131l, d\u00fc\u015f\u00fcncenin \u00f6nemli oldu\u011funu kan\u0131tlam\u0131\u015f olaca\u011f\u0131m. Aslolan d\u00fc\u015f\u00fcncedir, \u00f6nemli olan d\u00fc\u015f\u00fcncedir. Ba\u011f\u0131ms\u0131zl\u0131k m\u00fccadelesi nas\u0131l olsa s\u00fcrecek. Bitmeyecek.<\/p>\n<p>\u00d6l\u00fcm kar\u015f\u0131s\u0131nda b\u00fct\u00fcn bu y\u00fcreklili\u011fi, sana d\u00fcnya g\u00f6r\u00fc\u015f\u00fcn veriyor. Marksist-Leninist olu\u015fun. Kazancakis\u2019in o roman\u0131n\u0131 bilirsin: \u201cG\u00fcnaha Son \u00c7a\u011fr\u0131\u201d. O kitab\u0131n son b\u00f6l\u00fcm\u00fcnde bu duyguyu ne g\u00fczel anlat\u0131r Kazancakis. M\u00fccadeleyi b\u0131rakmaman\u0131n o b\u00fcy\u00fck sevincini ne g\u00fczel anlat\u0131r. \u0130\u015fte o sevinci duyuyorsun. Devrim, \u00f6yle bir sar\u0131yor ki insan\u0131, seni bir yerde insanl\u0131ktan \u00e7\u0131kar\u0131p, insan\u00fcst\u00fc bir yarat\u0131k durumuna getiriyor. Bu da var.<\/p>\n<p>***<\/p>\n<p>Bak dostum, \u015fu g\u00f6rd\u00fc\u011f\u00fcn arkada\u015flar\u0131n hepsi de idam edilecek belki. Hepsi de idamla yarg\u0131lan\u0131yor, biliyorsun. Bu ko\u011fu\u015ftakilerin ya\u015f ortalamas\u0131 21 falan. Gencecik \u00e7ocuklar. G\u00f6r\u00fcyorsun \u015fark\u0131 s\u00f6yl\u00fcyorlar. Korkular\u0131 yok. \u0130nan\u00e7lar\u0131 var. \u0130nanm\u0131\u015f adam g\u00fc\u00e7l\u00fcd\u00fcr, korkmaz.<\/p>\n<p>Bir ara\u015ft\u0131rsan, \u015fa\u015fars\u0131n: Hepsi de okuduklar\u0131 okullar\u0131n en ba\u015far\u0131l\u0131 \u00f6\u011frencileridir. S\u0131n\u0131flar\u0131n\u0131n ya birincisi, ya ikincisidirler. Bak \u015fu \u015fimdi \u00f6n\u00fcm\u00fczden ge\u00e7en Semih var ya (Semih Orcan), fak\u00fclteyi onunculukla falan kazanm\u0131\u015f. Bu arkada\u015flar\u0131n \u00e7o\u011fu lisede iftihara falan ge\u00e7mi\u015f. Rastlant\u0131 de\u011fil bu. Hani bu i\u015fe giri\u015fmeseler, bu d\u00fczene kar\u015f\u0131 \u00e7\u0131kma-salard\u0131, inan ki bu d\u00fczenin en sivri noktalar\u0131na h\u0131zla t\u0131rman\u0131p y\u00fckseliverirdi hepsi de&#8230; \u00f6ylesine p\u0131r\u0131l p\u0131r\u0131l zek\u00e2lar\u0131 var.<\/p>\n<p>Ama bak \u015fark\u0131lar s\u00f6yleyerek idama kar\u015f\u0131 savunma haz\u0131rl\u0131yorlar. Sen de g\u00f6rd\u00fcn, sen de okudun savunmalar\u0131n bir k\u0131sm\u0131n\u0131; ipin ucundayken bile kimse kendini savunmuyor, kimse kendi ba\u015f\u0131n\u0131 kurtarmaya \u00e7al\u0131\u015fm\u0131yor.<\/p>\n<p>Devrimci tavr\u0131 budur.<\/p>\n<p>Sanki savunma de\u011fil de, T\u00fcrkiye\u2019nin sorunlar\u0131n\u0131 inceleyen bir kitap yaz\u0131yor gibiler. Ama\u00e7lar\u0131 yan\u0131lmamak, sorunlara ger\u00e7ek\u00e7i a\u00e7\u0131dan yakla\u015fmak, ger\u00e7ek\u00e7i, somut \u00e7\u00f6z\u00fcm yollar\u0131 getirmek.<\/p>\n<p>On dokuz ya\u015f\u0131nda insanlar var aralar\u0131nda.<\/p>\n<p>***<\/p>\n<p>\u00d6yle san\u0131yorum ki, \u00f6l\u00fcm kar\u015f\u0131s\u0131nda duyulan duygular, b\u00fct\u00fcn devrimcilerde vard\u0131r.<\/p>\n<p>***<\/p>\n<p>Ama bak mahpushane k\u00f6t\u00fc. Bir devrimciye en \u00e7ok koyan, eylemin d\u0131\u015f\u0131nda kalmakt\u0131r. Korkun\u00e7 bir \u015fey bu.<\/p>\n<p>***<\/p>\n<p>Mahpushaneler, hele h\u00fccreler bamba\u015fka bir d\u00fcnya. Sonra ayr\u0131ca uzun uzun anlat\u0131r\u0131m bu konuyu.<\/p>\n<p>***<\/p>\n<p>Pusudayken m\u00fcthi\u015f bir rahatl\u0131k var. Kesin bu b\u00f6yle.<\/p>\n<p>Ama \u00f6l\u00fcme kar\u015f\u0131 da buruk bir h\u00fcz\u00fcn var.<\/p>\n<p>***<\/p>\n<p>\u0130\u015fkence mi? \u0130\u015fkence apayr\u0131 bir alem. \u0130rfan\u2019\u0131 dinlemelisin bu konuda.<\/p>\n<p>***<\/p>\n<p>Sinan\u2019\u0131n \u00f6l\u00fcm\u00fcnde, burada, arka h\u00fccrelerdeydim. Ne gazete, ne radyo, hi\u00e7 bir \u015fey vermiyorlard\u0131. Sinan\u2019\u0131n \u00f6l\u00fcm\u00fcn\u00fc ancak 15-20 g\u00fcn sonra \u00f6\u011frenebildim. M\u00fccadeledeyken, kavgan\u0131n i\u00e7indeyken, sava\u015f\u0131rken, arkada\u015f\u0131n\u0131n vurulu\u015fu, \u00f6l\u00fc\u015f\u00fc \u00e7ok koymuyor insana; ama eylemin d\u0131\u015f\u0131ndayken, devrimci bir arkada\u015f\u0131n \u00f6l\u00fcm\u00fc \u00e7ok korkun\u00e7 oluyor.<\/p>\n<p>Sinan\u2019\u0131n \u00f6l\u00fcm\u00fcn\u00fc duyunca i\u00e7im kinle doldu, kapkara kinle doldum. Demir parmakl\u0131klara sar\u0131ld\u0131m. Parmakl\u0131klar\u0131 yar\u0131p f\u0131rlamak iste\u011fi vard\u0131 i\u00e7imde, \u00f6nlenemez bir istek. Ama a\u011flam\u0131yor insan. Hi\u00e7 a\u011flamad\u0131m ben Sinan\u2019\u0131n \u00f6l\u00fcm\u00fcne. A\u011flayam\u0131yorsun.<\/p>\n<p>***<\/p>\n<p>\u0130ki erkek karde\u015fim var. K\u00fc\u00e7\u00fc\u011f\u00fcm sempatizan. B\u00fcy\u00fc\u011f\u00fcm\u00fcn bu i\u015flerle uzaktan yak\u0131ndan hi\u00e7 bir ili\u015fkisi yok. Ama babam iyidir bak. \u00c7ok iyi bir insand\u0131r. O gazetelerde \u00e7\u0131kan demecinin \u00e7o\u011fu yeri yaland\u0131. \u00c7ok iyi dostuz onunla. \u00dcz\u00fcl\u00fcyor tabii. Ama biliyor musun, onlar\u0131 pek d\u00fc\u015f\u00fcnm\u00fcyorum. Marksist-Leninist g\u00f6r\u00fc\u015f b\u00f6yle yap\u0131yor ki\u015fiyi, \u00f6ylesi duygulara pek yer kalm\u0131yor insanda.<\/p>\n","protected":false},"excerpt":{"rendered":"<p>Yaln\u0131zs\u0131n. Gemerek\u2019in d\u0131\u015f\u0131nda bir benzin istasyonunun arkas\u0131. Yerler \u0131slak. \u00c7amur. Zifiri bir karanl\u0131k. Bir yama\u00e7tas\u0131n orada. Yaln\u0131zca jandarmalar\u0131n att\u0131klar\u0131 mermilerin alevlerini g\u00f6r\u00fcyorsun. Ate\u015f etsen yerin belli olacak; ate\u015f edemiyorsun. O anda bombay\u0131 atmak akl\u0131ma geldi. Kafan \u00e7al\u0131\u015f\u0131yor. Mant\u0131\u011f\u0131n t\u0131k\u0131r t\u0131k\u0131r i\u015fliyor. So\u011fukkanl\u0131s\u0131n. Pimini \u00e7ekip bombay\u0131 elinde tutuyorsun bir iki saniye. Pimi \u00e7ektikten d\u00f6rt saniye sonra [&hellip;]<\/p>\n","protected":false},"author":1,"featured_media":0,"comment_status":"open","ping_status":"open","sticky":false,"template":"","format":"standard","meta":{"footnotes":""},"categories":[156],"tags":[],"class_list":{"0":"post-6856","1":"post","2":"type-post","3":"status-publish","4":"format-standard","6":"category-genel-tarih"},"yoast_head":"<!-- This site is optimized with the Yoast SEO Premium plugin v24.9 (Yoast SEO v24.9) - https:\/\/yoast.com\/wordpress\/plugins\/seo\/ -->\n<title>Deniz Gezmi\u015f Anlat\u0131yor | Erdal \u00d6z - narteks.net<\/title>\n<meta name=\"robots\" content=\"index, follow, max-snippet:-1, max-image-preview:large, max-video-preview:-1\" \/>\n<link rel=\"canonical\" href=\"https:\/\/narteks.net\/index.php\/2011\/10\/12\/deniz-gezmis-anlatiyor-erdal-oz\/\" \/>\n<meta property=\"og:locale\" content=\"tr_TR\" \/>\n<meta property=\"og:type\" content=\"article\" \/>\n<meta property=\"og:title\" content=\"Deniz Gezmi\u015f Anlat\u0131yor | Erdal \u00d6z\" \/>\n<meta property=\"og:description\" content=\"Yaln\u0131zs\u0131n. Gemerek\u2019in d\u0131\u015f\u0131nda bir benzin istasyonunun arkas\u0131. Yerler \u0131slak. \u00c7amur. Zifiri bir karanl\u0131k. Bir yama\u00e7tas\u0131n orada. Yaln\u0131zca jandarmalar\u0131n att\u0131klar\u0131 mermilerin alevlerini g\u00f6r\u00fcyorsun. Ate\u015f etsen yerin belli olacak; ate\u015f edemiyorsun. O anda bombay\u0131 atmak akl\u0131ma geldi. Kafan \u00e7al\u0131\u015f\u0131yor. Mant\u0131\u011f\u0131n t\u0131k\u0131r t\u0131k\u0131r i\u015fliyor. So\u011fukkanl\u0131s\u0131n. Pimini \u00e7ekip bombay\u0131 elinde tutuyorsun bir iki saniye. Pimi \u00e7ektikten d\u00f6rt saniye sonra [&hellip;]\" \/>\n<meta property=\"og:url\" content=\"https:\/\/narteks.net\/index.php\/2011\/10\/12\/deniz-gezmis-anlatiyor-erdal-oz\/\" \/>\n<meta property=\"og:site_name\" content=\"narteks.net\" \/>\n<meta property=\"article:published_time\" content=\"2011-10-12T08:39:15+00:00\" \/>\n<meta property=\"og:image\" content=\"https:\/\/narteks.net\/wp-content\/uploads\/narteks.png\" \/>\n\t<meta property=\"og:image:width\" content=\"300\" \/>\n\t<meta property=\"og:image:height\" content=\"90\" \/>\n\t<meta property=\"og:image:type\" content=\"image\/png\" \/>\n<meta name=\"author\" content=\"Tar\u0131k\" \/>\n<meta name=\"twitter:card\" content=\"summary_large_image\" \/>\n<meta name=\"twitter:creator\" content=\"@narteks\" \/>\n<meta name=\"twitter:site\" content=\"@narteks\" \/>\n<meta name=\"twitter:label1\" content=\"Yazan:\" \/>\n\t<meta name=\"twitter:data1\" content=\"Tar\u0131k\" \/>\n\t<meta name=\"twitter:label2\" content=\"Tahmini okuma s\u00fcresi\" \/>\n\t<meta name=\"twitter:data2\" content=\"33 dakika\" \/>\n<script type=\"application\/ld+json\" class=\"yoast-schema-graph\">{\"@context\":\"https:\/\/schema.org\",\"@graph\":[{\"@type\":\"Article\",\"@id\":\"https:\/\/narteks.net\/index.php\/2011\/10\/12\/deniz-gezmis-anlatiyor-erdal-oz\/#article\",\"isPartOf\":{\"@id\":\"https:\/\/narteks.net\/index.php\/2011\/10\/12\/deniz-gezmis-anlatiyor-erdal-oz\/\"},\"author\":{\"name\":\"Tar\u0131k\",\"@id\":\"https:\/\/narteks.net\/#\/schema\/person\/61f37d9834294b72d31d274e7ed79bca\"},\"headline\":\"Deniz Gezmi\u015f Anlat\u0131yor | Erdal \u00d6z\",\"datePublished\":\"2011-10-12T08:39:15+00:00\",\"mainEntityOfPage\":{\"@id\":\"https:\/\/narteks.net\/index.php\/2011\/10\/12\/deniz-gezmis-anlatiyor-erdal-oz\/\"},\"wordCount\":6630,\"commentCount\":0,\"publisher\":{\"@id\":\"https:\/\/narteks.net\/#organization\"},\"articleSection\":[\"Genel Tarih\"],\"inLanguage\":\"tr\",\"potentialAction\":[{\"@type\":\"CommentAction\",\"name\":\"Comment\",\"target\":[\"https:\/\/narteks.net\/index.php\/2011\/10\/12\/deniz-gezmis-anlatiyor-erdal-oz\/#respond\"]}]},{\"@type\":\"WebPage\",\"@id\":\"https:\/\/narteks.net\/index.php\/2011\/10\/12\/deniz-gezmis-anlatiyor-erdal-oz\/\",\"url\":\"https:\/\/narteks.net\/index.php\/2011\/10\/12\/deniz-gezmis-anlatiyor-erdal-oz\/\",\"name\":\"Deniz Gezmi\u015f Anlat\u0131yor | Erdal \u00d6z - narteks.net\",\"isPartOf\":{\"@id\":\"https:\/\/narteks.net\/#website\"},\"datePublished\":\"2011-10-12T08:39:15+00:00\",\"breadcrumb\":{\"@id\":\"https:\/\/narteks.net\/index.php\/2011\/10\/12\/deniz-gezmis-anlatiyor-erdal-oz\/#breadcrumb\"},\"inLanguage\":\"tr\",\"potentialAction\":[{\"@type\":\"ReadAction\",\"target\":[\"https:\/\/narteks.net\/index.php\/2011\/10\/12\/deniz-gezmis-anlatiyor-erdal-oz\/\"]}]},{\"@type\":\"BreadcrumbList\",\"@id\":\"https:\/\/narteks.net\/index.php\/2011\/10\/12\/deniz-gezmis-anlatiyor-erdal-oz\/#breadcrumb\",\"itemListElement\":[{\"@type\":\"ListItem\",\"position\":1,\"name\":\"Anasayfa\",\"item\":\"https:\/\/narteks.net\/\"},{\"@type\":\"ListItem\",\"position\":2,\"name\":\"Deniz Gezmi\u015f Anlat\u0131yor | Erdal \u00d6z\"}]},{\"@type\":\"WebSite\",\"@id\":\"https:\/\/narteks.net\/#website\",\"url\":\"https:\/\/narteks.net\/\",\"name\":\"narteks.net\",\"description\":\"K\u00fclt\u00fcr Sanat Edebiyat Felsefe\",\"publisher\":{\"@id\":\"https:\/\/narteks.net\/#organization\"},\"alternateName\":\"K\u00fclt\u00fcr Sanat Edebiyat Felsefe\",\"potentialAction\":[{\"@type\":\"SearchAction\",\"target\":{\"@type\":\"EntryPoint\",\"urlTemplate\":\"https:\/\/narteks.net\/?s={search_term_string}\"},\"query-input\":{\"@type\":\"PropertyValueSpecification\",\"valueRequired\":true,\"valueName\":\"search_term_string\"}}],\"inLanguage\":\"tr\"},{\"@type\":\"Organization\",\"@id\":\"https:\/\/narteks.net\/#organization\",\"name\":\"narteks.net\",\"url\":\"https:\/\/narteks.net\/\",\"logo\":{\"@type\":\"ImageObject\",\"inLanguage\":\"tr\",\"@id\":\"https:\/\/narteks.net\/#\/schema\/logo\/image\/\",\"url\":\"https:\/\/narteks.net\/wp-content\/uploads\/narteks.png\",\"contentUrl\":\"https:\/\/narteks.net\/wp-content\/uploads\/narteks.png\",\"width\":300,\"height\":90,\"caption\":\"narteks.net\"},\"image\":{\"@id\":\"https:\/\/narteks.net\/#\/schema\/logo\/image\/\"},\"sameAs\":[\"https:\/\/x.com\/narteks\",\"https:\/\/instagram.com\/narteksnet\"]},{\"@type\":\"Person\",\"@id\":\"https:\/\/narteks.net\/#\/schema\/person\/61f37d9834294b72d31d274e7ed79bca\",\"name\":\"Tar\u0131k\",\"image\":{\"@type\":\"ImageObject\",\"inLanguage\":\"tr\",\"@id\":\"https:\/\/narteks.net\/#\/schema\/person\/image\/\",\"url\":\"https:\/\/secure.gravatar.com\/avatar\/50865afb55632c4ae467e0af0930f6510aa2297d8014be502a55b14f3b7550cf?s=96&d=mm&r=g\",\"contentUrl\":\"https:\/\/secure.gravatar.com\/avatar\/50865afb55632c4ae467e0af0930f6510aa2297d8014be502a55b14f3b7550cf?s=96&d=mm&r=g\",\"caption\":\"Tar\u0131k\"},\"sameAs\":[\"http:\/\/narteks.net\"],\"url\":\"https:\/\/narteks.net\/index.php\/author\/narbak\/\"}]}<\/script>\n<!-- \/ Yoast SEO Premium plugin. -->","yoast_head_json":{"title":"Deniz Gezmi\u015f Anlat\u0131yor | Erdal \u00d6z - narteks.net","robots":{"index":"index","follow":"follow","max-snippet":"max-snippet:-1","max-image-preview":"max-image-preview:large","max-video-preview":"max-video-preview:-1"},"canonical":"https:\/\/narteks.net\/index.php\/2011\/10\/12\/deniz-gezmis-anlatiyor-erdal-oz\/","og_locale":"tr_TR","og_type":"article","og_title":"Deniz Gezmi\u015f Anlat\u0131yor | Erdal \u00d6z","og_description":"Yaln\u0131zs\u0131n. Gemerek\u2019in d\u0131\u015f\u0131nda bir benzin istasyonunun arkas\u0131. Yerler \u0131slak. \u00c7amur. Zifiri bir karanl\u0131k. Bir yama\u00e7tas\u0131n orada. Yaln\u0131zca jandarmalar\u0131n att\u0131klar\u0131 mermilerin alevlerini g\u00f6r\u00fcyorsun. Ate\u015f etsen yerin belli olacak; ate\u015f edemiyorsun. O anda bombay\u0131 atmak akl\u0131ma geldi. Kafan \u00e7al\u0131\u015f\u0131yor. Mant\u0131\u011f\u0131n t\u0131k\u0131r t\u0131k\u0131r i\u015fliyor. So\u011fukkanl\u0131s\u0131n. Pimini \u00e7ekip bombay\u0131 elinde tutuyorsun bir iki saniye. Pimi \u00e7ektikten d\u00f6rt saniye sonra [&hellip;]","og_url":"https:\/\/narteks.net\/index.php\/2011\/10\/12\/deniz-gezmis-anlatiyor-erdal-oz\/","og_site_name":"narteks.net","article_published_time":"2011-10-12T08:39:15+00:00","og_image":[{"width":300,"height":90,"url":"https:\/\/narteks.net\/wp-content\/uploads\/narteks.png","type":"image\/png"}],"author":"Tar\u0131k","twitter_card":"summary_large_image","twitter_creator":"@narteks","twitter_site":"@narteks","twitter_misc":{"Yazan:":"Tar\u0131k","Tahmini okuma s\u00fcresi":"33 dakika"},"schema":{"@context":"https:\/\/schema.org","@graph":[{"@type":"Article","@id":"https:\/\/narteks.net\/index.php\/2011\/10\/12\/deniz-gezmis-anlatiyor-erdal-oz\/#article","isPartOf":{"@id":"https:\/\/narteks.net\/index.php\/2011\/10\/12\/deniz-gezmis-anlatiyor-erdal-oz\/"},"author":{"name":"Tar\u0131k","@id":"https:\/\/narteks.net\/#\/schema\/person\/61f37d9834294b72d31d274e7ed79bca"},"headline":"Deniz Gezmi\u015f Anlat\u0131yor | Erdal \u00d6z","datePublished":"2011-10-12T08:39:15+00:00","mainEntityOfPage":{"@id":"https:\/\/narteks.net\/index.php\/2011\/10\/12\/deniz-gezmis-anlatiyor-erdal-oz\/"},"wordCount":6630,"commentCount":0,"publisher":{"@id":"https:\/\/narteks.net\/#organization"},"articleSection":["Genel Tarih"],"inLanguage":"tr","potentialAction":[{"@type":"CommentAction","name":"Comment","target":["https:\/\/narteks.net\/index.php\/2011\/10\/12\/deniz-gezmis-anlatiyor-erdal-oz\/#respond"]}]},{"@type":"WebPage","@id":"https:\/\/narteks.net\/index.php\/2011\/10\/12\/deniz-gezmis-anlatiyor-erdal-oz\/","url":"https:\/\/narteks.net\/index.php\/2011\/10\/12\/deniz-gezmis-anlatiyor-erdal-oz\/","name":"Deniz Gezmi\u015f Anlat\u0131yor | Erdal \u00d6z - narteks.net","isPartOf":{"@id":"https:\/\/narteks.net\/#website"},"datePublished":"2011-10-12T08:39:15+00:00","breadcrumb":{"@id":"https:\/\/narteks.net\/index.php\/2011\/10\/12\/deniz-gezmis-anlatiyor-erdal-oz\/#breadcrumb"},"inLanguage":"tr","potentialAction":[{"@type":"ReadAction","target":["https:\/\/narteks.net\/index.php\/2011\/10\/12\/deniz-gezmis-anlatiyor-erdal-oz\/"]}]},{"@type":"BreadcrumbList","@id":"https:\/\/narteks.net\/index.php\/2011\/10\/12\/deniz-gezmis-anlatiyor-erdal-oz\/#breadcrumb","itemListElement":[{"@type":"ListItem","position":1,"name":"Anasayfa","item":"https:\/\/narteks.net\/"},{"@type":"ListItem","position":2,"name":"Deniz Gezmi\u015f Anlat\u0131yor | Erdal \u00d6z"}]},{"@type":"WebSite","@id":"https:\/\/narteks.net\/#website","url":"https:\/\/narteks.net\/","name":"narteks.net","description":"K\u00fclt\u00fcr Sanat Edebiyat Felsefe","publisher":{"@id":"https:\/\/narteks.net\/#organization"},"alternateName":"K\u00fclt\u00fcr Sanat Edebiyat Felsefe","potentialAction":[{"@type":"SearchAction","target":{"@type":"EntryPoint","urlTemplate":"https:\/\/narteks.net\/?s={search_term_string}"},"query-input":{"@type":"PropertyValueSpecification","valueRequired":true,"valueName":"search_term_string"}}],"inLanguage":"tr"},{"@type":"Organization","@id":"https:\/\/narteks.net\/#organization","name":"narteks.net","url":"https:\/\/narteks.net\/","logo":{"@type":"ImageObject","inLanguage":"tr","@id":"https:\/\/narteks.net\/#\/schema\/logo\/image\/","url":"https:\/\/narteks.net\/wp-content\/uploads\/narteks.png","contentUrl":"https:\/\/narteks.net\/wp-content\/uploads\/narteks.png","width":300,"height":90,"caption":"narteks.net"},"image":{"@id":"https:\/\/narteks.net\/#\/schema\/logo\/image\/"},"sameAs":["https:\/\/x.com\/narteks","https:\/\/instagram.com\/narteksnet"]},{"@type":"Person","@id":"https:\/\/narteks.net\/#\/schema\/person\/61f37d9834294b72d31d274e7ed79bca","name":"Tar\u0131k","image":{"@type":"ImageObject","inLanguage":"tr","@id":"https:\/\/narteks.net\/#\/schema\/person\/image\/","url":"https:\/\/secure.gravatar.com\/avatar\/50865afb55632c4ae467e0af0930f6510aa2297d8014be502a55b14f3b7550cf?s=96&d=mm&r=g","contentUrl":"https:\/\/secure.gravatar.com\/avatar\/50865afb55632c4ae467e0af0930f6510aa2297d8014be502a55b14f3b7550cf?s=96&d=mm&r=g","caption":"Tar\u0131k"},"sameAs":["http:\/\/narteks.net"],"url":"https:\/\/narteks.net\/index.php\/author\/narbak\/"}]}},"_links":{"self":[{"href":"https:\/\/narteks.net\/index.php\/wp-json\/wp\/v2\/posts\/6856","targetHints":{"allow":["GET"]}}],"collection":[{"href":"https:\/\/narteks.net\/index.php\/wp-json\/wp\/v2\/posts"}],"about":[{"href":"https:\/\/narteks.net\/index.php\/wp-json\/wp\/v2\/types\/post"}],"author":[{"embeddable":true,"href":"https:\/\/narteks.net\/index.php\/wp-json\/wp\/v2\/users\/1"}],"replies":[{"embeddable":true,"href":"https:\/\/narteks.net\/index.php\/wp-json\/wp\/v2\/comments?post=6856"}],"version-history":[{"count":0,"href":"https:\/\/narteks.net\/index.php\/wp-json\/wp\/v2\/posts\/6856\/revisions"}],"wp:attachment":[{"href":"https:\/\/narteks.net\/index.php\/wp-json\/wp\/v2\/media?parent=6856"}],"wp:term":[{"taxonomy":"category","embeddable":true,"href":"https:\/\/narteks.net\/index.php\/wp-json\/wp\/v2\/categories?post=6856"},{"taxonomy":"post_tag","embeddable":true,"href":"https:\/\/narteks.net\/index.php\/wp-json\/wp\/v2\/tags?post=6856"}],"curies":[{"name":"wp","href":"https:\/\/api.w.org\/{rel}","templated":true}]}}