{"id":6858,"date":"2011-10-14T12:35:14","date_gmt":"2011-10-14T09:35:14","guid":{"rendered":"http:\/\/localhost\/wordpress\/2011\/10\/14\/wall-street-isgali-istanbulu-ayaklandiracak\/"},"modified":"2011-10-14T12:35:14","modified_gmt":"2011-10-14T09:35:14","slug":"wall-street-isgali-istanbulu-ayaklandiracak","status":"publish","type":"post","link":"https:\/\/narteks.net\/index.php\/2011\/10\/14\/wall-street-isgali-istanbulu-ayaklandiracak\/","title":{"rendered":"Wall Street \u0130\u015fgali \u0130stanbul&#8217;u &#8216;Ayakland\u0131racak&#8217;"},"content":{"rendered":"<p style=\"text-align: justify;\"><img loading=\"lazy\" decoding=\"async\" src=\"images\/stories\/ayaklan_ist.jpg\" border=\"0\" width=\"155\" height=\"205\" style=\"float: left;\" \/>Wall Street&#8217;i \u0130\u015fgal Et eylemlerinin etkileri s\u00fcr\u00fcyor.  D\u00fcnya&#8217;n\u0131n de\u011fi\u015fik kentlerinde &#8220;\u0130\u015fgal&#8221; eylemleri yap\u0131l\u0131yor. \u0130stanbul&#8217;un  slogan\u0131 ise &#8220;Ayaklan \u0130stanbul&#8221;.<\/p>\n<div class=\"bilgi\" style=\"text-align: justify;\"><\/div>\n<div class=\"text\" style=\"text-align: justify;\"><\/div>\n<div class=\"item\" style=\"text-align: justify;\">\n<p>Occupy Wall Street (Wall Street&#8217;i \u0130\u015fgal Et) eylemleri t\u00fcm  d\u00fcnyaya yay\u0131l\u0131yor. \u0130stanbul&#8217;daki eylemciler 15 Ekim&#8217;de ba\u015flayacak\u00a0  protestolar\u0131n\u0131 31 Ekim&#8217;e kadar s\u00fcrd\u00fcrmeyi planl\u0131yor.<\/p>\n<p>New York&#8217;ta Occupy Wall Street (Wall Street&#8217;i \u0130\u015fgal Et) ad\u0131yla 17  Eyl\u00fcl&#8217;de ba\u015flayan protestolar t\u00fcm d\u00fcnyaya yay\u0131l\u0131yor. Eylemler \u015fu anda  New York&#8217;un yan\u0131 s\u0131ra Amerika Birle\u015fik Devletleri&#8217;nin <strong>(ABD) <\/strong>Washington D.C.,<strong> <\/strong>Chicago, Boston, Los Angeles, Indianapolis ve Miami gibi \u015fehirlerinde devam ediyor.<\/p>\n<p>15 Ekim&#8217;de, Occupy  Together (Birlikte \u0130\u015fgal Et) \u00e7at\u0131s\u0131 alt\u0131nda;  aralar\u0131nda Londra, Sydney,  Paris, Amsterdam, Viyana, Br\u00fcksel, Helsinki,  Moskova, Ba\u011fdat, Kabil,  Tokyo, Pekin ve \u0130stanbul&#8217;un da yer ald\u0131\u011f\u0131  d\u00fcnyan\u0131n d\u00f6rt bir yan\u0131ndan  1,441 farkl\u0131 \u015fehirde \u00e7e\u015fitli protesto  eylemleri d\u00fczenlenmesi  planlan\u0131yor.<\/p>\n<p>Facebook, twitter ve \u00e7e\u015fitli internet siteleri arac\u0131l\u0131\u011f\u0131 ile d\u00fcnya \u00e7ap\u0131nda \u00f6rg\u00fctlenen protestocular\u0131n, <a href=\"http:\/\/www.facebook.com\/#%21\/search.php?q=occupy%20together&amp;init=quick&amp;tas=0.924182897547138&amp;ajaxpipe_token=AXhyDld4n_A7gAaY\" target=\"_blank\" rel=\"noopener\">Occupy Together<\/a> isimli facebook sayfas\u0131n\u0131n haberi yapt\u0131\u011f\u0131m\u0131z tarihte (14 Ekim) 108 bin 390 \u00fcyesi bulunuyordu.<\/p>\n<p>\u0130stanbul&#8217;daki eylemcilerse, Ayaklan \u0130stanbul \/ Occupy \u0130stanbul isimli bir Facebook grubu ve yine Facebook&#8217;ta olu\u015fturulmu\u015f <a href=\"http:\/\/www.facebook.com\/#%21\/event.php?eid=279710872054238\" target=\"_blank\" rel=\"noopener\">#Ayaklan \u0130stanbul<\/a> isimli bir etkinlik ile \u00f6rg\u00fctleniyor. Bu etkinli\u011fe haberi yapt\u0131\u011f\u0131m\u0131z tarihte (14 Ekim) 532 ki\u015fi kat\u0131laca\u011f\u0131n\u0131 belirtiyordu.<\/p>\n<p>Yar\u0131n (15 Ekim) 13:00&#8217;da Taksim Meydan\u0131&#8217;nda ba\u015flat\u0131lacak   protestolar\u0131n, 31 Ekim&#8217;e kadar s\u00fcrd\u00fcr\u00fclmesi planlan\u0131yor. Facebook&#8217;taki   etkinlik sayfas\u0131nda protestolar\u0131n &#8220;lidersiz, bar\u0131\u015f\u00e7\u0131l ve kat\u0131l\u0131mc\u0131 bir   direni\u015f hareketi&#8221; olarak d\u00fczenlenece\u011fi belirtiliyor.<\/p>\n<p><strong>Wall Street&#8217;le ba\u015flad\u0131<\/strong><\/p>\n<p>Mevcut k\u00fcresel ekonomik sistem dolay\u0131s\u0131yla n\u00fcfusun y\u00fczde 1&#8217;lik bir  k\u0131sm\u0131n\u0131n, n\u00fcfusun geri kalan y\u00fczde 99&#8217;unu s\u00f6m\u00fcrmesini protesto etmek  amac\u0131yla d\u00fczenlenen g\u00f6steriler, bu y\u0131l \u015fubat ay\u0131nda Ortado\u011fu&#8217;da  ger\u00e7ekle\u015ftirilen Arap Bahar\u0131 eylemlerinden esinlenerek ba\u015flat\u0131ld\u0131.<\/p>\n<p>ABD&#8217;de ba\u015flayan<strong> <\/strong>eylemler, bu hafta \u0130rlanda&#8217;ya da  yay\u0131ld\u0131. The Guardian&#8217;\u0131n d\u00fcn (12 Ekim) yay\u0131mlad\u0131\u011f\u0131 bir habere g\u00f6re,  Occupy Dame Street (Dame Soka\u011f\u0131&#8217;n\u0131 \u0130\u015fgal Et) protestocular\u0131 ge\u00e7ti\u011fimiz  cumartesi (8 Ekim) \u0130rlanda Merkez Bankas\u0131 \u00f6n\u00fcnde kamp kurmaya ba\u015flad\u0131.  Protestoyu organize edenler kampta alkol i\u00e7ilmesini veya uyu\u015fturucu  kullan\u0131lmas\u0131n\u0131 kesinlikle yasaklad\u0131 ve bu konuyla ilgili g\u00fcvenlik  g\u00fc\u00e7leri ile de s\u0131k\u0131 bir \u00e7al\u0131\u015fma y\u00fcr\u00fct\u00fcyor.<\/p>\n<p>G\u00fcvenlik g\u00fc\u00e7leri ile s\u00fcrekli ileti\u015fim halinde olan protestocular; bar\u0131\u015f\u00e7\u0131l bir eylem ger\u00e7ekle\u015ftirmek istediklerini a\u00e7\u0131klad\u0131lar.<\/p>\n<p>\u0130rlanda&#8217;daki bar\u0131\u015f\u00e7\u0131l havan\u0131n aksine ABD&#8217;de ge\u00e7ekle\u015ftirilen  eylemlerde g\u00f6zalt\u0131lar devam ediyor. The Huffington Post&#8217;ta yay\u0131nlanan  bir habere g\u00f6re, ge\u00e7ti\u011fimiz Sal\u0131 (11 Ekim) Chicago&#8217;da d\u00fczenlenen  protestolarda 27 ki\u015fi g\u00f6zalt\u0131na al\u0131nd\u0131. Liberty Park&#8217;taki eylemciler ise  art\u0131k bulunduklar\u0131 mekan\u0131 iyiden benimsemi\u015f olacaklar ki; The  Huffington Post, eylemcilerin parkta kapsaml\u0131 bir temizlik yapt\u0131\u011f\u0131n\u0131  duyurdu.<\/p>\n<p>MSNBC&#8217;nin bir haberine g\u00f6re ise yine ayn\u0131 g\u00fcn Boston&#8217;da  ger\u00e7ekle\u015ftirilen eylemlerde ise polis 100&#8217;den fazla ki\u015fiyi g\u00f6zalt\u0131na  ald\u0131.<\/p>\n<p><strong>Obama&#8217;n\u0131n savunmas\u0131<\/strong><\/p>\n<p>G\u00f6zalt\u0131na al\u0131nanlar\u0131n say\u0131s\u0131n\u0131n 700&#8217;lere ula\u015ft\u0131\u011f\u0131n\u0131n iddia edildi\u011fi ge\u00e7ti\u011fimiz hafta, ABD Ba\u015fkan\u0131 <strong>Barak Obama<\/strong>,  \u00fclkenin d\u00f6rt bir yan\u0131 ekonomik sistemin ele\u015ftirildi\u011fi ve insanlar\u0131n  sokaklar\u0131 i\u015fgal etti\u011fi protestolar konusunda bir a\u00e7\u0131klama yapt\u0131. 6  Ekim&#8217;deki konu\u015fmada protestolar\u0131n, ABD halk\u0131n\u0131n ekonomik krize duydu\u011fu  \u00f6fkeyi yans\u0131tt\u0131\u011f\u0131na de\u011findi ve kendisinden \u00f6nce uygulanan tutucu  ekonomik politikalar\u0131 hedef yapt\u0131. Demokrat Parti d\u00f6neminde ABD&#8217;de  yap\u0131lan reformlar\u0131 geri d\u00f6n\u00fc\u015ft\u00fcrmeye \u00e7al\u0131\u015fan Cumhuriyet\u00e7i Parti  \u00fcyelerini de su\u00e7layan Obama; \u00fclkedeki b\u00fct\u00fcn politikac\u0131lar\u0131n ortak bir  paydada bulu\u015famazsa halk\u0131n \u00f6fkesinin dinmeyece\u011fini de belirtti. (IK\/HK)<\/p>\n<p>* \u0130stanbul&#8217;daki etkinlik hakk\u0131nda daha fazla bilgiye Occupy Together&#8217;\u0131n <a href=\"http:\/\/www.meetup.com\/occupytogether\/Istanbul-TR\/388992\/?a=bn5_l1#509132\" target=\"_blank\" rel=\"noopener\">\u0130stanbul<\/a> sayfas\u0131ndan da ula\u015f\u0131labilir.<\/p>\n<div class=\"bilgi\">\n<div class=\"from\" style=\"text-align: justify;\">\u0130stanbul &#8211; B\u0130A Haber Merkezi<\/div>\n<div class=\"yer\"><\/div>\n<\/div>\n<\/div>\n","protected":false},"excerpt":{"rendered":"<p>Wall Street&#8217;i \u0130\u015fgal Et eylemlerinin etkileri s\u00fcr\u00fcyor. D\u00fcnya&#8217;n\u0131n de\u011fi\u015fik kentlerinde &#8220;\u0130\u015fgal&#8221; eylemleri yap\u0131l\u0131yor. \u0130stanbul&#8217;un slogan\u0131 ise &#8220;Ayaklan \u0130stanbul&#8221;. Occupy Wall Street (Wall Street&#8217;i \u0130\u015fgal Et) eylemleri t\u00fcm d\u00fcnyaya yay\u0131l\u0131yor. \u0130stanbul&#8217;daki eylemciler 15 Ekim&#8217;de ba\u015flayacak\u00a0 protestolar\u0131n\u0131 31 Ekim&#8217;e kadar s\u00fcrd\u00fcrmeyi planl\u0131yor. New York&#8217;ta Occupy Wall Street (Wall Street&#8217;i \u0130\u015fgal Et) ad\u0131yla 17 Eyl\u00fcl&#8217;de ba\u015flayan protestolar t\u00fcm [&hellip;]<\/p>\n","protected":false},"author":1,"featured_media":0,"comment_status":"open","ping_status":"open","sticky":false,"template":"","format":"standard","meta":{"footnotes":""},"categories":[98],"tags":[],"class_list":{"0":"post-6858","1":"post","2":"type-post","3":"status-publish","4":"format-standard","6":"category-turkiye"},"yoast_head":"<!-- This site is optimized with the Yoast SEO Premium plugin v24.9 (Yoast SEO v24.9) - https:\/\/yoast.com\/wordpress\/plugins\/seo\/ -->\n<title>Wall Street \u0130\u015fgali \u0130stanbul&#039;u &#039;Ayakland\u0131racak&#039; - narteks.net<\/title>\n<meta name=\"robots\" content=\"index, follow, max-snippet:-1, max-image-preview:large, max-video-preview:-1\" \/>\n<link rel=\"canonical\" href=\"https:\/\/narteks.net\/index.php\/2011\/10\/14\/wall-street-isgali-istanbulu-ayaklandiracak\/\" \/>\n<meta property=\"og:locale\" content=\"tr_TR\" \/>\n<meta property=\"og:type\" content=\"article\" \/>\n<meta property=\"og:title\" content=\"Wall Street \u0130\u015fgali \u0130stanbul&#039;u &#039;Ayakland\u0131racak&#039;\" \/>\n<meta property=\"og:description\" content=\"Wall Street&#8217;i \u0130\u015fgal Et eylemlerinin etkileri s\u00fcr\u00fcyor. D\u00fcnya&#8217;n\u0131n de\u011fi\u015fik kentlerinde &#8220;\u0130\u015fgal&#8221; eylemleri yap\u0131l\u0131yor. \u0130stanbul&#8217;un slogan\u0131 ise &#8220;Ayaklan \u0130stanbul&#8221;. Occupy Wall Street (Wall Street&#8217;i \u0130\u015fgal Et) eylemleri t\u00fcm d\u00fcnyaya yay\u0131l\u0131yor. \u0130stanbul&#8217;daki eylemciler 15 Ekim&#8217;de ba\u015flayacak\u00a0 protestolar\u0131n\u0131 31 Ekim&#8217;e kadar s\u00fcrd\u00fcrmeyi planl\u0131yor. New York&#8217;ta Occupy Wall Street (Wall Street&#8217;i \u0130\u015fgal Et) ad\u0131yla 17 Eyl\u00fcl&#8217;de ba\u015flayan protestolar t\u00fcm [&hellip;]\" \/>\n<meta property=\"og:url\" content=\"https:\/\/narteks.net\/index.php\/2011\/10\/14\/wall-street-isgali-istanbulu-ayaklandiracak\/\" \/>\n<meta property=\"og:site_name\" content=\"narteks.net\" \/>\n<meta property=\"article:published_time\" content=\"2011-10-14T09:35:14+00:00\" \/>\n<meta property=\"og:image\" content=\"https:\/\/narteks.net\/wp-content\/uploads\/narteks.png\" \/>\n\t<meta property=\"og:image:width\" content=\"300\" \/>\n\t<meta property=\"og:image:height\" content=\"90\" \/>\n\t<meta property=\"og:image:type\" content=\"image\/png\" \/>\n<meta name=\"author\" content=\"Tar\u0131k\" \/>\n<meta name=\"twitter:card\" content=\"summary_large_image\" \/>\n<meta name=\"twitter:creator\" content=\"@narteks\" \/>\n<meta name=\"twitter:site\" content=\"@narteks\" \/>\n<meta name=\"twitter:label1\" content=\"Yazan:\" \/>\n\t<meta name=\"twitter:data1\" content=\"Tar\u0131k\" \/>\n\t<meta name=\"twitter:label2\" content=\"Tahmini okuma s\u00fcresi\" \/>\n\t<meta name=\"twitter:data2\" content=\"3 dakika\" \/>\n<script type=\"application\/ld+json\" class=\"yoast-schema-graph\">{\"@context\":\"https:\/\/schema.org\",\"@graph\":[{\"@type\":\"Article\",\"@id\":\"https:\/\/narteks.net\/index.php\/2011\/10\/14\/wall-street-isgali-istanbulu-ayaklandiracak\/#article\",\"isPartOf\":{\"@id\":\"https:\/\/narteks.net\/index.php\/2011\/10\/14\/wall-street-isgali-istanbulu-ayaklandiracak\/\"},\"author\":{\"name\":\"Tar\u0131k\",\"@id\":\"https:\/\/narteks.net\/#\/schema\/person\/61f37d9834294b72d31d274e7ed79bca\"},\"headline\":\"Wall Street \u0130\u015fgali \u0130stanbul&#8217;u &#8216;Ayakland\u0131racak&#8217;\",\"datePublished\":\"2011-10-14T09:35:14+00:00\",\"mainEntityOfPage\":{\"@id\":\"https:\/\/narteks.net\/index.php\/2011\/10\/14\/wall-street-isgali-istanbulu-ayaklandiracak\/\"},\"wordCount\":670,\"commentCount\":0,\"publisher\":{\"@id\":\"https:\/\/narteks.net\/#organization\"},\"articleSection\":[\"T\u00fcrkiye\"],\"inLanguage\":\"tr\",\"potentialAction\":[{\"@type\":\"CommentAction\",\"name\":\"Comment\",\"target\":[\"https:\/\/narteks.net\/index.php\/2011\/10\/14\/wall-street-isgali-istanbulu-ayaklandiracak\/#respond\"]}]},{\"@type\":\"WebPage\",\"@id\":\"https:\/\/narteks.net\/index.php\/2011\/10\/14\/wall-street-isgali-istanbulu-ayaklandiracak\/\",\"url\":\"https:\/\/narteks.net\/index.php\/2011\/10\/14\/wall-street-isgali-istanbulu-ayaklandiracak\/\",\"name\":\"Wall Street \u0130\u015fgali \u0130stanbul'u 'Ayakland\u0131racak' - narteks.net\",\"isPartOf\":{\"@id\":\"https:\/\/narteks.net\/#website\"},\"datePublished\":\"2011-10-14T09:35:14+00:00\",\"breadcrumb\":{\"@id\":\"https:\/\/narteks.net\/index.php\/2011\/10\/14\/wall-street-isgali-istanbulu-ayaklandiracak\/#breadcrumb\"},\"inLanguage\":\"tr\",\"potentialAction\":[{\"@type\":\"ReadAction\",\"target\":[\"https:\/\/narteks.net\/index.php\/2011\/10\/14\/wall-street-isgali-istanbulu-ayaklandiracak\/\"]}]},{\"@type\":\"BreadcrumbList\",\"@id\":\"https:\/\/narteks.net\/index.php\/2011\/10\/14\/wall-street-isgali-istanbulu-ayaklandiracak\/#breadcrumb\",\"itemListElement\":[{\"@type\":\"ListItem\",\"position\":1,\"name\":\"Anasayfa\",\"item\":\"https:\/\/narteks.net\/\"},{\"@type\":\"ListItem\",\"position\":2,\"name\":\"Wall Street \u0130\u015fgali \u0130stanbul&#8217;u &#8216;Ayakland\u0131racak&#8217;\"}]},{\"@type\":\"WebSite\",\"@id\":\"https:\/\/narteks.net\/#website\",\"url\":\"https:\/\/narteks.net\/\",\"name\":\"narteks.net\",\"description\":\"K\u00fclt\u00fcr Sanat Edebiyat Felsefe\",\"publisher\":{\"@id\":\"https:\/\/narteks.net\/#organization\"},\"alternateName\":\"K\u00fclt\u00fcr Sanat Edebiyat Felsefe\",\"potentialAction\":[{\"@type\":\"SearchAction\",\"target\":{\"@type\":\"EntryPoint\",\"urlTemplate\":\"https:\/\/narteks.net\/?s={search_term_string}\"},\"query-input\":{\"@type\":\"PropertyValueSpecification\",\"valueRequired\":true,\"valueName\":\"search_term_string\"}}],\"inLanguage\":\"tr\"},{\"@type\":\"Organization\",\"@id\":\"https:\/\/narteks.net\/#organization\",\"name\":\"narteks.net\",\"url\":\"https:\/\/narteks.net\/\",\"logo\":{\"@type\":\"ImageObject\",\"inLanguage\":\"tr\",\"@id\":\"https:\/\/narteks.net\/#\/schema\/logo\/image\/\",\"url\":\"https:\/\/narteks.net\/wp-content\/uploads\/narteks.png\",\"contentUrl\":\"https:\/\/narteks.net\/wp-content\/uploads\/narteks.png\",\"width\":300,\"height\":90,\"caption\":\"narteks.net\"},\"image\":{\"@id\":\"https:\/\/narteks.net\/#\/schema\/logo\/image\/\"},\"sameAs\":[\"https:\/\/x.com\/narteks\",\"https:\/\/instagram.com\/narteksnet\"]},{\"@type\":\"Person\",\"@id\":\"https:\/\/narteks.net\/#\/schema\/person\/61f37d9834294b72d31d274e7ed79bca\",\"name\":\"Tar\u0131k\",\"image\":{\"@type\":\"ImageObject\",\"inLanguage\":\"tr\",\"@id\":\"https:\/\/narteks.net\/#\/schema\/person\/image\/\",\"url\":\"https:\/\/secure.gravatar.com\/avatar\/50865afb55632c4ae467e0af0930f6510aa2297d8014be502a55b14f3b7550cf?s=96&d=mm&r=g\",\"contentUrl\":\"https:\/\/secure.gravatar.com\/avatar\/50865afb55632c4ae467e0af0930f6510aa2297d8014be502a55b14f3b7550cf?s=96&d=mm&r=g\",\"caption\":\"Tar\u0131k\"},\"sameAs\":[\"http:\/\/narteks.net\"],\"url\":\"https:\/\/narteks.net\/index.php\/author\/narbak\/\"}]}<\/script>\n<!-- \/ Yoast SEO Premium plugin. -->","yoast_head_json":{"title":"Wall Street \u0130\u015fgali \u0130stanbul'u 'Ayakland\u0131racak' - narteks.net","robots":{"index":"index","follow":"follow","max-snippet":"max-snippet:-1","max-image-preview":"max-image-preview:large","max-video-preview":"max-video-preview:-1"},"canonical":"https:\/\/narteks.net\/index.php\/2011\/10\/14\/wall-street-isgali-istanbulu-ayaklandiracak\/","og_locale":"tr_TR","og_type":"article","og_title":"Wall Street \u0130\u015fgali \u0130stanbul'u 'Ayakland\u0131racak'","og_description":"Wall Street&#8217;i \u0130\u015fgal Et eylemlerinin etkileri s\u00fcr\u00fcyor. D\u00fcnya&#8217;n\u0131n de\u011fi\u015fik kentlerinde &#8220;\u0130\u015fgal&#8221; eylemleri yap\u0131l\u0131yor. \u0130stanbul&#8217;un slogan\u0131 ise &#8220;Ayaklan \u0130stanbul&#8221;. Occupy Wall Street (Wall Street&#8217;i \u0130\u015fgal Et) eylemleri t\u00fcm d\u00fcnyaya yay\u0131l\u0131yor. \u0130stanbul&#8217;daki eylemciler 15 Ekim&#8217;de ba\u015flayacak\u00a0 protestolar\u0131n\u0131 31 Ekim&#8217;e kadar s\u00fcrd\u00fcrmeyi planl\u0131yor. New York&#8217;ta Occupy Wall Street (Wall Street&#8217;i \u0130\u015fgal Et) ad\u0131yla 17 Eyl\u00fcl&#8217;de ba\u015flayan protestolar t\u00fcm [&hellip;]","og_url":"https:\/\/narteks.net\/index.php\/2011\/10\/14\/wall-street-isgali-istanbulu-ayaklandiracak\/","og_site_name":"narteks.net","article_published_time":"2011-10-14T09:35:14+00:00","og_image":[{"width":300,"height":90,"url":"https:\/\/narteks.net\/wp-content\/uploads\/narteks.png","type":"image\/png"}],"author":"Tar\u0131k","twitter_card":"summary_large_image","twitter_creator":"@narteks","twitter_site":"@narteks","twitter_misc":{"Yazan:":"Tar\u0131k","Tahmini okuma s\u00fcresi":"3 dakika"},"schema":{"@context":"https:\/\/schema.org","@graph":[{"@type":"Article","@id":"https:\/\/narteks.net\/index.php\/2011\/10\/14\/wall-street-isgali-istanbulu-ayaklandiracak\/#article","isPartOf":{"@id":"https:\/\/narteks.net\/index.php\/2011\/10\/14\/wall-street-isgali-istanbulu-ayaklandiracak\/"},"author":{"name":"Tar\u0131k","@id":"https:\/\/narteks.net\/#\/schema\/person\/61f37d9834294b72d31d274e7ed79bca"},"headline":"Wall Street \u0130\u015fgali \u0130stanbul&#8217;u &#8216;Ayakland\u0131racak&#8217;","datePublished":"2011-10-14T09:35:14+00:00","mainEntityOfPage":{"@id":"https:\/\/narteks.net\/index.php\/2011\/10\/14\/wall-street-isgali-istanbulu-ayaklandiracak\/"},"wordCount":670,"commentCount":0,"publisher":{"@id":"https:\/\/narteks.net\/#organization"},"articleSection":["T\u00fcrkiye"],"inLanguage":"tr","potentialAction":[{"@type":"CommentAction","name":"Comment","target":["https:\/\/narteks.net\/index.php\/2011\/10\/14\/wall-street-isgali-istanbulu-ayaklandiracak\/#respond"]}]},{"@type":"WebPage","@id":"https:\/\/narteks.net\/index.php\/2011\/10\/14\/wall-street-isgali-istanbulu-ayaklandiracak\/","url":"https:\/\/narteks.net\/index.php\/2011\/10\/14\/wall-street-isgali-istanbulu-ayaklandiracak\/","name":"Wall Street \u0130\u015fgali \u0130stanbul'u 'Ayakland\u0131racak' - narteks.net","isPartOf":{"@id":"https:\/\/narteks.net\/#website"},"datePublished":"2011-10-14T09:35:14+00:00","breadcrumb":{"@id":"https:\/\/narteks.net\/index.php\/2011\/10\/14\/wall-street-isgali-istanbulu-ayaklandiracak\/#breadcrumb"},"inLanguage":"tr","potentialAction":[{"@type":"ReadAction","target":["https:\/\/narteks.net\/index.php\/2011\/10\/14\/wall-street-isgali-istanbulu-ayaklandiracak\/"]}]},{"@type":"BreadcrumbList","@id":"https:\/\/narteks.net\/index.php\/2011\/10\/14\/wall-street-isgali-istanbulu-ayaklandiracak\/#breadcrumb","itemListElement":[{"@type":"ListItem","position":1,"name":"Anasayfa","item":"https:\/\/narteks.net\/"},{"@type":"ListItem","position":2,"name":"Wall Street \u0130\u015fgali \u0130stanbul&#8217;u &#8216;Ayakland\u0131racak&#8217;"}]},{"@type":"WebSite","@id":"https:\/\/narteks.net\/#website","url":"https:\/\/narteks.net\/","name":"narteks.net","description":"K\u00fclt\u00fcr Sanat Edebiyat Felsefe","publisher":{"@id":"https:\/\/narteks.net\/#organization"},"alternateName":"K\u00fclt\u00fcr Sanat Edebiyat Felsefe","potentialAction":[{"@type":"SearchAction","target":{"@type":"EntryPoint","urlTemplate":"https:\/\/narteks.net\/?s={search_term_string}"},"query-input":{"@type":"PropertyValueSpecification","valueRequired":true,"valueName":"search_term_string"}}],"inLanguage":"tr"},{"@type":"Organization","@id":"https:\/\/narteks.net\/#organization","name":"narteks.net","url":"https:\/\/narteks.net\/","logo":{"@type":"ImageObject","inLanguage":"tr","@id":"https:\/\/narteks.net\/#\/schema\/logo\/image\/","url":"https:\/\/narteks.net\/wp-content\/uploads\/narteks.png","contentUrl":"https:\/\/narteks.net\/wp-content\/uploads\/narteks.png","width":300,"height":90,"caption":"narteks.net"},"image":{"@id":"https:\/\/narteks.net\/#\/schema\/logo\/image\/"},"sameAs":["https:\/\/x.com\/narteks","https:\/\/instagram.com\/narteksnet"]},{"@type":"Person","@id":"https:\/\/narteks.net\/#\/schema\/person\/61f37d9834294b72d31d274e7ed79bca","name":"Tar\u0131k","image":{"@type":"ImageObject","inLanguage":"tr","@id":"https:\/\/narteks.net\/#\/schema\/person\/image\/","url":"https:\/\/secure.gravatar.com\/avatar\/50865afb55632c4ae467e0af0930f6510aa2297d8014be502a55b14f3b7550cf?s=96&d=mm&r=g","contentUrl":"https:\/\/secure.gravatar.com\/avatar\/50865afb55632c4ae467e0af0930f6510aa2297d8014be502a55b14f3b7550cf?s=96&d=mm&r=g","caption":"Tar\u0131k"},"sameAs":["http:\/\/narteks.net"],"url":"https:\/\/narteks.net\/index.php\/author\/narbak\/"}]}},"_links":{"self":[{"href":"https:\/\/narteks.net\/index.php\/wp-json\/wp\/v2\/posts\/6858","targetHints":{"allow":["GET"]}}],"collection":[{"href":"https:\/\/narteks.net\/index.php\/wp-json\/wp\/v2\/posts"}],"about":[{"href":"https:\/\/narteks.net\/index.php\/wp-json\/wp\/v2\/types\/post"}],"author":[{"embeddable":true,"href":"https:\/\/narteks.net\/index.php\/wp-json\/wp\/v2\/users\/1"}],"replies":[{"embeddable":true,"href":"https:\/\/narteks.net\/index.php\/wp-json\/wp\/v2\/comments?post=6858"}],"version-history":[{"count":0,"href":"https:\/\/narteks.net\/index.php\/wp-json\/wp\/v2\/posts\/6858\/revisions"}],"wp:attachment":[{"href":"https:\/\/narteks.net\/index.php\/wp-json\/wp\/v2\/media?parent=6858"}],"wp:term":[{"taxonomy":"category","embeddable":true,"href":"https:\/\/narteks.net\/index.php\/wp-json\/wp\/v2\/categories?post=6858"},{"taxonomy":"post_tag","embeddable":true,"href":"https:\/\/narteks.net\/index.php\/wp-json\/wp\/v2\/tags?post=6858"}],"curies":[{"name":"wp","href":"https:\/\/api.w.org\/{rel}","templated":true}]}}