{"id":6859,"date":"2011-10-19T11:27:33","date_gmt":"2011-10-19T08:27:33","guid":{"rendered":"http:\/\/localhost\/wordpress\/2011\/10\/19\/bunun-sonu-nereye-varacak-diye-hepimiz-sorup-duruyoruz-kendimize-franz-kafka\/"},"modified":"2011-10-19T11:27:33","modified_gmt":"2011-10-19T08:27:33","slug":"bunun-sonu-nereye-varacak-diye-hepimiz-sorup-duruyoruz-kendimize-franz-kafka","status":"publish","type":"post","link":"https:\/\/narteks.net\/index.php\/2011\/10\/19\/bunun-sonu-nereye-varacak-diye-hepimiz-sorup-duruyoruz-kendimize-franz-kafka\/","title":{"rendered":"Bunun sonu nereye varacak? diye hepimiz sorup duruyoruz kendimize | Franz Kafka"},"content":{"rendered":"<p style=\"text-align: justify;\"><img decoding=\"async\" src=\"images\/stories\/kafka_2.jpg\" border=\"0\" style=\"float: left;\" \/>Hani \u015fu bizim yurdun savunulmas\u0131 i\u015fi pek savsaklanm\u0131\u015f g\u00f6r\u00fcn\u00fcyor. \u015eimdiye kadar hi\u00e7 ald\u0131rmad\u0131k, i\u015fimizin g\u00fcc\u00fcm\u00fcz\u00fcn pe\u015finde ko\u015fup durduk; ancak, son zamanlarda olup bitenler, hepimizi tasaland\u0131rmaya ba\u015flad\u0131.<\/p>\n<p>Benim, imparator saray\u0131n\u0131n \u00f6n\u00fcndeki alanda bir ayakkab\u0131c\u0131 d\u00fckkan\u0131m var. Sabahleyin \u015fafakta daha d\u00fckkan\u0131m\u0131 a\u00e7maya kalmadan, alana \u00e7\u0131kan b\u00fct\u00fcn sokaklar\u0131n ba\u015flar\u0131 silahl\u0131 adamlar taraf\u0131ndan tutuluyor. Ama bizim askerler de\u011fil bunlar, belli ki kuzeyden inmi\u015f g\u00f6\u00e7ebeler. S\u0131n\u0131rdan hayli uzakl\u0131\u011f\u0131na kar\u015f\u0131n, ba\u015fkentimize kadar nas\u0131l sokulabildiklerini bir t\u00fcrl\u00fc anlayam\u0131yorum do\u011frusu. Ama nas\u0131lsa gelmi\u015flerdi bir kez ve her sabah say\u0131lar\u0131 biraz daha art\u0131yordu.<\/p>\n<p>Do\u011falar\u0131 gere\u011fi evlerde oturmaktan hi\u00e7 ho\u015flanm\u0131yor, a\u00e7\u0131k havada konakl\u0131yorlar. \u0130\u015fleri g\u00fc\u00e7leri k\u0131l\u0131\u00e7 bilemek, ok sivriltmek, at \u00fczerinde talim yapmak. Her zaman temizli\u011fi \u00fczerine titredi\u011fimiz bu sessiz alan\u0131 d\u00fcped\u00fcz ah\u0131ra \u00e7evirdiler. Hani arada bir d\u00fckkanlar\u0131m\u0131zdan d\u0131\u015far\u0131 se\u011firtip, sa\u011f\u0131m\u0131z ve solumuzdaki pisliklerden hi\u00e7 de\u011filse en berbat k\u0131sm\u0131n\u0131 alandan uzakla\u015ft\u0131rmaya \u00e7al\u0131\u015fm\u0131yor de\u011filiz. Ama gittik\u00e7e daha seyrek yapmaya ba\u015flad\u0131k bunu, \u00e7\u00fcnk\u00fc nas\u0131lsa eme\u011fimiz bo\u015fa gidiyor; \u00fcstelik, azg\u0131n atlar\u0131n alt\u0131na yuvarlanmak ya da kam\u00e7\u0131 darbeleriyle yaralanmak tehlikesiyle kar\u015f\u0131 kar\u015f\u0131ya kal\u0131yoruz.<\/p>\n<p>G\u00f6\u00e7ebelerle konu\u015fulacak gibi de\u011fil. Bizim dilimizi bilmedikleri gibi, kendilerinin de pek bir dilleri bulunmuyor, birbirleriyle t\u0131pk\u0131 kargalar gibi anla\u015f\u0131yorlar; ikide bir karga seslerine benzer ba\u011fr\u0131\u015fmalar i\u015fitiyoruz. Bizim ya\u015fam bi\u00e7imimiz ve toplum d\u00fczenimize ak\u0131l erdiremedikleri gibi, ald\u0131r\u0131\u015f da etmiyorlar. Bu y\u00fczden, i\u015faretlerle de olsa bizimle anla\u015fmaya yana\u015ft\u0131klar\u0131 yok. Kendilerine bir \u015fey a\u00e7\u0131klayaca\u011f\u0131m diye dilinizde t\u00fcy bitene kadar konu\u015fun, eklem yerlerinden kopana kadar ellerinizi o yana bu yana oynat\u0131n, sizi asla anlamazlar ve anlamayacaklard\u0131r. \u00c7okluk suratlar\u0131n\u0131 ek\u015fitirler, g\u00f6zlerini belertip a\u011f\u0131zlar\u0131ndan k\u00f6p\u00fckler sa\u00e7\u0131l\u0131r; ama niyetleri ne size bir \u015fey s\u00f6ylemek, ne de sizi korkutmakt\u0131r; sadece huylar\u0131 \u00f6yle oldu\u011fu i\u00e7in yaparlar bunu. Kendilerine gereken \u015feyi \u00e7ekip al\u0131rlar; ancak, bunun i\u00e7in zora ba\u015fvurduklar\u0131 da s\u00f6ylenemez; \u00e7\u00fcnk\u00fc herkes b\u00f6ylesi durumlarda nesi var, nesi yok, onlara b\u0131rak\u0131p bir kenara \u00e7ekilir.<\/p>\n<p>Benim d\u00fckkandaki mallardan da bir haylisini al\u0131p g\u00f6t\u00fcrd\u00fcler. Ama kar\u015f\u0131mdaki kasab\u0131n ba\u015f\u0131na gelenleri g\u00f6rd\u00fck\u00e7e, halime \u015f\u00fckrediyorum. Adamca\u011f\u0131z daha etini getirip d\u00fckkan\u0131na koyar koymaz, g\u00f6\u00e7ebeler hepsini elinden kap\u0131p midelerine indiriyorlar. \u00dcstelik atlar\u0131 da et yiyor. \u00c7okluk biniciyle at\u0131 yan yana uzan\u0131p her biri bir ucundan di\u015flemeye koyuluyor et par\u00e7as\u0131n\u0131. Kasap, et vermemeyi korkudan bir t\u00fcrl\u00fc g\u00f6ze alam\u0131yor. Ama onun durumunu anl\u0131yor, aram\u0131zda para toplay\u0131p kendisini destekliyoruz. \u00c7\u00fcnk\u00fc g\u00f6\u00e7ebelere et verilmeyince, kim bilir ak\u0131llar\u0131na esip neler yaparlar! Ama b\u00f6yle her Allah&#8217;\u0131n g\u00fcn\u00fc et alsalar da, g\u00fcn\u00fcn birinde yine ak\u0131llar\u0131na neler esecektir, kim bilir.<\/p>\n<p>Ge\u00e7enlerde kasap, hi\u00e7 de\u011filse kesim zahmetinden kurtulmak isteyerek sabahleyin canl\u0131 bir s\u0131\u011f\u0131r getirdi d\u00fckkan\u0131na. Adamca\u011f\u0131z bunu bir daha yapar m\u0131! D\u00fckkan\u0131m\u0131n en dip k\u00f6\u015fesine \u00e7ekilip giysi, yast\u0131k, yorgan, ne varsa al\u0131p ba\u015f\u0131ma y\u0131\u011fd\u0131m, tam bir saat y\u00fcz\u00fckoyun uzan\u0131p yatt\u0131m yere ve bunu da s\u0131rf g\u00f6\u00e7ebelerin d\u00f6rt bir yandan \u00fczerine at\u0131l\u0131p, etinden s\u0131cak s\u0131cak par\u00e7alar kopard\u0131klar\u0131 s\u0131\u011f\u0131r\u0131n b\u00f6\u011f\u00fcrt\u00fclerini duymamak i\u00e7in yapt\u0131m. Ses seda kesildikten epey sonra d\u00fckkandan \u00e7\u0131kmay\u0131 g\u00f6ze alabildim ancak: G\u00f6\u00e7ebeler, bir \u015farap f\u0131\u00e7\u0131s\u0131n\u0131n ba\u015f\u0131ndaki sarho\u015flar gibi, s\u0131\u011f\u0131r art\u0131klar\u0131n\u0131n \u00e7evresinde yorgun uzanm\u0131\u015f yat\u0131yorlard\u0131.<\/p>\n<p>San\u0131r\u0131m tam o s\u0131rada saray\u0131n bir penceresinde imparatorun kendisini g\u00f6rd\u00fcm. Ba\u015fka vakitler imparatorun asla bu d\u0131\u015f odalara kadar \u00e7\u0131k\u0131p geldi\u011fi olmaz, hep saray\u0131n g\u00f6be\u011findeki bir bah\u00e7ede ya\u015fay\u0131p giderdi. Ama bu kez, en az\u0131ndan bana \u00f6yle geldi, pencerelerden birinin arkas\u0131nda dikiliyor, ba\u015f\u0131n\u0131 e\u011fmi\u015f, saray\u0131n \u00f6n\u00fcndeki hayhuya bak\u0131yordu.<\/p>\n<p style=\"text-align: justify;\">&#8220;Bunun sonu nereye varacak?&#8221; diye hepimiz sorup duruyoruz kendimize. &#8220;Bu y\u00fcke, bu eza ve cefaya daha ne kadar katlanaca\u011f\u0131z? \u0130mparatorun saray\u0131 g\u00f6\u00e7ebeleri \u00e7ekip getirdi, ama onlar\u0131 yine buradan uzakla\u015ft\u0131rman\u0131n \u00fcstesinden gelemiyor. Saray\u0131n kap\u0131s\u0131 kapal\u0131; eskiden g\u00f6rkemli bir edayla kap\u0131dan bir i\u00e7eri girip, bir d\u0131\u015far\u0131 \u00e7\u0131kan n\u00f6bet\u00e7i, \u015fimdi demir kafesli pencereler ard\u0131nda n\u00f6bet tutuyor. Yurdun kurtar\u0131lmas\u0131 i\u015fi biz zanaatkarlarla esnafa b\u0131rak\u0131lm\u0131\u015f durumda; oysa biz, b\u00f6yle bir g\u00f6revin \u00fcstesinden gelecek kimseler de\u011filiz ve \u015fimdiye kadar b\u00f6yle bir \u015feyle hi\u00e7 \u00f6v\u00fcnmedik. Belli ki bir yanl\u0131\u015f anlama var ortada ve biz de bu y\u00fczden mahvolup gidiyoruz.&#8221;<\/p>\n<p style=\"text-align: justify;\">Eskiden Bir Yaprak | Franz Kafka<\/p>\n","protected":false},"excerpt":{"rendered":"<p>Hani \u015fu bizim yurdun savunulmas\u0131 i\u015fi pek savsaklanm\u0131\u015f g\u00f6r\u00fcn\u00fcyor. \u015eimdiye kadar hi\u00e7 ald\u0131rmad\u0131k, i\u015fimizin g\u00fcc\u00fcm\u00fcz\u00fcn pe\u015finde ko\u015fup durduk; ancak, son zamanlarda olup bitenler, hepimizi tasaland\u0131rmaya ba\u015flad\u0131. Benim, imparator saray\u0131n\u0131n \u00f6n\u00fcndeki alanda bir ayakkab\u0131c\u0131 d\u00fckkan\u0131m var. Sabahleyin \u015fafakta daha d\u00fckkan\u0131m\u0131 a\u00e7maya kalmadan, alana \u00e7\u0131kan b\u00fct\u00fcn sokaklar\u0131n ba\u015flar\u0131 silahl\u0131 adamlar taraf\u0131ndan tutuluyor. Ama bizim askerler de\u011fil bunlar, [&hellip;]<\/p>\n","protected":false},"author":1,"featured_media":0,"comment_status":"open","ping_status":"open","sticky":false,"template":"","format":"standard","meta":{"footnotes":""},"categories":[115],"tags":[],"class_list":{"0":"post-6859","1":"post","2":"type-post","3":"status-publish","4":"format-standard","6":"category-ceviri-oykuler"},"yoast_head":"<!-- This site is optimized with the Yoast SEO Premium plugin v24.9 (Yoast SEO v24.9) - https:\/\/yoast.com\/wordpress\/plugins\/seo\/ -->\n<title>Bunun sonu nereye varacak? diye hepimiz sorup duruyoruz kendimize | Franz Kafka - narteks.net<\/title>\n<meta name=\"robots\" content=\"index, follow, max-snippet:-1, max-image-preview:large, max-video-preview:-1\" \/>\n<link rel=\"canonical\" href=\"https:\/\/narteks.net\/index.php\/2011\/10\/19\/bunun-sonu-nereye-varacak-diye-hepimiz-sorup-duruyoruz-kendimize-franz-kafka\/\" \/>\n<meta property=\"og:locale\" content=\"tr_TR\" \/>\n<meta property=\"og:type\" content=\"article\" \/>\n<meta property=\"og:title\" content=\"Bunun sonu nereye varacak? diye hepimiz sorup duruyoruz kendimize | Franz Kafka\" \/>\n<meta property=\"og:description\" content=\"Hani \u015fu bizim yurdun savunulmas\u0131 i\u015fi pek savsaklanm\u0131\u015f g\u00f6r\u00fcn\u00fcyor. \u015eimdiye kadar hi\u00e7 ald\u0131rmad\u0131k, i\u015fimizin g\u00fcc\u00fcm\u00fcz\u00fcn pe\u015finde ko\u015fup durduk; ancak, son zamanlarda olup bitenler, hepimizi tasaland\u0131rmaya ba\u015flad\u0131. Benim, imparator saray\u0131n\u0131n \u00f6n\u00fcndeki alanda bir ayakkab\u0131c\u0131 d\u00fckkan\u0131m var. Sabahleyin \u015fafakta daha d\u00fckkan\u0131m\u0131 a\u00e7maya kalmadan, alana \u00e7\u0131kan b\u00fct\u00fcn sokaklar\u0131n ba\u015flar\u0131 silahl\u0131 adamlar taraf\u0131ndan tutuluyor. Ama bizim askerler de\u011fil bunlar, [&hellip;]\" \/>\n<meta property=\"og:url\" content=\"https:\/\/narteks.net\/index.php\/2011\/10\/19\/bunun-sonu-nereye-varacak-diye-hepimiz-sorup-duruyoruz-kendimize-franz-kafka\/\" \/>\n<meta property=\"og:site_name\" content=\"narteks.net\" \/>\n<meta property=\"article:published_time\" content=\"2011-10-19T08:27:33+00:00\" \/>\n<meta property=\"og:image\" content=\"https:\/\/narteks.net\/wp-content\/uploads\/narteks.png\" \/>\n\t<meta property=\"og:image:width\" content=\"300\" \/>\n\t<meta property=\"og:image:height\" content=\"90\" \/>\n\t<meta property=\"og:image:type\" content=\"image\/png\" \/>\n<meta name=\"author\" content=\"Tar\u0131k\" \/>\n<meta name=\"twitter:card\" content=\"summary_large_image\" \/>\n<meta name=\"twitter:creator\" content=\"@narteks\" \/>\n<meta name=\"twitter:site\" content=\"@narteks\" \/>\n<meta name=\"twitter:label1\" content=\"Yazan:\" \/>\n\t<meta name=\"twitter:data1\" content=\"Tar\u0131k\" \/>\n\t<meta name=\"twitter:label2\" content=\"Tahmini okuma s\u00fcresi\" \/>\n\t<meta name=\"twitter:data2\" content=\"4 dakika\" \/>\n<script type=\"application\/ld+json\" class=\"yoast-schema-graph\">{\"@context\":\"https:\/\/schema.org\",\"@graph\":[{\"@type\":\"Article\",\"@id\":\"https:\/\/narteks.net\/index.php\/2011\/10\/19\/bunun-sonu-nereye-varacak-diye-hepimiz-sorup-duruyoruz-kendimize-franz-kafka\/#article\",\"isPartOf\":{\"@id\":\"https:\/\/narteks.net\/index.php\/2011\/10\/19\/bunun-sonu-nereye-varacak-diye-hepimiz-sorup-duruyoruz-kendimize-franz-kafka\/\"},\"author\":{\"name\":\"Tar\u0131k\",\"@id\":\"https:\/\/narteks.net\/#\/schema\/person\/61f37d9834294b72d31d274e7ed79bca\"},\"headline\":\"Bunun sonu nereye varacak? diye hepimiz sorup duruyoruz kendimize | Franz Kafka\",\"datePublished\":\"2011-10-19T08:27:33+00:00\",\"mainEntityOfPage\":{\"@id\":\"https:\/\/narteks.net\/index.php\/2011\/10\/19\/bunun-sonu-nereye-varacak-diye-hepimiz-sorup-duruyoruz-kendimize-franz-kafka\/\"},\"wordCount\":868,\"commentCount\":0,\"publisher\":{\"@id\":\"https:\/\/narteks.net\/#organization\"},\"articleSection\":[\"\u00c7eviri \u00d6yk\u00fcler\"],\"inLanguage\":\"tr\",\"potentialAction\":[{\"@type\":\"CommentAction\",\"name\":\"Comment\",\"target\":[\"https:\/\/narteks.net\/index.php\/2011\/10\/19\/bunun-sonu-nereye-varacak-diye-hepimiz-sorup-duruyoruz-kendimize-franz-kafka\/#respond\"]}]},{\"@type\":\"WebPage\",\"@id\":\"https:\/\/narteks.net\/index.php\/2011\/10\/19\/bunun-sonu-nereye-varacak-diye-hepimiz-sorup-duruyoruz-kendimize-franz-kafka\/\",\"url\":\"https:\/\/narteks.net\/index.php\/2011\/10\/19\/bunun-sonu-nereye-varacak-diye-hepimiz-sorup-duruyoruz-kendimize-franz-kafka\/\",\"name\":\"Bunun sonu nereye varacak? diye hepimiz sorup duruyoruz kendimize | Franz Kafka - narteks.net\",\"isPartOf\":{\"@id\":\"https:\/\/narteks.net\/#website\"},\"datePublished\":\"2011-10-19T08:27:33+00:00\",\"breadcrumb\":{\"@id\":\"https:\/\/narteks.net\/index.php\/2011\/10\/19\/bunun-sonu-nereye-varacak-diye-hepimiz-sorup-duruyoruz-kendimize-franz-kafka\/#breadcrumb\"},\"inLanguage\":\"tr\",\"potentialAction\":[{\"@type\":\"ReadAction\",\"target\":[\"https:\/\/narteks.net\/index.php\/2011\/10\/19\/bunun-sonu-nereye-varacak-diye-hepimiz-sorup-duruyoruz-kendimize-franz-kafka\/\"]}]},{\"@type\":\"BreadcrumbList\",\"@id\":\"https:\/\/narteks.net\/index.php\/2011\/10\/19\/bunun-sonu-nereye-varacak-diye-hepimiz-sorup-duruyoruz-kendimize-franz-kafka\/#breadcrumb\",\"itemListElement\":[{\"@type\":\"ListItem\",\"position\":1,\"name\":\"Anasayfa\",\"item\":\"https:\/\/narteks.net\/\"},{\"@type\":\"ListItem\",\"position\":2,\"name\":\"Bunun sonu nereye varacak? diye hepimiz sorup duruyoruz kendimize | Franz Kafka\"}]},{\"@type\":\"WebSite\",\"@id\":\"https:\/\/narteks.net\/#website\",\"url\":\"https:\/\/narteks.net\/\",\"name\":\"narteks.net\",\"description\":\"K\u00fclt\u00fcr Sanat Edebiyat Felsefe\",\"publisher\":{\"@id\":\"https:\/\/narteks.net\/#organization\"},\"alternateName\":\"K\u00fclt\u00fcr Sanat Edebiyat Felsefe\",\"potentialAction\":[{\"@type\":\"SearchAction\",\"target\":{\"@type\":\"EntryPoint\",\"urlTemplate\":\"https:\/\/narteks.net\/?s={search_term_string}\"},\"query-input\":{\"@type\":\"PropertyValueSpecification\",\"valueRequired\":true,\"valueName\":\"search_term_string\"}}],\"inLanguage\":\"tr\"},{\"@type\":\"Organization\",\"@id\":\"https:\/\/narteks.net\/#organization\",\"name\":\"narteks.net\",\"url\":\"https:\/\/narteks.net\/\",\"logo\":{\"@type\":\"ImageObject\",\"inLanguage\":\"tr\",\"@id\":\"https:\/\/narteks.net\/#\/schema\/logo\/image\/\",\"url\":\"https:\/\/narteks.net\/wp-content\/uploads\/narteks.png\",\"contentUrl\":\"https:\/\/narteks.net\/wp-content\/uploads\/narteks.png\",\"width\":300,\"height\":90,\"caption\":\"narteks.net\"},\"image\":{\"@id\":\"https:\/\/narteks.net\/#\/schema\/logo\/image\/\"},\"sameAs\":[\"https:\/\/x.com\/narteks\",\"https:\/\/instagram.com\/narteksnet\"]},{\"@type\":\"Person\",\"@id\":\"https:\/\/narteks.net\/#\/schema\/person\/61f37d9834294b72d31d274e7ed79bca\",\"name\":\"Tar\u0131k\",\"image\":{\"@type\":\"ImageObject\",\"inLanguage\":\"tr\",\"@id\":\"https:\/\/narteks.net\/#\/schema\/person\/image\/\",\"url\":\"https:\/\/secure.gravatar.com\/avatar\/50865afb55632c4ae467e0af0930f6510aa2297d8014be502a55b14f3b7550cf?s=96&d=mm&r=g\",\"contentUrl\":\"https:\/\/secure.gravatar.com\/avatar\/50865afb55632c4ae467e0af0930f6510aa2297d8014be502a55b14f3b7550cf?s=96&d=mm&r=g\",\"caption\":\"Tar\u0131k\"},\"sameAs\":[\"http:\/\/narteks.net\"],\"url\":\"https:\/\/narteks.net\/index.php\/author\/narbak\/\"}]}<\/script>\n<!-- \/ Yoast SEO Premium plugin. -->","yoast_head_json":{"title":"Bunun sonu nereye varacak? diye hepimiz sorup duruyoruz kendimize | Franz Kafka - narteks.net","robots":{"index":"index","follow":"follow","max-snippet":"max-snippet:-1","max-image-preview":"max-image-preview:large","max-video-preview":"max-video-preview:-1"},"canonical":"https:\/\/narteks.net\/index.php\/2011\/10\/19\/bunun-sonu-nereye-varacak-diye-hepimiz-sorup-duruyoruz-kendimize-franz-kafka\/","og_locale":"tr_TR","og_type":"article","og_title":"Bunun sonu nereye varacak? diye hepimiz sorup duruyoruz kendimize | Franz Kafka","og_description":"Hani \u015fu bizim yurdun savunulmas\u0131 i\u015fi pek savsaklanm\u0131\u015f g\u00f6r\u00fcn\u00fcyor. \u015eimdiye kadar hi\u00e7 ald\u0131rmad\u0131k, i\u015fimizin g\u00fcc\u00fcm\u00fcz\u00fcn pe\u015finde ko\u015fup durduk; ancak, son zamanlarda olup bitenler, hepimizi tasaland\u0131rmaya ba\u015flad\u0131. Benim, imparator saray\u0131n\u0131n \u00f6n\u00fcndeki alanda bir ayakkab\u0131c\u0131 d\u00fckkan\u0131m var. Sabahleyin \u015fafakta daha d\u00fckkan\u0131m\u0131 a\u00e7maya kalmadan, alana \u00e7\u0131kan b\u00fct\u00fcn sokaklar\u0131n ba\u015flar\u0131 silahl\u0131 adamlar taraf\u0131ndan tutuluyor. Ama bizim askerler de\u011fil bunlar, [&hellip;]","og_url":"https:\/\/narteks.net\/index.php\/2011\/10\/19\/bunun-sonu-nereye-varacak-diye-hepimiz-sorup-duruyoruz-kendimize-franz-kafka\/","og_site_name":"narteks.net","article_published_time":"2011-10-19T08:27:33+00:00","og_image":[{"width":300,"height":90,"url":"https:\/\/narteks.net\/wp-content\/uploads\/narteks.png","type":"image\/png"}],"author":"Tar\u0131k","twitter_card":"summary_large_image","twitter_creator":"@narteks","twitter_site":"@narteks","twitter_misc":{"Yazan:":"Tar\u0131k","Tahmini okuma s\u00fcresi":"4 dakika"},"schema":{"@context":"https:\/\/schema.org","@graph":[{"@type":"Article","@id":"https:\/\/narteks.net\/index.php\/2011\/10\/19\/bunun-sonu-nereye-varacak-diye-hepimiz-sorup-duruyoruz-kendimize-franz-kafka\/#article","isPartOf":{"@id":"https:\/\/narteks.net\/index.php\/2011\/10\/19\/bunun-sonu-nereye-varacak-diye-hepimiz-sorup-duruyoruz-kendimize-franz-kafka\/"},"author":{"name":"Tar\u0131k","@id":"https:\/\/narteks.net\/#\/schema\/person\/61f37d9834294b72d31d274e7ed79bca"},"headline":"Bunun sonu nereye varacak? diye hepimiz sorup duruyoruz kendimize | Franz Kafka","datePublished":"2011-10-19T08:27:33+00:00","mainEntityOfPage":{"@id":"https:\/\/narteks.net\/index.php\/2011\/10\/19\/bunun-sonu-nereye-varacak-diye-hepimiz-sorup-duruyoruz-kendimize-franz-kafka\/"},"wordCount":868,"commentCount":0,"publisher":{"@id":"https:\/\/narteks.net\/#organization"},"articleSection":["\u00c7eviri \u00d6yk\u00fcler"],"inLanguage":"tr","potentialAction":[{"@type":"CommentAction","name":"Comment","target":["https:\/\/narteks.net\/index.php\/2011\/10\/19\/bunun-sonu-nereye-varacak-diye-hepimiz-sorup-duruyoruz-kendimize-franz-kafka\/#respond"]}]},{"@type":"WebPage","@id":"https:\/\/narteks.net\/index.php\/2011\/10\/19\/bunun-sonu-nereye-varacak-diye-hepimiz-sorup-duruyoruz-kendimize-franz-kafka\/","url":"https:\/\/narteks.net\/index.php\/2011\/10\/19\/bunun-sonu-nereye-varacak-diye-hepimiz-sorup-duruyoruz-kendimize-franz-kafka\/","name":"Bunun sonu nereye varacak? diye hepimiz sorup duruyoruz kendimize | Franz Kafka - narteks.net","isPartOf":{"@id":"https:\/\/narteks.net\/#website"},"datePublished":"2011-10-19T08:27:33+00:00","breadcrumb":{"@id":"https:\/\/narteks.net\/index.php\/2011\/10\/19\/bunun-sonu-nereye-varacak-diye-hepimiz-sorup-duruyoruz-kendimize-franz-kafka\/#breadcrumb"},"inLanguage":"tr","potentialAction":[{"@type":"ReadAction","target":["https:\/\/narteks.net\/index.php\/2011\/10\/19\/bunun-sonu-nereye-varacak-diye-hepimiz-sorup-duruyoruz-kendimize-franz-kafka\/"]}]},{"@type":"BreadcrumbList","@id":"https:\/\/narteks.net\/index.php\/2011\/10\/19\/bunun-sonu-nereye-varacak-diye-hepimiz-sorup-duruyoruz-kendimize-franz-kafka\/#breadcrumb","itemListElement":[{"@type":"ListItem","position":1,"name":"Anasayfa","item":"https:\/\/narteks.net\/"},{"@type":"ListItem","position":2,"name":"Bunun sonu nereye varacak? diye hepimiz sorup duruyoruz kendimize | Franz Kafka"}]},{"@type":"WebSite","@id":"https:\/\/narteks.net\/#website","url":"https:\/\/narteks.net\/","name":"narteks.net","description":"K\u00fclt\u00fcr Sanat Edebiyat Felsefe","publisher":{"@id":"https:\/\/narteks.net\/#organization"},"alternateName":"K\u00fclt\u00fcr Sanat Edebiyat Felsefe","potentialAction":[{"@type":"SearchAction","target":{"@type":"EntryPoint","urlTemplate":"https:\/\/narteks.net\/?s={search_term_string}"},"query-input":{"@type":"PropertyValueSpecification","valueRequired":true,"valueName":"search_term_string"}}],"inLanguage":"tr"},{"@type":"Organization","@id":"https:\/\/narteks.net\/#organization","name":"narteks.net","url":"https:\/\/narteks.net\/","logo":{"@type":"ImageObject","inLanguage":"tr","@id":"https:\/\/narteks.net\/#\/schema\/logo\/image\/","url":"https:\/\/narteks.net\/wp-content\/uploads\/narteks.png","contentUrl":"https:\/\/narteks.net\/wp-content\/uploads\/narteks.png","width":300,"height":90,"caption":"narteks.net"},"image":{"@id":"https:\/\/narteks.net\/#\/schema\/logo\/image\/"},"sameAs":["https:\/\/x.com\/narteks","https:\/\/instagram.com\/narteksnet"]},{"@type":"Person","@id":"https:\/\/narteks.net\/#\/schema\/person\/61f37d9834294b72d31d274e7ed79bca","name":"Tar\u0131k","image":{"@type":"ImageObject","inLanguage":"tr","@id":"https:\/\/narteks.net\/#\/schema\/person\/image\/","url":"https:\/\/secure.gravatar.com\/avatar\/50865afb55632c4ae467e0af0930f6510aa2297d8014be502a55b14f3b7550cf?s=96&d=mm&r=g","contentUrl":"https:\/\/secure.gravatar.com\/avatar\/50865afb55632c4ae467e0af0930f6510aa2297d8014be502a55b14f3b7550cf?s=96&d=mm&r=g","caption":"Tar\u0131k"},"sameAs":["http:\/\/narteks.net"],"url":"https:\/\/narteks.net\/index.php\/author\/narbak\/"}]}},"_links":{"self":[{"href":"https:\/\/narteks.net\/index.php\/wp-json\/wp\/v2\/posts\/6859","targetHints":{"allow":["GET"]}}],"collection":[{"href":"https:\/\/narteks.net\/index.php\/wp-json\/wp\/v2\/posts"}],"about":[{"href":"https:\/\/narteks.net\/index.php\/wp-json\/wp\/v2\/types\/post"}],"author":[{"embeddable":true,"href":"https:\/\/narteks.net\/index.php\/wp-json\/wp\/v2\/users\/1"}],"replies":[{"embeddable":true,"href":"https:\/\/narteks.net\/index.php\/wp-json\/wp\/v2\/comments?post=6859"}],"version-history":[{"count":0,"href":"https:\/\/narteks.net\/index.php\/wp-json\/wp\/v2\/posts\/6859\/revisions"}],"wp:attachment":[{"href":"https:\/\/narteks.net\/index.php\/wp-json\/wp\/v2\/media?parent=6859"}],"wp:term":[{"taxonomy":"category","embeddable":true,"href":"https:\/\/narteks.net\/index.php\/wp-json\/wp\/v2\/categories?post=6859"},{"taxonomy":"post_tag","embeddable":true,"href":"https:\/\/narteks.net\/index.php\/wp-json\/wp\/v2\/tags?post=6859"}],"curies":[{"name":"wp","href":"https:\/\/api.w.org\/{rel}","templated":true}]}}