{"id":686,"date":"2009-04-17T10:12:24","date_gmt":"2009-04-17T07:12:24","guid":{"rendered":"http:\/\/localhost\/wordpress\/2009\/04\/17\/nihat-behram-biyografisi\/"},"modified":"2009-04-17T10:12:24","modified_gmt":"2009-04-17T07:12:24","slug":"nihat-behram-biyografisi","status":"publish","type":"post","link":"https:\/\/narteks.net\/index.php\/2009\/04\/17\/nihat-behram-biyografisi\/","title":{"rendered":"Nihat BEHRAM Biyografisi"},"content":{"rendered":"<p><img loading=\"lazy\" decoding=\"async\" src=\"http:\/\/www.google.com.tr\/images?q=tbn:GJFveiq-caUt8M::tolgahan_demirbas.sitemynet.com\/mynet_resimlerim\/nihat_behram.jpg\" border=\"0\" alt=\"nihatbehram\" width=\"155\" height=\"205\" \/><\/p>\n<p style=\"text-align: justify;\">Nihat Behram (d. 18 Kas\u0131m 1946 Kars), T\u00fcrk gazeteci, \u015fair ve yazar. As\u0131l ad\u0131 Mustafa Nihat Behramo\u011flu&#8217;dur.<\/p>\n<p>Gazetecilik Y\u00fcksek Okulu&#8217;nu bitirdi. \u0130lk \u015fiiri 1967&#8217;de yay\u0131mland\u0131. 1975&#8217;te a\u011fabeyi Ataol Behramo\u011flu ile birlikte Militan dergisini ve 1979&#8217;da Y\u0131lmaz G\u00fcney ile birlikte Halk\u0131n Dostlar\u0131 dergisini \u00e7\u0131kard\u0131. 1972&#8217;de \u00e7\u0131kard\u0131\u011f\u0131 ilk \u015fiir kitab\u0131 olan Hayat\u0131m\u0131z \u00dcst\u00fcne \u015eiirler kitab\u0131 yasakland\u0131 ve yazd\u0131klar\u0131ndan \u00f6t\u00fcr\u00fc 12 Mart D\u00f6nemi&#8217;nde iki y\u0131l askeri cezaevinde tutuklu olarak yatt\u0131.<\/p>\n<p>Cezaevinden \u00e7\u0131kt\u0131ndan sonra bir s\u00fcre gazetecilikle u\u011fra\u015ft\u0131. Vatan gazetesinde ele ald\u0131\u011f\u0131 Deniz Gezmi\u015f, Yusuf Aslan ve H\u00fcseyin \u0130nan&#8217;\u0131n ya\u015famlar\u0131n\u0131 ve m\u00fccadelelerini anlatan yaz\u0131 dizisi, \u00e7ok ilgi g\u00f6r\u00fcnce Dara\u011fac\u0131nda \u00dc\u00e7 Fidan ad\u0131yla kitapla\u015ft\u0131r\u0131ld\u0131. Bu yaz\u0131 dizisi ve \u015fiirleri \u00f6ne s\u00fcr\u00fclerek sivil mahkemelerde ve s\u0131k\u0131y\u00f6netim mahkemelerinde hakk\u0131nda bir\u00e7ok dava a\u00e7\u0131ld\u0131. 12 Eyl\u00fcl D\u00f6nemi&#8217;nde T\u00fcrkiye Cumhuriyeti yurtta\u015fl\u0131\u011f\u0131ndan \u00e7\u0131kar\u0131ld\u0131. 1996 y\u0131l\u0131nda T\u00fcrkiye&#8217;ye d\u00f6nd\u00fc. Bug\u00fcne de\u011fin 12 \u015fiir kitab\u0131 yay\u0131mland\u0131. \u015eiirlerinde do\u011fan\u0131n yeri ve s\u00f6zc\u00fck da\u011farc\u0131\u011f\u0131n\u0131n zenginli\u011fi dikkat \u00e7ekicidir.<\/p>\n<p>Entelekt\u00fcel dergisinde 2000 y\u0131l\u0131nda \u00e7\u0131kan &#8220;\u00d6zlemin Kadar&#8221; adl\u0131 \u015fiiri \u00f6zellikle be\u011feni toplam\u0131\u015ft\u0131r.<\/p>\n<p>sol.org.tr haber sitesinde her iki haftada bir \u00e7ar\u015famba g\u00fcnleri yaz\u0131lar\u0131 yay\u0131nlanmaktad\u0131r. T\u00fcrkiye Kom\u00fcnist Partisinin 9. kongresinde k\u00fcrs\u00fcden okudu\u011fu &#8220;ayaklanma \u00e7a\u011fr\u0131s\u0131&#8221; adl\u0131 \u015fiiri b\u00fcy\u00fck be\u011feni toplam\u0131\u015ft\u0131r. Son olarak 15 mart 2009 g\u00fcn\u00fc, yine TKP&#8217;nin d\u00fczenledi\u011fi &#8220;Ya Osmanl\u0131ya d\u00f6n\u00fc\u015f, Ya Sosyalist Cumhuriyet&#8221; mitinginde \u015fiirlerini k\u00fcrs\u00fcden seslendirmi\u015ftir.<\/p>\n<p><strong>yaz\u0131lar\u0131<\/strong><\/p>\n<p>Benim Se\u00e7im Sonucum: TKP&#8217;ye \u00dcyelik Ba\u015fvurumdur &#8211; Nihat Behram<\/p>\n<p>B\u00fct\u00fcn yay\u0131nlar\u0131n b\u00fct\u00fcn yazarlar\u0131 \u2018se\u00e7im sonu\u00e7lar\u0131\u2019 \u00fcst\u00fcne yazd\u0131lar. Bilinen bilinmeyen her yan\u0131yla, her kesim ve her g\u00f6r\u00fc\u015f a\u00e7\u0131s\u0131ndan se\u00e7imler ve sonu\u00e7lar\u0131 de\u011ferlendirildi. \u0130\u015fte ben de, kendi de\u011ferlendirmemi yap\u0131yorum. Kendimle y\u00fcz y\u00fcze. Aleni, halk huzurunda. A\u00e7t\u0131\u011f\u0131m se\u00e7im sand\u0131klar\u0131mdaki sonucu duyurmak i\u00e7in, sab\u0131rs\u0131zl\u0131kla bekledi\u011fim yaz\u0131 g\u00fcn\u00fcm geldi. Bir elimde \u00e7\u0131ra, bir elimde kalemim, koynumda s\u00fcr\u00fcs\u00fcyle k\u0131rlang\u0131\u00e7&#8230; Se\u00e7im \u00f6ncesi g\u00fcnlerde, miting alanlar\u0131nda bir a\u011f\u0131zdan fa\u015fizmi, emperyalist ya\u011fmay\u0131, zulm\u00fc, \u0131rk\u00e7\u0131 ayr\u0131mc\u0131l\u0131\u011f\u0131 \u2018Durdurun!\u2019 diye ba\u011f\u0131rarak, halk\u0131, insanl\u0131\u011f\u0131 tek yumruk olmaya \u00e7a\u011f\u0131ran insanlara \u015fiir okurken, i\u00e7imde bir an \u00f6nce sese, eyleme d\u00f6nmek i\u00e7in sab\u0131rs\u0131zlanan \u2018se\u00e7im sonucumu\u2019 a\u00e7\u0131kl\u0131yorum:<\/p>\n<p>Evet, a\u00e7t\u0131m se\u00e7im sand\u0131klar\u0131m\u0131. Beynimi ve kalbimi yani. A\u00e7\u0131p, bakt\u0131m! \u0130\u015fte, sand\u0131klar\u0131n birisinden \u00e7\u0131kan sevin\u00e7lerin irisi: \u00c7\u0131ra vard\u0131 i\u00e7inde. \u00c7\u0131ra bana, \u2018Sen bu halk\u0131n yaras\u0131na \u00e7are arayans\u0131n!\u2019 dedi. \u2018Sen i\u00e7imdeki yang\u0131n\u0131m\u0131n \u00e7\u0131ras\u0131s\u0131n!\u2019 diye yan\u0131tlad\u0131m \u00e7\u0131ray\u0131. Bir b\u0131\u00e7a\u011f\u0131 en keskin yerinden \u00f6per gibi, uzan\u0131p dokundum, ba\u015ftan ba\u015fa alazland\u0131 her yan\u0131m, ate\u015fe durdum. Bakt\u0131m, kalbim pimi \u00e7ekilmeye haz\u0131r halde beni dinlemekte. Duydu\u011fu her \u015fey dere olup akmakta. Halk\u0131n d\u00fc\u015fmanlar\u0131n\u0131 ta\u015flar gibi, yepyeni bir sevdaya ba\u015flar gibi, filizi dala, ku\u015fu ku\u015fa e\u015fler gibi, yana yana dokundum \u00e7\u0131raya. Dokundu\u011fum an, k\u0131v\u0131lc\u0131m\u0131n gizini duydum; k\u0131v\u0131lc\u0131m\u0131n gizinde b\u00fcy\u00fck yang\u0131nlar\u0131n izini! Damlan\u0131n naz\u0131n\u0131 duydum, damlada, kayalara vuran dalgalar\u0131n h\u0131z\u0131n\u0131&#8230;<\/p>\n<p>D\u00f6n\u00fcp di\u011fer sand\u0131\u011f\u0131 a\u00e7t\u0131m. Bakt\u0131m, i\u00e7i dolu k\u0131rlang\u0131\u00e7! K\u0131rlang\u0131\u00e7lar bana, bir a\u011f\u0131zdan:\u2018Sen ne kadar \u0131rmaklara, topra\u011fa bebeklere sevdal\u0131ysan, biz de o kadar y\u0131ld\u0131zlara, r\u00fczg\u00e2ra, kanatlara sevdal\u0131y\u0131z!\u2019 dediler; \u2018Ziftlenen su, kuruyan toprak, \u00f6ks\u00fcz, yetim b\u0131rak\u0131lan bebek, sana ne kadar ac\u0131 veriyorsa, \u015fu sand\u0131kta tutsakl\u0131k da bize o kadar ac\u0131 veriyor!\u2019&#8230; \u00d6zg\u00fcrl\u00fc\u011f\u00fc kanat kanat i\u015fler gibi, mazluma \u00e7are bulmay\u0131 d\u00fc\u015fler gibi, bahar g\u00fcn\u00fc tomurcu\u011fu koklamaya ba\u015flar gibi, sald\u0131m k\u0131rlang\u0131\u00e7lar\u0131 g\u00f6ky\u00fcz\u00fcne. K\u0131v\u0131lc\u0131m k\u0131v\u0131lc\u0131m g\u00f6\u011fe u\u00e7up giderlerken, dediler ki: \u2018Bir dile\u011fin varsa dile bizden; bir ucundan bir ucuna g\u00f6ky\u00fcz\u00fcnde yurdunun, ba\u011fr\u0131m\u0131z, kanad\u0131m\u0131z yetti\u011fince yapar\u0131z!\u2019&#8230; Ah ki, mazlum i\u00e7in, mahzun i\u00e7in, masum i\u00e7in dile\u011fim saymakla bitmez! Dedim ki k\u0131rlang\u0131\u00e7lara: \u2018G\u00f6ky\u00fcz\u00fc ufkunuz olsun, \u0131\u015f\u0131k dolun \u0131\u015f\u0131k ta\u015f\u0131y\u0131n bize!\u2019&#8230; Dedim ki: \u2018Bir ucundan bir ucuna yurdumun, se\u00e7im sand\u0131\u011f\u0131nda hayata \u0131\u015f\u0131k arayan dostlar\u0131m\u0131 bulun, kirpiklerinden \u00f6perek selam\u0131m\u0131 iletin her birine!\u2019&#8230;Dedim ki: \u2018Sonra \u00f6teki dostlar\u0131m\u0131 bulun, yani \u0131\u015f\u0131k arama duygusuyla dolu olduklar\u0131 halde, sand\u0131k ba\u015f\u0131nda kayg\u0131lan\u0131p, eli ba\u011fl\u0131 karars\u0131z kalan, do\u011fru diye e\u011fride yalpalayan dostlar\u0131m\u0131 da bulun. \u0130\u00e7imdeki \u00e7\u0131radan s\u00f6z edin onlara, kanatlar\u0131n\u0131zdaki k\u0131v\u0131lc\u0131mlardan!\u2019&#8230; Dedim ki k\u0131rlang\u0131\u00e7lara: \u2018Sevin\u00e7leri zalimce par\u00e7alanm\u0131\u015f olanlara, dilleri kesilmi\u015f, \u00f6m\u00fcrleri yasaklar alt\u0131nda inletilen mazlum halk\u0131ma; analar\u0131, babalar\u0131 faili mechullerin hedefi olmu\u015f \u00e7ocuklara; ba\u015fa\u011f\u0131 ya\u011fmalanm\u0131\u015f \u0131rgata; zincir alt\u0131ndaki emek\u00e7iye deyin ki: size bu \u00fclke tarihinin ilk faili mechul cinayeti olan, g\u00fcne\u015f y\u00fcrekli Mustafa Suphi\u2019nin mirasc\u0131s\u0131ndan, ac\u0131s\u0131 hi\u00e7 so\u011fumayan \u00f6fke getirdik; deyin ki: kafas\u0131 ta\u015fla par\u00e7alanm\u0131\u015f \u00e7a\u011flayan sesli Sebahattin Ali\u2019nin karde\u015finin selam\u0131n\u0131 getirdik; deyin ki: size, dara\u011fac\u0131nda son nefesini, her k\u00fclt\u00fcrden mazlum halk\u0131n karde\u015fli\u011fi i\u00e7in soluyan Denizlerin direnciyle, ac\u0131y\u0131 da \u00f6fkeyi de, \u00e7ocu\u011funun sevgisi gibi hep taze tutan \u015fairin y\u00fcre\u011fini getirdik!\u2019&#8230;<\/p>\n<p>K\u0131rlang\u0131\u00e7larla, yurdumun d\u00f6rt bir yan\u0131nda halk\u0131ma iletmek istediklerimi, \u015fimdi burada saysam da bitmez! Hele ki koynumdaki \u00e7\u0131ram, k\u0131v\u0131lc\u0131mlan\u0131p par\u0131ldamak i\u00e7in sab\u0131rs\u0131zlan\u0131rken. Hele ki, baba Fidel\u2019in \u2018Umut sonsuzdur! Ne zaman kendimi yaln\u0131z hissetsem, d\u00fcnyan\u0131n b\u00fct\u00fcn g\u00fc\u00e7leri ba\u011fr\u0131mda toplan\u0131r!\u2019 s\u00f6z\u00fcyle bilenirken. Hele ki, Zazaca bir \u015fark\u0131 dinliyorsam. Hele ki, zindanda insanca ya\u015fama haklar\u0131 i\u00e7in, tek silahlar\u0131 olan canlar\u0131yla \u00f6l\u00fcm orucuna yatan karde\u015flerimden bir mektup alm\u0131\u015fsam. Hele ki, emperyalist barbarlar\u0131n, en \u00fcst d\u00fczeyde, i\u015fbirlik\u00e7i tetik\u00e7ileriyle yurdumda kanl\u0131 planlar\u0131n\u0131 g\u00f6r\u00fc\u015ft\u00fckleri \u015fu g\u00fcnlerde. Hele ki, kara kafal\u0131 karanl\u0131k adamlar\u0131n, insani ve ayd\u0131nl\u0131k olan her de\u011fere al\u00e7ak\u00e7a sald\u0131r\u0131lar\u0131n\u0131 daha da kudurganla\u015ft\u0131rmaya \u00e7al\u0131\u015ft\u0131klar\u0131n\u0131 g\u00f6r\u00fcrken. Hele ki, kalbi olmayan, yurt tutkusu olmayan t\u00fcreme d\u00f6neklerin, \u2018devrimci\u2019 maskesiyle emperyalizme tetik\u00e7ilik yapt\u0131\u011f\u0131 bir d\u00f6nemde&#8230;.<\/p>\n<p>A\u00e7t\u0131m sand\u0131klar\u0131m\u0131, bakt\u0131m. Se\u00e7im sonucum: kalbim ve beynimle TKP\u2019ye \u00fcyelik ba\u015fvurumdur! Zulme duydu\u011fum \u00f6fkenin ifadesi olarak; ya\u011fmaya, talana, gayri insan\u00ee olana duydu\u011fum nefretin ifadesi olarak. Yurduma olan sevdam\u0131n, emperyalizme, fa\u015fizme olan h\u0131nc\u0131m\u0131n ifadesi olarak. Topra\u011fa, suya, havaya, bebeklere, ayd\u0131nl\u0131\u011fa, dala, tomurcu\u011fa; kar\u0131ncadan leyle\u011fe canl\u0131lara duydu\u011fum sorumlulu\u011fun ifadesi olarak. En delikanl\u0131 y\u0131llar\u0131nda \u2018Kom\u00fcnist oldu\u011funu itiraf et!\u2019 diye \u00f6ld\u00fcresiye i\u015fkence yemi\u015f bir insan olarak, halka, yurduma hayata \u00f6l\u00fcm\u00fcne ba\u011fl\u0131l\u0131\u011f\u0131m\u0131n ifadesi olarak. Sahteye, i\u011fretiye, yalana, \u0131l\u0131mla\u015ft\u0131rmaya, s\u0131\u011fla\u015ft\u0131rmaya, bulan\u0131kla\u015ft\u0131rmaya, suskunlu\u011fa duydu\u011fum i\u011frentinin ifadesi olarak. Kendime duydu\u011fum sayg\u0131m\u0131n ifadesi olarak&#8230;<\/p>\n<p>\u0130lk gen\u00e7lik y\u0131llar\u0131m\u0131n, Leninci esiniyle, N\u00e2z\u0131m\u2019\u0131n yolda\u015f\u0131 olma duygusuyla yazd\u0131\u011f\u0131m \u2018\u00d6rg\u00fct\u00fcn G\u00fcc\u00fc\u2019 bu ya\u015f\u0131mda yine bile\u011fi ta\u015f\u0131m. Bu da se\u00e7imle ilgili benim yorumum: \u0130\u00e7im, \u00e7\u0131ralar, k\u0131v\u0131lc\u0131mlar, k\u0131rlang\u0131\u00e7larla dolu olarak, bu \u015fiirimle TKP\u2019ye \u00fcyelik ba\u015fvurumu sunuyorum. Aleni olarak, halk\u0131n tan\u0131kl\u0131\u011f\u0131nda. Beni \u2018sicili temiz\u2019 bulup da, kabullenirlerse alaz\u0131mda co\u015far\u0131m. Akt\u0131\u011f\u0131m yata\u011f\u0131mda ta\u015far\u0131m. Halk ve hayat u\u011fruna, nerede ve ne olursa olsun, g\u00f6revime s\u0131ra neferi olarak ko\u015far\u0131m. Bu ba\u015fvurum, d\u00fc\u015f\u00fcncelerim ve duygular\u0131m\u0131 \u00fcle\u015fen yurdumun ayd\u0131nlar\u0131na, sanat\u00e7\u0131 arkada\u015flar\u0131ma, karde\u015flerime bir \u00e7a\u011fr\u0131 anlam\u0131ndad\u0131r. Ortak d\u00fc\u015fmana kar\u015f\u0131 cephe olma, saf tutma, \u00e7a\u011flama \u00e7a\u011fr\u0131s\u0131. \u2018S\u0131ra bizde!\u2019 demenin vaktidir&#8230;Sayg\u0131lar\u0131mla&#8230;<\/p>\n<p>\u015eiir<\/p>\n<p> * Hayat\u0131m\u0131z \u00dcst\u00fcne \u015eiirler (1972)<br \/> * F\u0131rt\u0131nayla Borayla Denenmi\u015f Arkada\u015fl\u0131klar (1974)<br \/> * D\u00f6v\u00fc\u015fe D\u00f6v\u00fc\u015fe Y\u00fcr\u00fcnecek (1976)<br \/> * Hayat\u0131 Tutu\u015fturan Ac\u0131lar (1978)<br \/> * Irmak Boylar\u0131nda Tura\u00e7 Seslerinde (1980)<br \/> * Savrulmu\u015f Bir \u00d6mr\u00fcn G\u00fcnlerinde (1982)<br \/> * Ay I\u015f\u0131\u011f\u0131 Yana Yana (1986)<br \/> * Yine de G\u00fcl\u00fcmseyerek (se\u00e7meler, 1987)<br \/> * Cenk \u00c7e\u015fitlemeleri (1988)<br \/> * Kundak (2000)<br \/> * \u00d6l\u00fclerimiz<br \/> * Ayaklanma \u00e7agr\u0131s\u0131 (2009) ([[1]])<br \/> * Ya Osmanl\u0131ya D\u00f6n\u00fc\u015f Ya Sosyalist Cumhuriyet Mitingi (2009) ([[2]])<\/p>\n<p>Roman<\/p>\n<p> * Gurbet (1987)<br \/> * Lanetli \u00d6mr\u00fcn K\u0131rlang\u0131\u00e7lar\u0131 (1991)<br \/> * K\u0131z Ali (1998)<\/p>\n<p>\u00c7ocuk kitab\u0131<\/p>\n<p> * Kuyru\u011fu Zilli Tilki (1979)<br \/> * G\u00f6\u011fs\u00fc K\u0131nal\u0131 Ser\u00e7e (1980)<\/p>\n<p>An\u0131<\/p>\n<p> * Dara\u011fac\u0131nda \u00dc\u00e7 Fidan (1976)<br \/> * Ser Verip S\u0131r Vermeyen Bir Yi\u011fit (1977)<br \/> * Y\u0131lmaz G\u00fcney&#8217;le Yasakl\u0131 Y\u0131llar<\/p>\n","protected":false},"excerpt":{"rendered":"<p>Nihat Behram (d. 18 Kas\u0131m 1946 Kars), T\u00fcrk gazeteci, \u015fair ve yazar. As\u0131l ad\u0131 Mustafa Nihat Behramo\u011flu&#8217;dur. Gazetecilik Y\u00fcksek Okulu&#8217;nu bitirdi. \u0130lk \u015fiiri 1967&#8217;de yay\u0131mland\u0131. 1975&#8217;te a\u011fabeyi Ataol Behramo\u011flu ile birlikte Militan dergisini ve 1979&#8217;da Y\u0131lmaz G\u00fcney ile birlikte Halk\u0131n Dostlar\u0131 dergisini \u00e7\u0131kard\u0131. 1972&#8217;de \u00e7\u0131kard\u0131\u011f\u0131 ilk \u015fiir kitab\u0131 olan Hayat\u0131m\u0131z \u00dcst\u00fcne \u015eiirler kitab\u0131 yasakland\u0131 ve [&hellip;]<\/p>\n","protected":false},"author":1,"featured_media":0,"comment_status":"open","ping_status":"open","sticky":false,"template":"","format":"standard","meta":{"footnotes":""},"categories":[26],"tags":[],"class_list":{"0":"post-686","1":"post","2":"type-post","3":"status-publish","4":"format-standard","6":"category-nihat-behram"},"yoast_head":"<!-- This site is optimized with the Yoast SEO Premium plugin v24.9 (Yoast SEO v24.9) - https:\/\/yoast.com\/wordpress\/plugins\/seo\/ -->\n<title>Nihat BEHRAM Biyografisi - narteks.net<\/title>\n<meta name=\"robots\" content=\"index, follow, max-snippet:-1, max-image-preview:large, max-video-preview:-1\" \/>\n<link rel=\"canonical\" href=\"https:\/\/narteks.net\/index.php\/2009\/04\/17\/nihat-behram-biyografisi\/\" \/>\n<meta property=\"og:locale\" content=\"tr_TR\" \/>\n<meta property=\"og:type\" content=\"article\" \/>\n<meta property=\"og:title\" content=\"Nihat BEHRAM Biyografisi\" \/>\n<meta property=\"og:description\" content=\"Nihat Behram (d. 18 Kas\u0131m 1946 Kars), T\u00fcrk gazeteci, \u015fair ve yazar. As\u0131l ad\u0131 Mustafa Nihat Behramo\u011flu&#8217;dur. Gazetecilik Y\u00fcksek Okulu&#8217;nu bitirdi. \u0130lk \u015fiiri 1967&#8217;de yay\u0131mland\u0131. 1975&#8217;te a\u011fabeyi Ataol Behramo\u011flu ile birlikte Militan dergisini ve 1979&#8217;da Y\u0131lmaz G\u00fcney ile birlikte Halk\u0131n Dostlar\u0131 dergisini \u00e7\u0131kard\u0131. 1972&#8217;de \u00e7\u0131kard\u0131\u011f\u0131 ilk \u015fiir kitab\u0131 olan Hayat\u0131m\u0131z \u00dcst\u00fcne \u015eiirler kitab\u0131 yasakland\u0131 ve [&hellip;]\" \/>\n<meta property=\"og:url\" content=\"https:\/\/narteks.net\/index.php\/2009\/04\/17\/nihat-behram-biyografisi\/\" \/>\n<meta property=\"og:site_name\" content=\"narteks.net\" \/>\n<meta property=\"article:published_time\" content=\"2009-04-17T07:12:24+00:00\" \/>\n<meta property=\"og:image\" content=\"http:\/\/www.google.com.tr\/images?q=tbn:GJFveiq-caUt8M::tolgahan_demirbas.sitemynet.com\/mynet_resimlerim\/nihat_behram.jpg\" \/>\n<meta name=\"author\" content=\"Tar\u0131k\" \/>\n<meta name=\"twitter:card\" content=\"summary_large_image\" \/>\n<meta name=\"twitter:creator\" content=\"@narteks\" \/>\n<meta name=\"twitter:site\" content=\"@narteks\" \/>\n<meta name=\"twitter:label1\" content=\"Yazan:\" \/>\n\t<meta name=\"twitter:data1\" content=\"Tar\u0131k\" \/>\n\t<meta name=\"twitter:label2\" content=\"Tahmini okuma s\u00fcresi\" \/>\n\t<meta name=\"twitter:data2\" content=\"8 dakika\" \/>\n<script type=\"application\/ld+json\" class=\"yoast-schema-graph\">{\"@context\":\"https:\/\/schema.org\",\"@graph\":[{\"@type\":\"Article\",\"@id\":\"https:\/\/narteks.net\/index.php\/2009\/04\/17\/nihat-behram-biyografisi\/#article\",\"isPartOf\":{\"@id\":\"https:\/\/narteks.net\/index.php\/2009\/04\/17\/nihat-behram-biyografisi\/\"},\"author\":{\"name\":\"Tar\u0131k\",\"@id\":\"https:\/\/narteks.net\/#\/schema\/person\/61f37d9834294b72d31d274e7ed79bca\"},\"headline\":\"Nihat BEHRAM Biyografisi\",\"datePublished\":\"2009-04-17T07:12:24+00:00\",\"mainEntityOfPage\":{\"@id\":\"https:\/\/narteks.net\/index.php\/2009\/04\/17\/nihat-behram-biyografisi\/\"},\"wordCount\":1556,\"commentCount\":0,\"publisher\":{\"@id\":\"https:\/\/narteks.net\/#organization\"},\"image\":{\"@id\":\"https:\/\/narteks.net\/index.php\/2009\/04\/17\/nihat-behram-biyografisi\/#primaryimage\"},\"thumbnailUrl\":\"http:\/\/www.google.com.tr\/images?q=tbn:GJFveiq-caUt8M::tolgahan_demirbas.sitemynet.com\/mynet_resimlerim\/nihat_behram.jpg\",\"articleSection\":[\"Nihat BEHRAM\"],\"inLanguage\":\"tr\",\"potentialAction\":[{\"@type\":\"CommentAction\",\"name\":\"Comment\",\"target\":[\"https:\/\/narteks.net\/index.php\/2009\/04\/17\/nihat-behram-biyografisi\/#respond\"]}]},{\"@type\":\"WebPage\",\"@id\":\"https:\/\/narteks.net\/index.php\/2009\/04\/17\/nihat-behram-biyografisi\/\",\"url\":\"https:\/\/narteks.net\/index.php\/2009\/04\/17\/nihat-behram-biyografisi\/\",\"name\":\"Nihat BEHRAM Biyografisi - narteks.net\",\"isPartOf\":{\"@id\":\"https:\/\/narteks.net\/#website\"},\"primaryImageOfPage\":{\"@id\":\"https:\/\/narteks.net\/index.php\/2009\/04\/17\/nihat-behram-biyografisi\/#primaryimage\"},\"image\":{\"@id\":\"https:\/\/narteks.net\/index.php\/2009\/04\/17\/nihat-behram-biyografisi\/#primaryimage\"},\"thumbnailUrl\":\"http:\/\/www.google.com.tr\/images?q=tbn:GJFveiq-caUt8M::tolgahan_demirbas.sitemynet.com\/mynet_resimlerim\/nihat_behram.jpg\",\"datePublished\":\"2009-04-17T07:12:24+00:00\",\"breadcrumb\":{\"@id\":\"https:\/\/narteks.net\/index.php\/2009\/04\/17\/nihat-behram-biyografisi\/#breadcrumb\"},\"inLanguage\":\"tr\",\"potentialAction\":[{\"@type\":\"ReadAction\",\"target\":[\"https:\/\/narteks.net\/index.php\/2009\/04\/17\/nihat-behram-biyografisi\/\"]}]},{\"@type\":\"ImageObject\",\"inLanguage\":\"tr\",\"@id\":\"https:\/\/narteks.net\/index.php\/2009\/04\/17\/nihat-behram-biyografisi\/#primaryimage\",\"url\":\"http:\/\/www.google.com.tr\/images?q=tbn:GJFveiq-caUt8M::tolgahan_demirbas.sitemynet.com\/mynet_resimlerim\/nihat_behram.jpg\",\"contentUrl\":\"http:\/\/www.google.com.tr\/images?q=tbn:GJFveiq-caUt8M::tolgahan_demirbas.sitemynet.com\/mynet_resimlerim\/nihat_behram.jpg\"},{\"@type\":\"BreadcrumbList\",\"@id\":\"https:\/\/narteks.net\/index.php\/2009\/04\/17\/nihat-behram-biyografisi\/#breadcrumb\",\"itemListElement\":[{\"@type\":\"ListItem\",\"position\":1,\"name\":\"Anasayfa\",\"item\":\"https:\/\/narteks.net\/\"},{\"@type\":\"ListItem\",\"position\":2,\"name\":\"Nihat BEHRAM Biyografisi\"}]},{\"@type\":\"WebSite\",\"@id\":\"https:\/\/narteks.net\/#website\",\"url\":\"https:\/\/narteks.net\/\",\"name\":\"narteks.net\",\"description\":\"K\u00fclt\u00fcr Sanat Edebiyat Felsefe\",\"publisher\":{\"@id\":\"https:\/\/narteks.net\/#organization\"},\"alternateName\":\"K\u00fclt\u00fcr Sanat Edebiyat Felsefe\",\"potentialAction\":[{\"@type\":\"SearchAction\",\"target\":{\"@type\":\"EntryPoint\",\"urlTemplate\":\"https:\/\/narteks.net\/?s={search_term_string}\"},\"query-input\":{\"@type\":\"PropertyValueSpecification\",\"valueRequired\":true,\"valueName\":\"search_term_string\"}}],\"inLanguage\":\"tr\"},{\"@type\":\"Organization\",\"@id\":\"https:\/\/narteks.net\/#organization\",\"name\":\"narteks.net\",\"url\":\"https:\/\/narteks.net\/\",\"logo\":{\"@type\":\"ImageObject\",\"inLanguage\":\"tr\",\"@id\":\"https:\/\/narteks.net\/#\/schema\/logo\/image\/\",\"url\":\"https:\/\/narteks.net\/wp-content\/uploads\/narteks.png\",\"contentUrl\":\"https:\/\/narteks.net\/wp-content\/uploads\/narteks.png\",\"width\":300,\"height\":90,\"caption\":\"narteks.net\"},\"image\":{\"@id\":\"https:\/\/narteks.net\/#\/schema\/logo\/image\/\"},\"sameAs\":[\"https:\/\/x.com\/narteks\",\"https:\/\/instagram.com\/narteksnet\"]},{\"@type\":\"Person\",\"@id\":\"https:\/\/narteks.net\/#\/schema\/person\/61f37d9834294b72d31d274e7ed79bca\",\"name\":\"Tar\u0131k\",\"image\":{\"@type\":\"ImageObject\",\"inLanguage\":\"tr\",\"@id\":\"https:\/\/narteks.net\/#\/schema\/person\/image\/\",\"url\":\"https:\/\/secure.gravatar.com\/avatar\/50865afb55632c4ae467e0af0930f6510aa2297d8014be502a55b14f3b7550cf?s=96&d=mm&r=g\",\"contentUrl\":\"https:\/\/secure.gravatar.com\/avatar\/50865afb55632c4ae467e0af0930f6510aa2297d8014be502a55b14f3b7550cf?s=96&d=mm&r=g\",\"caption\":\"Tar\u0131k\"},\"sameAs\":[\"http:\/\/narteks.net\"],\"url\":\"https:\/\/narteks.net\/index.php\/author\/narbak\/\"}]}<\/script>\n<!-- \/ Yoast SEO Premium plugin. -->","yoast_head_json":{"title":"Nihat BEHRAM Biyografisi - narteks.net","robots":{"index":"index","follow":"follow","max-snippet":"max-snippet:-1","max-image-preview":"max-image-preview:large","max-video-preview":"max-video-preview:-1"},"canonical":"https:\/\/narteks.net\/index.php\/2009\/04\/17\/nihat-behram-biyografisi\/","og_locale":"tr_TR","og_type":"article","og_title":"Nihat BEHRAM Biyografisi","og_description":"Nihat Behram (d. 18 Kas\u0131m 1946 Kars), T\u00fcrk gazeteci, \u015fair ve yazar. As\u0131l ad\u0131 Mustafa Nihat Behramo\u011flu&#8217;dur. Gazetecilik Y\u00fcksek Okulu&#8217;nu bitirdi. \u0130lk \u015fiiri 1967&#8217;de yay\u0131mland\u0131. 1975&#8217;te a\u011fabeyi Ataol Behramo\u011flu ile birlikte Militan dergisini ve 1979&#8217;da Y\u0131lmaz G\u00fcney ile birlikte Halk\u0131n Dostlar\u0131 dergisini \u00e7\u0131kard\u0131. 1972&#8217;de \u00e7\u0131kard\u0131\u011f\u0131 ilk \u015fiir kitab\u0131 olan Hayat\u0131m\u0131z \u00dcst\u00fcne \u015eiirler kitab\u0131 yasakland\u0131 ve [&hellip;]","og_url":"https:\/\/narteks.net\/index.php\/2009\/04\/17\/nihat-behram-biyografisi\/","og_site_name":"narteks.net","article_published_time":"2009-04-17T07:12:24+00:00","og_image":[{"url":"http:\/\/www.google.com.tr\/images?q=tbn:GJFveiq-caUt8M::tolgahan_demirbas.sitemynet.com\/mynet_resimlerim\/nihat_behram.jpg","type":"","width":"","height":""}],"author":"Tar\u0131k","twitter_card":"summary_large_image","twitter_creator":"@narteks","twitter_site":"@narteks","twitter_misc":{"Yazan:":"Tar\u0131k","Tahmini okuma s\u00fcresi":"8 dakika"},"schema":{"@context":"https:\/\/schema.org","@graph":[{"@type":"Article","@id":"https:\/\/narteks.net\/index.php\/2009\/04\/17\/nihat-behram-biyografisi\/#article","isPartOf":{"@id":"https:\/\/narteks.net\/index.php\/2009\/04\/17\/nihat-behram-biyografisi\/"},"author":{"name":"Tar\u0131k","@id":"https:\/\/narteks.net\/#\/schema\/person\/61f37d9834294b72d31d274e7ed79bca"},"headline":"Nihat BEHRAM Biyografisi","datePublished":"2009-04-17T07:12:24+00:00","mainEntityOfPage":{"@id":"https:\/\/narteks.net\/index.php\/2009\/04\/17\/nihat-behram-biyografisi\/"},"wordCount":1556,"commentCount":0,"publisher":{"@id":"https:\/\/narteks.net\/#organization"},"image":{"@id":"https:\/\/narteks.net\/index.php\/2009\/04\/17\/nihat-behram-biyografisi\/#primaryimage"},"thumbnailUrl":"http:\/\/www.google.com.tr\/images?q=tbn:GJFveiq-caUt8M::tolgahan_demirbas.sitemynet.com\/mynet_resimlerim\/nihat_behram.jpg","articleSection":["Nihat BEHRAM"],"inLanguage":"tr","potentialAction":[{"@type":"CommentAction","name":"Comment","target":["https:\/\/narteks.net\/index.php\/2009\/04\/17\/nihat-behram-biyografisi\/#respond"]}]},{"@type":"WebPage","@id":"https:\/\/narteks.net\/index.php\/2009\/04\/17\/nihat-behram-biyografisi\/","url":"https:\/\/narteks.net\/index.php\/2009\/04\/17\/nihat-behram-biyografisi\/","name":"Nihat BEHRAM Biyografisi - narteks.net","isPartOf":{"@id":"https:\/\/narteks.net\/#website"},"primaryImageOfPage":{"@id":"https:\/\/narteks.net\/index.php\/2009\/04\/17\/nihat-behram-biyografisi\/#primaryimage"},"image":{"@id":"https:\/\/narteks.net\/index.php\/2009\/04\/17\/nihat-behram-biyografisi\/#primaryimage"},"thumbnailUrl":"http:\/\/www.google.com.tr\/images?q=tbn:GJFveiq-caUt8M::tolgahan_demirbas.sitemynet.com\/mynet_resimlerim\/nihat_behram.jpg","datePublished":"2009-04-17T07:12:24+00:00","breadcrumb":{"@id":"https:\/\/narteks.net\/index.php\/2009\/04\/17\/nihat-behram-biyografisi\/#breadcrumb"},"inLanguage":"tr","potentialAction":[{"@type":"ReadAction","target":["https:\/\/narteks.net\/index.php\/2009\/04\/17\/nihat-behram-biyografisi\/"]}]},{"@type":"ImageObject","inLanguage":"tr","@id":"https:\/\/narteks.net\/index.php\/2009\/04\/17\/nihat-behram-biyografisi\/#primaryimage","url":"http:\/\/www.google.com.tr\/images?q=tbn:GJFveiq-caUt8M::tolgahan_demirbas.sitemynet.com\/mynet_resimlerim\/nihat_behram.jpg","contentUrl":"http:\/\/www.google.com.tr\/images?q=tbn:GJFveiq-caUt8M::tolgahan_demirbas.sitemynet.com\/mynet_resimlerim\/nihat_behram.jpg"},{"@type":"BreadcrumbList","@id":"https:\/\/narteks.net\/index.php\/2009\/04\/17\/nihat-behram-biyografisi\/#breadcrumb","itemListElement":[{"@type":"ListItem","position":1,"name":"Anasayfa","item":"https:\/\/narteks.net\/"},{"@type":"ListItem","position":2,"name":"Nihat BEHRAM Biyografisi"}]},{"@type":"WebSite","@id":"https:\/\/narteks.net\/#website","url":"https:\/\/narteks.net\/","name":"narteks.net","description":"K\u00fclt\u00fcr Sanat Edebiyat Felsefe","publisher":{"@id":"https:\/\/narteks.net\/#organization"},"alternateName":"K\u00fclt\u00fcr Sanat Edebiyat Felsefe","potentialAction":[{"@type":"SearchAction","target":{"@type":"EntryPoint","urlTemplate":"https:\/\/narteks.net\/?s={search_term_string}"},"query-input":{"@type":"PropertyValueSpecification","valueRequired":true,"valueName":"search_term_string"}}],"inLanguage":"tr"},{"@type":"Organization","@id":"https:\/\/narteks.net\/#organization","name":"narteks.net","url":"https:\/\/narteks.net\/","logo":{"@type":"ImageObject","inLanguage":"tr","@id":"https:\/\/narteks.net\/#\/schema\/logo\/image\/","url":"https:\/\/narteks.net\/wp-content\/uploads\/narteks.png","contentUrl":"https:\/\/narteks.net\/wp-content\/uploads\/narteks.png","width":300,"height":90,"caption":"narteks.net"},"image":{"@id":"https:\/\/narteks.net\/#\/schema\/logo\/image\/"},"sameAs":["https:\/\/x.com\/narteks","https:\/\/instagram.com\/narteksnet"]},{"@type":"Person","@id":"https:\/\/narteks.net\/#\/schema\/person\/61f37d9834294b72d31d274e7ed79bca","name":"Tar\u0131k","image":{"@type":"ImageObject","inLanguage":"tr","@id":"https:\/\/narteks.net\/#\/schema\/person\/image\/","url":"https:\/\/secure.gravatar.com\/avatar\/50865afb55632c4ae467e0af0930f6510aa2297d8014be502a55b14f3b7550cf?s=96&d=mm&r=g","contentUrl":"https:\/\/secure.gravatar.com\/avatar\/50865afb55632c4ae467e0af0930f6510aa2297d8014be502a55b14f3b7550cf?s=96&d=mm&r=g","caption":"Tar\u0131k"},"sameAs":["http:\/\/narteks.net"],"url":"https:\/\/narteks.net\/index.php\/author\/narbak\/"}]}},"_links":{"self":[{"href":"https:\/\/narteks.net\/index.php\/wp-json\/wp\/v2\/posts\/686","targetHints":{"allow":["GET"]}}],"collection":[{"href":"https:\/\/narteks.net\/index.php\/wp-json\/wp\/v2\/posts"}],"about":[{"href":"https:\/\/narteks.net\/index.php\/wp-json\/wp\/v2\/types\/post"}],"author":[{"embeddable":true,"href":"https:\/\/narteks.net\/index.php\/wp-json\/wp\/v2\/users\/1"}],"replies":[{"embeddable":true,"href":"https:\/\/narteks.net\/index.php\/wp-json\/wp\/v2\/comments?post=686"}],"version-history":[{"count":0,"href":"https:\/\/narteks.net\/index.php\/wp-json\/wp\/v2\/posts\/686\/revisions"}],"wp:attachment":[{"href":"https:\/\/narteks.net\/index.php\/wp-json\/wp\/v2\/media?parent=686"}],"wp:term":[{"taxonomy":"category","embeddable":true,"href":"https:\/\/narteks.net\/index.php\/wp-json\/wp\/v2\/categories?post=686"},{"taxonomy":"post_tag","embeddable":true,"href":"https:\/\/narteks.net\/index.php\/wp-json\/wp\/v2\/tags?post=686"}],"curies":[{"name":"wp","href":"https:\/\/api.w.org\/{rel}","templated":true}]}}