{"id":6860,"date":"2011-10-20T11:41:23","date_gmt":"2011-10-20T08:41:23","guid":{"rendered":"http:\/\/localhost\/wordpress\/2011\/10\/20\/ey-dost-senin-yasamin-diger-adalardan-ve-topraklardan-ayrilmis-bir-adadir-halil-cibran\/"},"modified":"2011-10-20T11:41:23","modified_gmt":"2011-10-20T08:41:23","slug":"ey-dost-senin-yasamin-diger-adalardan-ve-topraklardan-ayrilmis-bir-adadir-halil-cibran","status":"publish","type":"post","link":"https:\/\/narteks.net\/index.php\/2011\/10\/20\/ey-dost-senin-yasamin-diger-adalardan-ve-topraklardan-ayrilmis-bir-adadir-halil-cibran\/","title":{"rendered":"Ey dost, senin ya\u015fam\u0131n di\u011fer adalardan ve topraklardan ayr\u0131lm\u0131\u015f bir adad\u0131r | Halil Cibran"},"content":{"rendered":"<p style=\"text-align: justify;\"><img decoding=\"async\" src=\"images\/stories\/halilcibran.jpg\" border=\"0\" style=\"float: left;\" \/>Bir yaln\u0131zl\u0131k okyanusundaki bir adad\u0131r ya\u015fam, kayalar\u0131 umuttur Ada &#8216;n\u0131n, a\u011fa\u00e7lar\u0131 d\u00fc\u015f ; \u00e7i\u00e7ekleri \u0131ss\u0131zl\u0131kt\u0131r, dereleri \u00f6zlem.<\/p>\n<p>Ey dost, senin ya\u015fam\u0131n di\u011fer adalardan ve topraklardan ayr\u0131lm\u0131\u015f bir adad\u0131r. Limanlar\u0131ndan ka\u00e7 gemi yelken a\u00e7arsa a\u00e7s\u0131n ba\u015fka iklimlere, ka\u00e7 gemi var\u0131rsa vars\u0131n limanlar\u0131na, sen yine, yaln\u0131zl\u0131\u011f\u0131n \u0131st\u0131rab\u0131yla inleyen ve mutlulu\u011fu \u00f6zleyen \u0131ss\u0131z bir ada olarak bir ba\u015f\u0131na kalacaks\u0131n. En yak\u0131n dostuna bile me\u00e7huls\u00fcn, onlar\u0131n ilgi dolu sevgisinden ve anlay\u0131\u015f\u0131ndan \u00e7ok uzaklardas\u0131n.<\/p>\n<p>Ey karde\u015fim, seni, alt\u0131n k\u00fcmeciklerinin \u00fcst\u00fcne oturmu\u015f, zenginli\u011fine sevinerek , hazinelerinle gurur duyarak, toplad\u0131\u011f\u0131n her avu\u00e7 dolusu alt\u0131n\u0131n, di\u011fer insanlar\u0131n tutku ve d\u00fc\u015f\u00fcncelerini seninkilere ba\u011f\u0131ml\u0131 k\u0131lan g\u00f6ze g\u00f6r\u00fcnmez bir halka oldu\u011funa inan\u0131p, g\u00fcvenlik duydu\u011funu g\u00f6rm\u00fc\u015f\u00fcmd\u00fcr.<\/p>\n<p>Akl\u0131mda seni, d\u00fc\u015fmanlar\u0131n\u0131n kalelerini yerle bir etmek tasar\u0131lar\u0131yla ordular\u0131na kumanda eden bir fatih gibi g\u00f6rm\u00fc\u015f\u00fcmd\u00fcr. Ama sana bir kez daha bakt\u0131\u011f\u0131mda, senin yerinde, alt\u0131n kasalar\u0131n\u0131n ard\u0131nda \u00e7\u0131rp\u0131nan bir yaln\u0131z y\u00fcrekten ve kapat\u0131ld\u0131\u011f\u0131 alt\u0131n kafeste bo\u015falm\u0131\u015f su kab\u0131n\u0131n kar\u015f\u0131s\u0131nda kalakalm\u0131\u015f susam\u0131\u015f bir ku\u015ftan ba\u015fka bir \u015fey g\u00f6remedim.<\/p>\n<p>Ey karde\u015fim, seni, \u00e7evrende kral diye kabullenmi\u015f, sana ba\u015fard\u0131\u011f\u0131n b\u00fcy\u00fck i\u015flerin \u00f6vg\u00fcs\u00fc olan \u015fark\u0131lar\u0131 s\u00f6yleyen, senin ak\u0131l g\u00fcc\u00fcn\u00fc \u00f6ven ve sanki bir yar\u0131 &#8211; tanr\u0131n\u0131n huzurundaym\u0131\u015flar gibi, hatta g\u00f6kkubbenin co\u015fkusunu bile bast\u0131ran co\u015fkunluk belirtileriyle sana bak\u0131nan insanlar\u0131n aras\u0131nda g\u00f6rkemlili\u011fin taht\u0131na kurulmu\u015f olarak g\u00f6rm\u00fc\u015f\u00fcmd\u00fcr.<\/p>\n<p>Ve sahip oldu\u011fun bunca nesneye bakarken, y\u00fcz\u00fcnde, sanki onlar\u0131n ruhu senmi\u015fsin gibi mutluluk, g\u00fc\u00e7l\u00fcl\u00fck ve zafer belirtilerinin oyna\u015ft\u0131\u011f\u0131n\u0131 g\u00f6rm\u00fc\u015f\u00fcmd\u00fcr.<\/p>\n<p>Ama sana bir kez daha bakt\u0131\u011f\u0131mda seni, taht\u0131n\u0131n yan\u0131ba\u015f\u0131nda durup, sanki g\u00f6r\u00fcnmez hayaletlerden i\u00e7inde s\u0131cakl\u0131k ve dostluktan ba\u015fka hi\u00e7bir \u015fey bulunmasa da kabul\u00fcn olan bir s\u0131\u011f\u0131nak dilercesine elini her yana uzatan, kendi yaln\u0131zl\u0131\u011f\u0131yla ba\u015fba\u015fa kalm\u0131\u015f bir insan olarak bulmu\u015fumdur.<\/p>\n<p>Ey karde\u015fim, seni, g\u00fczel bir kad\u0131n\u0131n kar\u015f\u0131s\u0131nda kendinden ge\u00e7mi\u015f, \u00e7\u0131kar\u0131p y\u00fcre\u011fini onun g\u00fczelli\u011finin mihrab\u0131na koyarken g\u00f6rm\u00fc\u015f\u00fcmd\u00fcr. O kad\u0131n\u0131n sana i\u00e7tenlikle ve \u015fefkatle bakt\u0131\u011f\u0131n\u0131 g\u00f6r\u00fcnce de kendi kendime, &#8216;Ya\u015fas\u0131n, bu adam\u0131n yaln\u0131zl\u0131\u011f\u0131n\u0131 silen ve y\u00fcre\u011fini bir ba\u015fka y\u00fcrekle birle\u015ftiren Sevgi&#8217; demi\u015fimdir.<\/p>\n<p>Buna kar\u015f\u0131n, sana bir kez daha bakt\u0131\u011f\u0131mda, senin sevgi dolu y\u00fcre\u011finin i\u00e7inde, s\u0131rlar\u0131n\u0131 bir kad\u0131na a\u00e7\u0131klayabilmek i\u00e7in bo\u015funa h\u0131\u00e7k\u0131ran yapayaln\u0131z bir y\u00fcre\u011fin daha durdu\u011funu ; ve sevgiyle &#8211; dolu ruhunun ard\u0131nda, sevgilinin g\u00f6zlerinden ya\u015f olup akabilmek i\u00e7in bo\u015funa \u00e7\u0131rp\u0131nan bir bulut gibi dolanan yaln\u0131z bir ruhun daha bulundu\u011funu g\u00f6rd\u00fcm.<\/p>\n<p>Ey karde\u015fim, ya\u015fam\u0131n, di\u011fer insanlar\u0131n konaklad\u0131klar\u0131 yerlerden ayr\u0131k, \u0131ss\u0131z bir konaklama yeridir. Hi\u00e7 bir kom\u015funun i\u00e7ine g\u00f6zatamayaca\u011f\u0131 bir yuvad\u0131r. Karanl\u0131\u011fa g\u00f6m\u00fclecek olsa, kom\u015funun kandili onu ayd\u0131nlatamaz. Erza\u011f\u0131 t\u00fckense, kom\u015funun ambarlar\u0131 onu dolduramaz. Bir \u00e7\u00f6lde olsa, ba\u015fkalar\u0131n\u0131n elleriyle bellenip, \u00e7i\u00e7eklendirilmi\u015f bah\u00e7elere sokamazs\u0131n onu. Bir da\u011f\u0131n doru\u011fu olsa, ba\u015fkalar\u0131n\u0131n ayak izleriyle \u00e7i\u011fnenmi\u015f olan bir vadiye indiremezsin onu.<\/p>\n<p>Ey karde\u015fim, senin ruhunun ya\u015fant\u0131s\u0131, \u0131ss\u0131zl\u0131kla \u00e7epe\u00e7evre sar\u0131lm\u0131\u015ft\u0131r ve e\u011fer bu \u0131ss\u0131zl\u0131k ve tek ba\u015f\u0131nal\u0131k olmasa, ne sen SEN, ne de ben BEN olabilirdik. E\u011fer bu \u0131ss\u0131zl\u0131k ve tek ba\u015f\u0131nal\u0131k olmasayd\u0131, senin a\u011fz\u0131ndan \u00e7\u0131kan s\u00f6zc\u00fcklerin benim a\u011fz\u0131mdan \u00e7\u0131kt\u0131klar\u0131na inan\u0131r ; ya da senin y\u00fcz\u00fcne bakt\u0131\u011f\u0131mda aynadan kendi y\u00fcz\u00fcm\u00fc seyrediyorum san\u0131rd\u0131m.<\/p>\n<p style=\"text-align: justify;\">Halil Cibran | Ya\u015fam \u00fczerine<\/p>\n","protected":false},"excerpt":{"rendered":"<p>Bir yaln\u0131zl\u0131k okyanusundaki bir adad\u0131r ya\u015fam, kayalar\u0131 umuttur Ada &#8216;n\u0131n, a\u011fa\u00e7lar\u0131 d\u00fc\u015f ; \u00e7i\u00e7ekleri \u0131ss\u0131zl\u0131kt\u0131r, dereleri \u00f6zlem. Ey dost, senin ya\u015fam\u0131n di\u011fer adalardan ve topraklardan ayr\u0131lm\u0131\u015f bir adad\u0131r. Limanlar\u0131ndan ka\u00e7 gemi yelken a\u00e7arsa a\u00e7s\u0131n ba\u015fka iklimlere, ka\u00e7 gemi var\u0131rsa vars\u0131n limanlar\u0131na, sen yine, yaln\u0131zl\u0131\u011f\u0131n \u0131st\u0131rab\u0131yla inleyen ve mutlulu\u011fu \u00f6zleyen \u0131ss\u0131z bir ada olarak bir ba\u015f\u0131na [&hellip;]<\/p>\n","protected":false},"author":1,"featured_media":0,"comment_status":"open","ping_status":"open","sticky":false,"template":"","format":"standard","meta":{"footnotes":""},"categories":[103],"tags":[],"class_list":{"0":"post-6860","1":"post","2":"type-post","3":"status-publish","4":"format-standard","6":"category-felsefe-genel"},"yoast_head":"<!-- This site is optimized with the Yoast SEO Premium plugin v24.9 (Yoast SEO v24.9) - https:\/\/yoast.com\/wordpress\/plugins\/seo\/ -->\n<title>Ey dost, senin ya\u015fam\u0131n di\u011fer adalardan ve topraklardan ayr\u0131lm\u0131\u015f bir adad\u0131r | Halil Cibran - narteks.net<\/title>\n<meta name=\"robots\" content=\"index, follow, max-snippet:-1, max-image-preview:large, max-video-preview:-1\" \/>\n<link rel=\"canonical\" href=\"https:\/\/narteks.net\/index.php\/2011\/10\/20\/ey-dost-senin-yasamin-diger-adalardan-ve-topraklardan-ayrilmis-bir-adadir-halil-cibran\/\" \/>\n<meta property=\"og:locale\" content=\"tr_TR\" \/>\n<meta property=\"og:type\" content=\"article\" \/>\n<meta property=\"og:title\" content=\"Ey dost, senin ya\u015fam\u0131n di\u011fer adalardan ve topraklardan ayr\u0131lm\u0131\u015f bir adad\u0131r | Halil Cibran\" \/>\n<meta property=\"og:description\" content=\"Bir yaln\u0131zl\u0131k okyanusundaki bir adad\u0131r ya\u015fam, kayalar\u0131 umuttur Ada &#8216;n\u0131n, a\u011fa\u00e7lar\u0131 d\u00fc\u015f ; \u00e7i\u00e7ekleri \u0131ss\u0131zl\u0131kt\u0131r, dereleri \u00f6zlem. Ey dost, senin ya\u015fam\u0131n di\u011fer adalardan ve topraklardan ayr\u0131lm\u0131\u015f bir adad\u0131r. Limanlar\u0131ndan ka\u00e7 gemi yelken a\u00e7arsa a\u00e7s\u0131n ba\u015fka iklimlere, ka\u00e7 gemi var\u0131rsa vars\u0131n limanlar\u0131na, sen yine, yaln\u0131zl\u0131\u011f\u0131n \u0131st\u0131rab\u0131yla inleyen ve mutlulu\u011fu \u00f6zleyen \u0131ss\u0131z bir ada olarak bir ba\u015f\u0131na [&hellip;]\" \/>\n<meta property=\"og:url\" content=\"https:\/\/narteks.net\/index.php\/2011\/10\/20\/ey-dost-senin-yasamin-diger-adalardan-ve-topraklardan-ayrilmis-bir-adadir-halil-cibran\/\" \/>\n<meta property=\"og:site_name\" content=\"narteks.net\" \/>\n<meta property=\"article:published_time\" content=\"2011-10-20T08:41:23+00:00\" \/>\n<meta property=\"og:image\" content=\"https:\/\/narteks.net\/wp-content\/uploads\/narteks.png\" \/>\n\t<meta property=\"og:image:width\" content=\"300\" \/>\n\t<meta property=\"og:image:height\" content=\"90\" \/>\n\t<meta property=\"og:image:type\" content=\"image\/png\" \/>\n<meta name=\"author\" content=\"Tar\u0131k\" \/>\n<meta name=\"twitter:card\" content=\"summary_large_image\" \/>\n<meta name=\"twitter:creator\" content=\"@narteks\" \/>\n<meta name=\"twitter:site\" content=\"@narteks\" \/>\n<meta name=\"twitter:label1\" content=\"Yazan:\" \/>\n\t<meta name=\"twitter:data1\" content=\"Tar\u0131k\" \/>\n\t<meta name=\"twitter:label2\" content=\"Tahmini okuma s\u00fcresi\" \/>\n\t<meta name=\"twitter:data2\" content=\"4 dakika\" \/>\n<script type=\"application\/ld+json\" class=\"yoast-schema-graph\">{\"@context\":\"https:\/\/schema.org\",\"@graph\":[{\"@type\":\"Article\",\"@id\":\"https:\/\/narteks.net\/index.php\/2011\/10\/20\/ey-dost-senin-yasamin-diger-adalardan-ve-topraklardan-ayrilmis-bir-adadir-halil-cibran\/#article\",\"isPartOf\":{\"@id\":\"https:\/\/narteks.net\/index.php\/2011\/10\/20\/ey-dost-senin-yasamin-diger-adalardan-ve-topraklardan-ayrilmis-bir-adadir-halil-cibran\/\"},\"author\":{\"name\":\"Tar\u0131k\",\"@id\":\"https:\/\/narteks.net\/#\/schema\/person\/61f37d9834294b72d31d274e7ed79bca\"},\"headline\":\"Ey dost, senin ya\u015fam\u0131n di\u011fer adalardan ve topraklardan ayr\u0131lm\u0131\u015f bir adad\u0131r | Halil Cibran\",\"datePublished\":\"2011-10-20T08:41:23+00:00\",\"mainEntityOfPage\":{\"@id\":\"https:\/\/narteks.net\/index.php\/2011\/10\/20\/ey-dost-senin-yasamin-diger-adalardan-ve-topraklardan-ayrilmis-bir-adadir-halil-cibran\/\"},\"wordCount\":738,\"commentCount\":0,\"publisher\":{\"@id\":\"https:\/\/narteks.net\/#organization\"},\"articleSection\":[\"Felsefe (Genel)\"],\"inLanguage\":\"tr\",\"potentialAction\":[{\"@type\":\"CommentAction\",\"name\":\"Comment\",\"target\":[\"https:\/\/narteks.net\/index.php\/2011\/10\/20\/ey-dost-senin-yasamin-diger-adalardan-ve-topraklardan-ayrilmis-bir-adadir-halil-cibran\/#respond\"]}]},{\"@type\":\"WebPage\",\"@id\":\"https:\/\/narteks.net\/index.php\/2011\/10\/20\/ey-dost-senin-yasamin-diger-adalardan-ve-topraklardan-ayrilmis-bir-adadir-halil-cibran\/\",\"url\":\"https:\/\/narteks.net\/index.php\/2011\/10\/20\/ey-dost-senin-yasamin-diger-adalardan-ve-topraklardan-ayrilmis-bir-adadir-halil-cibran\/\",\"name\":\"Ey dost, senin ya\u015fam\u0131n di\u011fer adalardan ve topraklardan ayr\u0131lm\u0131\u015f bir adad\u0131r | Halil Cibran - narteks.net\",\"isPartOf\":{\"@id\":\"https:\/\/narteks.net\/#website\"},\"datePublished\":\"2011-10-20T08:41:23+00:00\",\"breadcrumb\":{\"@id\":\"https:\/\/narteks.net\/index.php\/2011\/10\/20\/ey-dost-senin-yasamin-diger-adalardan-ve-topraklardan-ayrilmis-bir-adadir-halil-cibran\/#breadcrumb\"},\"inLanguage\":\"tr\",\"potentialAction\":[{\"@type\":\"ReadAction\",\"target\":[\"https:\/\/narteks.net\/index.php\/2011\/10\/20\/ey-dost-senin-yasamin-diger-adalardan-ve-topraklardan-ayrilmis-bir-adadir-halil-cibran\/\"]}]},{\"@type\":\"BreadcrumbList\",\"@id\":\"https:\/\/narteks.net\/index.php\/2011\/10\/20\/ey-dost-senin-yasamin-diger-adalardan-ve-topraklardan-ayrilmis-bir-adadir-halil-cibran\/#breadcrumb\",\"itemListElement\":[{\"@type\":\"ListItem\",\"position\":1,\"name\":\"Anasayfa\",\"item\":\"https:\/\/narteks.net\/\"},{\"@type\":\"ListItem\",\"position\":2,\"name\":\"Ey dost, senin ya\u015fam\u0131n di\u011fer adalardan ve topraklardan ayr\u0131lm\u0131\u015f bir adad\u0131r | Halil Cibran\"}]},{\"@type\":\"WebSite\",\"@id\":\"https:\/\/narteks.net\/#website\",\"url\":\"https:\/\/narteks.net\/\",\"name\":\"narteks.net\",\"description\":\"K\u00fclt\u00fcr Sanat Edebiyat Felsefe\",\"publisher\":{\"@id\":\"https:\/\/narteks.net\/#organization\"},\"alternateName\":\"K\u00fclt\u00fcr Sanat Edebiyat Felsefe\",\"potentialAction\":[{\"@type\":\"SearchAction\",\"target\":{\"@type\":\"EntryPoint\",\"urlTemplate\":\"https:\/\/narteks.net\/?s={search_term_string}\"},\"query-input\":{\"@type\":\"PropertyValueSpecification\",\"valueRequired\":true,\"valueName\":\"search_term_string\"}}],\"inLanguage\":\"tr\"},{\"@type\":\"Organization\",\"@id\":\"https:\/\/narteks.net\/#organization\",\"name\":\"narteks.net\",\"url\":\"https:\/\/narteks.net\/\",\"logo\":{\"@type\":\"ImageObject\",\"inLanguage\":\"tr\",\"@id\":\"https:\/\/narteks.net\/#\/schema\/logo\/image\/\",\"url\":\"https:\/\/narteks.net\/wp-content\/uploads\/narteks.png\",\"contentUrl\":\"https:\/\/narteks.net\/wp-content\/uploads\/narteks.png\",\"width\":300,\"height\":90,\"caption\":\"narteks.net\"},\"image\":{\"@id\":\"https:\/\/narteks.net\/#\/schema\/logo\/image\/\"},\"sameAs\":[\"https:\/\/x.com\/narteks\",\"https:\/\/instagram.com\/narteksnet\"]},{\"@type\":\"Person\",\"@id\":\"https:\/\/narteks.net\/#\/schema\/person\/61f37d9834294b72d31d274e7ed79bca\",\"name\":\"Tar\u0131k\",\"image\":{\"@type\":\"ImageObject\",\"inLanguage\":\"tr\",\"@id\":\"https:\/\/narteks.net\/#\/schema\/person\/image\/\",\"url\":\"https:\/\/secure.gravatar.com\/avatar\/50865afb55632c4ae467e0af0930f6510aa2297d8014be502a55b14f3b7550cf?s=96&d=mm&r=g\",\"contentUrl\":\"https:\/\/secure.gravatar.com\/avatar\/50865afb55632c4ae467e0af0930f6510aa2297d8014be502a55b14f3b7550cf?s=96&d=mm&r=g\",\"caption\":\"Tar\u0131k\"},\"sameAs\":[\"http:\/\/narteks.net\"],\"url\":\"https:\/\/narteks.net\/index.php\/author\/narbak\/\"}]}<\/script>\n<!-- \/ Yoast SEO Premium plugin. -->","yoast_head_json":{"title":"Ey dost, senin ya\u015fam\u0131n di\u011fer adalardan ve topraklardan ayr\u0131lm\u0131\u015f bir adad\u0131r | Halil Cibran - narteks.net","robots":{"index":"index","follow":"follow","max-snippet":"max-snippet:-1","max-image-preview":"max-image-preview:large","max-video-preview":"max-video-preview:-1"},"canonical":"https:\/\/narteks.net\/index.php\/2011\/10\/20\/ey-dost-senin-yasamin-diger-adalardan-ve-topraklardan-ayrilmis-bir-adadir-halil-cibran\/","og_locale":"tr_TR","og_type":"article","og_title":"Ey dost, senin ya\u015fam\u0131n di\u011fer adalardan ve topraklardan ayr\u0131lm\u0131\u015f bir adad\u0131r | Halil Cibran","og_description":"Bir yaln\u0131zl\u0131k okyanusundaki bir adad\u0131r ya\u015fam, kayalar\u0131 umuttur Ada &#8216;n\u0131n, a\u011fa\u00e7lar\u0131 d\u00fc\u015f ; \u00e7i\u00e7ekleri \u0131ss\u0131zl\u0131kt\u0131r, dereleri \u00f6zlem. Ey dost, senin ya\u015fam\u0131n di\u011fer adalardan ve topraklardan ayr\u0131lm\u0131\u015f bir adad\u0131r. Limanlar\u0131ndan ka\u00e7 gemi yelken a\u00e7arsa a\u00e7s\u0131n ba\u015fka iklimlere, ka\u00e7 gemi var\u0131rsa vars\u0131n limanlar\u0131na, sen yine, yaln\u0131zl\u0131\u011f\u0131n \u0131st\u0131rab\u0131yla inleyen ve mutlulu\u011fu \u00f6zleyen \u0131ss\u0131z bir ada olarak bir ba\u015f\u0131na [&hellip;]","og_url":"https:\/\/narteks.net\/index.php\/2011\/10\/20\/ey-dost-senin-yasamin-diger-adalardan-ve-topraklardan-ayrilmis-bir-adadir-halil-cibran\/","og_site_name":"narteks.net","article_published_time":"2011-10-20T08:41:23+00:00","og_image":[{"width":300,"height":90,"url":"https:\/\/narteks.net\/wp-content\/uploads\/narteks.png","type":"image\/png"}],"author":"Tar\u0131k","twitter_card":"summary_large_image","twitter_creator":"@narteks","twitter_site":"@narteks","twitter_misc":{"Yazan:":"Tar\u0131k","Tahmini okuma s\u00fcresi":"4 dakika"},"schema":{"@context":"https:\/\/schema.org","@graph":[{"@type":"Article","@id":"https:\/\/narteks.net\/index.php\/2011\/10\/20\/ey-dost-senin-yasamin-diger-adalardan-ve-topraklardan-ayrilmis-bir-adadir-halil-cibran\/#article","isPartOf":{"@id":"https:\/\/narteks.net\/index.php\/2011\/10\/20\/ey-dost-senin-yasamin-diger-adalardan-ve-topraklardan-ayrilmis-bir-adadir-halil-cibran\/"},"author":{"name":"Tar\u0131k","@id":"https:\/\/narteks.net\/#\/schema\/person\/61f37d9834294b72d31d274e7ed79bca"},"headline":"Ey dost, senin ya\u015fam\u0131n di\u011fer adalardan ve topraklardan ayr\u0131lm\u0131\u015f bir adad\u0131r | Halil Cibran","datePublished":"2011-10-20T08:41:23+00:00","mainEntityOfPage":{"@id":"https:\/\/narteks.net\/index.php\/2011\/10\/20\/ey-dost-senin-yasamin-diger-adalardan-ve-topraklardan-ayrilmis-bir-adadir-halil-cibran\/"},"wordCount":738,"commentCount":0,"publisher":{"@id":"https:\/\/narteks.net\/#organization"},"articleSection":["Felsefe (Genel)"],"inLanguage":"tr","potentialAction":[{"@type":"CommentAction","name":"Comment","target":["https:\/\/narteks.net\/index.php\/2011\/10\/20\/ey-dost-senin-yasamin-diger-adalardan-ve-topraklardan-ayrilmis-bir-adadir-halil-cibran\/#respond"]}]},{"@type":"WebPage","@id":"https:\/\/narteks.net\/index.php\/2011\/10\/20\/ey-dost-senin-yasamin-diger-adalardan-ve-topraklardan-ayrilmis-bir-adadir-halil-cibran\/","url":"https:\/\/narteks.net\/index.php\/2011\/10\/20\/ey-dost-senin-yasamin-diger-adalardan-ve-topraklardan-ayrilmis-bir-adadir-halil-cibran\/","name":"Ey dost, senin ya\u015fam\u0131n di\u011fer adalardan ve topraklardan ayr\u0131lm\u0131\u015f bir adad\u0131r | Halil Cibran - narteks.net","isPartOf":{"@id":"https:\/\/narteks.net\/#website"},"datePublished":"2011-10-20T08:41:23+00:00","breadcrumb":{"@id":"https:\/\/narteks.net\/index.php\/2011\/10\/20\/ey-dost-senin-yasamin-diger-adalardan-ve-topraklardan-ayrilmis-bir-adadir-halil-cibran\/#breadcrumb"},"inLanguage":"tr","potentialAction":[{"@type":"ReadAction","target":["https:\/\/narteks.net\/index.php\/2011\/10\/20\/ey-dost-senin-yasamin-diger-adalardan-ve-topraklardan-ayrilmis-bir-adadir-halil-cibran\/"]}]},{"@type":"BreadcrumbList","@id":"https:\/\/narteks.net\/index.php\/2011\/10\/20\/ey-dost-senin-yasamin-diger-adalardan-ve-topraklardan-ayrilmis-bir-adadir-halil-cibran\/#breadcrumb","itemListElement":[{"@type":"ListItem","position":1,"name":"Anasayfa","item":"https:\/\/narteks.net\/"},{"@type":"ListItem","position":2,"name":"Ey dost, senin ya\u015fam\u0131n di\u011fer adalardan ve topraklardan ayr\u0131lm\u0131\u015f bir adad\u0131r | Halil Cibran"}]},{"@type":"WebSite","@id":"https:\/\/narteks.net\/#website","url":"https:\/\/narteks.net\/","name":"narteks.net","description":"K\u00fclt\u00fcr Sanat Edebiyat Felsefe","publisher":{"@id":"https:\/\/narteks.net\/#organization"},"alternateName":"K\u00fclt\u00fcr Sanat Edebiyat Felsefe","potentialAction":[{"@type":"SearchAction","target":{"@type":"EntryPoint","urlTemplate":"https:\/\/narteks.net\/?s={search_term_string}"},"query-input":{"@type":"PropertyValueSpecification","valueRequired":true,"valueName":"search_term_string"}}],"inLanguage":"tr"},{"@type":"Organization","@id":"https:\/\/narteks.net\/#organization","name":"narteks.net","url":"https:\/\/narteks.net\/","logo":{"@type":"ImageObject","inLanguage":"tr","@id":"https:\/\/narteks.net\/#\/schema\/logo\/image\/","url":"https:\/\/narteks.net\/wp-content\/uploads\/narteks.png","contentUrl":"https:\/\/narteks.net\/wp-content\/uploads\/narteks.png","width":300,"height":90,"caption":"narteks.net"},"image":{"@id":"https:\/\/narteks.net\/#\/schema\/logo\/image\/"},"sameAs":["https:\/\/x.com\/narteks","https:\/\/instagram.com\/narteksnet"]},{"@type":"Person","@id":"https:\/\/narteks.net\/#\/schema\/person\/61f37d9834294b72d31d274e7ed79bca","name":"Tar\u0131k","image":{"@type":"ImageObject","inLanguage":"tr","@id":"https:\/\/narteks.net\/#\/schema\/person\/image\/","url":"https:\/\/secure.gravatar.com\/avatar\/50865afb55632c4ae467e0af0930f6510aa2297d8014be502a55b14f3b7550cf?s=96&d=mm&r=g","contentUrl":"https:\/\/secure.gravatar.com\/avatar\/50865afb55632c4ae467e0af0930f6510aa2297d8014be502a55b14f3b7550cf?s=96&d=mm&r=g","caption":"Tar\u0131k"},"sameAs":["http:\/\/narteks.net"],"url":"https:\/\/narteks.net\/index.php\/author\/narbak\/"}]}},"_links":{"self":[{"href":"https:\/\/narteks.net\/index.php\/wp-json\/wp\/v2\/posts\/6860","targetHints":{"allow":["GET"]}}],"collection":[{"href":"https:\/\/narteks.net\/index.php\/wp-json\/wp\/v2\/posts"}],"about":[{"href":"https:\/\/narteks.net\/index.php\/wp-json\/wp\/v2\/types\/post"}],"author":[{"embeddable":true,"href":"https:\/\/narteks.net\/index.php\/wp-json\/wp\/v2\/users\/1"}],"replies":[{"embeddable":true,"href":"https:\/\/narteks.net\/index.php\/wp-json\/wp\/v2\/comments?post=6860"}],"version-history":[{"count":0,"href":"https:\/\/narteks.net\/index.php\/wp-json\/wp\/v2\/posts\/6860\/revisions"}],"wp:attachment":[{"href":"https:\/\/narteks.net\/index.php\/wp-json\/wp\/v2\/media?parent=6860"}],"wp:term":[{"taxonomy":"category","embeddable":true,"href":"https:\/\/narteks.net\/index.php\/wp-json\/wp\/v2\/categories?post=6860"},{"taxonomy":"post_tag","embeddable":true,"href":"https:\/\/narteks.net\/index.php\/wp-json\/wp\/v2\/tags?post=6860"}],"curies":[{"name":"wp","href":"https:\/\/api.w.org\/{rel}","templated":true}]}}