{"id":6869,"date":"2011-11-13T14:29:33","date_gmt":"2011-11-13T11:29:33","guid":{"rendered":"http:\/\/localhost\/wordpress\/2011\/11\/13\/kimseler-asik-degil-mi-bu-sehirde-sait-faik-abasiyanik\/"},"modified":"2011-11-13T14:29:33","modified_gmt":"2011-11-13T11:29:33","slug":"kimseler-asik-degil-mi-bu-sehirde-sait-faik-abasiyanik","status":"publish","type":"post","link":"https:\/\/narteks.net\/index.php\/2011\/11\/13\/kimseler-asik-degil-mi-bu-sehirde-sait-faik-abasiyanik\/","title":{"rendered":"Kimseler a\u015f\u0131k de\u011fil mi bu \u015fehirde? | Sait Faik Abas\u0131yan\u0131k"},"content":{"rendered":"<p style=\"text-align: justify;\"><img loading=\"lazy\" decoding=\"async\" src=\"images\/stories\/saitfaikabasyanik.jpg\" border=\"0\" width=\"155\" height=\"205\" style=\"float: left;\" \/>Beyaz\u0131t havuzunun kenar\u0131ndaki kanepelerden birine oturmu\u015f, sizi bekliyorum. Ya\u015f\u0131n\u0131 alm\u0131\u015f bir adam\u0131n yirmi ya\u015f\u0131ndaki \u00e7ocuk kederlerini, sevin\u00e7lerini ya\u015fam\u0131\u015f ne demektir, diye d\u00fc\u015f\u00fcn\u00fcyorum: Belki bir, ge\u00e7 olma hadisesi. Belki de bir \u00e7e\u015fit hazlar\u0131, kederleri, \u00e7ocukluklar\u0131 uzatma temay\u00fcl\u00fc. Ama bu uzayan yaz, k\u0131\u015f\u0131n gelmeyece\u011fine al\u00e2met de\u011fil. K\u0131\u015f m\u00fcthi\u015f olacak, kar yollar\u0131 kapayacak, bembeyaz ovada \u00f6l\u00fcl\u00fck uzay\u0131p gidecek&#8230; <\/p>\n<p>Sizi bekliyorum. Sizi g\u00f6rece\u011fim; i\u00e7imde bir \u015fey ko\u015facak. Siz g\u00f6rmeden ge\u00e7eceksiniz. Ben kederle sevinci duyup dalaca\u011f\u0131m istedi\u011fim \u00e2leme. D\u00fcnyay\u0131 yeniden kederlerle kuraca\u011f\u0131m. Sonra \u00e7ar\u015f\u0131lardan \u00e7ar\u015f\u0131lara, insan sesleri aras\u0131nda, her \u015feyi sizinle kurulmu\u015f bir \u015fehirde dola\u015faca\u011f\u0131m. Herkes ge\u00e7ti, siz ge\u00e7mediniz. Y\u00fcz\u00fcn\u00fcz\u00fc g\u00f6remedim. Bayram\u0131m, \u00e7ocukluk bayram\u0131m sal\u0131ncaks\u0131z ge\u00e7mi\u015f gibi g\u00f6z\u00fcme ya\u015f doldu. So\u011fuktan m\u0131 titriyordum, yoksa heyecandan, \u00fcz\u00fcnt\u00fcden mi, bilmem.<\/p>\n<p>Havuzun suyu bulan\u0131k. Kap\u0131n\u0131n saatleri 12\u00b4yi ge\u00e7mi\u015f. Kanepelerde kimseler yok.Tramvay ne fena g\u0131c\u0131rdad\u0131! Tramvaydaki adam bir tan\u0131d\u0131k m\u0131yd\u0131, acaba? Ne diye \u00f6yle d\u00f6n\u00fcp d\u00f6n\u00fcp bakt\u0131?&#8230; Yoksa kimselerin oturmad\u0131\u011f\u0131 kanepelerde bu saatlerde yaln\u0131z pek ba\u015f\u0131bo\u015flar m\u0131 oturur? Kimseler \u00e2\u015f\u0131k de\u011fil mi bu \u015fehirde? Kimseler, bir meydan\u0131n kanepesinde kimseyi beklemeyecek mi, y\u00fcz\u00fcn\u00fc bir dakika g\u00f6rmek i\u00e7in kimsenin?<\/p>\n<p>\u00d6nce yan\u0131mdaki kanepeye oturdular. Biri kad\u0131n, \u00f6teki erkekti. Erkek bana g\u00fcl\u00fcmsedi. Halim yok g\u00fclmeye; yoksa tatl\u0131 tatl\u0131 g\u00fcl\u00fcmsemesine kar\u015f\u0131l\u0131k verilmeyecek adam de\u011fildi. Bu selam yerine ge\u00e7en g\u00fcl\u00fcmsemeye neden cevap vermedim? Sizi bekliyordum. H\u00e2l\u00e2 sizi bekliyordum. Belki de, bug\u00fcn, bu saatte buradan \u00e7\u0131kmayacakt\u0131n\u0131z&#8230; Yoksa hasta m\u0131yd\u0131n\u0131z? Bir ara bir ba\u015fkas\u0131nda sa\u00e7lar\u0131n\u0131z\u0131, y\u00fcr\u00fcy\u00fc\u015f\u00fcn\u00fcz\u00fc seyreder gibi olmu\u015f, siz olmad\u0131\u011f\u0131n\u0131z\u0131 g\u00f6r\u00fcnce yeniden merak etmi\u015f, \u00fcz\u00fclm\u00fc\u015f; sonra, belki de benim burada oturdu\u011fumu tahmin etmi\u015ftir de \u00f6teki kap\u0131dan \u00e7\u0131km\u0131\u015ft\u0131r \u015f\u00fcphesine d\u00fc\u015fm\u00fc\u015ft\u00fcm. Bu \u015f\u00fcpheden \u00e7abucak cayd\u0131m. O kadar ehemmiyet verilmeye de\u011fer miydim?<\/p>\n<p>Ya hasta iseniz!&#8230; Sanki hasta idiniz. Ko\u015fup yata\u011f\u0131n\u0131z\u0131n ba\u015fucuna gelmi\u015ftim. G\u00f6zlerinizi a\u00e7t\u0131n\u0131z. Aln\u0131n\u0131z terli idi. \u0130ki a\u00e7\u0131k sar\u0131 tel terli aln\u0131n\u0131z\u0131n \u00fcst\u00fcne yap\u0131\u015fm\u0131\u015ft\u0131. &#8220;Ate\u015fim d\u00fc\u015fm\u00fcyor&#8221; demi\u015ftiniz. \u015eehre k\u00fcsm\u00fc\u015ft\u00fcm. Karaborsalardan ila\u00e7lar getirmi\u015ftim. \u0130yile\u015fmi\u015ftiniz. R\u0131ht\u0131m boyunca y\u00fcr\u00fcm\u00fc\u015ft\u00fck. Taze, k\u0131rm\u0131z\u0131 idiniz. Aln\u0131n\u0131z terli idi. G\u00fcl\u00fcyordunuz. Alay ediyordunuz. Ko\u015fuyordunuz, yakalayam\u0131yordum. Allah esirgesin! Hasta olmay\u0131n!<\/p>\n<p>D\u00f6rt be\u015f saniye i\u00e7inde bunlar\u0131 d\u00fc\u015f\u00fcnd\u00fc\u011f\u00fcmden adam\u0131n selam\u0131na kar\u015f\u0131l\u0131k vermemi\u015ftim. D\u00f6rt be\u015f saniye bir gecikmeden sonra ben de g\u00fcld\u00fcm. Bunun \u00fczerine adam yerinden kalkt\u0131, yan\u0131ma geldi:<\/p>\n<p>&#8211; Bu caminin ismi ne?<\/p>\n<p>Bir t\u00fcrl\u00fc bulamad\u0131m caminin ismini, dersem, inan\u0131r m\u0131s\u0131n\u0131z? H\u00e2l\u00e2 sizinle beraberdim. Hay\u0131r, hasta fil\u00e2n de\u011fildiniz, \u00e7ok \u015f\u00fck\u00fcr! Beni g\u00f6rmemek i\u00e7in arka yollardan gidi\u015finizi g\u00f6r\u00fcr gibi oldum. \u0130\u00e7imi m\u00fctevekkil bir s\u0131k\u0131nt\u0131 sard\u0131. K\u0131zam\u0131yorum size&#8230; D\u00fcnyaya k\u0131z\u0131yorum. En iyi arkada\u015f\u0131ma k\u0131z\u0131yorum.<\/p>\n<p>-Yok a&#8230;- Bu may\u0131stan ba\u015fka her \u015feye benzeyen so\u011fuk bin dokuz y\u00fcz k\u0131rk alt\u0131 may\u0131s\u0131na k\u0131z\u0131yorum. Size k\u0131zam\u0131yorum. Arka sokaklardan beni g\u00f6rmemek i\u00e7in ka\u00e7t\u0131 ise, beni d\u00fc\u015f\u00fcnerek gitmi\u015ftir, diyorum. Hat\u0131rlad\u0131m caminin ismini:<\/p>\n<p>-Beyaz\u0131t camii, can\u0131m!<\/p>\n<p>Kad\u0131n da yerinden kalkt\u0131. Adam\u0131n m\u00fchim bir sual sordu\u011funu, cevab\u0131n\u0131n b\u00fct\u00fcn kar\u0131\u015f\u0131k meseleleri halledece\u011fini ba\u011f\u0131ran pek m\u00fctecessis bir y\u00fczle yan\u0131m\u0131za geldi. Yan\u0131na oturdu adam\u0131n. Bu sefer o sordu:<\/p>\n<p>&#8211; Ali Sofya hangisi?<\/p>\n<p>-\u015eu tarafta&#8230; Bir i\u015faretle sol taraf\u0131 g\u00f6sterdim. Anlayamad\u0131lar ne taraftad\u0131r Ali Sofya&#8230; Elimin g\u00f6sterdi\u011fi istikameti bir t\u00fcrl\u00fc kestiremediler. G\u00f6sterdi\u011fim yerde kocaman binalar, birbirini kesen, bi\u00e7en yollar, d\u00fckk\u00e2nlar vard\u0131. Oradan Ayasofya\u00b4y\u0131 nas\u0131l bulacaklar? Ama ne yaps\u0131nlar, \u00e7aresiz kabullendiler. Zahir oralardad\u0131r, diye ak\u0131llar\u0131ndan ge\u00e7mi\u015f gibi y\u00fcz\u00fcme bakt\u0131lar. Son bir defa daha:<\/p>\n<p>-Herhalde \u0131rakt\u0131r. dediler.<\/p>\n<p>-Yok, pek \u0131rak de\u011fil. dedim.<\/p>\n<p>Adam ellisini asm\u0131\u015ft\u0131. Toprak rengi y\u00fcz\u00fcnde al\u0131\u015f\u0131lmam\u0131\u015f \u00e7izgiler vard\u0131.<\/p>\n<p>-Bunu getirdim k\u00f6yden dedi.<\/p>\n<p>\u00c7ar\u015fafl\u0131 kad\u0131n\u0131 g\u00f6sterdi: S\u00fctla\u00e7 gibi buru\u015fuk, ufac\u0131k g\u00f6zleri ile yanaklar\u0131n\u0131n elmac\u0131k kemiklere rastlayan yerleri p\u0131r\u0131l p\u0131r\u0131l, di\u015fleri bembeyaz, y\u00fcz\u00fcne bak\u0131nca bir s\u00fct kokusu duyar gibi oldum. Bu y\u00fcz pembe mi pembe; i\u00e7inde ne g\u00fczel bir kan ak\u0131yordu kimbilir&#8230;<\/p>\n<p>-Hi\u00e7 \u0130stanbul g\u00f6rmedi bu. Bak\u0131yor, ho\u015flan\u0131yor da g\u00fcl\u00fcg\u00fcl\u00fcveriyor. Ho\u015flan\u0131yor pek. Biz L\u00fcleburgaz\u00b4l\u0131y\u0131z. Ben geldim birka\u00e7 defa \u0130stanbul\u00b4a. Bu gelmemi\u015fti. Camileri gezdiriyordum.<\/p>\n<p>&#8211; Taksim\u00b4e de bir gidin.<\/p>\n<p>&#8211; Gidece\u011fiz. Beyo\u011flu\u00b4nu da g\u00f6r\u00fcr\u00fcz ha? O da, Taksim\u00b4e ula\u015fmadan de\u011fil mi?<\/p>\n<p>&#8211; Evet.<\/p>\n<p>&#8211; Tramvayla m\u0131 gidelim?<\/p>\n<p>&#8211; Tramvayla gidin, ya!<\/p>\n<p>&#8211; Ama biz, T\u00fcnel\u00b4den ge\u00e7mek istiyoruz.<\/p>\n<p>&#8211; T\u00fcnel i\u015flemiyor, kapal\u0131.<\/p>\n<p>Yaa, T\u00fcnel kapal\u0131 demek&#8230; T\u00fcnel\u00b4in kapal\u0131 olmas\u0131na beraberce \u00fcz\u00fcl\u00fcyoruz. Kad\u0131n, elinde gazete k\u00e2\u011f\u0131d\u0131na sar\u0131lm\u0131\u015f bir \u015feyi bana g\u00f6steriyor:<\/p>\n<p>-Bak\u0131r ucuzlam\u0131\u015f, ucuza ald\u0131k.<\/p>\n<p>&#8211; Ka\u00e7a ald\u0131n\u0131z?<\/p>\n<p>&#8211; Kilosuna&#8230; ne verdikti?.. 450 kuru\u015ftan verdiler. Te, bak \u015funa, 310 kuru\u015f verdik. Pahal\u0131 de\u011fil, de\u011fil mi?<\/p>\n<p>-325 kuru\u015f verdik. 700 gram geldi.<\/p>\n<p>-Sen be\u015f lira verdin. Ne geri verdi sana bak\u0131rc\u0131?<\/p>\n<p>Hesap ettiler. \u00d6nce anla\u015famad\u0131lar. Sonra anla\u015ft\u0131lar. 310 kuru\u015fa alm\u0131\u015flard\u0131 tencereyi. Ben senin gelme ihtimalin olan yola g\u00f6zlerimi dikmi\u015ftim. Onlar, hesaplar\u0131n\u0131 yapm\u0131\u015f, havuzu seyrediyorlar. Ben ge\u00e7menizden \u00fcmidi kesmi\u015fim. Sizi nerede bulabilece\u011fimi: &#8220;Bana bak\u0131n! Beni dinleyin, nolur? B\u0131rak\u0131n da bir g\u00fcn samim\u00ee olay\u0131m. S\u00f6yleyeceklerimi s\u00f6yletmiyorsunuz. Dinleyeceklerimi dinletmiyorsunuz. B\u0131rak\u0131n anlatay\u0131m&#8230;&#8221;<\/p>\n<p>-Bu, dibinden mi kaynar?<\/p>\n<p>-Yok can\u0131m? Babac\u0131\u011f\u0131m, bu p\u0131nar m\u0131? Boruyla i\u00e7ine terkos gelir.<\/p>\n<p>Adam yan\u0131ndakine d\u00f6n\u00fcyor:<\/p>\n<p>-Borularla doldururlarm\u0131\u015f. Dibine boru d\u00f6\u015femi\u015fler, senin anlayaca\u011f\u0131n.<\/p>\n<p>Bana:<\/p>\n<p>-Pekii, hani bu, sular\u0131 f\u0131\u015fk\u0131rt\u0131rm\u0131\u015f?..<\/p>\n<p>-Bayramlarda, s\u0131cak havalarda&#8230; Hava so\u011fuk da ondan f\u0131\u015fk\u0131rtm\u0131yorlar.<\/p>\n<p>Adam, kad\u0131na:<\/p>\n<p>-Hava so\u011fuk so\u011fuk da ondan f\u0131\u015fk\u0131rtm\u0131yorlar, anlad\u0131n m\u0131? S\u0131cak havalarda f\u0131\u015fk\u0131rt\u0131rlar da insanlar\u0131 serinletir&#8230;<\/p>\n<p>Bana da d\u00f6n\u00fcyor:<\/p>\n<p>&#8211; Peki&#8230; -diyor-. Hani \u00fcst\u00fcne top korlar da sular lastik topu havaya f\u0131rlat\u0131r, oynat\u0131r durur; \u00f6yle de yaparlar m\u0131?<\/p>\n<p>Elli ya\u015f\u0131nda adam, ellisine yak\u0131n kad\u0131n.. f\u0131skiyeler, toplar&#8230; Onlar, benden de \u00e7ocuk. Seni g\u00f6rememenin s\u0131k\u0131nt\u0131s\u0131 da\u011f\u0131l\u0131yor, seviniyorum. Kad\u0131n e\u011filip beni dinliyor. Taksim\u00b4den, \u00f6teki camilerden, meydanlardan, Bo\u011fazi\u00e7i\u00b4nden, K\u0131zkulesi\u00b4nden s\u00f6z a\u00e7\u0131yoruz. Sonunda lak\u0131rd\u0131lar\u0131m\u0131z bitiyor. Konu\u015fmuyoruz bir zaman. Ben, size bir m\u0131sra bulup s\u00f6ylemek istiyorum. Ya\u011fmurlu havalardan, da\u011f yollar\u0131ndan, kat\u0131rlardan, \u00e7\u0131ng\u0131raklardan bahseder m\u0131sralar yok mu yery\u00fcz\u00fcnde?<\/p>\n<p>Bu s\u0131rada adam, kad\u0131n\u0131na K\u0131zkulesi\u00b4ni, Haydarpa\u015fa\u00b4y\u0131, Selimiye K\u0131\u015flas\u0131\u00b4n\u0131 anlat\u0131yor&#8230; Bir ara \u00fc\u00e7\u00fcm\u00fcz de susuyoruz. M\u00fchim \u015feyler d\u00fc\u015f\u00fcn\u00fcyor gibiyiz. Hele ben, neler d\u00fc\u015f\u00fcnm\u00fcyorum: Kap\u0131dan \u00e7\u0131k\u0131yorsunuz. Ko\u015fa ko\u015fa yan\u0131ma geliyorsunuz. Kolunuza bile giriyorum. Tam bu s\u0131rada adam:<\/p>\n<p>-K\u0131\u015f\u0131n donar m\u0131 bu su?<\/p>\n<p>Ne diyeyim ben \u015fimdi? \u00dcz\u00fcnt\u00fcm yine da\u011f\u0131l\u0131yor:<\/p>\n<p>-Donar -diyorum, donar da \u00e7ocuklar \u00fcst\u00fcnde kayarlar.<\/p>\n<p>Kad\u0131na d\u00f6n\u00fcyor adam:<\/p>\n<p>-Donarm\u0131\u015f; \u00e7ocuklar \u00fcst\u00fcnde kayarlarm\u0131\u015f -diyor. Ne dersin sevgilim, Beyaz\u0131t Havuzu k\u0131\u015f\u0131n donar m\u0131? Murtaza \u00e7avu\u015fla kar\u0131s\u0131 Hacer anaya ben, donar, dedim.<\/p>\n<p><em>Havuz Ba\u015f\u0131 | Sait Faik Abas\u0131yan\u0131k<\/em><\/p>\n","protected":false},"excerpt":{"rendered":"<p>Beyaz\u0131t havuzunun kenar\u0131ndaki kanepelerden birine oturmu\u015f, sizi bekliyorum. Ya\u015f\u0131n\u0131 alm\u0131\u015f bir adam\u0131n yirmi ya\u015f\u0131ndaki \u00e7ocuk kederlerini, sevin\u00e7lerini ya\u015fam\u0131\u015f ne demektir, diye d\u00fc\u015f\u00fcn\u00fcyorum: Belki bir, ge\u00e7 olma hadisesi. Belki de bir \u00e7e\u015fit hazlar\u0131, kederleri, \u00e7ocukluklar\u0131 uzatma temay\u00fcl\u00fc. Ama bu uzayan yaz, k\u0131\u015f\u0131n gelmeyece\u011fine al\u00e2met de\u011fil. K\u0131\u015f m\u00fcthi\u015f olacak, kar yollar\u0131 kapayacak, bembeyaz ovada \u00f6l\u00fcl\u00fck uzay\u0131p gidecek&#8230; [&hellip;]<\/p>\n","protected":false},"author":1,"featured_media":0,"comment_status":"open","ping_status":"open","sticky":false,"template":"","format":"standard","meta":{"footnotes":""},"categories":[114],"tags":[],"class_list":{"0":"post-6869","1":"post","2":"type-post","3":"status-publish","4":"format-standard","6":"category-turkiye-den-oykuler"},"yoast_head":"<!-- This site is optimized with the Yoast SEO Premium plugin v24.9 (Yoast SEO v24.9) - https:\/\/yoast.com\/wordpress\/plugins\/seo\/ -->\n<title>Kimseler a\u015f\u0131k de\u011fil mi bu \u015fehirde? | Sait Faik Abas\u0131yan\u0131k - narteks.net<\/title>\n<meta name=\"robots\" content=\"index, follow, max-snippet:-1, max-image-preview:large, max-video-preview:-1\" \/>\n<link rel=\"canonical\" href=\"https:\/\/narteks.net\/index.php\/2011\/11\/13\/kimseler-asik-degil-mi-bu-sehirde-sait-faik-abasiyanik\/\" \/>\n<meta property=\"og:locale\" content=\"tr_TR\" \/>\n<meta property=\"og:type\" content=\"article\" \/>\n<meta property=\"og:title\" content=\"Kimseler a\u015f\u0131k de\u011fil mi bu \u015fehirde? | Sait Faik Abas\u0131yan\u0131k\" \/>\n<meta property=\"og:description\" content=\"Beyaz\u0131t havuzunun kenar\u0131ndaki kanepelerden birine oturmu\u015f, sizi bekliyorum. Ya\u015f\u0131n\u0131 alm\u0131\u015f bir adam\u0131n yirmi ya\u015f\u0131ndaki \u00e7ocuk kederlerini, sevin\u00e7lerini ya\u015fam\u0131\u015f ne demektir, diye d\u00fc\u015f\u00fcn\u00fcyorum: Belki bir, ge\u00e7 olma hadisesi. Belki de bir \u00e7e\u015fit hazlar\u0131, kederleri, \u00e7ocukluklar\u0131 uzatma temay\u00fcl\u00fc. Ama bu uzayan yaz, k\u0131\u015f\u0131n gelmeyece\u011fine al\u00e2met de\u011fil. K\u0131\u015f m\u00fcthi\u015f olacak, kar yollar\u0131 kapayacak, bembeyaz ovada \u00f6l\u00fcl\u00fck uzay\u0131p gidecek&#8230; [&hellip;]\" \/>\n<meta property=\"og:url\" content=\"https:\/\/narteks.net\/index.php\/2011\/11\/13\/kimseler-asik-degil-mi-bu-sehirde-sait-faik-abasiyanik\/\" \/>\n<meta property=\"og:site_name\" content=\"narteks.net\" \/>\n<meta property=\"article:published_time\" content=\"2011-11-13T11:29:33+00:00\" \/>\n<meta property=\"og:image\" content=\"https:\/\/narteks.net\/wp-content\/uploads\/narteks.png\" \/>\n\t<meta property=\"og:image:width\" content=\"300\" \/>\n\t<meta property=\"og:image:height\" content=\"90\" \/>\n\t<meta property=\"og:image:type\" content=\"image\/png\" \/>\n<meta name=\"author\" content=\"Tar\u0131k\" \/>\n<meta name=\"twitter:card\" content=\"summary_large_image\" \/>\n<meta name=\"twitter:creator\" content=\"@narteks\" \/>\n<meta name=\"twitter:site\" content=\"@narteks\" \/>\n<meta name=\"twitter:label1\" content=\"Yazan:\" \/>\n\t<meta name=\"twitter:data1\" content=\"Tar\u0131k\" \/>\n\t<meta name=\"twitter:label2\" content=\"Tahmini okuma s\u00fcresi\" \/>\n\t<meta name=\"twitter:data2\" content=\"7 dakika\" \/>\n<script type=\"application\/ld+json\" class=\"yoast-schema-graph\">{\"@context\":\"https:\/\/schema.org\",\"@graph\":[{\"@type\":\"Article\",\"@id\":\"https:\/\/narteks.net\/index.php\/2011\/11\/13\/kimseler-asik-degil-mi-bu-sehirde-sait-faik-abasiyanik\/#article\",\"isPartOf\":{\"@id\":\"https:\/\/narteks.net\/index.php\/2011\/11\/13\/kimseler-asik-degil-mi-bu-sehirde-sait-faik-abasiyanik\/\"},\"author\":{\"name\":\"Tar\u0131k\",\"@id\":\"https:\/\/narteks.net\/#\/schema\/person\/61f37d9834294b72d31d274e7ed79bca\"},\"headline\":\"Kimseler a\u015f\u0131k de\u011fil mi bu \u015fehirde? | Sait Faik Abas\u0131yan\u0131k\",\"datePublished\":\"2011-11-13T11:29:33+00:00\",\"mainEntityOfPage\":{\"@id\":\"https:\/\/narteks.net\/index.php\/2011\/11\/13\/kimseler-asik-degil-mi-bu-sehirde-sait-faik-abasiyanik\/\"},\"wordCount\":1404,\"commentCount\":0,\"publisher\":{\"@id\":\"https:\/\/narteks.net\/#organization\"},\"articleSection\":[\"T\u00fcrkiye'den \u00d6yk\u00fcler\"],\"inLanguage\":\"tr\",\"potentialAction\":[{\"@type\":\"CommentAction\",\"name\":\"Comment\",\"target\":[\"https:\/\/narteks.net\/index.php\/2011\/11\/13\/kimseler-asik-degil-mi-bu-sehirde-sait-faik-abasiyanik\/#respond\"]}]},{\"@type\":\"WebPage\",\"@id\":\"https:\/\/narteks.net\/index.php\/2011\/11\/13\/kimseler-asik-degil-mi-bu-sehirde-sait-faik-abasiyanik\/\",\"url\":\"https:\/\/narteks.net\/index.php\/2011\/11\/13\/kimseler-asik-degil-mi-bu-sehirde-sait-faik-abasiyanik\/\",\"name\":\"Kimseler a\u015f\u0131k de\u011fil mi bu \u015fehirde? | Sait Faik Abas\u0131yan\u0131k - narteks.net\",\"isPartOf\":{\"@id\":\"https:\/\/narteks.net\/#website\"},\"datePublished\":\"2011-11-13T11:29:33+00:00\",\"breadcrumb\":{\"@id\":\"https:\/\/narteks.net\/index.php\/2011\/11\/13\/kimseler-asik-degil-mi-bu-sehirde-sait-faik-abasiyanik\/#breadcrumb\"},\"inLanguage\":\"tr\",\"potentialAction\":[{\"@type\":\"ReadAction\",\"target\":[\"https:\/\/narteks.net\/index.php\/2011\/11\/13\/kimseler-asik-degil-mi-bu-sehirde-sait-faik-abasiyanik\/\"]}]},{\"@type\":\"BreadcrumbList\",\"@id\":\"https:\/\/narteks.net\/index.php\/2011\/11\/13\/kimseler-asik-degil-mi-bu-sehirde-sait-faik-abasiyanik\/#breadcrumb\",\"itemListElement\":[{\"@type\":\"ListItem\",\"position\":1,\"name\":\"Anasayfa\",\"item\":\"https:\/\/narteks.net\/\"},{\"@type\":\"ListItem\",\"position\":2,\"name\":\"Kimseler a\u015f\u0131k de\u011fil mi bu \u015fehirde? | Sait Faik Abas\u0131yan\u0131k\"}]},{\"@type\":\"WebSite\",\"@id\":\"https:\/\/narteks.net\/#website\",\"url\":\"https:\/\/narteks.net\/\",\"name\":\"narteks.net\",\"description\":\"K\u00fclt\u00fcr Sanat Edebiyat Felsefe\",\"publisher\":{\"@id\":\"https:\/\/narteks.net\/#organization\"},\"alternateName\":\"K\u00fclt\u00fcr Sanat Edebiyat Felsefe\",\"potentialAction\":[{\"@type\":\"SearchAction\",\"target\":{\"@type\":\"EntryPoint\",\"urlTemplate\":\"https:\/\/narteks.net\/?s={search_term_string}\"},\"query-input\":{\"@type\":\"PropertyValueSpecification\",\"valueRequired\":true,\"valueName\":\"search_term_string\"}}],\"inLanguage\":\"tr\"},{\"@type\":\"Organization\",\"@id\":\"https:\/\/narteks.net\/#organization\",\"name\":\"narteks.net\",\"url\":\"https:\/\/narteks.net\/\",\"logo\":{\"@type\":\"ImageObject\",\"inLanguage\":\"tr\",\"@id\":\"https:\/\/narteks.net\/#\/schema\/logo\/image\/\",\"url\":\"https:\/\/narteks.net\/wp-content\/uploads\/narteks.png\",\"contentUrl\":\"https:\/\/narteks.net\/wp-content\/uploads\/narteks.png\",\"width\":300,\"height\":90,\"caption\":\"narteks.net\"},\"image\":{\"@id\":\"https:\/\/narteks.net\/#\/schema\/logo\/image\/\"},\"sameAs\":[\"https:\/\/x.com\/narteks\",\"https:\/\/instagram.com\/narteksnet\"]},{\"@type\":\"Person\",\"@id\":\"https:\/\/narteks.net\/#\/schema\/person\/61f37d9834294b72d31d274e7ed79bca\",\"name\":\"Tar\u0131k\",\"image\":{\"@type\":\"ImageObject\",\"inLanguage\":\"tr\",\"@id\":\"https:\/\/narteks.net\/#\/schema\/person\/image\/\",\"url\":\"https:\/\/secure.gravatar.com\/avatar\/50865afb55632c4ae467e0af0930f6510aa2297d8014be502a55b14f3b7550cf?s=96&d=mm&r=g\",\"contentUrl\":\"https:\/\/secure.gravatar.com\/avatar\/50865afb55632c4ae467e0af0930f6510aa2297d8014be502a55b14f3b7550cf?s=96&d=mm&r=g\",\"caption\":\"Tar\u0131k\"},\"sameAs\":[\"http:\/\/narteks.net\"],\"url\":\"https:\/\/narteks.net\/index.php\/author\/narbak\/\"}]}<\/script>\n<!-- \/ Yoast SEO Premium plugin. -->","yoast_head_json":{"title":"Kimseler a\u015f\u0131k de\u011fil mi bu \u015fehirde? | Sait Faik Abas\u0131yan\u0131k - narteks.net","robots":{"index":"index","follow":"follow","max-snippet":"max-snippet:-1","max-image-preview":"max-image-preview:large","max-video-preview":"max-video-preview:-1"},"canonical":"https:\/\/narteks.net\/index.php\/2011\/11\/13\/kimseler-asik-degil-mi-bu-sehirde-sait-faik-abasiyanik\/","og_locale":"tr_TR","og_type":"article","og_title":"Kimseler a\u015f\u0131k de\u011fil mi bu \u015fehirde? | Sait Faik Abas\u0131yan\u0131k","og_description":"Beyaz\u0131t havuzunun kenar\u0131ndaki kanepelerden birine oturmu\u015f, sizi bekliyorum. Ya\u015f\u0131n\u0131 alm\u0131\u015f bir adam\u0131n yirmi ya\u015f\u0131ndaki \u00e7ocuk kederlerini, sevin\u00e7lerini ya\u015fam\u0131\u015f ne demektir, diye d\u00fc\u015f\u00fcn\u00fcyorum: Belki bir, ge\u00e7 olma hadisesi. Belki de bir \u00e7e\u015fit hazlar\u0131, kederleri, \u00e7ocukluklar\u0131 uzatma temay\u00fcl\u00fc. Ama bu uzayan yaz, k\u0131\u015f\u0131n gelmeyece\u011fine al\u00e2met de\u011fil. K\u0131\u015f m\u00fcthi\u015f olacak, kar yollar\u0131 kapayacak, bembeyaz ovada \u00f6l\u00fcl\u00fck uzay\u0131p gidecek&#8230; [&hellip;]","og_url":"https:\/\/narteks.net\/index.php\/2011\/11\/13\/kimseler-asik-degil-mi-bu-sehirde-sait-faik-abasiyanik\/","og_site_name":"narteks.net","article_published_time":"2011-11-13T11:29:33+00:00","og_image":[{"width":300,"height":90,"url":"https:\/\/narteks.net\/wp-content\/uploads\/narteks.png","type":"image\/png"}],"author":"Tar\u0131k","twitter_card":"summary_large_image","twitter_creator":"@narteks","twitter_site":"@narteks","twitter_misc":{"Yazan:":"Tar\u0131k","Tahmini okuma s\u00fcresi":"7 dakika"},"schema":{"@context":"https:\/\/schema.org","@graph":[{"@type":"Article","@id":"https:\/\/narteks.net\/index.php\/2011\/11\/13\/kimseler-asik-degil-mi-bu-sehirde-sait-faik-abasiyanik\/#article","isPartOf":{"@id":"https:\/\/narteks.net\/index.php\/2011\/11\/13\/kimseler-asik-degil-mi-bu-sehirde-sait-faik-abasiyanik\/"},"author":{"name":"Tar\u0131k","@id":"https:\/\/narteks.net\/#\/schema\/person\/61f37d9834294b72d31d274e7ed79bca"},"headline":"Kimseler a\u015f\u0131k de\u011fil mi bu \u015fehirde? | Sait Faik Abas\u0131yan\u0131k","datePublished":"2011-11-13T11:29:33+00:00","mainEntityOfPage":{"@id":"https:\/\/narteks.net\/index.php\/2011\/11\/13\/kimseler-asik-degil-mi-bu-sehirde-sait-faik-abasiyanik\/"},"wordCount":1404,"commentCount":0,"publisher":{"@id":"https:\/\/narteks.net\/#organization"},"articleSection":["T\u00fcrkiye'den \u00d6yk\u00fcler"],"inLanguage":"tr","potentialAction":[{"@type":"CommentAction","name":"Comment","target":["https:\/\/narteks.net\/index.php\/2011\/11\/13\/kimseler-asik-degil-mi-bu-sehirde-sait-faik-abasiyanik\/#respond"]}]},{"@type":"WebPage","@id":"https:\/\/narteks.net\/index.php\/2011\/11\/13\/kimseler-asik-degil-mi-bu-sehirde-sait-faik-abasiyanik\/","url":"https:\/\/narteks.net\/index.php\/2011\/11\/13\/kimseler-asik-degil-mi-bu-sehirde-sait-faik-abasiyanik\/","name":"Kimseler a\u015f\u0131k de\u011fil mi bu \u015fehirde? | Sait Faik Abas\u0131yan\u0131k - narteks.net","isPartOf":{"@id":"https:\/\/narteks.net\/#website"},"datePublished":"2011-11-13T11:29:33+00:00","breadcrumb":{"@id":"https:\/\/narteks.net\/index.php\/2011\/11\/13\/kimseler-asik-degil-mi-bu-sehirde-sait-faik-abasiyanik\/#breadcrumb"},"inLanguage":"tr","potentialAction":[{"@type":"ReadAction","target":["https:\/\/narteks.net\/index.php\/2011\/11\/13\/kimseler-asik-degil-mi-bu-sehirde-sait-faik-abasiyanik\/"]}]},{"@type":"BreadcrumbList","@id":"https:\/\/narteks.net\/index.php\/2011\/11\/13\/kimseler-asik-degil-mi-bu-sehirde-sait-faik-abasiyanik\/#breadcrumb","itemListElement":[{"@type":"ListItem","position":1,"name":"Anasayfa","item":"https:\/\/narteks.net\/"},{"@type":"ListItem","position":2,"name":"Kimseler a\u015f\u0131k de\u011fil mi bu \u015fehirde? | Sait Faik Abas\u0131yan\u0131k"}]},{"@type":"WebSite","@id":"https:\/\/narteks.net\/#website","url":"https:\/\/narteks.net\/","name":"narteks.net","description":"K\u00fclt\u00fcr Sanat Edebiyat Felsefe","publisher":{"@id":"https:\/\/narteks.net\/#organization"},"alternateName":"K\u00fclt\u00fcr Sanat Edebiyat Felsefe","potentialAction":[{"@type":"SearchAction","target":{"@type":"EntryPoint","urlTemplate":"https:\/\/narteks.net\/?s={search_term_string}"},"query-input":{"@type":"PropertyValueSpecification","valueRequired":true,"valueName":"search_term_string"}}],"inLanguage":"tr"},{"@type":"Organization","@id":"https:\/\/narteks.net\/#organization","name":"narteks.net","url":"https:\/\/narteks.net\/","logo":{"@type":"ImageObject","inLanguage":"tr","@id":"https:\/\/narteks.net\/#\/schema\/logo\/image\/","url":"https:\/\/narteks.net\/wp-content\/uploads\/narteks.png","contentUrl":"https:\/\/narteks.net\/wp-content\/uploads\/narteks.png","width":300,"height":90,"caption":"narteks.net"},"image":{"@id":"https:\/\/narteks.net\/#\/schema\/logo\/image\/"},"sameAs":["https:\/\/x.com\/narteks","https:\/\/instagram.com\/narteksnet"]},{"@type":"Person","@id":"https:\/\/narteks.net\/#\/schema\/person\/61f37d9834294b72d31d274e7ed79bca","name":"Tar\u0131k","image":{"@type":"ImageObject","inLanguage":"tr","@id":"https:\/\/narteks.net\/#\/schema\/person\/image\/","url":"https:\/\/secure.gravatar.com\/avatar\/50865afb55632c4ae467e0af0930f6510aa2297d8014be502a55b14f3b7550cf?s=96&d=mm&r=g","contentUrl":"https:\/\/secure.gravatar.com\/avatar\/50865afb55632c4ae467e0af0930f6510aa2297d8014be502a55b14f3b7550cf?s=96&d=mm&r=g","caption":"Tar\u0131k"},"sameAs":["http:\/\/narteks.net"],"url":"https:\/\/narteks.net\/index.php\/author\/narbak\/"}]}},"_links":{"self":[{"href":"https:\/\/narteks.net\/index.php\/wp-json\/wp\/v2\/posts\/6869","targetHints":{"allow":["GET"]}}],"collection":[{"href":"https:\/\/narteks.net\/index.php\/wp-json\/wp\/v2\/posts"}],"about":[{"href":"https:\/\/narteks.net\/index.php\/wp-json\/wp\/v2\/types\/post"}],"author":[{"embeddable":true,"href":"https:\/\/narteks.net\/index.php\/wp-json\/wp\/v2\/users\/1"}],"replies":[{"embeddable":true,"href":"https:\/\/narteks.net\/index.php\/wp-json\/wp\/v2\/comments?post=6869"}],"version-history":[{"count":0,"href":"https:\/\/narteks.net\/index.php\/wp-json\/wp\/v2\/posts\/6869\/revisions"}],"wp:attachment":[{"href":"https:\/\/narteks.net\/index.php\/wp-json\/wp\/v2\/media?parent=6869"}],"wp:term":[{"taxonomy":"category","embeddable":true,"href":"https:\/\/narteks.net\/index.php\/wp-json\/wp\/v2\/categories?post=6869"},{"taxonomy":"post_tag","embeddable":true,"href":"https:\/\/narteks.net\/index.php\/wp-json\/wp\/v2\/tags?post=6869"}],"curies":[{"name":"wp","href":"https:\/\/api.w.org\/{rel}","templated":true}]}}