{"id":6870,"date":"2011-11-17T21:57:55","date_gmt":"2011-11-17T18:57:55","guid":{"rendered":"http:\/\/localhost\/wordpress\/2011\/11\/17\/nafanail-hazirol-vaziyetine-gecti-uzerindeki-resmi-okul-ceketinin-tum-dugmelerini-ilikledi-anton-cehov\/"},"modified":"2011-11-17T21:57:55","modified_gmt":"2011-11-17T18:57:55","slug":"nafanail-hazirol-vaziyetine-gecti-uzerindeki-resmi-okul-ceketinin-tum-dugmelerini-ilikledi-anton-cehov","status":"publish","type":"post","link":"https:\/\/narteks.net\/index.php\/2011\/11\/17\/nafanail-hazirol-vaziyetine-gecti-uzerindeki-resmi-okul-ceketinin-tum-dugmelerini-ilikledi-anton-cehov\/","title":{"rendered":"Nafanail haz\u0131rol vaziyetine ge\u00e7ti. \u00dczerindeki resmi okul ceketinin t\u00fcm d\u00fc\u011fmelerini ilikledi | Anton \u00c7ehov"},"content":{"rendered":"<p style=\"text-align: justify;\"><img loading=\"lazy\" decoding=\"async\" src=\"http:\/\/galeri.uludagsozluk.com\/30\/anton-pavlovi%C3%A7-%C3%A7ehov_36017.jpg\" border=\"0\" width=\"155\" height=\"205\" style=\"float: left;\" \/>Nikolayevski Demiryolu Gar\u0131&#8217;nda iki dost kar\u015f\u0131la\u015ft\u0131lar. Birisi \u015fi\u015fman, \u00f6teki zay\u0131ft\u0131. \u015ei\u015fman az \u00f6nce gar lokantas\u0131nda \u00f6\u011fle yeme\u011fini yemi\u015fti. Ya\u011fl\u0131 dudaklar\u0131 olgun vi\u015fneler gibi par\u0131ld\u0131yordu. \u015earap ve turun\u00e7 \u00e7i\u00e7e\u011fi kokuyordu.<\/p>\n<p>Zay\u0131f ise az \u00f6nce vagondan inmi\u015fti. Eli kolu bavullar, boh\u00e7alar, karton kutularla doluydu. Kurutulmu\u015f domuz eti ve kahve telvesi kokusu yay\u0131yordu etrafa. Onun hemen gerisinde uzun \u00e7eneli zay\u0131f bir kad\u0131n ile uzun boylu s\u00fczg\u00fcn g\u00f6zl\u00fc liseli bir gen\u00e7 y\u00fcr\u00fcyorlard\u0131. Kar\u0131s\u0131 ve o\u011fluydu bunlar.<br \/>\u015ei\u015fman zay\u0131f\u0131 g\u00f6r\u00fcnce:<\/p>\n<p>&#8221; Porflriy! &#8221; diye ba\u011f\u0131rd\u0131. &#8221; Sensin de\u011fil mi? G\u00f6z\u00fcm\u00fcn nuru! G\u00f6r\u00fc\u015fmeyeli ka\u00e7 y\u0131l oldu! &#8220;<\/p>\n<p>Zay\u0131f, \u015fa\u015fk\u0131n halde:<\/p>\n<p>&#8221; Aman yarabbim! Mi\u015fa! \u00c7ocukluk arkada\u015f\u0131m! Nereden \u00e7\u0131kt\u0131n sen? &#8220;<\/p>\n<p>\u0130ki dost \u00fc\u00e7 kez kucakla\u015f\u0131p, ya\u015f dolu g\u00f6zlerle uzun uzun bak\u0131\u015ft\u0131lar. Her ikisi de tatl\u0131 bir kendinden ge\u00e7mi\u015flik i\u00e7indeydi.<\/p>\n<p>S\u00f6ze zay\u0131f ba\u015flad\u0131:<\/p>\n<p>&#8221; Sevgili dostum! Hi\u00e7 ummuyordum! Ne s\u00fcrpriz! Hele dur sana \u015f\u00f6yle g\u00fczelce bir bakay\u0131m! T\u0131pk\u0131 eskisi gibi yine \u00f6yle yak\u0131\u015f\u0131kl\u0131! Yine \u00f6yle sevimli, \u00f6yle \u015f\u0131k! Ah, Tanr\u0131m! Ee, nas\u0131ls\u0131n? Zengin mi oldun? Evlendin mi? G\u00f6rd\u00fc\u011f\u00fcn gibi ben evliyim. \u0130\u015fte kar\u0131m, Luiza. K\u0131zl\u0131k soyad\u0131 Vantzenbah&#8217;d\u0131r&#8230; l\u00fcteryendir&#8230; Bu ise o\u011flum, Nafanail, \u00fc\u00e7\u00fcnc\u00fc s\u0131n\u0131f \u00f6\u011frencisi.<\/p>\n<p>Nafanail, bu benim \u00e7ocukluk arkada\u015f\u0131m! Lisede beraber okumu\u015ftuk! &#8220;<br \/>Nafanail bir an d\u00fc\u015f\u00fcnd\u00fc, sonra \u015fapkas\u0131n\u0131 \u00e7\u0131kard\u0131.<\/p>\n<p>Zay\u0131f:<\/p>\n<p>&#8221; Lisede beraber okumu\u015ftuk! &#8221; diye devam etti. &#8220;<\/p>\n<p style=\"text-align: justify;\">Hat\u0131rl\u0131yor musun, sana nas\u0131l sata\u015f\u0131yorlard\u0131? Okula ait resmi defteri sigarayla yakt\u0131\u011f\u0131n i\u00e7in sana Herostrat (1) diye tak\u0131l\u0131yorlard\u0131.<br \/>Jurnalcili\u011fi sevdi\u011fim i\u00e7in bana da Ephialt (2) ad\u0131n\u0131 takm\u0131\u015flard\u0131. Ha, ha, ha!..<\/p>\n<p style=\"text-align: justify;\">\u00c7ocuktuk! Korkma, Nafanail! Yakla\u015fsana ona&#8230; Bu ise kar\u0131m k\u0131zl\u0131k soyad\u0131 Vantzenbah&#8230; l\u00fcteryen. &#8220;<\/p>\n<p style=\"text-align: justify;\">Nafanail bir an d\u00fc\u015f\u00fcnd\u00fc, sonra babas\u0131n\u0131n arkas\u0131na sakland\u0131.<\/p>\n<p style=\"text-align: justify;\">\u015ei\u015fman, arkada\u015f\u0131n\u0131n y\u00fcz\u00fcne co\u015fkuyla bakarak:<\/p>\n<p>&#8221; Ee, nas\u0131l ya\u015f\u0131yorsun, dostum? Nerede \u00e7al\u0131\u015f\u0131yorsun?<\/p>\n<p style=\"text-align: justify;\">R\u00fctben ne? &#8220;<\/p>\n<p style=\"text-align: justify;\">&#8221; Memurum, azizim! \u0130ki y\u0131ldan beri 8. dereceden memurum ve Stanislav ni\u015fan\u0131m var. Maa\u015f k\u00f6t\u00fc&#8230;<\/p>\n<p style=\"text-align: justify;\">Yerin dibine bats\u0131n maa\u015f, ald\u0131rma! Kar\u0131m m\u00fczik dersleri veriyor, ben de kendime \u00f6zg\u00fc tarzda a\u011fa\u00e7tan sigara tabakalar\u0131 yap\u0131yorum. Harika kutular! Tanesini bir rubleye sat\u0131yorum. On tane veya daha fazla alana indirim yap\u0131yorum, anl\u0131yorsun ya. \u015e\u00f6yle b\u00f6yle ge\u00e7inip gidiyoruz.<\/p>\n<p style=\"text-align: justify;\">&#8220;Bakanl\u0131kta \u00e7al\u0131\u015f\u0131yordum, \u015fimdi buraya ayn\u0131 bakanl\u0131kta k\u0131s\u0131m \u015fefi olarak atand\u0131m&#8230; Art\u0131k burada \u00e7al\u0131\u015faca\u011f\u0131m.&#8221;<\/p>\n<p style=\"text-align: justify;\">&#8220;Peki, ya sen nas\u0131ls\u0131n? Herhalde art\u0131k sivil filan olmu\u015fsundur, ha? &#8220;<\/p>\n<p style=\"text-align: justify;\">\u015ei\u015fman:<\/p>\n<p style=\"text-align: justify;\">&#8221; Hay\u0131r, azizim, daha \u00e7ok, &#8221; dedi. &#8221; Gizli m\u00fc\u015favirli\u011fe kadar y\u00fckseldim&#8230; \u0130ki y\u0131ld\u0131z\u0131m var. &#8220;<\/p>\n<p>Zay\u0131f ans\u0131z\u0131n sarard\u0131, ta\u015f kesildi. Pe\u015finden, y\u00fcz\u00fc yayg\u0131n bir g\u00fcl\u00fcmseyi\u015fle t\u00fcm y\u00f6nlere do\u011fru e\u011fik bir hal ald\u0131. Adeta y\u00fcz\u00fcnden ve g\u00f6zlerinden etrafa k\u0131v\u0131lc\u0131mlar sa\u00e7\u0131l\u0131yordu. B\u00fcz\u00fcld\u00fc, ufald\u0131, kamburla\u015ft\u0131&#8230;<\/p>\n<p>Bavullar\u0131, boh\u00e7alar\u0131, kutular\u0131 da b\u00fcz\u00fcl\u00fcp k\u0131r\u0131\u015ft\u0131 sanki&#8230; Kar\u0131s\u0131n\u0131n uzun \u00e7enesi daha bir uzad\u0131.<\/p>\n<p style=\"text-align: justify;\">Nafanail haz\u0131rol vaziyetine ge\u00e7ti. \u00dczerindeki resmi okul ceketinin t\u00fcm d\u00fc\u011fmelerini ilikledi.<\/p>\n<p style=\"text-align: justify;\">&#8221; Bendeniz, zat\u0131alileri&#8230; \u00c7ok memnun oldum? \u00c7ocukluk arkada\u015f\u0131m, b\u00f6yle diyebilirim, birdenbire ricale y\u00fckselmi\u015f! Hi-hi-hi! &#8220;<\/p>\n<p style=\"text-align: justify;\">\u015ei\u015fman y\u00fcz\u00fcn\u00fc ek\u015fiterek:<\/p>\n<p style=\"text-align: justify;\">&#8221; Haydi can\u0131m! Bu tav\u0131rlar da ne oluyor? Seninle \u00e7ocukluk arkada\u015f\u0131y\u0131z, \u015fimdi burada \u00fcste sayg\u0131n\u0131n ne gere\u011fi var? &#8220;<\/p>\n<p style=\"text-align: justify;\">Zay\u0131f daha da b\u00fcz\u00fclerek k\u0131s k\u0131s g\u00fcld\u00fc:<\/p>\n<p style=\"text-align: justify;\">&#8221; Aman efendimiz&#8230; Siz ki&#8230; Zat-\u0131 \u00e2lilerinin lut\u00fcfkar dikkatleri&#8230; Adeta hayat veren su gibi&#8230; \u0130\u015fte zat-\u0131 \u00e2lileri, bu o\u011flum Nafanail&#8230; Kar\u0131m Luiza, l\u00fcteryen, bir \u00e7e\u015fit&#8230; &#8220;<\/p>\n<p>\u015ei\u015fman bir \u015feyler s\u00f6yleyerek kar\u015f\u0131 \u00e7\u0131kmak istedi fakat zay\u0131f\u0131n y\u00fcz\u00fcnde \u00f6yle yo\u011fun bir kulluk ifadesi, \u00f6yle bir tatl\u0131l\u0131k ve a\u015f\u0131r\u0131 sayg\u0131n\u0131n verdi\u011fi \u00f6yle ek\u015filik vard\u0131 ki, m\u00fcste\u015far\u0131n midesi kalkt\u0131. Ba\u015f\u0131n\u0131 zay\u0131ftan \u00f6te yana \u00e7evirdi ve allaha\u0131smarlad\u0131k demek i\u00e7in elini uzatt\u0131.<\/p>\n<p>Zay\u0131f uzat\u0131lan elin yaln\u0131zca \u00fc\u00e7 parma\u011f\u0131n\u0131 s\u0131kt\u0131, t\u00fcm g\u00f6vdesiyle yere e\u011fildi ve bir \u00c7inli gibi &#8221; hi-hi-hi &#8221; diye k\u0131s k\u0131s g\u00fcld\u00fc. Kar\u0131s\u0131 g\u00fcl\u00fcmsedi. Nafanail topuklar\u0131n\u0131 birbirine vurdu, bu arada kasketini d\u00fc\u015f\u00fcrd\u00fc. Her \u00fc\u00e7\u00fc de tatl\u0131 bir kendinden ge\u00e7mi\u015flik i\u00e7indeydi.<\/p>\n<p><em>\u015ei\u015fman ile Zay\u0131f | Anton \u00c7ehov <\/em><br \/><strong><\/strong><\/p>\n<p style=\"text-align: justify;\"><strong>Notlar:<\/strong><\/p>\n<p style=\"text-align: justify;\">(1) S\u0131rf \u00fcnl\u00fc olabilmek i\u00e7in Artemis tap\u0131na\u011f\u0131n\u0131 yakan Yunanl\u0131 deli. M.\u00d6 356 . <br \/>(2) Perslere da\u011flardaki gizli ge\u00e7idi g\u00f6sterip halk\u0131na ihanet eden delikanl\u0131.<\/p>\n","protected":false},"excerpt":{"rendered":"<p>Nikolayevski Demiryolu Gar\u0131&#8217;nda iki dost kar\u015f\u0131la\u015ft\u0131lar. Birisi \u015fi\u015fman, \u00f6teki zay\u0131ft\u0131. \u015ei\u015fman az \u00f6nce gar lokantas\u0131nda \u00f6\u011fle yeme\u011fini yemi\u015fti. Ya\u011fl\u0131 dudaklar\u0131 olgun vi\u015fneler gibi par\u0131ld\u0131yordu. \u015earap ve turun\u00e7 \u00e7i\u00e7e\u011fi kokuyordu. Zay\u0131f ise az \u00f6nce vagondan inmi\u015fti. Eli kolu bavullar, boh\u00e7alar, karton kutularla doluydu. Kurutulmu\u015f domuz eti ve kahve telvesi kokusu yay\u0131yordu etrafa. Onun hemen gerisinde uzun [&hellip;]<\/p>\n","protected":false},"author":1,"featured_media":0,"comment_status":"open","ping_status":"open","sticky":false,"template":"","format":"standard","meta":{"footnotes":""},"categories":[115],"tags":[],"class_list":{"0":"post-6870","1":"post","2":"type-post","3":"status-publish","4":"format-standard","6":"category-ceviri-oykuler"},"yoast_head":"<!-- This site is optimized with the Yoast SEO Premium plugin v24.9 (Yoast SEO v24.9) - https:\/\/yoast.com\/wordpress\/plugins\/seo\/ -->\n<title>Nafanail haz\u0131rol vaziyetine ge\u00e7ti. \u00dczerindeki resmi okul ceketinin t\u00fcm d\u00fc\u011fmelerini ilikledi | Anton \u00c7ehov - narteks.net<\/title>\n<meta name=\"robots\" content=\"index, follow, max-snippet:-1, max-image-preview:large, max-video-preview:-1\" \/>\n<link rel=\"canonical\" href=\"https:\/\/narteks.net\/index.php\/2011\/11\/17\/nafanail-hazirol-vaziyetine-gecti-uzerindeki-resmi-okul-ceketinin-tum-dugmelerini-ilikledi-anton-cehov\/\" \/>\n<meta property=\"og:locale\" content=\"tr_TR\" \/>\n<meta property=\"og:type\" content=\"article\" \/>\n<meta property=\"og:title\" content=\"Nafanail haz\u0131rol vaziyetine ge\u00e7ti. \u00dczerindeki resmi okul ceketinin t\u00fcm d\u00fc\u011fmelerini ilikledi | Anton \u00c7ehov\" \/>\n<meta property=\"og:description\" content=\"Nikolayevski Demiryolu Gar\u0131&#8217;nda iki dost kar\u015f\u0131la\u015ft\u0131lar. Birisi \u015fi\u015fman, \u00f6teki zay\u0131ft\u0131. \u015ei\u015fman az \u00f6nce gar lokantas\u0131nda \u00f6\u011fle yeme\u011fini yemi\u015fti. Ya\u011fl\u0131 dudaklar\u0131 olgun vi\u015fneler gibi par\u0131ld\u0131yordu. \u015earap ve turun\u00e7 \u00e7i\u00e7e\u011fi kokuyordu. Zay\u0131f ise az \u00f6nce vagondan inmi\u015fti. Eli kolu bavullar, boh\u00e7alar, karton kutularla doluydu. Kurutulmu\u015f domuz eti ve kahve telvesi kokusu yay\u0131yordu etrafa. Onun hemen gerisinde uzun [&hellip;]\" \/>\n<meta property=\"og:url\" content=\"https:\/\/narteks.net\/index.php\/2011\/11\/17\/nafanail-hazirol-vaziyetine-gecti-uzerindeki-resmi-okul-ceketinin-tum-dugmelerini-ilikledi-anton-cehov\/\" \/>\n<meta property=\"og:site_name\" content=\"narteks.net\" \/>\n<meta property=\"article:published_time\" content=\"2011-11-17T18:57:55+00:00\" \/>\n<meta property=\"og:image\" content=\"http:\/\/galeri.uludagsozluk.com\/30\/anton-pavlovi%C3%A7-%C3%A7ehov_36017.jpg\" \/>\n<meta name=\"author\" content=\"Tar\u0131k\" \/>\n<meta name=\"twitter:card\" content=\"summary_large_image\" \/>\n<meta name=\"twitter:creator\" content=\"@narteks\" \/>\n<meta name=\"twitter:site\" content=\"@narteks\" \/>\n<meta name=\"twitter:label1\" content=\"Yazan:\" \/>\n\t<meta name=\"twitter:data1\" content=\"Tar\u0131k\" \/>\n\t<meta name=\"twitter:label2\" content=\"Tahmini okuma s\u00fcresi\" \/>\n\t<meta name=\"twitter:data2\" content=\"4 dakika\" \/>\n<script type=\"application\/ld+json\" class=\"yoast-schema-graph\">{\"@context\":\"https:\/\/schema.org\",\"@graph\":[{\"@type\":\"Article\",\"@id\":\"https:\/\/narteks.net\/index.php\/2011\/11\/17\/nafanail-hazirol-vaziyetine-gecti-uzerindeki-resmi-okul-ceketinin-tum-dugmelerini-ilikledi-anton-cehov\/#article\",\"isPartOf\":{\"@id\":\"https:\/\/narteks.net\/index.php\/2011\/11\/17\/nafanail-hazirol-vaziyetine-gecti-uzerindeki-resmi-okul-ceketinin-tum-dugmelerini-ilikledi-anton-cehov\/\"},\"author\":{\"name\":\"Tar\u0131k\",\"@id\":\"https:\/\/narteks.net\/#\/schema\/person\/61f37d9834294b72d31d274e7ed79bca\"},\"headline\":\"Nafanail haz\u0131rol vaziyetine ge\u00e7ti. \u00dczerindeki resmi okul ceketinin t\u00fcm d\u00fc\u011fmelerini ilikledi | Anton \u00c7ehov\",\"datePublished\":\"2011-11-17T18:57:55+00:00\",\"mainEntityOfPage\":{\"@id\":\"https:\/\/narteks.net\/index.php\/2011\/11\/17\/nafanail-hazirol-vaziyetine-gecti-uzerindeki-resmi-okul-ceketinin-tum-dugmelerini-ilikledi-anton-cehov\/\"},\"wordCount\":836,\"commentCount\":0,\"publisher\":{\"@id\":\"https:\/\/narteks.net\/#organization\"},\"image\":{\"@id\":\"https:\/\/narteks.net\/index.php\/2011\/11\/17\/nafanail-hazirol-vaziyetine-gecti-uzerindeki-resmi-okul-ceketinin-tum-dugmelerini-ilikledi-anton-cehov\/#primaryimage\"},\"thumbnailUrl\":\"http:\/\/galeri.uludagsozluk.com\/30\/anton-pavlovi%C3%A7-%C3%A7ehov_36017.jpg\",\"articleSection\":[\"\u00c7eviri \u00d6yk\u00fcler\"],\"inLanguage\":\"tr\",\"potentialAction\":[{\"@type\":\"CommentAction\",\"name\":\"Comment\",\"target\":[\"https:\/\/narteks.net\/index.php\/2011\/11\/17\/nafanail-hazirol-vaziyetine-gecti-uzerindeki-resmi-okul-ceketinin-tum-dugmelerini-ilikledi-anton-cehov\/#respond\"]}]},{\"@type\":\"WebPage\",\"@id\":\"https:\/\/narteks.net\/index.php\/2011\/11\/17\/nafanail-hazirol-vaziyetine-gecti-uzerindeki-resmi-okul-ceketinin-tum-dugmelerini-ilikledi-anton-cehov\/\",\"url\":\"https:\/\/narteks.net\/index.php\/2011\/11\/17\/nafanail-hazirol-vaziyetine-gecti-uzerindeki-resmi-okul-ceketinin-tum-dugmelerini-ilikledi-anton-cehov\/\",\"name\":\"Nafanail haz\u0131rol vaziyetine ge\u00e7ti. \u00dczerindeki resmi okul ceketinin t\u00fcm d\u00fc\u011fmelerini ilikledi | Anton \u00c7ehov - narteks.net\",\"isPartOf\":{\"@id\":\"https:\/\/narteks.net\/#website\"},\"primaryImageOfPage\":{\"@id\":\"https:\/\/narteks.net\/index.php\/2011\/11\/17\/nafanail-hazirol-vaziyetine-gecti-uzerindeki-resmi-okul-ceketinin-tum-dugmelerini-ilikledi-anton-cehov\/#primaryimage\"},\"image\":{\"@id\":\"https:\/\/narteks.net\/index.php\/2011\/11\/17\/nafanail-hazirol-vaziyetine-gecti-uzerindeki-resmi-okul-ceketinin-tum-dugmelerini-ilikledi-anton-cehov\/#primaryimage\"},\"thumbnailUrl\":\"http:\/\/galeri.uludagsozluk.com\/30\/anton-pavlovi%C3%A7-%C3%A7ehov_36017.jpg\",\"datePublished\":\"2011-11-17T18:57:55+00:00\",\"breadcrumb\":{\"@id\":\"https:\/\/narteks.net\/index.php\/2011\/11\/17\/nafanail-hazirol-vaziyetine-gecti-uzerindeki-resmi-okul-ceketinin-tum-dugmelerini-ilikledi-anton-cehov\/#breadcrumb\"},\"inLanguage\":\"tr\",\"potentialAction\":[{\"@type\":\"ReadAction\",\"target\":[\"https:\/\/narteks.net\/index.php\/2011\/11\/17\/nafanail-hazirol-vaziyetine-gecti-uzerindeki-resmi-okul-ceketinin-tum-dugmelerini-ilikledi-anton-cehov\/\"]}]},{\"@type\":\"ImageObject\",\"inLanguage\":\"tr\",\"@id\":\"https:\/\/narteks.net\/index.php\/2011\/11\/17\/nafanail-hazirol-vaziyetine-gecti-uzerindeki-resmi-okul-ceketinin-tum-dugmelerini-ilikledi-anton-cehov\/#primaryimage\",\"url\":\"http:\/\/galeri.uludagsozluk.com\/30\/anton-pavlovi%C3%A7-%C3%A7ehov_36017.jpg\",\"contentUrl\":\"http:\/\/galeri.uludagsozluk.com\/30\/anton-pavlovi%C3%A7-%C3%A7ehov_36017.jpg\"},{\"@type\":\"BreadcrumbList\",\"@id\":\"https:\/\/narteks.net\/index.php\/2011\/11\/17\/nafanail-hazirol-vaziyetine-gecti-uzerindeki-resmi-okul-ceketinin-tum-dugmelerini-ilikledi-anton-cehov\/#breadcrumb\",\"itemListElement\":[{\"@type\":\"ListItem\",\"position\":1,\"name\":\"Anasayfa\",\"item\":\"https:\/\/narteks.net\/\"},{\"@type\":\"ListItem\",\"position\":2,\"name\":\"Nafanail haz\u0131rol vaziyetine ge\u00e7ti. \u00dczerindeki resmi okul ceketinin t\u00fcm d\u00fc\u011fmelerini ilikledi | Anton \u00c7ehov\"}]},{\"@type\":\"WebSite\",\"@id\":\"https:\/\/narteks.net\/#website\",\"url\":\"https:\/\/narteks.net\/\",\"name\":\"narteks.net\",\"description\":\"K\u00fclt\u00fcr Sanat Edebiyat Felsefe\",\"publisher\":{\"@id\":\"https:\/\/narteks.net\/#organization\"},\"alternateName\":\"K\u00fclt\u00fcr Sanat Edebiyat Felsefe\",\"potentialAction\":[{\"@type\":\"SearchAction\",\"target\":{\"@type\":\"EntryPoint\",\"urlTemplate\":\"https:\/\/narteks.net\/?s={search_term_string}\"},\"query-input\":{\"@type\":\"PropertyValueSpecification\",\"valueRequired\":true,\"valueName\":\"search_term_string\"}}],\"inLanguage\":\"tr\"},{\"@type\":\"Organization\",\"@id\":\"https:\/\/narteks.net\/#organization\",\"name\":\"narteks.net\",\"url\":\"https:\/\/narteks.net\/\",\"logo\":{\"@type\":\"ImageObject\",\"inLanguage\":\"tr\",\"@id\":\"https:\/\/narteks.net\/#\/schema\/logo\/image\/\",\"url\":\"https:\/\/narteks.net\/wp-content\/uploads\/narteks.png\",\"contentUrl\":\"https:\/\/narteks.net\/wp-content\/uploads\/narteks.png\",\"width\":300,\"height\":90,\"caption\":\"narteks.net\"},\"image\":{\"@id\":\"https:\/\/narteks.net\/#\/schema\/logo\/image\/\"},\"sameAs\":[\"https:\/\/x.com\/narteks\",\"https:\/\/instagram.com\/narteksnet\"]},{\"@type\":\"Person\",\"@id\":\"https:\/\/narteks.net\/#\/schema\/person\/61f37d9834294b72d31d274e7ed79bca\",\"name\":\"Tar\u0131k\",\"image\":{\"@type\":\"ImageObject\",\"inLanguage\":\"tr\",\"@id\":\"https:\/\/narteks.net\/#\/schema\/person\/image\/\",\"url\":\"https:\/\/secure.gravatar.com\/avatar\/50865afb55632c4ae467e0af0930f6510aa2297d8014be502a55b14f3b7550cf?s=96&d=mm&r=g\",\"contentUrl\":\"https:\/\/secure.gravatar.com\/avatar\/50865afb55632c4ae467e0af0930f6510aa2297d8014be502a55b14f3b7550cf?s=96&d=mm&r=g\",\"caption\":\"Tar\u0131k\"},\"sameAs\":[\"http:\/\/narteks.net\"],\"url\":\"https:\/\/narteks.net\/index.php\/author\/narbak\/\"}]}<\/script>\n<!-- \/ Yoast SEO Premium plugin. -->","yoast_head_json":{"title":"Nafanail haz\u0131rol vaziyetine ge\u00e7ti. \u00dczerindeki resmi okul ceketinin t\u00fcm d\u00fc\u011fmelerini ilikledi | Anton \u00c7ehov - narteks.net","robots":{"index":"index","follow":"follow","max-snippet":"max-snippet:-1","max-image-preview":"max-image-preview:large","max-video-preview":"max-video-preview:-1"},"canonical":"https:\/\/narteks.net\/index.php\/2011\/11\/17\/nafanail-hazirol-vaziyetine-gecti-uzerindeki-resmi-okul-ceketinin-tum-dugmelerini-ilikledi-anton-cehov\/","og_locale":"tr_TR","og_type":"article","og_title":"Nafanail haz\u0131rol vaziyetine ge\u00e7ti. \u00dczerindeki resmi okul ceketinin t\u00fcm d\u00fc\u011fmelerini ilikledi | Anton \u00c7ehov","og_description":"Nikolayevski Demiryolu Gar\u0131&#8217;nda iki dost kar\u015f\u0131la\u015ft\u0131lar. Birisi \u015fi\u015fman, \u00f6teki zay\u0131ft\u0131. \u015ei\u015fman az \u00f6nce gar lokantas\u0131nda \u00f6\u011fle yeme\u011fini yemi\u015fti. Ya\u011fl\u0131 dudaklar\u0131 olgun vi\u015fneler gibi par\u0131ld\u0131yordu. \u015earap ve turun\u00e7 \u00e7i\u00e7e\u011fi kokuyordu. Zay\u0131f ise az \u00f6nce vagondan inmi\u015fti. Eli kolu bavullar, boh\u00e7alar, karton kutularla doluydu. Kurutulmu\u015f domuz eti ve kahve telvesi kokusu yay\u0131yordu etrafa. Onun hemen gerisinde uzun [&hellip;]","og_url":"https:\/\/narteks.net\/index.php\/2011\/11\/17\/nafanail-hazirol-vaziyetine-gecti-uzerindeki-resmi-okul-ceketinin-tum-dugmelerini-ilikledi-anton-cehov\/","og_site_name":"narteks.net","article_published_time":"2011-11-17T18:57:55+00:00","og_image":[{"url":"http:\/\/galeri.uludagsozluk.com\/30\/anton-pavlovi%C3%A7-%C3%A7ehov_36017.jpg","type":"","width":"","height":""}],"author":"Tar\u0131k","twitter_card":"summary_large_image","twitter_creator":"@narteks","twitter_site":"@narteks","twitter_misc":{"Yazan:":"Tar\u0131k","Tahmini okuma s\u00fcresi":"4 dakika"},"schema":{"@context":"https:\/\/schema.org","@graph":[{"@type":"Article","@id":"https:\/\/narteks.net\/index.php\/2011\/11\/17\/nafanail-hazirol-vaziyetine-gecti-uzerindeki-resmi-okul-ceketinin-tum-dugmelerini-ilikledi-anton-cehov\/#article","isPartOf":{"@id":"https:\/\/narteks.net\/index.php\/2011\/11\/17\/nafanail-hazirol-vaziyetine-gecti-uzerindeki-resmi-okul-ceketinin-tum-dugmelerini-ilikledi-anton-cehov\/"},"author":{"name":"Tar\u0131k","@id":"https:\/\/narteks.net\/#\/schema\/person\/61f37d9834294b72d31d274e7ed79bca"},"headline":"Nafanail haz\u0131rol vaziyetine ge\u00e7ti. \u00dczerindeki resmi okul ceketinin t\u00fcm d\u00fc\u011fmelerini ilikledi | Anton \u00c7ehov","datePublished":"2011-11-17T18:57:55+00:00","mainEntityOfPage":{"@id":"https:\/\/narteks.net\/index.php\/2011\/11\/17\/nafanail-hazirol-vaziyetine-gecti-uzerindeki-resmi-okul-ceketinin-tum-dugmelerini-ilikledi-anton-cehov\/"},"wordCount":836,"commentCount":0,"publisher":{"@id":"https:\/\/narteks.net\/#organization"},"image":{"@id":"https:\/\/narteks.net\/index.php\/2011\/11\/17\/nafanail-hazirol-vaziyetine-gecti-uzerindeki-resmi-okul-ceketinin-tum-dugmelerini-ilikledi-anton-cehov\/#primaryimage"},"thumbnailUrl":"http:\/\/galeri.uludagsozluk.com\/30\/anton-pavlovi%C3%A7-%C3%A7ehov_36017.jpg","articleSection":["\u00c7eviri \u00d6yk\u00fcler"],"inLanguage":"tr","potentialAction":[{"@type":"CommentAction","name":"Comment","target":["https:\/\/narteks.net\/index.php\/2011\/11\/17\/nafanail-hazirol-vaziyetine-gecti-uzerindeki-resmi-okul-ceketinin-tum-dugmelerini-ilikledi-anton-cehov\/#respond"]}]},{"@type":"WebPage","@id":"https:\/\/narteks.net\/index.php\/2011\/11\/17\/nafanail-hazirol-vaziyetine-gecti-uzerindeki-resmi-okul-ceketinin-tum-dugmelerini-ilikledi-anton-cehov\/","url":"https:\/\/narteks.net\/index.php\/2011\/11\/17\/nafanail-hazirol-vaziyetine-gecti-uzerindeki-resmi-okul-ceketinin-tum-dugmelerini-ilikledi-anton-cehov\/","name":"Nafanail haz\u0131rol vaziyetine ge\u00e7ti. \u00dczerindeki resmi okul ceketinin t\u00fcm d\u00fc\u011fmelerini ilikledi | Anton \u00c7ehov - narteks.net","isPartOf":{"@id":"https:\/\/narteks.net\/#website"},"primaryImageOfPage":{"@id":"https:\/\/narteks.net\/index.php\/2011\/11\/17\/nafanail-hazirol-vaziyetine-gecti-uzerindeki-resmi-okul-ceketinin-tum-dugmelerini-ilikledi-anton-cehov\/#primaryimage"},"image":{"@id":"https:\/\/narteks.net\/index.php\/2011\/11\/17\/nafanail-hazirol-vaziyetine-gecti-uzerindeki-resmi-okul-ceketinin-tum-dugmelerini-ilikledi-anton-cehov\/#primaryimage"},"thumbnailUrl":"http:\/\/galeri.uludagsozluk.com\/30\/anton-pavlovi%C3%A7-%C3%A7ehov_36017.jpg","datePublished":"2011-11-17T18:57:55+00:00","breadcrumb":{"@id":"https:\/\/narteks.net\/index.php\/2011\/11\/17\/nafanail-hazirol-vaziyetine-gecti-uzerindeki-resmi-okul-ceketinin-tum-dugmelerini-ilikledi-anton-cehov\/#breadcrumb"},"inLanguage":"tr","potentialAction":[{"@type":"ReadAction","target":["https:\/\/narteks.net\/index.php\/2011\/11\/17\/nafanail-hazirol-vaziyetine-gecti-uzerindeki-resmi-okul-ceketinin-tum-dugmelerini-ilikledi-anton-cehov\/"]}]},{"@type":"ImageObject","inLanguage":"tr","@id":"https:\/\/narteks.net\/index.php\/2011\/11\/17\/nafanail-hazirol-vaziyetine-gecti-uzerindeki-resmi-okul-ceketinin-tum-dugmelerini-ilikledi-anton-cehov\/#primaryimage","url":"http:\/\/galeri.uludagsozluk.com\/30\/anton-pavlovi%C3%A7-%C3%A7ehov_36017.jpg","contentUrl":"http:\/\/galeri.uludagsozluk.com\/30\/anton-pavlovi%C3%A7-%C3%A7ehov_36017.jpg"},{"@type":"BreadcrumbList","@id":"https:\/\/narteks.net\/index.php\/2011\/11\/17\/nafanail-hazirol-vaziyetine-gecti-uzerindeki-resmi-okul-ceketinin-tum-dugmelerini-ilikledi-anton-cehov\/#breadcrumb","itemListElement":[{"@type":"ListItem","position":1,"name":"Anasayfa","item":"https:\/\/narteks.net\/"},{"@type":"ListItem","position":2,"name":"Nafanail haz\u0131rol vaziyetine ge\u00e7ti. \u00dczerindeki resmi okul ceketinin t\u00fcm d\u00fc\u011fmelerini ilikledi | Anton \u00c7ehov"}]},{"@type":"WebSite","@id":"https:\/\/narteks.net\/#website","url":"https:\/\/narteks.net\/","name":"narteks.net","description":"K\u00fclt\u00fcr Sanat Edebiyat Felsefe","publisher":{"@id":"https:\/\/narteks.net\/#organization"},"alternateName":"K\u00fclt\u00fcr Sanat Edebiyat Felsefe","potentialAction":[{"@type":"SearchAction","target":{"@type":"EntryPoint","urlTemplate":"https:\/\/narteks.net\/?s={search_term_string}"},"query-input":{"@type":"PropertyValueSpecification","valueRequired":true,"valueName":"search_term_string"}}],"inLanguage":"tr"},{"@type":"Organization","@id":"https:\/\/narteks.net\/#organization","name":"narteks.net","url":"https:\/\/narteks.net\/","logo":{"@type":"ImageObject","inLanguage":"tr","@id":"https:\/\/narteks.net\/#\/schema\/logo\/image\/","url":"https:\/\/narteks.net\/wp-content\/uploads\/narteks.png","contentUrl":"https:\/\/narteks.net\/wp-content\/uploads\/narteks.png","width":300,"height":90,"caption":"narteks.net"},"image":{"@id":"https:\/\/narteks.net\/#\/schema\/logo\/image\/"},"sameAs":["https:\/\/x.com\/narteks","https:\/\/instagram.com\/narteksnet"]},{"@type":"Person","@id":"https:\/\/narteks.net\/#\/schema\/person\/61f37d9834294b72d31d274e7ed79bca","name":"Tar\u0131k","image":{"@type":"ImageObject","inLanguage":"tr","@id":"https:\/\/narteks.net\/#\/schema\/person\/image\/","url":"https:\/\/secure.gravatar.com\/avatar\/50865afb55632c4ae467e0af0930f6510aa2297d8014be502a55b14f3b7550cf?s=96&d=mm&r=g","contentUrl":"https:\/\/secure.gravatar.com\/avatar\/50865afb55632c4ae467e0af0930f6510aa2297d8014be502a55b14f3b7550cf?s=96&d=mm&r=g","caption":"Tar\u0131k"},"sameAs":["http:\/\/narteks.net"],"url":"https:\/\/narteks.net\/index.php\/author\/narbak\/"}]}},"_links":{"self":[{"href":"https:\/\/narteks.net\/index.php\/wp-json\/wp\/v2\/posts\/6870","targetHints":{"allow":["GET"]}}],"collection":[{"href":"https:\/\/narteks.net\/index.php\/wp-json\/wp\/v2\/posts"}],"about":[{"href":"https:\/\/narteks.net\/index.php\/wp-json\/wp\/v2\/types\/post"}],"author":[{"embeddable":true,"href":"https:\/\/narteks.net\/index.php\/wp-json\/wp\/v2\/users\/1"}],"replies":[{"embeddable":true,"href":"https:\/\/narteks.net\/index.php\/wp-json\/wp\/v2\/comments?post=6870"}],"version-history":[{"count":0,"href":"https:\/\/narteks.net\/index.php\/wp-json\/wp\/v2\/posts\/6870\/revisions"}],"wp:attachment":[{"href":"https:\/\/narteks.net\/index.php\/wp-json\/wp\/v2\/media?parent=6870"}],"wp:term":[{"taxonomy":"category","embeddable":true,"href":"https:\/\/narteks.net\/index.php\/wp-json\/wp\/v2\/categories?post=6870"},{"taxonomy":"post_tag","embeddable":true,"href":"https:\/\/narteks.net\/index.php\/wp-json\/wp\/v2\/tags?post=6870"}],"curies":[{"name":"wp","href":"https:\/\/api.w.org\/{rel}","templated":true}]}}