{"id":6875,"date":"2012-01-02T16:08:31","date_gmt":"2012-01-02T13:08:31","guid":{"rendered":"http:\/\/localhost\/wordpress\/2012\/01\/02\/ama-bir-gun-gelecek-baska-bir-volkanin-gumburdeyen-sesi-yukseltecek-rosa-luxemburg\/"},"modified":"2012-01-02T16:08:31","modified_gmt":"2012-01-02T13:08:31","slug":"ama-bir-gun-gelecek-baska-bir-volkanin-gumburdeyen-sesi-yukseltecek-rosa-luxemburg","status":"publish","type":"post","link":"https:\/\/narteks.net\/index.php\/2012\/01\/02\/ama-bir-gun-gelecek-baska-bir-volkanin-gumburdeyen-sesi-yukseltecek-rosa-luxemburg\/","title":{"rendered":"Ama bir g\u00fcn gelecek ba\u015fka bir volkan\u0131n g\u00fcmb\u00fcrdeyen sesi y\u00fckseltecek | Rosa Luxemburg"},"content":{"rendered":"<p style=\"text-align: justify;\"><img loading=\"lazy\" decoding=\"async\" src=\"images\/stories\/RosaLuxemburg.JPG\" border=\"0\" width=\"155\" height=\"205\" style=\"border: 0px none; float: left;\" \/>\u00dczerinde duman t\u00fcten y\u0131k\u0131nt\u0131 da\u011flar\u0131, par\u00e7alanm\u0131\u015f ceset y\u0131\u011f\u0131nlar\u0131, bakt\u0131\u011f\u0131n\u0131z her yerde buhar ve duman t\u00fcten bir ate\u015f denizi, \u00e7amur ve k\u00fcller; \u00e7\u0131rp\u0131nan bir k\u0131rlang\u0131\u00e7 gibi volkan\u0131n kayal\u0131k yamac\u0131na konmu\u015f k\u0131p\u0131r k\u0131p\u0131r k\u00fc\u00e7\u00fck \u015fehirden t\u00fcm kalanlar i\u015fte bunlar. \u00d6fkeli dev, bu insan c\u00fcretine, iki bacakl\u0131 c\u00fccelerin k\u00f6r kendini be\u011fenmi\u015fli\u011fine kar\u015f\u0131 bir s\u00fcredir g\u00fcrleyip k\u00f6p\u00fcr\u00fcyordu. Gazab\u0131nda bile iyi y\u00fcrekli, vefal\u0131 olan bu dev, ayaklar\u0131na \u00e7\u0131km\u0131\u015f s\u00fcr\u00fcnen bu f\u00fctursuz yarat\u0131klar\u0131 uyar\u0131yordu. Dumanlar \u00e7\u0131kar\u0131yor, ate\u015ften bulutlar kusuyordu, ba\u011fr\u0131nda fokurtular, kaynamalar ve t\u00fcfek mermileri ve top g\u00fcmb\u00fcrt\u00fcs\u00fc gibi patlamalar oluyordu. Fakat insan\u0131n kaderine h\u00fckmeden yery\u00fcz\u00fcn\u00fcn efendileri, kendi bilgeliklerine sars\u0131lmaz bir inan\u00e7 duyuyorlard\u0131.<\/p>\n<p>H\u00fck\u00fcmet taraf\u0131ndan g\u00f6nderilen komisyon, ay\u0131n 7\u2019sinde St. Pierre\u2019in endi\u015feli halk\u0131na g\u00f6ky\u00fcz\u00fc ve yery\u00fcz\u00fcnde her \u015feyin yolunda oldu\u011funu duyurdu. Her \u015fey yolunda, endi\u015feye mahal yok! T\u0131pk\u0131, devrimci volkan\u0131n kraterinde ate\u015ften lav korkun\u00e7 patlama i\u00e7in toplan\u0131rken, XVI. Louis\u2019nin dans sarho\u015fu salonlar\u0131ndaki Tenis Kortu Yemininin arifesinde s\u00f6yledikleri gibi. Her \u015fey yolunda, her yerde huzur ve s\u00fck\u00fbnet!\u00a0 T\u0131pk\u0131 50 y\u0131l \u00f6nceki Mart patlamas\u0131n\u0131n arifesinde, Viyana ve Berlin\u2019de s\u00f6yledikleri gibi. Martinik\u2019in ya\u015fl\u0131, cefake\u015f devi, sayg\u0131de\u011fer komisyonun raporlar\u0131na ald\u0131r\u0131\u015f etmedi: 7\u2019sinde halk\u0131n i\u00e7i vali taraf\u0131ndan rahatlat\u0131ld\u0131ktan sonra, 8\u2019i sabah\u0131 erken saatlerde patlad\u0131 ve birka\u00e7 dakika i\u00e7inde valiyi, komisyonu, halk\u0131, evleri, sokaklar\u0131 ve gemileri, \u00f6fkeli kalbinin ate\u015ften solu\u011fu alt\u0131na g\u00f6md\u00fc.<\/p>\n<p>Eser tamd\u0131. 40 bin can yok oldu, bir avu\u00e7 titrek m\u00fclteci kurtuldu. Ya\u015fl\u0131 dev huzur i\u00e7inde g\u00fcrleyip kabarabilir, zira art\u0131k kudretini g\u00f6stermi\u015ftir, g\u00fcc\u00fcn\u00fcn ba\u015flang\u0131\u00e7ta hi\u00e7e say\u0131lmas\u0131n\u0131n \u00f6c\u00fcn\u00fc korkun\u00e7 bir \u015fekilde alm\u0131\u015ft\u0131r.<\/p>\n<p>Ve \u015fimdi, Martinik\u2019de yok olmu\u015f kentin kal\u0131nt\u0131lar\u0131na, bilinmeyen, daha \u00f6nce hi\u00e7 g\u00f6r\u00fclmemi\u015f, yeni bir konuk geliyor: insan. Efendiler ve k\u00f6leler de\u011fil, Siyahlar ve beyazlar de\u011fil, zengin ve yoksul de\u011fil, \u00e7iftlik sahipleri ve \u00fccretli k\u00f6leler de\u011fil: yerle bir olmu\u015f k\u00fc\u00e7\u00fck adada insanlar ortaya \u00e7\u0131kt\u0131, yaln\u0131zca ac\u0131y\u0131 hisseden ve fel\u00e2keti g\u00f6ren, yaln\u0131zca yard\u0131m etmek ve imdada yeti\u015fmek isteyen insanlar. Ya\u015fl\u0131 Pelee Da\u011f\u0131 bir mucize yaratm\u0131\u015ft\u0131! Fashoda g\u00fcnleri unutulmu\u015f, K\u00fcba anla\u015fmazl\u0131\u011f\u0131 unutulmu\u015f, \u201cla Revanche\u201d unutulmu\u015ftu; Frans\u0131zlar ve \u0130ngilizler, \u00e7ar ve Washington Senatosu, Almanya ve Hollanda para yard\u0131m\u0131nda bulunuyor, telgraflar g\u00f6nderiyor, yard\u0131m eli uzat\u0131yorlar. Do\u011fan\u0131n yak\u0131c\u0131 nefretine kar\u015f\u0131 halklar\u0131n karde\u015fli\u011fi, insan uygarl\u0131\u011f\u0131n\u0131n y\u0131k\u0131nt\u0131lar\u0131 \u00fczerinde h\u00fcmanizmin yeniden dirili\u015fi. \u0130nsanl\u0131klar\u0131n\u0131 hat\u0131rlamalar\u0131n\u0131n bedeli y\u00fcksekti, fakat g\u00fcrleyen Pelee Da\u011f\u0131\u2019n\u0131n sesi onlar\u0131 kulak vermeye zorlad\u0131.<\/p>\n<p>Fransa k\u00fc\u00e7\u00fck adadaki 40 bin ceset i\u00e7in g\u00f6zya\u015f\u0131 d\u00f6k\u00fcyor ve t\u00fcm d\u00fcnya Ana Cumhuriyetin g\u00f6zya\u015flar\u0131n\u0131 silmek i\u00e7in tel\u00e2\u015f ediyor. Ama o halde Fransa nas\u0131l olup da y\u00fczy\u0131llar \u00f6nce K\u00fc\u00e7\u00fck ve B\u00fcy\u00fck Antiller i\u00e7in sel gibi kan d\u00f6km\u00fc\u015ft\u00fc? Afrika\u2019n\u0131n do\u011fu k\u0131y\u0131s\u0131 a\u00e7\u0131klar\u0131ndaki denizde volkanik bir ada uzan\u0131r: Madagaskar. Bug\u00fcn kaybetti\u011fi \u00e7ocuklar\u0131 i\u00e7in g\u00f6zya\u015f\u0131 d\u00f6ken ac\u0131l\u0131 Cumhuriyetin, 50 y\u0131l \u00f6nce orada direngen yerli halka zincirlerle ve k\u0131l\u0131\u00e7la nas\u0131l boyun e\u011fdirdi\u011fini g\u00f6rd\u00fck. Orada volkan patlamas\u0131 olmam\u0131\u015ft\u0131: Frans\u0131z toplar\u0131n\u0131n a\u011fz\u0131 \u00f6l\u00fcm ve y\u0131k\u0131m kusuyordu; Frans\u0131z top\u00e7u birliklerinin a\u00e7t\u0131\u011f\u0131 ate\u015f, \u00f6zg\u00fcr bir halk yere serilip, \u201cvah\u015fi adamlar\u201d\u0131n esmer krali\u00e7esi ganimet olarak \u201cI\u015f\u0131k \u015eehri\u201dne g\u00f6t\u00fcr\u00fclene kadar, binlerce gencecik insan\u0131n ya\u015fam\u0131n\u0131 yery\u00fcz\u00fcnden sildi.<\/p>\n<p>Okyanus dalgalar\u0131yla y\u0131kanan Asya k\u0131y\u0131lar\u0131nda, g\u00fcl\u00fcmseyen Filipinler uzan\u0131r. Alt\u0131 y\u0131l \u00f6nce iyiliksever Yankileri g\u00f6rd\u00fck, Washington Senatosu orada i\u015fba\u015f\u0131ndayd\u0131. Orada y\u0131\u011f\u0131nlarca insan\u0131 yok eden, ate\u015f kusan da\u011flar de\u011fil Amerikan t\u00fcfekleriydi; bug\u00fcn y\u0131k\u0131nt\u0131lar\u0131n aras\u0131ndan tatl\u0131 dille hayat \u00e7\u0131karmak i\u00e7in Martinique\u2019e birbiri ard\u0131na binlerce alt\u0131n dolar g\u00f6nderen \u015feker karteli Senato, \u00f6l\u00fcm ve y\u0131k\u0131m sa\u00e7mak i\u00e7in K\u00fcba\u2019ya birbiri ard\u0131na toplar, sava\u015f gemileri, milyonlarca alt\u0131n dolar g\u00f6nderiyordu.<\/p>\n<p>D\u00fcn, bug\u00fcn ; Martinique\u2019de \u00e7ocuklar\u0131n annelerini, ana-babalar\u0131n \u00e7ocuklar\u0131n\u0131 kurtaran ayn\u0131 \u0130ngilizlerin, sadece birka\u00e7 y\u0131l \u00f6nce, kendi eme\u011fiyle ge\u00e7inen bar\u0131\u015f ve s\u00fckunet i\u00e7indeki k\u00fc\u00e7\u00fck bir halk\u0131n ya\u015fad\u0131\u011f\u0131 g\u00fcney Afrika a\u00e7\u0131klar\u0131nda nas\u0131l b\u00fcy\u00fck bir fel\u00e2ket yaratt\u0131klar\u0131n\u0131 g\u00f6rd\u00fck: orada, \u00f6nlerinde ve arkalar\u0131nda uzanan kan, \u00f6l\u00fcm ve \u0131st\u0131rap g\u00f6l\u00fc i\u00e7inde y\u00fcr\u00fcyen vah\u015fi askerlerin, postallarla insan v\u00fccutlar\u0131 ve \u00e7ocuk cesetleri \u00fczerinde tepindiklerini g\u00f6rd\u00fck.<\/p>\n<p>Ah, bir de Ruslar var, kurtar\u0131c\u0131, yard\u0131msever, a\u011flayan T\u00fcm Ruslar\u0131n \u00c7ar\u0131 \u2013 eski bir tan\u0131d\u0131k! Sizi \u0131l\u0131k Polonyal\u0131 kan\u0131n\u0131n dereler halinde akt\u0131\u011f\u0131 ve g\u00f6zy\u00fcz\u00fcn\u00fcn kan buhar\u0131ndan k\u0131z\u0131la d\u00f6n\u00fc\u015ft\u00fc\u011f\u00fc Praga mahallelerinde g\u00f6rm\u00fc\u015ft\u00fck. Ama bunlar eski g\u00fcnlerdi. Hay\u0131r! \u015eimdi, sadece birka\u00e7 hafta \u00f6nce siz hay\u0131rsever Ruslar\u0131 tozlu yollar\u0131n\u0131zda, harabeye d\u00f6nm\u00fc\u015f Rus k\u00f6ylerinde, pejm\u00fcrde k\u0131l\u0131kl\u0131, \u00e7\u0131lg\u0131nca tahrik olmu\u015f, homurdanan kalabal\u0131kla g\u00f6z g\u00f6zeyken g\u00f6rd\u00fck; top ate\u015fi ortal\u0131\u011f\u0131 sars\u0131yor, g\u00fc\u00e7l\u00fckle nefes alan mujikler yere d\u00fc\u015f\u00fcyor, k\u0131z\u0131l k\u00f6yl\u00fc kan\u0131 yolun tozuna kar\u0131\u015f\u0131yordu. Onlar \u00f6lmeliydiler, onlar d\u00fc\u015fmeliydiler, \u00e7\u00fcnk\u00fc v\u00fccutlar\u0131 a\u00e7l\u0131ktan iki b\u00fckl\u00fcm olmu\u015ftu, \u00e7\u00fcnk\u00fc ekmek, ekmek diye ba\u011f\u0131r\u0131yorlard\u0131!<\/p>\n<p>Ve sizi de g\u00f6rm\u00fc\u015ft\u00fck Ana Cumhuriyet, siz g\u00f6zya\u015f\u0131 dam\u0131t\u0131c\u0131s\u0131n\u0131. 23 May\u0131s 1871\u2019di: parlak bahar g\u00fcne\u015fi Paris \u00fczerinde \u0131\u015f\u0131ld\u0131yordu; i\u015f elbiseleri i\u00e7indeki benzi solmu\u015f binlerce insan, caddelerde, hapishane avlular\u0131nda, beden bedene, ba\u015f ba\u015fa istiflenmi\u015fti; mitraly\u00f6zler kana susam\u0131\u015f a\u011f\u0131zlar\u0131n\u0131 duvarlardaki mazgallardan i\u00e7eri sokmu\u015flard\u0131. Hi\u00e7bir volkan patlamad\u0131, hi\u00e7bir lav seli akmad\u0131. Sizin toplar\u0131n\u0131z, Ana Cumhuriyet, s\u0131ms\u0131k\u0131 istiflenmi\u015f kalabal\u0131\u011fa d\u00f6nd\u00fcr\u00fclm\u00fc\u015ft\u00fc, ac\u0131 \u00e7\u0131\u011fl\u0131klar havay\u0131 yar\u0131yordu; 20 binden fazla ceset Paris kald\u0131r\u0131mlar\u0131n\u0131 kaplam\u0131\u015ft\u0131!<\/p>\n<p>Ve hepiniz \u2013ister Frans\u0131z ister \u0130ngiliz, ister Rus ister Alman, ister Amerikan ister \u0130talyan\u2013 sizleri daha \u00f6nce, karde\u015f\u00e7e uyum i\u00e7inde, b\u00fcy\u00fck bir uluslar toplulu\u011funda birle\u015fmi\u015f halde, birbirinize yard\u0131m edip ve yol g\u00f6sterirken g\u00f6rd\u00fck: \u00c7in\u2019de. Orada da kendi aran\u0131zdaki t\u00fcm kavgalar\u0131 unutmu\u015ftunuz, orada da bir halklar bar\u0131\u015f\u0131 yapm\u0131\u015ft\u0131n\u0131z; kar\u015f\u0131l\u0131kl\u0131 cinayet ve kundaklamalar i\u00e7in. Sa\u00e7 \u00f6rg\u00fcleri nas\u0131l da, sa\u011fana\u011f\u0131n d\u00f6vd\u00fc\u011f\u00fc olgunla\u015fm\u0131\u015f hububat tarlas\u0131 gibi, mermilerinizden \u00f6nce s\u0131ralar halinde d\u00fc\u015ft\u00fcler! Feryat eden kad\u0131nlar nas\u0131l da, arzulu sar\u0131l\u0131\u015flar\u0131n\u0131z\u0131n i\u015fkencelerinden ka\u00e7arken, so\u011fuk kollar\u0131nda \u00f6l\u00fcleriyle suya g\u00f6m\u00fcld\u00fcler!<\/p>\n<p>Ve bunlar\u0131n hepsi \u015fimdi Martinik\u2019e el atm\u0131\u015f durumdalar, yine tek y\u00fcrek ve tek beyinler; yard\u0131m ediyorlar, kurtar\u0131yorlar, g\u00f6zya\u015flar\u0131n\u0131 siliyorlar ve fel\u00e2ket getiren volkan\u0131 lanetliyorlar. Pelee Da\u011f\u0131, y\u00fcce g\u00f6n\u00fcll\u00fc dev, g\u00fclebilirsin; bu hay\u0131rsever katillere, g\u00f6zya\u015f\u0131 d\u00f6ken bu etoburlara, Samiriyeli k\u0131l\u0131\u011f\u0131ndaki bu hayvanlara i\u011frenerek bakabilirsin. Ama bir g\u00fcn gelecek ba\u015fka bir volkan\u0131n g\u00fcmb\u00fcrdeyen sesi y\u00fckseltecek: fokurdayan ve kaynayan bir volkan, isteseniz de istemeseniz de, yery\u00fcz\u00fcnden t\u00fcm sahte sofuluk taslayan, kan lekeli k\u00fclt\u00fcr\u00fc s\u00fcp\u00fcr\u00fcp atacak. Ve ancak onun kal\u0131nt\u0131lar\u0131 \u00fczerinde uluslar ger\u00e7ek insanl\u0131k halinde bir araya gelecekler ve onun da k\u00f6r, \u00f6l\u00fc do\u011fadan ba\u015fka \u00f6l\u00fcmc\u00fcl bir d\u00fc\u015fman\u0131 olmayacak.<\/p>\n<p>Martinik | Rosa Luxemburg<\/p>\n<p> <em>Bu makale, 1902 May\u0131s\u0131nda St. Pierre\u2019de (Frans\u0131z s\u00f6m\u00fcrgesi olan Martinik adas\u0131nda bir \u015fehir) meydana gelen volkanik patlaman\u0131n ard\u0131ndan kaleme al\u0131nm\u0131\u015ft\u0131r. Martinik, Venezuela\u2019n\u0131n kuzey a\u00e7\u0131klar\u0131ndaki K\u00fc\u00e7\u00fck Antil adalardan biridir.<\/em><\/p>\n","protected":false},"excerpt":{"rendered":"<p>\u00dczerinde duman t\u00fcten y\u0131k\u0131nt\u0131 da\u011flar\u0131, par\u00e7alanm\u0131\u015f ceset y\u0131\u011f\u0131nlar\u0131, bakt\u0131\u011f\u0131n\u0131z her yerde buhar ve duman t\u00fcten bir ate\u015f denizi, \u00e7amur ve k\u00fcller; \u00e7\u0131rp\u0131nan bir k\u0131rlang\u0131\u00e7 gibi volkan\u0131n kayal\u0131k yamac\u0131na konmu\u015f k\u0131p\u0131r k\u0131p\u0131r k\u00fc\u00e7\u00fck \u015fehirden t\u00fcm kalanlar i\u015fte bunlar. \u00d6fkeli dev, bu insan c\u00fcretine, iki bacakl\u0131 c\u00fccelerin k\u00f6r kendini be\u011fenmi\u015fli\u011fine kar\u015f\u0131 bir s\u00fcredir g\u00fcrleyip k\u00f6p\u00fcr\u00fcyordu. Gazab\u0131nda bile [&hellip;]<\/p>\n","protected":false},"author":1,"featured_media":0,"comment_status":"open","ping_status":"open","sticky":false,"template":"","format":"standard","meta":{"footnotes":""},"categories":[156],"tags":[],"class_list":{"0":"post-6875","1":"post","2":"type-post","3":"status-publish","4":"format-standard","6":"category-genel-tarih"},"yoast_head":"<!-- This site is optimized with the Yoast SEO Premium plugin v24.9 (Yoast SEO v24.9) - https:\/\/yoast.com\/wordpress\/plugins\/seo\/ -->\n<title>Ama bir g\u00fcn gelecek ba\u015fka bir volkan\u0131n g\u00fcmb\u00fcrdeyen sesi y\u00fckseltecek | Rosa Luxemburg - narteks.net<\/title>\n<meta name=\"robots\" content=\"index, follow, max-snippet:-1, max-image-preview:large, max-video-preview:-1\" \/>\n<link rel=\"canonical\" href=\"https:\/\/narteks.net\/index.php\/2012\/01\/02\/ama-bir-gun-gelecek-baska-bir-volkanin-gumburdeyen-sesi-yukseltecek-rosa-luxemburg\/\" \/>\n<meta property=\"og:locale\" content=\"tr_TR\" \/>\n<meta property=\"og:type\" content=\"article\" \/>\n<meta property=\"og:title\" content=\"Ama bir g\u00fcn gelecek ba\u015fka bir volkan\u0131n g\u00fcmb\u00fcrdeyen sesi y\u00fckseltecek | Rosa Luxemburg\" \/>\n<meta property=\"og:description\" content=\"\u00dczerinde duman t\u00fcten y\u0131k\u0131nt\u0131 da\u011flar\u0131, par\u00e7alanm\u0131\u015f ceset y\u0131\u011f\u0131nlar\u0131, bakt\u0131\u011f\u0131n\u0131z her yerde buhar ve duman t\u00fcten bir ate\u015f denizi, \u00e7amur ve k\u00fcller; \u00e7\u0131rp\u0131nan bir k\u0131rlang\u0131\u00e7 gibi volkan\u0131n kayal\u0131k yamac\u0131na konmu\u015f k\u0131p\u0131r k\u0131p\u0131r k\u00fc\u00e7\u00fck \u015fehirden t\u00fcm kalanlar i\u015fte bunlar. \u00d6fkeli dev, bu insan c\u00fcretine, iki bacakl\u0131 c\u00fccelerin k\u00f6r kendini be\u011fenmi\u015fli\u011fine kar\u015f\u0131 bir s\u00fcredir g\u00fcrleyip k\u00f6p\u00fcr\u00fcyordu. Gazab\u0131nda bile [&hellip;]\" \/>\n<meta property=\"og:url\" content=\"https:\/\/narteks.net\/index.php\/2012\/01\/02\/ama-bir-gun-gelecek-baska-bir-volkanin-gumburdeyen-sesi-yukseltecek-rosa-luxemburg\/\" \/>\n<meta property=\"og:site_name\" content=\"narteks.net\" \/>\n<meta property=\"article:published_time\" content=\"2012-01-02T13:08:31+00:00\" \/>\n<meta property=\"og:image\" content=\"https:\/\/narteks.net\/wp-content\/uploads\/narteks.png\" \/>\n\t<meta property=\"og:image:width\" content=\"300\" \/>\n\t<meta property=\"og:image:height\" content=\"90\" \/>\n\t<meta property=\"og:image:type\" content=\"image\/png\" \/>\n<meta name=\"author\" content=\"Tar\u0131k\" \/>\n<meta name=\"twitter:card\" content=\"summary_large_image\" \/>\n<meta name=\"twitter:creator\" content=\"@narteks\" \/>\n<meta name=\"twitter:site\" content=\"@narteks\" \/>\n<meta name=\"twitter:label1\" content=\"Yazan:\" \/>\n\t<meta name=\"twitter:data1\" content=\"Tar\u0131k\" \/>\n\t<meta name=\"twitter:label2\" content=\"Tahmini okuma s\u00fcresi\" \/>\n\t<meta name=\"twitter:data2\" content=\"7 dakika\" \/>\n<script type=\"application\/ld+json\" class=\"yoast-schema-graph\">{\"@context\":\"https:\/\/schema.org\",\"@graph\":[{\"@type\":\"Article\",\"@id\":\"https:\/\/narteks.net\/index.php\/2012\/01\/02\/ama-bir-gun-gelecek-baska-bir-volkanin-gumburdeyen-sesi-yukseltecek-rosa-luxemburg\/#article\",\"isPartOf\":{\"@id\":\"https:\/\/narteks.net\/index.php\/2012\/01\/02\/ama-bir-gun-gelecek-baska-bir-volkanin-gumburdeyen-sesi-yukseltecek-rosa-luxemburg\/\"},\"author\":{\"name\":\"Tar\u0131k\",\"@id\":\"https:\/\/narteks.net\/#\/schema\/person\/61f37d9834294b72d31d274e7ed79bca\"},\"headline\":\"Ama bir g\u00fcn gelecek ba\u015fka bir volkan\u0131n g\u00fcmb\u00fcrdeyen sesi y\u00fckseltecek | Rosa Luxemburg\",\"datePublished\":\"2012-01-02T13:08:31+00:00\",\"mainEntityOfPage\":{\"@id\":\"https:\/\/narteks.net\/index.php\/2012\/01\/02\/ama-bir-gun-gelecek-baska-bir-volkanin-gumburdeyen-sesi-yukseltecek-rosa-luxemburg\/\"},\"wordCount\":1462,\"commentCount\":0,\"publisher\":{\"@id\":\"https:\/\/narteks.net\/#organization\"},\"articleSection\":[\"Genel Tarih\"],\"inLanguage\":\"tr\",\"potentialAction\":[{\"@type\":\"CommentAction\",\"name\":\"Comment\",\"target\":[\"https:\/\/narteks.net\/index.php\/2012\/01\/02\/ama-bir-gun-gelecek-baska-bir-volkanin-gumburdeyen-sesi-yukseltecek-rosa-luxemburg\/#respond\"]}]},{\"@type\":\"WebPage\",\"@id\":\"https:\/\/narteks.net\/index.php\/2012\/01\/02\/ama-bir-gun-gelecek-baska-bir-volkanin-gumburdeyen-sesi-yukseltecek-rosa-luxemburg\/\",\"url\":\"https:\/\/narteks.net\/index.php\/2012\/01\/02\/ama-bir-gun-gelecek-baska-bir-volkanin-gumburdeyen-sesi-yukseltecek-rosa-luxemburg\/\",\"name\":\"Ama bir g\u00fcn gelecek ba\u015fka bir volkan\u0131n g\u00fcmb\u00fcrdeyen sesi y\u00fckseltecek | Rosa Luxemburg - narteks.net\",\"isPartOf\":{\"@id\":\"https:\/\/narteks.net\/#website\"},\"datePublished\":\"2012-01-02T13:08:31+00:00\",\"breadcrumb\":{\"@id\":\"https:\/\/narteks.net\/index.php\/2012\/01\/02\/ama-bir-gun-gelecek-baska-bir-volkanin-gumburdeyen-sesi-yukseltecek-rosa-luxemburg\/#breadcrumb\"},\"inLanguage\":\"tr\",\"potentialAction\":[{\"@type\":\"ReadAction\",\"target\":[\"https:\/\/narteks.net\/index.php\/2012\/01\/02\/ama-bir-gun-gelecek-baska-bir-volkanin-gumburdeyen-sesi-yukseltecek-rosa-luxemburg\/\"]}]},{\"@type\":\"BreadcrumbList\",\"@id\":\"https:\/\/narteks.net\/index.php\/2012\/01\/02\/ama-bir-gun-gelecek-baska-bir-volkanin-gumburdeyen-sesi-yukseltecek-rosa-luxemburg\/#breadcrumb\",\"itemListElement\":[{\"@type\":\"ListItem\",\"position\":1,\"name\":\"Anasayfa\",\"item\":\"https:\/\/narteks.net\/\"},{\"@type\":\"ListItem\",\"position\":2,\"name\":\"Ama bir g\u00fcn gelecek ba\u015fka bir volkan\u0131n g\u00fcmb\u00fcrdeyen sesi y\u00fckseltecek | Rosa Luxemburg\"}]},{\"@type\":\"WebSite\",\"@id\":\"https:\/\/narteks.net\/#website\",\"url\":\"https:\/\/narteks.net\/\",\"name\":\"narteks.net\",\"description\":\"K\u00fclt\u00fcr Sanat Edebiyat Felsefe\",\"publisher\":{\"@id\":\"https:\/\/narteks.net\/#organization\"},\"alternateName\":\"K\u00fclt\u00fcr Sanat Edebiyat Felsefe\",\"potentialAction\":[{\"@type\":\"SearchAction\",\"target\":{\"@type\":\"EntryPoint\",\"urlTemplate\":\"https:\/\/narteks.net\/?s={search_term_string}\"},\"query-input\":{\"@type\":\"PropertyValueSpecification\",\"valueRequired\":true,\"valueName\":\"search_term_string\"}}],\"inLanguage\":\"tr\"},{\"@type\":\"Organization\",\"@id\":\"https:\/\/narteks.net\/#organization\",\"name\":\"narteks.net\",\"url\":\"https:\/\/narteks.net\/\",\"logo\":{\"@type\":\"ImageObject\",\"inLanguage\":\"tr\",\"@id\":\"https:\/\/narteks.net\/#\/schema\/logo\/image\/\",\"url\":\"https:\/\/narteks.net\/wp-content\/uploads\/narteks.png\",\"contentUrl\":\"https:\/\/narteks.net\/wp-content\/uploads\/narteks.png\",\"width\":300,\"height\":90,\"caption\":\"narteks.net\"},\"image\":{\"@id\":\"https:\/\/narteks.net\/#\/schema\/logo\/image\/\"},\"sameAs\":[\"https:\/\/x.com\/narteks\",\"https:\/\/instagram.com\/narteksnet\"]},{\"@type\":\"Person\",\"@id\":\"https:\/\/narteks.net\/#\/schema\/person\/61f37d9834294b72d31d274e7ed79bca\",\"name\":\"Tar\u0131k\",\"image\":{\"@type\":\"ImageObject\",\"inLanguage\":\"tr\",\"@id\":\"https:\/\/narteks.net\/#\/schema\/person\/image\/\",\"url\":\"https:\/\/secure.gravatar.com\/avatar\/50865afb55632c4ae467e0af0930f6510aa2297d8014be502a55b14f3b7550cf?s=96&d=mm&r=g\",\"contentUrl\":\"https:\/\/secure.gravatar.com\/avatar\/50865afb55632c4ae467e0af0930f6510aa2297d8014be502a55b14f3b7550cf?s=96&d=mm&r=g\",\"caption\":\"Tar\u0131k\"},\"sameAs\":[\"http:\/\/narteks.net\"],\"url\":\"https:\/\/narteks.net\/index.php\/author\/narbak\/\"}]}<\/script>\n<!-- \/ Yoast SEO Premium plugin. -->","yoast_head_json":{"title":"Ama bir g\u00fcn gelecek ba\u015fka bir volkan\u0131n g\u00fcmb\u00fcrdeyen sesi y\u00fckseltecek | Rosa Luxemburg - narteks.net","robots":{"index":"index","follow":"follow","max-snippet":"max-snippet:-1","max-image-preview":"max-image-preview:large","max-video-preview":"max-video-preview:-1"},"canonical":"https:\/\/narteks.net\/index.php\/2012\/01\/02\/ama-bir-gun-gelecek-baska-bir-volkanin-gumburdeyen-sesi-yukseltecek-rosa-luxemburg\/","og_locale":"tr_TR","og_type":"article","og_title":"Ama bir g\u00fcn gelecek ba\u015fka bir volkan\u0131n g\u00fcmb\u00fcrdeyen sesi y\u00fckseltecek | Rosa Luxemburg","og_description":"\u00dczerinde duman t\u00fcten y\u0131k\u0131nt\u0131 da\u011flar\u0131, par\u00e7alanm\u0131\u015f ceset y\u0131\u011f\u0131nlar\u0131, bakt\u0131\u011f\u0131n\u0131z her yerde buhar ve duman t\u00fcten bir ate\u015f denizi, \u00e7amur ve k\u00fcller; \u00e7\u0131rp\u0131nan bir k\u0131rlang\u0131\u00e7 gibi volkan\u0131n kayal\u0131k yamac\u0131na konmu\u015f k\u0131p\u0131r k\u0131p\u0131r k\u00fc\u00e7\u00fck \u015fehirden t\u00fcm kalanlar i\u015fte bunlar. \u00d6fkeli dev, bu insan c\u00fcretine, iki bacakl\u0131 c\u00fccelerin k\u00f6r kendini be\u011fenmi\u015fli\u011fine kar\u015f\u0131 bir s\u00fcredir g\u00fcrleyip k\u00f6p\u00fcr\u00fcyordu. Gazab\u0131nda bile [&hellip;]","og_url":"https:\/\/narteks.net\/index.php\/2012\/01\/02\/ama-bir-gun-gelecek-baska-bir-volkanin-gumburdeyen-sesi-yukseltecek-rosa-luxemburg\/","og_site_name":"narteks.net","article_published_time":"2012-01-02T13:08:31+00:00","og_image":[{"width":300,"height":90,"url":"https:\/\/narteks.net\/wp-content\/uploads\/narteks.png","type":"image\/png"}],"author":"Tar\u0131k","twitter_card":"summary_large_image","twitter_creator":"@narteks","twitter_site":"@narteks","twitter_misc":{"Yazan:":"Tar\u0131k","Tahmini okuma s\u00fcresi":"7 dakika"},"schema":{"@context":"https:\/\/schema.org","@graph":[{"@type":"Article","@id":"https:\/\/narteks.net\/index.php\/2012\/01\/02\/ama-bir-gun-gelecek-baska-bir-volkanin-gumburdeyen-sesi-yukseltecek-rosa-luxemburg\/#article","isPartOf":{"@id":"https:\/\/narteks.net\/index.php\/2012\/01\/02\/ama-bir-gun-gelecek-baska-bir-volkanin-gumburdeyen-sesi-yukseltecek-rosa-luxemburg\/"},"author":{"name":"Tar\u0131k","@id":"https:\/\/narteks.net\/#\/schema\/person\/61f37d9834294b72d31d274e7ed79bca"},"headline":"Ama bir g\u00fcn gelecek ba\u015fka bir volkan\u0131n g\u00fcmb\u00fcrdeyen sesi y\u00fckseltecek | Rosa Luxemburg","datePublished":"2012-01-02T13:08:31+00:00","mainEntityOfPage":{"@id":"https:\/\/narteks.net\/index.php\/2012\/01\/02\/ama-bir-gun-gelecek-baska-bir-volkanin-gumburdeyen-sesi-yukseltecek-rosa-luxemburg\/"},"wordCount":1462,"commentCount":0,"publisher":{"@id":"https:\/\/narteks.net\/#organization"},"articleSection":["Genel Tarih"],"inLanguage":"tr","potentialAction":[{"@type":"CommentAction","name":"Comment","target":["https:\/\/narteks.net\/index.php\/2012\/01\/02\/ama-bir-gun-gelecek-baska-bir-volkanin-gumburdeyen-sesi-yukseltecek-rosa-luxemburg\/#respond"]}]},{"@type":"WebPage","@id":"https:\/\/narteks.net\/index.php\/2012\/01\/02\/ama-bir-gun-gelecek-baska-bir-volkanin-gumburdeyen-sesi-yukseltecek-rosa-luxemburg\/","url":"https:\/\/narteks.net\/index.php\/2012\/01\/02\/ama-bir-gun-gelecek-baska-bir-volkanin-gumburdeyen-sesi-yukseltecek-rosa-luxemburg\/","name":"Ama bir g\u00fcn gelecek ba\u015fka bir volkan\u0131n g\u00fcmb\u00fcrdeyen sesi y\u00fckseltecek | Rosa Luxemburg - narteks.net","isPartOf":{"@id":"https:\/\/narteks.net\/#website"},"datePublished":"2012-01-02T13:08:31+00:00","breadcrumb":{"@id":"https:\/\/narteks.net\/index.php\/2012\/01\/02\/ama-bir-gun-gelecek-baska-bir-volkanin-gumburdeyen-sesi-yukseltecek-rosa-luxemburg\/#breadcrumb"},"inLanguage":"tr","potentialAction":[{"@type":"ReadAction","target":["https:\/\/narteks.net\/index.php\/2012\/01\/02\/ama-bir-gun-gelecek-baska-bir-volkanin-gumburdeyen-sesi-yukseltecek-rosa-luxemburg\/"]}]},{"@type":"BreadcrumbList","@id":"https:\/\/narteks.net\/index.php\/2012\/01\/02\/ama-bir-gun-gelecek-baska-bir-volkanin-gumburdeyen-sesi-yukseltecek-rosa-luxemburg\/#breadcrumb","itemListElement":[{"@type":"ListItem","position":1,"name":"Anasayfa","item":"https:\/\/narteks.net\/"},{"@type":"ListItem","position":2,"name":"Ama bir g\u00fcn gelecek ba\u015fka bir volkan\u0131n g\u00fcmb\u00fcrdeyen sesi y\u00fckseltecek | Rosa Luxemburg"}]},{"@type":"WebSite","@id":"https:\/\/narteks.net\/#website","url":"https:\/\/narteks.net\/","name":"narteks.net","description":"K\u00fclt\u00fcr Sanat Edebiyat Felsefe","publisher":{"@id":"https:\/\/narteks.net\/#organization"},"alternateName":"K\u00fclt\u00fcr Sanat Edebiyat Felsefe","potentialAction":[{"@type":"SearchAction","target":{"@type":"EntryPoint","urlTemplate":"https:\/\/narteks.net\/?s={search_term_string}"},"query-input":{"@type":"PropertyValueSpecification","valueRequired":true,"valueName":"search_term_string"}}],"inLanguage":"tr"},{"@type":"Organization","@id":"https:\/\/narteks.net\/#organization","name":"narteks.net","url":"https:\/\/narteks.net\/","logo":{"@type":"ImageObject","inLanguage":"tr","@id":"https:\/\/narteks.net\/#\/schema\/logo\/image\/","url":"https:\/\/narteks.net\/wp-content\/uploads\/narteks.png","contentUrl":"https:\/\/narteks.net\/wp-content\/uploads\/narteks.png","width":300,"height":90,"caption":"narteks.net"},"image":{"@id":"https:\/\/narteks.net\/#\/schema\/logo\/image\/"},"sameAs":["https:\/\/x.com\/narteks","https:\/\/instagram.com\/narteksnet"]},{"@type":"Person","@id":"https:\/\/narteks.net\/#\/schema\/person\/61f37d9834294b72d31d274e7ed79bca","name":"Tar\u0131k","image":{"@type":"ImageObject","inLanguage":"tr","@id":"https:\/\/narteks.net\/#\/schema\/person\/image\/","url":"https:\/\/secure.gravatar.com\/avatar\/50865afb55632c4ae467e0af0930f6510aa2297d8014be502a55b14f3b7550cf?s=96&d=mm&r=g","contentUrl":"https:\/\/secure.gravatar.com\/avatar\/50865afb55632c4ae467e0af0930f6510aa2297d8014be502a55b14f3b7550cf?s=96&d=mm&r=g","caption":"Tar\u0131k"},"sameAs":["http:\/\/narteks.net"],"url":"https:\/\/narteks.net\/index.php\/author\/narbak\/"}]}},"_links":{"self":[{"href":"https:\/\/narteks.net\/index.php\/wp-json\/wp\/v2\/posts\/6875","targetHints":{"allow":["GET"]}}],"collection":[{"href":"https:\/\/narteks.net\/index.php\/wp-json\/wp\/v2\/posts"}],"about":[{"href":"https:\/\/narteks.net\/index.php\/wp-json\/wp\/v2\/types\/post"}],"author":[{"embeddable":true,"href":"https:\/\/narteks.net\/index.php\/wp-json\/wp\/v2\/users\/1"}],"replies":[{"embeddable":true,"href":"https:\/\/narteks.net\/index.php\/wp-json\/wp\/v2\/comments?post=6875"}],"version-history":[{"count":0,"href":"https:\/\/narteks.net\/index.php\/wp-json\/wp\/v2\/posts\/6875\/revisions"}],"wp:attachment":[{"href":"https:\/\/narteks.net\/index.php\/wp-json\/wp\/v2\/media?parent=6875"}],"wp:term":[{"taxonomy":"category","embeddable":true,"href":"https:\/\/narteks.net\/index.php\/wp-json\/wp\/v2\/categories?post=6875"},{"taxonomy":"post_tag","embeddable":true,"href":"https:\/\/narteks.net\/index.php\/wp-json\/wp\/v2\/tags?post=6875"}],"curies":[{"name":"wp","href":"https:\/\/api.w.org\/{rel}","templated":true}]}}