{"id":6877,"date":"2012-01-15T21:59:51","date_gmt":"2012-01-15T18:59:51","guid":{"rendered":"http:\/\/localhost\/wordpress\/2012\/01\/15\/dunyayi-nasil-goruyorum-albert-einstein\/"},"modified":"2012-01-15T21:59:51","modified_gmt":"2012-01-15T18:59:51","slug":"dunyayi-nasil-goruyorum-albert-einstein","status":"publish","type":"post","link":"https:\/\/narteks.net\/index.php\/2012\/01\/15\/dunyayi-nasil-goruyorum-albert-einstein\/","title":{"rendered":"D\u00fcnyay\u0131 Nas\u0131l G\u00f6r\u00fcyorum ? | Albert Einstein"},"content":{"rendered":"<p style=\"text-align: justify;\"><img loading=\"lazy\" decoding=\"async\" src=\"http:\/\/www.ogrensek.com\/wp-content\/uploads\/2010\/08\/AlbertEinstein.jpg\" border=\"0\" width=\"155\" height=\"205\" style=\"float: left;\" \/>Biz d\u00fcnyal\u0131lar\u0131n ne garip bir durumu var! Burada k\u0131sa bir s\u00fcre i\u00e7in bulunuyoruz. Ni\u00e7in geldi\u011fimizi bilmiyoruz, sezer gibi oluyoruz zaman zaman. Ama, \u00e7ok derinlere gitmeden, g\u00fcnl\u00fck ya\u015fam bak\u0131m\u0131ndan ba\u015fkalar\u0131 i\u00e7in var oldu\u011fumuzu biliyoruz; \u00f6nce, b\u00fct\u00fcn mutlulu\u011fumuzu g\u00fcl\u00fcmsemelerine ve rahatlar\u0131na ba\u011flad\u0131\u011f\u0131m\u0131z kimseler i\u00e7in, sonra da, yak\u0131ndan tan\u0131mad\u0131\u011f\u0131m\u0131z ama kaderlerine sevgiyle ba\u011fl\u0131 oldu\u011fumuz b\u00fct\u00fcn insanlar i\u00e7in.\u0130\u00e7 ve d\u0131\u015f hayat\u0131m\u0131n, \u00f6l\u00fc ve diri b\u00fct\u00fcn insanlar\u0131n eme\u011fine ba\u011fl\u0131 oldu\u011funu, ald\u0131\u011f\u0131m ve h\u00e2l\u00e2 almakta oldu\u011fum \u015feyleri ayn\u0131 \u00f6l\u00e7\u00fcde var g\u00fcc\u00fcmle vermeye \u00e7al\u0131\u015fmam gerekti\u011fini her g\u00fcn durmadan d\u00fc\u015f\u00fcn\u00fcyorum. Azla yetinmek gere\u011fini duyuyorum ve \u00e7ok kez ba\u015fkalar\u0131na gere\u011finden fazla i\u015f y\u00fckledi\u011fimi d\u00fc\u015f\u00fcn\u00fcp \u00fcz\u00fcl\u00fcyorum. Bana \u00f6yle geliyor ki,toplumun s\u0131n\u0131flar\u0131 aras\u0131ndaki ayr\u0131l\u0131klar haks\u0131z ve yersizdir; bu ayr\u0131l\u0131klar, asl\u0131nda, zorbal\u0131\u011fa dayanmaktad\u0131r. Ayr\u0131ca \u015funa da inan\u0131yorum ki, sade ve kendi halinde bir ya\u015fay\u0131\u015f, beden ve kafa bak\u0131m\u0131ndan herkes i\u00e7in daha iyidir.<\/p>\n<p>\u0130nsan\u0131n filozofik anlamdaki \u00f6zg\u00fcrl\u00fc\u011f\u00fcne hi\u00e7 de inanm\u0131yorum. Her birimizin davran\u0131\u015flar\u0131, yaln\u0131z d\u0131\u015f bask\u0131lar\u0131n de\u011fil i\u00e7ten gelen bir tak\u0131m zorunluklar\u0131n da etkisindedir. Schopenhauer&#8217;in \u00abBir insan istedi\u011fini yapar ama, istedi\u011fini isteyemez\u00bb s\u00f6z\u00fc t\u00e2 gen\u00e7li\u011fimde i\u00e7ime i\u015flemi\u015f ve gerek kendi hayat\u0131mdaki gerek ba\u015fkalar\u0131n\u0131n hayat\u0131ndaki s\u0131k\u0131nt\u0131lar kar\u015f\u0131s\u0131nda s\u00fcrekli bir avunma, t\u00fckenmez bir sab\u0131r ve ho\u015fg\u00f6r\u00fc kayna\u011f\u0131 olmu\u015ftur. Bu d\u00fc\u015f\u00fcnce, insan\u0131n kolayca elini,kolunu ba\u011flayan sorumluluk duygusunu yumu\u015fat\u0131r, gerek kendimizi gerek ba\u015fkalar\u0131n\u0131 gere\u011finden \u00e7ok ciddiye almam\u0131z\u0131 \u00f6nler; humur&#8217;a (g\u00fclen d\u00fc\u015f\u00fcnceye) yer veren bir hayat g\u00f6r\u00fc\u015f\u00fcne g\u00f6t\u00fcr\u00fcr bizi.<\/p>\n<p>\u0130nsan hayat\u0131n\u0131n, genel olarak, yarad\u0131l\u0131\u015f\u0131n anlam\u0131n\u0131 ya da amac\u0131n\u0131 ara\u015ft\u0131rmak, nesnel bak\u0131mdan sa\u00e7ma gelir bana \u00f6teden beri. Bununla birlikte, herkesin davran\u0131\u015f ve yarg\u0131lar\u0131n\u0131 y\u00f6neten bir tak\u0131m \u00fclk\u00fcler vard\u0131r. Bu bak\u0131mdan, rahatl\u0131k ve mutlulu\u011fa, hi\u00e7 bir zaman birer ama\u00e7 g\u00f6z\u00fcyle bakmad\u0131m. B\u00f6yle bir ahlaksal temel domuz s\u00fcr\u00fclerine yara\u015f\u0131r daha \u00e7ok. Yolumu ayd\u0131nlatan, bana durmadan ya\u015fama sevinci ve cesareti veren \u00fclk\u00fcler,\u0130yilik, g\u00fczellik ve do\u011fruluk olmu\u015ftur. Ayn\u0131 inan\u00e7lar\u0131 payla\u015ft\u0131\u011f\u0131m insanlarla birlik oldu\u011funu duymasam, sanat alan\u0131nda ve bilim ara\u015ft\u0131rmalar\u0131nda hi\u00e7 bir zaman ula\u015f\u0131lam\u0131yacak bir amaca y\u00f6nelmesem, hayat bana bombo\u015f gelebilirdi. Nice insanlar\u0131n her g\u00fcn ard\u0131na d\u00fc\u015ft\u00fckleri mal m\u00fclk edinme, kolay ba\u015far\u0131 kazanma, s\u00fcsl\u00fc p\u00fcsl\u00fc ya\u015fama, t\u00e2 \u00e7ocuklu\u011fumdan beri tiksinti uyand\u0131rm\u0131\u015ft\u0131r bende.<\/p>\n<p>Bende co\u015fkun bir toplumsal adalet ve sorumluluk duygusu vard\u0131r ama, nedense insanlara ve insan topluluklar\u0131na do\u011frudan do\u011fruya ba\u011flanma iste\u011fi hemen hi\u00e7 yoktur. Ben tek ba\u015f\u0131na d\u00fc\u015f\u00fcnen bir insan\u0131m, dar anlam\u0131yla hi\u00e7 bir zaman b\u00fct\u00fcn y\u00fcre\u011fimle ne devlete ba\u011fl\u0131 kalm\u0131\u015f\u0131md\u0131r, ne ana yurda, ne dostlar \u00e7evresine, ne de aileye. B\u00fct\u00fcn bu ba\u011flara kar\u015f\u0131 hi\u00e7 eksilmeyen bir yabanc\u0131l\u0131k ve yaln\u0131zl\u0131k duygusu beslemi\u015fimdir.Bu duygum ya\u015fland\u0131k\u00e7a daha da artm\u0131\u015ft\u0131r. \u0130nsan vahlanarak da olsa, ba\u015fkalar\u0131yla anla\u015fma ve uzla\u015fman\u0131n bir s\u0131n\u0131r\u0131 oldu\u011funu a\u00e7\u0131k\u00e7a g\u00f6r\u00fcr. Bunu g\u00f6ren, ger\u00e7i,i\u00e7 temizli\u011fini, kayg\u0131s\u0131zl\u0131\u011f\u0131n\u0131 az\u00e7ok yitirir. Ama, buna kar\u015f\u0131l\u0131k, ba\u015fkalar\u0131n\u0131n d\u00fc\u015f\u00fcncelerinden, al\u0131\u015fkanl\u0131klar\u0131ndan ve yarg\u0131lar\u0131ndan geni\u015f \u00f6l\u00e7\u00fcde ba\u011f\u0131ms\u0131z, kalarak kendi dengesini hi\u00e7 de sa\u011flam olmayan bir temel \u00fcst\u00fcne kurmaya kalkmaz.<\/p>\n<p>Benim politik \u00fclk\u00fcm demokratik \u00fclk\u00fcd\u00fcr. Herkes sayg\u0131 g\u00f6rmeli ama, hi\u00e7 kimseye tap\u0131lmamal\u0131d\u0131r. Bana kar\u015f\u0131 insanlar\u0131n gere\u011finden \u00e7ok sayg\u0131 ve hayranl\u0131k g\u00f6stermesi talihin bir cilvesidir. Bunda benim kabahatim olmad\u0131\u011f\u0131 gibi, hak etmi\u015f de de\u011filim bunu. Bu a\u015f\u0131r\u0131 sayg\u0131, benim c\u0131l\u0131z g\u00fcc\u00fcm ve ard\u0131 aras\u0131 gelmez didinmelerimle buldu\u011fum bir ka\u00e7 d\u00fc\u015f\u00fcnceyi anlamakta zorluk \u00e7ekmelerinden gelebilir. \u00c7ok iyi biliyorum ki, herhangi bir \u00f6rg\u00fct\u00fc ger\u00e7ekle\u015ftirmek i\u00e7in, bir tek ki\u015finin d\u00fc\u015f\u00fcnmesi, buyurmas\u0131 ve toptan sorumluluk y\u00fcklenmesi gerekir. Ama y\u00f6netilenler bask\u0131 alt\u0131nda olmamal\u0131d\u0131r. Y\u00f6neticilerini se\u00e7ebilmelidirler. Zorbal\u0131\u011fa dayanan otokratik bir d\u00fczen, bence, k\u0131sa zamanda bozulur. \u00c7\u00fcnk\u00fc, zorbal\u0131k ruh\u00e7a a\u015fa\u011f\u0131l\u0131k insanlar\u0131 \u00e7eker ve d\u00e2hi zorbalar\u0131n yerine haydutlar\u0131n ge\u00e7mesi \u015fa\u015fmaz bir yasad\u0131r bence. Bu y\u00fczden, bug\u00fcn italya&#8217;da ve Rusya&#8217;da g\u00f6rd\u00fc\u011f\u00fcm b\u00f6ylesi d\u00fczenlerin kar\u015f\u0131s\u0131nday\u0131m var g\u00fcc\u00fcmle. Bug\u00fcnk\u00fc Avrupada demokrasi yolunun g\u00f6zden d\u00fc\u015fmesinin nedenini, demokrasinin temel d\u00fc\u015f\u00fcncesinde de\u011fil, h\u00fck\u00fcmet ba\u015f\u0131ndakilerin kolay de\u011fi\u015fkenli\u011finde ve oy mekanizmas\u0131n\u0131n ki\u015fileri tek tek hesaba\u00a0 katmayan niteli\u011findedir. Ama bence Kuzey Amerika Birle\u015fik Devletleri bu bak\u0131mdan do\u011fru yolu bulmu\u015flard\u0131r. Uzunca bir s\u00fcre i\u00e7in se\u00e7ilmi\u015f sorumlu bir ba\u015fkanlar\u0131 vard\u0131r, ve bu ba\u015fkan sorumlulu\u011funu etkin olarak ta\u015f\u0131mas\u0131na yetecek g\u00fc\u00e7ten yoksun de\u011fildir. Buna kar\u015f\u0131l\u0131k, bizim politik sistemimizde insan tekinin hastal\u0131k ya da yoksulluk hallerinde g\u00f6rd\u00fc\u011f\u00fc geni\u015f ilgiyi de\u011ferli buluyorum. \u0130nsanl\u0131\u011f\u0131n \u00e7arklar\u0131nda, bana ger\u00e7ekten \u00f6nemli g\u00f6r\u00fcnen devlet de\u011fil, yarat\u0131c\u0131 ve duygun insanteki ki\u015fili\u011fidir. Soylu ve y\u00fcce olan\u0131 yaratan odur. \u00c7o\u011funluksa d\u00fc\u015f\u00fcncede budalal\u0131\u011fa, duygularda \u015fa\u015fk\u0131nl\u0131\u011fa d\u00fc\u015febilir.<\/p>\n<p>Bu konu beni s\u00fcr\u00fc haline gelen insan topluluklar\u0131n\u0131n en k\u00f6t\u00fcs\u00fcnden, hi\u00e7 sevmedi\u011fim ordudan s\u00f6z a\u00e7maya g\u00f6t\u00fcr\u00fcyor.Bir m\u0131z\u0131kan\u0131n ard\u0131ndan s\u0131ra s\u0131ra y\u00fcr\u00fcmekten zevk alan kimseyi adam yerine koymam. Onda, bir beyin olmasa da olur. Yaln\u0131z murdar ilikle bu i\u015f pek\u00e2l\u00e2 ba\u015far\u0131labilir. \u0130nsan uygarl\u0131\u011f\u0131n\u0131n bu y\u00fcz karas\u0131n\u0131 bir an \u00f6nce yok etmek &#8216; gerekir. Ismarlama kahramanl\u0131k, budalaca oldu bittiler, s\u00f6zde yurtseverlik palavralar\u0131 tiksindirir beni. Sava\u015f ne kadar i\u011fren\u00e7, ne kadar a\u015fa\u011f\u0131l\u0131k geliyor bana! B\u00f6yle y\u00fcrekler a\u00e7\u0131s\u0131 bir i\u015fe girmektense, dilim dilim kesilmeye raz\u0131y\u0131m. Buna ra\u011fmen, insanlara o kadar g\u00fcvenim var ki, bence bu umac\u0131 \u00e7oktan yery\u00fcz\u00fcnden kalkm\u0131\u015f olurdu, e\u011fer okul ve bas\u0131n.Bu sat\u0131rlar Hitler ordusunun d\u00fcnyay\u0131 kas\u0131p kavurdu\u011fu ve 6.000 yahudiyi zehirli gazlarla \u00f6ld\u00fcrd\u00fc\u011f\u00fc g\u00fcnlerde yaz\u0131lm\u0131\u015ft\u0131r.<\/p>\n<p>Duyabilece\u011fimiz en g\u00fczel \u015fey, hayat\u0131n esrarl\u0131 yan\u0131d\u0131r. Sanat\u0131n ve ger\u00e7ek bilimin be\u015fi\u011finde bu ana duygu vard\u0131r. Onu bilmeyen, d\u00fcnya kar\u015f\u0131s\u0131nda \u015fa\u015fk\u0131nl\u0131k ve hayranl\u0131k duymayan kimse, ne de olsa, \u00f6l\u00fc ve g\u00f6z\u00fc kapal\u0131 gibidir. Hayat\u0131n s\u0131rlar\u0131yla kar\u015f\u0131 kar\u015f\u0131ya gelmek, korku ile de kar\u0131\u015farak dinleri yaratm\u0131\u015ft\u0131r. Ula\u015famayaca\u011f\u0131m\u0131z bir \u015feylerin var oldu\u011funu bilmek, ancak en ilkel bir bi\u00e7imde anlayabilece\u011fimiz en derin akl\u0131n ve en parlak g\u00fczelli\u011fin belirtilerini g\u00f6rmek, bu bilgi ve bu ger\u00e7ek dindarl\u0131\u011f\u0131n t\u00e2 kendisidir. \u0130\u015fte bu anlamda, ve yaln\u0131z bu anlamda, derinden dindar olan insanlara kat\u0131l\u0131yorum. Kendi yaratt\u0131klar\u0131n\u0131 cezaland\u0131ran ya da \u00f6d\u00fcllendiren, biz insanlar\u0131nkine benzer istekleri olan bir Tanr\u0131y\u0131 benim akl\u0131m almaz. Bedeni ile \u00f6ld\u00fckten sonra ya\u015fayabilecek bir insan da d\u00fc\u015f\u00fcnemem. Zay\u0131f y\u00fcrekliler, korku ya da g\u00fcl\u00fcn\u00e7 bir bencillikle bu \u00e7e\u015fit d\u00fc\u015f\u00fcnceleri beslesinler istedikleri kadar. Hayat\u0131n sonsuzlu\u011fundaki s\u0131r ve ger\u00e7e\u011fin ak\u0131llar\u0131 a\u015fan kurulu\u015funa bak\u0131\u015f, bir de tabiatta kendini g\u00f6steren ak\u0131m, ne kadar k\u00fc\u00e7\u00fck olursa olsun, bir par\u00e7ac\u0131\u011f\u0131n\u0131 kavramak i\u00e7in g\u00f6sterece\u011fimiz o i\u00e7ten \u00e7aba yetiyor bana.<\/p>\n","protected":false},"excerpt":{"rendered":"<p>Biz d\u00fcnyal\u0131lar\u0131n ne garip bir durumu var! Burada k\u0131sa bir s\u00fcre i\u00e7in bulunuyoruz. Ni\u00e7in geldi\u011fimizi bilmiyoruz, sezer gibi oluyoruz zaman zaman. Ama, \u00e7ok derinlere gitmeden, g\u00fcnl\u00fck ya\u015fam bak\u0131m\u0131ndan ba\u015fkalar\u0131 i\u00e7in var oldu\u011fumuzu biliyoruz; \u00f6nce, b\u00fct\u00fcn mutlulu\u011fumuzu g\u00fcl\u00fcmsemelerine ve rahatlar\u0131na ba\u011flad\u0131\u011f\u0131m\u0131z kimseler i\u00e7in, sonra da, yak\u0131ndan tan\u0131mad\u0131\u011f\u0131m\u0131z ama kaderlerine sevgiyle ba\u011fl\u0131 oldu\u011fumuz b\u00fct\u00fcn insanlar i\u00e7in.\u0130\u00e7 ve [&hellip;]<\/p>\n","protected":false},"author":1,"featured_media":0,"comment_status":"open","ping_status":"open","sticky":false,"template":"","format":"standard","meta":{"footnotes":""},"categories":[103],"tags":[],"class_list":{"0":"post-6877","1":"post","2":"type-post","3":"status-publish","4":"format-standard","6":"category-felsefe-genel"},"yoast_head":"<!-- This site is optimized with the Yoast SEO Premium plugin v24.9 (Yoast SEO v24.9) - https:\/\/yoast.com\/wordpress\/plugins\/seo\/ -->\n<title>D\u00fcnyay\u0131 Nas\u0131l G\u00f6r\u00fcyorum ? | Albert Einstein - narteks.net<\/title>\n<meta name=\"robots\" content=\"index, follow, max-snippet:-1, max-image-preview:large, max-video-preview:-1\" \/>\n<link rel=\"canonical\" href=\"https:\/\/narteks.net\/index.php\/2012\/01\/15\/dunyayi-nasil-goruyorum-albert-einstein\/\" \/>\n<meta property=\"og:locale\" content=\"tr_TR\" \/>\n<meta property=\"og:type\" content=\"article\" \/>\n<meta property=\"og:title\" content=\"D\u00fcnyay\u0131 Nas\u0131l G\u00f6r\u00fcyorum ? | Albert Einstein\" \/>\n<meta property=\"og:description\" content=\"Biz d\u00fcnyal\u0131lar\u0131n ne garip bir durumu var! Burada k\u0131sa bir s\u00fcre i\u00e7in bulunuyoruz. Ni\u00e7in geldi\u011fimizi bilmiyoruz, sezer gibi oluyoruz zaman zaman. Ama, \u00e7ok derinlere gitmeden, g\u00fcnl\u00fck ya\u015fam bak\u0131m\u0131ndan ba\u015fkalar\u0131 i\u00e7in var oldu\u011fumuzu biliyoruz; \u00f6nce, b\u00fct\u00fcn mutlulu\u011fumuzu g\u00fcl\u00fcmsemelerine ve rahatlar\u0131na ba\u011flad\u0131\u011f\u0131m\u0131z kimseler i\u00e7in, sonra da, yak\u0131ndan tan\u0131mad\u0131\u011f\u0131m\u0131z ama kaderlerine sevgiyle ba\u011fl\u0131 oldu\u011fumuz b\u00fct\u00fcn insanlar i\u00e7in.\u0130\u00e7 ve [&hellip;]\" \/>\n<meta property=\"og:url\" content=\"https:\/\/narteks.net\/index.php\/2012\/01\/15\/dunyayi-nasil-goruyorum-albert-einstein\/\" \/>\n<meta property=\"og:site_name\" content=\"narteks.net\" \/>\n<meta property=\"article:published_time\" content=\"2012-01-15T18:59:51+00:00\" \/>\n<meta property=\"og:image\" content=\"http:\/\/www.ogrensek.com\/wp-content\/uploads\/2010\/08\/AlbertEinstein.jpg\" \/>\n<meta name=\"author\" content=\"Tar\u0131k\" \/>\n<meta name=\"twitter:card\" content=\"summary_large_image\" \/>\n<meta name=\"twitter:creator\" content=\"@narteks\" \/>\n<meta name=\"twitter:site\" content=\"@narteks\" \/>\n<meta name=\"twitter:label1\" content=\"Yazan:\" \/>\n\t<meta name=\"twitter:data1\" content=\"Tar\u0131k\" \/>\n\t<meta name=\"twitter:label2\" content=\"Tahmini okuma s\u00fcresi\" \/>\n\t<meta name=\"twitter:data2\" content=\"7 dakika\" \/>\n<script type=\"application\/ld+json\" class=\"yoast-schema-graph\">{\"@context\":\"https:\/\/schema.org\",\"@graph\":[{\"@type\":\"Article\",\"@id\":\"https:\/\/narteks.net\/index.php\/2012\/01\/15\/dunyayi-nasil-goruyorum-albert-einstein\/#article\",\"isPartOf\":{\"@id\":\"https:\/\/narteks.net\/index.php\/2012\/01\/15\/dunyayi-nasil-goruyorum-albert-einstein\/\"},\"author\":{\"name\":\"Tar\u0131k\",\"@id\":\"https:\/\/narteks.net\/#\/schema\/person\/61f37d9834294b72d31d274e7ed79bca\"},\"headline\":\"D\u00fcnyay\u0131 Nas\u0131l G\u00f6r\u00fcyorum ? | Albert Einstein\",\"datePublished\":\"2012-01-15T18:59:51+00:00\",\"mainEntityOfPage\":{\"@id\":\"https:\/\/narteks.net\/index.php\/2012\/01\/15\/dunyayi-nasil-goruyorum-albert-einstein\/\"},\"wordCount\":1415,\"commentCount\":0,\"publisher\":{\"@id\":\"https:\/\/narteks.net\/#organization\"},\"image\":{\"@id\":\"https:\/\/narteks.net\/index.php\/2012\/01\/15\/dunyayi-nasil-goruyorum-albert-einstein\/#primaryimage\"},\"thumbnailUrl\":\"http:\/\/www.ogrensek.com\/wp-content\/uploads\/2010\/08\/AlbertEinstein.jpg\",\"articleSection\":[\"Felsefe (Genel)\"],\"inLanguage\":\"tr\",\"potentialAction\":[{\"@type\":\"CommentAction\",\"name\":\"Comment\",\"target\":[\"https:\/\/narteks.net\/index.php\/2012\/01\/15\/dunyayi-nasil-goruyorum-albert-einstein\/#respond\"]}]},{\"@type\":\"WebPage\",\"@id\":\"https:\/\/narteks.net\/index.php\/2012\/01\/15\/dunyayi-nasil-goruyorum-albert-einstein\/\",\"url\":\"https:\/\/narteks.net\/index.php\/2012\/01\/15\/dunyayi-nasil-goruyorum-albert-einstein\/\",\"name\":\"D\u00fcnyay\u0131 Nas\u0131l G\u00f6r\u00fcyorum ? | Albert Einstein - narteks.net\",\"isPartOf\":{\"@id\":\"https:\/\/narteks.net\/#website\"},\"primaryImageOfPage\":{\"@id\":\"https:\/\/narteks.net\/index.php\/2012\/01\/15\/dunyayi-nasil-goruyorum-albert-einstein\/#primaryimage\"},\"image\":{\"@id\":\"https:\/\/narteks.net\/index.php\/2012\/01\/15\/dunyayi-nasil-goruyorum-albert-einstein\/#primaryimage\"},\"thumbnailUrl\":\"http:\/\/www.ogrensek.com\/wp-content\/uploads\/2010\/08\/AlbertEinstein.jpg\",\"datePublished\":\"2012-01-15T18:59:51+00:00\",\"breadcrumb\":{\"@id\":\"https:\/\/narteks.net\/index.php\/2012\/01\/15\/dunyayi-nasil-goruyorum-albert-einstein\/#breadcrumb\"},\"inLanguage\":\"tr\",\"potentialAction\":[{\"@type\":\"ReadAction\",\"target\":[\"https:\/\/narteks.net\/index.php\/2012\/01\/15\/dunyayi-nasil-goruyorum-albert-einstein\/\"]}]},{\"@type\":\"ImageObject\",\"inLanguage\":\"tr\",\"@id\":\"https:\/\/narteks.net\/index.php\/2012\/01\/15\/dunyayi-nasil-goruyorum-albert-einstein\/#primaryimage\",\"url\":\"http:\/\/www.ogrensek.com\/wp-content\/uploads\/2010\/08\/AlbertEinstein.jpg\",\"contentUrl\":\"http:\/\/www.ogrensek.com\/wp-content\/uploads\/2010\/08\/AlbertEinstein.jpg\"},{\"@type\":\"BreadcrumbList\",\"@id\":\"https:\/\/narteks.net\/index.php\/2012\/01\/15\/dunyayi-nasil-goruyorum-albert-einstein\/#breadcrumb\",\"itemListElement\":[{\"@type\":\"ListItem\",\"position\":1,\"name\":\"Anasayfa\",\"item\":\"https:\/\/narteks.net\/\"},{\"@type\":\"ListItem\",\"position\":2,\"name\":\"D\u00fcnyay\u0131 Nas\u0131l G\u00f6r\u00fcyorum ? | Albert Einstein\"}]},{\"@type\":\"WebSite\",\"@id\":\"https:\/\/narteks.net\/#website\",\"url\":\"https:\/\/narteks.net\/\",\"name\":\"narteks.net\",\"description\":\"K\u00fclt\u00fcr Sanat Edebiyat Felsefe\",\"publisher\":{\"@id\":\"https:\/\/narteks.net\/#organization\"},\"alternateName\":\"K\u00fclt\u00fcr Sanat Edebiyat Felsefe\",\"potentialAction\":[{\"@type\":\"SearchAction\",\"target\":{\"@type\":\"EntryPoint\",\"urlTemplate\":\"https:\/\/narteks.net\/?s={search_term_string}\"},\"query-input\":{\"@type\":\"PropertyValueSpecification\",\"valueRequired\":true,\"valueName\":\"search_term_string\"}}],\"inLanguage\":\"tr\"},{\"@type\":\"Organization\",\"@id\":\"https:\/\/narteks.net\/#organization\",\"name\":\"narteks.net\",\"url\":\"https:\/\/narteks.net\/\",\"logo\":{\"@type\":\"ImageObject\",\"inLanguage\":\"tr\",\"@id\":\"https:\/\/narteks.net\/#\/schema\/logo\/image\/\",\"url\":\"https:\/\/narteks.net\/wp-content\/uploads\/narteks.png\",\"contentUrl\":\"https:\/\/narteks.net\/wp-content\/uploads\/narteks.png\",\"width\":300,\"height\":90,\"caption\":\"narteks.net\"},\"image\":{\"@id\":\"https:\/\/narteks.net\/#\/schema\/logo\/image\/\"},\"sameAs\":[\"https:\/\/x.com\/narteks\",\"https:\/\/instagram.com\/narteksnet\"]},{\"@type\":\"Person\",\"@id\":\"https:\/\/narteks.net\/#\/schema\/person\/61f37d9834294b72d31d274e7ed79bca\",\"name\":\"Tar\u0131k\",\"image\":{\"@type\":\"ImageObject\",\"inLanguage\":\"tr\",\"@id\":\"https:\/\/narteks.net\/#\/schema\/person\/image\/\",\"url\":\"https:\/\/secure.gravatar.com\/avatar\/50865afb55632c4ae467e0af0930f6510aa2297d8014be502a55b14f3b7550cf?s=96&d=mm&r=g\",\"contentUrl\":\"https:\/\/secure.gravatar.com\/avatar\/50865afb55632c4ae467e0af0930f6510aa2297d8014be502a55b14f3b7550cf?s=96&d=mm&r=g\",\"caption\":\"Tar\u0131k\"},\"sameAs\":[\"http:\/\/narteks.net\"],\"url\":\"https:\/\/narteks.net\/index.php\/author\/narbak\/\"}]}<\/script>\n<!-- \/ Yoast SEO Premium plugin. -->","yoast_head_json":{"title":"D\u00fcnyay\u0131 Nas\u0131l G\u00f6r\u00fcyorum ? | Albert Einstein - narteks.net","robots":{"index":"index","follow":"follow","max-snippet":"max-snippet:-1","max-image-preview":"max-image-preview:large","max-video-preview":"max-video-preview:-1"},"canonical":"https:\/\/narteks.net\/index.php\/2012\/01\/15\/dunyayi-nasil-goruyorum-albert-einstein\/","og_locale":"tr_TR","og_type":"article","og_title":"D\u00fcnyay\u0131 Nas\u0131l G\u00f6r\u00fcyorum ? | Albert Einstein","og_description":"Biz d\u00fcnyal\u0131lar\u0131n ne garip bir durumu var! Burada k\u0131sa bir s\u00fcre i\u00e7in bulunuyoruz. Ni\u00e7in geldi\u011fimizi bilmiyoruz, sezer gibi oluyoruz zaman zaman. Ama, \u00e7ok derinlere gitmeden, g\u00fcnl\u00fck ya\u015fam bak\u0131m\u0131ndan ba\u015fkalar\u0131 i\u00e7in var oldu\u011fumuzu biliyoruz; \u00f6nce, b\u00fct\u00fcn mutlulu\u011fumuzu g\u00fcl\u00fcmsemelerine ve rahatlar\u0131na ba\u011flad\u0131\u011f\u0131m\u0131z kimseler i\u00e7in, sonra da, yak\u0131ndan tan\u0131mad\u0131\u011f\u0131m\u0131z ama kaderlerine sevgiyle ba\u011fl\u0131 oldu\u011fumuz b\u00fct\u00fcn insanlar i\u00e7in.\u0130\u00e7 ve [&hellip;]","og_url":"https:\/\/narteks.net\/index.php\/2012\/01\/15\/dunyayi-nasil-goruyorum-albert-einstein\/","og_site_name":"narteks.net","article_published_time":"2012-01-15T18:59:51+00:00","og_image":[{"url":"http:\/\/www.ogrensek.com\/wp-content\/uploads\/2010\/08\/AlbertEinstein.jpg","type":"","width":"","height":""}],"author":"Tar\u0131k","twitter_card":"summary_large_image","twitter_creator":"@narteks","twitter_site":"@narteks","twitter_misc":{"Yazan:":"Tar\u0131k","Tahmini okuma s\u00fcresi":"7 dakika"},"schema":{"@context":"https:\/\/schema.org","@graph":[{"@type":"Article","@id":"https:\/\/narteks.net\/index.php\/2012\/01\/15\/dunyayi-nasil-goruyorum-albert-einstein\/#article","isPartOf":{"@id":"https:\/\/narteks.net\/index.php\/2012\/01\/15\/dunyayi-nasil-goruyorum-albert-einstein\/"},"author":{"name":"Tar\u0131k","@id":"https:\/\/narteks.net\/#\/schema\/person\/61f37d9834294b72d31d274e7ed79bca"},"headline":"D\u00fcnyay\u0131 Nas\u0131l G\u00f6r\u00fcyorum ? | Albert Einstein","datePublished":"2012-01-15T18:59:51+00:00","mainEntityOfPage":{"@id":"https:\/\/narteks.net\/index.php\/2012\/01\/15\/dunyayi-nasil-goruyorum-albert-einstein\/"},"wordCount":1415,"commentCount":0,"publisher":{"@id":"https:\/\/narteks.net\/#organization"},"image":{"@id":"https:\/\/narteks.net\/index.php\/2012\/01\/15\/dunyayi-nasil-goruyorum-albert-einstein\/#primaryimage"},"thumbnailUrl":"http:\/\/www.ogrensek.com\/wp-content\/uploads\/2010\/08\/AlbertEinstein.jpg","articleSection":["Felsefe (Genel)"],"inLanguage":"tr","potentialAction":[{"@type":"CommentAction","name":"Comment","target":["https:\/\/narteks.net\/index.php\/2012\/01\/15\/dunyayi-nasil-goruyorum-albert-einstein\/#respond"]}]},{"@type":"WebPage","@id":"https:\/\/narteks.net\/index.php\/2012\/01\/15\/dunyayi-nasil-goruyorum-albert-einstein\/","url":"https:\/\/narteks.net\/index.php\/2012\/01\/15\/dunyayi-nasil-goruyorum-albert-einstein\/","name":"D\u00fcnyay\u0131 Nas\u0131l G\u00f6r\u00fcyorum ? | Albert Einstein - narteks.net","isPartOf":{"@id":"https:\/\/narteks.net\/#website"},"primaryImageOfPage":{"@id":"https:\/\/narteks.net\/index.php\/2012\/01\/15\/dunyayi-nasil-goruyorum-albert-einstein\/#primaryimage"},"image":{"@id":"https:\/\/narteks.net\/index.php\/2012\/01\/15\/dunyayi-nasil-goruyorum-albert-einstein\/#primaryimage"},"thumbnailUrl":"http:\/\/www.ogrensek.com\/wp-content\/uploads\/2010\/08\/AlbertEinstein.jpg","datePublished":"2012-01-15T18:59:51+00:00","breadcrumb":{"@id":"https:\/\/narteks.net\/index.php\/2012\/01\/15\/dunyayi-nasil-goruyorum-albert-einstein\/#breadcrumb"},"inLanguage":"tr","potentialAction":[{"@type":"ReadAction","target":["https:\/\/narteks.net\/index.php\/2012\/01\/15\/dunyayi-nasil-goruyorum-albert-einstein\/"]}]},{"@type":"ImageObject","inLanguage":"tr","@id":"https:\/\/narteks.net\/index.php\/2012\/01\/15\/dunyayi-nasil-goruyorum-albert-einstein\/#primaryimage","url":"http:\/\/www.ogrensek.com\/wp-content\/uploads\/2010\/08\/AlbertEinstein.jpg","contentUrl":"http:\/\/www.ogrensek.com\/wp-content\/uploads\/2010\/08\/AlbertEinstein.jpg"},{"@type":"BreadcrumbList","@id":"https:\/\/narteks.net\/index.php\/2012\/01\/15\/dunyayi-nasil-goruyorum-albert-einstein\/#breadcrumb","itemListElement":[{"@type":"ListItem","position":1,"name":"Anasayfa","item":"https:\/\/narteks.net\/"},{"@type":"ListItem","position":2,"name":"D\u00fcnyay\u0131 Nas\u0131l G\u00f6r\u00fcyorum ? | Albert Einstein"}]},{"@type":"WebSite","@id":"https:\/\/narteks.net\/#website","url":"https:\/\/narteks.net\/","name":"narteks.net","description":"K\u00fclt\u00fcr Sanat Edebiyat Felsefe","publisher":{"@id":"https:\/\/narteks.net\/#organization"},"alternateName":"K\u00fclt\u00fcr Sanat Edebiyat Felsefe","potentialAction":[{"@type":"SearchAction","target":{"@type":"EntryPoint","urlTemplate":"https:\/\/narteks.net\/?s={search_term_string}"},"query-input":{"@type":"PropertyValueSpecification","valueRequired":true,"valueName":"search_term_string"}}],"inLanguage":"tr"},{"@type":"Organization","@id":"https:\/\/narteks.net\/#organization","name":"narteks.net","url":"https:\/\/narteks.net\/","logo":{"@type":"ImageObject","inLanguage":"tr","@id":"https:\/\/narteks.net\/#\/schema\/logo\/image\/","url":"https:\/\/narteks.net\/wp-content\/uploads\/narteks.png","contentUrl":"https:\/\/narteks.net\/wp-content\/uploads\/narteks.png","width":300,"height":90,"caption":"narteks.net"},"image":{"@id":"https:\/\/narteks.net\/#\/schema\/logo\/image\/"},"sameAs":["https:\/\/x.com\/narteks","https:\/\/instagram.com\/narteksnet"]},{"@type":"Person","@id":"https:\/\/narteks.net\/#\/schema\/person\/61f37d9834294b72d31d274e7ed79bca","name":"Tar\u0131k","image":{"@type":"ImageObject","inLanguage":"tr","@id":"https:\/\/narteks.net\/#\/schema\/person\/image\/","url":"https:\/\/secure.gravatar.com\/avatar\/50865afb55632c4ae467e0af0930f6510aa2297d8014be502a55b14f3b7550cf?s=96&d=mm&r=g","contentUrl":"https:\/\/secure.gravatar.com\/avatar\/50865afb55632c4ae467e0af0930f6510aa2297d8014be502a55b14f3b7550cf?s=96&d=mm&r=g","caption":"Tar\u0131k"},"sameAs":["http:\/\/narteks.net"],"url":"https:\/\/narteks.net\/index.php\/author\/narbak\/"}]}},"_links":{"self":[{"href":"https:\/\/narteks.net\/index.php\/wp-json\/wp\/v2\/posts\/6877","targetHints":{"allow":["GET"]}}],"collection":[{"href":"https:\/\/narteks.net\/index.php\/wp-json\/wp\/v2\/posts"}],"about":[{"href":"https:\/\/narteks.net\/index.php\/wp-json\/wp\/v2\/types\/post"}],"author":[{"embeddable":true,"href":"https:\/\/narteks.net\/index.php\/wp-json\/wp\/v2\/users\/1"}],"replies":[{"embeddable":true,"href":"https:\/\/narteks.net\/index.php\/wp-json\/wp\/v2\/comments?post=6877"}],"version-history":[{"count":0,"href":"https:\/\/narteks.net\/index.php\/wp-json\/wp\/v2\/posts\/6877\/revisions"}],"wp:attachment":[{"href":"https:\/\/narteks.net\/index.php\/wp-json\/wp\/v2\/media?parent=6877"}],"wp:term":[{"taxonomy":"category","embeddable":true,"href":"https:\/\/narteks.net\/index.php\/wp-json\/wp\/v2\/categories?post=6877"},{"taxonomy":"post_tag","embeddable":true,"href":"https:\/\/narteks.net\/index.php\/wp-json\/wp\/v2\/tags?post=6877"}],"curies":[{"name":"wp","href":"https:\/\/api.w.org\/{rel}","templated":true}]}}