{"id":6878,"date":"2012-03-28T19:07:07","date_gmt":"2012-03-28T16:07:07","guid":{"rendered":"http:\/\/localhost\/wordpress\/2012\/03\/28\/uluslararasi-disiplinlerarasi-tiyatro-bulusmasi-maske\/"},"modified":"2012-03-28T19:07:07","modified_gmt":"2012-03-28T16:07:07","slug":"uluslararasi-disiplinlerarasi-tiyatro-bulusmasi-maske","status":"publish","type":"post","link":"https:\/\/narteks.net\/index.php\/2012\/03\/28\/uluslararasi-disiplinlerarasi-tiyatro-bulusmasi-maske\/","title":{"rendered":"Uluslararas\u0131 Disiplinleraras\u0131 Tiyatro Bulu\u015fmas\u0131: \u201cMASKE\u201d"},"content":{"rendered":"<p style=\"text-align: justify;\"><img loading=\"lazy\" decoding=\"async\" style=\"float: left;\" src=\"http:\/\/maskistanbul.files.wordpress.com\/2011\/11\/cropped-maskschungsungjungetty31.jpg\" width=\"388\" height=\"172\" border=\"0\" \/><span style=\"text-decoration: underline;\"><strong>B\u0130LD\u0130R\u0130 \u00c7A\u011eRISI<\/strong><\/span><\/p>\n<p>\u0130stanbul \u00dcniversitesi Haldun Taner Tiyatro Uygulama ve Ara\u015ft\u0131rma Merkezi, \u0130.\u00dc. Tiyatro Ele\u015ftirmenli\u011fi ve Dramaturji B\u00f6l\u00fcm\u00fc ve Performans Ara\u015ft\u0131rmalar\u0131 Derne\u011fi sizi maske temas\u0131 ve bu temayla ba\u011flant\u0131l\u0131 kuram veya uygulamalar i\u00e7eren orijinal ve daha \u00f6nce yay\u0131nlanmam\u0131\u015f bildiriler g\u00f6ndermeye davet ediyor.<\/p>\n<p>\u0130stanbul \u00dcniversitesi Tiyatro Ele\u015ftirmenli\u011fi ve Dramaturji B\u00f6l\u00fcm\u00fc olarak kurulu\u015fumuzun 20. senesinde \u0130.\u00dc. Haldun Taner Tiyatro Uygulama ve Ara\u015ft\u0131rma Merkezi ve Performans Ara\u015ft\u0131rmalar\u0131 Derne\u011fi ile ortakla\u015fa olarak d\u00fczenledi\u011fimiz uluslararas\u0131 sempozyumun temas\u0131n\u0131 Maske olarak belirledik. Kurulu\u015fumuzdan bu yana, hem ge\u00e7mi\u015ften g\u00fcn\u00fcm\u00fcze tiyatronun evrimini, farkl\u0131 a\u00e7\u0131l\u0131mlar\u0131n\u0131, yeni aray\u0131\u015flar\u0131n\u0131 \u00e7a\u011fda\u015f bir anlay\u0131\u015fla ara\u015ft\u0131rmay\u0131, hem de disiplinleraras\u0131 bir ak\u0131lla ele\u015ftirel, d\u00fc\u015f\u00fcnsel ve tart\u0131\u015fmac\u0131 bir bak\u0131\u015f a\u00e7\u0131s\u0131n\u0131 ortaya koymay\u0131 kendimize ilke edindik; bu bak\u0131mdan Maske\u2019nin b\u00fct\u00fcn bu unsurlar\u0131 i\u00e7inde bar\u0131nd\u0131ran bir \u00fcst kavram oldu\u011funu d\u00fc\u015f\u00fcnmekteyiz. \u0130\u015fte t\u00fcm bu nedenlerle farkl\u0131 \u00fclkelerden, farkl\u0131 alanlardan, farkl\u0131 disiplinlerden, farkl\u0131 anlay\u0131\u015flardan gelen b\u00fct\u00fcn tiyatro, sanat ve bilim insanlar\u0131na a\u00e7\u0131k olan sempozyumda ge\u00e7mi\u015fle g\u00fcn\u00fc, arkaikle moderni, sanatla bilimi, duyguyla akl\u0131, a\u00e7\u0131kla gizili, ger\u00e7ekle yalan\u0131, insanla rol\u00fcn\u00fc bulu\u015fturan bir tan\u0131\u015fma, birle\u015fme, tart\u0131\u015fma, fikir al\u0131p verme ortam\u0131 yaratmak i\u00e7in bir araya gelmeyi hedefliyoruz. Hepinizi bize kat\u0131lmaya, b\u00fcy\u00fck maskenin alt\u0131nda bulu\u015fmaya davet ediyoruz.<\/p>\n<p>Bildiriler 5000 kelimeyi (10 sayfa) ge\u00e7meyecek \u015fekilde, belirtilen kurallara g\u00f6re haz\u0131rlan\u0131p g\u00f6nderilmelidir.<\/p>\n<p>Sempozyumun sunum dili T\u00fcrk\u00e7e ve \u0130ngilizce olacakt\u0131r.<br \/>Internet sitesinde bulaca\u011f\u0131n\u0131z kay\u0131t formunu l\u00fctfen 31 May\u0131s 2012 tarihinden \u00f6nce g\u00f6nderiniz.<br \/>Sempozyum tarihi: 21, 22, 23 Kas\u0131m 2012<\/p>\n<p style=\"text-align: justify;\">Detayl\u0131 bilgi i\u00e7in l\u00fctfen internet sayfam\u0131z\u0131 ziyaret ediniz:<br \/><strong>http:\/\/maskistanbul.wordpress.com\/<\/strong> <\/p>\n","protected":false},"excerpt":{"rendered":"<p>B\u0130LD\u0130R\u0130 \u00c7A\u011eRISI \u0130stanbul \u00dcniversitesi Haldun Taner Tiyatro Uygulama ve Ara\u015ft\u0131rma Merkezi, \u0130.\u00dc. Tiyatro Ele\u015ftirmenli\u011fi ve Dramaturji B\u00f6l\u00fcm\u00fc ve Performans Ara\u015ft\u0131rmalar\u0131 Derne\u011fi sizi maske temas\u0131 ve bu temayla ba\u011flant\u0131l\u0131 kuram veya uygulamalar i\u00e7eren orijinal ve daha \u00f6nce yay\u0131nlanmam\u0131\u015f bildiriler g\u00f6ndermeye davet ediyor. \u0130stanbul \u00dcniversitesi Tiyatro Ele\u015ftirmenli\u011fi ve Dramaturji B\u00f6l\u00fcm\u00fc olarak kurulu\u015fumuzun 20. senesinde \u0130.\u00dc. Haldun Taner [&hellip;]<\/p>\n","protected":false},"author":1,"featured_media":0,"comment_status":"open","ping_status":"open","sticky":false,"template":"","format":"standard","meta":{"footnotes":""},"categories":[101],"tags":[],"class_list":{"0":"post-6878","1":"post","2":"type-post","3":"status-publish","4":"format-standard","6":"category-tiyatro-haber"},"yoast_head":"<!-- This site is optimized with the Yoast SEO Premium plugin v24.9 (Yoast SEO v24.9) - https:\/\/yoast.com\/wordpress\/plugins\/seo\/ -->\n<title>Uluslararas\u0131 Disiplinleraras\u0131 Tiyatro Bulu\u015fmas\u0131: \u201cMASKE\u201d - narteks.net<\/title>\n<meta name=\"robots\" content=\"index, follow, max-snippet:-1, max-image-preview:large, max-video-preview:-1\" \/>\n<link rel=\"canonical\" href=\"https:\/\/narteks.net\/index.php\/2012\/03\/28\/uluslararasi-disiplinlerarasi-tiyatro-bulusmasi-maske\/\" \/>\n<meta property=\"og:locale\" content=\"tr_TR\" \/>\n<meta property=\"og:type\" content=\"article\" \/>\n<meta property=\"og:title\" content=\"Uluslararas\u0131 Disiplinleraras\u0131 Tiyatro Bulu\u015fmas\u0131: \u201cMASKE\u201d\" \/>\n<meta property=\"og:description\" content=\"B\u0130LD\u0130R\u0130 \u00c7A\u011eRISI \u0130stanbul \u00dcniversitesi Haldun Taner Tiyatro Uygulama ve Ara\u015ft\u0131rma Merkezi, \u0130.\u00dc. Tiyatro Ele\u015ftirmenli\u011fi ve Dramaturji B\u00f6l\u00fcm\u00fc ve Performans Ara\u015ft\u0131rmalar\u0131 Derne\u011fi sizi maske temas\u0131 ve bu temayla ba\u011flant\u0131l\u0131 kuram veya uygulamalar i\u00e7eren orijinal ve daha \u00f6nce yay\u0131nlanmam\u0131\u015f bildiriler g\u00f6ndermeye davet ediyor. \u0130stanbul \u00dcniversitesi Tiyatro Ele\u015ftirmenli\u011fi ve Dramaturji B\u00f6l\u00fcm\u00fc olarak kurulu\u015fumuzun 20. senesinde \u0130.\u00dc. Haldun Taner [&hellip;]\" \/>\n<meta property=\"og:url\" content=\"https:\/\/narteks.net\/index.php\/2012\/03\/28\/uluslararasi-disiplinlerarasi-tiyatro-bulusmasi-maske\/\" \/>\n<meta property=\"og:site_name\" content=\"narteks.net\" \/>\n<meta property=\"article:published_time\" content=\"2012-03-28T16:07:07+00:00\" \/>\n<meta property=\"og:image\" content=\"http:\/\/maskistanbul.files.wordpress.com\/2011\/11\/cropped-maskschungsungjungetty31.jpg\" \/>\n<meta name=\"author\" content=\"Tar\u0131k\" \/>\n<meta name=\"twitter:card\" content=\"summary_large_image\" \/>\n<meta name=\"twitter:creator\" content=\"@narteks\" \/>\n<meta name=\"twitter:site\" content=\"@narteks\" \/>\n<meta name=\"twitter:label1\" content=\"Yazan:\" \/>\n\t<meta name=\"twitter:data1\" content=\"Tar\u0131k\" \/>\n\t<meta name=\"twitter:label2\" content=\"Tahmini okuma s\u00fcresi\" \/>\n\t<meta name=\"twitter:data2\" content=\"2 dakika\" \/>\n<script type=\"application\/ld+json\" class=\"yoast-schema-graph\">{\"@context\":\"https:\/\/schema.org\",\"@graph\":[{\"@type\":\"Article\",\"@id\":\"https:\/\/narteks.net\/index.php\/2012\/03\/28\/uluslararasi-disiplinlerarasi-tiyatro-bulusmasi-maske\/#article\",\"isPartOf\":{\"@id\":\"https:\/\/narteks.net\/index.php\/2012\/03\/28\/uluslararasi-disiplinlerarasi-tiyatro-bulusmasi-maske\/\"},\"author\":{\"name\":\"Tar\u0131k\",\"@id\":\"https:\/\/narteks.net\/#\/schema\/person\/61f37d9834294b72d31d274e7ed79bca\"},\"headline\":\"Uluslararas\u0131 Disiplinleraras\u0131 Tiyatro Bulu\u015fmas\u0131: \u201cMASKE\u201d\",\"datePublished\":\"2012-03-28T16:07:07+00:00\",\"mainEntityOfPage\":{\"@id\":\"https:\/\/narteks.net\/index.php\/2012\/03\/28\/uluslararasi-disiplinlerarasi-tiyatro-bulusmasi-maske\/\"},\"wordCount\":327,\"commentCount\":0,\"publisher\":{\"@id\":\"https:\/\/narteks.net\/#organization\"},\"image\":{\"@id\":\"https:\/\/narteks.net\/index.php\/2012\/03\/28\/uluslararasi-disiplinlerarasi-tiyatro-bulusmasi-maske\/#primaryimage\"},\"thumbnailUrl\":\"http:\/\/maskistanbul.files.wordpress.com\/2011\/11\/cropped-maskschungsungjungetty31.jpg\",\"articleSection\":[\"Tiyatro Haber\"],\"inLanguage\":\"tr\",\"potentialAction\":[{\"@type\":\"CommentAction\",\"name\":\"Comment\",\"target\":[\"https:\/\/narteks.net\/index.php\/2012\/03\/28\/uluslararasi-disiplinlerarasi-tiyatro-bulusmasi-maske\/#respond\"]}]},{\"@type\":\"WebPage\",\"@id\":\"https:\/\/narteks.net\/index.php\/2012\/03\/28\/uluslararasi-disiplinlerarasi-tiyatro-bulusmasi-maske\/\",\"url\":\"https:\/\/narteks.net\/index.php\/2012\/03\/28\/uluslararasi-disiplinlerarasi-tiyatro-bulusmasi-maske\/\",\"name\":\"Uluslararas\u0131 Disiplinleraras\u0131 Tiyatro Bulu\u015fmas\u0131: \u201cMASKE\u201d - narteks.net\",\"isPartOf\":{\"@id\":\"https:\/\/narteks.net\/#website\"},\"primaryImageOfPage\":{\"@id\":\"https:\/\/narteks.net\/index.php\/2012\/03\/28\/uluslararasi-disiplinlerarasi-tiyatro-bulusmasi-maske\/#primaryimage\"},\"image\":{\"@id\":\"https:\/\/narteks.net\/index.php\/2012\/03\/28\/uluslararasi-disiplinlerarasi-tiyatro-bulusmasi-maske\/#primaryimage\"},\"thumbnailUrl\":\"http:\/\/maskistanbul.files.wordpress.com\/2011\/11\/cropped-maskschungsungjungetty31.jpg\",\"datePublished\":\"2012-03-28T16:07:07+00:00\",\"breadcrumb\":{\"@id\":\"https:\/\/narteks.net\/index.php\/2012\/03\/28\/uluslararasi-disiplinlerarasi-tiyatro-bulusmasi-maske\/#breadcrumb\"},\"inLanguage\":\"tr\",\"potentialAction\":[{\"@type\":\"ReadAction\",\"target\":[\"https:\/\/narteks.net\/index.php\/2012\/03\/28\/uluslararasi-disiplinlerarasi-tiyatro-bulusmasi-maske\/\"]}]},{\"@type\":\"ImageObject\",\"inLanguage\":\"tr\",\"@id\":\"https:\/\/narteks.net\/index.php\/2012\/03\/28\/uluslararasi-disiplinlerarasi-tiyatro-bulusmasi-maske\/#primaryimage\",\"url\":\"http:\/\/maskistanbul.files.wordpress.com\/2011\/11\/cropped-maskschungsungjungetty31.jpg\",\"contentUrl\":\"http:\/\/maskistanbul.files.wordpress.com\/2011\/11\/cropped-maskschungsungjungetty31.jpg\"},{\"@type\":\"BreadcrumbList\",\"@id\":\"https:\/\/narteks.net\/index.php\/2012\/03\/28\/uluslararasi-disiplinlerarasi-tiyatro-bulusmasi-maske\/#breadcrumb\",\"itemListElement\":[{\"@type\":\"ListItem\",\"position\":1,\"name\":\"Anasayfa\",\"item\":\"https:\/\/narteks.net\/\"},{\"@type\":\"ListItem\",\"position\":2,\"name\":\"Uluslararas\u0131 Disiplinleraras\u0131 Tiyatro Bulu\u015fmas\u0131: \u201cMASKE\u201d\"}]},{\"@type\":\"WebSite\",\"@id\":\"https:\/\/narteks.net\/#website\",\"url\":\"https:\/\/narteks.net\/\",\"name\":\"narteks.net\",\"description\":\"K\u00fclt\u00fcr Sanat Edebiyat Felsefe\",\"publisher\":{\"@id\":\"https:\/\/narteks.net\/#organization\"},\"alternateName\":\"K\u00fclt\u00fcr Sanat Edebiyat Felsefe\",\"potentialAction\":[{\"@type\":\"SearchAction\",\"target\":{\"@type\":\"EntryPoint\",\"urlTemplate\":\"https:\/\/narteks.net\/?s={search_term_string}\"},\"query-input\":{\"@type\":\"PropertyValueSpecification\",\"valueRequired\":true,\"valueName\":\"search_term_string\"}}],\"inLanguage\":\"tr\"},{\"@type\":\"Organization\",\"@id\":\"https:\/\/narteks.net\/#organization\",\"name\":\"narteks.net\",\"url\":\"https:\/\/narteks.net\/\",\"logo\":{\"@type\":\"ImageObject\",\"inLanguage\":\"tr\",\"@id\":\"https:\/\/narteks.net\/#\/schema\/logo\/image\/\",\"url\":\"https:\/\/narteks.net\/wp-content\/uploads\/narteks.png\",\"contentUrl\":\"https:\/\/narteks.net\/wp-content\/uploads\/narteks.png\",\"width\":300,\"height\":90,\"caption\":\"narteks.net\"},\"image\":{\"@id\":\"https:\/\/narteks.net\/#\/schema\/logo\/image\/\"},\"sameAs\":[\"https:\/\/x.com\/narteks\",\"https:\/\/instagram.com\/narteksnet\"]},{\"@type\":\"Person\",\"@id\":\"https:\/\/narteks.net\/#\/schema\/person\/61f37d9834294b72d31d274e7ed79bca\",\"name\":\"Tar\u0131k\",\"image\":{\"@type\":\"ImageObject\",\"inLanguage\":\"tr\",\"@id\":\"https:\/\/narteks.net\/#\/schema\/person\/image\/\",\"url\":\"https:\/\/secure.gravatar.com\/avatar\/50865afb55632c4ae467e0af0930f6510aa2297d8014be502a55b14f3b7550cf?s=96&d=mm&r=g\",\"contentUrl\":\"https:\/\/secure.gravatar.com\/avatar\/50865afb55632c4ae467e0af0930f6510aa2297d8014be502a55b14f3b7550cf?s=96&d=mm&r=g\",\"caption\":\"Tar\u0131k\"},\"sameAs\":[\"http:\/\/narteks.net\"],\"url\":\"https:\/\/narteks.net\/index.php\/author\/narbak\/\"}]}<\/script>\n<!-- \/ Yoast SEO Premium plugin. -->","yoast_head_json":{"title":"Uluslararas\u0131 Disiplinleraras\u0131 Tiyatro Bulu\u015fmas\u0131: \u201cMASKE\u201d - narteks.net","robots":{"index":"index","follow":"follow","max-snippet":"max-snippet:-1","max-image-preview":"max-image-preview:large","max-video-preview":"max-video-preview:-1"},"canonical":"https:\/\/narteks.net\/index.php\/2012\/03\/28\/uluslararasi-disiplinlerarasi-tiyatro-bulusmasi-maske\/","og_locale":"tr_TR","og_type":"article","og_title":"Uluslararas\u0131 Disiplinleraras\u0131 Tiyatro Bulu\u015fmas\u0131: \u201cMASKE\u201d","og_description":"B\u0130LD\u0130R\u0130 \u00c7A\u011eRISI \u0130stanbul \u00dcniversitesi Haldun Taner Tiyatro Uygulama ve Ara\u015ft\u0131rma Merkezi, \u0130.\u00dc. Tiyatro Ele\u015ftirmenli\u011fi ve Dramaturji B\u00f6l\u00fcm\u00fc ve Performans Ara\u015ft\u0131rmalar\u0131 Derne\u011fi sizi maske temas\u0131 ve bu temayla ba\u011flant\u0131l\u0131 kuram veya uygulamalar i\u00e7eren orijinal ve daha \u00f6nce yay\u0131nlanmam\u0131\u015f bildiriler g\u00f6ndermeye davet ediyor. \u0130stanbul \u00dcniversitesi Tiyatro Ele\u015ftirmenli\u011fi ve Dramaturji B\u00f6l\u00fcm\u00fc olarak kurulu\u015fumuzun 20. senesinde \u0130.\u00dc. Haldun Taner [&hellip;]","og_url":"https:\/\/narteks.net\/index.php\/2012\/03\/28\/uluslararasi-disiplinlerarasi-tiyatro-bulusmasi-maske\/","og_site_name":"narteks.net","article_published_time":"2012-03-28T16:07:07+00:00","og_image":[{"url":"http:\/\/maskistanbul.files.wordpress.com\/2011\/11\/cropped-maskschungsungjungetty31.jpg","type":"","width":"","height":""}],"author":"Tar\u0131k","twitter_card":"summary_large_image","twitter_creator":"@narteks","twitter_site":"@narteks","twitter_misc":{"Yazan:":"Tar\u0131k","Tahmini okuma s\u00fcresi":"2 dakika"},"schema":{"@context":"https:\/\/schema.org","@graph":[{"@type":"Article","@id":"https:\/\/narteks.net\/index.php\/2012\/03\/28\/uluslararasi-disiplinlerarasi-tiyatro-bulusmasi-maske\/#article","isPartOf":{"@id":"https:\/\/narteks.net\/index.php\/2012\/03\/28\/uluslararasi-disiplinlerarasi-tiyatro-bulusmasi-maske\/"},"author":{"name":"Tar\u0131k","@id":"https:\/\/narteks.net\/#\/schema\/person\/61f37d9834294b72d31d274e7ed79bca"},"headline":"Uluslararas\u0131 Disiplinleraras\u0131 Tiyatro Bulu\u015fmas\u0131: \u201cMASKE\u201d","datePublished":"2012-03-28T16:07:07+00:00","mainEntityOfPage":{"@id":"https:\/\/narteks.net\/index.php\/2012\/03\/28\/uluslararasi-disiplinlerarasi-tiyatro-bulusmasi-maske\/"},"wordCount":327,"commentCount":0,"publisher":{"@id":"https:\/\/narteks.net\/#organization"},"image":{"@id":"https:\/\/narteks.net\/index.php\/2012\/03\/28\/uluslararasi-disiplinlerarasi-tiyatro-bulusmasi-maske\/#primaryimage"},"thumbnailUrl":"http:\/\/maskistanbul.files.wordpress.com\/2011\/11\/cropped-maskschungsungjungetty31.jpg","articleSection":["Tiyatro Haber"],"inLanguage":"tr","potentialAction":[{"@type":"CommentAction","name":"Comment","target":["https:\/\/narteks.net\/index.php\/2012\/03\/28\/uluslararasi-disiplinlerarasi-tiyatro-bulusmasi-maske\/#respond"]}]},{"@type":"WebPage","@id":"https:\/\/narteks.net\/index.php\/2012\/03\/28\/uluslararasi-disiplinlerarasi-tiyatro-bulusmasi-maske\/","url":"https:\/\/narteks.net\/index.php\/2012\/03\/28\/uluslararasi-disiplinlerarasi-tiyatro-bulusmasi-maske\/","name":"Uluslararas\u0131 Disiplinleraras\u0131 Tiyatro Bulu\u015fmas\u0131: \u201cMASKE\u201d - narteks.net","isPartOf":{"@id":"https:\/\/narteks.net\/#website"},"primaryImageOfPage":{"@id":"https:\/\/narteks.net\/index.php\/2012\/03\/28\/uluslararasi-disiplinlerarasi-tiyatro-bulusmasi-maske\/#primaryimage"},"image":{"@id":"https:\/\/narteks.net\/index.php\/2012\/03\/28\/uluslararasi-disiplinlerarasi-tiyatro-bulusmasi-maske\/#primaryimage"},"thumbnailUrl":"http:\/\/maskistanbul.files.wordpress.com\/2011\/11\/cropped-maskschungsungjungetty31.jpg","datePublished":"2012-03-28T16:07:07+00:00","breadcrumb":{"@id":"https:\/\/narteks.net\/index.php\/2012\/03\/28\/uluslararasi-disiplinlerarasi-tiyatro-bulusmasi-maske\/#breadcrumb"},"inLanguage":"tr","potentialAction":[{"@type":"ReadAction","target":["https:\/\/narteks.net\/index.php\/2012\/03\/28\/uluslararasi-disiplinlerarasi-tiyatro-bulusmasi-maske\/"]}]},{"@type":"ImageObject","inLanguage":"tr","@id":"https:\/\/narteks.net\/index.php\/2012\/03\/28\/uluslararasi-disiplinlerarasi-tiyatro-bulusmasi-maske\/#primaryimage","url":"http:\/\/maskistanbul.files.wordpress.com\/2011\/11\/cropped-maskschungsungjungetty31.jpg","contentUrl":"http:\/\/maskistanbul.files.wordpress.com\/2011\/11\/cropped-maskschungsungjungetty31.jpg"},{"@type":"BreadcrumbList","@id":"https:\/\/narteks.net\/index.php\/2012\/03\/28\/uluslararasi-disiplinlerarasi-tiyatro-bulusmasi-maske\/#breadcrumb","itemListElement":[{"@type":"ListItem","position":1,"name":"Anasayfa","item":"https:\/\/narteks.net\/"},{"@type":"ListItem","position":2,"name":"Uluslararas\u0131 Disiplinleraras\u0131 Tiyatro Bulu\u015fmas\u0131: \u201cMASKE\u201d"}]},{"@type":"WebSite","@id":"https:\/\/narteks.net\/#website","url":"https:\/\/narteks.net\/","name":"narteks.net","description":"K\u00fclt\u00fcr Sanat Edebiyat Felsefe","publisher":{"@id":"https:\/\/narteks.net\/#organization"},"alternateName":"K\u00fclt\u00fcr Sanat Edebiyat Felsefe","potentialAction":[{"@type":"SearchAction","target":{"@type":"EntryPoint","urlTemplate":"https:\/\/narteks.net\/?s={search_term_string}"},"query-input":{"@type":"PropertyValueSpecification","valueRequired":true,"valueName":"search_term_string"}}],"inLanguage":"tr"},{"@type":"Organization","@id":"https:\/\/narteks.net\/#organization","name":"narteks.net","url":"https:\/\/narteks.net\/","logo":{"@type":"ImageObject","inLanguage":"tr","@id":"https:\/\/narteks.net\/#\/schema\/logo\/image\/","url":"https:\/\/narteks.net\/wp-content\/uploads\/narteks.png","contentUrl":"https:\/\/narteks.net\/wp-content\/uploads\/narteks.png","width":300,"height":90,"caption":"narteks.net"},"image":{"@id":"https:\/\/narteks.net\/#\/schema\/logo\/image\/"},"sameAs":["https:\/\/x.com\/narteks","https:\/\/instagram.com\/narteksnet"]},{"@type":"Person","@id":"https:\/\/narteks.net\/#\/schema\/person\/61f37d9834294b72d31d274e7ed79bca","name":"Tar\u0131k","image":{"@type":"ImageObject","inLanguage":"tr","@id":"https:\/\/narteks.net\/#\/schema\/person\/image\/","url":"https:\/\/secure.gravatar.com\/avatar\/50865afb55632c4ae467e0af0930f6510aa2297d8014be502a55b14f3b7550cf?s=96&d=mm&r=g","contentUrl":"https:\/\/secure.gravatar.com\/avatar\/50865afb55632c4ae467e0af0930f6510aa2297d8014be502a55b14f3b7550cf?s=96&d=mm&r=g","caption":"Tar\u0131k"},"sameAs":["http:\/\/narteks.net"],"url":"https:\/\/narteks.net\/index.php\/author\/narbak\/"}]}},"_links":{"self":[{"href":"https:\/\/narteks.net\/index.php\/wp-json\/wp\/v2\/posts\/6878","targetHints":{"allow":["GET"]}}],"collection":[{"href":"https:\/\/narteks.net\/index.php\/wp-json\/wp\/v2\/posts"}],"about":[{"href":"https:\/\/narteks.net\/index.php\/wp-json\/wp\/v2\/types\/post"}],"author":[{"embeddable":true,"href":"https:\/\/narteks.net\/index.php\/wp-json\/wp\/v2\/users\/1"}],"replies":[{"embeddable":true,"href":"https:\/\/narteks.net\/index.php\/wp-json\/wp\/v2\/comments?post=6878"}],"version-history":[{"count":0,"href":"https:\/\/narteks.net\/index.php\/wp-json\/wp\/v2\/posts\/6878\/revisions"}],"wp:attachment":[{"href":"https:\/\/narteks.net\/index.php\/wp-json\/wp\/v2\/media?parent=6878"}],"wp:term":[{"taxonomy":"category","embeddable":true,"href":"https:\/\/narteks.net\/index.php\/wp-json\/wp\/v2\/categories?post=6878"},{"taxonomy":"post_tag","embeddable":true,"href":"https:\/\/narteks.net\/index.php\/wp-json\/wp\/v2\/tags?post=6878"}],"curies":[{"name":"wp","href":"https:\/\/api.w.org\/{rel}","templated":true}]}}