{"id":688,"date":"2009-04-17T10:31:04","date_gmt":"2009-04-17T07:31:04","guid":{"rendered":"http:\/\/localhost\/wordpress\/2009\/04\/17\/orhan-veli-kanik-biyografisi\/"},"modified":"2009-04-17T10:31:04","modified_gmt":"2009-04-17T07:31:04","slug":"orhan-veli-kanik-biyografisi","status":"publish","type":"post","link":"https:\/\/narteks.net\/index.php\/2009\/04\/17\/orhan-veli-kanik-biyografisi\/","title":{"rendered":"Orhan Veli KANIK Biyografisi"},"content":{"rendered":"<p><span class=\"image\"><img loading=\"lazy\" decoding=\"async\" src=\"http:\/\/upload.wikimedia.org\/wikipedia\/tr\/8\/88\/Orhan_Veli_KANIK.jpg\" border=\"0\" width=\"155\" height=\"205\" style=\"border: 0;\" \/><\/span><\/p>\n<p style=\"text-align: justify;\">Orhan Veli Kan\u0131k (13 Nisan 1914 \u2013 14 Kas\u0131m 1950), T\u00fcrk \u015fair. Melih Cevdet ve Oktay Rifat&#8217;la birlikte Garip Ak\u0131m\u0131&#8217;n\u0131n kurucular\u0131ndand\u0131r. \u015eiirde \u00f6l\u00e7\u00fc, uyak ve sanatl\u0131 s\u00f6yleyi\u015flere kar\u015f\u0131yd\u0131. Orhan Veli, her \u015feyin \u015fiire konu olabilece\u011fini savunmu\u015ftur.<\/p>\n<p>\u00c7ocuklu\u011fu \u0130stanbul&#8217;un Cihangir ve Beykoz semtlerinde ge\u00e7ti. \u0130lkokulu Galatasaray Lisesi&#8217;nde yat\u0131l\u0131 olarak okudu. Babas\u0131n\u0131n Cumhurba\u015fkanl\u0131\u011f\u0131 Bando \u015eefi olmas\u0131 \u00fczerine d\u00f6rd\u00fcnc\u00fc s\u0131n\u0131fta iken ailesi \u0130stanbul&#8217;dan ayr\u0131l\u0131nca Ankara Gazi Okulu&#8217;na ge\u00e7ti ve ertesi sene Ankara Erkek Lisesi&#8217;ne ba\u015flad\u0131.<\/p>\n<p>En yak\u0131n arkada\u015flar\u0131ndan Oktay R\u0131fat , Melih Cevdet ile 16 ya\u015f\u0131nda tan\u0131\u015ft\u0131. Bu iki arkada\u015f\u0131yla birlikte lise y\u0131llar\u0131nda haz\u0131rlad\u0131\u011f\u0131 Sesimiz dergisinde ilk yaz\u0131lar\u0131n\u0131 yay\u0131mlad\u0131.<\/p>\n<p>1933 y\u0131l\u0131nda liseyi bitirdikten sonra \u0130stanbul \u00dcniversitesi Edebiyat Fak\u00fcltesi, Felsefe B\u00f6l\u00fcm\u00fc&#8217;ne ba\u015flad\u0131. Ancak, 1935 y\u0131l\u0131nda okuldan ayr\u0131larak y\u00fcksek \u00f6\u011frenimini yar\u0131da b\u0131rakt\u0131.<\/p>\n<p>\u015eair, 1936\u2019da Ankara\u2019ya d\u00f6nd\u00fc. Askere gidene kadar PTT Genel M\u00fcd\u00fcrl\u00fc\u011f\u00fc Telgraf \u0130\u015fleri Reisli\u011fi Milletleraras\u0131 Nizamlar B\u00fcrosunda memurluk yapt\u0131. Bu arada ilk \u015fiirlerini 1936 y\u0131l\u0131 Aral\u0131k ay\u0131nda Varl\u0131k Dergisi&#8217;nde Mehmet Ali Sel ad\u0131 ile yay\u0131nlad\u0131. 1941\u2019de lise arkada\u015flar\u0131 Oktay R\u0131fat ve Melih Cevdet Anday ile birlikte Garip adl\u0131 \u015fiir kitab\u0131n\u0131 \u00e7\u0131kartarak Garip \u015eiir Ak\u0131m\u0131n\u0131n \u00f6nc\u00fclerinden oldu. \u015eiirlerinde yal\u0131n bir halk dili kulland\u0131, yergi ve g\u00fclmeceden yararlanarak, s\u0131radan ya\u015fant\u0131lar\u0131n \u015fiirinin de yaz\u0131labilece\u011fini g\u00f6sterdi.<\/p>\n<p>\u0130kinci D\u00fcnya Sava\u015f\u0131 nedeniyle askerlik uzat\u0131ld\u0131\u011f\u0131 i\u00e7in 4 y\u0131l askerlik yapt\u0131. Askerlikten d\u00f6nd\u00fckten sonra 2 y\u0131l kadar Ankara\u2019da Milli E\u011fitim Bakanl\u0131\u011f\u0131 Terc\u00fcme B\u00fcrosu\u2019nda \u00e7al\u0131\u015ft\u0131. Azra Erhat, Oktay R\u0131fat, Erol G\u00fcney ile ortak \u00e7eviriler yapt\u0131. Ancak 1947\u2019de bakanl\u0131ktaki \u201cantidemokratik hava\u201d nedeniyle Terc\u00fcme B\u00fcrosu\u2019ndaki g\u00f6revinden istifa etti.<\/p>\n<p>Mehmet Ali Aybar\u2019\u0131n yay\u0131mlad\u0131\u011f\u0131 H\u00fcr ve Zincirli H\u00fcrriyet gazetelerinde ele\u015ftiriler, k\u00fclt\u00fcr ve sanat \u00fczerine yaz\u0131lar yazd\u0131. La Fontaine\u2019in masallar\u0131n\u0131 \u015fiirsel bir dille T\u00fcrk\u00e7ele\u015ftirdi. Nasrettin Hoca \u00f6yk\u00fclerini de \u015fiire d\u00f6n\u00fc\u015ft\u00fcrd\u00fc.<\/p>\n<p>1 Ocak 1949 tarihinden itibaren on be\u015f g\u00fcnde bir yay\u0131mlanan Yaprak dergisini \u00e7\u0131karmaya ba\u015flad\u0131. 28 say\u0131y\u0131 tamamen kendi \u00e7abas\u0131 ile \u00e7\u0131kard\u0131. 15 Haziran 1950&#8217;ye kadar yay\u0131mlanan bu dergiyi parasal g\u00fc\u00e7l\u00fckler nedeniyle yay\u0131mlayamaz olunca Ankara&#8217;dan ayr\u0131l\u0131p, \u0130stanbul&#8217;a d\u00f6nd\u00fc.<\/p>\n<p>1950 sonbahar\u0131nda, bir haftal\u0131\u011f\u0131na geldi\u011fi Ankara&#8217;da, 10 Kas\u0131m 1950 gecesinde, yolda, onar\u0131m i\u00e7in kaz\u0131lm\u0131\u015f bir \u00e7ukura kafa \u00fcst\u00fc d\u00fc\u015ferek yaraland\u0131. \u0130stanbul&#8217;a d\u00f6nd\u00fckten sonra, bir arkada\u015f\u0131n\u0131n evindeyken, durumu birdenbire k\u00f6t\u00fcle\u015fti\u011fi i\u00e7in kald\u0131r\u0131ld\u0131\u011f\u0131 Cerrahpa\u015fa Hastanesi&#8217;nde, 14 Kas\u0131m 1950 tarihinde beyin kanamas\u0131ndan \u00f6ld\u00fc. \u00d6l\u00fcm\u00fc, T\u00fcrkiye&#8217;de o g\u00fcne kadar hi\u00e7bir \u015fairin \u00f6l\u00fcm\u00fcnde g\u00f6r\u00fclmemi\u015f bir yank\u0131 buldu. Orhan Veli Kan\u0131k geni\u015f kat\u0131l\u0131ml\u0131 bir cenaze t\u00f6reninin ard\u0131ndan Rumelihisar\u0131 Mezarl\u0131\u011f\u0131&#8217;nda topra\u011fa verilmi\u015ftir.<\/p>\n<p><strong>Eserleri:<\/strong><\/p>\n<p> * Garip (1941 \u2013 Oktay Rifat ve Melih Cevdet ile birlikte)<br \/> * Garip (1945 \u2013 Yaln\u0131z kendi \u015fiirlerinden olu\u015fan geni\u015fletilmi\u015f 2. bask\u0131)<br \/> * Vazge\u00e7emedi\u011fim (1945)<br \/> * Destan Gibi (1946)<br \/> * Yenisi (1947)<br \/> * Kar\u015f\u0131 (1949)<br \/> * B\u00fct\u00fcn \u015eiirleri (Adam Yay\u0131nlar\u0131, 1951 \u2013 1975)<\/p>\n","protected":false},"excerpt":{"rendered":"<p>Orhan Veli Kan\u0131k (13 Nisan 1914 \u2013 14 Kas\u0131m 1950), T\u00fcrk \u015fair. Melih Cevdet ve Oktay Rifat&#8217;la birlikte Garip Ak\u0131m\u0131&#8217;n\u0131n kurucular\u0131ndand\u0131r. \u015eiirde \u00f6l\u00e7\u00fc, uyak ve sanatl\u0131 s\u00f6yleyi\u015flere kar\u015f\u0131yd\u0131. Orhan Veli, her \u015feyin \u015fiire konu olabilece\u011fini savunmu\u015ftur. \u00c7ocuklu\u011fu \u0130stanbul&#8217;un Cihangir ve Beykoz semtlerinde ge\u00e7ti. \u0130lkokulu Galatasaray Lisesi&#8217;nde yat\u0131l\u0131 olarak okudu. Babas\u0131n\u0131n Cumhurba\u015fkanl\u0131\u011f\u0131 Bando \u015eefi olmas\u0131 \u00fczerine [&hellip;]<\/p>\n","protected":false},"author":1,"featured_media":0,"comment_status":"open","ping_status":"open","sticky":false,"template":"","format":"standard","meta":{"footnotes":""},"categories":[28],"tags":[],"class_list":{"0":"post-688","1":"post","2":"type-post","3":"status-publish","4":"format-standard","6":"category-o-veli-kanik"},"yoast_head":"<!-- This site is optimized with the Yoast SEO Premium plugin v24.9 (Yoast SEO v24.9) - https:\/\/yoast.com\/wordpress\/plugins\/seo\/ -->\n<title>Orhan Veli KANIK Biyografisi - narteks.net<\/title>\n<meta name=\"robots\" content=\"index, follow, max-snippet:-1, max-image-preview:large, max-video-preview:-1\" \/>\n<link rel=\"canonical\" href=\"https:\/\/narteks.net\/index.php\/2009\/04\/17\/orhan-veli-kanik-biyografisi\/\" \/>\n<meta property=\"og:locale\" content=\"tr_TR\" \/>\n<meta property=\"og:type\" content=\"article\" \/>\n<meta property=\"og:title\" content=\"Orhan Veli KANIK Biyografisi\" \/>\n<meta property=\"og:description\" content=\"Orhan Veli Kan\u0131k (13 Nisan 1914 \u2013 14 Kas\u0131m 1950), T\u00fcrk \u015fair. Melih Cevdet ve Oktay Rifat&#8217;la birlikte Garip Ak\u0131m\u0131&#8217;n\u0131n kurucular\u0131ndand\u0131r. \u015eiirde \u00f6l\u00e7\u00fc, uyak ve sanatl\u0131 s\u00f6yleyi\u015flere kar\u015f\u0131yd\u0131. Orhan Veli, her \u015feyin \u015fiire konu olabilece\u011fini savunmu\u015ftur. \u00c7ocuklu\u011fu \u0130stanbul&#8217;un Cihangir ve Beykoz semtlerinde ge\u00e7ti. \u0130lkokulu Galatasaray Lisesi&#8217;nde yat\u0131l\u0131 olarak okudu. Babas\u0131n\u0131n Cumhurba\u015fkanl\u0131\u011f\u0131 Bando \u015eefi olmas\u0131 \u00fczerine [&hellip;]\" \/>\n<meta property=\"og:url\" content=\"https:\/\/narteks.net\/index.php\/2009\/04\/17\/orhan-veli-kanik-biyografisi\/\" \/>\n<meta property=\"og:site_name\" content=\"narteks.net\" \/>\n<meta property=\"article:published_time\" content=\"2009-04-17T07:31:04+00:00\" \/>\n<meta property=\"og:image\" content=\"http:\/\/upload.wikimedia.org\/wikipedia\/tr\/8\/88\/Orhan_Veli_KANIK.jpg\" \/>\n<meta name=\"author\" content=\"Tar\u0131k\" \/>\n<meta name=\"twitter:card\" content=\"summary_large_image\" \/>\n<meta name=\"twitter:creator\" content=\"@narteks\" \/>\n<meta name=\"twitter:site\" content=\"@narteks\" \/>\n<meta name=\"twitter:label1\" content=\"Yazan:\" \/>\n\t<meta name=\"twitter:data1\" content=\"Tar\u0131k\" \/>\n\t<meta name=\"twitter:label2\" content=\"Tahmini okuma s\u00fcresi\" \/>\n\t<meta name=\"twitter:data2\" content=\"3 dakika\" \/>\n<script type=\"application\/ld+json\" class=\"yoast-schema-graph\">{\"@context\":\"https:\/\/schema.org\",\"@graph\":[{\"@type\":\"Article\",\"@id\":\"https:\/\/narteks.net\/index.php\/2009\/04\/17\/orhan-veli-kanik-biyografisi\/#article\",\"isPartOf\":{\"@id\":\"https:\/\/narteks.net\/index.php\/2009\/04\/17\/orhan-veli-kanik-biyografisi\/\"},\"author\":{\"name\":\"Tar\u0131k\",\"@id\":\"https:\/\/narteks.net\/#\/schema\/person\/61f37d9834294b72d31d274e7ed79bca\"},\"headline\":\"Orhan Veli KANIK Biyografisi\",\"datePublished\":\"2009-04-17T07:31:04+00:00\",\"mainEntityOfPage\":{\"@id\":\"https:\/\/narteks.net\/index.php\/2009\/04\/17\/orhan-veli-kanik-biyografisi\/\"},\"wordCount\":546,\"commentCount\":0,\"publisher\":{\"@id\":\"https:\/\/narteks.net\/#organization\"},\"image\":{\"@id\":\"https:\/\/narteks.net\/index.php\/2009\/04\/17\/orhan-veli-kanik-biyografisi\/#primaryimage\"},\"thumbnailUrl\":\"http:\/\/upload.wikimedia.org\/wikipedia\/tr\/8\/88\/Orhan_Veli_KANIK.jpg\",\"articleSection\":[\"O.Veli KANIK\"],\"inLanguage\":\"tr\",\"potentialAction\":[{\"@type\":\"CommentAction\",\"name\":\"Comment\",\"target\":[\"https:\/\/narteks.net\/index.php\/2009\/04\/17\/orhan-veli-kanik-biyografisi\/#respond\"]}]},{\"@type\":\"WebPage\",\"@id\":\"https:\/\/narteks.net\/index.php\/2009\/04\/17\/orhan-veli-kanik-biyografisi\/\",\"url\":\"https:\/\/narteks.net\/index.php\/2009\/04\/17\/orhan-veli-kanik-biyografisi\/\",\"name\":\"Orhan Veli KANIK Biyografisi - narteks.net\",\"isPartOf\":{\"@id\":\"https:\/\/narteks.net\/#website\"},\"primaryImageOfPage\":{\"@id\":\"https:\/\/narteks.net\/index.php\/2009\/04\/17\/orhan-veli-kanik-biyografisi\/#primaryimage\"},\"image\":{\"@id\":\"https:\/\/narteks.net\/index.php\/2009\/04\/17\/orhan-veli-kanik-biyografisi\/#primaryimage\"},\"thumbnailUrl\":\"http:\/\/upload.wikimedia.org\/wikipedia\/tr\/8\/88\/Orhan_Veli_KANIK.jpg\",\"datePublished\":\"2009-04-17T07:31:04+00:00\",\"breadcrumb\":{\"@id\":\"https:\/\/narteks.net\/index.php\/2009\/04\/17\/orhan-veli-kanik-biyografisi\/#breadcrumb\"},\"inLanguage\":\"tr\",\"potentialAction\":[{\"@type\":\"ReadAction\",\"target\":[\"https:\/\/narteks.net\/index.php\/2009\/04\/17\/orhan-veli-kanik-biyografisi\/\"]}]},{\"@type\":\"ImageObject\",\"inLanguage\":\"tr\",\"@id\":\"https:\/\/narteks.net\/index.php\/2009\/04\/17\/orhan-veli-kanik-biyografisi\/#primaryimage\",\"url\":\"http:\/\/upload.wikimedia.org\/wikipedia\/tr\/8\/88\/Orhan_Veli_KANIK.jpg\",\"contentUrl\":\"http:\/\/upload.wikimedia.org\/wikipedia\/tr\/8\/88\/Orhan_Veli_KANIK.jpg\"},{\"@type\":\"BreadcrumbList\",\"@id\":\"https:\/\/narteks.net\/index.php\/2009\/04\/17\/orhan-veli-kanik-biyografisi\/#breadcrumb\",\"itemListElement\":[{\"@type\":\"ListItem\",\"position\":1,\"name\":\"Anasayfa\",\"item\":\"https:\/\/narteks.net\/\"},{\"@type\":\"ListItem\",\"position\":2,\"name\":\"Orhan Veli KANIK Biyografisi\"}]},{\"@type\":\"WebSite\",\"@id\":\"https:\/\/narteks.net\/#website\",\"url\":\"https:\/\/narteks.net\/\",\"name\":\"narteks.net\",\"description\":\"K\u00fclt\u00fcr Sanat Edebiyat Felsefe\",\"publisher\":{\"@id\":\"https:\/\/narteks.net\/#organization\"},\"alternateName\":\"K\u00fclt\u00fcr Sanat Edebiyat Felsefe\",\"potentialAction\":[{\"@type\":\"SearchAction\",\"target\":{\"@type\":\"EntryPoint\",\"urlTemplate\":\"https:\/\/narteks.net\/?s={search_term_string}\"},\"query-input\":{\"@type\":\"PropertyValueSpecification\",\"valueRequired\":true,\"valueName\":\"search_term_string\"}}],\"inLanguage\":\"tr\"},{\"@type\":\"Organization\",\"@id\":\"https:\/\/narteks.net\/#organization\",\"name\":\"narteks.net\",\"url\":\"https:\/\/narteks.net\/\",\"logo\":{\"@type\":\"ImageObject\",\"inLanguage\":\"tr\",\"@id\":\"https:\/\/narteks.net\/#\/schema\/logo\/image\/\",\"url\":\"https:\/\/narteks.net\/wp-content\/uploads\/narteks.png\",\"contentUrl\":\"https:\/\/narteks.net\/wp-content\/uploads\/narteks.png\",\"width\":300,\"height\":90,\"caption\":\"narteks.net\"},\"image\":{\"@id\":\"https:\/\/narteks.net\/#\/schema\/logo\/image\/\"},\"sameAs\":[\"https:\/\/x.com\/narteks\",\"https:\/\/instagram.com\/narteksnet\"]},{\"@type\":\"Person\",\"@id\":\"https:\/\/narteks.net\/#\/schema\/person\/61f37d9834294b72d31d274e7ed79bca\",\"name\":\"Tar\u0131k\",\"image\":{\"@type\":\"ImageObject\",\"inLanguage\":\"tr\",\"@id\":\"https:\/\/narteks.net\/#\/schema\/person\/image\/\",\"url\":\"https:\/\/secure.gravatar.com\/avatar\/50865afb55632c4ae467e0af0930f6510aa2297d8014be502a55b14f3b7550cf?s=96&d=mm&r=g\",\"contentUrl\":\"https:\/\/secure.gravatar.com\/avatar\/50865afb55632c4ae467e0af0930f6510aa2297d8014be502a55b14f3b7550cf?s=96&d=mm&r=g\",\"caption\":\"Tar\u0131k\"},\"sameAs\":[\"http:\/\/narteks.net\"],\"url\":\"https:\/\/narteks.net\/index.php\/author\/narbak\/\"}]}<\/script>\n<!-- \/ Yoast SEO Premium plugin. -->","yoast_head_json":{"title":"Orhan Veli KANIK Biyografisi - narteks.net","robots":{"index":"index","follow":"follow","max-snippet":"max-snippet:-1","max-image-preview":"max-image-preview:large","max-video-preview":"max-video-preview:-1"},"canonical":"https:\/\/narteks.net\/index.php\/2009\/04\/17\/orhan-veli-kanik-biyografisi\/","og_locale":"tr_TR","og_type":"article","og_title":"Orhan Veli KANIK Biyografisi","og_description":"Orhan Veli Kan\u0131k (13 Nisan 1914 \u2013 14 Kas\u0131m 1950), T\u00fcrk \u015fair. Melih Cevdet ve Oktay Rifat&#8217;la birlikte Garip Ak\u0131m\u0131&#8217;n\u0131n kurucular\u0131ndand\u0131r. \u015eiirde \u00f6l\u00e7\u00fc, uyak ve sanatl\u0131 s\u00f6yleyi\u015flere kar\u015f\u0131yd\u0131. Orhan Veli, her \u015feyin \u015fiire konu olabilece\u011fini savunmu\u015ftur. \u00c7ocuklu\u011fu \u0130stanbul&#8217;un Cihangir ve Beykoz semtlerinde ge\u00e7ti. \u0130lkokulu Galatasaray Lisesi&#8217;nde yat\u0131l\u0131 olarak okudu. Babas\u0131n\u0131n Cumhurba\u015fkanl\u0131\u011f\u0131 Bando \u015eefi olmas\u0131 \u00fczerine [&hellip;]","og_url":"https:\/\/narteks.net\/index.php\/2009\/04\/17\/orhan-veli-kanik-biyografisi\/","og_site_name":"narteks.net","article_published_time":"2009-04-17T07:31:04+00:00","og_image":[{"url":"http:\/\/upload.wikimedia.org\/wikipedia\/tr\/8\/88\/Orhan_Veli_KANIK.jpg","type":"","width":"","height":""}],"author":"Tar\u0131k","twitter_card":"summary_large_image","twitter_creator":"@narteks","twitter_site":"@narteks","twitter_misc":{"Yazan:":"Tar\u0131k","Tahmini okuma s\u00fcresi":"3 dakika"},"schema":{"@context":"https:\/\/schema.org","@graph":[{"@type":"Article","@id":"https:\/\/narteks.net\/index.php\/2009\/04\/17\/orhan-veli-kanik-biyografisi\/#article","isPartOf":{"@id":"https:\/\/narteks.net\/index.php\/2009\/04\/17\/orhan-veli-kanik-biyografisi\/"},"author":{"name":"Tar\u0131k","@id":"https:\/\/narteks.net\/#\/schema\/person\/61f37d9834294b72d31d274e7ed79bca"},"headline":"Orhan Veli KANIK Biyografisi","datePublished":"2009-04-17T07:31:04+00:00","mainEntityOfPage":{"@id":"https:\/\/narteks.net\/index.php\/2009\/04\/17\/orhan-veli-kanik-biyografisi\/"},"wordCount":546,"commentCount":0,"publisher":{"@id":"https:\/\/narteks.net\/#organization"},"image":{"@id":"https:\/\/narteks.net\/index.php\/2009\/04\/17\/orhan-veli-kanik-biyografisi\/#primaryimage"},"thumbnailUrl":"http:\/\/upload.wikimedia.org\/wikipedia\/tr\/8\/88\/Orhan_Veli_KANIK.jpg","articleSection":["O.Veli KANIK"],"inLanguage":"tr","potentialAction":[{"@type":"CommentAction","name":"Comment","target":["https:\/\/narteks.net\/index.php\/2009\/04\/17\/orhan-veli-kanik-biyografisi\/#respond"]}]},{"@type":"WebPage","@id":"https:\/\/narteks.net\/index.php\/2009\/04\/17\/orhan-veli-kanik-biyografisi\/","url":"https:\/\/narteks.net\/index.php\/2009\/04\/17\/orhan-veli-kanik-biyografisi\/","name":"Orhan Veli KANIK Biyografisi - narteks.net","isPartOf":{"@id":"https:\/\/narteks.net\/#website"},"primaryImageOfPage":{"@id":"https:\/\/narteks.net\/index.php\/2009\/04\/17\/orhan-veli-kanik-biyografisi\/#primaryimage"},"image":{"@id":"https:\/\/narteks.net\/index.php\/2009\/04\/17\/orhan-veli-kanik-biyografisi\/#primaryimage"},"thumbnailUrl":"http:\/\/upload.wikimedia.org\/wikipedia\/tr\/8\/88\/Orhan_Veli_KANIK.jpg","datePublished":"2009-04-17T07:31:04+00:00","breadcrumb":{"@id":"https:\/\/narteks.net\/index.php\/2009\/04\/17\/orhan-veli-kanik-biyografisi\/#breadcrumb"},"inLanguage":"tr","potentialAction":[{"@type":"ReadAction","target":["https:\/\/narteks.net\/index.php\/2009\/04\/17\/orhan-veli-kanik-biyografisi\/"]}]},{"@type":"ImageObject","inLanguage":"tr","@id":"https:\/\/narteks.net\/index.php\/2009\/04\/17\/orhan-veli-kanik-biyografisi\/#primaryimage","url":"http:\/\/upload.wikimedia.org\/wikipedia\/tr\/8\/88\/Orhan_Veli_KANIK.jpg","contentUrl":"http:\/\/upload.wikimedia.org\/wikipedia\/tr\/8\/88\/Orhan_Veli_KANIK.jpg"},{"@type":"BreadcrumbList","@id":"https:\/\/narteks.net\/index.php\/2009\/04\/17\/orhan-veli-kanik-biyografisi\/#breadcrumb","itemListElement":[{"@type":"ListItem","position":1,"name":"Anasayfa","item":"https:\/\/narteks.net\/"},{"@type":"ListItem","position":2,"name":"Orhan Veli KANIK Biyografisi"}]},{"@type":"WebSite","@id":"https:\/\/narteks.net\/#website","url":"https:\/\/narteks.net\/","name":"narteks.net","description":"K\u00fclt\u00fcr Sanat Edebiyat Felsefe","publisher":{"@id":"https:\/\/narteks.net\/#organization"},"alternateName":"K\u00fclt\u00fcr Sanat Edebiyat Felsefe","potentialAction":[{"@type":"SearchAction","target":{"@type":"EntryPoint","urlTemplate":"https:\/\/narteks.net\/?s={search_term_string}"},"query-input":{"@type":"PropertyValueSpecification","valueRequired":true,"valueName":"search_term_string"}}],"inLanguage":"tr"},{"@type":"Organization","@id":"https:\/\/narteks.net\/#organization","name":"narteks.net","url":"https:\/\/narteks.net\/","logo":{"@type":"ImageObject","inLanguage":"tr","@id":"https:\/\/narteks.net\/#\/schema\/logo\/image\/","url":"https:\/\/narteks.net\/wp-content\/uploads\/narteks.png","contentUrl":"https:\/\/narteks.net\/wp-content\/uploads\/narteks.png","width":300,"height":90,"caption":"narteks.net"},"image":{"@id":"https:\/\/narteks.net\/#\/schema\/logo\/image\/"},"sameAs":["https:\/\/x.com\/narteks","https:\/\/instagram.com\/narteksnet"]},{"@type":"Person","@id":"https:\/\/narteks.net\/#\/schema\/person\/61f37d9834294b72d31d274e7ed79bca","name":"Tar\u0131k","image":{"@type":"ImageObject","inLanguage":"tr","@id":"https:\/\/narteks.net\/#\/schema\/person\/image\/","url":"https:\/\/secure.gravatar.com\/avatar\/50865afb55632c4ae467e0af0930f6510aa2297d8014be502a55b14f3b7550cf?s=96&d=mm&r=g","contentUrl":"https:\/\/secure.gravatar.com\/avatar\/50865afb55632c4ae467e0af0930f6510aa2297d8014be502a55b14f3b7550cf?s=96&d=mm&r=g","caption":"Tar\u0131k"},"sameAs":["http:\/\/narteks.net"],"url":"https:\/\/narteks.net\/index.php\/author\/narbak\/"}]}},"_links":{"self":[{"href":"https:\/\/narteks.net\/index.php\/wp-json\/wp\/v2\/posts\/688","targetHints":{"allow":["GET"]}}],"collection":[{"href":"https:\/\/narteks.net\/index.php\/wp-json\/wp\/v2\/posts"}],"about":[{"href":"https:\/\/narteks.net\/index.php\/wp-json\/wp\/v2\/types\/post"}],"author":[{"embeddable":true,"href":"https:\/\/narteks.net\/index.php\/wp-json\/wp\/v2\/users\/1"}],"replies":[{"embeddable":true,"href":"https:\/\/narteks.net\/index.php\/wp-json\/wp\/v2\/comments?post=688"}],"version-history":[{"count":0,"href":"https:\/\/narteks.net\/index.php\/wp-json\/wp\/v2\/posts\/688\/revisions"}],"wp:attachment":[{"href":"https:\/\/narteks.net\/index.php\/wp-json\/wp\/v2\/media?parent=688"}],"wp:term":[{"taxonomy":"category","embeddable":true,"href":"https:\/\/narteks.net\/index.php\/wp-json\/wp\/v2\/categories?post=688"},{"taxonomy":"post_tag","embeddable":true,"href":"https:\/\/narteks.net\/index.php\/wp-json\/wp\/v2\/tags?post=688"}],"curies":[{"name":"wp","href":"https:\/\/api.w.org\/{rel}","templated":true}]}}