{"id":6881,"date":"2012-06-26T15:52:59","date_gmt":"2012-06-26T12:52:59","guid":{"rendered":"http:\/\/localhost\/wordpress\/2012\/06\/26\/vik-vik-merve-ile-cik-cik-necmi\/"},"modified":"2012-06-26T15:52:59","modified_gmt":"2012-06-26T12:52:59","slug":"vik-vik-merve-ile-cik-cik-necmi","status":"publish","type":"post","link":"https:\/\/narteks.net\/index.php\/2012\/06\/26\/vik-vik-merve-ile-cik-cik-necmi\/","title":{"rendered":"Vik vik Merve ile Cik cik Necmi"},"content":{"rendered":"<p style=\"text-align: justify;\"><img loading=\"lazy\" decoding=\"async\" style=\"float: left;\" src=\"http:\/\/static.idefix.com\/cache\/0\/270\/396370\" width=\"155\" height=\"205\" border=\"0\" \/>B\u00fcy\u00fcy\u00fcp, \u00e7ocuklu\u011fu bir an\u0131lar toplam\u0131 olarak geride b\u0131rak\u0131nca o ula\u015f\u0131lmas\u0131 olanaks\u0131z ge\u00e7mi\u015fimizi ancak \u00e7ocuklara ya da onlara y\u00f6nelik olan \u015feylere dokunarak, hakikatte olmasa bile, bir par\u00e7a ya\u015fama olana\u011f\u0131na kavu\u015fabiliyoruz. Kendi \u00e7ocuklu\u011fumuzu art\u0131k kaybetmi\u015f olsak da ya\u015famda kendini bir \u00e7irkinlik olarak g\u00f6steren sahteli\u011fe, iki y\u00fczl\u00fcl\u00fc\u011fe kar\u015f\u0131 \u00e7ocuk masumiyetinin yery\u00fcz\u00fcne yeniden \u00e7a\u011f\u0131r\u0131lmas\u0131 ya\u015famsal bir \u00f6nem ta\u015f\u0131yor.<\/p>\n<p>Arzu Demirel Birinci\u2019nin yazd\u0131\u011f\u0131 \u201cVikvik merve ile Cik cik Necmi\u201d adl\u0131 \u00e7ocuk kitab\u0131n\u0131 s\u0131k s\u0131k i\u00e7 ge\u00e7irerek,ya\u015fam\u0131n bu en g\u00fczel d\u00f6nemine\u00f6zlem duyarak okudum. \u0130lk \u00e7ocukluk g\u00fcnlerimi ge\u00e7irdi\u011fim bah\u00e7eli evi hat\u0131rl\u0131yorum. Bah\u00e7esinde kocaman hurma a\u011fa\u00e7lar\u0131 olan,ortas\u0131nda bir kuyu bulunan evi \u00f6zl\u00fcyorum \u015fimdi. Bu kitab\u0131 bir \u00e7ocuk olarak okuma \u015fans\u0131na sahip olamad\u0131\u011f\u0131m i\u00e7in \u00fcz\u00fcl\u00fcyorum. Bir \u00e7ocu\u011fun o dolays\u0131z, var olan\u0131 oldu\u011fu gibi kendi oyun alan\u0131na \u00e7a\u011f\u0131rabilen kavray\u0131\u015f\u0131yla bir ba\u015fka tad\u0131 olurdu bu kitab\u0131n eminim.. <\/p>\n<p>\u015eansl\u0131 \u00e7ocuklar, kitab\u0131 okumaya ba\u015flay\u0131nca aynen kendileri gibi her \u015feyden e\u011flence \u00e7\u0131karabilen \u00f6zg\u00fcr \u00e7ocuk kahramanlar\u0131 tan\u0131ma f\u0131rsat\u0131 bulacaklar. O kahramanlar ki k\u00e2h bir korku t\u00fcnelinin k\u00e2\u015fifi olurlar k\u00e2h Melahat teyzenin bah\u00e7esine girip civciv olurlar. Soka\u011fa at\u0131lm\u0131\u015f bir eski koltuk sihirli bir araca d\u00f6nebilir onlar\u0131n yarat\u0131c\u0131 \u00e7ocuk d\u00fcnyalar\u0131nda.<\/p>\n<p>Kitab\u0131n kahramanlar\u0131 iki afacan, ak\u0131ll\u0131 \u00e7ocuk birinin ismi Merve di\u011ferinin ki ise Necmi. Bu ikisi \u00e7ok iyi arkada\u015flar. Zaten oyun dendi mi, yaramazl\u0131k dendi mi\u00a0 bunlar tek ba\u015f\u0131na\u00a0 yap\u0131lacak \u015feyler de\u011fil. \u0130llaki bir arkada\u015fa gereksinim duyar\u0131z. Hele ki Merve ile Necmi gibi i\u00e7tikleri su ayr\u0131 gitmeyen iki ki\u015fiysek bu yaramazl\u0131klar bir ne\u015fe kayna\u011f\u0131na d\u00f6n\u00fc\u015f\u00fcr.<\/p>\n<p>Her \u015feyin betonla\u015ft\u0131\u011f\u0131, sanalla\u015ft\u0131\u011f\u0131 bir d\u00fcnyada samimiyet ve hakikat\u00a0 neredeyse yaln\u0131zca \u00e7ocuklar\u0131n d\u00fcnyas\u0131nda ya\u015f\u0131yor. Hayat ancak sokakta ya\u015fanabiliyorken evlere, televizyon, bilgisayar ba\u015f\u0131na hapsedilen insanlar olarak yar\u0131m bir ya\u015fam\u0131 soluyup duruyoruz. \u0130\u015fte tam bu noktada, Merve ve Necmi\u2019nin hayat\u0131 t\u00fcm naifli\u011fiyle bize olmas\u0131 gerekeni g\u00f6steriyor.<\/p>\n<p>Merve ve Necmi bizi \u00e7ocuklu\u011fun samimiyetine, yarat\u0131c\u0131l\u0131\u011f\u0131na \u00e7a\u011f\u0131r\u0131yorlar. Bizde aynen onlar gibi kendi d\u00fcnyalar\u0131m\u0131zda kendimiz olarak var olabilmenin -belki bizim ger\u00e7e\u011fimizde kaybedilmi\u015f bir d\u00fc\u015f olsa da- hayalini kurmaya ba\u015flayabiliriz.<\/p>\n","protected":false},"excerpt":{"rendered":"<p>B\u00fcy\u00fcy\u00fcp, \u00e7ocuklu\u011fu bir an\u0131lar toplam\u0131 olarak geride b\u0131rak\u0131nca o ula\u015f\u0131lmas\u0131 olanaks\u0131z ge\u00e7mi\u015fimizi ancak \u00e7ocuklara ya da onlara y\u00f6nelik olan \u015feylere dokunarak, hakikatte olmasa bile, bir par\u00e7a ya\u015fama olana\u011f\u0131na kavu\u015fabiliyoruz. Kendi \u00e7ocuklu\u011fumuzu art\u0131k kaybetmi\u015f olsak da ya\u015famda kendini bir \u00e7irkinlik olarak g\u00f6steren sahteli\u011fe, iki y\u00fczl\u00fcl\u00fc\u011fe kar\u015f\u0131 \u00e7ocuk masumiyetinin yery\u00fcz\u00fcne yeniden \u00e7a\u011f\u0131r\u0131lmas\u0131 ya\u015famsal bir \u00f6nem ta\u015f\u0131yor. Arzu [&hellip;]<\/p>\n","protected":false},"author":1,"featured_media":0,"comment_status":"open","ping_status":"open","sticky":false,"template":"","format":"standard","meta":{"footnotes":""},"categories":[137],"tags":[],"class_list":{"0":"post-6881","1":"post","2":"type-post","3":"status-publish","4":"format-standard","6":"category-edebiyat-turkiye"},"yoast_head":"<!-- This site is optimized with the Yoast SEO Premium plugin v24.9 (Yoast SEO v24.9) - https:\/\/yoast.com\/wordpress\/plugins\/seo\/ -->\n<title>Vik vik Merve ile Cik cik Necmi - narteks.net<\/title>\n<meta name=\"robots\" content=\"index, follow, max-snippet:-1, max-image-preview:large, max-video-preview:-1\" \/>\n<link rel=\"canonical\" href=\"https:\/\/narteks.net\/index.php\/2012\/06\/26\/vik-vik-merve-ile-cik-cik-necmi\/\" \/>\n<meta property=\"og:locale\" content=\"tr_TR\" \/>\n<meta property=\"og:type\" content=\"article\" \/>\n<meta property=\"og:title\" content=\"Vik vik Merve ile Cik cik Necmi\" \/>\n<meta property=\"og:description\" content=\"B\u00fcy\u00fcy\u00fcp, \u00e7ocuklu\u011fu bir an\u0131lar toplam\u0131 olarak geride b\u0131rak\u0131nca o ula\u015f\u0131lmas\u0131 olanaks\u0131z ge\u00e7mi\u015fimizi ancak \u00e7ocuklara ya da onlara y\u00f6nelik olan \u015feylere dokunarak, hakikatte olmasa bile, bir par\u00e7a ya\u015fama olana\u011f\u0131na kavu\u015fabiliyoruz. Kendi \u00e7ocuklu\u011fumuzu art\u0131k kaybetmi\u015f olsak da ya\u015famda kendini bir \u00e7irkinlik olarak g\u00f6steren sahteli\u011fe, iki y\u00fczl\u00fcl\u00fc\u011fe kar\u015f\u0131 \u00e7ocuk masumiyetinin yery\u00fcz\u00fcne yeniden \u00e7a\u011f\u0131r\u0131lmas\u0131 ya\u015famsal bir \u00f6nem ta\u015f\u0131yor. Arzu [&hellip;]\" \/>\n<meta property=\"og:url\" content=\"https:\/\/narteks.net\/index.php\/2012\/06\/26\/vik-vik-merve-ile-cik-cik-necmi\/\" \/>\n<meta property=\"og:site_name\" content=\"narteks.net\" \/>\n<meta property=\"article:published_time\" content=\"2012-06-26T12:52:59+00:00\" \/>\n<meta property=\"og:image\" content=\"http:\/\/static.idefix.com\/cache\/0\/270\/396370\" \/>\n<meta name=\"author\" content=\"Tar\u0131k\" \/>\n<meta name=\"twitter:card\" content=\"summary_large_image\" \/>\n<meta name=\"twitter:creator\" content=\"@narteks\" \/>\n<meta name=\"twitter:site\" content=\"@narteks\" \/>\n<meta name=\"twitter:label1\" content=\"Yazan:\" \/>\n\t<meta name=\"twitter:data1\" content=\"Tar\u0131k\" \/>\n\t<meta name=\"twitter:label2\" content=\"Tahmini okuma s\u00fcresi\" \/>\n\t<meta name=\"twitter:data2\" content=\"2 dakika\" \/>\n<script type=\"application\/ld+json\" class=\"yoast-schema-graph\">{\"@context\":\"https:\/\/schema.org\",\"@graph\":[{\"@type\":\"Article\",\"@id\":\"https:\/\/narteks.net\/index.php\/2012\/06\/26\/vik-vik-merve-ile-cik-cik-necmi\/#article\",\"isPartOf\":{\"@id\":\"https:\/\/narteks.net\/index.php\/2012\/06\/26\/vik-vik-merve-ile-cik-cik-necmi\/\"},\"author\":{\"name\":\"Tar\u0131k\",\"@id\":\"https:\/\/narteks.net\/#\/schema\/person\/61f37d9834294b72d31d274e7ed79bca\"},\"headline\":\"Vik vik Merve ile Cik cik Necmi\",\"datePublished\":\"2012-06-26T12:52:59+00:00\",\"mainEntityOfPage\":{\"@id\":\"https:\/\/narteks.net\/index.php\/2012\/06\/26\/vik-vik-merve-ile-cik-cik-necmi\/\"},\"wordCount\":436,\"commentCount\":0,\"publisher\":{\"@id\":\"https:\/\/narteks.net\/#organization\"},\"image\":{\"@id\":\"https:\/\/narteks.net\/index.php\/2012\/06\/26\/vik-vik-merve-ile-cik-cik-necmi\/#primaryimage\"},\"thumbnailUrl\":\"http:\/\/static.idefix.com\/cache\/0\/270\/396370\",\"articleSection\":[\"Edebiyat ( T\u00fcrkiye )\"],\"inLanguage\":\"tr\",\"potentialAction\":[{\"@type\":\"CommentAction\",\"name\":\"Comment\",\"target\":[\"https:\/\/narteks.net\/index.php\/2012\/06\/26\/vik-vik-merve-ile-cik-cik-necmi\/#respond\"]}]},{\"@type\":\"WebPage\",\"@id\":\"https:\/\/narteks.net\/index.php\/2012\/06\/26\/vik-vik-merve-ile-cik-cik-necmi\/\",\"url\":\"https:\/\/narteks.net\/index.php\/2012\/06\/26\/vik-vik-merve-ile-cik-cik-necmi\/\",\"name\":\"Vik vik Merve ile Cik cik Necmi - narteks.net\",\"isPartOf\":{\"@id\":\"https:\/\/narteks.net\/#website\"},\"primaryImageOfPage\":{\"@id\":\"https:\/\/narteks.net\/index.php\/2012\/06\/26\/vik-vik-merve-ile-cik-cik-necmi\/#primaryimage\"},\"image\":{\"@id\":\"https:\/\/narteks.net\/index.php\/2012\/06\/26\/vik-vik-merve-ile-cik-cik-necmi\/#primaryimage\"},\"thumbnailUrl\":\"http:\/\/static.idefix.com\/cache\/0\/270\/396370\",\"datePublished\":\"2012-06-26T12:52:59+00:00\",\"breadcrumb\":{\"@id\":\"https:\/\/narteks.net\/index.php\/2012\/06\/26\/vik-vik-merve-ile-cik-cik-necmi\/#breadcrumb\"},\"inLanguage\":\"tr\",\"potentialAction\":[{\"@type\":\"ReadAction\",\"target\":[\"https:\/\/narteks.net\/index.php\/2012\/06\/26\/vik-vik-merve-ile-cik-cik-necmi\/\"]}]},{\"@type\":\"ImageObject\",\"inLanguage\":\"tr\",\"@id\":\"https:\/\/narteks.net\/index.php\/2012\/06\/26\/vik-vik-merve-ile-cik-cik-necmi\/#primaryimage\",\"url\":\"http:\/\/static.idefix.com\/cache\/0\/270\/396370\",\"contentUrl\":\"http:\/\/static.idefix.com\/cache\/0\/270\/396370\"},{\"@type\":\"BreadcrumbList\",\"@id\":\"https:\/\/narteks.net\/index.php\/2012\/06\/26\/vik-vik-merve-ile-cik-cik-necmi\/#breadcrumb\",\"itemListElement\":[{\"@type\":\"ListItem\",\"position\":1,\"name\":\"Anasayfa\",\"item\":\"https:\/\/narteks.net\/\"},{\"@type\":\"ListItem\",\"position\":2,\"name\":\"Vik vik Merve ile Cik cik Necmi\"}]},{\"@type\":\"WebSite\",\"@id\":\"https:\/\/narteks.net\/#website\",\"url\":\"https:\/\/narteks.net\/\",\"name\":\"narteks.net\",\"description\":\"K\u00fclt\u00fcr Sanat Edebiyat Felsefe\",\"publisher\":{\"@id\":\"https:\/\/narteks.net\/#organization\"},\"alternateName\":\"K\u00fclt\u00fcr Sanat Edebiyat Felsefe\",\"potentialAction\":[{\"@type\":\"SearchAction\",\"target\":{\"@type\":\"EntryPoint\",\"urlTemplate\":\"https:\/\/narteks.net\/?s={search_term_string}\"},\"query-input\":{\"@type\":\"PropertyValueSpecification\",\"valueRequired\":true,\"valueName\":\"search_term_string\"}}],\"inLanguage\":\"tr\"},{\"@type\":\"Organization\",\"@id\":\"https:\/\/narteks.net\/#organization\",\"name\":\"narteks.net\",\"url\":\"https:\/\/narteks.net\/\",\"logo\":{\"@type\":\"ImageObject\",\"inLanguage\":\"tr\",\"@id\":\"https:\/\/narteks.net\/#\/schema\/logo\/image\/\",\"url\":\"https:\/\/narteks.net\/wp-content\/uploads\/narteks.png\",\"contentUrl\":\"https:\/\/narteks.net\/wp-content\/uploads\/narteks.png\",\"width\":300,\"height\":90,\"caption\":\"narteks.net\"},\"image\":{\"@id\":\"https:\/\/narteks.net\/#\/schema\/logo\/image\/\"},\"sameAs\":[\"https:\/\/x.com\/narteks\",\"https:\/\/instagram.com\/narteksnet\"]},{\"@type\":\"Person\",\"@id\":\"https:\/\/narteks.net\/#\/schema\/person\/61f37d9834294b72d31d274e7ed79bca\",\"name\":\"Tar\u0131k\",\"image\":{\"@type\":\"ImageObject\",\"inLanguage\":\"tr\",\"@id\":\"https:\/\/narteks.net\/#\/schema\/person\/image\/\",\"url\":\"https:\/\/secure.gravatar.com\/avatar\/50865afb55632c4ae467e0af0930f6510aa2297d8014be502a55b14f3b7550cf?s=96&d=mm&r=g\",\"contentUrl\":\"https:\/\/secure.gravatar.com\/avatar\/50865afb55632c4ae467e0af0930f6510aa2297d8014be502a55b14f3b7550cf?s=96&d=mm&r=g\",\"caption\":\"Tar\u0131k\"},\"sameAs\":[\"http:\/\/narteks.net\"],\"url\":\"https:\/\/narteks.net\/index.php\/author\/narbak\/\"}]}<\/script>\n<!-- \/ Yoast SEO Premium plugin. -->","yoast_head_json":{"title":"Vik vik Merve ile Cik cik Necmi - narteks.net","robots":{"index":"index","follow":"follow","max-snippet":"max-snippet:-1","max-image-preview":"max-image-preview:large","max-video-preview":"max-video-preview:-1"},"canonical":"https:\/\/narteks.net\/index.php\/2012\/06\/26\/vik-vik-merve-ile-cik-cik-necmi\/","og_locale":"tr_TR","og_type":"article","og_title":"Vik vik Merve ile Cik cik Necmi","og_description":"B\u00fcy\u00fcy\u00fcp, \u00e7ocuklu\u011fu bir an\u0131lar toplam\u0131 olarak geride b\u0131rak\u0131nca o ula\u015f\u0131lmas\u0131 olanaks\u0131z ge\u00e7mi\u015fimizi ancak \u00e7ocuklara ya da onlara y\u00f6nelik olan \u015feylere dokunarak, hakikatte olmasa bile, bir par\u00e7a ya\u015fama olana\u011f\u0131na kavu\u015fabiliyoruz. Kendi \u00e7ocuklu\u011fumuzu art\u0131k kaybetmi\u015f olsak da ya\u015famda kendini bir \u00e7irkinlik olarak g\u00f6steren sahteli\u011fe, iki y\u00fczl\u00fcl\u00fc\u011fe kar\u015f\u0131 \u00e7ocuk masumiyetinin yery\u00fcz\u00fcne yeniden \u00e7a\u011f\u0131r\u0131lmas\u0131 ya\u015famsal bir \u00f6nem ta\u015f\u0131yor. Arzu [&hellip;]","og_url":"https:\/\/narteks.net\/index.php\/2012\/06\/26\/vik-vik-merve-ile-cik-cik-necmi\/","og_site_name":"narteks.net","article_published_time":"2012-06-26T12:52:59+00:00","og_image":[{"url":"http:\/\/static.idefix.com\/cache\/0\/270\/396370","type":"","width":"","height":""}],"author":"Tar\u0131k","twitter_card":"summary_large_image","twitter_creator":"@narteks","twitter_site":"@narteks","twitter_misc":{"Yazan:":"Tar\u0131k","Tahmini okuma s\u00fcresi":"2 dakika"},"schema":{"@context":"https:\/\/schema.org","@graph":[{"@type":"Article","@id":"https:\/\/narteks.net\/index.php\/2012\/06\/26\/vik-vik-merve-ile-cik-cik-necmi\/#article","isPartOf":{"@id":"https:\/\/narteks.net\/index.php\/2012\/06\/26\/vik-vik-merve-ile-cik-cik-necmi\/"},"author":{"name":"Tar\u0131k","@id":"https:\/\/narteks.net\/#\/schema\/person\/61f37d9834294b72d31d274e7ed79bca"},"headline":"Vik vik Merve ile Cik cik Necmi","datePublished":"2012-06-26T12:52:59+00:00","mainEntityOfPage":{"@id":"https:\/\/narteks.net\/index.php\/2012\/06\/26\/vik-vik-merve-ile-cik-cik-necmi\/"},"wordCount":436,"commentCount":0,"publisher":{"@id":"https:\/\/narteks.net\/#organization"},"image":{"@id":"https:\/\/narteks.net\/index.php\/2012\/06\/26\/vik-vik-merve-ile-cik-cik-necmi\/#primaryimage"},"thumbnailUrl":"http:\/\/static.idefix.com\/cache\/0\/270\/396370","articleSection":["Edebiyat ( T\u00fcrkiye )"],"inLanguage":"tr","potentialAction":[{"@type":"CommentAction","name":"Comment","target":["https:\/\/narteks.net\/index.php\/2012\/06\/26\/vik-vik-merve-ile-cik-cik-necmi\/#respond"]}]},{"@type":"WebPage","@id":"https:\/\/narteks.net\/index.php\/2012\/06\/26\/vik-vik-merve-ile-cik-cik-necmi\/","url":"https:\/\/narteks.net\/index.php\/2012\/06\/26\/vik-vik-merve-ile-cik-cik-necmi\/","name":"Vik vik Merve ile Cik cik Necmi - narteks.net","isPartOf":{"@id":"https:\/\/narteks.net\/#website"},"primaryImageOfPage":{"@id":"https:\/\/narteks.net\/index.php\/2012\/06\/26\/vik-vik-merve-ile-cik-cik-necmi\/#primaryimage"},"image":{"@id":"https:\/\/narteks.net\/index.php\/2012\/06\/26\/vik-vik-merve-ile-cik-cik-necmi\/#primaryimage"},"thumbnailUrl":"http:\/\/static.idefix.com\/cache\/0\/270\/396370","datePublished":"2012-06-26T12:52:59+00:00","breadcrumb":{"@id":"https:\/\/narteks.net\/index.php\/2012\/06\/26\/vik-vik-merve-ile-cik-cik-necmi\/#breadcrumb"},"inLanguage":"tr","potentialAction":[{"@type":"ReadAction","target":["https:\/\/narteks.net\/index.php\/2012\/06\/26\/vik-vik-merve-ile-cik-cik-necmi\/"]}]},{"@type":"ImageObject","inLanguage":"tr","@id":"https:\/\/narteks.net\/index.php\/2012\/06\/26\/vik-vik-merve-ile-cik-cik-necmi\/#primaryimage","url":"http:\/\/static.idefix.com\/cache\/0\/270\/396370","contentUrl":"http:\/\/static.idefix.com\/cache\/0\/270\/396370"},{"@type":"BreadcrumbList","@id":"https:\/\/narteks.net\/index.php\/2012\/06\/26\/vik-vik-merve-ile-cik-cik-necmi\/#breadcrumb","itemListElement":[{"@type":"ListItem","position":1,"name":"Anasayfa","item":"https:\/\/narteks.net\/"},{"@type":"ListItem","position":2,"name":"Vik vik Merve ile Cik cik Necmi"}]},{"@type":"WebSite","@id":"https:\/\/narteks.net\/#website","url":"https:\/\/narteks.net\/","name":"narteks.net","description":"K\u00fclt\u00fcr Sanat Edebiyat Felsefe","publisher":{"@id":"https:\/\/narteks.net\/#organization"},"alternateName":"K\u00fclt\u00fcr Sanat Edebiyat Felsefe","potentialAction":[{"@type":"SearchAction","target":{"@type":"EntryPoint","urlTemplate":"https:\/\/narteks.net\/?s={search_term_string}"},"query-input":{"@type":"PropertyValueSpecification","valueRequired":true,"valueName":"search_term_string"}}],"inLanguage":"tr"},{"@type":"Organization","@id":"https:\/\/narteks.net\/#organization","name":"narteks.net","url":"https:\/\/narteks.net\/","logo":{"@type":"ImageObject","inLanguage":"tr","@id":"https:\/\/narteks.net\/#\/schema\/logo\/image\/","url":"https:\/\/narteks.net\/wp-content\/uploads\/narteks.png","contentUrl":"https:\/\/narteks.net\/wp-content\/uploads\/narteks.png","width":300,"height":90,"caption":"narteks.net"},"image":{"@id":"https:\/\/narteks.net\/#\/schema\/logo\/image\/"},"sameAs":["https:\/\/x.com\/narteks","https:\/\/instagram.com\/narteksnet"]},{"@type":"Person","@id":"https:\/\/narteks.net\/#\/schema\/person\/61f37d9834294b72d31d274e7ed79bca","name":"Tar\u0131k","image":{"@type":"ImageObject","inLanguage":"tr","@id":"https:\/\/narteks.net\/#\/schema\/person\/image\/","url":"https:\/\/secure.gravatar.com\/avatar\/50865afb55632c4ae467e0af0930f6510aa2297d8014be502a55b14f3b7550cf?s=96&d=mm&r=g","contentUrl":"https:\/\/secure.gravatar.com\/avatar\/50865afb55632c4ae467e0af0930f6510aa2297d8014be502a55b14f3b7550cf?s=96&d=mm&r=g","caption":"Tar\u0131k"},"sameAs":["http:\/\/narteks.net"],"url":"https:\/\/narteks.net\/index.php\/author\/narbak\/"}]}},"_links":{"self":[{"href":"https:\/\/narteks.net\/index.php\/wp-json\/wp\/v2\/posts\/6881","targetHints":{"allow":["GET"]}}],"collection":[{"href":"https:\/\/narteks.net\/index.php\/wp-json\/wp\/v2\/posts"}],"about":[{"href":"https:\/\/narteks.net\/index.php\/wp-json\/wp\/v2\/types\/post"}],"author":[{"embeddable":true,"href":"https:\/\/narteks.net\/index.php\/wp-json\/wp\/v2\/users\/1"}],"replies":[{"embeddable":true,"href":"https:\/\/narteks.net\/index.php\/wp-json\/wp\/v2\/comments?post=6881"}],"version-history":[{"count":0,"href":"https:\/\/narteks.net\/index.php\/wp-json\/wp\/v2\/posts\/6881\/revisions"}],"wp:attachment":[{"href":"https:\/\/narteks.net\/index.php\/wp-json\/wp\/v2\/media?parent=6881"}],"wp:term":[{"taxonomy":"category","embeddable":true,"href":"https:\/\/narteks.net\/index.php\/wp-json\/wp\/v2\/categories?post=6881"},{"taxonomy":"post_tag","embeddable":true,"href":"https:\/\/narteks.net\/index.php\/wp-json\/wp\/v2\/tags?post=6881"}],"curies":[{"name":"wp","href":"https:\/\/api.w.org\/{rel}","templated":true}]}}