{"id":6885,"date":"2012-07-01T23:28:53","date_gmt":"2012-07-01T20:28:53","guid":{"rendered":"http:\/\/localhost\/wordpress\/2012\/07\/01\/edebiyat-urunlerinde-su-biktirici-cok-satarlik-meselesini-bir-kez-daha-tartismaya-acmak-gerekiyor-aomer-turkes\/"},"modified":"2012-07-01T23:28:53","modified_gmt":"2012-07-01T20:28:53","slug":"edebiyat-urunlerinde-su-biktirici-cok-satarlik-meselesini-bir-kez-daha-tartismaya-acmak-gerekiyor-aomer-turkes","status":"publish","type":"post","link":"https:\/\/narteks.net\/index.php\/2012\/07\/01\/edebiyat-urunlerinde-su-biktirici-cok-satarlik-meselesini-bir-kez-daha-tartismaya-acmak-gerekiyor-aomer-turkes\/","title":{"rendered":"Edebiyat \u00fcr\u00fcnlerinde \u015fu b\u0131kt\u0131r\u0131c\u0131 \u201c\u00e7ok satarl\u0131k\u201d meselesini bir kez daha tart\u0131\u015fmaya a\u00e7mak gerekiyor | A.\u00d6mer T\u00fcrke\u015f"},"content":{"rendered":"<p style=\"text-align: justify;\"><img loading=\"lazy\" decoding=\"async\" src=\"images\/stories\/cok-satan-kitaplar.jpg\" border=\"0\" width=\"155\" height=\"205\" style=\"border: 0px none; float: left;\" \/>2000\u2019li y\u0131llarda roman \u00fcretiminin alt\u0131n \u00e7a\u011f\u0131 ya\u015fan\u0131yor. Tam da kapitalizmin ruhuna uygun bi\u00e7imde, karakteristi\u011fini edebi de\u011ferde de\u011fil say\u0131larda bulan bir alt\u0131n \u00e7a\u011f bu. Yeni roman ve yeni yazar say\u0131s\u0131nda her y\u0131l k\u0131r\u0131lan rekorlar bir yana, \u00e7ok satan kitaplar\u0131n ula\u015ft\u0131\u011f\u0131 sat\u0131\u015f rakamlar\u0131 da T\u00fcrkiye ko\u015fullar\u0131 g\u00f6z \u00f6n\u00fcne al\u0131nd\u0131\u011f\u0131nda \u201cg\u00f6z kama\u015ft\u0131r\u0131c\u0131\u201d.<\/p>\n<p>T\u0131rnak i\u00e7ine al\u0131yorum \u201cg\u00f6z kama\u015ft\u0131r\u0131c\u0131l\u0131\u011f\u0131\u201d. G\u00f6zlerimizin kama\u015ft\u0131\u011f\u0131 an, bir il\u00fczyon ya\u015f\u0131yor;\u00a0 \u00e7ok satan yazarlar\u0131 dergi kapaklar\u0131na, gazetelerin magazin sayfalar\u0131na ve TV programlar\u0131na ta\u015f\u0131yarak g\u00f6r\u00fcn\u00fcr hale getirirken kitap sat\u0131\u015flar\u0131n\u0131 biraz daha k\u00f6r\u00fckleyen bu k\u0131s\u0131r d\u00f6ng\u00fcy\u00fc farkedemiyoruz. G\u00f6z boyamac\u0131l\u0131\u011f\u0131n fark\u0131na var\u0131p itiraz edenlerse ba\u015far\u0131l\u0131 olan\u0131 \u00e7ekememezlikle su\u00e7lan\u0131yor. Bu nedenle \u015fu b\u0131kt\u0131r\u0131c\u0131 \u201c\u00e7ok satarl\u0131k\u201d meselesini bir kez daha tart\u0131\u015fmaya a\u00e7mak gerekiyor.<\/p>\n<p>Yanl\u0131\u015f anla\u015f\u0131lmalara mahal vermemek i\u00e7in bir ilk uyar\u0131yla ba\u015flayal\u0131m: Kitap \u00fcretimi kapitalist \u00fcretimin bir par\u00e7as\u0131d\u0131r. Bu nedenle her edebi \u00fcr\u00fcn ba\u015fta yazar olmak \u00fczere \u00fcr\u00fcn\u00fcn \u00fcretim s\u00fcrecinde yer alan herkesin maddi ihtiya\u00e7lar\u0131n\u0131n kar\u015f\u0131lanmas\u0131 meselesini \u00f6n\u00fcm\u00fcze koyar. Bu, para kazanmak gayesi de g\u00fcden yaz\u0131nsal faaliyetlerin edebi de\u011ferden yoksun olaca\u011f\u0131 anlam\u0131na gelmez. Unutmayal\u0131m ki, edebiyat tarihinin pek \u00e7ok ba\u015fyap\u0131t\u0131 Victor Hugo, Dostovyevski, Balzac ya da Alexandre Dumas gibi yazarlar\u0131n \u201cnakite s\u0131k\u0131\u015f\u0131kl\u0131\u011f\u0131n\u0131n\u201d \u00fcr\u00fcn\u00fcd\u00fcr. Daha \u00f6nce de yazm\u0131\u015ft\u0131m, bir kez daha vurguluyorum; tart\u0131\u015f\u0131lmas\u0131 gereken ve edebi a\u00e7\u0131dan sorun \u00e7\u0131karan \u015fey, bir kitab\u0131n \u00e7ok sevilip \u00e7ok satmas\u0131 de\u011fil, daha ilk ba\u015ftan \u00e7ok satmak amac\u0131yla, \u00e7ok satarl\u0131k kal\u0131plar\u0131 g\u00f6zetilerek kaleme al\u0131nmas\u0131ndad\u0131r. Bir edebiyat eserinin okuyucuyla bulu\u015fmas\u0131, \u00e7ok satmas\u0131 ve sonu\u00e7ta edebiyat sekt\u00f6r\u00fcne girdi sa\u011flamas\u0131ndan rahats\u0131zl\u0131k duymas\u0131 kimseyi rahats\u0131z etmiyor. Hatta edebi de\u011fer yoksunu \u00fcr\u00fcnlerin sat\u0131\u015f rakamlar\u0131ndan da endi\u015felenmiyoruz. Sorun etti\u011fimiz bir yazar\u0131n ve \u00fcr\u00fcn\u00fcn\u00fcn \u2013roman\u0131n\u0131n\u2013 de\u011ferinin say\u0131larla ifade edilmesinde.<\/p>\n<p>Bir kitab\u0131\u00a0 \u201c\u00e7oksatar\u201d \u2013ya da \u201cbestseller\u201d\u2013 yapan \u015fey o kitab\u0131n \u00e7ok satmas\u0131ndan ya da pop\u00fclerle\u015fmesinden ba\u011f\u0131ms\u0131zd\u0131r. \u0130ster a\u015fk\u0131 anlats\u0131n ister nefreti, ister polisiye olsun isterse korku, \u201c\u00e7oksatarl\u0131k\u201d bir anlat\u0131m kal\u0131b\u0131d\u0131r:<\/p>\n<p>Grundrisse\u2019deki m\u00fckemmel ifadesiyle: \u201c\u00dcretimin t\u00fcketim i\u00e7in yaratt\u0131\u011f\u0131\u00a0 tek \u015fey nesne de\u011fildir. \u00dcretim ayn\u0131 zamanda t\u00fcketime \u00f6zg\u00fcll\u00fc\u011f\u00fcn\u00fc, karakterini, cilas\u0131n\u0131 verir; art\u0131k nesne herhangi bir nesne de\u011fil, \u00fcretimi taraf\u0131ndan dolay\u0131mlanan kendine g\u00f6re bir adaba g\u00f6re t\u00fcketilecek \u00f6zg\u00fcl bir nesnedir. A\u00e7l\u0131k a\u00e7l\u0131kt\u0131r, ama \u00e7atal b\u0131\u00e7akla yenilecek pi\u015fmi\u015f etle giderilen a\u00e7l\u0131k ba\u015fka, eller t\u0131rnaklar di\u015fler yard\u0131m\u0131yla \u00e7i\u011f eti mideye indiren a\u00e7l\u0131k ba\u015fkad\u0131r. O halde \u00fcretim yaln\u0131z nesneyi de\u011fil, ayn\u0131 zamanda t\u00fcketim tarz\u0131n\u0131 da; yaln\u0131z nesne olarak de\u011fil, ayn\u0131 zamanda \u00f6znel olarak da \u00fcretmektedir.<\/p>\n<p>\u00dcretim \u00f6yleyse t\u00fcketiciyi yaratmaktad\u0131r\u201d der Marx. Genel \u00fcretimin tarz\u0131n\u0131n \u00f6zel bir alt alan\u0131 olan edebi \u00fcretim tarz\u0131na ge\u00e7ersek e\u011fer, her edebi metinin kendi \u00fcretiminin toplumsal ili\u015fkilerini de i\u00e7erdi\u011fini g\u00f6rebiliriz; \u201cher metin ba\u011fl\u0131 oldu\u011fu g\u00f6renekler gere\u011fi nas\u0131l t\u00fcketilebilece\u011fini dolayl\u0131 olarak belirtir ve kendi i\u00e7inde nas\u0131l, kimin taraf\u0131ndan, kimin i\u00e7in \u00fcretildi\u011fi bellidir. Kendi \u00fcretilebilirli\u011finin t\u00fcketilme kapasitesi ile tan\u0131mlayarak her metin belli bir okur kitlesi \u00f6nerir\u201d..! Ama t\u00fcketim de ortaya \u00fcr\u00fcnlerin bir \u00fcr\u00fcn olarak varolabilmelerini sa\u011flayan bir \u00f6zne koymakla, \u00fcretimi dolay\u0131mlar. \u00dcretici(yazar), t\u00fcketicisini(okuyucusunu) se\u00e7erken nas\u0131l bir \u00fcr\u00fcn(roman) \u00fcretece\u011fini de belirler.<\/p>\n<p>T\u00fcm \u00f6zellikleriyle okuyucu edebiyat\u0131 g\u00f6z\u00fcyle bak\u0131labilir bu edebiyata. Olanca varl\u0131\u011f\u0131n\u0131 belirleyen okuyucudur da ondan. Yazar yaln\u0131zca, ama yaln\u0131zca okuyucunun isteklerine uygun bir gere\u00e7 durumundad\u0131r\u2026. Okuyucu ne istiyorsa o, nas\u0131l istiyorsa \u00f6yle ortaya konur bu edebiyatta her \u015fey. Okuyucu ac\u0131l\u0131 yaz\u0131lardan m\u0131 ho\u015flan\u0131yor, her sayfada g\u00f6zya\u015f\u0131 f\u0131rsat\u0131 kollar yazar; g\u00fcl\u00fcn\u00e7 \u015feylerden ho\u015flan\u0131yorsa okuyucu, g\u00fcl\u00fc\u015f avc\u0131l\u0131\u011f\u0131na ba\u015flar yazar. Yap\u0131tlar\u0131n mutlu bir sona m\u0131 ba\u011flanaca\u011f\u0131, yoksa bir d\u00fczine kahraman\u0131n ardarda \u00f6lmesi mi gerekece\u011fi hep okuyucunun e\u011filimine g\u00f6re ayarlan\u0131r. Okuyucu korkuya, sertli\u011fe d\u00fc\u015fk\u00fcnse yontulmam\u0131\u015f kuvvetler \u00e7\u0131kar\u0131r sahneye; \u00e7\u0131tk\u0131r\u0131ld\u0131m ili\u015fkiler modaysa, inceldi\u011fi yerden kopacak ba\u011flarla \u00f6rg\u00fctlenir olaylar (\u2026) Dilce hemen tan\u0131yabilece\u011fimiz bir k\u0131l\u0131\u011fa b\u00fcr\u00fcnm\u00fc\u015ft\u00fcr bu edebiyat. \u00c7\u0131\u011f\u0131rtkan adlardan, merak uyand\u0131ran ba\u015fl\u0131klardan ge\u00e7ilmez. Konu\u015fmalar s\u00fcr\u00fckleyicidir. Y\u0131\u011f\u0131n okuyucusunu s\u0131kmayacak niteliktedir anlat\u0131\u015f. Sanat\u00e7a \u00f6zentiye yer yoktur. G\u00fcnl\u00fck dil kullan\u0131l\u0131r geni\u015f \u00f6l\u00e7\u00fcde. S\u00f6z b\u00f6l\u00fcklerinden en \u00e7ok nitelemelere, abart\u0131c\u0131 nitelemelere ba\u015fvurulur. Bir kad\u0131n\u0131n g\u00fczel oldu\u011funu s\u00f6ylemek i\u00e7in, salt g\u00fczelli\u011fini anlatan bir dizi niteleme yan yana konur; bir erke\u011fin yak\u0131\u015f\u0131kl\u0131 oldu\u011funu s\u00f6ylemek i\u00e7in, yak\u0131\u015f\u0131kl\u0131l\u0131k yans\u0131tan t\u00fcm niteleme g\u00f6stergeleri sergilenir. Az \u00e7ok iyi bir insan en-iyi olur b\u00f6ylece, k\u00f6t\u00fc yanlar\u0131 olan biri de k\u00f6t\u00fcn\u00fcn k\u00f6t\u00fcs\u00fc\u2026. A\u015fkt\u0131r, cinayettir, ser\u00fcvendir en \u00e7ok i\u015flenen. Ac\u0131kl\u0131, g\u00f6rkemli, e\u011flendirici, ayran kabart\u0131c\u0131 sahnelere s\u0131k s\u0131k rastlan\u0131r. Derin denilen konulara el at\u0131lsa bile, bunlar\u0131n y\u0131\u011f\u0131n\u0131n anlama ve be\u011feni olanaklar\u0131 \u00e7er\u00e7evesinde geli\u015ftirilece\u011fi a\u00e7\u0131kt\u0131r.<\/p>\n<p>\u201c\u00c7oksatar\u201d romanlar g\u00f6r\u00fcnenin alt\u0131ndaki ger\u00e7e\u011fi \u00e7eli\u015fkileriyle birlikte ortaya \u00e7\u0131karmaya \u00e7al\u0131\u015fmazlar. Zaten ne yazar\u0131n entelekt\u00fcel birikimi ne de se\u00e7ti\u011fi okuyucu profili buna elveri\u015flidir. \u0130nsan ve toplum anlat\u0131mlar\u0131 \u00e7eli\u015fkili ve yetersizliklerle dolu, e\u015fya ve mekan tasvirleri \u00f6zensizdir, ancak birbirlerinin, ya da mesela sinema gibi benzer alanlar\u0131n\u00a0 i\u00e7ine s\u0131zar, eksikliklerinin okuyucu taraf\u0131ndan tamamlanmas\u0131n\u0131 talep ederler. Bourdieu\u2019nun da savundu\u011fu gibi, y\u00fcksek k\u00fclt\u00fcr kar\u015f\u0131s\u0131nda pop\u00fcler k\u00fclt\u00fcr\u00fcn ay\u0131rt edici temel \u00f6zelliklerinden bir tanesi, estetik ile g\u00fcndelik ya\u015fam aras\u0131ndaki herhangi bir uzakl\u0131\u011f\u0131 kesin bi\u00e7imde red etmesidir; kullan\u0131lan kal\u0131plar, egemen ideolojinin \u00f6ng\u00f6r\u00fcye dayal\u0131 g\u00fcndelik anlat\u0131mlar\u0131d\u0131r.<\/p>\n<p>\u015eunu \u00f6zellikle belirtmek gerekir: Bat\u0131n\u0131n bestseller end\u00fcstrisi, art\u0131k \u201cedebiyat d\u0131\u015f\u0131\u201d ya da \u201cucuz roman\u201d adland\u0131rmalar\u0131na ald\u0131r\u0131\u015f bile etmiyor, kendisini edebiyat\u0131n terimleriyle savunmuyor. Me\u015fruiyetini b\u00fct\u00fcn d\u00fcnyada \u00e7ok satarl\u0131\u011f\u0131nda bulan bu ulusal s\u0131n\u0131r ve k\u00fclt\u00fcrel fark tan\u0131maz end\u00fcstri, belki edebiyat sosyolojisinin \u2013ya da genel anlam\u0131yla sosyolojinin\u2013 ilgi alan\u0131na girmesi gereken bir fenomen. Ancak \u00f6te yandan kendisini milyonlara okutturmay\u0131 sa\u011flayan hikayeleriyle, y\u00fck\u00fcn\u00fc hikayelerin ta\u015f\u0131d\u0131\u011f\u0131 roman sanat\u0131n\u0131n kay\u0131ts\u0131z kalamayaca\u011f\u0131 bir fenomen. \u201cBestseller\u201d tarz\u0131 polisiye-gerilim romanlar\u0131n\u0131n bug\u00fcn geldi\u011fi noktan\u0131n edebi a\u00e7\u0131dan da ilgiye de\u011fer oldu\u011funu d\u00fc\u015f\u00fcn\u00fcyorum. <\/p>\n<p>Az\u0131msanmayacak miktarda \u201cmekanik yaz\u0131m\u201d i\u00e7ermesine, bu \u201cmekanik yaz\u0131m\u201dda yazarlar\u0131n roman sat\u0131rlar\u0131n\u0131 ve karakterleri sanki bir \u00fcretim band\u0131 \u00fczerindeymi\u015f gibi olu\u015fturmas\u0131na, ayr\u0131\u015ft\u0131rmas\u0131na ve yeniden olu\u015fturmas\u0131na ra\u011fmen, \u00fcretim teknik a\u00e7\u0131dan giderek m\u00fckemmelle\u015fiyor. \u00c7alakalem yaz\u0131lm\u0131\u015f c\u00fcmleler, gereksiz karakterler, i\u015flevsiz ayr\u0131nt\u0131lar bulmak neredeyse imkans\u0131z. Okuyucusunu tan\u0131yan, se\u00e7en ve beklentisine cevap veren bir edebi \u00fcretim tarz\u0131n\u0131n \u00e7ok satmas\u0131ndan daha do\u011fal ne olabilir?<\/p>\n<p>Bat\u0131da y\u0131llar \u00f6nce ortaya \u00e7\u0131kan ve bir \u00e7\u00f6z\u00fcme ba\u011flanan sorunun T\u00fcrkiye\u2019de yeni yeni tart\u0131\u015f\u0131l\u0131r olmas\u0131 yarat\u0131yor karga\u015fay\u0131. Ayd\u0131nlanmac\u0131 bir gelene\u011fin etkileriyle edebiyata y\u00fcklenen olumlu anlamlar\u0131n ge\u00e7erliliklerini hala korudu\u011fu T\u00fcrkiye\u2019de yazarlar\u0131n hem \u00e7ok satmay\u0131 ama\u00e7lay\u0131p hem de geleneksel edebiyat\u0131n de\u011fer kavramlar\u0131n\u0131 terketmemeleri, bu kavramlar\u0131n i\u00e7inin bo\u015falt\u0131larak edebi de\u011fer \u00f6l\u00e7\u00fct\u00fcn\u00fcn d\u00f6n\u00fcp dola\u015f\u0131p yine \u00e7ok satarl\u0131k kantar\u0131na vurulmas\u0131na neden oluyor.<\/p>\n<p>Bizim \u00e7oksatan yazarlar\u0131m\u0131z kendi \u00fcr\u00fcnlerinin toplumbilimsel \u00e7\u00f6z\u00fcmlemelere tabi tutulmalar\u0131n\u0131 kaba buluyor, romanlar\u0131n\u0131n \u00e7ok satmas\u0131 \u00fczerine yap\u0131lan de\u011ferlendirmeleri \u201c\u00f6zne\u201d olarak sayg\u0131nl\u0131klar\u0131na, edebi yarat\u0131c\u0131l\u0131klar\u0131na, \u201c\u00e7\u0131kar g\u00f6zetmeyen\u201d faaliyetlerine bir sald\u0131r\u0131 olarak alg\u0131l\u0131yor, hem \u00e7ok satmak hem edebiyat auras\u0131n\u0131 ba\u015flar\u0131n\u0131n \u00fczerinde ta\u015f\u0131mak istiyorlar.<\/p>\n<p>Genel \u00fcretim ili\u015fkilerinin do\u011fal bir sonucu olan bu durumu, kitap end\u00fcstrisine kendi istekleriyle ayak bas\u0131p \u201cstar\u201dl\u0131k sistemini kabullenen ve de\u011ferlerini \u201cbilboard\u201dlarla, sat\u0131\u015f rakamlar\u0131 ile \u00f6l\u00e7en yazarlar\u0131 ele\u015ftirmek ya da k\u00fc\u00e7\u00fcmsemek\u00a0 gibi bir niyetim hi\u00e7 yok. Ancak onlar\u0131n da hem yarat\u0131c\u0131l\u0131k mitini kimselere b\u0131rakmamak, hem de \u00fcretimine katk\u0131da bulunup nimetlerinden bolca yararland\u0131klar\u0131 pop\u00fcler k\u00fclt\u00fcrden yak\u0131nmak haklar\u0131 olmasa gerek. Ayn\u0131 anda hem orada hem burada durmak, hem ho\u015flanmak hem \u015fikayet etmek; yoksa \u201cpostmodern yar\u0131lma\u201d denilen durum tam da bu mu?<\/p>\n<p>Kitap \u00fcretimi ya da edebiyat\u2026 Hangi kavram\u0131n, hangi kelimenin kullan\u0131ld\u0131\u011f\u0131n\u0131n hi\u00e7bir \u00f6nemi yok; tart\u0131\u015f\u0131lmas\u0131 gereken, i\u015fte bu yeni ili\u015fkinin \u2013Pazar ko\u015fullar\u0131n\u0131n belirledi\u011fi \u00fcretimin\u2013 kendisidir.<\/p>\n<p>Bunun i\u00e7in tarihsel edebiyat kavram\u0131n\u0131n zihnimizde yaratt\u0131\u011f\u0131 kutsall\u0131k imgesinden s\u0131yr\u0131lmak, yazar\u0131n \u201cyarat\u0131c\u0131\u201dl\u0131\u011f\u0131n\u0131, metnin \u201cbiricik\u201dli\u011fini bir kenara itmek, kitap \u00fcretimini ait oldu\u011fu alan\u0131n, yani pazar\u0131n kavramlar\u0131 ile anlamaya \u00e7al\u0131\u015fmak ve \u201cedebi\u201d s\u00f6zc\u00fc\u011f\u00fcn\u00fcn \u00e7a\u011fr\u0131\u015ft\u0131rd\u0131\u011f\u0131 b\u00fct\u00fcn \u00f6nkabullerden s\u0131yr\u0131lmak zoruday\u0131z. Yazar\u0131, yay\u0131nevini, kitap\u00e7\u0131 ve okuyucuyu bir kitap \u00f6zelinde birle\u015ftiren yeni \u201caura\u201d say\u0131sal de\u011ferlerle \u00f6l\u00e7\u00fclen bir \u015feyse e\u011fer, hikaye, roman ya da \u015fiir, t\u00fcr\u00fc ne olursa olsun, bir kitab\u0131 yorumlarken bu say\u0131sal de\u011fere etki eden parametreleri g\u00f6zard\u0131 edemeyiz art\u0131k.<\/p>\n<p>Roman alan\u0131ndaki bu de\u011ferler karma\u015fas\u0131 s\u00fcr\u00fcp gitmeyecek elbette; alan\u0131n kapitalizmin yasalar\u0131na tam uyumlu bir hale gelmesinden sonra ayr\u0131\u015fma netle\u015fecek ve \u00e7ok satarl\u0131k \u2013t\u0131pk\u0131 Bat\u0131n\u0131n \u201cbestseller\u201dleri gibi\u2013 ayr\u0131 bir roman t\u00fcr\u00fc olarak \u00f6zg\u00fcrle\u015firken ele\u015ftirmenlerin onlar\u0131 edebi de\u011fil ama pop\u00fcler k\u00fclt\u00fcr kavramlar\u0131yla tart\u0131\u015fmas\u0131 bir rahats\u0131zl\u0131k yaratmatacak\u2026<\/p>\n<p>Ya\u015far Kemal\u2019in bir s\u00f6yle\u015fisinde vurgulad\u0131\u011f\u0131 gibi e\u011fer ABD\u2019deki gibi on milyon dolarlarla \u00f6l\u00e7\u00fclen bir Pazar olu\u015fsa belki de \u201chepsi Bestseller olacak bizim edebiyat\u0131n\u201d..!<\/p>\n","protected":false},"excerpt":{"rendered":"<p>2000\u2019li y\u0131llarda roman \u00fcretiminin alt\u0131n \u00e7a\u011f\u0131 ya\u015fan\u0131yor. Tam da kapitalizmin ruhuna uygun bi\u00e7imde, karakteristi\u011fini edebi de\u011ferde de\u011fil say\u0131larda bulan bir alt\u0131n \u00e7a\u011f bu. Yeni roman ve yeni yazar say\u0131s\u0131nda her y\u0131l k\u0131r\u0131lan rekorlar bir yana, \u00e7ok satan kitaplar\u0131n ula\u015ft\u0131\u011f\u0131 sat\u0131\u015f rakamlar\u0131 da T\u00fcrkiye ko\u015fullar\u0131 g\u00f6z \u00f6n\u00fcne al\u0131nd\u0131\u011f\u0131nda \u201cg\u00f6z kama\u015ft\u0131r\u0131c\u0131\u201d. T\u0131rnak i\u00e7ine al\u0131yorum \u201cg\u00f6z kama\u015ft\u0131r\u0131c\u0131l\u0131\u011f\u0131\u201d. G\u00f6zlerimizin [&hellip;]<\/p>\n","protected":false},"author":1,"featured_media":0,"comment_status":"open","ping_status":"open","sticky":false,"template":"","format":"standard","meta":{"footnotes":""},"categories":[134],"tags":[],"class_list":{"0":"post-6885","1":"post","2":"type-post","3":"status-publish","4":"format-standard","6":"category-kuram"},"yoast_head":"<!-- This site is optimized with the Yoast SEO Premium plugin v24.9 (Yoast SEO v24.9) - https:\/\/yoast.com\/wordpress\/plugins\/seo\/ -->\n<title>Edebiyat \u00fcr\u00fcnlerinde \u015fu b\u0131kt\u0131r\u0131c\u0131 \u201c\u00e7ok satarl\u0131k\u201d meselesini bir kez daha tart\u0131\u015fmaya a\u00e7mak gerekiyor | A.\u00d6mer T\u00fcrke\u015f - narteks.net<\/title>\n<meta name=\"robots\" content=\"index, follow, max-snippet:-1, max-image-preview:large, max-video-preview:-1\" \/>\n<link rel=\"canonical\" href=\"https:\/\/narteks.net\/index.php\/2012\/07\/01\/edebiyat-urunlerinde-su-biktirici-cok-satarlik-meselesini-bir-kez-daha-tartismaya-acmak-gerekiyor-aomer-turkes\/\" \/>\n<meta property=\"og:locale\" content=\"tr_TR\" \/>\n<meta property=\"og:type\" content=\"article\" \/>\n<meta property=\"og:title\" content=\"Edebiyat \u00fcr\u00fcnlerinde \u015fu b\u0131kt\u0131r\u0131c\u0131 \u201c\u00e7ok satarl\u0131k\u201d meselesini bir kez daha tart\u0131\u015fmaya a\u00e7mak gerekiyor | A.\u00d6mer T\u00fcrke\u015f\" \/>\n<meta property=\"og:description\" content=\"2000\u2019li y\u0131llarda roman \u00fcretiminin alt\u0131n \u00e7a\u011f\u0131 ya\u015fan\u0131yor. Tam da kapitalizmin ruhuna uygun bi\u00e7imde, karakteristi\u011fini edebi de\u011ferde de\u011fil say\u0131larda bulan bir alt\u0131n \u00e7a\u011f bu. Yeni roman ve yeni yazar say\u0131s\u0131nda her y\u0131l k\u0131r\u0131lan rekorlar bir yana, \u00e7ok satan kitaplar\u0131n ula\u015ft\u0131\u011f\u0131 sat\u0131\u015f rakamlar\u0131 da T\u00fcrkiye ko\u015fullar\u0131 g\u00f6z \u00f6n\u00fcne al\u0131nd\u0131\u011f\u0131nda \u201cg\u00f6z kama\u015ft\u0131r\u0131c\u0131\u201d. T\u0131rnak i\u00e7ine al\u0131yorum \u201cg\u00f6z kama\u015ft\u0131r\u0131c\u0131l\u0131\u011f\u0131\u201d. G\u00f6zlerimizin [&hellip;]\" \/>\n<meta property=\"og:url\" content=\"https:\/\/narteks.net\/index.php\/2012\/07\/01\/edebiyat-urunlerinde-su-biktirici-cok-satarlik-meselesini-bir-kez-daha-tartismaya-acmak-gerekiyor-aomer-turkes\/\" \/>\n<meta property=\"og:site_name\" content=\"narteks.net\" \/>\n<meta property=\"article:published_time\" content=\"2012-07-01T20:28:53+00:00\" \/>\n<meta property=\"og:image\" content=\"https:\/\/narteks.net\/wp-content\/uploads\/narteks.png\" \/>\n\t<meta property=\"og:image:width\" content=\"300\" \/>\n\t<meta property=\"og:image:height\" content=\"90\" \/>\n\t<meta property=\"og:image:type\" content=\"image\/png\" \/>\n<meta name=\"author\" content=\"Tar\u0131k\" \/>\n<meta name=\"twitter:card\" content=\"summary_large_image\" \/>\n<meta name=\"twitter:creator\" content=\"@narteks\" \/>\n<meta name=\"twitter:site\" content=\"@narteks\" \/>\n<meta name=\"twitter:label1\" content=\"Yazan:\" \/>\n\t<meta name=\"twitter:data1\" content=\"Tar\u0131k\" \/>\n\t<meta name=\"twitter:label2\" content=\"Tahmini okuma s\u00fcresi\" \/>\n\t<meta name=\"twitter:data2\" content=\"9 dakika\" \/>\n<script type=\"application\/ld+json\" class=\"yoast-schema-graph\">{\"@context\":\"https:\/\/schema.org\",\"@graph\":[{\"@type\":\"Article\",\"@id\":\"https:\/\/narteks.net\/index.php\/2012\/07\/01\/edebiyat-urunlerinde-su-biktirici-cok-satarlik-meselesini-bir-kez-daha-tartismaya-acmak-gerekiyor-aomer-turkes\/#article\",\"isPartOf\":{\"@id\":\"https:\/\/narteks.net\/index.php\/2012\/07\/01\/edebiyat-urunlerinde-su-biktirici-cok-satarlik-meselesini-bir-kez-daha-tartismaya-acmak-gerekiyor-aomer-turkes\/\"},\"author\":{\"name\":\"Tar\u0131k\",\"@id\":\"https:\/\/narteks.net\/#\/schema\/person\/61f37d9834294b72d31d274e7ed79bca\"},\"headline\":\"Edebiyat \u00fcr\u00fcnlerinde \u015fu b\u0131kt\u0131r\u0131c\u0131 \u201c\u00e7ok satarl\u0131k\u201d meselesini bir kez daha tart\u0131\u015fmaya a\u00e7mak gerekiyor | A.\u00d6mer T\u00fcrke\u015f\",\"datePublished\":\"2012-07-01T20:28:53+00:00\",\"mainEntityOfPage\":{\"@id\":\"https:\/\/narteks.net\/index.php\/2012\/07\/01\/edebiyat-urunlerinde-su-biktirici-cok-satarlik-meselesini-bir-kez-daha-tartismaya-acmak-gerekiyor-aomer-turkes\/\"},\"wordCount\":1873,\"commentCount\":0,\"publisher\":{\"@id\":\"https:\/\/narteks.net\/#organization\"},\"articleSection\":[\"Kuram\"],\"inLanguage\":\"tr\",\"potentialAction\":[{\"@type\":\"CommentAction\",\"name\":\"Comment\",\"target\":[\"https:\/\/narteks.net\/index.php\/2012\/07\/01\/edebiyat-urunlerinde-su-biktirici-cok-satarlik-meselesini-bir-kez-daha-tartismaya-acmak-gerekiyor-aomer-turkes\/#respond\"]}]},{\"@type\":\"WebPage\",\"@id\":\"https:\/\/narteks.net\/index.php\/2012\/07\/01\/edebiyat-urunlerinde-su-biktirici-cok-satarlik-meselesini-bir-kez-daha-tartismaya-acmak-gerekiyor-aomer-turkes\/\",\"url\":\"https:\/\/narteks.net\/index.php\/2012\/07\/01\/edebiyat-urunlerinde-su-biktirici-cok-satarlik-meselesini-bir-kez-daha-tartismaya-acmak-gerekiyor-aomer-turkes\/\",\"name\":\"Edebiyat \u00fcr\u00fcnlerinde \u015fu b\u0131kt\u0131r\u0131c\u0131 \u201c\u00e7ok satarl\u0131k\u201d meselesini bir kez daha tart\u0131\u015fmaya a\u00e7mak gerekiyor | A.\u00d6mer T\u00fcrke\u015f - narteks.net\",\"isPartOf\":{\"@id\":\"https:\/\/narteks.net\/#website\"},\"datePublished\":\"2012-07-01T20:28:53+00:00\",\"breadcrumb\":{\"@id\":\"https:\/\/narteks.net\/index.php\/2012\/07\/01\/edebiyat-urunlerinde-su-biktirici-cok-satarlik-meselesini-bir-kez-daha-tartismaya-acmak-gerekiyor-aomer-turkes\/#breadcrumb\"},\"inLanguage\":\"tr\",\"potentialAction\":[{\"@type\":\"ReadAction\",\"target\":[\"https:\/\/narteks.net\/index.php\/2012\/07\/01\/edebiyat-urunlerinde-su-biktirici-cok-satarlik-meselesini-bir-kez-daha-tartismaya-acmak-gerekiyor-aomer-turkes\/\"]}]},{\"@type\":\"BreadcrumbList\",\"@id\":\"https:\/\/narteks.net\/index.php\/2012\/07\/01\/edebiyat-urunlerinde-su-biktirici-cok-satarlik-meselesini-bir-kez-daha-tartismaya-acmak-gerekiyor-aomer-turkes\/#breadcrumb\",\"itemListElement\":[{\"@type\":\"ListItem\",\"position\":1,\"name\":\"Anasayfa\",\"item\":\"https:\/\/narteks.net\/\"},{\"@type\":\"ListItem\",\"position\":2,\"name\":\"Edebiyat \u00fcr\u00fcnlerinde \u015fu b\u0131kt\u0131r\u0131c\u0131 \u201c\u00e7ok satarl\u0131k\u201d meselesini bir kez daha tart\u0131\u015fmaya a\u00e7mak gerekiyor | A.\u00d6mer T\u00fcrke\u015f\"}]},{\"@type\":\"WebSite\",\"@id\":\"https:\/\/narteks.net\/#website\",\"url\":\"https:\/\/narteks.net\/\",\"name\":\"narteks.net\",\"description\":\"K\u00fclt\u00fcr Sanat Edebiyat Felsefe\",\"publisher\":{\"@id\":\"https:\/\/narteks.net\/#organization\"},\"alternateName\":\"K\u00fclt\u00fcr Sanat Edebiyat Felsefe\",\"potentialAction\":[{\"@type\":\"SearchAction\",\"target\":{\"@type\":\"EntryPoint\",\"urlTemplate\":\"https:\/\/narteks.net\/?s={search_term_string}\"},\"query-input\":{\"@type\":\"PropertyValueSpecification\",\"valueRequired\":true,\"valueName\":\"search_term_string\"}}],\"inLanguage\":\"tr\"},{\"@type\":\"Organization\",\"@id\":\"https:\/\/narteks.net\/#organization\",\"name\":\"narteks.net\",\"url\":\"https:\/\/narteks.net\/\",\"logo\":{\"@type\":\"ImageObject\",\"inLanguage\":\"tr\",\"@id\":\"https:\/\/narteks.net\/#\/schema\/logo\/image\/\",\"url\":\"https:\/\/narteks.net\/wp-content\/uploads\/narteks.png\",\"contentUrl\":\"https:\/\/narteks.net\/wp-content\/uploads\/narteks.png\",\"width\":300,\"height\":90,\"caption\":\"narteks.net\"},\"image\":{\"@id\":\"https:\/\/narteks.net\/#\/schema\/logo\/image\/\"},\"sameAs\":[\"https:\/\/x.com\/narteks\",\"https:\/\/instagram.com\/narteksnet\"]},{\"@type\":\"Person\",\"@id\":\"https:\/\/narteks.net\/#\/schema\/person\/61f37d9834294b72d31d274e7ed79bca\",\"name\":\"Tar\u0131k\",\"image\":{\"@type\":\"ImageObject\",\"inLanguage\":\"tr\",\"@id\":\"https:\/\/narteks.net\/#\/schema\/person\/image\/\",\"url\":\"https:\/\/secure.gravatar.com\/avatar\/50865afb55632c4ae467e0af0930f6510aa2297d8014be502a55b14f3b7550cf?s=96&d=mm&r=g\",\"contentUrl\":\"https:\/\/secure.gravatar.com\/avatar\/50865afb55632c4ae467e0af0930f6510aa2297d8014be502a55b14f3b7550cf?s=96&d=mm&r=g\",\"caption\":\"Tar\u0131k\"},\"sameAs\":[\"http:\/\/narteks.net\"],\"url\":\"https:\/\/narteks.net\/index.php\/author\/narbak\/\"}]}<\/script>\n<!-- \/ Yoast SEO Premium plugin. -->","yoast_head_json":{"title":"Edebiyat \u00fcr\u00fcnlerinde \u015fu b\u0131kt\u0131r\u0131c\u0131 \u201c\u00e7ok satarl\u0131k\u201d meselesini bir kez daha tart\u0131\u015fmaya a\u00e7mak gerekiyor | A.\u00d6mer T\u00fcrke\u015f - narteks.net","robots":{"index":"index","follow":"follow","max-snippet":"max-snippet:-1","max-image-preview":"max-image-preview:large","max-video-preview":"max-video-preview:-1"},"canonical":"https:\/\/narteks.net\/index.php\/2012\/07\/01\/edebiyat-urunlerinde-su-biktirici-cok-satarlik-meselesini-bir-kez-daha-tartismaya-acmak-gerekiyor-aomer-turkes\/","og_locale":"tr_TR","og_type":"article","og_title":"Edebiyat \u00fcr\u00fcnlerinde \u015fu b\u0131kt\u0131r\u0131c\u0131 \u201c\u00e7ok satarl\u0131k\u201d meselesini bir kez daha tart\u0131\u015fmaya a\u00e7mak gerekiyor | A.\u00d6mer T\u00fcrke\u015f","og_description":"2000\u2019li y\u0131llarda roman \u00fcretiminin alt\u0131n \u00e7a\u011f\u0131 ya\u015fan\u0131yor. Tam da kapitalizmin ruhuna uygun bi\u00e7imde, karakteristi\u011fini edebi de\u011ferde de\u011fil say\u0131larda bulan bir alt\u0131n \u00e7a\u011f bu. Yeni roman ve yeni yazar say\u0131s\u0131nda her y\u0131l k\u0131r\u0131lan rekorlar bir yana, \u00e7ok satan kitaplar\u0131n ula\u015ft\u0131\u011f\u0131 sat\u0131\u015f rakamlar\u0131 da T\u00fcrkiye ko\u015fullar\u0131 g\u00f6z \u00f6n\u00fcne al\u0131nd\u0131\u011f\u0131nda \u201cg\u00f6z kama\u015ft\u0131r\u0131c\u0131\u201d. T\u0131rnak i\u00e7ine al\u0131yorum \u201cg\u00f6z kama\u015ft\u0131r\u0131c\u0131l\u0131\u011f\u0131\u201d. G\u00f6zlerimizin [&hellip;]","og_url":"https:\/\/narteks.net\/index.php\/2012\/07\/01\/edebiyat-urunlerinde-su-biktirici-cok-satarlik-meselesini-bir-kez-daha-tartismaya-acmak-gerekiyor-aomer-turkes\/","og_site_name":"narteks.net","article_published_time":"2012-07-01T20:28:53+00:00","og_image":[{"width":300,"height":90,"url":"https:\/\/narteks.net\/wp-content\/uploads\/narteks.png","type":"image\/png"}],"author":"Tar\u0131k","twitter_card":"summary_large_image","twitter_creator":"@narteks","twitter_site":"@narteks","twitter_misc":{"Yazan:":"Tar\u0131k","Tahmini okuma s\u00fcresi":"9 dakika"},"schema":{"@context":"https:\/\/schema.org","@graph":[{"@type":"Article","@id":"https:\/\/narteks.net\/index.php\/2012\/07\/01\/edebiyat-urunlerinde-su-biktirici-cok-satarlik-meselesini-bir-kez-daha-tartismaya-acmak-gerekiyor-aomer-turkes\/#article","isPartOf":{"@id":"https:\/\/narteks.net\/index.php\/2012\/07\/01\/edebiyat-urunlerinde-su-biktirici-cok-satarlik-meselesini-bir-kez-daha-tartismaya-acmak-gerekiyor-aomer-turkes\/"},"author":{"name":"Tar\u0131k","@id":"https:\/\/narteks.net\/#\/schema\/person\/61f37d9834294b72d31d274e7ed79bca"},"headline":"Edebiyat \u00fcr\u00fcnlerinde \u015fu b\u0131kt\u0131r\u0131c\u0131 \u201c\u00e7ok satarl\u0131k\u201d meselesini bir kez daha tart\u0131\u015fmaya a\u00e7mak gerekiyor | A.\u00d6mer T\u00fcrke\u015f","datePublished":"2012-07-01T20:28:53+00:00","mainEntityOfPage":{"@id":"https:\/\/narteks.net\/index.php\/2012\/07\/01\/edebiyat-urunlerinde-su-biktirici-cok-satarlik-meselesini-bir-kez-daha-tartismaya-acmak-gerekiyor-aomer-turkes\/"},"wordCount":1873,"commentCount":0,"publisher":{"@id":"https:\/\/narteks.net\/#organization"},"articleSection":["Kuram"],"inLanguage":"tr","potentialAction":[{"@type":"CommentAction","name":"Comment","target":["https:\/\/narteks.net\/index.php\/2012\/07\/01\/edebiyat-urunlerinde-su-biktirici-cok-satarlik-meselesini-bir-kez-daha-tartismaya-acmak-gerekiyor-aomer-turkes\/#respond"]}]},{"@type":"WebPage","@id":"https:\/\/narteks.net\/index.php\/2012\/07\/01\/edebiyat-urunlerinde-su-biktirici-cok-satarlik-meselesini-bir-kez-daha-tartismaya-acmak-gerekiyor-aomer-turkes\/","url":"https:\/\/narteks.net\/index.php\/2012\/07\/01\/edebiyat-urunlerinde-su-biktirici-cok-satarlik-meselesini-bir-kez-daha-tartismaya-acmak-gerekiyor-aomer-turkes\/","name":"Edebiyat \u00fcr\u00fcnlerinde \u015fu b\u0131kt\u0131r\u0131c\u0131 \u201c\u00e7ok satarl\u0131k\u201d meselesini bir kez daha tart\u0131\u015fmaya a\u00e7mak gerekiyor | A.\u00d6mer T\u00fcrke\u015f - narteks.net","isPartOf":{"@id":"https:\/\/narteks.net\/#website"},"datePublished":"2012-07-01T20:28:53+00:00","breadcrumb":{"@id":"https:\/\/narteks.net\/index.php\/2012\/07\/01\/edebiyat-urunlerinde-su-biktirici-cok-satarlik-meselesini-bir-kez-daha-tartismaya-acmak-gerekiyor-aomer-turkes\/#breadcrumb"},"inLanguage":"tr","potentialAction":[{"@type":"ReadAction","target":["https:\/\/narteks.net\/index.php\/2012\/07\/01\/edebiyat-urunlerinde-su-biktirici-cok-satarlik-meselesini-bir-kez-daha-tartismaya-acmak-gerekiyor-aomer-turkes\/"]}]},{"@type":"BreadcrumbList","@id":"https:\/\/narteks.net\/index.php\/2012\/07\/01\/edebiyat-urunlerinde-su-biktirici-cok-satarlik-meselesini-bir-kez-daha-tartismaya-acmak-gerekiyor-aomer-turkes\/#breadcrumb","itemListElement":[{"@type":"ListItem","position":1,"name":"Anasayfa","item":"https:\/\/narteks.net\/"},{"@type":"ListItem","position":2,"name":"Edebiyat \u00fcr\u00fcnlerinde \u015fu b\u0131kt\u0131r\u0131c\u0131 \u201c\u00e7ok satarl\u0131k\u201d meselesini bir kez daha tart\u0131\u015fmaya a\u00e7mak gerekiyor | A.\u00d6mer T\u00fcrke\u015f"}]},{"@type":"WebSite","@id":"https:\/\/narteks.net\/#website","url":"https:\/\/narteks.net\/","name":"narteks.net","description":"K\u00fclt\u00fcr Sanat Edebiyat Felsefe","publisher":{"@id":"https:\/\/narteks.net\/#organization"},"alternateName":"K\u00fclt\u00fcr Sanat Edebiyat Felsefe","potentialAction":[{"@type":"SearchAction","target":{"@type":"EntryPoint","urlTemplate":"https:\/\/narteks.net\/?s={search_term_string}"},"query-input":{"@type":"PropertyValueSpecification","valueRequired":true,"valueName":"search_term_string"}}],"inLanguage":"tr"},{"@type":"Organization","@id":"https:\/\/narteks.net\/#organization","name":"narteks.net","url":"https:\/\/narteks.net\/","logo":{"@type":"ImageObject","inLanguage":"tr","@id":"https:\/\/narteks.net\/#\/schema\/logo\/image\/","url":"https:\/\/narteks.net\/wp-content\/uploads\/narteks.png","contentUrl":"https:\/\/narteks.net\/wp-content\/uploads\/narteks.png","width":300,"height":90,"caption":"narteks.net"},"image":{"@id":"https:\/\/narteks.net\/#\/schema\/logo\/image\/"},"sameAs":["https:\/\/x.com\/narteks","https:\/\/instagram.com\/narteksnet"]},{"@type":"Person","@id":"https:\/\/narteks.net\/#\/schema\/person\/61f37d9834294b72d31d274e7ed79bca","name":"Tar\u0131k","image":{"@type":"ImageObject","inLanguage":"tr","@id":"https:\/\/narteks.net\/#\/schema\/person\/image\/","url":"https:\/\/secure.gravatar.com\/avatar\/50865afb55632c4ae467e0af0930f6510aa2297d8014be502a55b14f3b7550cf?s=96&d=mm&r=g","contentUrl":"https:\/\/secure.gravatar.com\/avatar\/50865afb55632c4ae467e0af0930f6510aa2297d8014be502a55b14f3b7550cf?s=96&d=mm&r=g","caption":"Tar\u0131k"},"sameAs":["http:\/\/narteks.net"],"url":"https:\/\/narteks.net\/index.php\/author\/narbak\/"}]}},"_links":{"self":[{"href":"https:\/\/narteks.net\/index.php\/wp-json\/wp\/v2\/posts\/6885","targetHints":{"allow":["GET"]}}],"collection":[{"href":"https:\/\/narteks.net\/index.php\/wp-json\/wp\/v2\/posts"}],"about":[{"href":"https:\/\/narteks.net\/index.php\/wp-json\/wp\/v2\/types\/post"}],"author":[{"embeddable":true,"href":"https:\/\/narteks.net\/index.php\/wp-json\/wp\/v2\/users\/1"}],"replies":[{"embeddable":true,"href":"https:\/\/narteks.net\/index.php\/wp-json\/wp\/v2\/comments?post=6885"}],"version-history":[{"count":0,"href":"https:\/\/narteks.net\/index.php\/wp-json\/wp\/v2\/posts\/6885\/revisions"}],"wp:attachment":[{"href":"https:\/\/narteks.net\/index.php\/wp-json\/wp\/v2\/media?parent=6885"}],"wp:term":[{"taxonomy":"category","embeddable":true,"href":"https:\/\/narteks.net\/index.php\/wp-json\/wp\/v2\/categories?post=6885"},{"taxonomy":"post_tag","embeddable":true,"href":"https:\/\/narteks.net\/index.php\/wp-json\/wp\/v2\/tags?post=6885"}],"curies":[{"name":"wp","href":"https:\/\/api.w.org\/{rel}","templated":true}]}}