{"id":689,"date":"2009-04-17T10:37:41","date_gmt":"2009-04-17T07:37:41","guid":{"rendered":"http:\/\/localhost\/wordpress\/2009\/04\/17\/ozdemir-asaf-biyografisi\/"},"modified":"2009-04-17T10:37:41","modified_gmt":"2009-04-17T07:37:41","slug":"ozdemir-asaf-biyografisi","status":"publish","type":"post","link":"https:\/\/narteks.net\/index.php\/2009\/04\/17\/ozdemir-asaf-biyografisi\/","title":{"rendered":"\u00d6zdemir ASAF Biyografisi"},"content":{"rendered":"<p><img loading=\"lazy\" decoding=\"async\" src=\"http:\/\/www.google.com.tr\/images?q=tbn:E_QID-hhmgBomM::www1.edebyahu.com\/foto\/media\/16\/ozdemir_asaf.jpg\" border=\"0\" alt=\"ozdemirasaf\" width=\"155\" height=\"205\" \/><\/p>\n<p style=\"text-align: justify;\">\u00d6zdemir Asaf Arun, Cumhuriyet d\u00f6nemi T\u00fcrk \u015fairlerdendir.<\/p>\n<p>11 Haziran 1923 y\u0131l\u0131nda Ankara&#8217;da do\u011fdu. Babas\u0131 Mehmet Asaf \u015eura-\u0131 Devlet&#8217;in kurucular\u0131ndand\u0131r. Babas\u0131n\u0131n \u00f6ld\u00fc\u011f\u00fc y\u0131l, 1930, Galatasaray Lisesi&#8217;nin ilk k\u0131sm\u0131na girdi. 1941 y\u0131l\u0131nda 11. s\u0131n\u0131fta, bir ek s\u0131navla Kabata\u015f Erkek Lisesi&#8217;ne ge\u00e7ip 1942 y\u0131l\u0131nda mezun oldu. Hukuk Fak\u00fcltesi&#8217;ne, \u0130ktisat Fak\u00fcltesi&#8217;ne (3. s\u0131n\u0131fa kadar) ve bir y\u0131l Gazetecilik Fak\u00fcltesi&#8217;ne devam etti. Bu arada Tanin ve Zaman gazetelerinde \u00e7al\u0131\u015ft\u0131 ve \u00e7eviriler yapt\u0131. \u0130lk yaz\u0131s\u0131 Servet-i f\u00fcnun, Uyan\u0131\u015f dergisinde \u00e7\u0131kt\u0131. 1951 y\u0131l\u0131nda Sanat Bas\u0131mevi&#8217;ni kurdu ve kitaplar\u0131n\u0131 &#8216;Yuvarlak Masa Yay\u0131nlar\u0131&#8217; ad\u0131 alt\u0131nda yay\u0131mlad\u0131. 28 Ocak 1981&#8217;de Ankara&#8217;da hayata veda etti.\u0130kilikler ve d\u00f6rtl\u00fcklerden olu\u015fan ilk \u015fiirlerinde yo\u011fun bir s\u00f6yleyi\u015f \u00f6zelli\u011fi g\u00f6ze \u00e7arpar. \u0130nsan toplum ili\u015fkilerine y\u00f6nelik temalar\u0131 konu edinerek d\u00fc\u015f\u00fcnd\u00fcr\u00fcc\u00fc bir \u015fiir evreni kurmu\u015ftur. Duygu ve d\u00fc\u015f\u00fcnce yo\u011funlu\u011fuyla birlikte, alay ve ta\u015flama \u015fiirine egemen olan \u00f6\u011felerdir. \u0130nsan ili\u015fkilerinin toplumsal ve bireysel yanlar\u0131n\u0131 sen ben ikileminde vermi\u015ftir. \u00c7ok kulland\u0131\u011f\u0131 sevgi, ayr\u0131l\u0131k, \u00f6l\u00fcm temalar\u0131, son d\u00f6nem \u015fiirlerinde giderek yerini ka\u00e7\u0131\u015f ve umutsuzlu\u011fun tedirginli\u011fine b\u0131rakm\u0131\u015ft\u0131r.<\/p>\n<p>\u015eiirin bir g\u00f6r\u00fc\u015f\u00fc yans\u0131tmas\u0131, bir iletisinin olmas\u0131 d\u00fc\u015f\u00fcncesinden yola \u00e7\u0131km\u0131\u015ft\u0131r. Yuvarla\u011f\u0131n K\u00f6\u015feleri kitab\u0131nda \u015fiirin ve yazar\u0131n i\u015flevi konusundaki g\u00f6r\u00fc\u015flerini dile getirmi\u015ftir. Bat\u0131 \u015fiiri ve geleneksel T\u00fcrk \u015fiirinden yararlanarak verdi\u011fi bile\u015fim sanat\u0131n\u0131 zenginle\u015ftirip geli\u015ftirmi\u015ftir.<\/p>\n<p><strong>Eserleri<\/strong><\/p>\n<p>\u015eiir<\/p>\n<p> * D\u00fcnya Ka\u00e7t\u0131 G\u00f6z\u00fcme &#8211; 1955<br \/> * Sen Sen Sen &#8211; 1956<br \/> * Bir Kap\u0131 \u00d6n\u00fcnde &#8211; 1957<br \/> * Yumu\u015fakl\u0131klar De\u011fil &#8211; 1962<br \/> * Nas\u0131ls\u0131n &#8211; 1970<br \/> * \u00c7i\u00e7ekleri Yemeyin &#8211; 1975<br \/> * Yaln\u0131zl\u0131k Payla\u015f\u0131lmaz &#8211; 1978<br \/> * Benden Sonra Mutluluk (Yay\u0131nlanmam\u0131\u015f \u015eiirleri) &#8211; 1984<\/p>\n<p>Etika<\/p>\n<p> * Yuvarla\u011f\u0131n K\u00f6\u015feleri &#8211; 1961<br \/> * Yuvarla\u011f\u0131n K\u00f6\u015feleri-2 (\u00d6l\u00fcm\u00fcnden Sonra) &#8211; 1986<\/p>\n<p>\u00d6yk\u00fc<\/p>\n<p> * D\u00fcn Ya\u011fmur Ya\u011facak (\u00d6l\u00fcm\u00fcnden Sonra) &#8211; 1987<\/p>\n<p>Otokopi, deneme<\/p>\n<p> * &#8216;\u00e7a (\u00d6l\u00fcm\u00fcnden Sonra) &#8211; 1988<\/p>\n<p>\u00c7eviri<\/p>\n<p> * Reading Zindan\u0131 Ballad\u0131\/Oscar Wilde &#8211; 1968<\/p>\n<p><!-- start content --><\/p>\n","protected":false},"excerpt":{"rendered":"<p>\u00d6zdemir Asaf Arun, Cumhuriyet d\u00f6nemi T\u00fcrk \u015fairlerdendir. 11 Haziran 1923 y\u0131l\u0131nda Ankara&#8217;da do\u011fdu. Babas\u0131 Mehmet Asaf \u015eura-\u0131 Devlet&#8217;in kurucular\u0131ndand\u0131r. Babas\u0131n\u0131n \u00f6ld\u00fc\u011f\u00fc y\u0131l, 1930, Galatasaray Lisesi&#8217;nin ilk k\u0131sm\u0131na girdi. 1941 y\u0131l\u0131nda 11. s\u0131n\u0131fta, bir ek s\u0131navla Kabata\u015f Erkek Lisesi&#8217;ne ge\u00e7ip 1942 y\u0131l\u0131nda mezun oldu. Hukuk Fak\u00fcltesi&#8217;ne, \u0130ktisat Fak\u00fcltesi&#8217;ne (3. s\u0131n\u0131fa kadar) ve bir y\u0131l Gazetecilik Fak\u00fcltesi&#8217;ne [&hellip;]<\/p>\n","protected":false},"author":1,"featured_media":0,"comment_status":"open","ping_status":"open","sticky":false,"template":"","format":"standard","meta":{"footnotes":""},"categories":[29],"tags":[],"class_list":{"0":"post-689","1":"post","2":"type-post","3":"status-publish","4":"format-standard","6":"category-ozdemir-asaf"},"yoast_head":"<!-- This site is optimized with the Yoast SEO Premium plugin v24.9 (Yoast SEO v24.9) - https:\/\/yoast.com\/wordpress\/plugins\/seo\/ -->\n<title>\u00d6zdemir ASAF Biyografisi - narteks.net<\/title>\n<meta name=\"robots\" content=\"index, follow, max-snippet:-1, max-image-preview:large, max-video-preview:-1\" \/>\n<link rel=\"canonical\" href=\"https:\/\/narteks.net\/index.php\/2009\/04\/17\/ozdemir-asaf-biyografisi\/\" \/>\n<meta property=\"og:locale\" content=\"tr_TR\" \/>\n<meta property=\"og:type\" content=\"article\" \/>\n<meta property=\"og:title\" content=\"\u00d6zdemir ASAF Biyografisi\" \/>\n<meta property=\"og:description\" content=\"\u00d6zdemir Asaf Arun, Cumhuriyet d\u00f6nemi T\u00fcrk \u015fairlerdendir. 11 Haziran 1923 y\u0131l\u0131nda Ankara&#8217;da do\u011fdu. Babas\u0131 Mehmet Asaf \u015eura-\u0131 Devlet&#8217;in kurucular\u0131ndand\u0131r. Babas\u0131n\u0131n \u00f6ld\u00fc\u011f\u00fc y\u0131l, 1930, Galatasaray Lisesi&#8217;nin ilk k\u0131sm\u0131na girdi. 1941 y\u0131l\u0131nda 11. s\u0131n\u0131fta, bir ek s\u0131navla Kabata\u015f Erkek Lisesi&#8217;ne ge\u00e7ip 1942 y\u0131l\u0131nda mezun oldu. Hukuk Fak\u00fcltesi&#8217;ne, \u0130ktisat Fak\u00fcltesi&#8217;ne (3. s\u0131n\u0131fa kadar) ve bir y\u0131l Gazetecilik Fak\u00fcltesi&#8217;ne [&hellip;]\" \/>\n<meta property=\"og:url\" content=\"https:\/\/narteks.net\/index.php\/2009\/04\/17\/ozdemir-asaf-biyografisi\/\" \/>\n<meta property=\"og:site_name\" content=\"narteks.net\" \/>\n<meta property=\"article:published_time\" content=\"2009-04-17T07:37:41+00:00\" \/>\n<meta property=\"og:image\" content=\"http:\/\/www.google.com.tr\/images?q=tbn:E_QID-hhmgBomM::www1.edebyahu.com\/foto\/media\/16\/ozdemir_asaf.jpg\" \/>\n<meta name=\"author\" content=\"Tar\u0131k\" \/>\n<meta name=\"twitter:card\" content=\"summary_large_image\" \/>\n<meta name=\"twitter:creator\" content=\"@narteks\" \/>\n<meta name=\"twitter:site\" content=\"@narteks\" \/>\n<meta name=\"twitter:label1\" content=\"Yazan:\" \/>\n\t<meta name=\"twitter:data1\" content=\"Tar\u0131k\" \/>\n\t<meta name=\"twitter:label2\" content=\"Tahmini okuma s\u00fcresi\" \/>\n\t<meta name=\"twitter:data2\" content=\"2 dakika\" \/>\n<script type=\"application\/ld+json\" class=\"yoast-schema-graph\">{\"@context\":\"https:\/\/schema.org\",\"@graph\":[{\"@type\":\"Article\",\"@id\":\"https:\/\/narteks.net\/index.php\/2009\/04\/17\/ozdemir-asaf-biyografisi\/#article\",\"isPartOf\":{\"@id\":\"https:\/\/narteks.net\/index.php\/2009\/04\/17\/ozdemir-asaf-biyografisi\/\"},\"author\":{\"name\":\"Tar\u0131k\",\"@id\":\"https:\/\/narteks.net\/#\/schema\/person\/61f37d9834294b72d31d274e7ed79bca\"},\"headline\":\"\u00d6zdemir ASAF Biyografisi\",\"datePublished\":\"2009-04-17T07:37:41+00:00\",\"mainEntityOfPage\":{\"@id\":\"https:\/\/narteks.net\/index.php\/2009\/04\/17\/ozdemir-asaf-biyografisi\/\"},\"wordCount\":358,\"commentCount\":0,\"publisher\":{\"@id\":\"https:\/\/narteks.net\/#organization\"},\"image\":{\"@id\":\"https:\/\/narteks.net\/index.php\/2009\/04\/17\/ozdemir-asaf-biyografisi\/#primaryimage\"},\"thumbnailUrl\":\"http:\/\/www.google.com.tr\/images?q=tbn:E_QID-hhmgBomM::www1.edebyahu.com\/foto\/media\/16\/ozdemir_asaf.jpg\",\"articleSection\":[\"\u00d6zdemir ASAF\"],\"inLanguage\":\"tr\",\"potentialAction\":[{\"@type\":\"CommentAction\",\"name\":\"Comment\",\"target\":[\"https:\/\/narteks.net\/index.php\/2009\/04\/17\/ozdemir-asaf-biyografisi\/#respond\"]}]},{\"@type\":\"WebPage\",\"@id\":\"https:\/\/narteks.net\/index.php\/2009\/04\/17\/ozdemir-asaf-biyografisi\/\",\"url\":\"https:\/\/narteks.net\/index.php\/2009\/04\/17\/ozdemir-asaf-biyografisi\/\",\"name\":\"\u00d6zdemir ASAF Biyografisi - narteks.net\",\"isPartOf\":{\"@id\":\"https:\/\/narteks.net\/#website\"},\"primaryImageOfPage\":{\"@id\":\"https:\/\/narteks.net\/index.php\/2009\/04\/17\/ozdemir-asaf-biyografisi\/#primaryimage\"},\"image\":{\"@id\":\"https:\/\/narteks.net\/index.php\/2009\/04\/17\/ozdemir-asaf-biyografisi\/#primaryimage\"},\"thumbnailUrl\":\"http:\/\/www.google.com.tr\/images?q=tbn:E_QID-hhmgBomM::www1.edebyahu.com\/foto\/media\/16\/ozdemir_asaf.jpg\",\"datePublished\":\"2009-04-17T07:37:41+00:00\",\"breadcrumb\":{\"@id\":\"https:\/\/narteks.net\/index.php\/2009\/04\/17\/ozdemir-asaf-biyografisi\/#breadcrumb\"},\"inLanguage\":\"tr\",\"potentialAction\":[{\"@type\":\"ReadAction\",\"target\":[\"https:\/\/narteks.net\/index.php\/2009\/04\/17\/ozdemir-asaf-biyografisi\/\"]}]},{\"@type\":\"ImageObject\",\"inLanguage\":\"tr\",\"@id\":\"https:\/\/narteks.net\/index.php\/2009\/04\/17\/ozdemir-asaf-biyografisi\/#primaryimage\",\"url\":\"http:\/\/www.google.com.tr\/images?q=tbn:E_QID-hhmgBomM::www1.edebyahu.com\/foto\/media\/16\/ozdemir_asaf.jpg\",\"contentUrl\":\"http:\/\/www.google.com.tr\/images?q=tbn:E_QID-hhmgBomM::www1.edebyahu.com\/foto\/media\/16\/ozdemir_asaf.jpg\"},{\"@type\":\"BreadcrumbList\",\"@id\":\"https:\/\/narteks.net\/index.php\/2009\/04\/17\/ozdemir-asaf-biyografisi\/#breadcrumb\",\"itemListElement\":[{\"@type\":\"ListItem\",\"position\":1,\"name\":\"Anasayfa\",\"item\":\"https:\/\/narteks.net\/\"},{\"@type\":\"ListItem\",\"position\":2,\"name\":\"\u00d6zdemir ASAF Biyografisi\"}]},{\"@type\":\"WebSite\",\"@id\":\"https:\/\/narteks.net\/#website\",\"url\":\"https:\/\/narteks.net\/\",\"name\":\"narteks.net\",\"description\":\"K\u00fclt\u00fcr Sanat Edebiyat Felsefe\",\"publisher\":{\"@id\":\"https:\/\/narteks.net\/#organization\"},\"alternateName\":\"K\u00fclt\u00fcr Sanat Edebiyat Felsefe\",\"potentialAction\":[{\"@type\":\"SearchAction\",\"target\":{\"@type\":\"EntryPoint\",\"urlTemplate\":\"https:\/\/narteks.net\/?s={search_term_string}\"},\"query-input\":{\"@type\":\"PropertyValueSpecification\",\"valueRequired\":true,\"valueName\":\"search_term_string\"}}],\"inLanguage\":\"tr\"},{\"@type\":\"Organization\",\"@id\":\"https:\/\/narteks.net\/#organization\",\"name\":\"narteks.net\",\"url\":\"https:\/\/narteks.net\/\",\"logo\":{\"@type\":\"ImageObject\",\"inLanguage\":\"tr\",\"@id\":\"https:\/\/narteks.net\/#\/schema\/logo\/image\/\",\"url\":\"https:\/\/narteks.net\/wp-content\/uploads\/narteks.png\",\"contentUrl\":\"https:\/\/narteks.net\/wp-content\/uploads\/narteks.png\",\"width\":300,\"height\":90,\"caption\":\"narteks.net\"},\"image\":{\"@id\":\"https:\/\/narteks.net\/#\/schema\/logo\/image\/\"},\"sameAs\":[\"https:\/\/x.com\/narteks\",\"https:\/\/instagram.com\/narteksnet\"]},{\"@type\":\"Person\",\"@id\":\"https:\/\/narteks.net\/#\/schema\/person\/61f37d9834294b72d31d274e7ed79bca\",\"name\":\"Tar\u0131k\",\"image\":{\"@type\":\"ImageObject\",\"inLanguage\":\"tr\",\"@id\":\"https:\/\/narteks.net\/#\/schema\/person\/image\/\",\"url\":\"https:\/\/secure.gravatar.com\/avatar\/50865afb55632c4ae467e0af0930f6510aa2297d8014be502a55b14f3b7550cf?s=96&d=mm&r=g\",\"contentUrl\":\"https:\/\/secure.gravatar.com\/avatar\/50865afb55632c4ae467e0af0930f6510aa2297d8014be502a55b14f3b7550cf?s=96&d=mm&r=g\",\"caption\":\"Tar\u0131k\"},\"sameAs\":[\"http:\/\/narteks.net\"],\"url\":\"https:\/\/narteks.net\/index.php\/author\/narbak\/\"}]}<\/script>\n<!-- \/ Yoast SEO Premium plugin. -->","yoast_head_json":{"title":"\u00d6zdemir ASAF Biyografisi - narteks.net","robots":{"index":"index","follow":"follow","max-snippet":"max-snippet:-1","max-image-preview":"max-image-preview:large","max-video-preview":"max-video-preview:-1"},"canonical":"https:\/\/narteks.net\/index.php\/2009\/04\/17\/ozdemir-asaf-biyografisi\/","og_locale":"tr_TR","og_type":"article","og_title":"\u00d6zdemir ASAF Biyografisi","og_description":"\u00d6zdemir Asaf Arun, Cumhuriyet d\u00f6nemi T\u00fcrk \u015fairlerdendir. 11 Haziran 1923 y\u0131l\u0131nda Ankara&#8217;da do\u011fdu. Babas\u0131 Mehmet Asaf \u015eura-\u0131 Devlet&#8217;in kurucular\u0131ndand\u0131r. Babas\u0131n\u0131n \u00f6ld\u00fc\u011f\u00fc y\u0131l, 1930, Galatasaray Lisesi&#8217;nin ilk k\u0131sm\u0131na girdi. 1941 y\u0131l\u0131nda 11. s\u0131n\u0131fta, bir ek s\u0131navla Kabata\u015f Erkek Lisesi&#8217;ne ge\u00e7ip 1942 y\u0131l\u0131nda mezun oldu. Hukuk Fak\u00fcltesi&#8217;ne, \u0130ktisat Fak\u00fcltesi&#8217;ne (3. s\u0131n\u0131fa kadar) ve bir y\u0131l Gazetecilik Fak\u00fcltesi&#8217;ne [&hellip;]","og_url":"https:\/\/narteks.net\/index.php\/2009\/04\/17\/ozdemir-asaf-biyografisi\/","og_site_name":"narteks.net","article_published_time":"2009-04-17T07:37:41+00:00","og_image":[{"url":"http:\/\/www.google.com.tr\/images?q=tbn:E_QID-hhmgBomM::www1.edebyahu.com\/foto\/media\/16\/ozdemir_asaf.jpg","type":"","width":"","height":""}],"author":"Tar\u0131k","twitter_card":"summary_large_image","twitter_creator":"@narteks","twitter_site":"@narteks","twitter_misc":{"Yazan:":"Tar\u0131k","Tahmini okuma s\u00fcresi":"2 dakika"},"schema":{"@context":"https:\/\/schema.org","@graph":[{"@type":"Article","@id":"https:\/\/narteks.net\/index.php\/2009\/04\/17\/ozdemir-asaf-biyografisi\/#article","isPartOf":{"@id":"https:\/\/narteks.net\/index.php\/2009\/04\/17\/ozdemir-asaf-biyografisi\/"},"author":{"name":"Tar\u0131k","@id":"https:\/\/narteks.net\/#\/schema\/person\/61f37d9834294b72d31d274e7ed79bca"},"headline":"\u00d6zdemir ASAF Biyografisi","datePublished":"2009-04-17T07:37:41+00:00","mainEntityOfPage":{"@id":"https:\/\/narteks.net\/index.php\/2009\/04\/17\/ozdemir-asaf-biyografisi\/"},"wordCount":358,"commentCount":0,"publisher":{"@id":"https:\/\/narteks.net\/#organization"},"image":{"@id":"https:\/\/narteks.net\/index.php\/2009\/04\/17\/ozdemir-asaf-biyografisi\/#primaryimage"},"thumbnailUrl":"http:\/\/www.google.com.tr\/images?q=tbn:E_QID-hhmgBomM::www1.edebyahu.com\/foto\/media\/16\/ozdemir_asaf.jpg","articleSection":["\u00d6zdemir ASAF"],"inLanguage":"tr","potentialAction":[{"@type":"CommentAction","name":"Comment","target":["https:\/\/narteks.net\/index.php\/2009\/04\/17\/ozdemir-asaf-biyografisi\/#respond"]}]},{"@type":"WebPage","@id":"https:\/\/narteks.net\/index.php\/2009\/04\/17\/ozdemir-asaf-biyografisi\/","url":"https:\/\/narteks.net\/index.php\/2009\/04\/17\/ozdemir-asaf-biyografisi\/","name":"\u00d6zdemir ASAF Biyografisi - narteks.net","isPartOf":{"@id":"https:\/\/narteks.net\/#website"},"primaryImageOfPage":{"@id":"https:\/\/narteks.net\/index.php\/2009\/04\/17\/ozdemir-asaf-biyografisi\/#primaryimage"},"image":{"@id":"https:\/\/narteks.net\/index.php\/2009\/04\/17\/ozdemir-asaf-biyografisi\/#primaryimage"},"thumbnailUrl":"http:\/\/www.google.com.tr\/images?q=tbn:E_QID-hhmgBomM::www1.edebyahu.com\/foto\/media\/16\/ozdemir_asaf.jpg","datePublished":"2009-04-17T07:37:41+00:00","breadcrumb":{"@id":"https:\/\/narteks.net\/index.php\/2009\/04\/17\/ozdemir-asaf-biyografisi\/#breadcrumb"},"inLanguage":"tr","potentialAction":[{"@type":"ReadAction","target":["https:\/\/narteks.net\/index.php\/2009\/04\/17\/ozdemir-asaf-biyografisi\/"]}]},{"@type":"ImageObject","inLanguage":"tr","@id":"https:\/\/narteks.net\/index.php\/2009\/04\/17\/ozdemir-asaf-biyografisi\/#primaryimage","url":"http:\/\/www.google.com.tr\/images?q=tbn:E_QID-hhmgBomM::www1.edebyahu.com\/foto\/media\/16\/ozdemir_asaf.jpg","contentUrl":"http:\/\/www.google.com.tr\/images?q=tbn:E_QID-hhmgBomM::www1.edebyahu.com\/foto\/media\/16\/ozdemir_asaf.jpg"},{"@type":"BreadcrumbList","@id":"https:\/\/narteks.net\/index.php\/2009\/04\/17\/ozdemir-asaf-biyografisi\/#breadcrumb","itemListElement":[{"@type":"ListItem","position":1,"name":"Anasayfa","item":"https:\/\/narteks.net\/"},{"@type":"ListItem","position":2,"name":"\u00d6zdemir ASAF Biyografisi"}]},{"@type":"WebSite","@id":"https:\/\/narteks.net\/#website","url":"https:\/\/narteks.net\/","name":"narteks.net","description":"K\u00fclt\u00fcr Sanat Edebiyat Felsefe","publisher":{"@id":"https:\/\/narteks.net\/#organization"},"alternateName":"K\u00fclt\u00fcr Sanat Edebiyat Felsefe","potentialAction":[{"@type":"SearchAction","target":{"@type":"EntryPoint","urlTemplate":"https:\/\/narteks.net\/?s={search_term_string}"},"query-input":{"@type":"PropertyValueSpecification","valueRequired":true,"valueName":"search_term_string"}}],"inLanguage":"tr"},{"@type":"Organization","@id":"https:\/\/narteks.net\/#organization","name":"narteks.net","url":"https:\/\/narteks.net\/","logo":{"@type":"ImageObject","inLanguage":"tr","@id":"https:\/\/narteks.net\/#\/schema\/logo\/image\/","url":"https:\/\/narteks.net\/wp-content\/uploads\/narteks.png","contentUrl":"https:\/\/narteks.net\/wp-content\/uploads\/narteks.png","width":300,"height":90,"caption":"narteks.net"},"image":{"@id":"https:\/\/narteks.net\/#\/schema\/logo\/image\/"},"sameAs":["https:\/\/x.com\/narteks","https:\/\/instagram.com\/narteksnet"]},{"@type":"Person","@id":"https:\/\/narteks.net\/#\/schema\/person\/61f37d9834294b72d31d274e7ed79bca","name":"Tar\u0131k","image":{"@type":"ImageObject","inLanguage":"tr","@id":"https:\/\/narteks.net\/#\/schema\/person\/image\/","url":"https:\/\/secure.gravatar.com\/avatar\/50865afb55632c4ae467e0af0930f6510aa2297d8014be502a55b14f3b7550cf?s=96&d=mm&r=g","contentUrl":"https:\/\/secure.gravatar.com\/avatar\/50865afb55632c4ae467e0af0930f6510aa2297d8014be502a55b14f3b7550cf?s=96&d=mm&r=g","caption":"Tar\u0131k"},"sameAs":["http:\/\/narteks.net"],"url":"https:\/\/narteks.net\/index.php\/author\/narbak\/"}]}},"_links":{"self":[{"href":"https:\/\/narteks.net\/index.php\/wp-json\/wp\/v2\/posts\/689","targetHints":{"allow":["GET"]}}],"collection":[{"href":"https:\/\/narteks.net\/index.php\/wp-json\/wp\/v2\/posts"}],"about":[{"href":"https:\/\/narteks.net\/index.php\/wp-json\/wp\/v2\/types\/post"}],"author":[{"embeddable":true,"href":"https:\/\/narteks.net\/index.php\/wp-json\/wp\/v2\/users\/1"}],"replies":[{"embeddable":true,"href":"https:\/\/narteks.net\/index.php\/wp-json\/wp\/v2\/comments?post=689"}],"version-history":[{"count":0,"href":"https:\/\/narteks.net\/index.php\/wp-json\/wp\/v2\/posts\/689\/revisions"}],"wp:attachment":[{"href":"https:\/\/narteks.net\/index.php\/wp-json\/wp\/v2\/media?parent=689"}],"wp:term":[{"taxonomy":"category","embeddable":true,"href":"https:\/\/narteks.net\/index.php\/wp-json\/wp\/v2\/categories?post=689"},{"taxonomy":"post_tag","embeddable":true,"href":"https:\/\/narteks.net\/index.php\/wp-json\/wp\/v2\/tags?post=689"}],"curies":[{"name":"wp","href":"https:\/\/api.w.org\/{rel}","templated":true}]}}