{"id":6890,"date":"2012-08-16T16:51:16","date_gmt":"2012-08-16T13:51:16","guid":{"rendered":"http:\/\/localhost\/wordpress\/2012\/08\/16\/butun-bu-uykusuzluklarin-salt-yazi-yazmamdan-kaynaklandigina-inaniyorum-ben-uykusuz-franz-kafka\/"},"modified":"2012-08-16T16:51:16","modified_gmt":"2012-08-16T13:51:16","slug":"butun-bu-uykusuzluklarin-salt-yazi-yazmamdan-kaynaklandigina-inaniyorum-ben-uykusuz-franz-kafka","status":"publish","type":"post","link":"https:\/\/narteks.net\/index.php\/2012\/08\/16\/butun-bu-uykusuzluklarin-salt-yazi-yazmamdan-kaynaklandigina-inaniyorum-ben-uykusuz-franz-kafka\/","title":{"rendered":"B\u00fct\u00fcn bu uykusuzluklar\u0131n, salt yaz\u0131 yazmamdan kaynakland\u0131\u011f\u0131na inan\u0131yorum ben | Uykusuz &#8211; Franz Kafka"},"content":{"rendered":"<p style=\"text-align: justify;\"><img decoding=\"async\" src=\"images\/stories\/kafka_2.jpg\" border=\"0\" style=\"float: left;\" \/>Uykusuz gece. S\u0131raya girenlerin \u00fc\u00e7\u00fcnc\u00fcs\u00fc bu. Derin bir uykuya g\u00f6m\u00fcl\u00fcyor, bir saat sonra da, kafam\u0131 yanl\u0131\u015f bir \u00e7ukura koymu\u015fcas\u0131na uyan\u0131yorum. T\u00fcm\u00fcyle uyan\u0131\u011f\u0131m, sanki incecik bir zar alt\u0131nda uyumu\u015fum ya da hi\u00e7 mi hi\u00e7 uyumam\u0131\u015f\u0131m gibi bir duygu var i\u00e7imde, yeniden uykuya dalman\u0131n g\u00fc\u00e7l\u00fckleri uzan\u0131yor \u00f6n\u00fcmde, kendimi uykudan \u00f6telere f\u0131rlat\u0131lm\u0131\u015f duyuyorum. Gecenin artakalan b\u00f6l\u00fcm\u00fcnde, saat be\u015f\u2019lere dek bu b\u00f6yle s\u00fcr\u00fcp gider art\u0131k, sonunda uyusam bile, uyar\u0131c\u0131 d\u00fc\u015fler yar\u0131 uyan\u0131k tutar beni, d\u00fc\u015flerle bo\u011fu\u015fmam gerekti\u011fi s\u00fcrece, kendi ba\u015f\u0131m\u0131 beklercesine uyurum sanki. Saat be\u015f sular\u0131nda uykunun son izleri silinip gitmi\u015ftir, uyan\u0131kl\u0131ktan daha da bitirici olan d\u00fc\u015fler g\u00f6r\u00fcr\u00fcm yaln\u0131zca. K\u0131saca t\u00fcm geceyi, sa\u011fl\u0131kl\u0131 birinin uykuya var\u0131\u015f\u0131ndan k\u0131sa bir s\u00fcre \u00f6nce kendini i\u00e7inde buldu\u011fu o durumda ge\u00e7iririm. Uyanm\u0131\u015fsam, t\u00fcmcek d\u00fc\u015fler ku\u015fatm\u0131\u015ft\u0131r \u00e7evremi, onlar\u0131 d\u00fc\u015f\u00fcnmemeye \u00e7abalar\u0131m elden geldi\u011fince. G\u00fcndo\u011fu\u015funa yak\u0131n, derin derin i\u00e7imi \u00e7ekerim yast\u0131\u011f\u0131n y\u00fcz\u00fcne, o gece i\u00e7in de, t\u00fcm umutlar yitirilmi\u015ftir \u00e7\u00fcnk\u00fc. Derin bir uykudan, t\u0131pk\u0131 bir cevizin i\u00e7inden \u00e7\u0131karcas\u0131na uyand\u0131\u011f\u0131m o gece sonlar\u0131n\u0131 d\u00fc\u015f\u00fcn\u00fcr\u00fcm ac\u0131 ac\u0131.<\/p>\n<p>D\u00fcn gece, bir k\u00f6r \u00e7ocu\u011fun korkun\u00e7 g\u00f6r\u00fcnt\u00fcs\u00fc girdi d\u00fc\u015f\u00fcme. D\u00fc\u015fe g\u00f6re, Leitmeritz\u2019deki teyze k\u0131z\u0131yd\u0131 bu, oysa k\u0131zlar\u0131 de\u011fil, o\u011fullar\u0131 vard\u0131r onlar\u0131n yaln\u0131zca. Bunlardan biri de, baca\u011f\u0131n\u0131 k\u0131rm\u0131\u015ft\u0131 bir aral\u0131k. \u00d6te yandan bu \u00e7ocukla, \u00f6nceleri g\u00fczelce bir \u00e7ocukken giderek kat\u0131 giyimli iri k\u0131y\u0131m bir k\u0131za d\u00f6n\u00fc\u015fmesini izledi\u011fim Dr. M\u2019nin k\u0131z\u0131 aras\u0131nda bir benze\u015fim vard\u0131r. Bu k\u00f6r ya da bozuk g\u00f6zl\u00fc \u00e7ocuk g\u00f6zl\u00fckl\u00fcyd\u00fc, sol cam\u0131n hemen ard\u0131ndaki g\u00f6z, s\u00fct akl\u0131\u011f\u0131nda ve f\u0131rlak g\u00f6r\u00fcnmekteydi, \u00e7ukura ka\u00e7m\u0131\u015f \u00f6teki g\u00f6z, kendisine \u00e7ok yak\u0131n bir mercekle \u00f6rt\u00fcl\u00fcyd\u00fc. Bu g\u00f6zl\u00fc\u011f\u00fcn y\u00fcze uyarlanabilmesi i\u00e7in, kulaklar\u0131n ard\u0131na uzanan destekler yerine, bir ucu elmac\u0131k kemi\u011fine oturan bir kald\u0131ra\u00e7 d\u00fczeni gerekmekleydi, b\u00f6ylece mercekten \u00e7\u0131kan bir direk yana\u011fa iniyor, eti delip kemik \u00fczerinde son buluyordu, bir ba\u015fka tel de oradan d\u0131\u015far\u0131 \u00e7\u0131k\u0131p, arkaya kula\u011fa gidiyordu. <\/p>\n<p>B\u00fct\u00fcn bu uykusuzluklar\u0131n, salt yaz\u0131 yazmamdan kaynakland\u0131\u011f\u0131na inan\u0131yorum ben. Ne denli az, ne denli k\u00f6t\u00fc de yazsam, k\u00fc\u00e7\u00fcc\u00fck sars\u0131nt\u0131lara kar\u015f\u0131 duygunla\u015fmaktay\u0131m, \u00e7o\u011funlukla g\u00fcn\u00fcn erken saatlerinde, \u00f6zellikle g\u00fcn bat\u0131m\u0131na do\u011fru, beni y\u0131rt\u0131p a\u00e7abilecek y\u00fcce anlar\u0131n yak\u0131nla\u015fan olas\u0131l\u0131klar\u0131n\u0131 sezinliyorum. Y\u00f6nlendirmeye f\u0131rsat bulamad\u0131\u011f\u0131m i\u00e7imdeki bu genel karga\u015fa dinmek bilmiyor. Sonu\u00e7 olarak, \u00f6zg\u00fcr k\u0131l\u0131nd\u0131\u011f\u0131nda beni t\u00fcm\u00fcyle dolduran, beni a\u00e7\u0131p yayan, yeniden dolduran bu karma\u015fa, salt bast\u0131r\u0131lm\u0131\u015f, engellenmi\u015f olan uyumdur. Ancak \u015fimdi, \u015fu andaki olu\u015fumu s\u0131rtlanabilecek g\u00fcc\u00fcm, yetene\u011fim olmad\u0131\u011f\u0131 i\u00e7in, bu durum yaln\u0131zca c\u0131l\u0131z umutlara neden oluyor, k\u00f6t\u00fcl\u00fck ediyor bana; g\u00fcn boyu yard\u0131m eder g\u00f6r\u00fcnen s\u00f6zc\u00fckler, geceye s\u0131ra gelince, kar\u015f\u0131 konulmaz bi\u00e7imde paral\u0131yorlar beni. Bu a\u015famadayken, hep Paris kentine, onun ku\u015fatma ve daha sonraki Kom\u00fcn g\u00fcnlerine ili\u015fkin d\u00fc\u015f\u00fcnceler gelir akl\u0131ma; o g\u00fcnlere dek Paris\u2019lilere yabanc\u0131 kalm\u0131\u015f kuzey ve do\u011fu d\u0131\u015f y\u00f6relerin halk\u0131, aylar\u0131 bulan bir s\u00fcre boyunca, saatin kollar\u0131 gibi zaman\u0131 kemirerek, a\u011f\u0131r a\u011f\u0131r, \u00f6zekte birle\u015fen \u00e7evre yollar\u0131ndan Paris\u2019in g\u00f6be\u011fine akm\u0131\u015flard\u0131. <\/p>\n<p>Uzunca s\u00fcredir yazmay\u0131\u015f\u0131m, avundu\u011fum bir olgu ve bu duyguyla yataca\u011f\u0131m \u015fu an ge\u00e7ici bir zaman i\u00e7in bile olsa, az bir \u00e7abayla ba\u015fard\u0131\u011f\u0131m \u015fu yaz\u0131, \u015fimdiki durumum i\u00e7inde kendine do\u011fru bir yer edinemeyecek b\u00f6ylece. <\/p>\n<p>\u00d6ylesine g\u00fc\u00e7s\u00fczl\u00fck i\u00e7indeyim ki, bu g\u00fcn \u015fefime \u00e7ocu\u011fun \u00f6yk\u00fcs\u00fcn\u00fc bile anlatt\u0131m. D\u00fc\u015fteki g\u00f6zl\u00fcklerin, ak\u015fam k\u00e2\u011f\u0131t oynarken yan\u0131nda oturmakta olan bana, arada bir g\u00f6zl\u00fcklerinin alt\u0131ndan, pek de ho\u015f olmayan bak\u0131\u015flar\u0131n\u0131 g\u00f6rd\u00fc\u011f\u00fcm annemden kaynakland\u0131\u011f\u0131n\u0131 da an\u0131msay\u0131verdim. \u00d6nceleri ilgimi \u00e7ekmemi\u015f olan bir\u015fey de, sa\u011f cam\u0131n soldakine oranla g\u00f6ze daha yak\u0131n durmakta olu\u015fudur \u00fcstelik.<\/p>\n<p style=\"text-align: justify;\">2 Ekim 1911 &#8211; Uykusuz<\/p>\n","protected":false},"excerpt":{"rendered":"<p>Uykusuz gece. S\u0131raya girenlerin \u00fc\u00e7\u00fcnc\u00fcs\u00fc bu. Derin bir uykuya g\u00f6m\u00fcl\u00fcyor, bir saat sonra da, kafam\u0131 yanl\u0131\u015f bir \u00e7ukura koymu\u015fcas\u0131na uyan\u0131yorum. T\u00fcm\u00fcyle uyan\u0131\u011f\u0131m, sanki incecik bir zar alt\u0131nda uyumu\u015fum ya da hi\u00e7 mi hi\u00e7 uyumam\u0131\u015f\u0131m gibi bir duygu var i\u00e7imde, yeniden uykuya dalman\u0131n g\u00fc\u00e7l\u00fckleri uzan\u0131yor \u00f6n\u00fcmde, kendimi uykudan \u00f6telere f\u0131rlat\u0131lm\u0131\u015f duyuyorum. Gecenin artakalan b\u00f6l\u00fcm\u00fcnde, saat be\u015f\u2019lere [&hellip;]<\/p>\n","protected":false},"author":1,"featured_media":0,"comment_status":"open","ping_status":"open","sticky":false,"template":"","format":"standard","meta":{"footnotes":""},"categories":[138],"tags":[],"class_list":{"0":"post-6890","1":"post","2":"type-post","3":"status-publish","4":"format-standard","6":"category-edebiyat-dunya"},"yoast_head":"<!-- This site is optimized with the Yoast SEO Premium plugin v24.9 (Yoast SEO v24.9) - https:\/\/yoast.com\/wordpress\/plugins\/seo\/ -->\n<title>B\u00fct\u00fcn bu uykusuzluklar\u0131n, salt yaz\u0131 yazmamdan kaynakland\u0131\u011f\u0131na inan\u0131yorum ben | Uykusuz - Franz Kafka - narteks.net<\/title>\n<meta name=\"robots\" content=\"index, follow, max-snippet:-1, max-image-preview:large, max-video-preview:-1\" \/>\n<link rel=\"canonical\" href=\"https:\/\/narteks.net\/index.php\/2012\/08\/16\/butun-bu-uykusuzluklarin-salt-yazi-yazmamdan-kaynaklandigina-inaniyorum-ben-uykusuz-franz-kafka\/\" \/>\n<meta property=\"og:locale\" content=\"tr_TR\" \/>\n<meta property=\"og:type\" content=\"article\" \/>\n<meta property=\"og:title\" content=\"B\u00fct\u00fcn bu uykusuzluklar\u0131n, salt yaz\u0131 yazmamdan kaynakland\u0131\u011f\u0131na inan\u0131yorum ben | Uykusuz - Franz Kafka\" \/>\n<meta property=\"og:description\" content=\"Uykusuz gece. S\u0131raya girenlerin \u00fc\u00e7\u00fcnc\u00fcs\u00fc bu. Derin bir uykuya g\u00f6m\u00fcl\u00fcyor, bir saat sonra da, kafam\u0131 yanl\u0131\u015f bir \u00e7ukura koymu\u015fcas\u0131na uyan\u0131yorum. T\u00fcm\u00fcyle uyan\u0131\u011f\u0131m, sanki incecik bir zar alt\u0131nda uyumu\u015fum ya da hi\u00e7 mi hi\u00e7 uyumam\u0131\u015f\u0131m gibi bir duygu var i\u00e7imde, yeniden uykuya dalman\u0131n g\u00fc\u00e7l\u00fckleri uzan\u0131yor \u00f6n\u00fcmde, kendimi uykudan \u00f6telere f\u0131rlat\u0131lm\u0131\u015f duyuyorum. Gecenin artakalan b\u00f6l\u00fcm\u00fcnde, saat be\u015f\u2019lere [&hellip;]\" \/>\n<meta property=\"og:url\" content=\"https:\/\/narteks.net\/index.php\/2012\/08\/16\/butun-bu-uykusuzluklarin-salt-yazi-yazmamdan-kaynaklandigina-inaniyorum-ben-uykusuz-franz-kafka\/\" \/>\n<meta property=\"og:site_name\" content=\"narteks.net\" \/>\n<meta property=\"article:published_time\" content=\"2012-08-16T13:51:16+00:00\" \/>\n<meta property=\"og:image\" content=\"https:\/\/narteks.net\/wp-content\/uploads\/narteks.png\" \/>\n\t<meta property=\"og:image:width\" content=\"300\" \/>\n\t<meta property=\"og:image:height\" content=\"90\" \/>\n\t<meta property=\"og:image:type\" content=\"image\/png\" \/>\n<meta name=\"author\" content=\"Tar\u0131k\" \/>\n<meta name=\"twitter:card\" content=\"summary_large_image\" \/>\n<meta name=\"twitter:creator\" content=\"@narteks\" \/>\n<meta name=\"twitter:site\" content=\"@narteks\" \/>\n<meta name=\"twitter:label1\" content=\"Yazan:\" \/>\n\t<meta name=\"twitter:data1\" content=\"Tar\u0131k\" \/>\n\t<meta name=\"twitter:label2\" content=\"Tahmini okuma s\u00fcresi\" \/>\n\t<meta name=\"twitter:data2\" content=\"4 dakika\" \/>\n<script type=\"application\/ld+json\" class=\"yoast-schema-graph\">{\"@context\":\"https:\/\/schema.org\",\"@graph\":[{\"@type\":\"Article\",\"@id\":\"https:\/\/narteks.net\/index.php\/2012\/08\/16\/butun-bu-uykusuzluklarin-salt-yazi-yazmamdan-kaynaklandigina-inaniyorum-ben-uykusuz-franz-kafka\/#article\",\"isPartOf\":{\"@id\":\"https:\/\/narteks.net\/index.php\/2012\/08\/16\/butun-bu-uykusuzluklarin-salt-yazi-yazmamdan-kaynaklandigina-inaniyorum-ben-uykusuz-franz-kafka\/\"},\"author\":{\"name\":\"Tar\u0131k\",\"@id\":\"https:\/\/narteks.net\/#\/schema\/person\/61f37d9834294b72d31d274e7ed79bca\"},\"headline\":\"B\u00fct\u00fcn bu uykusuzluklar\u0131n, salt yaz\u0131 yazmamdan kaynakland\u0131\u011f\u0131na inan\u0131yorum ben | Uykusuz &#8211; Franz Kafka\",\"datePublished\":\"2012-08-16T13:51:16+00:00\",\"mainEntityOfPage\":{\"@id\":\"https:\/\/narteks.net\/index.php\/2012\/08\/16\/butun-bu-uykusuzluklarin-salt-yazi-yazmamdan-kaynaklandigina-inaniyorum-ben-uykusuz-franz-kafka\/\"},\"wordCount\":806,\"commentCount\":0,\"publisher\":{\"@id\":\"https:\/\/narteks.net\/#organization\"},\"articleSection\":[\"Edebiyat ( D\u00fcnya )\"],\"inLanguage\":\"tr\",\"potentialAction\":[{\"@type\":\"CommentAction\",\"name\":\"Comment\",\"target\":[\"https:\/\/narteks.net\/index.php\/2012\/08\/16\/butun-bu-uykusuzluklarin-salt-yazi-yazmamdan-kaynaklandigina-inaniyorum-ben-uykusuz-franz-kafka\/#respond\"]}]},{\"@type\":\"WebPage\",\"@id\":\"https:\/\/narteks.net\/index.php\/2012\/08\/16\/butun-bu-uykusuzluklarin-salt-yazi-yazmamdan-kaynaklandigina-inaniyorum-ben-uykusuz-franz-kafka\/\",\"url\":\"https:\/\/narteks.net\/index.php\/2012\/08\/16\/butun-bu-uykusuzluklarin-salt-yazi-yazmamdan-kaynaklandigina-inaniyorum-ben-uykusuz-franz-kafka\/\",\"name\":\"B\u00fct\u00fcn bu uykusuzluklar\u0131n, salt yaz\u0131 yazmamdan kaynakland\u0131\u011f\u0131na inan\u0131yorum ben | Uykusuz - Franz Kafka - narteks.net\",\"isPartOf\":{\"@id\":\"https:\/\/narteks.net\/#website\"},\"datePublished\":\"2012-08-16T13:51:16+00:00\",\"breadcrumb\":{\"@id\":\"https:\/\/narteks.net\/index.php\/2012\/08\/16\/butun-bu-uykusuzluklarin-salt-yazi-yazmamdan-kaynaklandigina-inaniyorum-ben-uykusuz-franz-kafka\/#breadcrumb\"},\"inLanguage\":\"tr\",\"potentialAction\":[{\"@type\":\"ReadAction\",\"target\":[\"https:\/\/narteks.net\/index.php\/2012\/08\/16\/butun-bu-uykusuzluklarin-salt-yazi-yazmamdan-kaynaklandigina-inaniyorum-ben-uykusuz-franz-kafka\/\"]}]},{\"@type\":\"BreadcrumbList\",\"@id\":\"https:\/\/narteks.net\/index.php\/2012\/08\/16\/butun-bu-uykusuzluklarin-salt-yazi-yazmamdan-kaynaklandigina-inaniyorum-ben-uykusuz-franz-kafka\/#breadcrumb\",\"itemListElement\":[{\"@type\":\"ListItem\",\"position\":1,\"name\":\"Anasayfa\",\"item\":\"https:\/\/narteks.net\/\"},{\"@type\":\"ListItem\",\"position\":2,\"name\":\"B\u00fct\u00fcn bu uykusuzluklar\u0131n, salt yaz\u0131 yazmamdan kaynakland\u0131\u011f\u0131na inan\u0131yorum ben | Uykusuz &#8211; Franz Kafka\"}]},{\"@type\":\"WebSite\",\"@id\":\"https:\/\/narteks.net\/#website\",\"url\":\"https:\/\/narteks.net\/\",\"name\":\"narteks.net\",\"description\":\"K\u00fclt\u00fcr Sanat Edebiyat Felsefe\",\"publisher\":{\"@id\":\"https:\/\/narteks.net\/#organization\"},\"alternateName\":\"K\u00fclt\u00fcr Sanat Edebiyat Felsefe\",\"potentialAction\":[{\"@type\":\"SearchAction\",\"target\":{\"@type\":\"EntryPoint\",\"urlTemplate\":\"https:\/\/narteks.net\/?s={search_term_string}\"},\"query-input\":{\"@type\":\"PropertyValueSpecification\",\"valueRequired\":true,\"valueName\":\"search_term_string\"}}],\"inLanguage\":\"tr\"},{\"@type\":\"Organization\",\"@id\":\"https:\/\/narteks.net\/#organization\",\"name\":\"narteks.net\",\"url\":\"https:\/\/narteks.net\/\",\"logo\":{\"@type\":\"ImageObject\",\"inLanguage\":\"tr\",\"@id\":\"https:\/\/narteks.net\/#\/schema\/logo\/image\/\",\"url\":\"https:\/\/narteks.net\/wp-content\/uploads\/narteks.png\",\"contentUrl\":\"https:\/\/narteks.net\/wp-content\/uploads\/narteks.png\",\"width\":300,\"height\":90,\"caption\":\"narteks.net\"},\"image\":{\"@id\":\"https:\/\/narteks.net\/#\/schema\/logo\/image\/\"},\"sameAs\":[\"https:\/\/x.com\/narteks\",\"https:\/\/instagram.com\/narteksnet\"]},{\"@type\":\"Person\",\"@id\":\"https:\/\/narteks.net\/#\/schema\/person\/61f37d9834294b72d31d274e7ed79bca\",\"name\":\"Tar\u0131k\",\"image\":{\"@type\":\"ImageObject\",\"inLanguage\":\"tr\",\"@id\":\"https:\/\/narteks.net\/#\/schema\/person\/image\/\",\"url\":\"https:\/\/secure.gravatar.com\/avatar\/50865afb55632c4ae467e0af0930f6510aa2297d8014be502a55b14f3b7550cf?s=96&d=mm&r=g\",\"contentUrl\":\"https:\/\/secure.gravatar.com\/avatar\/50865afb55632c4ae467e0af0930f6510aa2297d8014be502a55b14f3b7550cf?s=96&d=mm&r=g\",\"caption\":\"Tar\u0131k\"},\"sameAs\":[\"http:\/\/narteks.net\"],\"url\":\"https:\/\/narteks.net\/index.php\/author\/narbak\/\"}]}<\/script>\n<!-- \/ Yoast SEO Premium plugin. -->","yoast_head_json":{"title":"B\u00fct\u00fcn bu uykusuzluklar\u0131n, salt yaz\u0131 yazmamdan kaynakland\u0131\u011f\u0131na inan\u0131yorum ben | Uykusuz - Franz Kafka - narteks.net","robots":{"index":"index","follow":"follow","max-snippet":"max-snippet:-1","max-image-preview":"max-image-preview:large","max-video-preview":"max-video-preview:-1"},"canonical":"https:\/\/narteks.net\/index.php\/2012\/08\/16\/butun-bu-uykusuzluklarin-salt-yazi-yazmamdan-kaynaklandigina-inaniyorum-ben-uykusuz-franz-kafka\/","og_locale":"tr_TR","og_type":"article","og_title":"B\u00fct\u00fcn bu uykusuzluklar\u0131n, salt yaz\u0131 yazmamdan kaynakland\u0131\u011f\u0131na inan\u0131yorum ben | Uykusuz - Franz Kafka","og_description":"Uykusuz gece. S\u0131raya girenlerin \u00fc\u00e7\u00fcnc\u00fcs\u00fc bu. Derin bir uykuya g\u00f6m\u00fcl\u00fcyor, bir saat sonra da, kafam\u0131 yanl\u0131\u015f bir \u00e7ukura koymu\u015fcas\u0131na uyan\u0131yorum. T\u00fcm\u00fcyle uyan\u0131\u011f\u0131m, sanki incecik bir zar alt\u0131nda uyumu\u015fum ya da hi\u00e7 mi hi\u00e7 uyumam\u0131\u015f\u0131m gibi bir duygu var i\u00e7imde, yeniden uykuya dalman\u0131n g\u00fc\u00e7l\u00fckleri uzan\u0131yor \u00f6n\u00fcmde, kendimi uykudan \u00f6telere f\u0131rlat\u0131lm\u0131\u015f duyuyorum. Gecenin artakalan b\u00f6l\u00fcm\u00fcnde, saat be\u015f\u2019lere [&hellip;]","og_url":"https:\/\/narteks.net\/index.php\/2012\/08\/16\/butun-bu-uykusuzluklarin-salt-yazi-yazmamdan-kaynaklandigina-inaniyorum-ben-uykusuz-franz-kafka\/","og_site_name":"narteks.net","article_published_time":"2012-08-16T13:51:16+00:00","og_image":[{"width":300,"height":90,"url":"https:\/\/narteks.net\/wp-content\/uploads\/narteks.png","type":"image\/png"}],"author":"Tar\u0131k","twitter_card":"summary_large_image","twitter_creator":"@narteks","twitter_site":"@narteks","twitter_misc":{"Yazan:":"Tar\u0131k","Tahmini okuma s\u00fcresi":"4 dakika"},"schema":{"@context":"https:\/\/schema.org","@graph":[{"@type":"Article","@id":"https:\/\/narteks.net\/index.php\/2012\/08\/16\/butun-bu-uykusuzluklarin-salt-yazi-yazmamdan-kaynaklandigina-inaniyorum-ben-uykusuz-franz-kafka\/#article","isPartOf":{"@id":"https:\/\/narteks.net\/index.php\/2012\/08\/16\/butun-bu-uykusuzluklarin-salt-yazi-yazmamdan-kaynaklandigina-inaniyorum-ben-uykusuz-franz-kafka\/"},"author":{"name":"Tar\u0131k","@id":"https:\/\/narteks.net\/#\/schema\/person\/61f37d9834294b72d31d274e7ed79bca"},"headline":"B\u00fct\u00fcn bu uykusuzluklar\u0131n, salt yaz\u0131 yazmamdan kaynakland\u0131\u011f\u0131na inan\u0131yorum ben | Uykusuz &#8211; Franz Kafka","datePublished":"2012-08-16T13:51:16+00:00","mainEntityOfPage":{"@id":"https:\/\/narteks.net\/index.php\/2012\/08\/16\/butun-bu-uykusuzluklarin-salt-yazi-yazmamdan-kaynaklandigina-inaniyorum-ben-uykusuz-franz-kafka\/"},"wordCount":806,"commentCount":0,"publisher":{"@id":"https:\/\/narteks.net\/#organization"},"articleSection":["Edebiyat ( D\u00fcnya )"],"inLanguage":"tr","potentialAction":[{"@type":"CommentAction","name":"Comment","target":["https:\/\/narteks.net\/index.php\/2012\/08\/16\/butun-bu-uykusuzluklarin-salt-yazi-yazmamdan-kaynaklandigina-inaniyorum-ben-uykusuz-franz-kafka\/#respond"]}]},{"@type":"WebPage","@id":"https:\/\/narteks.net\/index.php\/2012\/08\/16\/butun-bu-uykusuzluklarin-salt-yazi-yazmamdan-kaynaklandigina-inaniyorum-ben-uykusuz-franz-kafka\/","url":"https:\/\/narteks.net\/index.php\/2012\/08\/16\/butun-bu-uykusuzluklarin-salt-yazi-yazmamdan-kaynaklandigina-inaniyorum-ben-uykusuz-franz-kafka\/","name":"B\u00fct\u00fcn bu uykusuzluklar\u0131n, salt yaz\u0131 yazmamdan kaynakland\u0131\u011f\u0131na inan\u0131yorum ben | Uykusuz - Franz Kafka - narteks.net","isPartOf":{"@id":"https:\/\/narteks.net\/#website"},"datePublished":"2012-08-16T13:51:16+00:00","breadcrumb":{"@id":"https:\/\/narteks.net\/index.php\/2012\/08\/16\/butun-bu-uykusuzluklarin-salt-yazi-yazmamdan-kaynaklandigina-inaniyorum-ben-uykusuz-franz-kafka\/#breadcrumb"},"inLanguage":"tr","potentialAction":[{"@type":"ReadAction","target":["https:\/\/narteks.net\/index.php\/2012\/08\/16\/butun-bu-uykusuzluklarin-salt-yazi-yazmamdan-kaynaklandigina-inaniyorum-ben-uykusuz-franz-kafka\/"]}]},{"@type":"BreadcrumbList","@id":"https:\/\/narteks.net\/index.php\/2012\/08\/16\/butun-bu-uykusuzluklarin-salt-yazi-yazmamdan-kaynaklandigina-inaniyorum-ben-uykusuz-franz-kafka\/#breadcrumb","itemListElement":[{"@type":"ListItem","position":1,"name":"Anasayfa","item":"https:\/\/narteks.net\/"},{"@type":"ListItem","position":2,"name":"B\u00fct\u00fcn bu uykusuzluklar\u0131n, salt yaz\u0131 yazmamdan kaynakland\u0131\u011f\u0131na inan\u0131yorum ben | Uykusuz &#8211; Franz Kafka"}]},{"@type":"WebSite","@id":"https:\/\/narteks.net\/#website","url":"https:\/\/narteks.net\/","name":"narteks.net","description":"K\u00fclt\u00fcr Sanat Edebiyat Felsefe","publisher":{"@id":"https:\/\/narteks.net\/#organization"},"alternateName":"K\u00fclt\u00fcr Sanat Edebiyat Felsefe","potentialAction":[{"@type":"SearchAction","target":{"@type":"EntryPoint","urlTemplate":"https:\/\/narteks.net\/?s={search_term_string}"},"query-input":{"@type":"PropertyValueSpecification","valueRequired":true,"valueName":"search_term_string"}}],"inLanguage":"tr"},{"@type":"Organization","@id":"https:\/\/narteks.net\/#organization","name":"narteks.net","url":"https:\/\/narteks.net\/","logo":{"@type":"ImageObject","inLanguage":"tr","@id":"https:\/\/narteks.net\/#\/schema\/logo\/image\/","url":"https:\/\/narteks.net\/wp-content\/uploads\/narteks.png","contentUrl":"https:\/\/narteks.net\/wp-content\/uploads\/narteks.png","width":300,"height":90,"caption":"narteks.net"},"image":{"@id":"https:\/\/narteks.net\/#\/schema\/logo\/image\/"},"sameAs":["https:\/\/x.com\/narteks","https:\/\/instagram.com\/narteksnet"]},{"@type":"Person","@id":"https:\/\/narteks.net\/#\/schema\/person\/61f37d9834294b72d31d274e7ed79bca","name":"Tar\u0131k","image":{"@type":"ImageObject","inLanguage":"tr","@id":"https:\/\/narteks.net\/#\/schema\/person\/image\/","url":"https:\/\/secure.gravatar.com\/avatar\/50865afb55632c4ae467e0af0930f6510aa2297d8014be502a55b14f3b7550cf?s=96&d=mm&r=g","contentUrl":"https:\/\/secure.gravatar.com\/avatar\/50865afb55632c4ae467e0af0930f6510aa2297d8014be502a55b14f3b7550cf?s=96&d=mm&r=g","caption":"Tar\u0131k"},"sameAs":["http:\/\/narteks.net"],"url":"https:\/\/narteks.net\/index.php\/author\/narbak\/"}]}},"_links":{"self":[{"href":"https:\/\/narteks.net\/index.php\/wp-json\/wp\/v2\/posts\/6890","targetHints":{"allow":["GET"]}}],"collection":[{"href":"https:\/\/narteks.net\/index.php\/wp-json\/wp\/v2\/posts"}],"about":[{"href":"https:\/\/narteks.net\/index.php\/wp-json\/wp\/v2\/types\/post"}],"author":[{"embeddable":true,"href":"https:\/\/narteks.net\/index.php\/wp-json\/wp\/v2\/users\/1"}],"replies":[{"embeddable":true,"href":"https:\/\/narteks.net\/index.php\/wp-json\/wp\/v2\/comments?post=6890"}],"version-history":[{"count":0,"href":"https:\/\/narteks.net\/index.php\/wp-json\/wp\/v2\/posts\/6890\/revisions"}],"wp:attachment":[{"href":"https:\/\/narteks.net\/index.php\/wp-json\/wp\/v2\/media?parent=6890"}],"wp:term":[{"taxonomy":"category","embeddable":true,"href":"https:\/\/narteks.net\/index.php\/wp-json\/wp\/v2\/categories?post=6890"},{"taxonomy":"post_tag","embeddable":true,"href":"https:\/\/narteks.net\/index.php\/wp-json\/wp\/v2\/tags?post=6890"}],"curies":[{"name":"wp","href":"https:\/\/api.w.org\/{rel}","templated":true}]}}