{"id":6892,"date":"2012-08-24T10:10:13","date_gmt":"2012-08-24T07:10:13","guid":{"rendered":"http:\/\/localhost\/wordpress\/2012\/08\/24\/kanadiginda-kendini-bir-yara-gibi-hisseden-kadin-theodor-adorno\/"},"modified":"2012-08-24T10:10:13","modified_gmt":"2012-08-24T07:10:13","slug":"kanadiginda-kendini-bir-yara-gibi-hisseden-kadin-theodor-adorno","status":"publish","type":"post","link":"https:\/\/narteks.net\/index.php\/2012\/08\/24\/kanadiginda-kendini-bir-yara-gibi-hisseden-kadin-theodor-adorno\/","title":{"rendered":"Kanad\u0131\u011f\u0131nda kendini bir yara gibi hisseden kad\u0131n | Theodor Adorno"},"content":{"rendered":"<p style=\"text-align: justify;\"><img loading=\"lazy\" decoding=\"async\" src=\"http:\/\/upload.wikimedia.org\/wikipedia\/commons\/d\/d9\/Adorno.jpg\" border=\"0\" width=\"155\" height=\"205\" style=\"float: left;\" \/>Di\u015fil ki\u015filik ve model ald\u0131\u011f\u0131 kad\u0131nl\u0131k ideali, erkek toplumunun \u00fcr\u00fcnleridir. \u00c7arp\u0131t\u0131lmam\u0131\u015f do\u011fa imgesi, ancak \u00e7arp\u0131t\u0131lm\u0131\u015f bir halde, kendi kar\u015f\u0131t\u0131 olarak ortaya \u00e7\u0131kabilir. Eril toplum, insani oldu\u011funu iddia etti\u011fi noktada, kad\u0131nlar\u0131 kendi d\u00fczelticisine d\u00f6n\u00fc\u015ft\u00fcrmekte ve kendini b\u00f6yle s\u0131n\u0131rlarken asl\u0131nda efendinin yine kendisi oldu\u011funu a\u00e7\u0131\u011fa vurmaktad\u0131r. Di\u015fil ki\u015filik, tahakk\u00fcm\u00fcn bir negatif kopyas\u0131d\u0131r. Ama bu y\u00fczden de ayn\u0131 \u00f6l\u00e7\u00fcde k\u00f6t\u00fcd\u00fcr.<\/p>\n<p>Burjuva yan\u0131lsamas\u0131n\u0131n \u00e7er\u00e7evesi i\u00e7inde \u201cdo\u011fa\u201d olarak adland\u0131r\u0131lan her \u015fey, toplumsal sakatlan\u0131\u015f\u0131n izidir sadece: Bir yara dokusu. Kad\u0131nlar\u0131n kendi f\u0131ziksel do\u011falar\u0131n\u0131 bir had\u0131ml\u0131k hali gibi ya\u015fad\u0131klar\u0131n\u0131 \u00f6ne s\u00fcren psikanalitik teori do\u011fruysa e\u011fer, maruz kald\u0131klar\u0131 nevroz da onlara hakikatin hi\u00e7 de\u011filse bir ucunu g\u00f6steriyor demektir. Kanad\u0131\u011f\u0131nda kendini bir yara gibi hisseden kad\u0131n, kocas\u0131n\u0131n i\u015fine \u00f6yle geldi\u011fi i\u00e7in kendini bir \u00e7i\u00e7ek olarak g\u00f6ren kad\u0131ndan daha \u00e7ok \u015fey biliyordur kendi hakk\u0131nda. Yalan olan, do\u011fan\u0131n, varl\u0131\u011f\u0131na izin verildi\u011fi ve uyarland\u0131\u011f\u0131 yerde ya\u015famaya devam etti\u011fi iddias\u0131 de\u011fildir sadece; uygarl\u0131kta do\u011fa say\u0131lan her \u015fey, s\u0131rf kendi t\u00f6z\u00fc gere\u011fi, do\u011fadan en uzak \u015feydir: Uygarl\u0131\u011f\u0131n kendine nesne olarak se\u00e7ti\u011fi \u015fey.<\/p>\n<p>\u0130\u00e7g\u00fcd\u00fcy\u00fc temel alan di\u015filik, tastamam her kad\u0131n\u0131n \u015fiddetle -erkek \u015fiddetiyle- kendini olmaya zorlad\u0131\u011f\u0131 \u015feydir her zaman: Bir kad\u0131n-adam. Zekan\u0131n zedelemedi\u011fi o korunakl\u0131 bilin\u00e7d\u0131\u015f\u0131n\u0131n ger\u00e7ek durumunu anlamak i\u00e7in, b\u00f6yle di\u015fi kad\u0131nlar\u0131n kad\u0131nl\u0131klar\u0131n\u0131 nas\u0131l da parmak u\u00e7lar\u0131nda ta\u015f\u0131d\u0131klar\u0131n\u0131 -nas\u0131l, g\u00f6z s\u00fczerek ve kaprisli bir kar\u015f\u0131 konulmazl\u0131kla, tam da gerekti\u011fi yerde kulland\u0131klar\u0131n\u0131 k\u0131skan\u00e7 bir erkek olarak bir kez bile g\u00f6rmek yeterlidir. Tam da egonun, sans\u00fcr\u00fcn, zekan\u0131n \u00fcr\u00fcn\u00fcd\u00fcr bu zedelenmemi\u015f do\u011fa; rasyonel d\u00fczenin ger\u00e7eklik ilkesine o kadar diren\u00e7sizce teslim olmas\u0131n\u0131n nedeni de budur.<\/p>\n<p>\u0130stisnas\u0131z b\u00fct\u00fcn di\u015fil ki\u015filikler konformisttir. Nietzsche\u2019nin her \u015feyi inceden inceye tarayan ele\u015ftirisinin bu noktadan \u00f6teye ge\u00e7ememesi, her zaman o kadar derin bir ku\u015fkuyla kar\u015f\u0131lad\u0131\u011f\u0131 H\u0131ristiyanl\u0131\u011f\u0131n di\u015fil do\u011fa imgesini hi\u00e7 ele\u015ftirmeden devralmas\u0131, sonunda d\u00fc\u015f\u00fcncesini de burjuva toplumunun emrine sokmu\u015ftur. Kad\u0131nlardan s\u00f6z ederken \u201cDi\u015fi\u201d demek gafletine d\u00fc\u015fm\u00fc\u015ft\u00fc o da. \u201cKam\u00e7\u0131y\u0131 hi\u00e7 elden b\u0131rakmay\u0131n\u201d \u00f6\u011f\u00fcd\u00fc bunun do\u011fal uzant\u0131s\u0131d\u0131r: Di\u015fili\u011fin kendisi de kam\u00e7\u0131n\u0131n \u00fcr\u00fcn\u00fc de\u011fil midir, bir kam\u00e7\u0131 efekti de\u011fil midir? Do\u011fan\u0131n kurtulu\u015fu, onun kendi kendini imal etmesine son vermekten ge\u00e7er. Di\u015fil karakterin y\u00fcceltilmesiyse onu ta\u015f\u0131yan herkesin al\u00e7alt\u0131lmas\u0131 demektir.<\/p>\n<p>Minima Moralia | Theodor Adorno<\/p>\n","protected":false},"excerpt":{"rendered":"<p>Di\u015fil ki\u015filik ve model ald\u0131\u011f\u0131 kad\u0131nl\u0131k ideali, erkek toplumunun \u00fcr\u00fcnleridir. \u00c7arp\u0131t\u0131lmam\u0131\u015f do\u011fa imgesi, ancak \u00e7arp\u0131t\u0131lm\u0131\u015f bir halde, kendi kar\u015f\u0131t\u0131 olarak ortaya \u00e7\u0131kabilir. Eril toplum, insani oldu\u011funu iddia etti\u011fi noktada, kad\u0131nlar\u0131 kendi d\u00fczelticisine d\u00f6n\u00fc\u015ft\u00fcrmekte ve kendini b\u00f6yle s\u0131n\u0131rlarken asl\u0131nda efendinin yine kendisi oldu\u011funu a\u00e7\u0131\u011fa vurmaktad\u0131r. Di\u015fil ki\u015filik, tahakk\u00fcm\u00fcn bir negatif kopyas\u0131d\u0131r. Ama bu y\u00fczden de ayn\u0131 [&hellip;]<\/p>\n","protected":false},"author":1,"featured_media":0,"comment_status":"open","ping_status":"open","sticky":false,"template":"","format":"standard","meta":{"footnotes":""},"categories":[176],"tags":[],"class_list":["post-6892","post","type-post","status-publish","format-standard","category-kadin-a-dair"],"yoast_head":"<!-- This site is optimized with the Yoast SEO Premium plugin v24.9 (Yoast SEO v24.9) - https:\/\/yoast.com\/wordpress\/plugins\/seo\/ -->\n<title>Kanad\u0131\u011f\u0131nda kendini bir yara gibi hisseden kad\u0131n | Theodor Adorno - narteks.net<\/title>\n<meta name=\"robots\" content=\"index, follow, max-snippet:-1, max-image-preview:large, max-video-preview:-1\" \/>\n<link rel=\"canonical\" href=\"https:\/\/narteks.net\/index.php\/2012\/08\/24\/kanadiginda-kendini-bir-yara-gibi-hisseden-kadin-theodor-adorno\/\" \/>\n<meta property=\"og:locale\" content=\"tr_TR\" \/>\n<meta property=\"og:type\" content=\"article\" \/>\n<meta property=\"og:title\" content=\"Kanad\u0131\u011f\u0131nda kendini bir yara gibi hisseden kad\u0131n | Theodor Adorno\" \/>\n<meta property=\"og:description\" content=\"Di\u015fil ki\u015filik ve model ald\u0131\u011f\u0131 kad\u0131nl\u0131k ideali, erkek toplumunun \u00fcr\u00fcnleridir. \u00c7arp\u0131t\u0131lmam\u0131\u015f do\u011fa imgesi, ancak \u00e7arp\u0131t\u0131lm\u0131\u015f bir halde, kendi kar\u015f\u0131t\u0131 olarak ortaya \u00e7\u0131kabilir. Eril toplum, insani oldu\u011funu iddia etti\u011fi noktada, kad\u0131nlar\u0131 kendi d\u00fczelticisine d\u00f6n\u00fc\u015ft\u00fcrmekte ve kendini b\u00f6yle s\u0131n\u0131rlarken asl\u0131nda efendinin yine kendisi oldu\u011funu a\u00e7\u0131\u011fa vurmaktad\u0131r. Di\u015fil ki\u015filik, tahakk\u00fcm\u00fcn bir negatif kopyas\u0131d\u0131r. Ama bu y\u00fczden de ayn\u0131 [&hellip;]\" \/>\n<meta property=\"og:url\" content=\"https:\/\/narteks.net\/index.php\/2012\/08\/24\/kanadiginda-kendini-bir-yara-gibi-hisseden-kadin-theodor-adorno\/\" \/>\n<meta property=\"og:site_name\" content=\"narteks.net\" \/>\n<meta property=\"article:published_time\" content=\"2012-08-24T07:10:13+00:00\" \/>\n<meta property=\"og:image\" content=\"http:\/\/upload.wikimedia.org\/wikipedia\/commons\/d\/d9\/Adorno.jpg\" \/>\n<meta name=\"author\" content=\"Tar\u0131k\" \/>\n<meta name=\"twitter:card\" content=\"summary_large_image\" \/>\n<meta name=\"twitter:creator\" content=\"@narteks\" \/>\n<meta name=\"twitter:site\" content=\"@narteks\" \/>\n<meta name=\"twitter:label1\" content=\"Yazan:\" \/>\n\t<meta name=\"twitter:data1\" content=\"Tar\u0131k\" \/>\n\t<meta name=\"twitter:label2\" content=\"Tahmini okuma s\u00fcresi\" \/>\n\t<meta name=\"twitter:data2\" content=\"3 dakika\" \/>\n<script type=\"application\/ld+json\" class=\"yoast-schema-graph\">{\"@context\":\"https:\/\/schema.org\",\"@graph\":[{\"@type\":\"Article\",\"@id\":\"https:\/\/narteks.net\/index.php\/2012\/08\/24\/kanadiginda-kendini-bir-yara-gibi-hisseden-kadin-theodor-adorno\/#article\",\"isPartOf\":{\"@id\":\"https:\/\/narteks.net\/index.php\/2012\/08\/24\/kanadiginda-kendini-bir-yara-gibi-hisseden-kadin-theodor-adorno\/\"},\"author\":{\"name\":\"Tar\u0131k\",\"@id\":\"https:\/\/narteks.net\/#\/schema\/person\/61f37d9834294b72d31d274e7ed79bca\"},\"headline\":\"Kanad\u0131\u011f\u0131nda kendini bir yara gibi hisseden kad\u0131n | Theodor Adorno\",\"datePublished\":\"2012-08-24T07:10:13+00:00\",\"mainEntityOfPage\":{\"@id\":\"https:\/\/narteks.net\/index.php\/2012\/08\/24\/kanadiginda-kendini-bir-yara-gibi-hisseden-kadin-theodor-adorno\/\"},\"wordCount\":518,\"commentCount\":0,\"publisher\":{\"@id\":\"https:\/\/narteks.net\/#organization\"},\"image\":{\"@id\":\"https:\/\/narteks.net\/index.php\/2012\/08\/24\/kanadiginda-kendini-bir-yara-gibi-hisseden-kadin-theodor-adorno\/#primaryimage\"},\"thumbnailUrl\":\"http:\/\/upload.wikimedia.org\/wikipedia\/commons\/d\/d9\/Adorno.jpg\",\"articleSection\":[\"Kad\u0131na Dair\"],\"inLanguage\":\"tr\",\"potentialAction\":[{\"@type\":\"CommentAction\",\"name\":\"Comment\",\"target\":[\"https:\/\/narteks.net\/index.php\/2012\/08\/24\/kanadiginda-kendini-bir-yara-gibi-hisseden-kadin-theodor-adorno\/#respond\"]}]},{\"@type\":\"WebPage\",\"@id\":\"https:\/\/narteks.net\/index.php\/2012\/08\/24\/kanadiginda-kendini-bir-yara-gibi-hisseden-kadin-theodor-adorno\/\",\"url\":\"https:\/\/narteks.net\/index.php\/2012\/08\/24\/kanadiginda-kendini-bir-yara-gibi-hisseden-kadin-theodor-adorno\/\",\"name\":\"Kanad\u0131\u011f\u0131nda kendini bir yara gibi hisseden kad\u0131n | Theodor Adorno - narteks.net\",\"isPartOf\":{\"@id\":\"https:\/\/narteks.net\/#website\"},\"primaryImageOfPage\":{\"@id\":\"https:\/\/narteks.net\/index.php\/2012\/08\/24\/kanadiginda-kendini-bir-yara-gibi-hisseden-kadin-theodor-adorno\/#primaryimage\"},\"image\":{\"@id\":\"https:\/\/narteks.net\/index.php\/2012\/08\/24\/kanadiginda-kendini-bir-yara-gibi-hisseden-kadin-theodor-adorno\/#primaryimage\"},\"thumbnailUrl\":\"http:\/\/upload.wikimedia.org\/wikipedia\/commons\/d\/d9\/Adorno.jpg\",\"datePublished\":\"2012-08-24T07:10:13+00:00\",\"breadcrumb\":{\"@id\":\"https:\/\/narteks.net\/index.php\/2012\/08\/24\/kanadiginda-kendini-bir-yara-gibi-hisseden-kadin-theodor-adorno\/#breadcrumb\"},\"inLanguage\":\"tr\",\"potentialAction\":[{\"@type\":\"ReadAction\",\"target\":[\"https:\/\/narteks.net\/index.php\/2012\/08\/24\/kanadiginda-kendini-bir-yara-gibi-hisseden-kadin-theodor-adorno\/\"]}]},{\"@type\":\"ImageObject\",\"inLanguage\":\"tr\",\"@id\":\"https:\/\/narteks.net\/index.php\/2012\/08\/24\/kanadiginda-kendini-bir-yara-gibi-hisseden-kadin-theodor-adorno\/#primaryimage\",\"url\":\"http:\/\/upload.wikimedia.org\/wikipedia\/commons\/d\/d9\/Adorno.jpg\",\"contentUrl\":\"http:\/\/upload.wikimedia.org\/wikipedia\/commons\/d\/d9\/Adorno.jpg\"},{\"@type\":\"BreadcrumbList\",\"@id\":\"https:\/\/narteks.net\/index.php\/2012\/08\/24\/kanadiginda-kendini-bir-yara-gibi-hisseden-kadin-theodor-adorno\/#breadcrumb\",\"itemListElement\":[{\"@type\":\"ListItem\",\"position\":1,\"name\":\"Anasayfa\",\"item\":\"https:\/\/narteks.net\/\"},{\"@type\":\"ListItem\",\"position\":2,\"name\":\"Kanad\u0131\u011f\u0131nda kendini bir yara gibi hisseden kad\u0131n | Theodor Adorno\"}]},{\"@type\":\"WebSite\",\"@id\":\"https:\/\/narteks.net\/#website\",\"url\":\"https:\/\/narteks.net\/\",\"name\":\"narteks.net\",\"description\":\"K\u00fclt\u00fcr Sanat Edebiyat Felsefe\",\"publisher\":{\"@id\":\"https:\/\/narteks.net\/#organization\"},\"alternateName\":\"K\u00fclt\u00fcr Sanat Edebiyat Felsefe\",\"potentialAction\":[{\"@type\":\"SearchAction\",\"target\":{\"@type\":\"EntryPoint\",\"urlTemplate\":\"https:\/\/narteks.net\/?s={search_term_string}\"},\"query-input\":{\"@type\":\"PropertyValueSpecification\",\"valueRequired\":true,\"valueName\":\"search_term_string\"}}],\"inLanguage\":\"tr\"},{\"@type\":\"Organization\",\"@id\":\"https:\/\/narteks.net\/#organization\",\"name\":\"narteks.net\",\"url\":\"https:\/\/narteks.net\/\",\"logo\":{\"@type\":\"ImageObject\",\"inLanguage\":\"tr\",\"@id\":\"https:\/\/narteks.net\/#\/schema\/logo\/image\/\",\"url\":\"https:\/\/narteks.net\/wp-content\/uploads\/narteks.png\",\"contentUrl\":\"https:\/\/narteks.net\/wp-content\/uploads\/narteks.png\",\"width\":300,\"height\":90,\"caption\":\"narteks.net\"},\"image\":{\"@id\":\"https:\/\/narteks.net\/#\/schema\/logo\/image\/\"},\"sameAs\":[\"https:\/\/x.com\/narteks\",\"https:\/\/instagram.com\/narteksnet\"]},{\"@type\":\"Person\",\"@id\":\"https:\/\/narteks.net\/#\/schema\/person\/61f37d9834294b72d31d274e7ed79bca\",\"name\":\"Tar\u0131k\",\"image\":{\"@type\":\"ImageObject\",\"inLanguage\":\"tr\",\"@id\":\"https:\/\/narteks.net\/#\/schema\/person\/image\/\",\"url\":\"https:\/\/secure.gravatar.com\/avatar\/50865afb55632c4ae467e0af0930f6510aa2297d8014be502a55b14f3b7550cf?s=96&d=mm&r=g\",\"contentUrl\":\"https:\/\/secure.gravatar.com\/avatar\/50865afb55632c4ae467e0af0930f6510aa2297d8014be502a55b14f3b7550cf?s=96&d=mm&r=g\",\"caption\":\"Tar\u0131k\"},\"sameAs\":[\"http:\/\/narteks.net\"],\"url\":\"https:\/\/narteks.net\/index.php\/author\/narbak\/\"}]}<\/script>\n<!-- \/ Yoast SEO Premium plugin. -->","yoast_head_json":{"title":"Kanad\u0131\u011f\u0131nda kendini bir yara gibi hisseden kad\u0131n | Theodor Adorno - narteks.net","robots":{"index":"index","follow":"follow","max-snippet":"max-snippet:-1","max-image-preview":"max-image-preview:large","max-video-preview":"max-video-preview:-1"},"canonical":"https:\/\/narteks.net\/index.php\/2012\/08\/24\/kanadiginda-kendini-bir-yara-gibi-hisseden-kadin-theodor-adorno\/","og_locale":"tr_TR","og_type":"article","og_title":"Kanad\u0131\u011f\u0131nda kendini bir yara gibi hisseden kad\u0131n | Theodor Adorno","og_description":"Di\u015fil ki\u015filik ve model ald\u0131\u011f\u0131 kad\u0131nl\u0131k ideali, erkek toplumunun \u00fcr\u00fcnleridir. \u00c7arp\u0131t\u0131lmam\u0131\u015f do\u011fa imgesi, ancak \u00e7arp\u0131t\u0131lm\u0131\u015f bir halde, kendi kar\u015f\u0131t\u0131 olarak ortaya \u00e7\u0131kabilir. Eril toplum, insani oldu\u011funu iddia etti\u011fi noktada, kad\u0131nlar\u0131 kendi d\u00fczelticisine d\u00f6n\u00fc\u015ft\u00fcrmekte ve kendini b\u00f6yle s\u0131n\u0131rlarken asl\u0131nda efendinin yine kendisi oldu\u011funu a\u00e7\u0131\u011fa vurmaktad\u0131r. Di\u015fil ki\u015filik, tahakk\u00fcm\u00fcn bir negatif kopyas\u0131d\u0131r. Ama bu y\u00fczden de ayn\u0131 [&hellip;]","og_url":"https:\/\/narteks.net\/index.php\/2012\/08\/24\/kanadiginda-kendini-bir-yara-gibi-hisseden-kadin-theodor-adorno\/","og_site_name":"narteks.net","article_published_time":"2012-08-24T07:10:13+00:00","og_image":[{"url":"http:\/\/upload.wikimedia.org\/wikipedia\/commons\/d\/d9\/Adorno.jpg","type":"","width":"","height":""}],"author":"Tar\u0131k","twitter_card":"summary_large_image","twitter_creator":"@narteks","twitter_site":"@narteks","twitter_misc":{"Yazan:":"Tar\u0131k","Tahmini okuma s\u00fcresi":"3 dakika"},"schema":{"@context":"https:\/\/schema.org","@graph":[{"@type":"Article","@id":"https:\/\/narteks.net\/index.php\/2012\/08\/24\/kanadiginda-kendini-bir-yara-gibi-hisseden-kadin-theodor-adorno\/#article","isPartOf":{"@id":"https:\/\/narteks.net\/index.php\/2012\/08\/24\/kanadiginda-kendini-bir-yara-gibi-hisseden-kadin-theodor-adorno\/"},"author":{"name":"Tar\u0131k","@id":"https:\/\/narteks.net\/#\/schema\/person\/61f37d9834294b72d31d274e7ed79bca"},"headline":"Kanad\u0131\u011f\u0131nda kendini bir yara gibi hisseden kad\u0131n | Theodor Adorno","datePublished":"2012-08-24T07:10:13+00:00","mainEntityOfPage":{"@id":"https:\/\/narteks.net\/index.php\/2012\/08\/24\/kanadiginda-kendini-bir-yara-gibi-hisseden-kadin-theodor-adorno\/"},"wordCount":518,"commentCount":0,"publisher":{"@id":"https:\/\/narteks.net\/#organization"},"image":{"@id":"https:\/\/narteks.net\/index.php\/2012\/08\/24\/kanadiginda-kendini-bir-yara-gibi-hisseden-kadin-theodor-adorno\/#primaryimage"},"thumbnailUrl":"http:\/\/upload.wikimedia.org\/wikipedia\/commons\/d\/d9\/Adorno.jpg","articleSection":["Kad\u0131na Dair"],"inLanguage":"tr","potentialAction":[{"@type":"CommentAction","name":"Comment","target":["https:\/\/narteks.net\/index.php\/2012\/08\/24\/kanadiginda-kendini-bir-yara-gibi-hisseden-kadin-theodor-adorno\/#respond"]}]},{"@type":"WebPage","@id":"https:\/\/narteks.net\/index.php\/2012\/08\/24\/kanadiginda-kendini-bir-yara-gibi-hisseden-kadin-theodor-adorno\/","url":"https:\/\/narteks.net\/index.php\/2012\/08\/24\/kanadiginda-kendini-bir-yara-gibi-hisseden-kadin-theodor-adorno\/","name":"Kanad\u0131\u011f\u0131nda kendini bir yara gibi hisseden kad\u0131n | Theodor Adorno - narteks.net","isPartOf":{"@id":"https:\/\/narteks.net\/#website"},"primaryImageOfPage":{"@id":"https:\/\/narteks.net\/index.php\/2012\/08\/24\/kanadiginda-kendini-bir-yara-gibi-hisseden-kadin-theodor-adorno\/#primaryimage"},"image":{"@id":"https:\/\/narteks.net\/index.php\/2012\/08\/24\/kanadiginda-kendini-bir-yara-gibi-hisseden-kadin-theodor-adorno\/#primaryimage"},"thumbnailUrl":"http:\/\/upload.wikimedia.org\/wikipedia\/commons\/d\/d9\/Adorno.jpg","datePublished":"2012-08-24T07:10:13+00:00","breadcrumb":{"@id":"https:\/\/narteks.net\/index.php\/2012\/08\/24\/kanadiginda-kendini-bir-yara-gibi-hisseden-kadin-theodor-adorno\/#breadcrumb"},"inLanguage":"tr","potentialAction":[{"@type":"ReadAction","target":["https:\/\/narteks.net\/index.php\/2012\/08\/24\/kanadiginda-kendini-bir-yara-gibi-hisseden-kadin-theodor-adorno\/"]}]},{"@type":"ImageObject","inLanguage":"tr","@id":"https:\/\/narteks.net\/index.php\/2012\/08\/24\/kanadiginda-kendini-bir-yara-gibi-hisseden-kadin-theodor-adorno\/#primaryimage","url":"http:\/\/upload.wikimedia.org\/wikipedia\/commons\/d\/d9\/Adorno.jpg","contentUrl":"http:\/\/upload.wikimedia.org\/wikipedia\/commons\/d\/d9\/Adorno.jpg"},{"@type":"BreadcrumbList","@id":"https:\/\/narteks.net\/index.php\/2012\/08\/24\/kanadiginda-kendini-bir-yara-gibi-hisseden-kadin-theodor-adorno\/#breadcrumb","itemListElement":[{"@type":"ListItem","position":1,"name":"Anasayfa","item":"https:\/\/narteks.net\/"},{"@type":"ListItem","position":2,"name":"Kanad\u0131\u011f\u0131nda kendini bir yara gibi hisseden kad\u0131n | Theodor Adorno"}]},{"@type":"WebSite","@id":"https:\/\/narteks.net\/#website","url":"https:\/\/narteks.net\/","name":"narteks.net","description":"K\u00fclt\u00fcr Sanat Edebiyat Felsefe","publisher":{"@id":"https:\/\/narteks.net\/#organization"},"alternateName":"K\u00fclt\u00fcr Sanat Edebiyat Felsefe","potentialAction":[{"@type":"SearchAction","target":{"@type":"EntryPoint","urlTemplate":"https:\/\/narteks.net\/?s={search_term_string}"},"query-input":{"@type":"PropertyValueSpecification","valueRequired":true,"valueName":"search_term_string"}}],"inLanguage":"tr"},{"@type":"Organization","@id":"https:\/\/narteks.net\/#organization","name":"narteks.net","url":"https:\/\/narteks.net\/","logo":{"@type":"ImageObject","inLanguage":"tr","@id":"https:\/\/narteks.net\/#\/schema\/logo\/image\/","url":"https:\/\/narteks.net\/wp-content\/uploads\/narteks.png","contentUrl":"https:\/\/narteks.net\/wp-content\/uploads\/narteks.png","width":300,"height":90,"caption":"narteks.net"},"image":{"@id":"https:\/\/narteks.net\/#\/schema\/logo\/image\/"},"sameAs":["https:\/\/x.com\/narteks","https:\/\/instagram.com\/narteksnet"]},{"@type":"Person","@id":"https:\/\/narteks.net\/#\/schema\/person\/61f37d9834294b72d31d274e7ed79bca","name":"Tar\u0131k","image":{"@type":"ImageObject","inLanguage":"tr","@id":"https:\/\/narteks.net\/#\/schema\/person\/image\/","url":"https:\/\/secure.gravatar.com\/avatar\/50865afb55632c4ae467e0af0930f6510aa2297d8014be502a55b14f3b7550cf?s=96&d=mm&r=g","contentUrl":"https:\/\/secure.gravatar.com\/avatar\/50865afb55632c4ae467e0af0930f6510aa2297d8014be502a55b14f3b7550cf?s=96&d=mm&r=g","caption":"Tar\u0131k"},"sameAs":["http:\/\/narteks.net"],"url":"https:\/\/narteks.net\/index.php\/author\/narbak\/"}]}},"_links":{"self":[{"href":"https:\/\/narteks.net\/index.php\/wp-json\/wp\/v2\/posts\/6892","targetHints":{"allow":["GET"]}}],"collection":[{"href":"https:\/\/narteks.net\/index.php\/wp-json\/wp\/v2\/posts"}],"about":[{"href":"https:\/\/narteks.net\/index.php\/wp-json\/wp\/v2\/types\/post"}],"author":[{"embeddable":true,"href":"https:\/\/narteks.net\/index.php\/wp-json\/wp\/v2\/users\/1"}],"replies":[{"embeddable":true,"href":"https:\/\/narteks.net\/index.php\/wp-json\/wp\/v2\/comments?post=6892"}],"version-history":[{"count":0,"href":"https:\/\/narteks.net\/index.php\/wp-json\/wp\/v2\/posts\/6892\/revisions"}],"wp:attachment":[{"href":"https:\/\/narteks.net\/index.php\/wp-json\/wp\/v2\/media?parent=6892"}],"wp:term":[{"taxonomy":"category","embeddable":true,"href":"https:\/\/narteks.net\/index.php\/wp-json\/wp\/v2\/categories?post=6892"},{"taxonomy":"post_tag","embeddable":true,"href":"https:\/\/narteks.net\/index.php\/wp-json\/wp\/v2\/tags?post=6892"}],"curies":[{"name":"wp","href":"https:\/\/api.w.org\/{rel}","templated":true}]}}