{"id":6893,"date":"2012-08-25T17:35:00","date_gmt":"2012-08-25T14:35:00","guid":{"rendered":"http:\/\/localhost\/wordpress\/2012\/08\/25\/olum-belki-de-bir-memlekettir-sahmerdan-sait-faik-abasiyanik\/"},"modified":"2012-08-25T17:35:00","modified_gmt":"2012-08-25T14:35:00","slug":"olum-belki-de-bir-memlekettir-sahmerdan-sait-faik-abasiyanik","status":"publish","type":"post","link":"https:\/\/narteks.net\/index.php\/2012\/08\/25\/olum-belki-de-bir-memlekettir-sahmerdan-sait-faik-abasiyanik\/","title":{"rendered":"\u00d6l\u00fcm belki de bir memlekettir | \u015eahmerdan &#8211; Sait Faik Abas\u0131yan\u0131k"},"content":{"rendered":"<p style=\"text-align: justify;\"><img loading=\"lazy\" decoding=\"async\" src=\"http:\/\/upload.wikimedia.org\/wikipedia\/tr\/4\/4b\/%C5%9Eahmerdan_Sait_Faik.jpg\" border=\"0\" width=\"155\" height=\"205\" style=\"float: left;\" \/>\u00d6l\u00fcm belki de bir memlekettir. I\u015f\u0131klar\u0131 s\u00f6nd\u00fcr\u00fclm\u00fc\u015f bir paris kadar g\u00fczel, tayyare korkusundan \u0131\u015f\u0131klar\u0131 s\u00f6nd\u00fcr\u00fclm\u00fc\u015f paris&#8217;te, bir \u00e7ift parisli kadar yaln\u0131z a\u015f\u0131klar\u0131n\u0131 d\u00fc\u015f\u00fcnmeye \u00e7al\u0131\u015fan insanlarla doludur; belki de \u00f6l\u00fcm \u015fehri. <\/p>\n<p>Orada, belki de insan yaln\u0131z iskeletiyle g\u00fczeldir. Her\u015fey kalbi atmadan, s\u00fckun i\u00e7inde yap\u0131l\u0131r. nehirler vard\u0131r ki kocaman ziftli kay\u0131klarla ge\u00e7ilir. <\/p>\n<p>Nehrin \u00f6teki k\u0131y\u0131lar\u0131nda mor \u0131\u015f\u0131kl\u0131 asfalt caddelerde \u00e7\u0131plak kad\u0131nlar dola\u015f\u0131r, \u00f6l\u00fcm memleketi belki de b\u00f6yledir&#8230;<\/p>\n<p>Belki e\u011filirsin, bir avu\u00e7 su serpersin iskeletine, p\u0131r\u0131l p\u0131r\u0131l parlars\u0131n.Yeniden ba\u015fka t\u00fcrl\u00fc etler peyda edersin. Yatars\u0131n bir denizin \u00fcst\u00fcne, kocaman mor dalgalar al\u0131r seni d\u00fcnyalar kadar bol \u0131\u015f\u0131kl\u0131 mavi bir beldeye g\u00f6t\u00fcr\u00fcr. <\/p>\n<p>Mavi mahluklar\u0131n i\u00e7ine d\u00fc\u015fersin. Yan\u0131na alt\u0131n sa\u00e7l\u0131, mavi g\u00f6zl\u00fc, billur bacakl\u0131 \u00e7ocuklar \u00fc\u015f\u00fc\u015f\u00fcr. Mavi balkonlu saraylardan gen\u00e7 k\u0131zlar f\u0131rlar.<\/p>\n<p>Mavi r\u00fcyal\u0131 \u00f6l\u00fcm&#8230;<\/p>\n<p>Kim bilir, bekledi\u011fin belki de seni orada bir huzur alemine beklemektedir.<\/p>\n<p>Hay\u0131r, hi\u00e7bir \u015fey yoktur. <\/p>\n<p>S\u00fckut&#8230;<\/p>\n<p>Yap\u0131lan \u015feylerin hesab\u0131n\u0131 bile vermek yok. Ne beklemek, ne beklememek, ne \u00f6pmek, ne \u00f6p\u00fclmek. <\/p>\n<p>S\u00fckut&#8230;<\/p>\n<p>Kim derdi ki bu b\u00fct\u00fcn hazlar\u0131n hazz\u0131 de\u011fildir? <\/p>\n<p>S\u00fckut&#8230;S\u00fckun&#8230;oh!&#8221;<\/p>\n<p style=\"text-align: justify;\">\u00a0<\/p>\n<p style=\"text-align: justify;\">\u015eahmerdan | Sait Faik Abas\u0131yan\u0131k<\/p>\n","protected":false},"excerpt":{"rendered":"<p>\u00d6l\u00fcm belki de bir memlekettir. I\u015f\u0131klar\u0131 s\u00f6nd\u00fcr\u00fclm\u00fc\u015f bir paris kadar g\u00fczel, tayyare korkusundan \u0131\u015f\u0131klar\u0131 s\u00f6nd\u00fcr\u00fclm\u00fc\u015f paris&#8217;te, bir \u00e7ift parisli kadar yaln\u0131z a\u015f\u0131klar\u0131n\u0131 d\u00fc\u015f\u00fcnmeye \u00e7al\u0131\u015fan insanlarla doludur; belki de \u00f6l\u00fcm \u015fehri. Orada, belki de insan yaln\u0131z iskeletiyle g\u00fczeldir. Her\u015fey kalbi atmadan, s\u00fckun i\u00e7inde yap\u0131l\u0131r. nehirler vard\u0131r ki kocaman ziftli kay\u0131klarla ge\u00e7ilir. Nehrin \u00f6teki k\u0131y\u0131lar\u0131nda mor \u0131\u015f\u0131kl\u0131 [&hellip;]<\/p>\n","protected":false},"author":1,"featured_media":0,"comment_status":"open","ping_status":"open","sticky":false,"template":"","format":"standard","meta":{"footnotes":""},"categories":[114],"tags":[],"class_list":["post-6893","post","type-post","status-publish","format-standard","category-turkiye-den-oykuler"],"yoast_head":"<!-- This site is optimized with the Yoast SEO Premium plugin v24.9 (Yoast SEO v24.9) - https:\/\/yoast.com\/wordpress\/plugins\/seo\/ -->\n<title>\u00d6l\u00fcm belki de bir memlekettir | \u015eahmerdan - Sait Faik Abas\u0131yan\u0131k - narteks.net<\/title>\n<meta name=\"robots\" content=\"index, follow, max-snippet:-1, max-image-preview:large, max-video-preview:-1\" \/>\n<link rel=\"canonical\" href=\"https:\/\/narteks.net\/index.php\/2012\/08\/25\/olum-belki-de-bir-memlekettir-sahmerdan-sait-faik-abasiyanik\/\" \/>\n<meta property=\"og:locale\" content=\"tr_TR\" \/>\n<meta property=\"og:type\" content=\"article\" \/>\n<meta property=\"og:title\" content=\"\u00d6l\u00fcm belki de bir memlekettir | \u015eahmerdan - Sait Faik Abas\u0131yan\u0131k\" \/>\n<meta property=\"og:description\" content=\"\u00d6l\u00fcm belki de bir memlekettir. I\u015f\u0131klar\u0131 s\u00f6nd\u00fcr\u00fclm\u00fc\u015f bir paris kadar g\u00fczel, tayyare korkusundan \u0131\u015f\u0131klar\u0131 s\u00f6nd\u00fcr\u00fclm\u00fc\u015f paris&#8217;te, bir \u00e7ift parisli kadar yaln\u0131z a\u015f\u0131klar\u0131n\u0131 d\u00fc\u015f\u00fcnmeye \u00e7al\u0131\u015fan insanlarla doludur; belki de \u00f6l\u00fcm \u015fehri. Orada, belki de insan yaln\u0131z iskeletiyle g\u00fczeldir. Her\u015fey kalbi atmadan, s\u00fckun i\u00e7inde yap\u0131l\u0131r. nehirler vard\u0131r ki kocaman ziftli kay\u0131klarla ge\u00e7ilir. Nehrin \u00f6teki k\u0131y\u0131lar\u0131nda mor \u0131\u015f\u0131kl\u0131 [&hellip;]\" \/>\n<meta property=\"og:url\" content=\"https:\/\/narteks.net\/index.php\/2012\/08\/25\/olum-belki-de-bir-memlekettir-sahmerdan-sait-faik-abasiyanik\/\" \/>\n<meta property=\"og:site_name\" content=\"narteks.net\" \/>\n<meta property=\"article:published_time\" content=\"2012-08-25T14:35:00+00:00\" \/>\n<meta property=\"og:image\" content=\"http:\/\/upload.wikimedia.org\/wikipedia\/tr\/4\/4b\/%C5%9Eahmerdan_Sait_Faik.jpg\" \/>\n<meta name=\"author\" content=\"Tar\u0131k\" \/>\n<meta name=\"twitter:card\" content=\"summary_large_image\" \/>\n<meta name=\"twitter:creator\" content=\"@narteks\" \/>\n<meta name=\"twitter:site\" content=\"@narteks\" \/>\n<meta name=\"twitter:label1\" content=\"Yazan:\" \/>\n\t<meta name=\"twitter:data1\" content=\"Tar\u0131k\" \/>\n\t<meta name=\"twitter:label2\" content=\"Tahmini okuma s\u00fcresi\" \/>\n\t<meta name=\"twitter:data2\" content=\"1 dakika\" \/>\n<script type=\"application\/ld+json\" class=\"yoast-schema-graph\">{\"@context\":\"https:\/\/schema.org\",\"@graph\":[{\"@type\":\"Article\",\"@id\":\"https:\/\/narteks.net\/index.php\/2012\/08\/25\/olum-belki-de-bir-memlekettir-sahmerdan-sait-faik-abasiyanik\/#article\",\"isPartOf\":{\"@id\":\"https:\/\/narteks.net\/index.php\/2012\/08\/25\/olum-belki-de-bir-memlekettir-sahmerdan-sait-faik-abasiyanik\/\"},\"author\":{\"name\":\"Tar\u0131k\",\"@id\":\"https:\/\/narteks.net\/#\/schema\/person\/61f37d9834294b72d31d274e7ed79bca\"},\"headline\":\"\u00d6l\u00fcm belki de bir memlekettir | \u015eahmerdan &#8211; Sait Faik Abas\u0131yan\u0131k\",\"datePublished\":\"2012-08-25T14:35:00+00:00\",\"mainEntityOfPage\":{\"@id\":\"https:\/\/narteks.net\/index.php\/2012\/08\/25\/olum-belki-de-bir-memlekettir-sahmerdan-sait-faik-abasiyanik\/\"},\"wordCount\":253,\"commentCount\":0,\"publisher\":{\"@id\":\"https:\/\/narteks.net\/#organization\"},\"image\":{\"@id\":\"https:\/\/narteks.net\/index.php\/2012\/08\/25\/olum-belki-de-bir-memlekettir-sahmerdan-sait-faik-abasiyanik\/#primaryimage\"},\"thumbnailUrl\":\"http:\/\/upload.wikimedia.org\/wikipedia\/tr\/4\/4b\/%C5%9Eahmerdan_Sait_Faik.jpg\",\"articleSection\":[\"T\u00fcrkiye'den \u00d6yk\u00fcler\"],\"inLanguage\":\"tr\",\"potentialAction\":[{\"@type\":\"CommentAction\",\"name\":\"Comment\",\"target\":[\"https:\/\/narteks.net\/index.php\/2012\/08\/25\/olum-belki-de-bir-memlekettir-sahmerdan-sait-faik-abasiyanik\/#respond\"]}]},{\"@type\":\"WebPage\",\"@id\":\"https:\/\/narteks.net\/index.php\/2012\/08\/25\/olum-belki-de-bir-memlekettir-sahmerdan-sait-faik-abasiyanik\/\",\"url\":\"https:\/\/narteks.net\/index.php\/2012\/08\/25\/olum-belki-de-bir-memlekettir-sahmerdan-sait-faik-abasiyanik\/\",\"name\":\"\u00d6l\u00fcm belki de bir memlekettir | \u015eahmerdan - Sait Faik Abas\u0131yan\u0131k - narteks.net\",\"isPartOf\":{\"@id\":\"https:\/\/narteks.net\/#website\"},\"primaryImageOfPage\":{\"@id\":\"https:\/\/narteks.net\/index.php\/2012\/08\/25\/olum-belki-de-bir-memlekettir-sahmerdan-sait-faik-abasiyanik\/#primaryimage\"},\"image\":{\"@id\":\"https:\/\/narteks.net\/index.php\/2012\/08\/25\/olum-belki-de-bir-memlekettir-sahmerdan-sait-faik-abasiyanik\/#primaryimage\"},\"thumbnailUrl\":\"http:\/\/upload.wikimedia.org\/wikipedia\/tr\/4\/4b\/%C5%9Eahmerdan_Sait_Faik.jpg\",\"datePublished\":\"2012-08-25T14:35:00+00:00\",\"breadcrumb\":{\"@id\":\"https:\/\/narteks.net\/index.php\/2012\/08\/25\/olum-belki-de-bir-memlekettir-sahmerdan-sait-faik-abasiyanik\/#breadcrumb\"},\"inLanguage\":\"tr\",\"potentialAction\":[{\"@type\":\"ReadAction\",\"target\":[\"https:\/\/narteks.net\/index.php\/2012\/08\/25\/olum-belki-de-bir-memlekettir-sahmerdan-sait-faik-abasiyanik\/\"]}]},{\"@type\":\"ImageObject\",\"inLanguage\":\"tr\",\"@id\":\"https:\/\/narteks.net\/index.php\/2012\/08\/25\/olum-belki-de-bir-memlekettir-sahmerdan-sait-faik-abasiyanik\/#primaryimage\",\"url\":\"http:\/\/upload.wikimedia.org\/wikipedia\/tr\/4\/4b\/%C5%9Eahmerdan_Sait_Faik.jpg\",\"contentUrl\":\"http:\/\/upload.wikimedia.org\/wikipedia\/tr\/4\/4b\/%C5%9Eahmerdan_Sait_Faik.jpg\"},{\"@type\":\"BreadcrumbList\",\"@id\":\"https:\/\/narteks.net\/index.php\/2012\/08\/25\/olum-belki-de-bir-memlekettir-sahmerdan-sait-faik-abasiyanik\/#breadcrumb\",\"itemListElement\":[{\"@type\":\"ListItem\",\"position\":1,\"name\":\"Anasayfa\",\"item\":\"https:\/\/narteks.net\/\"},{\"@type\":\"ListItem\",\"position\":2,\"name\":\"\u00d6l\u00fcm belki de bir memlekettir | \u015eahmerdan &#8211; Sait Faik Abas\u0131yan\u0131k\"}]},{\"@type\":\"WebSite\",\"@id\":\"https:\/\/narteks.net\/#website\",\"url\":\"https:\/\/narteks.net\/\",\"name\":\"narteks.net\",\"description\":\"K\u00fclt\u00fcr Sanat Edebiyat Felsefe\",\"publisher\":{\"@id\":\"https:\/\/narteks.net\/#organization\"},\"alternateName\":\"K\u00fclt\u00fcr Sanat Edebiyat Felsefe\",\"potentialAction\":[{\"@type\":\"SearchAction\",\"target\":{\"@type\":\"EntryPoint\",\"urlTemplate\":\"https:\/\/narteks.net\/?s={search_term_string}\"},\"query-input\":{\"@type\":\"PropertyValueSpecification\",\"valueRequired\":true,\"valueName\":\"search_term_string\"}}],\"inLanguage\":\"tr\"},{\"@type\":\"Organization\",\"@id\":\"https:\/\/narteks.net\/#organization\",\"name\":\"narteks.net\",\"url\":\"https:\/\/narteks.net\/\",\"logo\":{\"@type\":\"ImageObject\",\"inLanguage\":\"tr\",\"@id\":\"https:\/\/narteks.net\/#\/schema\/logo\/image\/\",\"url\":\"https:\/\/narteks.net\/wp-content\/uploads\/narteks.png\",\"contentUrl\":\"https:\/\/narteks.net\/wp-content\/uploads\/narteks.png\",\"width\":300,\"height\":90,\"caption\":\"narteks.net\"},\"image\":{\"@id\":\"https:\/\/narteks.net\/#\/schema\/logo\/image\/\"},\"sameAs\":[\"https:\/\/x.com\/narteks\",\"https:\/\/instagram.com\/narteksnet\"]},{\"@type\":\"Person\",\"@id\":\"https:\/\/narteks.net\/#\/schema\/person\/61f37d9834294b72d31d274e7ed79bca\",\"name\":\"Tar\u0131k\",\"image\":{\"@type\":\"ImageObject\",\"inLanguage\":\"tr\",\"@id\":\"https:\/\/narteks.net\/#\/schema\/person\/image\/\",\"url\":\"https:\/\/secure.gravatar.com\/avatar\/50865afb55632c4ae467e0af0930f6510aa2297d8014be502a55b14f3b7550cf?s=96&d=mm&r=g\",\"contentUrl\":\"https:\/\/secure.gravatar.com\/avatar\/50865afb55632c4ae467e0af0930f6510aa2297d8014be502a55b14f3b7550cf?s=96&d=mm&r=g\",\"caption\":\"Tar\u0131k\"},\"sameAs\":[\"http:\/\/narteks.net\"],\"url\":\"https:\/\/narteks.net\/index.php\/author\/narbak\/\"}]}<\/script>\n<!-- \/ Yoast SEO Premium plugin. -->","yoast_head_json":{"title":"\u00d6l\u00fcm belki de bir memlekettir | \u015eahmerdan - Sait Faik Abas\u0131yan\u0131k - narteks.net","robots":{"index":"index","follow":"follow","max-snippet":"max-snippet:-1","max-image-preview":"max-image-preview:large","max-video-preview":"max-video-preview:-1"},"canonical":"https:\/\/narteks.net\/index.php\/2012\/08\/25\/olum-belki-de-bir-memlekettir-sahmerdan-sait-faik-abasiyanik\/","og_locale":"tr_TR","og_type":"article","og_title":"\u00d6l\u00fcm belki de bir memlekettir | \u015eahmerdan - Sait Faik Abas\u0131yan\u0131k","og_description":"\u00d6l\u00fcm belki de bir memlekettir. I\u015f\u0131klar\u0131 s\u00f6nd\u00fcr\u00fclm\u00fc\u015f bir paris kadar g\u00fczel, tayyare korkusundan \u0131\u015f\u0131klar\u0131 s\u00f6nd\u00fcr\u00fclm\u00fc\u015f paris&#8217;te, bir \u00e7ift parisli kadar yaln\u0131z a\u015f\u0131klar\u0131n\u0131 d\u00fc\u015f\u00fcnmeye \u00e7al\u0131\u015fan insanlarla doludur; belki de \u00f6l\u00fcm \u015fehri. Orada, belki de insan yaln\u0131z iskeletiyle g\u00fczeldir. Her\u015fey kalbi atmadan, s\u00fckun i\u00e7inde yap\u0131l\u0131r. nehirler vard\u0131r ki kocaman ziftli kay\u0131klarla ge\u00e7ilir. Nehrin \u00f6teki k\u0131y\u0131lar\u0131nda mor \u0131\u015f\u0131kl\u0131 [&hellip;]","og_url":"https:\/\/narteks.net\/index.php\/2012\/08\/25\/olum-belki-de-bir-memlekettir-sahmerdan-sait-faik-abasiyanik\/","og_site_name":"narteks.net","article_published_time":"2012-08-25T14:35:00+00:00","og_image":[{"url":"http:\/\/upload.wikimedia.org\/wikipedia\/tr\/4\/4b\/%C5%9Eahmerdan_Sait_Faik.jpg","type":"","width":"","height":""}],"author":"Tar\u0131k","twitter_card":"summary_large_image","twitter_creator":"@narteks","twitter_site":"@narteks","twitter_misc":{"Yazan:":"Tar\u0131k","Tahmini okuma s\u00fcresi":"1 dakika"},"schema":{"@context":"https:\/\/schema.org","@graph":[{"@type":"Article","@id":"https:\/\/narteks.net\/index.php\/2012\/08\/25\/olum-belki-de-bir-memlekettir-sahmerdan-sait-faik-abasiyanik\/#article","isPartOf":{"@id":"https:\/\/narteks.net\/index.php\/2012\/08\/25\/olum-belki-de-bir-memlekettir-sahmerdan-sait-faik-abasiyanik\/"},"author":{"name":"Tar\u0131k","@id":"https:\/\/narteks.net\/#\/schema\/person\/61f37d9834294b72d31d274e7ed79bca"},"headline":"\u00d6l\u00fcm belki de bir memlekettir | \u015eahmerdan &#8211; Sait Faik Abas\u0131yan\u0131k","datePublished":"2012-08-25T14:35:00+00:00","mainEntityOfPage":{"@id":"https:\/\/narteks.net\/index.php\/2012\/08\/25\/olum-belki-de-bir-memlekettir-sahmerdan-sait-faik-abasiyanik\/"},"wordCount":253,"commentCount":0,"publisher":{"@id":"https:\/\/narteks.net\/#organization"},"image":{"@id":"https:\/\/narteks.net\/index.php\/2012\/08\/25\/olum-belki-de-bir-memlekettir-sahmerdan-sait-faik-abasiyanik\/#primaryimage"},"thumbnailUrl":"http:\/\/upload.wikimedia.org\/wikipedia\/tr\/4\/4b\/%C5%9Eahmerdan_Sait_Faik.jpg","articleSection":["T\u00fcrkiye'den \u00d6yk\u00fcler"],"inLanguage":"tr","potentialAction":[{"@type":"CommentAction","name":"Comment","target":["https:\/\/narteks.net\/index.php\/2012\/08\/25\/olum-belki-de-bir-memlekettir-sahmerdan-sait-faik-abasiyanik\/#respond"]}]},{"@type":"WebPage","@id":"https:\/\/narteks.net\/index.php\/2012\/08\/25\/olum-belki-de-bir-memlekettir-sahmerdan-sait-faik-abasiyanik\/","url":"https:\/\/narteks.net\/index.php\/2012\/08\/25\/olum-belki-de-bir-memlekettir-sahmerdan-sait-faik-abasiyanik\/","name":"\u00d6l\u00fcm belki de bir memlekettir | \u015eahmerdan - Sait Faik Abas\u0131yan\u0131k - narteks.net","isPartOf":{"@id":"https:\/\/narteks.net\/#website"},"primaryImageOfPage":{"@id":"https:\/\/narteks.net\/index.php\/2012\/08\/25\/olum-belki-de-bir-memlekettir-sahmerdan-sait-faik-abasiyanik\/#primaryimage"},"image":{"@id":"https:\/\/narteks.net\/index.php\/2012\/08\/25\/olum-belki-de-bir-memlekettir-sahmerdan-sait-faik-abasiyanik\/#primaryimage"},"thumbnailUrl":"http:\/\/upload.wikimedia.org\/wikipedia\/tr\/4\/4b\/%C5%9Eahmerdan_Sait_Faik.jpg","datePublished":"2012-08-25T14:35:00+00:00","breadcrumb":{"@id":"https:\/\/narteks.net\/index.php\/2012\/08\/25\/olum-belki-de-bir-memlekettir-sahmerdan-sait-faik-abasiyanik\/#breadcrumb"},"inLanguage":"tr","potentialAction":[{"@type":"ReadAction","target":["https:\/\/narteks.net\/index.php\/2012\/08\/25\/olum-belki-de-bir-memlekettir-sahmerdan-sait-faik-abasiyanik\/"]}]},{"@type":"ImageObject","inLanguage":"tr","@id":"https:\/\/narteks.net\/index.php\/2012\/08\/25\/olum-belki-de-bir-memlekettir-sahmerdan-sait-faik-abasiyanik\/#primaryimage","url":"http:\/\/upload.wikimedia.org\/wikipedia\/tr\/4\/4b\/%C5%9Eahmerdan_Sait_Faik.jpg","contentUrl":"http:\/\/upload.wikimedia.org\/wikipedia\/tr\/4\/4b\/%C5%9Eahmerdan_Sait_Faik.jpg"},{"@type":"BreadcrumbList","@id":"https:\/\/narteks.net\/index.php\/2012\/08\/25\/olum-belki-de-bir-memlekettir-sahmerdan-sait-faik-abasiyanik\/#breadcrumb","itemListElement":[{"@type":"ListItem","position":1,"name":"Anasayfa","item":"https:\/\/narteks.net\/"},{"@type":"ListItem","position":2,"name":"\u00d6l\u00fcm belki de bir memlekettir | \u015eahmerdan &#8211; Sait Faik Abas\u0131yan\u0131k"}]},{"@type":"WebSite","@id":"https:\/\/narteks.net\/#website","url":"https:\/\/narteks.net\/","name":"narteks.net","description":"K\u00fclt\u00fcr Sanat Edebiyat Felsefe","publisher":{"@id":"https:\/\/narteks.net\/#organization"},"alternateName":"K\u00fclt\u00fcr Sanat Edebiyat Felsefe","potentialAction":[{"@type":"SearchAction","target":{"@type":"EntryPoint","urlTemplate":"https:\/\/narteks.net\/?s={search_term_string}"},"query-input":{"@type":"PropertyValueSpecification","valueRequired":true,"valueName":"search_term_string"}}],"inLanguage":"tr"},{"@type":"Organization","@id":"https:\/\/narteks.net\/#organization","name":"narteks.net","url":"https:\/\/narteks.net\/","logo":{"@type":"ImageObject","inLanguage":"tr","@id":"https:\/\/narteks.net\/#\/schema\/logo\/image\/","url":"https:\/\/narteks.net\/wp-content\/uploads\/narteks.png","contentUrl":"https:\/\/narteks.net\/wp-content\/uploads\/narteks.png","width":300,"height":90,"caption":"narteks.net"},"image":{"@id":"https:\/\/narteks.net\/#\/schema\/logo\/image\/"},"sameAs":["https:\/\/x.com\/narteks","https:\/\/instagram.com\/narteksnet"]},{"@type":"Person","@id":"https:\/\/narteks.net\/#\/schema\/person\/61f37d9834294b72d31d274e7ed79bca","name":"Tar\u0131k","image":{"@type":"ImageObject","inLanguage":"tr","@id":"https:\/\/narteks.net\/#\/schema\/person\/image\/","url":"https:\/\/secure.gravatar.com\/avatar\/50865afb55632c4ae467e0af0930f6510aa2297d8014be502a55b14f3b7550cf?s=96&d=mm&r=g","contentUrl":"https:\/\/secure.gravatar.com\/avatar\/50865afb55632c4ae467e0af0930f6510aa2297d8014be502a55b14f3b7550cf?s=96&d=mm&r=g","caption":"Tar\u0131k"},"sameAs":["http:\/\/narteks.net"],"url":"https:\/\/narteks.net\/index.php\/author\/narbak\/"}]}},"_links":{"self":[{"href":"https:\/\/narteks.net\/index.php\/wp-json\/wp\/v2\/posts\/6893","targetHints":{"allow":["GET"]}}],"collection":[{"href":"https:\/\/narteks.net\/index.php\/wp-json\/wp\/v2\/posts"}],"about":[{"href":"https:\/\/narteks.net\/index.php\/wp-json\/wp\/v2\/types\/post"}],"author":[{"embeddable":true,"href":"https:\/\/narteks.net\/index.php\/wp-json\/wp\/v2\/users\/1"}],"replies":[{"embeddable":true,"href":"https:\/\/narteks.net\/index.php\/wp-json\/wp\/v2\/comments?post=6893"}],"version-history":[{"count":0,"href":"https:\/\/narteks.net\/index.php\/wp-json\/wp\/v2\/posts\/6893\/revisions"}],"wp:attachment":[{"href":"https:\/\/narteks.net\/index.php\/wp-json\/wp\/v2\/media?parent=6893"}],"wp:term":[{"taxonomy":"category","embeddable":true,"href":"https:\/\/narteks.net\/index.php\/wp-json\/wp\/v2\/categories?post=6893"},{"taxonomy":"post_tag","embeddable":true,"href":"https:\/\/narteks.net\/index.php\/wp-json\/wp\/v2\/tags?post=6893"}],"curies":[{"name":"wp","href":"https:\/\/api.w.org\/{rel}","templated":true}]}}