{"id":6896,"date":"2012-08-27T23:04:17","date_gmt":"2012-08-27T20:04:17","guid":{"rendered":"http:\/\/localhost\/wordpress\/2012\/08\/27\/dusunce-tarihi-cocuklar-icin-ozgurluk-orhan-hancerlioglu\/"},"modified":"2012-08-27T23:04:17","modified_gmt":"2012-08-27T20:04:17","slug":"dusunce-tarihi-cocuklar-icin-ozgurluk-orhan-hancerlioglu","status":"publish","type":"post","link":"https:\/\/narteks.net\/index.php\/2012\/08\/27\/dusunce-tarihi-cocuklar-icin-ozgurluk-orhan-hancerlioglu\/","title":{"rendered":"D\u00fc\u015f\u00fcnce Tarihi | \u00c7ocuklar \u0130\u00e7in \u00d6zg\u00fcrl\u00fck &#8211; Orhan Han\u00e7erlio\u011flu"},"content":{"rendered":"<p style=\"text-align: justify;\"><img loading=\"lazy\" decoding=\"async\" src=\"images\/stories\/orhan_h.jpg\" border=\"0\" width=\"155\" height=\"205\" style=\"border: 0px none; float: left;\" \/>D\u00fc\u015f\u00fcn\u00fcr\u00fc, bilgini ve sanat\u00e7\u0131s\u0131yla b\u00fct\u00fcn idealist ve metafizik kamp yanda\u015flar\u0131, insanl\u0131\u011f\u0131 y\u00fczy\u0131llardan beri ezen bask\u0131 g\u00fc\u00e7lerini, gene metafizikte ve idealizmde aramak gibi bir \u00e7eli\u015fkiye d\u00fc\u015ferler. Comte, Mach, Avenarius, varolu\u015f\u00e7uluk, yeniolguculuk vb. metafizi\u011fin tam ortas\u0131nda oturduklar\u0131 halde metafizi\u011fe kar\u015f\u0131 \u00e7\u0131km\u0131\u015flard\u0131r. Bir bak\u0131ma bu, onlar i\u00e7in ka\u00e7\u0131n\u0131lmaz bir sonu\u00e7tur. \u00c7\u00fcnk\u00fc metafizik d\u00fc\u015f\u00fcnce y\u00f6ntemiyle ancak metafizi\u011fe ve idealizme var\u0131l\u0131r. XX. y\u00fczy\u0131l tanr\u0131tan\u0131mazl\u0131\u011f\u0131 da bu k\u0131s\u0131rd\u00f6ng\u00fcn\u00fcn bir ba\u015fka \u00f6rne\u011fidir. Frans\u0131z romanc\u0131s\u0131 Roger Martin du Gard (1881-1958), Jean Barois adl\u0131 roman\u0131nda bu t\u00fcrl\u00fc bir \u00f6rne\u011fi sergiliyor.<\/p>\n<p style=\"text-align: justify;\">Vatikan Ruhani Meclisi, 1870 y\u0131l\u0131 toplant\u0131s\u0131nda oybirli\u011fiyle kabul etti\u011fi Dei Filius anayasas\u0131n\u0131, \u015fu kesin kurallarla s\u0131n\u0131rlam\u0131\u015ft\u0131: Her kim, kutsal kitaplar\u0131, XXX&#8217;ncu y\u0131l Ruhani Meclisinin bildirdi\u011fi gibi, b\u00fct\u00fcnl\u00fckleri i\u00e7inde ve b\u00fct\u00fcn b\u00f6l\u00fcmleriyle kilise kurallar\u0131na uygun saymaz da bunlar\u0131n Tanr\u0131 bildirisi oldu\u011funa inanmazsa o kimseye lanet olsun. Her kim, bilimin geli\u015fmesine g\u00f6re kilisenin ileris\u00fcrece\u011fi dogmalara, kilisenin anlad\u0131\u011f\u0131 anlamdan ba\u015fka bir anlam verirse, o kimseye lanet olsun. \u00c7\u00fcnk\u00fc, Tanr\u0131n\u0131n bildirdi\u011fi insan \u00f6\u011fretisi, insan zekas\u0131n\u0131n yetkinliklerine b\u0131rak\u0131lmam\u0131\u015f, Tanr\u0131sal bir arma\u011fan gibi titizlikle saklanmak ve de\u011fi\u015ftirilmeden \u00f6\u011fretilmek \u00fczere \u0130sa&#8217;n\u0131n kar\u0131s\u0131 olan kiliseye verilmi\u015ftir.<\/p>\n<p style=\"text-align: justify;\">Bu anayasa, H\u0131ristiyanl\u0131\u011f\u0131n akla ayk\u0131r\u0131l\u0131klar\u0131n\u0131 yorumlama yoluyla ho\u015f g\u00f6rmeye \u00e7al\u0131\u015fan H\u0131ristiyanlar\u0131 da defterden siliyordu. \u0130\u015fte, gen\u00e7 Jean Barois da bunlardan biridir. Art\u0131k yapacak tek \u015fey kal\u0131yordu. Barois, ayn\u0131 \u00e7abayla \u00e7abalamakta olan bir arkada\u015f\u0131na \u015f\u00f6yle yaz\u0131yor: Bizi b\u0131rakan, ona do\u011fru y\u00f6neltti\u011fimiz \u00e7abalar\u0131 su\u00e7 sayan bu kocam\u0131\u015f s\u00fctnineye, kar\u015f\u0131l\u0131\u011f\u0131n\u0131 bulmayan bir sevgiyle ne diye yap\u0131\u015f\u0131p kalmal\u0131?.. Sizi d\u0131\u015far\u0131da, \u00f6zg\u00fcr havada bekliyorum karde\u015fim.<\/p>\n<p style=\"text-align: justify;\">Jean Barois, Trocaderoda&#8217;da yapt\u0131\u011f\u0131 bir konu\u015fmada, \u015funlar\u0131 s\u00f6yl\u00fcyor: Bug\u00fcnk\u00fc karga\u015fal\u0131k i\u00e7inde, kimileri, ba\u011fl\u0131 bulunduklar\u0131 bilime, eski dinciliklerinin kal\u0131nt\u0131lar\u0131n\u0131 getirmek isteyeceklerdir. Buna izin vermeyelim. Ger\u00e7ekte art\u0131k yeni bir Tanr\u0131ya da yer yoktur. Co\u015fkun hayal g\u00fc\u00e7lerinin bu sonuca boyun e\u011fmeleri gerekir. Kendisiyle ilgilenmeyen, kendisini a\u015fan bir do\u011fa kar\u015f\u0131s\u0131nda insan, s\u0131kla\u015fmak, bir araya gelmek, daha \u00e7ok dayan\u0131\u015fmak gere\u011fini duyacakt\u0131r. Elli y\u0131l \u00f6nceki duyguya dayanan maddecilik, bug\u00fcnk\u00fcnden de uzakla\u015facakt\u0131r. D\u00fc\u015f\u00fcnce, onun ara\u015ft\u0131rmas\u0131n\u0131 bilinmezin enginlerine do\u011fru g\u00f6t\u00fcrmektedir. Yapabilece\u011fimiz iki u\u011fra\u015f\u0131 var. Biri ki\u015fisel davran\u0131\u015f\u0131m\u0131z, \u00f6teki \u00e7ocuklar\u0131m\u0131z\u0131n e\u011fitimi&#8230; Hem kendimize, hem de bizim ya\u015fay\u0131\u015f\u0131m\u0131z\u0131 izleyenlere kar\u015f\u0131 namuslu davranmak. \u0130\u015fte ahlak kurallar\u0131n\u0131n \u015fimdilik en bellisi, en \u015fa\u015fmaz\u0131. Hi\u00e7bir sava\u015f el alt\u0131ndan y\u00fcr\u00fct\u00fclemez, e\u015fit silahlarla kar\u015f\u0131la\u015fal\u0131m.<\/p>\n<p style=\"text-align: justify;\">Papazlar\u0131n okul a\u00e7makta, bu okullarda d\u00fcnyan\u0131n alt\u0131 g\u00fcnde yoktan var edildi\u011fini, \u0130sa&#8217;n\u0131n Tanr\u0131 babayla bir k\u0131z o\u011flan k\u0131z\u0131n \u00e7ocu\u011fu oldu\u011funu ve cesedinin g\u00f6m\u00fcld\u00fckten \u00fc\u00e7 g\u00fcn sonra g\u00f6\u011fe \u00e7ekilmek \u00fczere mezardan kendi kendine \u00e7\u0131k\u0131p gitti\u011fini, o g\u00fcnden beri cennette Tanr\u0131 babas\u0131n\u0131n sa\u011f\u0131nda oturdu\u011funu \u00f6\u011fretmekte serbest kalmalar\u0131, \u00f6zg\u00fcrl\u00fck ad\u0131na, gereklidir. Evet, onlar\u0131 serbest b\u0131rakal\u0131m, b\u0131rakal\u0131m ama biz de akl\u0131n, bilimin b\u00fct\u00fcn yard\u0131m\u0131yla Katolik dininin art\u0131k inan\u0131lmas\u0131 m\u00fcmk\u00fcn olmayan safl\u0131klar \u00fcst\u00fcne kuruldu\u011funu tan\u0131tlayacak okullar a\u00e7makta serbest olal\u0131m. Yalanla ger\u00e7ek; kar\u015f\u0131l\u0131kl\u0131 serbest kal\u0131nca, yalan hi\u00e7bir zaman tutunamaz. \u00d6zg\u00fcrl\u00fck, evet ama, yaln\u0131z din dersi okutan papaz i\u00e7in de\u011fil, ak\u0131l i\u00e7in de \u00f6zg\u00fcrl\u00fck, \u00e7ocuk i\u00e7in de \u00f6zg\u00fcrl\u00fck. Ah dostlar\u0131m, \u015funu hayk\u0131rarak s\u00f6zlerimi bitirmek isterim: \u00c7ocuklar i\u00e7in \u00f6zg\u00fcrl\u00fck!..<\/p>\n<p style=\"text-align: justify;\">\u0130nsanl\u0131\u011f\u0131n, y\u00fczy\u0131llardan beri arad\u0131\u011f\u0131 neydi?.. Huzur. Din, bu huzuru kar\u015f\u0131l\u0131yordu. Roman\u0131n en \u00f6nemli ki\u015fisi Luc, bu d\u00fc\u015f\u00fcncededir: Ne yaz\u0131k ki, gururland\u0131\u011f\u0131m\u0131z vicdan\u0131m\u0131z\u0131 y\u00fczlerce mistik ku\u015faklarla elde etmi\u015fiz. B\u00f6ylesine bir zenginlik kolayl\u0131kla f\u0131rlat\u0131l\u0131p at\u0131lamazd\u0131. Ahretiniz, ger\u00e7ekten de, ola\u011fan\u00fcst\u00fc bir bulu\u015ftur. Bu, \u00f6yle uzak bir vaattir ki, ak\u0131l, g\u00f6nl\u00fcn buna inanmas\u0131na engel olamaz. Siz ona b\u00f6ylesine bir d\u00fc\u015fle umut verdiniz. Benim umudumsa, iyili\u011fe do\u011fru harcad\u0131\u011f\u0131m \u00e7abalar\u0131n yok edilemez oldu\u011funa inanmakt\u0131r. Benim umudum, sizinki gibi, akl\u0131ndan vazge\u00e7! diye direnmez. Tersine, akl\u0131m bu umudu destekler. Akl\u0131m, hayat\u0131n bo\u015f bir hareket, ac\u0131 \u00e7ekmek i\u00e7in bir bahane, ki\u015fisel mutlulu\u011fa do\u011fru bir yar\u0131\u015fma olmad\u0131\u011f\u0131n\u0131 g\u00f6sterir. Akl\u0131m, bana, hareketlerimin evrensel \u00e7abayla i\u015fbirli\u011fi yapt\u0131\u011f\u0131n\u0131 g\u00f6sterir. Her yerde umut verici nedenler buldurur. Gene her yerde, hayat\u0131n \u00f6l\u00fcmden do\u011fdu\u011funu, g\u00fcc\u00fcn ac\u0131dan do\u011fdu\u011funu, bilimin yanl\u0131\u015ftan do\u011fdu\u011funu, ahengin ahenksizlikten do\u011fdu\u011funu g\u00f6sterir. Evet say\u0131n rahibim, sizin inan\u0131n\u0131z kadar de\u011ferli bir, inand\u0131r bu. \u0130nsan, mutlulu\u011fa, ancak hi\u00e7bir seraba aldanmadan, ger\u00e7ekle varabilir.<\/p>\n<p style=\"text-align: justify;\">\u00d6l\u00fcm, hayat\u0131n mant\u0131\u011f\u0131 i\u00e7indedir. Do\u011fum d\u00fc\u015f\u00fcncesini ne kadar do\u011fal buluyorsam, \u00f6l\u00fcm d\u00fc\u015f\u00fcncesini de o kadar do\u011fal buluyorum. Siz, o u\u011fursuz dakikaya, nas\u0131l huzur i\u00e7inde bir bilincin rahatl\u0131\u011f\u0131yla katlanabiliyorsan\u0131z, ben de \u00f6yle katlan\u0131yorum. Bu huzura siz ne ad veriyorsan\u0131z ben de ayn\u0131 ad\u0131 veriyorum. Kar\u015f\u0131l\u0131k, g\u00fcven de\u011fil midir? \u0130\u015fte ben de bu g\u00fcveni duyuyorum. Bu g\u00fcveni, yap\u0131t\u0131n\u0131 \u00f6l\u00fcm\u00fcyle de g\u00fc\u00e7lendirece\u011fini bilen, Sokrates de duymu\u015ftu.<\/p>\n<p style=\"text-align: justify;\">Luc, bu s\u00f6zlerini, davran\u0131\u015flar\u0131yla da tan\u0131tlamaktad\u0131r. \u00d6lece\u011fi s\u0131rada, b\u00fct\u00fcn \u00e7ocuklar\u0131 ba\u015f ucunda toplan\u0131yorlar. Oysa, b\u00fct\u00fcn bu ba\u015flar\u0131n \u00fcst\u00fcnde, birer birer elini gezdiriyor. Kendi kendine konu\u015fuyormu\u015f\u00e7as\u0131na m\u0131r\u0131ldan\u0131yor: \u00c7ocuklar\u0131m ne kadar g\u00fczeldir.<\/p>\n<p style=\"text-align: justify;\">Ya bu Tanr\u0131s\u0131z evrende olup bitenler?.. Onu da, roman\u0131n bir ba\u015fka ki\u015fisi, gen\u00e7 Dalier a\u00e7\u0131kl\u0131yor: Nedenler, k\u00f6r\u00fc k\u00f6r\u00fcne ve hi\u00e7bir amaca y\u00f6nelmeden birbirlerini do\u011fururlar. Evrende hi\u00e7bir \u015fey, ne bir y\u00f6n\u00fc, ne de bir ilerlemeyi gerektirmez. B\u00fct\u00fcn bunlar, birtak\u0131m hareketlerden ibarettir. \u0130\u015fte hepsi bu kadar.<\/p>\n<p style=\"text-align: justify;\">Roger Martin du Gard, bu d\u00fc\u015f\u00fcncenin daha a\u00e7\u0131\u011f\u0131n\u0131 bir ba\u015fka Nobel de\u011ferlisi Albert Camus&#8217;y\u00fc k\u0131v\u0131lc\u0131mlayan d\u00fc\u015f\u00fcnceyi &#8211; ilk cildini 1922, son cildini de 1940 y\u0131l\u0131nda yay\u0131mlad\u0131\u011f\u0131 b\u00fcy\u00fck yap\u0131t\u0131 Thibaultlar&#8217;da Antoin Thibault&#8217;ya s\u00f6yletmektedir: Bu \u00fcz\u00fcnt\u00fc neden? E\u011fer kavranmas\u0131 m\u00fcmk\u00fcn olmayan yasalar\u0131n sonsuz bo\u015fluk i\u00e7inde ama\u00e7s\u0131z olarak d\u00f6nd\u00fcr\u00fcld\u00fc\u011f\u00fc bir damla \u00e7amurun \u00fcst\u00fcnde ya\u015fayan boynu b\u00fck\u00fck hayvanlarsak, bu ya\u015famda direnmenin anlam\u0131 ne?.. Bu yer yuvarla\u011f\u0131n\u0131n kabu\u011fu \u00fcst\u00fcnde, her g\u00fcn, milyonlarca varl\u0131k do\u011fmaktad\u0131r. Bunlar, yery\u00fcz\u00fcnde, bir an g\u00fcr\u00fclt\u00fc edip yar\u0131n s\u0131ras\u0131 gelince da\u011f\u0131lacak olan ba\u015fka milyonlara yerlerini b\u0131rakacaklard\u0131r. Bu pek k\u0131sa g\u00f6r\u00fcn\u00fc\u015f\u00fcn bir anlam\u0131 olabilir mi? Hay\u0131r, hayat\u0131n anlam\u0131 yoktur. Her ne pahas\u0131na olursa olsun, buna bir anlam bulmaya \u00e7al\u0131\u015fmakla oyalananlar\u0131n d\u00fc\u015flerinden kurtulmak bize, s\u00fckunun, g\u00fcc\u00fcn, \u00f6zg\u00fcrl\u00fc\u011f\u00fcn o ola\u011fan\u00fcst\u00fc duygusunu verebilir.<\/p>\n<p style=\"text-align: justify;\">XX. y\u00fczy\u0131lda bile idealizmin vard\u0131\u011f\u0131 sonu\u00e7 de\u011fi\u015fmiyor: Ya\u015faman\u0131n anlam\u0131 yoktur.<\/p>\n<p style=\"text-align: justify;\">G\u00f6r\u00fcld\u00fc\u011f\u00fc gibi, Tanr\u0131tan\u0131mazl\u0131k, hala bir kahramanl\u0131k, bir marifet say\u0131lmakta devam etmektedir. Roger Martin du Gard b\u00f6ylesine kahramanlardan biridir.<\/p>\n<p style=\"text-align: justify;\">Bilinci ve bilin\u00e7li insan\u0131 gere\u011fi gibi \u00e7\u00f6z\u00fcmledi\u011fini sanan metafizik, \u015fimdi de bilin\u00e7alt\u0131na ya da bilin\u00e7d\u0131\u015f\u0131na el atacakt\u0131r.<\/p>\n","protected":false},"excerpt":{"rendered":"<p>D\u00fc\u015f\u00fcn\u00fcr\u00fc, bilgini ve sanat\u00e7\u0131s\u0131yla b\u00fct\u00fcn idealist ve metafizik kamp yanda\u015flar\u0131, insanl\u0131\u011f\u0131 y\u00fczy\u0131llardan beri ezen bask\u0131 g\u00fc\u00e7lerini, gene metafizikte ve idealizmde aramak gibi bir \u00e7eli\u015fkiye d\u00fc\u015ferler. Comte, Mach, Avenarius, varolu\u015f\u00e7uluk, yeniolguculuk vb. metafizi\u011fin tam ortas\u0131nda oturduklar\u0131 halde metafizi\u011fe kar\u015f\u0131 \u00e7\u0131km\u0131\u015flard\u0131r. Bir bak\u0131ma bu, onlar i\u00e7in ka\u00e7\u0131n\u0131lmaz bir sonu\u00e7tur. \u00c7\u00fcnk\u00fc metafizik d\u00fc\u015f\u00fcnce y\u00f6ntemiyle ancak metafizi\u011fe ve idealizme [&hellip;]<\/p>\n","protected":false},"author":1,"featured_media":0,"comment_status":"open","ping_status":"open","sticky":false,"template":"","format":"standard","meta":{"footnotes":""},"categories":[103],"tags":[],"class_list":["post-6896","post","type-post","status-publish","format-standard","category-felsefe-genel"],"yoast_head":"<!-- This site is optimized with the Yoast SEO Premium plugin v24.9 (Yoast SEO v24.9) - https:\/\/yoast.com\/wordpress\/plugins\/seo\/ -->\n<title>D\u00fc\u015f\u00fcnce Tarihi | \u00c7ocuklar \u0130\u00e7in \u00d6zg\u00fcrl\u00fck - Orhan Han\u00e7erlio\u011flu - narteks.net<\/title>\n<meta name=\"robots\" content=\"index, follow, max-snippet:-1, max-image-preview:large, max-video-preview:-1\" \/>\n<link rel=\"canonical\" href=\"https:\/\/narteks.net\/index.php\/2012\/08\/27\/dusunce-tarihi-cocuklar-icin-ozgurluk-orhan-hancerlioglu\/\" \/>\n<meta property=\"og:locale\" content=\"tr_TR\" \/>\n<meta property=\"og:type\" content=\"article\" \/>\n<meta property=\"og:title\" content=\"D\u00fc\u015f\u00fcnce Tarihi | \u00c7ocuklar \u0130\u00e7in \u00d6zg\u00fcrl\u00fck - Orhan Han\u00e7erlio\u011flu\" \/>\n<meta property=\"og:description\" content=\"D\u00fc\u015f\u00fcn\u00fcr\u00fc, bilgini ve sanat\u00e7\u0131s\u0131yla b\u00fct\u00fcn idealist ve metafizik kamp yanda\u015flar\u0131, insanl\u0131\u011f\u0131 y\u00fczy\u0131llardan beri ezen bask\u0131 g\u00fc\u00e7lerini, gene metafizikte ve idealizmde aramak gibi bir \u00e7eli\u015fkiye d\u00fc\u015ferler. Comte, Mach, Avenarius, varolu\u015f\u00e7uluk, yeniolguculuk vb. metafizi\u011fin tam ortas\u0131nda oturduklar\u0131 halde metafizi\u011fe kar\u015f\u0131 \u00e7\u0131km\u0131\u015flard\u0131r. Bir bak\u0131ma bu, onlar i\u00e7in ka\u00e7\u0131n\u0131lmaz bir sonu\u00e7tur. \u00c7\u00fcnk\u00fc metafizik d\u00fc\u015f\u00fcnce y\u00f6ntemiyle ancak metafizi\u011fe ve idealizme [&hellip;]\" \/>\n<meta property=\"og:url\" content=\"https:\/\/narteks.net\/index.php\/2012\/08\/27\/dusunce-tarihi-cocuklar-icin-ozgurluk-orhan-hancerlioglu\/\" \/>\n<meta property=\"og:site_name\" content=\"narteks.net\" \/>\n<meta property=\"article:published_time\" content=\"2012-08-27T20:04:17+00:00\" \/>\n<meta property=\"og:image\" content=\"https:\/\/narteks.net\/wp-content\/uploads\/narteks.png\" \/>\n\t<meta property=\"og:image:width\" content=\"300\" \/>\n\t<meta property=\"og:image:height\" content=\"90\" \/>\n\t<meta property=\"og:image:type\" content=\"image\/png\" \/>\n<meta name=\"author\" content=\"Tar\u0131k\" \/>\n<meta name=\"twitter:card\" content=\"summary_large_image\" \/>\n<meta name=\"twitter:creator\" content=\"@narteks\" \/>\n<meta name=\"twitter:site\" content=\"@narteks\" \/>\n<meta name=\"twitter:label1\" content=\"Yazan:\" \/>\n\t<meta name=\"twitter:data1\" content=\"Tar\u0131k\" \/>\n\t<meta name=\"twitter:label2\" content=\"Tahmini okuma s\u00fcresi\" \/>\n\t<meta name=\"twitter:data2\" content=\"7 dakika\" \/>\n<script type=\"application\/ld+json\" class=\"yoast-schema-graph\">{\"@context\":\"https:\/\/schema.org\",\"@graph\":[{\"@type\":\"Article\",\"@id\":\"https:\/\/narteks.net\/index.php\/2012\/08\/27\/dusunce-tarihi-cocuklar-icin-ozgurluk-orhan-hancerlioglu\/#article\",\"isPartOf\":{\"@id\":\"https:\/\/narteks.net\/index.php\/2012\/08\/27\/dusunce-tarihi-cocuklar-icin-ozgurluk-orhan-hancerlioglu\/\"},\"author\":{\"name\":\"Tar\u0131k\",\"@id\":\"https:\/\/narteks.net\/#\/schema\/person\/61f37d9834294b72d31d274e7ed79bca\"},\"headline\":\"D\u00fc\u015f\u00fcnce Tarihi | \u00c7ocuklar \u0130\u00e7in \u00d6zg\u00fcrl\u00fck &#8211; Orhan Han\u00e7erlio\u011flu\",\"datePublished\":\"2012-08-27T20:04:17+00:00\",\"mainEntityOfPage\":{\"@id\":\"https:\/\/narteks.net\/index.php\/2012\/08\/27\/dusunce-tarihi-cocuklar-icin-ozgurluk-orhan-hancerlioglu\/\"},\"wordCount\":1381,\"commentCount\":0,\"publisher\":{\"@id\":\"https:\/\/narteks.net\/#organization\"},\"articleSection\":[\"Felsefe (Genel)\"],\"inLanguage\":\"tr\",\"potentialAction\":[{\"@type\":\"CommentAction\",\"name\":\"Comment\",\"target\":[\"https:\/\/narteks.net\/index.php\/2012\/08\/27\/dusunce-tarihi-cocuklar-icin-ozgurluk-orhan-hancerlioglu\/#respond\"]}]},{\"@type\":\"WebPage\",\"@id\":\"https:\/\/narteks.net\/index.php\/2012\/08\/27\/dusunce-tarihi-cocuklar-icin-ozgurluk-orhan-hancerlioglu\/\",\"url\":\"https:\/\/narteks.net\/index.php\/2012\/08\/27\/dusunce-tarihi-cocuklar-icin-ozgurluk-orhan-hancerlioglu\/\",\"name\":\"D\u00fc\u015f\u00fcnce Tarihi | \u00c7ocuklar \u0130\u00e7in \u00d6zg\u00fcrl\u00fck - Orhan Han\u00e7erlio\u011flu - narteks.net\",\"isPartOf\":{\"@id\":\"https:\/\/narteks.net\/#website\"},\"datePublished\":\"2012-08-27T20:04:17+00:00\",\"breadcrumb\":{\"@id\":\"https:\/\/narteks.net\/index.php\/2012\/08\/27\/dusunce-tarihi-cocuklar-icin-ozgurluk-orhan-hancerlioglu\/#breadcrumb\"},\"inLanguage\":\"tr\",\"potentialAction\":[{\"@type\":\"ReadAction\",\"target\":[\"https:\/\/narteks.net\/index.php\/2012\/08\/27\/dusunce-tarihi-cocuklar-icin-ozgurluk-orhan-hancerlioglu\/\"]}]},{\"@type\":\"BreadcrumbList\",\"@id\":\"https:\/\/narteks.net\/index.php\/2012\/08\/27\/dusunce-tarihi-cocuklar-icin-ozgurluk-orhan-hancerlioglu\/#breadcrumb\",\"itemListElement\":[{\"@type\":\"ListItem\",\"position\":1,\"name\":\"Anasayfa\",\"item\":\"https:\/\/narteks.net\/\"},{\"@type\":\"ListItem\",\"position\":2,\"name\":\"D\u00fc\u015f\u00fcnce Tarihi | \u00c7ocuklar \u0130\u00e7in \u00d6zg\u00fcrl\u00fck &#8211; Orhan Han\u00e7erlio\u011flu\"}]},{\"@type\":\"WebSite\",\"@id\":\"https:\/\/narteks.net\/#website\",\"url\":\"https:\/\/narteks.net\/\",\"name\":\"narteks.net\",\"description\":\"K\u00fclt\u00fcr Sanat Edebiyat Felsefe\",\"publisher\":{\"@id\":\"https:\/\/narteks.net\/#organization\"},\"alternateName\":\"K\u00fclt\u00fcr Sanat Edebiyat Felsefe\",\"potentialAction\":[{\"@type\":\"SearchAction\",\"target\":{\"@type\":\"EntryPoint\",\"urlTemplate\":\"https:\/\/narteks.net\/?s={search_term_string}\"},\"query-input\":{\"@type\":\"PropertyValueSpecification\",\"valueRequired\":true,\"valueName\":\"search_term_string\"}}],\"inLanguage\":\"tr\"},{\"@type\":\"Organization\",\"@id\":\"https:\/\/narteks.net\/#organization\",\"name\":\"narteks.net\",\"url\":\"https:\/\/narteks.net\/\",\"logo\":{\"@type\":\"ImageObject\",\"inLanguage\":\"tr\",\"@id\":\"https:\/\/narteks.net\/#\/schema\/logo\/image\/\",\"url\":\"https:\/\/narteks.net\/wp-content\/uploads\/narteks.png\",\"contentUrl\":\"https:\/\/narteks.net\/wp-content\/uploads\/narteks.png\",\"width\":300,\"height\":90,\"caption\":\"narteks.net\"},\"image\":{\"@id\":\"https:\/\/narteks.net\/#\/schema\/logo\/image\/\"},\"sameAs\":[\"https:\/\/x.com\/narteks\",\"https:\/\/instagram.com\/narteksnet\"]},{\"@type\":\"Person\",\"@id\":\"https:\/\/narteks.net\/#\/schema\/person\/61f37d9834294b72d31d274e7ed79bca\",\"name\":\"Tar\u0131k\",\"image\":{\"@type\":\"ImageObject\",\"inLanguage\":\"tr\",\"@id\":\"https:\/\/narteks.net\/#\/schema\/person\/image\/\",\"url\":\"https:\/\/secure.gravatar.com\/avatar\/50865afb55632c4ae467e0af0930f6510aa2297d8014be502a55b14f3b7550cf?s=96&d=mm&r=g\",\"contentUrl\":\"https:\/\/secure.gravatar.com\/avatar\/50865afb55632c4ae467e0af0930f6510aa2297d8014be502a55b14f3b7550cf?s=96&d=mm&r=g\",\"caption\":\"Tar\u0131k\"},\"sameAs\":[\"http:\/\/narteks.net\"],\"url\":\"https:\/\/narteks.net\/index.php\/author\/narbak\/\"}]}<\/script>\n<!-- \/ Yoast SEO Premium plugin. -->","yoast_head_json":{"title":"D\u00fc\u015f\u00fcnce Tarihi | \u00c7ocuklar \u0130\u00e7in \u00d6zg\u00fcrl\u00fck - Orhan Han\u00e7erlio\u011flu - narteks.net","robots":{"index":"index","follow":"follow","max-snippet":"max-snippet:-1","max-image-preview":"max-image-preview:large","max-video-preview":"max-video-preview:-1"},"canonical":"https:\/\/narteks.net\/index.php\/2012\/08\/27\/dusunce-tarihi-cocuklar-icin-ozgurluk-orhan-hancerlioglu\/","og_locale":"tr_TR","og_type":"article","og_title":"D\u00fc\u015f\u00fcnce Tarihi | \u00c7ocuklar \u0130\u00e7in \u00d6zg\u00fcrl\u00fck - Orhan Han\u00e7erlio\u011flu","og_description":"D\u00fc\u015f\u00fcn\u00fcr\u00fc, bilgini ve sanat\u00e7\u0131s\u0131yla b\u00fct\u00fcn idealist ve metafizik kamp yanda\u015flar\u0131, insanl\u0131\u011f\u0131 y\u00fczy\u0131llardan beri ezen bask\u0131 g\u00fc\u00e7lerini, gene metafizikte ve idealizmde aramak gibi bir \u00e7eli\u015fkiye d\u00fc\u015ferler. Comte, Mach, Avenarius, varolu\u015f\u00e7uluk, yeniolguculuk vb. metafizi\u011fin tam ortas\u0131nda oturduklar\u0131 halde metafizi\u011fe kar\u015f\u0131 \u00e7\u0131km\u0131\u015flard\u0131r. Bir bak\u0131ma bu, onlar i\u00e7in ka\u00e7\u0131n\u0131lmaz bir sonu\u00e7tur. \u00c7\u00fcnk\u00fc metafizik d\u00fc\u015f\u00fcnce y\u00f6ntemiyle ancak metafizi\u011fe ve idealizme [&hellip;]","og_url":"https:\/\/narteks.net\/index.php\/2012\/08\/27\/dusunce-tarihi-cocuklar-icin-ozgurluk-orhan-hancerlioglu\/","og_site_name":"narteks.net","article_published_time":"2012-08-27T20:04:17+00:00","og_image":[{"width":300,"height":90,"url":"https:\/\/narteks.net\/wp-content\/uploads\/narteks.png","type":"image\/png"}],"author":"Tar\u0131k","twitter_card":"summary_large_image","twitter_creator":"@narteks","twitter_site":"@narteks","twitter_misc":{"Yazan:":"Tar\u0131k","Tahmini okuma s\u00fcresi":"7 dakika"},"schema":{"@context":"https:\/\/schema.org","@graph":[{"@type":"Article","@id":"https:\/\/narteks.net\/index.php\/2012\/08\/27\/dusunce-tarihi-cocuklar-icin-ozgurluk-orhan-hancerlioglu\/#article","isPartOf":{"@id":"https:\/\/narteks.net\/index.php\/2012\/08\/27\/dusunce-tarihi-cocuklar-icin-ozgurluk-orhan-hancerlioglu\/"},"author":{"name":"Tar\u0131k","@id":"https:\/\/narteks.net\/#\/schema\/person\/61f37d9834294b72d31d274e7ed79bca"},"headline":"D\u00fc\u015f\u00fcnce Tarihi | \u00c7ocuklar \u0130\u00e7in \u00d6zg\u00fcrl\u00fck &#8211; Orhan Han\u00e7erlio\u011flu","datePublished":"2012-08-27T20:04:17+00:00","mainEntityOfPage":{"@id":"https:\/\/narteks.net\/index.php\/2012\/08\/27\/dusunce-tarihi-cocuklar-icin-ozgurluk-orhan-hancerlioglu\/"},"wordCount":1381,"commentCount":0,"publisher":{"@id":"https:\/\/narteks.net\/#organization"},"articleSection":["Felsefe (Genel)"],"inLanguage":"tr","potentialAction":[{"@type":"CommentAction","name":"Comment","target":["https:\/\/narteks.net\/index.php\/2012\/08\/27\/dusunce-tarihi-cocuklar-icin-ozgurluk-orhan-hancerlioglu\/#respond"]}]},{"@type":"WebPage","@id":"https:\/\/narteks.net\/index.php\/2012\/08\/27\/dusunce-tarihi-cocuklar-icin-ozgurluk-orhan-hancerlioglu\/","url":"https:\/\/narteks.net\/index.php\/2012\/08\/27\/dusunce-tarihi-cocuklar-icin-ozgurluk-orhan-hancerlioglu\/","name":"D\u00fc\u015f\u00fcnce Tarihi | \u00c7ocuklar \u0130\u00e7in \u00d6zg\u00fcrl\u00fck - Orhan Han\u00e7erlio\u011flu - narteks.net","isPartOf":{"@id":"https:\/\/narteks.net\/#website"},"datePublished":"2012-08-27T20:04:17+00:00","breadcrumb":{"@id":"https:\/\/narteks.net\/index.php\/2012\/08\/27\/dusunce-tarihi-cocuklar-icin-ozgurluk-orhan-hancerlioglu\/#breadcrumb"},"inLanguage":"tr","potentialAction":[{"@type":"ReadAction","target":["https:\/\/narteks.net\/index.php\/2012\/08\/27\/dusunce-tarihi-cocuklar-icin-ozgurluk-orhan-hancerlioglu\/"]}]},{"@type":"BreadcrumbList","@id":"https:\/\/narteks.net\/index.php\/2012\/08\/27\/dusunce-tarihi-cocuklar-icin-ozgurluk-orhan-hancerlioglu\/#breadcrumb","itemListElement":[{"@type":"ListItem","position":1,"name":"Anasayfa","item":"https:\/\/narteks.net\/"},{"@type":"ListItem","position":2,"name":"D\u00fc\u015f\u00fcnce Tarihi | \u00c7ocuklar \u0130\u00e7in \u00d6zg\u00fcrl\u00fck &#8211; Orhan Han\u00e7erlio\u011flu"}]},{"@type":"WebSite","@id":"https:\/\/narteks.net\/#website","url":"https:\/\/narteks.net\/","name":"narteks.net","description":"K\u00fclt\u00fcr Sanat Edebiyat Felsefe","publisher":{"@id":"https:\/\/narteks.net\/#organization"},"alternateName":"K\u00fclt\u00fcr Sanat Edebiyat Felsefe","potentialAction":[{"@type":"SearchAction","target":{"@type":"EntryPoint","urlTemplate":"https:\/\/narteks.net\/?s={search_term_string}"},"query-input":{"@type":"PropertyValueSpecification","valueRequired":true,"valueName":"search_term_string"}}],"inLanguage":"tr"},{"@type":"Organization","@id":"https:\/\/narteks.net\/#organization","name":"narteks.net","url":"https:\/\/narteks.net\/","logo":{"@type":"ImageObject","inLanguage":"tr","@id":"https:\/\/narteks.net\/#\/schema\/logo\/image\/","url":"https:\/\/narteks.net\/wp-content\/uploads\/narteks.png","contentUrl":"https:\/\/narteks.net\/wp-content\/uploads\/narteks.png","width":300,"height":90,"caption":"narteks.net"},"image":{"@id":"https:\/\/narteks.net\/#\/schema\/logo\/image\/"},"sameAs":["https:\/\/x.com\/narteks","https:\/\/instagram.com\/narteksnet"]},{"@type":"Person","@id":"https:\/\/narteks.net\/#\/schema\/person\/61f37d9834294b72d31d274e7ed79bca","name":"Tar\u0131k","image":{"@type":"ImageObject","inLanguage":"tr","@id":"https:\/\/narteks.net\/#\/schema\/person\/image\/","url":"https:\/\/secure.gravatar.com\/avatar\/50865afb55632c4ae467e0af0930f6510aa2297d8014be502a55b14f3b7550cf?s=96&d=mm&r=g","contentUrl":"https:\/\/secure.gravatar.com\/avatar\/50865afb55632c4ae467e0af0930f6510aa2297d8014be502a55b14f3b7550cf?s=96&d=mm&r=g","caption":"Tar\u0131k"},"sameAs":["http:\/\/narteks.net"],"url":"https:\/\/narteks.net\/index.php\/author\/narbak\/"}]}},"_links":{"self":[{"href":"https:\/\/narteks.net\/index.php\/wp-json\/wp\/v2\/posts\/6896","targetHints":{"allow":["GET"]}}],"collection":[{"href":"https:\/\/narteks.net\/index.php\/wp-json\/wp\/v2\/posts"}],"about":[{"href":"https:\/\/narteks.net\/index.php\/wp-json\/wp\/v2\/types\/post"}],"author":[{"embeddable":true,"href":"https:\/\/narteks.net\/index.php\/wp-json\/wp\/v2\/users\/1"}],"replies":[{"embeddable":true,"href":"https:\/\/narteks.net\/index.php\/wp-json\/wp\/v2\/comments?post=6896"}],"version-history":[{"count":0,"href":"https:\/\/narteks.net\/index.php\/wp-json\/wp\/v2\/posts\/6896\/revisions"}],"wp:attachment":[{"href":"https:\/\/narteks.net\/index.php\/wp-json\/wp\/v2\/media?parent=6896"}],"wp:term":[{"taxonomy":"category","embeddable":true,"href":"https:\/\/narteks.net\/index.php\/wp-json\/wp\/v2\/categories?post=6896"},{"taxonomy":"post_tag","embeddable":true,"href":"https:\/\/narteks.net\/index.php\/wp-json\/wp\/v2\/tags?post=6896"}],"curies":[{"name":"wp","href":"https:\/\/api.w.org\/{rel}","templated":true}]}}