{"id":6898,"date":"2012-08-30T12:39:14","date_gmt":"2012-08-30T09:39:14","guid":{"rendered":"http:\/\/localhost\/wordpress\/2012\/08\/30\/milenaya-mektuplar-franz-kafka\/"},"modified":"2012-08-30T12:39:14","modified_gmt":"2012-08-30T09:39:14","slug":"milenaya-mektuplar-franz-kafka","status":"publish","type":"post","link":"https:\/\/narteks.net\/index.php\/2012\/08\/30\/milenaya-mektuplar-franz-kafka\/","title":{"rendered":"Milena&#8217;ya Mektuplar | Franz Kafka"},"content":{"rendered":"<p style=\"text-align: justify;\"><img loading=\"lazy\" decoding=\"async\" src=\"images\/stories\/milfran.jpg\" border=\"0\" width=\"155\" height=\"205\" style=\"border: 0; float: left;\" \/>D\u00fcr\u00fcst bir insan\u0131m Milena. Esaretin izin verdi\u011fi kadar d\u00fcr\u00fcst. Bir \u015feklimle herkese benzemeyen farkl\u0131 bir y\u00f6n var bende. Huzur i\u00e7inde bir dakika bile \u00e7ok g\u00f6r\u00fclm\u00fc\u015ft\u00fcr bana. Her \u015feyi sava\u015farak kazanmak mecburiyetindeyim. Sadece gelece\u011fimi de\u011fil ge\u00e7mi\u015fimi de kendim yaratmak zorunday\u0131m. D\u00fcnya sa\u011fa d\u00f6n\u00fcyorsa bu ritme uymak i\u00e7in benim sola d\u00f6nmem gerekiyor. Palto giymeye \u00fc\u015fenirken bu koca d\u00fcnyay\u0131 s\u0131rt\u0131mda nas\u0131l ta\u015f\u0131r\u0131m ben?<\/p>\n<p style=\"text-align: justify;\"><strong>***\u00a0 <\/strong><\/p>\n<p style=\"text-align: justify;\">&#8220;Yar\u0131m saattir iki mektubunla kart\u0131n\u0131 okuyorum ve bu s\u0131rada durmadan g\u00fcld\u00fc\u011f\u00fcm\u00fc \u015fimdi farkettim. D\u00fcnya tarihinde bundan daha mutlu bir imparatorluk var m\u0131d\u0131r acaba? Odas\u0131na bir geliyor ki 3 mektup var ve bunlar\u0131n a\u00e7maktan -a\u011f\u0131r a\u011f\u0131r a\u011f\u0131r hareket eden parmaklar- arkas\u0131na yaslanmaktan ve bunun, bu mutlulu\u011fun kendisini buldu\u011funa inanamamaktan ba\u015fka yapacak hi\u00e7bir i\u015f yok.<\/p>\n<p>Hay\u0131r, hep g\u00fclmedim. Bavul ta\u015f\u0131man konusunda s\u00f6yleyecek s\u00f6z bulam\u0131yorum, buna inanam\u0131yorum, inand\u0131\u011f\u0131mda g\u00f6z\u00fcmde canland\u0131ram\u0131yorum, canland\u0131rd\u0131\u011f\u0131mdaysa Pazar g\u00fcnk\u00fc kadar g\u00fczelsin -yok buna art\u0131k g\u00fczellik denemezdi; cennetin yerini yurdunu \u015fa\u015f\u0131rmas\u0131yd\u0131 bu-<\/p>\n<p>Fakat yine de buna inanam\u0131yorum e\u011fer ger\u00e7ekten b\u00f6yle olduysa, itiraf etmeliyim ki bu korkun\u00e7 oldu\u011fu kadar da muhte\u015fem. Ama hi\u00e7bir \u015fey yememen ve a\u00e7 olman (ben burada a\u00e7 olmad\u0131\u011f\u0131m halde t\u0131ka basa doyuruluyorken) bunun yan\u0131 s\u0131ra g\u00f6zlerinin elt\u0131ndaki torbalar (\u00fczerinde oynan\u0131p sonradan eklenmi\u015f olamaz, foto\u011fraf\u0131n yaratt\u0131\u011f\u0131 sevincin yar\u0131s\u0131n\u0131 da ald\u0131 g\u00f6t\u00fcrd\u00fc bunlar, yine de yeterince kald\u0131 ve bunun i\u00e7in elini o kadar uzun s\u00fcre \u00f6pmek istiyorum ki, bu hayatta bir daha ne \u00e7eviri yapmaya kalk\u0131\u015f ne de istasyondan bavul ta\u015f\u0131maya) \u0130\u015fte bunlar i\u00e7in seni ba\u011f\u0131\u015flayamam, asla ba\u011f\u0131\u015flamayaca\u011f\u0131m, 100 y\u0131l sonra kul\u00fcbemizin \u00f6n\u00fcnde oturuyor oldu\u011fumuzda bile bunun i\u00e7in sana sitem edece\u011fim. Hay\u0131r, \u015faka yapm\u0131yorum.&#8221;<\/p>\n<p style=\"text-align: justify;\"><strong>***<\/strong><\/p>\n<p style=\"text-align: justify;\">Ger\u00e7ekten, hasta olman\u0131z de\u011fil beni korkutan, bu rahats\u0131zl\u0131\u011f\u0131 tetikleyen \u015feyin ne oldu\u011fu&#8230; Yaln\u0131zca, o zamanlar hastal\u0131\u011f\u0131n bendeki keyfiyeti i\u00e7in zihnimde tertipledi\u011fim ve daha pek \u00e7ok duruma da uyan a\u00e7\u0131klamay\u0131 d\u00fc\u015f\u00fcn\u00fcyorum. \u015f\u00f6yle ki; beyin kendisine tahmil edilen huzursuzluk ve ac\u0131lara dayanamaz hale gelmi\u015fti. \u015e\u00f6yle diyordu: &#8220;Pes ediyorum, e\u011fer burada b\u00fct\u00fcn\u00fcn korunmas\u0131b\u0131 birazc\u0131k \u00f6nemseyen biri varsa, benim y\u00fck\u00fcm\u00fcn bir k\u0131sm\u0131n\u0131 \u00fczerine als\u0131n ve b\u00f6ylece bir s\u00fcre daha idare edelim.&#8221; B\u00f6ylece akci\u011fer bu g\u00f6reve talip oldu, bunu yapmakla \u00e7ok \u015fey kaybetmeyeeckti herhalde. Beyin ve akci\u011fer aras\u0131nda benim bilgim d\u0131\u015f\u0131nda yap\u0131lan bu pazarl\u0131klar m\u00fcthi\u015f ge\u00e7mi\u015f olmal\u0131.<\/p>\n<p style=\"text-align: justify;\"><strong>***<\/strong><br \/>Sevgili Milena Merak ediyorum seni Milena. Kalem tuttu\u011fun elini, sa\u00e7lar\u0131n\u0131 ve ruhunun s\u00fcrekli a\u011flad\u0131\u011f\u0131n\u0131 yans\u0131tan g\u00f6zlerini. So\u011fuk bir \u00fcrperti geliyor Milena, \u00fc\u015f\u00fcyorum senin ad\u0131n\u0131 her and\u0131\u011f\u0131mda. K\u00fcf\u00fcrbaz Kafka burada olsayd\u0131 herhalde k\u00fcfrederdi bana. Ama ne yapay\u0131m Milena sana olan a\u015fk\u0131m\u2026<\/p>\n<p>Milena, Havva\u2019n\u0131n elmay\u0131 a\u011fa\u00e7tan koparmas\u0131 gibi bir \u015fey. (G\u00fcnah say\u0131lan bu olay\u0131, kimsenin anlamayaca\u011f\u0131 gibi anl\u0131yorum kimi g\u00fcnler..) Havva elmay\u0131 yemek i\u00e7in koparm\u0131\u015f da olabilir, ho\u015funa gitti\u011fi be\u011fendi\u011fi i\u00e7in koparm\u0131\u015ft\u0131r- belki de. \u00c2dem\u2019e g\u00f6sterebilmek i\u00e7in yaln\u0131z. Koparmak \u00f6nemli de\u011fildi anla\u015f\u0131lan, ama elmay\u0131 di\u015flemek sonucu do\u011furmu\u015f oldu., Elmayla oynamak sonucu do\u011fru olmayabilir, ama yasakta edilmemi\u015fti ki.<\/p>\n<p>Hain olarak d\u00fc\u015f\u00fcnebilirler beni fakat ben seni yazd\u0131klar\u0131n i\u00e7in de sevdim \u2013her ne kadar onlar\u0131 a\u015fk\u0131na s\u00f6z ge\u00e7iremeyen Franz\u2019a yazd\u0131ysan da\u2013 ama sen ba\u015fkayd\u0131n Milena hasta bir adam\u0131 sevecek kadar hastayd\u0131n. Beni belki o kadar sevmedin hatta hi\u00e7 sevmemi\u015f de olabilirsin ama kendimi frenlemeye yeltenemiyorum. Deli mi oldum bende bilmiyorum. Kafam hi\u00e7 yerinde de\u011fil. Yaln\u0131z g\u00f6z kapaklar\u0131m\u0131 hareket ettirebiliyorum. Sevgilim art\u0131k g\u00f6zlerim bile \u0131\u015f\u0131ldam\u0131yor. Art\u0131k ne yapaca\u011f\u0131m\u0131 da bilmiyorum. D\u00fcn \u00f6\u011fle \u00fczeri avludan gelen ku\u015f seslerinin her tarafa da\u011f\u0131ld\u0131\u011f\u0131 \u015fahit oldum. \u0130lk \u00f6nce avludan gelen ku\u015f sesleri beynimim i\u00e7ine girmeye \u00e7abalad\u0131lar. Bir bulut gibi topland\u0131lar, ac\u0131 \u00e7\u0131\u011fl\u0131klar\u0131yla sana olan a\u015fk\u0131m\u0131 k\u00f6reltmeye \u00e7al\u0131\u015ft\u0131lar. Kendime geldi\u011fimde bedenimdeki titreme beni \u00f6yle bir hale getirdi ki.. Ama y\u0131lmad\u0131n sana olan sevgimi sorgulamad\u0131m asla. B\u00fct\u00fcn gece yank\u0131 yapan sese kulak vermemeye \u00e7al\u0131\u015ft\u0131m. Seni d\u00fc\u015f\u00fcnd\u00fcm.<\/p>\n<p>K\u00f6t\u00fcy\u00fcm Milena, bilmedi\u011fin kadar k\u00f6t\u00fc.. Onun i\u00e7in ba\u011f\u0131r\u0131yorum ya! Meleklerin sesi sand\u0131\u011f\u0131m\u0131z, cehennemin dibindekilerin t\u00fcrk\u00fcs\u00fcd\u00fcr.<\/p>\n<p style=\"text-align: justify;\"><strong>***<\/strong><\/p>\n<p style=\"text-align: justify;\">Milena, Milena, Milena&#8230;.Ad\u0131ndan ba\u015fka \u015fey yazam\u0131yorum. Yazmal\u0131y\u0131m ama! Bug\u00fcn \u015fa\u015fk\u0131n\u0131m, yorgun ve sensizim Milena. (Yar\u0131n da yan\u0131mda olmayacaks\u0131n.) Nas\u0131l bitik olmayay\u0131m? Hastay\u0131m diye alt\u0131 ay dinlen, g\u00fcnlerini ho\u015f ge\u00e7ir diyorlar bana&#8230;.Oysa bu s\u00fcre i\u00e7inde yaln\u0131z d\u00f6rt g\u00fcn ba\u011f\u0131\u015flan\u0131yor!<\/p>\n<p>Bu d\u00f6rt g\u00fcn\u00fcn sal\u0131 ve pazar\u0131ndan yaln\u0131z bir par\u00e7a, sabahlarla ak\u015famlar da yok ediliyor \u00fcstelik! Tam bir esenli\u011fe kavu\u015fmad\u0131msa su\u00e7 bende mi, Milena!? (sol kula\u011f\u0131na f\u0131s\u0131ld\u0131yorum bunlar\u0131&#8230;G\u00fczel bir yorgunluktan sonra derin bir uykuya dalm\u0131\u015fs\u0131n&#8230;Yoksul bir yataktay\u0131z, sa\u011fdan sola d\u00f6n\u00fcyorsun a\u011f\u0131r a\u011f\u0131r, dudaklar\u0131mdan yana&#8230;)<\/p>\n<p>Yolculu\u011fum nas\u0131l m\u0131 ge\u00e7ti? Anlatay\u0131m: \u0130stasyonda gazete bulamay\u0131nca soka\u011fa f\u0131rlad\u0131m, sevindim buna da, ama yoktun sen, gitmi\u015ftin. \u0130yi, dedim, b\u00f6yle olmas\u0131 gerekirdi. Sonra gene trene d\u00f6nd\u00fcm, d\u00fcz\u00fcld\u00fck yola, gazeteyi okumaya ba\u015flad\u0131m. Nas\u0131l olmas\u0131 gerekirse, \u00f6yleydi her \u015fey&#8230;<\/p>\n<p>Biraz sonra vazge\u00e7tim okumaktan, sen yoktun art\u0131k yan\u0131mda&#8230;yan\u0131mdayd\u0131n elbet, bunu b\u00fct\u00fcn benli\u011fimle duyuyordum, ama birlikte ge\u00e7irdi\u011fimiz o d\u00f6rt g\u00fcn\u00fcn yak\u0131nl\u0131\u011f\u0131na benzemiyordu bu&#8230;Al\u0131\u015fmal\u0131yd\u0131m bu \u00e7e\u015fidine. Gene okumaya ba\u015flad\u0131m: Bahr&#8217;\u0131n g\u00fcnl\u00fc\u011f\u00fcn\u00fc okuyordum gazetede; Grein&#8217;deki bir yeri anlat\u0131yordu. Bitirdi\u011fimde yaz\u0131y\u0131, d\u0131\u015far\u0131 bakt\u0131m, ters y\u00f6ne giden bir vagonun \u00fcst\u00fcnde &#8220;Grein&#8221; yaz\u0131l\u0131yd\u0131!<\/p>\n<p>Kar\u015f\u0131mda oturan biri &#8220;Narodni Listy&#8221;nin ge\u00e7en pazarki say\u0131s\u0131n\u0131 okuyordu. Ruzena Jesenska&#8217;n\u0131n bir yaz\u0131s\u0131 ili\u015fince g\u00f6z\u00fcme, istedim gazeteyi adamdan; bir g\u00f6z att\u0131m, b\u0131rakt\u0131m sonra; beni u\u011furlarken g\u00f6rd\u00fc\u011f\u00fcm y\u00fcz\u00fcn\u00fc an\u0131msad\u0131m da o y\u00fczle oturdum ben de .<\/p>\n<p>Unutamayaca\u011f\u0131m bir do\u011fa olay\u0131yd\u0131 y\u00fcz\u00fcn istasyonda Milena: Bulutlardan de\u011fil, kendili\u011finden g\u00f6lgelenen bir g\u00fcne\u015ftin sanki.<\/p>\n<p>Ne s\u00f6yleyeyim daha? Kafam ve ellerim dinlemiyor beni.<\/p>\n<p><strong>***<\/strong><\/p>\n<p>&#8220;Art\u0131k g\u00f6zlerine bak\u0131nca eskisi gibi avunam\u0131yorum. G\u00fcne\u015fe dayanam\u0131yorum art\u0131k Milena geri d\u00f6nmeliyim, geri d\u00f6nmeliyim. Yolunu kaybetmi\u015f bir hayvan gibi g\u00fcc\u00fcm\u00fcn yetti\u011fince ka\u00e7\u0131yorum. Ama onu da gitti\u011fim yere g\u00f6t\u00fcrebilir miyim diye d\u00fc\u015f\u00fcnerek ka\u00e7\u0131yorum. O belki gitti\u011fim karanl\u0131klar\u0131 ayd\u0131nl\u0131\u011fa \u00e7evirebilir&#8230;<\/p>\n<p>Neler oldu\u011funu sen de benim gibi bir t\u00fcrl\u00fc tam anlam\u0131yorsun. B\u00fcy\u00fck bir co\u015fku ile kar\u015f\u0131la\u015f\u0131nca delirecek kadar \u00fcrperiyorum. Bir \u015fey istiyorum, g\u00fcr\u00fclt\u00fcden, kalabal\u0131ktan uzak karanl\u0131\u011f\u0131mda kendi ba\u015f\u0131ma kalmak. Bir yerlere gizlenmek istiyorum bu iste\u011fim ard\u0131ndan gitmek istiyorum..<\/p>\n<p>Bendeki bu co\u015fku bir yanarda\u011f\u0131n patlamas\u0131 gibi oldu\u011fundan elbet dinecek bir g\u00fcn. Ama bu co\u015fkuyu olu\u015fturan g\u00fc\u00e7leri i\u00e7imde ta\u015f\u0131d\u0131\u011f\u0131m\u0131 bilmek \u00e7ok korkutuyor beni. Zaten ya\u015fam\u0131m korkulara ba\u011fl\u0131 beni vareden bu korkular onlar yok olursa ben de yok olurum. Benim b\u00f6yle oldu\u011fumu sen de biliyorsun, hatta b\u00f6yle olmasayd\u0131m benimle bu kadar ilgilenir miydin? Patlamalar \u015fu an bitmek \u00fczere asl\u0131nda mutlu olmam gerekiyor ama bunlar\u0131n her zaman olaca\u011f\u0131n\u0131 bilmek korkutuyor beni..<\/p>\n<p>G\u00f6z\u00fcm a\u00e7\u0131ld\u0131 art\u0131k Milena, ama \u201cbeni b\u0131rakma\u201d diyen yakar\u0131\u015fmalar\u0131m\u0131 d\u00fc\u015f\u00fcn\u00fcp de ac\u0131 \u00e7ekmene gerek yok. Bu konuda senin ate\u015fin hala b\u00fct\u00fcn g\u00fcc\u00fc ile ayd\u0131nlatmakta y\u00fcre\u011fimi. O y\u00fczden d\u00fc\u015f\u00fcncelerimde de\u011fi\u015fen bir \u015fey yok. Ancak bu durumun ne senin i\u00e7in ne benim i\u00e7in k\u00f6t\u00fc bir durum. \u00c7\u00fcnk\u00fc s\u00f6ylenmesi gereken en k\u00fc\u00e7\u00fck do\u011fru s\u00f6z ilk s\u00f6ylendi\u011finde beni y\u0131kmaya tepetaklak yuvarlamaya yeterlidir&#8230;&#8221;<\/p>\n<p><strong>***<\/strong><\/p>\n<p>&#8220;Anlad\u0131\u011f\u0131m kadar\u0131 ile Milena ikimiz de \u00e7ok \u00e7ekingen ve \u00fcrkek ki\u015fileriz. Birbirimize g\u00f6nderdi\u011fimiz mektuplar o kadar \u00e7ekingen o kadar korku dolu ki. Cevaplar dersen onlar ayr\u0131 bir korku kayna\u011f\u0131 ikimize de do\u011fu\u015ftan gelmemi\u015f bu \u00f6zellikler ama ben de huy edinmi\u015f art\u0131k.<\/p>\n<p>Bir odaday\u0131z Milena. Birbirine bakan iki kap\u0131n\u0131n ard\u0131nday\u0131z ama ayr\u0131 ayr\u0131. Biri a\u00e7acak olsa di\u011feri hemen \u00fcrk\u00fcp kap\u0131yor kap\u0131y\u0131. Halbuki bu iki ki\u015fi \u00fcrkeklik olarak bu kadar benzemeseler, biri di\u011ferine hi\u00e7 ald\u0131r\u0131\u015f etmese a\u00e7sa kap\u0131y\u0131 \u00e7\u0131ksa d\u0131\u015far\u0131 oday\u0131 d\u00fczenlese. Ama hay\u0131r o da en az di\u011feri kadar \u00fcrk\u00fcyor ve saklan\u0131yor kap\u0131s\u0131n\u0131n ard\u0131na ve o g\u00fczelim oda bombo\u015f kal\u0131yor ortada.<\/p>\n<p style=\"text-align: justify;\">Ve bu y\u00fczden hep ikimizi \u00fczen yanl\u0131\u015f anlamalar oluyor. Asl\u0131nda senin anlamad\u0131\u011f\u0131n\u0131 s\u00f6yledi\u011fin o mektuplar sana en yak\u0131n oldu\u011fum zamanlar yazm\u0131\u015f olduklar\u0131m oluyor.<\/p>\n<p>Yery\u00fcz\u00fcndeki 38 y\u0131ll\u0131k yolculu\u011fumdan sonra bir d\u00f6neme\u00e7te sana rastl\u0131yorum ve bu ge\u00e7 gelen hi\u00e7 beklemedi\u011fim kar\u015f\u0131la\u015fma sonras\u0131nda ne yapaca\u011f\u0131m\u0131 bilmez \u015fa\u015f\u0131r\u0131p kal\u0131yorum. \u0130\u00e7imde f\u0131rt\u0131nalar kopam\u0131yor, ba\u011f\u0131ram\u0131yorum, \u00e7\u0131lg\u0131nl\u0131klar yapam\u0131yorum bu y\u00fczden&#8221;<\/p>\n<p><strong>***<\/strong><\/p>\n<p>&#8220;Kapana s\u0131k\u0131\u015fm\u0131\u015f\u0131m gibi bir hisle yatakta yat\u0131yordum b\u00fct\u00fcn g\u00fcn. Durmadan seni kendimden uzakla\u015ft\u0131racak bir \u015feyler aray\u0131p durdum. Kendi kendime k\u0131zd\u0131m devaml\u0131&#8230;<\/p>\n<p>\u00c7\u0131lg\u0131nca bir korkunun tutsa\u011f\u0131y\u0131m Milena. Anl\u0131yor musun korkuyorum? Bu koca satran\u00e7 oyununda yerim yok benim zaten. \u0130lgimi \u00e7ekmiyor, ben b\u00fct\u00fcn dikkatimi krali\u00e7eye vermi\u015fim. G\u00f6zlerim yaln\u0131z onu g\u00f6r\u00fcyor. \u015eah\u0131n yerinde olmak i\u00e7in b\u00fct\u00fcn u\u011fra\u015fmalar\u0131m. Bunlar\u0131n ger\u00e7ekten olmas\u0131n\u0131 istiyorsam art\u0131k ba\u015fka t\u00fcrl\u00fc davranmam gerekti\u011fini de biliyorum. Bu y\u00fczden Viyana\u2019da kalma art\u0131k demem senden daha \u00e7ok benimle ilgili, hele \u015fu an s\u00f6ylediklerim isteklerin en masumu en ar\u0131nm\u0131\u015f\u0131 belki de. Mutlulu\u011fun ta kendisi o&#8230;<\/p>\n<p style=\"text-align: justify;\">Mektuplar\u0131n\u0131 t\u00fcylerini kabart\u0131p tetikte bekleyen bir kedinin dikkati ile okuyorum..&#8221;<\/p>\n","protected":false},"excerpt":{"rendered":"<p>D\u00fcr\u00fcst bir insan\u0131m Milena. Esaretin izin verdi\u011fi kadar d\u00fcr\u00fcst. Bir \u015feklimle herkese benzemeyen farkl\u0131 bir y\u00f6n var bende. Huzur i\u00e7inde bir dakika bile \u00e7ok g\u00f6r\u00fclm\u00fc\u015ft\u00fcr bana. Her \u015feyi sava\u015farak kazanmak mecburiyetindeyim. Sadece gelece\u011fimi de\u011fil ge\u00e7mi\u015fimi de kendim yaratmak zorunday\u0131m. D\u00fcnya sa\u011fa d\u00f6n\u00fcyorsa bu ritme uymak i\u00e7in benim sola d\u00f6nmem gerekiyor. Palto giymeye \u00fc\u015fenirken bu koca [&hellip;]<\/p>\n","protected":false},"author":1,"featured_media":0,"comment_status":"open","ping_status":"open","sticky":false,"template":"","format":"standard","meta":{"footnotes":""},"categories":[138],"tags":[],"class_list":{"0":"post-6898","1":"post","2":"type-post","3":"status-publish","4":"format-standard","6":"category-edebiyat-dunya"},"yoast_head":"<!-- This site is optimized with the Yoast SEO Premium plugin v24.9 (Yoast SEO v24.9) - https:\/\/yoast.com\/wordpress\/plugins\/seo\/ -->\n<title>Milena&#039;ya Mektuplar | Franz Kafka - narteks.net<\/title>\n<meta name=\"robots\" content=\"index, follow, max-snippet:-1, max-image-preview:large, max-video-preview:-1\" \/>\n<link rel=\"canonical\" href=\"https:\/\/narteks.net\/index.php\/2012\/08\/30\/milenaya-mektuplar-franz-kafka\/\" \/>\n<meta property=\"og:locale\" content=\"tr_TR\" \/>\n<meta property=\"og:type\" content=\"article\" \/>\n<meta property=\"og:title\" content=\"Milena&#039;ya Mektuplar | Franz Kafka\" \/>\n<meta property=\"og:description\" content=\"D\u00fcr\u00fcst bir insan\u0131m Milena. Esaretin izin verdi\u011fi kadar d\u00fcr\u00fcst. Bir \u015feklimle herkese benzemeyen farkl\u0131 bir y\u00f6n var bende. Huzur i\u00e7inde bir dakika bile \u00e7ok g\u00f6r\u00fclm\u00fc\u015ft\u00fcr bana. Her \u015feyi sava\u015farak kazanmak mecburiyetindeyim. Sadece gelece\u011fimi de\u011fil ge\u00e7mi\u015fimi de kendim yaratmak zorunday\u0131m. D\u00fcnya sa\u011fa d\u00f6n\u00fcyorsa bu ritme uymak i\u00e7in benim sola d\u00f6nmem gerekiyor. Palto giymeye \u00fc\u015fenirken bu koca [&hellip;]\" \/>\n<meta property=\"og:url\" content=\"https:\/\/narteks.net\/index.php\/2012\/08\/30\/milenaya-mektuplar-franz-kafka\/\" \/>\n<meta property=\"og:site_name\" content=\"narteks.net\" \/>\n<meta property=\"article:published_time\" content=\"2012-08-30T09:39:14+00:00\" \/>\n<meta property=\"og:image\" content=\"https:\/\/narteks.net\/wp-content\/uploads\/narteks.png\" \/>\n\t<meta property=\"og:image:width\" content=\"300\" \/>\n\t<meta property=\"og:image:height\" content=\"90\" \/>\n\t<meta property=\"og:image:type\" content=\"image\/png\" \/>\n<meta name=\"author\" content=\"Tar\u0131k\" \/>\n<meta name=\"twitter:card\" content=\"summary_large_image\" \/>\n<meta name=\"twitter:creator\" content=\"@narteks\" \/>\n<meta name=\"twitter:site\" content=\"@narteks\" \/>\n<meta name=\"twitter:label1\" content=\"Yazan:\" \/>\n\t<meta name=\"twitter:data1\" content=\"Tar\u0131k\" \/>\n\t<meta name=\"twitter:label2\" content=\"Tahmini okuma s\u00fcresi\" \/>\n\t<meta name=\"twitter:data2\" content=\"9 dakika\" \/>\n<script type=\"application\/ld+json\" class=\"yoast-schema-graph\">{\"@context\":\"https:\/\/schema.org\",\"@graph\":[{\"@type\":\"Article\",\"@id\":\"https:\/\/narteks.net\/index.php\/2012\/08\/30\/milenaya-mektuplar-franz-kafka\/#article\",\"isPartOf\":{\"@id\":\"https:\/\/narteks.net\/index.php\/2012\/08\/30\/milenaya-mektuplar-franz-kafka\/\"},\"author\":{\"name\":\"Tar\u0131k\",\"@id\":\"https:\/\/narteks.net\/#\/schema\/person\/61f37d9834294b72d31d274e7ed79bca\"},\"headline\":\"Milena&#8217;ya Mektuplar | Franz Kafka\",\"datePublished\":\"2012-08-30T09:39:14+00:00\",\"mainEntityOfPage\":{\"@id\":\"https:\/\/narteks.net\/index.php\/2012\/08\/30\/milenaya-mektuplar-franz-kafka\/\"},\"wordCount\":1838,\"commentCount\":0,\"publisher\":{\"@id\":\"https:\/\/narteks.net\/#organization\"},\"articleSection\":[\"Edebiyat ( D\u00fcnya )\"],\"inLanguage\":\"tr\",\"potentialAction\":[{\"@type\":\"CommentAction\",\"name\":\"Comment\",\"target\":[\"https:\/\/narteks.net\/index.php\/2012\/08\/30\/milenaya-mektuplar-franz-kafka\/#respond\"]}]},{\"@type\":\"WebPage\",\"@id\":\"https:\/\/narteks.net\/index.php\/2012\/08\/30\/milenaya-mektuplar-franz-kafka\/\",\"url\":\"https:\/\/narteks.net\/index.php\/2012\/08\/30\/milenaya-mektuplar-franz-kafka\/\",\"name\":\"Milena'ya Mektuplar | Franz Kafka - narteks.net\",\"isPartOf\":{\"@id\":\"https:\/\/narteks.net\/#website\"},\"datePublished\":\"2012-08-30T09:39:14+00:00\",\"breadcrumb\":{\"@id\":\"https:\/\/narteks.net\/index.php\/2012\/08\/30\/milenaya-mektuplar-franz-kafka\/#breadcrumb\"},\"inLanguage\":\"tr\",\"potentialAction\":[{\"@type\":\"ReadAction\",\"target\":[\"https:\/\/narteks.net\/index.php\/2012\/08\/30\/milenaya-mektuplar-franz-kafka\/\"]}]},{\"@type\":\"BreadcrumbList\",\"@id\":\"https:\/\/narteks.net\/index.php\/2012\/08\/30\/milenaya-mektuplar-franz-kafka\/#breadcrumb\",\"itemListElement\":[{\"@type\":\"ListItem\",\"position\":1,\"name\":\"Anasayfa\",\"item\":\"https:\/\/narteks.net\/\"},{\"@type\":\"ListItem\",\"position\":2,\"name\":\"Milena&#8217;ya Mektuplar | Franz Kafka\"}]},{\"@type\":\"WebSite\",\"@id\":\"https:\/\/narteks.net\/#website\",\"url\":\"https:\/\/narteks.net\/\",\"name\":\"narteks.net\",\"description\":\"K\u00fclt\u00fcr Sanat Edebiyat Felsefe\",\"publisher\":{\"@id\":\"https:\/\/narteks.net\/#organization\"},\"alternateName\":\"K\u00fclt\u00fcr Sanat Edebiyat Felsefe\",\"potentialAction\":[{\"@type\":\"SearchAction\",\"target\":{\"@type\":\"EntryPoint\",\"urlTemplate\":\"https:\/\/narteks.net\/?s={search_term_string}\"},\"query-input\":{\"@type\":\"PropertyValueSpecification\",\"valueRequired\":true,\"valueName\":\"search_term_string\"}}],\"inLanguage\":\"tr\"},{\"@type\":\"Organization\",\"@id\":\"https:\/\/narteks.net\/#organization\",\"name\":\"narteks.net\",\"url\":\"https:\/\/narteks.net\/\",\"logo\":{\"@type\":\"ImageObject\",\"inLanguage\":\"tr\",\"@id\":\"https:\/\/narteks.net\/#\/schema\/logo\/image\/\",\"url\":\"https:\/\/narteks.net\/wp-content\/uploads\/narteks.png\",\"contentUrl\":\"https:\/\/narteks.net\/wp-content\/uploads\/narteks.png\",\"width\":300,\"height\":90,\"caption\":\"narteks.net\"},\"image\":{\"@id\":\"https:\/\/narteks.net\/#\/schema\/logo\/image\/\"},\"sameAs\":[\"https:\/\/x.com\/narteks\",\"https:\/\/instagram.com\/narteksnet\"]},{\"@type\":\"Person\",\"@id\":\"https:\/\/narteks.net\/#\/schema\/person\/61f37d9834294b72d31d274e7ed79bca\",\"name\":\"Tar\u0131k\",\"image\":{\"@type\":\"ImageObject\",\"inLanguage\":\"tr\",\"@id\":\"https:\/\/narteks.net\/#\/schema\/person\/image\/\",\"url\":\"https:\/\/secure.gravatar.com\/avatar\/50865afb55632c4ae467e0af0930f6510aa2297d8014be502a55b14f3b7550cf?s=96&d=mm&r=g\",\"contentUrl\":\"https:\/\/secure.gravatar.com\/avatar\/50865afb55632c4ae467e0af0930f6510aa2297d8014be502a55b14f3b7550cf?s=96&d=mm&r=g\",\"caption\":\"Tar\u0131k\"},\"sameAs\":[\"http:\/\/narteks.net\"],\"url\":\"https:\/\/narteks.net\/index.php\/author\/narbak\/\"}]}<\/script>\n<!-- \/ Yoast SEO Premium plugin. -->","yoast_head_json":{"title":"Milena'ya Mektuplar | Franz Kafka - narteks.net","robots":{"index":"index","follow":"follow","max-snippet":"max-snippet:-1","max-image-preview":"max-image-preview:large","max-video-preview":"max-video-preview:-1"},"canonical":"https:\/\/narteks.net\/index.php\/2012\/08\/30\/milenaya-mektuplar-franz-kafka\/","og_locale":"tr_TR","og_type":"article","og_title":"Milena'ya Mektuplar | Franz Kafka","og_description":"D\u00fcr\u00fcst bir insan\u0131m Milena. Esaretin izin verdi\u011fi kadar d\u00fcr\u00fcst. Bir \u015feklimle herkese benzemeyen farkl\u0131 bir y\u00f6n var bende. Huzur i\u00e7inde bir dakika bile \u00e7ok g\u00f6r\u00fclm\u00fc\u015ft\u00fcr bana. Her \u015feyi sava\u015farak kazanmak mecburiyetindeyim. Sadece gelece\u011fimi de\u011fil ge\u00e7mi\u015fimi de kendim yaratmak zorunday\u0131m. D\u00fcnya sa\u011fa d\u00f6n\u00fcyorsa bu ritme uymak i\u00e7in benim sola d\u00f6nmem gerekiyor. Palto giymeye \u00fc\u015fenirken bu koca [&hellip;]","og_url":"https:\/\/narteks.net\/index.php\/2012\/08\/30\/milenaya-mektuplar-franz-kafka\/","og_site_name":"narteks.net","article_published_time":"2012-08-30T09:39:14+00:00","og_image":[{"width":300,"height":90,"url":"https:\/\/narteks.net\/wp-content\/uploads\/narteks.png","type":"image\/png"}],"author":"Tar\u0131k","twitter_card":"summary_large_image","twitter_creator":"@narteks","twitter_site":"@narteks","twitter_misc":{"Yazan:":"Tar\u0131k","Tahmini okuma s\u00fcresi":"9 dakika"},"schema":{"@context":"https:\/\/schema.org","@graph":[{"@type":"Article","@id":"https:\/\/narteks.net\/index.php\/2012\/08\/30\/milenaya-mektuplar-franz-kafka\/#article","isPartOf":{"@id":"https:\/\/narteks.net\/index.php\/2012\/08\/30\/milenaya-mektuplar-franz-kafka\/"},"author":{"name":"Tar\u0131k","@id":"https:\/\/narteks.net\/#\/schema\/person\/61f37d9834294b72d31d274e7ed79bca"},"headline":"Milena&#8217;ya Mektuplar | Franz Kafka","datePublished":"2012-08-30T09:39:14+00:00","mainEntityOfPage":{"@id":"https:\/\/narteks.net\/index.php\/2012\/08\/30\/milenaya-mektuplar-franz-kafka\/"},"wordCount":1838,"commentCount":0,"publisher":{"@id":"https:\/\/narteks.net\/#organization"},"articleSection":["Edebiyat ( D\u00fcnya )"],"inLanguage":"tr","potentialAction":[{"@type":"CommentAction","name":"Comment","target":["https:\/\/narteks.net\/index.php\/2012\/08\/30\/milenaya-mektuplar-franz-kafka\/#respond"]}]},{"@type":"WebPage","@id":"https:\/\/narteks.net\/index.php\/2012\/08\/30\/milenaya-mektuplar-franz-kafka\/","url":"https:\/\/narteks.net\/index.php\/2012\/08\/30\/milenaya-mektuplar-franz-kafka\/","name":"Milena'ya Mektuplar | Franz Kafka - narteks.net","isPartOf":{"@id":"https:\/\/narteks.net\/#website"},"datePublished":"2012-08-30T09:39:14+00:00","breadcrumb":{"@id":"https:\/\/narteks.net\/index.php\/2012\/08\/30\/milenaya-mektuplar-franz-kafka\/#breadcrumb"},"inLanguage":"tr","potentialAction":[{"@type":"ReadAction","target":["https:\/\/narteks.net\/index.php\/2012\/08\/30\/milenaya-mektuplar-franz-kafka\/"]}]},{"@type":"BreadcrumbList","@id":"https:\/\/narteks.net\/index.php\/2012\/08\/30\/milenaya-mektuplar-franz-kafka\/#breadcrumb","itemListElement":[{"@type":"ListItem","position":1,"name":"Anasayfa","item":"https:\/\/narteks.net\/"},{"@type":"ListItem","position":2,"name":"Milena&#8217;ya Mektuplar | Franz Kafka"}]},{"@type":"WebSite","@id":"https:\/\/narteks.net\/#website","url":"https:\/\/narteks.net\/","name":"narteks.net","description":"K\u00fclt\u00fcr Sanat Edebiyat Felsefe","publisher":{"@id":"https:\/\/narteks.net\/#organization"},"alternateName":"K\u00fclt\u00fcr Sanat Edebiyat Felsefe","potentialAction":[{"@type":"SearchAction","target":{"@type":"EntryPoint","urlTemplate":"https:\/\/narteks.net\/?s={search_term_string}"},"query-input":{"@type":"PropertyValueSpecification","valueRequired":true,"valueName":"search_term_string"}}],"inLanguage":"tr"},{"@type":"Organization","@id":"https:\/\/narteks.net\/#organization","name":"narteks.net","url":"https:\/\/narteks.net\/","logo":{"@type":"ImageObject","inLanguage":"tr","@id":"https:\/\/narteks.net\/#\/schema\/logo\/image\/","url":"https:\/\/narteks.net\/wp-content\/uploads\/narteks.png","contentUrl":"https:\/\/narteks.net\/wp-content\/uploads\/narteks.png","width":300,"height":90,"caption":"narteks.net"},"image":{"@id":"https:\/\/narteks.net\/#\/schema\/logo\/image\/"},"sameAs":["https:\/\/x.com\/narteks","https:\/\/instagram.com\/narteksnet"]},{"@type":"Person","@id":"https:\/\/narteks.net\/#\/schema\/person\/61f37d9834294b72d31d274e7ed79bca","name":"Tar\u0131k","image":{"@type":"ImageObject","inLanguage":"tr","@id":"https:\/\/narteks.net\/#\/schema\/person\/image\/","url":"https:\/\/secure.gravatar.com\/avatar\/50865afb55632c4ae467e0af0930f6510aa2297d8014be502a55b14f3b7550cf?s=96&d=mm&r=g","contentUrl":"https:\/\/secure.gravatar.com\/avatar\/50865afb55632c4ae467e0af0930f6510aa2297d8014be502a55b14f3b7550cf?s=96&d=mm&r=g","caption":"Tar\u0131k"},"sameAs":["http:\/\/narteks.net"],"url":"https:\/\/narteks.net\/index.php\/author\/narbak\/"}]}},"_links":{"self":[{"href":"https:\/\/narteks.net\/index.php\/wp-json\/wp\/v2\/posts\/6898","targetHints":{"allow":["GET"]}}],"collection":[{"href":"https:\/\/narteks.net\/index.php\/wp-json\/wp\/v2\/posts"}],"about":[{"href":"https:\/\/narteks.net\/index.php\/wp-json\/wp\/v2\/types\/post"}],"author":[{"embeddable":true,"href":"https:\/\/narteks.net\/index.php\/wp-json\/wp\/v2\/users\/1"}],"replies":[{"embeddable":true,"href":"https:\/\/narteks.net\/index.php\/wp-json\/wp\/v2\/comments?post=6898"}],"version-history":[{"count":0,"href":"https:\/\/narteks.net\/index.php\/wp-json\/wp\/v2\/posts\/6898\/revisions"}],"wp:attachment":[{"href":"https:\/\/narteks.net\/index.php\/wp-json\/wp\/v2\/media?parent=6898"}],"wp:term":[{"taxonomy":"category","embeddable":true,"href":"https:\/\/narteks.net\/index.php\/wp-json\/wp\/v2\/categories?post=6898"},{"taxonomy":"post_tag","embeddable":true,"href":"https:\/\/narteks.net\/index.php\/wp-json\/wp\/v2\/tags?post=6898"}],"curies":[{"name":"wp","href":"https:\/\/api.w.org\/{rel}","templated":true}]}}