{"id":6899,"date":"2012-08-31T20:24:40","date_gmt":"2012-08-31T17:24:40","guid":{"rendered":"http:\/\/localhost\/wordpress\/2012\/08\/31\/gercekten-de-olcusuzce-insafsizca-yoruyorsunuz-beni-charles-baudelaire\/"},"modified":"2012-08-31T20:24:40","modified_gmt":"2012-08-31T17:24:40","slug":"gercekten-de-olcusuzce-insafsizca-yoruyorsunuz-beni-charles-baudelaire","status":"publish","type":"post","link":"https:\/\/narteks.net\/index.php\/2012\/08\/31\/gercekten-de-olcusuzce-insafsizca-yoruyorsunuz-beni-charles-baudelaire\/","title":{"rendered":"Ger\u00e7ekten de \u00f6l\u00e7\u00fcs\u00fczce, insafs\u0131zca yoruyorsunuz beni | Charles Baudelaire"},"content":{"rendered":"<p style=\"text-align: justify;\"><img loading=\"lazy\" decoding=\"async\" src=\"images\/stories\/baudelaire.jpg\" border=\"0\" width=\"155\" height=\"205\" style=\"border: 0px none; float: left;\" \/>Ger\u00e7ekten de \u00f6l\u00e7\u00fcs\u00fczce, insafs\u0131zca yoruyorsunuz beni, can\u0131m; i\u00e7 \u00e7eki\u015finizi duyanlar, altm\u0131\u015fl\u0131k ba\u015fak\u00e7\u0131 kad\u0131nlardan, meyhane kap\u0131lar\u0131nda ekmek k\u0131r\u0131nt\u0131lar\u0131 toplayan kocam\u0131\u015f di\u00adlenci kad\u0131nlardan da fazla ac\u0131 \u00e7ekiyorsunuz sanacaklar.<br \/>\u00a0<br \/>&#8220;\u0130\u00e7 \u00e7eki\u015fleriniz hi\u00e7 de\u011filse pi\u015fmanl\u0131\u011f\u0131 belirtselerdi, birazc\u0131k onurland\u0131r\u0131rlard\u0131 sizi; ama ancak huzur doygunlu\u011funu, dinleni\u015f bezginli\u011fini koyuyorlar ortaya. Hem sonra ya\u00adrars\u0131z lak\u0131rd\u0131lar s\u0131ralamaktan da hi\u00e7 b\u0131km\u0131yorsunuz: &#8220;\u00c7ok sevin beni! o kadar muhtac\u0131m ki! Beni \u015f\u00f6yle avutun, beni b\u00f6yle ok\u015fay\u0131n!&#8221; Bak\u0131n, sizi iyile\u015ftirmeye \u00e7al\u0131\u015faca\u011f\u0131m; belki de bir \u015fenlikte, iki kuru\u015f kar\u015f\u0131l\u0131\u011f\u0131nda, \u00e7ok da uzaklara git\u00admeden buluruz bunun yolunu.<br \/>\u00a0<br \/>&#8220;Ne olur, ard\u0131nda bir cehennemlik gibi uluyarak s\u00fcrg\u00fcnl\u00fck y\u00fcz\u00fcnden \u00e7ileden \u00e7\u0131km\u0131\u015f bir orangutan gibi demir \u00e7ubuklar\u0131 sarsan, bazen bir kaplan\u0131n halkams\u0131 s\u0131\u00e7ray\u0131\u015flar\u0131\u00adna, bazen ak ay\u0131n\u0131n budalaca sal\u0131nmalar\u0131na kusursuzca \u00f6y\u00adk\u00fcnen, bi\u00e7imi de olduk\u00e7a belirsiz olsa bile sizinkini and\u0131ran canavar\u0131n \u00e7abalad\u0131\u011f\u0131 \u015fu sa\u011flam kafese iyice bakal\u0131m.<br \/>\u00a0<br \/>&#8220;Bu canavar, genellikle &#8220;mele\u011fim&#8221; dedi\u011fimiz hayvan\u00adlardand\u0131r, yani bir kad\u0131nd\u0131r. \u00d6teki canavar, elinde bir so\u00adpayla g\u0131rtla\u011f\u0131n\u0131 y\u0131rtarcas\u0131na ba\u011f\u0131ran da bir koca. Yasal ka\u00adr\u0131s\u0131n\u0131 bir hayvan gibi zincirlemi\u015f, panay\u0131r g\u00fcnlerinde, kenar mahallelerde g\u00f6steriyor, hem de, s\u00f6ylemeye ne hacet, y\u00f6neti\u00adcilerin izniyle.<br \/>\u00a0<br \/>&#8220;\u0130yi dikkat edin! Bak\u0131n, bak\u0131c\u0131s\u0131n\u0131n att\u0131\u011f\u0131 canl\u0131 tav\u015fan\u00adlar\u0131, yaygaralar koparan tavuklar\u0131 nas\u0131l doymazl\u0131kla (belki hi\u00e7 de yapmac\u0131\u011fa ka\u00e7madan) par\u00e7al\u0131yor. &#8220;Yava\u015f gel, her \u015feyi bir g\u00fcnde yememeli,&#8221; diyor bak\u0131c\u0131s\u0131, bu bilge s\u00f6zden sonra da ac\u0131mas\u0131zca al\u0131yor av\u0131 elinden, bo\u015falm\u0131\u015f ba\u011f\u0131rsaklar azg\u0131n hayvan\u0131n, yani kad\u0131n\u0131n di\u015flerine bir an tak\u0131l\u0131 kal\u0131yor.<br \/>\u00a0<br \/>&#8220;Hadi! bir de zorlu sopa vur ki yat\u0131\u015fs\u0131n! \u00f6yle ya, ta\u00admahtan korkun\u00e7la\u015fm\u0131\u015f g\u00f6zlerle bak\u0131yor al\u0131nan yiyece\u011fe. Aman Tanr\u0131m! Sopa da oyun sopas\u0131 de\u011fil \u00f6yle, takma postu\u00adna kar\u015f\u0131n et nas\u0131l \u015faklad\u0131, i\u015fittiniz mi? Bunun i\u00e7in g\u00f6zleri yu\u00advalar\u0131ndan f\u0131rl\u0131yor, bunun i\u00e7in daha do\u011fal uluyor&#8230; Tepeden t\u0131rna\u011fa k\u0131v\u0131lc\u0131m sa\u00e7\u0131yor \u00f6fkeden, d\u00f6v\u00fclen demirler gibi.<br \/>\u00a0<br \/>&#8220;Adem ile Havva&#8217;n\u0131n bu iki torununun, elinizden \u00e7\u0131\u00adkan bu yap\u0131tlar\u0131n evlilik ya\u015fam\u0131 b\u00f6yle ge\u00e7iyor, ey Tanr\u0131m! \u00dcn\u00fcn \u015fan\u0131n g\u0131d\u0131klay\u0131c\u0131 ergilerini bilmez olmasa bile mutsuz bir kad\u0131n, buras\u0131 kesin. Daha \u00e7aresiz, \u00fcstelik bir \u00f6dencesi de bulunmayan dertler vard\u0131r. Ama o, \u015fu d\u00fc\u015ft\u00fc\u011f\u00fc d\u00fcnyada ka\u00add\u0131n\u0131n ba\u015fka t\u00fcrl\u00fc bir yazg\u0131ya da hakk\u0131 oldu\u011funa hi\u00e7bir za\u00adman inanmam\u0131\u015ft\u0131r.<br \/>\u00a0<br \/>&#8220;\u015eimdi biz bizeyiz, sevgili \u00e7\u0131tk\u0131r\u0131ld\u0131m! D\u00fcnyay\u0131 doldu\u00adran cehennemleri g\u00f6rd\u00fckten sonra, sizin, yaln\u0131z teni kadar yumu\u015fak kuma\u015flar \u00fcst\u00fcnde dinlenen, yaln\u0131z pi\u015fmi\u015f et yiyen, uz elli hizmet\u00e7isinin g\u00f6revi de kendisi i\u00e7in par\u00e7alar\u0131 kesmek olan sizin g\u00fczel cehenneminiz \u00fczerinde ne d\u00fc\u015f\u00fcneyim istiyor\u00adsunuz?<br \/>\u00a0<br \/>&#8220;Ho\u015f kokulu g\u00f6\u011fs\u00fcn\u00fcz\u00fc kabartan b\u00fct\u00fcn bu hafif i\u00e7\u00ad \u00e7ekmelerin ne anlam\u0131 olabilir benim i\u00e7in, g\u00fc\u00e7l\u00fc yosma? Ya b\u00fct\u00fcn bu kitaplardan \u00f6\u011frenilmi\u015f yapmac\u0131klar, seyreden de ac\u0131madan \u00e7ok daha ba\u015fka bir duygu uyand\u0131rmak i\u00e7in yara\u00adt\u0131lm\u0131\u015f bu yorulmaz h\u00fcz\u00fcn? Do\u011frusu ya, baz\u0131 baz\u0131 size ger\u00e7ek derdin ne oldu\u011funu \u00f6\u011fretmek geliyor i\u00e7imden.<br \/>\u00a0<br \/>&#8220;G\u00fczel kibar\u0131m, sizi b\u00f6yle ayaklar\u0131 \u00e7amurda, g\u00f6zleri bir kral istercesine, dumanl\u0131 dumanl\u0131 g\u00f6\u011fe d\u00f6n\u00fck g\u00f6r\u00fcnce, \u00fclk\u00fcy\u00fc yard\u0131ma \u00e7a\u011f\u0131ran bir gen\u00e7 kurba\u011fa diyece\u011fi geliyor in\u00adsan\u0131n. Odunu (siz de biliyorsunuz, ben \u015fimdi buyum) k\u00fc\u00ad\u00e7\u00fcmserseniz, sizi k\u0131t\u0131r k\u0131t\u0131r yiyecek, \u00e7i\u011fnemeden yutacak, g\u00f6nl\u00fcnce \u00f6ld\u00fcrecek budaladan sak\u0131n\u0131n.<br \/>\u00a0<br \/>&#8220;Ne kadar ozan olursam olay\u0131m, umdu\u011funuz kadar al\u00addanm\u0131yorum, o yapmac\u0131kl\u0131 a\u011flamalar\u0131n\u0131zla beni fazla yorars\u0131n\u0131z, yaban\u0131l kad\u0131nm\u0131\u015fs\u0131n\u0131z gibi davranaca\u011f\u0131m size, ya da sizi bo\u015f bir \u015fi\u015fe gibi f\u0131rlat\u0131verece\u011fim pencereden.&#8221;<\/p>\n<p>Paris S\u0131k\u0131nt\u0131s\u0131 | Charles Baudelaire<\/p>\n","protected":false},"excerpt":{"rendered":"<p>Ger\u00e7ekten de \u00f6l\u00e7\u00fcs\u00fczce, insafs\u0131zca yoruyorsunuz beni, can\u0131m; i\u00e7 \u00e7eki\u015finizi duyanlar, altm\u0131\u015fl\u0131k ba\u015fak\u00e7\u0131 kad\u0131nlardan, meyhane kap\u0131lar\u0131nda ekmek k\u0131r\u0131nt\u0131lar\u0131 toplayan kocam\u0131\u015f di\u00adlenci kad\u0131nlardan da fazla ac\u0131 \u00e7ekiyorsunuz sanacaklar.\u00a0&#8220;\u0130\u00e7 \u00e7eki\u015fleriniz hi\u00e7 de\u011filse pi\u015fmanl\u0131\u011f\u0131 belirtselerdi, birazc\u0131k onurland\u0131r\u0131rlard\u0131 sizi; ama ancak huzur doygunlu\u011funu, dinleni\u015f bezginli\u011fini koyuyorlar ortaya. Hem sonra ya\u00adrars\u0131z lak\u0131rd\u0131lar s\u0131ralamaktan da hi\u00e7 b\u0131km\u0131yorsunuz: &#8220;\u00c7ok sevin beni! o kadar [&hellip;]<\/p>\n","protected":false},"author":1,"featured_media":0,"comment_status":"open","ping_status":"open","sticky":false,"template":"","format":"standard","meta":{"footnotes":""},"categories":[138],"tags":[],"class_list":{"0":"post-6899","1":"post","2":"type-post","3":"status-publish","4":"format-standard","6":"category-edebiyat-dunya"},"yoast_head":"<!-- This site is optimized with the Yoast SEO Premium plugin v24.9 (Yoast SEO v24.9) - https:\/\/yoast.com\/wordpress\/plugins\/seo\/ -->\n<title>Ger\u00e7ekten de \u00f6l\u00e7\u00fcs\u00fczce, insafs\u0131zca yoruyorsunuz beni | Charles Baudelaire - narteks.net<\/title>\n<meta name=\"robots\" content=\"index, follow, max-snippet:-1, max-image-preview:large, max-video-preview:-1\" \/>\n<link rel=\"canonical\" href=\"https:\/\/narteks.net\/index.php\/2012\/08\/31\/gercekten-de-olcusuzce-insafsizca-yoruyorsunuz-beni-charles-baudelaire\/\" \/>\n<meta property=\"og:locale\" content=\"tr_TR\" \/>\n<meta property=\"og:type\" content=\"article\" \/>\n<meta property=\"og:title\" content=\"Ger\u00e7ekten de \u00f6l\u00e7\u00fcs\u00fczce, insafs\u0131zca yoruyorsunuz beni | Charles Baudelaire\" \/>\n<meta property=\"og:description\" content=\"Ger\u00e7ekten de \u00f6l\u00e7\u00fcs\u00fczce, insafs\u0131zca yoruyorsunuz beni, can\u0131m; i\u00e7 \u00e7eki\u015finizi duyanlar, altm\u0131\u015fl\u0131k ba\u015fak\u00e7\u0131 kad\u0131nlardan, meyhane kap\u0131lar\u0131nda ekmek k\u0131r\u0131nt\u0131lar\u0131 toplayan kocam\u0131\u015f di\u00adlenci kad\u0131nlardan da fazla ac\u0131 \u00e7ekiyorsunuz sanacaklar.\u00a0&#8220;\u0130\u00e7 \u00e7eki\u015fleriniz hi\u00e7 de\u011filse pi\u015fmanl\u0131\u011f\u0131 belirtselerdi, birazc\u0131k onurland\u0131r\u0131rlard\u0131 sizi; ama ancak huzur doygunlu\u011funu, dinleni\u015f bezginli\u011fini koyuyorlar ortaya. Hem sonra ya\u00adrars\u0131z lak\u0131rd\u0131lar s\u0131ralamaktan da hi\u00e7 b\u0131km\u0131yorsunuz: &#8220;\u00c7ok sevin beni! o kadar [&hellip;]\" \/>\n<meta property=\"og:url\" content=\"https:\/\/narteks.net\/index.php\/2012\/08\/31\/gercekten-de-olcusuzce-insafsizca-yoruyorsunuz-beni-charles-baudelaire\/\" \/>\n<meta property=\"og:site_name\" content=\"narteks.net\" \/>\n<meta property=\"article:published_time\" content=\"2012-08-31T17:24:40+00:00\" \/>\n<meta property=\"og:image\" content=\"https:\/\/narteks.net\/wp-content\/uploads\/narteks.png\" \/>\n\t<meta property=\"og:image:width\" content=\"300\" \/>\n\t<meta property=\"og:image:height\" content=\"90\" \/>\n\t<meta property=\"og:image:type\" content=\"image\/png\" \/>\n<meta name=\"author\" content=\"Tar\u0131k\" \/>\n<meta name=\"twitter:card\" content=\"summary_large_image\" \/>\n<meta name=\"twitter:creator\" content=\"@narteks\" \/>\n<meta name=\"twitter:site\" content=\"@narteks\" \/>\n<meta name=\"twitter:label1\" content=\"Yazan:\" \/>\n\t<meta name=\"twitter:data1\" content=\"Tar\u0131k\" \/>\n\t<meta name=\"twitter:label2\" content=\"Tahmini okuma s\u00fcresi\" \/>\n\t<meta name=\"twitter:data2\" content=\"4 dakika\" \/>\n<script type=\"application\/ld+json\" class=\"yoast-schema-graph\">{\"@context\":\"https:\/\/schema.org\",\"@graph\":[{\"@type\":\"Article\",\"@id\":\"https:\/\/narteks.net\/index.php\/2012\/08\/31\/gercekten-de-olcusuzce-insafsizca-yoruyorsunuz-beni-charles-baudelaire\/#article\",\"isPartOf\":{\"@id\":\"https:\/\/narteks.net\/index.php\/2012\/08\/31\/gercekten-de-olcusuzce-insafsizca-yoruyorsunuz-beni-charles-baudelaire\/\"},\"author\":{\"name\":\"Tar\u0131k\",\"@id\":\"https:\/\/narteks.net\/#\/schema\/person\/61f37d9834294b72d31d274e7ed79bca\"},\"headline\":\"Ger\u00e7ekten de \u00f6l\u00e7\u00fcs\u00fczce, insafs\u0131zca yoruyorsunuz beni | Charles Baudelaire\",\"datePublished\":\"2012-08-31T17:24:40+00:00\",\"mainEntityOfPage\":{\"@id\":\"https:\/\/narteks.net\/index.php\/2012\/08\/31\/gercekten-de-olcusuzce-insafsizca-yoruyorsunuz-beni-charles-baudelaire\/\"},\"wordCount\":752,\"commentCount\":0,\"publisher\":{\"@id\":\"https:\/\/narteks.net\/#organization\"},\"articleSection\":[\"Edebiyat ( D\u00fcnya )\"],\"inLanguage\":\"tr\",\"potentialAction\":[{\"@type\":\"CommentAction\",\"name\":\"Comment\",\"target\":[\"https:\/\/narteks.net\/index.php\/2012\/08\/31\/gercekten-de-olcusuzce-insafsizca-yoruyorsunuz-beni-charles-baudelaire\/#respond\"]}]},{\"@type\":\"WebPage\",\"@id\":\"https:\/\/narteks.net\/index.php\/2012\/08\/31\/gercekten-de-olcusuzce-insafsizca-yoruyorsunuz-beni-charles-baudelaire\/\",\"url\":\"https:\/\/narteks.net\/index.php\/2012\/08\/31\/gercekten-de-olcusuzce-insafsizca-yoruyorsunuz-beni-charles-baudelaire\/\",\"name\":\"Ger\u00e7ekten de \u00f6l\u00e7\u00fcs\u00fczce, insafs\u0131zca yoruyorsunuz beni | Charles Baudelaire - narteks.net\",\"isPartOf\":{\"@id\":\"https:\/\/narteks.net\/#website\"},\"datePublished\":\"2012-08-31T17:24:40+00:00\",\"breadcrumb\":{\"@id\":\"https:\/\/narteks.net\/index.php\/2012\/08\/31\/gercekten-de-olcusuzce-insafsizca-yoruyorsunuz-beni-charles-baudelaire\/#breadcrumb\"},\"inLanguage\":\"tr\",\"potentialAction\":[{\"@type\":\"ReadAction\",\"target\":[\"https:\/\/narteks.net\/index.php\/2012\/08\/31\/gercekten-de-olcusuzce-insafsizca-yoruyorsunuz-beni-charles-baudelaire\/\"]}]},{\"@type\":\"BreadcrumbList\",\"@id\":\"https:\/\/narteks.net\/index.php\/2012\/08\/31\/gercekten-de-olcusuzce-insafsizca-yoruyorsunuz-beni-charles-baudelaire\/#breadcrumb\",\"itemListElement\":[{\"@type\":\"ListItem\",\"position\":1,\"name\":\"Anasayfa\",\"item\":\"https:\/\/narteks.net\/\"},{\"@type\":\"ListItem\",\"position\":2,\"name\":\"Ger\u00e7ekten de \u00f6l\u00e7\u00fcs\u00fczce, insafs\u0131zca yoruyorsunuz beni | Charles Baudelaire\"}]},{\"@type\":\"WebSite\",\"@id\":\"https:\/\/narteks.net\/#website\",\"url\":\"https:\/\/narteks.net\/\",\"name\":\"narteks.net\",\"description\":\"K\u00fclt\u00fcr Sanat Edebiyat Felsefe\",\"publisher\":{\"@id\":\"https:\/\/narteks.net\/#organization\"},\"alternateName\":\"K\u00fclt\u00fcr Sanat Edebiyat Felsefe\",\"potentialAction\":[{\"@type\":\"SearchAction\",\"target\":{\"@type\":\"EntryPoint\",\"urlTemplate\":\"https:\/\/narteks.net\/?s={search_term_string}\"},\"query-input\":{\"@type\":\"PropertyValueSpecification\",\"valueRequired\":true,\"valueName\":\"search_term_string\"}}],\"inLanguage\":\"tr\"},{\"@type\":\"Organization\",\"@id\":\"https:\/\/narteks.net\/#organization\",\"name\":\"narteks.net\",\"url\":\"https:\/\/narteks.net\/\",\"logo\":{\"@type\":\"ImageObject\",\"inLanguage\":\"tr\",\"@id\":\"https:\/\/narteks.net\/#\/schema\/logo\/image\/\",\"url\":\"https:\/\/narteks.net\/wp-content\/uploads\/narteks.png\",\"contentUrl\":\"https:\/\/narteks.net\/wp-content\/uploads\/narteks.png\",\"width\":300,\"height\":90,\"caption\":\"narteks.net\"},\"image\":{\"@id\":\"https:\/\/narteks.net\/#\/schema\/logo\/image\/\"},\"sameAs\":[\"https:\/\/x.com\/narteks\",\"https:\/\/instagram.com\/narteksnet\"]},{\"@type\":\"Person\",\"@id\":\"https:\/\/narteks.net\/#\/schema\/person\/61f37d9834294b72d31d274e7ed79bca\",\"name\":\"Tar\u0131k\",\"image\":{\"@type\":\"ImageObject\",\"inLanguage\":\"tr\",\"@id\":\"https:\/\/narteks.net\/#\/schema\/person\/image\/\",\"url\":\"https:\/\/secure.gravatar.com\/avatar\/50865afb55632c4ae467e0af0930f6510aa2297d8014be502a55b14f3b7550cf?s=96&d=mm&r=g\",\"contentUrl\":\"https:\/\/secure.gravatar.com\/avatar\/50865afb55632c4ae467e0af0930f6510aa2297d8014be502a55b14f3b7550cf?s=96&d=mm&r=g\",\"caption\":\"Tar\u0131k\"},\"sameAs\":[\"http:\/\/narteks.net\"],\"url\":\"https:\/\/narteks.net\/index.php\/author\/narbak\/\"}]}<\/script>\n<!-- \/ Yoast SEO Premium plugin. -->","yoast_head_json":{"title":"Ger\u00e7ekten de \u00f6l\u00e7\u00fcs\u00fczce, insafs\u0131zca yoruyorsunuz beni | Charles Baudelaire - narteks.net","robots":{"index":"index","follow":"follow","max-snippet":"max-snippet:-1","max-image-preview":"max-image-preview:large","max-video-preview":"max-video-preview:-1"},"canonical":"https:\/\/narteks.net\/index.php\/2012\/08\/31\/gercekten-de-olcusuzce-insafsizca-yoruyorsunuz-beni-charles-baudelaire\/","og_locale":"tr_TR","og_type":"article","og_title":"Ger\u00e7ekten de \u00f6l\u00e7\u00fcs\u00fczce, insafs\u0131zca yoruyorsunuz beni | Charles Baudelaire","og_description":"Ger\u00e7ekten de \u00f6l\u00e7\u00fcs\u00fczce, insafs\u0131zca yoruyorsunuz beni, can\u0131m; i\u00e7 \u00e7eki\u015finizi duyanlar, altm\u0131\u015fl\u0131k ba\u015fak\u00e7\u0131 kad\u0131nlardan, meyhane kap\u0131lar\u0131nda ekmek k\u0131r\u0131nt\u0131lar\u0131 toplayan kocam\u0131\u015f di\u00adlenci kad\u0131nlardan da fazla ac\u0131 \u00e7ekiyorsunuz sanacaklar.\u00a0&#8220;\u0130\u00e7 \u00e7eki\u015fleriniz hi\u00e7 de\u011filse pi\u015fmanl\u0131\u011f\u0131 belirtselerdi, birazc\u0131k onurland\u0131r\u0131rlard\u0131 sizi; ama ancak huzur doygunlu\u011funu, dinleni\u015f bezginli\u011fini koyuyorlar ortaya. Hem sonra ya\u00adrars\u0131z lak\u0131rd\u0131lar s\u0131ralamaktan da hi\u00e7 b\u0131km\u0131yorsunuz: &#8220;\u00c7ok sevin beni! o kadar [&hellip;]","og_url":"https:\/\/narteks.net\/index.php\/2012\/08\/31\/gercekten-de-olcusuzce-insafsizca-yoruyorsunuz-beni-charles-baudelaire\/","og_site_name":"narteks.net","article_published_time":"2012-08-31T17:24:40+00:00","og_image":[{"width":300,"height":90,"url":"https:\/\/narteks.net\/wp-content\/uploads\/narteks.png","type":"image\/png"}],"author":"Tar\u0131k","twitter_card":"summary_large_image","twitter_creator":"@narteks","twitter_site":"@narteks","twitter_misc":{"Yazan:":"Tar\u0131k","Tahmini okuma s\u00fcresi":"4 dakika"},"schema":{"@context":"https:\/\/schema.org","@graph":[{"@type":"Article","@id":"https:\/\/narteks.net\/index.php\/2012\/08\/31\/gercekten-de-olcusuzce-insafsizca-yoruyorsunuz-beni-charles-baudelaire\/#article","isPartOf":{"@id":"https:\/\/narteks.net\/index.php\/2012\/08\/31\/gercekten-de-olcusuzce-insafsizca-yoruyorsunuz-beni-charles-baudelaire\/"},"author":{"name":"Tar\u0131k","@id":"https:\/\/narteks.net\/#\/schema\/person\/61f37d9834294b72d31d274e7ed79bca"},"headline":"Ger\u00e7ekten de \u00f6l\u00e7\u00fcs\u00fczce, insafs\u0131zca yoruyorsunuz beni | Charles Baudelaire","datePublished":"2012-08-31T17:24:40+00:00","mainEntityOfPage":{"@id":"https:\/\/narteks.net\/index.php\/2012\/08\/31\/gercekten-de-olcusuzce-insafsizca-yoruyorsunuz-beni-charles-baudelaire\/"},"wordCount":752,"commentCount":0,"publisher":{"@id":"https:\/\/narteks.net\/#organization"},"articleSection":["Edebiyat ( D\u00fcnya )"],"inLanguage":"tr","potentialAction":[{"@type":"CommentAction","name":"Comment","target":["https:\/\/narteks.net\/index.php\/2012\/08\/31\/gercekten-de-olcusuzce-insafsizca-yoruyorsunuz-beni-charles-baudelaire\/#respond"]}]},{"@type":"WebPage","@id":"https:\/\/narteks.net\/index.php\/2012\/08\/31\/gercekten-de-olcusuzce-insafsizca-yoruyorsunuz-beni-charles-baudelaire\/","url":"https:\/\/narteks.net\/index.php\/2012\/08\/31\/gercekten-de-olcusuzce-insafsizca-yoruyorsunuz-beni-charles-baudelaire\/","name":"Ger\u00e7ekten de \u00f6l\u00e7\u00fcs\u00fczce, insafs\u0131zca yoruyorsunuz beni | Charles Baudelaire - narteks.net","isPartOf":{"@id":"https:\/\/narteks.net\/#website"},"datePublished":"2012-08-31T17:24:40+00:00","breadcrumb":{"@id":"https:\/\/narteks.net\/index.php\/2012\/08\/31\/gercekten-de-olcusuzce-insafsizca-yoruyorsunuz-beni-charles-baudelaire\/#breadcrumb"},"inLanguage":"tr","potentialAction":[{"@type":"ReadAction","target":["https:\/\/narteks.net\/index.php\/2012\/08\/31\/gercekten-de-olcusuzce-insafsizca-yoruyorsunuz-beni-charles-baudelaire\/"]}]},{"@type":"BreadcrumbList","@id":"https:\/\/narteks.net\/index.php\/2012\/08\/31\/gercekten-de-olcusuzce-insafsizca-yoruyorsunuz-beni-charles-baudelaire\/#breadcrumb","itemListElement":[{"@type":"ListItem","position":1,"name":"Anasayfa","item":"https:\/\/narteks.net\/"},{"@type":"ListItem","position":2,"name":"Ger\u00e7ekten de \u00f6l\u00e7\u00fcs\u00fczce, insafs\u0131zca yoruyorsunuz beni | Charles Baudelaire"}]},{"@type":"WebSite","@id":"https:\/\/narteks.net\/#website","url":"https:\/\/narteks.net\/","name":"narteks.net","description":"K\u00fclt\u00fcr Sanat Edebiyat Felsefe","publisher":{"@id":"https:\/\/narteks.net\/#organization"},"alternateName":"K\u00fclt\u00fcr Sanat Edebiyat Felsefe","potentialAction":[{"@type":"SearchAction","target":{"@type":"EntryPoint","urlTemplate":"https:\/\/narteks.net\/?s={search_term_string}"},"query-input":{"@type":"PropertyValueSpecification","valueRequired":true,"valueName":"search_term_string"}}],"inLanguage":"tr"},{"@type":"Organization","@id":"https:\/\/narteks.net\/#organization","name":"narteks.net","url":"https:\/\/narteks.net\/","logo":{"@type":"ImageObject","inLanguage":"tr","@id":"https:\/\/narteks.net\/#\/schema\/logo\/image\/","url":"https:\/\/narteks.net\/wp-content\/uploads\/narteks.png","contentUrl":"https:\/\/narteks.net\/wp-content\/uploads\/narteks.png","width":300,"height":90,"caption":"narteks.net"},"image":{"@id":"https:\/\/narteks.net\/#\/schema\/logo\/image\/"},"sameAs":["https:\/\/x.com\/narteks","https:\/\/instagram.com\/narteksnet"]},{"@type":"Person","@id":"https:\/\/narteks.net\/#\/schema\/person\/61f37d9834294b72d31d274e7ed79bca","name":"Tar\u0131k","image":{"@type":"ImageObject","inLanguage":"tr","@id":"https:\/\/narteks.net\/#\/schema\/person\/image\/","url":"https:\/\/secure.gravatar.com\/avatar\/50865afb55632c4ae467e0af0930f6510aa2297d8014be502a55b14f3b7550cf?s=96&d=mm&r=g","contentUrl":"https:\/\/secure.gravatar.com\/avatar\/50865afb55632c4ae467e0af0930f6510aa2297d8014be502a55b14f3b7550cf?s=96&d=mm&r=g","caption":"Tar\u0131k"},"sameAs":["http:\/\/narteks.net"],"url":"https:\/\/narteks.net\/index.php\/author\/narbak\/"}]}},"_links":{"self":[{"href":"https:\/\/narteks.net\/index.php\/wp-json\/wp\/v2\/posts\/6899","targetHints":{"allow":["GET"]}}],"collection":[{"href":"https:\/\/narteks.net\/index.php\/wp-json\/wp\/v2\/posts"}],"about":[{"href":"https:\/\/narteks.net\/index.php\/wp-json\/wp\/v2\/types\/post"}],"author":[{"embeddable":true,"href":"https:\/\/narteks.net\/index.php\/wp-json\/wp\/v2\/users\/1"}],"replies":[{"embeddable":true,"href":"https:\/\/narteks.net\/index.php\/wp-json\/wp\/v2\/comments?post=6899"}],"version-history":[{"count":0,"href":"https:\/\/narteks.net\/index.php\/wp-json\/wp\/v2\/posts\/6899\/revisions"}],"wp:attachment":[{"href":"https:\/\/narteks.net\/index.php\/wp-json\/wp\/v2\/media?parent=6899"}],"wp:term":[{"taxonomy":"category","embeddable":true,"href":"https:\/\/narteks.net\/index.php\/wp-json\/wp\/v2\/categories?post=6899"},{"taxonomy":"post_tag","embeddable":true,"href":"https:\/\/narteks.net\/index.php\/wp-json\/wp\/v2\/tags?post=6899"}],"curies":[{"name":"wp","href":"https:\/\/api.w.org\/{rel}","templated":true}]}}