{"id":69,"date":"2009-02-27T14:53:49","date_gmt":"2009-02-27T11:53:49","guid":{"rendered":"http:\/\/localhost\/wordpress\/2009\/02\/27\/adnan-ozer-biyografisi\/"},"modified":"2009-02-27T14:53:49","modified_gmt":"2009-02-27T11:53:49","slug":"adnan-ozer-biyografisi","status":"publish","type":"post","link":"https:\/\/narteks.net\/index.php\/2009\/02\/27\/adnan-ozer-biyografisi\/","title":{"rendered":"Adnan \u00d6ZER Biyografisi"},"content":{"rendered":"<p><img decoding=\"async\" src=\"http:\/\/i42.tinypic.com\/spf6eh.jpg\" border=\"0\" \/><\/p>\n<p align=\"justify\">Adnan Ozer 1957&#8217;de Tekirdag&#8217;da dogdu.Istanbul \u00dcniversitesi Ileti\u015fim Fak\u00fcltesi mezunu. Ilk \u015fiir kitabini (Ate\u015fli Kaval, 1981), \u00f6teki \u015fiir kitaplari izledi: \u00c7ingiragin \u00d6l\u00fcm\u00fc (1983), R\u00fczg\u00e2r Durdurma Takvimi (1985), Zaman Haritasi (1991). 1991 yilinda \u015fiirleriden bir derleme Se\u00e7me \u015eiirler adiyla yayinlandi. Neruda, Lorca ve Octavio Paz gibi Ispanyol diliyle yazan \u015fairlerden \u00e7eviriler yapti; Hayal Tabirleri isimli bir de anlati yayimladi (1998). K\u00fc\u00e7\u00fckistasyon adli bir \u00e7ocuk kitabi var. Zaman Haritasi ile 1992 Cemal S\u00fcreya \u015eiir \u00d6d\u00fcl\u00fc&#8217;n\u00fc kazandi. Veda \u015eiirleri (1999), Adnan \u00d6zer&#8217;in son yapitidir.<\/p>\n<p align=\"justify\">\u00a0<\/p>\n<p align=\"justify\"><strong>Adnan \u00d6ZER \u015fiirlerini sitemizde bulabilirsiniz<\/strong><\/p>\n","protected":false},"excerpt":{"rendered":"<p>Adnan Ozer 1957&#8217;de Tekirdag&#8217;da dogdu.Istanbul \u00dcniversitesi Ileti\u015fim Fak\u00fcltesi mezunu. Ilk \u015fiir kitabini (Ate\u015fli Kaval, 1981), \u00f6teki \u015fiir kitaplari izledi: \u00c7ingiragin \u00d6l\u00fcm\u00fc (1983), R\u00fczg\u00e2r Durdurma Takvimi (1985), Zaman Haritasi (1991). 1991 yilinda \u015fiirleriden bir derleme Se\u00e7me \u015eiirler adiyla yayinlandi. Neruda, Lorca ve Octavio Paz gibi Ispanyol diliyle yazan \u015fairlerden \u00e7eviriler yapti; Hayal Tabirleri isimli bir de [&hellip;]<\/p>\n","protected":false},"author":1,"featured_media":0,"comment_status":"open","ping_status":"open","sticky":false,"template":"","format":"standard","meta":{"footnotes":""},"categories":[6],"tags":[],"class_list":{"0":"post-69","1":"post","2":"type-post","3":"status-publish","4":"format-standard","6":"category-adnan-ozer"},"yoast_head":"<!-- This site is optimized with the Yoast SEO Premium plugin v24.9 (Yoast SEO v24.9) - https:\/\/yoast.com\/wordpress\/plugins\/seo\/ -->\n<title>Adnan \u00d6ZER Biyografisi - narteks.net<\/title>\n<meta name=\"robots\" content=\"index, follow, max-snippet:-1, max-image-preview:large, max-video-preview:-1\" \/>\n<link rel=\"canonical\" href=\"https:\/\/narteks.net\/index.php\/2009\/02\/27\/adnan-ozer-biyografisi\/\" \/>\n<meta property=\"og:locale\" content=\"tr_TR\" \/>\n<meta property=\"og:type\" content=\"article\" \/>\n<meta property=\"og:title\" content=\"Adnan \u00d6ZER Biyografisi\" \/>\n<meta property=\"og:description\" content=\"Adnan Ozer 1957&#8217;de Tekirdag&#8217;da dogdu.Istanbul \u00dcniversitesi Ileti\u015fim Fak\u00fcltesi mezunu. Ilk \u015fiir kitabini (Ate\u015fli Kaval, 1981), \u00f6teki \u015fiir kitaplari izledi: \u00c7ingiragin \u00d6l\u00fcm\u00fc (1983), R\u00fczg\u00e2r Durdurma Takvimi (1985), Zaman Haritasi (1991). 1991 yilinda \u015fiirleriden bir derleme Se\u00e7me \u015eiirler adiyla yayinlandi. Neruda, Lorca ve Octavio Paz gibi Ispanyol diliyle yazan \u015fairlerden \u00e7eviriler yapti; Hayal Tabirleri isimli bir de [&hellip;]\" \/>\n<meta property=\"og:url\" content=\"https:\/\/narteks.net\/index.php\/2009\/02\/27\/adnan-ozer-biyografisi\/\" \/>\n<meta property=\"og:site_name\" content=\"narteks.net\" \/>\n<meta property=\"article:published_time\" content=\"2009-02-27T11:53:49+00:00\" \/>\n<meta property=\"og:image\" content=\"http:\/\/i42.tinypic.com\/spf6eh.jpg\" \/>\n<meta name=\"author\" content=\"Tar\u0131k\" \/>\n<meta name=\"twitter:card\" content=\"summary_large_image\" \/>\n<meta name=\"twitter:creator\" content=\"@narteks\" \/>\n<meta name=\"twitter:site\" content=\"@narteks\" \/>\n<meta name=\"twitter:label1\" content=\"Yazan:\" \/>\n\t<meta name=\"twitter:data1\" content=\"Tar\u0131k\" \/>\n<script type=\"application\/ld+json\" class=\"yoast-schema-graph\">{\"@context\":\"https:\/\/schema.org\",\"@graph\":[{\"@type\":\"Article\",\"@id\":\"https:\/\/narteks.net\/index.php\/2009\/02\/27\/adnan-ozer-biyografisi\/#article\",\"isPartOf\":{\"@id\":\"https:\/\/narteks.net\/index.php\/2009\/02\/27\/adnan-ozer-biyografisi\/\"},\"author\":{\"name\":\"Tar\u0131k\",\"@id\":\"https:\/\/narteks.net\/#\/schema\/person\/61f37d9834294b72d31d274e7ed79bca\"},\"headline\":\"Adnan \u00d6ZER Biyografisi\",\"datePublished\":\"2009-02-27T11:53:49+00:00\",\"mainEntityOfPage\":{\"@id\":\"https:\/\/narteks.net\/index.php\/2009\/02\/27\/adnan-ozer-biyografisi\/\"},\"wordCount\":92,\"commentCount\":0,\"publisher\":{\"@id\":\"https:\/\/narteks.net\/#organization\"},\"image\":{\"@id\":\"https:\/\/narteks.net\/index.php\/2009\/02\/27\/adnan-ozer-biyografisi\/#primaryimage\"},\"thumbnailUrl\":\"http:\/\/i42.tinypic.com\/spf6eh.jpg\",\"articleSection\":[\"Adnan \u00d6ZER\"],\"inLanguage\":\"tr\",\"potentialAction\":[{\"@type\":\"CommentAction\",\"name\":\"Comment\",\"target\":[\"https:\/\/narteks.net\/index.php\/2009\/02\/27\/adnan-ozer-biyografisi\/#respond\"]}]},{\"@type\":\"WebPage\",\"@id\":\"https:\/\/narteks.net\/index.php\/2009\/02\/27\/adnan-ozer-biyografisi\/\",\"url\":\"https:\/\/narteks.net\/index.php\/2009\/02\/27\/adnan-ozer-biyografisi\/\",\"name\":\"Adnan \u00d6ZER Biyografisi - narteks.net\",\"isPartOf\":{\"@id\":\"https:\/\/narteks.net\/#website\"},\"primaryImageOfPage\":{\"@id\":\"https:\/\/narteks.net\/index.php\/2009\/02\/27\/adnan-ozer-biyografisi\/#primaryimage\"},\"image\":{\"@id\":\"https:\/\/narteks.net\/index.php\/2009\/02\/27\/adnan-ozer-biyografisi\/#primaryimage\"},\"thumbnailUrl\":\"http:\/\/i42.tinypic.com\/spf6eh.jpg\",\"datePublished\":\"2009-02-27T11:53:49+00:00\",\"breadcrumb\":{\"@id\":\"https:\/\/narteks.net\/index.php\/2009\/02\/27\/adnan-ozer-biyografisi\/#breadcrumb\"},\"inLanguage\":\"tr\",\"potentialAction\":[{\"@type\":\"ReadAction\",\"target\":[\"https:\/\/narteks.net\/index.php\/2009\/02\/27\/adnan-ozer-biyografisi\/\"]}]},{\"@type\":\"ImageObject\",\"inLanguage\":\"tr\",\"@id\":\"https:\/\/narteks.net\/index.php\/2009\/02\/27\/adnan-ozer-biyografisi\/#primaryimage\",\"url\":\"http:\/\/i42.tinypic.com\/spf6eh.jpg\",\"contentUrl\":\"http:\/\/i42.tinypic.com\/spf6eh.jpg\"},{\"@type\":\"BreadcrumbList\",\"@id\":\"https:\/\/narteks.net\/index.php\/2009\/02\/27\/adnan-ozer-biyografisi\/#breadcrumb\",\"itemListElement\":[{\"@type\":\"ListItem\",\"position\":1,\"name\":\"Anasayfa\",\"item\":\"https:\/\/narteks.net\/\"},{\"@type\":\"ListItem\",\"position\":2,\"name\":\"Adnan \u00d6ZER Biyografisi\"}]},{\"@type\":\"WebSite\",\"@id\":\"https:\/\/narteks.net\/#website\",\"url\":\"https:\/\/narteks.net\/\",\"name\":\"narteks.net\",\"description\":\"K\u00fclt\u00fcr Sanat Edebiyat Felsefe\",\"publisher\":{\"@id\":\"https:\/\/narteks.net\/#organization\"},\"alternateName\":\"K\u00fclt\u00fcr Sanat Edebiyat Felsefe\",\"potentialAction\":[{\"@type\":\"SearchAction\",\"target\":{\"@type\":\"EntryPoint\",\"urlTemplate\":\"https:\/\/narteks.net\/?s={search_term_string}\"},\"query-input\":{\"@type\":\"PropertyValueSpecification\",\"valueRequired\":true,\"valueName\":\"search_term_string\"}}],\"inLanguage\":\"tr\"},{\"@type\":\"Organization\",\"@id\":\"https:\/\/narteks.net\/#organization\",\"name\":\"narteks.net\",\"url\":\"https:\/\/narteks.net\/\",\"logo\":{\"@type\":\"ImageObject\",\"inLanguage\":\"tr\",\"@id\":\"https:\/\/narteks.net\/#\/schema\/logo\/image\/\",\"url\":\"https:\/\/narteks.net\/wp-content\/uploads\/narteks.png\",\"contentUrl\":\"https:\/\/narteks.net\/wp-content\/uploads\/narteks.png\",\"width\":300,\"height\":90,\"caption\":\"narteks.net\"},\"image\":{\"@id\":\"https:\/\/narteks.net\/#\/schema\/logo\/image\/\"},\"sameAs\":[\"https:\/\/x.com\/narteks\",\"https:\/\/instagram.com\/narteksnet\"]},{\"@type\":\"Person\",\"@id\":\"https:\/\/narteks.net\/#\/schema\/person\/61f37d9834294b72d31d274e7ed79bca\",\"name\":\"Tar\u0131k\",\"image\":{\"@type\":\"ImageObject\",\"inLanguage\":\"tr\",\"@id\":\"https:\/\/narteks.net\/#\/schema\/person\/image\/\",\"url\":\"https:\/\/secure.gravatar.com\/avatar\/50865afb55632c4ae467e0af0930f6510aa2297d8014be502a55b14f3b7550cf?s=96&d=mm&r=g\",\"contentUrl\":\"https:\/\/secure.gravatar.com\/avatar\/50865afb55632c4ae467e0af0930f6510aa2297d8014be502a55b14f3b7550cf?s=96&d=mm&r=g\",\"caption\":\"Tar\u0131k\"},\"sameAs\":[\"http:\/\/narteks.net\"],\"url\":\"https:\/\/narteks.net\/index.php\/author\/narbak\/\"}]}<\/script>\n<!-- \/ Yoast SEO Premium plugin. -->","yoast_head_json":{"title":"Adnan \u00d6ZER Biyografisi - narteks.net","robots":{"index":"index","follow":"follow","max-snippet":"max-snippet:-1","max-image-preview":"max-image-preview:large","max-video-preview":"max-video-preview:-1"},"canonical":"https:\/\/narteks.net\/index.php\/2009\/02\/27\/adnan-ozer-biyografisi\/","og_locale":"tr_TR","og_type":"article","og_title":"Adnan \u00d6ZER Biyografisi","og_description":"Adnan Ozer 1957&#8217;de Tekirdag&#8217;da dogdu.Istanbul \u00dcniversitesi Ileti\u015fim Fak\u00fcltesi mezunu. Ilk \u015fiir kitabini (Ate\u015fli Kaval, 1981), \u00f6teki \u015fiir kitaplari izledi: \u00c7ingiragin \u00d6l\u00fcm\u00fc (1983), R\u00fczg\u00e2r Durdurma Takvimi (1985), Zaman Haritasi (1991). 1991 yilinda \u015fiirleriden bir derleme Se\u00e7me \u015eiirler adiyla yayinlandi. Neruda, Lorca ve Octavio Paz gibi Ispanyol diliyle yazan \u015fairlerden \u00e7eviriler yapti; Hayal Tabirleri isimli bir de [&hellip;]","og_url":"https:\/\/narteks.net\/index.php\/2009\/02\/27\/adnan-ozer-biyografisi\/","og_site_name":"narteks.net","article_published_time":"2009-02-27T11:53:49+00:00","og_image":[{"url":"http:\/\/i42.tinypic.com\/spf6eh.jpg","type":"","width":"","height":""}],"author":"Tar\u0131k","twitter_card":"summary_large_image","twitter_creator":"@narteks","twitter_site":"@narteks","twitter_misc":{"Yazan:":"Tar\u0131k"},"schema":{"@context":"https:\/\/schema.org","@graph":[{"@type":"Article","@id":"https:\/\/narteks.net\/index.php\/2009\/02\/27\/adnan-ozer-biyografisi\/#article","isPartOf":{"@id":"https:\/\/narteks.net\/index.php\/2009\/02\/27\/adnan-ozer-biyografisi\/"},"author":{"name":"Tar\u0131k","@id":"https:\/\/narteks.net\/#\/schema\/person\/61f37d9834294b72d31d274e7ed79bca"},"headline":"Adnan \u00d6ZER Biyografisi","datePublished":"2009-02-27T11:53:49+00:00","mainEntityOfPage":{"@id":"https:\/\/narteks.net\/index.php\/2009\/02\/27\/adnan-ozer-biyografisi\/"},"wordCount":92,"commentCount":0,"publisher":{"@id":"https:\/\/narteks.net\/#organization"},"image":{"@id":"https:\/\/narteks.net\/index.php\/2009\/02\/27\/adnan-ozer-biyografisi\/#primaryimage"},"thumbnailUrl":"http:\/\/i42.tinypic.com\/spf6eh.jpg","articleSection":["Adnan \u00d6ZER"],"inLanguage":"tr","potentialAction":[{"@type":"CommentAction","name":"Comment","target":["https:\/\/narteks.net\/index.php\/2009\/02\/27\/adnan-ozer-biyografisi\/#respond"]}]},{"@type":"WebPage","@id":"https:\/\/narteks.net\/index.php\/2009\/02\/27\/adnan-ozer-biyografisi\/","url":"https:\/\/narteks.net\/index.php\/2009\/02\/27\/adnan-ozer-biyografisi\/","name":"Adnan \u00d6ZER Biyografisi - narteks.net","isPartOf":{"@id":"https:\/\/narteks.net\/#website"},"primaryImageOfPage":{"@id":"https:\/\/narteks.net\/index.php\/2009\/02\/27\/adnan-ozer-biyografisi\/#primaryimage"},"image":{"@id":"https:\/\/narteks.net\/index.php\/2009\/02\/27\/adnan-ozer-biyografisi\/#primaryimage"},"thumbnailUrl":"http:\/\/i42.tinypic.com\/spf6eh.jpg","datePublished":"2009-02-27T11:53:49+00:00","breadcrumb":{"@id":"https:\/\/narteks.net\/index.php\/2009\/02\/27\/adnan-ozer-biyografisi\/#breadcrumb"},"inLanguage":"tr","potentialAction":[{"@type":"ReadAction","target":["https:\/\/narteks.net\/index.php\/2009\/02\/27\/adnan-ozer-biyografisi\/"]}]},{"@type":"ImageObject","inLanguage":"tr","@id":"https:\/\/narteks.net\/index.php\/2009\/02\/27\/adnan-ozer-biyografisi\/#primaryimage","url":"http:\/\/i42.tinypic.com\/spf6eh.jpg","contentUrl":"http:\/\/i42.tinypic.com\/spf6eh.jpg"},{"@type":"BreadcrumbList","@id":"https:\/\/narteks.net\/index.php\/2009\/02\/27\/adnan-ozer-biyografisi\/#breadcrumb","itemListElement":[{"@type":"ListItem","position":1,"name":"Anasayfa","item":"https:\/\/narteks.net\/"},{"@type":"ListItem","position":2,"name":"Adnan \u00d6ZER Biyografisi"}]},{"@type":"WebSite","@id":"https:\/\/narteks.net\/#website","url":"https:\/\/narteks.net\/","name":"narteks.net","description":"K\u00fclt\u00fcr Sanat Edebiyat Felsefe","publisher":{"@id":"https:\/\/narteks.net\/#organization"},"alternateName":"K\u00fclt\u00fcr Sanat Edebiyat Felsefe","potentialAction":[{"@type":"SearchAction","target":{"@type":"EntryPoint","urlTemplate":"https:\/\/narteks.net\/?s={search_term_string}"},"query-input":{"@type":"PropertyValueSpecification","valueRequired":true,"valueName":"search_term_string"}}],"inLanguage":"tr"},{"@type":"Organization","@id":"https:\/\/narteks.net\/#organization","name":"narteks.net","url":"https:\/\/narteks.net\/","logo":{"@type":"ImageObject","inLanguage":"tr","@id":"https:\/\/narteks.net\/#\/schema\/logo\/image\/","url":"https:\/\/narteks.net\/wp-content\/uploads\/narteks.png","contentUrl":"https:\/\/narteks.net\/wp-content\/uploads\/narteks.png","width":300,"height":90,"caption":"narteks.net"},"image":{"@id":"https:\/\/narteks.net\/#\/schema\/logo\/image\/"},"sameAs":["https:\/\/x.com\/narteks","https:\/\/instagram.com\/narteksnet"]},{"@type":"Person","@id":"https:\/\/narteks.net\/#\/schema\/person\/61f37d9834294b72d31d274e7ed79bca","name":"Tar\u0131k","image":{"@type":"ImageObject","inLanguage":"tr","@id":"https:\/\/narteks.net\/#\/schema\/person\/image\/","url":"https:\/\/secure.gravatar.com\/avatar\/50865afb55632c4ae467e0af0930f6510aa2297d8014be502a55b14f3b7550cf?s=96&d=mm&r=g","contentUrl":"https:\/\/secure.gravatar.com\/avatar\/50865afb55632c4ae467e0af0930f6510aa2297d8014be502a55b14f3b7550cf?s=96&d=mm&r=g","caption":"Tar\u0131k"},"sameAs":["http:\/\/narteks.net"],"url":"https:\/\/narteks.net\/index.php\/author\/narbak\/"}]}},"_links":{"self":[{"href":"https:\/\/narteks.net\/index.php\/wp-json\/wp\/v2\/posts\/69","targetHints":{"allow":["GET"]}}],"collection":[{"href":"https:\/\/narteks.net\/index.php\/wp-json\/wp\/v2\/posts"}],"about":[{"href":"https:\/\/narteks.net\/index.php\/wp-json\/wp\/v2\/types\/post"}],"author":[{"embeddable":true,"href":"https:\/\/narteks.net\/index.php\/wp-json\/wp\/v2\/users\/1"}],"replies":[{"embeddable":true,"href":"https:\/\/narteks.net\/index.php\/wp-json\/wp\/v2\/comments?post=69"}],"version-history":[{"count":0,"href":"https:\/\/narteks.net\/index.php\/wp-json\/wp\/v2\/posts\/69\/revisions"}],"wp:attachment":[{"href":"https:\/\/narteks.net\/index.php\/wp-json\/wp\/v2\/media?parent=69"}],"wp:term":[{"taxonomy":"category","embeddable":true,"href":"https:\/\/narteks.net\/index.php\/wp-json\/wp\/v2\/categories?post=69"},{"taxonomy":"post_tag","embeddable":true,"href":"https:\/\/narteks.net\/index.php\/wp-json\/wp\/v2\/tags?post=69"}],"curies":[{"name":"wp","href":"https:\/\/api.w.org\/{rel}","templated":true}]}}