{"id":690,"date":"2009-04-17T10:44:03","date_gmt":"2009-04-17T07:44:03","guid":{"rendered":"http:\/\/localhost\/wordpress\/2009\/04\/17\/pablo-neruda-biyografisi\/"},"modified":"2009-04-17T10:44:03","modified_gmt":"2009-04-17T07:44:03","slug":"pablo-neruda-biyografisi","status":"publish","type":"post","link":"https:\/\/narteks.net\/index.php\/2009\/04\/17\/pablo-neruda-biyografisi\/","title":{"rendered":"Pablo NERUDA Biyografisi"},"content":{"rendered":"<p><img loading=\"lazy\" decoding=\"async\" src=\"http:\/\/upload.wikimedia.org\/wikipedia\/commons\/thumb\/0\/04\/Pablo_Neruda.jpg\/150px-Pablo_Neruda.jpg\" border=\"0\" width=\"155\" height=\"205\" \/><\/p>\n<p style=\"text-align: justify;\">Pablo Neruda (as\u0131l ismi: Ricardo Eliezer Neftal\u00ed Reyes Basoalto) (12 Temmuz 1904 Parral, \u015eili &#8211; 23 Eyl\u00fcl 1973 Santiago), \u015eilili yazar ve \u015fair.<\/p>\n<p>\u015eili&#8217;de demiryolu i\u015f\u00e7isi bir baba ve \u00f6\u011fretmen bir annenin \u00e7ocu\u011fu olarak d\u00fcnyaya geldi. Annesini \u00e7ok k\u00fc\u00e7\u00fckken kaybetti. 13 ya\u015f\u0131ndayken yerel &#8220;La Ma\u00f1ana&#8221; gazetesindeki baz\u0131 makalelerle katk\u0131da bulunmaya ba\u015flad\u0131. 1920&#8217;de &#8220;Selva Austral&#8221; isimli edebiyat dergisinde &#8220;Pablo Neruda&#8221; ad\u0131yla yazmaya ba\u015flad\u0131. \u015eair, bu takma ismi \u00c7ek \u015fair Jan Neruda&#8217;da an\u0131s\u0131na se\u00e7mi\u015fti. Daha sonra bu isim yasal ad\u0131 olarak kalm\u0131\u015ft\u0131r. \u0130lk kitab\u0131 Crepusculario 1923 y\u0131l\u0131nda yay\u0131nlad\u0131. Sonraki sene \u015fairin en tan\u0131nm\u0131\u015f ve pek \u00e7ok dile \u00e7evrilmi\u015f olan eserlerinden Yirmi A\u015fk \u015eiiri ve Umutsuz Bir \u015eark\u0131(Veinte poemas de amor y una cancion desesperada) bas\u0131ld\u0131. Edebi \u00e7al\u0131\u015fmalar\u0131na devam ederken, bir yandan da Santiago&#8217;daki \u015eili \u00dcniversitesi&#8217;nde Frans\u0131zca ve pedagoji okudu. 1927-1935 aras\u0131 h\u00fck\u00fcmetin el\u00e7isi oldu ve Burma, Seylan, Java, Singapur, Buenos Aires, Barselona ve Madrid&#8217;te g\u00f6rev yapt\u0131. Bu d\u00f6nemde yazd\u0131\u011f\u0131 \u015fiirler ezoterik s\u00fcrrealist \u015fiir kitab\u0131 &#8220;Residencia en la tierra&#8221; (1933)da toplanm\u0131\u015ft\u0131r.<\/p>\n<p>\u0130spanya \u0130\u00e7 Sava\u015f\u0131 ve Garc\u00eda Lorca&#8217;n\u0131n \u00f6l\u00fcm\u00fc onu \u00e7ok etkiledi ve \u00f6nce \u0130spanya sonra da Fransa&#8217;da Cumhuriyet\u00e7i harekete kat\u0131lmas\u0131na neden oldu. Bu s\u0131rada \u015fiirlerini toplad\u0131\u011f\u0131 Kalbimdeki \u0130spanya (Espa\u00f1a en el Coraz\u00f3n (1937)) \u00fczerine \u00e7al\u0131\u015fmaya ba\u015flad\u0131. Kalbimdeki \u0130spanya i\u00e7 sava\u015f s\u0131ras\u0131nda cephede bas\u0131lmas\u0131 a\u00e7\u0131s\u0131ndan \u00f6nemlidir. Ayn\u0131 y\u0131l \u00fclkesine d\u00f6nen Neruda&#8217;n\u0131n daha sonraki eserlerini siyasi ve sosyal konular \u00fczerine olu\u015fturmu\u015ftur.<\/p>\n<p>1939&#8217;da Paris&#8217;te \u0130spanyol g\u00f6\u00e7menler i\u00e7in konsolosluk g\u00f6revine getirildi. Meksika&#8217;daki konsolosluk g\u00f6revi s\u0131ras\u0131nda Canto General de Chile&#8217;yi yazd\u0131. Bu eserde b\u00fct\u00fcn G\u00fcney Amerika k\u0131tas\u0131n\u0131n do\u011fas\u0131, insanlar\u0131 ve tarihi yazg\u0131s\u0131 epik \u015fiir \u015feklinde anlat\u0131lmaktad\u0131r. Eser, 1950&#8217;de Meksika&#8217;da bas\u0131l\u0131rken, \u015eili&#8217;de de el alt\u0131ndan yay\u0131nland\u0131. Yakla\u015f\u0131k 250 \u015fiirin yer ald\u0131\u011f\u0131 eser, on kadar dile \u00e7evrildi ve bu \u00e7eviriler y\u00fcz\u00fcnden Neruda el\u00e7ilik yapt\u0131\u011f\u0131 \u00fclkelerde zorluklar ya\u015fad\u0131.<\/p>\n<p>1943&#8217;te \u015eili&#8217;ye d\u00f6nen Neruda, 1945&#8217;te senat\u00f6r se\u00e7ildi ve \u015eili Kom\u00fcnist Partisi&#8217;ne kat\u0131ld\u0131. 1947&#8217;de Ba\u015fkan Gonz\u00e1lez Videla&#8217;n\u0131n grevdeki madencilere y\u00f6nelik bask\u0131c\u0131 protestolar\u0131n\u0131 protesto etti\u011fi i\u00e7in, 2 y\u0131l boyunca kendi \u00fclkesinde ka\u00e7ak ya\u015fad\u0131. 1949&#8217;da yurt d\u0131\u015f\u0131na \u00e7\u0131kt\u0131 ve 1952&#8217;ye kadar \u00e7e\u015fitli \u00fclkelerde bulundu. Bu d\u00f6nemde yazd\u0131\u011f\u0131 eserler politik aktivitelerinin damgas\u0131n\u0131 ta\u015f\u0131r. \u00d6rne\u011fin Las Uvas y el Viento (1954) Neruda&#8217;n\u0131n s\u00fcrg\u00fcndeki g\u00fcnl\u00fc\u011f\u00fc gibidir.<\/p>\n<p>Ya\u015fam\u0131 boyunca g\u00fc\u00e7l\u00fc siyasi duru\u015fuyla tan\u0131nan Neruda, \u00fclkesindeki ve \u0130spanya&#8217;daki fa\u015fizme kar\u015f\u0131 durmu\u015ftur. 1970 y\u0131l\u0131nda \u015eili ba\u015fkanl\u0131\u011f\u0131na aday g\u00f6sterilmi\u015f, ancak daha sonra ba\u015fkan se\u00e7ilen Salvador Allende&#8217;yi desteklemi\u015ftir. Allende se\u00e7ilince Neruda&#8217;y\u0131 \u015eili&#8217;nin Fransa el\u00e7isi olarak g\u00f6revlendirdi. 1971 y\u0131l\u0131nda edebiyat dal\u0131nda Nobel \u00d6d\u00fcl\u00fc ald\u0131. 1972 y\u0131l\u0131nda sa\u011fl\u0131k sorunlar\u0131 nedeniyle el\u00e7ilik g\u00f6revini b\u0131rakarak \u015eili&#8217;ye d\u00f6nd\u00fc. 24 Eyl\u00fcl 1973&#8217;de kalp yetmezli\u011finden hayat\u0131n\u0131 kaybetti.<\/p>\n<p>Eserleri<\/p>\n<p> * Crepusculario (Alacakaranl\u0131k Kitab\u0131), 1923<br \/> * Veinte poemas de amor y una canci\u00f3n desesperada (Yirmi A\u015fk \u015eiiri ve Umutsuz Bir \u015eark\u0131), 1924<br \/> * Tentativa del hombre infinito. \u2013 Santiago : Nascimento, 1926<br \/> * Anillos \/ Pablo Neruda, Tom\u00e1s Lago. \u2013 Santiago : Nascimento, 1926<br \/> * El habitante y su esperanza. \u2013 Santiago : Nascimento, 1926<br \/> * El hondero entusiasta. \u2013 Santiago : Empresa Letras, 1933<br \/> * Residencia en la tierra : 1925-1931. \u2013 Santiago : Nascimento, 1933<br \/> * Residencia en la tierra : 1925-1935. \u2013 Enl. ed. \u2013 Madrid : Cruz &amp; Raya, 1935 \u00ad. \u2013 2 vol.<br \/> * Espa\u00f1a en el coraz\u00f3n. \u2013 Santiago : Ercilla, 1937<br \/> * Las furias y las penas. \u2013 Santiago : Nascimento, 1939<br \/> * Canto general de Chile : Fragmentos. \u2013 Mexico City : Privately published, 1943<br \/> * Tercera residencia : 1935-1945. \u2013 Buenos Aires : Losada, 1947<br \/> * Alturas de Macchu Picchu. \u2013 Santiago : Librer\u00eda Neira, 1947<br \/> * Canto general. \u2013 Mexico City : Talleres Gr\u00e1ficos de la Naci\u00f3n, 1950<br \/> * Los versos del capit\u00e1n. \u2013 Napol : Naples: L&#8217;Arte Tipografica, 1952<br \/> * Las uvas y el viento. \u2013 Santiago : Nascimento, 1954<br \/> * Odas elementales. \u2013 Buenos Aires : Losada, 1954<br \/> * Nuevas odas elementales. \u2013 Buenos Aires : Losada, 1956<br \/> * Obras completas. \u2013 Buenos Aires : Losada, 1957. \u2013 Enl. ed. 1962, 2 vol. \u2013 Enl. ed. 1967. \u2013 Enl. ed. 1973, 3 vol.<br \/> * Tercer libro de las odas. \u2013 Buenos Aires : Losada, 1957<br \/> * Estravagario. \u2013 Buenos Aires : Losada, 1958<br \/> * Navegaciones y regresos. \u2013 Buenos Aires : Losada, 1959<br \/> * Cien sonetos de amor. \u2013 Santiago : Editorial Universitaria, 1959 (100 A\u015fk Sonesi)<br \/> * Canci\u00f3n de gesta. \u2013 Havana : Casa de las Am\u00e9ricas, 1960<br \/> * Las piedras de Chile. \u2013 Buenos Aires : Losada, 1961<br \/> * Cantos ceremoniales. \u2013 Buenos Aires : Losada, 1961<br \/> * Plenos poderes. \u2013 Buenos Aires Losada, 1962<br \/> * Memorial de Isla Negra. \u2013 Buenos Aires : Losada, 1964. \u2013 5 vol.<br \/> * Arte de p\u00e1jaros. \u2013 Santiago : Sociedad de Amigos del Arte Contempor\u00e1neo, 1966<br \/> * Una casa en la arena. \u2013 Barcelona : Lumen, 1966<br \/> * Fulgor y muerte de Joaqu\u00edn Murieta : bandido chileno injusticiado en California el *23 de julio de 1853. \u2013 Santiago : Zig-Zag, 1967<br \/> * La barcarola. \u2013 Buenos Aires : Losada, 1967<br \/> * Las manos del d\u00eda. \u2013 Buenos Aires : Losada, 1968<br \/> * Fin de mundo. \u2013 Santiago : Sociedad de Arte Contempor\u00e1neo, 1969<br \/> * A\u00fan. \u2013 Santiago : Nascimento, 1969<br \/> * Maremoto. \u2013 Santiago : Sociedad de Arte Contempor\u00e1neo de Santiago, 1970<br \/> * La espada encendida. \u2013 Buenos Aires : Losada, 1970<br \/> * Las piedras del cie. \u2013 Buenos Aires : Losada, 1970<br \/> * Geograf\u00eda infructuosa. \u2013 Buenos Aires : Losada, 1972<br \/> * Incitaci\u00f3n al nixonicidio y alabanza de la revoluci\u00f3n chilena. \u2013 Buenos Aires : Losada, 1973<br \/> * La rosa separada. \u2013 Buenos Aires : Losada, 1973<br \/> * El mar y las campanas. \u2013 Buenos Aires : Losada, 1973<br \/> * Jard\u00edn de invierno. \u2013 Buenos Aires : Losada, 1974<br \/> * 2000. \u2013 Buenos Aires : Losada, 1974<br \/> * El coraz\u00f3n amarillo. \u2013 Buenos Aires : Losada, 1974<br \/> * Libro de las preguntas. \u2013 Buenos Aires : Losada, 1974 (Sorular Kitab\u0131)<br \/> * Eleg\u00eda. \u2013 Buenos Aires : Losada, 1974<br \/> * Defectos escogidos. \u2013 Buenos Aires : Losada, 1974<br \/> * Confieso que he vivido. \u2013 Barcelona : Seix Barral, 1974 (Ya\u015fad\u0131\u011f\u0131m\u0131 \u0130tiraf Ediyorum)<br \/> * Cartas a Laura. \u2013 Madrid : Ediciones Cultura Hisp\u00e1nica del Centro Iberoamericano de Cooperaci\u00f3n, 1978<br \/> * Para nacer he nacido. \u2013 Barcelona : Seix Barral, 1978<br \/> * El r\u00edo invisible : poes\u00eda y prosa de juventud. \u2013 Barcelona : Seix Barral, 1980<br \/> * Cuadernos de Temuco : 1919-1920 \/ edici\u00f3n y pr\u00f3logo de V\u00edctor Far\u00edas. \u2013 Buenos Aires : Seix Barral, 1996<br \/> * Yo acuso : discursos parlamentarios (1945-1948) \/ edici\u00f3n a cargo de Leonidas Aguirre Silva. \u2013 Bogot\u00e1 : *Editorial Oveja Negra, 2002<\/p>\n","protected":false},"excerpt":{"rendered":"<p>Pablo Neruda (as\u0131l ismi: Ricardo Eliezer Neftal\u00ed Reyes Basoalto) (12 Temmuz 1904 Parral, \u015eili &#8211; 23 Eyl\u00fcl 1973 Santiago), \u015eilili yazar ve \u015fair. \u015eili&#8217;de demiryolu i\u015f\u00e7isi bir baba ve \u00f6\u011fretmen bir annenin \u00e7ocu\u011fu olarak d\u00fcnyaya geldi. Annesini \u00e7ok k\u00fc\u00e7\u00fckken kaybetti. 13 ya\u015f\u0131ndayken yerel &#8220;La Ma\u00f1ana&#8221; gazetesindeki baz\u0131 makalelerle katk\u0131da bulunmaya ba\u015flad\u0131. 1920&#8217;de &#8220;Selva Austral&#8221; isimli [&hellip;]<\/p>\n","protected":false},"author":1,"featured_media":0,"comment_status":"open","ping_status":"open","sticky":false,"template":"","format":"standard","meta":{"footnotes":""},"categories":[175],"tags":[],"class_list":{"0":"post-690","1":"post","2":"type-post","3":"status-publish","4":"format-standard","6":"category-pablo-neruda"},"yoast_head":"<!-- This site is optimized with the Yoast SEO Premium plugin v24.9 (Yoast SEO v24.9) - https:\/\/yoast.com\/wordpress\/plugins\/seo\/ -->\n<title>Pablo NERUDA Biyografisi - narteks.net<\/title>\n<meta name=\"robots\" content=\"index, follow, max-snippet:-1, max-image-preview:large, max-video-preview:-1\" \/>\n<link rel=\"canonical\" href=\"https:\/\/narteks.net\/index.php\/2009\/04\/17\/pablo-neruda-biyografisi\/\" \/>\n<meta property=\"og:locale\" content=\"tr_TR\" \/>\n<meta property=\"og:type\" content=\"article\" \/>\n<meta property=\"og:title\" content=\"Pablo NERUDA Biyografisi\" \/>\n<meta property=\"og:description\" content=\"Pablo Neruda (as\u0131l ismi: Ricardo Eliezer Neftal\u00ed Reyes Basoalto) (12 Temmuz 1904 Parral, \u015eili &#8211; 23 Eyl\u00fcl 1973 Santiago), \u015eilili yazar ve \u015fair. \u015eili&#8217;de demiryolu i\u015f\u00e7isi bir baba ve \u00f6\u011fretmen bir annenin \u00e7ocu\u011fu olarak d\u00fcnyaya geldi. Annesini \u00e7ok k\u00fc\u00e7\u00fckken kaybetti. 13 ya\u015f\u0131ndayken yerel &#8220;La Ma\u00f1ana&#8221; gazetesindeki baz\u0131 makalelerle katk\u0131da bulunmaya ba\u015flad\u0131. 1920&#8217;de &#8220;Selva Austral&#8221; isimli [&hellip;]\" \/>\n<meta property=\"og:url\" content=\"https:\/\/narteks.net\/index.php\/2009\/04\/17\/pablo-neruda-biyografisi\/\" \/>\n<meta property=\"og:site_name\" content=\"narteks.net\" \/>\n<meta property=\"article:published_time\" content=\"2009-04-17T07:44:03+00:00\" \/>\n<meta property=\"og:image\" content=\"http:\/\/upload.wikimedia.org\/wikipedia\/commons\/thumb\/0\/04\/Pablo_Neruda.jpg\/150px-Pablo_Neruda.jpg\" \/>\n<meta name=\"author\" content=\"Tar\u0131k\" \/>\n<meta name=\"twitter:card\" content=\"summary_large_image\" \/>\n<meta name=\"twitter:creator\" content=\"@narteks\" \/>\n<meta name=\"twitter:site\" content=\"@narteks\" \/>\n<meta name=\"twitter:label1\" content=\"Yazan:\" \/>\n\t<meta name=\"twitter:data1\" content=\"Tar\u0131k\" \/>\n\t<meta name=\"twitter:label2\" content=\"Tahmini okuma s\u00fcresi\" \/>\n\t<meta name=\"twitter:data2\" content=\"5 dakika\" \/>\n<script type=\"application\/ld+json\" class=\"yoast-schema-graph\">{\"@context\":\"https:\/\/schema.org\",\"@graph\":[{\"@type\":\"Article\",\"@id\":\"https:\/\/narteks.net\/index.php\/2009\/04\/17\/pablo-neruda-biyografisi\/#article\",\"isPartOf\":{\"@id\":\"https:\/\/narteks.net\/index.php\/2009\/04\/17\/pablo-neruda-biyografisi\/\"},\"author\":{\"name\":\"Tar\u0131k\",\"@id\":\"https:\/\/narteks.net\/#\/schema\/person\/61f37d9834294b72d31d274e7ed79bca\"},\"headline\":\"Pablo NERUDA Biyografisi\",\"datePublished\":\"2009-04-17T07:44:03+00:00\",\"mainEntityOfPage\":{\"@id\":\"https:\/\/narteks.net\/index.php\/2009\/04\/17\/pablo-neruda-biyografisi\/\"},\"wordCount\":980,\"commentCount\":0,\"publisher\":{\"@id\":\"https:\/\/narteks.net\/#organization\"},\"image\":{\"@id\":\"https:\/\/narteks.net\/index.php\/2009\/04\/17\/pablo-neruda-biyografisi\/#primaryimage\"},\"thumbnailUrl\":\"http:\/\/upload.wikimedia.org\/wikipedia\/commons\/thumb\/0\/04\/Pablo_Neruda.jpg\/150px-Pablo_Neruda.jpg\",\"articleSection\":[\"Pablo NERUDA\"],\"inLanguage\":\"tr\",\"potentialAction\":[{\"@type\":\"CommentAction\",\"name\":\"Comment\",\"target\":[\"https:\/\/narteks.net\/index.php\/2009\/04\/17\/pablo-neruda-biyografisi\/#respond\"]}]},{\"@type\":\"WebPage\",\"@id\":\"https:\/\/narteks.net\/index.php\/2009\/04\/17\/pablo-neruda-biyografisi\/\",\"url\":\"https:\/\/narteks.net\/index.php\/2009\/04\/17\/pablo-neruda-biyografisi\/\",\"name\":\"Pablo NERUDA Biyografisi - narteks.net\",\"isPartOf\":{\"@id\":\"https:\/\/narteks.net\/#website\"},\"primaryImageOfPage\":{\"@id\":\"https:\/\/narteks.net\/index.php\/2009\/04\/17\/pablo-neruda-biyografisi\/#primaryimage\"},\"image\":{\"@id\":\"https:\/\/narteks.net\/index.php\/2009\/04\/17\/pablo-neruda-biyografisi\/#primaryimage\"},\"thumbnailUrl\":\"http:\/\/upload.wikimedia.org\/wikipedia\/commons\/thumb\/0\/04\/Pablo_Neruda.jpg\/150px-Pablo_Neruda.jpg\",\"datePublished\":\"2009-04-17T07:44:03+00:00\",\"breadcrumb\":{\"@id\":\"https:\/\/narteks.net\/index.php\/2009\/04\/17\/pablo-neruda-biyografisi\/#breadcrumb\"},\"inLanguage\":\"tr\",\"potentialAction\":[{\"@type\":\"ReadAction\",\"target\":[\"https:\/\/narteks.net\/index.php\/2009\/04\/17\/pablo-neruda-biyografisi\/\"]}]},{\"@type\":\"ImageObject\",\"inLanguage\":\"tr\",\"@id\":\"https:\/\/narteks.net\/index.php\/2009\/04\/17\/pablo-neruda-biyografisi\/#primaryimage\",\"url\":\"http:\/\/upload.wikimedia.org\/wikipedia\/commons\/thumb\/0\/04\/Pablo_Neruda.jpg\/150px-Pablo_Neruda.jpg\",\"contentUrl\":\"http:\/\/upload.wikimedia.org\/wikipedia\/commons\/thumb\/0\/04\/Pablo_Neruda.jpg\/150px-Pablo_Neruda.jpg\"},{\"@type\":\"BreadcrumbList\",\"@id\":\"https:\/\/narteks.net\/index.php\/2009\/04\/17\/pablo-neruda-biyografisi\/#breadcrumb\",\"itemListElement\":[{\"@type\":\"ListItem\",\"position\":1,\"name\":\"Anasayfa\",\"item\":\"https:\/\/narteks.net\/\"},{\"@type\":\"ListItem\",\"position\":2,\"name\":\"Pablo NERUDA Biyografisi\"}]},{\"@type\":\"WebSite\",\"@id\":\"https:\/\/narteks.net\/#website\",\"url\":\"https:\/\/narteks.net\/\",\"name\":\"narteks.net\",\"description\":\"K\u00fclt\u00fcr Sanat Edebiyat Felsefe\",\"publisher\":{\"@id\":\"https:\/\/narteks.net\/#organization\"},\"alternateName\":\"K\u00fclt\u00fcr Sanat Edebiyat Felsefe\",\"potentialAction\":[{\"@type\":\"SearchAction\",\"target\":{\"@type\":\"EntryPoint\",\"urlTemplate\":\"https:\/\/narteks.net\/?s={search_term_string}\"},\"query-input\":{\"@type\":\"PropertyValueSpecification\",\"valueRequired\":true,\"valueName\":\"search_term_string\"}}],\"inLanguage\":\"tr\"},{\"@type\":\"Organization\",\"@id\":\"https:\/\/narteks.net\/#organization\",\"name\":\"narteks.net\",\"url\":\"https:\/\/narteks.net\/\",\"logo\":{\"@type\":\"ImageObject\",\"inLanguage\":\"tr\",\"@id\":\"https:\/\/narteks.net\/#\/schema\/logo\/image\/\",\"url\":\"https:\/\/narteks.net\/wp-content\/uploads\/narteks.png\",\"contentUrl\":\"https:\/\/narteks.net\/wp-content\/uploads\/narteks.png\",\"width\":300,\"height\":90,\"caption\":\"narteks.net\"},\"image\":{\"@id\":\"https:\/\/narteks.net\/#\/schema\/logo\/image\/\"},\"sameAs\":[\"https:\/\/x.com\/narteks\",\"https:\/\/instagram.com\/narteksnet\"]},{\"@type\":\"Person\",\"@id\":\"https:\/\/narteks.net\/#\/schema\/person\/61f37d9834294b72d31d274e7ed79bca\",\"name\":\"Tar\u0131k\",\"image\":{\"@type\":\"ImageObject\",\"inLanguage\":\"tr\",\"@id\":\"https:\/\/narteks.net\/#\/schema\/person\/image\/\",\"url\":\"https:\/\/secure.gravatar.com\/avatar\/50865afb55632c4ae467e0af0930f6510aa2297d8014be502a55b14f3b7550cf?s=96&d=mm&r=g\",\"contentUrl\":\"https:\/\/secure.gravatar.com\/avatar\/50865afb55632c4ae467e0af0930f6510aa2297d8014be502a55b14f3b7550cf?s=96&d=mm&r=g\",\"caption\":\"Tar\u0131k\"},\"sameAs\":[\"http:\/\/narteks.net\"],\"url\":\"https:\/\/narteks.net\/index.php\/author\/narbak\/\"}]}<\/script>\n<!-- \/ Yoast SEO Premium plugin. -->","yoast_head_json":{"title":"Pablo NERUDA Biyografisi - narteks.net","robots":{"index":"index","follow":"follow","max-snippet":"max-snippet:-1","max-image-preview":"max-image-preview:large","max-video-preview":"max-video-preview:-1"},"canonical":"https:\/\/narteks.net\/index.php\/2009\/04\/17\/pablo-neruda-biyografisi\/","og_locale":"tr_TR","og_type":"article","og_title":"Pablo NERUDA Biyografisi","og_description":"Pablo Neruda (as\u0131l ismi: Ricardo Eliezer Neftal\u00ed Reyes Basoalto) (12 Temmuz 1904 Parral, \u015eili &#8211; 23 Eyl\u00fcl 1973 Santiago), \u015eilili yazar ve \u015fair. \u015eili&#8217;de demiryolu i\u015f\u00e7isi bir baba ve \u00f6\u011fretmen bir annenin \u00e7ocu\u011fu olarak d\u00fcnyaya geldi. Annesini \u00e7ok k\u00fc\u00e7\u00fckken kaybetti. 13 ya\u015f\u0131ndayken yerel &#8220;La Ma\u00f1ana&#8221; gazetesindeki baz\u0131 makalelerle katk\u0131da bulunmaya ba\u015flad\u0131. 1920&#8217;de &#8220;Selva Austral&#8221; isimli [&hellip;]","og_url":"https:\/\/narteks.net\/index.php\/2009\/04\/17\/pablo-neruda-biyografisi\/","og_site_name":"narteks.net","article_published_time":"2009-04-17T07:44:03+00:00","og_image":[{"url":"http:\/\/upload.wikimedia.org\/wikipedia\/commons\/thumb\/0\/04\/Pablo_Neruda.jpg\/150px-Pablo_Neruda.jpg","type":"","width":"","height":""}],"author":"Tar\u0131k","twitter_card":"summary_large_image","twitter_creator":"@narteks","twitter_site":"@narteks","twitter_misc":{"Yazan:":"Tar\u0131k","Tahmini okuma s\u00fcresi":"5 dakika"},"schema":{"@context":"https:\/\/schema.org","@graph":[{"@type":"Article","@id":"https:\/\/narteks.net\/index.php\/2009\/04\/17\/pablo-neruda-biyografisi\/#article","isPartOf":{"@id":"https:\/\/narteks.net\/index.php\/2009\/04\/17\/pablo-neruda-biyografisi\/"},"author":{"name":"Tar\u0131k","@id":"https:\/\/narteks.net\/#\/schema\/person\/61f37d9834294b72d31d274e7ed79bca"},"headline":"Pablo NERUDA Biyografisi","datePublished":"2009-04-17T07:44:03+00:00","mainEntityOfPage":{"@id":"https:\/\/narteks.net\/index.php\/2009\/04\/17\/pablo-neruda-biyografisi\/"},"wordCount":980,"commentCount":0,"publisher":{"@id":"https:\/\/narteks.net\/#organization"},"image":{"@id":"https:\/\/narteks.net\/index.php\/2009\/04\/17\/pablo-neruda-biyografisi\/#primaryimage"},"thumbnailUrl":"http:\/\/upload.wikimedia.org\/wikipedia\/commons\/thumb\/0\/04\/Pablo_Neruda.jpg\/150px-Pablo_Neruda.jpg","articleSection":["Pablo NERUDA"],"inLanguage":"tr","potentialAction":[{"@type":"CommentAction","name":"Comment","target":["https:\/\/narteks.net\/index.php\/2009\/04\/17\/pablo-neruda-biyografisi\/#respond"]}]},{"@type":"WebPage","@id":"https:\/\/narteks.net\/index.php\/2009\/04\/17\/pablo-neruda-biyografisi\/","url":"https:\/\/narteks.net\/index.php\/2009\/04\/17\/pablo-neruda-biyografisi\/","name":"Pablo NERUDA Biyografisi - narteks.net","isPartOf":{"@id":"https:\/\/narteks.net\/#website"},"primaryImageOfPage":{"@id":"https:\/\/narteks.net\/index.php\/2009\/04\/17\/pablo-neruda-biyografisi\/#primaryimage"},"image":{"@id":"https:\/\/narteks.net\/index.php\/2009\/04\/17\/pablo-neruda-biyografisi\/#primaryimage"},"thumbnailUrl":"http:\/\/upload.wikimedia.org\/wikipedia\/commons\/thumb\/0\/04\/Pablo_Neruda.jpg\/150px-Pablo_Neruda.jpg","datePublished":"2009-04-17T07:44:03+00:00","breadcrumb":{"@id":"https:\/\/narteks.net\/index.php\/2009\/04\/17\/pablo-neruda-biyografisi\/#breadcrumb"},"inLanguage":"tr","potentialAction":[{"@type":"ReadAction","target":["https:\/\/narteks.net\/index.php\/2009\/04\/17\/pablo-neruda-biyografisi\/"]}]},{"@type":"ImageObject","inLanguage":"tr","@id":"https:\/\/narteks.net\/index.php\/2009\/04\/17\/pablo-neruda-biyografisi\/#primaryimage","url":"http:\/\/upload.wikimedia.org\/wikipedia\/commons\/thumb\/0\/04\/Pablo_Neruda.jpg\/150px-Pablo_Neruda.jpg","contentUrl":"http:\/\/upload.wikimedia.org\/wikipedia\/commons\/thumb\/0\/04\/Pablo_Neruda.jpg\/150px-Pablo_Neruda.jpg"},{"@type":"BreadcrumbList","@id":"https:\/\/narteks.net\/index.php\/2009\/04\/17\/pablo-neruda-biyografisi\/#breadcrumb","itemListElement":[{"@type":"ListItem","position":1,"name":"Anasayfa","item":"https:\/\/narteks.net\/"},{"@type":"ListItem","position":2,"name":"Pablo NERUDA Biyografisi"}]},{"@type":"WebSite","@id":"https:\/\/narteks.net\/#website","url":"https:\/\/narteks.net\/","name":"narteks.net","description":"K\u00fclt\u00fcr Sanat Edebiyat Felsefe","publisher":{"@id":"https:\/\/narteks.net\/#organization"},"alternateName":"K\u00fclt\u00fcr Sanat Edebiyat Felsefe","potentialAction":[{"@type":"SearchAction","target":{"@type":"EntryPoint","urlTemplate":"https:\/\/narteks.net\/?s={search_term_string}"},"query-input":{"@type":"PropertyValueSpecification","valueRequired":true,"valueName":"search_term_string"}}],"inLanguage":"tr"},{"@type":"Organization","@id":"https:\/\/narteks.net\/#organization","name":"narteks.net","url":"https:\/\/narteks.net\/","logo":{"@type":"ImageObject","inLanguage":"tr","@id":"https:\/\/narteks.net\/#\/schema\/logo\/image\/","url":"https:\/\/narteks.net\/wp-content\/uploads\/narteks.png","contentUrl":"https:\/\/narteks.net\/wp-content\/uploads\/narteks.png","width":300,"height":90,"caption":"narteks.net"},"image":{"@id":"https:\/\/narteks.net\/#\/schema\/logo\/image\/"},"sameAs":["https:\/\/x.com\/narteks","https:\/\/instagram.com\/narteksnet"]},{"@type":"Person","@id":"https:\/\/narteks.net\/#\/schema\/person\/61f37d9834294b72d31d274e7ed79bca","name":"Tar\u0131k","image":{"@type":"ImageObject","inLanguage":"tr","@id":"https:\/\/narteks.net\/#\/schema\/person\/image\/","url":"https:\/\/secure.gravatar.com\/avatar\/50865afb55632c4ae467e0af0930f6510aa2297d8014be502a55b14f3b7550cf?s=96&d=mm&r=g","contentUrl":"https:\/\/secure.gravatar.com\/avatar\/50865afb55632c4ae467e0af0930f6510aa2297d8014be502a55b14f3b7550cf?s=96&d=mm&r=g","caption":"Tar\u0131k"},"sameAs":["http:\/\/narteks.net"],"url":"https:\/\/narteks.net\/index.php\/author\/narbak\/"}]}},"_links":{"self":[{"href":"https:\/\/narteks.net\/index.php\/wp-json\/wp\/v2\/posts\/690","targetHints":{"allow":["GET"]}}],"collection":[{"href":"https:\/\/narteks.net\/index.php\/wp-json\/wp\/v2\/posts"}],"about":[{"href":"https:\/\/narteks.net\/index.php\/wp-json\/wp\/v2\/types\/post"}],"author":[{"embeddable":true,"href":"https:\/\/narteks.net\/index.php\/wp-json\/wp\/v2\/users\/1"}],"replies":[{"embeddable":true,"href":"https:\/\/narteks.net\/index.php\/wp-json\/wp\/v2\/comments?post=690"}],"version-history":[{"count":0,"href":"https:\/\/narteks.net\/index.php\/wp-json\/wp\/v2\/posts\/690\/revisions"}],"wp:attachment":[{"href":"https:\/\/narteks.net\/index.php\/wp-json\/wp\/v2\/media?parent=690"}],"wp:term":[{"taxonomy":"category","embeddable":true,"href":"https:\/\/narteks.net\/index.php\/wp-json\/wp\/v2\/categories?post=690"},{"taxonomy":"post_tag","embeddable":true,"href":"https:\/\/narteks.net\/index.php\/wp-json\/wp\/v2\/tags?post=690"}],"curies":[{"name":"wp","href":"https:\/\/api.w.org\/{rel}","templated":true}]}}