{"id":6905,"date":"2012-09-28T23:02:51","date_gmt":"2012-09-28T20:02:51","guid":{"rendered":"http:\/\/localhost\/wordpress\/2012\/09\/28\/evet-biz-ikiz-kardesiz-ey-gece-cunku-sen-evreni-aciga-cikarirsin-ben-ruhumu-halil-cibran\/"},"modified":"2012-09-28T23:02:51","modified_gmt":"2012-09-28T20:02:51","slug":"evet-biz-ikiz-kardesiz-ey-gece-cunku-sen-evreni-aciga-cikarirsin-ben-ruhumu-halil-cibran","status":"publish","type":"post","link":"https:\/\/narteks.net\/index.php\/2012\/09\/28\/evet-biz-ikiz-kardesiz-ey-gece-cunku-sen-evreni-aciga-cikarirsin-ben-ruhumu-halil-cibran\/","title":{"rendered":"Evet, biz ikiz karde\u015fiz, ey Gece, \u00e7\u00fcnk\u00fc sen evreni a\u00e7\u0131\u011fa \u00e7\u0131kar\u0131rs\u0131n, ben ruhumu | Halil Cibran"},"content":{"rendered":"<p style=\"text-align: justify;\"><img loading=\"lazy\" decoding=\"async\" src=\"images\/stories\/halilcibran.jpg\" border=\"0\" width=\"155\" height=\"205\" style=\"border: 0px none; float: left;\" \/>&#8220;Ben senin gibiyim, ey Gece, karanl\u0131k ve \u00e7\u0131plak; g\u00fcnd\u00fcz d\u00fc\u015flerimin \u00f6tesinde yanan patikada y\u00fcr\u00fcr\u00fcm ve ne zaman aya\u011f\u0131m topra\u011fa dokunsa oradan dev bir me\u015fe a\u011fac\u0131 \u00e7\u0131kar.&#8221;<\/p>\n<p style=\"text-align: justify;\">&#8220;Yo, sen benim gibi de\u011filsin, ey Deli; \u00e7\u00fcnk\u00fc sen h\u00e2l\u00e2 kumda b\u0131rakt\u0131\u011f\u0131n ayak izlerinin ne kadar b\u00fcy\u00fck oldu\u011funu g\u00f6rmek i\u00e7in arkana bakars\u0131n.&#8221;<\/p>\n<p style=\"text-align: justify;\">&#8220;Ben senin gibiyim, ey Gece, sessiz ve derin; ve yaln\u0131zl\u0131\u011f\u0131m\u0131n ortas\u0131nda bir be\u015fikte bir Tanr\u0131\u00e7a yatar ve Cennet&#8217;te do\u011fan yaln\u0131zl\u0131\u011f\u0131mda Cehennem&#8217;e dokunur.&#8221;<\/p>\n<p style=\"text-align: justify;\">&#8220;Yo, sen benim gibi de\u011filsin, ey Deli; \u00e7\u00fcnk\u00fc sen h\u00e2l\u00e2 ac\u0131 kar\u015f\u0131s\u0131nda \u00fcrperirsin ve u\u00e7urumun \u015fark\u0131s\u0131 seni korkutur.&#8221;<\/p>\n<p style=\"text-align: justify;\">&#8220;Ben senin gibiyim, ey Gece, vah\u015fi ve korkun\u00e7; \u00e7\u00fcnk\u00fc kulaklar\u0131m ma\u011flup uluslar\u0131n \u00e7\u0131\u011fl\u0131klar\u0131 ve yitirilmi\u015f topraklar\u0131n i\u00e7 \u00e7eki\u015fleriyle dolu.&#8221;<\/p>\n<p style=\"text-align: justify;\">&#8220;Yo, sen benim gibi de\u011filsin, ey Deli, \u00e7\u00fcnk\u00fc sen h\u00e2l\u00e2 kendi k\u00fc\u00e7\u00fck benli\u011fini kendine yolda\u015f al\u0131rs\u0131n ve dev benli\u011finle dost olamazs\u0131n.&#8221;<\/p>\n<p style=\"text-align: justify;\">Ben senin gibiyim, ey Gece, ac\u0131mas\u0131z ve korkutucu; \u00e7\u00fcnk\u00fc ba\u011fr\u0131m denizde yanan gemilerle tutu\u015fur ve dudaklar\u0131m \u00f6len sava\u015f\u00e7\u0131lar\u0131n kan\u0131yla \u0131slan\u0131r.&#8221; ,<\/p>\n<p style=\"text-align: justify;\">&#8220;Yo, sen benim gibi de\u011filsin, ey Deli, \u00e7\u00fcnk\u00fc h\u00e2l\u00e2 bir iyilik mele\u011fi olma arzusuyla dolusun ve h\u00e2l\u00e2 kendi \u00fcst\u00fcnde bir yasa yapmad\u0131n.&#8221;<\/p>\n<p style=\"text-align: justify;\">&#8220;Ben senin gibiyim, ey Gece, ne\u015feli ve mutlu; \u00e7\u00fcnk\u00fc benim g\u00f6lgemde oturan ger\u00e7ek \u015farapla sarho\u015f olur ve beni izleyen kad\u0131n sevin\u00e7le g\u00fcnah i\u015fler.&#8221;<\/p>\n<p style=\"text-align: justify;\">&#8220;Yo, sen benim gibi de\u011filsin, ey Deli, \u00e7\u00fcnk\u00fc senin ruhun yedi kat giysiyle kapl\u0131d\u0131r ve sen kalbini elinde tutamazs\u0131n.&#8221;<\/p>\n<p style=\"text-align: justify;\">&#8220;Ben senin gibiyim, ey Gece, sab\u0131rl\u0131 ve tutkulu; \u00e7\u00fcnk\u00fc g\u00f6\u011fs\u00fcmde, solgun \u00f6p\u00fc\u015flerin kefenleriyle binlerce sevgili g\u00f6m\u00fcl\u00fc.&#8221;<\/p>\n<p style=\"text-align: justify;\">&#8220;\u00d6yle mi, Deli, sen benim gibi misin? Sen benim gibi misin? Ve bir ata biner gibi f\u0131rt\u0131naya binebilir ve bir k\u0131l\u0131\u00e7 olup \u015fim\u015fe\u011fi tutabilir misin?&#8221;<\/p>\n<p style=\"text-align: justify;\">&#8220;Senin gibi, ey Gece, senin gibi g\u00fc\u00e7l\u00fc ve uluyum ve taht\u0131m g\u00f6zden d\u00fc\u015fm\u00fc\u015f tanr\u0131lar\u0131n y\u0131\u011f\u0131n\u0131 \u00fcst\u00fcne kurulu; ve benim \u00f6n\u00fcmden de g\u00fcnler elbisemin ete\u011fini \u00f6pmek i\u00e7in y\u00fcz\u00fcme hi\u00e7 bakmadan ge\u00e7erler.&#8221;<\/p>\n<p style=\"text-align: justify;\">&#8220;Benim gibi misin, ey karanl\u0131k y\u00fcre\u011fimin \u00e7ocu\u011fu? Ve benim yaban d\u00fc\u015f\u00fcncelerimi d\u00fc\u015f\u00fcn\u00fcr ve bo\u015f s\u00f6zlerimi mi konu\u015fursun?&#8221;<\/p>\n<p style=\"text-align: justify;\">&#8220;Evet, biz ikiz karde\u015fiz, ey Gece, \u00e7\u00fcnk\u00fc sen evreni a\u00e7\u0131\u011fa \u00e7\u0131kar\u0131rs\u0131n, ben ruhumu.&#8221;<\/p>\n<p style=\"text-align: justify;\">\u00a0<\/p>\n<p style=\"text-align: justify;\">Gece ve Deli | Deli &#8211; Halil Cibran<\/p>\n","protected":false},"excerpt":{"rendered":"<p>&#8220;Ben senin gibiyim, ey Gece, karanl\u0131k ve \u00e7\u0131plak; g\u00fcnd\u00fcz d\u00fc\u015flerimin \u00f6tesinde yanan patikada y\u00fcr\u00fcr\u00fcm ve ne zaman aya\u011f\u0131m topra\u011fa dokunsa oradan dev bir me\u015fe a\u011fac\u0131 \u00e7\u0131kar.&#8221; &#8220;Yo, sen benim gibi de\u011filsin, ey Deli; \u00e7\u00fcnk\u00fc sen h\u00e2l\u00e2 kumda b\u0131rakt\u0131\u011f\u0131n ayak izlerinin ne kadar b\u00fcy\u00fck oldu\u011funu g\u00f6rmek i\u00e7in arkana bakars\u0131n.&#8221; &#8220;Ben senin gibiyim, ey Gece, sessiz ve [&hellip;]<\/p>\n","protected":false},"author":1,"featured_media":0,"comment_status":"open","ping_status":"open","sticky":false,"template":"","format":"standard","meta":{"footnotes":""},"categories":[138],"tags":[],"class_list":{"0":"post-6905","1":"post","2":"type-post","3":"status-publish","4":"format-standard","6":"category-edebiyat-dunya"},"yoast_head":"<!-- This site is optimized with the Yoast SEO Premium plugin v24.9 (Yoast SEO v24.9) - https:\/\/yoast.com\/wordpress\/plugins\/seo\/ -->\n<title>Evet, biz ikiz karde\u015fiz, ey Gece, \u00e7\u00fcnk\u00fc sen evreni a\u00e7\u0131\u011fa \u00e7\u0131kar\u0131rs\u0131n, ben ruhumu | Halil Cibran - narteks.net<\/title>\n<meta name=\"robots\" content=\"index, follow, max-snippet:-1, max-image-preview:large, max-video-preview:-1\" \/>\n<link rel=\"canonical\" href=\"https:\/\/narteks.net\/index.php\/2012\/09\/28\/evet-biz-ikiz-kardesiz-ey-gece-cunku-sen-evreni-aciga-cikarirsin-ben-ruhumu-halil-cibran\/\" \/>\n<meta property=\"og:locale\" content=\"tr_TR\" \/>\n<meta property=\"og:type\" content=\"article\" \/>\n<meta property=\"og:title\" content=\"Evet, biz ikiz karde\u015fiz, ey Gece, \u00e7\u00fcnk\u00fc sen evreni a\u00e7\u0131\u011fa \u00e7\u0131kar\u0131rs\u0131n, ben ruhumu | Halil Cibran\" \/>\n<meta property=\"og:description\" content=\"&#8220;Ben senin gibiyim, ey Gece, karanl\u0131k ve \u00e7\u0131plak; g\u00fcnd\u00fcz d\u00fc\u015flerimin \u00f6tesinde yanan patikada y\u00fcr\u00fcr\u00fcm ve ne zaman aya\u011f\u0131m topra\u011fa dokunsa oradan dev bir me\u015fe a\u011fac\u0131 \u00e7\u0131kar.&#8221; &#8220;Yo, sen benim gibi de\u011filsin, ey Deli; \u00e7\u00fcnk\u00fc sen h\u00e2l\u00e2 kumda b\u0131rakt\u0131\u011f\u0131n ayak izlerinin ne kadar b\u00fcy\u00fck oldu\u011funu g\u00f6rmek i\u00e7in arkana bakars\u0131n.&#8221; &#8220;Ben senin gibiyim, ey Gece, sessiz ve [&hellip;]\" \/>\n<meta property=\"og:url\" content=\"https:\/\/narteks.net\/index.php\/2012\/09\/28\/evet-biz-ikiz-kardesiz-ey-gece-cunku-sen-evreni-aciga-cikarirsin-ben-ruhumu-halil-cibran\/\" \/>\n<meta property=\"og:site_name\" content=\"narteks.net\" \/>\n<meta property=\"article:published_time\" content=\"2012-09-28T20:02:51+00:00\" \/>\n<meta property=\"og:image\" content=\"https:\/\/narteks.net\/wp-content\/uploads\/narteks.png\" \/>\n\t<meta property=\"og:image:width\" content=\"300\" \/>\n\t<meta property=\"og:image:height\" content=\"90\" \/>\n\t<meta property=\"og:image:type\" content=\"image\/png\" \/>\n<meta name=\"author\" content=\"Tar\u0131k\" \/>\n<meta name=\"twitter:card\" content=\"summary_large_image\" \/>\n<meta name=\"twitter:creator\" content=\"@narteks\" \/>\n<meta name=\"twitter:site\" content=\"@narteks\" \/>\n<meta name=\"twitter:label1\" content=\"Yazan:\" \/>\n\t<meta name=\"twitter:data1\" content=\"Tar\u0131k\" \/>\n\t<meta name=\"twitter:label2\" content=\"Tahmini okuma s\u00fcresi\" \/>\n\t<meta name=\"twitter:data2\" content=\"2 dakika\" \/>\n<script type=\"application\/ld+json\" class=\"yoast-schema-graph\">{\"@context\":\"https:\/\/schema.org\",\"@graph\":[{\"@type\":\"Article\",\"@id\":\"https:\/\/narteks.net\/index.php\/2012\/09\/28\/evet-biz-ikiz-kardesiz-ey-gece-cunku-sen-evreni-aciga-cikarirsin-ben-ruhumu-halil-cibran\/#article\",\"isPartOf\":{\"@id\":\"https:\/\/narteks.net\/index.php\/2012\/09\/28\/evet-biz-ikiz-kardesiz-ey-gece-cunku-sen-evreni-aciga-cikarirsin-ben-ruhumu-halil-cibran\/\"},\"author\":{\"name\":\"Tar\u0131k\",\"@id\":\"https:\/\/narteks.net\/#\/schema\/person\/61f37d9834294b72d31d274e7ed79bca\"},\"headline\":\"Evet, biz ikiz karde\u015fiz, ey Gece, \u00e7\u00fcnk\u00fc sen evreni a\u00e7\u0131\u011fa \u00e7\u0131kar\u0131rs\u0131n, ben ruhumu | Halil Cibran\",\"datePublished\":\"2012-09-28T20:02:51+00:00\",\"mainEntityOfPage\":{\"@id\":\"https:\/\/narteks.net\/index.php\/2012\/09\/28\/evet-biz-ikiz-kardesiz-ey-gece-cunku-sen-evreni-aciga-cikarirsin-ben-ruhumu-halil-cibran\/\"},\"wordCount\":456,\"commentCount\":0,\"publisher\":{\"@id\":\"https:\/\/narteks.net\/#organization\"},\"articleSection\":[\"Edebiyat ( D\u00fcnya )\"],\"inLanguage\":\"tr\",\"potentialAction\":[{\"@type\":\"CommentAction\",\"name\":\"Comment\",\"target\":[\"https:\/\/narteks.net\/index.php\/2012\/09\/28\/evet-biz-ikiz-kardesiz-ey-gece-cunku-sen-evreni-aciga-cikarirsin-ben-ruhumu-halil-cibran\/#respond\"]}]},{\"@type\":\"WebPage\",\"@id\":\"https:\/\/narteks.net\/index.php\/2012\/09\/28\/evet-biz-ikiz-kardesiz-ey-gece-cunku-sen-evreni-aciga-cikarirsin-ben-ruhumu-halil-cibran\/\",\"url\":\"https:\/\/narteks.net\/index.php\/2012\/09\/28\/evet-biz-ikiz-kardesiz-ey-gece-cunku-sen-evreni-aciga-cikarirsin-ben-ruhumu-halil-cibran\/\",\"name\":\"Evet, biz ikiz karde\u015fiz, ey Gece, \u00e7\u00fcnk\u00fc sen evreni a\u00e7\u0131\u011fa \u00e7\u0131kar\u0131rs\u0131n, ben ruhumu | Halil Cibran - narteks.net\",\"isPartOf\":{\"@id\":\"https:\/\/narteks.net\/#website\"},\"datePublished\":\"2012-09-28T20:02:51+00:00\",\"breadcrumb\":{\"@id\":\"https:\/\/narteks.net\/index.php\/2012\/09\/28\/evet-biz-ikiz-kardesiz-ey-gece-cunku-sen-evreni-aciga-cikarirsin-ben-ruhumu-halil-cibran\/#breadcrumb\"},\"inLanguage\":\"tr\",\"potentialAction\":[{\"@type\":\"ReadAction\",\"target\":[\"https:\/\/narteks.net\/index.php\/2012\/09\/28\/evet-biz-ikiz-kardesiz-ey-gece-cunku-sen-evreni-aciga-cikarirsin-ben-ruhumu-halil-cibran\/\"]}]},{\"@type\":\"BreadcrumbList\",\"@id\":\"https:\/\/narteks.net\/index.php\/2012\/09\/28\/evet-biz-ikiz-kardesiz-ey-gece-cunku-sen-evreni-aciga-cikarirsin-ben-ruhumu-halil-cibran\/#breadcrumb\",\"itemListElement\":[{\"@type\":\"ListItem\",\"position\":1,\"name\":\"Anasayfa\",\"item\":\"https:\/\/narteks.net\/\"},{\"@type\":\"ListItem\",\"position\":2,\"name\":\"Evet, biz ikiz karde\u015fiz, ey Gece, \u00e7\u00fcnk\u00fc sen evreni a\u00e7\u0131\u011fa \u00e7\u0131kar\u0131rs\u0131n, ben ruhumu | Halil Cibran\"}]},{\"@type\":\"WebSite\",\"@id\":\"https:\/\/narteks.net\/#website\",\"url\":\"https:\/\/narteks.net\/\",\"name\":\"narteks.net\",\"description\":\"K\u00fclt\u00fcr Sanat Edebiyat Felsefe\",\"publisher\":{\"@id\":\"https:\/\/narteks.net\/#organization\"},\"alternateName\":\"K\u00fclt\u00fcr Sanat Edebiyat Felsefe\",\"potentialAction\":[{\"@type\":\"SearchAction\",\"target\":{\"@type\":\"EntryPoint\",\"urlTemplate\":\"https:\/\/narteks.net\/?s={search_term_string}\"},\"query-input\":{\"@type\":\"PropertyValueSpecification\",\"valueRequired\":true,\"valueName\":\"search_term_string\"}}],\"inLanguage\":\"tr\"},{\"@type\":\"Organization\",\"@id\":\"https:\/\/narteks.net\/#organization\",\"name\":\"narteks.net\",\"url\":\"https:\/\/narteks.net\/\",\"logo\":{\"@type\":\"ImageObject\",\"inLanguage\":\"tr\",\"@id\":\"https:\/\/narteks.net\/#\/schema\/logo\/image\/\",\"url\":\"https:\/\/narteks.net\/wp-content\/uploads\/narteks.png\",\"contentUrl\":\"https:\/\/narteks.net\/wp-content\/uploads\/narteks.png\",\"width\":300,\"height\":90,\"caption\":\"narteks.net\"},\"image\":{\"@id\":\"https:\/\/narteks.net\/#\/schema\/logo\/image\/\"},\"sameAs\":[\"https:\/\/x.com\/narteks\",\"https:\/\/instagram.com\/narteksnet\"]},{\"@type\":\"Person\",\"@id\":\"https:\/\/narteks.net\/#\/schema\/person\/61f37d9834294b72d31d274e7ed79bca\",\"name\":\"Tar\u0131k\",\"image\":{\"@type\":\"ImageObject\",\"inLanguage\":\"tr\",\"@id\":\"https:\/\/narteks.net\/#\/schema\/person\/image\/\",\"url\":\"https:\/\/secure.gravatar.com\/avatar\/50865afb55632c4ae467e0af0930f6510aa2297d8014be502a55b14f3b7550cf?s=96&d=mm&r=g\",\"contentUrl\":\"https:\/\/secure.gravatar.com\/avatar\/50865afb55632c4ae467e0af0930f6510aa2297d8014be502a55b14f3b7550cf?s=96&d=mm&r=g\",\"caption\":\"Tar\u0131k\"},\"sameAs\":[\"http:\/\/narteks.net\"],\"url\":\"https:\/\/narteks.net\/index.php\/author\/narbak\/\"}]}<\/script>\n<!-- \/ Yoast SEO Premium plugin. -->","yoast_head_json":{"title":"Evet, biz ikiz karde\u015fiz, ey Gece, \u00e7\u00fcnk\u00fc sen evreni a\u00e7\u0131\u011fa \u00e7\u0131kar\u0131rs\u0131n, ben ruhumu | Halil Cibran - narteks.net","robots":{"index":"index","follow":"follow","max-snippet":"max-snippet:-1","max-image-preview":"max-image-preview:large","max-video-preview":"max-video-preview:-1"},"canonical":"https:\/\/narteks.net\/index.php\/2012\/09\/28\/evet-biz-ikiz-kardesiz-ey-gece-cunku-sen-evreni-aciga-cikarirsin-ben-ruhumu-halil-cibran\/","og_locale":"tr_TR","og_type":"article","og_title":"Evet, biz ikiz karde\u015fiz, ey Gece, \u00e7\u00fcnk\u00fc sen evreni a\u00e7\u0131\u011fa \u00e7\u0131kar\u0131rs\u0131n, ben ruhumu | Halil Cibran","og_description":"&#8220;Ben senin gibiyim, ey Gece, karanl\u0131k ve \u00e7\u0131plak; g\u00fcnd\u00fcz d\u00fc\u015flerimin \u00f6tesinde yanan patikada y\u00fcr\u00fcr\u00fcm ve ne zaman aya\u011f\u0131m topra\u011fa dokunsa oradan dev bir me\u015fe a\u011fac\u0131 \u00e7\u0131kar.&#8221; &#8220;Yo, sen benim gibi de\u011filsin, ey Deli; \u00e7\u00fcnk\u00fc sen h\u00e2l\u00e2 kumda b\u0131rakt\u0131\u011f\u0131n ayak izlerinin ne kadar b\u00fcy\u00fck oldu\u011funu g\u00f6rmek i\u00e7in arkana bakars\u0131n.&#8221; &#8220;Ben senin gibiyim, ey Gece, sessiz ve [&hellip;]","og_url":"https:\/\/narteks.net\/index.php\/2012\/09\/28\/evet-biz-ikiz-kardesiz-ey-gece-cunku-sen-evreni-aciga-cikarirsin-ben-ruhumu-halil-cibran\/","og_site_name":"narteks.net","article_published_time":"2012-09-28T20:02:51+00:00","og_image":[{"width":300,"height":90,"url":"https:\/\/narteks.net\/wp-content\/uploads\/narteks.png","type":"image\/png"}],"author":"Tar\u0131k","twitter_card":"summary_large_image","twitter_creator":"@narteks","twitter_site":"@narteks","twitter_misc":{"Yazan:":"Tar\u0131k","Tahmini okuma s\u00fcresi":"2 dakika"},"schema":{"@context":"https:\/\/schema.org","@graph":[{"@type":"Article","@id":"https:\/\/narteks.net\/index.php\/2012\/09\/28\/evet-biz-ikiz-kardesiz-ey-gece-cunku-sen-evreni-aciga-cikarirsin-ben-ruhumu-halil-cibran\/#article","isPartOf":{"@id":"https:\/\/narteks.net\/index.php\/2012\/09\/28\/evet-biz-ikiz-kardesiz-ey-gece-cunku-sen-evreni-aciga-cikarirsin-ben-ruhumu-halil-cibran\/"},"author":{"name":"Tar\u0131k","@id":"https:\/\/narteks.net\/#\/schema\/person\/61f37d9834294b72d31d274e7ed79bca"},"headline":"Evet, biz ikiz karde\u015fiz, ey Gece, \u00e7\u00fcnk\u00fc sen evreni a\u00e7\u0131\u011fa \u00e7\u0131kar\u0131rs\u0131n, ben ruhumu | Halil Cibran","datePublished":"2012-09-28T20:02:51+00:00","mainEntityOfPage":{"@id":"https:\/\/narteks.net\/index.php\/2012\/09\/28\/evet-biz-ikiz-kardesiz-ey-gece-cunku-sen-evreni-aciga-cikarirsin-ben-ruhumu-halil-cibran\/"},"wordCount":456,"commentCount":0,"publisher":{"@id":"https:\/\/narteks.net\/#organization"},"articleSection":["Edebiyat ( D\u00fcnya )"],"inLanguage":"tr","potentialAction":[{"@type":"CommentAction","name":"Comment","target":["https:\/\/narteks.net\/index.php\/2012\/09\/28\/evet-biz-ikiz-kardesiz-ey-gece-cunku-sen-evreni-aciga-cikarirsin-ben-ruhumu-halil-cibran\/#respond"]}]},{"@type":"WebPage","@id":"https:\/\/narteks.net\/index.php\/2012\/09\/28\/evet-biz-ikiz-kardesiz-ey-gece-cunku-sen-evreni-aciga-cikarirsin-ben-ruhumu-halil-cibran\/","url":"https:\/\/narteks.net\/index.php\/2012\/09\/28\/evet-biz-ikiz-kardesiz-ey-gece-cunku-sen-evreni-aciga-cikarirsin-ben-ruhumu-halil-cibran\/","name":"Evet, biz ikiz karde\u015fiz, ey Gece, \u00e7\u00fcnk\u00fc sen evreni a\u00e7\u0131\u011fa \u00e7\u0131kar\u0131rs\u0131n, ben ruhumu | Halil Cibran - narteks.net","isPartOf":{"@id":"https:\/\/narteks.net\/#website"},"datePublished":"2012-09-28T20:02:51+00:00","breadcrumb":{"@id":"https:\/\/narteks.net\/index.php\/2012\/09\/28\/evet-biz-ikiz-kardesiz-ey-gece-cunku-sen-evreni-aciga-cikarirsin-ben-ruhumu-halil-cibran\/#breadcrumb"},"inLanguage":"tr","potentialAction":[{"@type":"ReadAction","target":["https:\/\/narteks.net\/index.php\/2012\/09\/28\/evet-biz-ikiz-kardesiz-ey-gece-cunku-sen-evreni-aciga-cikarirsin-ben-ruhumu-halil-cibran\/"]}]},{"@type":"BreadcrumbList","@id":"https:\/\/narteks.net\/index.php\/2012\/09\/28\/evet-biz-ikiz-kardesiz-ey-gece-cunku-sen-evreni-aciga-cikarirsin-ben-ruhumu-halil-cibran\/#breadcrumb","itemListElement":[{"@type":"ListItem","position":1,"name":"Anasayfa","item":"https:\/\/narteks.net\/"},{"@type":"ListItem","position":2,"name":"Evet, biz ikiz karde\u015fiz, ey Gece, \u00e7\u00fcnk\u00fc sen evreni a\u00e7\u0131\u011fa \u00e7\u0131kar\u0131rs\u0131n, ben ruhumu | Halil Cibran"}]},{"@type":"WebSite","@id":"https:\/\/narteks.net\/#website","url":"https:\/\/narteks.net\/","name":"narteks.net","description":"K\u00fclt\u00fcr Sanat Edebiyat Felsefe","publisher":{"@id":"https:\/\/narteks.net\/#organization"},"alternateName":"K\u00fclt\u00fcr Sanat Edebiyat Felsefe","potentialAction":[{"@type":"SearchAction","target":{"@type":"EntryPoint","urlTemplate":"https:\/\/narteks.net\/?s={search_term_string}"},"query-input":{"@type":"PropertyValueSpecification","valueRequired":true,"valueName":"search_term_string"}}],"inLanguage":"tr"},{"@type":"Organization","@id":"https:\/\/narteks.net\/#organization","name":"narteks.net","url":"https:\/\/narteks.net\/","logo":{"@type":"ImageObject","inLanguage":"tr","@id":"https:\/\/narteks.net\/#\/schema\/logo\/image\/","url":"https:\/\/narteks.net\/wp-content\/uploads\/narteks.png","contentUrl":"https:\/\/narteks.net\/wp-content\/uploads\/narteks.png","width":300,"height":90,"caption":"narteks.net"},"image":{"@id":"https:\/\/narteks.net\/#\/schema\/logo\/image\/"},"sameAs":["https:\/\/x.com\/narteks","https:\/\/instagram.com\/narteksnet"]},{"@type":"Person","@id":"https:\/\/narteks.net\/#\/schema\/person\/61f37d9834294b72d31d274e7ed79bca","name":"Tar\u0131k","image":{"@type":"ImageObject","inLanguage":"tr","@id":"https:\/\/narteks.net\/#\/schema\/person\/image\/","url":"https:\/\/secure.gravatar.com\/avatar\/50865afb55632c4ae467e0af0930f6510aa2297d8014be502a55b14f3b7550cf?s=96&d=mm&r=g","contentUrl":"https:\/\/secure.gravatar.com\/avatar\/50865afb55632c4ae467e0af0930f6510aa2297d8014be502a55b14f3b7550cf?s=96&d=mm&r=g","caption":"Tar\u0131k"},"sameAs":["http:\/\/narteks.net"],"url":"https:\/\/narteks.net\/index.php\/author\/narbak\/"}]}},"_links":{"self":[{"href":"https:\/\/narteks.net\/index.php\/wp-json\/wp\/v2\/posts\/6905","targetHints":{"allow":["GET"]}}],"collection":[{"href":"https:\/\/narteks.net\/index.php\/wp-json\/wp\/v2\/posts"}],"about":[{"href":"https:\/\/narteks.net\/index.php\/wp-json\/wp\/v2\/types\/post"}],"author":[{"embeddable":true,"href":"https:\/\/narteks.net\/index.php\/wp-json\/wp\/v2\/users\/1"}],"replies":[{"embeddable":true,"href":"https:\/\/narteks.net\/index.php\/wp-json\/wp\/v2\/comments?post=6905"}],"version-history":[{"count":0,"href":"https:\/\/narteks.net\/index.php\/wp-json\/wp\/v2\/posts\/6905\/revisions"}],"wp:attachment":[{"href":"https:\/\/narteks.net\/index.php\/wp-json\/wp\/v2\/media?parent=6905"}],"wp:term":[{"taxonomy":"category","embeddable":true,"href":"https:\/\/narteks.net\/index.php\/wp-json\/wp\/v2\/categories?post=6905"},{"taxonomy":"post_tag","embeddable":true,"href":"https:\/\/narteks.net\/index.php\/wp-json\/wp\/v2\/tags?post=6905"}],"curies":[{"name":"wp","href":"https:\/\/api.w.org\/{rel}","templated":true}]}}