{"id":6908,"date":"2012-10-03T11:24:57","date_gmt":"2012-10-03T08:24:57","guid":{"rendered":"http:\/\/localhost\/wordpress\/2012\/10\/03\/sanat-baskidan-dogar-dogusle-yasar-hurlukten-olur-andre-gide\/"},"modified":"2012-10-03T11:24:57","modified_gmt":"2012-10-03T08:24:57","slug":"sanat-baskidan-dogar-dogusle-yasar-hurlukten-olur-andre-gide","status":"publish","type":"post","link":"https:\/\/narteks.net\/index.php\/2012\/10\/03\/sanat-baskidan-dogar-dogusle-yasar-hurlukten-olur-andre-gide\/","title":{"rendered":"Sanat bask\u0131dan do\u011far, d\u00f6\u011f\u00fc\u015fle ya\u015far, h\u00fcrl\u00fckten \u00f6l\u00fcr | Andre Gide"},"content":{"rendered":"<p style=\"text-align: justify;\"><img loading=\"lazy\" decoding=\"async\" src=\"http:\/\/upload.wikimedia.org\/wikipedia\/commons\/thumb\/f\/f4\/Gide_1893.jpg\/220px-Gide_1893.jpg\" border=\"0\" width=\"155\" height=\"205\" style=\"float: left;\" \/>Sanat, yava\u015f yava\u015f kuvvetten d\u00fc\u015f\u00fcnce, kapl\u0131calara g\u00f6t\u00fcr\u00fclen bir hasta gibi tabiata \u00e7\u0131kar\u0131l\u0131r. Ne yaz\u0131k ki tabiat art\u0131k ona bir \u015fey yapamaz. Bir anla\u015fmazl\u0131k var. Sanat\u0131n k\u00f6ye \u00e7ekilip dinlenmesi ve e\u011fer bitkinlikten sarar\u0131p soluyorsa, k\u0131rlarda, hayatta, gidip yeni bir canl\u0131l\u0131k aramas\u0131n\u0131 bazen iyi bulurum. G\u00fczellik hi\u00e7bir zaman tabii bir \u00fcr\u00fcn de\u011fildir; o ancak sun\u2019i bir bask\u0131 ile elde edilir. Sanatla tabiat yery\u00fcz\u00fcnde rekabet halindedir. Evet sanat tabiat\u0131 kucaklar, b\u00fct\u00fcn tabiat\u0131 kucaklar ve onu kollar\u0131 aras\u0131nda s\u0131kar; ama me\u015fhur dizeyi kullanarak diyelim ki:<\/p>\n<p>Sanat daima bask\u0131n\u0131n sonucudur. Onu, ne kadar serbestse o kadar yukar\u0131lara y\u00fckselir sanmak, u\u00e7urtmay\u0131 havalanmaktan al\u0131koyan \u015feyin ip oldu\u011funu sanmakt\u0131r.<\/p>\n<p>Kanad\u0131n\u0131 rahats\u0131z eden bu hava olmasa daha iyi u\u00e7aca\u011f\u0131n\u0131 d\u00fc\u015f\u00fcnen Kant\u2019\u0131n g\u00fcvercini, u\u00e7mak i\u00e7in kanad\u0131n\u0131 dayayabilece\u011fi bu hava mukavemetine muhta\u00e7 oldu\u011funu takdir etmemektedir.<\/p>\n<p>Sanat da b\u00f6yledir, y\u00fckselmek i\u00e7in dirence dayanmak zorundad\u0131r. \u015eimdi s\u00f6yledi\u011fim resim i\u00e7in, heykel i\u00e7in, musiki ve \u015fiir i\u00e7in de do\u011frudur. Sanat ancak hasta devirlerde h\u00fcrriyeti arar. Kolayca var olmak ister. Kendisi her kuvvetli bulu\u015fta, d\u00fc\u015f\u00fc\u015f ve engel arar, kal\u0131plar\u0131n\u0131 parampar\u00e7a etmekten ho\u015flan\u0131r, i\u015fte bunun i\u00e7in hayat\u0131n en ta\u015fk\u0131n oldu\u011fu devirlerde de\u011fil midir ki en heyecanl\u0131 dehalar, en s\u0131k\u0131 kal\u0131plar\u0131n ihtiyac\u0131 ile k\u0131vranm\u0131\u015flard\u0131r.<\/p>\n<p style=\"text-align: justify;\">Bereketli R\u00f6nesans zaman\u0131nda, Shakespeare\u2019in, Ronsard\u2019\u0131n, Petrarca\u2019n\u0131n, Michalengelo\u2019nun soneyi, Dante\u2019nin \u00fc\u00e7l\u00fc kafiyeyi kullanmalar\u0131; Bach\u2019\u0131n fugue\u2019\u00fc a\u015f\u0131r\u0131 duydu\u011fu dayan\u0131lmaz ihtiya\u00e7 hep bundand\u0131r. Verilecek daha ne \u00f6rnekler var! Lirik ilhamdaki geni\u015fleme kuvvetinin onun bask\u0131s\u0131 ile orant\u0131l\u0131 oldu\u011funa, yahut da yenilmesi gereken yer \u00e7ekiminin mimarl\u0131\u011f\u0131na imkan verdi\u011fine \u015fa\u015fmamak m\u0131 laz\u0131m?<\/p>\n<p>B\u00fcy\u00fck sanat\u00e7\u0131, g\u00fc\u00e7l\u00fc\u011f\u00fcn co\u015fturdu\u011fu, engeli kendisine s\u0131\u00e7rama tahtas\u0131 yapan adamd\u0131r. Derler ki Michalengelo\u2019yu Musa\u2019n\u0131n ellerine toplu bir hareket vermeye zorlayan, mermersizlik olmu\u015ftur. Sahnede, hep birden kullan\u0131lacak ses perdelerinin say\u0131l\u0131 olu\u015fudur ki, Eschyle\u2019i, Kafkas da\u011flar\u0131nda zincire vurulan Prometheus\u2019un susu\u015funu icat etmek zorunda b\u0131rakm\u0131\u015ft\u0131r. Eski Yunanl\u0131larda saza bir tel ekleyen adam \u015fiddetle cezaland\u0131r\u0131l\u0131rd\u0131. Sanat bask\u0131dan do\u011far, d\u00f6\u011f\u00fc\u015fle ya\u015far, h\u00fcrl\u00fckten \u00f6l\u00fcr.<\/p>\n","protected":false},"excerpt":{"rendered":"<p>Sanat, yava\u015f yava\u015f kuvvetten d\u00fc\u015f\u00fcnce, kapl\u0131calara g\u00f6t\u00fcr\u00fclen bir hasta gibi tabiata \u00e7\u0131kar\u0131l\u0131r. Ne yaz\u0131k ki tabiat art\u0131k ona bir \u015fey yapamaz. Bir anla\u015fmazl\u0131k var. Sanat\u0131n k\u00f6ye \u00e7ekilip dinlenmesi ve e\u011fer bitkinlikten sarar\u0131p soluyorsa, k\u0131rlarda, hayatta, gidip yeni bir canl\u0131l\u0131k aramas\u0131n\u0131 bazen iyi bulurum. G\u00fczellik hi\u00e7bir zaman tabii bir \u00fcr\u00fcn de\u011fildir; o ancak sun\u2019i bir bask\u0131 [&hellip;]<\/p>\n","protected":false},"author":1,"featured_media":0,"comment_status":"open","ping_status":"open","sticky":false,"template":"","format":"standard","meta":{"footnotes":""},"categories":[134],"tags":[],"class_list":{"0":"post-6908","1":"post","2":"type-post","3":"status-publish","4":"format-standard","6":"category-kuram"},"yoast_head":"<!-- This site is optimized with the Yoast SEO Premium plugin v24.9 (Yoast SEO v24.9) - https:\/\/yoast.com\/wordpress\/plugins\/seo\/ -->\n<title>Sanat bask\u0131dan do\u011far, d\u00f6\u011f\u00fc\u015fle ya\u015far, h\u00fcrl\u00fckten \u00f6l\u00fcr | Andre Gide - narteks.net<\/title>\n<meta name=\"robots\" content=\"index, follow, max-snippet:-1, max-image-preview:large, max-video-preview:-1\" \/>\n<link rel=\"canonical\" href=\"https:\/\/narteks.net\/index.php\/2012\/10\/03\/sanat-baskidan-dogar-dogusle-yasar-hurlukten-olur-andre-gide\/\" \/>\n<meta property=\"og:locale\" content=\"tr_TR\" \/>\n<meta property=\"og:type\" content=\"article\" \/>\n<meta property=\"og:title\" content=\"Sanat bask\u0131dan do\u011far, d\u00f6\u011f\u00fc\u015fle ya\u015far, h\u00fcrl\u00fckten \u00f6l\u00fcr | Andre Gide\" \/>\n<meta property=\"og:description\" content=\"Sanat, yava\u015f yava\u015f kuvvetten d\u00fc\u015f\u00fcnce, kapl\u0131calara g\u00f6t\u00fcr\u00fclen bir hasta gibi tabiata \u00e7\u0131kar\u0131l\u0131r. Ne yaz\u0131k ki tabiat art\u0131k ona bir \u015fey yapamaz. Bir anla\u015fmazl\u0131k var. Sanat\u0131n k\u00f6ye \u00e7ekilip dinlenmesi ve e\u011fer bitkinlikten sarar\u0131p soluyorsa, k\u0131rlarda, hayatta, gidip yeni bir canl\u0131l\u0131k aramas\u0131n\u0131 bazen iyi bulurum. G\u00fczellik hi\u00e7bir zaman tabii bir \u00fcr\u00fcn de\u011fildir; o ancak sun\u2019i bir bask\u0131 [&hellip;]\" \/>\n<meta property=\"og:url\" content=\"https:\/\/narteks.net\/index.php\/2012\/10\/03\/sanat-baskidan-dogar-dogusle-yasar-hurlukten-olur-andre-gide\/\" \/>\n<meta property=\"og:site_name\" content=\"narteks.net\" \/>\n<meta property=\"article:published_time\" content=\"2012-10-03T08:24:57+00:00\" \/>\n<meta property=\"og:image\" content=\"http:\/\/upload.wikimedia.org\/wikipedia\/commons\/thumb\/f\/f4\/Gide_1893.jpg\/220px-Gide_1893.jpg\" \/>\n<meta name=\"author\" content=\"Tar\u0131k\" \/>\n<meta name=\"twitter:card\" content=\"summary_large_image\" \/>\n<meta name=\"twitter:creator\" content=\"@narteks\" \/>\n<meta name=\"twitter:site\" content=\"@narteks\" \/>\n<meta name=\"twitter:label1\" content=\"Yazan:\" \/>\n\t<meta name=\"twitter:data1\" content=\"Tar\u0131k\" \/>\n\t<meta name=\"twitter:label2\" content=\"Tahmini okuma s\u00fcresi\" \/>\n\t<meta name=\"twitter:data2\" content=\"2 dakika\" \/>\n<script type=\"application\/ld+json\" class=\"yoast-schema-graph\">{\"@context\":\"https:\/\/schema.org\",\"@graph\":[{\"@type\":\"Article\",\"@id\":\"https:\/\/narteks.net\/index.php\/2012\/10\/03\/sanat-baskidan-dogar-dogusle-yasar-hurlukten-olur-andre-gide\/#article\",\"isPartOf\":{\"@id\":\"https:\/\/narteks.net\/index.php\/2012\/10\/03\/sanat-baskidan-dogar-dogusle-yasar-hurlukten-olur-andre-gide\/\"},\"author\":{\"name\":\"Tar\u0131k\",\"@id\":\"https:\/\/narteks.net\/#\/schema\/person\/61f37d9834294b72d31d274e7ed79bca\"},\"headline\":\"Sanat bask\u0131dan do\u011far, d\u00f6\u011f\u00fc\u015fle ya\u015far, h\u00fcrl\u00fckten \u00f6l\u00fcr | Andre Gide\",\"datePublished\":\"2012-10-03T08:24:57+00:00\",\"mainEntityOfPage\":{\"@id\":\"https:\/\/narteks.net\/index.php\/2012\/10\/03\/sanat-baskidan-dogar-dogusle-yasar-hurlukten-olur-andre-gide\/\"},\"wordCount\":442,\"commentCount\":0,\"publisher\":{\"@id\":\"https:\/\/narteks.net\/#organization\"},\"image\":{\"@id\":\"https:\/\/narteks.net\/index.php\/2012\/10\/03\/sanat-baskidan-dogar-dogusle-yasar-hurlukten-olur-andre-gide\/#primaryimage\"},\"thumbnailUrl\":\"http:\/\/upload.wikimedia.org\/wikipedia\/commons\/thumb\/f\/f4\/Gide_1893.jpg\/220px-Gide_1893.jpg\",\"articleSection\":[\"Kuram\"],\"inLanguage\":\"tr\",\"potentialAction\":[{\"@type\":\"CommentAction\",\"name\":\"Comment\",\"target\":[\"https:\/\/narteks.net\/index.php\/2012\/10\/03\/sanat-baskidan-dogar-dogusle-yasar-hurlukten-olur-andre-gide\/#respond\"]}]},{\"@type\":\"WebPage\",\"@id\":\"https:\/\/narteks.net\/index.php\/2012\/10\/03\/sanat-baskidan-dogar-dogusle-yasar-hurlukten-olur-andre-gide\/\",\"url\":\"https:\/\/narteks.net\/index.php\/2012\/10\/03\/sanat-baskidan-dogar-dogusle-yasar-hurlukten-olur-andre-gide\/\",\"name\":\"Sanat bask\u0131dan do\u011far, d\u00f6\u011f\u00fc\u015fle ya\u015far, h\u00fcrl\u00fckten \u00f6l\u00fcr | Andre Gide - narteks.net\",\"isPartOf\":{\"@id\":\"https:\/\/narteks.net\/#website\"},\"primaryImageOfPage\":{\"@id\":\"https:\/\/narteks.net\/index.php\/2012\/10\/03\/sanat-baskidan-dogar-dogusle-yasar-hurlukten-olur-andre-gide\/#primaryimage\"},\"image\":{\"@id\":\"https:\/\/narteks.net\/index.php\/2012\/10\/03\/sanat-baskidan-dogar-dogusle-yasar-hurlukten-olur-andre-gide\/#primaryimage\"},\"thumbnailUrl\":\"http:\/\/upload.wikimedia.org\/wikipedia\/commons\/thumb\/f\/f4\/Gide_1893.jpg\/220px-Gide_1893.jpg\",\"datePublished\":\"2012-10-03T08:24:57+00:00\",\"breadcrumb\":{\"@id\":\"https:\/\/narteks.net\/index.php\/2012\/10\/03\/sanat-baskidan-dogar-dogusle-yasar-hurlukten-olur-andre-gide\/#breadcrumb\"},\"inLanguage\":\"tr\",\"potentialAction\":[{\"@type\":\"ReadAction\",\"target\":[\"https:\/\/narteks.net\/index.php\/2012\/10\/03\/sanat-baskidan-dogar-dogusle-yasar-hurlukten-olur-andre-gide\/\"]}]},{\"@type\":\"ImageObject\",\"inLanguage\":\"tr\",\"@id\":\"https:\/\/narteks.net\/index.php\/2012\/10\/03\/sanat-baskidan-dogar-dogusle-yasar-hurlukten-olur-andre-gide\/#primaryimage\",\"url\":\"http:\/\/upload.wikimedia.org\/wikipedia\/commons\/thumb\/f\/f4\/Gide_1893.jpg\/220px-Gide_1893.jpg\",\"contentUrl\":\"http:\/\/upload.wikimedia.org\/wikipedia\/commons\/thumb\/f\/f4\/Gide_1893.jpg\/220px-Gide_1893.jpg\"},{\"@type\":\"BreadcrumbList\",\"@id\":\"https:\/\/narteks.net\/index.php\/2012\/10\/03\/sanat-baskidan-dogar-dogusle-yasar-hurlukten-olur-andre-gide\/#breadcrumb\",\"itemListElement\":[{\"@type\":\"ListItem\",\"position\":1,\"name\":\"Anasayfa\",\"item\":\"https:\/\/narteks.net\/\"},{\"@type\":\"ListItem\",\"position\":2,\"name\":\"Sanat bask\u0131dan do\u011far, d\u00f6\u011f\u00fc\u015fle ya\u015far, h\u00fcrl\u00fckten \u00f6l\u00fcr | Andre Gide\"}]},{\"@type\":\"WebSite\",\"@id\":\"https:\/\/narteks.net\/#website\",\"url\":\"https:\/\/narteks.net\/\",\"name\":\"narteks.net\",\"description\":\"K\u00fclt\u00fcr Sanat Edebiyat Felsefe\",\"publisher\":{\"@id\":\"https:\/\/narteks.net\/#organization\"},\"alternateName\":\"K\u00fclt\u00fcr Sanat Edebiyat Felsefe\",\"potentialAction\":[{\"@type\":\"SearchAction\",\"target\":{\"@type\":\"EntryPoint\",\"urlTemplate\":\"https:\/\/narteks.net\/?s={search_term_string}\"},\"query-input\":{\"@type\":\"PropertyValueSpecification\",\"valueRequired\":true,\"valueName\":\"search_term_string\"}}],\"inLanguage\":\"tr\"},{\"@type\":\"Organization\",\"@id\":\"https:\/\/narteks.net\/#organization\",\"name\":\"narteks.net\",\"url\":\"https:\/\/narteks.net\/\",\"logo\":{\"@type\":\"ImageObject\",\"inLanguage\":\"tr\",\"@id\":\"https:\/\/narteks.net\/#\/schema\/logo\/image\/\",\"url\":\"https:\/\/narteks.net\/wp-content\/uploads\/narteks.png\",\"contentUrl\":\"https:\/\/narteks.net\/wp-content\/uploads\/narteks.png\",\"width\":300,\"height\":90,\"caption\":\"narteks.net\"},\"image\":{\"@id\":\"https:\/\/narteks.net\/#\/schema\/logo\/image\/\"},\"sameAs\":[\"https:\/\/x.com\/narteks\",\"https:\/\/instagram.com\/narteksnet\"]},{\"@type\":\"Person\",\"@id\":\"https:\/\/narteks.net\/#\/schema\/person\/61f37d9834294b72d31d274e7ed79bca\",\"name\":\"Tar\u0131k\",\"image\":{\"@type\":\"ImageObject\",\"inLanguage\":\"tr\",\"@id\":\"https:\/\/narteks.net\/#\/schema\/person\/image\/\",\"url\":\"https:\/\/secure.gravatar.com\/avatar\/50865afb55632c4ae467e0af0930f6510aa2297d8014be502a55b14f3b7550cf?s=96&d=mm&r=g\",\"contentUrl\":\"https:\/\/secure.gravatar.com\/avatar\/50865afb55632c4ae467e0af0930f6510aa2297d8014be502a55b14f3b7550cf?s=96&d=mm&r=g\",\"caption\":\"Tar\u0131k\"},\"sameAs\":[\"http:\/\/narteks.net\"],\"url\":\"https:\/\/narteks.net\/index.php\/author\/narbak\/\"}]}<\/script>\n<!-- \/ Yoast SEO Premium plugin. -->","yoast_head_json":{"title":"Sanat bask\u0131dan do\u011far, d\u00f6\u011f\u00fc\u015fle ya\u015far, h\u00fcrl\u00fckten \u00f6l\u00fcr | Andre Gide - narteks.net","robots":{"index":"index","follow":"follow","max-snippet":"max-snippet:-1","max-image-preview":"max-image-preview:large","max-video-preview":"max-video-preview:-1"},"canonical":"https:\/\/narteks.net\/index.php\/2012\/10\/03\/sanat-baskidan-dogar-dogusle-yasar-hurlukten-olur-andre-gide\/","og_locale":"tr_TR","og_type":"article","og_title":"Sanat bask\u0131dan do\u011far, d\u00f6\u011f\u00fc\u015fle ya\u015far, h\u00fcrl\u00fckten \u00f6l\u00fcr | Andre Gide","og_description":"Sanat, yava\u015f yava\u015f kuvvetten d\u00fc\u015f\u00fcnce, kapl\u0131calara g\u00f6t\u00fcr\u00fclen bir hasta gibi tabiata \u00e7\u0131kar\u0131l\u0131r. Ne yaz\u0131k ki tabiat art\u0131k ona bir \u015fey yapamaz. Bir anla\u015fmazl\u0131k var. Sanat\u0131n k\u00f6ye \u00e7ekilip dinlenmesi ve e\u011fer bitkinlikten sarar\u0131p soluyorsa, k\u0131rlarda, hayatta, gidip yeni bir canl\u0131l\u0131k aramas\u0131n\u0131 bazen iyi bulurum. G\u00fczellik hi\u00e7bir zaman tabii bir \u00fcr\u00fcn de\u011fildir; o ancak sun\u2019i bir bask\u0131 [&hellip;]","og_url":"https:\/\/narteks.net\/index.php\/2012\/10\/03\/sanat-baskidan-dogar-dogusle-yasar-hurlukten-olur-andre-gide\/","og_site_name":"narteks.net","article_published_time":"2012-10-03T08:24:57+00:00","og_image":[{"url":"http:\/\/upload.wikimedia.org\/wikipedia\/commons\/thumb\/f\/f4\/Gide_1893.jpg\/220px-Gide_1893.jpg","type":"","width":"","height":""}],"author":"Tar\u0131k","twitter_card":"summary_large_image","twitter_creator":"@narteks","twitter_site":"@narteks","twitter_misc":{"Yazan:":"Tar\u0131k","Tahmini okuma s\u00fcresi":"2 dakika"},"schema":{"@context":"https:\/\/schema.org","@graph":[{"@type":"Article","@id":"https:\/\/narteks.net\/index.php\/2012\/10\/03\/sanat-baskidan-dogar-dogusle-yasar-hurlukten-olur-andre-gide\/#article","isPartOf":{"@id":"https:\/\/narteks.net\/index.php\/2012\/10\/03\/sanat-baskidan-dogar-dogusle-yasar-hurlukten-olur-andre-gide\/"},"author":{"name":"Tar\u0131k","@id":"https:\/\/narteks.net\/#\/schema\/person\/61f37d9834294b72d31d274e7ed79bca"},"headline":"Sanat bask\u0131dan do\u011far, d\u00f6\u011f\u00fc\u015fle ya\u015far, h\u00fcrl\u00fckten \u00f6l\u00fcr | Andre Gide","datePublished":"2012-10-03T08:24:57+00:00","mainEntityOfPage":{"@id":"https:\/\/narteks.net\/index.php\/2012\/10\/03\/sanat-baskidan-dogar-dogusle-yasar-hurlukten-olur-andre-gide\/"},"wordCount":442,"commentCount":0,"publisher":{"@id":"https:\/\/narteks.net\/#organization"},"image":{"@id":"https:\/\/narteks.net\/index.php\/2012\/10\/03\/sanat-baskidan-dogar-dogusle-yasar-hurlukten-olur-andre-gide\/#primaryimage"},"thumbnailUrl":"http:\/\/upload.wikimedia.org\/wikipedia\/commons\/thumb\/f\/f4\/Gide_1893.jpg\/220px-Gide_1893.jpg","articleSection":["Kuram"],"inLanguage":"tr","potentialAction":[{"@type":"CommentAction","name":"Comment","target":["https:\/\/narteks.net\/index.php\/2012\/10\/03\/sanat-baskidan-dogar-dogusle-yasar-hurlukten-olur-andre-gide\/#respond"]}]},{"@type":"WebPage","@id":"https:\/\/narteks.net\/index.php\/2012\/10\/03\/sanat-baskidan-dogar-dogusle-yasar-hurlukten-olur-andre-gide\/","url":"https:\/\/narteks.net\/index.php\/2012\/10\/03\/sanat-baskidan-dogar-dogusle-yasar-hurlukten-olur-andre-gide\/","name":"Sanat bask\u0131dan do\u011far, d\u00f6\u011f\u00fc\u015fle ya\u015far, h\u00fcrl\u00fckten \u00f6l\u00fcr | Andre Gide - narteks.net","isPartOf":{"@id":"https:\/\/narteks.net\/#website"},"primaryImageOfPage":{"@id":"https:\/\/narteks.net\/index.php\/2012\/10\/03\/sanat-baskidan-dogar-dogusle-yasar-hurlukten-olur-andre-gide\/#primaryimage"},"image":{"@id":"https:\/\/narteks.net\/index.php\/2012\/10\/03\/sanat-baskidan-dogar-dogusle-yasar-hurlukten-olur-andre-gide\/#primaryimage"},"thumbnailUrl":"http:\/\/upload.wikimedia.org\/wikipedia\/commons\/thumb\/f\/f4\/Gide_1893.jpg\/220px-Gide_1893.jpg","datePublished":"2012-10-03T08:24:57+00:00","breadcrumb":{"@id":"https:\/\/narteks.net\/index.php\/2012\/10\/03\/sanat-baskidan-dogar-dogusle-yasar-hurlukten-olur-andre-gide\/#breadcrumb"},"inLanguage":"tr","potentialAction":[{"@type":"ReadAction","target":["https:\/\/narteks.net\/index.php\/2012\/10\/03\/sanat-baskidan-dogar-dogusle-yasar-hurlukten-olur-andre-gide\/"]}]},{"@type":"ImageObject","inLanguage":"tr","@id":"https:\/\/narteks.net\/index.php\/2012\/10\/03\/sanat-baskidan-dogar-dogusle-yasar-hurlukten-olur-andre-gide\/#primaryimage","url":"http:\/\/upload.wikimedia.org\/wikipedia\/commons\/thumb\/f\/f4\/Gide_1893.jpg\/220px-Gide_1893.jpg","contentUrl":"http:\/\/upload.wikimedia.org\/wikipedia\/commons\/thumb\/f\/f4\/Gide_1893.jpg\/220px-Gide_1893.jpg"},{"@type":"BreadcrumbList","@id":"https:\/\/narteks.net\/index.php\/2012\/10\/03\/sanat-baskidan-dogar-dogusle-yasar-hurlukten-olur-andre-gide\/#breadcrumb","itemListElement":[{"@type":"ListItem","position":1,"name":"Anasayfa","item":"https:\/\/narteks.net\/"},{"@type":"ListItem","position":2,"name":"Sanat bask\u0131dan do\u011far, d\u00f6\u011f\u00fc\u015fle ya\u015far, h\u00fcrl\u00fckten \u00f6l\u00fcr | Andre Gide"}]},{"@type":"WebSite","@id":"https:\/\/narteks.net\/#website","url":"https:\/\/narteks.net\/","name":"narteks.net","description":"K\u00fclt\u00fcr Sanat Edebiyat Felsefe","publisher":{"@id":"https:\/\/narteks.net\/#organization"},"alternateName":"K\u00fclt\u00fcr Sanat Edebiyat Felsefe","potentialAction":[{"@type":"SearchAction","target":{"@type":"EntryPoint","urlTemplate":"https:\/\/narteks.net\/?s={search_term_string}"},"query-input":{"@type":"PropertyValueSpecification","valueRequired":true,"valueName":"search_term_string"}}],"inLanguage":"tr"},{"@type":"Organization","@id":"https:\/\/narteks.net\/#organization","name":"narteks.net","url":"https:\/\/narteks.net\/","logo":{"@type":"ImageObject","inLanguage":"tr","@id":"https:\/\/narteks.net\/#\/schema\/logo\/image\/","url":"https:\/\/narteks.net\/wp-content\/uploads\/narteks.png","contentUrl":"https:\/\/narteks.net\/wp-content\/uploads\/narteks.png","width":300,"height":90,"caption":"narteks.net"},"image":{"@id":"https:\/\/narteks.net\/#\/schema\/logo\/image\/"},"sameAs":["https:\/\/x.com\/narteks","https:\/\/instagram.com\/narteksnet"]},{"@type":"Person","@id":"https:\/\/narteks.net\/#\/schema\/person\/61f37d9834294b72d31d274e7ed79bca","name":"Tar\u0131k","image":{"@type":"ImageObject","inLanguage":"tr","@id":"https:\/\/narteks.net\/#\/schema\/person\/image\/","url":"https:\/\/secure.gravatar.com\/avatar\/50865afb55632c4ae467e0af0930f6510aa2297d8014be502a55b14f3b7550cf?s=96&d=mm&r=g","contentUrl":"https:\/\/secure.gravatar.com\/avatar\/50865afb55632c4ae467e0af0930f6510aa2297d8014be502a55b14f3b7550cf?s=96&d=mm&r=g","caption":"Tar\u0131k"},"sameAs":["http:\/\/narteks.net"],"url":"https:\/\/narteks.net\/index.php\/author\/narbak\/"}]}},"_links":{"self":[{"href":"https:\/\/narteks.net\/index.php\/wp-json\/wp\/v2\/posts\/6908","targetHints":{"allow":["GET"]}}],"collection":[{"href":"https:\/\/narteks.net\/index.php\/wp-json\/wp\/v2\/posts"}],"about":[{"href":"https:\/\/narteks.net\/index.php\/wp-json\/wp\/v2\/types\/post"}],"author":[{"embeddable":true,"href":"https:\/\/narteks.net\/index.php\/wp-json\/wp\/v2\/users\/1"}],"replies":[{"embeddable":true,"href":"https:\/\/narteks.net\/index.php\/wp-json\/wp\/v2\/comments?post=6908"}],"version-history":[{"count":0,"href":"https:\/\/narteks.net\/index.php\/wp-json\/wp\/v2\/posts\/6908\/revisions"}],"wp:attachment":[{"href":"https:\/\/narteks.net\/index.php\/wp-json\/wp\/v2\/media?parent=6908"}],"wp:term":[{"taxonomy":"category","embeddable":true,"href":"https:\/\/narteks.net\/index.php\/wp-json\/wp\/v2\/categories?post=6908"},{"taxonomy":"post_tag","embeddable":true,"href":"https:\/\/narteks.net\/index.php\/wp-json\/wp\/v2\/tags?post=6908"}],"curies":[{"name":"wp","href":"https:\/\/api.w.org\/{rel}","templated":true}]}}