{"id":6912,"date":"2018-07-01T23:19:02","date_gmt":"2018-07-01T20:19:02","guid":{"rendered":"http:\/\/localhost\/wordpress\/2018\/07\/01\/issizligin-kotu-oldugunu-da-yalniz-ac-kaldigim-zamanlar-dusunuyorum-issizlik-orhan-veli-kanik\/"},"modified":"2018-07-01T23:19:02","modified_gmt":"2018-07-01T20:19:02","slug":"issizligin-kotu-oldugunu-da-yalniz-ac-kaldigim-zamanlar-dusunuyorum-issizlik-orhan-veli-kanik","status":"publish","type":"post","link":"https:\/\/narteks.net\/index.php\/2018\/07\/01\/issizligin-kotu-oldugunu-da-yalniz-ac-kaldigim-zamanlar-dusunuyorum-issizlik-orhan-veli-kanik\/","title":{"rendered":"\u0130\u015fsizli\u011fin k\u00f6t\u00fc oldu\u011funu da yaln\u0131z a\u00e7 kald\u0131\u011f\u0131m zamanlar d\u00fc\u015f\u00fcn\u00fcyorum | \u0130\u015fsizlik &#8211; Orhan Veli Kan\u0131k"},"content":{"rendered":"<p style=\"text-align: justify;\"><img loading=\"lazy\" decoding=\"async\" style=\"float: left;\" src=\"http:\/\/upload.wikimedia.org\/wikipedia\/tr\/8\/88\/Orhan_Veli_KANIK.jpg\" width=\"155\" height=\"205\" border=\"0\" \/>\u0130\u015fsizlik k\u00f6t\u00fc \u015fey vesselam. \u0130\u015fsizli\u011fin k\u00f6t\u00fc oldu\u011funu da yaln\u0131z a\u00e7 kald\u0131\u011f\u0131m zamanlar d\u00fc\u015f\u00fcn\u00fcyorum. Can s\u0131k\u0131nt\u0131s\u0131ndan, bunald\u0131\u011f\u0131m s\u0131ralarda da d\u00fc\u015f\u00fcnsem ya. Olmuyor. Bu bah\u00e7eye de hep b\u00f6yle zamanlar\u0131mda gelirim. Neden acaba? Etraftakilerin de \u00e7o\u011fu i\u015fsiz.<\/p>\n<p>Bu bah\u00e7e sadece kaderleri bu yolda ortak olanlar\u0131 m\u0131 \u00e7ekiyor dersiniz. Olabilir. Vakit \u00f6\u011fleyi ge\u00e7iyor. A\u00e7l\u0131ktan bahsettim ama pek de a\u00e7 de\u011filim. Bununla beraber, neden bilmem, etraf\u0131mdakilerden utan\u0131yorum. Herkesin yeme\u011fe gitti\u011fi bir saatte benim, paras\u0131z pulsuz buralarda dola\u015fmam bir su\u00e7mu\u015f gibi geliyor bana. Bo\u015f s\u0131ralardan birine oturdum; d\u00fc\u015f\u00fcnmeye ba\u015flad\u0131m. Bereket versin sigaram var. O da olmasa felaket.<\/p>\n<p>Bilmem ne da\u011f\u0131ndaki petrol arama kamp\u0131nda bir i\u015f teklifi etmi\u015flerdi. Gitseydim k\u00f6t\u00fc m\u00fc olurdu sanki. Enayilik i\u015fte, parayla pulla de\u011fil ki. Bir odam olurdu, hi\u00e7 olmazsa; ev kiras\u0131 d\u00fc\u015f\u00fcnmezdim. Yemek paras\u0131 d\u00fc\u015f\u00fcnmezdim.Sabahlar\u0131 ac\u0131 kahvemi i\u00e7ebilir, \u00f6\u011fle, ak\u015fam yemeklerini kamp\u0131n tabldotundan yiyebilirdim. Tabldotu d\u00fc\u015f\u00fcn\u00fcr d\u00fc\u015f\u00fcnmez karn\u0131m guruldamaya ba\u015flad\u0131, demek ac\u0131km\u0131\u015ft\u0131m. \u015eu yemek denilen \u015fey de tuhaf bir \u015fey. \u0130nsanlar neler icat etmi\u015fler! D\u00fcped\u00fcz ot yemek, yahut \u00e7i\u011f \u00e7i\u011f et yemek dururken, neler \u00e7\u0131karm\u0131\u015flar ortaya! Bal\u0131\u011f\u0131 denizden tutacaks\u0131n. Ba\u015fka \u00e7e\u015fidi olursa olmaz, levrek olacak. Ate\u015fi yakacaks\u0131n, suyu kaynatacaks\u0131n, levre\u011fi i\u00e7ine atacaks\u0131n, ha\u015fland\u0131ktan sonra \u00e7\u0131karacaks\u0131n, bir taba\u011fa koyacaks\u0131n, so\u011futacaks\u0131n, ba\u015fka bir kab\u0131n i\u00e7ine tavuktan \u00e7\u0131kan yumurtay\u0131 k\u0131racaks\u0131n, ba\u015flayacaks\u0131n \u00e7alkalamaya, yumurta hep ayn\u0131 tarafa do\u011fru \u00e7alkalanacak, bir yandan ince ince zeytinya\u011f\u0131 d\u00f6keceksin, zeytinya\u011f\u0131 iplik gibi d\u00f6k\u00fclecek. Zeytinya\u011f\u0131n\u0131n da hik\u00e2yesi ayr\u0131 Zeytini daldan koparacaks\u0131n, ezeceksin, ya\u011f\u0131n\u0131 alacaks\u0131n. Mutlaka zeytin olacak. F\u0131nd\u0131k olsa olmaz, susam olsa olmaz, pamuk olsa olmaz, zeytin. Zeytinya\u011f\u0131 iplik gibi d\u00f6k\u00fclecek.Yumurtayla zeytinya\u011f\u0131 koyula\u015ft\u0131m\u0131 biraz,limon damlatacaks\u0131n.Onun da karar\u0131 var.Fazla damlat\u0131rsan kesiliverir. Yumurtayla zeytinya\u011f\u0131 k\u0131vam\u0131n\u0131 bulunca bir ka\u015f\u0131kla onu so\u011fumu\u015f levre\u011fin \u00fcst\u00fcne gezdireceksin. Oldu mu sana mayonezli levrek? Kim bilir belki de olmad\u0131. Olmazsa olmas\u0131n, ah\u00e7\u0131 de\u011filim ya.<\/p>\n<p>Mayonezli levre\u011fin de ne ho\u015f bir kokusu vard\u0131r! Ac\u0131 cevize benzer. Lezzetle kokunun birbirine benzedi\u011fini de ilk defa d\u00fc\u015f\u00fcn\u00fcyorum. Hem, birader, nene laz\u0131m senin mayonezli levrek? Onu d\u00fc\u015f\u00fcnece\u011fine ekmek d\u00fc\u015f\u00fcnsene! Oh, can\u0131m ekmek! S\u0131cak ekmek! Taze ekmek! Yeni \u00e7\u0131karken ne g\u00fczel kokar f\u0131r\u0131nlar\u0131n \u00f6n\u00fc! F\u0131r\u0131ndan yeni \u00e7\u0131km\u0131\u015f ekmek ne g\u00fczel yakar insan\u0131n elini!<\/p>\n<p>Evet, petrol kamp\u0131na gitmeliydim. Ger\u00e7i \u015fehirden, tan\u0131d\u0131klardan uzak kalacakt\u0131m. Ama ne \u00e7\u0131kar? Orada da ahbaplar bulamaz m\u0131yd\u0131m? Bir petrol kamp\u0131nda ne gibi ahbaplar bulunabilir, \u015fimdi de onu d\u00fc\u015f\u00fcn\u00fcyorum. Mesela Amerikal\u0131 bir m\u00fchendis bulunabilir. Mesela Teksasl\u0131d\u0131r. Macera dolu bir hayat\u0131 vard\u0131r. Petrol\u00fcn i\u015fi macera i\u015fidir,nereden ne \u00e7\u0131kaca\u011f\u0131n\u0131 kimse bilmez. Jeoloji kaidelerine g\u00f6re bir yerde petrol damar\u0131na rastlamak gerekir; ara\u015ft\u0131rmalara giri\u015filir; y\u0131llarca u\u011fra\u015f\u0131l\u0131r, bir \u015fey \u00e7\u0131kmaz; petrol, y\u00fczy\u0131llarca evvel, oradan ka\u00e7m\u0131\u015f; ba\u015fka yere gitmi\u015ftir. Buna kar\u015f\u0131l\u0131k hi\u00e7 umulmad\u0131k bir yerden de g\u00fcn\u00fcn birinde petrol \u00e7\u0131k\u0131verir. \u0130nsan b\u00fct\u00fcn \u00f6mr\u00fcn\u00fc bir hayal pe\u015finde t\u00fcketebilir; yahut bir anda zengin olabilir. Petrol, b\u00fcy\u00fck bir at yar\u0131\u015f\u0131d\u0131r. Macera i\u015fidir, kumar i\u015fidir. Hayat\u0131 macerayla dolu Teksasl\u0131 da bir kumarbazd\u0131r. \u0130htimal i\u00e7ki de i\u00e7er. \u0130htimal g\u00fczel bir kar\u0131s\u0131 vard\u0131r.\u0130\u00e7ki ile kumara fazla d\u00fc\u015fk\u00fcn insanlar\u0131n kar\u0131lar\u0131 biraz u\u00e7ar\u0131 olur. \u0130htimal&#8230; Neyse, ge\u00e7elim bunlar\u0131. A\u011fz\u0131 biraz i\u00e7ki kokan, t\u00fct\u00fcn kokan, g\u00fcn\u00fcn birinde bir kumar masas\u0131ndan milyonlar vurarak kalkacak bir erke\u011fin de, bir kad\u0131n i\u00e7in; \u00e7ekici taraf\u0131 yok mu? Ama Teksasl\u0131 kimden vuracak milyonu? Bizden mi? Kondu \u00f6yleyse ya\u011fl\u0131 kuyru\u011fa. &#8221;Ulan, a kerata! Kumar d\u00fc\u015f\u00fcnece\u011fine karn\u0131n\u0131 doyur!&#8221; dese haks\u0131z m\u0131?<\/p>\n<p>Bir kundura, boyac\u0131s\u0131 geldi, g\u00f6z\u00fc ayakkab\u0131lar\u0131mda, &#8221;boyayal\u0131m, beyim!&#8221; dedi. &#8221;E\u015f\u015fo\u011flu e\u015fek! Ben \u015fimdi boya m\u0131 d\u00fc\u015f\u00fcn\u00fcyorum? \u00c7ek bakal\u0131m araban\u0131 \u015furadan&#8221; diyecektim, diyemedim. Kibarl\u0131\u011f\u0131m b\u0131rakmad\u0131. &#8221;Hay\u0131r, karde\u015fim, istemez&#8221; diye tatl\u0131ya ba\u011flad\u0131m.<\/p>\n<p>\u0130htimal ba\u015fka ahbaplar da bulurdum petrol kamp\u0131nda. Mesela, ya\u015fl\u0131 bir muhasebeci. Biraz alaturka, biraz ehlikeyf, hayvan merakl\u0131s\u0131 bir adam. Mesela, kedi besler. Kedisinin bir ad\u0131 vard\u0131r. Mesela, Pamuk. Ya kendi ad\u0131? Kendi ad\u0131 Ethem Bey olmal\u0131. Ethem Bey&#8217;in aksine pek alafranga bir de gen\u00e7 bulunmal\u0131 kampta. Mevkii \u015fef olmal\u0131. \u0130ngilizce bilmeli. Ethem Bey&#8217;e inat, Erdo\u011fan k\u00f6pek beslemeli. Erdo\u011fan da kim? Ha! Erdo\u011fan da i\u015fte o gencin ad\u0131. K\u00f6pe\u011finin de bir ad\u0131 olmal\u0131. Ne olmal\u0131? Ethem Bey&#8217;e inat, alafranga bir isim. Mesela Robinson. Ger\u00e7i petrol kamp\u0131ndan deniz g\u00f6r\u00fcnmez. Ama ne \u00e7\u0131kar, k\u00f6pe\u011fin ad\u0131 Robinson olsun.<\/p>\n<p>Erdo\u011fan biraz \u015fiirle u\u011fra\u015fmal\u0131. Yazmamal\u0131 da konu\u015fmal\u0131. Ara s\u0131ra m\u0131sralar okumal\u0131. Ne iyi olurdu! Onunla hep \u015fiirden s\u00f6z a\u00e7ard\u0131k. O, ihtimal, giyimi ku\u015fam\u0131yla modern bir gen\u00e7 olmas\u0131na ra\u011fmen, kafas\u0131yla bir hayli eski olacakt\u0131. Mesela, \u015fair olarak Ha\u015fim&#8217;i severdi. Hatta Ha\u015fim&#8217;i sevmeyi bir ilerilik bile sayabilirdi. Bense Naz\u0131m Hikmet&#8217;i severim.Bir t\u00fcrl\u00fc anla\u015famazd\u0131k. O bana &#8221;\u015eiirle maddenin ba\u011fda\u015fmayaca\u011f\u0131n\u0131, \u015fiirin g\u00f6r\u00fcnmez parmaklar\u0131n i\u00e7imizdeki tellerden \u00e7\u0131kard\u0131\u011f\u0131 ilahi na\u011fmeler oldu\u011funu&#8221; s\u00f6ylerdi. Zavall\u0131 ben, bu s\u00f6zlerle ne demek istedi\u011fini sormaya bile cesaret edemezdim. Onun inanc\u0131n\u0131 sarsmaya g\u00fcc\u00fcm yetmezdi ki. Ama ne olursa olsun, b\u00fct\u00fcn softalar gibi, bu delikanl\u0131n\u0131n da sevimli taraflar\u0131 olabilirdi. Kendisini \u00f6\u011frendiklerinden ge\u00e7irmeye g\u00fcc\u00fcm yetmeyece\u011fini bildi\u011fim halde onunla \u015fiir tart\u0131\u015fmalar\u0131na tutulmaktan da kendimi alamazd\u0131m. Benim \u015fair Orhan Veli oldu\u011fumu da herhalde \u00f6\u011frenmemeliydi. G\u00f6z\u00fcnden fena d\u00fc\u015ferdim yoksa. Hatta aleyhimde at\u0131p, tuttu\u011funu bile duysam kendimi tan\u0131tmamal\u0131yd\u0131m. Vars\u0131n o rahat konu\u015fsun. Desin ki Orhan Veli mi? Onlar da m\u0131 \u015fair? B\u0131rak \u015fu hopstilleri Allaha\u015fk\u0131na! Bu t\u00fcrl\u00fc maskaral\u0131klar Avrupa&#8217;da \u00e7oktan ge\u00e7ti. Yazsalar ya vezinli, k\u00e2fiyeli, do\u011fru d\u00fcr\u00fcst \u015fiirler. Yazsalar ya! S\u0131k\u0131 m\u0131? Yazamay\u0131nca ne yapacaklar? Tabii b\u00f6yle bin bir \u015faklabanl\u0131kla nazar\u0131 dikkati celbetmeye \u00e7al\u0131\u015facaklar. Kolay i\u015f bunlar, karde\u015fim, kolay i\u015f. Halbuki sanat o kadar kolay de\u011fil.&#8221; Vars\u0131n s\u00f6ylesin Erdo\u011fan. S\u00f6ylesin. Bo\u015falts\u0131n i\u00e7ini. Tutup ona \u015fiir nazariyeleri d\u00f6kt\u00fcrecek de\u011filim ya. Hem ne i\u015fe yarar zaten? Kar\u015f\u0131 gelebilir miyim pe\u015fin h\u00fck\u00fcmlere?<\/p>\n<p>\u00d6n\u00fcmden, temiz pak giyinmi\u015f bir k\u0131zla, k\u0131lp\u0131ranga k\u0131z\u0131l \u00e7engi bir delikanl\u0131 ge\u00e7iyor. Ellerinde k\u00fc\u00e7\u00fck bir kesek\u00e2\u011f\u0131d\u0131 var. \u015eamf\u0131st\u0131\u011f\u0131 yiyorlar. \u00d6\u011fle vakti \u015famf\u0131st\u0131\u011f\u0131! Ekmek yiyin be, ekmek! \u015eamf\u0131st\u0131\u011f\u0131n\u0131n s\u0131ras\u0131 m\u0131 \u015fimdi?<\/p>\n<p>Odam\u0131z, yaz g\u00fcnleri, \u00e7inkodan dam\u0131n alt\u0131nda yanar durur. Havada bir petrol kokusu vard\u0131r. Ak\u015fam \u00fczerleri, kulelerde \u00e7al\u0131\u015fan i\u015f\u00e7ilerin g\u00fcndeliklerini da\u011f\u0131t\u0131r\u0131m. G\u00fcn batt\u0131ktan sonra ortal\u0131k biraz serinler. K\u00fclrengi da\u011flara kar\u015f\u0131 d\u00fc\u015f\u00fcncelere dalmak ho\u015f olabilir. Geceleri portatif karyolamda huzur i\u00e7inde yatar\u0131m. Sabahlar\u0131 \u015eehmus&#8217;un beyaz di\u015fli k\u0131z\u0131 Meryemke s\u00fct getirir. Kirli \u00e7ama\u015f\u0131rlar varsa al\u0131p y\u0131kamaya g\u00f6t\u00fcr\u00fcr. Aylarca kad\u0131ns\u0131z ya\u015fam\u0131\u015f\u0131zd\u0131r. Meryemke&#8217;nin g\u00f6\u011fs\u00fcne, kal\u00e7alar\u0131na bakt\u0131k\u00e7a akl\u0131mdan k\u00f6t\u00fc k\u00f6t\u00fc \u015feyler ge\u00e7er. Ama tutar\u0131m kendimi. Tutar\u0131m, elimden bir kaza \u00e7\u0131kmas\u0131n diye.<\/p>\n<p>Ara s\u0131ra vilayet merkezinden kamyon gelir. Kamyoncuya mektup sorar\u0131z; &#8221;yok!&#8221; der. &#8221;\u0130yi su geldi mi?&#8221; deriz, &#8221;Gelmedi!&#8221; der. &#8221;\u0130shal oluruz. \u0130la\u00e7 \u0131smarlar\u0131z. \u0130la\u00e7 gelinceye kadar iyile\u015femeyiz. Apteshaneler, bir hayli uzaktad\u0131r. Veca ans\u0131z\u0131n bast\u0131r\u0131r. Ko\u015fup apteshaneye gitmek bir meseledir. Onun i\u00e7in odalarda oturak bulundururuz. Ben Erdo\u011fan&#8217;la ayn\u0131 odada yatar\u0131m. Ak\u015famlar\u0131 ya k\u00e2\u011f\u0131t oynar\u0131z, ya \u015fiirden bahsederiz. O yine Ha\u015fim&#8217;i tutturur. Ben kabul etmek istemem; o k\u0131zar. &#8221;Ha\u015fim, Ha\u015fim!&#8221; derken birdenbire karn\u0131 a\u011fr\u0131maya ba\u015flar. Oturdu\u011fu yerden &#8221;oturak&#8221; diye ba\u011f\u0131rarak dar atar kendini. Tela\u015ftan y\u00fcz\u00fc mosmor kesilmi\u015ftir. Karyolan\u0131n alt\u0131ndan otura\u011f\u0131 \u00e7eker; oturur \u00fcst\u00fcne. Y\u00fcz\u00fcne hemen bir s\u00fck\u00fbnet gelir. Rahatlar. Biraz evvelki kar\u0131n a\u011fr\u0131s\u0131n\u0131 bir anda unutur. G\u00f6zleri, uzak bir noktada, dalg\u0131n, d\u00fc\u015f\u00fcn\u00fcr. Sonra bana d\u00f6ner; b\u00fct\u00fcn fikirlerini \u00f6zetleyen bir m\u0131sra m\u0131r\u0131ldan\u0131r;<\/p>\n<p>&#8220;Mel\u00e2li anlamayan nesle \u00e2\u015fina de\u011filiz.&#8221;<\/p>\n<p>Oturdu\u011fum s\u0131radan kalkt\u0131m. Bah\u00e7e biraz daha kalabal\u0131kla\u015fm\u0131\u015ft\u0131. Ba\u015fkalar\u0131n\u0131n oturdu\u011fu s\u0131ralar\u0131n \u00f6n\u00fcnden ge\u00e7erek kap\u0131ya do\u011fru y\u00fcr\u00fcd\u00fcm. Herkes ba\u015fka bir \u015fey konu\u015fuyor. Her \u00f6n\u00fcnden ge\u00e7ti\u011fim insan\u0131n s\u00f6ylediklerine kulak misafiri oluyorum. S\u00f6ylenenlerin pek az\u0131n\u0131 duyabiliyorum. Biri \u015fey diyor &#8221;&#8230; Ben, diyor, mal\u0131m\u0131 bilirim. Onun yiyece\u011fi halt&#8230;&#8221; Ge\u00e7iyorum. Yakla\u015ft\u0131\u011f\u0131m s\u0131radan ba\u015fka kelimeler duyuyorum &#8221;&#8230; tayin emri imzadan \u00e7\u0131k\u0131ncaya kadar bi\u00e7are&#8230;&#8221; Ge\u00e7iyorum. Her ge\u00e7ti\u011fim s\u0131radan kula\u011f\u0131mda birka\u00e7 kelime kal\u0131yor. Bir filmi orta yerinden ve g\u00f6zlerim kapal\u0131 seyreder gibiyim &#8221;&#8230; Sultan Hamit devri daha iyi imi\u015f&#8230;&#8221;<\/p>\n<p>&#8221;&#8230;ceketi tersy\u00fcz ettirmeden \u00f6nce bizim biradere&#8230;&#8221; &#8221;&#8230; kadar d\u00f6viz getirir. Vak\u0131a hariciyede&#8230;&#8221; &#8221;&#8230; ikinci penalt\u0131 haks\u0131zd\u0131 ama&#8230;&#8221; &#8221;&#8230; burada da sivil memurlar \u00fcrk\u00fctmeden say\u0131lm\u0131yor&#8230;&#8221; &#8221;&#8230; yemek \u00fcst\u00fcne hazmettirir&#8230;&#8221;<\/p>\n<p>Burnuma esasl\u0131 bir et kokusu geldi. Hayal filan de\u011fil, sahici kokuydu. Bir yerde k\u00f6fte filan k\u0131zart\u0131l\u0131yordu herhalde. Birden, sesleri duymaz oldum. Sa\u011fa sola bak\u0131nmaya ba\u015flad\u0131m. Bu kokunun bir de duman\u0131 olacakt\u0131 elbet.<\/p>\n<p>Yaprak, Say\u0131 11, (1 Haziran 1949) Orhan Veli Kan\u0131k<\/p>\n","protected":false},"excerpt":{"rendered":"<p>\u0130\u015fsizlik k\u00f6t\u00fc \u015fey vesselam. \u0130\u015fsizli\u011fin k\u00f6t\u00fc oldu\u011funu da yaln\u0131z a\u00e7 kald\u0131\u011f\u0131m zamanlar d\u00fc\u015f\u00fcn\u00fcyorum. Can s\u0131k\u0131nt\u0131s\u0131ndan, bunald\u0131\u011f\u0131m s\u0131ralarda da d\u00fc\u015f\u00fcnsem ya. Olmuyor. Bu bah\u00e7eye de hep b\u00f6yle zamanlar\u0131mda gelirim. Neden acaba? Etraftakilerin de \u00e7o\u011fu i\u015fsiz. Bu bah\u00e7e sadece kaderleri bu yolda ortak olanlar\u0131 m\u0131 \u00e7ekiyor dersiniz. Olabilir. Vakit \u00f6\u011fleyi ge\u00e7iyor. A\u00e7l\u0131ktan bahsettim ama pek de a\u00e7 [&hellip;]<\/p>\n","protected":false},"author":1,"featured_media":0,"comment_status":"open","ping_status":"open","sticky":false,"template":"","format":"standard","meta":{"footnotes":""},"categories":[114],"tags":[],"class_list":["post-6912","post","type-post","status-publish","format-standard","category-turkiye-den-oykuler"],"yoast_head":"<!-- This site is optimized with the Yoast SEO Premium plugin v24.9 (Yoast SEO v24.9) - https:\/\/yoast.com\/wordpress\/plugins\/seo\/ -->\n<title>\u0130\u015fsizli\u011fin k\u00f6t\u00fc oldu\u011funu da yaln\u0131z a\u00e7 kald\u0131\u011f\u0131m zamanlar d\u00fc\u015f\u00fcn\u00fcyorum | \u0130\u015fsizlik - Orhan Veli Kan\u0131k - narteks.net<\/title>\n<meta name=\"robots\" content=\"index, follow, max-snippet:-1, max-image-preview:large, max-video-preview:-1\" \/>\n<link rel=\"canonical\" href=\"https:\/\/narteks.net\/index.php\/2018\/07\/01\/issizligin-kotu-oldugunu-da-yalniz-ac-kaldigim-zamanlar-dusunuyorum-issizlik-orhan-veli-kanik\/\" \/>\n<meta property=\"og:locale\" content=\"tr_TR\" \/>\n<meta property=\"og:type\" content=\"article\" \/>\n<meta property=\"og:title\" content=\"\u0130\u015fsizli\u011fin k\u00f6t\u00fc oldu\u011funu da yaln\u0131z a\u00e7 kald\u0131\u011f\u0131m zamanlar d\u00fc\u015f\u00fcn\u00fcyorum | \u0130\u015fsizlik - Orhan Veli Kan\u0131k\" \/>\n<meta property=\"og:description\" content=\"\u0130\u015fsizlik k\u00f6t\u00fc \u015fey vesselam. \u0130\u015fsizli\u011fin k\u00f6t\u00fc oldu\u011funu da yaln\u0131z a\u00e7 kald\u0131\u011f\u0131m zamanlar d\u00fc\u015f\u00fcn\u00fcyorum. Can s\u0131k\u0131nt\u0131s\u0131ndan, bunald\u0131\u011f\u0131m s\u0131ralarda da d\u00fc\u015f\u00fcnsem ya. Olmuyor. Bu bah\u00e7eye de hep b\u00f6yle zamanlar\u0131mda gelirim. Neden acaba? Etraftakilerin de \u00e7o\u011fu i\u015fsiz. Bu bah\u00e7e sadece kaderleri bu yolda ortak olanlar\u0131 m\u0131 \u00e7ekiyor dersiniz. Olabilir. Vakit \u00f6\u011fleyi ge\u00e7iyor. A\u00e7l\u0131ktan bahsettim ama pek de a\u00e7 [&hellip;]\" \/>\n<meta property=\"og:url\" content=\"https:\/\/narteks.net\/index.php\/2018\/07\/01\/issizligin-kotu-oldugunu-da-yalniz-ac-kaldigim-zamanlar-dusunuyorum-issizlik-orhan-veli-kanik\/\" \/>\n<meta property=\"og:site_name\" content=\"narteks.net\" \/>\n<meta property=\"article:published_time\" content=\"2018-07-01T20:19:02+00:00\" \/>\n<meta property=\"og:image\" content=\"http:\/\/upload.wikimedia.org\/wikipedia\/tr\/8\/88\/Orhan_Veli_KANIK.jpg\" \/>\n<meta name=\"author\" content=\"Tar\u0131k\" \/>\n<meta name=\"twitter:card\" content=\"summary_large_image\" \/>\n<meta name=\"twitter:creator\" content=\"@narteks\" \/>\n<meta name=\"twitter:site\" content=\"@narteks\" \/>\n<meta name=\"twitter:label1\" content=\"Yazan:\" \/>\n\t<meta name=\"twitter:data1\" content=\"Tar\u0131k\" \/>\n\t<meta name=\"twitter:label2\" content=\"Tahmini okuma s\u00fcresi\" \/>\n\t<meta name=\"twitter:data2\" content=\"9 dakika\" \/>\n<script type=\"application\/ld+json\" class=\"yoast-schema-graph\">{\"@context\":\"https:\/\/schema.org\",\"@graph\":[{\"@type\":\"Article\",\"@id\":\"https:\/\/narteks.net\/index.php\/2018\/07\/01\/issizligin-kotu-oldugunu-da-yalniz-ac-kaldigim-zamanlar-dusunuyorum-issizlik-orhan-veli-kanik\/#article\",\"isPartOf\":{\"@id\":\"https:\/\/narteks.net\/index.php\/2018\/07\/01\/issizligin-kotu-oldugunu-da-yalniz-ac-kaldigim-zamanlar-dusunuyorum-issizlik-orhan-veli-kanik\/\"},\"author\":{\"name\":\"Tar\u0131k\",\"@id\":\"https:\/\/narteks.net\/#\/schema\/person\/61f37d9834294b72d31d274e7ed79bca\"},\"headline\":\"\u0130\u015fsizli\u011fin k\u00f6t\u00fc oldu\u011funu da yaln\u0131z a\u00e7 kald\u0131\u011f\u0131m zamanlar d\u00fc\u015f\u00fcn\u00fcyorum | \u0130\u015fsizlik &#8211; Orhan Veli Kan\u0131k\",\"datePublished\":\"2018-07-01T20:19:02+00:00\",\"mainEntityOfPage\":{\"@id\":\"https:\/\/narteks.net\/index.php\/2018\/07\/01\/issizligin-kotu-oldugunu-da-yalniz-ac-kaldigim-zamanlar-dusunuyorum-issizlik-orhan-veli-kanik\/\"},\"wordCount\":1769,\"commentCount\":0,\"publisher\":{\"@id\":\"https:\/\/narteks.net\/#organization\"},\"image\":{\"@id\":\"https:\/\/narteks.net\/index.php\/2018\/07\/01\/issizligin-kotu-oldugunu-da-yalniz-ac-kaldigim-zamanlar-dusunuyorum-issizlik-orhan-veli-kanik\/#primaryimage\"},\"thumbnailUrl\":\"http:\/\/upload.wikimedia.org\/wikipedia\/tr\/8\/88\/Orhan_Veli_KANIK.jpg\",\"articleSection\":[\"T\u00fcrkiye'den \u00d6yk\u00fcler\"],\"inLanguage\":\"tr\",\"potentialAction\":[{\"@type\":\"CommentAction\",\"name\":\"Comment\",\"target\":[\"https:\/\/narteks.net\/index.php\/2018\/07\/01\/issizligin-kotu-oldugunu-da-yalniz-ac-kaldigim-zamanlar-dusunuyorum-issizlik-orhan-veli-kanik\/#respond\"]}]},{\"@type\":\"WebPage\",\"@id\":\"https:\/\/narteks.net\/index.php\/2018\/07\/01\/issizligin-kotu-oldugunu-da-yalniz-ac-kaldigim-zamanlar-dusunuyorum-issizlik-orhan-veli-kanik\/\",\"url\":\"https:\/\/narteks.net\/index.php\/2018\/07\/01\/issizligin-kotu-oldugunu-da-yalniz-ac-kaldigim-zamanlar-dusunuyorum-issizlik-orhan-veli-kanik\/\",\"name\":\"\u0130\u015fsizli\u011fin k\u00f6t\u00fc oldu\u011funu da yaln\u0131z a\u00e7 kald\u0131\u011f\u0131m zamanlar d\u00fc\u015f\u00fcn\u00fcyorum | \u0130\u015fsizlik - Orhan Veli Kan\u0131k - narteks.net\",\"isPartOf\":{\"@id\":\"https:\/\/narteks.net\/#website\"},\"primaryImageOfPage\":{\"@id\":\"https:\/\/narteks.net\/index.php\/2018\/07\/01\/issizligin-kotu-oldugunu-da-yalniz-ac-kaldigim-zamanlar-dusunuyorum-issizlik-orhan-veli-kanik\/#primaryimage\"},\"image\":{\"@id\":\"https:\/\/narteks.net\/index.php\/2018\/07\/01\/issizligin-kotu-oldugunu-da-yalniz-ac-kaldigim-zamanlar-dusunuyorum-issizlik-orhan-veli-kanik\/#primaryimage\"},\"thumbnailUrl\":\"http:\/\/upload.wikimedia.org\/wikipedia\/tr\/8\/88\/Orhan_Veli_KANIK.jpg\",\"datePublished\":\"2018-07-01T20:19:02+00:00\",\"breadcrumb\":{\"@id\":\"https:\/\/narteks.net\/index.php\/2018\/07\/01\/issizligin-kotu-oldugunu-da-yalniz-ac-kaldigim-zamanlar-dusunuyorum-issizlik-orhan-veli-kanik\/#breadcrumb\"},\"inLanguage\":\"tr\",\"potentialAction\":[{\"@type\":\"ReadAction\",\"target\":[\"https:\/\/narteks.net\/index.php\/2018\/07\/01\/issizligin-kotu-oldugunu-da-yalniz-ac-kaldigim-zamanlar-dusunuyorum-issizlik-orhan-veli-kanik\/\"]}]},{\"@type\":\"ImageObject\",\"inLanguage\":\"tr\",\"@id\":\"https:\/\/narteks.net\/index.php\/2018\/07\/01\/issizligin-kotu-oldugunu-da-yalniz-ac-kaldigim-zamanlar-dusunuyorum-issizlik-orhan-veli-kanik\/#primaryimage\",\"url\":\"http:\/\/upload.wikimedia.org\/wikipedia\/tr\/8\/88\/Orhan_Veli_KANIK.jpg\",\"contentUrl\":\"http:\/\/upload.wikimedia.org\/wikipedia\/tr\/8\/88\/Orhan_Veli_KANIK.jpg\"},{\"@type\":\"BreadcrumbList\",\"@id\":\"https:\/\/narteks.net\/index.php\/2018\/07\/01\/issizligin-kotu-oldugunu-da-yalniz-ac-kaldigim-zamanlar-dusunuyorum-issizlik-orhan-veli-kanik\/#breadcrumb\",\"itemListElement\":[{\"@type\":\"ListItem\",\"position\":1,\"name\":\"Anasayfa\",\"item\":\"https:\/\/narteks.net\/\"},{\"@type\":\"ListItem\",\"position\":2,\"name\":\"\u0130\u015fsizli\u011fin k\u00f6t\u00fc oldu\u011funu da yaln\u0131z a\u00e7 kald\u0131\u011f\u0131m zamanlar d\u00fc\u015f\u00fcn\u00fcyorum | \u0130\u015fsizlik &#8211; Orhan Veli Kan\u0131k\"}]},{\"@type\":\"WebSite\",\"@id\":\"https:\/\/narteks.net\/#website\",\"url\":\"https:\/\/narteks.net\/\",\"name\":\"narteks.net\",\"description\":\"K\u00fclt\u00fcr Sanat Edebiyat Felsefe\",\"publisher\":{\"@id\":\"https:\/\/narteks.net\/#organization\"},\"alternateName\":\"K\u00fclt\u00fcr Sanat Edebiyat Felsefe\",\"potentialAction\":[{\"@type\":\"SearchAction\",\"target\":{\"@type\":\"EntryPoint\",\"urlTemplate\":\"https:\/\/narteks.net\/?s={search_term_string}\"},\"query-input\":{\"@type\":\"PropertyValueSpecification\",\"valueRequired\":true,\"valueName\":\"search_term_string\"}}],\"inLanguage\":\"tr\"},{\"@type\":\"Organization\",\"@id\":\"https:\/\/narteks.net\/#organization\",\"name\":\"narteks.net\",\"url\":\"https:\/\/narteks.net\/\",\"logo\":{\"@type\":\"ImageObject\",\"inLanguage\":\"tr\",\"@id\":\"https:\/\/narteks.net\/#\/schema\/logo\/image\/\",\"url\":\"https:\/\/narteks.net\/wp-content\/uploads\/narteks.png\",\"contentUrl\":\"https:\/\/narteks.net\/wp-content\/uploads\/narteks.png\",\"width\":300,\"height\":90,\"caption\":\"narteks.net\"},\"image\":{\"@id\":\"https:\/\/narteks.net\/#\/schema\/logo\/image\/\"},\"sameAs\":[\"https:\/\/x.com\/narteks\",\"https:\/\/instagram.com\/narteksnet\"]},{\"@type\":\"Person\",\"@id\":\"https:\/\/narteks.net\/#\/schema\/person\/61f37d9834294b72d31d274e7ed79bca\",\"name\":\"Tar\u0131k\",\"image\":{\"@type\":\"ImageObject\",\"inLanguage\":\"tr\",\"@id\":\"https:\/\/narteks.net\/#\/schema\/person\/image\/\",\"url\":\"https:\/\/secure.gravatar.com\/avatar\/50865afb55632c4ae467e0af0930f6510aa2297d8014be502a55b14f3b7550cf?s=96&d=mm&r=g\",\"contentUrl\":\"https:\/\/secure.gravatar.com\/avatar\/50865afb55632c4ae467e0af0930f6510aa2297d8014be502a55b14f3b7550cf?s=96&d=mm&r=g\",\"caption\":\"Tar\u0131k\"},\"sameAs\":[\"http:\/\/narteks.net\"],\"url\":\"https:\/\/narteks.net\/index.php\/author\/narbak\/\"}]}<\/script>\n<!-- \/ Yoast SEO Premium plugin. -->","yoast_head_json":{"title":"\u0130\u015fsizli\u011fin k\u00f6t\u00fc oldu\u011funu da yaln\u0131z a\u00e7 kald\u0131\u011f\u0131m zamanlar d\u00fc\u015f\u00fcn\u00fcyorum | \u0130\u015fsizlik - Orhan Veli Kan\u0131k - narteks.net","robots":{"index":"index","follow":"follow","max-snippet":"max-snippet:-1","max-image-preview":"max-image-preview:large","max-video-preview":"max-video-preview:-1"},"canonical":"https:\/\/narteks.net\/index.php\/2018\/07\/01\/issizligin-kotu-oldugunu-da-yalniz-ac-kaldigim-zamanlar-dusunuyorum-issizlik-orhan-veli-kanik\/","og_locale":"tr_TR","og_type":"article","og_title":"\u0130\u015fsizli\u011fin k\u00f6t\u00fc oldu\u011funu da yaln\u0131z a\u00e7 kald\u0131\u011f\u0131m zamanlar d\u00fc\u015f\u00fcn\u00fcyorum | \u0130\u015fsizlik - Orhan Veli Kan\u0131k","og_description":"\u0130\u015fsizlik k\u00f6t\u00fc \u015fey vesselam. \u0130\u015fsizli\u011fin k\u00f6t\u00fc oldu\u011funu da yaln\u0131z a\u00e7 kald\u0131\u011f\u0131m zamanlar d\u00fc\u015f\u00fcn\u00fcyorum. Can s\u0131k\u0131nt\u0131s\u0131ndan, bunald\u0131\u011f\u0131m s\u0131ralarda da d\u00fc\u015f\u00fcnsem ya. Olmuyor. Bu bah\u00e7eye de hep b\u00f6yle zamanlar\u0131mda gelirim. Neden acaba? Etraftakilerin de \u00e7o\u011fu i\u015fsiz. Bu bah\u00e7e sadece kaderleri bu yolda ortak olanlar\u0131 m\u0131 \u00e7ekiyor dersiniz. Olabilir. Vakit \u00f6\u011fleyi ge\u00e7iyor. A\u00e7l\u0131ktan bahsettim ama pek de a\u00e7 [&hellip;]","og_url":"https:\/\/narteks.net\/index.php\/2018\/07\/01\/issizligin-kotu-oldugunu-da-yalniz-ac-kaldigim-zamanlar-dusunuyorum-issizlik-orhan-veli-kanik\/","og_site_name":"narteks.net","article_published_time":"2018-07-01T20:19:02+00:00","og_image":[{"url":"http:\/\/upload.wikimedia.org\/wikipedia\/tr\/8\/88\/Orhan_Veli_KANIK.jpg","type":"","width":"","height":""}],"author":"Tar\u0131k","twitter_card":"summary_large_image","twitter_creator":"@narteks","twitter_site":"@narteks","twitter_misc":{"Yazan:":"Tar\u0131k","Tahmini okuma s\u00fcresi":"9 dakika"},"schema":{"@context":"https:\/\/schema.org","@graph":[{"@type":"Article","@id":"https:\/\/narteks.net\/index.php\/2018\/07\/01\/issizligin-kotu-oldugunu-da-yalniz-ac-kaldigim-zamanlar-dusunuyorum-issizlik-orhan-veli-kanik\/#article","isPartOf":{"@id":"https:\/\/narteks.net\/index.php\/2018\/07\/01\/issizligin-kotu-oldugunu-da-yalniz-ac-kaldigim-zamanlar-dusunuyorum-issizlik-orhan-veli-kanik\/"},"author":{"name":"Tar\u0131k","@id":"https:\/\/narteks.net\/#\/schema\/person\/61f37d9834294b72d31d274e7ed79bca"},"headline":"\u0130\u015fsizli\u011fin k\u00f6t\u00fc oldu\u011funu da yaln\u0131z a\u00e7 kald\u0131\u011f\u0131m zamanlar d\u00fc\u015f\u00fcn\u00fcyorum | \u0130\u015fsizlik &#8211; Orhan Veli Kan\u0131k","datePublished":"2018-07-01T20:19:02+00:00","mainEntityOfPage":{"@id":"https:\/\/narteks.net\/index.php\/2018\/07\/01\/issizligin-kotu-oldugunu-da-yalniz-ac-kaldigim-zamanlar-dusunuyorum-issizlik-orhan-veli-kanik\/"},"wordCount":1769,"commentCount":0,"publisher":{"@id":"https:\/\/narteks.net\/#organization"},"image":{"@id":"https:\/\/narteks.net\/index.php\/2018\/07\/01\/issizligin-kotu-oldugunu-da-yalniz-ac-kaldigim-zamanlar-dusunuyorum-issizlik-orhan-veli-kanik\/#primaryimage"},"thumbnailUrl":"http:\/\/upload.wikimedia.org\/wikipedia\/tr\/8\/88\/Orhan_Veli_KANIK.jpg","articleSection":["T\u00fcrkiye'den \u00d6yk\u00fcler"],"inLanguage":"tr","potentialAction":[{"@type":"CommentAction","name":"Comment","target":["https:\/\/narteks.net\/index.php\/2018\/07\/01\/issizligin-kotu-oldugunu-da-yalniz-ac-kaldigim-zamanlar-dusunuyorum-issizlik-orhan-veli-kanik\/#respond"]}]},{"@type":"WebPage","@id":"https:\/\/narteks.net\/index.php\/2018\/07\/01\/issizligin-kotu-oldugunu-da-yalniz-ac-kaldigim-zamanlar-dusunuyorum-issizlik-orhan-veli-kanik\/","url":"https:\/\/narteks.net\/index.php\/2018\/07\/01\/issizligin-kotu-oldugunu-da-yalniz-ac-kaldigim-zamanlar-dusunuyorum-issizlik-orhan-veli-kanik\/","name":"\u0130\u015fsizli\u011fin k\u00f6t\u00fc oldu\u011funu da yaln\u0131z a\u00e7 kald\u0131\u011f\u0131m zamanlar d\u00fc\u015f\u00fcn\u00fcyorum | \u0130\u015fsizlik - Orhan Veli Kan\u0131k - narteks.net","isPartOf":{"@id":"https:\/\/narteks.net\/#website"},"primaryImageOfPage":{"@id":"https:\/\/narteks.net\/index.php\/2018\/07\/01\/issizligin-kotu-oldugunu-da-yalniz-ac-kaldigim-zamanlar-dusunuyorum-issizlik-orhan-veli-kanik\/#primaryimage"},"image":{"@id":"https:\/\/narteks.net\/index.php\/2018\/07\/01\/issizligin-kotu-oldugunu-da-yalniz-ac-kaldigim-zamanlar-dusunuyorum-issizlik-orhan-veli-kanik\/#primaryimage"},"thumbnailUrl":"http:\/\/upload.wikimedia.org\/wikipedia\/tr\/8\/88\/Orhan_Veli_KANIK.jpg","datePublished":"2018-07-01T20:19:02+00:00","breadcrumb":{"@id":"https:\/\/narteks.net\/index.php\/2018\/07\/01\/issizligin-kotu-oldugunu-da-yalniz-ac-kaldigim-zamanlar-dusunuyorum-issizlik-orhan-veli-kanik\/#breadcrumb"},"inLanguage":"tr","potentialAction":[{"@type":"ReadAction","target":["https:\/\/narteks.net\/index.php\/2018\/07\/01\/issizligin-kotu-oldugunu-da-yalniz-ac-kaldigim-zamanlar-dusunuyorum-issizlik-orhan-veli-kanik\/"]}]},{"@type":"ImageObject","inLanguage":"tr","@id":"https:\/\/narteks.net\/index.php\/2018\/07\/01\/issizligin-kotu-oldugunu-da-yalniz-ac-kaldigim-zamanlar-dusunuyorum-issizlik-orhan-veli-kanik\/#primaryimage","url":"http:\/\/upload.wikimedia.org\/wikipedia\/tr\/8\/88\/Orhan_Veli_KANIK.jpg","contentUrl":"http:\/\/upload.wikimedia.org\/wikipedia\/tr\/8\/88\/Orhan_Veli_KANIK.jpg"},{"@type":"BreadcrumbList","@id":"https:\/\/narteks.net\/index.php\/2018\/07\/01\/issizligin-kotu-oldugunu-da-yalniz-ac-kaldigim-zamanlar-dusunuyorum-issizlik-orhan-veli-kanik\/#breadcrumb","itemListElement":[{"@type":"ListItem","position":1,"name":"Anasayfa","item":"https:\/\/narteks.net\/"},{"@type":"ListItem","position":2,"name":"\u0130\u015fsizli\u011fin k\u00f6t\u00fc oldu\u011funu da yaln\u0131z a\u00e7 kald\u0131\u011f\u0131m zamanlar d\u00fc\u015f\u00fcn\u00fcyorum | \u0130\u015fsizlik &#8211; Orhan Veli Kan\u0131k"}]},{"@type":"WebSite","@id":"https:\/\/narteks.net\/#website","url":"https:\/\/narteks.net\/","name":"narteks.net","description":"K\u00fclt\u00fcr Sanat Edebiyat Felsefe","publisher":{"@id":"https:\/\/narteks.net\/#organization"},"alternateName":"K\u00fclt\u00fcr Sanat Edebiyat Felsefe","potentialAction":[{"@type":"SearchAction","target":{"@type":"EntryPoint","urlTemplate":"https:\/\/narteks.net\/?s={search_term_string}"},"query-input":{"@type":"PropertyValueSpecification","valueRequired":true,"valueName":"search_term_string"}}],"inLanguage":"tr"},{"@type":"Organization","@id":"https:\/\/narteks.net\/#organization","name":"narteks.net","url":"https:\/\/narteks.net\/","logo":{"@type":"ImageObject","inLanguage":"tr","@id":"https:\/\/narteks.net\/#\/schema\/logo\/image\/","url":"https:\/\/narteks.net\/wp-content\/uploads\/narteks.png","contentUrl":"https:\/\/narteks.net\/wp-content\/uploads\/narteks.png","width":300,"height":90,"caption":"narteks.net"},"image":{"@id":"https:\/\/narteks.net\/#\/schema\/logo\/image\/"},"sameAs":["https:\/\/x.com\/narteks","https:\/\/instagram.com\/narteksnet"]},{"@type":"Person","@id":"https:\/\/narteks.net\/#\/schema\/person\/61f37d9834294b72d31d274e7ed79bca","name":"Tar\u0131k","image":{"@type":"ImageObject","inLanguage":"tr","@id":"https:\/\/narteks.net\/#\/schema\/person\/image\/","url":"https:\/\/secure.gravatar.com\/avatar\/50865afb55632c4ae467e0af0930f6510aa2297d8014be502a55b14f3b7550cf?s=96&d=mm&r=g","contentUrl":"https:\/\/secure.gravatar.com\/avatar\/50865afb55632c4ae467e0af0930f6510aa2297d8014be502a55b14f3b7550cf?s=96&d=mm&r=g","caption":"Tar\u0131k"},"sameAs":["http:\/\/narteks.net"],"url":"https:\/\/narteks.net\/index.php\/author\/narbak\/"}]}},"_links":{"self":[{"href":"https:\/\/narteks.net\/index.php\/wp-json\/wp\/v2\/posts\/6912","targetHints":{"allow":["GET"]}}],"collection":[{"href":"https:\/\/narteks.net\/index.php\/wp-json\/wp\/v2\/posts"}],"about":[{"href":"https:\/\/narteks.net\/index.php\/wp-json\/wp\/v2\/types\/post"}],"author":[{"embeddable":true,"href":"https:\/\/narteks.net\/index.php\/wp-json\/wp\/v2\/users\/1"}],"replies":[{"embeddable":true,"href":"https:\/\/narteks.net\/index.php\/wp-json\/wp\/v2\/comments?post=6912"}],"version-history":[{"count":0,"href":"https:\/\/narteks.net\/index.php\/wp-json\/wp\/v2\/posts\/6912\/revisions"}],"wp:attachment":[{"href":"https:\/\/narteks.net\/index.php\/wp-json\/wp\/v2\/media?parent=6912"}],"wp:term":[{"taxonomy":"category","embeddable":true,"href":"https:\/\/narteks.net\/index.php\/wp-json\/wp\/v2\/categories?post=6912"},{"taxonomy":"post_tag","embeddable":true,"href":"https:\/\/narteks.net\/index.php\/wp-json\/wp\/v2\/tags?post=6912"}],"curies":[{"name":"wp","href":"https:\/\/api.w.org\/{rel}","templated":true}]}}