{"id":6914,"date":"2018-07-06T22:43:00","date_gmt":"2018-07-06T19:43:00","guid":{"rendered":"http:\/\/localhost\/wordpress\/2018\/07\/06\/hepimiz-maskeli-avcilar-gibiydik-sorgulanan-kimdi-karsilik-veren-kim-gunun-deliligi-maurice-blanchot\/"},"modified":"2018-07-06T22:43:00","modified_gmt":"2018-07-06T19:43:00","slug":"hepimiz-maskeli-avcilar-gibiydik-sorgulanan-kimdi-karsilik-veren-kim-gunun-deliligi-maurice-blanchot","status":"publish","type":"post","link":"https:\/\/narteks.net\/index.php\/2018\/07\/06\/hepimiz-maskeli-avcilar-gibiydik-sorgulanan-kimdi-karsilik-veren-kim-gunun-deliligi-maurice-blanchot\/","title":{"rendered":"Hepimiz maskeli avc\u0131lar gibiydik. Sorgulanan kimdi? Kar\u015f\u0131l\u0131k veren kim? | G\u00fcn\u00fcn Delili\u011fi &#8211; Maurice Blanchot"},"content":{"rendered":"<p style=\"text-align: justify;\"><img decoding=\"async\" style=\"float: left;\" src=\"images\/stories\/maurice_blanchot.jpg\" alt=\"\" \/>Ne bilginim ne bilmez. Zevkleri tan\u0131d\u0131m. Bunu s\u00f6ylemek az gelir: ya\u015f\u0131yorum, bu ya\u015fam bana en b\u00fcy\u00fck hazz\u0131 veriyor. Peki \u00f6l\u00fcm? \u00d6ld\u00fc\u011f\u00fcm de (belki de hemen), engin bir hazla tan\u0131\u015faca\u011f\u0131m. O yavan, \u00e7o\u011fu kez tats\u0131z tuzsuz \u00f6l\u00fcm \u00f6nsezisinden s\u00f6zetmiyorum. Ac\u0131 \u00e7ekmek al\u0131kla\u015ft\u0131r\u0131r. Ama ku\u015fku duymad\u0131\u011f\u0131m \u00f6nemli do\u011fru \u015fu: ya\u015fam aktan s\u0131n\u0131rs\u0131z bir haz duyuyorum , \u00f6lmekle de s\u0131n\u0131rs\u0131z bir doyuma erece\u011fim.<\/p>\n<p style=\"text-align: justify;\">Dola\u015ft\u0131m, oradan oraya ge\u00e7ip durdum. Duruldum, tek bir odada oturdum. Yoksul oldum, sonra daha varl\u0131kl\u0131, sonra daha yoksul \u00e7oklar\u0131ndan. \u00c7ocukken b\u00fcy\u00fck tutkular\u0131m vard\u0131, ne istesem elde ediyordum . \u00c7ocuklu\u011fum yok oldu, gen\u00e7li\u011fim gerilerde kald\u0131. \u00d6nemi yok: olmu\u015ftan yana mutluyum , olandan ho\u015fnudum, olacak ba\u015f\u0131mla beraber. Varolu\u015fum herkesinkinden iyi mi? Olabilir. Ba\u015f\u0131m\u0131 sokacak bir yerim var, \u00e7o\u011fu bunu bulam\u0131yor. C\u00fczzaml\u0131 de\u011filim, k\u00f6r de\u011filim, d\u00fcnyay\u0131 g\u00f6r\u00fcyorum , ola\u011fan\u00fcst\u00fc bir mutluluk. \u015eu g\u00fcn\u00fc g\u00f6r\u00fcyorum ya, onun d\u0131\u015f\u0131nda ne var? Kim onu elimden alabilir? Bu g\u00fcn silinip giderken ben de silinece\u011fim onunla bir, ba\u015f\u0131m\u0131 d\u00f6nd\u00fcren bir d\u00fc\u015f\u00fcnce, bir kesinlik. sevdim, yitirdim sevdiklerimi. Bu darbeyi yiyince \u00e7\u0131ld\u0131rd\u0131m, \u00e7\u00fcnk\u00fc bu bir cehennem. Ama tan\u0131\u011f\u0131 olmad\u0131 \u00e7\u0131lg\u0131nl\u0131\u011f\u0131m\u0131n, \u015fa\u015fk\u0131nl\u0131\u011f\u0131m g\u00f6r\u00fcnmedi, ta i\u00e7imdi \u00e7\u0131ld\u0131ran. Ara s\u0131ra \u00f6fkelendim. Niye b\u00f6yle sessizsin diyorlard\u0131 bana. Oysa tepeden t\u0131rna\u011fa yan\u0131yordum; geceleyin ko\u015fturuyordum sokaklarda, uluyordum; g\u00fcnd\u00fczleyin sessiz sessiz \u00e7al\u0131\u015f\u0131yordum<\/p>\n<p style=\"text-align: justify;\">Az sonra d\u00fcnyan\u0131n \u00e7\u0131lg\u0131nl\u0131\u011f\u0131 bo\u015fan\u0131verdi. \u00c7oklar\u0131 gibi ben de dikildim duvar\u0131n \u00f6n\u00fcne. Neden? Nedeni yok. T\u00fcfekler \u00e7akmad\u0131. Tanr\u0131m, ne yap\u0131yorsun dedim kendi kendime. B\u00f6ylece ka\u00e7\u0131kl\u0131\u011f\u0131m dindi. D\u00fcnya duralad\u0131, sonra yeniden dengesine kavu\u015ftu.<br \/>Usla birlikte an\u0131 da bana geri d\u00f6nd\u00fc, bir de bakt\u0131m, b\u00fcsb\u00fct\u00fcn, enikonu mutsuz oldu\u011fuma inand\u0131\u011f\u0131m en k\u00f6t\u00fc g\u00fcnlerde bile, yine de, neredeyse hep, alabildi\u011fine mutluymu\u015fum. \u0130\u015fte bu beni d\u00fc\u015f\u00fcnceye sald\u0131. Buldu\u011fum pek ho\u015f de\u011fildi. \u00e7ok \u015fey yitiriyormu\u015fum gibi geldi bana. Kendi kendime sordum: \u00dczg\u00fcn de\u011fil miydim, ya\u015fam\u0131m\u0131n \u00e7at\u0131rdad\u0131\u011f\u0131n\u0131 duymam\u0131\u015f m\u0131yd\u0131m? Evet, \u00f6yle olmu\u015ftu; ama kalk\u0131p sokaklarda ko\u015fturdu\u011fum , odan\u0131n bir k\u00f6\u015fesinde k\u0131p\u0131rt\u0131s\u0131z durdu\u011fum her dakika, gecenin serinli\u011fi, topra\u011f\u0131n sa\u011flaml\u0131\u011f\u0131 soluklanmam\u0131, sevince dayanmam\u0131 sa\u011fl\u0131yordu.<\/p>\n<p style=\"text-align: justify;\">\u0130nsanlar \u00f6l\u00fcmden ka\u00e7mak istiyordu, tuhaf soy. Kimileri de \u00f6lmek, \u00f6lmek diye ba\u011f\u0131r\u0131yordu, ya\u015famdan ka\u00e7mak istiyorlard\u0131 \u00e7\u00fcnk\u00fc. \u201cNe bi\u00e7im ya\u015fam, Kendimi \u00f6ld\u00fcrece\u011fim, pes ediyorum.\u201d Yaz\u0131k, tuhaf, bu bir yan\u0131lg\u0131. Bununla birlikte hi\u00e7bir zaman ya\u015fama sus, \u00f6l\u00fcme defol dememi\u015f kimselerle de kar\u015f\u0131la\u015ft\u0131m. Hemen hep kad\u0131nlar, g\u00fczel yarat\u0131klar. Erkekler, y\u0131lg\u0131 sar\u0131yor, gece delip ge\u00e7iyor onlar\u0131, tasar\u0131lar\u0131n\u0131n bo\u015fa \u00e7\u0131kt\u0131\u011f\u0131n\u0131, \u00e7abalar\u0131n\u0131n toz olup gitti\u011fini g\u00f6r\u00fcyorlar, d\u00fcnya benimdir diyen o \u00f6nemli kimseler afall\u0131yor, ne varsa \u00e7\u00f6k\u00fcyor. Y\u0131k\u0131mlar\u0131m\u0131 betimleyebilir miyim? Ne y\u00fcr\u00fcyebiliyor, ne soluk alabiliyor, ne beslenebiliyordum. Solu\u011fum ta\u015ftand\u0131, g\u00f6vdem sudan, yine de susuzluktan \u00f6l\u00fcyordum . Bir g\u00fcn beni topra\u011f\u0131n i\u00e7ine yat\u0131rd\u0131lar, hekimler beni bal\u00e7\u0131kla s\u0131vad\u0131. Yerin dibinde ne \u00e7aba ama. Kim demi\u015f so\u011fuk diye? Ate\u015ften bir \u00e7al\u0131dikeni. Kalkt\u0131\u011f\u0131mda art\u0131k b\u00fcsb\u00fct\u00fcn duyusuzdum . Dokunu\u015fum iki metre ileride dola\u015f\u0131yordu: odama biri girse, hayk\u0131r\u0131yordum , ama b\u0131\u00e7ak sessizce do\u011fruyordu beni. \u00a0<\/p>\n<p style=\"text-align: justify;\">Evet, bir iskelete d\u00f6nd\u00fcm. S\u0131skal\u0131\u011f\u0131m, geceleyin, \u00f6n\u00fcme dikilip \u00fcrk\u00fct\u00fcyordu beni. Gide gele a\u015fa\u011f\u0131lad\u0131, bezdirdi beni; ah, bezmi\u015ftim enikonu. Bencil miyim? Ancak birka\u00e7 ki\u015fiye yak\u0131nl\u0131k duyar\u0131m, kimseye ac\u0131mam yoktur, ancak binde bir ho\u015fnut etme iste\u011fi, binde bir ho\u015fnut edilme iste\u011fi duyar\u0131m; ben, kendime gelince neredeyse duygusuz olan ben, ancak onlarda ac\u0131 duyar\u0131m; en k\u00fc\u00e7\u00fck s\u0131k\u0131nt\u0131lar benim i\u00e7in bitmez t\u00fckenmez bir dert olur, yine de, gerekirse, g\u00f6z\u00fcm\u00fc k\u0131rpmadan harcar\u0131m onlar\u0131, t\u00fcm mutluluk duygular\u0131m al\u0131r\u0131m ellerinden (\u00f6ld\u00fcrd\u00fc\u011f\u00fcm bile olur).\u00a0 Bal\u00e7\u0131k kuyusundan, olgunlu\u011fun dirili\u011fiyle \u00e7\u0131kt\u0131m. Ben daha \u00f6nce neydim? Bir su k\u0131rbas\u0131, \u00f6l\u00fc bir enginlik, uyuyan bir derinliktim. (Yine de kim oldu\u011fumu biliyordum, tutunuyordum , yoklu\u011fun i\u00e7ine d\u00fc\u015fm\u00fcyordum.) Uzaklardan beni g\u00f6rmeye geliyorlard\u0131. \u00c7ocuklar yan\u0131ba\u015f\u0131mda oynuyordu. Kad\u0131nlar ellerini avu\u00e7lar\u0131ma koymak i\u00e7in yere uzan\u0131yordu. Benim de gen\u00e7li\u011fim oldu. Ama bo\u015fluk beni baya\u011f\u0131 bozdu.<br \/>\u00c7ekingen de\u011filim, itildim kak\u0131ld\u0131m. Birisi (\u00f6fkelenmi\u015f bir adam) elimi al\u0131p b\u0131\u00e7a\u011f\u0131n\u0131 saplad\u0131. Nas\u0131l bir kan. Sonra, tir tir titriyordu. Masan\u0131n \u00fcst\u00fcne ya da bir kap\u0131ya \u00e7ivileyeyim diye elini uzat\u0131yordu ba\u00adna. Bende bu yaray\u0131 a\u00e7t\u0131 diye, adam, ka\u00e7\u0131\u011f\u0131n biri, benim dostum oldu\u011funu san\u0131yordu; kar\u0131s\u0131n\u0131 kollar\u0131m\u0131n aras\u0131na at\u0131yordu; sokakta arkam dan geliyordu ba\u011f\u0131ra ba\u011f\u0131ra: &#8220;Ben ne olay\u0131m, ben ahlaks\u0131z bir esrikli\u011fin elinde oyunca\u011f\u0131m, itiraf, itiraf.&#8221; Tuhaf bir ka\u00e7\u0131k. Bu arada, kan benim tek giysimin \u00fczerine daml\u0131yordu.<\/p>\n<p style=\"text-align: justify;\">\u00c7o\u011fun kentlerde ya\u015f\u0131yordum. Bir ara insan i\u00e7ine kar\u0131\u015fm\u0131\u015ft\u0131m. Yasa beni \u00e7ekiyordu, \u00e7okluk ho\u015fuma gidiyordu. Elin g\u00fcn\u00fcn i\u00e7inde silinmi\u015ftim. Kimsecik, egemen olmu\u015ftum. Ama bir g\u00fcn yaln\u0131z kimseleri \u00f6ld\u00fcren ta\u015f olmaktan b\u0131kt\u0131m. Ayartmak i\u00e7in, tatl\u0131l\u0131kla yasaya seslendim: &#8220;Yakla\u015f da y\u00fcz\u00fcn\u00fc g\u00f6reyim.&#8221; (Onu, bir an, yaln\u0131z yakalamak istiyordum.) D\u00fc\u015f\u00fcncesizce bir sesleni\u015f, ya kar\u015f\u0131l\u0131k vereydi ne yapard\u0131m?<br \/>Kabul etmeliyim, \u00e7ok kitap okudum. Ben yok oldu\u011fum da, b\u00fct\u00fcn bu ciltler hi\u00e7 belli olmadan de\u011fi\u015fecek, kenarlar daha geni\u015f, d\u00fc\u015f\u00fcnce daha gev\u015fek. Evet, \u00e7ok fazla ki\u015fiyle konu\u015ftum, bu bug\u00fcn dank ediyor; her ki\u015fi bir topluluktu benim i\u00e7in. Bu kocaman ba\u015fkas\u0131 beni istemeyece\u011fim denli \u00e7ok kendim yapt\u0131. \u00a7imdi varolu\u015fum inan\u0131lmaz sa\u011flaml\u0131kta; \u00f6l\u00fcmc\u00fcl s\u0131yr\u0131klar bile direngenli\u011fime boyun e\u011fiyor. Ba\u011f\u0131\u015flas\u0131nlar ama kimilerini kendim den \u00f6nce g\u00f6mmem gerek.<\/p>\n<p style=\"text-align: justify;\">Yoksullu\u011fun i\u00e7ine g\u00f6m\u00fcl\u00fcyordum . Yava\u015f yava\u015f \u00e7evremde \u00e7emberler \u00e7iziyordu, ilki her\u015feyi b\u0131rak\u0131rm\u0131\u015f gibiydi bana, sonuncusu benden ba\u015fka hi\u00e7 bir \u015fey b\u0131rakm\u0131yordu bende. Bir g\u00fcn, bir bakt\u0131m kentin i\u00e7inde kapal\u0131 kalm\u0131\u015f\u0131m; yolculuk masald\u0131 art\u0131k.<\/p>\n<p style=\"text-align: justify;\">Telefon a\u00e7\u0131lm\u0131yordu. Giysilerim eskiyordu. So\u011fuk i\u00e7ime i\u015fliyordu; ilkyaz, yeti\u015f\u2026 Kitapl\u0131klara gidiyordum. Dokunu\u015fum iki metre ileride dola\u015f\u0131yordu: odama biri girse, hayk\u0131r\u0131yordum, ama b\u0131\u00e7ak sessizce do\u011fruyordu beni.. Ona yard\u0131m\u0131m dokunsun diye k\u00fc\u00e7\u00fcc\u00fck ge\u00e7itlerden sevin\u00e7le se\u011firtiyor, ona okuman\u0131n karanl\u0131k ruhuna aktaraca\u011f\u0131 ciltler al\u0131p geliyordum. Ama bu ruh bana pek de sevimli olmayan s\u00f6zler f\u0131rlat\u0131yordu; onun g\u00f6zleri \u00f6n\u00fcnde k\u00fc\u00e7\u00fcl\u00fcyordum; beni oldu\u011fum gibi geriyordu, bir b\u00f6cek, yoksullu\u011fun karanl\u0131k b\u00f6lgelerinden gelen \u00e7enekli bir hayvan. Kimdim ben? Bu soruya kar\u015f\u0131l\u0131k vermek beni b\u00fcy\u00fck kayg\u0131lara salacakt\u0131.<\/p>\n<p style=\"text-align: justify;\">D\u0131\u015far\u0131da k\u0131sac\u0131k bir g\u00f6r\u00fcm ya\u015fad\u0131m: iki adim \u00f6temde, tam \u00e7\u0131kmak \u00fczere oldu\u011fum soka\u011f\u0131n k\u00f6\u015fesinde \u00e7ocuk arabal\u0131 bir kad\u0131n durmu\u015f, &#8211; ancak \u015f\u00f6yle b\u00f6yle g\u00f6rebiliyordum, &#8211; d\u0131\u015f kap\u0131dan i\u00e7eri sokmak i\u00e7in arabay\u0131 \u00e7eviriyordu. O s\u0131rada kap\u0131dan, yakla\u015ft\u0131\u011f\u0131n\u0131 g\u00f6rmedi\u011fim , bir adam girdi. E\u015fi\u011fi daha yeni atlam\u0131\u015ft\u0131 ki \u015f\u00f6yle geriye do\u011fru bir devinimle yeniden \u00e7\u0131kt\u0131. Kap\u0131n\u0131n yan\u0131ba\u015f\u0131nda dururken, \u00f6n\u00fcnden ge\u00e7en \u00e7ocuk arabas\u0131 hafif\u00e7e y\u00fckselip e\u015fi\u011fi a\u015ft\u0131, kad\u0131n da adama bakmak i\u00e7in ba\u015f\u0131n\u0131 kald\u0131r\u0131p yok oldu.<\/p>\n<p style=\"text-align: justify;\">Bu k\u0131sac\u0131k olay beni \u00e7\u0131ld\u0131rman\u0131n e\u015fi\u011fine getirdi. Ku\u015fkusuz tam olarak a\u00e7\u0131klayam\u0131yordum kendime, yine de su g\u00f6t\u00fcr\u00fcr yani yoktu, ger\u00e7ek bir olaya tak\u0131lan g\u00fcn\u00fcn, sonuna do\u011fru ivme\u011fe ba\u015flad\u0131\u011f\u0131 k\u0131p\u0131y\u0131 yakalam\u0131\u015ft\u0131m. i\u015fte geliyor, diyordum , son yakla\u015f\u0131yor, bir \u015fey geliyor, son ba\u015fl\u0131yor. Sevin\u00e7 kaplam\u0131\u015ft\u0131 beni.<\/p>\n<p style=\"text-align: justify;\">O eve gittim, ama girmedim. Aral\u0131ktan, bir avlunun karanl\u0131k ucunu g\u00f6r\u00fcyordum . D\u0131\u015f duvara yasland\u0131m, so\u011fu\u011fa kesmi\u015ftim; so\u011fuk beni tepeden t\u0131rna\u011fa sar\u0131yor, yava\u015f yava\u015f koca boyumun bu u\u00e7suz bucaks\u0131z so\u011fu\u011fun boyutlar\u0131n\u0131 ald\u0131\u011f\u0131m duyumsuyordum , ger\u00e7ek yarad\u0131l\u0131\u015f\u0131 uyar\u0131nca sessizce y\u00fckseliyor, bense bu mutlulu\u011fun sevinci, yetkinli\u011fi i\u00e7inde bir an ba\u015f\u0131m g\u00f6\u011f\u00fcn ta\u015flar\u0131 gibi y\u00fcce, ayaklar\u0131m\u0131 \u00e7ak\u0131llar\u0131n \u00fcst\u00fcnde, \u00f6ylece duruyordum .<\/p>\n<p style=\"text-align: justify;\">Bak\u0131n, bunlar\u0131n hepsi ger\u00e7ekti. D\u00fc\u015fman\u0131m yoktu. Kimse ili\u015fmezdi bana. Aras\u0131ra kafam da engin bir i\u015fsizlik do\u011fuyor, i\u00e7inde d\u00fcnya t\u00fcm \u00fcyle yokoluyor, ama oldu\u011fu gibi, en k\u00fc\u00e7\u00fck bir s\u0131yr\u0131k almadan \u00e7\u0131k\u0131yor, her\u015feyi yerli yerinde duruyordu. Az kals\u0131n g\u00f6rme duyum u yitiriyordum, biri g\u00f6zlerimin \u00fcst\u00fcnde cam k\u0131rm\u0131\u015ft\u0131. Bu darbe be\u00adni sarst\u0131, kabul etmeliyim. Duvara d\u00f6n\u00fcyormu\u015fum , bir \u00e7ak\u0131l ta\u015f\u0131 korusuna dal\u0131yorum usum izlenimine kap\u0131ld\u0131m. En k\u00f6t\u00fcs\u00fc, g\u00fcn\u00fcn birdenbire korkun\u00e7 ac\u0131mas\u0131z kesilmesiydi; ne bakabiliyordum ne bakmamazl\u0131k edebiliyordum; g\u00f6rmek \u00fcrk\u00fcn\u00e7t\u00fc, g\u00f6rmemekse aln\u0131mdan bo\u011faz\u0131ma y\u0131rt\u0131yordu beni. Bir de beni bir yaban hayvan\u0131n\u0131n sald\u0131r\u0131s\u0131na a\u00e7\u0131k b\u0131rakan s\u0131rtlan \u00e7\u0131\u011fl\u0131klar\u0131 i\u015fitiyordum (bu \u00e7\u0131\u011fl\u0131klar benimdi, san\u0131r\u0131m).<\/p>\n<p style=\"text-align: justify;\">Cam\u0131 \u00e7\u0131kard\u0131ktan sonra g\u00f6zkapaklar\u0131m\u0131n alt\u0131na bir zar \u00e7ektiler, g\u00f6zkapaklar\u0131m\u0131n \u00fcst\u00fcne pamuktan duvarlar. Konu\u015fmamam gerekiyordu, \u00e7\u00fcnk\u00fc konu\u015fmak t\u0131marl\u0131klar\u0131n k\u0131ska\u00e7lar\u0131n\u0131 \u00e7eki\u015ftiriyordu. &#8220;Uyuyordunuz&#8221; dedi hekim bana, daha sonra. Uyuyordum! Yedi g\u00fcn\u00fcn \u0131\u015f\u0131\u011f\u0131na dayanmam gerekiyordu: ne \u0131\u015f\u0131ma! Evet, yedi g\u00fcn birden, tek bir k\u0131p\u0131n\u0131n canl\u0131l\u0131\u011f\u0131na d\u00f6nen yedi koca ayd\u0131nl\u0131k benden hesap soruyordu. Kim d\u00fc\u015f\u00fcnebilirdi bunu? Kimileyin kendi kendim e &#8220;Bu \u00f6l\u00fcm; her \u015feye kar\u015f\u0131n, de\u011fermi\u015f do\u011frusu, ne etkileyici&#8221; diyordum. Ama \u00e7o\u011fun hi\u00e7bir<br \/>\u00a7ey dem eden \u00f6l\u00fcyordum. Sonra sonra g\u00fcn\u00fcn delili\u011fiyle y\u00fczs\u00fcze geldi\u011fime iyiden iyiye inand\u0131m; do\u011frusu buydu: \u0131\u015f\u0131k \u00e7\u0131ld\u0131r\u0131yordu, ayd\u0131nl\u0131k hepten sa\u011fduyuyu yitirmi\u015fti; ussuzca, ba\u015f\u0131bozuk, ama\u00e7s\u0131z sald\u0131r\u0131yordu bana. Bu bulu\u015f ya\u015fam\u0131ma boylu boyunca di\u015fini ge\u00e7irdi. Uyuyordum! Uyand\u0131\u011f\u0131mda, bir adam \u0131n sorusunu i\u015fitmek varm\u0131\u015f: &#8220;Davac\u0131 m\u0131s\u0131n\u0131z?&#8221; Daha demin d\u00fcped\u00fcz g\u00fcnle cebelle\u015fen birine sorulacak soru mu bu?<\/p>\n<p style=\"text-align: justify;\">iyile\u015fmi\u015ftim ya, yine de ku\u015fkuluydum iyile\u015fti\u011fimden. Ne okuyabiliyor ne yazabiliyordum. \u00e7evremi puslu bir Kuzey sarm\u0131\u015ft\u0131. Ama i\u015fin tuhaf yan\u0131 \u015fuydu: G\u00fcnle dayan\u0131lm az ba\u011f\u0131m\u0131 unutmasam da perdelerin, buzlu camlar\u0131n arkas\u0131n\u0131 da ya\u015famaktan \u00e7\u00f6k\u00fcp gidiyordum . Bir\u015feyi g\u00fcn \u0131\u015f\u0131\u011f\u0131nda g\u00f6rmek istiyordum; alacakaranl\u0131\u011f\u0131n tad\u0131na, erincine doymu\u015ftum; susar, havasar gibi istek duyuyordum g\u00fcne. G\u00f6rmek ate\u015fse, dolu dolu istiyordum ate\u015fi, g\u00f6rmek delilik salg\u0131n\u0131ysa, delice istiyordum bu delili\u011fi.<br \/>Kurumda bana k\u00fc\u00e7\u00fck bir yer verildi. Telefona bak\u0131yordum. Hekimin bir tahlil laboratuvar vard\u0131 (kanla u\u011fra\u015f\u0131yordu), insanlar geliyor, bir ila\u00e7 i\u00e7iyorlard\u0131; k\u00fc\u00e7\u00fck yataklara uzan\u0131p uyuyorlard\u0131. Bunlardan birinin ho\u015f bir d\u00fcmeni vard\u0131: verilen \u00fcr\u00fcn\u00fc yuttuktan sonra bir a\u011f\u0131 i\u00e7ip komaya giriyordu. Hekim buna al\u00e7akl\u0131k diyordu. Onu ay\u0131lt\u0131p bu d\u00fczmece uykusundan \u00f6t\u00fcr\u00fc &#8220;davac\u0131 oluyordu&#8221;. Ya! Ba\u00adna kal\u0131rsa bu hasta daha iyisini hakediyordu. G\u00f6r\u00fc\u015f\u00fcm k\u0131s\u0131lmad\u0131\u011f\u0131 halde, sokakta yenge\u00e7 gi\u00adbi y\u00fcr\u00fcyordum , duvarlara s\u0131k\u0131 s\u0131k\u0131 tutunarak, bo\u015f bulunuversem ad\u0131mlar\u0131m\u0131 bir savrulmad\u0131r al\u0131yordu. Bu duvarlarda s\u0131k s\u0131k ayn\u0131 ilan\u0131 g\u00f6r\u00fcyordum, g\u00f6steri\u015fsiz bir afi\u015fti ama harfleri olduk\u00e7a b\u00fcy\u00fckt\u00fc: Sen de bunu istiyorsun. Ku\u015fkusuz istiyordum , bu iri s\u00f6zc\u00fckleri ne zaman g\u00f6rsem istiyordum, evet.<\/p>\n<p style=\"text-align: justify;\">Gelgelelim i\u00e7imde bir\u015fey istemeyiveriyordu. Okumak b\u00fcy\u00fck bir yorgunluktu benim i\u00e7in. Okumak en az konu\u015fmak kadar yoruyordu beni, en ufak ger\u00e7ek konu\u015fma benden bende olmayan belirsiz bir g\u00fc\u00e7 istiyordu. S\u0131k\u0131nt\u0131lar\u0131m\u0131z\u0131 g\u00f6n\u00fcl ho\u015flu\u011fuyla kar\u015f\u0131l\u0131yorsunuz diyorlard\u0131 bana. Bu s\u00f6z beni \u015fa\u015f\u0131rt\u0131yordu. Yirmi ya\u015f\u0131nda, ayn\u0131 durumdayken, kimse umursamazd\u0131 beni. K\u0131rk\u0131mda, biraz dardayd\u0131m , yoksulla\u015f\u0131yordum. Peki nereden geliyordu bu s\u0131k\u0131c\u0131 g\u00f6r\u00fcnt\u00fc? Bana kal\u0131rsa, sokakta kapm\u0131\u015ft\u0131m bunu. Sokaklar, \u015f\u00f6yle sa\u011fl\u0131kl\u0131 d\u00fc\u015f\u00fcn\u00fcnce, yapmalar\u0131 gerekti\u011fi gibi vars\u0131lla\u015ft\u0131rmad\u0131 beni. Tersine kald\u0131r\u0131mlar\u0131 ar\u015f\u0131nlarken, metrolar\u0131n ayd\u0131nl\u0131\u011f\u0131na g\u00f6m\u00fcl\u00fcrken, kentin g\u00f6rkemle \u0131\u015f\u0131d\u0131\u011f\u0131 g\u00fczelim caddelere saparken alabildi\u011fine tad\u0131m ka\u00e7\u0131yor, g\u00f6nl\u00fcm iniyor, yoruluyordum ; ads\u0131z y\u0131k\u0131m\u0131n \u00e7ok b\u00fcy\u00fck bir b\u00f6l\u00fcm \u00fcn\u00fc \u00fcstlenmekle art\u0131k bak\u0131\u015flar\u0131 daha \u00e7ok \u00e7ekiyordum , \u00e7\u00fcnk\u00fc bu y\u0131k\u0131m benim i\u00e7in de\u011fildi, beni biraz kaypak, biraz bi\u00e7imsiz bir nesne k\u0131lg\u0131na sokuyordu; dolay\u0131s\u0131yla yapmac\u0131k, ars\u0131zca g\u00f6r\u00fcn\u00fcyordu. Yoksullu\u011fun s\u0131k\u0131c\u0131 yan\u0131 g\u00f6r\u00fclmesi, g\u00f6renler de \u015f\u00f6yle d\u00fc\u015f\u00fcn\u00fcyor: Bak i\u015fte bana y\u00f6nelik bir su\u00e7lama; kim bu beni su\u00e7layan? Oysa benim adaleti \u00fcst\u00fcm de ba\u015f\u0131mda ta\u015f\u0131mak gibi bir iste\u011fim yok.<\/p>\n<p style=\"text-align: justify;\">Okumu\u015fsunuz, yetenekleriniz var, diyorlard\u0131 bana (kimileyin hekim, kimileyin bak\u0131c\u0131lar), yoksun olan on ki\u015fiye da\u011f\u0131t\u0131lsa ya\u015famalar\u0131na elverecek an\u0131kl\u0131klar\u0131 kullanmamakla onlar\u0131 kendilerinde bulunmayandan yoksun ediyorsunuz, ka\u00e7\u0131n\u0131labilecek olan yoksullu\u011funuz da onlar\u0131n gereksinimlerine bir sald\u0131r\u0131 oluyor. Ben de soruyordum: Bu s\u00f6ylevler niye? \u00c7ald\u0131\u011f\u0131m kendi yerim mi? Geri al\u0131n onu benden. Kendimi haks\u0131z d\u00fc\u015f\u00fcncelerle, d\u00fc\u015fmanca uslamlamalarla \u00e7evrilmi\u015f g\u00f6r\u00fcyordum . Peki kimi k\u0131\u015fk\u0131rt\u0131yorlard\u0131 bana kar\u015f\u0131? Kimsenin kan\u0131tlayamad\u0131\u011f\u0131, benim de bo\u015f yere arad\u0131\u011f\u0131m g\u00f6r\u00fcnmez bir bilgi. Okumu\u015fmu\u015fum! Ama herhalde her zaman de\u011fil. Yetenekli? Neredeymi\u015f bu c\u00fcppelerini ku\u015fan\u0131p orunlar\u0131na yerle\u015fmi\u015f, gece g\u00fcnd\u00fcz beni yarg\u0131lamaya haz\u0131r yarg\u0131\u00e7lar gibi konu\u015fturulan bu yetenekler?<br \/>Hekimleri baya\u011f\u0131 seviyordum , onlar\u0131n ku\u015fkular\u0131yla al\u00e7alm\u0131\u015f gibi duyumsam\u0131yordum kendimi. Can\u0131m\u0131 s\u0131kan, yetkelerinin gitgide b\u00fcy\u00fcmesiydi. Kimse ay\u0131rd\u0131na varmaz, ama bunlar krald\u0131r. Odalar\u0131m\u0131 a\u00e7\u0131p \u015f\u00f6yle derlerdi: Burada ne varsa bizimdir. D\u00fc\u015f\u00fcnce k\u0131r\u0131nt\u0131lar\u0131m\u0131n \u00fczerine atlarlard\u0131: Bu bizim. \u00d6yk\u00fcm\u00fc sorgularlard\u0131: Konu\u015f. \u00d6yk\u00fcm onlar\u0131n hizmetindeydi. Kendimden soyunuveriyordum . Kan\u0131m\u0131, i\u00e7imi da\u011f\u0131t\u0131yordum onlara, evreni aktar\u0131yor, g\u00fcn\u00fc veriyordum . G\u00f6zlerinin \u00f6n\u00fcnde, k\u0131llar\u0131 k\u0131p\u0131rdamadan, bir su damlas\u0131na, bir m\u00fcrekkep lekesine d\u00f6n\u00fc\u015f\u00fcyordum. Kendimi onlara indirgiyordum , b\u00fcsb\u00fct\u00fcn g\u00f6zlerinin alt\u0131ndan ge\u00e7iyordum; en sonu, benim yetkin yoklu\u011fumdan ba\u015fka bir \u015fey kalmay\u0131nca, g\u00f6recek hi\u00e7bir \u015fey kalmay\u0131nca, beni de g\u00f6rmez oluyorlard\u0131 art\u0131k, \u00f6fke i\u00e7inde kalk\u0131p ba\u011f\u0131r\u0131yorlard\u0131: Hey, neredesin? Nereye gizleniyorsun? Saklanmak yasak, bu su\u00e7,&#8230;<\/p>\n<p style=\"text-align: justify;\">Arkalar\u0131ndan yasan\u0131n karalt\u0131s\u0131 g\u00f6z\u00fcme \u00e7arp\u0131yordu. O bildi\u011fimiz, o kati, o pek de sevimli olmayan yasa de\u011fildi bu: bu ba\u015fkayd\u0131. Sald\u0131\u011f\u0131 y\u0131lg\u0131ya kap\u0131lmak \u015f\u00f6yle dursun, onu \u00fcrk\u00fcten bendim sanki. Ona kal\u0131rsa, benim bak\u0131\u015f\u0131m y\u0131ld\u0131r\u0131md\u0131, ellerim yok olu\u015f nedeni. \u00dcstelik t\u00fcm g\u00fc\u00e7leri y\u00fckl\u00fcyordu bana, i\u015fin tuhaf\u0131, bana kar\u015f\u0131 boynu k\u0131ldan inceymi\u015f her zaman. Ama b\u0131rakm\u0131yordu ben bir \u015fey soray\u0131m; her yerde var olma hakk\u0131m\u0131 tan\u0131d\u0131\u011f\u0131nda hi\u00e7bir yerde bana yer olmad\u0131\u011f\u0131 anlam\u0131na geliyordu bu. Beni yet- kelerin \u00fcst\u00fcne koydu\u011funda, bu sizin hi\u00e7bir \u015feye yetkiniz yok demekti. Ezilip b\u00fcz\u00fcld\u00fc\u011f\u00fcnde: Bana sayg\u0131 g\u00f6stermiyorsunuz. Ama\u00e7lar\u0131ndan birinin benim &#8220;adaletin yerine geldi\u011fini g\u00f6rmemi&#8221; sa\u011flamak oldu\u011funu biliyordum. &#8220;Sen \u00f6zel birisin; kimse sana bir \u015fey yapamaz. Konu\u015fabilirsin, hi\u00e7bir \u015fey seni ba\u011flamaz; antlarla ba\u011fl\u0131 de\u011filsin art\u0131k; eylemlerin sonu\u00e7suz kal\u0131r. Ayaklar\u0131m\u0131n alt\u0131na al beni, i\u015fte her zam an senin k\u00f6lenim&#8221; diyordu bana. K\u00f6le ha? Bedava verseler istemem.<\/p>\n<p style=\"text-align: justify;\">&#8220;Adaleti seviyorsun.&#8221; diyordu bana. Evet, san\u0131r\u0131m. &#8211; B\u00f6ylesine se\u00e7kin ki\u015fili\u011finde adaletin \u00e7i\u011fnenmesine niye izin veriyorsun peki? &#8211; Benim g\u00f6z\u00fcm de ki\u015fili\u011fim se\u00e7kin de\u011fil ki. &#8211; Adalet sende g\u00fc\u00e7s\u00fczle\u015firse, ba\u015fkalar\u0131nda da g\u00fc\u00e7s\u00fcz olur, onlar da bunun ac\u0131s\u0131n\u0131 \u00e7ekecektir. &#8211; Ama bu adaleti ilgilendirmez. &#8211; Onu her \u015fey ilgilendirir. &#8211; Ama kendiniz s\u00f6ylediniz, ben \u00f6zelim. &#8211; Eylersen \u00f6zelsin; ba\u015fkalar\u0131n\u0131n eylemesine izin verirsen olamazs\u0131n.&#8221;<br \/>\u0130\u015fi bo\u015f s\u00f6zlere d\u00f6kt\u00fc: &#8220;Do\u011frusu, art\u0131k ayr\u0131lamay\u0131z. Nereye gitsen ard\u0131ndan gelece\u011fim, senin \u00e7at\u0131n\u0131n alt\u0131nda ya\u015fayaca\u011f\u0131m, ayn\u0131 uykuyu uyuyaca\u011f\u0131z.&#8221;<br \/>Beni kapatmalar\u0131na boyun e\u011fmi\u015ftim. Ge\u00e7ici, demi\u015flerdi bana. \u0130yi, ge\u00e7ici olsun. Havaland\u0131rma saatlerinde, orada yatanlardan biri, ak sakall\u0131 bir koca, omuzlar\u0131ma z\u0131play\u0131p tepemde elini kolunu oynat\u0131yordu. &#8220;Sen Tolstoy musun yoksa?&#8221; diyordum ona. Hekim bu y\u00fczden beni hepten ka\u00e7\u0131k say\u0131yordu. Sonunda kim var kim yok s\u0131rt\u0131mda ta\u015fmaya ba\u015flad\u0131m, s\u0131ms\u0131k\u0131 sar\u0131lm\u0131\u015f bir ba\u011flam adam , bo\u015f bir egemenlik iste\u011fiyle, i\u00e7ler ac\u0131s\u0131 bir \u00e7ocuksulukla yukar\u0131 \u00e7\u0131kan bir olgun adamlar \u00f6be\u011fi; ben \u00e7\u00f6k\u00fcnce (ne de olsa ben at de\u011fildim de\u011fil mi ya), kendisi de yere yuvarlanan yolda\u015flar\u0131m\u0131n \u00e7o\u011fu beni bir g\u00fczel \u0131slat\u0131yordu. Ne keyifli anlard\u0131 onlar.<br \/>Yasa davran\u0131\u015f\u0131m\u0131 sert\u00e7e ele\u015ftiriyordu: &#8220;Eskiden ben sizi ba\u015fka bilirdim. &#8211; Sizinle alay etmek kimsenin yan\u0131na kalmazd\u0131. Sizi g\u00f6rmek ya\u015fama patlard\u0131. Sizi sevmek \u00f6l\u00fcm demekti. insanlar sizin g\u00f6z\u00fcn\u00fczden ka\u00e7mak i\u00e7in hendekler kaz\u0131p i\u00e7ine s\u0131\u011f\u0131n\u0131yorlard\u0131. Birbirlerine sorarlard\u0131: Ge\u00e7ti mi? Bizi saklayan topra\u011fa ham dolsun. &#8211; O derece mi korkuyorlard\u0131 benden? &#8211; Korku size yetmiyordu, y\u00fcre\u011fin derinliklerinden gelen \u00f6vg\u00fcler de, dosdo\u011fru bir ya\u015fam da, tozun i\u00e7inde al\u00e7akg\u00f6n\u00fcll\u00fcl\u00fck de. Hem kimse beni sorgulamas\u0131n. Kim beni d\u00fc\u015f\u00fcnmeyi g\u00f6ze alabilir ki?&#8221;<\/p>\n<p style=\"text-align: justify;\">Tuhaf bir \u00f6fkeye kap\u0131lm\u0131\u015ft\u0131. Beni y\u00fcceltiyordu ama kendi de y\u00fckselmek i\u00e7in: &#8220;Siz k\u0131tl\u0131ks\u0131n\u0131z, ge\u00e7imsizlik, \u00f6l\u00fcm, y\u0131k\u0131m. &#8211; Niyeymi\u015f b\u00fct\u00fcn bunlar? &#8211; \u00e7\u00fcnk\u00fc ben ge\u00e7imsizlik, \u00f6l\u00fcm, bitim mele\u011fiyim. &#8211; Ha i\u015fte, dedim ona, ikimizin bir araya kapanmas\u0131 i\u00e7in bu yeter de artar bile.&#8221; Do\u011fruluk, benim ho\u015fuma giden. O t\u0131kabasa erkekle dolu bu \u00e7evrede tek di\u015fi \u00f6geydi. Bir kez dizine dokundurmu\u015ftu: ne tu\u00adhaf izlenimdi. Kendisine belirtmi\u015ftim bunu: Ben bir dizle yetinecek adam de\u011filim. Verdi\u011fi kar\u015f\u0131l\u0131k: \u00d6ylesi i\u011fren\u00e7 olurdu! Oyunlar\u0131ndan biri \u015fuydu. Bana pencerenin \u00fcst\u00fcyle tavan aras\u0131nda bir uzay par\u00e7as\u0131 g\u00f6steriyordu: &#8220;Oradanm\u0131\u015f&#8221; diyordu. Ben g\u00f6z\u00fcm\u00fc dikip o noktaya bak\u0131yordum. &#8220;Orada m\u0131s\u0131n\u0131z?&#8221; Olanca g\u00fcc\u00fcmle bak\u0131yordum . &#8220;Eee?&#8221; Bak\u0131\u015f\u0131mdan yaralar f\u0131\u015fk\u0131rd\u0131\u011f\u0131n\u0131 duyuyordum , g\u00f6r\u00fcm\u00fcm bir \u00e7\u0131bana, kafam bir deli\u011fe, karn\u0131 yar\u0131lm\u0131\u015f bir bo\u011faya d\u00f6n\u00fc\u015f\u00fcyordu. O birdenbire ba\u011f\u0131r\u0131yordu: &#8220;Ah, g\u00fcn\u00fc g\u00f6r\u00fcyorum, aman yarabbi, &#8230;&#8221; Bu oyun beni \u00e7ok yoruyor diye yak\u0131n\u0131yordum, ama o benim g\u00f6rkemime doymak bilmiyordu.<\/p>\n<p style=\"text-align: justify;\">Y\u00fcz\u00fcn\u00fcze cam atan kimdi? Bu soru t\u00fcm sorular\u0131n i\u00e7inden d\u00f6n\u00fcp geliyordu. Bana do\u011frudan sorulmuyordu bu, ama t\u00fcm yollar\u0131n \u00e7\u0131kt\u0131\u011f\u0131 kav\u015fak oydu. Yan\u0131t\u0131m\u0131n hi\u00e7bir \u015feyi a\u00e7\u0131\u011fa \u00e7\u0131karmayaca\u011f\u0131n\u0131 belirtmi\u015flerdi bana, \u00e7\u00fcnk\u00fc her \u015fey \u00e7oktand\u0131r. apa\u00e7\u0131kt\u0131. &#8220;Konu\u015fmamak i\u00e7in daha da \u00e7ok neden. &#8211; Bak\u0131n, siz okumu\u015f adams\u0131n\u0131z, bilirsiniz sessizlik dikkati \u00e7eker. Suskunlu\u011funuz sizi daha da sa\u00e7ma bi\u00e7imde ele veriyor.&#8221; Ben de \u015f\u00f6yle kar\u015f\u0131l\u0131k veriyordum: &#8220;Ama benim sessizli\u011fim do\u011fru. Sizden saklasam, biraz ileride yine bulacaks\u0131n\u0131z. Beni ele veriyorsa, sizin i\u00e7in ne iyi i\u015fte, i\u015finize yar\u0131yor, benim i\u00e7in de ne iyi i\u015fte, bana yard\u0131m ediyormu\u015fsunuz ya.&#8221; B\u00f6ylece i\u015fin sonunu alabilmek i\u00e7in yeri g\u00f6\u011f\u00fc birbirine katmalar\u0131 gerekiyordu.<br \/>Ara\u015ft\u0131rmalar\u0131yla ilgileniyordum. Hepimiz maskeli avc\u0131lar gibiydik. Sorgulanan kimdi? Kar\u015f\u0131l\u0131k veren kim? Biri \u00f6teki oluyordu. S\u00f6zc\u00fckler kendi kendilerine konu\u015fuyordu. Sessizlik giriyordu i\u00e7lerine, e\u015fsiz s\u0131\u011f\u0131nak, g\u00fcnk\u00fc benden ba\u015fka kimse alg\u0131lam\u0131yordu.<br \/>\u0130\u015fler &#8220;tam\u0131 tam\u0131na&#8221; nas\u0131l oldu, anlat bize denmi\u015fti bana. &#8211; Anlat\u0131 ha? Ba\u015flard\u0131m: Ne bilginim ne bilmez. Zevkleri tan\u0131d\u0131m. Bunu s\u00f6ylemek az gelir. \u00d6yk\u00fcn\u00fcn t\u00fcm\u00fcn\u00fc anlat\u0131yordum, onlar da, sanki, ilgiyle dinliyordu, en az\u0131ndan ba\u015flang\u0131\u00e7ta. Ama sonu bizde ortak bir \u015fa\u015fk\u0131nl\u0131\u011fa yol a\u00e7t\u0131. &#8220;Bu ba\u015flang\u0131\u00e7tan sonra, diyorlard\u0131, olup bitene gelin.&#8221; Ne! Anlat\u0131 bitmi\u015fti bile.<br \/>Bu olaylardan bir anlat\u0131 kuramad\u0131\u011f\u0131m\u0131 kabul etmek zorunday\u0131m . \u00d6yk\u00fcn\u00fcn ucunu ka\u00e7\u0131rm\u0131\u015ft\u0131m, pek \u00e7ok sayr\u0131l\u0131kta oluyor bu. Ama bu a\u00e7\u0131klama onlar\u0131 daha da istekli kildi. B\u00f6ylece ilk kez, iki ki\u015fi olduklar\u0131n\u0131, olgular birinin g\u00f6z uzman\u0131, \u00f6b\u00fcr\u00fcn\u00fcn ruh sayr\u0131l\u0131klar\u0131 uzman\u0131 oldu\u011funu ortaya koysa bile, geleneksel y\u00f6ntemin b\u00f6yle \u00e7arp\u0131t\u0131lmas\u0131n\u0131n konu\u015fmam\u0131za s\u00fcrekli, kat\u0131 bir kuralca g\u00f6zetilip denetlenen yetkecil bir sorgulama niteli\u011fi verdi\u011fini g\u00f6rd\u00fcm. Ne biri ne \u00f6b\u00fcr\u00fc komiserdi besbelli. Ama iki ki\u015fi olmakla, \u00fc\u00e7 ki\u015fi oluyorlard\u0131; bu \u00fc\u00e7\u00fcnc\u00fcs\u00fc de, hi\u00e7 ku\u015fkum yok, bir yazar\u0131n, konu\u015fan, ayr\u0131mlar g\u00f6zeterek d\u00fc\u015f\u00fcnen bir adam\u0131n, her zaman an\u0131msad\u0131\u011f\u0131 olgular\u0131 anlatabilece\u011fi inanc\u0131ndan ayr\u0131lm\u0131yordu.<br \/>Anlat\u0131 m\u0131? Hay\u0131r, anlat\u0131 yok, art\u0131k yok.<\/p>\n<p style=\"text-align: justify;\"><strong>Hepimiz maskeli avc\u0131lar gibiydik. Sorgulanan kimdi? Kar\u015f\u0131l\u0131k veren kim? | G\u00fcn\u00fcn Delili\u011fi &#8211; Maurice Blanchot<\/strong><\/p>\n","protected":false},"excerpt":{"rendered":"<p>Ne bilginim ne bilmez. Zevkleri tan\u0131d\u0131m. Bunu s\u00f6ylemek az gelir: ya\u015f\u0131yorum, bu ya\u015fam bana en b\u00fcy\u00fck hazz\u0131 veriyor. Peki \u00f6l\u00fcm? \u00d6ld\u00fc\u011f\u00fcm de (belki de hemen), engin bir hazla tan\u0131\u015faca\u011f\u0131m. O yavan, \u00e7o\u011fu kez tats\u0131z tuzsuz \u00f6l\u00fcm \u00f6nsezisinden s\u00f6zetmiyorum. Ac\u0131 \u00e7ekmek al\u0131kla\u015ft\u0131r\u0131r. Ama ku\u015fku duymad\u0131\u011f\u0131m \u00f6nemli do\u011fru \u015fu: ya\u015fam aktan s\u0131n\u0131rs\u0131z bir haz duyuyorum , \u00f6lmekle [&hellip;]<\/p>\n","protected":false},"author":1,"featured_media":0,"comment_status":"open","ping_status":"open","sticky":false,"template":"","format":"standard","meta":{"footnotes":""},"categories":[61],"tags":[],"class_list":{"0":"post-6914","1":"post","2":"type-post","3":"status-publish","4":"format-standard","6":"category-maurice-blanchot"},"yoast_head":"<!-- This site is optimized with the Yoast SEO Premium plugin v24.9 (Yoast SEO v24.9) - https:\/\/yoast.com\/wordpress\/plugins\/seo\/ -->\n<title>Hepimiz maskeli avc\u0131lar gibiydik. Sorgulanan kimdi? Kar\u015f\u0131l\u0131k veren kim? | G\u00fcn\u00fcn Delili\u011fi - Maurice Blanchot - narteks.net<\/title>\n<meta name=\"robots\" content=\"index, follow, max-snippet:-1, max-image-preview:large, max-video-preview:-1\" \/>\n<link rel=\"canonical\" href=\"https:\/\/narteks.net\/index.php\/2018\/07\/06\/hepimiz-maskeli-avcilar-gibiydik-sorgulanan-kimdi-karsilik-veren-kim-gunun-deliligi-maurice-blanchot\/\" \/>\n<meta property=\"og:locale\" content=\"tr_TR\" \/>\n<meta property=\"og:type\" content=\"article\" \/>\n<meta property=\"og:title\" content=\"Hepimiz maskeli avc\u0131lar gibiydik. Sorgulanan kimdi? Kar\u015f\u0131l\u0131k veren kim? | G\u00fcn\u00fcn Delili\u011fi - Maurice Blanchot\" \/>\n<meta property=\"og:description\" content=\"Ne bilginim ne bilmez. Zevkleri tan\u0131d\u0131m. Bunu s\u00f6ylemek az gelir: ya\u015f\u0131yorum, bu ya\u015fam bana en b\u00fcy\u00fck hazz\u0131 veriyor. Peki \u00f6l\u00fcm? \u00d6ld\u00fc\u011f\u00fcm de (belki de hemen), engin bir hazla tan\u0131\u015faca\u011f\u0131m. O yavan, \u00e7o\u011fu kez tats\u0131z tuzsuz \u00f6l\u00fcm \u00f6nsezisinden s\u00f6zetmiyorum. Ac\u0131 \u00e7ekmek al\u0131kla\u015ft\u0131r\u0131r. Ama ku\u015fku duymad\u0131\u011f\u0131m \u00f6nemli do\u011fru \u015fu: ya\u015fam aktan s\u0131n\u0131rs\u0131z bir haz duyuyorum , \u00f6lmekle [&hellip;]\" \/>\n<meta property=\"og:url\" content=\"https:\/\/narteks.net\/index.php\/2018\/07\/06\/hepimiz-maskeli-avcilar-gibiydik-sorgulanan-kimdi-karsilik-veren-kim-gunun-deliligi-maurice-blanchot\/\" \/>\n<meta property=\"og:site_name\" content=\"narteks.net\" \/>\n<meta property=\"article:published_time\" content=\"2018-07-06T19:43:00+00:00\" \/>\n<meta property=\"og:image\" content=\"https:\/\/narteks.net\/wp-content\/uploads\/narteks.png\" \/>\n\t<meta property=\"og:image:width\" content=\"300\" \/>\n\t<meta property=\"og:image:height\" content=\"90\" \/>\n\t<meta property=\"og:image:type\" content=\"image\/png\" \/>\n<meta name=\"author\" content=\"Tar\u0131k\" \/>\n<meta name=\"twitter:card\" content=\"summary_large_image\" \/>\n<meta name=\"twitter:creator\" content=\"@narteks\" \/>\n<meta name=\"twitter:site\" content=\"@narteks\" \/>\n<meta name=\"twitter:label1\" content=\"Yazan:\" \/>\n\t<meta name=\"twitter:data1\" content=\"Tar\u0131k\" \/>\n\t<meta name=\"twitter:label2\" content=\"Tahmini okuma s\u00fcresi\" \/>\n\t<meta name=\"twitter:data2\" content=\"19 dakika\" \/>\n<script type=\"application\/ld+json\" class=\"yoast-schema-graph\">{\"@context\":\"https:\/\/schema.org\",\"@graph\":[{\"@type\":\"Article\",\"@id\":\"https:\/\/narteks.net\/index.php\/2018\/07\/06\/hepimiz-maskeli-avcilar-gibiydik-sorgulanan-kimdi-karsilik-veren-kim-gunun-deliligi-maurice-blanchot\/#article\",\"isPartOf\":{\"@id\":\"https:\/\/narteks.net\/index.php\/2018\/07\/06\/hepimiz-maskeli-avcilar-gibiydik-sorgulanan-kimdi-karsilik-veren-kim-gunun-deliligi-maurice-blanchot\/\"},\"author\":{\"name\":\"Tar\u0131k\",\"@id\":\"https:\/\/narteks.net\/#\/schema\/person\/61f37d9834294b72d31d274e7ed79bca\"},\"headline\":\"Hepimiz maskeli avc\u0131lar gibiydik. Sorgulanan kimdi? Kar\u015f\u0131l\u0131k veren kim? | G\u00fcn\u00fcn Delili\u011fi &#8211; Maurice Blanchot\",\"datePublished\":\"2018-07-06T19:43:00+00:00\",\"mainEntityOfPage\":{\"@id\":\"https:\/\/narteks.net\/index.php\/2018\/07\/06\/hepimiz-maskeli-avcilar-gibiydik-sorgulanan-kimdi-karsilik-veren-kim-gunun-deliligi-maurice-blanchot\/\"},\"wordCount\":3862,\"commentCount\":0,\"publisher\":{\"@id\":\"https:\/\/narteks.net\/#organization\"},\"articleSection\":[\"Maurice BLANCHOT\"],\"inLanguage\":\"tr\",\"potentialAction\":[{\"@type\":\"CommentAction\",\"name\":\"Comment\",\"target\":[\"https:\/\/narteks.net\/index.php\/2018\/07\/06\/hepimiz-maskeli-avcilar-gibiydik-sorgulanan-kimdi-karsilik-veren-kim-gunun-deliligi-maurice-blanchot\/#respond\"]}]},{\"@type\":\"WebPage\",\"@id\":\"https:\/\/narteks.net\/index.php\/2018\/07\/06\/hepimiz-maskeli-avcilar-gibiydik-sorgulanan-kimdi-karsilik-veren-kim-gunun-deliligi-maurice-blanchot\/\",\"url\":\"https:\/\/narteks.net\/index.php\/2018\/07\/06\/hepimiz-maskeli-avcilar-gibiydik-sorgulanan-kimdi-karsilik-veren-kim-gunun-deliligi-maurice-blanchot\/\",\"name\":\"Hepimiz maskeli avc\u0131lar gibiydik. Sorgulanan kimdi? Kar\u015f\u0131l\u0131k veren kim? | G\u00fcn\u00fcn Delili\u011fi - Maurice Blanchot - narteks.net\",\"isPartOf\":{\"@id\":\"https:\/\/narteks.net\/#website\"},\"datePublished\":\"2018-07-06T19:43:00+00:00\",\"breadcrumb\":{\"@id\":\"https:\/\/narteks.net\/index.php\/2018\/07\/06\/hepimiz-maskeli-avcilar-gibiydik-sorgulanan-kimdi-karsilik-veren-kim-gunun-deliligi-maurice-blanchot\/#breadcrumb\"},\"inLanguage\":\"tr\",\"potentialAction\":[{\"@type\":\"ReadAction\",\"target\":[\"https:\/\/narteks.net\/index.php\/2018\/07\/06\/hepimiz-maskeli-avcilar-gibiydik-sorgulanan-kimdi-karsilik-veren-kim-gunun-deliligi-maurice-blanchot\/\"]}]},{\"@type\":\"BreadcrumbList\",\"@id\":\"https:\/\/narteks.net\/index.php\/2018\/07\/06\/hepimiz-maskeli-avcilar-gibiydik-sorgulanan-kimdi-karsilik-veren-kim-gunun-deliligi-maurice-blanchot\/#breadcrumb\",\"itemListElement\":[{\"@type\":\"ListItem\",\"position\":1,\"name\":\"Anasayfa\",\"item\":\"https:\/\/narteks.net\/\"},{\"@type\":\"ListItem\",\"position\":2,\"name\":\"Hepimiz maskeli avc\u0131lar gibiydik. Sorgulanan kimdi? Kar\u015f\u0131l\u0131k veren kim? | G\u00fcn\u00fcn Delili\u011fi &#8211; Maurice Blanchot\"}]},{\"@type\":\"WebSite\",\"@id\":\"https:\/\/narteks.net\/#website\",\"url\":\"https:\/\/narteks.net\/\",\"name\":\"narteks.net\",\"description\":\"K\u00fclt\u00fcr Sanat Edebiyat Felsefe\",\"publisher\":{\"@id\":\"https:\/\/narteks.net\/#organization\"},\"alternateName\":\"K\u00fclt\u00fcr Sanat Edebiyat Felsefe\",\"potentialAction\":[{\"@type\":\"SearchAction\",\"target\":{\"@type\":\"EntryPoint\",\"urlTemplate\":\"https:\/\/narteks.net\/?s={search_term_string}\"},\"query-input\":{\"@type\":\"PropertyValueSpecification\",\"valueRequired\":true,\"valueName\":\"search_term_string\"}}],\"inLanguage\":\"tr\"},{\"@type\":\"Organization\",\"@id\":\"https:\/\/narteks.net\/#organization\",\"name\":\"narteks.net\",\"url\":\"https:\/\/narteks.net\/\",\"logo\":{\"@type\":\"ImageObject\",\"inLanguage\":\"tr\",\"@id\":\"https:\/\/narteks.net\/#\/schema\/logo\/image\/\",\"url\":\"https:\/\/narteks.net\/wp-content\/uploads\/narteks.png\",\"contentUrl\":\"https:\/\/narteks.net\/wp-content\/uploads\/narteks.png\",\"width\":300,\"height\":90,\"caption\":\"narteks.net\"},\"image\":{\"@id\":\"https:\/\/narteks.net\/#\/schema\/logo\/image\/\"},\"sameAs\":[\"https:\/\/x.com\/narteks\",\"https:\/\/instagram.com\/narteksnet\"]},{\"@type\":\"Person\",\"@id\":\"https:\/\/narteks.net\/#\/schema\/person\/61f37d9834294b72d31d274e7ed79bca\",\"name\":\"Tar\u0131k\",\"image\":{\"@type\":\"ImageObject\",\"inLanguage\":\"tr\",\"@id\":\"https:\/\/narteks.net\/#\/schema\/person\/image\/\",\"url\":\"https:\/\/secure.gravatar.com\/avatar\/50865afb55632c4ae467e0af0930f6510aa2297d8014be502a55b14f3b7550cf?s=96&d=mm&r=g\",\"contentUrl\":\"https:\/\/secure.gravatar.com\/avatar\/50865afb55632c4ae467e0af0930f6510aa2297d8014be502a55b14f3b7550cf?s=96&d=mm&r=g\",\"caption\":\"Tar\u0131k\"},\"sameAs\":[\"http:\/\/narteks.net\"],\"url\":\"https:\/\/narteks.net\/index.php\/author\/narbak\/\"}]}<\/script>\n<!-- \/ Yoast SEO Premium plugin. -->","yoast_head_json":{"title":"Hepimiz maskeli avc\u0131lar gibiydik. Sorgulanan kimdi? Kar\u015f\u0131l\u0131k veren kim? | G\u00fcn\u00fcn Delili\u011fi - Maurice Blanchot - narteks.net","robots":{"index":"index","follow":"follow","max-snippet":"max-snippet:-1","max-image-preview":"max-image-preview:large","max-video-preview":"max-video-preview:-1"},"canonical":"https:\/\/narteks.net\/index.php\/2018\/07\/06\/hepimiz-maskeli-avcilar-gibiydik-sorgulanan-kimdi-karsilik-veren-kim-gunun-deliligi-maurice-blanchot\/","og_locale":"tr_TR","og_type":"article","og_title":"Hepimiz maskeli avc\u0131lar gibiydik. Sorgulanan kimdi? Kar\u015f\u0131l\u0131k veren kim? | G\u00fcn\u00fcn Delili\u011fi - Maurice Blanchot","og_description":"Ne bilginim ne bilmez. Zevkleri tan\u0131d\u0131m. Bunu s\u00f6ylemek az gelir: ya\u015f\u0131yorum, bu ya\u015fam bana en b\u00fcy\u00fck hazz\u0131 veriyor. Peki \u00f6l\u00fcm? \u00d6ld\u00fc\u011f\u00fcm de (belki de hemen), engin bir hazla tan\u0131\u015faca\u011f\u0131m. O yavan, \u00e7o\u011fu kez tats\u0131z tuzsuz \u00f6l\u00fcm \u00f6nsezisinden s\u00f6zetmiyorum. Ac\u0131 \u00e7ekmek al\u0131kla\u015ft\u0131r\u0131r. Ama ku\u015fku duymad\u0131\u011f\u0131m \u00f6nemli do\u011fru \u015fu: ya\u015fam aktan s\u0131n\u0131rs\u0131z bir haz duyuyorum , \u00f6lmekle [&hellip;]","og_url":"https:\/\/narteks.net\/index.php\/2018\/07\/06\/hepimiz-maskeli-avcilar-gibiydik-sorgulanan-kimdi-karsilik-veren-kim-gunun-deliligi-maurice-blanchot\/","og_site_name":"narteks.net","article_published_time":"2018-07-06T19:43:00+00:00","og_image":[{"width":300,"height":90,"url":"https:\/\/narteks.net\/wp-content\/uploads\/narteks.png","type":"image\/png"}],"author":"Tar\u0131k","twitter_card":"summary_large_image","twitter_creator":"@narteks","twitter_site":"@narteks","twitter_misc":{"Yazan:":"Tar\u0131k","Tahmini okuma s\u00fcresi":"19 dakika"},"schema":{"@context":"https:\/\/schema.org","@graph":[{"@type":"Article","@id":"https:\/\/narteks.net\/index.php\/2018\/07\/06\/hepimiz-maskeli-avcilar-gibiydik-sorgulanan-kimdi-karsilik-veren-kim-gunun-deliligi-maurice-blanchot\/#article","isPartOf":{"@id":"https:\/\/narteks.net\/index.php\/2018\/07\/06\/hepimiz-maskeli-avcilar-gibiydik-sorgulanan-kimdi-karsilik-veren-kim-gunun-deliligi-maurice-blanchot\/"},"author":{"name":"Tar\u0131k","@id":"https:\/\/narteks.net\/#\/schema\/person\/61f37d9834294b72d31d274e7ed79bca"},"headline":"Hepimiz maskeli avc\u0131lar gibiydik. Sorgulanan kimdi? Kar\u015f\u0131l\u0131k veren kim? | G\u00fcn\u00fcn Delili\u011fi &#8211; Maurice Blanchot","datePublished":"2018-07-06T19:43:00+00:00","mainEntityOfPage":{"@id":"https:\/\/narteks.net\/index.php\/2018\/07\/06\/hepimiz-maskeli-avcilar-gibiydik-sorgulanan-kimdi-karsilik-veren-kim-gunun-deliligi-maurice-blanchot\/"},"wordCount":3862,"commentCount":0,"publisher":{"@id":"https:\/\/narteks.net\/#organization"},"articleSection":["Maurice BLANCHOT"],"inLanguage":"tr","potentialAction":[{"@type":"CommentAction","name":"Comment","target":["https:\/\/narteks.net\/index.php\/2018\/07\/06\/hepimiz-maskeli-avcilar-gibiydik-sorgulanan-kimdi-karsilik-veren-kim-gunun-deliligi-maurice-blanchot\/#respond"]}]},{"@type":"WebPage","@id":"https:\/\/narteks.net\/index.php\/2018\/07\/06\/hepimiz-maskeli-avcilar-gibiydik-sorgulanan-kimdi-karsilik-veren-kim-gunun-deliligi-maurice-blanchot\/","url":"https:\/\/narteks.net\/index.php\/2018\/07\/06\/hepimiz-maskeli-avcilar-gibiydik-sorgulanan-kimdi-karsilik-veren-kim-gunun-deliligi-maurice-blanchot\/","name":"Hepimiz maskeli avc\u0131lar gibiydik. Sorgulanan kimdi? Kar\u015f\u0131l\u0131k veren kim? | G\u00fcn\u00fcn Delili\u011fi - Maurice Blanchot - narteks.net","isPartOf":{"@id":"https:\/\/narteks.net\/#website"},"datePublished":"2018-07-06T19:43:00+00:00","breadcrumb":{"@id":"https:\/\/narteks.net\/index.php\/2018\/07\/06\/hepimiz-maskeli-avcilar-gibiydik-sorgulanan-kimdi-karsilik-veren-kim-gunun-deliligi-maurice-blanchot\/#breadcrumb"},"inLanguage":"tr","potentialAction":[{"@type":"ReadAction","target":["https:\/\/narteks.net\/index.php\/2018\/07\/06\/hepimiz-maskeli-avcilar-gibiydik-sorgulanan-kimdi-karsilik-veren-kim-gunun-deliligi-maurice-blanchot\/"]}]},{"@type":"BreadcrumbList","@id":"https:\/\/narteks.net\/index.php\/2018\/07\/06\/hepimiz-maskeli-avcilar-gibiydik-sorgulanan-kimdi-karsilik-veren-kim-gunun-deliligi-maurice-blanchot\/#breadcrumb","itemListElement":[{"@type":"ListItem","position":1,"name":"Anasayfa","item":"https:\/\/narteks.net\/"},{"@type":"ListItem","position":2,"name":"Hepimiz maskeli avc\u0131lar gibiydik. Sorgulanan kimdi? Kar\u015f\u0131l\u0131k veren kim? | G\u00fcn\u00fcn Delili\u011fi &#8211; Maurice Blanchot"}]},{"@type":"WebSite","@id":"https:\/\/narteks.net\/#website","url":"https:\/\/narteks.net\/","name":"narteks.net","description":"K\u00fclt\u00fcr Sanat Edebiyat Felsefe","publisher":{"@id":"https:\/\/narteks.net\/#organization"},"alternateName":"K\u00fclt\u00fcr Sanat Edebiyat Felsefe","potentialAction":[{"@type":"SearchAction","target":{"@type":"EntryPoint","urlTemplate":"https:\/\/narteks.net\/?s={search_term_string}"},"query-input":{"@type":"PropertyValueSpecification","valueRequired":true,"valueName":"search_term_string"}}],"inLanguage":"tr"},{"@type":"Organization","@id":"https:\/\/narteks.net\/#organization","name":"narteks.net","url":"https:\/\/narteks.net\/","logo":{"@type":"ImageObject","inLanguage":"tr","@id":"https:\/\/narteks.net\/#\/schema\/logo\/image\/","url":"https:\/\/narteks.net\/wp-content\/uploads\/narteks.png","contentUrl":"https:\/\/narteks.net\/wp-content\/uploads\/narteks.png","width":300,"height":90,"caption":"narteks.net"},"image":{"@id":"https:\/\/narteks.net\/#\/schema\/logo\/image\/"},"sameAs":["https:\/\/x.com\/narteks","https:\/\/instagram.com\/narteksnet"]},{"@type":"Person","@id":"https:\/\/narteks.net\/#\/schema\/person\/61f37d9834294b72d31d274e7ed79bca","name":"Tar\u0131k","image":{"@type":"ImageObject","inLanguage":"tr","@id":"https:\/\/narteks.net\/#\/schema\/person\/image\/","url":"https:\/\/secure.gravatar.com\/avatar\/50865afb55632c4ae467e0af0930f6510aa2297d8014be502a55b14f3b7550cf?s=96&d=mm&r=g","contentUrl":"https:\/\/secure.gravatar.com\/avatar\/50865afb55632c4ae467e0af0930f6510aa2297d8014be502a55b14f3b7550cf?s=96&d=mm&r=g","caption":"Tar\u0131k"},"sameAs":["http:\/\/narteks.net"],"url":"https:\/\/narteks.net\/index.php\/author\/narbak\/"}]}},"_links":{"self":[{"href":"https:\/\/narteks.net\/index.php\/wp-json\/wp\/v2\/posts\/6914","targetHints":{"allow":["GET"]}}],"collection":[{"href":"https:\/\/narteks.net\/index.php\/wp-json\/wp\/v2\/posts"}],"about":[{"href":"https:\/\/narteks.net\/index.php\/wp-json\/wp\/v2\/types\/post"}],"author":[{"embeddable":true,"href":"https:\/\/narteks.net\/index.php\/wp-json\/wp\/v2\/users\/1"}],"replies":[{"embeddable":true,"href":"https:\/\/narteks.net\/index.php\/wp-json\/wp\/v2\/comments?post=6914"}],"version-history":[{"count":0,"href":"https:\/\/narteks.net\/index.php\/wp-json\/wp\/v2\/posts\/6914\/revisions"}],"wp:attachment":[{"href":"https:\/\/narteks.net\/index.php\/wp-json\/wp\/v2\/media?parent=6914"}],"wp:term":[{"taxonomy":"category","embeddable":true,"href":"https:\/\/narteks.net\/index.php\/wp-json\/wp\/v2\/categories?post=6914"},{"taxonomy":"post_tag","embeddable":true,"href":"https:\/\/narteks.net\/index.php\/wp-json\/wp\/v2\/tags?post=6914"}],"curies":[{"name":"wp","href":"https:\/\/api.w.org\/{rel}","templated":true}]}}