{"id":6918,"date":"2018-07-13T15:14:45","date_gmt":"2018-07-13T12:14:45","guid":{"rendered":"http:\/\/localhost\/wordpress\/2018\/07\/13\/kanunlarin-ruhu-uzerine-demokrasinin-ilkesi-uzerine-montesquieu\/"},"modified":"2018-07-13T15:14:45","modified_gmt":"2018-07-13T12:14:45","slug":"kanunlarin-ruhu-uzerine-demokrasinin-ilkesi-uzerine-montesquieu","status":"publish","type":"post","link":"https:\/\/narteks.net\/index.php\/2018\/07\/13\/kanunlarin-ruhu-uzerine-demokrasinin-ilkesi-uzerine-montesquieu\/","title":{"rendered":"Kanunlar\u0131n Ruhu \u00dczerine | Demokrasinin ilkesi \u00fczerine &#8211; Montesquieu"},"content":{"rendered":"<p style=\"text-align: justify;\"><img loading=\"lazy\" decoding=\"async\" style=\"float: left;\" title=\"Montesquieu.jpg\" src=\"images\/stories\/Montesquieu.jpg\" alt=\"Montesquieu\" width=\"155\" height=\"205\" \/>Bir saltanat h\u00fck\u00fcmetinin ya da bir istibdat h\u00fck\u00fcmetinin devam etmesi, dayanmas\u0131 i\u00e7in fazla do\u011frulu\u011fa l\u00fczum yoktur. Birinde kanunlar\u0131n kuvveti, \u00f6tekinde h\u00fck\u00fcmdar\u0131n daima kalk\u0131k duran yumru\u011fu her \u015feyi d\u00fczenler, yoluna koyar. Ama halk\u00e7\u0131 bir devlette ba\u015fka bir kuvvet gerekir ki, o da <strong>fazilettir<\/strong>.<\/p>\n<p style=\"text-align: justify;\">Bu s\u00f6zlerimin do\u011frulu\u011funu tarih olaylar\u0131 topyek\u00fbn g\u00f6sterir; hem zaten olaylar\u0131n niteli\u011fine de son derece uygun bir \u015feydir bu. \u00c7\u00fcnk\u00fc saltanat h\u00fck\u00fcmetinin, yani kanunlar\u0131 y\u00fcr\u00fctenin kendisini kanunlar\u0131n \u00fcst\u00fcnde hissetti\u011fi saltanat h\u00fck\u00fcmetinin, halk h\u00fck\u00fcmetinden, yani kanunlar\u0131 y\u00fcr\u00fctenin kanunlara ba\u011fl\u0131 oldu\u011fu, b\u00fct\u00fcn y\u00fck\u00fc s\u0131rt\u0131nda ta\u015f\u0131d\u0131\u011f\u0131n\u0131 hisseden halk h\u00fck\u00fcmetinden daha az fazilete muhta\u00e7 oldu\u011fu apa\u00e7\u0131k bir \u015feydir.<\/p>\n<p style=\"text-align: justify;\">Yine apa\u00e7\u0131k bir \u015feydir ki, kendini \u015funun bunun k\u00f6t\u00fc \u00f6\u011f\u00fctlerine ya da ihmale kapt\u0131ran h\u00fck\u00fcmdar, kanunlar\u0131 y\u00fcr\u00fctmekten vazge\u00e7ebilir ama k\u00f6t\u00fcl\u00fc\u011f\u00fc tamir etmekte de g\u00fc\u00e7l\u00fck \u00e7ekmez. Ya dan\u0131\u015fma kurulunu de\u011fi\u015ftirir ya da kendi ihmalinin sebep oldu\u011fu k\u00f6t\u00fcl\u00fc\u011f\u00fc gidermeye \u00e7al\u0131\u015f\u0131r. Ama bir halk h\u00fck\u00fcmetinde kanunlar y\u00fcr\u00fct\u00fclmedi mi, bu da ancak cumhuriyetin bozulmas\u0131ndan ileri gelebilir, i\u015fte o zaman devlet y\u0131k\u0131lm\u0131\u015f demektir.<\/p>\n<p style=\"text-align: justify;\">Ge\u00e7en y\u00fczy\u0131lda \u00fclkelerinde demokrasiyi kurmak i\u00e7in \u0130ngilizlerin bo\u015funa harcad\u0131klar\u0131 \u00e7abalar olduk\u00e7a g\u00fczel bir manzara arz ediyordu. \u0130\u015fe kar\u0131\u015fanlarda faziletten eser olmad\u0131\u011f\u0131ndan, en \u00e7ok c\u00fcret edenin ba\u015far\u0131lar\u0131 bunlar\u0131n tutkular\u0131n\u0131 tahrik etti\u011finden, bir toplulu\u011fun d\u00fc\u015f\u00fcnme tarz\u0131n\u0131n ba\u015fka bir grubun d\u00fc\u015f\u00fcnme tarz\u0131yla bast\u0131r\u0131ld\u0131\u011f\u0131ndan, h\u00fck\u00fcmet durmadan de\u011fi\u015fiyordu; \u015fa\u015fk\u0131na d\u00f6nen millet de demokrasiyi ar\u0131yordu ama hi\u00e7bir yerde bulam\u0131yordu. Bir\u00e7ok hareketten, \u00e7arp\u0131\u015fmadan, sars\u0131nt\u0131dan sonra nihayet halk yine, \u015fik\u00e2yet edip ortadan kald\u0131rd\u0131\u011f\u0131 h\u00fck\u00fcmet \u015fekline s\u0131\u011f\u0131nmak zorunda kald\u0131<\/p>\n<p style=\"text-align: justify;\">Sylla; Roma\u2019y\u0131 yeniden h\u00fcrriyete kavu\u015fturmak istedi\u011fi zaman Roma bunu bir t\u00fcrl\u00fc benimseyemedi; pek az bir fazilet kal\u0131nt\u0131s\u0131 vard\u0131. Orada; bu kal\u0131nt\u0131 her g\u00fcn biraz daha eksildi\u011finden, Caesar\u2019dan, Claudius\u2019tan, Neron\u2019dan, Domitien\u2019den sonra Roma, uyanaca\u011f\u0131na her g\u00fcn biraz daha k\u00f6lelik haline d\u00fc\u015ft\u00fc; ihtilaller yaln\u0131z tiranlar\u0131n ba\u015flar\u0131n\u0131 yiyor ama tiranl\u0131kla y\u00f6netime kar\u015f\u0131 hi\u00e7bir \u015fey yapam\u0131yordu.<\/p>\n<p style=\"text-align: justify;\">Halk h\u00fck\u00fcmetinde ya\u015fayan Yunanl\u0131 politikac\u0131lar, kendilerine dayanak olarak faziletten ba\u015fka kuvvet g\u00f6remiyorlard\u0131. Bug\u00fcnk\u00fc politikac\u0131lar ise bize yaln\u0131z end\u00fcstriden, ticaretten, maliyeden ve hatta servet ve l\u00fcksten s\u00f6z ediyorlar.<\/p>\n<p style=\"text-align: justify;\">Bu fazilet t\u00fckenince tutku, kendisini buyur edenlerin kalplerine, cimrilik de herkesin i\u00e7ine girer. \u0130stekler y\u00f6n de\u011fi\u015ftirir; sevilen \u015fey sevilmez olur; kanunlara uyarak h\u00fcr ya\u015farken kanunlara uymadan h\u00fcr ya\u015famak arzusu uyan\u0131r; her vatanda\u015f efendisinin evinden ka\u00e7m\u0131\u015f bir k\u00f6leye benzer; sav olan \u015feye sertlik ad\u0131 verilir; kural olan \u015feye engel denir; dikkatin ad\u0131 de\u011fi\u015fir korku olur. Orada azla yetinmek, cimrilik ad\u0131n\u0131 al\u0131r, biriktirme iste\u011fi de\u011fil. \u00d6nceden vatanda\u015flar\u0131n mal\u0131 m\u00fclk\u00fc \u00fclkenin serveti say\u0131l\u0131rd\u0131 ama \u015fimdi \u00fclkenin serveti vatanda\u015flar\u0131n har vurup harman savurmak istedikleri babadan kalma miras halini al\u0131r. Cumhuriyet art\u0131k bir \u00f6l\u00fcy\u00fc and\u0131r\u0131r; kuvveti de, birka\u00e7 vatanda\u015f\u0131n yetkisiyle b\u00fct\u00fcn milletin serke\u015fli\u011finden ba\u015fka bir \u015fey de\u011fildir.<\/p>\n<p style=\"text-align: justify;\">Atina, gerek \u015fan ve \u015ferefiyle b\u00fct\u00fcn d\u00fcnyaya h\u00fckmetti\u011fi \u00e7a\u011flarda olsun, gerek utana utana ba\u015fkalar\u0131na k\u00f6lelik etti\u011fi \u00e7a\u011flarda olsun ba\u011fr\u0131nda hep ayn\u0131 kuvvetleri ta\u015f\u0131m\u0131\u015ft\u0131r. Yunanl\u0131lar\u0131 Perslere kar\u015f\u0131 savundu\u011fu zaman, imparatorlu\u011fu Isparta\u2019n\u0131n elinden almak i\u00e7in sava\u015ft\u0131\u011f\u0131 zaman, nihayet Sicilya\u2019ya sald\u0131rd\u0131\u011f\u0131 zaman topu topu yirmi bin vatanda\u015f\u0131 vard\u0131. Phaleros\u2019lu Demetrius onlar\u0131 esir pazar\u0131ndaki k\u00f6leler gibi sayd\u0131\u011f\u0131 zaman da yine yirmi bin vatanda\u015f\u0131 vard\u0131. Philippos, Yunanistan\u2019\u0131 egemenli\u011fi alt\u0131na almaya c\u00fcret edip de Atina kap\u0131lar\u0131na dayand\u0131\u011f\u0131 zaman, Atina yaln\u0131z biraz ge\u00e7 kalm\u0131\u015ft\u0131, i\u015fte o kadar. Onu uyarmak i\u00e7in ne b\u00fcy\u00fck bir \u00e7aba gerekti\u011fini anlamak isterseniz Demosthenes\u2019i okuyun. Atinal\u0131lar, Philippos\u2019tan h\u00fcrriyet d\u00fc\u015fman\u0131 oldu\u011fu i\u00e7in de\u011fil, zevkle e\u011flence d\u00fc\u015fman\u0131 oldu\u011fu i\u00e7in \u00e7ekiniyorlard\u0131. Bunca felakete g\u00f6\u011f\u00fcs geren, defalarca y\u0131k\u0131ld\u0131ktan sonra yeniden kurulan bu \u015fehir Keronea\u2019da ma\u011flup olmu\u015f, bir daha da belini do\u011frultamam\u0131\u015ft\u0131r. Philippos b\u00fct\u00fcn esirleri geri g\u00f6ndermi\u015f, bundan ne \u00e7\u0131kar? Geri g\u00f6nderilenler adam olmad\u0131ktan sonra&#8230; Atina kuvvetlerini yenmek ne kadar kolay olmu\u015fsa faziletini yenmek de \u00f6teden beri o kadar g\u00fc\u00e7 olmu\u015ftur.<\/p>\n<p style=\"text-align: justify;\">Kartaca nas\u0131l dayanabilirdi? Anibal yarg\u0131\u00e7 olup da memurlar\u0131n cumhuriyeti ya\u011fma etmelerine mani olmak istedi\u011fi zaman bu memurlar gidip kendisini Romal\u0131lar\u0131n huzurunda su\u00e7lamad\u0131lar m\u0131? Yaz\u0131k o kimselere ki, sitesiz vatanda\u015f olmak, servetlerini de kendilerini mahvedenlerin ellerinden sa\u011flamak isterler! \u00c7ok ge\u00e7meden Roma onlardan tutsak olarak \u00fc\u00e7 y\u00fcz tane belli ba\u015fl\u0131 vatanda\u015f istedi; silahlar\u0131yla gemilerini ellerinden ald\u0131, arkas\u0131ndan da harp ilan etti. Silahs\u0131z kalan, umutsuzluk i\u00e7inde \u00e7\u0131rp\u0131nan Kartaca\u2019da olup bitenleri d\u00fc\u015f\u00fcn\u00fcnce, insan, askeri kuvveti ve fazileti olsayd\u0131 ayn\u0131 Kartaca\u2019n\u0131n neler yapabilece\u011fini kolayl\u0131kla g\u00f6zlerinin \u00f6n\u00fcnde canland\u0131rabilir.<\/p>\n<p style=\"text-align: justify;\"><strong>Kanunlar\u0131n Ruhu \u00dczerine | Demokrasinin ilkesi \u00fczerine &#8211;\u00a0Montesquieu<\/strong><\/p>\n","protected":false},"excerpt":{"rendered":"<p>Bir saltanat h\u00fck\u00fcmetinin ya da bir istibdat h\u00fck\u00fcmetinin devam etmesi, dayanmas\u0131 i\u00e7in fazla do\u011frulu\u011fa l\u00fczum yoktur. Birinde kanunlar\u0131n kuvveti, \u00f6tekinde h\u00fck\u00fcmdar\u0131n daima kalk\u0131k duran yumru\u011fu her \u015feyi d\u00fczenler, yoluna koyar. Ama halk\u00e7\u0131 bir devlette ba\u015fka bir kuvvet gerekir ki, o da fazilettir. Bu s\u00f6zlerimin do\u011frulu\u011funu tarih olaylar\u0131 topyek\u00fbn g\u00f6sterir; hem zaten olaylar\u0131n niteli\u011fine de son [&hellip;]<\/p>\n","protected":false},"author":1,"featured_media":0,"comment_status":"open","ping_status":"open","sticky":false,"template":"","format":"standard","meta":{"footnotes":""},"categories":[103],"tags":[],"class_list":{"0":"post-6918","1":"post","2":"type-post","3":"status-publish","4":"format-standard","6":"category-felsefe-genel"},"yoast_head":"<!-- This site is optimized with the Yoast SEO Premium plugin v24.9 (Yoast SEO v24.9) - https:\/\/yoast.com\/wordpress\/plugins\/seo\/ -->\n<title>Kanunlar\u0131n Ruhu \u00dczerine | Demokrasinin ilkesi \u00fczerine - Montesquieu - narteks.net<\/title>\n<meta name=\"robots\" content=\"index, follow, max-snippet:-1, max-image-preview:large, max-video-preview:-1\" \/>\n<link rel=\"canonical\" href=\"https:\/\/narteks.net\/index.php\/2018\/07\/13\/kanunlarin-ruhu-uzerine-demokrasinin-ilkesi-uzerine-montesquieu\/\" \/>\n<meta property=\"og:locale\" content=\"tr_TR\" \/>\n<meta property=\"og:type\" content=\"article\" \/>\n<meta property=\"og:title\" content=\"Kanunlar\u0131n Ruhu \u00dczerine | Demokrasinin ilkesi \u00fczerine - Montesquieu\" \/>\n<meta property=\"og:description\" content=\"Bir saltanat h\u00fck\u00fcmetinin ya da bir istibdat h\u00fck\u00fcmetinin devam etmesi, dayanmas\u0131 i\u00e7in fazla do\u011frulu\u011fa l\u00fczum yoktur. Birinde kanunlar\u0131n kuvveti, \u00f6tekinde h\u00fck\u00fcmdar\u0131n daima kalk\u0131k duran yumru\u011fu her \u015feyi d\u00fczenler, yoluna koyar. Ama halk\u00e7\u0131 bir devlette ba\u015fka bir kuvvet gerekir ki, o da fazilettir. Bu s\u00f6zlerimin do\u011frulu\u011funu tarih olaylar\u0131 topyek\u00fbn g\u00f6sterir; hem zaten olaylar\u0131n niteli\u011fine de son [&hellip;]\" \/>\n<meta property=\"og:url\" content=\"https:\/\/narteks.net\/index.php\/2018\/07\/13\/kanunlarin-ruhu-uzerine-demokrasinin-ilkesi-uzerine-montesquieu\/\" \/>\n<meta property=\"og:site_name\" content=\"narteks.net\" \/>\n<meta property=\"article:published_time\" content=\"2018-07-13T12:14:45+00:00\" \/>\n<meta property=\"og:image\" content=\"https:\/\/narteks.net\/wp-content\/uploads\/narteks.png\" \/>\n\t<meta property=\"og:image:width\" content=\"300\" \/>\n\t<meta property=\"og:image:height\" content=\"90\" \/>\n\t<meta property=\"og:image:type\" content=\"image\/png\" \/>\n<meta name=\"author\" content=\"Tar\u0131k\" \/>\n<meta name=\"twitter:card\" content=\"summary_large_image\" \/>\n<meta name=\"twitter:creator\" content=\"@narteks\" \/>\n<meta name=\"twitter:site\" content=\"@narteks\" \/>\n<meta name=\"twitter:label1\" content=\"Yazan:\" \/>\n\t<meta name=\"twitter:data1\" content=\"Tar\u0131k\" \/>\n\t<meta name=\"twitter:label2\" content=\"Tahmini okuma s\u00fcresi\" \/>\n\t<meta name=\"twitter:data2\" content=\"5 dakika\" \/>\n<script type=\"application\/ld+json\" class=\"yoast-schema-graph\">{\"@context\":\"https:\/\/schema.org\",\"@graph\":[{\"@type\":\"Article\",\"@id\":\"https:\/\/narteks.net\/index.php\/2018\/07\/13\/kanunlarin-ruhu-uzerine-demokrasinin-ilkesi-uzerine-montesquieu\/#article\",\"isPartOf\":{\"@id\":\"https:\/\/narteks.net\/index.php\/2018\/07\/13\/kanunlarin-ruhu-uzerine-demokrasinin-ilkesi-uzerine-montesquieu\/\"},\"author\":{\"name\":\"Tar\u0131k\",\"@id\":\"https:\/\/narteks.net\/#\/schema\/person\/61f37d9834294b72d31d274e7ed79bca\"},\"headline\":\"Kanunlar\u0131n Ruhu \u00dczerine | Demokrasinin ilkesi \u00fczerine &#8211; Montesquieu\",\"datePublished\":\"2018-07-13T12:14:45+00:00\",\"mainEntityOfPage\":{\"@id\":\"https:\/\/narteks.net\/index.php\/2018\/07\/13\/kanunlarin-ruhu-uzerine-demokrasinin-ilkesi-uzerine-montesquieu\/\"},\"wordCount\":949,\"commentCount\":0,\"publisher\":{\"@id\":\"https:\/\/narteks.net\/#organization\"},\"articleSection\":[\"Felsefe (Genel)\"],\"inLanguage\":\"tr\",\"potentialAction\":[{\"@type\":\"CommentAction\",\"name\":\"Comment\",\"target\":[\"https:\/\/narteks.net\/index.php\/2018\/07\/13\/kanunlarin-ruhu-uzerine-demokrasinin-ilkesi-uzerine-montesquieu\/#respond\"]}]},{\"@type\":\"WebPage\",\"@id\":\"https:\/\/narteks.net\/index.php\/2018\/07\/13\/kanunlarin-ruhu-uzerine-demokrasinin-ilkesi-uzerine-montesquieu\/\",\"url\":\"https:\/\/narteks.net\/index.php\/2018\/07\/13\/kanunlarin-ruhu-uzerine-demokrasinin-ilkesi-uzerine-montesquieu\/\",\"name\":\"Kanunlar\u0131n Ruhu \u00dczerine | Demokrasinin ilkesi \u00fczerine - Montesquieu - narteks.net\",\"isPartOf\":{\"@id\":\"https:\/\/narteks.net\/#website\"},\"datePublished\":\"2018-07-13T12:14:45+00:00\",\"breadcrumb\":{\"@id\":\"https:\/\/narteks.net\/index.php\/2018\/07\/13\/kanunlarin-ruhu-uzerine-demokrasinin-ilkesi-uzerine-montesquieu\/#breadcrumb\"},\"inLanguage\":\"tr\",\"potentialAction\":[{\"@type\":\"ReadAction\",\"target\":[\"https:\/\/narteks.net\/index.php\/2018\/07\/13\/kanunlarin-ruhu-uzerine-demokrasinin-ilkesi-uzerine-montesquieu\/\"]}]},{\"@type\":\"BreadcrumbList\",\"@id\":\"https:\/\/narteks.net\/index.php\/2018\/07\/13\/kanunlarin-ruhu-uzerine-demokrasinin-ilkesi-uzerine-montesquieu\/#breadcrumb\",\"itemListElement\":[{\"@type\":\"ListItem\",\"position\":1,\"name\":\"Anasayfa\",\"item\":\"https:\/\/narteks.net\/\"},{\"@type\":\"ListItem\",\"position\":2,\"name\":\"Kanunlar\u0131n Ruhu \u00dczerine | Demokrasinin ilkesi \u00fczerine &#8211; Montesquieu\"}]},{\"@type\":\"WebSite\",\"@id\":\"https:\/\/narteks.net\/#website\",\"url\":\"https:\/\/narteks.net\/\",\"name\":\"narteks.net\",\"description\":\"K\u00fclt\u00fcr Sanat Edebiyat Felsefe\",\"publisher\":{\"@id\":\"https:\/\/narteks.net\/#organization\"},\"alternateName\":\"K\u00fclt\u00fcr Sanat Edebiyat Felsefe\",\"potentialAction\":[{\"@type\":\"SearchAction\",\"target\":{\"@type\":\"EntryPoint\",\"urlTemplate\":\"https:\/\/narteks.net\/?s={search_term_string}\"},\"query-input\":{\"@type\":\"PropertyValueSpecification\",\"valueRequired\":true,\"valueName\":\"search_term_string\"}}],\"inLanguage\":\"tr\"},{\"@type\":\"Organization\",\"@id\":\"https:\/\/narteks.net\/#organization\",\"name\":\"narteks.net\",\"url\":\"https:\/\/narteks.net\/\",\"logo\":{\"@type\":\"ImageObject\",\"inLanguage\":\"tr\",\"@id\":\"https:\/\/narteks.net\/#\/schema\/logo\/image\/\",\"url\":\"https:\/\/narteks.net\/wp-content\/uploads\/narteks.png\",\"contentUrl\":\"https:\/\/narteks.net\/wp-content\/uploads\/narteks.png\",\"width\":300,\"height\":90,\"caption\":\"narteks.net\"},\"image\":{\"@id\":\"https:\/\/narteks.net\/#\/schema\/logo\/image\/\"},\"sameAs\":[\"https:\/\/x.com\/narteks\",\"https:\/\/instagram.com\/narteksnet\"]},{\"@type\":\"Person\",\"@id\":\"https:\/\/narteks.net\/#\/schema\/person\/61f37d9834294b72d31d274e7ed79bca\",\"name\":\"Tar\u0131k\",\"image\":{\"@type\":\"ImageObject\",\"inLanguage\":\"tr\",\"@id\":\"https:\/\/narteks.net\/#\/schema\/person\/image\/\",\"url\":\"https:\/\/secure.gravatar.com\/avatar\/50865afb55632c4ae467e0af0930f6510aa2297d8014be502a55b14f3b7550cf?s=96&d=mm&r=g\",\"contentUrl\":\"https:\/\/secure.gravatar.com\/avatar\/50865afb55632c4ae467e0af0930f6510aa2297d8014be502a55b14f3b7550cf?s=96&d=mm&r=g\",\"caption\":\"Tar\u0131k\"},\"sameAs\":[\"http:\/\/narteks.net\"],\"url\":\"https:\/\/narteks.net\/index.php\/author\/narbak\/\"}]}<\/script>\n<!-- \/ Yoast SEO Premium plugin. -->","yoast_head_json":{"title":"Kanunlar\u0131n Ruhu \u00dczerine | Demokrasinin ilkesi \u00fczerine - Montesquieu - narteks.net","robots":{"index":"index","follow":"follow","max-snippet":"max-snippet:-1","max-image-preview":"max-image-preview:large","max-video-preview":"max-video-preview:-1"},"canonical":"https:\/\/narteks.net\/index.php\/2018\/07\/13\/kanunlarin-ruhu-uzerine-demokrasinin-ilkesi-uzerine-montesquieu\/","og_locale":"tr_TR","og_type":"article","og_title":"Kanunlar\u0131n Ruhu \u00dczerine | Demokrasinin ilkesi \u00fczerine - Montesquieu","og_description":"Bir saltanat h\u00fck\u00fcmetinin ya da bir istibdat h\u00fck\u00fcmetinin devam etmesi, dayanmas\u0131 i\u00e7in fazla do\u011frulu\u011fa l\u00fczum yoktur. Birinde kanunlar\u0131n kuvveti, \u00f6tekinde h\u00fck\u00fcmdar\u0131n daima kalk\u0131k duran yumru\u011fu her \u015feyi d\u00fczenler, yoluna koyar. Ama halk\u00e7\u0131 bir devlette ba\u015fka bir kuvvet gerekir ki, o da fazilettir. Bu s\u00f6zlerimin do\u011frulu\u011funu tarih olaylar\u0131 topyek\u00fbn g\u00f6sterir; hem zaten olaylar\u0131n niteli\u011fine de son [&hellip;]","og_url":"https:\/\/narteks.net\/index.php\/2018\/07\/13\/kanunlarin-ruhu-uzerine-demokrasinin-ilkesi-uzerine-montesquieu\/","og_site_name":"narteks.net","article_published_time":"2018-07-13T12:14:45+00:00","og_image":[{"width":300,"height":90,"url":"https:\/\/narteks.net\/wp-content\/uploads\/narteks.png","type":"image\/png"}],"author":"Tar\u0131k","twitter_card":"summary_large_image","twitter_creator":"@narteks","twitter_site":"@narteks","twitter_misc":{"Yazan:":"Tar\u0131k","Tahmini okuma s\u00fcresi":"5 dakika"},"schema":{"@context":"https:\/\/schema.org","@graph":[{"@type":"Article","@id":"https:\/\/narteks.net\/index.php\/2018\/07\/13\/kanunlarin-ruhu-uzerine-demokrasinin-ilkesi-uzerine-montesquieu\/#article","isPartOf":{"@id":"https:\/\/narteks.net\/index.php\/2018\/07\/13\/kanunlarin-ruhu-uzerine-demokrasinin-ilkesi-uzerine-montesquieu\/"},"author":{"name":"Tar\u0131k","@id":"https:\/\/narteks.net\/#\/schema\/person\/61f37d9834294b72d31d274e7ed79bca"},"headline":"Kanunlar\u0131n Ruhu \u00dczerine | Demokrasinin ilkesi \u00fczerine &#8211; Montesquieu","datePublished":"2018-07-13T12:14:45+00:00","mainEntityOfPage":{"@id":"https:\/\/narteks.net\/index.php\/2018\/07\/13\/kanunlarin-ruhu-uzerine-demokrasinin-ilkesi-uzerine-montesquieu\/"},"wordCount":949,"commentCount":0,"publisher":{"@id":"https:\/\/narteks.net\/#organization"},"articleSection":["Felsefe (Genel)"],"inLanguage":"tr","potentialAction":[{"@type":"CommentAction","name":"Comment","target":["https:\/\/narteks.net\/index.php\/2018\/07\/13\/kanunlarin-ruhu-uzerine-demokrasinin-ilkesi-uzerine-montesquieu\/#respond"]}]},{"@type":"WebPage","@id":"https:\/\/narteks.net\/index.php\/2018\/07\/13\/kanunlarin-ruhu-uzerine-demokrasinin-ilkesi-uzerine-montesquieu\/","url":"https:\/\/narteks.net\/index.php\/2018\/07\/13\/kanunlarin-ruhu-uzerine-demokrasinin-ilkesi-uzerine-montesquieu\/","name":"Kanunlar\u0131n Ruhu \u00dczerine | Demokrasinin ilkesi \u00fczerine - Montesquieu - narteks.net","isPartOf":{"@id":"https:\/\/narteks.net\/#website"},"datePublished":"2018-07-13T12:14:45+00:00","breadcrumb":{"@id":"https:\/\/narteks.net\/index.php\/2018\/07\/13\/kanunlarin-ruhu-uzerine-demokrasinin-ilkesi-uzerine-montesquieu\/#breadcrumb"},"inLanguage":"tr","potentialAction":[{"@type":"ReadAction","target":["https:\/\/narteks.net\/index.php\/2018\/07\/13\/kanunlarin-ruhu-uzerine-demokrasinin-ilkesi-uzerine-montesquieu\/"]}]},{"@type":"BreadcrumbList","@id":"https:\/\/narteks.net\/index.php\/2018\/07\/13\/kanunlarin-ruhu-uzerine-demokrasinin-ilkesi-uzerine-montesquieu\/#breadcrumb","itemListElement":[{"@type":"ListItem","position":1,"name":"Anasayfa","item":"https:\/\/narteks.net\/"},{"@type":"ListItem","position":2,"name":"Kanunlar\u0131n Ruhu \u00dczerine | Demokrasinin ilkesi \u00fczerine &#8211; Montesquieu"}]},{"@type":"WebSite","@id":"https:\/\/narteks.net\/#website","url":"https:\/\/narteks.net\/","name":"narteks.net","description":"K\u00fclt\u00fcr Sanat Edebiyat Felsefe","publisher":{"@id":"https:\/\/narteks.net\/#organization"},"alternateName":"K\u00fclt\u00fcr Sanat Edebiyat Felsefe","potentialAction":[{"@type":"SearchAction","target":{"@type":"EntryPoint","urlTemplate":"https:\/\/narteks.net\/?s={search_term_string}"},"query-input":{"@type":"PropertyValueSpecification","valueRequired":true,"valueName":"search_term_string"}}],"inLanguage":"tr"},{"@type":"Organization","@id":"https:\/\/narteks.net\/#organization","name":"narteks.net","url":"https:\/\/narteks.net\/","logo":{"@type":"ImageObject","inLanguage":"tr","@id":"https:\/\/narteks.net\/#\/schema\/logo\/image\/","url":"https:\/\/narteks.net\/wp-content\/uploads\/narteks.png","contentUrl":"https:\/\/narteks.net\/wp-content\/uploads\/narteks.png","width":300,"height":90,"caption":"narteks.net"},"image":{"@id":"https:\/\/narteks.net\/#\/schema\/logo\/image\/"},"sameAs":["https:\/\/x.com\/narteks","https:\/\/instagram.com\/narteksnet"]},{"@type":"Person","@id":"https:\/\/narteks.net\/#\/schema\/person\/61f37d9834294b72d31d274e7ed79bca","name":"Tar\u0131k","image":{"@type":"ImageObject","inLanguage":"tr","@id":"https:\/\/narteks.net\/#\/schema\/person\/image\/","url":"https:\/\/secure.gravatar.com\/avatar\/50865afb55632c4ae467e0af0930f6510aa2297d8014be502a55b14f3b7550cf?s=96&d=mm&r=g","contentUrl":"https:\/\/secure.gravatar.com\/avatar\/50865afb55632c4ae467e0af0930f6510aa2297d8014be502a55b14f3b7550cf?s=96&d=mm&r=g","caption":"Tar\u0131k"},"sameAs":["http:\/\/narteks.net"],"url":"https:\/\/narteks.net\/index.php\/author\/narbak\/"}]}},"_links":{"self":[{"href":"https:\/\/narteks.net\/index.php\/wp-json\/wp\/v2\/posts\/6918","targetHints":{"allow":["GET"]}}],"collection":[{"href":"https:\/\/narteks.net\/index.php\/wp-json\/wp\/v2\/posts"}],"about":[{"href":"https:\/\/narteks.net\/index.php\/wp-json\/wp\/v2\/types\/post"}],"author":[{"embeddable":true,"href":"https:\/\/narteks.net\/index.php\/wp-json\/wp\/v2\/users\/1"}],"replies":[{"embeddable":true,"href":"https:\/\/narteks.net\/index.php\/wp-json\/wp\/v2\/comments?post=6918"}],"version-history":[{"count":0,"href":"https:\/\/narteks.net\/index.php\/wp-json\/wp\/v2\/posts\/6918\/revisions"}],"wp:attachment":[{"href":"https:\/\/narteks.net\/index.php\/wp-json\/wp\/v2\/media?parent=6918"}],"wp:term":[{"taxonomy":"category","embeddable":true,"href":"https:\/\/narteks.net\/index.php\/wp-json\/wp\/v2\/categories?post=6918"},{"taxonomy":"post_tag","embeddable":true,"href":"https:\/\/narteks.net\/index.php\/wp-json\/wp\/v2\/tags?post=6918"}],"curies":[{"name":"wp","href":"https:\/\/api.w.org\/{rel}","templated":true}]}}