{"id":6919,"date":"2018-07-14T15:53:51","date_gmt":"2018-07-14T12:53:51","guid":{"rendered":"http:\/\/localhost\/wordpress\/2018\/07\/14\/dis-ve-dis-agrisi-nedir-bilmeyen-adam-secme-hikayeler-sait-faik-abasiyanik\/"},"modified":"2018-07-14T15:53:51","modified_gmt":"2018-07-14T12:53:51","slug":"dis-ve-dis-agrisi-nedir-bilmeyen-adam-secme-hikayeler-sait-faik-abasiyanik","status":"publish","type":"post","link":"https:\/\/narteks.net\/index.php\/2018\/07\/14\/dis-ve-dis-agrisi-nedir-bilmeyen-adam-secme-hikayeler-sait-faik-abasiyanik\/","title":{"rendered":"Di\u015f ve Di\u015f A\u011fr\u0131s\u0131 Nedir Bilmeyen Adam &#8211; Se\u00e7me Hikayeler | Sait Faik Abas\u0131yan\u0131k"},"content":{"rendered":"<p style=\"text-align: justify;\"><img decoding=\"async\" style=\"float: left;\" src=\"images\/stories\/saitfaikabasyanik.jpg\" alt=\"\" \/>Ak\u015famlar\u0131 \u00fc\u00e7 d\u00f6rt bardak bira i\u00e7mek adetinde iseniz, dubleleri ayn\u0131 yerde i\u00e7meyip ayakta bira i\u00e7ilen yerleri dola\u015fmay\u0131 severseniz muhakkak rastlam\u0131\u015f\u0131n\u0131zd\u0131r. Siyah b\u0131y\u0131klar\u0131, tertemiz g\u00f6zleri, uzunca bir \u00e7enesi vard\u0131r. \u00c7abuk \u00e7abuk konu\u015fur ama baz\u0131 harfleri heceleyemez. \u00dc\u00e7 biradan fazla i\u00e7mi\u015fse, \u00e7ok dikkatli dinlemek \u015fart\u0131yla, size kendisini tan\u0131tabilirim. D\u00fcnyan\u0131n en tatl\u0131, en iyi adam\u0131d\u0131r. Ona, \u015feker gibi adam, diyebiliriz.<\/p>\n<p style=\"text-align: justify;\">Anadolu Pasaj\u0131\u2019n\u0131n nihayetinde k\u00fc\u00e7\u00fcc\u00fck bir kahve. Kahvecinin eli ile \u00e7ekti\u011fi mis gibi kahvesinden i\u00e7mek i\u00e7in gelen \u00fc\u00e7 be\u015f tiryaki. Duvarlarda av, sonbahar, k\u0131\u015f, \u015fato levhalar\u0131. K\u00f6\u015fedeki masalar\u0131n biri \u00fczerinde bir daktilo makinesi g\u00f6receksiniz. Ak\u015fam\u0131n \u00fc\u00e7 d\u00f6rt biras\u0131n\u0131n, \u00e7oluk \u00e7ocu\u011funun nafakas\u0131n\u0131 bir k\u00fc\u00e7\u00fck yaz\u0131 makinesi ile namusluca kazanan adam oradad\u0131r. \u0130ranl\u0131 kahveci:<\/p>\n<p style=\"text-align: justify;\">\u2014 Succuh yer, f\u0131nd\u0131h yer, ceviz yer, sallatal\u0131h yer&#8230;<\/p>\n<p style=\"text-align: justify;\">Do\u011fu\u015ftan g\u00f6zleri g\u00f6rmeyenler olur. Do\u011fu\u015ftan sa\u011f\u0131r ve dilsizler olur. Do\u011fu\u015ftan ayaks\u0131zlar, kulaks\u0131zlar da belki g\u00f6r\u00fclm\u00fc\u015ft\u00fcr. Do\u011fu\u015ftan di\u015fsiz adam olur mu? Olmaz olur mu? \u201cHepimiz di\u015fsiz do\u011fduk. Di\u015flerimiz sonradan \u00e7\u0131km\u0131\u015ft\u0131r\u201d diyeceksiniz. \u201c\u00d6yle ise, \u201cdo\u011fdu\u011fu gibi di\u015fsiz kalan adam bulunur mu?\u201d diye sorsam; \u201cOlur mu \u00f6yle adam da?\u201d dersiniz. \u0130\u015fte size b\u00f6yle bir adam: Bay Ferit Yazgan.<\/p>\n<p style=\"text-align: justify;\">Kendisi; \u201cDo\u011fu\u015ftan di\u015fsizim\u201d diyor. Do\u011fru de\u011fil bu. \u201cDo\u011fdu\u011fum gibi di\u015fsizim\u201d demesi laz\u0131m. Ayaklar\u0131m\u0131z i\u00e7in, bir cihetten do\u011fru, bir cihetten yanl\u0131\u015f, sonradan \u00e7\u0131kmalar, deriz. As\u0131l di\u015flerimiz sonradan \u00e7\u0131kmad\u0131r.<\/p>\n<p style=\"text-align: justify;\">Do\u011fdu\u011fumuz g\u00fcn seyrek de olsa yumu\u015fac\u0131k sa\u00e7lar\u0131m\u0131z vard\u0131r. Ama a\u011fz\u0131m\u0131z ku\u015f a\u011fz\u0131, canavar olmayan bal\u0131k a\u011fz\u0131 gibidir. Dostum Bay Ferit Yazgan dudaklar\u0131n\u0131 aralay\u0131p da a\u011fz\u0131n\u0131 g\u00f6sterdi\u011fi zaman insan \u015fa\u015f\u0131p kal\u0131yor. Onun uzunca \u00e7enesiyle, bir tek k\u0131l\u0131 a\u011farmam\u0131\u015f kara b\u0131y\u0131klar\u0131n\u0131n aras\u0131nda insan inci gibi p\u0131r\u0131l p\u0131r\u0131l, hafif\u00e7e sar\u0131ya bakan sa\u011flam, kuvvetli di\u015fler beklerken k\u0131pk\u0131rm\u0131z\u0131 bir \u00e7ukur, di\u015f yerine de sanki naylondan yap\u0131lm\u0131\u015f ince bir k\u0131rm\u0131z\u0131 \u00e7izgi g\u00f6r\u00fcyor.<\/p>\n<p style=\"text-align: justify;\">Do\u011fu\u015ftan k\u00f6r olmak b\u00fcy\u00fck bir tabiat haks\u0131zl\u0131\u011f\u0131, bir felakettir.Sonradan k\u00f6r olmaktan daha ac\u0131 de\u011fil ama.Anadan do\u011fma k\u00f6r\u00fcn d\u00fcnyaya kendine g\u00f6re bir \u015fekil vermesi; hatta bir d\u00fcnya g\u00f6r\u00fc\u015f\u00fcne, bizim kavrayamayaca\u011f\u0131m\u0131z bir d\u00fcnya g\u00f6r\u00fc\u015f\u00fcne sahip bulunmas\u0131, m\u00fcmk\u00fcn. Kimbilir g\u00fczellik dedi\u011fimiz garip, m\u00fcdafaas\u0131 m\u00fc\u015fk\u00fcl, \u00e7o\u011fu zaman haks\u0131z \u015fey belki sesimizde, belki kokumuzda, belki ellerimizin s\u0131cakl\u0131\u011f\u0131nda ve titreyi\u015findedir. Herhalde anadan do\u011fma bir k\u00f6r k\u0131z\u0131n se\u00e7ece\u011fi erkek m\u00fchim bir adamd\u0131r. G\u00f6zl\u00fc kad\u0131nlar\u0131n anlayamayaca\u011f\u0131 bir g\u00fczelli\u011fe, bir erkekli\u011fe sahiptir.<\/p>\n<p style=\"text-align: justify;\">Do\u011fu\u015ftan sa\u011f\u0131r ve dilsizlerin talihi, k\u00f6r\u00fcnki kadar ters olmasa da yine bir eksikliktir. Bay Ferit i\u00e7in b\u00f6yle bir \u015fey d\u00fc\u015f\u00fcnemiyorum ben. Ben bunu bir eksiklik, bir kusur bile sayam\u0131yorum. Bir defa ne o g\u0131r g\u0131r makineli di\u015f\u00e7i odalar\u0131, ne yana\u011f\u0131n\u0131z\u0131 ke\u00e7e gibi yapan morfin, ne de Allah d\u00fc\u015fman\u0131ma vermesin in\u015fallah di\u015f a\u011fr\u0131s\u0131! Gece yar\u0131s\u0131 tatl\u0131 uykudan azg\u0131n bir di\u015f a\u011fr\u0131s\u0131 ile uyanmay\u0131 bir hayal edin hele! B\u00fct\u00fcn b\u00f6yle \u015feyler ba\u015fkalar\u0131n\u0131n. Ne kerpeten kabusu, heyulas\u0131, devi, karakoncolosu!..<\/p>\n<p style=\"text-align: justify;\">Bay Ferit:<\/p>\n<p style=\"text-align: justify;\">\u2014 B\u00f6yle do\u011fdum, b\u00f6yle \u00f6lece\u011fim, diyor. Ama her \u00e7ocuk gibi bol bol \u00e7akal eri\u011fi yiyememi\u015fim. H\u0131yar\u0131 rendeler, f\u0131nd\u0131\u011f\u0131 ezermi\u015fim. Ne yapal\u0131m? Taksirat! Belki d\u00fcnya nimetlerinin tad\u0131n\u0131 sizin kadar bilmem ama hepsinden birer lokma tatt\u0131m. Tatt\u0131m ama sertlerini bir t\u00fcrl\u00fc sevemedim. F\u0131nd\u0131ktan, cevizden ho\u015flanmam.<\/p>\n<p style=\"text-align: justify;\">\u2014 Ne seversin Ferit Bey?<\/p>\n<p style=\"text-align: justify;\">\u2014 Ne sevece\u011fim birader! Tabii yumu\u015fak \u015feyleri.<\/p>\n<p style=\"text-align: justify;\">Ferit Bey\u2019in l\u00fcgatinde di\u015f kelimesi yoktur. Ne kimseye di\u015f biler, ne di\u015fe dokan\u0131r, ne de di\u015fi ge\u00e7er. Halim selim adamd\u0131r. Fazla alakadan ho\u015flanmaz, adam\u0131 severse derdini anlat\u0131r, tatl\u0131 tatl\u0131 konu\u015fur. Ben kendini pek severim. O da beni sever ki konu\u015fuyor.<\/p>\n<p style=\"text-align: justify;\">\u2014 49 ya\u015f\u0131na girdim. \u015eimdiye kadar mide a\u011fr\u0131s\u0131 \u00e7ekmemi\u015ftim. Yaln\u0131z bu sene midemden s\u0131k\u0131nt\u0131 \u00e7ekiyorum. \u0130yi hazmedemiyorum herhalde.<\/p>\n<p style=\"text-align: justify;\">\u2014 Ne yemeklerini seversiniz? Herhalde lapa gibi, s\u00fctla\u00e7 gibi olanlar\u0131n\u0131.<\/p>\n<p style=\"text-align: justify;\">\u2014 Onlar\u0131 bile sevmem. Suyu severim, su gibi \u015feyleri severim. G\u00fclerek ilave ediyor:<\/p>\n<p style=\"text-align: justify;\">\u2014 \u00dcz\u00fcm suyuna arpa suyuna,arada olmak \u015fart\u0131yla imam suyuna y\u00fcz\u00fcm yoktur. Ne yapars\u0131n benim di\u015fim de onlara ge\u00e7iyor.<\/p>\n<p style=\"text-align: justify;\">\u0130ranl\u0131 kahveci:<\/p>\n<p style=\"text-align: justify;\">\u2014 \u015eakka yapar, inanma! O ne cevvizler k\u0131rar. Cevvizi g\u00f6zz\u00fcm\u00fcn \u00f6n\u00fcnde a\u011fz\u0131nda k\u0131rd\u0131. \u0130nan olsun g\u00f6zz\u00fcmle g\u00f6rmi\u015fem.<\/p>\n<p style=\"text-align: justify;\">Bay Ferit g\u00f6z k\u0131rp\u0131yor:<\/p>\n<p style=\"text-align: justify;\">\u2014 \u0130nanma, diyor, Tahran\u2019a \u00fc\u00e7 kilometre mesafede bir k\u00f6yde do\u011fmu\u015ftur, inanma!<\/p>\n<p style=\"text-align: justify;\">\u2014 Yalan m\u0131 s\u00f6ylirem?<\/p>\n<p style=\"text-align: justify;\">\u2014 Yerim ama elimle ezerim de sonra a\u011fz\u0131ma atar\u0131m.<\/p>\n<p style=\"text-align: justify;\">\u2014 Ezmeden atars\u0131n.<\/p>\n<p style=\"text-align: justify;\">\u2014 Sen yine \u00f6yle bil. G\u00fcl\u00fc\u015f\u00fcyoruz. Sonra Bay Ferit elimden kalemi ka\u011f\u0131d\u0131 al\u0131yor, bir \u015feyler yaz\u0131yor. \u0130\u015fte yazd\u0131klar\u0131: \u201c1315 [Miladi 1897] senesinde Sultanahmet\u2019te Naklibend Mahallesi\u2019nde, G\u00fczel\u00e7e\u015fme Soka\u011f\u0131\u2019nda do\u011fmu\u015fum. Mahalle mektebini, Sultanahmet R\u00fc\u015ftiyesi\u2019ni ikmal ettikten sonra askerli\u011fim geldi. Fakat hep tecil edildim. Evliyim. \u0130ki \u00e7ocuk babas\u0131y\u0131m. Biri k\u0131z, biri erkek iki evlad\u0131m var. \u00c7ocuklar\u0131m\u0131n di\u015fleri, Allaha \u015f\u00fck\u00fcr sapasa\u011flamd\u0131r. Ailemde hi\u00e7 di\u015fsiz insan yok. Gerek Kad\u0131rga Di\u015f\u00e7i Mektebi\u2019nde, gerekse G\u00fclhane Hastanesi\u2019nce uzun muayenelerden sonra di\u015f sinirlerimin fazla kuvveti y\u00fcz\u00fcnden di\u015flerimin \u00e7\u0131kmad\u0131\u011f\u0131 neticesine var\u0131lm\u0131\u015ft\u0131r. O zaman talebe bulunan di\u015f tabibi H\u00fcdaverdi, di\u015flerimi yapmak i\u00e7in elinden geleni yapt\u0131 ise de muvaffak olamad\u0131. A\u011fz\u0131m\u0131n radyografisini, kal\u0131b\u0131n\u0131 al\u0131p Paris\u2019e g\u00f6nderdiler. Oradan bana bir takma di\u015f g\u00f6nderdilerse de tutmad\u0131. Nihayet \u00e7ene kemi\u011fimin kemikleri inki\u015faf edemedi\u011fi i\u00e7in di\u015f tak\u0131m\u0131 yap\u0131lamayaca\u011f\u0131 anla\u015f\u0131ld\u0131&#8230; \u201d<\/p>\n<p style=\"text-align: justify;\">\u2014 Bay Ferit \u015fimdiye kadar bir s\u0131k\u0131nt\u0131 \u00e7ektiniz mi?<\/p>\n<p style=\"text-align: justify;\">\u2014 M\u00fchim bir s\u0131k\u0131nt\u0131 de\u011fil.<\/p>\n<p style=\"text-align: justify;\">\u2014 Di\u015f a\u011fr\u0131s\u0131n\u0131 tercih eder miydin?<\/p>\n<p style=\"text-align: justify;\">\u2014 Di\u015f a\u011fr\u0131s\u0131 nedir? Mide a\u011fr\u0131s\u0131 gibi bir \u015feyse &#8230;<\/p>\n<p style=\"text-align: justify;\">\u2014 \u00c7ok daha fena.<\/p>\n<p style=\"text-align: justify;\">\u2014 Nas\u0131ld\u0131r?<\/p>\n<p style=\"text-align: justify;\">\u2014 Tarif edilemez ki di\u015f a\u011fr\u0131s\u0131.<\/p>\n<p style=\"text-align: justify;\">\u2014 Mide a\u011fr\u0131s\u0131 edilir mi?<\/p>\n<p style=\"text-align: justify;\">\u2014 Hi\u00e7 b\u00f6yle anadan do\u011fma yanl\u0131\u015f ama ne ise di\u015fsizler g\u00f6r\u00fclm\u00fc\u015f m\u00fc?<\/p>\n<p style=\"text-align: justify;\">\u2014 Ben T\u00fcrkiye\u2019de bir taneyim. Bilmem ba\u015fka memleketlerde var m\u0131? Ama sanm\u0131yorum. D\u00fcnyada di\u015fi \u00e7\u0131kmam\u0131\u015f tek adam\u0131m.<\/p>\n<p style=\"text-align: justify;\">\u2014 Ferit Bey, kimbilir belki bu bir tekam\u00fcld\u00fcr. Belki yar\u0131n, bu vah\u015fet zaman\u0131m\u0131zdan kalma \u00e7abuk \u00e7\u00fcr\u00fcyen kemikleri hep birden kaybedece\u011fiz. Bir zaman gelecek belki b\u00fct\u00fcn \u00e7ocuklar di\u015fsiz do\u011facak.<\/p>\n<p style=\"text-align: justify;\">Bay Ferit g\u00fcld\u00fc:<\/p>\n<p style=\"text-align: justify;\">\u2014 Teselliye ihtiyac\u0131m yok, dedi. Sizin kuyumcu \u00e7ar\u015f\u0131s\u0131na d\u00f6nen di\u015fleriniz ba\u015fkalar\u0131n\u0131n etini, ekme\u011fini yemek i\u00e7in bir vesile ise ben halimden memnunum.<\/p>\n<p style=\"text-align: justify;\">Sahiden de \u00f6yle. Bay Ferit m\u00fctevaz\u0131, aln\u0131n\u0131n teriyle kazan\u0131p ya\u015fam\u0131\u015f bir adam. Hepimizden daha az, daha yumu\u015fak \u015feyler yemi\u015f. Sertten, keskinden nefret etmi\u015f. Evvelce Beyo\u011flu\u2019nda, Sultanahmet\u2019te bidayet mahkemelerinde zab\u0131t katipli\u011fi yaparm\u0131\u015f.<\/p>\n<p style=\"text-align: justify;\">\u015eimdi tam on sekiz senedir daktiloluk yap\u0131yor. Kontratlar dolduruyor, istidalar, mektuplar yaz\u0131yor.<\/p>\n<p style=\"text-align: justify;\">\u2014 Yaln\u0131z, diyor, son zamanlarda iyi g\u0131da alamad\u0131\u011f\u0131mdan g\u00f6zlerim bozulmaya ba\u015flad\u0131. Ona can\u0131m s\u0131k\u0131l\u0131yor. Doktorlar vitaminsizlikten diyorlar. Bir de \u015fu mide a\u011fr\u0131m olmasayd\u0131 di\u015fsizlikten yana bir \u015fikayetim olmayacakt\u0131.<\/p>\n<p style=\"text-align: justify;\">Kahveye kontratlar\u0131n\u0131 tazelemek \u00fczere kirac\u0131lar, ev sahipleri geliyor. O, ne\u015feli bir y\u00fczle kontrat ka\u011f\u0131tlar\u0131n\u0131 daktilonun demiri aras\u0131na s\u0131k\u0131\u015ft\u0131r\u0131rken bana:<\/p>\n<p style=\"text-align: justify;\">\u2014 Yine bulu\u015fal\u0131m diyor, \u015f\u00f6yle bir iki bardak bira i\u00e7eriz. Hem di\u015ften konu\u015fmam\u0131\u015f oluruz. Beni bilmedi\u011fim \u015feyden konu\u015fturtma fazla.<\/p>\n<p style=\"text-align: justify;\">Hele iki \u00fc\u00e7 bardak biradan sonra Ferit Bey ne \u015fen, ne ho\u015ftur bilseniz! \u00d6yle kahkahalar atar ki hayali kuvvetli olan, onun elli ya\u015f\u0131nda bir teki bile \u00e7\u00fcr\u00fcmemi\u015f otuz iki di\u015finin p\u0131r\u0131l p\u0131r\u0131l a\u011fz\u0131nda parlad\u0131\u011f\u0131n\u0131 g\u00f6r\u00fcr.<\/p>\n<p style=\"text-align: justify;\"><strong>Di\u015f ve Di\u015f A\u011fr\u0131s\u0131 Nedir Bilmeyen Adam &#8211; Se\u00e7me Hikayeler |Sait Faik Abas\u0131yan\u0131k<\/strong><\/p>\n","protected":false},"excerpt":{"rendered":"<p>Ak\u015famlar\u0131 \u00fc\u00e7 d\u00f6rt bardak bira i\u00e7mek adetinde iseniz, dubleleri ayn\u0131 yerde i\u00e7meyip ayakta bira i\u00e7ilen yerleri dola\u015fmay\u0131 severseniz muhakkak rastlam\u0131\u015f\u0131n\u0131zd\u0131r. Siyah b\u0131y\u0131klar\u0131, tertemiz g\u00f6zleri, uzunca bir \u00e7enesi vard\u0131r. \u00c7abuk \u00e7abuk konu\u015fur ama baz\u0131 harfleri heceleyemez. \u00dc\u00e7 biradan fazla i\u00e7mi\u015fse, \u00e7ok dikkatli dinlemek \u015fart\u0131yla, size kendisini tan\u0131tabilirim. D\u00fcnyan\u0131n en tatl\u0131, en iyi adam\u0131d\u0131r. Ona, \u015feker gibi [&hellip;]<\/p>\n","protected":false},"author":1,"featured_media":0,"comment_status":"open","ping_status":"open","sticky":false,"template":"","format":"standard","meta":{"footnotes":""},"categories":[114],"tags":[],"class_list":["post-6919","post","type-post","status-publish","format-standard","category-turkiye-den-oykuler"],"yoast_head":"<!-- This site is optimized with the Yoast SEO Premium plugin v24.9 (Yoast SEO v24.9) - https:\/\/yoast.com\/wordpress\/plugins\/seo\/ -->\n<title>Di\u015f ve Di\u015f A\u011fr\u0131s\u0131 Nedir Bilmeyen Adam - Se\u00e7me Hikayeler | Sait Faik Abas\u0131yan\u0131k - narteks.net<\/title>\n<meta name=\"robots\" content=\"index, follow, max-snippet:-1, max-image-preview:large, max-video-preview:-1\" \/>\n<link rel=\"canonical\" href=\"https:\/\/narteks.net\/index.php\/2018\/07\/14\/dis-ve-dis-agrisi-nedir-bilmeyen-adam-secme-hikayeler-sait-faik-abasiyanik\/\" \/>\n<meta property=\"og:locale\" content=\"tr_TR\" \/>\n<meta property=\"og:type\" content=\"article\" \/>\n<meta property=\"og:title\" content=\"Di\u015f ve Di\u015f A\u011fr\u0131s\u0131 Nedir Bilmeyen Adam - Se\u00e7me Hikayeler | Sait Faik Abas\u0131yan\u0131k\" \/>\n<meta property=\"og:description\" content=\"Ak\u015famlar\u0131 \u00fc\u00e7 d\u00f6rt bardak bira i\u00e7mek adetinde iseniz, dubleleri ayn\u0131 yerde i\u00e7meyip ayakta bira i\u00e7ilen yerleri dola\u015fmay\u0131 severseniz muhakkak rastlam\u0131\u015f\u0131n\u0131zd\u0131r. Siyah b\u0131y\u0131klar\u0131, tertemiz g\u00f6zleri, uzunca bir \u00e7enesi vard\u0131r. \u00c7abuk \u00e7abuk konu\u015fur ama baz\u0131 harfleri heceleyemez. \u00dc\u00e7 biradan fazla i\u00e7mi\u015fse, \u00e7ok dikkatli dinlemek \u015fart\u0131yla, size kendisini tan\u0131tabilirim. D\u00fcnyan\u0131n en tatl\u0131, en iyi adam\u0131d\u0131r. Ona, \u015feker gibi [&hellip;]\" \/>\n<meta property=\"og:url\" content=\"https:\/\/narteks.net\/index.php\/2018\/07\/14\/dis-ve-dis-agrisi-nedir-bilmeyen-adam-secme-hikayeler-sait-faik-abasiyanik\/\" \/>\n<meta property=\"og:site_name\" content=\"narteks.net\" \/>\n<meta property=\"article:published_time\" content=\"2018-07-14T12:53:51+00:00\" \/>\n<meta property=\"og:image\" content=\"https:\/\/narteks.net\/wp-content\/uploads\/narteks.png\" \/>\n\t<meta property=\"og:image:width\" content=\"300\" \/>\n\t<meta property=\"og:image:height\" content=\"90\" \/>\n\t<meta property=\"og:image:type\" content=\"image\/png\" \/>\n<meta name=\"author\" content=\"Tar\u0131k\" \/>\n<meta name=\"twitter:card\" content=\"summary_large_image\" \/>\n<meta name=\"twitter:creator\" content=\"@narteks\" \/>\n<meta name=\"twitter:site\" content=\"@narteks\" \/>\n<meta name=\"twitter:label1\" content=\"Yazan:\" \/>\n\t<meta name=\"twitter:data1\" content=\"Tar\u0131k\" \/>\n\t<meta name=\"twitter:label2\" content=\"Tahmini okuma s\u00fcresi\" \/>\n\t<meta name=\"twitter:data2\" content=\"7 dakika\" \/>\n<script type=\"application\/ld+json\" class=\"yoast-schema-graph\">{\"@context\":\"https:\/\/schema.org\",\"@graph\":[{\"@type\":\"Article\",\"@id\":\"https:\/\/narteks.net\/index.php\/2018\/07\/14\/dis-ve-dis-agrisi-nedir-bilmeyen-adam-secme-hikayeler-sait-faik-abasiyanik\/#article\",\"isPartOf\":{\"@id\":\"https:\/\/narteks.net\/index.php\/2018\/07\/14\/dis-ve-dis-agrisi-nedir-bilmeyen-adam-secme-hikayeler-sait-faik-abasiyanik\/\"},\"author\":{\"name\":\"Tar\u0131k\",\"@id\":\"https:\/\/narteks.net\/#\/schema\/person\/61f37d9834294b72d31d274e7ed79bca\"},\"headline\":\"Di\u015f ve Di\u015f A\u011fr\u0131s\u0131 Nedir Bilmeyen Adam &#8211; Se\u00e7me Hikayeler | Sait Faik Abas\u0131yan\u0131k\",\"datePublished\":\"2018-07-14T12:53:51+00:00\",\"mainEntityOfPage\":{\"@id\":\"https:\/\/narteks.net\/index.php\/2018\/07\/14\/dis-ve-dis-agrisi-nedir-bilmeyen-adam-secme-hikayeler-sait-faik-abasiyanik\/\"},\"wordCount\":1466,\"commentCount\":0,\"publisher\":{\"@id\":\"https:\/\/narteks.net\/#organization\"},\"articleSection\":[\"T\u00fcrkiye'den \u00d6yk\u00fcler\"],\"inLanguage\":\"tr\",\"potentialAction\":[{\"@type\":\"CommentAction\",\"name\":\"Comment\",\"target\":[\"https:\/\/narteks.net\/index.php\/2018\/07\/14\/dis-ve-dis-agrisi-nedir-bilmeyen-adam-secme-hikayeler-sait-faik-abasiyanik\/#respond\"]}]},{\"@type\":\"WebPage\",\"@id\":\"https:\/\/narteks.net\/index.php\/2018\/07\/14\/dis-ve-dis-agrisi-nedir-bilmeyen-adam-secme-hikayeler-sait-faik-abasiyanik\/\",\"url\":\"https:\/\/narteks.net\/index.php\/2018\/07\/14\/dis-ve-dis-agrisi-nedir-bilmeyen-adam-secme-hikayeler-sait-faik-abasiyanik\/\",\"name\":\"Di\u015f ve Di\u015f A\u011fr\u0131s\u0131 Nedir Bilmeyen Adam - Se\u00e7me Hikayeler | Sait Faik Abas\u0131yan\u0131k - narteks.net\",\"isPartOf\":{\"@id\":\"https:\/\/narteks.net\/#website\"},\"datePublished\":\"2018-07-14T12:53:51+00:00\",\"breadcrumb\":{\"@id\":\"https:\/\/narteks.net\/index.php\/2018\/07\/14\/dis-ve-dis-agrisi-nedir-bilmeyen-adam-secme-hikayeler-sait-faik-abasiyanik\/#breadcrumb\"},\"inLanguage\":\"tr\",\"potentialAction\":[{\"@type\":\"ReadAction\",\"target\":[\"https:\/\/narteks.net\/index.php\/2018\/07\/14\/dis-ve-dis-agrisi-nedir-bilmeyen-adam-secme-hikayeler-sait-faik-abasiyanik\/\"]}]},{\"@type\":\"BreadcrumbList\",\"@id\":\"https:\/\/narteks.net\/index.php\/2018\/07\/14\/dis-ve-dis-agrisi-nedir-bilmeyen-adam-secme-hikayeler-sait-faik-abasiyanik\/#breadcrumb\",\"itemListElement\":[{\"@type\":\"ListItem\",\"position\":1,\"name\":\"Anasayfa\",\"item\":\"https:\/\/narteks.net\/\"},{\"@type\":\"ListItem\",\"position\":2,\"name\":\"Di\u015f ve Di\u015f A\u011fr\u0131s\u0131 Nedir Bilmeyen Adam &#8211; Se\u00e7me Hikayeler | Sait Faik Abas\u0131yan\u0131k\"}]},{\"@type\":\"WebSite\",\"@id\":\"https:\/\/narteks.net\/#website\",\"url\":\"https:\/\/narteks.net\/\",\"name\":\"narteks.net\",\"description\":\"K\u00fclt\u00fcr Sanat Edebiyat Felsefe\",\"publisher\":{\"@id\":\"https:\/\/narteks.net\/#organization\"},\"alternateName\":\"K\u00fclt\u00fcr Sanat Edebiyat Felsefe\",\"potentialAction\":[{\"@type\":\"SearchAction\",\"target\":{\"@type\":\"EntryPoint\",\"urlTemplate\":\"https:\/\/narteks.net\/?s={search_term_string}\"},\"query-input\":{\"@type\":\"PropertyValueSpecification\",\"valueRequired\":true,\"valueName\":\"search_term_string\"}}],\"inLanguage\":\"tr\"},{\"@type\":\"Organization\",\"@id\":\"https:\/\/narteks.net\/#organization\",\"name\":\"narteks.net\",\"url\":\"https:\/\/narteks.net\/\",\"logo\":{\"@type\":\"ImageObject\",\"inLanguage\":\"tr\",\"@id\":\"https:\/\/narteks.net\/#\/schema\/logo\/image\/\",\"url\":\"https:\/\/narteks.net\/wp-content\/uploads\/narteks.png\",\"contentUrl\":\"https:\/\/narteks.net\/wp-content\/uploads\/narteks.png\",\"width\":300,\"height\":90,\"caption\":\"narteks.net\"},\"image\":{\"@id\":\"https:\/\/narteks.net\/#\/schema\/logo\/image\/\"},\"sameAs\":[\"https:\/\/x.com\/narteks\",\"https:\/\/instagram.com\/narteksnet\"]},{\"@type\":\"Person\",\"@id\":\"https:\/\/narteks.net\/#\/schema\/person\/61f37d9834294b72d31d274e7ed79bca\",\"name\":\"Tar\u0131k\",\"image\":{\"@type\":\"ImageObject\",\"inLanguage\":\"tr\",\"@id\":\"https:\/\/narteks.net\/#\/schema\/person\/image\/\",\"url\":\"https:\/\/secure.gravatar.com\/avatar\/50865afb55632c4ae467e0af0930f6510aa2297d8014be502a55b14f3b7550cf?s=96&d=mm&r=g\",\"contentUrl\":\"https:\/\/secure.gravatar.com\/avatar\/50865afb55632c4ae467e0af0930f6510aa2297d8014be502a55b14f3b7550cf?s=96&d=mm&r=g\",\"caption\":\"Tar\u0131k\"},\"sameAs\":[\"http:\/\/narteks.net\"],\"url\":\"https:\/\/narteks.net\/index.php\/author\/narbak\/\"}]}<\/script>\n<!-- \/ Yoast SEO Premium plugin. -->","yoast_head_json":{"title":"Di\u015f ve Di\u015f A\u011fr\u0131s\u0131 Nedir Bilmeyen Adam - Se\u00e7me Hikayeler | Sait Faik Abas\u0131yan\u0131k - narteks.net","robots":{"index":"index","follow":"follow","max-snippet":"max-snippet:-1","max-image-preview":"max-image-preview:large","max-video-preview":"max-video-preview:-1"},"canonical":"https:\/\/narteks.net\/index.php\/2018\/07\/14\/dis-ve-dis-agrisi-nedir-bilmeyen-adam-secme-hikayeler-sait-faik-abasiyanik\/","og_locale":"tr_TR","og_type":"article","og_title":"Di\u015f ve Di\u015f A\u011fr\u0131s\u0131 Nedir Bilmeyen Adam - Se\u00e7me Hikayeler | Sait Faik Abas\u0131yan\u0131k","og_description":"Ak\u015famlar\u0131 \u00fc\u00e7 d\u00f6rt bardak bira i\u00e7mek adetinde iseniz, dubleleri ayn\u0131 yerde i\u00e7meyip ayakta bira i\u00e7ilen yerleri dola\u015fmay\u0131 severseniz muhakkak rastlam\u0131\u015f\u0131n\u0131zd\u0131r. Siyah b\u0131y\u0131klar\u0131, tertemiz g\u00f6zleri, uzunca bir \u00e7enesi vard\u0131r. \u00c7abuk \u00e7abuk konu\u015fur ama baz\u0131 harfleri heceleyemez. \u00dc\u00e7 biradan fazla i\u00e7mi\u015fse, \u00e7ok dikkatli dinlemek \u015fart\u0131yla, size kendisini tan\u0131tabilirim. D\u00fcnyan\u0131n en tatl\u0131, en iyi adam\u0131d\u0131r. Ona, \u015feker gibi [&hellip;]","og_url":"https:\/\/narteks.net\/index.php\/2018\/07\/14\/dis-ve-dis-agrisi-nedir-bilmeyen-adam-secme-hikayeler-sait-faik-abasiyanik\/","og_site_name":"narteks.net","article_published_time":"2018-07-14T12:53:51+00:00","og_image":[{"width":300,"height":90,"url":"https:\/\/narteks.net\/wp-content\/uploads\/narteks.png","type":"image\/png"}],"author":"Tar\u0131k","twitter_card":"summary_large_image","twitter_creator":"@narteks","twitter_site":"@narteks","twitter_misc":{"Yazan:":"Tar\u0131k","Tahmini okuma s\u00fcresi":"7 dakika"},"schema":{"@context":"https:\/\/schema.org","@graph":[{"@type":"Article","@id":"https:\/\/narteks.net\/index.php\/2018\/07\/14\/dis-ve-dis-agrisi-nedir-bilmeyen-adam-secme-hikayeler-sait-faik-abasiyanik\/#article","isPartOf":{"@id":"https:\/\/narteks.net\/index.php\/2018\/07\/14\/dis-ve-dis-agrisi-nedir-bilmeyen-adam-secme-hikayeler-sait-faik-abasiyanik\/"},"author":{"name":"Tar\u0131k","@id":"https:\/\/narteks.net\/#\/schema\/person\/61f37d9834294b72d31d274e7ed79bca"},"headline":"Di\u015f ve Di\u015f A\u011fr\u0131s\u0131 Nedir Bilmeyen Adam &#8211; Se\u00e7me Hikayeler | Sait Faik Abas\u0131yan\u0131k","datePublished":"2018-07-14T12:53:51+00:00","mainEntityOfPage":{"@id":"https:\/\/narteks.net\/index.php\/2018\/07\/14\/dis-ve-dis-agrisi-nedir-bilmeyen-adam-secme-hikayeler-sait-faik-abasiyanik\/"},"wordCount":1466,"commentCount":0,"publisher":{"@id":"https:\/\/narteks.net\/#organization"},"articleSection":["T\u00fcrkiye'den \u00d6yk\u00fcler"],"inLanguage":"tr","potentialAction":[{"@type":"CommentAction","name":"Comment","target":["https:\/\/narteks.net\/index.php\/2018\/07\/14\/dis-ve-dis-agrisi-nedir-bilmeyen-adam-secme-hikayeler-sait-faik-abasiyanik\/#respond"]}]},{"@type":"WebPage","@id":"https:\/\/narteks.net\/index.php\/2018\/07\/14\/dis-ve-dis-agrisi-nedir-bilmeyen-adam-secme-hikayeler-sait-faik-abasiyanik\/","url":"https:\/\/narteks.net\/index.php\/2018\/07\/14\/dis-ve-dis-agrisi-nedir-bilmeyen-adam-secme-hikayeler-sait-faik-abasiyanik\/","name":"Di\u015f ve Di\u015f A\u011fr\u0131s\u0131 Nedir Bilmeyen Adam - Se\u00e7me Hikayeler | Sait Faik Abas\u0131yan\u0131k - narteks.net","isPartOf":{"@id":"https:\/\/narteks.net\/#website"},"datePublished":"2018-07-14T12:53:51+00:00","breadcrumb":{"@id":"https:\/\/narteks.net\/index.php\/2018\/07\/14\/dis-ve-dis-agrisi-nedir-bilmeyen-adam-secme-hikayeler-sait-faik-abasiyanik\/#breadcrumb"},"inLanguage":"tr","potentialAction":[{"@type":"ReadAction","target":["https:\/\/narteks.net\/index.php\/2018\/07\/14\/dis-ve-dis-agrisi-nedir-bilmeyen-adam-secme-hikayeler-sait-faik-abasiyanik\/"]}]},{"@type":"BreadcrumbList","@id":"https:\/\/narteks.net\/index.php\/2018\/07\/14\/dis-ve-dis-agrisi-nedir-bilmeyen-adam-secme-hikayeler-sait-faik-abasiyanik\/#breadcrumb","itemListElement":[{"@type":"ListItem","position":1,"name":"Anasayfa","item":"https:\/\/narteks.net\/"},{"@type":"ListItem","position":2,"name":"Di\u015f ve Di\u015f A\u011fr\u0131s\u0131 Nedir Bilmeyen Adam &#8211; Se\u00e7me Hikayeler | Sait Faik Abas\u0131yan\u0131k"}]},{"@type":"WebSite","@id":"https:\/\/narteks.net\/#website","url":"https:\/\/narteks.net\/","name":"narteks.net","description":"K\u00fclt\u00fcr Sanat Edebiyat Felsefe","publisher":{"@id":"https:\/\/narteks.net\/#organization"},"alternateName":"K\u00fclt\u00fcr Sanat Edebiyat Felsefe","potentialAction":[{"@type":"SearchAction","target":{"@type":"EntryPoint","urlTemplate":"https:\/\/narteks.net\/?s={search_term_string}"},"query-input":{"@type":"PropertyValueSpecification","valueRequired":true,"valueName":"search_term_string"}}],"inLanguage":"tr"},{"@type":"Organization","@id":"https:\/\/narteks.net\/#organization","name":"narteks.net","url":"https:\/\/narteks.net\/","logo":{"@type":"ImageObject","inLanguage":"tr","@id":"https:\/\/narteks.net\/#\/schema\/logo\/image\/","url":"https:\/\/narteks.net\/wp-content\/uploads\/narteks.png","contentUrl":"https:\/\/narteks.net\/wp-content\/uploads\/narteks.png","width":300,"height":90,"caption":"narteks.net"},"image":{"@id":"https:\/\/narteks.net\/#\/schema\/logo\/image\/"},"sameAs":["https:\/\/x.com\/narteks","https:\/\/instagram.com\/narteksnet"]},{"@type":"Person","@id":"https:\/\/narteks.net\/#\/schema\/person\/61f37d9834294b72d31d274e7ed79bca","name":"Tar\u0131k","image":{"@type":"ImageObject","inLanguage":"tr","@id":"https:\/\/narteks.net\/#\/schema\/person\/image\/","url":"https:\/\/secure.gravatar.com\/avatar\/50865afb55632c4ae467e0af0930f6510aa2297d8014be502a55b14f3b7550cf?s=96&d=mm&r=g","contentUrl":"https:\/\/secure.gravatar.com\/avatar\/50865afb55632c4ae467e0af0930f6510aa2297d8014be502a55b14f3b7550cf?s=96&d=mm&r=g","caption":"Tar\u0131k"},"sameAs":["http:\/\/narteks.net"],"url":"https:\/\/narteks.net\/index.php\/author\/narbak\/"}]}},"_links":{"self":[{"href":"https:\/\/narteks.net\/index.php\/wp-json\/wp\/v2\/posts\/6919","targetHints":{"allow":["GET"]}}],"collection":[{"href":"https:\/\/narteks.net\/index.php\/wp-json\/wp\/v2\/posts"}],"about":[{"href":"https:\/\/narteks.net\/index.php\/wp-json\/wp\/v2\/types\/post"}],"author":[{"embeddable":true,"href":"https:\/\/narteks.net\/index.php\/wp-json\/wp\/v2\/users\/1"}],"replies":[{"embeddable":true,"href":"https:\/\/narteks.net\/index.php\/wp-json\/wp\/v2\/comments?post=6919"}],"version-history":[{"count":0,"href":"https:\/\/narteks.net\/index.php\/wp-json\/wp\/v2\/posts\/6919\/revisions"}],"wp:attachment":[{"href":"https:\/\/narteks.net\/index.php\/wp-json\/wp\/v2\/media?parent=6919"}],"wp:term":[{"taxonomy":"category","embeddable":true,"href":"https:\/\/narteks.net\/index.php\/wp-json\/wp\/v2\/categories?post=6919"},{"taxonomy":"post_tag","embeddable":true,"href":"https:\/\/narteks.net\/index.php\/wp-json\/wp\/v2\/tags?post=6919"}],"curies":[{"name":"wp","href":"https:\/\/api.w.org\/{rel}","templated":true}]}}