{"id":693,"date":"2009-04-17T11:08:18","date_gmt":"2009-04-17T08:08:18","guid":{"rendered":"http:\/\/localhost\/wordpress\/2009\/04\/17\/vedat-turkali-biyografisi\/"},"modified":"2009-04-17T11:08:18","modified_gmt":"2009-04-17T08:08:18","slug":"vedat-turkali-biyografisi","status":"publish","type":"post","link":"https:\/\/narteks.net\/index.php\/2009\/04\/17\/vedat-turkali-biyografisi\/","title":{"rendered":"Vedat T\u00dcRKAL\u0130 Biyografisi"},"content":{"rendered":"<p><img loading=\"lazy\" decoding=\"async\" src=\"http:\/\/www.google.com.tr\/images?q=tbn:5EYDpuWNukm5JM::www.edebiyatimiz.net\/wp-content\/uploads\/1984-vedatturkali.jpg\" border=\"0\" alt=\"vedatturkali\" width=\"155\" height=\"205\" \/><\/p>\n<p style=\"text-align: justify;\">Vedat T\u00fcrkali (d. 13 May\u0131s 1919, Samsun) Abd\u00fclkadir Demirkan &#8216;\u0131n (1950&#8217;li y\u0131llarda Abd\u00fclkadir Pirhasan olmu\u015ftur) yaz\u0131lar\u0131nda kulland\u0131\u011f\u0131 ismidir. Senarist, \u015fair ve romanc\u0131 olan T\u00fcrkali, liseyi Samsun Lisesi&#8217;nde okuduktan sonra 1942 y\u0131l\u0131nda \u0130stanbul \u00dcniversitesi Edebiyat Fak\u00fcltesi T\u00fcrk Dili ve Edebiyat\u0131 B\u00f6l\u00fcm\u00fc&#8217;nden mezun olmu\u015ftur. Ayn\u0131 y\u0131l e\u015fi Merih Pirhasan&#8217;la evlenmi\u015ftir.<\/p>\n<p>Maltepe Askeri Lisesi ve Kuleli Askeri Lisesi&#8217;nde edebiyat \u00f6\u011fretmenli\u011fi yapt\u0131ktan sonra 1951&#8217;de siyasi eylemleri sebebiyle tutuklanm\u0131\u015f; 9 y\u0131l ceza alm\u0131\u015f 7 y\u0131l sonunda ko\u015fullu olarak serbest kalm\u0131\u015ft\u0131r.<\/p>\n<p>Gar Yay\u0131nlar\u0131&#8217;n\u0131 R\u0131fat Ilgaz ile kurduktan sonra, 1960&#8217;da Doland\u0131r\u0131c\u0131lar \u015eah\u0131 ile senaristli\u011fe ba\u015flam\u0131\u015ft\u0131r. Senaristli\u011fine devam eden T\u00fcrkali, 1965&#8217;de y\u00f6netmenli\u011fi denemi\u015ftir.<\/p>\n<p>Bir G\u00fcn Tek Ba\u015f\u0131na ve Mavi Karanl\u0131k gibi romanlar\u0131 T\u00fcrk edebiyat\u0131n\u0131n en b\u00fcy\u00fck eserleri aras\u0131na girmi\u015f; daha sonra da Ye\u015fil\u00e7am Dedikleri T\u00fcrkiye ve Tek Ki\u015filik \u00d6l\u00fcm romanlar\u0131n\u0131 da yazm\u0131\u015ft\u0131r.<\/p>\n<p>2002 se\u00e7imlerinde DEHAP&#8217;dan aday olarak siyasete de soyunmu\u015ftur.<\/p>\n<p>Vedat T\u00fcrkali, oyuncu Deniz T\u00fcrkali ve y\u00f6netmen Bar\u0131\u015f Pirhasan&#8217;\u0131n babas\u0131, Deniz T\u00fcrkali&#8217;nin k\u0131z\u0131 \u015fark\u0131c\u0131 Zeynep Casalini&#8217;nin dedesidir.<\/p>\n<p>\u00d6d\u00fclleri<\/p>\n<p> * 1965 Antalya Alt\u0131n Portakal Film Festivali, En \u0130yi Senaryo \u00d6d\u00fcl\u00fc, Karanl\u0131kta Uyananlar<br \/> * 1970 TRT Oyun \u00d6d\u00fcl\u00fc (Dallar Ye\u015fil Olmal\u0131)<br \/> * 1974 Milliyet Yay\u0131nlar\u0131 Roman Yar\u0131\u015fmas\u0131 Birincilik \u00d6d\u00fcl\u00fc<br \/> * 1976 Orhan Kemal Roman Arma\u011fan\u0131<\/p>\n<p>Ba\u015fl\u0131ca eserleri<\/p>\n<p> * Bir G\u00fcn Tek Ba\u015f\u0131na (roman, 1974)<br \/> * Eski \u015eiirler, Yeni T\u00fcrk\u00fcler (\u015fiirler, 1979)<br \/> * \u00dc\u00e7 Film Birden (senaryolar, 1979)<br \/> * Mavi Karanl\u0131k (roman, 1983)<br \/> * Eski Filmler (senaryolar, 1984)<br \/> * Bu Gemi Nereye (yaz\u0131lar, an\u0131lar, 1985)<br \/> * Dallar Ye\u015fil Olmal\u0131 (oyun, 1985)<br \/> * Tek Ki\u015filik \u00d6l\u00fcm (roman, 1989)<br \/> * \u00d6zg\u00fcrl\u00fck \u0130\u00e7in K\u00fcrt Yaz\u0131lar\u0131 (1996)<br \/> * G\u00fcven (roman, 1999)<br \/> * Kom\u00fcnist (an\u0131, 2001)<br \/> * Ye\u015fil\u00e7am Dedikleri T\u00fcrkiye (roman, 2001)<br \/> * Bu \u00d6l\u00fc Kalkacak (oyun, 2002)<br \/> * Dallar Ye\u015fil Olmal\u0131 (oyun, 2002)<br \/> * Kay\u0131p Romanlar (roman, 2004)<\/p>\n<p><!-- start content --><\/p>\n","protected":false},"excerpt":{"rendered":"<p>Vedat T\u00fcrkali (d. 13 May\u0131s 1919, Samsun) Abd\u00fclkadir Demirkan &#8216;\u0131n (1950&#8217;li y\u0131llarda Abd\u00fclkadir Pirhasan olmu\u015ftur) yaz\u0131lar\u0131nda kulland\u0131\u011f\u0131 ismidir. Senarist, \u015fair ve romanc\u0131 olan T\u00fcrkali, liseyi Samsun Lisesi&#8217;nde okuduktan sonra 1942 y\u0131l\u0131nda \u0130stanbul \u00dcniversitesi Edebiyat Fak\u00fcltesi T\u00fcrk Dili ve Edebiyat\u0131 B\u00f6l\u00fcm\u00fc&#8217;nden mezun olmu\u015ftur. Ayn\u0131 y\u0131l e\u015fi Merih Pirhasan&#8217;la evlenmi\u015ftir. Maltepe Askeri Lisesi ve Kuleli Askeri Lisesi&#8217;nde [&hellip;]<\/p>\n","protected":false},"author":1,"featured_media":0,"comment_status":"open","ping_status":"open","sticky":false,"template":"","format":"standard","meta":{"footnotes":""},"categories":[32],"tags":[],"class_list":{"0":"post-693","1":"post","2":"type-post","3":"status-publish","4":"format-standard","6":"category-vedat-turkali"},"yoast_head":"<!-- This site is optimized with the Yoast SEO Premium plugin v24.9 (Yoast SEO v24.9) - https:\/\/yoast.com\/wordpress\/plugins\/seo\/ -->\n<title>Vedat T\u00dcRKAL\u0130 Biyografisi - narteks.net<\/title>\n<meta name=\"robots\" content=\"index, follow, max-snippet:-1, max-image-preview:large, max-video-preview:-1\" \/>\n<link rel=\"canonical\" href=\"https:\/\/narteks.net\/index.php\/2009\/04\/17\/vedat-turkali-biyografisi\/\" \/>\n<meta property=\"og:locale\" content=\"tr_TR\" \/>\n<meta property=\"og:type\" content=\"article\" \/>\n<meta property=\"og:title\" content=\"Vedat T\u00dcRKAL\u0130 Biyografisi\" \/>\n<meta property=\"og:description\" content=\"Vedat T\u00fcrkali (d. 13 May\u0131s 1919, Samsun) Abd\u00fclkadir Demirkan &#8216;\u0131n (1950&#8217;li y\u0131llarda Abd\u00fclkadir Pirhasan olmu\u015ftur) yaz\u0131lar\u0131nda kulland\u0131\u011f\u0131 ismidir. Senarist, \u015fair ve romanc\u0131 olan T\u00fcrkali, liseyi Samsun Lisesi&#8217;nde okuduktan sonra 1942 y\u0131l\u0131nda \u0130stanbul \u00dcniversitesi Edebiyat Fak\u00fcltesi T\u00fcrk Dili ve Edebiyat\u0131 B\u00f6l\u00fcm\u00fc&#8217;nden mezun olmu\u015ftur. Ayn\u0131 y\u0131l e\u015fi Merih Pirhasan&#8217;la evlenmi\u015ftir. Maltepe Askeri Lisesi ve Kuleli Askeri Lisesi&#8217;nde [&hellip;]\" \/>\n<meta property=\"og:url\" content=\"https:\/\/narteks.net\/index.php\/2009\/04\/17\/vedat-turkali-biyografisi\/\" \/>\n<meta property=\"og:site_name\" content=\"narteks.net\" \/>\n<meta property=\"article:published_time\" content=\"2009-04-17T08:08:18+00:00\" \/>\n<meta property=\"og:image\" content=\"http:\/\/www.google.com.tr\/images?q=tbn:5EYDpuWNukm5JM::www.edebiyatimiz.net\/wp-content\/uploads\/1984-vedatturkali.jpg\" \/>\n<meta name=\"author\" content=\"Tar\u0131k\" \/>\n<meta name=\"twitter:card\" content=\"summary_large_image\" \/>\n<meta name=\"twitter:creator\" content=\"@narteks\" \/>\n<meta name=\"twitter:site\" content=\"@narteks\" \/>\n<meta name=\"twitter:label1\" content=\"Yazan:\" \/>\n\t<meta name=\"twitter:data1\" content=\"Tar\u0131k\" \/>\n\t<meta name=\"twitter:label2\" content=\"Tahmini okuma s\u00fcresi\" \/>\n\t<meta name=\"twitter:data2\" content=\"2 dakika\" \/>\n<script type=\"application\/ld+json\" class=\"yoast-schema-graph\">{\"@context\":\"https:\/\/schema.org\",\"@graph\":[{\"@type\":\"Article\",\"@id\":\"https:\/\/narteks.net\/index.php\/2009\/04\/17\/vedat-turkali-biyografisi\/#article\",\"isPartOf\":{\"@id\":\"https:\/\/narteks.net\/index.php\/2009\/04\/17\/vedat-turkali-biyografisi\/\"},\"author\":{\"name\":\"Tar\u0131k\",\"@id\":\"https:\/\/narteks.net\/#\/schema\/person\/61f37d9834294b72d31d274e7ed79bca\"},\"headline\":\"Vedat T\u00dcRKAL\u0130 Biyografisi\",\"datePublished\":\"2009-04-17T08:08:18+00:00\",\"mainEntityOfPage\":{\"@id\":\"https:\/\/narteks.net\/index.php\/2009\/04\/17\/vedat-turkali-biyografisi\/\"},\"wordCount\":334,\"commentCount\":0,\"publisher\":{\"@id\":\"https:\/\/narteks.net\/#organization\"},\"image\":{\"@id\":\"https:\/\/narteks.net\/index.php\/2009\/04\/17\/vedat-turkali-biyografisi\/#primaryimage\"},\"thumbnailUrl\":\"http:\/\/www.google.com.tr\/images?q=tbn:5EYDpuWNukm5JM::www.edebiyatimiz.net\/wp-content\/uploads\/1984-vedatturkali.jpg\",\"articleSection\":[\"Vedat T\u00dcRKALI\"],\"inLanguage\":\"tr\",\"potentialAction\":[{\"@type\":\"CommentAction\",\"name\":\"Comment\",\"target\":[\"https:\/\/narteks.net\/index.php\/2009\/04\/17\/vedat-turkali-biyografisi\/#respond\"]}]},{\"@type\":\"WebPage\",\"@id\":\"https:\/\/narteks.net\/index.php\/2009\/04\/17\/vedat-turkali-biyografisi\/\",\"url\":\"https:\/\/narteks.net\/index.php\/2009\/04\/17\/vedat-turkali-biyografisi\/\",\"name\":\"Vedat T\u00dcRKAL\u0130 Biyografisi - narteks.net\",\"isPartOf\":{\"@id\":\"https:\/\/narteks.net\/#website\"},\"primaryImageOfPage\":{\"@id\":\"https:\/\/narteks.net\/index.php\/2009\/04\/17\/vedat-turkali-biyografisi\/#primaryimage\"},\"image\":{\"@id\":\"https:\/\/narteks.net\/index.php\/2009\/04\/17\/vedat-turkali-biyografisi\/#primaryimage\"},\"thumbnailUrl\":\"http:\/\/www.google.com.tr\/images?q=tbn:5EYDpuWNukm5JM::www.edebiyatimiz.net\/wp-content\/uploads\/1984-vedatturkali.jpg\",\"datePublished\":\"2009-04-17T08:08:18+00:00\",\"breadcrumb\":{\"@id\":\"https:\/\/narteks.net\/index.php\/2009\/04\/17\/vedat-turkali-biyografisi\/#breadcrumb\"},\"inLanguage\":\"tr\",\"potentialAction\":[{\"@type\":\"ReadAction\",\"target\":[\"https:\/\/narteks.net\/index.php\/2009\/04\/17\/vedat-turkali-biyografisi\/\"]}]},{\"@type\":\"ImageObject\",\"inLanguage\":\"tr\",\"@id\":\"https:\/\/narteks.net\/index.php\/2009\/04\/17\/vedat-turkali-biyografisi\/#primaryimage\",\"url\":\"http:\/\/www.google.com.tr\/images?q=tbn:5EYDpuWNukm5JM::www.edebiyatimiz.net\/wp-content\/uploads\/1984-vedatturkali.jpg\",\"contentUrl\":\"http:\/\/www.google.com.tr\/images?q=tbn:5EYDpuWNukm5JM::www.edebiyatimiz.net\/wp-content\/uploads\/1984-vedatturkali.jpg\"},{\"@type\":\"BreadcrumbList\",\"@id\":\"https:\/\/narteks.net\/index.php\/2009\/04\/17\/vedat-turkali-biyografisi\/#breadcrumb\",\"itemListElement\":[{\"@type\":\"ListItem\",\"position\":1,\"name\":\"Anasayfa\",\"item\":\"https:\/\/narteks.net\/\"},{\"@type\":\"ListItem\",\"position\":2,\"name\":\"Vedat T\u00dcRKAL\u0130 Biyografisi\"}]},{\"@type\":\"WebSite\",\"@id\":\"https:\/\/narteks.net\/#website\",\"url\":\"https:\/\/narteks.net\/\",\"name\":\"narteks.net\",\"description\":\"K\u00fclt\u00fcr Sanat Edebiyat Felsefe\",\"publisher\":{\"@id\":\"https:\/\/narteks.net\/#organization\"},\"alternateName\":\"K\u00fclt\u00fcr Sanat Edebiyat Felsefe\",\"potentialAction\":[{\"@type\":\"SearchAction\",\"target\":{\"@type\":\"EntryPoint\",\"urlTemplate\":\"https:\/\/narteks.net\/?s={search_term_string}\"},\"query-input\":{\"@type\":\"PropertyValueSpecification\",\"valueRequired\":true,\"valueName\":\"search_term_string\"}}],\"inLanguage\":\"tr\"},{\"@type\":\"Organization\",\"@id\":\"https:\/\/narteks.net\/#organization\",\"name\":\"narteks.net\",\"url\":\"https:\/\/narteks.net\/\",\"logo\":{\"@type\":\"ImageObject\",\"inLanguage\":\"tr\",\"@id\":\"https:\/\/narteks.net\/#\/schema\/logo\/image\/\",\"url\":\"https:\/\/narteks.net\/wp-content\/uploads\/narteks.png\",\"contentUrl\":\"https:\/\/narteks.net\/wp-content\/uploads\/narteks.png\",\"width\":300,\"height\":90,\"caption\":\"narteks.net\"},\"image\":{\"@id\":\"https:\/\/narteks.net\/#\/schema\/logo\/image\/\"},\"sameAs\":[\"https:\/\/x.com\/narteks\",\"https:\/\/instagram.com\/narteksnet\"]},{\"@type\":\"Person\",\"@id\":\"https:\/\/narteks.net\/#\/schema\/person\/61f37d9834294b72d31d274e7ed79bca\",\"name\":\"Tar\u0131k\",\"image\":{\"@type\":\"ImageObject\",\"inLanguage\":\"tr\",\"@id\":\"https:\/\/narteks.net\/#\/schema\/person\/image\/\",\"url\":\"https:\/\/secure.gravatar.com\/avatar\/50865afb55632c4ae467e0af0930f6510aa2297d8014be502a55b14f3b7550cf?s=96&d=mm&r=g\",\"contentUrl\":\"https:\/\/secure.gravatar.com\/avatar\/50865afb55632c4ae467e0af0930f6510aa2297d8014be502a55b14f3b7550cf?s=96&d=mm&r=g\",\"caption\":\"Tar\u0131k\"},\"sameAs\":[\"http:\/\/narteks.net\"],\"url\":\"https:\/\/narteks.net\/index.php\/author\/narbak\/\"}]}<\/script>\n<!-- \/ Yoast SEO Premium plugin. -->","yoast_head_json":{"title":"Vedat T\u00dcRKAL\u0130 Biyografisi - narteks.net","robots":{"index":"index","follow":"follow","max-snippet":"max-snippet:-1","max-image-preview":"max-image-preview:large","max-video-preview":"max-video-preview:-1"},"canonical":"https:\/\/narteks.net\/index.php\/2009\/04\/17\/vedat-turkali-biyografisi\/","og_locale":"tr_TR","og_type":"article","og_title":"Vedat T\u00dcRKAL\u0130 Biyografisi","og_description":"Vedat T\u00fcrkali (d. 13 May\u0131s 1919, Samsun) Abd\u00fclkadir Demirkan &#8216;\u0131n (1950&#8217;li y\u0131llarda Abd\u00fclkadir Pirhasan olmu\u015ftur) yaz\u0131lar\u0131nda kulland\u0131\u011f\u0131 ismidir. Senarist, \u015fair ve romanc\u0131 olan T\u00fcrkali, liseyi Samsun Lisesi&#8217;nde okuduktan sonra 1942 y\u0131l\u0131nda \u0130stanbul \u00dcniversitesi Edebiyat Fak\u00fcltesi T\u00fcrk Dili ve Edebiyat\u0131 B\u00f6l\u00fcm\u00fc&#8217;nden mezun olmu\u015ftur. Ayn\u0131 y\u0131l e\u015fi Merih Pirhasan&#8217;la evlenmi\u015ftir. Maltepe Askeri Lisesi ve Kuleli Askeri Lisesi&#8217;nde [&hellip;]","og_url":"https:\/\/narteks.net\/index.php\/2009\/04\/17\/vedat-turkali-biyografisi\/","og_site_name":"narteks.net","article_published_time":"2009-04-17T08:08:18+00:00","og_image":[{"url":"http:\/\/www.google.com.tr\/images?q=tbn:5EYDpuWNukm5JM::www.edebiyatimiz.net\/wp-content\/uploads\/1984-vedatturkali.jpg","type":"","width":"","height":""}],"author":"Tar\u0131k","twitter_card":"summary_large_image","twitter_creator":"@narteks","twitter_site":"@narteks","twitter_misc":{"Yazan:":"Tar\u0131k","Tahmini okuma s\u00fcresi":"2 dakika"},"schema":{"@context":"https:\/\/schema.org","@graph":[{"@type":"Article","@id":"https:\/\/narteks.net\/index.php\/2009\/04\/17\/vedat-turkali-biyografisi\/#article","isPartOf":{"@id":"https:\/\/narteks.net\/index.php\/2009\/04\/17\/vedat-turkali-biyografisi\/"},"author":{"name":"Tar\u0131k","@id":"https:\/\/narteks.net\/#\/schema\/person\/61f37d9834294b72d31d274e7ed79bca"},"headline":"Vedat T\u00dcRKAL\u0130 Biyografisi","datePublished":"2009-04-17T08:08:18+00:00","mainEntityOfPage":{"@id":"https:\/\/narteks.net\/index.php\/2009\/04\/17\/vedat-turkali-biyografisi\/"},"wordCount":334,"commentCount":0,"publisher":{"@id":"https:\/\/narteks.net\/#organization"},"image":{"@id":"https:\/\/narteks.net\/index.php\/2009\/04\/17\/vedat-turkali-biyografisi\/#primaryimage"},"thumbnailUrl":"http:\/\/www.google.com.tr\/images?q=tbn:5EYDpuWNukm5JM::www.edebiyatimiz.net\/wp-content\/uploads\/1984-vedatturkali.jpg","articleSection":["Vedat T\u00dcRKALI"],"inLanguage":"tr","potentialAction":[{"@type":"CommentAction","name":"Comment","target":["https:\/\/narteks.net\/index.php\/2009\/04\/17\/vedat-turkali-biyografisi\/#respond"]}]},{"@type":"WebPage","@id":"https:\/\/narteks.net\/index.php\/2009\/04\/17\/vedat-turkali-biyografisi\/","url":"https:\/\/narteks.net\/index.php\/2009\/04\/17\/vedat-turkali-biyografisi\/","name":"Vedat T\u00dcRKAL\u0130 Biyografisi - narteks.net","isPartOf":{"@id":"https:\/\/narteks.net\/#website"},"primaryImageOfPage":{"@id":"https:\/\/narteks.net\/index.php\/2009\/04\/17\/vedat-turkali-biyografisi\/#primaryimage"},"image":{"@id":"https:\/\/narteks.net\/index.php\/2009\/04\/17\/vedat-turkali-biyografisi\/#primaryimage"},"thumbnailUrl":"http:\/\/www.google.com.tr\/images?q=tbn:5EYDpuWNukm5JM::www.edebiyatimiz.net\/wp-content\/uploads\/1984-vedatturkali.jpg","datePublished":"2009-04-17T08:08:18+00:00","breadcrumb":{"@id":"https:\/\/narteks.net\/index.php\/2009\/04\/17\/vedat-turkali-biyografisi\/#breadcrumb"},"inLanguage":"tr","potentialAction":[{"@type":"ReadAction","target":["https:\/\/narteks.net\/index.php\/2009\/04\/17\/vedat-turkali-biyografisi\/"]}]},{"@type":"ImageObject","inLanguage":"tr","@id":"https:\/\/narteks.net\/index.php\/2009\/04\/17\/vedat-turkali-biyografisi\/#primaryimage","url":"http:\/\/www.google.com.tr\/images?q=tbn:5EYDpuWNukm5JM::www.edebiyatimiz.net\/wp-content\/uploads\/1984-vedatturkali.jpg","contentUrl":"http:\/\/www.google.com.tr\/images?q=tbn:5EYDpuWNukm5JM::www.edebiyatimiz.net\/wp-content\/uploads\/1984-vedatturkali.jpg"},{"@type":"BreadcrumbList","@id":"https:\/\/narteks.net\/index.php\/2009\/04\/17\/vedat-turkali-biyografisi\/#breadcrumb","itemListElement":[{"@type":"ListItem","position":1,"name":"Anasayfa","item":"https:\/\/narteks.net\/"},{"@type":"ListItem","position":2,"name":"Vedat T\u00dcRKAL\u0130 Biyografisi"}]},{"@type":"WebSite","@id":"https:\/\/narteks.net\/#website","url":"https:\/\/narteks.net\/","name":"narteks.net","description":"K\u00fclt\u00fcr Sanat Edebiyat Felsefe","publisher":{"@id":"https:\/\/narteks.net\/#organization"},"alternateName":"K\u00fclt\u00fcr Sanat Edebiyat Felsefe","potentialAction":[{"@type":"SearchAction","target":{"@type":"EntryPoint","urlTemplate":"https:\/\/narteks.net\/?s={search_term_string}"},"query-input":{"@type":"PropertyValueSpecification","valueRequired":true,"valueName":"search_term_string"}}],"inLanguage":"tr"},{"@type":"Organization","@id":"https:\/\/narteks.net\/#organization","name":"narteks.net","url":"https:\/\/narteks.net\/","logo":{"@type":"ImageObject","inLanguage":"tr","@id":"https:\/\/narteks.net\/#\/schema\/logo\/image\/","url":"https:\/\/narteks.net\/wp-content\/uploads\/narteks.png","contentUrl":"https:\/\/narteks.net\/wp-content\/uploads\/narteks.png","width":300,"height":90,"caption":"narteks.net"},"image":{"@id":"https:\/\/narteks.net\/#\/schema\/logo\/image\/"},"sameAs":["https:\/\/x.com\/narteks","https:\/\/instagram.com\/narteksnet"]},{"@type":"Person","@id":"https:\/\/narteks.net\/#\/schema\/person\/61f37d9834294b72d31d274e7ed79bca","name":"Tar\u0131k","image":{"@type":"ImageObject","inLanguage":"tr","@id":"https:\/\/narteks.net\/#\/schema\/person\/image\/","url":"https:\/\/secure.gravatar.com\/avatar\/50865afb55632c4ae467e0af0930f6510aa2297d8014be502a55b14f3b7550cf?s=96&d=mm&r=g","contentUrl":"https:\/\/secure.gravatar.com\/avatar\/50865afb55632c4ae467e0af0930f6510aa2297d8014be502a55b14f3b7550cf?s=96&d=mm&r=g","caption":"Tar\u0131k"},"sameAs":["http:\/\/narteks.net"],"url":"https:\/\/narteks.net\/index.php\/author\/narbak\/"}]}},"_links":{"self":[{"href":"https:\/\/narteks.net\/index.php\/wp-json\/wp\/v2\/posts\/693","targetHints":{"allow":["GET"]}}],"collection":[{"href":"https:\/\/narteks.net\/index.php\/wp-json\/wp\/v2\/posts"}],"about":[{"href":"https:\/\/narteks.net\/index.php\/wp-json\/wp\/v2\/types\/post"}],"author":[{"embeddable":true,"href":"https:\/\/narteks.net\/index.php\/wp-json\/wp\/v2\/users\/1"}],"replies":[{"embeddable":true,"href":"https:\/\/narteks.net\/index.php\/wp-json\/wp\/v2\/comments?post=693"}],"version-history":[{"count":0,"href":"https:\/\/narteks.net\/index.php\/wp-json\/wp\/v2\/posts\/693\/revisions"}],"wp:attachment":[{"href":"https:\/\/narteks.net\/index.php\/wp-json\/wp\/v2\/media?parent=693"}],"wp:term":[{"taxonomy":"category","embeddable":true,"href":"https:\/\/narteks.net\/index.php\/wp-json\/wp\/v2\/categories?post=693"},{"taxonomy":"post_tag","embeddable":true,"href":"https:\/\/narteks.net\/index.php\/wp-json\/wp\/v2\/tags?post=693"}],"curies":[{"name":"wp","href":"https:\/\/api.w.org\/{rel}","templated":true}]}}