{"id":6946,"date":"2018-07-31T20:19:59","date_gmt":"2018-07-31T17:19:59","guid":{"rendered":"http:\/\/localhost\/wordpress\/2018\/07\/31\/solgun-suclu-ustune-boyle-buyurdu-zerdust-friedrich-nietzsche\/"},"modified":"2018-07-31T20:19:59","modified_gmt":"2018-07-31T17:19:59","slug":"solgun-suclu-ustune-boyle-buyurdu-zerdust-friedrich-nietzsche","status":"publish","type":"post","link":"https:\/\/narteks.net\/index.php\/2018\/07\/31\/solgun-suclu-ustune-boyle-buyurdu-zerdust-friedrich-nietzsche\/","title":{"rendered":"Solgun Su\u00e7lu \u00dcst\u00fcne | B\u00f6yle buyurdu Zerd\u00fc\u015ft &#8211; Friedrich Nietzsche"},"content":{"rendered":"<p><img loading=\"lazy\" decoding=\"async\" style=\"float: left;\" src=\"images\/stories\/nietzsche1.jpg\" width=\"155\" height=\"205\" \/>Ey yarg\u0131\u00e7lar ve kurban edenler, hayvan ba\u015f\u0131n\u0131 e\u011fmeden \u00f6l\u00add\u00fcrmek istemiyor musunuz? Bak\u0131n, solgun su\u00e7lu ba\u015f\u0131n\u0131 e\u011fdi: b\u00fcy\u00fck horg\u00f6rme konu\u015fuyor g\u00f6zlerinden.<br \/>\u00abBenim ben\u2019im altedilmesi gereken bir \u015feydir: benim ben\u2019im insan\u0131n b\u00fcy\u00fck horg\u00f6r\u00fclmesidir bence\u00bb: b\u00f6yle diyor bu g\u00f6zler.<br \/>Kendi kendini yarg\u0131lamas\u0131, onun en y\u00fcksek an\u0131yd\u0131: y\u00fccelmi\u015f olan, a\u015fa\u011f\u0131l\u0131k durumuna d\u00fc\u015fmesin yine!<br \/>B\u00f6yle kendi elinden ac\u0131 \u00e7eken i\u00e7in kurtulu\u015f yoktur, me\u011ferki tez bir \u00f6l\u00fcm gele.<br \/>Sizin \u00f6ld\u00fcrmeniz, ey yarg\u0131\u00e7lar, ac\u0131ma olmal\u0131d\u0131r, \u00f6c alma de\u00ad\u011fil. Ve \u00f6ld\u00fcr\u00fcrken, kendiniz hayat\u0131 hakl\u0131 \u00e7\u0131karmaya bak\u0131n!<br \/>\u00d6ld\u00fcrd\u00fc\u011f\u00fcn\u00fczle bar\u0131\u015fman\u0131z yetmez. \u00dcz\u00fcnt\u00fcn\u00fcz, \u00dcstinsan sevginiz olsun: b\u00f6yle hakl\u0131 \u00e7\u0131kar\u0131rs\u0131n\u0131z sa\u011f kalman\u0131z\u0131!<br \/>\u00abD\u00fc\u015fman\u00bb demelisiniz, \u00abal\u00e7ak\u00bb de\u011fil; \u00absayr\u0131\u00bb demelisiniz, \u00abd\u00fc\u015f\u00fck\u00bb de\u011fil, \u00abdeli\u00bb demelisiniz, \u00abg\u00fcnahk\u00e2r\u00bb de\u011fil.<br \/>Ve sen, ey k\u0131z\u0131l yarg\u0131\u00e7, akl\u0131ndan ge\u00e7enleri a\u00e7\u0131\u011fa vursan, \u015f\u00f6yle hayk\u0131r\u0131r herkes: \u00abDefolsun \u015fu pislik ve a\u011f\u0131l\u0131 b\u00f6cek!\u00bb<br \/>Oysa d\u00fc\u015f\u00fcnce ba\u015fka, eylem ba\u015fka, eylemin tasar\u0131m\u0131 yine ba\u015fka. Nedensellik \u00e7ark\u0131 bunlar aras\u0131nda d\u00f6nmez.<br \/>Bu solgun adam\u0131 solduran tasar\u0131md\u0131r. \u0130\u015flerken eyleminin eriydi, ama eylem bittikten sonra, bu eylemin tasar\u0131m\u0131na daya\u00adnamad\u0131.<br \/>Art\u0131k kendini hep bir eylemin yap\u0131c\u0131s\u0131 olarak g\u00f6r\u00fcyordu. Delilik derim buna: kurald\u0131\u015f\u0131, onda kural oldu \u00e7\u0131kt\u0131.<br \/>Bir \u00e7izgi tavu\u011fu b\u00fcy\u00fcler; onun indirdi\u011fi vuru\u015f da, zavall\u0131 usumu b\u00fcy\u00fcledi. Eylemden sonraki \u00e7\u0131lg\u0131nl\u0131k derim buna.<br \/>Dinleyin, ey yarg\u0131\u00e7lar! Bir ba\u015fka \u00e7\u0131lg\u0131nl\u0131k daha vard\u0131r: o da eylemden \u00f6nceki \u00e7\u0131lg\u0131nl\u0131k. Ah, siz bu g\u00f6nl\u00fcn derin\u00adliklerine yeterince sokulmad\u0131n\u0131z.<br \/>\u015e\u00f6yle buyurur k\u0131z\u0131l yarg\u0131\u00e7, \u00abBu su\u00e7lu neden \u00f6ld\u00fcrd\u00fc? \u00c7al\u00admak istiyordu da ondan.\u00bb Ama ben size derim ki: onun can\u0131 kan istiyordu, ya\u011fma de\u011fil: b\u0131\u00e7a\u011f\u0131n mutlulu\u011funa susam\u0131\u015ft\u0131 o!<br \/>Fakat zavall\u0131 usu, bu \u00e7\u0131lg\u0131nl\u0131\u011f\u0131 kavr\u0131yamad\u0131 ve onu kan\u00add\u0131rd\u0131. \u00abKan da neymi\u015f!\u00bb dedi, \u00abhi\u00e7 de\u011filse, bir \u015fey \u00e7alsan? Ya da \u00f6c alsan?\u00bb<br \/>O da, zavall\u0131 usuna uydu: s\u00f6zleri, \u00fcst\u00fcne kur\u015fun gibi \u00e7\u00f6k\u00adm\u00fc\u015ft\u00fc, \u2014 bu y\u00fczden, \u00f6ld\u00fcr\u00fcrken \u00e7ald\u0131 da. \u00c7\u0131lg\u0131nl\u0131\u011f\u0131ndan utan\u00admak istemiyordu.<br \/>\u0130\u015fte su\u00e7u yine kur\u015fun gibi \u00fczerinde, zavall\u0131 usu yine \u00f6yle uyu\u015fmu\u015f, \u00f6yle inmeli, \u00f6yle a\u011f\u0131r.<br \/>Kafas\u0131n\u0131 bir sall\u0131yabilse, y\u00fck\u00fc d\u00fc\u015f\u00fcverecek \u00fczerinden: fa\u00adkat bu kafay\u0131 kim sall\u0131yabilir ki?<br \/>Bu adam nedir? Kendi aralar\u0131nda binde bir sessiz duran bir azg\u0131n y\u0131lanlar yuma\u011f\u0131, \u2014 bu y\u00fczden ayr\u0131 ayr\u0131 \u00e7\u0131karlar ve d\u00fcnyada av ararlar.<br \/>\u015eu zavall\u0131 g\u00f6vdeye bak\u0131n! Onun \u00e7ektiklerini ve istedikle\u00adrini zavall\u0131 can kendine g\u00f6re yorumlad\u0131, \u2014 \u00f6ld\u00fcrme tutkusu ve b\u0131\u00e7ak mutlulu\u011funa duyulan h\u0131rs diye yorumlad\u0131.<br \/>\u015eimdi sayr\u0131 d\u00fc\u015feni bast\u0131r\u0131r \u015fimdi k\u00f6t\u00fc olan k\u00f6t\u00fcl\u00fck: ken\u00addine ac\u0131 \u00e7ektirenle, ac\u0131 \u00e7ektirmek ister. Ama ba\u015fka \u00e7a\u011flar da vard\u0131, ba\u015fka bir k\u00f6t\u00fc ve iyi de.<br \/>Bir zamanlar k\u00f6t\u00fcyd\u00fc ku\u015fku ve Kendi istemi. O zaman sayr\u0131lar z\u0131nd\u0131k ve b\u00fcy\u00fcc\u00fc oldular: z\u0131nd\u0131k ve b\u00fcy\u00fcc\u00fc olarak ac\u0131 \u00e7ektiler ve ac\u0131 \u00e7ektirmek istediler.<br \/>Fakat bu sizin kula\u011f\u0131n\u0131za girmez ki: iyi ki\u015filerinizi inci\u00adtirmi\u015f, \u2014 bana \u00f6yle diyorsunuz. Peki ama bana ne sizin iyi ki\u015filerinizden!<br \/>iyi ki\u015filerinizin bir\u00e7ok \u015feyi beni tiksindiriyor, ger\u00e7ek, k\u00f6\u00adt\u00fcl\u00fckleri de\u011fil. Ke\u015fke delilikleri olsayd\u0131 da, bu delilik y\u00fcz\u00fcn\u00adden yok olabilselerdi, \u015fu solgun su\u00e7lu gibi!<br \/>Evet, deliliklerine ger\u00e7ek, ya da ba\u011fl\u0131l\u0131k, ya da do\u011fruluk denseydi ke\u015fke: oysa onlar\u0131n erdemi \u00e7ok ya\u015famak, ac\u0131nacak bir rahatl\u0131k i\u00e7re ya\u015famak i\u00e7indir.<br \/>Ben \u0131rmak k\u0131y\u0131s\u0131nda bir parmakl\u0131\u011f\u0131m: tutunabilen tutunsun bana! Fakat koltuk de\u011fne\u011finiz de\u011filim ben. \u2014<br \/>B\u00f6yle buyurdu Zerd\u00fc\u015ft.<\/p>\n<p><strong>Solgun Su\u00e7lu \u00dcst\u00fcne | B\u00f6yle buyurdu Zerd\u00fc\u015ft &#8211; Friedrich Nietzsche<\/strong><\/p>\n","protected":false},"excerpt":{"rendered":"<p>Ey yarg\u0131\u00e7lar ve kurban edenler, hayvan ba\u015f\u0131n\u0131 e\u011fmeden \u00f6l\u00add\u00fcrmek istemiyor musunuz? Bak\u0131n, solgun su\u00e7lu ba\u015f\u0131n\u0131 e\u011fdi: b\u00fcy\u00fck horg\u00f6rme konu\u015fuyor g\u00f6zlerinden.\u00abBenim ben\u2019im altedilmesi gereken bir \u015feydir: benim ben\u2019im insan\u0131n b\u00fcy\u00fck horg\u00f6r\u00fclmesidir bence\u00bb: b\u00f6yle diyor bu g\u00f6zler.Kendi kendini yarg\u0131lamas\u0131, onun en y\u00fcksek an\u0131yd\u0131: y\u00fccelmi\u015f olan, a\u015fa\u011f\u0131l\u0131k durumuna d\u00fc\u015fmesin yine!B\u00f6yle kendi elinden ac\u0131 \u00e7eken i\u00e7in kurtulu\u015f yoktur, me\u011ferki [&hellip;]<\/p>\n","protected":false},"author":1,"featured_media":0,"comment_status":"open","ping_status":"open","sticky":false,"template":"","format":"standard","meta":{"footnotes":""},"categories":[73],"tags":[],"class_list":{"0":"post-6946","1":"post","2":"type-post","3":"status-publish","4":"format-standard","6":"category-friedrich-wilhelm-nietzsche"},"yoast_head":"<!-- This site is optimized with the Yoast SEO Premium plugin v24.9 (Yoast SEO v24.9) - https:\/\/yoast.com\/wordpress\/plugins\/seo\/ -->\n<title>Solgun Su\u00e7lu \u00dcst\u00fcne | B\u00f6yle buyurdu Zerd\u00fc\u015ft - Friedrich Nietzsche - narteks.net<\/title>\n<meta name=\"robots\" content=\"index, follow, max-snippet:-1, max-image-preview:large, max-video-preview:-1\" \/>\n<link rel=\"canonical\" href=\"https:\/\/narteks.net\/index.php\/2018\/07\/31\/solgun-suclu-ustune-boyle-buyurdu-zerdust-friedrich-nietzsche\/\" \/>\n<meta property=\"og:locale\" content=\"tr_TR\" \/>\n<meta property=\"og:type\" content=\"article\" \/>\n<meta property=\"og:title\" content=\"Solgun Su\u00e7lu \u00dcst\u00fcne | B\u00f6yle buyurdu Zerd\u00fc\u015ft - Friedrich Nietzsche\" \/>\n<meta property=\"og:description\" content=\"Ey yarg\u0131\u00e7lar ve kurban edenler, hayvan ba\u015f\u0131n\u0131 e\u011fmeden \u00f6l\u00add\u00fcrmek istemiyor musunuz? Bak\u0131n, solgun su\u00e7lu ba\u015f\u0131n\u0131 e\u011fdi: b\u00fcy\u00fck horg\u00f6rme konu\u015fuyor g\u00f6zlerinden.\u00abBenim ben\u2019im altedilmesi gereken bir \u015feydir: benim ben\u2019im insan\u0131n b\u00fcy\u00fck horg\u00f6r\u00fclmesidir bence\u00bb: b\u00f6yle diyor bu g\u00f6zler.Kendi kendini yarg\u0131lamas\u0131, onun en y\u00fcksek an\u0131yd\u0131: y\u00fccelmi\u015f olan, a\u015fa\u011f\u0131l\u0131k durumuna d\u00fc\u015fmesin yine!B\u00f6yle kendi elinden ac\u0131 \u00e7eken i\u00e7in kurtulu\u015f yoktur, me\u011ferki [&hellip;]\" \/>\n<meta property=\"og:url\" content=\"https:\/\/narteks.net\/index.php\/2018\/07\/31\/solgun-suclu-ustune-boyle-buyurdu-zerdust-friedrich-nietzsche\/\" \/>\n<meta property=\"og:site_name\" content=\"narteks.net\" \/>\n<meta property=\"article:published_time\" content=\"2018-07-31T17:19:59+00:00\" \/>\n<meta property=\"og:image\" content=\"https:\/\/narteks.net\/wp-content\/uploads\/narteks.png\" \/>\n\t<meta property=\"og:image:width\" content=\"300\" \/>\n\t<meta property=\"og:image:height\" content=\"90\" \/>\n\t<meta property=\"og:image:type\" content=\"image\/png\" \/>\n<meta name=\"author\" content=\"Tar\u0131k\" \/>\n<meta name=\"twitter:card\" content=\"summary_large_image\" \/>\n<meta name=\"twitter:creator\" content=\"@narteks\" \/>\n<meta name=\"twitter:site\" content=\"@narteks\" \/>\n<meta name=\"twitter:label1\" content=\"Yazan:\" \/>\n\t<meta name=\"twitter:data1\" content=\"Tar\u0131k\" \/>\n\t<meta name=\"twitter:label2\" content=\"Tahmini okuma s\u00fcresi\" \/>\n\t<meta name=\"twitter:data2\" content=\"4 dakika\" \/>\n<script type=\"application\/ld+json\" class=\"yoast-schema-graph\">{\"@context\":\"https:\/\/schema.org\",\"@graph\":[{\"@type\":\"Article\",\"@id\":\"https:\/\/narteks.net\/index.php\/2018\/07\/31\/solgun-suclu-ustune-boyle-buyurdu-zerdust-friedrich-nietzsche\/#article\",\"isPartOf\":{\"@id\":\"https:\/\/narteks.net\/index.php\/2018\/07\/31\/solgun-suclu-ustune-boyle-buyurdu-zerdust-friedrich-nietzsche\/\"},\"author\":{\"name\":\"Tar\u0131k\",\"@id\":\"https:\/\/narteks.net\/#\/schema\/person\/61f37d9834294b72d31d274e7ed79bca\"},\"headline\":\"Solgun Su\u00e7lu \u00dcst\u00fcne | B\u00f6yle buyurdu Zerd\u00fc\u015ft &#8211; Friedrich Nietzsche\",\"datePublished\":\"2018-07-31T17:19:59+00:00\",\"mainEntityOfPage\":{\"@id\":\"https:\/\/narteks.net\/index.php\/2018\/07\/31\/solgun-suclu-ustune-boyle-buyurdu-zerdust-friedrich-nietzsche\/\"},\"wordCount\":718,\"commentCount\":0,\"publisher\":{\"@id\":\"https:\/\/narteks.net\/#organization\"},\"articleSection\":[\"Friedrich Wilhelm N\u0130ETZSCHE\"],\"inLanguage\":\"tr\",\"potentialAction\":[{\"@type\":\"CommentAction\",\"name\":\"Comment\",\"target\":[\"https:\/\/narteks.net\/index.php\/2018\/07\/31\/solgun-suclu-ustune-boyle-buyurdu-zerdust-friedrich-nietzsche\/#respond\"]}]},{\"@type\":\"WebPage\",\"@id\":\"https:\/\/narteks.net\/index.php\/2018\/07\/31\/solgun-suclu-ustune-boyle-buyurdu-zerdust-friedrich-nietzsche\/\",\"url\":\"https:\/\/narteks.net\/index.php\/2018\/07\/31\/solgun-suclu-ustune-boyle-buyurdu-zerdust-friedrich-nietzsche\/\",\"name\":\"Solgun Su\u00e7lu \u00dcst\u00fcne | B\u00f6yle buyurdu Zerd\u00fc\u015ft - Friedrich Nietzsche - narteks.net\",\"isPartOf\":{\"@id\":\"https:\/\/narteks.net\/#website\"},\"datePublished\":\"2018-07-31T17:19:59+00:00\",\"breadcrumb\":{\"@id\":\"https:\/\/narteks.net\/index.php\/2018\/07\/31\/solgun-suclu-ustune-boyle-buyurdu-zerdust-friedrich-nietzsche\/#breadcrumb\"},\"inLanguage\":\"tr\",\"potentialAction\":[{\"@type\":\"ReadAction\",\"target\":[\"https:\/\/narteks.net\/index.php\/2018\/07\/31\/solgun-suclu-ustune-boyle-buyurdu-zerdust-friedrich-nietzsche\/\"]}]},{\"@type\":\"BreadcrumbList\",\"@id\":\"https:\/\/narteks.net\/index.php\/2018\/07\/31\/solgun-suclu-ustune-boyle-buyurdu-zerdust-friedrich-nietzsche\/#breadcrumb\",\"itemListElement\":[{\"@type\":\"ListItem\",\"position\":1,\"name\":\"Anasayfa\",\"item\":\"https:\/\/narteks.net\/\"},{\"@type\":\"ListItem\",\"position\":2,\"name\":\"Solgun Su\u00e7lu \u00dcst\u00fcne | B\u00f6yle buyurdu Zerd\u00fc\u015ft &#8211; Friedrich Nietzsche\"}]},{\"@type\":\"WebSite\",\"@id\":\"https:\/\/narteks.net\/#website\",\"url\":\"https:\/\/narteks.net\/\",\"name\":\"narteks.net\",\"description\":\"K\u00fclt\u00fcr Sanat Edebiyat Felsefe\",\"publisher\":{\"@id\":\"https:\/\/narteks.net\/#organization\"},\"alternateName\":\"K\u00fclt\u00fcr Sanat Edebiyat Felsefe\",\"potentialAction\":[{\"@type\":\"SearchAction\",\"target\":{\"@type\":\"EntryPoint\",\"urlTemplate\":\"https:\/\/narteks.net\/?s={search_term_string}\"},\"query-input\":{\"@type\":\"PropertyValueSpecification\",\"valueRequired\":true,\"valueName\":\"search_term_string\"}}],\"inLanguage\":\"tr\"},{\"@type\":\"Organization\",\"@id\":\"https:\/\/narteks.net\/#organization\",\"name\":\"narteks.net\",\"url\":\"https:\/\/narteks.net\/\",\"logo\":{\"@type\":\"ImageObject\",\"inLanguage\":\"tr\",\"@id\":\"https:\/\/narteks.net\/#\/schema\/logo\/image\/\",\"url\":\"https:\/\/narteks.net\/wp-content\/uploads\/narteks.png\",\"contentUrl\":\"https:\/\/narteks.net\/wp-content\/uploads\/narteks.png\",\"width\":300,\"height\":90,\"caption\":\"narteks.net\"},\"image\":{\"@id\":\"https:\/\/narteks.net\/#\/schema\/logo\/image\/\"},\"sameAs\":[\"https:\/\/x.com\/narteks\",\"https:\/\/instagram.com\/narteksnet\"]},{\"@type\":\"Person\",\"@id\":\"https:\/\/narteks.net\/#\/schema\/person\/61f37d9834294b72d31d274e7ed79bca\",\"name\":\"Tar\u0131k\",\"image\":{\"@type\":\"ImageObject\",\"inLanguage\":\"tr\",\"@id\":\"https:\/\/narteks.net\/#\/schema\/person\/image\/\",\"url\":\"https:\/\/secure.gravatar.com\/avatar\/50865afb55632c4ae467e0af0930f6510aa2297d8014be502a55b14f3b7550cf?s=96&d=mm&r=g\",\"contentUrl\":\"https:\/\/secure.gravatar.com\/avatar\/50865afb55632c4ae467e0af0930f6510aa2297d8014be502a55b14f3b7550cf?s=96&d=mm&r=g\",\"caption\":\"Tar\u0131k\"},\"sameAs\":[\"http:\/\/narteks.net\"],\"url\":\"https:\/\/narteks.net\/index.php\/author\/narbak\/\"}]}<\/script>\n<!-- \/ Yoast SEO Premium plugin. -->","yoast_head_json":{"title":"Solgun Su\u00e7lu \u00dcst\u00fcne | B\u00f6yle buyurdu Zerd\u00fc\u015ft - Friedrich Nietzsche - narteks.net","robots":{"index":"index","follow":"follow","max-snippet":"max-snippet:-1","max-image-preview":"max-image-preview:large","max-video-preview":"max-video-preview:-1"},"canonical":"https:\/\/narteks.net\/index.php\/2018\/07\/31\/solgun-suclu-ustune-boyle-buyurdu-zerdust-friedrich-nietzsche\/","og_locale":"tr_TR","og_type":"article","og_title":"Solgun Su\u00e7lu \u00dcst\u00fcne | B\u00f6yle buyurdu Zerd\u00fc\u015ft - Friedrich Nietzsche","og_description":"Ey yarg\u0131\u00e7lar ve kurban edenler, hayvan ba\u015f\u0131n\u0131 e\u011fmeden \u00f6l\u00add\u00fcrmek istemiyor musunuz? Bak\u0131n, solgun su\u00e7lu ba\u015f\u0131n\u0131 e\u011fdi: b\u00fcy\u00fck horg\u00f6rme konu\u015fuyor g\u00f6zlerinden.\u00abBenim ben\u2019im altedilmesi gereken bir \u015feydir: benim ben\u2019im insan\u0131n b\u00fcy\u00fck horg\u00f6r\u00fclmesidir bence\u00bb: b\u00f6yle diyor bu g\u00f6zler.Kendi kendini yarg\u0131lamas\u0131, onun en y\u00fcksek an\u0131yd\u0131: y\u00fccelmi\u015f olan, a\u015fa\u011f\u0131l\u0131k durumuna d\u00fc\u015fmesin yine!B\u00f6yle kendi elinden ac\u0131 \u00e7eken i\u00e7in kurtulu\u015f yoktur, me\u011ferki [&hellip;]","og_url":"https:\/\/narteks.net\/index.php\/2018\/07\/31\/solgun-suclu-ustune-boyle-buyurdu-zerdust-friedrich-nietzsche\/","og_site_name":"narteks.net","article_published_time":"2018-07-31T17:19:59+00:00","og_image":[{"width":300,"height":90,"url":"https:\/\/narteks.net\/wp-content\/uploads\/narteks.png","type":"image\/png"}],"author":"Tar\u0131k","twitter_card":"summary_large_image","twitter_creator":"@narteks","twitter_site":"@narteks","twitter_misc":{"Yazan:":"Tar\u0131k","Tahmini okuma s\u00fcresi":"4 dakika"},"schema":{"@context":"https:\/\/schema.org","@graph":[{"@type":"Article","@id":"https:\/\/narteks.net\/index.php\/2018\/07\/31\/solgun-suclu-ustune-boyle-buyurdu-zerdust-friedrich-nietzsche\/#article","isPartOf":{"@id":"https:\/\/narteks.net\/index.php\/2018\/07\/31\/solgun-suclu-ustune-boyle-buyurdu-zerdust-friedrich-nietzsche\/"},"author":{"name":"Tar\u0131k","@id":"https:\/\/narteks.net\/#\/schema\/person\/61f37d9834294b72d31d274e7ed79bca"},"headline":"Solgun Su\u00e7lu \u00dcst\u00fcne | B\u00f6yle buyurdu Zerd\u00fc\u015ft &#8211; Friedrich Nietzsche","datePublished":"2018-07-31T17:19:59+00:00","mainEntityOfPage":{"@id":"https:\/\/narteks.net\/index.php\/2018\/07\/31\/solgun-suclu-ustune-boyle-buyurdu-zerdust-friedrich-nietzsche\/"},"wordCount":718,"commentCount":0,"publisher":{"@id":"https:\/\/narteks.net\/#organization"},"articleSection":["Friedrich Wilhelm N\u0130ETZSCHE"],"inLanguage":"tr","potentialAction":[{"@type":"CommentAction","name":"Comment","target":["https:\/\/narteks.net\/index.php\/2018\/07\/31\/solgun-suclu-ustune-boyle-buyurdu-zerdust-friedrich-nietzsche\/#respond"]}]},{"@type":"WebPage","@id":"https:\/\/narteks.net\/index.php\/2018\/07\/31\/solgun-suclu-ustune-boyle-buyurdu-zerdust-friedrich-nietzsche\/","url":"https:\/\/narteks.net\/index.php\/2018\/07\/31\/solgun-suclu-ustune-boyle-buyurdu-zerdust-friedrich-nietzsche\/","name":"Solgun Su\u00e7lu \u00dcst\u00fcne | B\u00f6yle buyurdu Zerd\u00fc\u015ft - Friedrich Nietzsche - narteks.net","isPartOf":{"@id":"https:\/\/narteks.net\/#website"},"datePublished":"2018-07-31T17:19:59+00:00","breadcrumb":{"@id":"https:\/\/narteks.net\/index.php\/2018\/07\/31\/solgun-suclu-ustune-boyle-buyurdu-zerdust-friedrich-nietzsche\/#breadcrumb"},"inLanguage":"tr","potentialAction":[{"@type":"ReadAction","target":["https:\/\/narteks.net\/index.php\/2018\/07\/31\/solgun-suclu-ustune-boyle-buyurdu-zerdust-friedrich-nietzsche\/"]}]},{"@type":"BreadcrumbList","@id":"https:\/\/narteks.net\/index.php\/2018\/07\/31\/solgun-suclu-ustune-boyle-buyurdu-zerdust-friedrich-nietzsche\/#breadcrumb","itemListElement":[{"@type":"ListItem","position":1,"name":"Anasayfa","item":"https:\/\/narteks.net\/"},{"@type":"ListItem","position":2,"name":"Solgun Su\u00e7lu \u00dcst\u00fcne | B\u00f6yle buyurdu Zerd\u00fc\u015ft &#8211; Friedrich Nietzsche"}]},{"@type":"WebSite","@id":"https:\/\/narteks.net\/#website","url":"https:\/\/narteks.net\/","name":"narteks.net","description":"K\u00fclt\u00fcr Sanat Edebiyat Felsefe","publisher":{"@id":"https:\/\/narteks.net\/#organization"},"alternateName":"K\u00fclt\u00fcr Sanat Edebiyat Felsefe","potentialAction":[{"@type":"SearchAction","target":{"@type":"EntryPoint","urlTemplate":"https:\/\/narteks.net\/?s={search_term_string}"},"query-input":{"@type":"PropertyValueSpecification","valueRequired":true,"valueName":"search_term_string"}}],"inLanguage":"tr"},{"@type":"Organization","@id":"https:\/\/narteks.net\/#organization","name":"narteks.net","url":"https:\/\/narteks.net\/","logo":{"@type":"ImageObject","inLanguage":"tr","@id":"https:\/\/narteks.net\/#\/schema\/logo\/image\/","url":"https:\/\/narteks.net\/wp-content\/uploads\/narteks.png","contentUrl":"https:\/\/narteks.net\/wp-content\/uploads\/narteks.png","width":300,"height":90,"caption":"narteks.net"},"image":{"@id":"https:\/\/narteks.net\/#\/schema\/logo\/image\/"},"sameAs":["https:\/\/x.com\/narteks","https:\/\/instagram.com\/narteksnet"]},{"@type":"Person","@id":"https:\/\/narteks.net\/#\/schema\/person\/61f37d9834294b72d31d274e7ed79bca","name":"Tar\u0131k","image":{"@type":"ImageObject","inLanguage":"tr","@id":"https:\/\/narteks.net\/#\/schema\/person\/image\/","url":"https:\/\/secure.gravatar.com\/avatar\/50865afb55632c4ae467e0af0930f6510aa2297d8014be502a55b14f3b7550cf?s=96&d=mm&r=g","contentUrl":"https:\/\/secure.gravatar.com\/avatar\/50865afb55632c4ae467e0af0930f6510aa2297d8014be502a55b14f3b7550cf?s=96&d=mm&r=g","caption":"Tar\u0131k"},"sameAs":["http:\/\/narteks.net"],"url":"https:\/\/narteks.net\/index.php\/author\/narbak\/"}]}},"_links":{"self":[{"href":"https:\/\/narteks.net\/index.php\/wp-json\/wp\/v2\/posts\/6946","targetHints":{"allow":["GET"]}}],"collection":[{"href":"https:\/\/narteks.net\/index.php\/wp-json\/wp\/v2\/posts"}],"about":[{"href":"https:\/\/narteks.net\/index.php\/wp-json\/wp\/v2\/types\/post"}],"author":[{"embeddable":true,"href":"https:\/\/narteks.net\/index.php\/wp-json\/wp\/v2\/users\/1"}],"replies":[{"embeddable":true,"href":"https:\/\/narteks.net\/index.php\/wp-json\/wp\/v2\/comments?post=6946"}],"version-history":[{"count":0,"href":"https:\/\/narteks.net\/index.php\/wp-json\/wp\/v2\/posts\/6946\/revisions"}],"wp:attachment":[{"href":"https:\/\/narteks.net\/index.php\/wp-json\/wp\/v2\/media?parent=6946"}],"wp:term":[{"taxonomy":"category","embeddable":true,"href":"https:\/\/narteks.net\/index.php\/wp-json\/wp\/v2\/categories?post=6946"},{"taxonomy":"post_tag","embeddable":true,"href":"https:\/\/narteks.net\/index.php\/wp-json\/wp\/v2\/tags?post=6946"}],"curies":[{"name":"wp","href":"https:\/\/api.w.org\/{rel}","templated":true}]}}