{"id":6949,"date":"2018-07-31T23:57:43","date_gmt":"2018-07-31T20:57:43","guid":{"rendered":"http:\/\/localhost\/wordpress\/2018\/07\/31\/siyasal-yazilar-yilmaz-guney\/"},"modified":"2018-07-31T23:57:43","modified_gmt":"2018-07-31T20:57:43","slug":"siyasal-yazilar-yilmaz-guney","status":"publish","type":"post","link":"https:\/\/narteks.net\/index.php\/2018\/07\/31\/siyasal-yazilar-yilmaz-guney\/","title":{"rendered":"Siyasal Yaz\u0131lar | Y\u0131lmaz G\u00fcney"},"content":{"rendered":"<p style=\"text-align: justify;\"><img loading=\"lazy\" decoding=\"async\" style=\"float: left;\" src=\"images\/stories\/yilmaz_guney.jpg\" alt=\"\" width=\"155\" height=\"205\" \/>Arkada\u015flar\u0131m,<\/p>\n<p>Toplumsal devrim, s\u0131n\u0131fsal temelleri olan, kesintisiz bir de\u011fi\u015fme ve de\u011fi\u015ftirme hareketidir. \u00c7e\u015fitli zorluklarla dolu, uzun, sanc\u0131l\u0131 bir tarihi d\u00f6nemi kapsar. Ac\u0131lar\u0131, sevin\u00e7leri, ba\u015far\u0131lar\u0131, yenilgileri, y\u00fckseli\u015f ve d\u00fc\u015f\u00fc\u015f devrelerini i\u00e7erir.<\/p>\n<p>Toplumsal devrimleri zorunlu k\u0131lan, uzla\u015fmaz boyutlara ula\u015fan toplumsal \u00e7eli\u015fmelerdir. S\u0131n\u0131fl\u0131 her toplum, uzla\u015fmaz s\u0131n\u0131f \u00e7eli\u015fmelerini ba\u011fr\u0131nda ta\u015f\u0131r. \u0130\u015fte devrimleri g\u00fcndeme getiren bu \u00e7eli\u015fmeler, \u00e7eli\u015fmelerin \u00e7\u00f6z\u00fcm\u00fc i\u00e7in gerekli olan s\u0131n\u0131f g\u00fc\u00e7lerini, b\u00fct\u00fcn m\u00fccadele silahlar\u0131yla kar\u015f\u0131 kar\u015f\u0131ya getirir. S\u0131n\u0131f siyasetlerini, ideolojilerini, taktik tav\u0131r ve davran\u0131\u015flar\u0131n\u0131 da bu s\u00fcre\u00e7 i\u00e7erisinde bi\u00e7imler.<\/p>\n<p>Toplumumuz da, g\u00fcnden g\u00fcne berrakla\u015fan bu safla\u015fma s\u00fcreci i\u00e7indedir. Biliyoruz ki, insanl\u0131k tarihi s\u0131n\u0131flar\u0131n m\u00fccadeleleri tarihidir. Tarihin itici g\u00fcc\u00fc halklard\u0131r. Yani, tarihi geli\u015fmeler, \u00fcst\u00fcn yetenekli insanlar\u0131n eseri de\u011fil, \u00fcst\u00fcn \u00f6zelliklere sahip insanlar toplumsal \u00e7eli\u015fmelerin ve geli\u015fmelerin eseridir. Toplumsal geli\u015fmelerin nesnel yasalar\u0131n\u0131 ve halklar\u0131n tarihi e\u011filimlerini \u00f6z\u00fcnden kavrayan insanlar, nesnel ko\u015fullara uygun d\u00fc\u015fen do\u011fru \u00f6nerileri, fedak\u00e2rl\u0131klar\u0131 ve cesaretleriyle kitlelerin bilin\u00e7lenmelerinde, devrim hedeflerine y\u00f6nelmelerinde \u00f6nemli roller oynam\u0131\u015flar ve tarih, onlar\u0131 lay\u0131k olduklar\u0131 yerlere oturtmu\u015ftur. Tarihi ak\u0131\u015fa ve toplumsal e\u011filimlere ters d\u00fc\u015fen, toplumsal ger\u00e7eklikten kopar ve halk\u0131n devrimci e\u011filimlerini \u00e7i\u011fneyen insanlar ise, bir zamanlar halk taraf\u0131ndan nas\u0131l y\u00fcceltilmi\u015flerse, yine halk taraf\u0131ndan ala\u015fa\u011f\u0131 edilmi\u015flerdir, edilmektedirler ve edileceklerdir. \u0130\u015fte bu tarihi ve evrensel ger\u00e7eklerden hareketle, s\u0131n\u0131f safla\u015fmalar\u0131n\u0131n yo\u011funla\u015ft\u0131\u011f\u0131 g\u00fcn\u00fcm\u00fczde kendi yerimizi saptamak g\u00f6reviyle kar\u015f\u0131 kar\u015f\u0131yay\u0131z.<\/p>\n<p>Kimin saflar\u0131nda olaca\u011f\u0131z?<\/p>\n<p>Ba\u011f\u0131ms\u0131zl\u0131k, demokrasi ve \u00f6zg\u00fcrl\u00fck isteyen; insan\u0131n insana kullu\u011funa son verilmesini isteyen halklar\u0131n devrimci saflar\u0131nda m\u0131, yoksa ba\u011f\u0131ms\u0131zl\u0131\u011fa ve demokrasiye kar\u015f\u0131 \u00e7\u0131kan, s\u00f6m\u00fcr\u00fcy\u00fc bir tasma gibi halklar\u0131n bo\u011faz\u0131na ge\u00e7irip onlar\u0131 k\u00f6lele\u015ftiren ve d\u00fczeni korumak i\u00e7in her t\u00fcrl\u00fc bask\u0131 ve zulm\u00fc \u201cme\u015fru\u201d g\u00f6ren halk d\u00fc\u015fman\u0131 saflarda m\u0131?<\/p>\n<p>Hangi saflar\u0131 se\u00e7ersek se\u00e7elim, se\u00e7ti\u011fimiz saflar bize \u00e7e\u015fitli g\u00f6revler y\u00fckler. Bu g\u00f6revlerin yerine getirilmesi, bizi s\u0131n\u0131fsal de\u011ferlere g\u00f6re adland\u0131r\u0131r. Ya ezilen halklar\u0131n ve s\u0131n\u0131flar\u0131n fedak\u00e2r, yi\u011fit, bilin\u00e7li, unutulmaz sava\u015f\u00e7\u0131lar\u0131 olarak, bilinen-bilinmeyen kahramanlar\u0131 olarak tarihe ge\u00e7eriz\u2026 ya da halk d\u00fc\u015fmanlar\u0131 olarak, nefretle an\u0131larak tarihin kara sayfalar\u0131na, tarihin \u00e7\u00f6pl\u00fc\u011f\u00fcne. Ya anam\u0131za, babam\u0131za, kar\u0131m\u0131za ve \u00e7ocuklar\u0131m\u0131za, bizden sonraki ku\u015faklara \u015ferefli insanlar\u0131n miras\u0131n\u0131 b\u0131rak\u0131r\u0131z\u2026 ya da onlar\u0131n, yak\u0131nlar\u0131m\u0131z\u0131n, uzun bir s\u00fcre utanacaklar\u0131, hat\u0131rlad\u0131k\u00e7a y\u00fczlerini k\u0131zartacak ac\u0131 bir miras. Biz, \u00e7ocuklar\u0131m\u0131za \u015ferefli, onurlu bir miras b\u0131rakmal\u0131y\u0131z.<\/p>\n<p>Arkada\u015flar\u0131m,<\/p>\n<p>\u015eerefli bir miras b\u0131rakman\u0131n birinci ko\u015fulu, ezilenlerin yan\u0131nda bilin\u00e7li bir bi\u00e7imde saf tutmak ve kendimizi, ezen s\u0131n\u0131flar\u0131n gerici ideoloji ve k\u00fclt\u00fcrel etkilenmelerinden, d\u00fc\u015f\u00fcnce bi\u00e7imlerinden, al\u0131\u015fkanl\u0131klar\u0131ndan kurtarmak i\u00e7in sab\u0131rl\u0131 \u00e7aba sarfetmektir.<\/p>\n<p>Saf\u0131m\u0131z, her t\u00fcrl\u00fc sahteli\u011fi, grup\u00e7ulu\u011fu a\u015farak, ba\u015fta i\u015f\u00e7i s\u0131n\u0131f\u0131 olmak \u00fczere, ezilen, s\u00f6m\u00fcr\u00fclen b\u00fct\u00fcn emek\u00e7i kitlelerin birli\u011fi do\u011frultusunda, devrimci proletaryan\u0131n m\u00fccadele saflar\u0131 olmal\u0131d\u0131r.<\/p>\n<p>Bu saf\u0131 i\u00e7tenlikle ve inanarak se\u00e7mi\u015fsek, bu saflara kar\u015f\u0131 olan b\u00fct\u00fcn gerici g\u00fc\u00e7lere ve bu g\u00fc\u00e7lerin ideolojik, siyasi, k\u00fclt\u00fcrel ve toplumsal etkilerine kar\u015f\u0131, bilimsel sosyalizmin ilkeleri temelinde sava\u015fmal\u0131y\u0131z.<\/p>\n<p>Bu g\u00f6rev, kendimizi ve \u00e7evremizi de\u011fi\u015ftirmeyi emreder.<br \/>Bu g\u00f6rev, devrimci fedak\u00e2rl\u0131\u011f\u0131, bilgi edinmeyi, yi\u011fitli\u011fi ve al\u00e7akg\u00f6n\u00fcll\u00fc olmay\u0131 emreder.<br \/>Bu g\u00f6rev, devrim saflar\u0131n\u0131 se\u00e7mi\u015f insanlar\u0131n, ele\u015ftiri, \u00f6zele\u015ftiri temelinde birli\u011fini emreder.<br \/>Bu g\u00f6rev, devrim yolunu se\u00e7mi\u015f insanlar\u0131n karde\u015fli\u011fini, kitlelerle birle\u015fmesini emreder.<\/p>\n<p>Arkada\u015flar\u0131m,<\/p>\n<p>Yeni bir ya\u015fa girdi\u011fim bu g\u00fcn, gerek bana gerekse sizlere, ge\u00e7mi\u015fe ele\u015ftirici bir g\u00f6zle bakman\u0131n, hatalar\u0131m\u0131z\u0131n s\u0131n\u0131fsal k\u00f6klerini ara\u015ft\u0131rman\u0131n, bizi halka g\u00fcvensiz, bireyci, tembel yapan ana nedenlerin ara\u015ft\u0131r\u0131lmas\u0131n\u0131n vesilesi olsun.<\/p>\n<p>Ger\u00e7ekten devrim istiyorsak, devrimin \u00e7\u0131karlar\u0131n\u0131 birinci plana almal\u0131y\u0131z. Gerek kendi, gerekse arkada\u015flar\u0131m\u0131z\u0131n zaaflar\u0131na, yap\u0131c\u0131 ve ar\u0131nd\u0131r\u0131c\u0131 bir bi\u00e7imde, bu a\u00e7\u0131dan bakmal\u0131y\u0131z.<\/p>\n<p>Bizi zor g\u00f6revler bekliyor. Ba\u015far\u0131l\u0131 olmak, en k\u00fc\u00e7\u00fck ayr\u0131nt\u0131n\u0131n bile do\u011fru s\u0131n\u0131fsal ilkeler \u0131\u015f\u0131\u011f\u0131nda titizlikle irdelenmesini zorunlu k\u0131lar. Sizlere, \u00f6n\u00fcm\u00fczdeki \u00e7e\u015fitli engellerin a\u015f\u0131lmas\u0131nda g\u00fcc\u00fcm oran\u0131nda yard\u0131mc\u0131 olmak i\u00e7in \u00e7al\u0131\u015faca\u011f\u0131m; olumlu yanlar\u0131m\u0131z\u0131n vazge\u00e7ilmez dostu, zaaflar\u0131m\u0131z\u0131n amans\u0131z d\u00fc\u015fman\u0131 olarak her zaman yan\u0131n\u0131zda olaca\u011f\u0131m. B\u00fct\u00fcn eksiklik ve yetmezliklerinize kar\u015f\u0131n sizlere inan\u0131yorum ve g\u00fcveniyorum. Bu inanc\u0131m, kayna\u011f\u0131n\u0131 halk\u0131ma duydu\u011fum g\u00fcvenden al\u0131yor. Devrimin gerektirdi\u011fi bilgiler ve yetenekler kazan\u0131labilir \u015feylerdir. Halk\u0131m\u0131z mutlaka ba\u015far\u0131ya ula\u015facakt\u0131r. Ba\u011f\u0131ms\u0131zl\u0131\u011f\u0131n, mutlulu\u011fun ve \u00f6zg\u00fcrl\u00fc\u011f\u00fcn d\u00fc\u015fman\u0131 emperyalizm ve sosyal emperyalizm yenilecektir. \u0130nsanl\u0131k d\u00fc\u015fman\u0131 fa\u015fizm yenilecektir! Reformizm ve revizyonizm yenilecektir! Her t\u00fcrl\u00fc sa\u011f ve \u201csol\u201d sapmalar a\u015f\u0131lacakt\u0131r! Ve halk\u0131m\u0131z kendi eseri olacak Demokratik Halk Devrimini ve buradan ge\u00e7erek sosyalizmi kesin zafere ula\u015ft\u0131racakt\u0131r. Bu, tarihin yazg\u0131s\u0131d\u0131r.<\/p>\n<p>Ya\u015fas\u0131n devrim!..<\/p>\n<p><strong>Y\u0131lmaz G\u00dcNEY<\/strong><\/p>\n<p style=\"text-align: justify;\"><em>Y\u0131lmaz G\u00fcney, bu konu\u015fmay\u0131, Kayseri Cezaevi\u2019nde, 1 Nisan 1977\u2019de \u201cdo\u011fum g\u00fcn\u00fc\u201d dolay\u0131s\u0131yla yapt\u0131<\/em><\/p>\n<p style=\"text-align: justify;\">Y\u0131lmaz G\u00fcney | Siyasal Yaz\u0131lar &#8211; G\u00fcney Yay\u0131nlar\u0131<\/p>\n","protected":false},"excerpt":{"rendered":"<p>Arkada\u015flar\u0131m, Toplumsal devrim, s\u0131n\u0131fsal temelleri olan, kesintisiz bir de\u011fi\u015fme ve de\u011fi\u015ftirme hareketidir. \u00c7e\u015fitli zorluklarla dolu, uzun, sanc\u0131l\u0131 bir tarihi d\u00f6nemi kapsar. Ac\u0131lar\u0131, sevin\u00e7leri, ba\u015far\u0131lar\u0131, yenilgileri, y\u00fckseli\u015f ve d\u00fc\u015f\u00fc\u015f devrelerini i\u00e7erir. Toplumsal devrimleri zorunlu k\u0131lan, uzla\u015fmaz boyutlara ula\u015fan toplumsal \u00e7eli\u015fmelerdir. S\u0131n\u0131fl\u0131 her toplum, uzla\u015fmaz s\u0131n\u0131f \u00e7eli\u015fmelerini ba\u011fr\u0131nda ta\u015f\u0131r. \u0130\u015fte devrimleri g\u00fcndeme getiren bu \u00e7eli\u015fmeler, \u00e7eli\u015fmelerin \u00e7\u00f6z\u00fcm\u00fc [&hellip;]<\/p>\n","protected":false},"author":1,"featured_media":0,"comment_status":"open","ping_status":"open","sticky":false,"template":"","format":"standard","meta":{"footnotes":""},"categories":[98],"tags":[],"class_list":{"0":"post-6949","1":"post","2":"type-post","3":"status-publish","4":"format-standard","6":"category-turkiye"},"yoast_head":"<!-- This site is optimized with the Yoast SEO Premium plugin v24.9 (Yoast SEO v24.9) - https:\/\/yoast.com\/wordpress\/plugins\/seo\/ -->\n<title>Siyasal Yaz\u0131lar | Y\u0131lmaz G\u00fcney - narteks.net<\/title>\n<meta name=\"robots\" content=\"index, follow, max-snippet:-1, max-image-preview:large, max-video-preview:-1\" \/>\n<link rel=\"canonical\" href=\"https:\/\/narteks.net\/index.php\/2018\/07\/31\/siyasal-yazilar-yilmaz-guney\/\" \/>\n<meta property=\"og:locale\" content=\"tr_TR\" \/>\n<meta property=\"og:type\" content=\"article\" \/>\n<meta property=\"og:title\" content=\"Siyasal Yaz\u0131lar | Y\u0131lmaz G\u00fcney\" \/>\n<meta property=\"og:description\" content=\"Arkada\u015flar\u0131m, Toplumsal devrim, s\u0131n\u0131fsal temelleri olan, kesintisiz bir de\u011fi\u015fme ve de\u011fi\u015ftirme hareketidir. \u00c7e\u015fitli zorluklarla dolu, uzun, sanc\u0131l\u0131 bir tarihi d\u00f6nemi kapsar. Ac\u0131lar\u0131, sevin\u00e7leri, ba\u015far\u0131lar\u0131, yenilgileri, y\u00fckseli\u015f ve d\u00fc\u015f\u00fc\u015f devrelerini i\u00e7erir. Toplumsal devrimleri zorunlu k\u0131lan, uzla\u015fmaz boyutlara ula\u015fan toplumsal \u00e7eli\u015fmelerdir. S\u0131n\u0131fl\u0131 her toplum, uzla\u015fmaz s\u0131n\u0131f \u00e7eli\u015fmelerini ba\u011fr\u0131nda ta\u015f\u0131r. \u0130\u015fte devrimleri g\u00fcndeme getiren bu \u00e7eli\u015fmeler, \u00e7eli\u015fmelerin \u00e7\u00f6z\u00fcm\u00fc [&hellip;]\" \/>\n<meta property=\"og:url\" content=\"https:\/\/narteks.net\/index.php\/2018\/07\/31\/siyasal-yazilar-yilmaz-guney\/\" \/>\n<meta property=\"og:site_name\" content=\"narteks.net\" \/>\n<meta property=\"article:published_time\" content=\"2018-07-31T20:57:43+00:00\" \/>\n<meta property=\"og:image\" content=\"https:\/\/narteks.net\/wp-content\/uploads\/narteks.png\" \/>\n\t<meta property=\"og:image:width\" content=\"300\" \/>\n\t<meta property=\"og:image:height\" content=\"90\" \/>\n\t<meta property=\"og:image:type\" content=\"image\/png\" \/>\n<meta name=\"author\" content=\"Tar\u0131k\" \/>\n<meta name=\"twitter:card\" content=\"summary_large_image\" \/>\n<meta name=\"twitter:creator\" content=\"@narteks\" \/>\n<meta name=\"twitter:site\" content=\"@narteks\" \/>\n<meta name=\"twitter:label1\" content=\"Yazan:\" \/>\n\t<meta name=\"twitter:data1\" content=\"Tar\u0131k\" \/>\n\t<meta name=\"twitter:label2\" content=\"Tahmini okuma s\u00fcresi\" \/>\n\t<meta name=\"twitter:data2\" content=\"5 dakika\" \/>\n<script type=\"application\/ld+json\" class=\"yoast-schema-graph\">{\"@context\":\"https:\/\/schema.org\",\"@graph\":[{\"@type\":\"Article\",\"@id\":\"https:\/\/narteks.net\/index.php\/2018\/07\/31\/siyasal-yazilar-yilmaz-guney\/#article\",\"isPartOf\":{\"@id\":\"https:\/\/narteks.net\/index.php\/2018\/07\/31\/siyasal-yazilar-yilmaz-guney\/\"},\"author\":{\"name\":\"Tar\u0131k\",\"@id\":\"https:\/\/narteks.net\/#\/schema\/person\/61f37d9834294b72d31d274e7ed79bca\"},\"headline\":\"Siyasal Yaz\u0131lar | Y\u0131lmaz G\u00fcney\",\"datePublished\":\"2018-07-31T20:57:43+00:00\",\"mainEntityOfPage\":{\"@id\":\"https:\/\/narteks.net\/index.php\/2018\/07\/31\/siyasal-yazilar-yilmaz-guney\/\"},\"wordCount\":1052,\"commentCount\":0,\"publisher\":{\"@id\":\"https:\/\/narteks.net\/#organization\"},\"articleSection\":[\"T\u00fcrkiye\"],\"inLanguage\":\"tr\",\"potentialAction\":[{\"@type\":\"CommentAction\",\"name\":\"Comment\",\"target\":[\"https:\/\/narteks.net\/index.php\/2018\/07\/31\/siyasal-yazilar-yilmaz-guney\/#respond\"]}]},{\"@type\":\"WebPage\",\"@id\":\"https:\/\/narteks.net\/index.php\/2018\/07\/31\/siyasal-yazilar-yilmaz-guney\/\",\"url\":\"https:\/\/narteks.net\/index.php\/2018\/07\/31\/siyasal-yazilar-yilmaz-guney\/\",\"name\":\"Siyasal Yaz\u0131lar | Y\u0131lmaz G\u00fcney - narteks.net\",\"isPartOf\":{\"@id\":\"https:\/\/narteks.net\/#website\"},\"datePublished\":\"2018-07-31T20:57:43+00:00\",\"breadcrumb\":{\"@id\":\"https:\/\/narteks.net\/index.php\/2018\/07\/31\/siyasal-yazilar-yilmaz-guney\/#breadcrumb\"},\"inLanguage\":\"tr\",\"potentialAction\":[{\"@type\":\"ReadAction\",\"target\":[\"https:\/\/narteks.net\/index.php\/2018\/07\/31\/siyasal-yazilar-yilmaz-guney\/\"]}]},{\"@type\":\"BreadcrumbList\",\"@id\":\"https:\/\/narteks.net\/index.php\/2018\/07\/31\/siyasal-yazilar-yilmaz-guney\/#breadcrumb\",\"itemListElement\":[{\"@type\":\"ListItem\",\"position\":1,\"name\":\"Anasayfa\",\"item\":\"https:\/\/narteks.net\/\"},{\"@type\":\"ListItem\",\"position\":2,\"name\":\"Siyasal Yaz\u0131lar | Y\u0131lmaz G\u00fcney\"}]},{\"@type\":\"WebSite\",\"@id\":\"https:\/\/narteks.net\/#website\",\"url\":\"https:\/\/narteks.net\/\",\"name\":\"narteks.net\",\"description\":\"K\u00fclt\u00fcr Sanat Edebiyat Felsefe\",\"publisher\":{\"@id\":\"https:\/\/narteks.net\/#organization\"},\"alternateName\":\"K\u00fclt\u00fcr Sanat Edebiyat Felsefe\",\"potentialAction\":[{\"@type\":\"SearchAction\",\"target\":{\"@type\":\"EntryPoint\",\"urlTemplate\":\"https:\/\/narteks.net\/?s={search_term_string}\"},\"query-input\":{\"@type\":\"PropertyValueSpecification\",\"valueRequired\":true,\"valueName\":\"search_term_string\"}}],\"inLanguage\":\"tr\"},{\"@type\":\"Organization\",\"@id\":\"https:\/\/narteks.net\/#organization\",\"name\":\"narteks.net\",\"url\":\"https:\/\/narteks.net\/\",\"logo\":{\"@type\":\"ImageObject\",\"inLanguage\":\"tr\",\"@id\":\"https:\/\/narteks.net\/#\/schema\/logo\/image\/\",\"url\":\"https:\/\/narteks.net\/wp-content\/uploads\/narteks.png\",\"contentUrl\":\"https:\/\/narteks.net\/wp-content\/uploads\/narteks.png\",\"width\":300,\"height\":90,\"caption\":\"narteks.net\"},\"image\":{\"@id\":\"https:\/\/narteks.net\/#\/schema\/logo\/image\/\"},\"sameAs\":[\"https:\/\/x.com\/narteks\",\"https:\/\/instagram.com\/narteksnet\"]},{\"@type\":\"Person\",\"@id\":\"https:\/\/narteks.net\/#\/schema\/person\/61f37d9834294b72d31d274e7ed79bca\",\"name\":\"Tar\u0131k\",\"image\":{\"@type\":\"ImageObject\",\"inLanguage\":\"tr\",\"@id\":\"https:\/\/narteks.net\/#\/schema\/person\/image\/\",\"url\":\"https:\/\/secure.gravatar.com\/avatar\/50865afb55632c4ae467e0af0930f6510aa2297d8014be502a55b14f3b7550cf?s=96&d=mm&r=g\",\"contentUrl\":\"https:\/\/secure.gravatar.com\/avatar\/50865afb55632c4ae467e0af0930f6510aa2297d8014be502a55b14f3b7550cf?s=96&d=mm&r=g\",\"caption\":\"Tar\u0131k\"},\"sameAs\":[\"http:\/\/narteks.net\"],\"url\":\"https:\/\/narteks.net\/index.php\/author\/narbak\/\"}]}<\/script>\n<!-- \/ Yoast SEO Premium plugin. -->","yoast_head_json":{"title":"Siyasal Yaz\u0131lar | Y\u0131lmaz G\u00fcney - narteks.net","robots":{"index":"index","follow":"follow","max-snippet":"max-snippet:-1","max-image-preview":"max-image-preview:large","max-video-preview":"max-video-preview:-1"},"canonical":"https:\/\/narteks.net\/index.php\/2018\/07\/31\/siyasal-yazilar-yilmaz-guney\/","og_locale":"tr_TR","og_type":"article","og_title":"Siyasal Yaz\u0131lar | Y\u0131lmaz G\u00fcney","og_description":"Arkada\u015flar\u0131m, Toplumsal devrim, s\u0131n\u0131fsal temelleri olan, kesintisiz bir de\u011fi\u015fme ve de\u011fi\u015ftirme hareketidir. \u00c7e\u015fitli zorluklarla dolu, uzun, sanc\u0131l\u0131 bir tarihi d\u00f6nemi kapsar. Ac\u0131lar\u0131, sevin\u00e7leri, ba\u015far\u0131lar\u0131, yenilgileri, y\u00fckseli\u015f ve d\u00fc\u015f\u00fc\u015f devrelerini i\u00e7erir. Toplumsal devrimleri zorunlu k\u0131lan, uzla\u015fmaz boyutlara ula\u015fan toplumsal \u00e7eli\u015fmelerdir. S\u0131n\u0131fl\u0131 her toplum, uzla\u015fmaz s\u0131n\u0131f \u00e7eli\u015fmelerini ba\u011fr\u0131nda ta\u015f\u0131r. \u0130\u015fte devrimleri g\u00fcndeme getiren bu \u00e7eli\u015fmeler, \u00e7eli\u015fmelerin \u00e7\u00f6z\u00fcm\u00fc [&hellip;]","og_url":"https:\/\/narteks.net\/index.php\/2018\/07\/31\/siyasal-yazilar-yilmaz-guney\/","og_site_name":"narteks.net","article_published_time":"2018-07-31T20:57:43+00:00","og_image":[{"width":300,"height":90,"url":"https:\/\/narteks.net\/wp-content\/uploads\/narteks.png","type":"image\/png"}],"author":"Tar\u0131k","twitter_card":"summary_large_image","twitter_creator":"@narteks","twitter_site":"@narteks","twitter_misc":{"Yazan:":"Tar\u0131k","Tahmini okuma s\u00fcresi":"5 dakika"},"schema":{"@context":"https:\/\/schema.org","@graph":[{"@type":"Article","@id":"https:\/\/narteks.net\/index.php\/2018\/07\/31\/siyasal-yazilar-yilmaz-guney\/#article","isPartOf":{"@id":"https:\/\/narteks.net\/index.php\/2018\/07\/31\/siyasal-yazilar-yilmaz-guney\/"},"author":{"name":"Tar\u0131k","@id":"https:\/\/narteks.net\/#\/schema\/person\/61f37d9834294b72d31d274e7ed79bca"},"headline":"Siyasal Yaz\u0131lar | Y\u0131lmaz G\u00fcney","datePublished":"2018-07-31T20:57:43+00:00","mainEntityOfPage":{"@id":"https:\/\/narteks.net\/index.php\/2018\/07\/31\/siyasal-yazilar-yilmaz-guney\/"},"wordCount":1052,"commentCount":0,"publisher":{"@id":"https:\/\/narteks.net\/#organization"},"articleSection":["T\u00fcrkiye"],"inLanguage":"tr","potentialAction":[{"@type":"CommentAction","name":"Comment","target":["https:\/\/narteks.net\/index.php\/2018\/07\/31\/siyasal-yazilar-yilmaz-guney\/#respond"]}]},{"@type":"WebPage","@id":"https:\/\/narteks.net\/index.php\/2018\/07\/31\/siyasal-yazilar-yilmaz-guney\/","url":"https:\/\/narteks.net\/index.php\/2018\/07\/31\/siyasal-yazilar-yilmaz-guney\/","name":"Siyasal Yaz\u0131lar | Y\u0131lmaz G\u00fcney - narteks.net","isPartOf":{"@id":"https:\/\/narteks.net\/#website"},"datePublished":"2018-07-31T20:57:43+00:00","breadcrumb":{"@id":"https:\/\/narteks.net\/index.php\/2018\/07\/31\/siyasal-yazilar-yilmaz-guney\/#breadcrumb"},"inLanguage":"tr","potentialAction":[{"@type":"ReadAction","target":["https:\/\/narteks.net\/index.php\/2018\/07\/31\/siyasal-yazilar-yilmaz-guney\/"]}]},{"@type":"BreadcrumbList","@id":"https:\/\/narteks.net\/index.php\/2018\/07\/31\/siyasal-yazilar-yilmaz-guney\/#breadcrumb","itemListElement":[{"@type":"ListItem","position":1,"name":"Anasayfa","item":"https:\/\/narteks.net\/"},{"@type":"ListItem","position":2,"name":"Siyasal Yaz\u0131lar | Y\u0131lmaz G\u00fcney"}]},{"@type":"WebSite","@id":"https:\/\/narteks.net\/#website","url":"https:\/\/narteks.net\/","name":"narteks.net","description":"K\u00fclt\u00fcr Sanat Edebiyat Felsefe","publisher":{"@id":"https:\/\/narteks.net\/#organization"},"alternateName":"K\u00fclt\u00fcr Sanat Edebiyat Felsefe","potentialAction":[{"@type":"SearchAction","target":{"@type":"EntryPoint","urlTemplate":"https:\/\/narteks.net\/?s={search_term_string}"},"query-input":{"@type":"PropertyValueSpecification","valueRequired":true,"valueName":"search_term_string"}}],"inLanguage":"tr"},{"@type":"Organization","@id":"https:\/\/narteks.net\/#organization","name":"narteks.net","url":"https:\/\/narteks.net\/","logo":{"@type":"ImageObject","inLanguage":"tr","@id":"https:\/\/narteks.net\/#\/schema\/logo\/image\/","url":"https:\/\/narteks.net\/wp-content\/uploads\/narteks.png","contentUrl":"https:\/\/narteks.net\/wp-content\/uploads\/narteks.png","width":300,"height":90,"caption":"narteks.net"},"image":{"@id":"https:\/\/narteks.net\/#\/schema\/logo\/image\/"},"sameAs":["https:\/\/x.com\/narteks","https:\/\/instagram.com\/narteksnet"]},{"@type":"Person","@id":"https:\/\/narteks.net\/#\/schema\/person\/61f37d9834294b72d31d274e7ed79bca","name":"Tar\u0131k","image":{"@type":"ImageObject","inLanguage":"tr","@id":"https:\/\/narteks.net\/#\/schema\/person\/image\/","url":"https:\/\/secure.gravatar.com\/avatar\/50865afb55632c4ae467e0af0930f6510aa2297d8014be502a55b14f3b7550cf?s=96&d=mm&r=g","contentUrl":"https:\/\/secure.gravatar.com\/avatar\/50865afb55632c4ae467e0af0930f6510aa2297d8014be502a55b14f3b7550cf?s=96&d=mm&r=g","caption":"Tar\u0131k"},"sameAs":["http:\/\/narteks.net"],"url":"https:\/\/narteks.net\/index.php\/author\/narbak\/"}]}},"_links":{"self":[{"href":"https:\/\/narteks.net\/index.php\/wp-json\/wp\/v2\/posts\/6949","targetHints":{"allow":["GET"]}}],"collection":[{"href":"https:\/\/narteks.net\/index.php\/wp-json\/wp\/v2\/posts"}],"about":[{"href":"https:\/\/narteks.net\/index.php\/wp-json\/wp\/v2\/types\/post"}],"author":[{"embeddable":true,"href":"https:\/\/narteks.net\/index.php\/wp-json\/wp\/v2\/users\/1"}],"replies":[{"embeddable":true,"href":"https:\/\/narteks.net\/index.php\/wp-json\/wp\/v2\/comments?post=6949"}],"version-history":[{"count":0,"href":"https:\/\/narteks.net\/index.php\/wp-json\/wp\/v2\/posts\/6949\/revisions"}],"wp:attachment":[{"href":"https:\/\/narteks.net\/index.php\/wp-json\/wp\/v2\/media?parent=6949"}],"wp:term":[{"taxonomy":"category","embeddable":true,"href":"https:\/\/narteks.net\/index.php\/wp-json\/wp\/v2\/categories?post=6949"},{"taxonomy":"post_tag","embeddable":true,"href":"https:\/\/narteks.net\/index.php\/wp-json\/wp\/v2\/tags?post=6949"}],"curies":[{"name":"wp","href":"https:\/\/api.w.org\/{rel}","templated":true}]}}