{"id":6953,"date":"2018-08-01T00:11:14","date_gmt":"2018-07-31T21:11:14","guid":{"rendered":"http:\/\/localhost\/wordpress\/2018\/08\/01\/katil-osman-sabahattin-ali\/"},"modified":"2018-08-01T00:11:14","modified_gmt":"2018-07-31T21:11:14","slug":"katil-osman-sabahattin-ali","status":"publish","type":"post","link":"https:\/\/narteks.net\/index.php\/2018\/08\/01\/katil-osman-sabahattin-ali\/","title":{"rendered":"Katil Osman | Sabahattin Ali"},"content":{"rendered":"<p style=\"text-align: justify;\"><img loading=\"lazy\" decoding=\"async\" style=\"float: left;\" src=\"images\/stories\/sabahattin%20ali.jpg\" alt=\"\" width=\"155\" height=\"205\" \/>Hapishanenin d\u0131\u015f avlusunda, Abaza Kemal&#8217;in kahve oca\u011f\u0131n\u0131n dibinde oturmu\u015f, birbiri \u00fcst\u00fcne c\u0131gara i\u00e7iyordum. Y\u00fcksek kale duvarlar\u0131n\u0131n d\u0131\u015f\u0131ndan, limandan gelen sesler i\u00e7ime gariplik \u00e7\u00f6kt\u00fcrm\u00fc\u015ft\u00fc. D\u00fcd\u00fc\u011f\u00fcn\u00fc daha uzaklarda yan\u0131k yan\u0131k \u00f6tt\u00fcren bir gemi \u015fimdi yakla\u015fm\u0131\u015f, demir at\u0131yordu. Zincir g\u00fcr\u00fclt\u00fcs\u00fc aras\u0131nda kavga eden kay\u0131k\u00e7\u0131lar\u0131n sesini duyar gibi oluyordum. G\u00f6nl\u00fcm d\u0131\u015fardayd\u0131. Ba\u015fka zaman beni avutan \u015feylere bakm\u0131yordum bile. Gardiyan Arif&#8217;in tavu\u011fu, etraf\u0131nda bir haftal\u0131k civcivleriyle, ayaklar\u0131m\u0131n alt\u0131nda dola\u015f\u0131yor, yan\u0131mdaki sur duvar\u0131n\u0131n ortas\u0131ndan f\u0131rlayan ve b\u00fcy\u00fcy\u00fcp a\u015fa\u011f\u0131ya do\u011fru uzand\u0131k\u00e7a \u00e7i\u00e7ek \u00fcst\u00fcne \u00e7i\u00e7ek a\u00e7an papatya dal\u0131 hafif r\u00fczgarda sallan\u0131yor, esrarke\u015f Tayyar Baba biraz ilerde s\u0131rt\u0131n\u0131 duvara dayay\u0131p ba\u015f\u0131n\u0131 karn\u0131na sark\u0131tm\u0131\u015f, Bayburt t\u00fcrk\u00fcleri m\u0131r\u0131ldan\u0131yordu. Ama ben bu candan ahbaplar\u0131mda teselli arayacak halde de\u011fildim. <\/p>\n<p>G\u00f6z\u00fcm sekiz ar\u015f\u0131n kal\u0131nl\u0131\u011f\u0131ndaki ta\u015f duvarlar\u0131 a\u015f\u0131yor, g\u00fcverte kenar\u0131nda eteklerini u\u00e7urarak vincin i\u015flemesini seyreden k\u0131zlar\u0131, merdivenden kocaman yatak denkleri indirmeye \u00e7al\u0131\u015fan hamallar\u0131 g\u00f6r\u00fcyordu. Yerimden f\u0131rlamak, gardiyanlar\u0131, jandarmalar\u0131 \u015f\u00f6yle elimin tersiyle iterek \u00e7\u0131k\u0131p y\u00fcr\u00fcmek, bir sandala atlay\u0131p gemiye varmak ve kaptana: -\u00c7ek!- demek istiyordum. G\u00f6z\u00fcmde t\u00fcten ne \u015fehirler, ne insanlar, ne de k\u0131rlar ve ormanlard\u0131. A\u00e7\u0131k denizleri, etraf\u0131nda duvar olmayan, u\u00e7suz bucaks\u0131z yerleri ar\u0131yordum. Ama ruhumuz b\u00f6yle g\u00f6ky\u00fczlerinde u\u00e7up dururken birdenbire yere inip insan k\u00fc\u00e7\u00fckl\u00fc\u011f\u00fc ile kar\u015f\u0131la\u015fmak ne tuhaf oluyor.<\/p>\n<p>M\u00fcrteci Yakup Hoca yan\u0131ma sokuldu, alt\u0131na demir iskemlelerden birini \u00e7ekerek: -Nas\u0131ls\u0131n\u0131z bakal\u0131m?- diye sordu. Ben onun ne maksatla geldi\u011fini tahmin etti\u011fim i\u00e7in hemen kahve oca\u011f\u0131na seslendim: -Kemal, Hoca&#8217;ya bir \u00e7ay demle.-<\/p>\n<p>Zavall\u0131, Bal\u0131kesir taraflar\u0131nda burnunu soktu\u011fu bir tarikat meselesi y\u00fcz\u00fcnden -m\u00fcrtecidir- diye on sene yemi\u015fti. Menemen hadisesinden \u00fcrken devlet, b\u00f6ylelerine kar\u015f\u0131 o s\u0131ralarda pek sert davran\u0131yordu. D\u0131\u015fardayken hali vakti yerinde, iki kar\u0131l\u0131 oldu\u011funu s\u00f6yledi\u011fi halde, senelerden beri kendisini arayan, soran yoktu. \u015eunun, bunun yard\u0131m\u0131, hapishane m\u00fcd\u00fcr\u00fcn\u00fcn himayesi, ara s\u0131ra yazd\u0131\u011f\u0131 muskalar sayesinde \u015f\u00f6yle b\u00f6yle ge\u00e7iniyor, fakat mahpuslar aras\u0131nda laf ta\u015f\u0131d\u0131\u011f\u0131, m\u00fcd\u00fcre ispiyonculuk etti\u011fi i\u00e7in, herkesten hakaret g\u00f6r\u00fcyordu. Bunlar\u0131 fenal\u0131k olsun diye de\u011fil, hem \u00e7ok merakl\u0131, hem de \u00e7ok geveze oldu\u011fu i\u00e7in yapt\u0131\u011f\u0131n\u0131 san\u0131yorum. \u00c7\u00fcnk\u00fc onun nas\u0131l bir an bile yaln\u0131z kalmaya dayanamay\u0131p hemen birilerinin yan\u0131na sokuldu\u011funu, s\u00f6ylenecek merakl\u0131, m\u00fchim bir \u015fey bulup etraf\u0131n alakas\u0131n\u0131 kendi \u00fczerine \u00e7ekmek i\u00e7in, o minimini, bal rengi g\u00f6zlerini k\u0131rp\u0131\u015ft\u0131rarak nas\u0131l kafas\u0131n\u0131 patlat\u0131rcas\u0131na gayretler sarf etti\u011fini g\u00f6rm\u00fc\u015ft\u00fcm. Merakla dinlenece\u011fine h\u00fckmettikten sonra, babas\u0131n\u0131 ipe g\u00f6nderecek s\u0131rlar\u0131 bile ortaya atmaktan kendini alamazd\u0131. <\/p>\n<p>Yaz, k\u0131\u015f s\u0131rt\u0131ndan \u00e7\u0131karmad\u0131\u011f\u0131 soluk pembe pard\u00f6s\u00fcs\u00fcn\u00fcn eteklerini savura savura bah\u00e7enin bir yan\u0131ndan bir yan\u0131na ko\u015far, \u015furda \u00fc\u00e7 ki\u015fiden be\u015f laf, burda be\u015f ki\u015fiden \u00fc\u00e7 laf al\u0131p vererek g\u00fcn\u00fcn\u00fc doldururdu. Kendisini benimle yar\u0131 bu\u00e7uk hem\u015feri sayd\u0131\u011f\u0131 i\u00e7in, s\u0131k s\u0131k yan\u0131ma gelir memleketteki tan\u0131d\u0131klar\u0131n s\u00f6z\u00fcn\u00fc a\u00e7ar, Balyal\u0131 olan ikinci kar\u0131s\u0131ndan bahseder, en sonunda taze bir \u00e7aya fit olur giderdi. Bug\u00fcn halinde yapma bir a\u011f\u0131rl\u0131k vard\u0131. Sa\u011f elinde \u00e7ay fincan\u0131, sol elinde duman\u0131n\u0131 surat\u0131ma \u00fcfledi\u011fi k\u00f6yl\u00fc cigaras\u0131, -i\u015fte bu insanlar\u0131n hali b\u00f6yledir!- demek isteyen manal\u0131 ba\u015f sallamalar\u0131 ile ikide bir i\u00e7ini \u00e7ekiyordu. G\u00fcl\u00fcmseyerek sordum:<\/p>\n<p>-Hayrola Hoca, ne havadislerin var bakal\u0131m?-<\/p>\n<p>-Bizim Katil Osman yine d\u00fcn ak\u015fam haltlar kar\u0131\u015ft\u0131rm\u0131\u015f. Bu sefer i\u015f ciddi. Berber H\u00fcsamettin&#8217;i b\u0131\u00e7aklam\u0131\u015f. Diye diye en sonunda katil olacak.-<\/p>\n<p>Bu Katil Osman&#8217;\u0131n kim oldu\u011funu \u00f6nce birdenbire hat\u0131rlayamad\u0131m. Biraz d\u00fc\u015f\u00fcnd\u00fckten sonra:<\/p>\n<p>-\u015eu iki ay kadar \u00f6nce tahliye edilen delikanl\u0131 m\u0131? Hani Koca Reis yol kesmekten ceza verecekti az kals\u0131n!- diye sordum.<\/p>\n<p>-Ke\u015fke verseydi. En \u00e7o\u011fu yedi sene al\u0131r, te\u015febb\u00fcs halinde kald\u0131\u011f\u0131 i\u00e7in iner, birka\u00e7 seneyle yakay\u0131 kurtar\u0131rd\u0131. Bu i\u015fler de ba\u015f\u0131na gelmezdi. Berber H\u00fcsamettin \u00f6l\u00fcrse on be\u015f sene garanti. Berber de kurtulaca\u011fa benzemez, b\u0131\u00e7a\u011f\u0131 karn\u0131ndan yemi\u015f.-<\/p>\n<p>Katil Osman&#8217;\u0131 iyice hat\u0131rlad\u0131m. Yirmi be\u015f ya\u015flar\u0131nda oldu\u011fu halde on yediden fazla g\u00f6stermeyen, soluk, ince y\u00fczl\u00fc, bembeyaz elli ve uzun parmakl\u0131 bir \u00e7ocuktu. Yan\u0131ma hep ceketini toparlay\u0131p ellerini g\u00f6be\u011finin \u00fcst\u00fcnde kavu\u015fturarak sokulur, bir \u015fey s\u00f6yleyecek olsam: -Buyur A\u011fabey!- diye ba\u015f\u0131n\u0131 uzat\u0131rd\u0131. Memleketin \u015fimdi hapiste bulunan naml\u0131 kabaday\u0131lar\u0131n\u0131n yan\u0131nda a\u011fz\u0131n\u0131 bile a\u00e7maz, hocas\u0131n\u0131n bir s\u00f6z\u00fcn\u00fc ka\u00e7\u0131rmak istemeyen numunelik bir talebe gibi g\u00f6zlerini dikip hep dinlerdi. Onun d\u0131\u015fardaki hayat\u0131 hakk\u0131nda duyduklar\u0131ma inanmak \u00e7ok g\u00fc\u00e7t\u00fc, ama herkes ayn\u0131 \u015feyi s\u00f6yl\u00fcyor, ziyaret g\u00fcnleri gelen ihtiyar anas\u0131 bile, o\u011flunu uzaktan g\u00f6r\u00fcnce: -Oca\u011f\u0131m\u0131z\u0131 bat\u0131rd\u0131n Osman, tez g\u00fcnde boylar\u0131n devrilsin!- diye ac\u0131 ac\u0131 beddua ediyordu.<\/p>\n<p>Anlatt\u0131klar\u0131na g\u00f6re, bu ya\u015fa gelen ve babas\u0131 gen\u00e7 \u00f6ld\u00fc\u011f\u00fc i\u00e7in halleri hi\u00e7 de iyi olmayan Osman, \u015fimdiye kadar bir i\u015f tutmu\u015f de\u011fildi. Hangi ustan\u0131n yan\u0131na verdilerse \u00fc\u00e7 be\u015f g\u00fcn durup ka\u00e7m\u0131\u015f, terzilikte ilik a\u00e7maktan, kundurac\u0131l\u0131kta iplik mumlamaktan ileri gidememi\u015fti. On ya\u015f\u0131nda mahalledeki memur \u00e7ocuklar\u0131n\u0131 d\u00f6vmekten ba\u015flayarak, on ikisinde anas\u0131n\u0131n \u00fcst\u00fcne y\u00fcr\u00fcm\u00fc\u015f, on be\u015finde day\u0131s\u0131na b\u0131\u00e7ak \u00e7ekmi\u015f, on alt\u0131s\u0131ndan sonra da hi\u00e7 olmazsa haftada bir karakolu, ayda bir hapishaneyi boylar olmu\u015ftu. Babadan kalma bir ba\u011f\u0131n baharda yapra\u011f\u0131n\u0131, g\u00fczde \u00fcz\u00fcm\u00fcn\u00fc, k\u0131\u015f\u0131n k\u00f6k\u00fcn\u00fc sat\u0131p rak\u0131ya yat\u0131rm\u0131\u015f, anas\u0131n\u0131n ba\u015f\u0131n\u0131 soktu\u011fu iki g\u00f6z evle arkas\u0131ndaki bir bu\u00e7uk d\u00f6n\u00fcm bah\u00e7eyi de ayn\u0131 yere yollamak i\u00e7in \u00e7ok u\u011fra\u015fm\u0131\u015f, fakat ihtiyar kad\u0131n\u0131n -Cenazem \u00e7\u0131kmadan bu eve ba\u015fkas\u0131 girmez!- diye m\u00fcthi\u015f bir inatla direnmesi ve tapular\u0131 Osman&#8217;\u0131n day\u0131s\u0131na verip saklatmas\u0131 y\u00fcz\u00fcnden bu i\u015fi becerememi\u015fti. \u0130htiyar kad\u0131nca\u011f\u0131z\u0131n k\u00fc\u00e7\u00fcc\u00fck bah\u00e7ede yaz k\u0131\u015f durmadan u\u011fra\u015farak yeti\u015ftirdi\u011fi sebzelerle be\u015f on erik, vi\u015fne a\u011fac\u0131n\u0131n meyvesi Osman&#8217;\u0131n ne bo\u011faz\u0131na, ne \u00fcst\u00fcne ba\u015f\u0131na yetmedi\u011fi i\u00e7in delikanl\u0131 i\u015fi hara\u00e7\u00e7\u0131l\u0131\u011fa vurmu\u015ftu: Naz\u0131 ge\u00e7en, daha do\u011frusu \u015ferrinden y\u0131lan esnafa musallat oluyor, bazan bir pabu\u00e7\u00e7unun, bazan bir zerzevat\u00e7\u0131n\u0131n yan\u0131na, kendisini isteyen olmad\u0131\u011f\u0131 halde, \u00e7\u0131rak gibi girip be\u015f on g\u00fcn \u00e7al\u0131\u015f\u0131yor, kefal tutup bal\u0131k yumurtas\u0131 \u00e7\u0131karan bal\u0131k\u00e7\u0131lara g\u00fcya yard\u0131m ediyor, b\u00f6ylece yerine g\u00f6re bir \u00e7ift yemeni, yahut birka\u00e7 lira para al\u0131yordu. Karadeniz&#8217;den b\u0131ld\u0131rc\u0131n ak\u0131n\u0131 ba\u015flad\u0131 m\u0131, o da avc\u0131larla beraber gider, ya\u011fmurlu g\u00fcnlerde \u00e7ocuklar\u0131n bile e\u011filip yerden ku\u015f toplad\u0131\u011f\u0131 bu ava kat\u0131l\u0131rd\u0131. <\/p>\n<p>Ak\u015famlar\u0131 herhangi bir meyhaneye dal\u0131p bir ahbap sofras\u0131nda kendine i\u00e7ki, yemek \u0131smarlat\u0131r, olmazsa, a\u015f\u00e7\u0131ya: -Borcum olsun!- der, savu\u015furdu. Bir\u00e7oklar\u0131 ba\u015flar\u0131n\u0131 belaya sokmaktansa ona arada bir yemek yedirmek, pek as\u0131l\u0131rsa yar\u0131m lira bor\u00e7 vermekle yakalar\u0131n\u0131 kurtarmaya bak\u0131yorlard\u0131. \u00c7\u00fcnk\u00fc bir yap\u0131\u015ft\u0131\u011f\u0131 insan\u0131 kolay kolay b\u0131rakm\u0131yor, en olmayacak yerde suluca laf atarak, \u015fakalar yaparak, az\u0131c\u0131k ters muamele g\u00f6rse hemen parlay\u0131p kavga \u00e7\u0131kararak kar\u015f\u0131s\u0131ndakini iyice bezdiriyordu. Hi\u00e7bir d\u00fc\u011f\u00fcnden, hi\u00e7bir toplant\u0131dan eksik olmaz, kap\u0131s\u0131n\u0131 a\u00e7\u0131k buldu\u011fu yere babas\u0131n\u0131n evi gibi girer, \u00fc\u00e7 kadehte sap\u0131t\u0131r, ondan sonra, ya terbiyesi, yahut zavall\u0131l\u0131\u011f\u0131 y\u00fcz\u00fcnden kendisine mukabele edemeyecek birini se\u00e7er, balta olurdu. Kasaban\u0131n en kabaday\u0131lar\u0131 bile onunla h\u0131r \u00e7\u0131karmaktan \u00e7ekinirlerdi. B\u00f6yle bir \u00e7amura uyman\u0131n ay\u0131pl\u0131\u011f\u0131 bir tarafa, Osman kavgada alt olaca\u011f\u0131n\u0131 anlay\u0131nca i\u015fi hemen yaygaraya vurur, avaz avaz ba\u011f\u0131r\u0131r, a\u011flar, yedi mahalleyi ba\u015f\u0131na toplard\u0131. Her yerde, her vesileyle kavga \u00e7\u0131kard\u0131\u011f\u0131, en k\u00fc\u00e7\u00fck nizalarda (\u00e7eki\u015fme, kavga) bile elini b\u0131\u00e7a\u011f\u0131na at\u0131p: -Yakar\u0131m ulan, kan\u0131n\u0131 i\u00e7erim ulan, beni katil etme ulan!..-&#8216;diye ba\u011f\u0131r\u0131p palavralar savurdu\u011fu i\u00e7in, daha bir ki\u015fiyi bile yaralamadan ad\u0131 Katil Osman olmu\u015ftu.<\/p>\n<p>Ama yukarda da s\u00f6yledi\u011fim gibi, benim hapishanede g\u00f6rd\u00fc\u011f\u00fcm mah\u00e7up o\u011flanla bu az\u0131l\u0131 serseriyi birle\u015ftirmek zordu. Halbuki o zaman da yine b\u00f6yle bir edepsizlikten i\u00e7eri d\u00fc\u015fm\u00fc\u015ft\u00fc: Bir ak\u015fam \u00fczeri yolda evine giden bir mahallelisini \u00e7evirmi\u015f: -Hadi gidelim de bana rak\u0131 \u0131smarla!- demi\u015f, \u00f6teki: -\u0130\u015fim var!- deyince, -\u00d6yleyse iki lira bor\u00e7 ver!- diye tutturmu\u015f, adamdan yine y\u00fcz bulamay\u0131nca b\u0131\u00e7a\u011fa sar\u0131lm\u0131\u015f. Etraftan ko\u015fup gelenler polise teslim etmi\u015fler. Onu s\u0131k s\u0131k kar\u015f\u0131s\u0131nda g\u00f6rmekten b\u0131kan a\u011f\u0131r ceza reisi bu sefer Osman&#8217;a iyi bir ders vermek istemi\u015f, -Gece vakti silahla yol kesmek- su\u00e7undan onu \u015f\u00f6yle d\u00f6rt be\u015f sene i\u00e7in i\u00e7eri t\u0131kmaya niyetlenmi\u015f. Ama Osman o ta\u015f y\u00fcrekli Koca Reis&#8217;in kar\u015f\u0131s\u0131nda da o masum, mah\u00e7up haliyle terbiyeli terbiyeli a\u011flay\u0131p kendine ac\u0131nd\u0131rm\u0131\u015f olacak ki, birka\u00e7 ayla yakay\u0131 kurtard\u0131 ve ald\u0131\u011f\u0131 cezay\u0131 yatm\u0131\u015f\u0131na sayd\u0131klar\u0131 i\u00e7in hemen \u00e7\u0131kt\u0131.<\/p>\n<p>Yakup Hoca hep buna hay\u0131flan\u0131yor, -Reis, o\u011flana iyilik etmedi. Osman \u015fu Yusuf makam\u0131nda \u00fc\u00e7 senecik yatsayd\u0131 akl\u0131n\u0131 ba\u015f\u0131na dev\u015firip \u00e7\u0131kard\u0131. \u015eimdi berber \u00f6l\u00fcrse on be\u015fi yiyecek. Tuh&#8230;- diye s\u00f6yleniyordu.<\/p>\n<p>Vakit ikindiyi ge\u00e7mi\u015fti. Hoca kollar\u0131n\u0131 s\u0131vay\u0131p abdest almaya haz\u0131rlan\u0131yordu. \u0130lerdeki h\u0131zarc\u0131lar, bi\u00e7tikleri ceviz k\u00fct\u00fc\u011f\u00fcn\u00fcn arkas\u0131nda namaza durmu\u015flard\u0131. Sur duvarlar\u0131n\u0131n \u00fcst\u00fcnde jandarmalar n\u00f6bet de\u011fi\u015ftiriyorlard\u0131. Limandaki geminin vin\u00e7 sesleri, denizde gidip gelen mot\u00f6rlerin g\u00fcr\u00fclt\u00fcs\u00fc kafam\u0131n uzak yerlerinde u\u011fulday\u0131p duruyordu. Arka taraf\u0131mdaki demir parmakl\u0131kl\u0131 kap\u0131 g\u0131c\u0131rdad\u0131, ba\u015f\u0131m\u0131 \u00e7evirince, Hopal\u0131 gardiyan Ali Faik&#8217;le beraber Katil Osman&#8217;\u0131n avluya girdiklerini g\u00f6rd\u00fcm.<\/p>\n<p>Osman&#8217;\u0131n y\u00fcz\u00fc ka\u011f\u0131t gibiydi. G\u00f6zleri ufalm\u0131\u015f ve kanlanm\u0131\u015ft\u0131, \u00e7enesiyle \u015fakaklar\u0131ndaki seyrek t\u00fcyler b\u00fcy\u00fcm\u00fc\u015f gibiydi. Uzay\u0131p incelmi\u015f hissini veren \u00e7ehresi, sivri burnu, yar\u0131 a\u00e7\u0131k a\u011fz\u0131nda g\u00f6r\u00fcnen ufak sar\u0131 di\u015fleri ve etrafa \u015fa\u015fk\u0131n \u015fa\u015fk\u0131n bakan g\u00f6zleri ile, kedinin a\u011fz\u0131na d\u00fc\u015fm\u00fc\u015f canl\u0131 bir fareye benziyordu.<\/p>\n<p>-Ge\u00e7mi\u015f olsun Osman, gel \u015f\u00f6yle otur bakal\u0131m!- diye seslendim. -Ali Faik, gel sen de bir kahve i\u00e7.-<\/p>\n<p>Osman, himayesine s\u0131\u011f\u0131nacak birini bulmu\u015f gibi, \u00e7abuk ad\u0131mlarla sokuldu, Yakup Hoca&#8217;n\u0131n yan\u0131na bir iskemle \u00e7ekip ili\u015fti, ellerini masan\u0131n \u00fcst\u00fcne koyarak, korkak g\u00f6zlerini y\u00fcz\u00fcme dikti. \u0130nce parmakl\u0131 beyaz elleri titriyordu.<\/p>\n<p>-Nas\u0131l oldu, Osman?- diye sordum.<\/p>\n<p>-Sorma a\u011fabey, bir kazad\u0131r oldu i\u015fte.-<\/p>\n<p>K\u0131r\u0131k d\u00f6k\u00fck kelimelerle vukuat\u0131n\u0131 anlatt\u0131. \u0130\u015fine geldi\u011fi gibi de\u011fi\u015ftirdi\u011fini fark ediyor, fakat ses \u00e7\u0131karm\u0131yordum. Sanki Koca Reis&#8217;in kar\u015f\u0131s\u0131ndaym\u0131\u015f da y\u00fcre\u011fini yumu\u015fatmak istiyormu\u015f gibi a\u011flamakl\u0131 bir sesle ve ba\u015f\u0131n\u0131 sa\u011f omzuna d\u00fc\u015f\u00fcrerek v\u0131z\u0131ld\u0131yordu: -Vallahi \u015faka olsun diye yapt\u0131m a\u011fabey, b\u0131\u00e7a\u011f\u0131n ucuyla \u015f\u00f6yle dokunuverdim, karn\u0131 bo\u015fmu\u015f, girivermi\u015f!-<\/p>\n<p>Bu s\u0131rada Yakup Hoca, gardiyan Ali Faik&#8217;le konu\u015fuyor, onu sorguya \u00e7ekiyordu. Osman&#8217;\u0131nkine pek uymayan hikayesini tamamlad\u0131ktan sonra gardiyan do\u011fruldu, kahve fincan\u0131ndaki son yudumu dikerek:<\/p>\n<p>-Sen bu masallar\u0131 bu sefer Koca Reis&#8217;e dinletemezsin, ba\u015fka laflar d\u00fc\u015f\u00fcn, hadi bakal\u0131m, ko\u011fu\u015fa gidelim- dedi.<\/p>\n<p>Osman da kalkt\u0131, uzakla\u015f\u0131rken yan\u0131ndakine: -Vallahi billahi benim dedi\u011fim gibi oldu, Ali Faik!- diye izahat veriyordu.<\/p>\n<p>Hemen o ak\u015fam bir\u00e7oklar\u0131ndan dinledi\u011fime g\u00f6re, Osman&#8217;\u0131n bu vukuat\u0131 da incir \u00e7ekirde\u011fi doldurmaz bir meseleden \u00e7\u0131km\u0131\u015f: Kendisi gibi kopuk bir arkada\u015f\u0131yla be\u015f kadeh att\u0131ktan sonra kahveye gidip altm\u0131\u015f alt\u0131 oynarlarken berber H\u00fcsamettin yanlar\u0131na gelmi\u015f, oyuncular\u0131n ka\u011f\u0131tlar\u0131na bakarak: -Koz \u00e7ek, yirmiyi s\u00f6yle- diye kar\u0131\u015fmaya ba\u015flam\u0131\u015f. Osman da: -Ulan o kadar iyi biliyorsan gel sen de oyna, \u00fc\u00e7 kol yapal\u0131m!- demi\u015f, H\u00fcsamettin istememi\u015f, oynars\u0131n, oynamazs\u0131n derken Osman, Bursa i\u015fi s\u00f6\u011f\u00fct yapra\u011f\u0131n\u0131 \u00e7ekti\u011fi gibi saplay\u0131vermi\u015f. Anlatanlar:<\/p>\n<p>-Osman&#8217;da adam vuracak hal ne gezer, herhalde sarho\u015flukla elinin karar\u0131n\u0131 bilemedi, fazla soktu. B\u0131\u00e7ak bir kar\u0131\u015f girmi\u015f- diyorlard\u0131. Osman yan\u0131nda konu\u015fulan bu s\u00f6zleri a\u011fz\u0131n\u0131 a\u00e7madan dinliyor, \u00fcrkek g\u00f6zlerini, ko\u011fu\u015fta ba\u011fda\u015f kurup oturmu\u015f olan eski mahpuslar\u0131n ayaklar\u0131nda gezdiriyordu.<\/p>\n<p>Bundan sonraki g\u00fcnlerde Osman&#8217;\u0131n hali hi\u00e7 de\u011fi\u015fmedi. Bah\u00e7ede \u00e7abuk ad\u0131mlarla volta vuruyor, ikide bir kap\u0131ya ko\u015fup hastanedeki H\u00fcsamettin&#8217;den haber soruyordu. Berber on iki g\u00fcn ya\u015fad\u0131. Yaras\u0131 pek a\u011f\u0131r olmad\u0131\u011f\u0131 i\u00e7in belki kurtulabilecekti. Fakat bu k\u00fc\u00e7\u00fck vilayet merkezinin iki doktorlu hastanesinde buz makinesi yoktu. Hademelerin saatte bir kuyudan \u00e7ektikleri suya bat\u0131rarak hastan\u0131n karn\u0131na konan so\u011fuk bezler nedense kar etmedi, o\u011flan b\u0131\u00e7a\u011f\u0131 yedi\u011finin on ikinci g\u00fcn\u00fc kar\u0131n zar\u0131 iltihab\u0131ndan gitti.<\/p>\n<p>Bu haberi duydu\u011fu zaman Osman&#8217;\u0131n benzi b\u00fcsb\u00fct\u00fcn sarard\u0131. \u015ea\u015fk\u0131n \u015fa\u015fk\u0131n etraf\u0131ndakilerin y\u00fcz\u00fcne bakt\u0131; h\u0131zl\u0131 nefesler alarak uzakla\u015ft\u0131, bir duvar dibine \u00e7\u00f6kt\u00fc ve d\u00fc\u015f\u00fcnmelere dald\u0131.<\/p>\n<p>Ama bu g\u00fcnden sonra Osman birdenbire de\u011fi\u015fti. Hep sinirli ve heyecanl\u0131yd\u0131. O sessiz, \u00fcrkek hali kaybolmu\u015f, bana, hatta eskiden pek sayd\u0131\u011f\u0131 kabaday\u0131lara kar\u015f\u0131 tav\u0131rlar\u0131na bir ald\u0131rmazl\u0131k, bir sertlik gelmi\u015fti. Olur olmaz lafa kar\u0131\u015f\u0131yor, terslenince cevap vermeye kalk\u0131\u015f\u0131yordu. Ko\u011fu\u015f arkada\u015flar\u0131yla, yatak yeri, yahut tay\u0131n b\u00f6l\u00fc\u015ft\u00fcrme meselesinden ufak tefek nizalar \u00e7\u0131karmaya ba\u015flam\u0131\u015f, g\u00f6r\u00fc\u015fme g\u00fcn\u00fc kap\u0131ya gelen anas\u0131 ile, para y\u00fcz\u00fcnden, gardiyanlar\u0131n araya girmesine sebep olacak kadar b\u00fcy\u00fck bir kavga etmi\u015fti. Ba\u015f\u0131na gelen felaketi g\u00f6z \u00f6n\u00fcnde tutunca onun bu h\u0131r\u00e7\u0131nl\u0131\u011f\u0131n\u0131 anlamak zor de\u011fildi. Kendisiyle oturup dertle\u015fen, halini soran yoktu. \u00c7ocuklu\u011fundan beri elinden tutan\u0131 olmayan delikanl\u0131y\u0131 bir g\u00fcn kar\u015f\u0131ma al\u0131p dilince konu\u015fmaya ba\u015flad\u0131m. D\u0131\u015fardaki hayat\u0131ndan, i\u00e7ki alemlerinden, mahalle kavgalar\u0131ndan, denizden ve b\u0131ld\u0131rc\u0131n av\u0131ndan bahsettik. S\u00f6z d\u00f6nd\u00fc dola\u015ft\u0131, son vukuata dayand\u0131. O zaman ben, Osman&#8217;\u0131n ruhuna \u00e7\u00f6ken b\u00fcy\u00fck s\u0131k\u0131nt\u0131y\u0131 biraz hafifletmek i\u00e7in uzun teselli c\u00fcmleleri s\u0131ralad\u0131m. Sesimde garip bir tevekk\u00fcl edas\u0131yla:<\/p>\n<p>-Ald\u0131rma Osman- dedim, -bunlar hep insan ba\u015f\u0131na gelir. Bak, \u015fu hapishanede yatan yedi y\u00fcz ki\u015finin en az be\u015f y\u00fcz\u00fcn\u00fcn boynunda can vebali var. Pi\u015fman olur, kendini \u0131slah edersen her \u015fey unutulur.-<\/p>\n<p>Bunlar\u0131 dinlerken Osman&#8217;\u0131n y\u00fcz\u00fcn\u00fc kaplayan s\u0131k\u0131nt\u0131 ifadesi beni \u015fa\u015f\u0131rtmad\u0131. Onun buz tutmu\u015f insanl\u0131\u011f\u0131n\u0131 \u0131s\u0131t\u0131p yumu\u015fatmak kolay olmayacakt\u0131 elbette. Ama benim daha fazla \u015feyler s\u00f6ylememe meydan vermeden, Osman bir el i\u015faretiyle s\u00f6z\u00fcm\u00fc kesti. Kimsenin duymas\u0131n\u0131 istemiyormu\u015f gibi a\u011fz\u0131n\u0131 y\u00fcz\u00fcme yana\u015ft\u0131rarak:<\/p>\n<p>-B\u0131rak bo\u015f konu\u015fmalar\u0131, a\u011fabey!- dedi. -Bu kadar sene hi\u00e7 yoktan ad\u0131m\u0131z katil diye s\u00f6ylendi; art\u0131k \u00f6n\u00fcne gelen benimle dalga ge\u00e7iyordu. G\u00f6z\u00fcm k\u0131z\u0131p birinin \u00fcst\u00fcne y\u00fcr\u00fcsem, herifin k\u0131l\u0131 bile k\u0131p\u0131rdam\u0131yor, &#8216;senin gibi lafla adam \u00f6ld\u00fcrenleri \u00e7ok g\u00f6rd\u00fck!&#8217; diyordu. Memleketin bir kabaday\u0131s\u0131n\u0131n y\u00fcz\u00fcne bakacak halim kalmam\u0131\u015ft\u0131. Allah rahmet etsin, H\u00fcsamettin&#8217;le g\u00f6r\u00fclecek bir hesab\u0131m yoktu, ama bu vukuat bana laz\u0131md\u0131.-<\/p>\n<p>Osman, benim \u015fa\u015fk\u0131nl\u0131\u011f\u0131ma ald\u0131r\u0131\u015f bile etmeden yerinden kalkt\u0131, omzundan a\u011f\u0131r bir y\u00fck\u00fc f\u0131rlat\u0131p atm\u0131\u015f bir adam gibi hafif ad\u0131mlarla uzakla\u015ft\u0131.<\/p>\n<p>Konu\u015fman\u0131n sonuna do\u011fru usulca yan\u0131m\u0131za sokulup bizi dinlemi\u015f olan Yakup Hoca, \u00f6\u011frendi\u011fi \u015feylerden memnun, elini omzuma koydu ve filozof\u00e7a m\u0131r\u0131ldand\u0131:<\/p>\n<p>-Bu d\u00fcnya b\u00f6yledir i\u015fte, kimi adam \u00f6ld\u00fcrd\u00fc\u011f\u00fc i\u00e7in katil diye an\u0131l\u0131r, kimi ad\u0131 katile \u00e7\u0131kt\u0131 diye adam \u00f6ld\u00fcr\u00fcr.<\/p>\n<p><strong>Sabahattin Ali | Katil Osman &#8211; 1945<\/strong><\/p>\n","protected":false},"excerpt":{"rendered":"<p>Hapishanenin d\u0131\u015f avlusunda, Abaza Kemal&#8217;in kahve oca\u011f\u0131n\u0131n dibinde oturmu\u015f, birbiri \u00fcst\u00fcne c\u0131gara i\u00e7iyordum. Y\u00fcksek kale duvarlar\u0131n\u0131n d\u0131\u015f\u0131ndan, limandan gelen sesler i\u00e7ime gariplik \u00e7\u00f6kt\u00fcrm\u00fc\u015ft\u00fc. D\u00fcd\u00fc\u011f\u00fcn\u00fc daha uzaklarda yan\u0131k yan\u0131k \u00f6tt\u00fcren bir gemi \u015fimdi yakla\u015fm\u0131\u015f, demir at\u0131yordu. Zincir g\u00fcr\u00fclt\u00fcs\u00fc aras\u0131nda kavga eden kay\u0131k\u00e7\u0131lar\u0131n sesini duyar gibi oluyordum. G\u00f6nl\u00fcm d\u0131\u015fardayd\u0131. Ba\u015fka zaman beni avutan \u015feylere bakm\u0131yordum bile. Gardiyan [&hellip;]<\/p>\n","protected":false},"author":1,"featured_media":0,"comment_status":"open","ping_status":"open","sticky":false,"template":"","format":"standard","meta":{"footnotes":""},"categories":[114],"tags":[],"class_list":["post-6953","post","type-post","status-publish","format-standard","category-turkiye-den-oykuler"],"yoast_head":"<!-- This site is optimized with the Yoast SEO Premium plugin v24.9 (Yoast SEO v24.9) - https:\/\/yoast.com\/wordpress\/plugins\/seo\/ -->\n<title>Katil Osman | Sabahattin Ali - narteks.net<\/title>\n<meta name=\"robots\" content=\"index, follow, max-snippet:-1, max-image-preview:large, max-video-preview:-1\" \/>\n<link rel=\"canonical\" href=\"https:\/\/narteks.net\/index.php\/2018\/08\/01\/katil-osman-sabahattin-ali\/\" \/>\n<meta property=\"og:locale\" content=\"tr_TR\" \/>\n<meta property=\"og:type\" content=\"article\" \/>\n<meta property=\"og:title\" content=\"Katil Osman | Sabahattin Ali\" \/>\n<meta property=\"og:description\" content=\"Hapishanenin d\u0131\u015f avlusunda, Abaza Kemal&#8217;in kahve oca\u011f\u0131n\u0131n dibinde oturmu\u015f, birbiri \u00fcst\u00fcne c\u0131gara i\u00e7iyordum. Y\u00fcksek kale duvarlar\u0131n\u0131n d\u0131\u015f\u0131ndan, limandan gelen sesler i\u00e7ime gariplik \u00e7\u00f6kt\u00fcrm\u00fc\u015ft\u00fc. D\u00fcd\u00fc\u011f\u00fcn\u00fc daha uzaklarda yan\u0131k yan\u0131k \u00f6tt\u00fcren bir gemi \u015fimdi yakla\u015fm\u0131\u015f, demir at\u0131yordu. Zincir g\u00fcr\u00fclt\u00fcs\u00fc aras\u0131nda kavga eden kay\u0131k\u00e7\u0131lar\u0131n sesini duyar gibi oluyordum. G\u00f6nl\u00fcm d\u0131\u015fardayd\u0131. Ba\u015fka zaman beni avutan \u015feylere bakm\u0131yordum bile. Gardiyan [&hellip;]\" \/>\n<meta property=\"og:url\" content=\"https:\/\/narteks.net\/index.php\/2018\/08\/01\/katil-osman-sabahattin-ali\/\" \/>\n<meta property=\"og:site_name\" content=\"narteks.net\" \/>\n<meta property=\"article:published_time\" content=\"2018-07-31T21:11:14+00:00\" \/>\n<meta property=\"og:image\" content=\"https:\/\/narteks.net\/wp-content\/uploads\/narteks.png\" \/>\n\t<meta property=\"og:image:width\" content=\"300\" \/>\n\t<meta property=\"og:image:height\" content=\"90\" \/>\n\t<meta property=\"og:image:type\" content=\"image\/png\" \/>\n<meta name=\"author\" content=\"Tar\u0131k\" \/>\n<meta name=\"twitter:card\" content=\"summary_large_image\" \/>\n<meta name=\"twitter:creator\" content=\"@narteks\" \/>\n<meta name=\"twitter:site\" content=\"@narteks\" \/>\n<meta name=\"twitter:label1\" content=\"Yazan:\" \/>\n\t<meta name=\"twitter:data1\" content=\"Tar\u0131k\" \/>\n\t<meta name=\"twitter:label2\" content=\"Tahmini okuma s\u00fcresi\" \/>\n\t<meta name=\"twitter:data2\" content=\"14 dakika\" \/>\n<script type=\"application\/ld+json\" class=\"yoast-schema-graph\">{\"@context\":\"https:\/\/schema.org\",\"@graph\":[{\"@type\":\"Article\",\"@id\":\"https:\/\/narteks.net\/index.php\/2018\/08\/01\/katil-osman-sabahattin-ali\/#article\",\"isPartOf\":{\"@id\":\"https:\/\/narteks.net\/index.php\/2018\/08\/01\/katil-osman-sabahattin-ali\/\"},\"author\":{\"name\":\"Tar\u0131k\",\"@id\":\"https:\/\/narteks.net\/#\/schema\/person\/61f37d9834294b72d31d274e7ed79bca\"},\"headline\":\"Katil Osman | Sabahattin Ali\",\"datePublished\":\"2018-07-31T21:11:14+00:00\",\"mainEntityOfPage\":{\"@id\":\"https:\/\/narteks.net\/index.php\/2018\/08\/01\/katil-osman-sabahattin-ali\/\"},\"wordCount\":2877,\"commentCount\":0,\"publisher\":{\"@id\":\"https:\/\/narteks.net\/#organization\"},\"articleSection\":[\"T\u00fcrkiye'den \u00d6yk\u00fcler\"],\"inLanguage\":\"tr\",\"potentialAction\":[{\"@type\":\"CommentAction\",\"name\":\"Comment\",\"target\":[\"https:\/\/narteks.net\/index.php\/2018\/08\/01\/katil-osman-sabahattin-ali\/#respond\"]}]},{\"@type\":\"WebPage\",\"@id\":\"https:\/\/narteks.net\/index.php\/2018\/08\/01\/katil-osman-sabahattin-ali\/\",\"url\":\"https:\/\/narteks.net\/index.php\/2018\/08\/01\/katil-osman-sabahattin-ali\/\",\"name\":\"Katil Osman | Sabahattin Ali - narteks.net\",\"isPartOf\":{\"@id\":\"https:\/\/narteks.net\/#website\"},\"datePublished\":\"2018-07-31T21:11:14+00:00\",\"breadcrumb\":{\"@id\":\"https:\/\/narteks.net\/index.php\/2018\/08\/01\/katil-osman-sabahattin-ali\/#breadcrumb\"},\"inLanguage\":\"tr\",\"potentialAction\":[{\"@type\":\"ReadAction\",\"target\":[\"https:\/\/narteks.net\/index.php\/2018\/08\/01\/katil-osman-sabahattin-ali\/\"]}]},{\"@type\":\"BreadcrumbList\",\"@id\":\"https:\/\/narteks.net\/index.php\/2018\/08\/01\/katil-osman-sabahattin-ali\/#breadcrumb\",\"itemListElement\":[{\"@type\":\"ListItem\",\"position\":1,\"name\":\"Anasayfa\",\"item\":\"https:\/\/narteks.net\/\"},{\"@type\":\"ListItem\",\"position\":2,\"name\":\"Katil Osman | Sabahattin Ali\"}]},{\"@type\":\"WebSite\",\"@id\":\"https:\/\/narteks.net\/#website\",\"url\":\"https:\/\/narteks.net\/\",\"name\":\"narteks.net\",\"description\":\"K\u00fclt\u00fcr Sanat Edebiyat Felsefe\",\"publisher\":{\"@id\":\"https:\/\/narteks.net\/#organization\"},\"alternateName\":\"K\u00fclt\u00fcr Sanat Edebiyat Felsefe\",\"potentialAction\":[{\"@type\":\"SearchAction\",\"target\":{\"@type\":\"EntryPoint\",\"urlTemplate\":\"https:\/\/narteks.net\/?s={search_term_string}\"},\"query-input\":{\"@type\":\"PropertyValueSpecification\",\"valueRequired\":true,\"valueName\":\"search_term_string\"}}],\"inLanguage\":\"tr\"},{\"@type\":\"Organization\",\"@id\":\"https:\/\/narteks.net\/#organization\",\"name\":\"narteks.net\",\"url\":\"https:\/\/narteks.net\/\",\"logo\":{\"@type\":\"ImageObject\",\"inLanguage\":\"tr\",\"@id\":\"https:\/\/narteks.net\/#\/schema\/logo\/image\/\",\"url\":\"https:\/\/narteks.net\/wp-content\/uploads\/narteks.png\",\"contentUrl\":\"https:\/\/narteks.net\/wp-content\/uploads\/narteks.png\",\"width\":300,\"height\":90,\"caption\":\"narteks.net\"},\"image\":{\"@id\":\"https:\/\/narteks.net\/#\/schema\/logo\/image\/\"},\"sameAs\":[\"https:\/\/x.com\/narteks\",\"https:\/\/instagram.com\/narteksnet\"]},{\"@type\":\"Person\",\"@id\":\"https:\/\/narteks.net\/#\/schema\/person\/61f37d9834294b72d31d274e7ed79bca\",\"name\":\"Tar\u0131k\",\"image\":{\"@type\":\"ImageObject\",\"inLanguage\":\"tr\",\"@id\":\"https:\/\/narteks.net\/#\/schema\/person\/image\/\",\"url\":\"https:\/\/secure.gravatar.com\/avatar\/50865afb55632c4ae467e0af0930f6510aa2297d8014be502a55b14f3b7550cf?s=96&d=mm&r=g\",\"contentUrl\":\"https:\/\/secure.gravatar.com\/avatar\/50865afb55632c4ae467e0af0930f6510aa2297d8014be502a55b14f3b7550cf?s=96&d=mm&r=g\",\"caption\":\"Tar\u0131k\"},\"sameAs\":[\"http:\/\/narteks.net\"],\"url\":\"https:\/\/narteks.net\/index.php\/author\/narbak\/\"}]}<\/script>\n<!-- \/ Yoast SEO Premium plugin. -->","yoast_head_json":{"title":"Katil Osman | Sabahattin Ali - narteks.net","robots":{"index":"index","follow":"follow","max-snippet":"max-snippet:-1","max-image-preview":"max-image-preview:large","max-video-preview":"max-video-preview:-1"},"canonical":"https:\/\/narteks.net\/index.php\/2018\/08\/01\/katil-osman-sabahattin-ali\/","og_locale":"tr_TR","og_type":"article","og_title":"Katil Osman | Sabahattin Ali","og_description":"Hapishanenin d\u0131\u015f avlusunda, Abaza Kemal&#8217;in kahve oca\u011f\u0131n\u0131n dibinde oturmu\u015f, birbiri \u00fcst\u00fcne c\u0131gara i\u00e7iyordum. Y\u00fcksek kale duvarlar\u0131n\u0131n d\u0131\u015f\u0131ndan, limandan gelen sesler i\u00e7ime gariplik \u00e7\u00f6kt\u00fcrm\u00fc\u015ft\u00fc. D\u00fcd\u00fc\u011f\u00fcn\u00fc daha uzaklarda yan\u0131k yan\u0131k \u00f6tt\u00fcren bir gemi \u015fimdi yakla\u015fm\u0131\u015f, demir at\u0131yordu. Zincir g\u00fcr\u00fclt\u00fcs\u00fc aras\u0131nda kavga eden kay\u0131k\u00e7\u0131lar\u0131n sesini duyar gibi oluyordum. G\u00f6nl\u00fcm d\u0131\u015fardayd\u0131. Ba\u015fka zaman beni avutan \u015feylere bakm\u0131yordum bile. Gardiyan [&hellip;]","og_url":"https:\/\/narteks.net\/index.php\/2018\/08\/01\/katil-osman-sabahattin-ali\/","og_site_name":"narteks.net","article_published_time":"2018-07-31T21:11:14+00:00","og_image":[{"width":300,"height":90,"url":"https:\/\/narteks.net\/wp-content\/uploads\/narteks.png","type":"image\/png"}],"author":"Tar\u0131k","twitter_card":"summary_large_image","twitter_creator":"@narteks","twitter_site":"@narteks","twitter_misc":{"Yazan:":"Tar\u0131k","Tahmini okuma s\u00fcresi":"14 dakika"},"schema":{"@context":"https:\/\/schema.org","@graph":[{"@type":"Article","@id":"https:\/\/narteks.net\/index.php\/2018\/08\/01\/katil-osman-sabahattin-ali\/#article","isPartOf":{"@id":"https:\/\/narteks.net\/index.php\/2018\/08\/01\/katil-osman-sabahattin-ali\/"},"author":{"name":"Tar\u0131k","@id":"https:\/\/narteks.net\/#\/schema\/person\/61f37d9834294b72d31d274e7ed79bca"},"headline":"Katil Osman | Sabahattin Ali","datePublished":"2018-07-31T21:11:14+00:00","mainEntityOfPage":{"@id":"https:\/\/narteks.net\/index.php\/2018\/08\/01\/katil-osman-sabahattin-ali\/"},"wordCount":2877,"commentCount":0,"publisher":{"@id":"https:\/\/narteks.net\/#organization"},"articleSection":["T\u00fcrkiye'den \u00d6yk\u00fcler"],"inLanguage":"tr","potentialAction":[{"@type":"CommentAction","name":"Comment","target":["https:\/\/narteks.net\/index.php\/2018\/08\/01\/katil-osman-sabahattin-ali\/#respond"]}]},{"@type":"WebPage","@id":"https:\/\/narteks.net\/index.php\/2018\/08\/01\/katil-osman-sabahattin-ali\/","url":"https:\/\/narteks.net\/index.php\/2018\/08\/01\/katil-osman-sabahattin-ali\/","name":"Katil Osman | Sabahattin Ali - narteks.net","isPartOf":{"@id":"https:\/\/narteks.net\/#website"},"datePublished":"2018-07-31T21:11:14+00:00","breadcrumb":{"@id":"https:\/\/narteks.net\/index.php\/2018\/08\/01\/katil-osman-sabahattin-ali\/#breadcrumb"},"inLanguage":"tr","potentialAction":[{"@type":"ReadAction","target":["https:\/\/narteks.net\/index.php\/2018\/08\/01\/katil-osman-sabahattin-ali\/"]}]},{"@type":"BreadcrumbList","@id":"https:\/\/narteks.net\/index.php\/2018\/08\/01\/katil-osman-sabahattin-ali\/#breadcrumb","itemListElement":[{"@type":"ListItem","position":1,"name":"Anasayfa","item":"https:\/\/narteks.net\/"},{"@type":"ListItem","position":2,"name":"Katil Osman | Sabahattin Ali"}]},{"@type":"WebSite","@id":"https:\/\/narteks.net\/#website","url":"https:\/\/narteks.net\/","name":"narteks.net","description":"K\u00fclt\u00fcr Sanat Edebiyat Felsefe","publisher":{"@id":"https:\/\/narteks.net\/#organization"},"alternateName":"K\u00fclt\u00fcr Sanat Edebiyat Felsefe","potentialAction":[{"@type":"SearchAction","target":{"@type":"EntryPoint","urlTemplate":"https:\/\/narteks.net\/?s={search_term_string}"},"query-input":{"@type":"PropertyValueSpecification","valueRequired":true,"valueName":"search_term_string"}}],"inLanguage":"tr"},{"@type":"Organization","@id":"https:\/\/narteks.net\/#organization","name":"narteks.net","url":"https:\/\/narteks.net\/","logo":{"@type":"ImageObject","inLanguage":"tr","@id":"https:\/\/narteks.net\/#\/schema\/logo\/image\/","url":"https:\/\/narteks.net\/wp-content\/uploads\/narteks.png","contentUrl":"https:\/\/narteks.net\/wp-content\/uploads\/narteks.png","width":300,"height":90,"caption":"narteks.net"},"image":{"@id":"https:\/\/narteks.net\/#\/schema\/logo\/image\/"},"sameAs":["https:\/\/x.com\/narteks","https:\/\/instagram.com\/narteksnet"]},{"@type":"Person","@id":"https:\/\/narteks.net\/#\/schema\/person\/61f37d9834294b72d31d274e7ed79bca","name":"Tar\u0131k","image":{"@type":"ImageObject","inLanguage":"tr","@id":"https:\/\/narteks.net\/#\/schema\/person\/image\/","url":"https:\/\/secure.gravatar.com\/avatar\/50865afb55632c4ae467e0af0930f6510aa2297d8014be502a55b14f3b7550cf?s=96&d=mm&r=g","contentUrl":"https:\/\/secure.gravatar.com\/avatar\/50865afb55632c4ae467e0af0930f6510aa2297d8014be502a55b14f3b7550cf?s=96&d=mm&r=g","caption":"Tar\u0131k"},"sameAs":["http:\/\/narteks.net"],"url":"https:\/\/narteks.net\/index.php\/author\/narbak\/"}]}},"_links":{"self":[{"href":"https:\/\/narteks.net\/index.php\/wp-json\/wp\/v2\/posts\/6953","targetHints":{"allow":["GET"]}}],"collection":[{"href":"https:\/\/narteks.net\/index.php\/wp-json\/wp\/v2\/posts"}],"about":[{"href":"https:\/\/narteks.net\/index.php\/wp-json\/wp\/v2\/types\/post"}],"author":[{"embeddable":true,"href":"https:\/\/narteks.net\/index.php\/wp-json\/wp\/v2\/users\/1"}],"replies":[{"embeddable":true,"href":"https:\/\/narteks.net\/index.php\/wp-json\/wp\/v2\/comments?post=6953"}],"version-history":[{"count":0,"href":"https:\/\/narteks.net\/index.php\/wp-json\/wp\/v2\/posts\/6953\/revisions"}],"wp:attachment":[{"href":"https:\/\/narteks.net\/index.php\/wp-json\/wp\/v2\/media?parent=6953"}],"wp:term":[{"taxonomy":"category","embeddable":true,"href":"https:\/\/narteks.net\/index.php\/wp-json\/wp\/v2\/categories?post=6953"},{"taxonomy":"post_tag","embeddable":true,"href":"https:\/\/narteks.net\/index.php\/wp-json\/wp\/v2\/tags?post=6953"}],"curies":[{"name":"wp","href":"https:\/\/api.w.org\/{rel}","templated":true}]}}