{"id":6959,"date":"2018-08-01T13:14:56","date_gmt":"2018-08-01T10:14:56","guid":{"rendered":"http:\/\/localhost\/wordpress\/2018\/08\/01\/donna-clara\/"},"modified":"2018-08-01T13:14:56","modified_gmt":"2018-08-01T10:14:56","slug":"donna-clara","status":"publish","type":"post","link":"https:\/\/narteks.net\/index.php\/2018\/08\/01\/donna-clara\/","title":{"rendered":"DONNA CLARA"},"content":{"rendered":"<p>Dola\u015f\u0131yor bah\u00e7ede ak\u015fam vakti<br \/>Belediye ba\u015fkan\u0131n\u0131n k\u0131z\u0131.<br \/>Davul, boru sesleri<br \/>\u015eatodan gelen yank\u0131.<\/p>\n<p>&#8220;S\u0131k\u0131yor beni danslar,<br \/>\u0130ltifatlar ayg\u0131n bayg\u0131n;<br \/>Beni g\u00fcne\u015fe banzeten<br \/>\u015e\u00f6valyeyi g\u00f6rd\u00fcm g\u00f6reli<br \/>Katlanam\u0131yorum hi\u00e7birine<\/p>\n<p>Ay \u0131\u015f\u0131\u011f\u0131nda ezgileri<br \/>\u00c7ekti beni pencereye;<br \/>O \u015f\u00f6valyeyi g\u00f6rd\u00fcm g\u00f6reli<br \/>Katlanam\u0131yorum hi\u00e7birine<\/p>\n<p>\u0130nce, uzun, yi\u011fit duruyordu,<br \/>Solgun, soylu y\u00fcz\u00fcnde g\u00f6zleri<br \/>\u0130ki \u0131\u015f\u0131k p\u0131nar\u0131<br \/>Sanki Georgen&#8217;e benziyordu.&#8221;<\/p>\n<p>Bunlar\u0131 d\u00fc\u015f\u00fcnd\u00fc Donna Clara<br \/>Ve bakt\u0131 \u00f6n\u00fcne;<br \/>Kald\u0131rd\u0131 ba\u015f\u0131n\u0131, ne g\u00f6rs\u00fcn,<br \/>Kar\u015f\u0131s\u0131nda g\u00fczel, me\u00e7hul \u015f\u00f6valye.<\/p>\n<p>El ele, sevgiler f\u0131s\u0131lda\u015farak<br \/>Gezindiler ay \u0131\u015f\u0131\u011f\u0131nda;<br \/>Ok\u015far gibi esiyordu meltem,<br \/>Masallar\u0131n selam\u0131 g\u00fcllerde.<\/p>\n<p>G\u00fcllerde masallar\u0131n selam\u0131,<br \/>A\u015fk el\u00e7ileri gibi k\u0131zarm\u0131\u015f g\u00fcller-<br \/>&#8211; &#8220;Fakat, s\u00f6yle g\u00fczelim, birdenbire<br \/>Y\u00fcz\u00fcn b\u00f6yle neden k\u0131zard\u0131?&#8221;<\/p>\n<p>-&#8220;Sivrisinekler soktu, sevgilim;<br \/>\u00d6yle nefret ederim ki<br \/>Yaz aylar\u0131 onlardan<br \/>Yahudi \u00e7eteleri sanki.&#8221;<\/p>\n<p>&#8211; &#8220;B\u0131rak sinekleri, Yahudileri!&#8221;<br \/>Dedi \u015f\u00f6valye ok\u015fayarak;<br \/>D\u00fc\u015f\u00fcyordu badem a\u011fa\u00e7lar\u0131ndan<br \/>Beyaz, y\u00fczlerce yaprak.<\/p>\n<p>Beyaz, y\u00fczlerce yaprak<br \/>Sa\u00e7\u0131yordu kokular\u0131n\u0131-<br \/>-&#8220;Fakat s\u00f6yle g\u00fczelim,<br \/>Kalbinde ba\u015fkas\u0131 var m\u0131?&#8221;<\/p>\n<p>&#8211; &#8220;Ben seni seviyorum, sevgilim,<br \/>Ant i\u00e7erim \u0130sa&#8217;ya;<br \/>O \u0130sa&#8217;y\u0131 ki; Yahudiler<br \/>\u00d6ld\u00fcrd\u00fcler al\u00e7ak\u00e7a.&#8221;<\/p>\n<p>&#8211; &#8220;B\u0131rak \u0130sa&#8217;y\u0131, Yahudileri!&#8221;<br \/>Dedi \u015f\u00f6valye ok\u015fayarak;<br \/>uzakta \u0131\u015f\u0131klar i\u00e7inde bir s\u00fcr\u00fc<br \/>R\u00fcyada gibi, beyaz zambak.<\/p>\n<p>I\u015f\u0131klar i\u00e7inde bir s\u00fcr\u00fc zambak<br \/>Bak\u0131yordu y\u0131ld\u0131zlara yukar\u0131<br \/>&#8220;Fakat, s\u00f6yle g\u00fczelim,<br \/>Etti\u011fin yemin ger\u00e7ek mi?&#8221;<\/p>\n<p>&#8211; &#8220;Bende hi\u00e7 yalan yok, sevgilim,<br \/>Nas\u0131l ki ba\u011fr\u0131mda tek damla kan<br \/>Yoksa ne pis Yahudiler,<br \/>Ne de zencilerden.&#8221;<\/p>\n<p>&#8211; &#8220;B\u0131rak zencileri, Yahudileri!&#8221;<br \/>Dedi \u015f\u00f6valye ok\u015fayarak<br \/>Ve g\u00f6t\u00fcrd\u00fc ba\u015fkan\u0131n k\u0131z\u0131n\u0131,<br \/>Mersin dallar\u0131ndan bir \u00e7ardak,<\/p>\n<p>Yumu\u015facak bir sevda a\u011f\u0131yla<br \/>Sard\u0131 onlar\u0131 gizlice;<br \/>K\u0131sa konu\u015fmalar, uzun \u00f6p\u00fc\u015fmeler,<br \/>Kayna\u015ft\u0131 kalpler i\u00e7 i\u00e7e.<\/p>\n<p>Bir d\u00fc\u011f\u00fcn \u015fark\u0131s\u0131 gibi<br \/>Tatl\u0131 bayg\u0131n \u015fak\u0131yordu b\u00fclb\u00fcl;<br \/>Kalkm\u0131\u015f gibi me\u015falelerle dansa,<br \/>Sekiyordu toprakta ate\u015fb\u00f6cekleri.<\/p>\n<p>Sessizle\u015fti \u00e7ardak,<br \/>Duyulmada gizli, hafif<br \/>F\u0131s\u0131lt\u0131s\u0131 ak\u0131ll\u0131 mersinlerin<br \/>Ve \u00e7i\u00e7eklerin solumas\u0131 ancak.<\/p>\n<p>\u0130\u015fitildi \u015fatodan ans\u0131z\u0131n<br \/>Davul, boru sesleri.<br \/>S\u0131yr\u0131ld\u0131 kollar\u0131ndan \u015f\u00f6valyenin,<br \/>Clara, uyanarak.<\/p>\n<p>&#8211; &#8220;Dinle sevgilim, beni \u00e7a\u011f\u0131r\u0131yorlar,<br \/>Fakat ayr\u0131lmadan \u00f6nce,<br \/>Bunca zaman saklad\u0131\u011f\u0131n<br \/>O g\u00fczel ad\u0131n\u0131 s\u00f6yle!&#8221;<\/p>\n<p>Ne\u015feli, g\u00fcl\u00fcmsedi \u015f\u00f6valye,<br \/>Clara&#8217;n\u0131n parmaklar\u0131ndan \u00f6pt\u00fc,<br \/>\u00d6pt\u00fc dudaklar\u0131ndan, aln\u0131ndan,<br \/>S\u00f6yledi sonunda \u015fu s\u00f6zleri;<\/p>\n<p>&#8211; &#8220;Ben, Sennora&#8230; Sevgiliniz.<br \/>O herkesin \u00f6vd\u00fc\u011f\u00fc,<br \/>Saragosal\u0131 \u00fcnl\u00fc hukuk\u00e7u<br \/>Yahudi&#8217;nin o\u011flu.&#8221;<\/p>\n<p>Heinrich HE\u0130NE<\/p>\n<p>\u00c7eviri: Beh\u00e7et Necatigil<\/p>\n","protected":false},"excerpt":{"rendered":"<p>Dola\u015f\u0131yor bah\u00e7ede ak\u015fam vaktiBelediye ba\u015fkan\u0131n\u0131n k\u0131z\u0131.Davul, boru sesleri\u015eatodan gelen yank\u0131. &#8220;S\u0131k\u0131yor beni danslar,\u0130ltifatlar ayg\u0131n bayg\u0131n;Beni g\u00fcne\u015fe banzeten\u015e\u00f6valyeyi g\u00f6rd\u00fcm g\u00f6reliKatlanam\u0131yorum hi\u00e7birine Ay \u0131\u015f\u0131\u011f\u0131nda ezgileri\u00c7ekti beni pencereye;O \u015f\u00f6valyeyi g\u00f6rd\u00fcm g\u00f6reliKatlanam\u0131yorum hi\u00e7birine \u0130nce, uzun, yi\u011fit duruyordu,Solgun, soylu y\u00fcz\u00fcnde g\u00f6zleri\u0130ki \u0131\u015f\u0131k p\u0131nar\u0131Sanki Georgen&#8217;e benziyordu.&#8221; Bunlar\u0131 d\u00fc\u015f\u00fcnd\u00fc Donna ClaraVe bakt\u0131 \u00f6n\u00fcne;Kald\u0131rd\u0131 ba\u015f\u0131n\u0131, ne g\u00f6rs\u00fcn,Kar\u015f\u0131s\u0131nda g\u00fczel, me\u00e7hul \u015f\u00f6valye. El ele, sevgiler [&hellip;]<\/p>\n","protected":false},"author":1,"featured_media":0,"comment_status":"open","ping_status":"open","sticky":false,"template":"","format":"standard","meta":{"footnotes":""},"categories":[213],"tags":[],"class_list":{"0":"post-6959","1":"post","2":"type-post","3":"status-publish","4":"format-standard","6":"category-heinrich-heine"},"yoast_head":"<!-- This site is optimized with the Yoast SEO Premium plugin v24.9 (Yoast SEO v24.9) - https:\/\/yoast.com\/wordpress\/plugins\/seo\/ -->\n<title>DONNA CLARA - narteks.net<\/title>\n<meta name=\"robots\" content=\"index, follow, max-snippet:-1, max-image-preview:large, max-video-preview:-1\" \/>\n<link rel=\"canonical\" href=\"https:\/\/narteks.net\/index.php\/2018\/08\/01\/donna-clara\/\" \/>\n<meta property=\"og:locale\" content=\"tr_TR\" \/>\n<meta property=\"og:type\" content=\"article\" \/>\n<meta property=\"og:title\" content=\"DONNA CLARA\" \/>\n<meta property=\"og:description\" content=\"Dola\u015f\u0131yor bah\u00e7ede ak\u015fam vaktiBelediye ba\u015fkan\u0131n\u0131n k\u0131z\u0131.Davul, boru sesleri\u015eatodan gelen yank\u0131. &#8220;S\u0131k\u0131yor beni danslar,\u0130ltifatlar ayg\u0131n bayg\u0131n;Beni g\u00fcne\u015fe banzeten\u015e\u00f6valyeyi g\u00f6rd\u00fcm g\u00f6reliKatlanam\u0131yorum hi\u00e7birine Ay \u0131\u015f\u0131\u011f\u0131nda ezgileri\u00c7ekti beni pencereye;O \u015f\u00f6valyeyi g\u00f6rd\u00fcm g\u00f6reliKatlanam\u0131yorum hi\u00e7birine \u0130nce, uzun, yi\u011fit duruyordu,Solgun, soylu y\u00fcz\u00fcnde g\u00f6zleri\u0130ki \u0131\u015f\u0131k p\u0131nar\u0131Sanki Georgen&#8217;e benziyordu.&#8221; Bunlar\u0131 d\u00fc\u015f\u00fcnd\u00fc Donna ClaraVe bakt\u0131 \u00f6n\u00fcne;Kald\u0131rd\u0131 ba\u015f\u0131n\u0131, ne g\u00f6rs\u00fcn,Kar\u015f\u0131s\u0131nda g\u00fczel, me\u00e7hul \u015f\u00f6valye. El ele, sevgiler [&hellip;]\" \/>\n<meta property=\"og:url\" content=\"https:\/\/narteks.net\/index.php\/2018\/08\/01\/donna-clara\/\" \/>\n<meta property=\"og:site_name\" content=\"narteks.net\" \/>\n<meta property=\"article:published_time\" content=\"2018-08-01T10:14:56+00:00\" \/>\n<meta property=\"og:image\" content=\"https:\/\/narteks.net\/wp-content\/uploads\/narteks.png\" \/>\n\t<meta property=\"og:image:width\" content=\"300\" \/>\n\t<meta property=\"og:image:height\" content=\"90\" \/>\n\t<meta property=\"og:image:type\" content=\"image\/png\" \/>\n<meta name=\"author\" content=\"Tar\u0131k\" \/>\n<meta name=\"twitter:card\" content=\"summary_large_image\" \/>\n<meta name=\"twitter:creator\" content=\"@narteks\" \/>\n<meta name=\"twitter:site\" content=\"@narteks\" \/>\n<meta name=\"twitter:label1\" content=\"Yazan:\" \/>\n\t<meta name=\"twitter:data1\" content=\"Tar\u0131k\" \/>\n\t<meta name=\"twitter:label2\" content=\"Tahmini okuma s\u00fcresi\" \/>\n\t<meta name=\"twitter:data2\" content=\"2 dakika\" \/>\n<script type=\"application\/ld+json\" class=\"yoast-schema-graph\">{\"@context\":\"https:\/\/schema.org\",\"@graph\":[{\"@type\":\"Article\",\"@id\":\"https:\/\/narteks.net\/index.php\/2018\/08\/01\/donna-clara\/#article\",\"isPartOf\":{\"@id\":\"https:\/\/narteks.net\/index.php\/2018\/08\/01\/donna-clara\/\"},\"author\":{\"name\":\"Tar\u0131k\",\"@id\":\"https:\/\/narteks.net\/#\/schema\/person\/61f37d9834294b72d31d274e7ed79bca\"},\"headline\":\"DONNA CLARA\",\"datePublished\":\"2018-08-01T10:14:56+00:00\",\"mainEntityOfPage\":{\"@id\":\"https:\/\/narteks.net\/index.php\/2018\/08\/01\/donna-clara\/\"},\"wordCount\":445,\"commentCount\":0,\"publisher\":{\"@id\":\"https:\/\/narteks.net\/#organization\"},\"articleSection\":[\"Heinrich HE\u0130NE\"],\"inLanguage\":\"tr\",\"potentialAction\":[{\"@type\":\"CommentAction\",\"name\":\"Comment\",\"target\":[\"https:\/\/narteks.net\/index.php\/2018\/08\/01\/donna-clara\/#respond\"]}]},{\"@type\":\"WebPage\",\"@id\":\"https:\/\/narteks.net\/index.php\/2018\/08\/01\/donna-clara\/\",\"url\":\"https:\/\/narteks.net\/index.php\/2018\/08\/01\/donna-clara\/\",\"name\":\"DONNA CLARA - narteks.net\",\"isPartOf\":{\"@id\":\"https:\/\/narteks.net\/#website\"},\"datePublished\":\"2018-08-01T10:14:56+00:00\",\"breadcrumb\":{\"@id\":\"https:\/\/narteks.net\/index.php\/2018\/08\/01\/donna-clara\/#breadcrumb\"},\"inLanguage\":\"tr\",\"potentialAction\":[{\"@type\":\"ReadAction\",\"target\":[\"https:\/\/narteks.net\/index.php\/2018\/08\/01\/donna-clara\/\"]}]},{\"@type\":\"BreadcrumbList\",\"@id\":\"https:\/\/narteks.net\/index.php\/2018\/08\/01\/donna-clara\/#breadcrumb\",\"itemListElement\":[{\"@type\":\"ListItem\",\"position\":1,\"name\":\"Anasayfa\",\"item\":\"https:\/\/narteks.net\/\"},{\"@type\":\"ListItem\",\"position\":2,\"name\":\"DONNA CLARA\"}]},{\"@type\":\"WebSite\",\"@id\":\"https:\/\/narteks.net\/#website\",\"url\":\"https:\/\/narteks.net\/\",\"name\":\"narteks.net\",\"description\":\"K\u00fclt\u00fcr Sanat Edebiyat Felsefe\",\"publisher\":{\"@id\":\"https:\/\/narteks.net\/#organization\"},\"alternateName\":\"K\u00fclt\u00fcr Sanat Edebiyat Felsefe\",\"potentialAction\":[{\"@type\":\"SearchAction\",\"target\":{\"@type\":\"EntryPoint\",\"urlTemplate\":\"https:\/\/narteks.net\/?s={search_term_string}\"},\"query-input\":{\"@type\":\"PropertyValueSpecification\",\"valueRequired\":true,\"valueName\":\"search_term_string\"}}],\"inLanguage\":\"tr\"},{\"@type\":\"Organization\",\"@id\":\"https:\/\/narteks.net\/#organization\",\"name\":\"narteks.net\",\"url\":\"https:\/\/narteks.net\/\",\"logo\":{\"@type\":\"ImageObject\",\"inLanguage\":\"tr\",\"@id\":\"https:\/\/narteks.net\/#\/schema\/logo\/image\/\",\"url\":\"https:\/\/narteks.net\/wp-content\/uploads\/narteks.png\",\"contentUrl\":\"https:\/\/narteks.net\/wp-content\/uploads\/narteks.png\",\"width\":300,\"height\":90,\"caption\":\"narteks.net\"},\"image\":{\"@id\":\"https:\/\/narteks.net\/#\/schema\/logo\/image\/\"},\"sameAs\":[\"https:\/\/x.com\/narteks\",\"https:\/\/instagram.com\/narteksnet\"]},{\"@type\":\"Person\",\"@id\":\"https:\/\/narteks.net\/#\/schema\/person\/61f37d9834294b72d31d274e7ed79bca\",\"name\":\"Tar\u0131k\",\"image\":{\"@type\":\"ImageObject\",\"inLanguage\":\"tr\",\"@id\":\"https:\/\/narteks.net\/#\/schema\/person\/image\/\",\"url\":\"https:\/\/secure.gravatar.com\/avatar\/50865afb55632c4ae467e0af0930f6510aa2297d8014be502a55b14f3b7550cf?s=96&d=mm&r=g\",\"contentUrl\":\"https:\/\/secure.gravatar.com\/avatar\/50865afb55632c4ae467e0af0930f6510aa2297d8014be502a55b14f3b7550cf?s=96&d=mm&r=g\",\"caption\":\"Tar\u0131k\"},\"sameAs\":[\"http:\/\/narteks.net\"],\"url\":\"https:\/\/narteks.net\/index.php\/author\/narbak\/\"}]}<\/script>\n<!-- \/ Yoast SEO Premium plugin. -->","yoast_head_json":{"title":"DONNA CLARA - narteks.net","robots":{"index":"index","follow":"follow","max-snippet":"max-snippet:-1","max-image-preview":"max-image-preview:large","max-video-preview":"max-video-preview:-1"},"canonical":"https:\/\/narteks.net\/index.php\/2018\/08\/01\/donna-clara\/","og_locale":"tr_TR","og_type":"article","og_title":"DONNA CLARA","og_description":"Dola\u015f\u0131yor bah\u00e7ede ak\u015fam vaktiBelediye ba\u015fkan\u0131n\u0131n k\u0131z\u0131.Davul, boru sesleri\u015eatodan gelen yank\u0131. &#8220;S\u0131k\u0131yor beni danslar,\u0130ltifatlar ayg\u0131n bayg\u0131n;Beni g\u00fcne\u015fe banzeten\u015e\u00f6valyeyi g\u00f6rd\u00fcm g\u00f6reliKatlanam\u0131yorum hi\u00e7birine Ay \u0131\u015f\u0131\u011f\u0131nda ezgileri\u00c7ekti beni pencereye;O \u015f\u00f6valyeyi g\u00f6rd\u00fcm g\u00f6reliKatlanam\u0131yorum hi\u00e7birine \u0130nce, uzun, yi\u011fit duruyordu,Solgun, soylu y\u00fcz\u00fcnde g\u00f6zleri\u0130ki \u0131\u015f\u0131k p\u0131nar\u0131Sanki Georgen&#8217;e benziyordu.&#8221; Bunlar\u0131 d\u00fc\u015f\u00fcnd\u00fc Donna ClaraVe bakt\u0131 \u00f6n\u00fcne;Kald\u0131rd\u0131 ba\u015f\u0131n\u0131, ne g\u00f6rs\u00fcn,Kar\u015f\u0131s\u0131nda g\u00fczel, me\u00e7hul \u015f\u00f6valye. El ele, sevgiler [&hellip;]","og_url":"https:\/\/narteks.net\/index.php\/2018\/08\/01\/donna-clara\/","og_site_name":"narteks.net","article_published_time":"2018-08-01T10:14:56+00:00","og_image":[{"width":300,"height":90,"url":"https:\/\/narteks.net\/wp-content\/uploads\/narteks.png","type":"image\/png"}],"author":"Tar\u0131k","twitter_card":"summary_large_image","twitter_creator":"@narteks","twitter_site":"@narteks","twitter_misc":{"Yazan:":"Tar\u0131k","Tahmini okuma s\u00fcresi":"2 dakika"},"schema":{"@context":"https:\/\/schema.org","@graph":[{"@type":"Article","@id":"https:\/\/narteks.net\/index.php\/2018\/08\/01\/donna-clara\/#article","isPartOf":{"@id":"https:\/\/narteks.net\/index.php\/2018\/08\/01\/donna-clara\/"},"author":{"name":"Tar\u0131k","@id":"https:\/\/narteks.net\/#\/schema\/person\/61f37d9834294b72d31d274e7ed79bca"},"headline":"DONNA CLARA","datePublished":"2018-08-01T10:14:56+00:00","mainEntityOfPage":{"@id":"https:\/\/narteks.net\/index.php\/2018\/08\/01\/donna-clara\/"},"wordCount":445,"commentCount":0,"publisher":{"@id":"https:\/\/narteks.net\/#organization"},"articleSection":["Heinrich HE\u0130NE"],"inLanguage":"tr","potentialAction":[{"@type":"CommentAction","name":"Comment","target":["https:\/\/narteks.net\/index.php\/2018\/08\/01\/donna-clara\/#respond"]}]},{"@type":"WebPage","@id":"https:\/\/narteks.net\/index.php\/2018\/08\/01\/donna-clara\/","url":"https:\/\/narteks.net\/index.php\/2018\/08\/01\/donna-clara\/","name":"DONNA CLARA - narteks.net","isPartOf":{"@id":"https:\/\/narteks.net\/#website"},"datePublished":"2018-08-01T10:14:56+00:00","breadcrumb":{"@id":"https:\/\/narteks.net\/index.php\/2018\/08\/01\/donna-clara\/#breadcrumb"},"inLanguage":"tr","potentialAction":[{"@type":"ReadAction","target":["https:\/\/narteks.net\/index.php\/2018\/08\/01\/donna-clara\/"]}]},{"@type":"BreadcrumbList","@id":"https:\/\/narteks.net\/index.php\/2018\/08\/01\/donna-clara\/#breadcrumb","itemListElement":[{"@type":"ListItem","position":1,"name":"Anasayfa","item":"https:\/\/narteks.net\/"},{"@type":"ListItem","position":2,"name":"DONNA CLARA"}]},{"@type":"WebSite","@id":"https:\/\/narteks.net\/#website","url":"https:\/\/narteks.net\/","name":"narteks.net","description":"K\u00fclt\u00fcr Sanat Edebiyat Felsefe","publisher":{"@id":"https:\/\/narteks.net\/#organization"},"alternateName":"K\u00fclt\u00fcr Sanat Edebiyat Felsefe","potentialAction":[{"@type":"SearchAction","target":{"@type":"EntryPoint","urlTemplate":"https:\/\/narteks.net\/?s={search_term_string}"},"query-input":{"@type":"PropertyValueSpecification","valueRequired":true,"valueName":"search_term_string"}}],"inLanguage":"tr"},{"@type":"Organization","@id":"https:\/\/narteks.net\/#organization","name":"narteks.net","url":"https:\/\/narteks.net\/","logo":{"@type":"ImageObject","inLanguage":"tr","@id":"https:\/\/narteks.net\/#\/schema\/logo\/image\/","url":"https:\/\/narteks.net\/wp-content\/uploads\/narteks.png","contentUrl":"https:\/\/narteks.net\/wp-content\/uploads\/narteks.png","width":300,"height":90,"caption":"narteks.net"},"image":{"@id":"https:\/\/narteks.net\/#\/schema\/logo\/image\/"},"sameAs":["https:\/\/x.com\/narteks","https:\/\/instagram.com\/narteksnet"]},{"@type":"Person","@id":"https:\/\/narteks.net\/#\/schema\/person\/61f37d9834294b72d31d274e7ed79bca","name":"Tar\u0131k","image":{"@type":"ImageObject","inLanguage":"tr","@id":"https:\/\/narteks.net\/#\/schema\/person\/image\/","url":"https:\/\/secure.gravatar.com\/avatar\/50865afb55632c4ae467e0af0930f6510aa2297d8014be502a55b14f3b7550cf?s=96&d=mm&r=g","contentUrl":"https:\/\/secure.gravatar.com\/avatar\/50865afb55632c4ae467e0af0930f6510aa2297d8014be502a55b14f3b7550cf?s=96&d=mm&r=g","caption":"Tar\u0131k"},"sameAs":["http:\/\/narteks.net"],"url":"https:\/\/narteks.net\/index.php\/author\/narbak\/"}]}},"_links":{"self":[{"href":"https:\/\/narteks.net\/index.php\/wp-json\/wp\/v2\/posts\/6959","targetHints":{"allow":["GET"]}}],"collection":[{"href":"https:\/\/narteks.net\/index.php\/wp-json\/wp\/v2\/posts"}],"about":[{"href":"https:\/\/narteks.net\/index.php\/wp-json\/wp\/v2\/types\/post"}],"author":[{"embeddable":true,"href":"https:\/\/narteks.net\/index.php\/wp-json\/wp\/v2\/users\/1"}],"replies":[{"embeddable":true,"href":"https:\/\/narteks.net\/index.php\/wp-json\/wp\/v2\/comments?post=6959"}],"version-history":[{"count":0,"href":"https:\/\/narteks.net\/index.php\/wp-json\/wp\/v2\/posts\/6959\/revisions"}],"wp:attachment":[{"href":"https:\/\/narteks.net\/index.php\/wp-json\/wp\/v2\/media?parent=6959"}],"wp:term":[{"taxonomy":"category","embeddable":true,"href":"https:\/\/narteks.net\/index.php\/wp-json\/wp\/v2\/categories?post=6959"},{"taxonomy":"post_tag","embeddable":true,"href":"https:\/\/narteks.net\/index.php\/wp-json\/wp\/v2\/tags?post=6959"}],"curies":[{"name":"wp","href":"https:\/\/api.w.org\/{rel}","templated":true}]}}