{"id":696,"date":"2010-02-24T01:00:00","date_gmt":"2010-02-23T22:00:00","guid":{"rendered":"http:\/\/localhost\/wordpress\/2010\/02\/24\/tanri-gitti-yerine-tasarimci-versek-aklievvellerin-qtasarimiq\/"},"modified":"2010-02-24T01:00:00","modified_gmt":"2010-02-23T22:00:00","slug":"tanri-gitti-yerine-tasarimci-versek-aklievvellerin-qtasarimiq","status":"publish","type":"post","link":"https:\/\/narteks.net\/index.php\/2010\/02\/24\/tanri-gitti-yerine-tasarimci-versek-aklievvellerin-qtasarimiq\/","title":{"rendered":"Tanr\u0131 gitti yerine tasar\u0131mc\u0131 versek? | Akl\u0131evvellerin &#8220;tasar\u0131m\u0131&#8221;!"},"content":{"rendered":"<p style=\"text-align: justify;\"><img loading=\"lazy\" decoding=\"async\" style=\"float: left;\" src=\"http:\/\/www.pctime.com.tr\/haberresim\/bilimer_tasarimci_logo.jpg\" width=\"155\" height=\"205\" border=\"0\" \/>Ya\u015fam\u0131n k\u00f6keni ne? Canl\u0131lar nas\u0131l olu\u015ftu? \u0130nsan nas\u0131l insan oldu?.. Bildik sorular de\u011fil mi? Son zamanlarda \u201cyarat\u0131l\u0131\u015f teorileri\u201dnin \u201cen yeni\u201d versiyonu \u201cak\u0131ll\u0131 tasar\u0131m\u201d da bu sorulara yan\u0131t olma iddias\u0131yla kar\u015f\u0131m\u0131za \u00e7\u0131k\u0131yor. \u015e\u00f6yle bir g\u00f6z att\u0131\u011f\u0131m\u0131zda bile \u00f6zde de\u011fi\u015fen bir \u015feyin olmad\u0131\u011f\u0131n\u0131 g\u00f6r\u00fcr\u00fcz. \u201cAk\u0131ll\u0131 tasar\u0131m\u201d\u0131 di\u011fer yarat\u0131l\u0131\u015f teorileri\u201dnden farkl\u0131 k\u0131lan sadece bilimsellik sosuyla harmanlanm\u0131\u015f \u201cyeni\u201d bir retorikle sunulmas\u0131d\u0131r.B\u00fct\u00fcn canl\u0131 t\u00fcrlerinin ortak atalarla, birbirleriyle ili\u015fkili olduklar\u0131n\u0131 ussal hi\u00e7bir ku\u015fku bar\u0131nd\u0131rmaks\u0131z\u0131n g\u00f6steren evrim olgusuna kar\u015f\u0131n, yarat\u0131l\u0131\u015f dogmas\u0131n\u0131 savunanlar, tek tanr\u0131l\u0131 t\u00fcm kutsal din kitaplar\u0131nda yaz\u0131ld\u0131\u011f\u0131 gibi t\u00fcm canl\u0131lar\u0131n tanr\u0131 taraf\u0131ndan yarat\u0131ld\u0131\u011f\u0131n\u0131 iddia ederler.Canl\u0131lar incelendi\u011finde \u00e7ok karma\u015f\u0131k (kompleks) ve m\u00fckemmel olduklar\u0131n\u0131n g\u00f6r\u00fclece\u011fi, b\u00f6ylesine kompleks-m\u00fckemmel yap\u0131lar\u0131n ancak tanr\u0131 taraf\u0131ndan yarat\u0131labilece\u011fini ileri s\u00fcrer ve bu kompleksli\u011fi-m\u00fckemmelli\u011fi de bir yarat\u0131c\u0131n\u0131n (tanr\u0131n\u0131n) varl\u0131\u011f\u0131na kan\u0131t sayarlar.<\/p>\n<p style=\"text-align: justify;\">Tarihsel geli\u015fim i\u00e7erisinde insanl\u0131\u011f\u0131n sosyal, k\u00fclt\u00fcrel ve bilimsel birikim ve geli\u015fimi kar\u015f\u0131s\u0131nda eskisi gibi tutunamayan yarat\u0131l\u0131\u015f dogmas\u0131, zorunlu olarak bir\u00e7ok y\u00f6n\u00fcyle revizyondan ge\u00e7mi\u015ftir. Ve bu s\u00fcre\u00e7te birka\u00e7 \u201cak\u0131m\u201da b\u00f6l\u00fcnse de genel niteli\u011fi hep ayn\u0131 kalm\u0131\u015ft\u0131r. Yarat\u0131l\u0131\u015f\u00e7\u0131 ak\u0131mlar\u0131n sonuncusu olan \u201cak\u0131ll\u0131 tasar\u0131m\u201d, evrenin, d\u00fcnyan\u0131n ya\u015f\u0131 vb. konularda bilimsel bulgular\u0131 kabul edi\u015fiyle, bilimi \u201cetkin\u201d kullanmas\u0131yla di\u011fer yarat\u0131l\u0131\u015f\u00e7\u0131 g\u00f6r\u00fc\u015f ve ak\u0131mlardan ayr\u0131lmaktad\u0131r.<\/p>\n<p style=\"text-align: justify;\">Yarat\u0131l\u0131\u015f dogmas\u0131n\u0131n son versiyonu: Ak\u0131ll\u0131 Tasar\u0131m<\/p>\n<p style=\"text-align: justify;\">17.y\u00fczy\u0131lda, do\u011fa bilimlerindeki ilerleme -\u00f6zellikle astronomi ve biyoloji alan\u0131ndaki geli\u015fmeler, ilerleyen s\u00fcre\u00e7te teleskop ve mikroskobun icad\u0131yla do\u011fan\u0131n ayr\u0131nt\u0131l\u0131 g\u00f6zlemlenebilmesinin sars\u0131c\u0131 etkileri kar\u015f\u0131s\u0131nda din ve dini kurumlar h\u0131zla konum kaybettiler. En sars\u0131c\u0131 darbeyi ise Darwin\u2018in evrim teorisi vurdu. Zaman\u0131n din d\u00fc\u015f\u00fcn\u00fcrleri, metafizik\u00e7iler, konumlar\u0131ndaki bu erozyonu engellemek ve kitleler \u00fczerindeki etkilerini s\u00fcrd\u00fcrmek i\u00e7in yeni dini ve felsefi s\u00f6ylemlere \u2013 bilimsel geli\u015fmelerden kendi k\u00f6hne d\u00fc\u015f\u00fcncelerine arg\u00fcman sa\u011flayarak-ba\u015fvurdular. Ama gelip dayand\u0131klar\u0131 yer hep ayn\u0131yd\u0131: Tanr\u0131n\u0131n kudreti ve varl\u0131\u011f\u0131n\u0131 g\u00f6rmek i\u00e7in onun yaratt\u0131\u011f\u0131 do\u011fay\u0131-canl\u0131lar\u0131 incelemek gerekiyor! Canl\u0131lar\u0131n ya\u015fad\u0131klar\u0131 ortama do\u011fal uyumlar\u0131, bedensel yap\u0131 ve fonksiyonlar\u0131n\u0131n birbiriyle ili\u015fkisi, h\u00fccrenin ke\u015ffi ve incelenmesiyle birlikte organizman\u0131n sahip oldu\u011fu karma\u015f\u0131kl\u0131k vb., bunlar\u0131n hepsi tanr\u0131n\u0131n varl\u0131\u011f\u0131na ve g\u00fcc\u00fcne; her \u015feyi yarat\u0131p y\u00f6nlendirdi\u011fine i\u015faret ediyordu! Dini g\u00f6r\u00fc\u015flerine kan\u0131t olarak ileri s\u00fcrd\u00fckleri bu arg\u00fcmanlar\u0131n sonraki s\u00fcre\u00e7te evrimin anla\u015f\u0131lmas\u0131nda \u00f6nemli i\u015flevi ise tarihi bir ironi olsa gerek.<\/p>\n<p style=\"text-align: justify;\">Bu g\u00fcr\u00fclt\u00fc niye?<\/p>\n<p style=\"text-align: justify;\">\u201cAk\u0131ll\u0131 tasar\u0131m\u201dc\u0131lar, ABD\u2018de biyoloji ders kitaplar\u0131nda evrim teorisine alternatif olarak kendi g\u00f6r\u00fc\u015flerinin de yer almas\u0131 i\u00e7in uzun zamand\u0131r u\u011fra\u015f veriyorlar. Hi\u00e7bir dini s\u00f6ylem ve kavrama ba\u015fvurmadan, tanr\u0131 s\u00f6zc\u00fc\u011f\u00fcne yer vermeden (onun yerine \u201ctasar\u0131mc\u0131\u201d ge\u00e7mi\u015ftir!) gerici kampanyalar\u0131n\u0131 s\u00fcrd\u00fcr\u00fcyorlar. Ancak t\u00fcm bilimsel s\u00f6ylem ve retori\u011fe ra\u011fmen yarat\u0131l\u0131\u015f\u00e7\u0131 atalar\u0131 gibi \u201ctasar\u0131mdan gelen kan\u0131t\u201d y\u00f6ntemine ba\u015fvuruyorlar.<\/p>\n<p style=\"text-align: justify;\">Bununla birlikte, ak\u0131ll\u0131 tasar\u0131mc\u0131lar, Darwin\u2019in \u201cdo\u011fal se\u00e7ilim\u201d kuram\u0131n\u0131n ge\u00e7erlili\u011fini ve canl\u0131lar\u0131n ortak atadan t\u00fcredi\u011fini k\u0131smen de olsa kabul ederler. Fakat organizman\u0131n baz\u0131 k\u0131s\u0131mlar\u0131n\u0131n \u201cdo\u011fal se\u00e7ilim\u201d gibi bir s\u00fcre\u00e7le olu\u015famayacak kadar kompleks oldu\u011funu eklemeyi de unutmazlar! Bu kompleks yap\u0131lar\u0131n ancak ama\u00e7l\u0131 bir tasar\u0131m sonucu olu\u015fabilece\u011fini ileri s\u00fcrerler. Onlara g\u00f6re bunu yapan do\u011fa\u00fcst\u00fc bir zeka, bir tasar\u0131mc\u0131d\u0131r! Kimi biyolojik olgular\u0131, \u201cindirgenemez m\u00fckemmellik\u201d veya \u201ceksiltilemez b\u00fct\u00fcnl\u00fck\u201d (ya da \u201cne bir eksik ne bir fazla!\u201d) olarak nitelemelerini ise bakterinin kam\u00e7\u0131 \u00f6rne\u011fiyle a\u00e7\u0131klarlar. Bu teze g\u00f6re bakterilerin kam\u00e7\u0131 denilen organlar\u0131 40\u2032tan fazla proteinden olu\u015fur ve bu proteinlerin hepsinin ayn\u0131 anda, birlikte varolmas\u0131 kam\u00e7\u0131n\u0131n i\u015flevli olmas\u0131n\u0131 sa\u011flar. Bunun ise \u201cdo\u011fal se\u00e7ilim\u201d s\u00fcrecinin \u00f6ng\u00f6rd\u00fc\u011f\u00fc k\u00fc\u00e7\u00fck de\u011fi\u015fikliklerle olmayaca\u011f\u0131, i\u015flevli bir kam\u00e7\u0131n\u0131n t\u00fcm par\u00e7alar\u0131n\u0131n birden, ayn\u0131 zamanda varolmas\u0131 gerekti\u011fi, bunun da ancak bir bilin\u00e7li, ama\u00e7l\u0131 tasar\u0131m sonucu olabilece\u011fi ileri s\u00fcr\u00fcl\u00fcr. Buna benzer kullan\u0131lan bir\u00e7ok \u00f6rnek var. G\u00f6rme organ\u0131 g\u00f6z, kan\u0131n p\u0131ht\u0131la\u015fmas\u0131 (p\u0131ht\u0131la\u015fma 10 farkl\u0131 proteinin etkile\u015fimiyle olu\u015fur) vb. kompleks yap\u0131lar olarak g\u00f6sterilir. Bunlar\u0131n ger\u00e7ekten karma\u015f\u0131k (kompleks) yap\u0131lar oldu\u011fu ku\u015fkusuz do\u011frudur. Fakat bunlara \u201cindirgenemez komplekslik\u201d, \u201ceksiltilemez b\u00fct\u00fcnl\u00fck\u201d vs. diyerek ak\u0131ll\u0131 tasar\u0131mc\u0131lar hem \u201cdo\u011fal se\u00e7ilim\u201d ile evrim s\u00fcrecini hem de canl\u0131lar d\u00fcnyas\u0131n\u0131 iyi bilmediklerini g\u00f6steriyorlar! Verdikleri \u00f6rneklerin ve iddia ettikleri \u015feylerin kar\u015f\u0131t\u0131 olgular do\u011fada bug\u00fcn de mevcuttur. Tabii g\u00f6rmek, bilmek isteyene! \u00d6rne\u011fin midede bulunan bir bakteri olan H. Pylori\u2018nin kam\u00e7\u0131s\u0131nda 33 protein bulunmaktad\u0131r, yine \u00e7enesiz bal\u0131klarda kan\u0131n p\u0131ht\u0131la\u015fmas\u0131n\u0131 6 protein sa\u011flamaktad\u0131r. \u201c\u0130ndirgenemeyen\u201d, \u201ceksiltilemeyen b\u00fct\u00fcnl\u00fck\u201d bu kadard\u0131r! Bir ba\u015fka \u00f6rnek vermek gerekirse, insan ve yeni d\u00fcnya maymunlar\u0131n\u0131n g\u00f6zlerinde (mavi, k\u0131rm\u0131z\u0131 ve ye\u015fil) renkleri alg\u0131layan \u00fc\u00e7 ayr\u0131 tipte al\u0131c\u0131 molek\u00fcl bulunmakta, buna kar\u015f\u0131n yakla\u015f\u0131k 30 milyon y\u0131l \u00f6nce yeni d\u00fcnya maymunundan ayr\u0131larak evrimle\u015fen eski d\u00fcnya maymunlar\u0131n\u0131n g\u00f6zlerinde sadece iki al\u0131c\u0131 molek\u00fcl bulunmaktad\u0131r. G\u00f6r\u00fcld\u00fc\u011f\u00fc gibi \u201ceksiltilemez b\u00fct\u00fcnl\u00fck\u201d eksilebiliyor, indirgenebiliyor! Yine insan g\u00f6z\u00fcndeki \u0131\u015f\u0131k alg\u0131lay\u0131c\u0131 protein molek\u00fcllerindeki genetik bir hasar nedeniyle renk k\u00f6r\u00fc olanlar ye\u015fil ve k\u0131rm\u0131z\u0131y\u0131 farkl\u0131 alg\u0131larlar. Fakat bu onlar\u0131n g\u00f6rmedi\u011fi anlam\u0131na gelmez!<\/p>\n<p style=\"text-align: justify;\">\u201cAk\u0131ll\u0131 tasar\u0131m\u201d savunucular\u0131n\u0131n iddia ettikleri \u201cindirgenemez komplekslik\u201d, \u201ceksiltilemez b\u00fct\u00fcnl\u00fck\u201d vb. nitelemeler birer mittir! Kompleks-m\u00fckemmel yap\u0131lar\u0131n par\u00e7alar\u0131n\u0131n hepsinin ayn\u0131 anda olmas\u0131 gerekti\u011fi, her bir par\u00e7an\u0131n b\u00fct\u00fcn\u00fcn ba\u015far\u0131s\u0131 i\u00e7in temel nitelikte oldu\u011fu, aksi halde i\u015flevini yerine getiremeyece\u011fi gibi s\u00f6ylemler do\u011fru de\u011fildir. Evrimci biyologlar\u0131n dikkat \u00e7ekti\u011fi gibi \u201cbulan\u0131k, yar\u0131m yamalak g\u00f6rmek, hi\u00e7 g\u00f6rmemekten iyidir!\u201d<\/p>\n<p style=\"text-align: justify;\">Bu gerici ak\u0131m\u0131n olgusal d\u00fczeyde evrime kar\u015f\u0131 ileri s\u00fcrd\u00fc\u011f\u00fc bir \u015fey yoktur asl\u0131nda. Yukar\u0131da s\u00f6z\u00fcn\u00fc etti\u011fimiz tez ve \u00f6rnekler ise y\u00fczeysel de olsa de\u011findi\u011fimiz gibi evrim teorisince \u00e7ok net a\u00e7\u0131klanm\u0131\u015f, \u00e7\u00fcr\u00fct\u00fclm\u00fc\u015ft\u00fcr.<\/p>\n<p style=\"text-align: justify;\">Peki bu g\u00fcr\u00fclt\u00fc niye? O da malum\u2026 Bilimsel-teknolojik ara\u015ft\u0131rma ve \u00e7al\u0131\u015fmalarda hala tekel durumunda olan ABD\u2019de iki d\u00f6nemdir tekelci sermayenin en gerici kesiminin temsilcisi olan Bush ve Neocon\u2018lar iktidarda. Neoconlar\u0131n deste\u011fi ile daha da palazlanan evrim kar\u015f\u0131tlar\u0131, s\u0131n\u0131f \u00e7\u0131karlar\u0131n\u0131n gere\u011fi olarak, e\u011fitim alan\u0131nda mevzi kazanmak istiyorlar. Yani t\u00fcm g\u00fcr\u00fclt\u00fc siyasi arenadan gelen ideolojik sald\u0131r\u0131lar nedeniyle \u00e7\u0131kmaktad\u0131r. Ve b\u00f6ylesine g\u00fc\u00e7l\u00fc bir siyasi-ekonomik-askeri merkezden (\u201cs\u00fcper g\u00fc\u00e7\u201d!) sa\u00e7\u0131lan bu gerici psikolojik iklimde, T\u00fcrkiye\u2019de de AKP h\u00fck\u00fcmeti hi\u00e7 zaman kaybetmeden harekete ge\u00e7ti, gen\u00e7 dima\u011flar\u0131 zehirlemek i\u00e7in ideolojik sald\u0131r\u0131lar\u0131na h\u0131z verdi.<\/p>\n<p style=\"text-align: justify;\">T\u00fcrkiye\u2019de yarat\u0131l\u0131\u015f dogmas\u0131n\u0131n biyoloji ders kitaplar\u0131nda yer bulmas\u0131 yeni de\u011fildir. ABD\u2019de g\u00fcndeme geldi\u011finde b\u00fcy\u00fck g\u00fcr\u00fclt\u00fc kopartan yarat\u0131l\u0131\u015f\u00e7\u0131 g\u00f6r\u00fc\u015fler (mahkeme kararlar\u0131yla) ders kitaplar\u0131na sokulmazken T\u00fcrkiye\u2019de 12 Eyl\u00fcl fa\u015fist darbesinden sonra e\u011fitim sistemine rengini veren \u201cT\u00fcrk-\u0130slam sentezcili\u011fi\u201cyle 1985\u2032ten itibaren yarat\u0131l\u0131\u015f dogmas\u0131 lise ve ortaokul fen-biyoloji ders kitaplar\u0131nda evrimle birlikte okutulmaya ba\u015flanm\u0131\u015ft\u0131. Bu yan\u0131yla T\u00fcrkiye \u201claik\u201d e\u011fitim sistemine sahip olup(!) yarat\u0131l\u0131\u015f safsatas\u0131n\u0131 e\u011fitim m\u00fcfredat\u0131nda bulunduran ilk ve tek \u00fclke olma \u00f6zelli\u011fini de ta\u015f\u0131maktad\u0131r.<\/p>\n<p style=\"text-align: justify;\">\u00d6nce \u201ck\u00fc\u00e7\u00fck\u201d bir de\u011fi\u015fiklik; ilk\u00f6\u011fretim 8. s\u0131n\u0131f fen bilgisi kitaplar\u0131ndan evrimle ilgili b\u00f6l\u00fcm \u201cbu ya\u015ftaki \u00e7ocuklar anlamaz, a\u011f\u0131r gelir\u201d denilerek \u00e7\u0131kar\u0131ld\u0131. Tabii yarat\u0131l\u0131\u015fa ilgili b\u00f6l\u00fcm korunarak!<\/p>\n<p style=\"text-align: justify;\">AKP ve dinci gerici \u00e7evreler, yarat\u0131l\u0131\u015f dogmas\u0131n\u0131n bilimsel geli\u015fmeler kar\u015f\u0131s\u0131nda ge\u00e7irdi\u011fi \u201cevrim\u201din son \u00fcr\u00fcn\u00fc olan \u201cak\u0131ll\u0131 tasar\u0131m\u201d\u0131n ABD\u2019de yaratt\u0131\u011f\u0131 karga\u015fadan gere\u011fince yararlanmaya \u00e7al\u0131\u015ft\u0131. Bu gerici islamc\u0131 kesim, \u00f6nce \u201ce\u011fitimde devrim\u201d diyerek i\u015fe koyuldu. Bir anlay\u0131\u015f bir model de\u011fi\u015fikli\u011fi yapacak klasik fizik anlay\u0131\u015f\u0131n\u0131 terkedip (!) kuantum fizi\u011fine ge\u00e7eceklerdi. Hat\u0131rlanacakt\u0131r, Newton kuram\u0131yla kuantum kuram\u0131 aras\u0131nda (M. Planck \u00fczerinden) yapay, postmodern bilinemezci-ku\u015fkucu bir kar\u015f\u0131tl\u0131k olu\u015fturarak, gerici spek\u00fclasyonlar\u0131 da devreye sokarak, \u00f6nce \u201ce\u011fitimin bir baca\u011f\u0131 k\u0131r\u0131k olan mekanik materyalist altyap\u0131s\u0131\u201dna sald\u0131r\u0131ld\u0131. E\u011fitim Bakan\u0131 H\u00fcseyin \u00c7elik\u2018in \u015fu \u00fcnl\u00fc \u2018ku\u015fkucu\u2019 \u201c\u0130nsan de\u011fil birey yeti\u015ftirece\u011fiz\u201d s\u00f6zleri ve a\u00e7\u0131klad\u0131\u011f\u0131 yeni anlay\u0131\u015f\/model nas\u0131l unutulur?! 2001\u2032de d\u00f6nemin h\u00fck\u00fcmetinden gelen sonu\u00e7suz bir giri\u015fimden \u00fc\u00e7 y\u0131l sonra 2004 y\u0131l\u0131 ortalar\u0131nda, \u201cparadigma de\u011fi\u015fikli\u011fi\u201d s\u00f6ylemiyle, AKP gerici d\u00fc\u015f\u00fcncelerini bilimsellik kisvesi at\u0131na sokarak atak tazeledi ve \u00c7elik, e\u011fitim sisteminde ya\u015fam\u0131n k\u00f6kenine dair \u201ctek y\u00f6nl\u00fc Darwinist g\u00f6r\u00fc\u015f\u00fc\u201d de\u011fi\u015ftirme d\u00fc\u015f\u00fcncesini a\u00e7\u0131klad\u0131. En az\u0131ndan yarat\u0131l\u0131\u015f felsefesinin de -yeterince!- m\u00fcfredatta yer almas\u0131 gerekti\u011fini, \u00e7\u00fcnk\u00fc (kuantum kuram\u0131n\u0131n postmodernizm bulamac\u0131na band\u0131r\u0131lm\u0131\u015f anti bilimsel yorum ve arg\u00fcmanlar\u0131n\u0131n i\u015faret etti\u011fi gibi) \u201cDo\u011fru tek de\u011fil\u201ddi! \u201c2 kere 2 d\u00f6rt eder, ama 3 art\u0131 1 de 4 eder, 2\u2032nin karesi de 4 eder\u201ddi! Ku\u015fkucu birey b\u00f6yle olmal\u0131yd\u0131. Farkl\u0131 yollardan ula\u015f\u0131lan \u201csonu\u00e7\u201d farkl\u0131 olmasa da (4 her yerde 4\u2032t\u00fcr!) ku\u015fku duymal\u0131! \u00c7\u00fcnk\u00fc yeti\u015ftirilen insan de\u011fil bireydir, her bireyin de farkl\u0131 bir do\u011frusu vard\u0131r! Bilimsel yakla\u015f\u0131m\/felsefe (!) bu olunca neden tek tarafl\u0131 \u201cevrimci g\u00f6r\u00fc\u015fle yeti\u015fsin\u201d \u201c\u00e7a\u011fda\u015f\u201d ve de d\u00fcnyadaki emsalleriyle rekabet edecek bireyler?! Madem \u201cDo\u011fru tek de\u011fil\u201ddi, o halde dini-dogmatik sa\u00e7masall\u0131\u011f\u0131 da -bir alternatif olarak- \u00f6\u011frenmeli, \u201cmukayese\u201d yapmal\u0131 her \u201cbirey.\u201d \u201cH\u00fcr beyne sahip\u201d, \u201ch\u00fcr bireyler\u201d karar\u0131 kendileri versindi! AKP\u2019nin ekonomide liberal, k\u00fclt\u00fcrel muhafazakar birey tasar\u0131m\u0131yd\u0131 bu.<\/p>\n<p style=\"text-align: justify;\">Siyasal alandan gelen bu gerici sald\u0131r\u0131lara kar\u015f\u0131 T\u00fcrkiye\u2019de \u00e7e\u015fitli \u00fcniversitelerden 700 akademisyenin imzas\u0131yla bir kar\u015f\u0131 bildiri yay\u0131nland\u0131. Burada \u015fu soru akla geliyor elbette: 1985\u2032ten bu yana, yarat\u0131l\u0131\u015f dogmas\u0131 fen ve biyoloji ders kitaplar\u0131nda yer al\u0131rken, bu 700 akademisyen neredeydi acaba? Bu kar\u015f\u0131 \u00e7\u0131k\u0131\u015f\u0131n bilim\/evrim teorisini savunman\u0131n yan\u0131nda, bir di\u011fer amac\u0131 (hatta \u00f6ncelikli olan\u0131) alevlendirilen gerici \u201claik-anti laik\u201d kampla\u015fmas\u0131nda laik kesime yedeklenerek AKP\u2019yi zay\u0131flatmak i\u00e7in toplumsal dayanak olu\u015fturmakt\u0131r. Yine de bu giri\u015fim -bilimi savunman\u0131n yan\u0131 s\u0131ra AKP\u2019yi s\u0131k\u0131\u015ft\u0131rma hamlelerine ra\u011fmen- burjuva medyada yeteri kadar yer bulamad\u0131, birka\u00e7 haberle ge\u00e7i\u015ftirildi. Buna kar\u015f\u0131n, evrim kar\u015f\u0131tlar\u0131 dinci gerici kesimler (Harun Yahya boy boy gazete ilanlar\u0131 veriyor \u00f6rne\u011fin) sahip olduklar\u0131 muazzam mali kaynaklarla g\u00fc\u00e7l\u00fc kitle eri\u015fim olanaklar\u0131n\u0131 -h\u00fck\u00fcmet deste\u011fini de arkalar\u0131na al\u0131p- kullanarak zehirli g\u00f6r\u00fc\u015flerini bu puslu havada bilin\u00e7lere boca ediyorlar.<\/p>\n<p style=\"text-align: justify;\">kaynak:ufukcizgisi<\/p>\n","protected":false},"excerpt":{"rendered":"<p>Ya\u015fam\u0131n k\u00f6keni ne? Canl\u0131lar nas\u0131l olu\u015ftu? \u0130nsan nas\u0131l insan oldu?.. Bildik sorular de\u011fil mi? Son zamanlarda \u201cyarat\u0131l\u0131\u015f teorileri\u201dnin \u201cen yeni\u201d versiyonu \u201cak\u0131ll\u0131 tasar\u0131m\u201d da bu sorulara yan\u0131t olma iddias\u0131yla kar\u015f\u0131m\u0131za \u00e7\u0131k\u0131yor. \u015e\u00f6yle bir g\u00f6z att\u0131\u011f\u0131m\u0131zda bile \u00f6zde de\u011fi\u015fen bir \u015feyin olmad\u0131\u011f\u0131n\u0131 g\u00f6r\u00fcr\u00fcz. \u201cAk\u0131ll\u0131 tasar\u0131m\u201d\u0131 di\u011fer yarat\u0131l\u0131\u015f teorileri\u201dnden farkl\u0131 k\u0131lan sadece bilimsellik sosuyla harmanlanm\u0131\u015f \u201cyeni\u201d bir [&hellip;]<\/p>\n","protected":false},"author":1,"featured_media":0,"comment_status":"open","ping_status":"open","sticky":false,"template":"","format":"standard","meta":{"footnotes":""},"categories":[48],"tags":[],"class_list":{"0":"post-696","1":"post","2":"type-post","3":"status-publish","4":"format-standard","6":"category-evrim"},"yoast_head":"<!-- This site is optimized with the Yoast SEO Premium plugin v24.9 (Yoast SEO v24.9) - https:\/\/yoast.com\/wordpress\/plugins\/seo\/ -->\n<title>Tanr\u0131 gitti yerine tasar\u0131mc\u0131 versek? | Akl\u0131evvellerin &quot;tasar\u0131m\u0131&quot;! - narteks.net<\/title>\n<meta name=\"robots\" content=\"index, follow, max-snippet:-1, max-image-preview:large, max-video-preview:-1\" \/>\n<link rel=\"canonical\" href=\"https:\/\/narteks.net\/index.php\/2010\/02\/24\/tanri-gitti-yerine-tasarimci-versek-aklievvellerin-qtasarimiq\/\" \/>\n<meta property=\"og:locale\" content=\"tr_TR\" \/>\n<meta property=\"og:type\" content=\"article\" \/>\n<meta property=\"og:title\" content=\"Tanr\u0131 gitti yerine tasar\u0131mc\u0131 versek? | Akl\u0131evvellerin &quot;tasar\u0131m\u0131&quot;!\" \/>\n<meta property=\"og:description\" content=\"Ya\u015fam\u0131n k\u00f6keni ne? Canl\u0131lar nas\u0131l olu\u015ftu? \u0130nsan nas\u0131l insan oldu?.. Bildik sorular de\u011fil mi? Son zamanlarda \u201cyarat\u0131l\u0131\u015f teorileri\u201dnin \u201cen yeni\u201d versiyonu \u201cak\u0131ll\u0131 tasar\u0131m\u201d da bu sorulara yan\u0131t olma iddias\u0131yla kar\u015f\u0131m\u0131za \u00e7\u0131k\u0131yor. \u015e\u00f6yle bir g\u00f6z att\u0131\u011f\u0131m\u0131zda bile \u00f6zde de\u011fi\u015fen bir \u015feyin olmad\u0131\u011f\u0131n\u0131 g\u00f6r\u00fcr\u00fcz. \u201cAk\u0131ll\u0131 tasar\u0131m\u201d\u0131 di\u011fer yarat\u0131l\u0131\u015f teorileri\u201dnden farkl\u0131 k\u0131lan sadece bilimsellik sosuyla harmanlanm\u0131\u015f \u201cyeni\u201d bir [&hellip;]\" \/>\n<meta property=\"og:url\" content=\"https:\/\/narteks.net\/index.php\/2010\/02\/24\/tanri-gitti-yerine-tasarimci-versek-aklievvellerin-qtasarimiq\/\" \/>\n<meta property=\"og:site_name\" content=\"narteks.net\" \/>\n<meta property=\"article:published_time\" content=\"2010-02-23T22:00:00+00:00\" \/>\n<meta property=\"og:image\" content=\"http:\/\/www.pctime.com.tr\/haberresim\/bilimer_tasarimci_logo.jpg\" \/>\n<meta name=\"author\" content=\"Tar\u0131k\" \/>\n<meta name=\"twitter:card\" content=\"summary_large_image\" \/>\n<meta name=\"twitter:creator\" content=\"@narteks\" \/>\n<meta name=\"twitter:site\" content=\"@narteks\" \/>\n<meta name=\"twitter:label1\" content=\"Yazan:\" \/>\n\t<meta name=\"twitter:data1\" content=\"Tar\u0131k\" \/>\n\t<meta name=\"twitter:label2\" content=\"Tahmini okuma s\u00fcresi\" \/>\n\t<meta name=\"twitter:data2\" content=\"10 dakika\" \/>\n<script type=\"application\/ld+json\" class=\"yoast-schema-graph\">{\"@context\":\"https:\/\/schema.org\",\"@graph\":[{\"@type\":\"Article\",\"@id\":\"https:\/\/narteks.net\/index.php\/2010\/02\/24\/tanri-gitti-yerine-tasarimci-versek-aklievvellerin-qtasarimiq\/#article\",\"isPartOf\":{\"@id\":\"https:\/\/narteks.net\/index.php\/2010\/02\/24\/tanri-gitti-yerine-tasarimci-versek-aklievvellerin-qtasarimiq\/\"},\"author\":{\"name\":\"Tar\u0131k\",\"@id\":\"https:\/\/narteks.net\/#\/schema\/person\/61f37d9834294b72d31d274e7ed79bca\"},\"headline\":\"Tanr\u0131 gitti yerine tasar\u0131mc\u0131 versek? | Akl\u0131evvellerin &#8220;tasar\u0131m\u0131&#8221;!\",\"datePublished\":\"2010-02-23T22:00:00+00:00\",\"mainEntityOfPage\":{\"@id\":\"https:\/\/narteks.net\/index.php\/2010\/02\/24\/tanri-gitti-yerine-tasarimci-versek-aklievvellerin-qtasarimiq\/\"},\"wordCount\":2050,\"commentCount\":0,\"publisher\":{\"@id\":\"https:\/\/narteks.net\/#organization\"},\"image\":{\"@id\":\"https:\/\/narteks.net\/index.php\/2010\/02\/24\/tanri-gitti-yerine-tasarimci-versek-aklievvellerin-qtasarimiq\/#primaryimage\"},\"thumbnailUrl\":\"http:\/\/www.pctime.com.tr\/haberresim\/bilimer_tasarimci_logo.jpg\",\"articleSection\":[\"Evrim\"],\"inLanguage\":\"tr\",\"potentialAction\":[{\"@type\":\"CommentAction\",\"name\":\"Comment\",\"target\":[\"https:\/\/narteks.net\/index.php\/2010\/02\/24\/tanri-gitti-yerine-tasarimci-versek-aklievvellerin-qtasarimiq\/#respond\"]}]},{\"@type\":\"WebPage\",\"@id\":\"https:\/\/narteks.net\/index.php\/2010\/02\/24\/tanri-gitti-yerine-tasarimci-versek-aklievvellerin-qtasarimiq\/\",\"url\":\"https:\/\/narteks.net\/index.php\/2010\/02\/24\/tanri-gitti-yerine-tasarimci-versek-aklievvellerin-qtasarimiq\/\",\"name\":\"Tanr\u0131 gitti yerine tasar\u0131mc\u0131 versek? | Akl\u0131evvellerin \\\"tasar\u0131m\u0131\\\"! - narteks.net\",\"isPartOf\":{\"@id\":\"https:\/\/narteks.net\/#website\"},\"primaryImageOfPage\":{\"@id\":\"https:\/\/narteks.net\/index.php\/2010\/02\/24\/tanri-gitti-yerine-tasarimci-versek-aklievvellerin-qtasarimiq\/#primaryimage\"},\"image\":{\"@id\":\"https:\/\/narteks.net\/index.php\/2010\/02\/24\/tanri-gitti-yerine-tasarimci-versek-aklievvellerin-qtasarimiq\/#primaryimage\"},\"thumbnailUrl\":\"http:\/\/www.pctime.com.tr\/haberresim\/bilimer_tasarimci_logo.jpg\",\"datePublished\":\"2010-02-23T22:00:00+00:00\",\"breadcrumb\":{\"@id\":\"https:\/\/narteks.net\/index.php\/2010\/02\/24\/tanri-gitti-yerine-tasarimci-versek-aklievvellerin-qtasarimiq\/#breadcrumb\"},\"inLanguage\":\"tr\",\"potentialAction\":[{\"@type\":\"ReadAction\",\"target\":[\"https:\/\/narteks.net\/index.php\/2010\/02\/24\/tanri-gitti-yerine-tasarimci-versek-aklievvellerin-qtasarimiq\/\"]}]},{\"@type\":\"ImageObject\",\"inLanguage\":\"tr\",\"@id\":\"https:\/\/narteks.net\/index.php\/2010\/02\/24\/tanri-gitti-yerine-tasarimci-versek-aklievvellerin-qtasarimiq\/#primaryimage\",\"url\":\"http:\/\/www.pctime.com.tr\/haberresim\/bilimer_tasarimci_logo.jpg\",\"contentUrl\":\"http:\/\/www.pctime.com.tr\/haberresim\/bilimer_tasarimci_logo.jpg\"},{\"@type\":\"BreadcrumbList\",\"@id\":\"https:\/\/narteks.net\/index.php\/2010\/02\/24\/tanri-gitti-yerine-tasarimci-versek-aklievvellerin-qtasarimiq\/#breadcrumb\",\"itemListElement\":[{\"@type\":\"ListItem\",\"position\":1,\"name\":\"Anasayfa\",\"item\":\"https:\/\/narteks.net\/\"},{\"@type\":\"ListItem\",\"position\":2,\"name\":\"Tanr\u0131 gitti yerine tasar\u0131mc\u0131 versek? | Akl\u0131evvellerin &#8220;tasar\u0131m\u0131&#8221;!\"}]},{\"@type\":\"WebSite\",\"@id\":\"https:\/\/narteks.net\/#website\",\"url\":\"https:\/\/narteks.net\/\",\"name\":\"narteks.net\",\"description\":\"K\u00fclt\u00fcr Sanat Edebiyat Felsefe\",\"publisher\":{\"@id\":\"https:\/\/narteks.net\/#organization\"},\"alternateName\":\"K\u00fclt\u00fcr Sanat Edebiyat Felsefe\",\"potentialAction\":[{\"@type\":\"SearchAction\",\"target\":{\"@type\":\"EntryPoint\",\"urlTemplate\":\"https:\/\/narteks.net\/?s={search_term_string}\"},\"query-input\":{\"@type\":\"PropertyValueSpecification\",\"valueRequired\":true,\"valueName\":\"search_term_string\"}}],\"inLanguage\":\"tr\"},{\"@type\":\"Organization\",\"@id\":\"https:\/\/narteks.net\/#organization\",\"name\":\"narteks.net\",\"url\":\"https:\/\/narteks.net\/\",\"logo\":{\"@type\":\"ImageObject\",\"inLanguage\":\"tr\",\"@id\":\"https:\/\/narteks.net\/#\/schema\/logo\/image\/\",\"url\":\"https:\/\/narteks.net\/wp-content\/uploads\/narteks.png\",\"contentUrl\":\"https:\/\/narteks.net\/wp-content\/uploads\/narteks.png\",\"width\":300,\"height\":90,\"caption\":\"narteks.net\"},\"image\":{\"@id\":\"https:\/\/narteks.net\/#\/schema\/logo\/image\/\"},\"sameAs\":[\"https:\/\/x.com\/narteks\",\"https:\/\/instagram.com\/narteksnet\"]},{\"@type\":\"Person\",\"@id\":\"https:\/\/narteks.net\/#\/schema\/person\/61f37d9834294b72d31d274e7ed79bca\",\"name\":\"Tar\u0131k\",\"image\":{\"@type\":\"ImageObject\",\"inLanguage\":\"tr\",\"@id\":\"https:\/\/narteks.net\/#\/schema\/person\/image\/\",\"url\":\"https:\/\/secure.gravatar.com\/avatar\/50865afb55632c4ae467e0af0930f6510aa2297d8014be502a55b14f3b7550cf?s=96&d=mm&r=g\",\"contentUrl\":\"https:\/\/secure.gravatar.com\/avatar\/50865afb55632c4ae467e0af0930f6510aa2297d8014be502a55b14f3b7550cf?s=96&d=mm&r=g\",\"caption\":\"Tar\u0131k\"},\"sameAs\":[\"http:\/\/narteks.net\"],\"url\":\"https:\/\/narteks.net\/index.php\/author\/narbak\/\"}]}<\/script>\n<!-- \/ Yoast SEO Premium plugin. -->","yoast_head_json":{"title":"Tanr\u0131 gitti yerine tasar\u0131mc\u0131 versek? | Akl\u0131evvellerin \"tasar\u0131m\u0131\"! - narteks.net","robots":{"index":"index","follow":"follow","max-snippet":"max-snippet:-1","max-image-preview":"max-image-preview:large","max-video-preview":"max-video-preview:-1"},"canonical":"https:\/\/narteks.net\/index.php\/2010\/02\/24\/tanri-gitti-yerine-tasarimci-versek-aklievvellerin-qtasarimiq\/","og_locale":"tr_TR","og_type":"article","og_title":"Tanr\u0131 gitti yerine tasar\u0131mc\u0131 versek? | Akl\u0131evvellerin \"tasar\u0131m\u0131\"!","og_description":"Ya\u015fam\u0131n k\u00f6keni ne? Canl\u0131lar nas\u0131l olu\u015ftu? \u0130nsan nas\u0131l insan oldu?.. Bildik sorular de\u011fil mi? Son zamanlarda \u201cyarat\u0131l\u0131\u015f teorileri\u201dnin \u201cen yeni\u201d versiyonu \u201cak\u0131ll\u0131 tasar\u0131m\u201d da bu sorulara yan\u0131t olma iddias\u0131yla kar\u015f\u0131m\u0131za \u00e7\u0131k\u0131yor. \u015e\u00f6yle bir g\u00f6z att\u0131\u011f\u0131m\u0131zda bile \u00f6zde de\u011fi\u015fen bir \u015feyin olmad\u0131\u011f\u0131n\u0131 g\u00f6r\u00fcr\u00fcz. \u201cAk\u0131ll\u0131 tasar\u0131m\u201d\u0131 di\u011fer yarat\u0131l\u0131\u015f teorileri\u201dnden farkl\u0131 k\u0131lan sadece bilimsellik sosuyla harmanlanm\u0131\u015f \u201cyeni\u201d bir [&hellip;]","og_url":"https:\/\/narteks.net\/index.php\/2010\/02\/24\/tanri-gitti-yerine-tasarimci-versek-aklievvellerin-qtasarimiq\/","og_site_name":"narteks.net","article_published_time":"2010-02-23T22:00:00+00:00","og_image":[{"url":"http:\/\/www.pctime.com.tr\/haberresim\/bilimer_tasarimci_logo.jpg","type":"","width":"","height":""}],"author":"Tar\u0131k","twitter_card":"summary_large_image","twitter_creator":"@narteks","twitter_site":"@narteks","twitter_misc":{"Yazan:":"Tar\u0131k","Tahmini okuma s\u00fcresi":"10 dakika"},"schema":{"@context":"https:\/\/schema.org","@graph":[{"@type":"Article","@id":"https:\/\/narteks.net\/index.php\/2010\/02\/24\/tanri-gitti-yerine-tasarimci-versek-aklievvellerin-qtasarimiq\/#article","isPartOf":{"@id":"https:\/\/narteks.net\/index.php\/2010\/02\/24\/tanri-gitti-yerine-tasarimci-versek-aklievvellerin-qtasarimiq\/"},"author":{"name":"Tar\u0131k","@id":"https:\/\/narteks.net\/#\/schema\/person\/61f37d9834294b72d31d274e7ed79bca"},"headline":"Tanr\u0131 gitti yerine tasar\u0131mc\u0131 versek? | Akl\u0131evvellerin &#8220;tasar\u0131m\u0131&#8221;!","datePublished":"2010-02-23T22:00:00+00:00","mainEntityOfPage":{"@id":"https:\/\/narteks.net\/index.php\/2010\/02\/24\/tanri-gitti-yerine-tasarimci-versek-aklievvellerin-qtasarimiq\/"},"wordCount":2050,"commentCount":0,"publisher":{"@id":"https:\/\/narteks.net\/#organization"},"image":{"@id":"https:\/\/narteks.net\/index.php\/2010\/02\/24\/tanri-gitti-yerine-tasarimci-versek-aklievvellerin-qtasarimiq\/#primaryimage"},"thumbnailUrl":"http:\/\/www.pctime.com.tr\/haberresim\/bilimer_tasarimci_logo.jpg","articleSection":["Evrim"],"inLanguage":"tr","potentialAction":[{"@type":"CommentAction","name":"Comment","target":["https:\/\/narteks.net\/index.php\/2010\/02\/24\/tanri-gitti-yerine-tasarimci-versek-aklievvellerin-qtasarimiq\/#respond"]}]},{"@type":"WebPage","@id":"https:\/\/narteks.net\/index.php\/2010\/02\/24\/tanri-gitti-yerine-tasarimci-versek-aklievvellerin-qtasarimiq\/","url":"https:\/\/narteks.net\/index.php\/2010\/02\/24\/tanri-gitti-yerine-tasarimci-versek-aklievvellerin-qtasarimiq\/","name":"Tanr\u0131 gitti yerine tasar\u0131mc\u0131 versek? | Akl\u0131evvellerin \"tasar\u0131m\u0131\"! - narteks.net","isPartOf":{"@id":"https:\/\/narteks.net\/#website"},"primaryImageOfPage":{"@id":"https:\/\/narteks.net\/index.php\/2010\/02\/24\/tanri-gitti-yerine-tasarimci-versek-aklievvellerin-qtasarimiq\/#primaryimage"},"image":{"@id":"https:\/\/narteks.net\/index.php\/2010\/02\/24\/tanri-gitti-yerine-tasarimci-versek-aklievvellerin-qtasarimiq\/#primaryimage"},"thumbnailUrl":"http:\/\/www.pctime.com.tr\/haberresim\/bilimer_tasarimci_logo.jpg","datePublished":"2010-02-23T22:00:00+00:00","breadcrumb":{"@id":"https:\/\/narteks.net\/index.php\/2010\/02\/24\/tanri-gitti-yerine-tasarimci-versek-aklievvellerin-qtasarimiq\/#breadcrumb"},"inLanguage":"tr","potentialAction":[{"@type":"ReadAction","target":["https:\/\/narteks.net\/index.php\/2010\/02\/24\/tanri-gitti-yerine-tasarimci-versek-aklievvellerin-qtasarimiq\/"]}]},{"@type":"ImageObject","inLanguage":"tr","@id":"https:\/\/narteks.net\/index.php\/2010\/02\/24\/tanri-gitti-yerine-tasarimci-versek-aklievvellerin-qtasarimiq\/#primaryimage","url":"http:\/\/www.pctime.com.tr\/haberresim\/bilimer_tasarimci_logo.jpg","contentUrl":"http:\/\/www.pctime.com.tr\/haberresim\/bilimer_tasarimci_logo.jpg"},{"@type":"BreadcrumbList","@id":"https:\/\/narteks.net\/index.php\/2010\/02\/24\/tanri-gitti-yerine-tasarimci-versek-aklievvellerin-qtasarimiq\/#breadcrumb","itemListElement":[{"@type":"ListItem","position":1,"name":"Anasayfa","item":"https:\/\/narteks.net\/"},{"@type":"ListItem","position":2,"name":"Tanr\u0131 gitti yerine tasar\u0131mc\u0131 versek? | Akl\u0131evvellerin &#8220;tasar\u0131m\u0131&#8221;!"}]},{"@type":"WebSite","@id":"https:\/\/narteks.net\/#website","url":"https:\/\/narteks.net\/","name":"narteks.net","description":"K\u00fclt\u00fcr Sanat Edebiyat Felsefe","publisher":{"@id":"https:\/\/narteks.net\/#organization"},"alternateName":"K\u00fclt\u00fcr Sanat Edebiyat Felsefe","potentialAction":[{"@type":"SearchAction","target":{"@type":"EntryPoint","urlTemplate":"https:\/\/narteks.net\/?s={search_term_string}"},"query-input":{"@type":"PropertyValueSpecification","valueRequired":true,"valueName":"search_term_string"}}],"inLanguage":"tr"},{"@type":"Organization","@id":"https:\/\/narteks.net\/#organization","name":"narteks.net","url":"https:\/\/narteks.net\/","logo":{"@type":"ImageObject","inLanguage":"tr","@id":"https:\/\/narteks.net\/#\/schema\/logo\/image\/","url":"https:\/\/narteks.net\/wp-content\/uploads\/narteks.png","contentUrl":"https:\/\/narteks.net\/wp-content\/uploads\/narteks.png","width":300,"height":90,"caption":"narteks.net"},"image":{"@id":"https:\/\/narteks.net\/#\/schema\/logo\/image\/"},"sameAs":["https:\/\/x.com\/narteks","https:\/\/instagram.com\/narteksnet"]},{"@type":"Person","@id":"https:\/\/narteks.net\/#\/schema\/person\/61f37d9834294b72d31d274e7ed79bca","name":"Tar\u0131k","image":{"@type":"ImageObject","inLanguage":"tr","@id":"https:\/\/narteks.net\/#\/schema\/person\/image\/","url":"https:\/\/secure.gravatar.com\/avatar\/50865afb55632c4ae467e0af0930f6510aa2297d8014be502a55b14f3b7550cf?s=96&d=mm&r=g","contentUrl":"https:\/\/secure.gravatar.com\/avatar\/50865afb55632c4ae467e0af0930f6510aa2297d8014be502a55b14f3b7550cf?s=96&d=mm&r=g","caption":"Tar\u0131k"},"sameAs":["http:\/\/narteks.net"],"url":"https:\/\/narteks.net\/index.php\/author\/narbak\/"}]}},"_links":{"self":[{"href":"https:\/\/narteks.net\/index.php\/wp-json\/wp\/v2\/posts\/696","targetHints":{"allow":["GET"]}}],"collection":[{"href":"https:\/\/narteks.net\/index.php\/wp-json\/wp\/v2\/posts"}],"about":[{"href":"https:\/\/narteks.net\/index.php\/wp-json\/wp\/v2\/types\/post"}],"author":[{"embeddable":true,"href":"https:\/\/narteks.net\/index.php\/wp-json\/wp\/v2\/users\/1"}],"replies":[{"embeddable":true,"href":"https:\/\/narteks.net\/index.php\/wp-json\/wp\/v2\/comments?post=696"}],"version-history":[{"count":0,"href":"https:\/\/narteks.net\/index.php\/wp-json\/wp\/v2\/posts\/696\/revisions"}],"wp:attachment":[{"href":"https:\/\/narteks.net\/index.php\/wp-json\/wp\/v2\/media?parent=696"}],"wp:term":[{"taxonomy":"category","embeddable":true,"href":"https:\/\/narteks.net\/index.php\/wp-json\/wp\/v2\/categories?post=696"},{"taxonomy":"post_tag","embeddable":true,"href":"https:\/\/narteks.net\/index.php\/wp-json\/wp\/v2\/tags?post=696"}],"curies":[{"name":"wp","href":"https:\/\/api.w.org\/{rel}","templated":true}]}}