{"id":6961,"date":"2018-08-01T13:18:19","date_gmt":"2018-08-01T10:18:19","guid":{"rendered":"http:\/\/localhost\/wordpress\/2018\/08\/01\/isirik-fazlaydi\/"},"modified":"2018-08-01T13:18:19","modified_gmt":"2018-08-01T10:18:19","slug":"isirik-fazlaydi","status":"publish","type":"post","link":"https:\/\/narteks.net\/index.php\/2018\/08\/01\/isirik-fazlaydi\/","title":{"rendered":"ISIRIK FAZLAYDI"},"content":{"rendered":"<p>Bak o eski r\u00fcya geri d\u00f6n\u00fcyor;<br \/>Yukarda y\u0131ld\u0131zlar, may\u0131s gecesi,<br \/>\u00d6l\u00fcms\u00fcz sevgiye yeminler ettik<br \/>Oturup \u0131hlamur alt\u0131nda hani.<\/p>\n<p>Ba\u011fl\u0131l\u0131k yemini, \u00fcst\u00fcste yemin,<br \/>Konu\u015ftuk, \u00f6p\u00fc\u015ft\u00fck, g\u00fcld\u00fck seninle,<br \/>Tuttun bile\u011fimden \u0131s\u0131rd\u0131n beni<br \/>Verdi\u011fim s\u00f6zleri tutay\u0131m diye.<\/p>\n<p>Ey g\u00f6zleri duru duru g\u00fczelim,<br \/>Ey di\u015fleri ak pak, karlardan beyaz,<br \/>Yeminler ortama uygundu ama<br \/>-G\u00fccenme- \u0131s\u0131r\u0131k fazlayd\u0131 biraz.<\/p>\n<p>Heinrich HE\u0130NE<\/p>\n<p>\u00c7eviri: L. Sami AKALIN<\/p>\n","protected":false},"excerpt":{"rendered":"<p>Bak o eski r\u00fcya geri d\u00f6n\u00fcyor;Yukarda y\u0131ld\u0131zlar, may\u0131s gecesi,\u00d6l\u00fcms\u00fcz sevgiye yeminler ettikOturup \u0131hlamur alt\u0131nda hani. Ba\u011fl\u0131l\u0131k yemini, \u00fcst\u00fcste yemin,Konu\u015ftuk, \u00f6p\u00fc\u015ft\u00fck, g\u00fcld\u00fck seninle,Tuttun bile\u011fimden \u0131s\u0131rd\u0131n beniVerdi\u011fim s\u00f6zleri tutay\u0131m diye. Ey g\u00f6zleri duru duru g\u00fczelim,Ey di\u015fleri ak pak, karlardan beyaz,Yeminler ortama uygundu ama-G\u00fccenme- \u0131s\u0131r\u0131k fazlayd\u0131 biraz. Heinrich HE\u0130NE \u00c7eviri: L. Sami AKALIN<\/p>\n","protected":false},"author":1,"featured_media":0,"comment_status":"open","ping_status":"open","sticky":false,"template":"","format":"standard","meta":{"footnotes":""},"categories":[213],"tags":[],"class_list":{"0":"post-6961","1":"post","2":"type-post","3":"status-publish","4":"format-standard","6":"category-heinrich-heine"},"yoast_head":"<!-- This site is optimized with the Yoast SEO Premium plugin v24.9 (Yoast SEO v24.9) - https:\/\/yoast.com\/wordpress\/plugins\/seo\/ -->\n<title>ISIRIK FAZLAYDI - narteks.net<\/title>\n<meta name=\"robots\" content=\"index, follow, max-snippet:-1, max-image-preview:large, max-video-preview:-1\" \/>\n<link rel=\"canonical\" href=\"https:\/\/narteks.net\/index.php\/2018\/08\/01\/isirik-fazlaydi\/\" \/>\n<meta property=\"og:locale\" content=\"tr_TR\" \/>\n<meta property=\"og:type\" content=\"article\" \/>\n<meta property=\"og:title\" content=\"ISIRIK FAZLAYDI\" \/>\n<meta property=\"og:description\" content=\"Bak o eski r\u00fcya geri d\u00f6n\u00fcyor;Yukarda y\u0131ld\u0131zlar, may\u0131s gecesi,\u00d6l\u00fcms\u00fcz sevgiye yeminler ettikOturup \u0131hlamur alt\u0131nda hani. Ba\u011fl\u0131l\u0131k yemini, \u00fcst\u00fcste yemin,Konu\u015ftuk, \u00f6p\u00fc\u015ft\u00fck, g\u00fcld\u00fck seninle,Tuttun bile\u011fimden \u0131s\u0131rd\u0131n beniVerdi\u011fim s\u00f6zleri tutay\u0131m diye. Ey g\u00f6zleri duru duru g\u00fczelim,Ey di\u015fleri ak pak, karlardan beyaz,Yeminler ortama uygundu ama-G\u00fccenme- \u0131s\u0131r\u0131k fazlayd\u0131 biraz. Heinrich HE\u0130NE \u00c7eviri: L. Sami AKALIN\" \/>\n<meta property=\"og:url\" content=\"https:\/\/narteks.net\/index.php\/2018\/08\/01\/isirik-fazlaydi\/\" \/>\n<meta property=\"og:site_name\" content=\"narteks.net\" \/>\n<meta property=\"article:published_time\" content=\"2018-08-01T10:18:19+00:00\" \/>\n<meta property=\"og:image\" content=\"https:\/\/narteks.net\/wp-content\/uploads\/narteks.png\" \/>\n\t<meta property=\"og:image:width\" content=\"300\" \/>\n\t<meta property=\"og:image:height\" content=\"90\" \/>\n\t<meta property=\"og:image:type\" content=\"image\/png\" \/>\n<meta name=\"author\" content=\"Tar\u0131k\" \/>\n<meta name=\"twitter:card\" content=\"summary_large_image\" \/>\n<meta name=\"twitter:creator\" content=\"@narteks\" \/>\n<meta name=\"twitter:site\" content=\"@narteks\" \/>\n<meta name=\"twitter:label1\" content=\"Yazan:\" \/>\n\t<meta name=\"twitter:data1\" content=\"Tar\u0131k\" \/>\n<script type=\"application\/ld+json\" class=\"yoast-schema-graph\">{\"@context\":\"https:\/\/schema.org\",\"@graph\":[{\"@type\":\"Article\",\"@id\":\"https:\/\/narteks.net\/index.php\/2018\/08\/01\/isirik-fazlaydi\/#article\",\"isPartOf\":{\"@id\":\"https:\/\/narteks.net\/index.php\/2018\/08\/01\/isirik-fazlaydi\/\"},\"author\":{\"name\":\"Tar\u0131k\",\"@id\":\"https:\/\/narteks.net\/#\/schema\/person\/61f37d9834294b72d31d274e7ed79bca\"},\"headline\":\"ISIRIK FAZLAYDI\",\"datePublished\":\"2018-08-01T10:18:19+00:00\",\"mainEntityOfPage\":{\"@id\":\"https:\/\/narteks.net\/index.php\/2018\/08\/01\/isirik-fazlaydi\/\"},\"wordCount\":89,\"commentCount\":0,\"publisher\":{\"@id\":\"https:\/\/narteks.net\/#organization\"},\"articleSection\":[\"Heinrich HE\u0130NE\"],\"inLanguage\":\"tr\",\"potentialAction\":[{\"@type\":\"CommentAction\",\"name\":\"Comment\",\"target\":[\"https:\/\/narteks.net\/index.php\/2018\/08\/01\/isirik-fazlaydi\/#respond\"]}]},{\"@type\":\"WebPage\",\"@id\":\"https:\/\/narteks.net\/index.php\/2018\/08\/01\/isirik-fazlaydi\/\",\"url\":\"https:\/\/narteks.net\/index.php\/2018\/08\/01\/isirik-fazlaydi\/\",\"name\":\"ISIRIK FAZLAYDI - narteks.net\",\"isPartOf\":{\"@id\":\"https:\/\/narteks.net\/#website\"},\"datePublished\":\"2018-08-01T10:18:19+00:00\",\"breadcrumb\":{\"@id\":\"https:\/\/narteks.net\/index.php\/2018\/08\/01\/isirik-fazlaydi\/#breadcrumb\"},\"inLanguage\":\"tr\",\"potentialAction\":[{\"@type\":\"ReadAction\",\"target\":[\"https:\/\/narteks.net\/index.php\/2018\/08\/01\/isirik-fazlaydi\/\"]}]},{\"@type\":\"BreadcrumbList\",\"@id\":\"https:\/\/narteks.net\/index.php\/2018\/08\/01\/isirik-fazlaydi\/#breadcrumb\",\"itemListElement\":[{\"@type\":\"ListItem\",\"position\":1,\"name\":\"Anasayfa\",\"item\":\"https:\/\/narteks.net\/\"},{\"@type\":\"ListItem\",\"position\":2,\"name\":\"ISIRIK FAZLAYDI\"}]},{\"@type\":\"WebSite\",\"@id\":\"https:\/\/narteks.net\/#website\",\"url\":\"https:\/\/narteks.net\/\",\"name\":\"narteks.net\",\"description\":\"K\u00fclt\u00fcr Sanat Edebiyat Felsefe\",\"publisher\":{\"@id\":\"https:\/\/narteks.net\/#organization\"},\"alternateName\":\"K\u00fclt\u00fcr Sanat Edebiyat Felsefe\",\"potentialAction\":[{\"@type\":\"SearchAction\",\"target\":{\"@type\":\"EntryPoint\",\"urlTemplate\":\"https:\/\/narteks.net\/?s={search_term_string}\"},\"query-input\":{\"@type\":\"PropertyValueSpecification\",\"valueRequired\":true,\"valueName\":\"search_term_string\"}}],\"inLanguage\":\"tr\"},{\"@type\":\"Organization\",\"@id\":\"https:\/\/narteks.net\/#organization\",\"name\":\"narteks.net\",\"url\":\"https:\/\/narteks.net\/\",\"logo\":{\"@type\":\"ImageObject\",\"inLanguage\":\"tr\",\"@id\":\"https:\/\/narteks.net\/#\/schema\/logo\/image\/\",\"url\":\"https:\/\/narteks.net\/wp-content\/uploads\/narteks.png\",\"contentUrl\":\"https:\/\/narteks.net\/wp-content\/uploads\/narteks.png\",\"width\":300,\"height\":90,\"caption\":\"narteks.net\"},\"image\":{\"@id\":\"https:\/\/narteks.net\/#\/schema\/logo\/image\/\"},\"sameAs\":[\"https:\/\/x.com\/narteks\",\"https:\/\/instagram.com\/narteksnet\"]},{\"@type\":\"Person\",\"@id\":\"https:\/\/narteks.net\/#\/schema\/person\/61f37d9834294b72d31d274e7ed79bca\",\"name\":\"Tar\u0131k\",\"image\":{\"@type\":\"ImageObject\",\"inLanguage\":\"tr\",\"@id\":\"https:\/\/narteks.net\/#\/schema\/person\/image\/\",\"url\":\"https:\/\/secure.gravatar.com\/avatar\/50865afb55632c4ae467e0af0930f6510aa2297d8014be502a55b14f3b7550cf?s=96&d=mm&r=g\",\"contentUrl\":\"https:\/\/secure.gravatar.com\/avatar\/50865afb55632c4ae467e0af0930f6510aa2297d8014be502a55b14f3b7550cf?s=96&d=mm&r=g\",\"caption\":\"Tar\u0131k\"},\"sameAs\":[\"http:\/\/narteks.net\"],\"url\":\"https:\/\/narteks.net\/index.php\/author\/narbak\/\"}]}<\/script>\n<!-- \/ Yoast SEO Premium plugin. -->","yoast_head_json":{"title":"ISIRIK FAZLAYDI - narteks.net","robots":{"index":"index","follow":"follow","max-snippet":"max-snippet:-1","max-image-preview":"max-image-preview:large","max-video-preview":"max-video-preview:-1"},"canonical":"https:\/\/narteks.net\/index.php\/2018\/08\/01\/isirik-fazlaydi\/","og_locale":"tr_TR","og_type":"article","og_title":"ISIRIK FAZLAYDI","og_description":"Bak o eski r\u00fcya geri d\u00f6n\u00fcyor;Yukarda y\u0131ld\u0131zlar, may\u0131s gecesi,\u00d6l\u00fcms\u00fcz sevgiye yeminler ettikOturup \u0131hlamur alt\u0131nda hani. Ba\u011fl\u0131l\u0131k yemini, \u00fcst\u00fcste yemin,Konu\u015ftuk, \u00f6p\u00fc\u015ft\u00fck, g\u00fcld\u00fck seninle,Tuttun bile\u011fimden \u0131s\u0131rd\u0131n beniVerdi\u011fim s\u00f6zleri tutay\u0131m diye. Ey g\u00f6zleri duru duru g\u00fczelim,Ey di\u015fleri ak pak, karlardan beyaz,Yeminler ortama uygundu ama-G\u00fccenme- \u0131s\u0131r\u0131k fazlayd\u0131 biraz. Heinrich HE\u0130NE \u00c7eviri: L. Sami AKALIN","og_url":"https:\/\/narteks.net\/index.php\/2018\/08\/01\/isirik-fazlaydi\/","og_site_name":"narteks.net","article_published_time":"2018-08-01T10:18:19+00:00","og_image":[{"width":300,"height":90,"url":"https:\/\/narteks.net\/wp-content\/uploads\/narteks.png","type":"image\/png"}],"author":"Tar\u0131k","twitter_card":"summary_large_image","twitter_creator":"@narteks","twitter_site":"@narteks","twitter_misc":{"Yazan:":"Tar\u0131k"},"schema":{"@context":"https:\/\/schema.org","@graph":[{"@type":"Article","@id":"https:\/\/narteks.net\/index.php\/2018\/08\/01\/isirik-fazlaydi\/#article","isPartOf":{"@id":"https:\/\/narteks.net\/index.php\/2018\/08\/01\/isirik-fazlaydi\/"},"author":{"name":"Tar\u0131k","@id":"https:\/\/narteks.net\/#\/schema\/person\/61f37d9834294b72d31d274e7ed79bca"},"headline":"ISIRIK FAZLAYDI","datePublished":"2018-08-01T10:18:19+00:00","mainEntityOfPage":{"@id":"https:\/\/narteks.net\/index.php\/2018\/08\/01\/isirik-fazlaydi\/"},"wordCount":89,"commentCount":0,"publisher":{"@id":"https:\/\/narteks.net\/#organization"},"articleSection":["Heinrich HE\u0130NE"],"inLanguage":"tr","potentialAction":[{"@type":"CommentAction","name":"Comment","target":["https:\/\/narteks.net\/index.php\/2018\/08\/01\/isirik-fazlaydi\/#respond"]}]},{"@type":"WebPage","@id":"https:\/\/narteks.net\/index.php\/2018\/08\/01\/isirik-fazlaydi\/","url":"https:\/\/narteks.net\/index.php\/2018\/08\/01\/isirik-fazlaydi\/","name":"ISIRIK FAZLAYDI - narteks.net","isPartOf":{"@id":"https:\/\/narteks.net\/#website"},"datePublished":"2018-08-01T10:18:19+00:00","breadcrumb":{"@id":"https:\/\/narteks.net\/index.php\/2018\/08\/01\/isirik-fazlaydi\/#breadcrumb"},"inLanguage":"tr","potentialAction":[{"@type":"ReadAction","target":["https:\/\/narteks.net\/index.php\/2018\/08\/01\/isirik-fazlaydi\/"]}]},{"@type":"BreadcrumbList","@id":"https:\/\/narteks.net\/index.php\/2018\/08\/01\/isirik-fazlaydi\/#breadcrumb","itemListElement":[{"@type":"ListItem","position":1,"name":"Anasayfa","item":"https:\/\/narteks.net\/"},{"@type":"ListItem","position":2,"name":"ISIRIK FAZLAYDI"}]},{"@type":"WebSite","@id":"https:\/\/narteks.net\/#website","url":"https:\/\/narteks.net\/","name":"narteks.net","description":"K\u00fclt\u00fcr Sanat Edebiyat Felsefe","publisher":{"@id":"https:\/\/narteks.net\/#organization"},"alternateName":"K\u00fclt\u00fcr Sanat Edebiyat Felsefe","potentialAction":[{"@type":"SearchAction","target":{"@type":"EntryPoint","urlTemplate":"https:\/\/narteks.net\/?s={search_term_string}"},"query-input":{"@type":"PropertyValueSpecification","valueRequired":true,"valueName":"search_term_string"}}],"inLanguage":"tr"},{"@type":"Organization","@id":"https:\/\/narteks.net\/#organization","name":"narteks.net","url":"https:\/\/narteks.net\/","logo":{"@type":"ImageObject","inLanguage":"tr","@id":"https:\/\/narteks.net\/#\/schema\/logo\/image\/","url":"https:\/\/narteks.net\/wp-content\/uploads\/narteks.png","contentUrl":"https:\/\/narteks.net\/wp-content\/uploads\/narteks.png","width":300,"height":90,"caption":"narteks.net"},"image":{"@id":"https:\/\/narteks.net\/#\/schema\/logo\/image\/"},"sameAs":["https:\/\/x.com\/narteks","https:\/\/instagram.com\/narteksnet"]},{"@type":"Person","@id":"https:\/\/narteks.net\/#\/schema\/person\/61f37d9834294b72d31d274e7ed79bca","name":"Tar\u0131k","image":{"@type":"ImageObject","inLanguage":"tr","@id":"https:\/\/narteks.net\/#\/schema\/person\/image\/","url":"https:\/\/secure.gravatar.com\/avatar\/50865afb55632c4ae467e0af0930f6510aa2297d8014be502a55b14f3b7550cf?s=96&d=mm&r=g","contentUrl":"https:\/\/secure.gravatar.com\/avatar\/50865afb55632c4ae467e0af0930f6510aa2297d8014be502a55b14f3b7550cf?s=96&d=mm&r=g","caption":"Tar\u0131k"},"sameAs":["http:\/\/narteks.net"],"url":"https:\/\/narteks.net\/index.php\/author\/narbak\/"}]}},"_links":{"self":[{"href":"https:\/\/narteks.net\/index.php\/wp-json\/wp\/v2\/posts\/6961","targetHints":{"allow":["GET"]}}],"collection":[{"href":"https:\/\/narteks.net\/index.php\/wp-json\/wp\/v2\/posts"}],"about":[{"href":"https:\/\/narteks.net\/index.php\/wp-json\/wp\/v2\/types\/post"}],"author":[{"embeddable":true,"href":"https:\/\/narteks.net\/index.php\/wp-json\/wp\/v2\/users\/1"}],"replies":[{"embeddable":true,"href":"https:\/\/narteks.net\/index.php\/wp-json\/wp\/v2\/comments?post=6961"}],"version-history":[{"count":0,"href":"https:\/\/narteks.net\/index.php\/wp-json\/wp\/v2\/posts\/6961\/revisions"}],"wp:attachment":[{"href":"https:\/\/narteks.net\/index.php\/wp-json\/wp\/v2\/media?parent=6961"}],"wp:term":[{"taxonomy":"category","embeddable":true,"href":"https:\/\/narteks.net\/index.php\/wp-json\/wp\/v2\/categories?post=6961"},{"taxonomy":"post_tag","embeddable":true,"href":"https:\/\/narteks.net\/index.php\/wp-json\/wp\/v2\/tags?post=6961"}],"curies":[{"name":"wp","href":"https:\/\/api.w.org\/{rel}","templated":true}]}}