{"id":6963,"date":"2018-08-01T13:21:56","date_gmt":"2018-08-01T10:21:56","guid":{"rendered":"http:\/\/localhost\/wordpress\/2018\/08\/01\/asiklar-2\/"},"modified":"2018-08-01T13:21:56","modified_gmt":"2018-08-01T10:21:56","slug":"asiklar-2","status":"publish","type":"post","link":"https:\/\/narteks.net\/index.php\/2018\/08\/01\/asiklar-2\/","title":{"rendered":"A\u015eIKLAR"},"content":{"rendered":"<p>Geldi s\u00f6z meydan\u0131na \u00e2\u015f\u0131klar<br \/>At\u0131\u015fmak \u00fczre;<br \/>Ah, garip bir yar\u0131\u015ft\u0131r bu,<br \/>Pek tuhaf bir \u00e7eki\u015fme!<\/p>\n<p>Hayal, k\u00f6p\u00fckler i\u00e7inde azg\u0131n<br \/>At\u0131d\u0131r \u00e2\u015f\u0131\u011f\u0131n;<br \/>Sanat, kalkan\u0131,<br \/>Kelimeler k\u0131l\u0131\u00e7 elinde.<\/p>\n<p>Hal\u0131lar serili balkondan<br \/>Bakar kibar han\u0131mlar ne\u015feli,<br \/>Elinde defne dal\u0131 ta\u00e7<br \/>Fakat as\u0131l g\u00fczel yok hani.<\/p>\n<p>Ba\u015fkalar\u0131, vuru\u015fan \u00e7arp\u0131\u015fan<br \/>\u015f\u00f6valyeler sa\u011flamd\u0131r da,<br \/>Biz \u00e2\u015f\u0131klar \u00e7\u0131kar\u0131z ortaya<br \/>\u00d6nceden a\u011f\u0131r yaral\u0131.<\/p>\n<p>Ve orda, kalbinin derinlerinden<br \/>En iyi, en kanl\u0131 \u015fiirler s\u0131zan<br \/>Kazan\u0131r yar\u0131\u015fmay\u0131, ve al\u0131r<br \/>En \u00fcst\u00fcn \u00f6d\u00fcl\u00fc en g\u00fczel a\u011f\u0131zdan.<\/p>\n<p>Heinrich HE\u0130NE<\/p>\n<p>\u00c7eviri: Beh\u00e7et Necatigil<\/p>\n","protected":false},"excerpt":{"rendered":"<p>Geldi s\u00f6z meydan\u0131na \u00e2\u015f\u0131klarAt\u0131\u015fmak \u00fczre;Ah, garip bir yar\u0131\u015ft\u0131r bu,Pek tuhaf bir \u00e7eki\u015fme! Hayal, k\u00f6p\u00fckler i\u00e7inde azg\u0131nAt\u0131d\u0131r \u00e2\u015f\u0131\u011f\u0131n;Sanat, kalkan\u0131,Kelimeler k\u0131l\u0131\u00e7 elinde. Hal\u0131lar serili balkondanBakar kibar han\u0131mlar ne\u015feli,Elinde defne dal\u0131 ta\u00e7Fakat as\u0131l g\u00fczel yok hani. Ba\u015fkalar\u0131, vuru\u015fan \u00e7arp\u0131\u015fan\u015f\u00f6valyeler sa\u011flamd\u0131r da,Biz \u00e2\u015f\u0131klar \u00e7\u0131kar\u0131z ortaya\u00d6nceden a\u011f\u0131r yaral\u0131. Ve orda, kalbinin derinlerindenEn iyi, en kanl\u0131 \u015fiirler s\u0131zanKazan\u0131r yar\u0131\u015fmay\u0131, ve al\u0131rEn [&hellip;]<\/p>\n","protected":false},"author":1,"featured_media":0,"comment_status":"open","ping_status":"open","sticky":false,"template":"","format":"standard","meta":{"footnotes":""},"categories":[213],"tags":[],"class_list":{"0":"post-6963","1":"post","2":"type-post","3":"status-publish","4":"format-standard","6":"category-heinrich-heine"},"yoast_head":"<!-- This site is optimized with the Yoast SEO Premium plugin v24.9 (Yoast SEO v24.9) - https:\/\/yoast.com\/wordpress\/plugins\/seo\/ -->\n<title>A\u015eIKLAR - narteks.net<\/title>\n<meta name=\"robots\" content=\"index, follow, max-snippet:-1, max-image-preview:large, max-video-preview:-1\" \/>\n<link rel=\"canonical\" href=\"https:\/\/narteks.net\/index.php\/2018\/08\/01\/asiklar-2\/\" \/>\n<meta property=\"og:locale\" content=\"tr_TR\" \/>\n<meta property=\"og:type\" content=\"article\" \/>\n<meta property=\"og:title\" content=\"A\u015eIKLAR\" \/>\n<meta property=\"og:description\" content=\"Geldi s\u00f6z meydan\u0131na \u00e2\u015f\u0131klarAt\u0131\u015fmak \u00fczre;Ah, garip bir yar\u0131\u015ft\u0131r bu,Pek tuhaf bir \u00e7eki\u015fme! Hayal, k\u00f6p\u00fckler i\u00e7inde azg\u0131nAt\u0131d\u0131r \u00e2\u015f\u0131\u011f\u0131n;Sanat, kalkan\u0131,Kelimeler k\u0131l\u0131\u00e7 elinde. Hal\u0131lar serili balkondanBakar kibar han\u0131mlar ne\u015feli,Elinde defne dal\u0131 ta\u00e7Fakat as\u0131l g\u00fczel yok hani. Ba\u015fkalar\u0131, vuru\u015fan \u00e7arp\u0131\u015fan\u015f\u00f6valyeler sa\u011flamd\u0131r da,Biz \u00e2\u015f\u0131klar \u00e7\u0131kar\u0131z ortaya\u00d6nceden a\u011f\u0131r yaral\u0131. Ve orda, kalbinin derinlerindenEn iyi, en kanl\u0131 \u015fiirler s\u0131zanKazan\u0131r yar\u0131\u015fmay\u0131, ve al\u0131rEn [&hellip;]\" \/>\n<meta property=\"og:url\" content=\"https:\/\/narteks.net\/index.php\/2018\/08\/01\/asiklar-2\/\" \/>\n<meta property=\"og:site_name\" content=\"narteks.net\" \/>\n<meta property=\"article:published_time\" content=\"2018-08-01T10:21:56+00:00\" \/>\n<meta property=\"og:image\" content=\"https:\/\/narteks.net\/wp-content\/uploads\/narteks.png\" \/>\n\t<meta property=\"og:image:width\" content=\"300\" \/>\n\t<meta property=\"og:image:height\" content=\"90\" \/>\n\t<meta property=\"og:image:type\" content=\"image\/png\" \/>\n<meta name=\"author\" content=\"Tar\u0131k\" \/>\n<meta name=\"twitter:card\" content=\"summary_large_image\" \/>\n<meta name=\"twitter:creator\" content=\"@narteks\" \/>\n<meta name=\"twitter:site\" content=\"@narteks\" \/>\n<meta name=\"twitter:label1\" content=\"Yazan:\" \/>\n\t<meta name=\"twitter:data1\" content=\"Tar\u0131k\" \/>\n\t<meta name=\"twitter:label2\" content=\"Tahmini okuma s\u00fcresi\" \/>\n\t<meta name=\"twitter:data2\" content=\"1 dakika\" \/>\n<script type=\"application\/ld+json\" class=\"yoast-schema-graph\">{\"@context\":\"https:\/\/schema.org\",\"@graph\":[{\"@type\":\"Article\",\"@id\":\"https:\/\/narteks.net\/index.php\/2018\/08\/01\/asiklar-2\/#article\",\"isPartOf\":{\"@id\":\"https:\/\/narteks.net\/index.php\/2018\/08\/01\/asiklar-2\/\"},\"author\":{\"name\":\"Tar\u0131k\",\"@id\":\"https:\/\/narteks.net\/#\/schema\/person\/61f37d9834294b72d31d274e7ed79bca\"},\"headline\":\"A\u015eIKLAR\",\"datePublished\":\"2018-08-01T10:21:56+00:00\",\"mainEntityOfPage\":{\"@id\":\"https:\/\/narteks.net\/index.php\/2018\/08\/01\/asiklar-2\/\"},\"wordCount\":111,\"commentCount\":0,\"publisher\":{\"@id\":\"https:\/\/narteks.net\/#organization\"},\"articleSection\":[\"Heinrich HE\u0130NE\"],\"inLanguage\":\"tr\",\"potentialAction\":[{\"@type\":\"CommentAction\",\"name\":\"Comment\",\"target\":[\"https:\/\/narteks.net\/index.php\/2018\/08\/01\/asiklar-2\/#respond\"]}]},{\"@type\":\"WebPage\",\"@id\":\"https:\/\/narteks.net\/index.php\/2018\/08\/01\/asiklar-2\/\",\"url\":\"https:\/\/narteks.net\/index.php\/2018\/08\/01\/asiklar-2\/\",\"name\":\"A\u015eIKLAR - narteks.net\",\"isPartOf\":{\"@id\":\"https:\/\/narteks.net\/#website\"},\"datePublished\":\"2018-08-01T10:21:56+00:00\",\"breadcrumb\":{\"@id\":\"https:\/\/narteks.net\/index.php\/2018\/08\/01\/asiklar-2\/#breadcrumb\"},\"inLanguage\":\"tr\",\"potentialAction\":[{\"@type\":\"ReadAction\",\"target\":[\"https:\/\/narteks.net\/index.php\/2018\/08\/01\/asiklar-2\/\"]}]},{\"@type\":\"BreadcrumbList\",\"@id\":\"https:\/\/narteks.net\/index.php\/2018\/08\/01\/asiklar-2\/#breadcrumb\",\"itemListElement\":[{\"@type\":\"ListItem\",\"position\":1,\"name\":\"Anasayfa\",\"item\":\"https:\/\/narteks.net\/\"},{\"@type\":\"ListItem\",\"position\":2,\"name\":\"A\u015eIKLAR\"}]},{\"@type\":\"WebSite\",\"@id\":\"https:\/\/narteks.net\/#website\",\"url\":\"https:\/\/narteks.net\/\",\"name\":\"narteks.net\",\"description\":\"K\u00fclt\u00fcr Sanat Edebiyat Felsefe\",\"publisher\":{\"@id\":\"https:\/\/narteks.net\/#organization\"},\"alternateName\":\"K\u00fclt\u00fcr Sanat Edebiyat Felsefe\",\"potentialAction\":[{\"@type\":\"SearchAction\",\"target\":{\"@type\":\"EntryPoint\",\"urlTemplate\":\"https:\/\/narteks.net\/?s={search_term_string}\"},\"query-input\":{\"@type\":\"PropertyValueSpecification\",\"valueRequired\":true,\"valueName\":\"search_term_string\"}}],\"inLanguage\":\"tr\"},{\"@type\":\"Organization\",\"@id\":\"https:\/\/narteks.net\/#organization\",\"name\":\"narteks.net\",\"url\":\"https:\/\/narteks.net\/\",\"logo\":{\"@type\":\"ImageObject\",\"inLanguage\":\"tr\",\"@id\":\"https:\/\/narteks.net\/#\/schema\/logo\/image\/\",\"url\":\"https:\/\/narteks.net\/wp-content\/uploads\/narteks.png\",\"contentUrl\":\"https:\/\/narteks.net\/wp-content\/uploads\/narteks.png\",\"width\":300,\"height\":90,\"caption\":\"narteks.net\"},\"image\":{\"@id\":\"https:\/\/narteks.net\/#\/schema\/logo\/image\/\"},\"sameAs\":[\"https:\/\/x.com\/narteks\",\"https:\/\/instagram.com\/narteksnet\"]},{\"@type\":\"Person\",\"@id\":\"https:\/\/narteks.net\/#\/schema\/person\/61f37d9834294b72d31d274e7ed79bca\",\"name\":\"Tar\u0131k\",\"image\":{\"@type\":\"ImageObject\",\"inLanguage\":\"tr\",\"@id\":\"https:\/\/narteks.net\/#\/schema\/person\/image\/\",\"url\":\"https:\/\/secure.gravatar.com\/avatar\/50865afb55632c4ae467e0af0930f6510aa2297d8014be502a55b14f3b7550cf?s=96&d=mm&r=g\",\"contentUrl\":\"https:\/\/secure.gravatar.com\/avatar\/50865afb55632c4ae467e0af0930f6510aa2297d8014be502a55b14f3b7550cf?s=96&d=mm&r=g\",\"caption\":\"Tar\u0131k\"},\"sameAs\":[\"http:\/\/narteks.net\"],\"url\":\"https:\/\/narteks.net\/index.php\/author\/narbak\/\"}]}<\/script>\n<!-- \/ Yoast SEO Premium plugin. -->","yoast_head_json":{"title":"A\u015eIKLAR - narteks.net","robots":{"index":"index","follow":"follow","max-snippet":"max-snippet:-1","max-image-preview":"max-image-preview:large","max-video-preview":"max-video-preview:-1"},"canonical":"https:\/\/narteks.net\/index.php\/2018\/08\/01\/asiklar-2\/","og_locale":"tr_TR","og_type":"article","og_title":"A\u015eIKLAR","og_description":"Geldi s\u00f6z meydan\u0131na \u00e2\u015f\u0131klarAt\u0131\u015fmak \u00fczre;Ah, garip bir yar\u0131\u015ft\u0131r bu,Pek tuhaf bir \u00e7eki\u015fme! Hayal, k\u00f6p\u00fckler i\u00e7inde azg\u0131nAt\u0131d\u0131r \u00e2\u015f\u0131\u011f\u0131n;Sanat, kalkan\u0131,Kelimeler k\u0131l\u0131\u00e7 elinde. Hal\u0131lar serili balkondanBakar kibar han\u0131mlar ne\u015feli,Elinde defne dal\u0131 ta\u00e7Fakat as\u0131l g\u00fczel yok hani. Ba\u015fkalar\u0131, vuru\u015fan \u00e7arp\u0131\u015fan\u015f\u00f6valyeler sa\u011flamd\u0131r da,Biz \u00e2\u015f\u0131klar \u00e7\u0131kar\u0131z ortaya\u00d6nceden a\u011f\u0131r yaral\u0131. Ve orda, kalbinin derinlerindenEn iyi, en kanl\u0131 \u015fiirler s\u0131zanKazan\u0131r yar\u0131\u015fmay\u0131, ve al\u0131rEn [&hellip;]","og_url":"https:\/\/narteks.net\/index.php\/2018\/08\/01\/asiklar-2\/","og_site_name":"narteks.net","article_published_time":"2018-08-01T10:21:56+00:00","og_image":[{"width":300,"height":90,"url":"https:\/\/narteks.net\/wp-content\/uploads\/narteks.png","type":"image\/png"}],"author":"Tar\u0131k","twitter_card":"summary_large_image","twitter_creator":"@narteks","twitter_site":"@narteks","twitter_misc":{"Yazan:":"Tar\u0131k","Tahmini okuma s\u00fcresi":"1 dakika"},"schema":{"@context":"https:\/\/schema.org","@graph":[{"@type":"Article","@id":"https:\/\/narteks.net\/index.php\/2018\/08\/01\/asiklar-2\/#article","isPartOf":{"@id":"https:\/\/narteks.net\/index.php\/2018\/08\/01\/asiklar-2\/"},"author":{"name":"Tar\u0131k","@id":"https:\/\/narteks.net\/#\/schema\/person\/61f37d9834294b72d31d274e7ed79bca"},"headline":"A\u015eIKLAR","datePublished":"2018-08-01T10:21:56+00:00","mainEntityOfPage":{"@id":"https:\/\/narteks.net\/index.php\/2018\/08\/01\/asiklar-2\/"},"wordCount":111,"commentCount":0,"publisher":{"@id":"https:\/\/narteks.net\/#organization"},"articleSection":["Heinrich HE\u0130NE"],"inLanguage":"tr","potentialAction":[{"@type":"CommentAction","name":"Comment","target":["https:\/\/narteks.net\/index.php\/2018\/08\/01\/asiklar-2\/#respond"]}]},{"@type":"WebPage","@id":"https:\/\/narteks.net\/index.php\/2018\/08\/01\/asiklar-2\/","url":"https:\/\/narteks.net\/index.php\/2018\/08\/01\/asiklar-2\/","name":"A\u015eIKLAR - narteks.net","isPartOf":{"@id":"https:\/\/narteks.net\/#website"},"datePublished":"2018-08-01T10:21:56+00:00","breadcrumb":{"@id":"https:\/\/narteks.net\/index.php\/2018\/08\/01\/asiklar-2\/#breadcrumb"},"inLanguage":"tr","potentialAction":[{"@type":"ReadAction","target":["https:\/\/narteks.net\/index.php\/2018\/08\/01\/asiklar-2\/"]}]},{"@type":"BreadcrumbList","@id":"https:\/\/narteks.net\/index.php\/2018\/08\/01\/asiklar-2\/#breadcrumb","itemListElement":[{"@type":"ListItem","position":1,"name":"Anasayfa","item":"https:\/\/narteks.net\/"},{"@type":"ListItem","position":2,"name":"A\u015eIKLAR"}]},{"@type":"WebSite","@id":"https:\/\/narteks.net\/#website","url":"https:\/\/narteks.net\/","name":"narteks.net","description":"K\u00fclt\u00fcr Sanat Edebiyat Felsefe","publisher":{"@id":"https:\/\/narteks.net\/#organization"},"alternateName":"K\u00fclt\u00fcr Sanat Edebiyat Felsefe","potentialAction":[{"@type":"SearchAction","target":{"@type":"EntryPoint","urlTemplate":"https:\/\/narteks.net\/?s={search_term_string}"},"query-input":{"@type":"PropertyValueSpecification","valueRequired":true,"valueName":"search_term_string"}}],"inLanguage":"tr"},{"@type":"Organization","@id":"https:\/\/narteks.net\/#organization","name":"narteks.net","url":"https:\/\/narteks.net\/","logo":{"@type":"ImageObject","inLanguage":"tr","@id":"https:\/\/narteks.net\/#\/schema\/logo\/image\/","url":"https:\/\/narteks.net\/wp-content\/uploads\/narteks.png","contentUrl":"https:\/\/narteks.net\/wp-content\/uploads\/narteks.png","width":300,"height":90,"caption":"narteks.net"},"image":{"@id":"https:\/\/narteks.net\/#\/schema\/logo\/image\/"},"sameAs":["https:\/\/x.com\/narteks","https:\/\/instagram.com\/narteksnet"]},{"@type":"Person","@id":"https:\/\/narteks.net\/#\/schema\/person\/61f37d9834294b72d31d274e7ed79bca","name":"Tar\u0131k","image":{"@type":"ImageObject","inLanguage":"tr","@id":"https:\/\/narteks.net\/#\/schema\/person\/image\/","url":"https:\/\/secure.gravatar.com\/avatar\/50865afb55632c4ae467e0af0930f6510aa2297d8014be502a55b14f3b7550cf?s=96&d=mm&r=g","contentUrl":"https:\/\/secure.gravatar.com\/avatar\/50865afb55632c4ae467e0af0930f6510aa2297d8014be502a55b14f3b7550cf?s=96&d=mm&r=g","caption":"Tar\u0131k"},"sameAs":["http:\/\/narteks.net"],"url":"https:\/\/narteks.net\/index.php\/author\/narbak\/"}]}},"_links":{"self":[{"href":"https:\/\/narteks.net\/index.php\/wp-json\/wp\/v2\/posts\/6963","targetHints":{"allow":["GET"]}}],"collection":[{"href":"https:\/\/narteks.net\/index.php\/wp-json\/wp\/v2\/posts"}],"about":[{"href":"https:\/\/narteks.net\/index.php\/wp-json\/wp\/v2\/types\/post"}],"author":[{"embeddable":true,"href":"https:\/\/narteks.net\/index.php\/wp-json\/wp\/v2\/users\/1"}],"replies":[{"embeddable":true,"href":"https:\/\/narteks.net\/index.php\/wp-json\/wp\/v2\/comments?post=6963"}],"version-history":[{"count":0,"href":"https:\/\/narteks.net\/index.php\/wp-json\/wp\/v2\/posts\/6963\/revisions"}],"wp:attachment":[{"href":"https:\/\/narteks.net\/index.php\/wp-json\/wp\/v2\/media?parent=6963"}],"wp:term":[{"taxonomy":"category","embeddable":true,"href":"https:\/\/narteks.net\/index.php\/wp-json\/wp\/v2\/categories?post=6963"},{"taxonomy":"post_tag","embeddable":true,"href":"https:\/\/narteks.net\/index.php\/wp-json\/wp\/v2\/tags?post=6963"}],"curies":[{"name":"wp","href":"https:\/\/api.w.org\/{rel}","templated":true}]}}