{"id":6965,"date":"2018-08-01T13:28:02","date_gmt":"2018-08-01T10:28:02","guid":{"rendered":"http:\/\/localhost\/wordpress\/2018\/08\/01\/heinrich-heine-biyografisi\/"},"modified":"2018-08-01T13:28:02","modified_gmt":"2018-08-01T10:28:02","slug":"heinrich-heine-biyografisi","status":"publish","type":"post","link":"https:\/\/narteks.net\/index.php\/2018\/08\/01\/heinrich-heine-biyografisi\/","title":{"rendered":"Heinrich Heine Biyografisi"},"content":{"rendered":"<p style=\"text-align: justify;\"><img decoding=\"async\" style=\"float: left;\" src=\"images\/stories\/Heinrich_heine.jpg\" alt=\"\" \/>Tam Ad\u0131 Christian Johann Heinrich Heine &#8211; 13 Aral\u0131k, 1797 &#8211; 17 \u015eubat 1856 &#8211; Alman \u015fair.<\/p>\n<p>Almanya&#8217;n\u0131n D\u00fcsseldorf kentinde Yahudi k\u00f6kenli bir ailenin \u00e7ocu\u011fu olarak do\u011fmu\u015ftur. Babas\u0131, i\u015fleri \u00e7ok kez ba\u015far\u0131z\u0131sl\u0131k ile sonu\u00e7lanan bir t\u00fcccard\u0131r. Yine babas\u0131n\u0131n bir iflas\u0131ndan sonra Heine, Hamburg&#8217;a g\u00f6nderilmi\u015ftir. Yan\u0131na g\u00f6nderildi\u011fi amcas\u0131 \u00e7ok \u00fcnl\u00fc ve ba\u015far\u0131l\u0131 bir bankerdi. Heine de zamanla amcas\u0131n\u0131n i\u015fini \u00f6\u011frendi. Daha sonra G\u00f6ttingen, Bonn ve Humboldt \u00fcniversitelerinde hukuk okumaya ba\u015flad\u0131 fakat edebiyata hukuktan daha fazla ilgiliydi.<\/p>\n<p>1825&#8217;de Hukuk Diplomas\u0131&#8217;n\u0131 ald\u0131 ve ayn\u0131 zamanda dinini de\u011fi\u015ftirek, Protestanl\u0131\u011f\u0131 se\u00e7ti. Bu Alman devletinde h\u00fcr bir birey olabilmek i\u00e7in gerekliydi. Aksi takdirde bir\u00e7ok Yahudi gibi haklar\u0131 k\u0131s\u0131tlanacakt\u0131. Sadece H\u0131ristiyan&#8217;lar herhangi bir i\u015f yapma ve devlet dairelerinde \u00e7al\u0131\u015fma iznine sahipti. Ayr\u0131ca Yahudi&#8217;lerin \u00fcniversitede profes\u00f6r de olmas\u0131 yasakt\u0131. Bu Heine&#8217;\u0131n en b\u00fcy\u00fck tutkular\u0131ndan biriydi. Dinini de\u011fi\u015ftirmesini kendisi &#8221; Avrupa k\u00fclt\u00fcr\u00fcne giri\u015f bileti&#8221; olarak adland\u0131r\u0131r. Heine&#8217;n\u0131n bir\u00e7ok \u015fiiri besteciler taraf\u0131ndan al\u0131nm\u0131\u015f ve \u015fark\u0131 h\u00e2line getirilmi\u015ftir.<\/p>\n<p>\u015eair olarak Heine sanat ya\u015fam\u0131na &#8220;Gedichte&#8221; -\u015eiirler- adl\u0131 eseriyle 1821&#8217;de ba\u015flam\u0131\u015ft\u0131r. Heine&#8217;\u0131n kuzenleri olan Amelie ve Therese&#8217;e olan tek tarafl\u0131 a\u015fk\u0131 daha sonra onu a\u015fk temal\u0131 ve ileride \u015fark\u0131 s\u00f6z\u00fc olarak kullan\u0131lacak \u015fiirler yazmaya sevk edecektir. &#8220;Buch der Lieder&#8221; -\u015eark\u0131lar\u0131n Kitab\u0131- adl\u0131 eseri onun en kapsaml\u0131 \u015fiir derlemesidir.<\/p>\n<p>Heine, 1831 y\u0131l\u0131nda Almanya&#8217;dan ayr\u0131lm\u0131\u015f ve Paris&#8217;e gitmi\u015ftir. Orada \u00fctopist sosyalistler ile arkada\u015fl\u0131klar kurmu\u015f ve s\u0131n\u0131f ayr\u0131ms\u0131z, e\u015fit toplum telkinleri veren Count Saint-Simon&#8217;un yolundan giden insanlar ile tan\u0131\u015fm\u0131\u015ft\u0131r.<\/p>\n<p>Heine ya\u015fam\u0131n\u0131n geri kalan k\u0131sm\u0131n\u0131 Paris&#8217;de ge\u00e7irdi ve Almanya&#8217;ya sadece bir kez 1843&#8217;te bir ziyaret i\u00e7in gitti. Eserleri Alman otoriteleri taraf\u0131ndan men edildi.<\/p>\n<p>Heine hep Alman politika ve toplumunu ele\u015ftirmeye uzaktan devam etti. &#8220;Deutschland. Ein Winterm\u00e4rchen&#8221; -Almanya. Bir K\u0131\u015f Masal\u0131- adl\u0131 eserini yazd\u0131. 1844&#8217;te arkada\u015f\u0131 Karl Marx bu eserini sahibi oldu\u011fu gazatede makaleler h\u00e2linde yay\u0131mlad\u0131.<\/p>\n<p>Kitaplar\u0131ndan biri Naziler taraf\u0131ndan yak\u0131ld\u0131. Bu konudaki tek s\u00f6z\u00fc: &#8220;E\u011fer bir yerde kitaplar\u0131 yak\u0131yorlarsa, orada eninde sonunda insanlar\u0131 da yakacaklard\u0131r.&#8221; (1821)<\/p>\n<p style=\"text-align: justify;\"><strong>Kitaplar\u0131<\/strong><\/p>\n<p style=\"text-align: justify;\">\u00a0\u00a0\u00a0 Auf Fl\u00fcgeln des Gesanges<br \/>\u00a0\u00a0\u00a0 Gedichte, 1821<br \/>\u00a0\u00a0\u00a0 Trag\u00f6dien, nebst einem lyrischen Intermezzo, 1823<br \/>\u00a0\u00a0\u00a0 Reisebilder, 1826-31<br \/>\u00a0\u00a0\u00a0 Die Harzreise, 1826<br \/>\u00a0\u00a0\u00a0 Ideen, das Buch le Grand, 1827<br \/>\u00a0\u00a0\u00a0 Englische Fragmente, 1827<br \/>\u00a0\u00a0\u00a0 Buch der Lieder, 1827<br \/>\u00a0\u00a0\u00a0 Franz\u00f6sische Zust\u00e4nde, 1833<br \/>\u00a0\u00a0\u00a0 Zur Geschichte der neueren sch\u00f6nen Literatur in Deutschland, 1833<br \/>\u00a0\u00a0\u00a0 Die romantische Schule, 1836<br \/>\u00a0\u00a0\u00a0 Der Salon, 1836-40<br \/>\u00a0\u00a0\u00a0 \u00dcber Ludwig B\u00f6rne, 1840<br \/>\u00a0\u00a0\u00a0 Neue Gedichte, 1844 &#8211; New Poems<br \/>\u00a0\u00a0\u00a0 Deutschland. Ein Winterm\u00e4rchen, 1844 &#8211; Germany<br \/>\u00a0\u00a0\u00a0 Atta Troll. Ein Sommernachtstraum, 1847<br \/>\u00a0\u00a0\u00a0 Romanzero, 1851<br \/>\u00a0\u00a0\u00a0 Der Doktor Faust, 1851<br \/>\u00a0\u00a0\u00a0 Les Dieux en Exil, 1853<br \/>\u00a0\u00a0\u00a0 Die Harzreise, 1853<br \/>\u00a0\u00a0\u00a0 Lutezia, 1854<br \/>\u00a0\u00a0\u00a0 Vermischte Schriften, 1854<br \/>\u00a0\u00a0\u00a0 Letzte Gedichte und Gedanken, 1869<br \/>\u00a0\u00a0\u00a0 S\u00e4mtliche Werke, 1887-90 (7 cilt)<br \/>\u00a0\u00a0\u00a0 S\u00e4mtliche Werke, 1910-20<br \/>\u00a0\u00a0\u00a0 S\u00e4mtliche Werke, 1925-30<br \/>\u00a0\u00a0\u00a0 Werke und Briefe, 1961-64<br \/>\u00a0\u00a0\u00a0 S\u00e4mtliche Schriften, 1968<\/p>\n","protected":false},"excerpt":{"rendered":"<p>Tam Ad\u0131 Christian Johann Heinrich Heine &#8211; 13 Aral\u0131k, 1797 &#8211; 17 \u015eubat 1856 &#8211; Alman \u015fair. Almanya&#8217;n\u0131n D\u00fcsseldorf kentinde Yahudi k\u00f6kenli bir ailenin \u00e7ocu\u011fu olarak do\u011fmu\u015ftur. Babas\u0131, i\u015fleri \u00e7ok kez ba\u015far\u0131z\u0131sl\u0131k ile sonu\u00e7lanan bir t\u00fcccard\u0131r. Yine babas\u0131n\u0131n bir iflas\u0131ndan sonra Heine, Hamburg&#8217;a g\u00f6nderilmi\u015ftir. Yan\u0131na g\u00f6nderildi\u011fi amcas\u0131 \u00e7ok \u00fcnl\u00fc ve ba\u015far\u0131l\u0131 bir bankerdi. Heine de [&hellip;]<\/p>\n","protected":false},"author":1,"featured_media":0,"comment_status":"open","ping_status":"open","sticky":false,"template":"","format":"standard","meta":{"footnotes":""},"categories":[213],"tags":[],"class_list":{"0":"post-6965","1":"post","2":"type-post","3":"status-publish","4":"format-standard","6":"category-heinrich-heine"},"yoast_head":"<!-- This site is optimized with the Yoast SEO Premium plugin v24.9 (Yoast SEO v24.9) - https:\/\/yoast.com\/wordpress\/plugins\/seo\/ -->\n<title>Heinrich Heine Biyografisi - narteks.net<\/title>\n<meta name=\"robots\" content=\"index, follow, max-snippet:-1, max-image-preview:large, max-video-preview:-1\" \/>\n<link rel=\"canonical\" href=\"https:\/\/narteks.net\/index.php\/2018\/08\/01\/heinrich-heine-biyografisi\/\" \/>\n<meta property=\"og:locale\" content=\"tr_TR\" \/>\n<meta property=\"og:type\" content=\"article\" \/>\n<meta property=\"og:title\" content=\"Heinrich Heine Biyografisi\" \/>\n<meta property=\"og:description\" content=\"Tam Ad\u0131 Christian Johann Heinrich Heine &#8211; 13 Aral\u0131k, 1797 &#8211; 17 \u015eubat 1856 &#8211; Alman \u015fair. Almanya&#8217;n\u0131n D\u00fcsseldorf kentinde Yahudi k\u00f6kenli bir ailenin \u00e7ocu\u011fu olarak do\u011fmu\u015ftur. Babas\u0131, i\u015fleri \u00e7ok kez ba\u015far\u0131z\u0131sl\u0131k ile sonu\u00e7lanan bir t\u00fcccard\u0131r. Yine babas\u0131n\u0131n bir iflas\u0131ndan sonra Heine, Hamburg&#8217;a g\u00f6nderilmi\u015ftir. Yan\u0131na g\u00f6nderildi\u011fi amcas\u0131 \u00e7ok \u00fcnl\u00fc ve ba\u015far\u0131l\u0131 bir bankerdi. Heine de [&hellip;]\" \/>\n<meta property=\"og:url\" content=\"https:\/\/narteks.net\/index.php\/2018\/08\/01\/heinrich-heine-biyografisi\/\" \/>\n<meta property=\"og:site_name\" content=\"narteks.net\" \/>\n<meta property=\"article:published_time\" content=\"2018-08-01T10:28:02+00:00\" \/>\n<meta property=\"og:image\" content=\"https:\/\/narteks.net\/wp-content\/uploads\/narteks.png\" \/>\n\t<meta property=\"og:image:width\" content=\"300\" \/>\n\t<meta property=\"og:image:height\" content=\"90\" \/>\n\t<meta property=\"og:image:type\" content=\"image\/png\" \/>\n<meta name=\"author\" content=\"Tar\u0131k\" \/>\n<meta name=\"twitter:card\" content=\"summary_large_image\" \/>\n<meta name=\"twitter:creator\" content=\"@narteks\" \/>\n<meta name=\"twitter:site\" content=\"@narteks\" \/>\n<meta name=\"twitter:label1\" content=\"Yazan:\" \/>\n\t<meta name=\"twitter:data1\" content=\"Tar\u0131k\" \/>\n\t<meta name=\"twitter:label2\" content=\"Tahmini okuma s\u00fcresi\" \/>\n\t<meta name=\"twitter:data2\" content=\"3 dakika\" \/>\n<script type=\"application\/ld+json\" class=\"yoast-schema-graph\">{\"@context\":\"https:\/\/schema.org\",\"@graph\":[{\"@type\":\"Article\",\"@id\":\"https:\/\/narteks.net\/index.php\/2018\/08\/01\/heinrich-heine-biyografisi\/#article\",\"isPartOf\":{\"@id\":\"https:\/\/narteks.net\/index.php\/2018\/08\/01\/heinrich-heine-biyografisi\/\"},\"author\":{\"name\":\"Tar\u0131k\",\"@id\":\"https:\/\/narteks.net\/#\/schema\/person\/61f37d9834294b72d31d274e7ed79bca\"},\"headline\":\"Heinrich Heine Biyografisi\",\"datePublished\":\"2018-08-01T10:28:02+00:00\",\"mainEntityOfPage\":{\"@id\":\"https:\/\/narteks.net\/index.php\/2018\/08\/01\/heinrich-heine-biyografisi\/\"},\"wordCount\":507,\"commentCount\":0,\"publisher\":{\"@id\":\"https:\/\/narteks.net\/#organization\"},\"articleSection\":[\"Heinrich HE\u0130NE\"],\"inLanguage\":\"tr\",\"potentialAction\":[{\"@type\":\"CommentAction\",\"name\":\"Comment\",\"target\":[\"https:\/\/narteks.net\/index.php\/2018\/08\/01\/heinrich-heine-biyografisi\/#respond\"]}]},{\"@type\":\"WebPage\",\"@id\":\"https:\/\/narteks.net\/index.php\/2018\/08\/01\/heinrich-heine-biyografisi\/\",\"url\":\"https:\/\/narteks.net\/index.php\/2018\/08\/01\/heinrich-heine-biyografisi\/\",\"name\":\"Heinrich Heine Biyografisi - narteks.net\",\"isPartOf\":{\"@id\":\"https:\/\/narteks.net\/#website\"},\"datePublished\":\"2018-08-01T10:28:02+00:00\",\"breadcrumb\":{\"@id\":\"https:\/\/narteks.net\/index.php\/2018\/08\/01\/heinrich-heine-biyografisi\/#breadcrumb\"},\"inLanguage\":\"tr\",\"potentialAction\":[{\"@type\":\"ReadAction\",\"target\":[\"https:\/\/narteks.net\/index.php\/2018\/08\/01\/heinrich-heine-biyografisi\/\"]}]},{\"@type\":\"BreadcrumbList\",\"@id\":\"https:\/\/narteks.net\/index.php\/2018\/08\/01\/heinrich-heine-biyografisi\/#breadcrumb\",\"itemListElement\":[{\"@type\":\"ListItem\",\"position\":1,\"name\":\"Anasayfa\",\"item\":\"https:\/\/narteks.net\/\"},{\"@type\":\"ListItem\",\"position\":2,\"name\":\"Heinrich Heine Biyografisi\"}]},{\"@type\":\"WebSite\",\"@id\":\"https:\/\/narteks.net\/#website\",\"url\":\"https:\/\/narteks.net\/\",\"name\":\"narteks.net\",\"description\":\"K\u00fclt\u00fcr Sanat Edebiyat Felsefe\",\"publisher\":{\"@id\":\"https:\/\/narteks.net\/#organization\"},\"alternateName\":\"K\u00fclt\u00fcr Sanat Edebiyat Felsefe\",\"potentialAction\":[{\"@type\":\"SearchAction\",\"target\":{\"@type\":\"EntryPoint\",\"urlTemplate\":\"https:\/\/narteks.net\/?s={search_term_string}\"},\"query-input\":{\"@type\":\"PropertyValueSpecification\",\"valueRequired\":true,\"valueName\":\"search_term_string\"}}],\"inLanguage\":\"tr\"},{\"@type\":\"Organization\",\"@id\":\"https:\/\/narteks.net\/#organization\",\"name\":\"narteks.net\",\"url\":\"https:\/\/narteks.net\/\",\"logo\":{\"@type\":\"ImageObject\",\"inLanguage\":\"tr\",\"@id\":\"https:\/\/narteks.net\/#\/schema\/logo\/image\/\",\"url\":\"https:\/\/narteks.net\/wp-content\/uploads\/narteks.png\",\"contentUrl\":\"https:\/\/narteks.net\/wp-content\/uploads\/narteks.png\",\"width\":300,\"height\":90,\"caption\":\"narteks.net\"},\"image\":{\"@id\":\"https:\/\/narteks.net\/#\/schema\/logo\/image\/\"},\"sameAs\":[\"https:\/\/x.com\/narteks\",\"https:\/\/instagram.com\/narteksnet\"]},{\"@type\":\"Person\",\"@id\":\"https:\/\/narteks.net\/#\/schema\/person\/61f37d9834294b72d31d274e7ed79bca\",\"name\":\"Tar\u0131k\",\"image\":{\"@type\":\"ImageObject\",\"inLanguage\":\"tr\",\"@id\":\"https:\/\/narteks.net\/#\/schema\/person\/image\/\",\"url\":\"https:\/\/secure.gravatar.com\/avatar\/50865afb55632c4ae467e0af0930f6510aa2297d8014be502a55b14f3b7550cf?s=96&d=mm&r=g\",\"contentUrl\":\"https:\/\/secure.gravatar.com\/avatar\/50865afb55632c4ae467e0af0930f6510aa2297d8014be502a55b14f3b7550cf?s=96&d=mm&r=g\",\"caption\":\"Tar\u0131k\"},\"sameAs\":[\"http:\/\/narteks.net\"],\"url\":\"https:\/\/narteks.net\/index.php\/author\/narbak\/\"}]}<\/script>\n<!-- \/ Yoast SEO Premium plugin. -->","yoast_head_json":{"title":"Heinrich Heine Biyografisi - narteks.net","robots":{"index":"index","follow":"follow","max-snippet":"max-snippet:-1","max-image-preview":"max-image-preview:large","max-video-preview":"max-video-preview:-1"},"canonical":"https:\/\/narteks.net\/index.php\/2018\/08\/01\/heinrich-heine-biyografisi\/","og_locale":"tr_TR","og_type":"article","og_title":"Heinrich Heine Biyografisi","og_description":"Tam Ad\u0131 Christian Johann Heinrich Heine &#8211; 13 Aral\u0131k, 1797 &#8211; 17 \u015eubat 1856 &#8211; Alman \u015fair. Almanya&#8217;n\u0131n D\u00fcsseldorf kentinde Yahudi k\u00f6kenli bir ailenin \u00e7ocu\u011fu olarak do\u011fmu\u015ftur. Babas\u0131, i\u015fleri \u00e7ok kez ba\u015far\u0131z\u0131sl\u0131k ile sonu\u00e7lanan bir t\u00fcccard\u0131r. Yine babas\u0131n\u0131n bir iflas\u0131ndan sonra Heine, Hamburg&#8217;a g\u00f6nderilmi\u015ftir. Yan\u0131na g\u00f6nderildi\u011fi amcas\u0131 \u00e7ok \u00fcnl\u00fc ve ba\u015far\u0131l\u0131 bir bankerdi. Heine de [&hellip;]","og_url":"https:\/\/narteks.net\/index.php\/2018\/08\/01\/heinrich-heine-biyografisi\/","og_site_name":"narteks.net","article_published_time":"2018-08-01T10:28:02+00:00","og_image":[{"width":300,"height":90,"url":"https:\/\/narteks.net\/wp-content\/uploads\/narteks.png","type":"image\/png"}],"author":"Tar\u0131k","twitter_card":"summary_large_image","twitter_creator":"@narteks","twitter_site":"@narteks","twitter_misc":{"Yazan:":"Tar\u0131k","Tahmini okuma s\u00fcresi":"3 dakika"},"schema":{"@context":"https:\/\/schema.org","@graph":[{"@type":"Article","@id":"https:\/\/narteks.net\/index.php\/2018\/08\/01\/heinrich-heine-biyografisi\/#article","isPartOf":{"@id":"https:\/\/narteks.net\/index.php\/2018\/08\/01\/heinrich-heine-biyografisi\/"},"author":{"name":"Tar\u0131k","@id":"https:\/\/narteks.net\/#\/schema\/person\/61f37d9834294b72d31d274e7ed79bca"},"headline":"Heinrich Heine Biyografisi","datePublished":"2018-08-01T10:28:02+00:00","mainEntityOfPage":{"@id":"https:\/\/narteks.net\/index.php\/2018\/08\/01\/heinrich-heine-biyografisi\/"},"wordCount":507,"commentCount":0,"publisher":{"@id":"https:\/\/narteks.net\/#organization"},"articleSection":["Heinrich HE\u0130NE"],"inLanguage":"tr","potentialAction":[{"@type":"CommentAction","name":"Comment","target":["https:\/\/narteks.net\/index.php\/2018\/08\/01\/heinrich-heine-biyografisi\/#respond"]}]},{"@type":"WebPage","@id":"https:\/\/narteks.net\/index.php\/2018\/08\/01\/heinrich-heine-biyografisi\/","url":"https:\/\/narteks.net\/index.php\/2018\/08\/01\/heinrich-heine-biyografisi\/","name":"Heinrich Heine Biyografisi - narteks.net","isPartOf":{"@id":"https:\/\/narteks.net\/#website"},"datePublished":"2018-08-01T10:28:02+00:00","breadcrumb":{"@id":"https:\/\/narteks.net\/index.php\/2018\/08\/01\/heinrich-heine-biyografisi\/#breadcrumb"},"inLanguage":"tr","potentialAction":[{"@type":"ReadAction","target":["https:\/\/narteks.net\/index.php\/2018\/08\/01\/heinrich-heine-biyografisi\/"]}]},{"@type":"BreadcrumbList","@id":"https:\/\/narteks.net\/index.php\/2018\/08\/01\/heinrich-heine-biyografisi\/#breadcrumb","itemListElement":[{"@type":"ListItem","position":1,"name":"Anasayfa","item":"https:\/\/narteks.net\/"},{"@type":"ListItem","position":2,"name":"Heinrich Heine Biyografisi"}]},{"@type":"WebSite","@id":"https:\/\/narteks.net\/#website","url":"https:\/\/narteks.net\/","name":"narteks.net","description":"K\u00fclt\u00fcr Sanat Edebiyat Felsefe","publisher":{"@id":"https:\/\/narteks.net\/#organization"},"alternateName":"K\u00fclt\u00fcr Sanat Edebiyat Felsefe","potentialAction":[{"@type":"SearchAction","target":{"@type":"EntryPoint","urlTemplate":"https:\/\/narteks.net\/?s={search_term_string}"},"query-input":{"@type":"PropertyValueSpecification","valueRequired":true,"valueName":"search_term_string"}}],"inLanguage":"tr"},{"@type":"Organization","@id":"https:\/\/narteks.net\/#organization","name":"narteks.net","url":"https:\/\/narteks.net\/","logo":{"@type":"ImageObject","inLanguage":"tr","@id":"https:\/\/narteks.net\/#\/schema\/logo\/image\/","url":"https:\/\/narteks.net\/wp-content\/uploads\/narteks.png","contentUrl":"https:\/\/narteks.net\/wp-content\/uploads\/narteks.png","width":300,"height":90,"caption":"narteks.net"},"image":{"@id":"https:\/\/narteks.net\/#\/schema\/logo\/image\/"},"sameAs":["https:\/\/x.com\/narteks","https:\/\/instagram.com\/narteksnet"]},{"@type":"Person","@id":"https:\/\/narteks.net\/#\/schema\/person\/61f37d9834294b72d31d274e7ed79bca","name":"Tar\u0131k","image":{"@type":"ImageObject","inLanguage":"tr","@id":"https:\/\/narteks.net\/#\/schema\/person\/image\/","url":"https:\/\/secure.gravatar.com\/avatar\/50865afb55632c4ae467e0af0930f6510aa2297d8014be502a55b14f3b7550cf?s=96&d=mm&r=g","contentUrl":"https:\/\/secure.gravatar.com\/avatar\/50865afb55632c4ae467e0af0930f6510aa2297d8014be502a55b14f3b7550cf?s=96&d=mm&r=g","caption":"Tar\u0131k"},"sameAs":["http:\/\/narteks.net"],"url":"https:\/\/narteks.net\/index.php\/author\/narbak\/"}]}},"_links":{"self":[{"href":"https:\/\/narteks.net\/index.php\/wp-json\/wp\/v2\/posts\/6965","targetHints":{"allow":["GET"]}}],"collection":[{"href":"https:\/\/narteks.net\/index.php\/wp-json\/wp\/v2\/posts"}],"about":[{"href":"https:\/\/narteks.net\/index.php\/wp-json\/wp\/v2\/types\/post"}],"author":[{"embeddable":true,"href":"https:\/\/narteks.net\/index.php\/wp-json\/wp\/v2\/users\/1"}],"replies":[{"embeddable":true,"href":"https:\/\/narteks.net\/index.php\/wp-json\/wp\/v2\/comments?post=6965"}],"version-history":[{"count":0,"href":"https:\/\/narteks.net\/index.php\/wp-json\/wp\/v2\/posts\/6965\/revisions"}],"wp:attachment":[{"href":"https:\/\/narteks.net\/index.php\/wp-json\/wp\/v2\/media?parent=6965"}],"wp:term":[{"taxonomy":"category","embeddable":true,"href":"https:\/\/narteks.net\/index.php\/wp-json\/wp\/v2\/categories?post=6965"},{"taxonomy":"post_tag","embeddable":true,"href":"https:\/\/narteks.net\/index.php\/wp-json\/wp\/v2\/tags?post=6965"}],"curies":[{"name":"wp","href":"https:\/\/api.w.org\/{rel}","templated":true}]}}