{"id":6975,"date":"2018-08-01T13:48:36","date_gmt":"2018-08-01T10:48:36","guid":{"rendered":"http:\/\/localhost\/wordpress\/2018\/08\/01\/yirtilan-gecede\/"},"modified":"2018-08-01T13:48:36","modified_gmt":"2018-08-01T10:48:36","slug":"yirtilan-gecede","status":"publish","type":"post","link":"https:\/\/narteks.net\/index.php\/2018\/08\/01\/yirtilan-gecede\/","title":{"rendered":"YIRTILAN GECEDE"},"content":{"rendered":"<p>Gece y\u0131rt\u0131ld\u0131<br \/>g\u00f6\u011f\u00fc g\u00f6rd\u00fcm<br \/>\u015fa\u015f\u0131las\u0131 yak\u0131nd\u0131<br \/>Y\u0131ld\u0131z toplard\u0131m<br \/>\u00e7ocuk olsayd\u0131m!<\/p>\n<p>gece y\u0131rt\u0131ld\u0131<br \/>denizi g\u00f6rd\u00fcm,<br \/>bir alev topuyla geldi<br \/>g\u00f6lc\u00fck\u2019te kavakl\u0131\u2019y\u0131<br \/>de\u011firmendere\u2019de<br \/>sahili yutan dalgalar<\/p>\n<p>gece y\u0131rt\u0131ld\u0131<br \/>\u00e7aresizli\u011fi g\u00f6rd\u00fcm<br \/>batacak bir gemiydi sanki ev<br \/>\u00f6ylesine korkun\u00e7 salland\u0131<br \/>ve b\u00fct\u00fcn sesleri bo\u011fdu<br \/>dipten gelen u\u011fultu<\/p>\n<p>gece y\u0131rt\u0131ld\u0131<br \/>korkuyu g\u00f6rd\u00fcm<br \/>savruldum oradan oraya<br \/>ve inan\u0131lmaz bir a\u015fkla sar\u0131ld\u0131m<br \/>k\u0131rk y\u0131ll\u0131k kar\u0131ma<\/p>\n<p>\u015e\u00fckr\u00fc ERBA\u015e<\/p>\n","protected":false},"excerpt":{"rendered":"<p>Gece y\u0131rt\u0131ld\u0131g\u00f6\u011f\u00fc g\u00f6rd\u00fcm\u015fa\u015f\u0131las\u0131 yak\u0131nd\u0131Y\u0131ld\u0131z toplard\u0131m\u00e7ocuk olsayd\u0131m! gece y\u0131rt\u0131ld\u0131denizi g\u00f6rd\u00fcm,bir alev topuyla geldig\u00f6lc\u00fck\u2019te kavakl\u0131\u2019y\u0131de\u011firmendere\u2019desahili yutan dalgalar gece y\u0131rt\u0131ld\u0131\u00e7aresizli\u011fi g\u00f6rd\u00fcmbatacak bir gemiydi sanki ev\u00f6ylesine korkun\u00e7 salland\u0131ve b\u00fct\u00fcn sesleri bo\u011fdudipten gelen u\u011fultu gece y\u0131rt\u0131ld\u0131korkuyu g\u00f6rd\u00fcmsavruldum oradan orayave inan\u0131lmaz bir a\u015fkla sar\u0131ld\u0131mk\u0131rk y\u0131ll\u0131k kar\u0131ma \u015e\u00fckr\u00fc ERBA\u015e<\/p>\n","protected":false},"author":1,"featured_media":0,"comment_status":"open","ping_status":"open","sticky":false,"template":"","format":"standard","meta":{"footnotes":""},"categories":[214],"tags":[],"class_list":{"0":"post-6975","1":"post","2":"type-post","3":"status-publish","4":"format-standard","6":"category-sukru-erbas"},"yoast_head":"<!-- This site is optimized with the Yoast SEO Premium plugin v24.9 (Yoast SEO v24.9) - https:\/\/yoast.com\/wordpress\/plugins\/seo\/ -->\n<title>YIRTILAN GECEDE - narteks.net<\/title>\n<meta name=\"robots\" content=\"index, follow, max-snippet:-1, max-image-preview:large, max-video-preview:-1\" \/>\n<link rel=\"canonical\" href=\"https:\/\/narteks.net\/index.php\/2018\/08\/01\/yirtilan-gecede\/\" \/>\n<meta property=\"og:locale\" content=\"tr_TR\" \/>\n<meta property=\"og:type\" content=\"article\" \/>\n<meta property=\"og:title\" content=\"YIRTILAN GECEDE\" \/>\n<meta property=\"og:description\" content=\"Gece y\u0131rt\u0131ld\u0131g\u00f6\u011f\u00fc g\u00f6rd\u00fcm\u015fa\u015f\u0131las\u0131 yak\u0131nd\u0131Y\u0131ld\u0131z toplard\u0131m\u00e7ocuk olsayd\u0131m! gece y\u0131rt\u0131ld\u0131denizi g\u00f6rd\u00fcm,bir alev topuyla geldig\u00f6lc\u00fck\u2019te kavakl\u0131\u2019y\u0131de\u011firmendere\u2019desahili yutan dalgalar gece y\u0131rt\u0131ld\u0131\u00e7aresizli\u011fi g\u00f6rd\u00fcmbatacak bir gemiydi sanki ev\u00f6ylesine korkun\u00e7 salland\u0131ve b\u00fct\u00fcn sesleri bo\u011fdudipten gelen u\u011fultu gece y\u0131rt\u0131ld\u0131korkuyu g\u00f6rd\u00fcmsavruldum oradan orayave inan\u0131lmaz bir a\u015fkla sar\u0131ld\u0131mk\u0131rk y\u0131ll\u0131k kar\u0131ma \u015e\u00fckr\u00fc ERBA\u015e\" \/>\n<meta property=\"og:url\" content=\"https:\/\/narteks.net\/index.php\/2018\/08\/01\/yirtilan-gecede\/\" \/>\n<meta property=\"og:site_name\" content=\"narteks.net\" \/>\n<meta property=\"article:published_time\" content=\"2018-08-01T10:48:36+00:00\" \/>\n<meta property=\"og:image\" content=\"https:\/\/narteks.net\/wp-content\/uploads\/narteks.png\" \/>\n\t<meta property=\"og:image:width\" content=\"300\" \/>\n\t<meta property=\"og:image:height\" content=\"90\" \/>\n\t<meta property=\"og:image:type\" content=\"image\/png\" \/>\n<meta name=\"author\" content=\"Tar\u0131k\" \/>\n<meta name=\"twitter:card\" content=\"summary_large_image\" \/>\n<meta name=\"twitter:creator\" content=\"@narteks\" \/>\n<meta name=\"twitter:site\" content=\"@narteks\" \/>\n<meta name=\"twitter:label1\" content=\"Yazan:\" \/>\n\t<meta name=\"twitter:data1\" content=\"Tar\u0131k\" \/>\n<script type=\"application\/ld+json\" class=\"yoast-schema-graph\">{\"@context\":\"https:\/\/schema.org\",\"@graph\":[{\"@type\":\"Article\",\"@id\":\"https:\/\/narteks.net\/index.php\/2018\/08\/01\/yirtilan-gecede\/#article\",\"isPartOf\":{\"@id\":\"https:\/\/narteks.net\/index.php\/2018\/08\/01\/yirtilan-gecede\/\"},\"author\":{\"name\":\"Tar\u0131k\",\"@id\":\"https:\/\/narteks.net\/#\/schema\/person\/61f37d9834294b72d31d274e7ed79bca\"},\"headline\":\"YIRTILAN GECEDE\",\"datePublished\":\"2018-08-01T10:48:36+00:00\",\"mainEntityOfPage\":{\"@id\":\"https:\/\/narteks.net\/index.php\/2018\/08\/01\/yirtilan-gecede\/\"},\"wordCount\":96,\"commentCount\":0,\"publisher\":{\"@id\":\"https:\/\/narteks.net\/#organization\"},\"articleSection\":[\"\u015e\u00fckr\u00fc ERBA\u015e\"],\"inLanguage\":\"tr\",\"potentialAction\":[{\"@type\":\"CommentAction\",\"name\":\"Comment\",\"target\":[\"https:\/\/narteks.net\/index.php\/2018\/08\/01\/yirtilan-gecede\/#respond\"]}]},{\"@type\":\"WebPage\",\"@id\":\"https:\/\/narteks.net\/index.php\/2018\/08\/01\/yirtilan-gecede\/\",\"url\":\"https:\/\/narteks.net\/index.php\/2018\/08\/01\/yirtilan-gecede\/\",\"name\":\"YIRTILAN GECEDE - narteks.net\",\"isPartOf\":{\"@id\":\"https:\/\/narteks.net\/#website\"},\"datePublished\":\"2018-08-01T10:48:36+00:00\",\"breadcrumb\":{\"@id\":\"https:\/\/narteks.net\/index.php\/2018\/08\/01\/yirtilan-gecede\/#breadcrumb\"},\"inLanguage\":\"tr\",\"potentialAction\":[{\"@type\":\"ReadAction\",\"target\":[\"https:\/\/narteks.net\/index.php\/2018\/08\/01\/yirtilan-gecede\/\"]}]},{\"@type\":\"BreadcrumbList\",\"@id\":\"https:\/\/narteks.net\/index.php\/2018\/08\/01\/yirtilan-gecede\/#breadcrumb\",\"itemListElement\":[{\"@type\":\"ListItem\",\"position\":1,\"name\":\"Anasayfa\",\"item\":\"https:\/\/narteks.net\/\"},{\"@type\":\"ListItem\",\"position\":2,\"name\":\"YIRTILAN GECEDE\"}]},{\"@type\":\"WebSite\",\"@id\":\"https:\/\/narteks.net\/#website\",\"url\":\"https:\/\/narteks.net\/\",\"name\":\"narteks.net\",\"description\":\"K\u00fclt\u00fcr Sanat Edebiyat Felsefe\",\"publisher\":{\"@id\":\"https:\/\/narteks.net\/#organization\"},\"alternateName\":\"K\u00fclt\u00fcr Sanat Edebiyat Felsefe\",\"potentialAction\":[{\"@type\":\"SearchAction\",\"target\":{\"@type\":\"EntryPoint\",\"urlTemplate\":\"https:\/\/narteks.net\/?s={search_term_string}\"},\"query-input\":{\"@type\":\"PropertyValueSpecification\",\"valueRequired\":true,\"valueName\":\"search_term_string\"}}],\"inLanguage\":\"tr\"},{\"@type\":\"Organization\",\"@id\":\"https:\/\/narteks.net\/#organization\",\"name\":\"narteks.net\",\"url\":\"https:\/\/narteks.net\/\",\"logo\":{\"@type\":\"ImageObject\",\"inLanguage\":\"tr\",\"@id\":\"https:\/\/narteks.net\/#\/schema\/logo\/image\/\",\"url\":\"https:\/\/narteks.net\/wp-content\/uploads\/narteks.png\",\"contentUrl\":\"https:\/\/narteks.net\/wp-content\/uploads\/narteks.png\",\"width\":300,\"height\":90,\"caption\":\"narteks.net\"},\"image\":{\"@id\":\"https:\/\/narteks.net\/#\/schema\/logo\/image\/\"},\"sameAs\":[\"https:\/\/x.com\/narteks\",\"https:\/\/instagram.com\/narteksnet\"]},{\"@type\":\"Person\",\"@id\":\"https:\/\/narteks.net\/#\/schema\/person\/61f37d9834294b72d31d274e7ed79bca\",\"name\":\"Tar\u0131k\",\"image\":{\"@type\":\"ImageObject\",\"inLanguage\":\"tr\",\"@id\":\"https:\/\/narteks.net\/#\/schema\/person\/image\/\",\"url\":\"https:\/\/secure.gravatar.com\/avatar\/50865afb55632c4ae467e0af0930f6510aa2297d8014be502a55b14f3b7550cf?s=96&d=mm&r=g\",\"contentUrl\":\"https:\/\/secure.gravatar.com\/avatar\/50865afb55632c4ae467e0af0930f6510aa2297d8014be502a55b14f3b7550cf?s=96&d=mm&r=g\",\"caption\":\"Tar\u0131k\"},\"sameAs\":[\"http:\/\/narteks.net\"],\"url\":\"https:\/\/narteks.net\/index.php\/author\/narbak\/\"}]}<\/script>\n<!-- \/ Yoast SEO Premium plugin. -->","yoast_head_json":{"title":"YIRTILAN GECEDE - narteks.net","robots":{"index":"index","follow":"follow","max-snippet":"max-snippet:-1","max-image-preview":"max-image-preview:large","max-video-preview":"max-video-preview:-1"},"canonical":"https:\/\/narteks.net\/index.php\/2018\/08\/01\/yirtilan-gecede\/","og_locale":"tr_TR","og_type":"article","og_title":"YIRTILAN GECEDE","og_description":"Gece y\u0131rt\u0131ld\u0131g\u00f6\u011f\u00fc g\u00f6rd\u00fcm\u015fa\u015f\u0131las\u0131 yak\u0131nd\u0131Y\u0131ld\u0131z toplard\u0131m\u00e7ocuk olsayd\u0131m! gece y\u0131rt\u0131ld\u0131denizi g\u00f6rd\u00fcm,bir alev topuyla geldig\u00f6lc\u00fck\u2019te kavakl\u0131\u2019y\u0131de\u011firmendere\u2019desahili yutan dalgalar gece y\u0131rt\u0131ld\u0131\u00e7aresizli\u011fi g\u00f6rd\u00fcmbatacak bir gemiydi sanki ev\u00f6ylesine korkun\u00e7 salland\u0131ve b\u00fct\u00fcn sesleri bo\u011fdudipten gelen u\u011fultu gece y\u0131rt\u0131ld\u0131korkuyu g\u00f6rd\u00fcmsavruldum oradan orayave inan\u0131lmaz bir a\u015fkla sar\u0131ld\u0131mk\u0131rk y\u0131ll\u0131k kar\u0131ma \u015e\u00fckr\u00fc ERBA\u015e","og_url":"https:\/\/narteks.net\/index.php\/2018\/08\/01\/yirtilan-gecede\/","og_site_name":"narteks.net","article_published_time":"2018-08-01T10:48:36+00:00","og_image":[{"width":300,"height":90,"url":"https:\/\/narteks.net\/wp-content\/uploads\/narteks.png","type":"image\/png"}],"author":"Tar\u0131k","twitter_card":"summary_large_image","twitter_creator":"@narteks","twitter_site":"@narteks","twitter_misc":{"Yazan:":"Tar\u0131k"},"schema":{"@context":"https:\/\/schema.org","@graph":[{"@type":"Article","@id":"https:\/\/narteks.net\/index.php\/2018\/08\/01\/yirtilan-gecede\/#article","isPartOf":{"@id":"https:\/\/narteks.net\/index.php\/2018\/08\/01\/yirtilan-gecede\/"},"author":{"name":"Tar\u0131k","@id":"https:\/\/narteks.net\/#\/schema\/person\/61f37d9834294b72d31d274e7ed79bca"},"headline":"YIRTILAN GECEDE","datePublished":"2018-08-01T10:48:36+00:00","mainEntityOfPage":{"@id":"https:\/\/narteks.net\/index.php\/2018\/08\/01\/yirtilan-gecede\/"},"wordCount":96,"commentCount":0,"publisher":{"@id":"https:\/\/narteks.net\/#organization"},"articleSection":["\u015e\u00fckr\u00fc ERBA\u015e"],"inLanguage":"tr","potentialAction":[{"@type":"CommentAction","name":"Comment","target":["https:\/\/narteks.net\/index.php\/2018\/08\/01\/yirtilan-gecede\/#respond"]}]},{"@type":"WebPage","@id":"https:\/\/narteks.net\/index.php\/2018\/08\/01\/yirtilan-gecede\/","url":"https:\/\/narteks.net\/index.php\/2018\/08\/01\/yirtilan-gecede\/","name":"YIRTILAN GECEDE - narteks.net","isPartOf":{"@id":"https:\/\/narteks.net\/#website"},"datePublished":"2018-08-01T10:48:36+00:00","breadcrumb":{"@id":"https:\/\/narteks.net\/index.php\/2018\/08\/01\/yirtilan-gecede\/#breadcrumb"},"inLanguage":"tr","potentialAction":[{"@type":"ReadAction","target":["https:\/\/narteks.net\/index.php\/2018\/08\/01\/yirtilan-gecede\/"]}]},{"@type":"BreadcrumbList","@id":"https:\/\/narteks.net\/index.php\/2018\/08\/01\/yirtilan-gecede\/#breadcrumb","itemListElement":[{"@type":"ListItem","position":1,"name":"Anasayfa","item":"https:\/\/narteks.net\/"},{"@type":"ListItem","position":2,"name":"YIRTILAN GECEDE"}]},{"@type":"WebSite","@id":"https:\/\/narteks.net\/#website","url":"https:\/\/narteks.net\/","name":"narteks.net","description":"K\u00fclt\u00fcr Sanat Edebiyat Felsefe","publisher":{"@id":"https:\/\/narteks.net\/#organization"},"alternateName":"K\u00fclt\u00fcr Sanat Edebiyat Felsefe","potentialAction":[{"@type":"SearchAction","target":{"@type":"EntryPoint","urlTemplate":"https:\/\/narteks.net\/?s={search_term_string}"},"query-input":{"@type":"PropertyValueSpecification","valueRequired":true,"valueName":"search_term_string"}}],"inLanguage":"tr"},{"@type":"Organization","@id":"https:\/\/narteks.net\/#organization","name":"narteks.net","url":"https:\/\/narteks.net\/","logo":{"@type":"ImageObject","inLanguage":"tr","@id":"https:\/\/narteks.net\/#\/schema\/logo\/image\/","url":"https:\/\/narteks.net\/wp-content\/uploads\/narteks.png","contentUrl":"https:\/\/narteks.net\/wp-content\/uploads\/narteks.png","width":300,"height":90,"caption":"narteks.net"},"image":{"@id":"https:\/\/narteks.net\/#\/schema\/logo\/image\/"},"sameAs":["https:\/\/x.com\/narteks","https:\/\/instagram.com\/narteksnet"]},{"@type":"Person","@id":"https:\/\/narteks.net\/#\/schema\/person\/61f37d9834294b72d31d274e7ed79bca","name":"Tar\u0131k","image":{"@type":"ImageObject","inLanguage":"tr","@id":"https:\/\/narteks.net\/#\/schema\/person\/image\/","url":"https:\/\/secure.gravatar.com\/avatar\/50865afb55632c4ae467e0af0930f6510aa2297d8014be502a55b14f3b7550cf?s=96&d=mm&r=g","contentUrl":"https:\/\/secure.gravatar.com\/avatar\/50865afb55632c4ae467e0af0930f6510aa2297d8014be502a55b14f3b7550cf?s=96&d=mm&r=g","caption":"Tar\u0131k"},"sameAs":["http:\/\/narteks.net"],"url":"https:\/\/narteks.net\/index.php\/author\/narbak\/"}]}},"_links":{"self":[{"href":"https:\/\/narteks.net\/index.php\/wp-json\/wp\/v2\/posts\/6975","targetHints":{"allow":["GET"]}}],"collection":[{"href":"https:\/\/narteks.net\/index.php\/wp-json\/wp\/v2\/posts"}],"about":[{"href":"https:\/\/narteks.net\/index.php\/wp-json\/wp\/v2\/types\/post"}],"author":[{"embeddable":true,"href":"https:\/\/narteks.net\/index.php\/wp-json\/wp\/v2\/users\/1"}],"replies":[{"embeddable":true,"href":"https:\/\/narteks.net\/index.php\/wp-json\/wp\/v2\/comments?post=6975"}],"version-history":[{"count":0,"href":"https:\/\/narteks.net\/index.php\/wp-json\/wp\/v2\/posts\/6975\/revisions"}],"wp:attachment":[{"href":"https:\/\/narteks.net\/index.php\/wp-json\/wp\/v2\/media?parent=6975"}],"wp:term":[{"taxonomy":"category","embeddable":true,"href":"https:\/\/narteks.net\/index.php\/wp-json\/wp\/v2\/categories?post=6975"},{"taxonomy":"post_tag","embeddable":true,"href":"https:\/\/narteks.net\/index.php\/wp-json\/wp\/v2\/tags?post=6975"}],"curies":[{"name":"wp","href":"https:\/\/api.w.org\/{rel}","templated":true}]}}