{"id":6990,"date":"2018-08-01T14:40:56","date_gmt":"2018-08-01T11:40:56","guid":{"rendered":"http:\/\/localhost\/wordpress\/2018\/08\/01\/cam-ile-tas\/"},"modified":"2018-08-01T14:40:56","modified_gmt":"2018-08-01T11:40:56","slug":"cam-ile-tas","status":"publish","type":"post","link":"https:\/\/narteks.net\/index.php\/2018\/08\/01\/cam-ile-tas\/","title":{"rendered":"CAM \u0130LE TA\u015e"},"content":{"rendered":"<p>Kekeme \u00f6zg\u00fcrl\u00fc\u011f\u00fcn\u00fc seviyorum.<br \/>Susu\u015fundaki h\u0131nc\u0131 seviyorum.<br \/>Kalbinde \u00fcrperen k\u0131\u015f\u0131 seviyorum.<\/p>\n<p>Ellerindeki bilge zaman\u0131<br \/>denizi ya\u011fmurdan korumaya \u00e7al\u0131\u015fan<br \/>\u00e7ocuklu\u011funu seviyorum.<\/p>\n<p>Aln\u0131n masam\u0131zda d\u00f6rt mevsime ufuk<br \/>dudaklar\u0131nda titreyen zaman\u0131 seviyorum.<\/p>\n<p>Y\u00fcr\u00fcyorsun ya kalabal\u0131k<br \/>d\u00f6n\u00fcp bir daha bak\u0131yor kendine<br \/>boyunda \u00e7i\u00e7eklenen yedi rengi seviyorum.<\/p>\n<p>Her damlas\u0131 ayr\u0131 bir hayat, ne bilsin y\u00fcz\u00fcne d\u00fc\u015fmeyen<br \/>g\u00f6zlerindeki ya\u015f\u0131 seviyorum.<\/p>\n<p>Beni uzakla\u015ft\u0131rmaya \u00e7al\u0131\u015f\u0131rken akl\u0131ndan ge\u00e7enleri seviyorum.<\/p>\n<p>Kalbinden g\u00f6vdene y\u00fcr\u00fcyen utanga\u00e7 kar\u0131ncay\u0131 seviyorum.<\/p>\n<p>Ses nas\u0131l menevi\u015fleniyor susunca a\u011fz\u0131nda<br \/>a\u011fz\u0131ndan gelecek her sevinci, her azab\u0131 seviyorum.<\/p>\n<p>Gece \u0131\u015f\u0131klar\u0131ndan toplad\u0131\u011f\u0131n o evler esrar\u0131n\u0131 seviyorum.<\/p>\n<p>Susman\u0131n da bir dili var elbet<br \/>teri yast\u0131\u011f\u0131na s\u0131zan r\u00fcyan\u0131 seviyorum.<br \/>Uyand\u0131\u011f\u0131n sabahlardan ba\u015fka ba\u011f\u0131m yok d\u00fcnyayla<br \/>odalara \u00f6m\u00fcr veren g\u00f6vdeni seviyorum.\u00a0<\/p>\n<p>Y\u00fcr\u00fcmedi\u011fin sokaklar nas\u0131l da g\u00f6z g\u00f6z<br \/>bekleyi\u015fteki o mucizeyi seviyorum.<\/p>\n<p>Ser\u00e7e parma\u011f\u0131ndaki lekedir yerim,kalabal\u0131\u011f\u0131n uyumuna inat<br \/>hayalin ger\u00e7e\u011fe de\u011fdi\u011fi yeri seviyorum.<\/p>\n<p>\u00d6l\u00fcmd\u00fcr en b\u00fcy\u00fck zaman, bilmez takvim gezenler<br \/>bir i\u00e7 \u00e7eki\u015fte yanan hayat\u0131 seviyorum.<\/p>\n<p>Bizden b\u00fcy\u00fck tanr\u0131s\u0131 yok yaln\u0131zl\u0131\u011f\u0131n<br \/>Getirdi\u011fin hevesi g\u00f6t\u00fcrd\u00fc\u011f\u00fcn ink\u00e2r\u0131 seviyorum.<\/p>\n<p>Evlerdesin<br \/>D\u0131\u015far\u0131lar h\u00fcz\u00fcn<br \/>E\u015fyalar ayakta<br \/>Senden ayr\u0131lan\u0131 seviyorum<br \/>Sana kavu\u015fan\u0131 seviyorum.<\/p>\n<p>Uzun c\u00fcmlelerle konu\u015fuyor kalabal\u0131k<br \/>Bir s\u00f6zc\u00fc\u011fe s\u0131\u011fd\u0131rd\u0131\u011f\u0131n d\u00fcnyay\u0131 seviyorum.<\/p>\n<p>O g\u00f6lgenin ta\u015f dibinde bir \u00e7\u00fcr\u00fcme bilinci<br \/>H\u00fckm\u00fcm yok bah\u00e7ende diyorum<br \/>\u00dcst\u00fcme eledi\u011fin \u015fefkati seviyorum.<\/p>\n<p>Di\u015flerinin aras\u0131nda bir \u0130shak Ku\u015f&#8217;u<br \/>E\u011fiyorum ya ba\u015f\u0131m\u0131<br \/>\u00c7aresizli\u011fime tutu\u011fun aynay\u0131 seviyorum.<\/p>\n<p>Bir g\u00fcn bir k\u00f6t\u00fc haber birimizden<br \/>Kalan\u0131n diline gelecek ilk s\u00f6z\u00fc<br \/>Arayaca\u011f\u0131 ilk insan\u0131<br \/>\u0130lk gece yapaca\u011f\u0131 her \u015feyi seviyorum.<\/p>\n<p>\u015e\u00fckr\u00fc ERBA\u015e<\/p>\n","protected":false},"excerpt":{"rendered":"<p>Kekeme \u00f6zg\u00fcrl\u00fc\u011f\u00fcn\u00fc seviyorum.Susu\u015fundaki h\u0131nc\u0131 seviyorum.Kalbinde \u00fcrperen k\u0131\u015f\u0131 seviyorum. Ellerindeki bilge zaman\u0131denizi ya\u011fmurdan korumaya \u00e7al\u0131\u015fan\u00e7ocuklu\u011funu seviyorum. Aln\u0131n masam\u0131zda d\u00f6rt mevsime ufukdudaklar\u0131nda titreyen zaman\u0131 seviyorum. Y\u00fcr\u00fcyorsun ya kalabal\u0131kd\u00f6n\u00fcp bir daha bak\u0131yor kendineboyunda \u00e7i\u00e7eklenen yedi rengi seviyorum. Her damlas\u0131 ayr\u0131 bir hayat, ne bilsin y\u00fcz\u00fcne d\u00fc\u015fmeyeng\u00f6zlerindeki ya\u015f\u0131 seviyorum. Beni uzakla\u015ft\u0131rmaya \u00e7al\u0131\u015f\u0131rken akl\u0131ndan ge\u00e7enleri seviyorum. Kalbinden g\u00f6vdene y\u00fcr\u00fcyen utanga\u00e7 [&hellip;]<\/p>\n","protected":false},"author":1,"featured_media":0,"comment_status":"open","ping_status":"open","sticky":false,"template":"","format":"standard","meta":{"footnotes":""},"categories":[214],"tags":[],"class_list":{"0":"post-6990","1":"post","2":"type-post","3":"status-publish","4":"format-standard","6":"category-sukru-erbas"},"yoast_head":"<!-- This site is optimized with the Yoast SEO Premium plugin v24.9 (Yoast SEO v24.9) - https:\/\/yoast.com\/wordpress\/plugins\/seo\/ -->\n<title>CAM \u0130LE TA\u015e - narteks.net<\/title>\n<meta name=\"robots\" content=\"index, follow, max-snippet:-1, max-image-preview:large, max-video-preview:-1\" \/>\n<link rel=\"canonical\" href=\"https:\/\/narteks.net\/index.php\/2018\/08\/01\/cam-ile-tas\/\" \/>\n<meta property=\"og:locale\" content=\"tr_TR\" \/>\n<meta property=\"og:type\" content=\"article\" \/>\n<meta property=\"og:title\" content=\"CAM \u0130LE TA\u015e\" \/>\n<meta property=\"og:description\" content=\"Kekeme \u00f6zg\u00fcrl\u00fc\u011f\u00fcn\u00fc seviyorum.Susu\u015fundaki h\u0131nc\u0131 seviyorum.Kalbinde \u00fcrperen k\u0131\u015f\u0131 seviyorum. Ellerindeki bilge zaman\u0131denizi ya\u011fmurdan korumaya \u00e7al\u0131\u015fan\u00e7ocuklu\u011funu seviyorum. Aln\u0131n masam\u0131zda d\u00f6rt mevsime ufukdudaklar\u0131nda titreyen zaman\u0131 seviyorum. Y\u00fcr\u00fcyorsun ya kalabal\u0131kd\u00f6n\u00fcp bir daha bak\u0131yor kendineboyunda \u00e7i\u00e7eklenen yedi rengi seviyorum. Her damlas\u0131 ayr\u0131 bir hayat, ne bilsin y\u00fcz\u00fcne d\u00fc\u015fmeyeng\u00f6zlerindeki ya\u015f\u0131 seviyorum. Beni uzakla\u015ft\u0131rmaya \u00e7al\u0131\u015f\u0131rken akl\u0131ndan ge\u00e7enleri seviyorum. Kalbinden g\u00f6vdene y\u00fcr\u00fcyen utanga\u00e7 [&hellip;]\" \/>\n<meta property=\"og:url\" content=\"https:\/\/narteks.net\/index.php\/2018\/08\/01\/cam-ile-tas\/\" \/>\n<meta property=\"og:site_name\" content=\"narteks.net\" \/>\n<meta property=\"article:published_time\" content=\"2018-08-01T11:40:56+00:00\" \/>\n<meta property=\"og:image\" content=\"https:\/\/narteks.net\/wp-content\/uploads\/narteks.png\" \/>\n\t<meta property=\"og:image:width\" content=\"300\" \/>\n\t<meta property=\"og:image:height\" content=\"90\" \/>\n\t<meta property=\"og:image:type\" content=\"image\/png\" \/>\n<meta name=\"author\" content=\"Tar\u0131k\" \/>\n<meta name=\"twitter:card\" content=\"summary_large_image\" \/>\n<meta name=\"twitter:creator\" content=\"@narteks\" \/>\n<meta name=\"twitter:site\" content=\"@narteks\" \/>\n<meta name=\"twitter:label1\" content=\"Yazan:\" \/>\n\t<meta name=\"twitter:data1\" content=\"Tar\u0131k\" \/>\n\t<meta name=\"twitter:label2\" content=\"Tahmini okuma s\u00fcresi\" \/>\n\t<meta name=\"twitter:data2\" content=\"2 dakika\" \/>\n<script type=\"application\/ld+json\" class=\"yoast-schema-graph\">{\"@context\":\"https:\/\/schema.org\",\"@graph\":[{\"@type\":\"Article\",\"@id\":\"https:\/\/narteks.net\/index.php\/2018\/08\/01\/cam-ile-tas\/#article\",\"isPartOf\":{\"@id\":\"https:\/\/narteks.net\/index.php\/2018\/08\/01\/cam-ile-tas\/\"},\"author\":{\"name\":\"Tar\u0131k\",\"@id\":\"https:\/\/narteks.net\/#\/schema\/person\/61f37d9834294b72d31d274e7ed79bca\"},\"headline\":\"CAM \u0130LE TA\u015e\",\"datePublished\":\"2018-08-01T11:40:56+00:00\",\"mainEntityOfPage\":{\"@id\":\"https:\/\/narteks.net\/index.php\/2018\/08\/01\/cam-ile-tas\/\"},\"wordCount\":317,\"commentCount\":0,\"publisher\":{\"@id\":\"https:\/\/narteks.net\/#organization\"},\"articleSection\":[\"\u015e\u00fckr\u00fc ERBA\u015e\"],\"inLanguage\":\"tr\",\"potentialAction\":[{\"@type\":\"CommentAction\",\"name\":\"Comment\",\"target\":[\"https:\/\/narteks.net\/index.php\/2018\/08\/01\/cam-ile-tas\/#respond\"]}]},{\"@type\":\"WebPage\",\"@id\":\"https:\/\/narteks.net\/index.php\/2018\/08\/01\/cam-ile-tas\/\",\"url\":\"https:\/\/narteks.net\/index.php\/2018\/08\/01\/cam-ile-tas\/\",\"name\":\"CAM \u0130LE TA\u015e - narteks.net\",\"isPartOf\":{\"@id\":\"https:\/\/narteks.net\/#website\"},\"datePublished\":\"2018-08-01T11:40:56+00:00\",\"breadcrumb\":{\"@id\":\"https:\/\/narteks.net\/index.php\/2018\/08\/01\/cam-ile-tas\/#breadcrumb\"},\"inLanguage\":\"tr\",\"potentialAction\":[{\"@type\":\"ReadAction\",\"target\":[\"https:\/\/narteks.net\/index.php\/2018\/08\/01\/cam-ile-tas\/\"]}]},{\"@type\":\"BreadcrumbList\",\"@id\":\"https:\/\/narteks.net\/index.php\/2018\/08\/01\/cam-ile-tas\/#breadcrumb\",\"itemListElement\":[{\"@type\":\"ListItem\",\"position\":1,\"name\":\"Anasayfa\",\"item\":\"https:\/\/narteks.net\/\"},{\"@type\":\"ListItem\",\"position\":2,\"name\":\"CAM \u0130LE TA\u015e\"}]},{\"@type\":\"WebSite\",\"@id\":\"https:\/\/narteks.net\/#website\",\"url\":\"https:\/\/narteks.net\/\",\"name\":\"narteks.net\",\"description\":\"K\u00fclt\u00fcr Sanat Edebiyat Felsefe\",\"publisher\":{\"@id\":\"https:\/\/narteks.net\/#organization\"},\"alternateName\":\"K\u00fclt\u00fcr Sanat Edebiyat Felsefe\",\"potentialAction\":[{\"@type\":\"SearchAction\",\"target\":{\"@type\":\"EntryPoint\",\"urlTemplate\":\"https:\/\/narteks.net\/?s={search_term_string}\"},\"query-input\":{\"@type\":\"PropertyValueSpecification\",\"valueRequired\":true,\"valueName\":\"search_term_string\"}}],\"inLanguage\":\"tr\"},{\"@type\":\"Organization\",\"@id\":\"https:\/\/narteks.net\/#organization\",\"name\":\"narteks.net\",\"url\":\"https:\/\/narteks.net\/\",\"logo\":{\"@type\":\"ImageObject\",\"inLanguage\":\"tr\",\"@id\":\"https:\/\/narteks.net\/#\/schema\/logo\/image\/\",\"url\":\"https:\/\/narteks.net\/wp-content\/uploads\/narteks.png\",\"contentUrl\":\"https:\/\/narteks.net\/wp-content\/uploads\/narteks.png\",\"width\":300,\"height\":90,\"caption\":\"narteks.net\"},\"image\":{\"@id\":\"https:\/\/narteks.net\/#\/schema\/logo\/image\/\"},\"sameAs\":[\"https:\/\/x.com\/narteks\",\"https:\/\/instagram.com\/narteksnet\"]},{\"@type\":\"Person\",\"@id\":\"https:\/\/narteks.net\/#\/schema\/person\/61f37d9834294b72d31d274e7ed79bca\",\"name\":\"Tar\u0131k\",\"image\":{\"@type\":\"ImageObject\",\"inLanguage\":\"tr\",\"@id\":\"https:\/\/narteks.net\/#\/schema\/person\/image\/\",\"url\":\"https:\/\/secure.gravatar.com\/avatar\/50865afb55632c4ae467e0af0930f6510aa2297d8014be502a55b14f3b7550cf?s=96&d=mm&r=g\",\"contentUrl\":\"https:\/\/secure.gravatar.com\/avatar\/50865afb55632c4ae467e0af0930f6510aa2297d8014be502a55b14f3b7550cf?s=96&d=mm&r=g\",\"caption\":\"Tar\u0131k\"},\"sameAs\":[\"http:\/\/narteks.net\"],\"url\":\"https:\/\/narteks.net\/index.php\/author\/narbak\/\"}]}<\/script>\n<!-- \/ Yoast SEO Premium plugin. -->","yoast_head_json":{"title":"CAM \u0130LE TA\u015e - narteks.net","robots":{"index":"index","follow":"follow","max-snippet":"max-snippet:-1","max-image-preview":"max-image-preview:large","max-video-preview":"max-video-preview:-1"},"canonical":"https:\/\/narteks.net\/index.php\/2018\/08\/01\/cam-ile-tas\/","og_locale":"tr_TR","og_type":"article","og_title":"CAM \u0130LE TA\u015e","og_description":"Kekeme \u00f6zg\u00fcrl\u00fc\u011f\u00fcn\u00fc seviyorum.Susu\u015fundaki h\u0131nc\u0131 seviyorum.Kalbinde \u00fcrperen k\u0131\u015f\u0131 seviyorum. Ellerindeki bilge zaman\u0131denizi ya\u011fmurdan korumaya \u00e7al\u0131\u015fan\u00e7ocuklu\u011funu seviyorum. Aln\u0131n masam\u0131zda d\u00f6rt mevsime ufukdudaklar\u0131nda titreyen zaman\u0131 seviyorum. Y\u00fcr\u00fcyorsun ya kalabal\u0131kd\u00f6n\u00fcp bir daha bak\u0131yor kendineboyunda \u00e7i\u00e7eklenen yedi rengi seviyorum. Her damlas\u0131 ayr\u0131 bir hayat, ne bilsin y\u00fcz\u00fcne d\u00fc\u015fmeyeng\u00f6zlerindeki ya\u015f\u0131 seviyorum. Beni uzakla\u015ft\u0131rmaya \u00e7al\u0131\u015f\u0131rken akl\u0131ndan ge\u00e7enleri seviyorum. Kalbinden g\u00f6vdene y\u00fcr\u00fcyen utanga\u00e7 [&hellip;]","og_url":"https:\/\/narteks.net\/index.php\/2018\/08\/01\/cam-ile-tas\/","og_site_name":"narteks.net","article_published_time":"2018-08-01T11:40:56+00:00","og_image":[{"width":300,"height":90,"url":"https:\/\/narteks.net\/wp-content\/uploads\/narteks.png","type":"image\/png"}],"author":"Tar\u0131k","twitter_card":"summary_large_image","twitter_creator":"@narteks","twitter_site":"@narteks","twitter_misc":{"Yazan:":"Tar\u0131k","Tahmini okuma s\u00fcresi":"2 dakika"},"schema":{"@context":"https:\/\/schema.org","@graph":[{"@type":"Article","@id":"https:\/\/narteks.net\/index.php\/2018\/08\/01\/cam-ile-tas\/#article","isPartOf":{"@id":"https:\/\/narteks.net\/index.php\/2018\/08\/01\/cam-ile-tas\/"},"author":{"name":"Tar\u0131k","@id":"https:\/\/narteks.net\/#\/schema\/person\/61f37d9834294b72d31d274e7ed79bca"},"headline":"CAM \u0130LE TA\u015e","datePublished":"2018-08-01T11:40:56+00:00","mainEntityOfPage":{"@id":"https:\/\/narteks.net\/index.php\/2018\/08\/01\/cam-ile-tas\/"},"wordCount":317,"commentCount":0,"publisher":{"@id":"https:\/\/narteks.net\/#organization"},"articleSection":["\u015e\u00fckr\u00fc ERBA\u015e"],"inLanguage":"tr","potentialAction":[{"@type":"CommentAction","name":"Comment","target":["https:\/\/narteks.net\/index.php\/2018\/08\/01\/cam-ile-tas\/#respond"]}]},{"@type":"WebPage","@id":"https:\/\/narteks.net\/index.php\/2018\/08\/01\/cam-ile-tas\/","url":"https:\/\/narteks.net\/index.php\/2018\/08\/01\/cam-ile-tas\/","name":"CAM \u0130LE TA\u015e - narteks.net","isPartOf":{"@id":"https:\/\/narteks.net\/#website"},"datePublished":"2018-08-01T11:40:56+00:00","breadcrumb":{"@id":"https:\/\/narteks.net\/index.php\/2018\/08\/01\/cam-ile-tas\/#breadcrumb"},"inLanguage":"tr","potentialAction":[{"@type":"ReadAction","target":["https:\/\/narteks.net\/index.php\/2018\/08\/01\/cam-ile-tas\/"]}]},{"@type":"BreadcrumbList","@id":"https:\/\/narteks.net\/index.php\/2018\/08\/01\/cam-ile-tas\/#breadcrumb","itemListElement":[{"@type":"ListItem","position":1,"name":"Anasayfa","item":"https:\/\/narteks.net\/"},{"@type":"ListItem","position":2,"name":"CAM \u0130LE TA\u015e"}]},{"@type":"WebSite","@id":"https:\/\/narteks.net\/#website","url":"https:\/\/narteks.net\/","name":"narteks.net","description":"K\u00fclt\u00fcr Sanat Edebiyat Felsefe","publisher":{"@id":"https:\/\/narteks.net\/#organization"},"alternateName":"K\u00fclt\u00fcr Sanat Edebiyat Felsefe","potentialAction":[{"@type":"SearchAction","target":{"@type":"EntryPoint","urlTemplate":"https:\/\/narteks.net\/?s={search_term_string}"},"query-input":{"@type":"PropertyValueSpecification","valueRequired":true,"valueName":"search_term_string"}}],"inLanguage":"tr"},{"@type":"Organization","@id":"https:\/\/narteks.net\/#organization","name":"narteks.net","url":"https:\/\/narteks.net\/","logo":{"@type":"ImageObject","inLanguage":"tr","@id":"https:\/\/narteks.net\/#\/schema\/logo\/image\/","url":"https:\/\/narteks.net\/wp-content\/uploads\/narteks.png","contentUrl":"https:\/\/narteks.net\/wp-content\/uploads\/narteks.png","width":300,"height":90,"caption":"narteks.net"},"image":{"@id":"https:\/\/narteks.net\/#\/schema\/logo\/image\/"},"sameAs":["https:\/\/x.com\/narteks","https:\/\/instagram.com\/narteksnet"]},{"@type":"Person","@id":"https:\/\/narteks.net\/#\/schema\/person\/61f37d9834294b72d31d274e7ed79bca","name":"Tar\u0131k","image":{"@type":"ImageObject","inLanguage":"tr","@id":"https:\/\/narteks.net\/#\/schema\/person\/image\/","url":"https:\/\/secure.gravatar.com\/avatar\/50865afb55632c4ae467e0af0930f6510aa2297d8014be502a55b14f3b7550cf?s=96&d=mm&r=g","contentUrl":"https:\/\/secure.gravatar.com\/avatar\/50865afb55632c4ae467e0af0930f6510aa2297d8014be502a55b14f3b7550cf?s=96&d=mm&r=g","caption":"Tar\u0131k"},"sameAs":["http:\/\/narteks.net"],"url":"https:\/\/narteks.net\/index.php\/author\/narbak\/"}]}},"_links":{"self":[{"href":"https:\/\/narteks.net\/index.php\/wp-json\/wp\/v2\/posts\/6990","targetHints":{"allow":["GET"]}}],"collection":[{"href":"https:\/\/narteks.net\/index.php\/wp-json\/wp\/v2\/posts"}],"about":[{"href":"https:\/\/narteks.net\/index.php\/wp-json\/wp\/v2\/types\/post"}],"author":[{"embeddable":true,"href":"https:\/\/narteks.net\/index.php\/wp-json\/wp\/v2\/users\/1"}],"replies":[{"embeddable":true,"href":"https:\/\/narteks.net\/index.php\/wp-json\/wp\/v2\/comments?post=6990"}],"version-history":[{"count":0,"href":"https:\/\/narteks.net\/index.php\/wp-json\/wp\/v2\/posts\/6990\/revisions"}],"wp:attachment":[{"href":"https:\/\/narteks.net\/index.php\/wp-json\/wp\/v2\/media?parent=6990"}],"wp:term":[{"taxonomy":"category","embeddable":true,"href":"https:\/\/narteks.net\/index.php\/wp-json\/wp\/v2\/categories?post=6990"},{"taxonomy":"post_tag","embeddable":true,"href":"https:\/\/narteks.net\/index.php\/wp-json\/wp\/v2\/tags?post=6990"}],"curies":[{"name":"wp","href":"https:\/\/api.w.org\/{rel}","templated":true}]}}