{"id":6991,"date":"2018-08-01T14:42:18","date_gmt":"2018-08-01T11:42:18","guid":{"rendered":"http:\/\/localhost\/wordpress\/2018\/08\/01\/bozkir-ayini\/"},"modified":"2018-08-01T14:42:18","modified_gmt":"2018-08-01T11:42:18","slug":"bozkir-ayini","status":"publish","type":"post","link":"https:\/\/narteks.net\/index.php\/2018\/08\/01\/bozkir-ayini\/","title":{"rendered":"BOZKIR AY\u0130N\u0130"},"content":{"rendered":"<p>Biz hepimiz uzun uzun s\u0131k\u0131l\u0131r\u0131z<br \/>Arkada\u015flar\u0131m\u0131z da s\u0131k\u0131l\u0131rlar ki bize gelirler<br \/>Bo\u015flukta as\u0131l\u0131 bir tanr\u0131 zaman\u0131<br \/>Otururuz b\u00fct\u00fcn hareketlerin d\u0131\u015f\u0131nda<br \/>Ayn\u0131 s\u00f6zleri her g\u00fcn ilk kez s\u00f6yleriz<br \/>Yaln\u0131zl\u0131\u011f\u0131m\u0131zdan kopmu\u015f bir ta\u015ft\u0131r \u00e7ocuklar\u0131m\u0131z<br \/>Ya\u015f\u0131na gelmeden kat\u0131l\u0131rlar bize<br \/>Pencerelerden yine kendimizi g\u00f6r\u00fcr\u00fcz\u00a0<br \/>\u00d6yle uzak ki d\u00fcnya avu\u00e7lar\u0131m\u0131za<br \/>\u0130kinci bir cezad\u0131r duam\u0131z kalbimize<br \/>Hoyrat ve s\u0131k\u0131lgan gideriz kad\u0131nlara<br \/>kad\u0131nlardan geliriz bir eksiklik c\u00fcmlesi<br \/>G\u00f6lgemiz kendimizden daha konu\u015fkand\u0131r<br \/>Hi\u00e7bir g\u00fczellik k\u0131\u015fk\u0131rtamaz akl\u0131m\u0131z\u0131<br \/>Yoktur ki ac\u0131 olsun ba\u015fkalar\u0131n\u0131n y\u0131k\u0131m\u0131<br \/>D\u0131\u015f\u0131m\u0131zdad\u0131r a\u011fa\u00e7lar\u0131n kanad\u0131 sular\u0131n elleri<br \/>Toprakla deniz aras\u0131ndaki fark<br \/>Birisinde susuz bo\u011fuluruz<br \/>\u00d6teki nem bile de\u011fildir s\u00f6z\u00fcm\u00fcze<br \/>Her kap\u0131m\u0131z bir mezar ta\u015f\u0131<br \/>Biz hepimiz uzun uzun \u00f6l\u00fcr\u00fcz&#8230;<\/p>\n<p>\u015e\u00fckr\u00fc ERBA\u015e<\/p>\n","protected":false},"excerpt":{"rendered":"<p>Biz hepimiz uzun uzun s\u0131k\u0131l\u0131r\u0131zArkada\u015flar\u0131m\u0131z da s\u0131k\u0131l\u0131rlar ki bize gelirlerBo\u015flukta as\u0131l\u0131 bir tanr\u0131 zaman\u0131Otururuz b\u00fct\u00fcn hareketlerin d\u0131\u015f\u0131ndaAyn\u0131 s\u00f6zleri her g\u00fcn ilk kez s\u00f6ylerizYaln\u0131zl\u0131\u011f\u0131m\u0131zdan kopmu\u015f bir ta\u015ft\u0131r \u00e7ocuklar\u0131m\u0131zYa\u015f\u0131na gelmeden kat\u0131l\u0131rlar bizePencerelerden yine kendimizi g\u00f6r\u00fcr\u00fcz\u00a0\u00d6yle uzak ki d\u00fcnya avu\u00e7lar\u0131m\u0131za\u0130kinci bir cezad\u0131r duam\u0131z kalbimizeHoyrat ve s\u0131k\u0131lgan gideriz kad\u0131nlarakad\u0131nlardan geliriz bir eksiklik c\u00fcmlesiG\u00f6lgemiz kendimizden daha konu\u015fkand\u0131rHi\u00e7bir g\u00fczellik k\u0131\u015fk\u0131rtamaz akl\u0131m\u0131z\u0131Yoktur [&hellip;]<\/p>\n","protected":false},"author":1,"featured_media":0,"comment_status":"open","ping_status":"open","sticky":false,"template":"","format":"standard","meta":{"footnotes":""},"categories":[214],"tags":[],"class_list":{"0":"post-6991","1":"post","2":"type-post","3":"status-publish","4":"format-standard","6":"category-sukru-erbas"},"yoast_head":"<!-- This site is optimized with the Yoast SEO Premium plugin v24.9 (Yoast SEO v24.9) - https:\/\/yoast.com\/wordpress\/plugins\/seo\/ -->\n<title>BOZKIR AY\u0130N\u0130 - narteks.net<\/title>\n<meta name=\"robots\" content=\"index, follow, max-snippet:-1, max-image-preview:large, max-video-preview:-1\" \/>\n<link rel=\"canonical\" href=\"https:\/\/narteks.net\/index.php\/2018\/08\/01\/bozkir-ayini\/\" \/>\n<meta property=\"og:locale\" content=\"tr_TR\" \/>\n<meta property=\"og:type\" content=\"article\" \/>\n<meta property=\"og:title\" content=\"BOZKIR AY\u0130N\u0130\" \/>\n<meta property=\"og:description\" content=\"Biz hepimiz uzun uzun s\u0131k\u0131l\u0131r\u0131zArkada\u015flar\u0131m\u0131z da s\u0131k\u0131l\u0131rlar ki bize gelirlerBo\u015flukta as\u0131l\u0131 bir tanr\u0131 zaman\u0131Otururuz b\u00fct\u00fcn hareketlerin d\u0131\u015f\u0131ndaAyn\u0131 s\u00f6zleri her g\u00fcn ilk kez s\u00f6ylerizYaln\u0131zl\u0131\u011f\u0131m\u0131zdan kopmu\u015f bir ta\u015ft\u0131r \u00e7ocuklar\u0131m\u0131zYa\u015f\u0131na gelmeden kat\u0131l\u0131rlar bizePencerelerden yine kendimizi g\u00f6r\u00fcr\u00fcz\u00a0\u00d6yle uzak ki d\u00fcnya avu\u00e7lar\u0131m\u0131za\u0130kinci bir cezad\u0131r duam\u0131z kalbimizeHoyrat ve s\u0131k\u0131lgan gideriz kad\u0131nlarakad\u0131nlardan geliriz bir eksiklik c\u00fcmlesiG\u00f6lgemiz kendimizden daha konu\u015fkand\u0131rHi\u00e7bir g\u00fczellik k\u0131\u015fk\u0131rtamaz akl\u0131m\u0131z\u0131Yoktur [&hellip;]\" \/>\n<meta property=\"og:url\" content=\"https:\/\/narteks.net\/index.php\/2018\/08\/01\/bozkir-ayini\/\" \/>\n<meta property=\"og:site_name\" content=\"narteks.net\" \/>\n<meta property=\"article:published_time\" content=\"2018-08-01T11:42:18+00:00\" \/>\n<meta property=\"og:image\" content=\"https:\/\/narteks.net\/wp-content\/uploads\/narteks.png\" \/>\n\t<meta property=\"og:image:width\" content=\"300\" \/>\n\t<meta property=\"og:image:height\" content=\"90\" \/>\n\t<meta property=\"og:image:type\" content=\"image\/png\" \/>\n<meta name=\"author\" content=\"Tar\u0131k\" \/>\n<meta name=\"twitter:card\" content=\"summary_large_image\" \/>\n<meta name=\"twitter:creator\" content=\"@narteks\" \/>\n<meta name=\"twitter:site\" content=\"@narteks\" \/>\n<meta name=\"twitter:label1\" content=\"Yazan:\" \/>\n\t<meta name=\"twitter:data1\" content=\"Tar\u0131k\" \/>\n\t<meta name=\"twitter:label2\" content=\"Tahmini okuma s\u00fcresi\" \/>\n\t<meta name=\"twitter:data2\" content=\"1 dakika\" \/>\n<script type=\"application\/ld+json\" class=\"yoast-schema-graph\">{\"@context\":\"https:\/\/schema.org\",\"@graph\":[{\"@type\":\"Article\",\"@id\":\"https:\/\/narteks.net\/index.php\/2018\/08\/01\/bozkir-ayini\/#article\",\"isPartOf\":{\"@id\":\"https:\/\/narteks.net\/index.php\/2018\/08\/01\/bozkir-ayini\/\"},\"author\":{\"name\":\"Tar\u0131k\",\"@id\":\"https:\/\/narteks.net\/#\/schema\/person\/61f37d9834294b72d31d274e7ed79bca\"},\"headline\":\"BOZKIR AY\u0130N\u0130\",\"datePublished\":\"2018-08-01T11:42:18+00:00\",\"mainEntityOfPage\":{\"@id\":\"https:\/\/narteks.net\/index.php\/2018\/08\/01\/bozkir-ayini\/\"},\"wordCount\":166,\"commentCount\":0,\"publisher\":{\"@id\":\"https:\/\/narteks.net\/#organization\"},\"articleSection\":[\"\u015e\u00fckr\u00fc ERBA\u015e\"],\"inLanguage\":\"tr\",\"potentialAction\":[{\"@type\":\"CommentAction\",\"name\":\"Comment\",\"target\":[\"https:\/\/narteks.net\/index.php\/2018\/08\/01\/bozkir-ayini\/#respond\"]}]},{\"@type\":\"WebPage\",\"@id\":\"https:\/\/narteks.net\/index.php\/2018\/08\/01\/bozkir-ayini\/\",\"url\":\"https:\/\/narteks.net\/index.php\/2018\/08\/01\/bozkir-ayini\/\",\"name\":\"BOZKIR AY\u0130N\u0130 - narteks.net\",\"isPartOf\":{\"@id\":\"https:\/\/narteks.net\/#website\"},\"datePublished\":\"2018-08-01T11:42:18+00:00\",\"breadcrumb\":{\"@id\":\"https:\/\/narteks.net\/index.php\/2018\/08\/01\/bozkir-ayini\/#breadcrumb\"},\"inLanguage\":\"tr\",\"potentialAction\":[{\"@type\":\"ReadAction\",\"target\":[\"https:\/\/narteks.net\/index.php\/2018\/08\/01\/bozkir-ayini\/\"]}]},{\"@type\":\"BreadcrumbList\",\"@id\":\"https:\/\/narteks.net\/index.php\/2018\/08\/01\/bozkir-ayini\/#breadcrumb\",\"itemListElement\":[{\"@type\":\"ListItem\",\"position\":1,\"name\":\"Anasayfa\",\"item\":\"https:\/\/narteks.net\/\"},{\"@type\":\"ListItem\",\"position\":2,\"name\":\"BOZKIR AY\u0130N\u0130\"}]},{\"@type\":\"WebSite\",\"@id\":\"https:\/\/narteks.net\/#website\",\"url\":\"https:\/\/narteks.net\/\",\"name\":\"narteks.net\",\"description\":\"K\u00fclt\u00fcr Sanat Edebiyat Felsefe\",\"publisher\":{\"@id\":\"https:\/\/narteks.net\/#organization\"},\"alternateName\":\"K\u00fclt\u00fcr Sanat Edebiyat Felsefe\",\"potentialAction\":[{\"@type\":\"SearchAction\",\"target\":{\"@type\":\"EntryPoint\",\"urlTemplate\":\"https:\/\/narteks.net\/?s={search_term_string}\"},\"query-input\":{\"@type\":\"PropertyValueSpecification\",\"valueRequired\":true,\"valueName\":\"search_term_string\"}}],\"inLanguage\":\"tr\"},{\"@type\":\"Organization\",\"@id\":\"https:\/\/narteks.net\/#organization\",\"name\":\"narteks.net\",\"url\":\"https:\/\/narteks.net\/\",\"logo\":{\"@type\":\"ImageObject\",\"inLanguage\":\"tr\",\"@id\":\"https:\/\/narteks.net\/#\/schema\/logo\/image\/\",\"url\":\"https:\/\/narteks.net\/wp-content\/uploads\/narteks.png\",\"contentUrl\":\"https:\/\/narteks.net\/wp-content\/uploads\/narteks.png\",\"width\":300,\"height\":90,\"caption\":\"narteks.net\"},\"image\":{\"@id\":\"https:\/\/narteks.net\/#\/schema\/logo\/image\/\"},\"sameAs\":[\"https:\/\/x.com\/narteks\",\"https:\/\/instagram.com\/narteksnet\"]},{\"@type\":\"Person\",\"@id\":\"https:\/\/narteks.net\/#\/schema\/person\/61f37d9834294b72d31d274e7ed79bca\",\"name\":\"Tar\u0131k\",\"image\":{\"@type\":\"ImageObject\",\"inLanguage\":\"tr\",\"@id\":\"https:\/\/narteks.net\/#\/schema\/person\/image\/\",\"url\":\"https:\/\/secure.gravatar.com\/avatar\/50865afb55632c4ae467e0af0930f6510aa2297d8014be502a55b14f3b7550cf?s=96&d=mm&r=g\",\"contentUrl\":\"https:\/\/secure.gravatar.com\/avatar\/50865afb55632c4ae467e0af0930f6510aa2297d8014be502a55b14f3b7550cf?s=96&d=mm&r=g\",\"caption\":\"Tar\u0131k\"},\"sameAs\":[\"http:\/\/narteks.net\"],\"url\":\"https:\/\/narteks.net\/index.php\/author\/narbak\/\"}]}<\/script>\n<!-- \/ Yoast SEO Premium plugin. -->","yoast_head_json":{"title":"BOZKIR AY\u0130N\u0130 - narteks.net","robots":{"index":"index","follow":"follow","max-snippet":"max-snippet:-1","max-image-preview":"max-image-preview:large","max-video-preview":"max-video-preview:-1"},"canonical":"https:\/\/narteks.net\/index.php\/2018\/08\/01\/bozkir-ayini\/","og_locale":"tr_TR","og_type":"article","og_title":"BOZKIR AY\u0130N\u0130","og_description":"Biz hepimiz uzun uzun s\u0131k\u0131l\u0131r\u0131zArkada\u015flar\u0131m\u0131z da s\u0131k\u0131l\u0131rlar ki bize gelirlerBo\u015flukta as\u0131l\u0131 bir tanr\u0131 zaman\u0131Otururuz b\u00fct\u00fcn hareketlerin d\u0131\u015f\u0131ndaAyn\u0131 s\u00f6zleri her g\u00fcn ilk kez s\u00f6ylerizYaln\u0131zl\u0131\u011f\u0131m\u0131zdan kopmu\u015f bir ta\u015ft\u0131r \u00e7ocuklar\u0131m\u0131zYa\u015f\u0131na gelmeden kat\u0131l\u0131rlar bizePencerelerden yine kendimizi g\u00f6r\u00fcr\u00fcz\u00a0\u00d6yle uzak ki d\u00fcnya avu\u00e7lar\u0131m\u0131za\u0130kinci bir cezad\u0131r duam\u0131z kalbimizeHoyrat ve s\u0131k\u0131lgan gideriz kad\u0131nlarakad\u0131nlardan geliriz bir eksiklik c\u00fcmlesiG\u00f6lgemiz kendimizden daha konu\u015fkand\u0131rHi\u00e7bir g\u00fczellik k\u0131\u015fk\u0131rtamaz akl\u0131m\u0131z\u0131Yoktur [&hellip;]","og_url":"https:\/\/narteks.net\/index.php\/2018\/08\/01\/bozkir-ayini\/","og_site_name":"narteks.net","article_published_time":"2018-08-01T11:42:18+00:00","og_image":[{"width":300,"height":90,"url":"https:\/\/narteks.net\/wp-content\/uploads\/narteks.png","type":"image\/png"}],"author":"Tar\u0131k","twitter_card":"summary_large_image","twitter_creator":"@narteks","twitter_site":"@narteks","twitter_misc":{"Yazan:":"Tar\u0131k","Tahmini okuma s\u00fcresi":"1 dakika"},"schema":{"@context":"https:\/\/schema.org","@graph":[{"@type":"Article","@id":"https:\/\/narteks.net\/index.php\/2018\/08\/01\/bozkir-ayini\/#article","isPartOf":{"@id":"https:\/\/narteks.net\/index.php\/2018\/08\/01\/bozkir-ayini\/"},"author":{"name":"Tar\u0131k","@id":"https:\/\/narteks.net\/#\/schema\/person\/61f37d9834294b72d31d274e7ed79bca"},"headline":"BOZKIR AY\u0130N\u0130","datePublished":"2018-08-01T11:42:18+00:00","mainEntityOfPage":{"@id":"https:\/\/narteks.net\/index.php\/2018\/08\/01\/bozkir-ayini\/"},"wordCount":166,"commentCount":0,"publisher":{"@id":"https:\/\/narteks.net\/#organization"},"articleSection":["\u015e\u00fckr\u00fc ERBA\u015e"],"inLanguage":"tr","potentialAction":[{"@type":"CommentAction","name":"Comment","target":["https:\/\/narteks.net\/index.php\/2018\/08\/01\/bozkir-ayini\/#respond"]}]},{"@type":"WebPage","@id":"https:\/\/narteks.net\/index.php\/2018\/08\/01\/bozkir-ayini\/","url":"https:\/\/narteks.net\/index.php\/2018\/08\/01\/bozkir-ayini\/","name":"BOZKIR AY\u0130N\u0130 - narteks.net","isPartOf":{"@id":"https:\/\/narteks.net\/#website"},"datePublished":"2018-08-01T11:42:18+00:00","breadcrumb":{"@id":"https:\/\/narteks.net\/index.php\/2018\/08\/01\/bozkir-ayini\/#breadcrumb"},"inLanguage":"tr","potentialAction":[{"@type":"ReadAction","target":["https:\/\/narteks.net\/index.php\/2018\/08\/01\/bozkir-ayini\/"]}]},{"@type":"BreadcrumbList","@id":"https:\/\/narteks.net\/index.php\/2018\/08\/01\/bozkir-ayini\/#breadcrumb","itemListElement":[{"@type":"ListItem","position":1,"name":"Anasayfa","item":"https:\/\/narteks.net\/"},{"@type":"ListItem","position":2,"name":"BOZKIR AY\u0130N\u0130"}]},{"@type":"WebSite","@id":"https:\/\/narteks.net\/#website","url":"https:\/\/narteks.net\/","name":"narteks.net","description":"K\u00fclt\u00fcr Sanat Edebiyat Felsefe","publisher":{"@id":"https:\/\/narteks.net\/#organization"},"alternateName":"K\u00fclt\u00fcr Sanat Edebiyat Felsefe","potentialAction":[{"@type":"SearchAction","target":{"@type":"EntryPoint","urlTemplate":"https:\/\/narteks.net\/?s={search_term_string}"},"query-input":{"@type":"PropertyValueSpecification","valueRequired":true,"valueName":"search_term_string"}}],"inLanguage":"tr"},{"@type":"Organization","@id":"https:\/\/narteks.net\/#organization","name":"narteks.net","url":"https:\/\/narteks.net\/","logo":{"@type":"ImageObject","inLanguage":"tr","@id":"https:\/\/narteks.net\/#\/schema\/logo\/image\/","url":"https:\/\/narteks.net\/wp-content\/uploads\/narteks.png","contentUrl":"https:\/\/narteks.net\/wp-content\/uploads\/narteks.png","width":300,"height":90,"caption":"narteks.net"},"image":{"@id":"https:\/\/narteks.net\/#\/schema\/logo\/image\/"},"sameAs":["https:\/\/x.com\/narteks","https:\/\/instagram.com\/narteksnet"]},{"@type":"Person","@id":"https:\/\/narteks.net\/#\/schema\/person\/61f37d9834294b72d31d274e7ed79bca","name":"Tar\u0131k","image":{"@type":"ImageObject","inLanguage":"tr","@id":"https:\/\/narteks.net\/#\/schema\/person\/image\/","url":"https:\/\/secure.gravatar.com\/avatar\/50865afb55632c4ae467e0af0930f6510aa2297d8014be502a55b14f3b7550cf?s=96&d=mm&r=g","contentUrl":"https:\/\/secure.gravatar.com\/avatar\/50865afb55632c4ae467e0af0930f6510aa2297d8014be502a55b14f3b7550cf?s=96&d=mm&r=g","caption":"Tar\u0131k"},"sameAs":["http:\/\/narteks.net"],"url":"https:\/\/narteks.net\/index.php\/author\/narbak\/"}]}},"_links":{"self":[{"href":"https:\/\/narteks.net\/index.php\/wp-json\/wp\/v2\/posts\/6991","targetHints":{"allow":["GET"]}}],"collection":[{"href":"https:\/\/narteks.net\/index.php\/wp-json\/wp\/v2\/posts"}],"about":[{"href":"https:\/\/narteks.net\/index.php\/wp-json\/wp\/v2\/types\/post"}],"author":[{"embeddable":true,"href":"https:\/\/narteks.net\/index.php\/wp-json\/wp\/v2\/users\/1"}],"replies":[{"embeddable":true,"href":"https:\/\/narteks.net\/index.php\/wp-json\/wp\/v2\/comments?post=6991"}],"version-history":[{"count":0,"href":"https:\/\/narteks.net\/index.php\/wp-json\/wp\/v2\/posts\/6991\/revisions"}],"wp:attachment":[{"href":"https:\/\/narteks.net\/index.php\/wp-json\/wp\/v2\/media?parent=6991"}],"wp:term":[{"taxonomy":"category","embeddable":true,"href":"https:\/\/narteks.net\/index.php\/wp-json\/wp\/v2\/categories?post=6991"},{"taxonomy":"post_tag","embeddable":true,"href":"https:\/\/narteks.net\/index.php\/wp-json\/wp\/v2\/tags?post=6991"}],"curies":[{"name":"wp","href":"https:\/\/api.w.org\/{rel}","templated":true}]}}