{"id":6992,"date":"2018-08-01T14:43:36","date_gmt":"2018-08-01T11:43:36","guid":{"rendered":"http:\/\/localhost\/wordpress\/2018\/08\/01\/bir-dus-gecesinden\/"},"modified":"2018-08-01T14:43:36","modified_gmt":"2018-08-01T11:43:36","slug":"bir-dus-gecesinden","status":"publish","type":"post","link":"https:\/\/narteks.net\/index.php\/2018\/08\/01\/bir-dus-gecesinden\/","title":{"rendered":"B\u0130R D\u00dc\u015e GECES\u0130NDEN"},"content":{"rendered":"<p>Sesin sesime kar\u0131\u015ft\u0131, eridi<br \/>Doyumun en esrik noktas\u0131nda titrek<br \/>Tenin sindi tenime<br \/>Soyulmus s\u00f6\u011f\u00fct dal\u0131<br \/>Su basm\u0131\u015f \u00e7imen kokusunda.<br \/>Kanat vurdu kan\u0131mdan sevginin can ku\u015fu<br \/>Devindi bir zaman g\u00f6zlerinin g\u00f6\u011f\u00fcnde<br \/>Yorulup konduk\u00e7a ince k\u0131vr\u0131mlar\u0131na<br \/>Mutlulu\u011fa yumuldu her sefer kirpiklerin.<br \/>Aynas\u0131nda uyumun g\u00fcl\u00fcmseyen aylas\u0131<br \/>S\u00fczg\u00fcn uykularda rahat<br \/>Kayboldu g\u00fczel y\u00fcz\u00fcn kalbimin derininde.<br \/>Il\u0131k nefesini al\u0131p verdim g\u00fcnlerce<br \/>Kimseler g\u00f6rmedi a\u011fz\u0131mda a\u00e7an g\u00fcl\u00fc.<br \/>Sevin\u00e7 mi h\u00fcz\u00fcn m\u00fc se\u00e7emedi\u011fim<br \/>Tan\u0131ms\u0131z duygular\u0131n tad\u0131yla<br \/>-E\u011fri han\u00e7erler gibi i\u00e7imde gezinen-<br \/>\u015eimdi binlerce imge o d\u00fc\u015f gecesinden<br \/>Hepsi seni \u00e7a\u011fr\u0131\u015ft\u0131r\u0131p<br \/>Hepsi seni bi\u00e7imleyen.<\/p>\n<p>\u015e\u00fckr\u00fc ERBA\u015e<\/p>\n","protected":false},"excerpt":{"rendered":"<p>Sesin sesime kar\u0131\u015ft\u0131, eridiDoyumun en esrik noktas\u0131nda titrekTenin sindi tenimeSoyulmus s\u00f6\u011f\u00fct dal\u0131Su basm\u0131\u015f \u00e7imen kokusunda.Kanat vurdu kan\u0131mdan sevginin can ku\u015fuDevindi bir zaman g\u00f6zlerinin g\u00f6\u011f\u00fcndeYorulup konduk\u00e7a ince k\u0131vr\u0131mlar\u0131naMutlulu\u011fa yumuldu her sefer kirpiklerin.Aynas\u0131nda uyumun g\u00fcl\u00fcmseyen aylas\u0131S\u00fczg\u00fcn uykularda rahatKayboldu g\u00fczel y\u00fcz\u00fcn kalbimin derininde.Il\u0131k nefesini al\u0131p verdim g\u00fcnlerceKimseler g\u00f6rmedi a\u011fz\u0131mda a\u00e7an g\u00fcl\u00fc.Sevin\u00e7 mi h\u00fcz\u00fcn m\u00fc se\u00e7emedi\u011fimTan\u0131ms\u0131z duygular\u0131n tad\u0131yla-E\u011fri han\u00e7erler [&hellip;]<\/p>\n","protected":false},"author":1,"featured_media":0,"comment_status":"open","ping_status":"open","sticky":false,"template":"","format":"standard","meta":{"footnotes":""},"categories":[214],"tags":[],"class_list":{"0":"post-6992","1":"post","2":"type-post","3":"status-publish","4":"format-standard","6":"category-sukru-erbas"},"yoast_head":"<!-- This site is optimized with the Yoast SEO Premium plugin v24.9 (Yoast SEO v24.9) - https:\/\/yoast.com\/wordpress\/plugins\/seo\/ -->\n<title>B\u0130R D\u00dc\u015e GECES\u0130NDEN - narteks.net<\/title>\n<meta name=\"robots\" content=\"index, follow, max-snippet:-1, max-image-preview:large, max-video-preview:-1\" \/>\n<link rel=\"canonical\" href=\"https:\/\/narteks.net\/index.php\/2018\/08\/01\/bir-dus-gecesinden\/\" \/>\n<meta property=\"og:locale\" content=\"tr_TR\" \/>\n<meta property=\"og:type\" content=\"article\" \/>\n<meta property=\"og:title\" content=\"B\u0130R D\u00dc\u015e GECES\u0130NDEN\" \/>\n<meta property=\"og:description\" content=\"Sesin sesime kar\u0131\u015ft\u0131, eridiDoyumun en esrik noktas\u0131nda titrekTenin sindi tenimeSoyulmus s\u00f6\u011f\u00fct dal\u0131Su basm\u0131\u015f \u00e7imen kokusunda.Kanat vurdu kan\u0131mdan sevginin can ku\u015fuDevindi bir zaman g\u00f6zlerinin g\u00f6\u011f\u00fcndeYorulup konduk\u00e7a ince k\u0131vr\u0131mlar\u0131naMutlulu\u011fa yumuldu her sefer kirpiklerin.Aynas\u0131nda uyumun g\u00fcl\u00fcmseyen aylas\u0131S\u00fczg\u00fcn uykularda rahatKayboldu g\u00fczel y\u00fcz\u00fcn kalbimin derininde.Il\u0131k nefesini al\u0131p verdim g\u00fcnlerceKimseler g\u00f6rmedi a\u011fz\u0131mda a\u00e7an g\u00fcl\u00fc.Sevin\u00e7 mi h\u00fcz\u00fcn m\u00fc se\u00e7emedi\u011fimTan\u0131ms\u0131z duygular\u0131n tad\u0131yla-E\u011fri han\u00e7erler [&hellip;]\" \/>\n<meta property=\"og:url\" content=\"https:\/\/narteks.net\/index.php\/2018\/08\/01\/bir-dus-gecesinden\/\" \/>\n<meta property=\"og:site_name\" content=\"narteks.net\" \/>\n<meta property=\"article:published_time\" content=\"2018-08-01T11:43:36+00:00\" \/>\n<meta property=\"og:image\" content=\"https:\/\/narteks.net\/wp-content\/uploads\/narteks.png\" \/>\n\t<meta property=\"og:image:width\" content=\"300\" \/>\n\t<meta property=\"og:image:height\" content=\"90\" \/>\n\t<meta property=\"og:image:type\" content=\"image\/png\" \/>\n<meta name=\"author\" content=\"Tar\u0131k\" \/>\n<meta name=\"twitter:card\" content=\"summary_large_image\" \/>\n<meta name=\"twitter:creator\" content=\"@narteks\" \/>\n<meta name=\"twitter:site\" content=\"@narteks\" \/>\n<meta name=\"twitter:label1\" content=\"Yazan:\" \/>\n\t<meta name=\"twitter:data1\" content=\"Tar\u0131k\" \/>\n\t<meta name=\"twitter:label2\" content=\"Tahmini okuma s\u00fcresi\" \/>\n\t<meta name=\"twitter:data2\" content=\"1 dakika\" \/>\n<script type=\"application\/ld+json\" class=\"yoast-schema-graph\">{\"@context\":\"https:\/\/schema.org\",\"@graph\":[{\"@type\":\"Article\",\"@id\":\"https:\/\/narteks.net\/index.php\/2018\/08\/01\/bir-dus-gecesinden\/#article\",\"isPartOf\":{\"@id\":\"https:\/\/narteks.net\/index.php\/2018\/08\/01\/bir-dus-gecesinden\/\"},\"author\":{\"name\":\"Tar\u0131k\",\"@id\":\"https:\/\/narteks.net\/#\/schema\/person\/61f37d9834294b72d31d274e7ed79bca\"},\"headline\":\"B\u0130R D\u00dc\u015e GECES\u0130NDEN\",\"datePublished\":\"2018-08-01T11:43:36+00:00\",\"mainEntityOfPage\":{\"@id\":\"https:\/\/narteks.net\/index.php\/2018\/08\/01\/bir-dus-gecesinden\/\"},\"wordCount\":125,\"commentCount\":0,\"publisher\":{\"@id\":\"https:\/\/narteks.net\/#organization\"},\"articleSection\":[\"\u015e\u00fckr\u00fc ERBA\u015e\"],\"inLanguage\":\"tr\",\"potentialAction\":[{\"@type\":\"CommentAction\",\"name\":\"Comment\",\"target\":[\"https:\/\/narteks.net\/index.php\/2018\/08\/01\/bir-dus-gecesinden\/#respond\"]}]},{\"@type\":\"WebPage\",\"@id\":\"https:\/\/narteks.net\/index.php\/2018\/08\/01\/bir-dus-gecesinden\/\",\"url\":\"https:\/\/narteks.net\/index.php\/2018\/08\/01\/bir-dus-gecesinden\/\",\"name\":\"B\u0130R D\u00dc\u015e GECES\u0130NDEN - narteks.net\",\"isPartOf\":{\"@id\":\"https:\/\/narteks.net\/#website\"},\"datePublished\":\"2018-08-01T11:43:36+00:00\",\"breadcrumb\":{\"@id\":\"https:\/\/narteks.net\/index.php\/2018\/08\/01\/bir-dus-gecesinden\/#breadcrumb\"},\"inLanguage\":\"tr\",\"potentialAction\":[{\"@type\":\"ReadAction\",\"target\":[\"https:\/\/narteks.net\/index.php\/2018\/08\/01\/bir-dus-gecesinden\/\"]}]},{\"@type\":\"BreadcrumbList\",\"@id\":\"https:\/\/narteks.net\/index.php\/2018\/08\/01\/bir-dus-gecesinden\/#breadcrumb\",\"itemListElement\":[{\"@type\":\"ListItem\",\"position\":1,\"name\":\"Anasayfa\",\"item\":\"https:\/\/narteks.net\/\"},{\"@type\":\"ListItem\",\"position\":2,\"name\":\"B\u0130R D\u00dc\u015e GECES\u0130NDEN\"}]},{\"@type\":\"WebSite\",\"@id\":\"https:\/\/narteks.net\/#website\",\"url\":\"https:\/\/narteks.net\/\",\"name\":\"narteks.net\",\"description\":\"K\u00fclt\u00fcr Sanat Edebiyat Felsefe\",\"publisher\":{\"@id\":\"https:\/\/narteks.net\/#organization\"},\"alternateName\":\"K\u00fclt\u00fcr Sanat Edebiyat Felsefe\",\"potentialAction\":[{\"@type\":\"SearchAction\",\"target\":{\"@type\":\"EntryPoint\",\"urlTemplate\":\"https:\/\/narteks.net\/?s={search_term_string}\"},\"query-input\":{\"@type\":\"PropertyValueSpecification\",\"valueRequired\":true,\"valueName\":\"search_term_string\"}}],\"inLanguage\":\"tr\"},{\"@type\":\"Organization\",\"@id\":\"https:\/\/narteks.net\/#organization\",\"name\":\"narteks.net\",\"url\":\"https:\/\/narteks.net\/\",\"logo\":{\"@type\":\"ImageObject\",\"inLanguage\":\"tr\",\"@id\":\"https:\/\/narteks.net\/#\/schema\/logo\/image\/\",\"url\":\"https:\/\/narteks.net\/wp-content\/uploads\/narteks.png\",\"contentUrl\":\"https:\/\/narteks.net\/wp-content\/uploads\/narteks.png\",\"width\":300,\"height\":90,\"caption\":\"narteks.net\"},\"image\":{\"@id\":\"https:\/\/narteks.net\/#\/schema\/logo\/image\/\"},\"sameAs\":[\"https:\/\/x.com\/narteks\",\"https:\/\/instagram.com\/narteksnet\"]},{\"@type\":\"Person\",\"@id\":\"https:\/\/narteks.net\/#\/schema\/person\/61f37d9834294b72d31d274e7ed79bca\",\"name\":\"Tar\u0131k\",\"image\":{\"@type\":\"ImageObject\",\"inLanguage\":\"tr\",\"@id\":\"https:\/\/narteks.net\/#\/schema\/person\/image\/\",\"url\":\"https:\/\/secure.gravatar.com\/avatar\/50865afb55632c4ae467e0af0930f6510aa2297d8014be502a55b14f3b7550cf?s=96&d=mm&r=g\",\"contentUrl\":\"https:\/\/secure.gravatar.com\/avatar\/50865afb55632c4ae467e0af0930f6510aa2297d8014be502a55b14f3b7550cf?s=96&d=mm&r=g\",\"caption\":\"Tar\u0131k\"},\"sameAs\":[\"http:\/\/narteks.net\"],\"url\":\"https:\/\/narteks.net\/index.php\/author\/narbak\/\"}]}<\/script>\n<!-- \/ Yoast SEO Premium plugin. -->","yoast_head_json":{"title":"B\u0130R D\u00dc\u015e GECES\u0130NDEN - narteks.net","robots":{"index":"index","follow":"follow","max-snippet":"max-snippet:-1","max-image-preview":"max-image-preview:large","max-video-preview":"max-video-preview:-1"},"canonical":"https:\/\/narteks.net\/index.php\/2018\/08\/01\/bir-dus-gecesinden\/","og_locale":"tr_TR","og_type":"article","og_title":"B\u0130R D\u00dc\u015e GECES\u0130NDEN","og_description":"Sesin sesime kar\u0131\u015ft\u0131, eridiDoyumun en esrik noktas\u0131nda titrekTenin sindi tenimeSoyulmus s\u00f6\u011f\u00fct dal\u0131Su basm\u0131\u015f \u00e7imen kokusunda.Kanat vurdu kan\u0131mdan sevginin can ku\u015fuDevindi bir zaman g\u00f6zlerinin g\u00f6\u011f\u00fcndeYorulup konduk\u00e7a ince k\u0131vr\u0131mlar\u0131naMutlulu\u011fa yumuldu her sefer kirpiklerin.Aynas\u0131nda uyumun g\u00fcl\u00fcmseyen aylas\u0131S\u00fczg\u00fcn uykularda rahatKayboldu g\u00fczel y\u00fcz\u00fcn kalbimin derininde.Il\u0131k nefesini al\u0131p verdim g\u00fcnlerceKimseler g\u00f6rmedi a\u011fz\u0131mda a\u00e7an g\u00fcl\u00fc.Sevin\u00e7 mi h\u00fcz\u00fcn m\u00fc se\u00e7emedi\u011fimTan\u0131ms\u0131z duygular\u0131n tad\u0131yla-E\u011fri han\u00e7erler [&hellip;]","og_url":"https:\/\/narteks.net\/index.php\/2018\/08\/01\/bir-dus-gecesinden\/","og_site_name":"narteks.net","article_published_time":"2018-08-01T11:43:36+00:00","og_image":[{"width":300,"height":90,"url":"https:\/\/narteks.net\/wp-content\/uploads\/narteks.png","type":"image\/png"}],"author":"Tar\u0131k","twitter_card":"summary_large_image","twitter_creator":"@narteks","twitter_site":"@narteks","twitter_misc":{"Yazan:":"Tar\u0131k","Tahmini okuma s\u00fcresi":"1 dakika"},"schema":{"@context":"https:\/\/schema.org","@graph":[{"@type":"Article","@id":"https:\/\/narteks.net\/index.php\/2018\/08\/01\/bir-dus-gecesinden\/#article","isPartOf":{"@id":"https:\/\/narteks.net\/index.php\/2018\/08\/01\/bir-dus-gecesinden\/"},"author":{"name":"Tar\u0131k","@id":"https:\/\/narteks.net\/#\/schema\/person\/61f37d9834294b72d31d274e7ed79bca"},"headline":"B\u0130R D\u00dc\u015e GECES\u0130NDEN","datePublished":"2018-08-01T11:43:36+00:00","mainEntityOfPage":{"@id":"https:\/\/narteks.net\/index.php\/2018\/08\/01\/bir-dus-gecesinden\/"},"wordCount":125,"commentCount":0,"publisher":{"@id":"https:\/\/narteks.net\/#organization"},"articleSection":["\u015e\u00fckr\u00fc ERBA\u015e"],"inLanguage":"tr","potentialAction":[{"@type":"CommentAction","name":"Comment","target":["https:\/\/narteks.net\/index.php\/2018\/08\/01\/bir-dus-gecesinden\/#respond"]}]},{"@type":"WebPage","@id":"https:\/\/narteks.net\/index.php\/2018\/08\/01\/bir-dus-gecesinden\/","url":"https:\/\/narteks.net\/index.php\/2018\/08\/01\/bir-dus-gecesinden\/","name":"B\u0130R D\u00dc\u015e GECES\u0130NDEN - narteks.net","isPartOf":{"@id":"https:\/\/narteks.net\/#website"},"datePublished":"2018-08-01T11:43:36+00:00","breadcrumb":{"@id":"https:\/\/narteks.net\/index.php\/2018\/08\/01\/bir-dus-gecesinden\/#breadcrumb"},"inLanguage":"tr","potentialAction":[{"@type":"ReadAction","target":["https:\/\/narteks.net\/index.php\/2018\/08\/01\/bir-dus-gecesinden\/"]}]},{"@type":"BreadcrumbList","@id":"https:\/\/narteks.net\/index.php\/2018\/08\/01\/bir-dus-gecesinden\/#breadcrumb","itemListElement":[{"@type":"ListItem","position":1,"name":"Anasayfa","item":"https:\/\/narteks.net\/"},{"@type":"ListItem","position":2,"name":"B\u0130R D\u00dc\u015e GECES\u0130NDEN"}]},{"@type":"WebSite","@id":"https:\/\/narteks.net\/#website","url":"https:\/\/narteks.net\/","name":"narteks.net","description":"K\u00fclt\u00fcr Sanat Edebiyat Felsefe","publisher":{"@id":"https:\/\/narteks.net\/#organization"},"alternateName":"K\u00fclt\u00fcr Sanat Edebiyat Felsefe","potentialAction":[{"@type":"SearchAction","target":{"@type":"EntryPoint","urlTemplate":"https:\/\/narteks.net\/?s={search_term_string}"},"query-input":{"@type":"PropertyValueSpecification","valueRequired":true,"valueName":"search_term_string"}}],"inLanguage":"tr"},{"@type":"Organization","@id":"https:\/\/narteks.net\/#organization","name":"narteks.net","url":"https:\/\/narteks.net\/","logo":{"@type":"ImageObject","inLanguage":"tr","@id":"https:\/\/narteks.net\/#\/schema\/logo\/image\/","url":"https:\/\/narteks.net\/wp-content\/uploads\/narteks.png","contentUrl":"https:\/\/narteks.net\/wp-content\/uploads\/narteks.png","width":300,"height":90,"caption":"narteks.net"},"image":{"@id":"https:\/\/narteks.net\/#\/schema\/logo\/image\/"},"sameAs":["https:\/\/x.com\/narteks","https:\/\/instagram.com\/narteksnet"]},{"@type":"Person","@id":"https:\/\/narteks.net\/#\/schema\/person\/61f37d9834294b72d31d274e7ed79bca","name":"Tar\u0131k","image":{"@type":"ImageObject","inLanguage":"tr","@id":"https:\/\/narteks.net\/#\/schema\/person\/image\/","url":"https:\/\/secure.gravatar.com\/avatar\/50865afb55632c4ae467e0af0930f6510aa2297d8014be502a55b14f3b7550cf?s=96&d=mm&r=g","contentUrl":"https:\/\/secure.gravatar.com\/avatar\/50865afb55632c4ae467e0af0930f6510aa2297d8014be502a55b14f3b7550cf?s=96&d=mm&r=g","caption":"Tar\u0131k"},"sameAs":["http:\/\/narteks.net"],"url":"https:\/\/narteks.net\/index.php\/author\/narbak\/"}]}},"_links":{"self":[{"href":"https:\/\/narteks.net\/index.php\/wp-json\/wp\/v2\/posts\/6992","targetHints":{"allow":["GET"]}}],"collection":[{"href":"https:\/\/narteks.net\/index.php\/wp-json\/wp\/v2\/posts"}],"about":[{"href":"https:\/\/narteks.net\/index.php\/wp-json\/wp\/v2\/types\/post"}],"author":[{"embeddable":true,"href":"https:\/\/narteks.net\/index.php\/wp-json\/wp\/v2\/users\/1"}],"replies":[{"embeddable":true,"href":"https:\/\/narteks.net\/index.php\/wp-json\/wp\/v2\/comments?post=6992"}],"version-history":[{"count":0,"href":"https:\/\/narteks.net\/index.php\/wp-json\/wp\/v2\/posts\/6992\/revisions"}],"wp:attachment":[{"href":"https:\/\/narteks.net\/index.php\/wp-json\/wp\/v2\/media?parent=6992"}],"wp:term":[{"taxonomy":"category","embeddable":true,"href":"https:\/\/narteks.net\/index.php\/wp-json\/wp\/v2\/categories?post=6992"},{"taxonomy":"post_tag","embeddable":true,"href":"https:\/\/narteks.net\/index.php\/wp-json\/wp\/v2\/tags?post=6992"}],"curies":[{"name":"wp","href":"https:\/\/api.w.org\/{rel}","templated":true}]}}