{"id":6993,"date":"2018-08-01T14:44:46","date_gmt":"2018-08-01T11:44:46","guid":{"rendered":"http:\/\/localhost\/wordpress\/2018\/08\/01\/ben-siir-yazmazsam\/"},"modified":"2018-08-01T14:44:46","modified_gmt":"2018-08-01T11:44:46","slug":"ben-siir-yazmazsam","status":"publish","type":"post","link":"https:\/\/narteks.net\/index.php\/2018\/08\/01\/ben-siir-yazmazsam\/","title":{"rendered":"BEN \u015e\u0130\u0130R YAZMAZSAM"},"content":{"rendered":"<p>Ben \u015fiir yazmazsam<br \/>Yitirir dilini i\u00e7imdeki \u00e7ocuk,<br \/>D\u00fcnya bir mahzun olur.<br \/>\u00c7\u0131kar\u0131r giysilerini s\u00f6z\u00fcn teninden<br \/>\u0130mge denilen o esrarl\u0131 konuk,<br \/>Nesneler kendince g\u00f6r\u00fcn\u00fcr.<\/p>\n<p>G\u00f6ky\u00fcz\u00fc mavisini vermez<br \/>G\u00f6\u011fs\u00fcndeki buluta.<br \/>Kirlenir ya\u011fmurun rengi,<br \/>Ya\u011fmaz ben yazmazsam.<br \/>Yar sa\u00e7\u0131 kadar ince<br \/>Bir r\u00fczg\u00e2rla \u00f6p\u00fc\u015ferek<br \/>Bulutlar \u00fcst\u00fcm\u00fcze.<\/p>\n<p>Bir kulak \u00e7\u0131nlamas\u0131,<br \/>Bir kirpik k\u0131r\u0131lmas\u0131<br \/>\u00d6m\u00fcrler veren anl\u0131k bir d\u00fc\u015fle<br \/>\u00dczg\u00fcn ve g\u00fcle\u00e7<br \/>Bulu\u015fmaz her ak\u015fam<br \/>D\u0131\u015fardaki d\u00fcnya ile<br \/>\u0130\u00e7erdeki adam<br \/>Ben yazmazsam.<\/p>\n<p>Gelin \u00e7eyizi gibi<br \/>\u0130\u015fleyip duygular\u0131n\u0131<br \/>\u0130nce g\u00fczellikler i\u00e7inde<br \/>S\u00f6yleyemez sevgisini kimse.<br \/>Yazmazsam ben<br \/>G\u00f6zleri bayram o g\u00f6n\u00fcl \u00fcz\u00fcnc\u00fcne<br \/>\u015eiirler okunmaz sitemli<br \/>Titrek bir sesle\u00a0<br \/>Durup y\u00fcre\u011finin k\u0131y\u0131lar\u0131nda.<\/p>\n<p>Bir sonsuz yaln\u0131zl\u0131k i\u00e7inde<br \/>\u00dc\u015f\u00fcr \u00f6l\u00fclerimiz mezarlar\u0131nda<br \/>Sevgiyle an\u0131lmamaktan.<br \/>Ben yazmazsam<br \/>Unutur insanlar, \u015fik\u00e2yet edip<br \/>Unutulmaktan<br \/>Her yeni g\u00fcnle giden birini daha<br \/>Y\u00fckleyip kusurlar\u0131n\u0131<br \/>Zamana ve hayata.<\/p>\n<p>Ak\u015fam\u0131 g\u00f6\u011f\u00fcsleyemez o yaln\u0131z<br \/>\u0130ncinir evlerin g\u00f6lgelerinde<br \/>Evine bo\u015f d\u00f6nen baba<br \/>Anne da\u011f\u0131l\u0131r, odalara y\u0131lg\u0131n<br \/>Ben yazmazsam<br \/>Ak\u0131t\u0131p ac\u0131lar\u0131n\u0131 ince bir t\u00fcrk\u00fcye<br \/>Katlanma g\u00fcc\u00fc bulamaz hi\u00e7biri<br \/>Geni\u015f bir y\u00fcrek<br \/>Ve engin bir diren\u00e7le<br \/>Kavray\u0131p hayat\u0131 iliklerine dek.<\/p>\n<p>Ve ben \u015fiir yazmazsam<br \/>\u00c7o\u011falmaz nar taneleri gibi<br \/>G\u00f6r\u00fcnt\u00fclerin g\u00fczelli\u011fi<br \/>\u00c7ocukluktan \u00e7\u0131kar \u00e7\u0131kmaz<br \/>Ya\u015flan\u0131r insanlar<br \/>Sevgi bile y\u00fck olur acemi y\u00fcreklere<br \/>Bir sorular y\u0131\u011f\u0131n\u0131 olarak<br \/>Kavranmam\u0131\u015f kal\u0131r d\u00fcnya.<\/p>\n<p>\u015e\u00fckr\u00fc ERBA\u015e<\/p>\n","protected":false},"excerpt":{"rendered":"<p>Ben \u015fiir yazmazsamYitirir dilini i\u00e7imdeki \u00e7ocuk,D\u00fcnya bir mahzun olur.\u00c7\u0131kar\u0131r giysilerini s\u00f6z\u00fcn teninden\u0130mge denilen o esrarl\u0131 konuk,Nesneler kendince g\u00f6r\u00fcn\u00fcr. G\u00f6ky\u00fcz\u00fc mavisini vermezG\u00f6\u011fs\u00fcndeki buluta.Kirlenir ya\u011fmurun rengi,Ya\u011fmaz ben yazmazsam.Yar sa\u00e7\u0131 kadar inceBir r\u00fczg\u00e2rla \u00f6p\u00fc\u015ferekBulutlar \u00fcst\u00fcm\u00fcze. Bir kulak \u00e7\u0131nlamas\u0131,Bir kirpik k\u0131r\u0131lmas\u0131\u00d6m\u00fcrler veren anl\u0131k bir d\u00fc\u015fle\u00dczg\u00fcn ve g\u00fcle\u00e7Bulu\u015fmaz her ak\u015famD\u0131\u015fardaki d\u00fcnya ile\u0130\u00e7erdeki adamBen yazmazsam. Gelin \u00e7eyizi gibi\u0130\u015fleyip duygular\u0131n\u0131\u0130nce g\u00fczellikler i\u00e7indeS\u00f6yleyemez [&hellip;]<\/p>\n","protected":false},"author":1,"featured_media":0,"comment_status":"open","ping_status":"open","sticky":false,"template":"","format":"standard","meta":{"footnotes":""},"categories":[214],"tags":[],"class_list":{"0":"post-6993","1":"post","2":"type-post","3":"status-publish","4":"format-standard","6":"category-sukru-erbas"},"yoast_head":"<!-- This site is optimized with the Yoast SEO Premium plugin v24.9 (Yoast SEO v24.9) - https:\/\/yoast.com\/wordpress\/plugins\/seo\/ -->\n<title>BEN \u015e\u0130\u0130R YAZMAZSAM - narteks.net<\/title>\n<meta name=\"robots\" content=\"index, follow, max-snippet:-1, max-image-preview:large, max-video-preview:-1\" \/>\n<link rel=\"canonical\" href=\"https:\/\/narteks.net\/index.php\/2018\/08\/01\/ben-siir-yazmazsam\/\" \/>\n<meta property=\"og:locale\" content=\"tr_TR\" \/>\n<meta property=\"og:type\" content=\"article\" \/>\n<meta property=\"og:title\" content=\"BEN \u015e\u0130\u0130R YAZMAZSAM\" \/>\n<meta property=\"og:description\" content=\"Ben \u015fiir yazmazsamYitirir dilini i\u00e7imdeki \u00e7ocuk,D\u00fcnya bir mahzun olur.\u00c7\u0131kar\u0131r giysilerini s\u00f6z\u00fcn teninden\u0130mge denilen o esrarl\u0131 konuk,Nesneler kendince g\u00f6r\u00fcn\u00fcr. G\u00f6ky\u00fcz\u00fc mavisini vermezG\u00f6\u011fs\u00fcndeki buluta.Kirlenir ya\u011fmurun rengi,Ya\u011fmaz ben yazmazsam.Yar sa\u00e7\u0131 kadar inceBir r\u00fczg\u00e2rla \u00f6p\u00fc\u015ferekBulutlar \u00fcst\u00fcm\u00fcze. Bir kulak \u00e7\u0131nlamas\u0131,Bir kirpik k\u0131r\u0131lmas\u0131\u00d6m\u00fcrler veren anl\u0131k bir d\u00fc\u015fle\u00dczg\u00fcn ve g\u00fcle\u00e7Bulu\u015fmaz her ak\u015famD\u0131\u015fardaki d\u00fcnya ile\u0130\u00e7erdeki adamBen yazmazsam. Gelin \u00e7eyizi gibi\u0130\u015fleyip duygular\u0131n\u0131\u0130nce g\u00fczellikler i\u00e7indeS\u00f6yleyemez [&hellip;]\" \/>\n<meta property=\"og:url\" content=\"https:\/\/narteks.net\/index.php\/2018\/08\/01\/ben-siir-yazmazsam\/\" \/>\n<meta property=\"og:site_name\" content=\"narteks.net\" \/>\n<meta property=\"article:published_time\" content=\"2018-08-01T11:44:46+00:00\" \/>\n<meta property=\"og:image\" content=\"https:\/\/narteks.net\/wp-content\/uploads\/narteks.png\" \/>\n\t<meta property=\"og:image:width\" content=\"300\" \/>\n\t<meta property=\"og:image:height\" content=\"90\" \/>\n\t<meta property=\"og:image:type\" content=\"image\/png\" \/>\n<meta name=\"author\" content=\"Tar\u0131k\" \/>\n<meta name=\"twitter:card\" content=\"summary_large_image\" \/>\n<meta name=\"twitter:creator\" content=\"@narteks\" \/>\n<meta name=\"twitter:site\" content=\"@narteks\" \/>\n<meta name=\"twitter:label1\" content=\"Yazan:\" \/>\n\t<meta name=\"twitter:data1\" content=\"Tar\u0131k\" \/>\n\t<meta name=\"twitter:label2\" content=\"Tahmini okuma s\u00fcresi\" \/>\n\t<meta name=\"twitter:data2\" content=\"1 dakika\" \/>\n<script type=\"application\/ld+json\" class=\"yoast-schema-graph\">{\"@context\":\"https:\/\/schema.org\",\"@graph\":[{\"@type\":\"Article\",\"@id\":\"https:\/\/narteks.net\/index.php\/2018\/08\/01\/ben-siir-yazmazsam\/#article\",\"isPartOf\":{\"@id\":\"https:\/\/narteks.net\/index.php\/2018\/08\/01\/ben-siir-yazmazsam\/\"},\"author\":{\"name\":\"Tar\u0131k\",\"@id\":\"https:\/\/narteks.net\/#\/schema\/person\/61f37d9834294b72d31d274e7ed79bca\"},\"headline\":\"BEN \u015e\u0130\u0130R YAZMAZSAM\",\"datePublished\":\"2018-08-01T11:44:46+00:00\",\"mainEntityOfPage\":{\"@id\":\"https:\/\/narteks.net\/index.php\/2018\/08\/01\/ben-siir-yazmazsam\/\"},\"wordCount\":251,\"commentCount\":0,\"publisher\":{\"@id\":\"https:\/\/narteks.net\/#organization\"},\"articleSection\":[\"\u015e\u00fckr\u00fc ERBA\u015e\"],\"inLanguage\":\"tr\",\"potentialAction\":[{\"@type\":\"CommentAction\",\"name\":\"Comment\",\"target\":[\"https:\/\/narteks.net\/index.php\/2018\/08\/01\/ben-siir-yazmazsam\/#respond\"]}]},{\"@type\":\"WebPage\",\"@id\":\"https:\/\/narteks.net\/index.php\/2018\/08\/01\/ben-siir-yazmazsam\/\",\"url\":\"https:\/\/narteks.net\/index.php\/2018\/08\/01\/ben-siir-yazmazsam\/\",\"name\":\"BEN \u015e\u0130\u0130R YAZMAZSAM - narteks.net\",\"isPartOf\":{\"@id\":\"https:\/\/narteks.net\/#website\"},\"datePublished\":\"2018-08-01T11:44:46+00:00\",\"breadcrumb\":{\"@id\":\"https:\/\/narteks.net\/index.php\/2018\/08\/01\/ben-siir-yazmazsam\/#breadcrumb\"},\"inLanguage\":\"tr\",\"potentialAction\":[{\"@type\":\"ReadAction\",\"target\":[\"https:\/\/narteks.net\/index.php\/2018\/08\/01\/ben-siir-yazmazsam\/\"]}]},{\"@type\":\"BreadcrumbList\",\"@id\":\"https:\/\/narteks.net\/index.php\/2018\/08\/01\/ben-siir-yazmazsam\/#breadcrumb\",\"itemListElement\":[{\"@type\":\"ListItem\",\"position\":1,\"name\":\"Anasayfa\",\"item\":\"https:\/\/narteks.net\/\"},{\"@type\":\"ListItem\",\"position\":2,\"name\":\"BEN \u015e\u0130\u0130R YAZMAZSAM\"}]},{\"@type\":\"WebSite\",\"@id\":\"https:\/\/narteks.net\/#website\",\"url\":\"https:\/\/narteks.net\/\",\"name\":\"narteks.net\",\"description\":\"K\u00fclt\u00fcr Sanat Edebiyat Felsefe\",\"publisher\":{\"@id\":\"https:\/\/narteks.net\/#organization\"},\"alternateName\":\"K\u00fclt\u00fcr Sanat Edebiyat Felsefe\",\"potentialAction\":[{\"@type\":\"SearchAction\",\"target\":{\"@type\":\"EntryPoint\",\"urlTemplate\":\"https:\/\/narteks.net\/?s={search_term_string}\"},\"query-input\":{\"@type\":\"PropertyValueSpecification\",\"valueRequired\":true,\"valueName\":\"search_term_string\"}}],\"inLanguage\":\"tr\"},{\"@type\":\"Organization\",\"@id\":\"https:\/\/narteks.net\/#organization\",\"name\":\"narteks.net\",\"url\":\"https:\/\/narteks.net\/\",\"logo\":{\"@type\":\"ImageObject\",\"inLanguage\":\"tr\",\"@id\":\"https:\/\/narteks.net\/#\/schema\/logo\/image\/\",\"url\":\"https:\/\/narteks.net\/wp-content\/uploads\/narteks.png\",\"contentUrl\":\"https:\/\/narteks.net\/wp-content\/uploads\/narteks.png\",\"width\":300,\"height\":90,\"caption\":\"narteks.net\"},\"image\":{\"@id\":\"https:\/\/narteks.net\/#\/schema\/logo\/image\/\"},\"sameAs\":[\"https:\/\/x.com\/narteks\",\"https:\/\/instagram.com\/narteksnet\"]},{\"@type\":\"Person\",\"@id\":\"https:\/\/narteks.net\/#\/schema\/person\/61f37d9834294b72d31d274e7ed79bca\",\"name\":\"Tar\u0131k\",\"image\":{\"@type\":\"ImageObject\",\"inLanguage\":\"tr\",\"@id\":\"https:\/\/narteks.net\/#\/schema\/person\/image\/\",\"url\":\"https:\/\/secure.gravatar.com\/avatar\/50865afb55632c4ae467e0af0930f6510aa2297d8014be502a55b14f3b7550cf?s=96&d=mm&r=g\",\"contentUrl\":\"https:\/\/secure.gravatar.com\/avatar\/50865afb55632c4ae467e0af0930f6510aa2297d8014be502a55b14f3b7550cf?s=96&d=mm&r=g\",\"caption\":\"Tar\u0131k\"},\"sameAs\":[\"http:\/\/narteks.net\"],\"url\":\"https:\/\/narteks.net\/index.php\/author\/narbak\/\"}]}<\/script>\n<!-- \/ Yoast SEO Premium plugin. -->","yoast_head_json":{"title":"BEN \u015e\u0130\u0130R YAZMAZSAM - narteks.net","robots":{"index":"index","follow":"follow","max-snippet":"max-snippet:-1","max-image-preview":"max-image-preview:large","max-video-preview":"max-video-preview:-1"},"canonical":"https:\/\/narteks.net\/index.php\/2018\/08\/01\/ben-siir-yazmazsam\/","og_locale":"tr_TR","og_type":"article","og_title":"BEN \u015e\u0130\u0130R YAZMAZSAM","og_description":"Ben \u015fiir yazmazsamYitirir dilini i\u00e7imdeki \u00e7ocuk,D\u00fcnya bir mahzun olur.\u00c7\u0131kar\u0131r giysilerini s\u00f6z\u00fcn teninden\u0130mge denilen o esrarl\u0131 konuk,Nesneler kendince g\u00f6r\u00fcn\u00fcr. G\u00f6ky\u00fcz\u00fc mavisini vermezG\u00f6\u011fs\u00fcndeki buluta.Kirlenir ya\u011fmurun rengi,Ya\u011fmaz ben yazmazsam.Yar sa\u00e7\u0131 kadar inceBir r\u00fczg\u00e2rla \u00f6p\u00fc\u015ferekBulutlar \u00fcst\u00fcm\u00fcze. Bir kulak \u00e7\u0131nlamas\u0131,Bir kirpik k\u0131r\u0131lmas\u0131\u00d6m\u00fcrler veren anl\u0131k bir d\u00fc\u015fle\u00dczg\u00fcn ve g\u00fcle\u00e7Bulu\u015fmaz her ak\u015famD\u0131\u015fardaki d\u00fcnya ile\u0130\u00e7erdeki adamBen yazmazsam. Gelin \u00e7eyizi gibi\u0130\u015fleyip duygular\u0131n\u0131\u0130nce g\u00fczellikler i\u00e7indeS\u00f6yleyemez [&hellip;]","og_url":"https:\/\/narteks.net\/index.php\/2018\/08\/01\/ben-siir-yazmazsam\/","og_site_name":"narteks.net","article_published_time":"2018-08-01T11:44:46+00:00","og_image":[{"width":300,"height":90,"url":"https:\/\/narteks.net\/wp-content\/uploads\/narteks.png","type":"image\/png"}],"author":"Tar\u0131k","twitter_card":"summary_large_image","twitter_creator":"@narteks","twitter_site":"@narteks","twitter_misc":{"Yazan:":"Tar\u0131k","Tahmini okuma s\u00fcresi":"1 dakika"},"schema":{"@context":"https:\/\/schema.org","@graph":[{"@type":"Article","@id":"https:\/\/narteks.net\/index.php\/2018\/08\/01\/ben-siir-yazmazsam\/#article","isPartOf":{"@id":"https:\/\/narteks.net\/index.php\/2018\/08\/01\/ben-siir-yazmazsam\/"},"author":{"name":"Tar\u0131k","@id":"https:\/\/narteks.net\/#\/schema\/person\/61f37d9834294b72d31d274e7ed79bca"},"headline":"BEN \u015e\u0130\u0130R YAZMAZSAM","datePublished":"2018-08-01T11:44:46+00:00","mainEntityOfPage":{"@id":"https:\/\/narteks.net\/index.php\/2018\/08\/01\/ben-siir-yazmazsam\/"},"wordCount":251,"commentCount":0,"publisher":{"@id":"https:\/\/narteks.net\/#organization"},"articleSection":["\u015e\u00fckr\u00fc ERBA\u015e"],"inLanguage":"tr","potentialAction":[{"@type":"CommentAction","name":"Comment","target":["https:\/\/narteks.net\/index.php\/2018\/08\/01\/ben-siir-yazmazsam\/#respond"]}]},{"@type":"WebPage","@id":"https:\/\/narteks.net\/index.php\/2018\/08\/01\/ben-siir-yazmazsam\/","url":"https:\/\/narteks.net\/index.php\/2018\/08\/01\/ben-siir-yazmazsam\/","name":"BEN \u015e\u0130\u0130R YAZMAZSAM - narteks.net","isPartOf":{"@id":"https:\/\/narteks.net\/#website"},"datePublished":"2018-08-01T11:44:46+00:00","breadcrumb":{"@id":"https:\/\/narteks.net\/index.php\/2018\/08\/01\/ben-siir-yazmazsam\/#breadcrumb"},"inLanguage":"tr","potentialAction":[{"@type":"ReadAction","target":["https:\/\/narteks.net\/index.php\/2018\/08\/01\/ben-siir-yazmazsam\/"]}]},{"@type":"BreadcrumbList","@id":"https:\/\/narteks.net\/index.php\/2018\/08\/01\/ben-siir-yazmazsam\/#breadcrumb","itemListElement":[{"@type":"ListItem","position":1,"name":"Anasayfa","item":"https:\/\/narteks.net\/"},{"@type":"ListItem","position":2,"name":"BEN \u015e\u0130\u0130R YAZMAZSAM"}]},{"@type":"WebSite","@id":"https:\/\/narteks.net\/#website","url":"https:\/\/narteks.net\/","name":"narteks.net","description":"K\u00fclt\u00fcr Sanat Edebiyat Felsefe","publisher":{"@id":"https:\/\/narteks.net\/#organization"},"alternateName":"K\u00fclt\u00fcr Sanat Edebiyat Felsefe","potentialAction":[{"@type":"SearchAction","target":{"@type":"EntryPoint","urlTemplate":"https:\/\/narteks.net\/?s={search_term_string}"},"query-input":{"@type":"PropertyValueSpecification","valueRequired":true,"valueName":"search_term_string"}}],"inLanguage":"tr"},{"@type":"Organization","@id":"https:\/\/narteks.net\/#organization","name":"narteks.net","url":"https:\/\/narteks.net\/","logo":{"@type":"ImageObject","inLanguage":"tr","@id":"https:\/\/narteks.net\/#\/schema\/logo\/image\/","url":"https:\/\/narteks.net\/wp-content\/uploads\/narteks.png","contentUrl":"https:\/\/narteks.net\/wp-content\/uploads\/narteks.png","width":300,"height":90,"caption":"narteks.net"},"image":{"@id":"https:\/\/narteks.net\/#\/schema\/logo\/image\/"},"sameAs":["https:\/\/x.com\/narteks","https:\/\/instagram.com\/narteksnet"]},{"@type":"Person","@id":"https:\/\/narteks.net\/#\/schema\/person\/61f37d9834294b72d31d274e7ed79bca","name":"Tar\u0131k","image":{"@type":"ImageObject","inLanguage":"tr","@id":"https:\/\/narteks.net\/#\/schema\/person\/image\/","url":"https:\/\/secure.gravatar.com\/avatar\/50865afb55632c4ae467e0af0930f6510aa2297d8014be502a55b14f3b7550cf?s=96&d=mm&r=g","contentUrl":"https:\/\/secure.gravatar.com\/avatar\/50865afb55632c4ae467e0af0930f6510aa2297d8014be502a55b14f3b7550cf?s=96&d=mm&r=g","caption":"Tar\u0131k"},"sameAs":["http:\/\/narteks.net"],"url":"https:\/\/narteks.net\/index.php\/author\/narbak\/"}]}},"_links":{"self":[{"href":"https:\/\/narteks.net\/index.php\/wp-json\/wp\/v2\/posts\/6993","targetHints":{"allow":["GET"]}}],"collection":[{"href":"https:\/\/narteks.net\/index.php\/wp-json\/wp\/v2\/posts"}],"about":[{"href":"https:\/\/narteks.net\/index.php\/wp-json\/wp\/v2\/types\/post"}],"author":[{"embeddable":true,"href":"https:\/\/narteks.net\/index.php\/wp-json\/wp\/v2\/users\/1"}],"replies":[{"embeddable":true,"href":"https:\/\/narteks.net\/index.php\/wp-json\/wp\/v2\/comments?post=6993"}],"version-history":[{"count":0,"href":"https:\/\/narteks.net\/index.php\/wp-json\/wp\/v2\/posts\/6993\/revisions"}],"wp:attachment":[{"href":"https:\/\/narteks.net\/index.php\/wp-json\/wp\/v2\/media?parent=6993"}],"wp:term":[{"taxonomy":"category","embeddable":true,"href":"https:\/\/narteks.net\/index.php\/wp-json\/wp\/v2\/categories?post=6993"},{"taxonomy":"post_tag","embeddable":true,"href":"https:\/\/narteks.net\/index.php\/wp-json\/wp\/v2\/tags?post=6993"}],"curies":[{"name":"wp","href":"https:\/\/api.w.org\/{rel}","templated":true}]}}