{"id":7,"date":"2009-02-27T12:56:40","date_gmt":"2009-02-27T09:56:40","guid":{"rendered":""},"modified":"2009-02-27T12:56:40","modified_gmt":"2009-02-27T09:56:40","slug":"aciya-kursun-islemez","status":"publish","type":"post","link":"https:\/\/narteks.net\/index.php\/2009\/02\/27\/aciya-kursun-islemez\/","title":{"rendered":"ACIYA KUR\u015eUN I\u015eLEMEZ"},"content":{"rendered":"<p>\u00a0<\/p>\n<p><span>Sabr\u0131n \u00e7alkalan\u0131p ta\u015ft\u0131\u011f\u0131 sulardad\u0131r <br \/> \u00c7\u0131\u011fl\u0131klarla par\u00e7alanm\u0131\u015f uykularda <br \/> Buru\u015fturulup at\u0131lm\u0131\u015f a\u015fklarda <br \/> Ve \u00e7al\u0131nm\u0131\u015f mutluluklardad\u0131r <br \/> Ses ile y\u00fcrek <br \/> B\u00fcy\u00fck r\u00fczgarlar\u0131n o yan\u0131k \u015fark\u0131s\u0131 <br \/> Hala y\u00fckselir i\u00e7imizden da\u011f\u0131l\u0131r <br \/> Co\u015fkunun doruklar\u0131nda s\u00fcrer yank\u0131s\u0131 <\/p>\n<p> \u0130lk kurban adan\u0131rken bir nehire <br \/> Korkunun ilk ni\u015fan\u0131nda ba\u015flam\u0131\u015ft\u0131r <br \/> G\u00f6zya\u015f\u0131n\u0131n ilk damlas\u0131ndan kalma <br \/> yasl\u0131 baharlarla gelmi\u015ftir bug\u00fcne <br \/> Kanla yaz\u0131lan yasalarla <br \/> A\u00e7l\u0131\u011f\u0131n ota\u011f kurdu\u011fu sabahlara <br \/> Ve sonu\u00e7suz kalan ahlarla gelmi\u015ftir <br \/> Ac\u0131ya kur\u015fun i\u015flemez art\u0131k <br \/> \u00f6l\u00fcm bile bu ac\u0131y\u0131 cellat bilmi\u015ftir <\/p>\n<p> Yok bundan b\u00f6yle ter yaras\u0131 <br \/> Zincir tusakl\u0131\u011f\u0131 ve sab\u0131r <br \/> K\u0131rba\u00e7 yalvartmas\u0131 sessizli\u011fin <br \/> Can pazar\u0131 ve kah\u0131r yok <br \/> Her \u015fey ya\u015fanan \u015fu g\u00fcn gibi ger\u00e7ek <br \/> Ad\u0131m\u0131z halk oldu\u011fu g\u00fcnden beri <br \/> Bir diren\u00e7 olmu\u015ftur bizde sevin\u00e7ler <br \/> \u015eimdi ac\u0131n\u0131n her kurakl\u0131\u011f\u0131nda <br \/> Onlar <br \/> Y\u00fcre\u011fimizin ovalar\u0131na \u00e7iselenirler <\/p>\n<p> Bo\u015funa de\u011fil bu \u00f6l\u00fcrcesine sevmek <br \/> Ve \u00f6l\u00fcrken bile y\u00fcr\u00fcmek <br \/> Bo\u015funa de\u011fil <br \/> Hep yata\u011f\u0131 olduk tarihin \u0131rma\u011f\u0131n\u0131n <br \/> Yenilgilerle durulman\u0131n <br \/> Zaferlerle k\u00f6p\u00fcr\u00fcp kabarman\u0131n <br \/> Ama hi\u00e7 bir zaman <br \/> Anas\u0131 olamad\u0131k ge\u00e7mi\u015fi do\u011furman\u0131n <\/p>\n<p> Y\u0131d\u0131zlar ve sular tan\u0131kt\u0131r <br \/> a\u00e7 ve kavruk bir memeden <br \/> Direnmeyi yudum yudum emen <br \/> Bir \u00e7ocuk gibi \u00f6\u011frendik <br \/> Ve direndik <br \/> Ordular kurduk t\u00fcrk\u00fc renklerinden <br \/> B\u00fct\u00fcn a\u011f\u0131tlar\u0131 bir h\u00fccumda yendik <br \/> Ac\u0131ya kur\u015fun i\u015flemez art\u0131k <br \/> Biz ya\u015famay\u0131 zul\u00fcms\u00fcz sevdik <\/span><\/p>\n<p>ADNAN Y\u00dcCEL<\/p>\n","protected":false},"excerpt":{"rendered":"<p>\u00a0 Sabr\u0131n \u00e7alkalan\u0131p ta\u015ft\u0131\u011f\u0131 sulardad\u0131r \u00c7\u0131\u011fl\u0131klarla par\u00e7alanm\u0131\u015f uykularda Buru\u015fturulup at\u0131lm\u0131\u015f a\u015fklarda Ve \u00e7al\u0131nm\u0131\u015f mutluluklardad\u0131r Ses ile y\u00fcrek B\u00fcy\u00fck r\u00fczgarlar\u0131n o yan\u0131k \u015fark\u0131s\u0131 Hala y\u00fckselir i\u00e7imizden da\u011f\u0131l\u0131r Co\u015fkunun doruklar\u0131nda s\u00fcrer yank\u0131s\u0131 \u0130lk kurban adan\u0131rken bir nehire Korkunun ilk ni\u015fan\u0131nda ba\u015flam\u0131\u015ft\u0131r G\u00f6zya\u015f\u0131n\u0131n ilk damlas\u0131ndan kalma yasl\u0131 baharlarla gelmi\u015ftir bug\u00fcne Kanla yaz\u0131lan yasalarla A\u00e7l\u0131\u011f\u0131n ota\u011f kurdu\u011fu sabahlara Ve [&hellip;]<\/p>\n","protected":false},"author":1,"featured_media":0,"comment_status":"open","ping_status":"open","sticky":false,"template":"","format":"standard","meta":{"footnotes":""},"categories":[3],"tags":[],"class_list":{"0":"post-7","1":"post","2":"type-post","3":"status-publish","4":"format-standard","6":"category-adnan-yucel"},"yoast_head":"<!-- This site is optimized with the Yoast SEO Premium plugin v24.9 (Yoast SEO v24.9) - https:\/\/yoast.com\/wordpress\/plugins\/seo\/ -->\n<title>ACIYA KUR\u015eUN I\u015eLEMEZ - narteks.net<\/title>\n<meta name=\"robots\" content=\"index, follow, max-snippet:-1, max-image-preview:large, max-video-preview:-1\" \/>\n<link rel=\"canonical\" href=\"https:\/\/narteks.net\/index.php\/2009\/02\/27\/aciya-kursun-islemez\/\" \/>\n<meta property=\"og:locale\" content=\"tr_TR\" \/>\n<meta property=\"og:type\" content=\"article\" \/>\n<meta property=\"og:title\" content=\"ACIYA KUR\u015eUN I\u015eLEMEZ\" \/>\n<meta property=\"og:description\" content=\"\u00a0 Sabr\u0131n \u00e7alkalan\u0131p ta\u015ft\u0131\u011f\u0131 sulardad\u0131r \u00c7\u0131\u011fl\u0131klarla par\u00e7alanm\u0131\u015f uykularda Buru\u015fturulup at\u0131lm\u0131\u015f a\u015fklarda Ve \u00e7al\u0131nm\u0131\u015f mutluluklardad\u0131r Ses ile y\u00fcrek B\u00fcy\u00fck r\u00fczgarlar\u0131n o yan\u0131k \u015fark\u0131s\u0131 Hala y\u00fckselir i\u00e7imizden da\u011f\u0131l\u0131r Co\u015fkunun doruklar\u0131nda s\u00fcrer yank\u0131s\u0131 \u0130lk kurban adan\u0131rken bir nehire Korkunun ilk ni\u015fan\u0131nda ba\u015flam\u0131\u015ft\u0131r G\u00f6zya\u015f\u0131n\u0131n ilk damlas\u0131ndan kalma yasl\u0131 baharlarla gelmi\u015ftir bug\u00fcne Kanla yaz\u0131lan yasalarla A\u00e7l\u0131\u011f\u0131n ota\u011f kurdu\u011fu sabahlara Ve [&hellip;]\" \/>\n<meta property=\"og:url\" content=\"https:\/\/narteks.net\/index.php\/2009\/02\/27\/aciya-kursun-islemez\/\" \/>\n<meta property=\"og:site_name\" content=\"narteks.net\" \/>\n<meta property=\"article:published_time\" content=\"2009-02-27T09:56:40+00:00\" \/>\n<meta property=\"og:image\" content=\"https:\/\/narteks.net\/wp-content\/uploads\/narteks.png\" \/>\n\t<meta property=\"og:image:width\" content=\"300\" \/>\n\t<meta property=\"og:image:height\" content=\"90\" \/>\n\t<meta property=\"og:image:type\" content=\"image\/png\" \/>\n<meta name=\"author\" content=\"Tar\u0131k\" \/>\n<meta name=\"twitter:card\" content=\"summary_large_image\" \/>\n<meta name=\"twitter:creator\" content=\"@narteks\" \/>\n<meta name=\"twitter:site\" content=\"@narteks\" \/>\n<meta name=\"twitter:label1\" content=\"Yazan:\" \/>\n\t<meta name=\"twitter:data1\" content=\"Tar\u0131k\" \/>\n\t<meta name=\"twitter:label2\" content=\"Tahmini okuma s\u00fcresi\" \/>\n\t<meta name=\"twitter:data2\" content=\"1 dakika\" \/>\n<script type=\"application\/ld+json\" class=\"yoast-schema-graph\">{\"@context\":\"https:\/\/schema.org\",\"@graph\":[{\"@type\":\"Article\",\"@id\":\"https:\/\/narteks.net\/index.php\/2009\/02\/27\/aciya-kursun-islemez\/#article\",\"isPartOf\":{\"@id\":\"https:\/\/narteks.net\/index.php\/2009\/02\/27\/aciya-kursun-islemez\/\"},\"author\":{\"name\":\"Tar\u0131k\",\"@id\":\"https:\/\/narteks.net\/#\/schema\/person\/61f37d9834294b72d31d274e7ed79bca\"},\"headline\":\"ACIYA KUR\u015eUN I\u015eLEMEZ\",\"datePublished\":\"2009-02-27T09:56:40+00:00\",\"mainEntityOfPage\":{\"@id\":\"https:\/\/narteks.net\/index.php\/2009\/02\/27\/aciya-kursun-islemez\/\"},\"wordCount\":290,\"commentCount\":0,\"publisher\":{\"@id\":\"https:\/\/narteks.net\/#organization\"},\"articleSection\":[\"Adnan Y\u00dcCEL\"],\"inLanguage\":\"tr\",\"potentialAction\":[{\"@type\":\"CommentAction\",\"name\":\"Comment\",\"target\":[\"https:\/\/narteks.net\/index.php\/2009\/02\/27\/aciya-kursun-islemez\/#respond\"]}]},{\"@type\":\"WebPage\",\"@id\":\"https:\/\/narteks.net\/index.php\/2009\/02\/27\/aciya-kursun-islemez\/\",\"url\":\"https:\/\/narteks.net\/index.php\/2009\/02\/27\/aciya-kursun-islemez\/\",\"name\":\"ACIYA KUR\u015eUN I\u015eLEMEZ - narteks.net\",\"isPartOf\":{\"@id\":\"https:\/\/narteks.net\/#website\"},\"datePublished\":\"2009-02-27T09:56:40+00:00\",\"breadcrumb\":{\"@id\":\"https:\/\/narteks.net\/index.php\/2009\/02\/27\/aciya-kursun-islemez\/#breadcrumb\"},\"inLanguage\":\"tr\",\"potentialAction\":[{\"@type\":\"ReadAction\",\"target\":[\"https:\/\/narteks.net\/index.php\/2009\/02\/27\/aciya-kursun-islemez\/\"]}]},{\"@type\":\"BreadcrumbList\",\"@id\":\"https:\/\/narteks.net\/index.php\/2009\/02\/27\/aciya-kursun-islemez\/#breadcrumb\",\"itemListElement\":[{\"@type\":\"ListItem\",\"position\":1,\"name\":\"Anasayfa\",\"item\":\"https:\/\/narteks.net\/\"},{\"@type\":\"ListItem\",\"position\":2,\"name\":\"ACIYA KUR\u015eUN I\u015eLEMEZ\"}]},{\"@type\":\"WebSite\",\"@id\":\"https:\/\/narteks.net\/#website\",\"url\":\"https:\/\/narteks.net\/\",\"name\":\"narteks.net\",\"description\":\"K\u00fclt\u00fcr Sanat Edebiyat Felsefe\",\"publisher\":{\"@id\":\"https:\/\/narteks.net\/#organization\"},\"alternateName\":\"K\u00fclt\u00fcr Sanat Edebiyat Felsefe\",\"potentialAction\":[{\"@type\":\"SearchAction\",\"target\":{\"@type\":\"EntryPoint\",\"urlTemplate\":\"https:\/\/narteks.net\/?s={search_term_string}\"},\"query-input\":{\"@type\":\"PropertyValueSpecification\",\"valueRequired\":true,\"valueName\":\"search_term_string\"}}],\"inLanguage\":\"tr\"},{\"@type\":\"Organization\",\"@id\":\"https:\/\/narteks.net\/#organization\",\"name\":\"narteks.net\",\"url\":\"https:\/\/narteks.net\/\",\"logo\":{\"@type\":\"ImageObject\",\"inLanguage\":\"tr\",\"@id\":\"https:\/\/narteks.net\/#\/schema\/logo\/image\/\",\"url\":\"https:\/\/narteks.net\/wp-content\/uploads\/narteks.png\",\"contentUrl\":\"https:\/\/narteks.net\/wp-content\/uploads\/narteks.png\",\"width\":300,\"height\":90,\"caption\":\"narteks.net\"},\"image\":{\"@id\":\"https:\/\/narteks.net\/#\/schema\/logo\/image\/\"},\"sameAs\":[\"https:\/\/x.com\/narteks\",\"https:\/\/instagram.com\/narteksnet\"]},{\"@type\":\"Person\",\"@id\":\"https:\/\/narteks.net\/#\/schema\/person\/61f37d9834294b72d31d274e7ed79bca\",\"name\":\"Tar\u0131k\",\"image\":{\"@type\":\"ImageObject\",\"inLanguage\":\"tr\",\"@id\":\"https:\/\/narteks.net\/#\/schema\/person\/image\/\",\"url\":\"https:\/\/secure.gravatar.com\/avatar\/50865afb55632c4ae467e0af0930f6510aa2297d8014be502a55b14f3b7550cf?s=96&d=mm&r=g\",\"contentUrl\":\"https:\/\/secure.gravatar.com\/avatar\/50865afb55632c4ae467e0af0930f6510aa2297d8014be502a55b14f3b7550cf?s=96&d=mm&r=g\",\"caption\":\"Tar\u0131k\"},\"sameAs\":[\"http:\/\/narteks.net\"],\"url\":\"https:\/\/narteks.net\/index.php\/author\/narbak\/\"}]}<\/script>\n<!-- \/ Yoast SEO Premium plugin. -->","yoast_head_json":{"title":"ACIYA KUR\u015eUN I\u015eLEMEZ - narteks.net","robots":{"index":"index","follow":"follow","max-snippet":"max-snippet:-1","max-image-preview":"max-image-preview:large","max-video-preview":"max-video-preview:-1"},"canonical":"https:\/\/narteks.net\/index.php\/2009\/02\/27\/aciya-kursun-islemez\/","og_locale":"tr_TR","og_type":"article","og_title":"ACIYA KUR\u015eUN I\u015eLEMEZ","og_description":"\u00a0 Sabr\u0131n \u00e7alkalan\u0131p ta\u015ft\u0131\u011f\u0131 sulardad\u0131r \u00c7\u0131\u011fl\u0131klarla par\u00e7alanm\u0131\u015f uykularda Buru\u015fturulup at\u0131lm\u0131\u015f a\u015fklarda Ve \u00e7al\u0131nm\u0131\u015f mutluluklardad\u0131r Ses ile y\u00fcrek B\u00fcy\u00fck r\u00fczgarlar\u0131n o yan\u0131k \u015fark\u0131s\u0131 Hala y\u00fckselir i\u00e7imizden da\u011f\u0131l\u0131r Co\u015fkunun doruklar\u0131nda s\u00fcrer yank\u0131s\u0131 \u0130lk kurban adan\u0131rken bir nehire Korkunun ilk ni\u015fan\u0131nda ba\u015flam\u0131\u015ft\u0131r G\u00f6zya\u015f\u0131n\u0131n ilk damlas\u0131ndan kalma yasl\u0131 baharlarla gelmi\u015ftir bug\u00fcne Kanla yaz\u0131lan yasalarla A\u00e7l\u0131\u011f\u0131n ota\u011f kurdu\u011fu sabahlara Ve [&hellip;]","og_url":"https:\/\/narteks.net\/index.php\/2009\/02\/27\/aciya-kursun-islemez\/","og_site_name":"narteks.net","article_published_time":"2009-02-27T09:56:40+00:00","og_image":[{"width":300,"height":90,"url":"https:\/\/narteks.net\/wp-content\/uploads\/narteks.png","type":"image\/png"}],"author":"Tar\u0131k","twitter_card":"summary_large_image","twitter_creator":"@narteks","twitter_site":"@narteks","twitter_misc":{"Yazan:":"Tar\u0131k","Tahmini okuma s\u00fcresi":"1 dakika"},"schema":{"@context":"https:\/\/schema.org","@graph":[{"@type":"Article","@id":"https:\/\/narteks.net\/index.php\/2009\/02\/27\/aciya-kursun-islemez\/#article","isPartOf":{"@id":"https:\/\/narteks.net\/index.php\/2009\/02\/27\/aciya-kursun-islemez\/"},"author":{"name":"Tar\u0131k","@id":"https:\/\/narteks.net\/#\/schema\/person\/61f37d9834294b72d31d274e7ed79bca"},"headline":"ACIYA KUR\u015eUN I\u015eLEMEZ","datePublished":"2009-02-27T09:56:40+00:00","mainEntityOfPage":{"@id":"https:\/\/narteks.net\/index.php\/2009\/02\/27\/aciya-kursun-islemez\/"},"wordCount":290,"commentCount":0,"publisher":{"@id":"https:\/\/narteks.net\/#organization"},"articleSection":["Adnan Y\u00dcCEL"],"inLanguage":"tr","potentialAction":[{"@type":"CommentAction","name":"Comment","target":["https:\/\/narteks.net\/index.php\/2009\/02\/27\/aciya-kursun-islemez\/#respond"]}]},{"@type":"WebPage","@id":"https:\/\/narteks.net\/index.php\/2009\/02\/27\/aciya-kursun-islemez\/","url":"https:\/\/narteks.net\/index.php\/2009\/02\/27\/aciya-kursun-islemez\/","name":"ACIYA KUR\u015eUN I\u015eLEMEZ - narteks.net","isPartOf":{"@id":"https:\/\/narteks.net\/#website"},"datePublished":"2009-02-27T09:56:40+00:00","breadcrumb":{"@id":"https:\/\/narteks.net\/index.php\/2009\/02\/27\/aciya-kursun-islemez\/#breadcrumb"},"inLanguage":"tr","potentialAction":[{"@type":"ReadAction","target":["https:\/\/narteks.net\/index.php\/2009\/02\/27\/aciya-kursun-islemez\/"]}]},{"@type":"BreadcrumbList","@id":"https:\/\/narteks.net\/index.php\/2009\/02\/27\/aciya-kursun-islemez\/#breadcrumb","itemListElement":[{"@type":"ListItem","position":1,"name":"Anasayfa","item":"https:\/\/narteks.net\/"},{"@type":"ListItem","position":2,"name":"ACIYA KUR\u015eUN I\u015eLEMEZ"}]},{"@type":"WebSite","@id":"https:\/\/narteks.net\/#website","url":"https:\/\/narteks.net\/","name":"narteks.net","description":"K\u00fclt\u00fcr Sanat Edebiyat Felsefe","publisher":{"@id":"https:\/\/narteks.net\/#organization"},"alternateName":"K\u00fclt\u00fcr Sanat Edebiyat Felsefe","potentialAction":[{"@type":"SearchAction","target":{"@type":"EntryPoint","urlTemplate":"https:\/\/narteks.net\/?s={search_term_string}"},"query-input":{"@type":"PropertyValueSpecification","valueRequired":true,"valueName":"search_term_string"}}],"inLanguage":"tr"},{"@type":"Organization","@id":"https:\/\/narteks.net\/#organization","name":"narteks.net","url":"https:\/\/narteks.net\/","logo":{"@type":"ImageObject","inLanguage":"tr","@id":"https:\/\/narteks.net\/#\/schema\/logo\/image\/","url":"https:\/\/narteks.net\/wp-content\/uploads\/narteks.png","contentUrl":"https:\/\/narteks.net\/wp-content\/uploads\/narteks.png","width":300,"height":90,"caption":"narteks.net"},"image":{"@id":"https:\/\/narteks.net\/#\/schema\/logo\/image\/"},"sameAs":["https:\/\/x.com\/narteks","https:\/\/instagram.com\/narteksnet"]},{"@type":"Person","@id":"https:\/\/narteks.net\/#\/schema\/person\/61f37d9834294b72d31d274e7ed79bca","name":"Tar\u0131k","image":{"@type":"ImageObject","inLanguage":"tr","@id":"https:\/\/narteks.net\/#\/schema\/person\/image\/","url":"https:\/\/secure.gravatar.com\/avatar\/50865afb55632c4ae467e0af0930f6510aa2297d8014be502a55b14f3b7550cf?s=96&d=mm&r=g","contentUrl":"https:\/\/secure.gravatar.com\/avatar\/50865afb55632c4ae467e0af0930f6510aa2297d8014be502a55b14f3b7550cf?s=96&d=mm&r=g","caption":"Tar\u0131k"},"sameAs":["http:\/\/narteks.net"],"url":"https:\/\/narteks.net\/index.php\/author\/narbak\/"}]}},"_links":{"self":[{"href":"https:\/\/narteks.net\/index.php\/wp-json\/wp\/v2\/posts\/7","targetHints":{"allow":["GET"]}}],"collection":[{"href":"https:\/\/narteks.net\/index.php\/wp-json\/wp\/v2\/posts"}],"about":[{"href":"https:\/\/narteks.net\/index.php\/wp-json\/wp\/v2\/types\/post"}],"author":[{"embeddable":true,"href":"https:\/\/narteks.net\/index.php\/wp-json\/wp\/v2\/users\/1"}],"replies":[{"embeddable":true,"href":"https:\/\/narteks.net\/index.php\/wp-json\/wp\/v2\/comments?post=7"}],"version-history":[{"count":0,"href":"https:\/\/narteks.net\/index.php\/wp-json\/wp\/v2\/posts\/7\/revisions"}],"wp:attachment":[{"href":"https:\/\/narteks.net\/index.php\/wp-json\/wp\/v2\/media?parent=7"}],"wp:term":[{"taxonomy":"category","embeddable":true,"href":"https:\/\/narteks.net\/index.php\/wp-json\/wp\/v2\/categories?post=7"},{"taxonomy":"post_tag","embeddable":true,"href":"https:\/\/narteks.net\/index.php\/wp-json\/wp\/v2\/tags?post=7"}],"curies":[{"name":"wp","href":"https:\/\/api.w.org\/{rel}","templated":true}]}}