{"id":70,"date":"2009-02-27T14:58:17","date_gmt":"2009-02-27T11:58:17","guid":{"rendered":"http:\/\/localhost\/wordpress\/2009\/02\/27\/disarda-taslar\/"},"modified":"2009-02-27T14:58:17","modified_gmt":"2009-02-27T11:58:17","slug":"disarda-taslar","status":"publish","type":"post","link":"https:\/\/narteks.net\/index.php\/2009\/02\/27\/disarda-taslar\/","title":{"rendered":"DI\u015eARDA TA\u015eLAR"},"content":{"rendered":"<p>\u00a0<\/p>\n<p>Zaman\u0131n ve g\u00fcne\u015fin besledi\u011fi miskin b\u0131ld\u0131rc\u0131nlar,<br \/> erimi\u015f kanatlar ve ayaklar,<br \/> r\u00fczgar\u0131n uzun takvimi,<br \/> yitmi\u015f kay\u0131t \u00e7izgileri<br \/> en uzun \u00f6m\u00fcrl\u00fc a\u011fa\u00e7larda.<\/p>\n<p> Gel bana,<br \/> \u00f6mr\u00fcm k\u0131sa,<br \/> g\u00fcn boyu topra\u011f\u0131n s\u0131cak m\u0131knat\u0131s\u0131yla<br \/> kurumu\u015f, bedensiz bir g\u00f6mlek gibi.<br \/> Sar g\u00f6\u011fs\u00fcm\u00fc, s\u0131van s\u0131rt\u0131ma,<br \/> sen kaynam\u0131\u015f s\u00fct\u00fcn ince kabu\u011fu,<br \/> inand\u0131r beni kendine<br \/> hem a\u011fz\u0131ndan \u00e7\u0131kt\u0131 bir kere<br \/> &#8216;seviyorum&#8217; s\u00f6z\u00fc<br \/> bo\u015flukta ba\u015f\u0131 d\u00f6nen k\u00fc\u00e7\u00fck bir nar fidan\u0131 gibi.<\/p>\n<p>ADNAN \u00d6ZER<\/p>\n","protected":false},"excerpt":{"rendered":"<p>\u00a0 Zaman\u0131n ve g\u00fcne\u015fin besledi\u011fi miskin b\u0131ld\u0131rc\u0131nlar, erimi\u015f kanatlar ve ayaklar, r\u00fczgar\u0131n uzun takvimi, yitmi\u015f kay\u0131t \u00e7izgileri en uzun \u00f6m\u00fcrl\u00fc a\u011fa\u00e7larda. Gel bana, \u00f6mr\u00fcm k\u0131sa, g\u00fcn boyu topra\u011f\u0131n s\u0131cak m\u0131knat\u0131s\u0131yla kurumu\u015f, bedensiz bir g\u00f6mlek gibi. Sar g\u00f6\u011fs\u00fcm\u00fc, s\u0131van s\u0131rt\u0131ma, sen kaynam\u0131\u015f s\u00fct\u00fcn ince kabu\u011fu, inand\u0131r beni kendine hem a\u011fz\u0131ndan \u00e7\u0131kt\u0131 bir kere &#8216;seviyorum&#8217; s\u00f6z\u00fc bo\u015flukta [&hellip;]<\/p>\n","protected":false},"author":1,"featured_media":0,"comment_status":"open","ping_status":"open","sticky":false,"template":"","format":"standard","meta":{"footnotes":""},"categories":[6],"tags":[],"class_list":{"0":"post-70","1":"post","2":"type-post","3":"status-publish","4":"format-standard","6":"category-adnan-ozer"},"yoast_head":"<!-- This site is optimized with the Yoast SEO Premium plugin v24.9 (Yoast SEO v24.9) - https:\/\/yoast.com\/wordpress\/plugins\/seo\/ -->\n<title>DI\u015eARDA TA\u015eLAR - narteks.net<\/title>\n<meta name=\"robots\" content=\"index, follow, max-snippet:-1, max-image-preview:large, max-video-preview:-1\" \/>\n<link rel=\"canonical\" href=\"https:\/\/narteks.net\/index.php\/2009\/02\/27\/disarda-taslar\/\" \/>\n<meta property=\"og:locale\" content=\"tr_TR\" \/>\n<meta property=\"og:type\" content=\"article\" \/>\n<meta property=\"og:title\" content=\"DI\u015eARDA TA\u015eLAR\" \/>\n<meta property=\"og:description\" content=\"\u00a0 Zaman\u0131n ve g\u00fcne\u015fin besledi\u011fi miskin b\u0131ld\u0131rc\u0131nlar, erimi\u015f kanatlar ve ayaklar, r\u00fczgar\u0131n uzun takvimi, yitmi\u015f kay\u0131t \u00e7izgileri en uzun \u00f6m\u00fcrl\u00fc a\u011fa\u00e7larda. Gel bana, \u00f6mr\u00fcm k\u0131sa, g\u00fcn boyu topra\u011f\u0131n s\u0131cak m\u0131knat\u0131s\u0131yla kurumu\u015f, bedensiz bir g\u00f6mlek gibi. Sar g\u00f6\u011fs\u00fcm\u00fc, s\u0131van s\u0131rt\u0131ma, sen kaynam\u0131\u015f s\u00fct\u00fcn ince kabu\u011fu, inand\u0131r beni kendine hem a\u011fz\u0131ndan \u00e7\u0131kt\u0131 bir kere &#8216;seviyorum&#8217; s\u00f6z\u00fc bo\u015flukta [&hellip;]\" \/>\n<meta property=\"og:url\" content=\"https:\/\/narteks.net\/index.php\/2009\/02\/27\/disarda-taslar\/\" \/>\n<meta property=\"og:site_name\" content=\"narteks.net\" \/>\n<meta property=\"article:published_time\" content=\"2009-02-27T11:58:17+00:00\" \/>\n<meta property=\"og:image\" content=\"https:\/\/narteks.net\/wp-content\/uploads\/narteks.png\" \/>\n\t<meta property=\"og:image:width\" content=\"300\" \/>\n\t<meta property=\"og:image:height\" content=\"90\" \/>\n\t<meta property=\"og:image:type\" content=\"image\/png\" \/>\n<meta name=\"author\" content=\"Tar\u0131k\" \/>\n<meta name=\"twitter:card\" content=\"summary_large_image\" \/>\n<meta name=\"twitter:creator\" content=\"@narteks\" \/>\n<meta name=\"twitter:site\" content=\"@narteks\" \/>\n<meta name=\"twitter:label1\" content=\"Yazan:\" \/>\n\t<meta name=\"twitter:data1\" content=\"Tar\u0131k\" \/>\n\t<meta name=\"twitter:label2\" content=\"Tahmini okuma s\u00fcresi\" \/>\n\t<meta name=\"twitter:data2\" content=\"1 dakika\" \/>\n<script type=\"application\/ld+json\" class=\"yoast-schema-graph\">{\"@context\":\"https:\/\/schema.org\",\"@graph\":[{\"@type\":\"Article\",\"@id\":\"https:\/\/narteks.net\/index.php\/2009\/02\/27\/disarda-taslar\/#article\",\"isPartOf\":{\"@id\":\"https:\/\/narteks.net\/index.php\/2009\/02\/27\/disarda-taslar\/\"},\"author\":{\"name\":\"Tar\u0131k\",\"@id\":\"https:\/\/narteks.net\/#\/schema\/person\/61f37d9834294b72d31d274e7ed79bca\"},\"headline\":\"DI\u015eARDA TA\u015eLAR\",\"datePublished\":\"2009-02-27T11:58:17+00:00\",\"mainEntityOfPage\":{\"@id\":\"https:\/\/narteks.net\/index.php\/2009\/02\/27\/disarda-taslar\/\"},\"wordCount\":104,\"commentCount\":0,\"publisher\":{\"@id\":\"https:\/\/narteks.net\/#organization\"},\"articleSection\":[\"Adnan \u00d6ZER\"],\"inLanguage\":\"tr\",\"potentialAction\":[{\"@type\":\"CommentAction\",\"name\":\"Comment\",\"target\":[\"https:\/\/narteks.net\/index.php\/2009\/02\/27\/disarda-taslar\/#respond\"]}]},{\"@type\":\"WebPage\",\"@id\":\"https:\/\/narteks.net\/index.php\/2009\/02\/27\/disarda-taslar\/\",\"url\":\"https:\/\/narteks.net\/index.php\/2009\/02\/27\/disarda-taslar\/\",\"name\":\"DI\u015eARDA TA\u015eLAR - narteks.net\",\"isPartOf\":{\"@id\":\"https:\/\/narteks.net\/#website\"},\"datePublished\":\"2009-02-27T11:58:17+00:00\",\"breadcrumb\":{\"@id\":\"https:\/\/narteks.net\/index.php\/2009\/02\/27\/disarda-taslar\/#breadcrumb\"},\"inLanguage\":\"tr\",\"potentialAction\":[{\"@type\":\"ReadAction\",\"target\":[\"https:\/\/narteks.net\/index.php\/2009\/02\/27\/disarda-taslar\/\"]}]},{\"@type\":\"BreadcrumbList\",\"@id\":\"https:\/\/narteks.net\/index.php\/2009\/02\/27\/disarda-taslar\/#breadcrumb\",\"itemListElement\":[{\"@type\":\"ListItem\",\"position\":1,\"name\":\"Anasayfa\",\"item\":\"https:\/\/narteks.net\/\"},{\"@type\":\"ListItem\",\"position\":2,\"name\":\"DI\u015eARDA TA\u015eLAR\"}]},{\"@type\":\"WebSite\",\"@id\":\"https:\/\/narteks.net\/#website\",\"url\":\"https:\/\/narteks.net\/\",\"name\":\"narteks.net\",\"description\":\"K\u00fclt\u00fcr Sanat Edebiyat Felsefe\",\"publisher\":{\"@id\":\"https:\/\/narteks.net\/#organization\"},\"alternateName\":\"K\u00fclt\u00fcr Sanat Edebiyat Felsefe\",\"potentialAction\":[{\"@type\":\"SearchAction\",\"target\":{\"@type\":\"EntryPoint\",\"urlTemplate\":\"https:\/\/narteks.net\/?s={search_term_string}\"},\"query-input\":{\"@type\":\"PropertyValueSpecification\",\"valueRequired\":true,\"valueName\":\"search_term_string\"}}],\"inLanguage\":\"tr\"},{\"@type\":\"Organization\",\"@id\":\"https:\/\/narteks.net\/#organization\",\"name\":\"narteks.net\",\"url\":\"https:\/\/narteks.net\/\",\"logo\":{\"@type\":\"ImageObject\",\"inLanguage\":\"tr\",\"@id\":\"https:\/\/narteks.net\/#\/schema\/logo\/image\/\",\"url\":\"https:\/\/narteks.net\/wp-content\/uploads\/narteks.png\",\"contentUrl\":\"https:\/\/narteks.net\/wp-content\/uploads\/narteks.png\",\"width\":300,\"height\":90,\"caption\":\"narteks.net\"},\"image\":{\"@id\":\"https:\/\/narteks.net\/#\/schema\/logo\/image\/\"},\"sameAs\":[\"https:\/\/x.com\/narteks\",\"https:\/\/instagram.com\/narteksnet\"]},{\"@type\":\"Person\",\"@id\":\"https:\/\/narteks.net\/#\/schema\/person\/61f37d9834294b72d31d274e7ed79bca\",\"name\":\"Tar\u0131k\",\"image\":{\"@type\":\"ImageObject\",\"inLanguage\":\"tr\",\"@id\":\"https:\/\/narteks.net\/#\/schema\/person\/image\/\",\"url\":\"https:\/\/secure.gravatar.com\/avatar\/50865afb55632c4ae467e0af0930f6510aa2297d8014be502a55b14f3b7550cf?s=96&d=mm&r=g\",\"contentUrl\":\"https:\/\/secure.gravatar.com\/avatar\/50865afb55632c4ae467e0af0930f6510aa2297d8014be502a55b14f3b7550cf?s=96&d=mm&r=g\",\"caption\":\"Tar\u0131k\"},\"sameAs\":[\"http:\/\/narteks.net\"],\"url\":\"https:\/\/narteks.net\/index.php\/author\/narbak\/\"}]}<\/script>\n<!-- \/ Yoast SEO Premium plugin. -->","yoast_head_json":{"title":"DI\u015eARDA TA\u015eLAR - narteks.net","robots":{"index":"index","follow":"follow","max-snippet":"max-snippet:-1","max-image-preview":"max-image-preview:large","max-video-preview":"max-video-preview:-1"},"canonical":"https:\/\/narteks.net\/index.php\/2009\/02\/27\/disarda-taslar\/","og_locale":"tr_TR","og_type":"article","og_title":"DI\u015eARDA TA\u015eLAR","og_description":"\u00a0 Zaman\u0131n ve g\u00fcne\u015fin besledi\u011fi miskin b\u0131ld\u0131rc\u0131nlar, erimi\u015f kanatlar ve ayaklar, r\u00fczgar\u0131n uzun takvimi, yitmi\u015f kay\u0131t \u00e7izgileri en uzun \u00f6m\u00fcrl\u00fc a\u011fa\u00e7larda. Gel bana, \u00f6mr\u00fcm k\u0131sa, g\u00fcn boyu topra\u011f\u0131n s\u0131cak m\u0131knat\u0131s\u0131yla kurumu\u015f, bedensiz bir g\u00f6mlek gibi. Sar g\u00f6\u011fs\u00fcm\u00fc, s\u0131van s\u0131rt\u0131ma, sen kaynam\u0131\u015f s\u00fct\u00fcn ince kabu\u011fu, inand\u0131r beni kendine hem a\u011fz\u0131ndan \u00e7\u0131kt\u0131 bir kere &#8216;seviyorum&#8217; s\u00f6z\u00fc bo\u015flukta [&hellip;]","og_url":"https:\/\/narteks.net\/index.php\/2009\/02\/27\/disarda-taslar\/","og_site_name":"narteks.net","article_published_time":"2009-02-27T11:58:17+00:00","og_image":[{"width":300,"height":90,"url":"https:\/\/narteks.net\/wp-content\/uploads\/narteks.png","type":"image\/png"}],"author":"Tar\u0131k","twitter_card":"summary_large_image","twitter_creator":"@narteks","twitter_site":"@narteks","twitter_misc":{"Yazan:":"Tar\u0131k","Tahmini okuma s\u00fcresi":"1 dakika"},"schema":{"@context":"https:\/\/schema.org","@graph":[{"@type":"Article","@id":"https:\/\/narteks.net\/index.php\/2009\/02\/27\/disarda-taslar\/#article","isPartOf":{"@id":"https:\/\/narteks.net\/index.php\/2009\/02\/27\/disarda-taslar\/"},"author":{"name":"Tar\u0131k","@id":"https:\/\/narteks.net\/#\/schema\/person\/61f37d9834294b72d31d274e7ed79bca"},"headline":"DI\u015eARDA TA\u015eLAR","datePublished":"2009-02-27T11:58:17+00:00","mainEntityOfPage":{"@id":"https:\/\/narteks.net\/index.php\/2009\/02\/27\/disarda-taslar\/"},"wordCount":104,"commentCount":0,"publisher":{"@id":"https:\/\/narteks.net\/#organization"},"articleSection":["Adnan \u00d6ZER"],"inLanguage":"tr","potentialAction":[{"@type":"CommentAction","name":"Comment","target":["https:\/\/narteks.net\/index.php\/2009\/02\/27\/disarda-taslar\/#respond"]}]},{"@type":"WebPage","@id":"https:\/\/narteks.net\/index.php\/2009\/02\/27\/disarda-taslar\/","url":"https:\/\/narteks.net\/index.php\/2009\/02\/27\/disarda-taslar\/","name":"DI\u015eARDA TA\u015eLAR - narteks.net","isPartOf":{"@id":"https:\/\/narteks.net\/#website"},"datePublished":"2009-02-27T11:58:17+00:00","breadcrumb":{"@id":"https:\/\/narteks.net\/index.php\/2009\/02\/27\/disarda-taslar\/#breadcrumb"},"inLanguage":"tr","potentialAction":[{"@type":"ReadAction","target":["https:\/\/narteks.net\/index.php\/2009\/02\/27\/disarda-taslar\/"]}]},{"@type":"BreadcrumbList","@id":"https:\/\/narteks.net\/index.php\/2009\/02\/27\/disarda-taslar\/#breadcrumb","itemListElement":[{"@type":"ListItem","position":1,"name":"Anasayfa","item":"https:\/\/narteks.net\/"},{"@type":"ListItem","position":2,"name":"DI\u015eARDA TA\u015eLAR"}]},{"@type":"WebSite","@id":"https:\/\/narteks.net\/#website","url":"https:\/\/narteks.net\/","name":"narteks.net","description":"K\u00fclt\u00fcr Sanat Edebiyat Felsefe","publisher":{"@id":"https:\/\/narteks.net\/#organization"},"alternateName":"K\u00fclt\u00fcr Sanat Edebiyat Felsefe","potentialAction":[{"@type":"SearchAction","target":{"@type":"EntryPoint","urlTemplate":"https:\/\/narteks.net\/?s={search_term_string}"},"query-input":{"@type":"PropertyValueSpecification","valueRequired":true,"valueName":"search_term_string"}}],"inLanguage":"tr"},{"@type":"Organization","@id":"https:\/\/narteks.net\/#organization","name":"narteks.net","url":"https:\/\/narteks.net\/","logo":{"@type":"ImageObject","inLanguage":"tr","@id":"https:\/\/narteks.net\/#\/schema\/logo\/image\/","url":"https:\/\/narteks.net\/wp-content\/uploads\/narteks.png","contentUrl":"https:\/\/narteks.net\/wp-content\/uploads\/narteks.png","width":300,"height":90,"caption":"narteks.net"},"image":{"@id":"https:\/\/narteks.net\/#\/schema\/logo\/image\/"},"sameAs":["https:\/\/x.com\/narteks","https:\/\/instagram.com\/narteksnet"]},{"@type":"Person","@id":"https:\/\/narteks.net\/#\/schema\/person\/61f37d9834294b72d31d274e7ed79bca","name":"Tar\u0131k","image":{"@type":"ImageObject","inLanguage":"tr","@id":"https:\/\/narteks.net\/#\/schema\/person\/image\/","url":"https:\/\/secure.gravatar.com\/avatar\/50865afb55632c4ae467e0af0930f6510aa2297d8014be502a55b14f3b7550cf?s=96&d=mm&r=g","contentUrl":"https:\/\/secure.gravatar.com\/avatar\/50865afb55632c4ae467e0af0930f6510aa2297d8014be502a55b14f3b7550cf?s=96&d=mm&r=g","caption":"Tar\u0131k"},"sameAs":["http:\/\/narteks.net"],"url":"https:\/\/narteks.net\/index.php\/author\/narbak\/"}]}},"_links":{"self":[{"href":"https:\/\/narteks.net\/index.php\/wp-json\/wp\/v2\/posts\/70","targetHints":{"allow":["GET"]}}],"collection":[{"href":"https:\/\/narteks.net\/index.php\/wp-json\/wp\/v2\/posts"}],"about":[{"href":"https:\/\/narteks.net\/index.php\/wp-json\/wp\/v2\/types\/post"}],"author":[{"embeddable":true,"href":"https:\/\/narteks.net\/index.php\/wp-json\/wp\/v2\/users\/1"}],"replies":[{"embeddable":true,"href":"https:\/\/narteks.net\/index.php\/wp-json\/wp\/v2\/comments?post=70"}],"version-history":[{"count":0,"href":"https:\/\/narteks.net\/index.php\/wp-json\/wp\/v2\/posts\/70\/revisions"}],"wp:attachment":[{"href":"https:\/\/narteks.net\/index.php\/wp-json\/wp\/v2\/media?parent=70"}],"wp:term":[{"taxonomy":"category","embeddable":true,"href":"https:\/\/narteks.net\/index.php\/wp-json\/wp\/v2\/categories?post=70"},{"taxonomy":"post_tag","embeddable":true,"href":"https:\/\/narteks.net\/index.php\/wp-json\/wp\/v2\/tags?post=70"}],"curies":[{"name":"wp","href":"https:\/\/api.w.org\/{rel}","templated":true}]}}