{"id":700,"date":"2010-01-10T01:00:00","date_gmt":"2010-01-09T22:00:00","guid":{"rendered":"http:\/\/localhost\/wordpress\/2010\/01\/10\/avrupalilarin-ustunu-ortmeye-calistigicok-bahsedilmeyen-bir-olay-cocuklarin-hacli-seferi\/"},"modified":"2010-01-10T01:00:00","modified_gmt":"2010-01-09T22:00:00","slug":"avrupalilarin-ustunu-ortmeye-calistigicok-bahsedilmeyen-bir-olay-cocuklarin-hacli-seferi","status":"publish","type":"post","link":"https:\/\/narteks.net\/index.php\/2010\/01\/10\/avrupalilarin-ustunu-ortmeye-calistigicok-bahsedilmeyen-bir-olay-cocuklarin-hacli-seferi\/","title":{"rendered":"Avrupal\u0131lar\u0131n \u00fcst\u00fcn\u00fc \u00f6rtmeye \u00e7al\u0131\u015ft\u0131\u011f\u0131,\u00e7ok bahsedilmeyen bir olay | \u00c7ocuklar\u0131n ha\u00e7l\u0131 seferi"},"content":{"rendered":"<div><img loading=\"lazy\" decoding=\"async\" style=\"float: left;\" src=\"http:\/\/img130.imageshack.us\/img130\/7978\/350pxgustavedorecrusadeax5.jpg\" width=\"155\" height=\"203\" border=\"0\" \/><\/div>\n<p style=\"text-align: justify;\">1212&#8217;de Fransa ve Almanya&#8217;dan binlerce \u00e7ocuk, &#8216;Kutsal Toprak&#8217; Kud\u00fcs&#8217;e gitmek \u00fczere, Marsilya, Cenova ve Brindisi limanlar\u0131ndan yola \u00e7\u0131kmak ister.Ha\u00e7l\u0131 Seferleri hareketini papal\u0131\u011f\u0131n tarihi bir misyonu olarak g\u00f6ren Papa III. Innocentius (1198-1216) zaman\u0131nda Avrupa&#8217;da Ha\u00e7l\u0131 ruhu hep canl\u0131 tutulmu\u015ftu.<\/p>\n<p style=\"text-align: justify;\">Bu d\u00f6nemde,Kud\u00fcs&#8217;\u00fc M\u00fcsl\u00fcmanlardan geri almak i\u00e7in d\u00fczenlenmi\u015f olan D\u00f6rd\u00fcnc\u00fc Ha\u00e7l\u0131 Seferi (1203-1204) amac\u0131ndan uzakla\u015farak, Bizans&#8217;\u0131 hedef al\u0131nca, Filistin&#8217;deki Ha\u00e7l\u0131lar&#8217;a yard\u0131m g\u00f6t\u00fcr\u00fclememi\u015fti.Bu y\u00fczden de Papa Innocentius, Do\u011fu&#8217;ya yeni bir sefer daha yap\u0131labilmesi i\u00e7in \u0131srarla faaliyetlerine devam etmi\u015f ve vaizler Avrupa&#8217;n\u0131n her taraf\u0131n\u0131 dola\u015farak halk\u0131 yeni bir Ha\u00e7l\u0131 seferine kat\u0131lmaya davet etmi\u015flerdi.<\/p>\n<p style=\"text-align: justify;\">\u0130\u015fte \u00e7ocuklar da\u00a0 Avrupa&#8217;da y\u0131llardan beri durmadan devam eden bu \u00e7a\u011fr\u0131lar\u0131n etkisinde kal\u0131p &#8216;kutsal topraklar\u0131 kurtarmak&#8217; iddias\u0131yla harekete ge\u00e7ince, 1212 y\u0131l\u0131 &#8216;\u00c7ocuklar\u0131n Ha\u00e7l\u0131 Seferi&#8217; ad\u0131yla tarihe ge\u00e7en ola\u011fan\u00fcst\u00fc \u015fa\u015f\u0131rt\u0131c\u0131 bir olaya sahne oldu.<\/p>\n<p style=\"text-align: justify;\">May\u0131s 1212&#8217;de, St. Saint-Denis&#8217;de on iki ya\u015flar\u0131ndaki Etienne ad\u0131nda bir \u00e7oban \u00e7ocuk, Hazreti \u0130sa&#8217;n\u0131n kendisine g\u00f6r\u00fcnerek onu Ha\u00e7l\u0131 seferlerini vaaz etmekle g\u00f6revlendirdi\u011fi, hatta ona krala teslim edilmek \u00fczere bir mektup verdi\u011fi iddias\u0131yla ortaya at\u0131ld\u0131.<\/p>\n<p> Bu s\u0131rada Saint-Deniz Manast\u0131r\u0131&#8217;n\u0131 ziyaret etmekte olan Fransa Kral\u0131 II. Philippe Auguste ise, bu iddiay\u0131 ciddiye almad\u0131.Ancak kendisinin seferi ba\u015far\u0131ya ula\u015ft\u0131racak bir rehber oldu\u011fu d\u00fc\u015f\u00fcncesini akl\u0131ndan \u00e7\u0131karamayan bu \u00e7ocuk, davas\u0131ndan vazge\u00e7meye hi\u00e7 de niyetli de\u011fildi.<\/p>\n<p> Saint-Denis Manast\u0131r\u0131&#8217;n\u0131n kap\u0131s\u0131nda vaazlarda bulunarak t\u0131pk\u0131 Hazreti Musa&#8217;n\u0131n K\u0131z\u0131ldeniz&#8217;den ge\u00e7i\u015fi gibi, denizin \u00e7ocuklar\u0131n\u0131n \u00f6n\u00fcnde ikiye ayr\u0131l\u0131p kendilerine yol verece\u011fini ve kolayca Kud\u00fcs&#8217;e ula\u015f\u0131p &#8216;Kutsal \u00dclke&#8217; yi kurtaracaklar\u0131n\u0131, b\u00fcy\u00fcklerin ba\u015faramad\u0131\u011f\u0131 bu i\u015fi \u00e7ocuklar\u0131n ba\u015faraca\u011f\u0131n\u0131 s\u00f6yl\u00fcyordu.<\/p>\n<p> Pek \u00e7ok \u00e7ocuk, hatta baz\u0131 b\u00fcy\u00fckler bile, hitabet kabiliyetine sahip olan bu \u00e7ocuktan etkilendi.Bundan sonra Etienne ve ona inanan bir\u00e7ok \u00e7ocuk, Fransa i\u00e7lerine yay\u0131larak \u00e7ocuklar\u0131 Ha\u00e7l\u0131 seferine davet ettiler.Nihayet, kararla\u015ft\u0131r\u0131lm\u0131\u015f oldu\u011fu gibi, bir ay sonra, Haziran sonunda, sefere kat\u0131lmaya karar veren \u00e7ocuklar Fransa&#8217;n\u0131n Vend\u00f4me \u015fehrinde topland\u0131lar.<\/p>\n<p> En b\u00fcy\u00fckleri on iki ya\u015f\u0131nda olan binlerce \u00e7ocuk, Etienne&#8217;in \u00e7a\u011fr\u0131s\u0131 \u00fczerine bu \u015fehre ak\u0131n etmi\u015fti.\u0130\u00e7lerinde, bizzat anne babalar\u0131 taraf\u0131ndan g\u00f6nderilmi\u015f olan toplumun kenar\u0131na itilmi\u015f fakir k\u00f6yl\u00fc \u00e7ocuklar\u0131ndan ba\u015fka, evlerinden ka\u00e7arak gelen asalet s\u0131n\u0131f\u0131na mensup baz\u0131 \u00e7ocuklar, k\u0131zlar, gen\u00e7 papazlar, hatta baz\u0131 ya\u015fl\u0131 hac\u0131lar bile vard\u0131.<\/p>\n<p> Ellerinde seferin sembol\u00fc olarak se\u00e7ilen ve \u00fczerinde alt\u0131n renginde \u00fc\u00e7 zambak bulunan mavi bir bayrak ta\u015f\u0131yorlard\u0131.Sefere kat\u0131lanlar\u0131n hepsi yaya idi.Ama nurlu bir peygamber gibi kabul edilen liderleri Etienne\u2019in rahat yolculuk yapmas\u0131 i\u00e7in, her \u015fey d\u00fc\u015f\u00fcn\u00fclm\u00fc\u015f ve ona bir araba temin edilmi\u015fti.<\/p>\n<p> Bu \u00e7ocuklar, Tours ve Lyon \u00fczerinden Marsilya\u2019ya do\u011fru yola koyuldular.Ancak yaz mevsimi her zamankinden daha s\u0131cak ge\u00e7iyordu ve kurakl\u0131k ba\u015f g\u00f6stermi\u015fti.Bu y\u00fczden yol boyunca, y\u00fcr\u00fcy\u00fc\u015fleri s\u0131ras\u0131nda yeterli yiyecek ve su bulmak olduk\u00e7a zordu.B\u00f6ylece \u00e7ocuklar\u0131n bir\u00e7o\u011fu a\u00e7l\u0131k ve susuzlu\u011fun verdi\u011fi s\u0131k\u0131nt\u0131lara dayanamayarak yollarda \u00f6lm\u00fc\u015f, bir k\u0131sm\u0131 da pi\u015fman olup \u00fclkelerine geri d\u00f6nmeye \u00e7al\u0131\u015fm\u0131\u015ft\u0131.<\/p>\n<p> Sonunda k\u00fc\u00e7\u00fck bir grup Marsilya\u2019ya ula\u015fabildi.Ama onlar da burada hayal k\u0131r\u0131kl\u0131\u011f\u0131na u\u011frad\u0131lar.\u00c7\u00fcnk\u00fc bekledikleri mucize ger\u00e7ekle\u015fmemi\u015f ve deniz \u00f6nlerinde ikiye ayr\u0131lmam\u0131\u015ft\u0131.Bunun \u00fczerine \u00e7ocuklar\u0131n bir k\u0131sm\u0131 aldat\u0131ld\u0131klar\u0131na inan\u0131p bu maceraya bir son vererek \u00fclkelerine geri d\u00f6nmelerinin daha do\u011fru olaca\u011f\u0131na karar verdiler.<br \/> Geride kalan \u00e7o\u011funluk ise, adlar\u0131n\u0131n \u2018Demir Hugue\u2019 ve \u2018Domuz Guillaume\u2019 oldu\u011fu s\u00f6ylenen iki Marsilyal\u0131 tacirin, onlar\u0131 paras\u0131z olarak Filistin\u2019e g\u00f6t\u00fcrmeyi teklif edilmesi \u00fczerine, gemilere binip denize a\u00e7\u0131ld\u0131.Bunlar\u0131n ak\u0131beti hakk\u0131nda y\u0131llarca hi\u00e7 bir haber al\u0131namad\u0131.<\/p>\n<div style=\"text-align: justify;\">\n<p>Daha sonralar\u0131, 1230 y\u0131l\u0131 civar\u0131nda Do\u011fu\u2019dan gelen haberlere bak\u0131l\u0131rsa, bu \u00e7ocuklar\u0131 ta\u015f\u0131yan yedi gemi Marsilya\u2019dan denize a\u00e7\u0131ld\u0131ktan birka\u00e7 g\u00fcn sonra f\u0131rt\u0131naya yakalanm\u0131\u015f, gemilerden ikisinin Sardinia Adas\u0131 yak\u0131nlar\u0131nda kazaya u\u011frayarak par\u00e7alanm\u0131\u015f ve i\u00e7inde bulunan b\u00fct\u00fcn \u00e7ocuklar bo\u011fulmu\u015ftu.<\/p>\n<p>F\u0131rt\u0131nadan kurtulan di\u011fer be\u015f gemideki \u00e7ocuklar ise, k\u00f6le olarak sat\u0131lmalar\u0131 hususunda \u00f6nceden tacirle anla\u015f\u0131lm\u0131\u015f Afrikal\u0131 Arap korsanlar taraf\u0131ndan yakalan\u0131larak, Cezayir sahillerine g\u00f6t\u00fcr\u00fclm\u00fc\u015flerdi.Bu \u00e7ocuklar\u0131n bir k\u0131sm\u0131 burada k\u00f6le olarak sat\u0131l\u0131rken bir k\u0131sm\u0131 da \u0130skenderiye\u2019ye g\u00f6nderilmi\u015f ve orada \u015fehrin valisi taraf\u0131ndan sat\u0131n al\u0131nm\u0131\u015f, geri kalanlar ise Ba\u011fdat\u2019\u0131n esir pazarlar\u0131nda sat\u0131\u015fa \u00e7\u0131kar\u0131lm\u0131\u015ft\u0131.<\/p>\n<p>Felakete u\u011fram\u0131\u015f bu peri\u015fan \u00e7ocuklara kar\u015f\u0131 M\u00fcsl\u00fcmanlar\u0131n muamelesi ise, insanc\u0131l olmu\u015ftu.Melik el-Adil\u2019in o\u011flu M\u0131s\u0131r Valisi el-K\u00e2mil bunlar\u0131 terc\u00fcman, \u00f6\u011fretmen ve katip olarak kullanabilmek amac\u0131yla sat\u0131n alm\u0131\u015f, fakat dinlerini de\u011fi\u015ftirmeleri i\u00e7in hi\u00e7bir bask\u0131da bulunmam\u0131\u015ft\u0131 \u2026<\/p>\n<p>Frans\u0131z \u00e7ocuklar\u0131n\u0131n yola \u00e7\u0131k\u0131\u015f\u0131ndan birka\u00e7 hafta sonra Almanya\u2019da Rheinland b\u00f6lgesinden Nikolaus ad\u0131nda bir \u00e7ocuk, K\u00f6ln\u2019deki Aziz \u00dc\u00e7 Krallar Kilisesi\u2019nde, t\u0131pk\u0131 Etienne gibi vaazlarda bulunmaya ba\u015flam\u0131\u015ft\u0131.Nikolaus\u2019un vaazlar\u0131 ve faaliyetleri sonucunda k\u0131sa s\u00fcre i\u00e7inde \u00e7ocuklardan olu\u015fan bir ordu K\u00f6ln\u2019deki onun etraf\u0131nda toplanm\u0131\u015ft\u0131.bu \u00e7ocuklar\u0131n ya\u015f ortalamas\u0131, Frans\u0131z \u00e7ocuklar\u0131n\u0131nkinden daha b\u00fcy\u00fck olup i\u00e7lerinde asil ailelerden gelenlerin say\u0131s\u0131 da daha \u00e7oktu.<\/p>\n<p><em>Alman \u00e7ocuklar\u0131n niyeti, \u00f6nce K\u00f6ln\u2019den \u0130talya\u2019ya, Papa\u2019n\u0131n yan\u0131na gitmekti.<\/em><\/p>\n<p>Bunlar\u0131n seferi iki gruba ayr\u0131ld\u0131.Nikolaus\u2019un idaresindeki birinci grup, Ren Nehri boyunca ilerleyip bat\u0131 \u0130svi\u00e7re ve Cenevre zerinden yol ald\u0131.Ancak bunlar\u0131n b\u00fcy\u00fck k\u0131sm\u0131 bu zorlu yolculuk s\u0131ras\u0131nda yollarda \u00f6ld\u00fc ve sadece \u00fc\u00e7te biri A\u011fustos ay\u0131nda Cenova\u2019ya kadar gelebildi.Ertesi sabah k\u0131y\u0131ya gelip denizin \u00f6nlerinde ikiye a\u00e7\u0131lmas\u0131n\u0131 beklediler.Fakat heyhat, denizin sular\u0131nda en ufak bir de\u011fi\u015fiklik bile olmad\u0131!B\u00fcy\u00fck bir \u00fcz\u00fcnt\u00fcye d\u00fc\u015fen \u00e7ocuklar, hayallerinin y\u0131k\u0131ld\u0131\u011f\u0131n\u0131 g\u00f6rd\u00fcler.<\/p>\n<p><em>\u00c7ocuklar, ba\u015flar\u0131nda Nikolaus oldu\u011fu halde Cenova\u2019dan ayr\u0131l\u0131p birka\u00e7 g\u00fcnl\u00fck y\u00fcr\u00fcy\u00fc\u015ften sonra Piza\u2019ya ula\u015ft\u0131lar.<\/em><\/p>\n<p>\u00c7ocuklar Piza\u2019ya yak\u0131n bir limanda beklemekte olan ve Filistin\u2019e gidecek bir gemiye bindiler.Ancak gemiye binen bu \u00e7ocuklar\u0131n ak\u0131beti de hi\u00e7bir zaman \u00f6\u011frenilemedi.Acaba sa\u011f salim Filistin\u2019e gidebildiler mi?..Yoksa yolda, Frans\u0131z \u00e7ocuklar gibi, f\u0131rt\u0131naya yakaland\u0131lar ve gemileri batt\u0131 m\u0131?..Ya da k\u00f6le olarak m\u0131 sat\u0131ld\u0131lar?..Bug\u00fcn, bu konuda hi\u00e7bir bilgiye sahip de\u011filiz.Ama liderleri Nikolaus\u2019un gemiye binmeyip, yan\u0131nda kalan az say\u0131daki \u00e7ocukla beraber g\u00fc\u00e7l\u00fckle yola devam ederek Roma\u2019ya, Papa\u2019n\u0131n yan\u0131na gidebildi\u011fini biliyoruz.Papa \u00e7ocuklar\u0131n bu giri\u015fimleri kar\u015f\u0131s\u0131nda duygulanmakla beraber, yine de onlara b\u00fcy\u00fcd\u00fckleri zaman Ha\u00e7 yeminleri yerine getirmeleri gerekti\u011fini s\u00f6yleyip, onlara kesin bir dille evlerine d\u00f6nmelerini emretti.<\/p>\n<p>Geri d\u00f6n\u00fc\u015f yolculu\u011fu s\u0131ras\u0131nda bir kere daha ayn\u0131 zorluklara katlanacak g\u00fcc\u00fc olmayan bir\u00e7ok \u00e7ocuk, \u00e7e\u015fitli \u0130talyan \u015fehir ve k\u00f6ylerinde kald\u0131.\u0130lkbaharda Almanya\u2019n\u0131n bat\u0131 b\u00f6lgesine d\u00f6nmeyi ba\u015farabilen \u00e7ocuklar\u0131n say\u0131s\u0131 ise, olduk\u00e7a azd\u0131.<\/p>\n<p>Bu arada Alman \u00e7ocuk hac\u0131lar\u0131n ikinci grubu da \u0130svi\u00e7re \u00fczerinden \u0130talya\u2019ya inmi\u015f, \u00e7ektikleri onca s\u0131k\u0131nt\u0131dan sonra, Ancona\u2019da umduklar\u0131 gibi deniz \u00f6nlerinde yar\u0131lmay\u0131nca,hayalleri y\u0131k\u0131lm\u0131\u015f ve k\u0131y\u0131 boyunca g\u00fcneye inerek Brindisi liman\u0131na ula\u015fm\u0131\u015flard\u0131.<\/p>\n<p>Burada \u00e7ocuklar\u0131n baz\u0131s\u0131 Flistin\u2019e giden gemilere binmeyi tercih etti, evlerine d\u00f6nmeye \u00e7al\u0131\u015fanlar\u0131n ise pek az\u0131 bunu ba\u015farabildi.\u00c7ocuklar\u0131n\u0131 kaybeden aileler, o\u011flunu bu harekete te\u015fvik ederek b\u00f6yle bir felakete yol a\u00e7makla su\u00e7lanan Nikolaus\u2019u babas\u0131n\u0131 yakalayarak ast\u0131lar.<\/p>\n<p style=\"text-align: justify;\">Yrd.Do\u00e7.Dr.Ebru Altan-Pop\u00fcler Tarih-2003 .<\/p>\n<\/div>\n","protected":false},"excerpt":{"rendered":"<p>1212&#8217;de Fransa ve Almanya&#8217;dan binlerce \u00e7ocuk, &#8216;Kutsal Toprak&#8217; Kud\u00fcs&#8217;e gitmek \u00fczere, Marsilya, Cenova ve Brindisi limanlar\u0131ndan yola \u00e7\u0131kmak ister.Ha\u00e7l\u0131 Seferleri hareketini papal\u0131\u011f\u0131n tarihi bir misyonu olarak g\u00f6ren Papa III. Innocentius (1198-1216) zaman\u0131nda Avrupa&#8217;da Ha\u00e7l\u0131 ruhu hep canl\u0131 tutulmu\u015ftu. Bu d\u00f6nemde,Kud\u00fcs&#8217;\u00fc M\u00fcsl\u00fcmanlardan geri almak i\u00e7in d\u00fczenlenmi\u015f olan D\u00f6rd\u00fcnc\u00fc Ha\u00e7l\u0131 Seferi (1203-1204) amac\u0131ndan uzakla\u015farak, Bizans&#8217;\u0131 hedef al\u0131nca, [&hellip;]<\/p>\n","protected":false},"author":1,"featured_media":0,"comment_status":"open","ping_status":"open","sticky":false,"template":"","format":"standard","meta":{"footnotes":""},"categories":[54],"tags":[],"class_list":{"0":"post-700","1":"post","2":"type-post","3":"status-publish","4":"format-standard","6":"category-din"},"yoast_head":"<!-- This site is optimized with the Yoast SEO Premium plugin v24.9 (Yoast SEO v24.9) - https:\/\/yoast.com\/wordpress\/plugins\/seo\/ -->\n<title>Avrupal\u0131lar\u0131n \u00fcst\u00fcn\u00fc \u00f6rtmeye \u00e7al\u0131\u015ft\u0131\u011f\u0131,\u00e7ok bahsedilmeyen bir olay | \u00c7ocuklar\u0131n ha\u00e7l\u0131 seferi - narteks.net<\/title>\n<meta name=\"robots\" content=\"index, follow, max-snippet:-1, max-image-preview:large, max-video-preview:-1\" \/>\n<link rel=\"canonical\" href=\"https:\/\/narteks.net\/index.php\/2010\/01\/10\/avrupalilarin-ustunu-ortmeye-calistigicok-bahsedilmeyen-bir-olay-cocuklarin-hacli-seferi\/\" \/>\n<meta property=\"og:locale\" content=\"tr_TR\" \/>\n<meta property=\"og:type\" content=\"article\" \/>\n<meta property=\"og:title\" content=\"Avrupal\u0131lar\u0131n \u00fcst\u00fcn\u00fc \u00f6rtmeye \u00e7al\u0131\u015ft\u0131\u011f\u0131,\u00e7ok bahsedilmeyen bir olay | \u00c7ocuklar\u0131n ha\u00e7l\u0131 seferi\" \/>\n<meta property=\"og:description\" content=\"1212&#8217;de Fransa ve Almanya&#8217;dan binlerce \u00e7ocuk, &#8216;Kutsal Toprak&#8217; Kud\u00fcs&#8217;e gitmek \u00fczere, Marsilya, Cenova ve Brindisi limanlar\u0131ndan yola \u00e7\u0131kmak ister.Ha\u00e7l\u0131 Seferleri hareketini papal\u0131\u011f\u0131n tarihi bir misyonu olarak g\u00f6ren Papa III. Innocentius (1198-1216) zaman\u0131nda Avrupa&#8217;da Ha\u00e7l\u0131 ruhu hep canl\u0131 tutulmu\u015ftu. Bu d\u00f6nemde,Kud\u00fcs&#8217;\u00fc M\u00fcsl\u00fcmanlardan geri almak i\u00e7in d\u00fczenlenmi\u015f olan D\u00f6rd\u00fcnc\u00fc Ha\u00e7l\u0131 Seferi (1203-1204) amac\u0131ndan uzakla\u015farak, Bizans&#8217;\u0131 hedef al\u0131nca, [&hellip;]\" \/>\n<meta property=\"og:url\" content=\"https:\/\/narteks.net\/index.php\/2010\/01\/10\/avrupalilarin-ustunu-ortmeye-calistigicok-bahsedilmeyen-bir-olay-cocuklarin-hacli-seferi\/\" \/>\n<meta property=\"og:site_name\" content=\"narteks.net\" \/>\n<meta property=\"article:published_time\" content=\"2010-01-09T22:00:00+00:00\" \/>\n<meta property=\"og:image\" content=\"http:\/\/img130.imageshack.us\/img130\/7978\/350pxgustavedorecrusadeax5.jpg\" \/>\n<meta name=\"author\" content=\"Tar\u0131k\" \/>\n<meta name=\"twitter:card\" content=\"summary_large_image\" \/>\n<meta name=\"twitter:creator\" content=\"@narteks\" \/>\n<meta name=\"twitter:site\" content=\"@narteks\" \/>\n<meta name=\"twitter:label1\" content=\"Yazan:\" \/>\n\t<meta name=\"twitter:data1\" content=\"Tar\u0131k\" \/>\n\t<meta name=\"twitter:label2\" content=\"Tahmini okuma s\u00fcresi\" \/>\n\t<meta name=\"twitter:data2\" content=\"7 dakika\" \/>\n<script type=\"application\/ld+json\" class=\"yoast-schema-graph\">{\"@context\":\"https:\/\/schema.org\",\"@graph\":[{\"@type\":\"Article\",\"@id\":\"https:\/\/narteks.net\/index.php\/2010\/01\/10\/avrupalilarin-ustunu-ortmeye-calistigicok-bahsedilmeyen-bir-olay-cocuklarin-hacli-seferi\/#article\",\"isPartOf\":{\"@id\":\"https:\/\/narteks.net\/index.php\/2010\/01\/10\/avrupalilarin-ustunu-ortmeye-calistigicok-bahsedilmeyen-bir-olay-cocuklarin-hacli-seferi\/\"},\"author\":{\"name\":\"Tar\u0131k\",\"@id\":\"https:\/\/narteks.net\/#\/schema\/person\/61f37d9834294b72d31d274e7ed79bca\"},\"headline\":\"Avrupal\u0131lar\u0131n \u00fcst\u00fcn\u00fc \u00f6rtmeye \u00e7al\u0131\u015ft\u0131\u011f\u0131,\u00e7ok bahsedilmeyen bir olay | \u00c7ocuklar\u0131n ha\u00e7l\u0131 seferi\",\"datePublished\":\"2010-01-09T22:00:00+00:00\",\"mainEntityOfPage\":{\"@id\":\"https:\/\/narteks.net\/index.php\/2010\/01\/10\/avrupalilarin-ustunu-ortmeye-calistigicok-bahsedilmeyen-bir-olay-cocuklarin-hacli-seferi\/\"},\"wordCount\":1437,\"commentCount\":0,\"publisher\":{\"@id\":\"https:\/\/narteks.net\/#organization\"},\"image\":{\"@id\":\"https:\/\/narteks.net\/index.php\/2010\/01\/10\/avrupalilarin-ustunu-ortmeye-calistigicok-bahsedilmeyen-bir-olay-cocuklarin-hacli-seferi\/#primaryimage\"},\"thumbnailUrl\":\"http:\/\/img130.imageshack.us\/img130\/7978\/350pxgustavedorecrusadeax5.jpg\",\"articleSection\":[\"Din\"],\"inLanguage\":\"tr\",\"potentialAction\":[{\"@type\":\"CommentAction\",\"name\":\"Comment\",\"target\":[\"https:\/\/narteks.net\/index.php\/2010\/01\/10\/avrupalilarin-ustunu-ortmeye-calistigicok-bahsedilmeyen-bir-olay-cocuklarin-hacli-seferi\/#respond\"]}]},{\"@type\":\"WebPage\",\"@id\":\"https:\/\/narteks.net\/index.php\/2010\/01\/10\/avrupalilarin-ustunu-ortmeye-calistigicok-bahsedilmeyen-bir-olay-cocuklarin-hacli-seferi\/\",\"url\":\"https:\/\/narteks.net\/index.php\/2010\/01\/10\/avrupalilarin-ustunu-ortmeye-calistigicok-bahsedilmeyen-bir-olay-cocuklarin-hacli-seferi\/\",\"name\":\"Avrupal\u0131lar\u0131n \u00fcst\u00fcn\u00fc \u00f6rtmeye \u00e7al\u0131\u015ft\u0131\u011f\u0131,\u00e7ok bahsedilmeyen bir olay | \u00c7ocuklar\u0131n ha\u00e7l\u0131 seferi - narteks.net\",\"isPartOf\":{\"@id\":\"https:\/\/narteks.net\/#website\"},\"primaryImageOfPage\":{\"@id\":\"https:\/\/narteks.net\/index.php\/2010\/01\/10\/avrupalilarin-ustunu-ortmeye-calistigicok-bahsedilmeyen-bir-olay-cocuklarin-hacli-seferi\/#primaryimage\"},\"image\":{\"@id\":\"https:\/\/narteks.net\/index.php\/2010\/01\/10\/avrupalilarin-ustunu-ortmeye-calistigicok-bahsedilmeyen-bir-olay-cocuklarin-hacli-seferi\/#primaryimage\"},\"thumbnailUrl\":\"http:\/\/img130.imageshack.us\/img130\/7978\/350pxgustavedorecrusadeax5.jpg\",\"datePublished\":\"2010-01-09T22:00:00+00:00\",\"breadcrumb\":{\"@id\":\"https:\/\/narteks.net\/index.php\/2010\/01\/10\/avrupalilarin-ustunu-ortmeye-calistigicok-bahsedilmeyen-bir-olay-cocuklarin-hacli-seferi\/#breadcrumb\"},\"inLanguage\":\"tr\",\"potentialAction\":[{\"@type\":\"ReadAction\",\"target\":[\"https:\/\/narteks.net\/index.php\/2010\/01\/10\/avrupalilarin-ustunu-ortmeye-calistigicok-bahsedilmeyen-bir-olay-cocuklarin-hacli-seferi\/\"]}]},{\"@type\":\"ImageObject\",\"inLanguage\":\"tr\",\"@id\":\"https:\/\/narteks.net\/index.php\/2010\/01\/10\/avrupalilarin-ustunu-ortmeye-calistigicok-bahsedilmeyen-bir-olay-cocuklarin-hacli-seferi\/#primaryimage\",\"url\":\"http:\/\/img130.imageshack.us\/img130\/7978\/350pxgustavedorecrusadeax5.jpg\",\"contentUrl\":\"http:\/\/img130.imageshack.us\/img130\/7978\/350pxgustavedorecrusadeax5.jpg\"},{\"@type\":\"BreadcrumbList\",\"@id\":\"https:\/\/narteks.net\/index.php\/2010\/01\/10\/avrupalilarin-ustunu-ortmeye-calistigicok-bahsedilmeyen-bir-olay-cocuklarin-hacli-seferi\/#breadcrumb\",\"itemListElement\":[{\"@type\":\"ListItem\",\"position\":1,\"name\":\"Anasayfa\",\"item\":\"https:\/\/narteks.net\/\"},{\"@type\":\"ListItem\",\"position\":2,\"name\":\"Avrupal\u0131lar\u0131n \u00fcst\u00fcn\u00fc \u00f6rtmeye \u00e7al\u0131\u015ft\u0131\u011f\u0131,\u00e7ok bahsedilmeyen bir olay | \u00c7ocuklar\u0131n ha\u00e7l\u0131 seferi\"}]},{\"@type\":\"WebSite\",\"@id\":\"https:\/\/narteks.net\/#website\",\"url\":\"https:\/\/narteks.net\/\",\"name\":\"narteks.net\",\"description\":\"K\u00fclt\u00fcr Sanat Edebiyat Felsefe\",\"publisher\":{\"@id\":\"https:\/\/narteks.net\/#organization\"},\"alternateName\":\"K\u00fclt\u00fcr Sanat Edebiyat Felsefe\",\"potentialAction\":[{\"@type\":\"SearchAction\",\"target\":{\"@type\":\"EntryPoint\",\"urlTemplate\":\"https:\/\/narteks.net\/?s={search_term_string}\"},\"query-input\":{\"@type\":\"PropertyValueSpecification\",\"valueRequired\":true,\"valueName\":\"search_term_string\"}}],\"inLanguage\":\"tr\"},{\"@type\":\"Organization\",\"@id\":\"https:\/\/narteks.net\/#organization\",\"name\":\"narteks.net\",\"url\":\"https:\/\/narteks.net\/\",\"logo\":{\"@type\":\"ImageObject\",\"inLanguage\":\"tr\",\"@id\":\"https:\/\/narteks.net\/#\/schema\/logo\/image\/\",\"url\":\"https:\/\/narteks.net\/wp-content\/uploads\/narteks.png\",\"contentUrl\":\"https:\/\/narteks.net\/wp-content\/uploads\/narteks.png\",\"width\":300,\"height\":90,\"caption\":\"narteks.net\"},\"image\":{\"@id\":\"https:\/\/narteks.net\/#\/schema\/logo\/image\/\"},\"sameAs\":[\"https:\/\/x.com\/narteks\",\"https:\/\/instagram.com\/narteksnet\"]},{\"@type\":\"Person\",\"@id\":\"https:\/\/narteks.net\/#\/schema\/person\/61f37d9834294b72d31d274e7ed79bca\",\"name\":\"Tar\u0131k\",\"image\":{\"@type\":\"ImageObject\",\"inLanguage\":\"tr\",\"@id\":\"https:\/\/narteks.net\/#\/schema\/person\/image\/\",\"url\":\"https:\/\/secure.gravatar.com\/avatar\/50865afb55632c4ae467e0af0930f6510aa2297d8014be502a55b14f3b7550cf?s=96&d=mm&r=g\",\"contentUrl\":\"https:\/\/secure.gravatar.com\/avatar\/50865afb55632c4ae467e0af0930f6510aa2297d8014be502a55b14f3b7550cf?s=96&d=mm&r=g\",\"caption\":\"Tar\u0131k\"},\"sameAs\":[\"http:\/\/narteks.net\"],\"url\":\"https:\/\/narteks.net\/index.php\/author\/narbak\/\"}]}<\/script>\n<!-- \/ Yoast SEO Premium plugin. -->","yoast_head_json":{"title":"Avrupal\u0131lar\u0131n \u00fcst\u00fcn\u00fc \u00f6rtmeye \u00e7al\u0131\u015ft\u0131\u011f\u0131,\u00e7ok bahsedilmeyen bir olay | \u00c7ocuklar\u0131n ha\u00e7l\u0131 seferi - narteks.net","robots":{"index":"index","follow":"follow","max-snippet":"max-snippet:-1","max-image-preview":"max-image-preview:large","max-video-preview":"max-video-preview:-1"},"canonical":"https:\/\/narteks.net\/index.php\/2010\/01\/10\/avrupalilarin-ustunu-ortmeye-calistigicok-bahsedilmeyen-bir-olay-cocuklarin-hacli-seferi\/","og_locale":"tr_TR","og_type":"article","og_title":"Avrupal\u0131lar\u0131n \u00fcst\u00fcn\u00fc \u00f6rtmeye \u00e7al\u0131\u015ft\u0131\u011f\u0131,\u00e7ok bahsedilmeyen bir olay | \u00c7ocuklar\u0131n ha\u00e7l\u0131 seferi","og_description":"1212&#8217;de Fransa ve Almanya&#8217;dan binlerce \u00e7ocuk, &#8216;Kutsal Toprak&#8217; Kud\u00fcs&#8217;e gitmek \u00fczere, Marsilya, Cenova ve Brindisi limanlar\u0131ndan yola \u00e7\u0131kmak ister.Ha\u00e7l\u0131 Seferleri hareketini papal\u0131\u011f\u0131n tarihi bir misyonu olarak g\u00f6ren Papa III. Innocentius (1198-1216) zaman\u0131nda Avrupa&#8217;da Ha\u00e7l\u0131 ruhu hep canl\u0131 tutulmu\u015ftu. Bu d\u00f6nemde,Kud\u00fcs&#8217;\u00fc M\u00fcsl\u00fcmanlardan geri almak i\u00e7in d\u00fczenlenmi\u015f olan D\u00f6rd\u00fcnc\u00fc Ha\u00e7l\u0131 Seferi (1203-1204) amac\u0131ndan uzakla\u015farak, Bizans&#8217;\u0131 hedef al\u0131nca, [&hellip;]","og_url":"https:\/\/narteks.net\/index.php\/2010\/01\/10\/avrupalilarin-ustunu-ortmeye-calistigicok-bahsedilmeyen-bir-olay-cocuklarin-hacli-seferi\/","og_site_name":"narteks.net","article_published_time":"2010-01-09T22:00:00+00:00","og_image":[{"url":"http:\/\/img130.imageshack.us\/img130\/7978\/350pxgustavedorecrusadeax5.jpg","type":"","width":"","height":""}],"author":"Tar\u0131k","twitter_card":"summary_large_image","twitter_creator":"@narteks","twitter_site":"@narteks","twitter_misc":{"Yazan:":"Tar\u0131k","Tahmini okuma s\u00fcresi":"7 dakika"},"schema":{"@context":"https:\/\/schema.org","@graph":[{"@type":"Article","@id":"https:\/\/narteks.net\/index.php\/2010\/01\/10\/avrupalilarin-ustunu-ortmeye-calistigicok-bahsedilmeyen-bir-olay-cocuklarin-hacli-seferi\/#article","isPartOf":{"@id":"https:\/\/narteks.net\/index.php\/2010\/01\/10\/avrupalilarin-ustunu-ortmeye-calistigicok-bahsedilmeyen-bir-olay-cocuklarin-hacli-seferi\/"},"author":{"name":"Tar\u0131k","@id":"https:\/\/narteks.net\/#\/schema\/person\/61f37d9834294b72d31d274e7ed79bca"},"headline":"Avrupal\u0131lar\u0131n \u00fcst\u00fcn\u00fc \u00f6rtmeye \u00e7al\u0131\u015ft\u0131\u011f\u0131,\u00e7ok bahsedilmeyen bir olay | \u00c7ocuklar\u0131n ha\u00e7l\u0131 seferi","datePublished":"2010-01-09T22:00:00+00:00","mainEntityOfPage":{"@id":"https:\/\/narteks.net\/index.php\/2010\/01\/10\/avrupalilarin-ustunu-ortmeye-calistigicok-bahsedilmeyen-bir-olay-cocuklarin-hacli-seferi\/"},"wordCount":1437,"commentCount":0,"publisher":{"@id":"https:\/\/narteks.net\/#organization"},"image":{"@id":"https:\/\/narteks.net\/index.php\/2010\/01\/10\/avrupalilarin-ustunu-ortmeye-calistigicok-bahsedilmeyen-bir-olay-cocuklarin-hacli-seferi\/#primaryimage"},"thumbnailUrl":"http:\/\/img130.imageshack.us\/img130\/7978\/350pxgustavedorecrusadeax5.jpg","articleSection":["Din"],"inLanguage":"tr","potentialAction":[{"@type":"CommentAction","name":"Comment","target":["https:\/\/narteks.net\/index.php\/2010\/01\/10\/avrupalilarin-ustunu-ortmeye-calistigicok-bahsedilmeyen-bir-olay-cocuklarin-hacli-seferi\/#respond"]}]},{"@type":"WebPage","@id":"https:\/\/narteks.net\/index.php\/2010\/01\/10\/avrupalilarin-ustunu-ortmeye-calistigicok-bahsedilmeyen-bir-olay-cocuklarin-hacli-seferi\/","url":"https:\/\/narteks.net\/index.php\/2010\/01\/10\/avrupalilarin-ustunu-ortmeye-calistigicok-bahsedilmeyen-bir-olay-cocuklarin-hacli-seferi\/","name":"Avrupal\u0131lar\u0131n \u00fcst\u00fcn\u00fc \u00f6rtmeye \u00e7al\u0131\u015ft\u0131\u011f\u0131,\u00e7ok bahsedilmeyen bir olay | \u00c7ocuklar\u0131n ha\u00e7l\u0131 seferi - narteks.net","isPartOf":{"@id":"https:\/\/narteks.net\/#website"},"primaryImageOfPage":{"@id":"https:\/\/narteks.net\/index.php\/2010\/01\/10\/avrupalilarin-ustunu-ortmeye-calistigicok-bahsedilmeyen-bir-olay-cocuklarin-hacli-seferi\/#primaryimage"},"image":{"@id":"https:\/\/narteks.net\/index.php\/2010\/01\/10\/avrupalilarin-ustunu-ortmeye-calistigicok-bahsedilmeyen-bir-olay-cocuklarin-hacli-seferi\/#primaryimage"},"thumbnailUrl":"http:\/\/img130.imageshack.us\/img130\/7978\/350pxgustavedorecrusadeax5.jpg","datePublished":"2010-01-09T22:00:00+00:00","breadcrumb":{"@id":"https:\/\/narteks.net\/index.php\/2010\/01\/10\/avrupalilarin-ustunu-ortmeye-calistigicok-bahsedilmeyen-bir-olay-cocuklarin-hacli-seferi\/#breadcrumb"},"inLanguage":"tr","potentialAction":[{"@type":"ReadAction","target":["https:\/\/narteks.net\/index.php\/2010\/01\/10\/avrupalilarin-ustunu-ortmeye-calistigicok-bahsedilmeyen-bir-olay-cocuklarin-hacli-seferi\/"]}]},{"@type":"ImageObject","inLanguage":"tr","@id":"https:\/\/narteks.net\/index.php\/2010\/01\/10\/avrupalilarin-ustunu-ortmeye-calistigicok-bahsedilmeyen-bir-olay-cocuklarin-hacli-seferi\/#primaryimage","url":"http:\/\/img130.imageshack.us\/img130\/7978\/350pxgustavedorecrusadeax5.jpg","contentUrl":"http:\/\/img130.imageshack.us\/img130\/7978\/350pxgustavedorecrusadeax5.jpg"},{"@type":"BreadcrumbList","@id":"https:\/\/narteks.net\/index.php\/2010\/01\/10\/avrupalilarin-ustunu-ortmeye-calistigicok-bahsedilmeyen-bir-olay-cocuklarin-hacli-seferi\/#breadcrumb","itemListElement":[{"@type":"ListItem","position":1,"name":"Anasayfa","item":"https:\/\/narteks.net\/"},{"@type":"ListItem","position":2,"name":"Avrupal\u0131lar\u0131n \u00fcst\u00fcn\u00fc \u00f6rtmeye \u00e7al\u0131\u015ft\u0131\u011f\u0131,\u00e7ok bahsedilmeyen bir olay | \u00c7ocuklar\u0131n ha\u00e7l\u0131 seferi"}]},{"@type":"WebSite","@id":"https:\/\/narteks.net\/#website","url":"https:\/\/narteks.net\/","name":"narteks.net","description":"K\u00fclt\u00fcr Sanat Edebiyat Felsefe","publisher":{"@id":"https:\/\/narteks.net\/#organization"},"alternateName":"K\u00fclt\u00fcr Sanat Edebiyat Felsefe","potentialAction":[{"@type":"SearchAction","target":{"@type":"EntryPoint","urlTemplate":"https:\/\/narteks.net\/?s={search_term_string}"},"query-input":{"@type":"PropertyValueSpecification","valueRequired":true,"valueName":"search_term_string"}}],"inLanguage":"tr"},{"@type":"Organization","@id":"https:\/\/narteks.net\/#organization","name":"narteks.net","url":"https:\/\/narteks.net\/","logo":{"@type":"ImageObject","inLanguage":"tr","@id":"https:\/\/narteks.net\/#\/schema\/logo\/image\/","url":"https:\/\/narteks.net\/wp-content\/uploads\/narteks.png","contentUrl":"https:\/\/narteks.net\/wp-content\/uploads\/narteks.png","width":300,"height":90,"caption":"narteks.net"},"image":{"@id":"https:\/\/narteks.net\/#\/schema\/logo\/image\/"},"sameAs":["https:\/\/x.com\/narteks","https:\/\/instagram.com\/narteksnet"]},{"@type":"Person","@id":"https:\/\/narteks.net\/#\/schema\/person\/61f37d9834294b72d31d274e7ed79bca","name":"Tar\u0131k","image":{"@type":"ImageObject","inLanguage":"tr","@id":"https:\/\/narteks.net\/#\/schema\/person\/image\/","url":"https:\/\/secure.gravatar.com\/avatar\/50865afb55632c4ae467e0af0930f6510aa2297d8014be502a55b14f3b7550cf?s=96&d=mm&r=g","contentUrl":"https:\/\/secure.gravatar.com\/avatar\/50865afb55632c4ae467e0af0930f6510aa2297d8014be502a55b14f3b7550cf?s=96&d=mm&r=g","caption":"Tar\u0131k"},"sameAs":["http:\/\/narteks.net"],"url":"https:\/\/narteks.net\/index.php\/author\/narbak\/"}]}},"_links":{"self":[{"href":"https:\/\/narteks.net\/index.php\/wp-json\/wp\/v2\/posts\/700","targetHints":{"allow":["GET"]}}],"collection":[{"href":"https:\/\/narteks.net\/index.php\/wp-json\/wp\/v2\/posts"}],"about":[{"href":"https:\/\/narteks.net\/index.php\/wp-json\/wp\/v2\/types\/post"}],"author":[{"embeddable":true,"href":"https:\/\/narteks.net\/index.php\/wp-json\/wp\/v2\/users\/1"}],"replies":[{"embeddable":true,"href":"https:\/\/narteks.net\/index.php\/wp-json\/wp\/v2\/comments?post=700"}],"version-history":[{"count":0,"href":"https:\/\/narteks.net\/index.php\/wp-json\/wp\/v2\/posts\/700\/revisions"}],"wp:attachment":[{"href":"https:\/\/narteks.net\/index.php\/wp-json\/wp\/v2\/media?parent=700"}],"wp:term":[{"taxonomy":"category","embeddable":true,"href":"https:\/\/narteks.net\/index.php\/wp-json\/wp\/v2\/categories?post=700"},{"taxonomy":"post_tag","embeddable":true,"href":"https:\/\/narteks.net\/index.php\/wp-json\/wp\/v2\/tags?post=700"}],"curies":[{"name":"wp","href":"https:\/\/api.w.org\/{rel}","templated":true}]}}